{"id":9483,"date":"2022-05-26T11:41:00","date_gmt":"2022-05-26T09:41:00","guid":{"rendered":"https:\/\/www.sweeek.fr\/blog\/?p=9483"},"modified":"2024-07-25T14:31:33","modified_gmt":"2024-07-25T12:31:33","slug":"que-planter-en-decembre","status":"publish","type":"post","link":"https:\/\/www.sweeek.fr\/blog\/que-planter-en-decembre\/","title":{"rendered":"Que planter en d\u00e9cembre ?&nbsp;"},"content":{"rendered":"<div class=\"wp-block-image\">\n<figure class=\"aligncenter size-full\"><img fetchpriority=\"high\" decoding=\"async\" width=\"700\" height=\"400\" src=\"https:\/\/www.sweeek.fr\/blog\/wp-content\/uploads\/2022\/05\/Sans-titre-2022-05-27T114046.537.png\" alt=\"legumes a planter en decembre\" class=\"wp-image-9486\" srcset=\"https:\/\/www.sweeek.fr\/blog\/wp-content\/uploads\/2022\/05\/Sans-titre-2022-05-27T114046.537.png 700w, https:\/\/www.sweeek.fr\/blog\/wp-content\/uploads\/2022\/05\/Sans-titre-2022-05-27T114046.537-300x171.png 300w\" sizes=\"(max-width: 700px) 100vw, 700px\" \/><\/figure>\n<\/div>\n\n\n<p>Nous sommes en d\u00e9cembre et les journ\u00e9es se font plus courtes et le temps est de plus en plus glacial. C\u2019est vrai, le temps froid hivernal ne donne pas vraiment envie de mettre son nez hors de chez soi. Et pourtant, le mois de d\u00e9cembre est un excellent <a href=\"https:\/\/www.sweeek.fr\/blog\/calendrier-de-plantation-pour-le-potager-et-le-jardin\/\">mois pour les plantations<\/a>.&nbsp; Alors, on vous l\u2019accorde, votre terre est peut-\u00eatre gel\u00e9e et vous pensez certainement que vous ne pouvez rien cultiver mais d\u00e9trompez-vous, malgr\u00e9 le temps glacial vous pouvez tout de m\u00eame <strong>jardiner<\/strong>. C\u2019est un moment propice \u00e0 la <strong>plantation d\u2019arbres et d\u2019arbustes<\/strong>, et m\u00eame si la <strong>plantation de l\u00e9gumes et de fleurs<\/strong> se r\u00e9duit, il est possible d\u2019en <strong>cultiver<\/strong> ! Allez on sort son nez dehors, on se couvre bien et on part <strong>dans le jardin<\/strong>. Et surtout, on n\u2019oublie pas de s\u2019occuper de son <strong><a href=\"https:\/\/www.sweeek.fr\/blog\/comment-faire-un-jardin-potager\/\">potager ou jardin<\/a><\/strong> hors moment de gel\u00e9e. Alors suivez nos conseils pour en savoir plus sur ce qu\u2019il faut cultiver en plein mois de d\u00e9cembre et entreprendre quelques travaux dans votre potager ou votre jardin afin de les pr\u00e9parer \u00e0 l\u2019hiver.&nbsp;<\/p>\n\n\n\n<h2 class=\"wp-block-heading\">Quels l\u00e9gumes planter en d\u00e9cembre ?<\/h2>\n\n\n\n<p>Tr\u00e8s peu de l\u00e9gumes peuvent \u00eatre plant\u00e9s dans votre potager en d\u00e9cembre, mais il en reste tout de m\u00eame quelques-uns. Cependant, il vous faudra avoir une terre et un sol ni trop humide ni trop sec, ils ont en effet besoin d\u2019un sol plut\u00f4t sableux. Voici une liste de l\u00e9gume que vous pouvez semer en ce mois de d\u00e9cembre :&nbsp;<\/p>\n\n\n\n<ul class=\"wp-block-list\"><li><strong>Des petits pois&nbsp;<\/strong><\/li><li><strong>Des poireaux<\/strong><\/li><li><strong>Des carottes&nbsp;<\/strong><\/li><li><strong>Des salsifis<\/strong><\/li><li><strong>Des rhubarbes<\/strong><\/li><li><strong>Des \u00e9chalotes grises<\/strong><\/li><li><strong>Des gousses d\u2019ails<\/strong><\/li><\/ul>\n\n\n\n<p>Comme dit plus haut, il faut absolument cultiver tous ces l\u00e9gumes lorsque nous sommes en p\u00e9riode hors gel\u00e9es et lorsque toutes les bonnes conditions sont r\u00e9unies : une terre et un sol ni trop humide, ni trop sec. sweeek vous recommande de planter vos l\u00e9gumes au d\u00e9but du mois de d\u00e9cembre, dans une <a href=\"https:\/\/www.sweeek.fr\/blog\/comment-choisir-sa-serre-de-jardin\/\">serre<\/a> ou dans des pots. Le mois de d\u00e9cembre est le moment de repiquer <strong>votre m\u00e2che<\/strong>, sem\u00e9e quelques mois auparavant, ainsi que <strong>votre laitue d\u2019hiver<\/strong>. Et c\u2019est le dernier moment pour faire pousser <strong>des choux cabus d\u2019\u00e9t\u00e9<\/strong>, <strong>des choux-fleurs de printemps<\/strong> et <strong>des choux brocolis<\/strong>.&nbsp;<\/p>\n\n\n\n<h2 class=\"wp-block-heading\">Quels arbres fruitiers planter en d\u00e9cembre ? <\/h2>\n\n\n\n<p>En ce mois hivernal, tous les arbres fruitiers peuvent \u00eatre plant\u00e9s dans votre jardin. Pour qu\u2019un arbre survive \u00e0 l&rsquo;hiver, il faut le planter en racines nues, praliner (on enrobe les racines d\u2019un m\u00e9lange appel\u00e9 \u00ab pralin \u00bb) et habiller les racines de l\u2019arbre (consiste \u00e0 couper les parties endommag\u00e9es ou trop longues). Et n\u2019oubliez pas de raccourcir les branches de l\u2019arbre fruitier ! Alors voici une liste des arbres que vous pouvez planter dans votre jardin :&nbsp;<\/p>\n\n\n\n<ul class=\"wp-block-list\"><li><strong>Des pommiers<\/strong><\/li><li><strong>Des poiriers<\/strong><\/li><li><strong>Des pruniers<\/strong><\/li><li><strong>Des cerisiers<\/strong><\/li><li><strong>Des cognassiers<\/strong><\/li><li><strong>Des abricotiers&nbsp;<\/strong><\/li><\/ul>\n\n\n\n<p>Comme vous le voyez, il y a un large choix d\u2019arbres fruitiers \u00e0 planter et il y a \u00e9galement de nombreux arbustes que vous pouvez vous permettre de planter en ce mois de d\u00e9cembre, comme <strong>le framboisier<\/strong>, <strong>le cassissier<\/strong>, <strong>le groseillier<\/strong> et <strong>le rosier<\/strong>. Comme pour les l\u00e9gumes, on le rappelle, il est tr\u00e8s important de ne pas planter vos arbres et arbustes en p\u00e9riode de gel !<\/p>\n\n\n\n<h2 class=\"wp-block-heading\">Quelles fleurs et quels bulbes planter en d\u00e9cembre ?<\/h2>\n\n\n\n<p>En d\u00e9cembre, on reste sur la continuit\u00e9 de la p\u00e9riode automnale, c\u2019est le moment d\u2019enrichir vos jardini\u00e8res et vos massifs de fleurs. Dans des pots de fleurs ou dans votre jardin&nbsp;! Vous pouvez semer :&nbsp;<\/p>\n\n\n\n<ul class=\"wp-block-list\"><li><strong>Des bruy\u00e8res&nbsp;<\/strong><\/li><li><strong>Des hell\u00e9bores&nbsp;<\/strong><\/li><li><strong>Des pens\u00e9es&nbsp;<\/strong><\/li><li><strong>Des primev\u00e8res&nbsp;<\/strong><\/li><\/ul>\n\n\n\n<p>Parsemer vos graines au soleil ou \u00e0 mi-ombre. Toujours \u00e9viter les p\u00e9riodes de gel\u00e9e, donc semer vos graines en d\u00e9but de mois. Place aux bulbes maintenant : vous pouvez semer dans des pots de fleurs, <strong>des jacinthes<\/strong> et <strong>des narcisses<\/strong>, qui fleuriront \u00e0 l\u2019arriv\u00e9e du printemps ! Et il y a bien un bulbe qui peut fleurir \u00e0 No\u00ebl, c\u2019est bien <strong>l\u2019amaryllis<\/strong> ! Des fleurs qui ne passeront pas inaper\u00e7u si vous les disposez sur votre table de repas de no\u00ebl, elles sont plut\u00f4t grandes, ont une odeur fine et agr\u00e9able.&nbsp;<\/p>\n\n\n\n<h2 class=\"wp-block-heading\">Quelles plantes aromatiques planter en d\u00e9cembre ?<\/h2>\n\n\n\n<p>De nombreuses plantes aromatiques r\u00e9sistent grandement au froid qui commence progressivement \u00e0 s\u2019imposer au mois de d\u00e9cembre. Pour les semer, vous pouvez le faire dans des pots que vous pourrez mettre dehors, dans une verri\u00e8re ou proche d\u2019une fen\u00eatre, afin que les plants prennent le soleil. Vous commencez \u00e0 \u00eatre habitu\u00e9, voici une petite liste de plantes que vous pouvez cultiver en d\u00e9cembre sans soucis :&nbsp;<\/p>\n\n\n\n<ul class=\"wp-block-list\"><li><strong>Le thym<\/strong><\/li><li><strong>La sarriette<\/strong><\/li><li><strong>La ciboulette&nbsp;<\/strong><\/li><li><strong>La menthe&nbsp;<\/strong><\/li><li><strong>L\u2019estragon&nbsp;<\/strong><\/li><li><strong>Le romarin&nbsp;<\/strong><\/li><li><strong>La sauge<\/strong><\/li><li><strong>La coriandre<\/strong><\/li><li><strong>Le laurier-sauce<\/strong><\/li><li><strong>L\u2019origan<\/strong><\/li><li><strong>Le cerfeuil&nbsp;<\/strong><\/li><li><strong>Le persil<\/strong><\/li><\/ul>\n\n\n\n<p>Ce sont des plantes qui, pour certaines, poussent vite. Si elles sont bien entretenues et sem\u00e9es, vous allez pouvoir en profiter tr\u00e8s rapidement ! Et si vous aviez sem\u00e9, quelques mois ou semaine auparavant, <strong>du cresson al\u00e9nois<\/strong>, c\u2019est le moment pour le repiquer !&nbsp;&nbsp;<\/p>\n\n\n\n<h2 class=\"wp-block-heading\">Les travaux de jardinage \u00e0 pr\u00e9voir en d\u00e9cembre<\/h2>\n\n\n\n<p>Si vous d\u00e9cidez de jardiner en d\u00e9cembre, voici les gestes indispensables \u00e0 adopter pendant la p\u00e9riode hivernale dans votre jardin et dans votre potager :<\/p>\n\n\n\n<ul class=\"wp-block-list\"><li>Afin de prot\u00e9ger du gel la surface du sol et de la terre, recouvrez, avec une couche de paillage, le pied de vos cultures&nbsp;&nbsp;<\/li><li>Si vous ne pouvez pas rentrer certaines plantations, prot\u00e9gez-les avec un voile d\u2019hivernage<\/li><li>Arroser r\u00e9guli\u00e8rement vos nouvelles plantations. Jamais en dessous de 0 degr\u00e9s, toujours en fin de matin\u00e9e ou en milieu de journ\u00e9e, l\u00e0 o\u00f9 la temp\u00e9rature n\u2019est la plus haute&nbsp;<\/li><li>Surveiller la s\u00e9cheresse de la terre et la s\u00e9cheresse du sol, m\u00eame si la terre est prot\u00e9g\u00e9e et que le sol \u00e9galement&nbsp;!&nbsp;&nbsp;<\/li><\/ul>\n\n\n\n<p>Cet article touche \u00e0 sa fin. Nous esp\u00e9rons qu\u2019il vous a donn\u00e9 envie de passer un peu plus de temps dans votre jardin cet hiver et que nos conseils vous permettront d\u2019avoir un beau jardin fleuri au printemps.&nbsp;<\/p>\n\n\n\n<div class=\"wp-block-group has-white-color has-text-color has-background\" style=\"background-color:#f2f2f2\"><div class=\"wp-block-group__inner-container is-layout-flow wp-block-group-is-layout-flow\">\n<h2 class=\"alignfull has-text-align-center has-black-color has-text-color wp-block-heading\" style=\"font-size:30px;font-style:normal;font-weight:400\">La s\u00e9lection de sweeek<\/h2>\n\n\n\n<div style=\"height:21px\" aria-hidden=\"true\" class=\"wp-block-spacer\"><\/div>\n\n\n\n<div class=\"wp-block-columns is-layout-flex wp-container-core-columns-is-layout-9d6595d7 wp-block-columns-is-layout-flex\">\n<div class=\"wp-block-column is-layout-flow wp-block-column-is-layout-flow\" style=\"flex-basis:100%\">\n<div class=\"wp-block-columns is-layout-flex wp-container-core-columns-is-layout-9d6595d7 wp-block-columns-is-layout-flex\">\n<div class=\"wp-block-column is-layout-flow wp-block-column-is-layout-flow\" style=\"flex-basis:100%\">\n<div class=\"wp-block-columns is-layout-flex wp-container-core-columns-is-layout-9d6595d7 wp-block-columns-is-layout-flex\">\n<div class=\"wp-block-column is-layout-flow wp-block-column-is-layout-flow\"><div class=\"wp-block-image\">\n<figure class=\"aligncenter size-large\"><a href=\"https:\/\/www.sweeek.fr\/product\/potager-en-bois-sur-pieds-et-serre-en-polycarbonate-amovible-erable-2-en-1-avec-etagere-et-geotextile-80-x-60-x-109-cm\" target=\"_blank\" rel=\"noreferrer noopener\"><img decoding=\"async\" src=\"https:\/\/www.sweeek.fr\/blog\/wp-content\/uploads\/2022\/06\/Nouveau-projet-2022-06-01T114733.815.jpg\" alt=\"Potager en bois sur pieds avec mini serre\"\/><\/a><\/figure>\n<\/div>\n\n\n<h3 class=\"has-text-align-center has-black-color has-text-color wp-block-heading\" style=\"font-style:normal;font-weight:400\">Potager en bois sur pieds avec mini serre<\/h3>\n\n\n\n<div style=\"height:15px\" aria-hidden=\"true\" class=\"wp-block-spacer\"><\/div>\n<\/div>\n\n\n\n<div class=\"wp-block-column is-layout-flow wp-block-column-is-layout-flow\"><div class=\"wp-block-image\">\n<figure class=\"aligncenter size-large\"><a href=\"https:\/\/www.sweeek.fr\/product\/table-jardinage-petunia-2-tiroirs-etabli-exterieur-bois\" target=\"_blank\" rel=\"noopener\"><img decoding=\"async\" src=\"https:\/\/sweeek.twic.pics\/products\/6647\/original\/wwkbenchnat-25d74b2d941e42f87437f8d596b21587.jpg?twic=v1\/resize=1800x1800\/resize=1500\/quality=70\" alt=\"Table de rempotage avec 2 tiroirs\n\"\/><\/a><\/figure>\n<\/div>\n\n\n<h3 class=\"has-text-align-center wp-block-heading\" style=\"font-style:normal;font-weight:400\">Table de rempotage avec 2 tiroirs<\/h3>\n\n\n\n<div style=\"height:15px\" aria-hidden=\"true\" class=\"wp-block-spacer\"><\/div>\n<\/div>\n\n\n\n<div class=\"wp-block-column is-layout-flow wp-block-column-is-layout-flow\">\n<div style=\"height:15px\" aria-hidden=\"true\" class=\"wp-block-spacer\"><\/div>\n<\/div>\n<\/div>\n<\/div>\n<\/div>\n<\/div>\n<\/div>\n<\/div><\/div>\n","protected":false},"excerpt":{"rendered":"<p>Nous sommes en d\u00e9cembre et les journ\u00e9es se font plus courtes et le temps est de plus en plus glacial. C\u2019est vrai, le temps froid hivernal ne donne pas vraiment envie de mettre son nez hors de chez soi. Et pourtant, le mois de d\u00e9cembre est un excellent mois pour les plantations.&nbsp; Alors, on vous [&hellip;]<\/p>\n","protected":false},"author":4,"featured_media":19814,"comment_status":"open","ping_status":"closed","sticky":false,"template":"","format":"standard","meta":{"inline_featured_image":false,"_uag_custom_page_level_css":"","ocean_post_layout":"","ocean_both_sidebars_style":"","ocean_both_sidebars_content_width":0,"ocean_both_sidebars_sidebars_width":0,"ocean_sidebar":"0","ocean_second_sidebar":"0","ocean_disable_margins":"enable","ocean_add_body_class":"","ocean_shortcode_before_top_bar":"","ocean_shortcode_after_top_bar":"","ocean_shortcode_before_header":"","ocean_shortcode_after_header":"","ocean_has_shortcode":"","ocean_shortcode_after_title":"","ocean_shortcode_before_footer_widgets":"","ocean_shortcode_after_footer_widgets":"","ocean_shortcode_before_footer_bottom":"","ocean_shortcode_after_footer_bottom":"","ocean_display_top_bar":"default","ocean_display_header":"default","ocean_header_style":"","ocean_center_header_left_menu":"0","ocean_custom_header_template":"0","ocean_custom_logo":0,"ocean_custom_retina_logo":0,"ocean_custom_logo_max_width":0,"ocean_custom_logo_tablet_max_width":0,"ocean_custom_logo_mobile_max_width":0,"ocean_custom_logo_max_height":0,"ocean_custom_logo_tablet_max_height":0,"ocean_custom_logo_mobile_max_height":0,"ocean_header_custom_menu":"0","ocean_menu_typo_font_family":"0","ocean_menu_typo_font_subset":"","ocean_menu_typo_font_size":0,"ocean_menu_typo_font_size_tablet":0,"ocean_menu_typo_font_size_mobile":0,"ocean_menu_typo_font_size_unit":"px","ocean_menu_typo_font_weight":"","ocean_menu_typo_font_weight_tablet":"","ocean_menu_typo_font_weight_mobile":"","ocean_menu_typo_transform":"","ocean_menu_typo_transform_tablet":"","ocean_menu_typo_transform_mobile":"","ocean_menu_typo_line_height":0,"ocean_menu_typo_line_height_tablet":0,"ocean_menu_typo_line_height_mobile":0,"ocean_menu_typo_line_height_unit":"","ocean_menu_typo_spacing":0,"ocean_menu_typo_spacing_tablet":0,"ocean_menu_typo_spacing_mobile":0,"ocean_menu_typo_spacing_unit":"","ocean_menu_link_color":"","ocean_menu_link_color_hover":"","ocean_menu_link_color_active":"","ocean_menu_link_background":"","ocean_menu_link_hover_background":"","ocean_menu_link_active_background":"","ocean_menu_social_links_bg":"","ocean_menu_social_hover_links_bg":"","ocean_menu_social_links_color":"","ocean_menu_social_hover_links_color":"","ocean_disable_title":"default","ocean_disable_heading":"default","ocean_post_title":"","ocean_post_subheading":"","ocean_post_title_style":"","ocean_post_title_background_color":"","ocean_post_title_background":0,"ocean_post_title_bg_image_position":"","ocean_post_title_bg_image_attachment":"","ocean_post_title_bg_image_repeat":"","ocean_post_title_bg_image_size":"","ocean_post_title_height":0,"ocean_post_title_bg_overlay":0.5,"ocean_post_title_bg_overlay_color":"","ocean_disable_breadcrumbs":"default","ocean_breadcrumbs_color":"","ocean_breadcrumbs_separator_color":"","ocean_breadcrumbs_links_color":"","ocean_breadcrumbs_links_hover_color":"","ocean_display_footer_widgets":"default","ocean_display_footer_bottom":"default","ocean_custom_footer_template":"0","ocean_post_oembed":"","ocean_post_self_hosted_media":"","ocean_post_video_embed":"","ocean_link_format":"","ocean_link_format_target":"self","ocean_quote_format":"","ocean_quote_format_link":"post","ocean_gallery_link_images":"off","ocean_gallery_id":[],"footnotes":""},"categories":[178],"tags":[],"class_list":["post-9483","post","type-post","status-publish","format-standard","has-post-thumbnail","hentry","category-potager","entry","has-media"],"yoast_head":"<!-- This site is optimized with the Yoast SEO plugin v27.3 - https:\/\/yoast.com\/product\/yoast-seo-wordpress\/ -->\n<title>Que planter en d\u00e9cembre ?&nbsp; &#8211; Les Conseils sweeek<\/title>\n<meta name=\"description\" content=\"Quels fruits et l\u00e9gumes manger et planter en d\u00e9cembre ? Chaque mois, sweeek vous partage sa liste d&#039;aliments de saison.\" \/>\n<meta name=\"robots\" content=\"index, follow, max-snippet:-1, max-image-preview:large, max-video-preview:-1\" \/>\n<link rel=\"canonical\" href=\"https:\/\/www.sweeek.fr\/blog\/que-planter-en-decembre\/\" \/>\n<meta property=\"og:locale\" content=\"fr_FR\" \/>\n<meta property=\"og:type\" content=\"article\" \/>\n<meta property=\"og:title\" content=\"Que planter en d\u00e9cembre ?&nbsp; &#8211; Les Conseils sweeek\" \/>\n<meta property=\"og:description\" content=\"Quels fruits et l\u00e9gumes manger et planter en d\u00e9cembre ? Chaque mois, sweeek vous partage sa liste d&#039;aliments de saison.\" \/>\n<meta property=\"og:url\" content=\"https:\/\/www.sweeek.fr\/blog\/que-planter-en-decembre\/\" \/>\n<meta property=\"og:site_name\" content=\"Les Conseils sweeek\" \/>\n<meta property=\"article:published_time\" content=\"2022-05-26T09:41:00+00:00\" \/>\n<meta property=\"article:modified_time\" content=\"2024-07-25T12:31:33+00:00\" \/>\n<meta property=\"og:image\" content=\"https:\/\/www.sweeek.fr\/blog\/wp-content\/uploads\/2022\/05\/Design-sans-titre-88.jpg\" \/>\n\t<meta property=\"og:image:width\" content=\"1024\" \/>\n\t<meta property=\"og:image:height\" content=\"682\" \/>\n\t<meta property=\"og:image:type\" content=\"image\/jpeg\" \/>\n<meta name=\"author\" content=\"Am\u00e9lie Capon\" \/>\n<meta name=\"twitter:card\" content=\"summary_large_image\" \/>\n<meta name=\"twitter:label1\" content=\"\u00c9crit par\" \/>\n\t<meta name=\"twitter:data1\" content=\"Am\u00e9lie Capon\" \/>\n\t<meta name=\"twitter:label2\" content=\"Dur\u00e9e de lecture estim\u00e9e\" \/>\n\t<meta name=\"twitter:data2\" content=\"6 minutes\" \/>\n<script type=\"application\/ld+json\" class=\"yoast-schema-graph\">{\"@context\":\"https:\\\/\\\/schema.org\",\"@graph\":[{\"@type\":\"Article\",\"@id\":\"https:\\\/\\\/www.sweeek.fr\\\/blog\\\/que-planter-en-decembre\\\/#article\",\"isPartOf\":{\"@id\":\"https:\\\/\\\/www.sweeek.fr\\\/blog\\\/que-planter-en-decembre\\\/\"},\"author\":{\"name\":\"Am\u00e9lie Capon\",\"@id\":\"https:\\\/\\\/www.sweeek.fr\\\/blog\\\/#\\\/schema\\\/person\\\/e97ba3e4a84bda73fe86070619e7640b\"},\"headline\":\"Que planter en d\u00e9cembre ?&nbsp;\",\"datePublished\":\"2022-05-26T09:41:00+00:00\",\"dateModified\":\"2024-07-25T12:31:33+00:00\",\"mainEntityOfPage\":{\"@id\":\"https:\\\/\\\/www.sweeek.fr\\\/blog\\\/que-planter-en-decembre\\\/\"},\"wordCount\":1087,\"commentCount\":0,\"publisher\":{\"@id\":\"https:\\\/\\\/www.sweeek.fr\\\/blog\\\/#organization\"},\"image\":{\"@id\":\"https:\\\/\\\/www.sweeek.fr\\\/blog\\\/que-planter-en-decembre\\\/#primaryimage\"},\"thumbnailUrl\":\"https:\\\/\\\/www.sweeek.fr\\\/blog\\\/wp-content\\\/uploads\\\/2022\\\/05\\\/Design-sans-titre-88.jpg\",\"articleSection\":[\"Potager\"],\"inLanguage\":\"fr-FR\",\"potentialAction\":[{\"@type\":\"CommentAction\",\"name\":\"Comment\",\"target\":[\"https:\\\/\\\/www.sweeek.fr\\\/blog\\\/que-planter-en-decembre\\\/#respond\"]}]},{\"@type\":\"WebPage\",\"@id\":\"https:\\\/\\\/www.sweeek.fr\\\/blog\\\/que-planter-en-decembre\\\/\",\"url\":\"https:\\\/\\\/www.sweeek.fr\\\/blog\\\/que-planter-en-decembre\\\/\",\"name\":\"Que planter en d\u00e9cembre ?&nbsp; &#8211; Les Conseils sweeek\",\"isPartOf\":{\"@id\":\"https:\\\/\\\/www.sweeek.fr\\\/blog\\\/#website\"},\"primaryImageOfPage\":{\"@id\":\"https:\\\/\\\/www.sweeek.fr\\\/blog\\\/que-planter-en-decembre\\\/#primaryimage\"},\"image\":{\"@id\":\"https:\\\/\\\/www.sweeek.fr\\\/blog\\\/que-planter-en-decembre\\\/#primaryimage\"},\"thumbnailUrl\":\"https:\\\/\\\/www.sweeek.fr\\\/blog\\\/wp-content\\\/uploads\\\/2022\\\/05\\\/Design-sans-titre-88.jpg\",\"datePublished\":\"2022-05-26T09:41:00+00:00\",\"dateModified\":\"2024-07-25T12:31:33+00:00\",\"description\":\"Quels fruits et l\u00e9gumes manger et planter en d\u00e9cembre ? Chaque mois, sweeek vous partage sa liste d'aliments de saison.\",\"breadcrumb\":{\"@id\":\"https:\\\/\\\/www.sweeek.fr\\\/blog\\\/que-planter-en-decembre\\\/#breadcrumb\"},\"inLanguage\":\"fr-FR\",\"potentialAction\":[{\"@type\":\"ReadAction\",\"target\":[\"https:\\\/\\\/www.sweeek.fr\\\/blog\\\/que-planter-en-decembre\\\/\"]}]},{\"@type\":\"ImageObject\",\"inLanguage\":\"fr-FR\",\"@id\":\"https:\\\/\\\/www.sweeek.fr\\\/blog\\\/que-planter-en-decembre\\\/#primaryimage\",\"url\":\"https:\\\/\\\/www.sweeek.fr\\\/blog\\\/wp-content\\\/uploads\\\/2022\\\/05\\\/Design-sans-titre-88.jpg\",\"contentUrl\":\"https:\\\/\\\/www.sweeek.fr\\\/blog\\\/wp-content\\\/uploads\\\/2022\\\/05\\\/Design-sans-titre-88.jpg\",\"width\":1024,\"height\":682,\"caption\":\"fruits et legumes de decembre\"},{\"@type\":\"BreadcrumbList\",\"@id\":\"https:\\\/\\\/www.sweeek.fr\\\/blog\\\/que-planter-en-decembre\\\/#breadcrumb\",\"itemListElement\":[{\"@type\":\"ListItem\",\"position\":1,\"name\":\"Accueil\",\"item\":\"https:\\\/\\\/www.sweeek.fr\\\/blog\\\/\"},{\"@type\":\"ListItem\",\"position\":2,\"name\":\"Que planter en d\u00e9cembre ?&nbsp;\"}]},{\"@type\":\"WebSite\",\"@id\":\"https:\\\/\\\/www.sweeek.fr\\\/blog\\\/#website\",\"url\":\"https:\\\/\\\/www.sweeek.fr\\\/blog\\\/\",\"name\":\"Les Conseils sweeek\",\"description\":\"Conseils et inspirations\",\"publisher\":{\"@id\":\"https:\\\/\\\/www.sweeek.fr\\\/blog\\\/#organization\"},\"potentialAction\":[{\"@type\":\"SearchAction\",\"target\":{\"@type\":\"EntryPoint\",\"urlTemplate\":\"https:\\\/\\\/www.sweeek.fr\\\/blog\\\/?s={search_term_string}\"},\"query-input\":{\"@type\":\"PropertyValueSpecification\",\"valueRequired\":true,\"valueName\":\"search_term_string\"}}],\"inLanguage\":\"fr-FR\"},{\"@type\":\"Organization\",\"@id\":\"https:\\\/\\\/www.sweeek.fr\\\/blog\\\/#organization\",\"name\":\"sweeek\",\"url\":\"https:\\\/\\\/www.sweeek.fr\\\/blog\\\/\",\"logo\":{\"@type\":\"ImageObject\",\"inLanguage\":\"fr-FR\",\"@id\":\"https:\\\/\\\/www.sweeek.fr\\\/blog\\\/#\\\/schema\\\/logo\\\/image\\\/\",\"url\":\"https:\\\/\\\/www.sweeek.fr\\\/blog\\\/wp-content\\\/uploads\\\/2023\\\/10\\\/blog-sweeek-logo2.png\",\"contentUrl\":\"https:\\\/\\\/www.sweeek.fr\\\/blog\\\/wp-content\\\/uploads\\\/2023\\\/10\\\/blog-sweeek-logo2.png\",\"width\":328,\"height\":90,\"caption\":\"sweeek\"},\"image\":{\"@id\":\"https:\\\/\\\/www.sweeek.fr\\\/blog\\\/#\\\/schema\\\/logo\\\/image\\\/\"}},{\"@type\":\"Person\",\"@id\":\"https:\\\/\\\/www.sweeek.fr\\\/blog\\\/#\\\/schema\\\/person\\\/e97ba3e4a84bda73fe86070619e7640b\",\"name\":\"Am\u00e9lie Capon\",\"image\":{\"@type\":\"ImageObject\",\"inLanguage\":\"fr-FR\",\"@id\":\"https:\\\/\\\/secure.gravatar.com\\\/avatar\\\/042e4b25b2641d47117ebfaf786a00f66fd827d54a130982af74eb1f062ce832?s=96&d=mm&r=g\",\"url\":\"https:\\\/\\\/secure.gravatar.com\\\/avatar\\\/042e4b25b2641d47117ebfaf786a00f66fd827d54a130982af74eb1f062ce832?s=96&d=mm&r=g\",\"contentUrl\":\"https:\\\/\\\/secure.gravatar.com\\\/avatar\\\/042e4b25b2641d47117ebfaf786a00f66fd827d54a130982af74eb1f062ce832?s=96&d=mm&r=g\",\"caption\":\"Am\u00e9lie Capon\"}}]}<\/script>\n<!-- \/ Yoast SEO plugin. -->","yoast_head_json":{"title":"Que planter en d\u00e9cembre ?&nbsp; &#8211; Les Conseils sweeek","description":"Quels fruits et l\u00e9gumes manger et planter en d\u00e9cembre ? Chaque mois, sweeek vous partage sa liste d'aliments de saison.","robots":{"index":"index","follow":"follow","max-snippet":"max-snippet:-1","max-image-preview":"max-image-preview:large","max-video-preview":"max-video-preview:-1"},"canonical":"https:\/\/www.sweeek.fr\/blog\/que-planter-en-decembre\/","og_locale":"fr_FR","og_type":"article","og_title":"Que planter en d\u00e9cembre ?&nbsp; &#8211; Les Conseils sweeek","og_description":"Quels fruits et l\u00e9gumes manger et planter en d\u00e9cembre ? Chaque mois, sweeek vous partage sa liste d'aliments de saison.","og_url":"https:\/\/www.sweeek.fr\/blog\/que-planter-en-decembre\/","og_site_name":"Les Conseils sweeek","article_published_time":"2022-05-26T09:41:00+00:00","article_modified_time":"2024-07-25T12:31:33+00:00","og_image":[{"width":1024,"height":682,"url":"https:\/\/www.sweeek.fr\/blog\/wp-content\/uploads\/2022\/05\/Design-sans-titre-88.jpg","type":"image\/jpeg"}],"author":"Am\u00e9lie Capon","twitter_card":"summary_large_image","twitter_misc":{"\u00c9crit par":"Am\u00e9lie Capon","Dur\u00e9e de lecture estim\u00e9e":"6 minutes"},"schema":{"@context":"https:\/\/schema.org","@graph":[{"@type":"Article","@id":"https:\/\/www.sweeek.fr\/blog\/que-planter-en-decembre\/#article","isPartOf":{"@id":"https:\/\/www.sweeek.fr\/blog\/que-planter-en-decembre\/"},"author":{"name":"Am\u00e9lie Capon","@id":"https:\/\/www.sweeek.fr\/blog\/#\/schema\/person\/e97ba3e4a84bda73fe86070619e7640b"},"headline":"Que planter en d\u00e9cembre ?&nbsp;","datePublished":"2022-05-26T09:41:00+00:00","dateModified":"2024-07-25T12:31:33+00:00","mainEntityOfPage":{"@id":"https:\/\/www.sweeek.fr\/blog\/que-planter-en-decembre\/"},"wordCount":1087,"commentCount":0,"publisher":{"@id":"https:\/\/www.sweeek.fr\/blog\/#organization"},"image":{"@id":"https:\/\/www.sweeek.fr\/blog\/que-planter-en-decembre\/#primaryimage"},"thumbnailUrl":"https:\/\/www.sweeek.fr\/blog\/wp-content\/uploads\/2022\/05\/Design-sans-titre-88.jpg","articleSection":["Potager"],"inLanguage":"fr-FR","potentialAction":[{"@type":"CommentAction","name":"Comment","target":["https:\/\/www.sweeek.fr\/blog\/que-planter-en-decembre\/#respond"]}]},{"@type":"WebPage","@id":"https:\/\/www.sweeek.fr\/blog\/que-planter-en-decembre\/","url":"https:\/\/www.sweeek.fr\/blog\/que-planter-en-decembre\/","name":"Que planter en d\u00e9cembre ?&nbsp; &#8211; Les Conseils sweeek","isPartOf":{"@id":"https:\/\/www.sweeek.fr\/blog\/#website"},"primaryImageOfPage":{"@id":"https:\/\/www.sweeek.fr\/blog\/que-planter-en-decembre\/#primaryimage"},"image":{"@id":"https:\/\/www.sweeek.fr\/blog\/que-planter-en-decembre\/#primaryimage"},"thumbnailUrl":"https:\/\/www.sweeek.fr\/blog\/wp-content\/uploads\/2022\/05\/Design-sans-titre-88.jpg","datePublished":"2022-05-26T09:41:00+00:00","dateModified":"2024-07-25T12:31:33+00:00","description":"Quels fruits et l\u00e9gumes manger et planter en d\u00e9cembre ? Chaque mois, sweeek vous partage sa liste d'aliments de saison.","breadcrumb":{"@id":"https:\/\/www.sweeek.fr\/blog\/que-planter-en-decembre\/#breadcrumb"},"inLanguage":"fr-FR","potentialAction":[{"@type":"ReadAction","target":["https:\/\/www.sweeek.fr\/blog\/que-planter-en-decembre\/"]}]},{"@type":"ImageObject","inLanguage":"fr-FR","@id":"https:\/\/www.sweeek.fr\/blog\/que-planter-en-decembre\/#primaryimage","url":"https:\/\/www.sweeek.fr\/blog\/wp-content\/uploads\/2022\/05\/Design-sans-titre-88.jpg","contentUrl":"https:\/\/www.sweeek.fr\/blog\/wp-content\/uploads\/2022\/05\/Design-sans-titre-88.jpg","width":1024,"height":682,"caption":"fruits et legumes de decembre"},{"@type":"BreadcrumbList","@id":"https:\/\/www.sweeek.fr\/blog\/que-planter-en-decembre\/#breadcrumb","itemListElement":[{"@type":"ListItem","position":1,"name":"Accueil","item":"https:\/\/www.sweeek.fr\/blog\/"},{"@type":"ListItem","position":2,"name":"Que planter en d\u00e9cembre ?&nbsp;"}]},{"@type":"WebSite","@id":"https:\/\/www.sweeek.fr\/blog\/#website","url":"https:\/\/www.sweeek.fr\/blog\/","name":"Les Conseils sweeek","description":"Conseils et inspirations","publisher":{"@id":"https:\/\/www.sweeek.fr\/blog\/#organization"},"potentialAction":[{"@type":"SearchAction","target":{"@type":"EntryPoint","urlTemplate":"https:\/\/www.sweeek.fr\/blog\/?s={search_term_string}"},"query-input":{"@type":"PropertyValueSpecification","valueRequired":true,"valueName":"search_term_string"}}],"inLanguage":"fr-FR"},{"@type":"Organization","@id":"https:\/\/www.sweeek.fr\/blog\/#organization","name":"sweeek","url":"https:\/\/www.sweeek.fr\/blog\/","logo":{"@type":"ImageObject","inLanguage":"fr-FR","@id":"https:\/\/www.sweeek.fr\/blog\/#\/schema\/logo\/image\/","url":"https:\/\/www.sweeek.fr\/blog\/wp-content\/uploads\/2023\/10\/blog-sweeek-logo2.png","contentUrl":"https:\/\/www.sweeek.fr\/blog\/wp-content\/uploads\/2023\/10\/blog-sweeek-logo2.png","width":328,"height":90,"caption":"sweeek"},"image":{"@id":"https:\/\/www.sweeek.fr\/blog\/#\/schema\/logo\/image\/"}},{"@type":"Person","@id":"https:\/\/www.sweeek.fr\/blog\/#\/schema\/person\/e97ba3e4a84bda73fe86070619e7640b","name":"Am\u00e9lie Capon","image":{"@type":"ImageObject","inLanguage":"fr-FR","@id":"https:\/\/secure.gravatar.com\/avatar\/042e4b25b2641d47117ebfaf786a00f66fd827d54a130982af74eb1f062ce832?s=96&d=mm&r=g","url":"https:\/\/secure.gravatar.com\/avatar\/042e4b25b2641d47117ebfaf786a00f66fd827d54a130982af74eb1f062ce832?s=96&d=mm&r=g","contentUrl":"https:\/\/secure.gravatar.com\/avatar\/042e4b25b2641d47117ebfaf786a00f66fd827d54a130982af74eb1f062ce832?s=96&d=mm&r=g","caption":"Am\u00e9lie Capon"}}]}},"uagb_featured_image_src":{"full":["https:\/\/www.sweeek.fr\/blog\/wp-content\/uploads\/2022\/05\/Design-sans-titre-88.jpg",1024,682,false],"thumbnail":["https:\/\/www.sweeek.fr\/blog\/wp-content\/uploads\/2022\/05\/Design-sans-titre-88-150x150.jpg",150,150,true],"medium":["https:\/\/www.sweeek.fr\/blog\/wp-content\/uploads\/2022\/05\/Design-sans-titre-88-300x200.jpg",300,200,true],"medium_large":["https:\/\/www.sweeek.fr\/blog\/wp-content\/uploads\/2022\/05\/Design-sans-titre-88-768x512.jpg",768,512,true],"large":["https:\/\/www.sweeek.fr\/blog\/wp-content\/uploads\/2022\/05\/Design-sans-titre-88.jpg",1024,682,false],"1536x1536":["https:\/\/www.sweeek.fr\/blog\/wp-content\/uploads\/2022\/05\/Design-sans-titre-88.jpg",1024,682,false],"2048x2048":["https:\/\/www.sweeek.fr\/blog\/wp-content\/uploads\/2022\/05\/Design-sans-titre-88.jpg",1024,682,false],"ocean-thumb-m":["https:\/\/www.sweeek.fr\/blog\/wp-content\/uploads\/2022\/05\/Design-sans-titre-88-600x600.jpg",600,600,true],"ocean-thumb-ml":["https:\/\/www.sweeek.fr\/blog\/wp-content\/uploads\/2022\/05\/Design-sans-titre-88-800x450.jpg",800,450,true],"ocean-thumb-l":["https:\/\/www.sweeek.fr\/blog\/wp-content\/uploads\/2022\/05\/Design-sans-titre-88.jpg",1024,682,false]},"uagb_author_info":{"display_name":"Am\u00e9lie Capon","author_link":"https:\/\/www.sweeek.fr\/blog"},"uagb_comment_info":0,"uagb_excerpt":"Nous sommes en d\u00e9cembre et les journ\u00e9es se font plus courtes et le temps est de plus en plus glacial. C\u2019est vrai, le temps froid hivernal ne donne pas vraiment envie de mettre son nez hors de chez soi. Et pourtant, le mois de d\u00e9cembre est un excellent mois pour les plantations.&nbsp; Alors, on vous\u2026","_links":{"self":[{"href":"https:\/\/www.sweeek.fr\/blog\/wp-json\/wp\/v2\/posts\/9483","targetHints":{"allow":["GET"]}}],"collection":[{"href":"https:\/\/www.sweeek.fr\/blog\/wp-json\/wp\/v2\/posts"}],"about":[{"href":"https:\/\/www.sweeek.fr\/blog\/wp-json\/wp\/v2\/types\/post"}],"author":[{"embeddable":true,"href":"https:\/\/www.sweeek.fr\/blog\/wp-json\/wp\/v2\/users\/4"}],"replies":[{"embeddable":true,"href":"https:\/\/www.sweeek.fr\/blog\/wp-json\/wp\/v2\/comments?post=9483"}],"version-history":[{"count":9,"href":"https:\/\/www.sweeek.fr\/blog\/wp-json\/wp\/v2\/posts\/9483\/revisions"}],"predecessor-version":[{"id":20002,"href":"https:\/\/www.sweeek.fr\/blog\/wp-json\/wp\/v2\/posts\/9483\/revisions\/20002"}],"wp:featuredmedia":[{"embeddable":true,"href":"https:\/\/www.sweeek.fr\/blog\/wp-json\/wp\/v2\/media\/19814"}],"wp:attachment":[{"href":"https:\/\/www.sweeek.fr\/blog\/wp-json\/wp\/v2\/media?parent=9483"}],"wp:term":[{"taxonomy":"category","embeddable":true,"href":"https:\/\/www.sweeek.fr\/blog\/wp-json\/wp\/v2\/categories?post=9483"},{"taxonomy":"post_tag","embeddable":true,"href":"https:\/\/www.sweeek.fr\/blog\/wp-json\/wp\/v2\/tags?post=9483"}],"curies":[{"name":"wp","href":"https:\/\/api.w.org\/{rel}","templated":true}]}}