{"id":9471,"date":"2022-05-29T11:19:00","date_gmt":"2022-05-29T09:19:00","guid":{"rendered":"https:\/\/www.sweeek.fr\/blog\/?p=9471"},"modified":"2024-07-25T15:04:50","modified_gmt":"2024-07-25T13:04:50","slug":"que-planter-en-septembre","status":"publish","type":"post","link":"https:\/\/www.sweeek.fr\/blog\/que-planter-en-septembre\/","title":{"rendered":"Que planter en septembre ?"},"content":{"rendered":"\n<p>Le mois de septembre annonce la fin de l\u2019\u00e9t\u00e9 et l\u2019arriv\u00e9e de l\u2019automne&nbsp;: les temp\u00e9ratures redescendent lentement, les arbres commencent \u00e0 perdre leurs feuilles, le soleil se couche plus t\u00f4t\u2026 Mais l\u2019\u00e9t\u00e9 a laiss\u00e9 une terre bien chaude qui sera une <a href=\"https:\/\/www.sweeek.fr\/blog\/calendrier-de-plantation-pour-le-potager-et-le-jardin\/\">p\u00e9riode propice \u00e0 la culture<\/a> de fruits et l\u00e9gumes mais aussi \u00e0 la plantation d\u2019arbres fruitiers et de plantes \u00e0 fleurs. Au sein de votre potager bio, de nombreux am\u00e9nagements seront \u00e0 faire&nbsp;: les cultures d\u2019\u00e9t\u00e9 laissent leur place \u00e0 celles d\u2019hiver et il est important de bien semer les bonnes graines pour profiter de r\u00e9coltes durant la p\u00e9riode hivernale&nbsp;! <\/p>\n\n\n\n<p>Prenez aussi soin de votre jardin en faisant des semis de fleurs et plantes d\u2019ornements qui fleuriront en automne et au printemps pour le plus grand plaisir des yeux et de la nature&nbsp;! Et ce n\u2019est pas tout&nbsp;! De nombreux autres am\u00e9nagements sont \u00e0 faire en septembre pour s\u2019occuper au mieux de son jardin. Suivez le guide des Conseils d\u2019Alice pour ma\u00eetriser le jardinage en septembre de A \u00e0 Z&nbsp;!&nbsp;<\/p>\n\n\n<div class=\"wp-block-image\">\n<figure class=\"aligncenter size-full\"><img fetchpriority=\"high\" decoding=\"async\" width=\"700\" height=\"400\" src=\"https:\/\/www.sweeek.fr\/blog\/wp-content\/uploads\/2022\/05\/Sans-titre-2022-05-27T115413.552.png\" alt=\"legumes \u00e0 planter en septembre\" class=\"wp-image-9498\" srcset=\"https:\/\/www.sweeek.fr\/blog\/wp-content\/uploads\/2022\/05\/Sans-titre-2022-05-27T115413.552.png 700w, https:\/\/www.sweeek.fr\/blog\/wp-content\/uploads\/2022\/05\/Sans-titre-2022-05-27T115413.552-300x171.png 300w\" sizes=\"(max-width: 700px) 100vw, 700px\" \/><\/figure>\n<\/div>\n\n\n<h2 class=\"wp-block-heading\">Quels l\u00e9gumes planter en septembre ?<\/h2>\n\n\n\n<p>En ce mois de septembre, de nombreuses choses sont \u00e0 faire au sein de votre potager bio&nbsp;! Tout d\u2019abord, vous pouvez continuer \u00e0 r\u00e9colter les diff\u00e9rents l\u00e9gumes d\u2019\u00e9t\u00e9 (tomates, concombres, aubergines, radis, carottes,&nbsp;courgettes\u2026). Mais vous pouvez surtout commencer \u00e0 faire les semis des l\u00e9gumes d\u2019automne et d\u2019hiver. Parmi les graines de l\u00e9gumes qui existent, semez&nbsp;dans le sol :<\/p>\n\n\n\n<ul class=\"wp-block-list\"><li>Des oignons blancs<\/li><li>Des salades (roquette, m\u00e2che, laitue)<\/li><li>Des carottes d\u2019hiver<\/li><li>Des navets<\/li><li>Des choux-fleurs (et autres vari\u00e9t\u00e9s de choux&nbsp;: chou de Bruxelles, chou rave, chou pomm\u00e9\u2026)<\/li><li>Des \u00e9pinards<\/li><li>Des endives<\/li><\/ul>\n\n\n\n<p>Normalement, la plupart de vos l\u00e9gumes d\u2019automne sont d\u00e9j\u00e0 plant\u00e9s, mais si ce n\u2019est pas le cas, il est encore temps d\u2019effectuer diff\u00e9rents semis d\u2019\u00e9t\u00e9. Il faudra cependant v\u00e9rifier que le sol est assez riche et si besoin disposer de l\u2019engrais. Vous pouvez semer&nbsp;:&nbsp;<\/p>\n\n\n\n<ul class=\"wp-block-list\"><li>Poireaux<\/li><li>Artichauts<\/li><li>Choux<\/li><li>Radis<\/li><\/ul>\n\n\n\n<p>Et tant que le sol est encore chaud et que le soleil est encore l\u00e0, il est \u00e9galement recommand\u00e9 de planter des plantes aromatiques qui viendront garnir vos soupes d\u2019hiver&nbsp;! Parmi ces plantes condimentaires, on retrouve&nbsp;: ciboulette, romarin, thym, estragon, rhubarbe, ou encore liv\u00e8che.&nbsp;<\/p>\n\n\n\n<h2 class=\"wp-block-heading\">Quels arbres fruitiers planter en septembre ?<\/h2>\n\n\n\n<p>En cette fin d\u2019\u00e9t\u00e9, il est temps de faire une grande r\u00e9colte de tous les fruits qui ont bien muri sous le soleil d\u2019\u00e9t\u00e9. Pommes, poires, prunes, raisins, abricots, cerises\u2026 tous ces fruits seront parfaits pour faire de d\u00e9licieux desserts&nbsp;!&nbsp;<\/p>\n\n\n\n<p>Outre la r\u00e9colte, septembre est connu pour la plantation et la mise en place d\u2019un arbre fruitier en particulier, \u00e0 savoir le fraisier. En effet, si vous plantez les fraisiers en d\u00e9but d\u2019automne, ceux-ci pourront s\u2019enraciner en terre convenablement avant l\u2019hiver. Ainsi, ils se d\u00e9velopperont au printemps et donneront de d\u00e9licieux fruits l\u2019\u00e9t\u00e9 suivant&nbsp;! Mais attention&nbsp;: les fraisiers demandent un entretien r\u00e9gulier. Il faut leur donner un sol riche en nutriments (ajoutez de l\u2019engrais si besoin) et leur procurer un arrosage quotidien. Plantez-les sous une exposition au soleil partielle ou \u00e0 la mi-ombre.&nbsp;&nbsp;<\/p>\n\n\n\n<p>Durant ce mois, vous pouvez \u00e9galement proc\u00e9der \u00e0 la plantation d\u2019autres arbres fruitiers&nbsp;: ils devront cependant \u00eatre plant\u00e9s en conteneurs, puis mis en pleine terre durant l\u2019hiver pour un d\u00e9veloppement optimal. Par exemple, plantez des noyers, p\u00eachers, poiriers, pruniers, pommiers, cerisiers ou m\u00eame de la vigne. Il est aussi possible de proc\u00e9der \u00e0 la plantation de petits arbustes fruitiers tels que les framboisiers, les groseilliers, les cassissiers\u2026 Il faudra cependant veiller \u00e0 ce qu\u2019il soit bien d\u00e9velopp\u00e9 avant l\u2019arriv\u00e9e du froid.&nbsp;<\/p>\n\n\n\n<h2 class=\"wp-block-heading\">Quelles fleurs et quels bulbes planter en septembre ?<\/h2>\n\n\n\n<p>En septembre, il est aussi temps de s\u2019occuper de son jardin pour une rentr\u00e9e fleurie&nbsp;! Et il y a du travail&nbsp;!&nbsp; En effet, les bulbes de fleurs et semis de chaque type de plante sont \u00e0 planter et semer durant cette p\u00e9riode pour un enracinement dans le sol id\u00e9al avant l\u2019hiver et le froid.&nbsp;<\/p>\n\n\n\n<p>Parmi les fleurs \u00e0 disposer au sein de vos massifs, on retrouve de nombreuses et diff\u00e9rentes vari\u00e9t\u00e9s&nbsp;: tulipes, crocus, iris, narcisses, muscaris, \u0153illet de po\u00e8te, gloire des neiges\u2026 vous avez le choix pour garnir votre jardin de couleurs et senteurs vari\u00e9es&nbsp;! Les plantes d\u2019ornements peuvent \u00e9galement \u00eatre mises \u00e0 l\u2019honneur&nbsp;: chaque plante que vous semez durant la p\u00e9riode de septembre apportera une touche de beaut\u00e9 et de nature au jardin une fois le printemps venu&nbsp;! Faites des semis de&nbsp;rosiers, choux d\u2019ornement, myosotis, pens\u00e9es, chrysanth\u00e8mes\u2026<\/p>\n\n\n\n<p>Quelques conseils&nbsp;: faites profiter d\u2019une exposition au soleil optimale \u00e0 vos fleurs&nbsp;! Et veillez \u00e0 planter les bulbes en les espa\u00e7ant pour un bon d\u00e9veloppement de chaque plante avant le d\u00e9but de l\u2019hiver et du froid.&nbsp;<\/p>\n\n\n\n<h2 class=\"wp-block-heading\">Les travaux de jardinage \u00e0 pr\u00e9voir en septembre<\/h2>\n\n\n\n<p>En plus des cultures et de leur r\u00e9colte, il y a une pl\u00e9nitude de travaux de jardinage \u00e0 effectuer dans votre jardin.&nbsp;<\/p>\n\n\n\n<p>Dans le jardin&nbsp;: au sein de vos massifs, supprimez les plantes fan\u00e9es ou qui n\u2019ont plus de fleurs, et plantez les plantes qui auront une floraison l\u2019ann\u00e9e suivante. Pensez \u00e9galement \u00e0 r\u00e9colter les graines de chaque plante pour les replanter au prochain printemps. V\u00e9rifiez que les fleurs et plantes soient bien arros\u00e9es et b\u00e9n\u00e9ficient d\u2019un sol riche (dispersez de l\u2019engrais en terre si besoin). Concernant la pelouse, il est important de la sacrifier pour lui redonner de la vivacit\u00e9. Et si vous souhaitez semer un nouveau gazon, le mois de septembre est id\u00e9al&nbsp;!<\/p>\n\n\n\n<p>Dans le verger&nbsp;: la r\u00e9colte des plantations est la principale activit\u00e9 au verger en septembre. Mais n\u2019attendez pas que les fruits tombent pour les ramasser. De plus, taillez vos diff\u00e9rents arbres ou arbustes fruitiers&nbsp;: supprimez les branches superflues et a\u00e9rez l\u2019arbre pour que les fruits m\u00fbrissent au mieux. V\u00e9rifiez que vos nouveaux arbres profitent d\u2019une bonne exposition et d\u2019un arrosage optimal.&nbsp;<\/p>\n\n\n\n<p>Dans le potager&nbsp;:&nbsp; au sein du potager bio, am\u00e9nagement et entretien des plants sont au programme. Commencez par retirer les feuilles des plants de tomates qui font de l\u2019ombre aux tomates en d\u00e9veloppement. Faites la r\u00e9colte des pommes de terre et entreposez-les \u00e0 l\u2019ombre. Semez les graines des diff\u00e9rents l\u00e9gumes d\u00e9taill\u00e9s au-dessus (oignons, m\u00e2che, carottes, poireaux\u2026) et faites un arrosage efficace&nbsp;: arrosez le matin ou le soir pour \u00e9viter une \u00e9vaporation trop rapide.&nbsp;<\/p>\n\n\n\n<p>Cet article sur les diff\u00e9rentes plantations \u00e0 effectuer que ce soit au potager ou au jardin touche \u00e0 sa fin et nous esp\u00e9rons que nos conseils vous auront \u00e9t\u00e9 utile&nbsp;! Le mois de septembre est le mois de la rentr\u00e9e au travail ou \u00e0 l\u2019\u00e9cole, mais pour vous remonter le moral pensez \u00e0 prendre soin de votre jardin&nbsp;!&nbsp;<\/p>\n\n\n\n<div class=\"wp-block-group has-white-color has-text-color has-background\" style=\"background-color:#f2f2f2\"><div class=\"wp-block-group__inner-container is-layout-flow wp-block-group-is-layout-flow\">\n<h2 class=\"alignfull has-text-align-center has-black-color has-text-color wp-block-heading\" style=\"font-size:30px;font-style:normal;font-weight:400\">La s\u00e9lection de sweeek<\/h2>\n\n\n\n<div style=\"height:21px\" aria-hidden=\"true\" class=\"wp-block-spacer\"><\/div>\n\n\n\n<div class=\"wp-block-columns is-layout-flex wp-container-core-columns-is-layout-9d6595d7 wp-block-columns-is-layout-flex\">\n<div class=\"wp-block-column is-layout-flow wp-block-column-is-layout-flow\" style=\"flex-basis:100%\">\n<div class=\"wp-block-columns is-layout-flex wp-container-core-columns-is-layout-9d6595d7 wp-block-columns-is-layout-flex\">\n<div class=\"wp-block-column is-layout-flow wp-block-column-is-layout-flow\" style=\"flex-basis:100%\">\n<div class=\"wp-block-columns is-layout-flex wp-container-core-columns-is-layout-9d6595d7 wp-block-columns-is-layout-flex\">\n<div class=\"wp-block-column is-layout-flow wp-block-column-is-layout-flow\"><div class=\"wp-block-image\">\n<figure class=\"aligncenter size-large\"><a href=\"https:\/\/www.sweeek.fr\/product\/potager-en-bois-sur-pieds-et-serre-en-polycarbonate-amovible-erable-2-en-1-avec-etagere-et-geotextile-80-x-60-x-109-cm\" target=\"_blank\" rel=\"noreferrer noopener\"><img decoding=\"async\" src=\"https:\/\/www.sweeek.fr\/blog\/wp-content\/uploads\/2022\/06\/Nouveau-projet-2022-06-01T114733.815.jpg\" alt=\"Potager en bois sur pieds avec mini serre\"\/><\/a><\/figure>\n<\/div>\n\n\n<h3 class=\"has-text-align-center has-black-color has-text-color wp-block-heading\" style=\"font-style:normal;font-weight:400\">Potager en bois sur pieds avec mini serre<\/h3>\n\n\n\n<div style=\"height:15px\" aria-hidden=\"true\" class=\"wp-block-spacer\"><\/div>\n<\/div>\n\n\n\n<div class=\"wp-block-column is-layout-flow wp-block-column-is-layout-flow\"><div class=\"wp-block-image\">\n<figure class=\"aligncenter size-large\"><a href=\"https:\/\/www.sweeek.fr\/product\/table-jardinage-petunia-2-tiroirs-etabli-exterieur-bois\" target=\"_blank\" rel=\"noopener\"><img decoding=\"async\" src=\"https:\/\/sweeek.twic.pics\/products\/6647\/original\/wwkbenchnat-25d74b2d941e42f87437f8d596b21587.jpg?twic=v1\/resize=1800x1800\/resize=1500\/quality=70\" alt=\"Table de rempotage avec 2 tiroirs\n\"\/><\/a><\/figure>\n<\/div>\n\n\n<h3 class=\"has-text-align-center wp-block-heading\" style=\"font-style:normal;font-weight:400\">Table de rempotage avec 2 tiroirs<\/h3>\n\n\n\n<div style=\"height:15px\" aria-hidden=\"true\" class=\"wp-block-spacer\"><\/div>\n<\/div>\n\n\n\n<div class=\"wp-block-column is-layout-flow wp-block-column-is-layout-flow\">\n<div style=\"height:15px\" aria-hidden=\"true\" class=\"wp-block-spacer\"><\/div>\n<\/div>\n<\/div>\n<\/div>\n<\/div>\n<\/div>\n<\/div>\n<\/div><\/div>\n","protected":false},"excerpt":{"rendered":"<p>Le mois de septembre annonce la fin de l\u2019\u00e9t\u00e9 et l\u2019arriv\u00e9e de l\u2019automne&nbsp;: les temp\u00e9ratures redescendent lentement, les arbres commencent \u00e0 perdre leurs feuilles, le soleil se couche plus t\u00f4t\u2026 Mais l\u2019\u00e9t\u00e9 a laiss\u00e9 une terre bien chaude qui sera une p\u00e9riode propice \u00e0 la culture de fruits et l\u00e9gumes mais aussi \u00e0 la plantation [&hellip;]<\/p>\n","protected":false},"author":4,"featured_media":19818,"comment_status":"open","ping_status":"closed","sticky":false,"template":"","format":"standard","meta":{"inline_featured_image":false,"_uag_custom_page_level_css":"","ocean_post_layout":"","ocean_both_sidebars_style":"","ocean_both_sidebars_content_width":0,"ocean_both_sidebars_sidebars_width":0,"ocean_sidebar":"0","ocean_second_sidebar":"0","ocean_disable_margins":"enable","ocean_add_body_class":"","ocean_shortcode_before_top_bar":"","ocean_shortcode_after_top_bar":"","ocean_shortcode_before_header":"","ocean_shortcode_after_header":"","ocean_has_shortcode":"","ocean_shortcode_after_title":"","ocean_shortcode_before_footer_widgets":"","ocean_shortcode_after_footer_widgets":"","ocean_shortcode_before_footer_bottom":"","ocean_shortcode_after_footer_bottom":"","ocean_display_top_bar":"default","ocean_display_header":"default","ocean_header_style":"","ocean_center_header_left_menu":"0","ocean_custom_header_template":"0","ocean_custom_logo":0,"ocean_custom_retina_logo":0,"ocean_custom_logo_max_width":0,"ocean_custom_logo_tablet_max_width":0,"ocean_custom_logo_mobile_max_width":0,"ocean_custom_logo_max_height":0,"ocean_custom_logo_tablet_max_height":0,"ocean_custom_logo_mobile_max_height":0,"ocean_header_custom_menu":"0","ocean_menu_typo_font_family":"0","ocean_menu_typo_font_subset":"","ocean_menu_typo_font_size":0,"ocean_menu_typo_font_size_tablet":0,"ocean_menu_typo_font_size_mobile":0,"ocean_menu_typo_font_size_unit":"px","ocean_menu_typo_font_weight":"","ocean_menu_typo_font_weight_tablet":"","ocean_menu_typo_font_weight_mobile":"","ocean_menu_typo_transform":"","ocean_menu_typo_transform_tablet":"","ocean_menu_typo_transform_mobile":"","ocean_menu_typo_line_height":0,"ocean_menu_typo_line_height_tablet":0,"ocean_menu_typo_line_height_mobile":0,"ocean_menu_typo_line_height_unit":"","ocean_menu_typo_spacing":0,"ocean_menu_typo_spacing_tablet":0,"ocean_menu_typo_spacing_mobile":0,"ocean_menu_typo_spacing_unit":"","ocean_menu_link_color":"","ocean_menu_link_color_hover":"","ocean_menu_link_color_active":"","ocean_menu_link_background":"","ocean_menu_link_hover_background":"","ocean_menu_link_active_background":"","ocean_menu_social_links_bg":"","ocean_menu_social_hover_links_bg":"","ocean_menu_social_links_color":"","ocean_menu_social_hover_links_color":"","ocean_disable_title":"default","ocean_disable_heading":"default","ocean_post_title":"","ocean_post_subheading":"","ocean_post_title_style":"","ocean_post_title_background_color":"","ocean_post_title_background":0,"ocean_post_title_bg_image_position":"","ocean_post_title_bg_image_attachment":"","ocean_post_title_bg_image_repeat":"","ocean_post_title_bg_image_size":"","ocean_post_title_height":0,"ocean_post_title_bg_overlay":0.5,"ocean_post_title_bg_overlay_color":"","ocean_disable_breadcrumbs":"default","ocean_breadcrumbs_color":"","ocean_breadcrumbs_separator_color":"","ocean_breadcrumbs_links_color":"","ocean_breadcrumbs_links_hover_color":"","ocean_display_footer_widgets":"default","ocean_display_footer_bottom":"default","ocean_custom_footer_template":"0","ocean_post_oembed":"","ocean_post_self_hosted_media":"","ocean_post_video_embed":"","ocean_link_format":"","ocean_link_format_target":"self","ocean_quote_format":"","ocean_quote_format_link":"post","ocean_gallery_link_images":"off","ocean_gallery_id":[],"footnotes":""},"categories":[178],"tags":[],"class_list":["post-9471","post","type-post","status-publish","format-standard","has-post-thumbnail","hentry","category-potager","entry","has-media"],"yoast_head":"<!-- This site is optimized with the Yoast SEO plugin v27.3 - https:\/\/yoast.com\/product\/yoast-seo-wordpress\/ -->\n<title>Que planter en septembre ? &#8211; Les Conseils sweeek<\/title>\n<meta name=\"description\" content=\"Quels fruits et l\u00e9gumes manger et planter en septembre ? Chaque mois, sweeek vous partage sa liste d&#039;aliments de saison.\" \/>\n<meta name=\"robots\" content=\"index, follow, max-snippet:-1, max-image-preview:large, max-video-preview:-1\" \/>\n<link rel=\"canonical\" href=\"https:\/\/www.sweeek.fr\/blog\/que-planter-en-septembre\/\" \/>\n<meta property=\"og:locale\" content=\"fr_FR\" \/>\n<meta property=\"og:type\" content=\"article\" \/>\n<meta property=\"og:title\" content=\"Que planter en septembre ? &#8211; Les Conseils sweeek\" \/>\n<meta property=\"og:description\" content=\"Quels fruits et l\u00e9gumes manger et planter en septembre ? Chaque mois, sweeek vous partage sa liste d&#039;aliments de saison.\" \/>\n<meta property=\"og:url\" content=\"https:\/\/www.sweeek.fr\/blog\/que-planter-en-septembre\/\" \/>\n<meta property=\"og:site_name\" content=\"Les Conseils sweeek\" \/>\n<meta property=\"article:published_time\" content=\"2022-05-29T09:19:00+00:00\" \/>\n<meta property=\"article:modified_time\" content=\"2024-07-25T13:04:50+00:00\" \/>\n<meta property=\"og:image\" content=\"https:\/\/www.sweeek.fr\/blog\/wp-content\/uploads\/2022\/05\/fruits-et-legumes-septembre.jpg\" \/>\n\t<meta property=\"og:image:width\" content=\"1024\" \/>\n\t<meta property=\"og:image:height\" content=\"682\" \/>\n\t<meta property=\"og:image:type\" content=\"image\/jpeg\" \/>\n<meta name=\"author\" content=\"Am\u00e9lie Capon\" \/>\n<meta name=\"twitter:card\" content=\"summary_large_image\" \/>\n<meta name=\"twitter:label1\" content=\"\u00c9crit par\" \/>\n\t<meta name=\"twitter:data1\" content=\"Am\u00e9lie Capon\" \/>\n\t<meta name=\"twitter:label2\" content=\"Dur\u00e9e de lecture estim\u00e9e\" \/>\n\t<meta name=\"twitter:data2\" content=\"7 minutes\" \/>\n<script type=\"application\/ld+json\" class=\"yoast-schema-graph\">{\"@context\":\"https:\\\/\\\/schema.org\",\"@graph\":[{\"@type\":\"Article\",\"@id\":\"https:\\\/\\\/www.sweeek.fr\\\/blog\\\/que-planter-en-septembre\\\/#article\",\"isPartOf\":{\"@id\":\"https:\\\/\\\/www.sweeek.fr\\\/blog\\\/que-planter-en-septembre\\\/\"},\"author\":{\"name\":\"Am\u00e9lie Capon\",\"@id\":\"https:\\\/\\\/www.sweeek.fr\\\/blog\\\/#\\\/schema\\\/person\\\/e97ba3e4a84bda73fe86070619e7640b\"},\"headline\":\"Que planter en septembre ?\",\"datePublished\":\"2022-05-29T09:19:00+00:00\",\"dateModified\":\"2024-07-25T13:04:50+00:00\",\"mainEntityOfPage\":{\"@id\":\"https:\\\/\\\/www.sweeek.fr\\\/blog\\\/que-planter-en-septembre\\\/\"},\"wordCount\":1233,\"commentCount\":0,\"publisher\":{\"@id\":\"https:\\\/\\\/www.sweeek.fr\\\/blog\\\/#organization\"},\"image\":{\"@id\":\"https:\\\/\\\/www.sweeek.fr\\\/blog\\\/que-planter-en-septembre\\\/#primaryimage\"},\"thumbnailUrl\":\"https:\\\/\\\/www.sweeek.fr\\\/blog\\\/wp-content\\\/uploads\\\/2022\\\/05\\\/fruits-et-legumes-septembre.jpg\",\"articleSection\":[\"Potager\"],\"inLanguage\":\"fr-FR\",\"potentialAction\":[{\"@type\":\"CommentAction\",\"name\":\"Comment\",\"target\":[\"https:\\\/\\\/www.sweeek.fr\\\/blog\\\/que-planter-en-septembre\\\/#respond\"]}]},{\"@type\":\"WebPage\",\"@id\":\"https:\\\/\\\/www.sweeek.fr\\\/blog\\\/que-planter-en-septembre\\\/\",\"url\":\"https:\\\/\\\/www.sweeek.fr\\\/blog\\\/que-planter-en-septembre\\\/\",\"name\":\"Que planter en septembre ? &#8211; Les Conseils sweeek\",\"isPartOf\":{\"@id\":\"https:\\\/\\\/www.sweeek.fr\\\/blog\\\/#website\"},\"primaryImageOfPage\":{\"@id\":\"https:\\\/\\\/www.sweeek.fr\\\/blog\\\/que-planter-en-septembre\\\/#primaryimage\"},\"image\":{\"@id\":\"https:\\\/\\\/www.sweeek.fr\\\/blog\\\/que-planter-en-septembre\\\/#primaryimage\"},\"thumbnailUrl\":\"https:\\\/\\\/www.sweeek.fr\\\/blog\\\/wp-content\\\/uploads\\\/2022\\\/05\\\/fruits-et-legumes-septembre.jpg\",\"datePublished\":\"2022-05-29T09:19:00+00:00\",\"dateModified\":\"2024-07-25T13:04:50+00:00\",\"description\":\"Quels fruits et l\u00e9gumes manger et planter en septembre ? Chaque mois, sweeek vous partage sa liste d'aliments de saison.\",\"breadcrumb\":{\"@id\":\"https:\\\/\\\/www.sweeek.fr\\\/blog\\\/que-planter-en-septembre\\\/#breadcrumb\"},\"inLanguage\":\"fr-FR\",\"potentialAction\":[{\"@type\":\"ReadAction\",\"target\":[\"https:\\\/\\\/www.sweeek.fr\\\/blog\\\/que-planter-en-septembre\\\/\"]}]},{\"@type\":\"ImageObject\",\"inLanguage\":\"fr-FR\",\"@id\":\"https:\\\/\\\/www.sweeek.fr\\\/blog\\\/que-planter-en-septembre\\\/#primaryimage\",\"url\":\"https:\\\/\\\/www.sweeek.fr\\\/blog\\\/wp-content\\\/uploads\\\/2022\\\/05\\\/fruits-et-legumes-septembre.jpg\",\"contentUrl\":\"https:\\\/\\\/www.sweeek.fr\\\/blog\\\/wp-content\\\/uploads\\\/2022\\\/05\\\/fruits-et-legumes-septembre.jpg\",\"width\":1024,\"height\":682,\"caption\":\"fruits et legumes de septembre\"},{\"@type\":\"BreadcrumbList\",\"@id\":\"https:\\\/\\\/www.sweeek.fr\\\/blog\\\/que-planter-en-septembre\\\/#breadcrumb\",\"itemListElement\":[{\"@type\":\"ListItem\",\"position\":1,\"name\":\"Accueil\",\"item\":\"https:\\\/\\\/www.sweeek.fr\\\/blog\\\/\"},{\"@type\":\"ListItem\",\"position\":2,\"name\":\"Que planter en septembre ?\"}]},{\"@type\":\"WebSite\",\"@id\":\"https:\\\/\\\/www.sweeek.fr\\\/blog\\\/#website\",\"url\":\"https:\\\/\\\/www.sweeek.fr\\\/blog\\\/\",\"name\":\"Les Conseils sweeek\",\"description\":\"Conseils et inspirations\",\"publisher\":{\"@id\":\"https:\\\/\\\/www.sweeek.fr\\\/blog\\\/#organization\"},\"potentialAction\":[{\"@type\":\"SearchAction\",\"target\":{\"@type\":\"EntryPoint\",\"urlTemplate\":\"https:\\\/\\\/www.sweeek.fr\\\/blog\\\/?s={search_term_string}\"},\"query-input\":{\"@type\":\"PropertyValueSpecification\",\"valueRequired\":true,\"valueName\":\"search_term_string\"}}],\"inLanguage\":\"fr-FR\"},{\"@type\":\"Organization\",\"@id\":\"https:\\\/\\\/www.sweeek.fr\\\/blog\\\/#organization\",\"name\":\"sweeek\",\"url\":\"https:\\\/\\\/www.sweeek.fr\\\/blog\\\/\",\"logo\":{\"@type\":\"ImageObject\",\"inLanguage\":\"fr-FR\",\"@id\":\"https:\\\/\\\/www.sweeek.fr\\\/blog\\\/#\\\/schema\\\/logo\\\/image\\\/\",\"url\":\"https:\\\/\\\/www.sweeek.fr\\\/blog\\\/wp-content\\\/uploads\\\/2023\\\/10\\\/blog-sweeek-logo2.png\",\"contentUrl\":\"https:\\\/\\\/www.sweeek.fr\\\/blog\\\/wp-content\\\/uploads\\\/2023\\\/10\\\/blog-sweeek-logo2.png\",\"width\":328,\"height\":90,\"caption\":\"sweeek\"},\"image\":{\"@id\":\"https:\\\/\\\/www.sweeek.fr\\\/blog\\\/#\\\/schema\\\/logo\\\/image\\\/\"}},{\"@type\":\"Person\",\"@id\":\"https:\\\/\\\/www.sweeek.fr\\\/blog\\\/#\\\/schema\\\/person\\\/e97ba3e4a84bda73fe86070619e7640b\",\"name\":\"Am\u00e9lie Capon\",\"image\":{\"@type\":\"ImageObject\",\"inLanguage\":\"fr-FR\",\"@id\":\"https:\\\/\\\/secure.gravatar.com\\\/avatar\\\/042e4b25b2641d47117ebfaf786a00f66fd827d54a130982af74eb1f062ce832?s=96&d=mm&r=g\",\"url\":\"https:\\\/\\\/secure.gravatar.com\\\/avatar\\\/042e4b25b2641d47117ebfaf786a00f66fd827d54a130982af74eb1f062ce832?s=96&d=mm&r=g\",\"contentUrl\":\"https:\\\/\\\/secure.gravatar.com\\\/avatar\\\/042e4b25b2641d47117ebfaf786a00f66fd827d54a130982af74eb1f062ce832?s=96&d=mm&r=g\",\"caption\":\"Am\u00e9lie Capon\"}}]}<\/script>\n<!-- \/ Yoast SEO plugin. -->","yoast_head_json":{"title":"Que planter en septembre ? &#8211; Les Conseils sweeek","description":"Quels fruits et l\u00e9gumes manger et planter en septembre ? Chaque mois, sweeek vous partage sa liste d'aliments de saison.","robots":{"index":"index","follow":"follow","max-snippet":"max-snippet:-1","max-image-preview":"max-image-preview:large","max-video-preview":"max-video-preview:-1"},"canonical":"https:\/\/www.sweeek.fr\/blog\/que-planter-en-septembre\/","og_locale":"fr_FR","og_type":"article","og_title":"Que planter en septembre ? &#8211; Les Conseils sweeek","og_description":"Quels fruits et l\u00e9gumes manger et planter en septembre ? Chaque mois, sweeek vous partage sa liste d'aliments de saison.","og_url":"https:\/\/www.sweeek.fr\/blog\/que-planter-en-septembre\/","og_site_name":"Les Conseils sweeek","article_published_time":"2022-05-29T09:19:00+00:00","article_modified_time":"2024-07-25T13:04:50+00:00","og_image":[{"width":1024,"height":682,"url":"https:\/\/www.sweeek.fr\/blog\/wp-content\/uploads\/2022\/05\/fruits-et-legumes-septembre.jpg","type":"image\/jpeg"}],"author":"Am\u00e9lie Capon","twitter_card":"summary_large_image","twitter_misc":{"\u00c9crit par":"Am\u00e9lie Capon","Dur\u00e9e de lecture estim\u00e9e":"7 minutes"},"schema":{"@context":"https:\/\/schema.org","@graph":[{"@type":"Article","@id":"https:\/\/www.sweeek.fr\/blog\/que-planter-en-septembre\/#article","isPartOf":{"@id":"https:\/\/www.sweeek.fr\/blog\/que-planter-en-septembre\/"},"author":{"name":"Am\u00e9lie Capon","@id":"https:\/\/www.sweeek.fr\/blog\/#\/schema\/person\/e97ba3e4a84bda73fe86070619e7640b"},"headline":"Que planter en septembre ?","datePublished":"2022-05-29T09:19:00+00:00","dateModified":"2024-07-25T13:04:50+00:00","mainEntityOfPage":{"@id":"https:\/\/www.sweeek.fr\/blog\/que-planter-en-septembre\/"},"wordCount":1233,"commentCount":0,"publisher":{"@id":"https:\/\/www.sweeek.fr\/blog\/#organization"},"image":{"@id":"https:\/\/www.sweeek.fr\/blog\/que-planter-en-septembre\/#primaryimage"},"thumbnailUrl":"https:\/\/www.sweeek.fr\/blog\/wp-content\/uploads\/2022\/05\/fruits-et-legumes-septembre.jpg","articleSection":["Potager"],"inLanguage":"fr-FR","potentialAction":[{"@type":"CommentAction","name":"Comment","target":["https:\/\/www.sweeek.fr\/blog\/que-planter-en-septembre\/#respond"]}]},{"@type":"WebPage","@id":"https:\/\/www.sweeek.fr\/blog\/que-planter-en-septembre\/","url":"https:\/\/www.sweeek.fr\/blog\/que-planter-en-septembre\/","name":"Que planter en septembre ? &#8211; Les Conseils sweeek","isPartOf":{"@id":"https:\/\/www.sweeek.fr\/blog\/#website"},"primaryImageOfPage":{"@id":"https:\/\/www.sweeek.fr\/blog\/que-planter-en-septembre\/#primaryimage"},"image":{"@id":"https:\/\/www.sweeek.fr\/blog\/que-planter-en-septembre\/#primaryimage"},"thumbnailUrl":"https:\/\/www.sweeek.fr\/blog\/wp-content\/uploads\/2022\/05\/fruits-et-legumes-septembre.jpg","datePublished":"2022-05-29T09:19:00+00:00","dateModified":"2024-07-25T13:04:50+00:00","description":"Quels fruits et l\u00e9gumes manger et planter en septembre ? Chaque mois, sweeek vous partage sa liste d'aliments de saison.","breadcrumb":{"@id":"https:\/\/www.sweeek.fr\/blog\/que-planter-en-septembre\/#breadcrumb"},"inLanguage":"fr-FR","potentialAction":[{"@type":"ReadAction","target":["https:\/\/www.sweeek.fr\/blog\/que-planter-en-septembre\/"]}]},{"@type":"ImageObject","inLanguage":"fr-FR","@id":"https:\/\/www.sweeek.fr\/blog\/que-planter-en-septembre\/#primaryimage","url":"https:\/\/www.sweeek.fr\/blog\/wp-content\/uploads\/2022\/05\/fruits-et-legumes-septembre.jpg","contentUrl":"https:\/\/www.sweeek.fr\/blog\/wp-content\/uploads\/2022\/05\/fruits-et-legumes-septembre.jpg","width":1024,"height":682,"caption":"fruits et legumes de septembre"},{"@type":"BreadcrumbList","@id":"https:\/\/www.sweeek.fr\/blog\/que-planter-en-septembre\/#breadcrumb","itemListElement":[{"@type":"ListItem","position":1,"name":"Accueil","item":"https:\/\/www.sweeek.fr\/blog\/"},{"@type":"ListItem","position":2,"name":"Que planter en septembre ?"}]},{"@type":"WebSite","@id":"https:\/\/www.sweeek.fr\/blog\/#website","url":"https:\/\/www.sweeek.fr\/blog\/","name":"Les Conseils sweeek","description":"Conseils et inspirations","publisher":{"@id":"https:\/\/www.sweeek.fr\/blog\/#organization"},"potentialAction":[{"@type":"SearchAction","target":{"@type":"EntryPoint","urlTemplate":"https:\/\/www.sweeek.fr\/blog\/?s={search_term_string}"},"query-input":{"@type":"PropertyValueSpecification","valueRequired":true,"valueName":"search_term_string"}}],"inLanguage":"fr-FR"},{"@type":"Organization","@id":"https:\/\/www.sweeek.fr\/blog\/#organization","name":"sweeek","url":"https:\/\/www.sweeek.fr\/blog\/","logo":{"@type":"ImageObject","inLanguage":"fr-FR","@id":"https:\/\/www.sweeek.fr\/blog\/#\/schema\/logo\/image\/","url":"https:\/\/www.sweeek.fr\/blog\/wp-content\/uploads\/2023\/10\/blog-sweeek-logo2.png","contentUrl":"https:\/\/www.sweeek.fr\/blog\/wp-content\/uploads\/2023\/10\/blog-sweeek-logo2.png","width":328,"height":90,"caption":"sweeek"},"image":{"@id":"https:\/\/www.sweeek.fr\/blog\/#\/schema\/logo\/image\/"}},{"@type":"Person","@id":"https:\/\/www.sweeek.fr\/blog\/#\/schema\/person\/e97ba3e4a84bda73fe86070619e7640b","name":"Am\u00e9lie Capon","image":{"@type":"ImageObject","inLanguage":"fr-FR","@id":"https:\/\/secure.gravatar.com\/avatar\/042e4b25b2641d47117ebfaf786a00f66fd827d54a130982af74eb1f062ce832?s=96&d=mm&r=g","url":"https:\/\/secure.gravatar.com\/avatar\/042e4b25b2641d47117ebfaf786a00f66fd827d54a130982af74eb1f062ce832?s=96&d=mm&r=g","contentUrl":"https:\/\/secure.gravatar.com\/avatar\/042e4b25b2641d47117ebfaf786a00f66fd827d54a130982af74eb1f062ce832?s=96&d=mm&r=g","caption":"Am\u00e9lie Capon"}}]}},"uagb_featured_image_src":{"full":["https:\/\/www.sweeek.fr\/blog\/wp-content\/uploads\/2022\/05\/fruits-et-legumes-septembre.jpg",1024,682,false],"thumbnail":["https:\/\/www.sweeek.fr\/blog\/wp-content\/uploads\/2022\/05\/fruits-et-legumes-septembre-150x150.jpg",150,150,true],"medium":["https:\/\/www.sweeek.fr\/blog\/wp-content\/uploads\/2022\/05\/fruits-et-legumes-septembre-300x200.jpg",300,200,true],"medium_large":["https:\/\/www.sweeek.fr\/blog\/wp-content\/uploads\/2022\/05\/fruits-et-legumes-septembre-768x512.jpg",768,512,true],"large":["https:\/\/www.sweeek.fr\/blog\/wp-content\/uploads\/2022\/05\/fruits-et-legumes-septembre.jpg",1024,682,false],"1536x1536":["https:\/\/www.sweeek.fr\/blog\/wp-content\/uploads\/2022\/05\/fruits-et-legumes-septembre.jpg",1024,682,false],"2048x2048":["https:\/\/www.sweeek.fr\/blog\/wp-content\/uploads\/2022\/05\/fruits-et-legumes-septembre.jpg",1024,682,false],"ocean-thumb-m":["https:\/\/www.sweeek.fr\/blog\/wp-content\/uploads\/2022\/05\/fruits-et-legumes-septembre-600x600.jpg",600,600,true],"ocean-thumb-ml":["https:\/\/www.sweeek.fr\/blog\/wp-content\/uploads\/2022\/05\/fruits-et-legumes-septembre-800x450.jpg",800,450,true],"ocean-thumb-l":["https:\/\/www.sweeek.fr\/blog\/wp-content\/uploads\/2022\/05\/fruits-et-legumes-septembre.jpg",1024,682,false]},"uagb_author_info":{"display_name":"Am\u00e9lie Capon","author_link":"https:\/\/www.sweeek.fr\/blog"},"uagb_comment_info":0,"uagb_excerpt":"Le mois de septembre annonce la fin de l\u2019\u00e9t\u00e9 et l\u2019arriv\u00e9e de l\u2019automne&nbsp;: les temp\u00e9ratures redescendent lentement, les arbres commencent \u00e0 perdre leurs feuilles, le soleil se couche plus t\u00f4t\u2026 Mais l\u2019\u00e9t\u00e9 a laiss\u00e9 une terre bien chaude qui sera une p\u00e9riode propice \u00e0 la culture de fruits et l\u00e9gumes mais aussi \u00e0 la plantation\u2026","_links":{"self":[{"href":"https:\/\/www.sweeek.fr\/blog\/wp-json\/wp\/v2\/posts\/9471","targetHints":{"allow":["GET"]}}],"collection":[{"href":"https:\/\/www.sweeek.fr\/blog\/wp-json\/wp\/v2\/posts"}],"about":[{"href":"https:\/\/www.sweeek.fr\/blog\/wp-json\/wp\/v2\/types\/post"}],"author":[{"embeddable":true,"href":"https:\/\/www.sweeek.fr\/blog\/wp-json\/wp\/v2\/users\/4"}],"replies":[{"embeddable":true,"href":"https:\/\/www.sweeek.fr\/blog\/wp-json\/wp\/v2\/comments?post=9471"}],"version-history":[{"count":10,"href":"https:\/\/www.sweeek.fr\/blog\/wp-json\/wp\/v2\/posts\/9471\/revisions"}],"predecessor-version":[{"id":20010,"href":"https:\/\/www.sweeek.fr\/blog\/wp-json\/wp\/v2\/posts\/9471\/revisions\/20010"}],"wp:featuredmedia":[{"embeddable":true,"href":"https:\/\/www.sweeek.fr\/blog\/wp-json\/wp\/v2\/media\/19818"}],"wp:attachment":[{"href":"https:\/\/www.sweeek.fr\/blog\/wp-json\/wp\/v2\/media?parent=9471"}],"wp:term":[{"taxonomy":"category","embeddable":true,"href":"https:\/\/www.sweeek.fr\/blog\/wp-json\/wp\/v2\/categories?post=9471"},{"taxonomy":"post_tag","embeddable":true,"href":"https:\/\/www.sweeek.fr\/blog\/wp-json\/wp\/v2\/tags?post=9471"}],"curies":[{"name":"wp","href":"https:\/\/api.w.org\/{rel}","templated":true}]}}