{"id":9466,"date":"2022-05-30T11:14:00","date_gmt":"2022-05-30T09:14:00","guid":{"rendered":"https:\/\/www.sweeek.fr\/blog\/?p=9466"},"modified":"2024-07-25T11:31:55","modified_gmt":"2024-07-25T09:31:55","slug":"que-planter-en-aout","status":"publish","type":"post","link":"https:\/\/www.sweeek.fr\/blog\/que-planter-en-aout\/","title":{"rendered":"Que planter en ao\u00fbt ?"},"content":{"rendered":"\n<p>Le mois d&rsquo;ao\u00fbt est l\u00e0&nbsp;! Le soleil tape, les temp\u00e9ratures sont \u00e9lev\u00e9es, le sol est sec, l\u2019automne n\u2019est plus tr\u00e8s loin\u2026 mais \u00e7a n\u2019emp\u00eache pas d\u2019effectuer divers travaux aux jardins&nbsp;! Vacances pour les uns, jardinage pour les autres\u2026 Dans tous les cas, il convient de bien entretenir son potager bio, son verger, ses massifs de fleurs et son jardin en g\u00e9n\u00e9ral. Semis et plantations n\u2019attendent pas, tout comme l\u2019entretien des arbres fruitiers ou des plantes ornementales&nbsp;! Mais alors quelles sont les vari\u00e9t\u00e9s de graines de l\u00e9gumes qu\u2019il est possible de planter sous les grosses chaleurs d&rsquo;ao\u00fbt&nbsp;? Est-il encore possible de r\u00e9aliser des semis&nbsp;? \u00c9videmment&nbsp;! Tout comme il est aussi possible de <a href=\"https:\/\/www.sweeek.fr\/blog\/calendrier-de-plantation-pour-le-potager-et-le-jardin\/\">r\u00e9aliser diverses plantations et am\u00e9nagements au sein du jardin et du verger<\/a>. les conseils sweeek vont vous servir de guide \u00e0 travers le calendrier de plantation du mois d&rsquo;ao\u00fbt pour que jardinage et entretien du potager n\u2019aient plus de secrets pour vous&nbsp;!&nbsp;<\/p>\n\n\n<div class=\"wp-block-image\">\n<figure class=\"aligncenter size-full\"><img fetchpriority=\"high\" decoding=\"async\" width=\"700\" height=\"400\" src=\"https:\/\/www.sweeek.fr\/blog\/wp-content\/uploads\/2022\/05\/Sans-titre-2022-05-27T115603.637.png\" alt=\"pasteque\" class=\"wp-image-9500\" srcset=\"https:\/\/www.sweeek.fr\/blog\/wp-content\/uploads\/2022\/05\/Sans-titre-2022-05-27T115603.637.png 700w, https:\/\/www.sweeek.fr\/blog\/wp-content\/uploads\/2022\/05\/Sans-titre-2022-05-27T115603.637-300x171.png 300w\" sizes=\"(max-width: 700px) 100vw, 700px\" \/><\/figure>\n<\/div>\n\n\n<h2 class=\"wp-block-heading\">Quels l\u00e9gumes planter en ao\u00fbt ?<\/h2>\n\n\n\n<p>Voyons tout d\u2019abord quelles sont les vari\u00e9t\u00e9s de l\u00e9gumes \u00e0 privil\u00e9gier en ao\u00fbt. Durant ce mois de l\u2019ann\u00e9e, vous pr\u00e9parez votre potager bio pour r\u00e9colter les cultures essentiellement \u00e0 l\u2019automne et durant l\u2019hiver. Une des principales difficult\u00e9s pour semer en ao\u00fbt est la chaleur qui rend le sol tr\u00e8s sec. <\/p>\n\n\n\n<p>Une astuce connue est de casser la cro\u00fbte de terre qui peut se former en surface et de faire ses semis profond\u00e9ment puis de les arroser r\u00e9guli\u00e8rement d\u2019eau, pour que les plantes se d\u00e9veloppent correctement. De plus, une fois que les semis ont bien pris, disposez du paillage autour des jeunes plantations.<\/p>\n\n\n\n<p>En ao\u00fbt, semez les graines de l\u00e9gumes suivantes&nbsp;:<\/p>\n\n\n\n<ul class=\"wp-block-list\"><li>\u00c9pinards<\/li><li>Haricots<\/li><li>Laitue (laitue d\u2019hiver et laitue d\u2019automne)<\/li><li>Navets d\u2019automne<\/li><li>Radis (radis \u00ab&nbsp;classique&nbsp;\u00bb et radis noir)<\/li><li>Oignons&nbsp;<\/li><li>Choux (choux-fleurs, choux pomm\u00e9s et autres vari\u00e9t\u00e9s de chou&nbsp;: chou de Bruxelles, chou-rave)<\/li><li>Salades<\/li><li>Carottes&nbsp;<\/li><li>Brocolis<\/li><\/ul>\n\n\n\n<p>Quelques conseils sur l\u2019entretien de vos carr\u00e9s potagers bio au mois d&rsquo;ao\u00fbt&nbsp;: si vous avez des emplacements libres, n\u2019h\u00e9sitez pas \u00e0 semer des engrais verts qui seront ainsi profond\u00e9ment enfouis dans le sol \u00e0 l\u2019hiver et au printemps suivants. Vous vous assurez ainsi d\u2019avoir une bonne r\u00e9colte gr\u00e2ce \u00e0 la fertilit\u00e9 de la terre.&nbsp;<\/p>\n\n\n\n<p>En cette fin d\u2019\u00e9t\u00e9, vous pouvez \u00e9galement planter et semer des plantes aromatiques telles que le cerfeuil, l\u2019ang\u00e9lique, le basilic, la ciboulette ou encore le persil.&nbsp;<\/p>\n\n\n\n<p>Pour finir, le mois d&rsquo;ao\u00fbt est \u00e9galement un mois de r\u00e9coltes&nbsp;! En effet, vous pouvez r\u00e9colter une multitude de l\u00e9gumes qui se sont bien d\u00e9velopp\u00e9s durant l\u2019\u00e9t\u00e9&nbsp;:<\/p>\n\n\n\n<ul class=\"wp-block-list\"><li>Concombres<\/li><li>Tomates<\/li><li>Melons<\/li><li>Oignons<\/li><li>Courgettes<\/li><li>Poireaux<\/li><li>Radis<\/li><li>Haricots<\/li><li>Aubergines<\/li><\/ul>\n\n\n\n<p>Apr\u00e8s la r\u00e9colte, Pensez \u00e0 r\u00e9cup\u00e9rer les graines de tomates, concombres, aubergines\u2026 qui se trouvent \u00e0 l\u2019int\u00e9rieur de ceux-ci. Ainsi, vous aurez un stock cons\u00e9quent pour faire de nombreux semis l\u2019ann\u00e9e prochaine&nbsp;!<\/p>\n\n\n\n<h2 class=\"wp-block-heading\">Quels arbres fruitiers planter en ao\u00fbt ?<\/h2>\n\n\n\n<p>Le mois d&rsquo;ao\u00fbt n\u2019est certainement pas la meilleure p\u00e9riode pour planter un arbre fruitier dans votre verger. Il est trop tard pour planter des arbres fruitiers, m\u00eame ceux d\u00e9j\u00e0 en containers. C\u2019est l\u2019hiver (et m\u00eame le d\u00e9but de printemps) qui est la p\u00e9riode id\u00e9ale pour que les arbres \u00e0 fruits prennent convenablement racines en terre. En revanche, au mois d&rsquo;ao\u00fbt, ce sera le moment parfait pour faire la r\u00e9colte d\u2019une grande vari\u00e9t\u00e9 de fruits qui auront pouss\u00e9 au milieu des feuilles durant l\u2019\u00e9t\u00e9.&nbsp;<\/p>\n\n\n\n<h2 class=\"wp-block-heading\">Quelles fleurs et quels bulbes planter en ao\u00fbt ?<\/h2>\n\n\n\n<p>Contrairement au verger, il y a beaucoup de choses \u00e0 faire au jardin d\u2019ornementation en cette p\u00e9riode de l\u2019ann\u00e9e&nbsp;!&nbsp;<\/p>\n\n\n\n<p>Tout d\u2019abord, plantez des fleurs \u00e0 bulbes au sein de vos massifs. Ces fleurs auront une floraison au cours de l\u2019automne ou durant le printemps de l\u2019ann\u00e9e suivante et habilleront vos massifs de multiples couleurs. Plantez des fleurs telles que le crocus, cyclamen, lys de la madone, iris, colchique\u2026<\/p>\n\n\n\n<p>Vous pouvez \u00e9galement r\u00e9aliser le repiquage de nombreuses fleurs bisannuelles ou vivaces dont les semis ont \u00e9t\u00e9 faits au printemps. Parmi ces v\u00e9g\u00e9taux, on retrouve p\u00e2querette, pens\u00e9e, \u0153illet, girofl\u00e9e, g\u00e9ranium, primev\u00e8re, scabieuses, corbeille d\u2019or\u2026<\/p>\n\n\n\n<p>Tout comme les l\u00e9gumes, vous pouvez \u00e9galement r\u00e9colter les graines des fleurs annuelles pour ainsi anticiper les semis de la saison prochaine.&nbsp;<\/p>\n\n\n\n<h2 class=\"wp-block-heading\">Les travaux de jardinage \u00e0 pr\u00e9voir en ao\u00fbt<\/h2>\n\n\n\n<p>En plus des cultures et des r\u00e9coltes, il y a une multitude de travaux de jardinage \u00e0 effectuer au sein de votre jardin. C\u2019est la saison des grosses chaleurs, il faut donc \u00eatre vigilant et veiller \u00e0 bien entretenir vos plantes pour une belle floraison.&nbsp;<\/p>\n\n\n\n<p>Dans le jardin&nbsp;: taillez les haies et bouturez les diff\u00e9rentes plantes et fleurs pour un bon d\u00e9veloppement des v\u00e9g\u00e9taux. Concernant la pelouse, il est g\u00e9n\u00e9ralement conseill\u00e9 de la tondre r\u00e9guli\u00e8rement et en cas de canicule, coupez moins court et espacez les tontes.&nbsp;<\/p>\n\n\n\n<p>Dans le verger&nbsp;: faites la r\u00e9colte des nombreux fruits et n\u2019oubliez pas les fruits des petits arbustes tels que les fraisiers des bois ou framboisiers.<\/p>\n\n\n\n<p>Dans le potager&nbsp;: lors de fortes chaleurs, faites un arrosage r\u00e9gulier matin et soir. Comme dit plus t\u00f4t, pensez \u00e0 casser la cro\u00fbte de terre afin que l\u2019eau s\u2019infiltre mieux et nourrisse la plante de la meilleure fa\u00e7on possible. Taillez \u00e9galement chaque plante aromatique afin que de nouvelles pousses apparaissent. Retirez les <a href=\"https:\/\/www.sweeek.fr\/blog\/mauvaises-herbes-au-potager-comment-gerer\/\">mauvaises herbes<\/a>, renouvelez les paillis et v\u00e9rifiez les tuteurs (des tomates par exemple) pour que vos plantes profitent de conditions optimales.&nbsp;<\/p>\n\n\n\n<p>Pour finir, quelques conseils sur l\u2019arrosage, \u00e9l\u00e9ment primordial du jardinage en ao\u00fbt&nbsp;! De mani\u00e8re g\u00e9n\u00e9rale, arrosez \u00e0 l\u2019ombre en d\u00e9but de matin\u00e9e ou le soir une fois que le soleil a disparu&nbsp;: l\u2019eau est une ressource pr\u00e9cieuse et un arrosage du sol sous le soleil sera inutile d\u00fb \u00e0 l\u2019\u00e9vaporation. <\/p>\n\n\n\n<p>Au potager, essayez de donner de l\u2019eau \u00e0 chaque plante au moins une fois par jour. Pour les massifs de fleurs, une \u00e0 deux fois par semaine suffira. Veillez \u00e0 bien arroser \u00e0 la base (et non pas les feuilles) de chaque arbre ou plantation. Faites cependant attention&nbsp;: si vous avez des v\u00e9g\u00e9taux qui ont \u00e9t\u00e9 plant\u00e9s durant le printemps, arrosez-les abondamment pour que les racines se d\u00e9veloppent au mieux.&nbsp;<\/p>\n\n\n\n<p>Cet article sur les diff\u00e9rentes plantations \u00e0 effectuer que ce soit au potager ou au jardin touche \u00e0 sa fin et nous esp\u00e9rons que nos conseils vous auront \u00e9t\u00e9 utile&nbsp;!&nbsp;<\/p>\n\n\n\n<div class=\"wp-block-group has-white-color has-text-color has-background\" style=\"background-color:#f2f2f2\"><div class=\"wp-block-group__inner-container is-layout-flow wp-block-group-is-layout-flow\">\n<h2 class=\"alignfull has-text-align-center has-black-color has-text-color wp-block-heading\" style=\"font-size:30px;font-style:normal;font-weight:400\">La s\u00e9lection de sweeek<\/h2>\n\n\n\n<div style=\"height:21px\" aria-hidden=\"true\" class=\"wp-block-spacer\"><\/div>\n\n\n\n<div class=\"wp-block-columns is-layout-flex wp-container-core-columns-is-layout-9d6595d7 wp-block-columns-is-layout-flex\">\n<div class=\"wp-block-column is-layout-flow wp-block-column-is-layout-flow\" style=\"flex-basis:100%\">\n<div class=\"wp-block-columns is-layout-flex wp-container-core-columns-is-layout-9d6595d7 wp-block-columns-is-layout-flex\">\n<div class=\"wp-block-column is-layout-flow wp-block-column-is-layout-flow\" style=\"flex-basis:100%\">\n<div class=\"wp-block-columns is-layout-flex wp-container-core-columns-is-layout-9d6595d7 wp-block-columns-is-layout-flex\">\n<div class=\"wp-block-column is-layout-flow wp-block-column-is-layout-flow\"><div class=\"wp-block-image\">\n<figure class=\"aligncenter size-large\"><a href=\"https:\/\/www.sweeek.fr\/product\/potager-en-bois-sur-pieds-et-serre-en-polycarbonate-amovible-erable-2-en-1-avec-etagere-et-geotextile-80-x-60-x-109-cm\" target=\"_blank\" rel=\"noreferrer noopener\"><img decoding=\"async\" src=\"https:\/\/www.sweeek.fr\/blog\/wp-content\/uploads\/2022\/06\/Nouveau-projet-2022-06-01T114733.815.jpg\" alt=\"Potager en bois sur pieds avec mini serre\"\/><\/a><\/figure>\n<\/div>\n\n\n<h3 class=\"has-text-align-center has-black-color has-text-color wp-block-heading\" style=\"font-style:normal;font-weight:400\">Potager en bois sur pieds avec mini serre<\/h3>\n\n\n\n<div style=\"height:15px\" aria-hidden=\"true\" class=\"wp-block-spacer\"><\/div>\n<\/div>\n\n\n\n<div class=\"wp-block-column is-layout-flow wp-block-column-is-layout-flow\"><div class=\"wp-block-image\">\n<figure class=\"aligncenter size-large\"><a href=\"https:\/\/www.sweeek.fr\/product\/table-jardinage-petunia-2-tiroirs-etabli-exterieur-bois\" target=\"_blank\" rel=\"noopener\"><img decoding=\"async\" src=\"https:\/\/sweeek.twic.pics\/products\/6647\/original\/wwkbenchnat-25d74b2d941e42f87437f8d596b21587.jpg?twic=v1\/resize=1800x1800\/resize=1500\/quality=70\" alt=\"Table de rempotage avec 2 tiroirs\n\"\/><\/a><\/figure>\n<\/div>\n\n\n<h3 class=\"has-text-align-center wp-block-heading\" style=\"font-style:normal;font-weight:400\">Table de rempotage avec 2 tiroirs<\/h3>\n\n\n\n<div style=\"height:15px\" aria-hidden=\"true\" class=\"wp-block-spacer\"><\/div>\n<\/div>\n\n\n\n<div class=\"wp-block-column is-layout-flow wp-block-column-is-layout-flow\">\n<div style=\"height:15px\" aria-hidden=\"true\" class=\"wp-block-spacer\"><\/div>\n<\/div>\n<\/div>\n<\/div>\n<\/div>\n<\/div>\n<\/div>\n<\/div><\/div>\n","protected":false},"excerpt":{"rendered":"<p>Le mois d&rsquo;ao\u00fbt est l\u00e0&nbsp;! Le soleil tape, les temp\u00e9ratures sont \u00e9lev\u00e9es, le sol est sec, l\u2019automne n\u2019est plus tr\u00e8s loin\u2026 mais \u00e7a n\u2019emp\u00eache pas d\u2019effectuer divers travaux aux jardins&nbsp;! Vacances pour les uns, jardinage pour les autres\u2026 Dans tous les cas, il convient de bien entretenir son potager bio, son verger, ses massifs de [&hellip;]<\/p>\n","protected":false},"author":4,"featured_media":19738,"comment_status":"open","ping_status":"closed","sticky":false,"template":"","format":"standard","meta":{"inline_featured_image":false,"_uag_custom_page_level_css":"","ocean_post_layout":"","ocean_both_sidebars_style":"","ocean_both_sidebars_content_width":0,"ocean_both_sidebars_sidebars_width":0,"ocean_sidebar":"0","ocean_second_sidebar":"0","ocean_disable_margins":"enable","ocean_add_body_class":"","ocean_shortcode_before_top_bar":"","ocean_shortcode_after_top_bar":"","ocean_shortcode_before_header":"","ocean_shortcode_after_header":"","ocean_has_shortcode":"","ocean_shortcode_after_title":"","ocean_shortcode_before_footer_widgets":"","ocean_shortcode_after_footer_widgets":"","ocean_shortcode_before_footer_bottom":"","ocean_shortcode_after_footer_bottom":"","ocean_display_top_bar":"default","ocean_display_header":"default","ocean_header_style":"","ocean_center_header_left_menu":"0","ocean_custom_header_template":"0","ocean_custom_logo":0,"ocean_custom_retina_logo":0,"ocean_custom_logo_max_width":0,"ocean_custom_logo_tablet_max_width":0,"ocean_custom_logo_mobile_max_width":0,"ocean_custom_logo_max_height":0,"ocean_custom_logo_tablet_max_height":0,"ocean_custom_logo_mobile_max_height":0,"ocean_header_custom_menu":"0","ocean_menu_typo_font_family":"0","ocean_menu_typo_font_subset":"","ocean_menu_typo_font_size":0,"ocean_menu_typo_font_size_tablet":0,"ocean_menu_typo_font_size_mobile":0,"ocean_menu_typo_font_size_unit":"px","ocean_menu_typo_font_weight":"","ocean_menu_typo_font_weight_tablet":"","ocean_menu_typo_font_weight_mobile":"","ocean_menu_typo_transform":"","ocean_menu_typo_transform_tablet":"","ocean_menu_typo_transform_mobile":"","ocean_menu_typo_line_height":0,"ocean_menu_typo_line_height_tablet":0,"ocean_menu_typo_line_height_mobile":0,"ocean_menu_typo_line_height_unit":"","ocean_menu_typo_spacing":0,"ocean_menu_typo_spacing_tablet":0,"ocean_menu_typo_spacing_mobile":0,"ocean_menu_typo_spacing_unit":"","ocean_menu_link_color":"","ocean_menu_link_color_hover":"","ocean_menu_link_color_active":"","ocean_menu_link_background":"","ocean_menu_link_hover_background":"","ocean_menu_link_active_background":"","ocean_menu_social_links_bg":"","ocean_menu_social_hover_links_bg":"","ocean_menu_social_links_color":"","ocean_menu_social_hover_links_color":"","ocean_disable_title":"default","ocean_disable_heading":"default","ocean_post_title":"","ocean_post_subheading":"","ocean_post_title_style":"","ocean_post_title_background_color":"","ocean_post_title_background":0,"ocean_post_title_bg_image_position":"","ocean_post_title_bg_image_attachment":"","ocean_post_title_bg_image_repeat":"","ocean_post_title_bg_image_size":"","ocean_post_title_height":0,"ocean_post_title_bg_overlay":0.5,"ocean_post_title_bg_overlay_color":"","ocean_disable_breadcrumbs":"default","ocean_breadcrumbs_color":"","ocean_breadcrumbs_separator_color":"","ocean_breadcrumbs_links_color":"","ocean_breadcrumbs_links_hover_color":"","ocean_display_footer_widgets":"default","ocean_display_footer_bottom":"default","ocean_custom_footer_template":"0","ocean_post_oembed":"","ocean_post_self_hosted_media":"","ocean_post_video_embed":"","ocean_link_format":"","ocean_link_format_target":"self","ocean_quote_format":"","ocean_quote_format_link":"post","ocean_gallery_link_images":"off","ocean_gallery_id":[],"footnotes":""},"categories":[178],"tags":[],"class_list":["post-9466","post","type-post","status-publish","format-standard","has-post-thumbnail","hentry","category-potager","entry","has-media"],"yoast_head":"<!-- This site is optimized with the Yoast SEO plugin v27.3 - https:\/\/yoast.com\/product\/yoast-seo-wordpress\/ -->\n<title>Que planter en ao\u00fbt ? &#8211; Les Conseils sweeek<\/title>\n<meta name=\"description\" content=\"Quels fruits et l\u00e9gumes manger et planter en ao\u00fbt ? Chaque mois, sweeek vous partage sa liste d&#039;aliments de saison.\" \/>\n<meta name=\"robots\" content=\"index, follow, max-snippet:-1, max-image-preview:large, max-video-preview:-1\" \/>\n<link rel=\"canonical\" href=\"https:\/\/www.sweeek.fr\/blog\/que-planter-en-aout\/\" \/>\n<meta property=\"og:locale\" content=\"fr_FR\" \/>\n<meta property=\"og:type\" content=\"article\" \/>\n<meta property=\"og:title\" content=\"Que planter en ao\u00fbt ? &#8211; Les Conseils sweeek\" \/>\n<meta property=\"og:description\" content=\"Quels fruits et l\u00e9gumes manger et planter en ao\u00fbt ? Chaque mois, sweeek vous partage sa liste d&#039;aliments de saison.\" \/>\n<meta property=\"og:url\" content=\"https:\/\/www.sweeek.fr\/blog\/que-planter-en-aout\/\" \/>\n<meta property=\"og:site_name\" content=\"Les Conseils sweeek\" \/>\n<meta property=\"article:published_time\" content=\"2022-05-30T09:14:00+00:00\" \/>\n<meta property=\"article:modified_time\" content=\"2024-07-25T09:31:55+00:00\" \/>\n<meta property=\"og:image\" content=\"https:\/\/www.sweeek.fr\/blog\/wp-content\/uploads\/2022\/05\/fruits-et-legumes-aout.jpg\" \/>\n\t<meta property=\"og:image:width\" content=\"1024\" \/>\n\t<meta property=\"og:image:height\" content=\"682\" \/>\n\t<meta property=\"og:image:type\" content=\"image\/jpeg\" \/>\n<meta name=\"author\" content=\"Am\u00e9lie Capon\" \/>\n<meta name=\"twitter:card\" content=\"summary_large_image\" \/>\n<meta name=\"twitter:label1\" content=\"\u00c9crit par\" \/>\n\t<meta name=\"twitter:data1\" content=\"Am\u00e9lie Capon\" \/>\n\t<meta name=\"twitter:label2\" content=\"Dur\u00e9e de lecture estim\u00e9e\" \/>\n\t<meta name=\"twitter:data2\" content=\"7 minutes\" \/>\n<script type=\"application\/ld+json\" class=\"yoast-schema-graph\">{\"@context\":\"https:\\\/\\\/schema.org\",\"@graph\":[{\"@type\":\"Article\",\"@id\":\"https:\\\/\\\/www.sweeek.fr\\\/blog\\\/que-planter-en-aout\\\/#article\",\"isPartOf\":{\"@id\":\"https:\\\/\\\/www.sweeek.fr\\\/blog\\\/que-planter-en-aout\\\/\"},\"author\":{\"name\":\"Am\u00e9lie Capon\",\"@id\":\"https:\\\/\\\/www.sweeek.fr\\\/blog\\\/#\\\/schema\\\/person\\\/e97ba3e4a84bda73fe86070619e7640b\"},\"headline\":\"Que planter en ao\u00fbt ?\",\"datePublished\":\"2022-05-30T09:14:00+00:00\",\"dateModified\":\"2024-07-25T09:31:55+00:00\",\"mainEntityOfPage\":{\"@id\":\"https:\\\/\\\/www.sweeek.fr\\\/blog\\\/que-planter-en-aout\\\/\"},\"wordCount\":1191,\"commentCount\":0,\"publisher\":{\"@id\":\"https:\\\/\\\/www.sweeek.fr\\\/blog\\\/#organization\"},\"image\":{\"@id\":\"https:\\\/\\\/www.sweeek.fr\\\/blog\\\/que-planter-en-aout\\\/#primaryimage\"},\"thumbnailUrl\":\"https:\\\/\\\/www.sweeek.fr\\\/blog\\\/wp-content\\\/uploads\\\/2022\\\/05\\\/fruits-et-legumes-aout.jpg\",\"articleSection\":[\"Potager\"],\"inLanguage\":\"fr-FR\",\"potentialAction\":[{\"@type\":\"CommentAction\",\"name\":\"Comment\",\"target\":[\"https:\\\/\\\/www.sweeek.fr\\\/blog\\\/que-planter-en-aout\\\/#respond\"]}]},{\"@type\":\"WebPage\",\"@id\":\"https:\\\/\\\/www.sweeek.fr\\\/blog\\\/que-planter-en-aout\\\/\",\"url\":\"https:\\\/\\\/www.sweeek.fr\\\/blog\\\/que-planter-en-aout\\\/\",\"name\":\"Que planter en ao\u00fbt ? &#8211; Les Conseils sweeek\",\"isPartOf\":{\"@id\":\"https:\\\/\\\/www.sweeek.fr\\\/blog\\\/#website\"},\"primaryImageOfPage\":{\"@id\":\"https:\\\/\\\/www.sweeek.fr\\\/blog\\\/que-planter-en-aout\\\/#primaryimage\"},\"image\":{\"@id\":\"https:\\\/\\\/www.sweeek.fr\\\/blog\\\/que-planter-en-aout\\\/#primaryimage\"},\"thumbnailUrl\":\"https:\\\/\\\/www.sweeek.fr\\\/blog\\\/wp-content\\\/uploads\\\/2022\\\/05\\\/fruits-et-legumes-aout.jpg\",\"datePublished\":\"2022-05-30T09:14:00+00:00\",\"dateModified\":\"2024-07-25T09:31:55+00:00\",\"description\":\"Quels fruits et l\u00e9gumes manger et planter en ao\u00fbt ? Chaque mois, sweeek vous partage sa liste d'aliments de saison.\",\"breadcrumb\":{\"@id\":\"https:\\\/\\\/www.sweeek.fr\\\/blog\\\/que-planter-en-aout\\\/#breadcrumb\"},\"inLanguage\":\"fr-FR\",\"potentialAction\":[{\"@type\":\"ReadAction\",\"target\":[\"https:\\\/\\\/www.sweeek.fr\\\/blog\\\/que-planter-en-aout\\\/\"]}]},{\"@type\":\"ImageObject\",\"inLanguage\":\"fr-FR\",\"@id\":\"https:\\\/\\\/www.sweeek.fr\\\/blog\\\/que-planter-en-aout\\\/#primaryimage\",\"url\":\"https:\\\/\\\/www.sweeek.fr\\\/blog\\\/wp-content\\\/uploads\\\/2022\\\/05\\\/fruits-et-legumes-aout.jpg\",\"contentUrl\":\"https:\\\/\\\/www.sweeek.fr\\\/blog\\\/wp-content\\\/uploads\\\/2022\\\/05\\\/fruits-et-legumes-aout.jpg\",\"width\":1024,\"height\":682,\"caption\":\"fruits et legumes aout\"},{\"@type\":\"BreadcrumbList\",\"@id\":\"https:\\\/\\\/www.sweeek.fr\\\/blog\\\/que-planter-en-aout\\\/#breadcrumb\",\"itemListElement\":[{\"@type\":\"ListItem\",\"position\":1,\"name\":\"Accueil\",\"item\":\"https:\\\/\\\/www.sweeek.fr\\\/blog\\\/\"},{\"@type\":\"ListItem\",\"position\":2,\"name\":\"Que planter en ao\u00fbt ?\"}]},{\"@type\":\"WebSite\",\"@id\":\"https:\\\/\\\/www.sweeek.fr\\\/blog\\\/#website\",\"url\":\"https:\\\/\\\/www.sweeek.fr\\\/blog\\\/\",\"name\":\"Les Conseils sweeek\",\"description\":\"Conseils et inspirations\",\"publisher\":{\"@id\":\"https:\\\/\\\/www.sweeek.fr\\\/blog\\\/#organization\"},\"potentialAction\":[{\"@type\":\"SearchAction\",\"target\":{\"@type\":\"EntryPoint\",\"urlTemplate\":\"https:\\\/\\\/www.sweeek.fr\\\/blog\\\/?s={search_term_string}\"},\"query-input\":{\"@type\":\"PropertyValueSpecification\",\"valueRequired\":true,\"valueName\":\"search_term_string\"}}],\"inLanguage\":\"fr-FR\"},{\"@type\":\"Organization\",\"@id\":\"https:\\\/\\\/www.sweeek.fr\\\/blog\\\/#organization\",\"name\":\"sweeek\",\"url\":\"https:\\\/\\\/www.sweeek.fr\\\/blog\\\/\",\"logo\":{\"@type\":\"ImageObject\",\"inLanguage\":\"fr-FR\",\"@id\":\"https:\\\/\\\/www.sweeek.fr\\\/blog\\\/#\\\/schema\\\/logo\\\/image\\\/\",\"url\":\"https:\\\/\\\/www.sweeek.fr\\\/blog\\\/wp-content\\\/uploads\\\/2023\\\/10\\\/blog-sweeek-logo2.png\",\"contentUrl\":\"https:\\\/\\\/www.sweeek.fr\\\/blog\\\/wp-content\\\/uploads\\\/2023\\\/10\\\/blog-sweeek-logo2.png\",\"width\":328,\"height\":90,\"caption\":\"sweeek\"},\"image\":{\"@id\":\"https:\\\/\\\/www.sweeek.fr\\\/blog\\\/#\\\/schema\\\/logo\\\/image\\\/\"}},{\"@type\":\"Person\",\"@id\":\"https:\\\/\\\/www.sweeek.fr\\\/blog\\\/#\\\/schema\\\/person\\\/e97ba3e4a84bda73fe86070619e7640b\",\"name\":\"Am\u00e9lie Capon\",\"image\":{\"@type\":\"ImageObject\",\"inLanguage\":\"fr-FR\",\"@id\":\"https:\\\/\\\/secure.gravatar.com\\\/avatar\\\/042e4b25b2641d47117ebfaf786a00f66fd827d54a130982af74eb1f062ce832?s=96&d=mm&r=g\",\"url\":\"https:\\\/\\\/secure.gravatar.com\\\/avatar\\\/042e4b25b2641d47117ebfaf786a00f66fd827d54a130982af74eb1f062ce832?s=96&d=mm&r=g\",\"contentUrl\":\"https:\\\/\\\/secure.gravatar.com\\\/avatar\\\/042e4b25b2641d47117ebfaf786a00f66fd827d54a130982af74eb1f062ce832?s=96&d=mm&r=g\",\"caption\":\"Am\u00e9lie Capon\"}}]}<\/script>\n<!-- \/ Yoast SEO plugin. -->","yoast_head_json":{"title":"Que planter en ao\u00fbt ? &#8211; Les Conseils sweeek","description":"Quels fruits et l\u00e9gumes manger et planter en ao\u00fbt ? Chaque mois, sweeek vous partage sa liste d'aliments de saison.","robots":{"index":"index","follow":"follow","max-snippet":"max-snippet:-1","max-image-preview":"max-image-preview:large","max-video-preview":"max-video-preview:-1"},"canonical":"https:\/\/www.sweeek.fr\/blog\/que-planter-en-aout\/","og_locale":"fr_FR","og_type":"article","og_title":"Que planter en ao\u00fbt ? &#8211; Les Conseils sweeek","og_description":"Quels fruits et l\u00e9gumes manger et planter en ao\u00fbt ? Chaque mois, sweeek vous partage sa liste d'aliments de saison.","og_url":"https:\/\/www.sweeek.fr\/blog\/que-planter-en-aout\/","og_site_name":"Les Conseils sweeek","article_published_time":"2022-05-30T09:14:00+00:00","article_modified_time":"2024-07-25T09:31:55+00:00","og_image":[{"width":1024,"height":682,"url":"https:\/\/www.sweeek.fr\/blog\/wp-content\/uploads\/2022\/05\/fruits-et-legumes-aout.jpg","type":"image\/jpeg"}],"author":"Am\u00e9lie Capon","twitter_card":"summary_large_image","twitter_misc":{"\u00c9crit par":"Am\u00e9lie Capon","Dur\u00e9e de lecture estim\u00e9e":"7 minutes"},"schema":{"@context":"https:\/\/schema.org","@graph":[{"@type":"Article","@id":"https:\/\/www.sweeek.fr\/blog\/que-planter-en-aout\/#article","isPartOf":{"@id":"https:\/\/www.sweeek.fr\/blog\/que-planter-en-aout\/"},"author":{"name":"Am\u00e9lie Capon","@id":"https:\/\/www.sweeek.fr\/blog\/#\/schema\/person\/e97ba3e4a84bda73fe86070619e7640b"},"headline":"Que planter en ao\u00fbt ?","datePublished":"2022-05-30T09:14:00+00:00","dateModified":"2024-07-25T09:31:55+00:00","mainEntityOfPage":{"@id":"https:\/\/www.sweeek.fr\/blog\/que-planter-en-aout\/"},"wordCount":1191,"commentCount":0,"publisher":{"@id":"https:\/\/www.sweeek.fr\/blog\/#organization"},"image":{"@id":"https:\/\/www.sweeek.fr\/blog\/que-planter-en-aout\/#primaryimage"},"thumbnailUrl":"https:\/\/www.sweeek.fr\/blog\/wp-content\/uploads\/2022\/05\/fruits-et-legumes-aout.jpg","articleSection":["Potager"],"inLanguage":"fr-FR","potentialAction":[{"@type":"CommentAction","name":"Comment","target":["https:\/\/www.sweeek.fr\/blog\/que-planter-en-aout\/#respond"]}]},{"@type":"WebPage","@id":"https:\/\/www.sweeek.fr\/blog\/que-planter-en-aout\/","url":"https:\/\/www.sweeek.fr\/blog\/que-planter-en-aout\/","name":"Que planter en ao\u00fbt ? &#8211; Les Conseils sweeek","isPartOf":{"@id":"https:\/\/www.sweeek.fr\/blog\/#website"},"primaryImageOfPage":{"@id":"https:\/\/www.sweeek.fr\/blog\/que-planter-en-aout\/#primaryimage"},"image":{"@id":"https:\/\/www.sweeek.fr\/blog\/que-planter-en-aout\/#primaryimage"},"thumbnailUrl":"https:\/\/www.sweeek.fr\/blog\/wp-content\/uploads\/2022\/05\/fruits-et-legumes-aout.jpg","datePublished":"2022-05-30T09:14:00+00:00","dateModified":"2024-07-25T09:31:55+00:00","description":"Quels fruits et l\u00e9gumes manger et planter en ao\u00fbt ? Chaque mois, sweeek vous partage sa liste d'aliments de saison.","breadcrumb":{"@id":"https:\/\/www.sweeek.fr\/blog\/que-planter-en-aout\/#breadcrumb"},"inLanguage":"fr-FR","potentialAction":[{"@type":"ReadAction","target":["https:\/\/www.sweeek.fr\/blog\/que-planter-en-aout\/"]}]},{"@type":"ImageObject","inLanguage":"fr-FR","@id":"https:\/\/www.sweeek.fr\/blog\/que-planter-en-aout\/#primaryimage","url":"https:\/\/www.sweeek.fr\/blog\/wp-content\/uploads\/2022\/05\/fruits-et-legumes-aout.jpg","contentUrl":"https:\/\/www.sweeek.fr\/blog\/wp-content\/uploads\/2022\/05\/fruits-et-legumes-aout.jpg","width":1024,"height":682,"caption":"fruits et legumes aout"},{"@type":"BreadcrumbList","@id":"https:\/\/www.sweeek.fr\/blog\/que-planter-en-aout\/#breadcrumb","itemListElement":[{"@type":"ListItem","position":1,"name":"Accueil","item":"https:\/\/www.sweeek.fr\/blog\/"},{"@type":"ListItem","position":2,"name":"Que planter en ao\u00fbt ?"}]},{"@type":"WebSite","@id":"https:\/\/www.sweeek.fr\/blog\/#website","url":"https:\/\/www.sweeek.fr\/blog\/","name":"Les Conseils sweeek","description":"Conseils et inspirations","publisher":{"@id":"https:\/\/www.sweeek.fr\/blog\/#organization"},"potentialAction":[{"@type":"SearchAction","target":{"@type":"EntryPoint","urlTemplate":"https:\/\/www.sweeek.fr\/blog\/?s={search_term_string}"},"query-input":{"@type":"PropertyValueSpecification","valueRequired":true,"valueName":"search_term_string"}}],"inLanguage":"fr-FR"},{"@type":"Organization","@id":"https:\/\/www.sweeek.fr\/blog\/#organization","name":"sweeek","url":"https:\/\/www.sweeek.fr\/blog\/","logo":{"@type":"ImageObject","inLanguage":"fr-FR","@id":"https:\/\/www.sweeek.fr\/blog\/#\/schema\/logo\/image\/","url":"https:\/\/www.sweeek.fr\/blog\/wp-content\/uploads\/2023\/10\/blog-sweeek-logo2.png","contentUrl":"https:\/\/www.sweeek.fr\/blog\/wp-content\/uploads\/2023\/10\/blog-sweeek-logo2.png","width":328,"height":90,"caption":"sweeek"},"image":{"@id":"https:\/\/www.sweeek.fr\/blog\/#\/schema\/logo\/image\/"}},{"@type":"Person","@id":"https:\/\/www.sweeek.fr\/blog\/#\/schema\/person\/e97ba3e4a84bda73fe86070619e7640b","name":"Am\u00e9lie Capon","image":{"@type":"ImageObject","inLanguage":"fr-FR","@id":"https:\/\/secure.gravatar.com\/avatar\/042e4b25b2641d47117ebfaf786a00f66fd827d54a130982af74eb1f062ce832?s=96&d=mm&r=g","url":"https:\/\/secure.gravatar.com\/avatar\/042e4b25b2641d47117ebfaf786a00f66fd827d54a130982af74eb1f062ce832?s=96&d=mm&r=g","contentUrl":"https:\/\/secure.gravatar.com\/avatar\/042e4b25b2641d47117ebfaf786a00f66fd827d54a130982af74eb1f062ce832?s=96&d=mm&r=g","caption":"Am\u00e9lie Capon"}}]}},"uagb_featured_image_src":{"full":["https:\/\/www.sweeek.fr\/blog\/wp-content\/uploads\/2022\/05\/fruits-et-legumes-aout.jpg",1024,682,false],"thumbnail":["https:\/\/www.sweeek.fr\/blog\/wp-content\/uploads\/2022\/05\/fruits-et-legumes-aout-150x150.jpg",150,150,true],"medium":["https:\/\/www.sweeek.fr\/blog\/wp-content\/uploads\/2022\/05\/fruits-et-legumes-aout-300x200.jpg",300,200,true],"medium_large":["https:\/\/www.sweeek.fr\/blog\/wp-content\/uploads\/2022\/05\/fruits-et-legumes-aout-768x512.jpg",768,512,true],"large":["https:\/\/www.sweeek.fr\/blog\/wp-content\/uploads\/2022\/05\/fruits-et-legumes-aout.jpg",1024,682,false],"1536x1536":["https:\/\/www.sweeek.fr\/blog\/wp-content\/uploads\/2022\/05\/fruits-et-legumes-aout.jpg",1024,682,false],"2048x2048":["https:\/\/www.sweeek.fr\/blog\/wp-content\/uploads\/2022\/05\/fruits-et-legumes-aout.jpg",1024,682,false],"ocean-thumb-m":["https:\/\/www.sweeek.fr\/blog\/wp-content\/uploads\/2022\/05\/fruits-et-legumes-aout-600x600.jpg",600,600,true],"ocean-thumb-ml":["https:\/\/www.sweeek.fr\/blog\/wp-content\/uploads\/2022\/05\/fruits-et-legumes-aout-800x450.jpg",800,450,true],"ocean-thumb-l":["https:\/\/www.sweeek.fr\/blog\/wp-content\/uploads\/2022\/05\/fruits-et-legumes-aout.jpg",1024,682,false]},"uagb_author_info":{"display_name":"Am\u00e9lie Capon","author_link":"https:\/\/www.sweeek.fr\/blog"},"uagb_comment_info":0,"uagb_excerpt":"Le mois d&rsquo;ao\u00fbt est l\u00e0&nbsp;! Le soleil tape, les temp\u00e9ratures sont \u00e9lev\u00e9es, le sol est sec, l\u2019automne n\u2019est plus tr\u00e8s loin\u2026 mais \u00e7a n\u2019emp\u00eache pas d\u2019effectuer divers travaux aux jardins&nbsp;! Vacances pour les uns, jardinage pour les autres\u2026 Dans tous les cas, il convient de bien entretenir son potager bio, son verger, ses massifs de\u2026","_links":{"self":[{"href":"https:\/\/www.sweeek.fr\/blog\/wp-json\/wp\/v2\/posts\/9466","targetHints":{"allow":["GET"]}}],"collection":[{"href":"https:\/\/www.sweeek.fr\/blog\/wp-json\/wp\/v2\/posts"}],"about":[{"href":"https:\/\/www.sweeek.fr\/blog\/wp-json\/wp\/v2\/types\/post"}],"author":[{"embeddable":true,"href":"https:\/\/www.sweeek.fr\/blog\/wp-json\/wp\/v2\/users\/4"}],"replies":[{"embeddable":true,"href":"https:\/\/www.sweeek.fr\/blog\/wp-json\/wp\/v2\/comments?post=9466"}],"version-history":[{"count":10,"href":"https:\/\/www.sweeek.fr\/blog\/wp-json\/wp\/v2\/posts\/9466\/revisions"}],"predecessor-version":[{"id":19996,"href":"https:\/\/www.sweeek.fr\/blog\/wp-json\/wp\/v2\/posts\/9466\/revisions\/19996"}],"wp:featuredmedia":[{"embeddable":true,"href":"https:\/\/www.sweeek.fr\/blog\/wp-json\/wp\/v2\/media\/19738"}],"wp:attachment":[{"href":"https:\/\/www.sweeek.fr\/blog\/wp-json\/wp\/v2\/media?parent=9466"}],"wp:term":[{"taxonomy":"category","embeddable":true,"href":"https:\/\/www.sweeek.fr\/blog\/wp-json\/wp\/v2\/categories?post=9466"},{"taxonomy":"post_tag","embeddable":true,"href":"https:\/\/www.sweeek.fr\/blog\/wp-json\/wp\/v2\/tags?post=9466"}],"curies":[{"name":"wp","href":"https:\/\/api.w.org\/{rel}","templated":true}]}}