{"id":9456,"date":"2022-06-01T10:57:00","date_gmt":"2022-06-01T08:57:00","guid":{"rendered":"https:\/\/www.sweeek.fr\/blog\/?p=9456"},"modified":"2024-07-25T14:36:54","modified_gmt":"2024-07-25T12:36:54","slug":"que-planter-en-juin","status":"publish","type":"post","link":"https:\/\/www.sweeek.fr\/blog\/que-planter-en-juin\/","title":{"rendered":"Que planter en juin ?"},"content":{"rendered":"\n<p>L\u2019\u00e9t\u00e9 est enfin l\u00e0&nbsp;! Le soleil est revenu et les temp\u00e9ratures sont \u00e9lev\u00e9es&nbsp;: quoi de mieux pour faire du jardinage&nbsp;? Votre jardin est en fleurs, chaque plante est en plein d\u00e9veloppement, le potager bio commence d\u00e9j\u00e0 \u00e0 vous offrir des l\u00e9gumes, de m\u00eame que les arbres fruitiers du verger&nbsp;! C\u2019est la saison des r\u00e9coltes&nbsp;! Cependant, selon le <a href=\"https:\/\/www.sweeek.fr\/blog\/calendrier-de-plantation-pour-le-potager-et-le-jardin\/\">calendrier de culture<\/a>, il est encore possible de cultiver de nombreuses plantations, que ce soit au jardin-potager ou m\u00eame au verger. En effet, m\u00eame si la plupart des plantes sont d\u00e9j\u00e0 d\u00e9velopp\u00e9es, il est important d\u2019\u00e9chelonner et de semer ses graines de l\u00e9gumes r\u00e9guli\u00e8rement afin de profiter de nouvelles r\u00e9coltes chaque jour. Mais alors quels sont les semis \u00e0 faire au potager bio&nbsp;? Et quelles plantes ou fleurs peut-on encore planter afin de d\u00e9corer son jardin&nbsp;? les conseils sweeek vont vous servir de guide pour que le jardinage en ce d\u00e9but d\u2019\u00e9t\u00e9 n\u2019ait plus aucuns secrets pour vous&nbsp;!&nbsp;<\/p>\n\n\n<div class=\"wp-block-image\">\n<figure class=\"aligncenter size-full\"><img fetchpriority=\"high\" decoding=\"async\" width=\"700\" height=\"400\" src=\"https:\/\/www.sweeek.fr\/blog\/wp-content\/uploads\/2022\/05\/Sans-titre-2022-05-27T105718.584.png\" alt=\"legumes a planter en juin \" class=\"wp-image-9460\" srcset=\"https:\/\/www.sweeek.fr\/blog\/wp-content\/uploads\/2022\/05\/Sans-titre-2022-05-27T105718.584.png 700w, https:\/\/www.sweeek.fr\/blog\/wp-content\/uploads\/2022\/05\/Sans-titre-2022-05-27T105718.584-300x171.png 300w\" sizes=\"(max-width: 700px) 100vw, 700px\" \/><\/figure>\n<\/div>\n\n\n<h2 class=\"wp-block-heading\">Quels l\u00e9gumes planter en juin ?<\/h2>\n\n\n\n<p>Juin est un mois passionnant pour le jardinage et notamment pour cultiver des l\u00e9gumes&nbsp;! Selon le calendrier, c\u2019est le dernier mois ou il est possible de proc\u00e9der aux repiquages et \u00e0 la plantation de grandes vari\u00e9t\u00e9s de l\u00e9gumes. De plus, les gel\u00e9es et basses temp\u00e9ratures d\u2019hiver ne sont plus \u00e0 craindre, il est donc possible d\u2019effectuer toutes les plantations de semis en pleine terre. Et ils sont nombreux&nbsp;!&nbsp;<\/p>\n\n\n\n<p>Si vous n\u2019avez pas eu l\u2019occasion de travailler et de cultiver des semis au potager bio durant le printemps, il n\u2019est pas trop tard. Au d\u00e9but du mois de juin, semez&nbsp;:<\/p>\n\n\n\n<ul class=\"wp-block-list\"><li>Concombres<\/li><li>Courgettes<\/li><li>Mais<\/li><li>Courges<\/li><li>Cornichons<\/li><li>Choux (choux rouges, choux pomm\u00e9s, choux-fleurs)<\/li><li>Betteraves<\/li><li>Aubergines<\/li><\/ul>\n\n\n\n<p>Restez toutefois vigilant en d\u00e9but de mois et si vous habitez dans une r\u00e9gion fra\u00eeche&nbsp;: bien qu\u2019on soit bien loin des temp\u00e9ratures d\u2019hiver, il peut \u00eatre utile de mettre en place une protection pour les jeunes plants, afin de s\u2019assurer de leur bon d\u00e9veloppement.&nbsp;<\/p>\n\n\n\n<p>De plus, il existe encore une multitude dont les <a href=\"https:\/\/www.sweeek.fr\/blog\/comment-bien-choisir-ses-graines-pour-le-potager\/\">graines<\/a> peuvent \u00eatre plant\u00e9s au potager sous le soleil de ce mois de l\u2019ann\u00e9e&nbsp;! On retrouve \u00e9galement dans cette liste de nombreux l\u00e9gumes plant\u00e9s au printemps et dont le repiquage peut \u00eatre effectu\u00e9 en juin. Plantez des semis de&nbsp;:&nbsp;<\/p>\n\n\n\n<ul class=\"wp-block-list\"><li>Carottes&nbsp;<\/li><li>\u00c9pinards<\/li><li>Haricots verts<\/li><li>Salades (laitues, m\u00e2ches, roquettes\u2026)<\/li><li>Navets<\/li><li>Radis<\/li><li>Poireaux d\u2019automne et d\u2019hiver<\/li><li>Tomates&nbsp;<\/li><li>Poivrons<\/li><\/ul>\n\n\n\n<p>Concernant les r\u00e9coltes, vous pourrez r\u00e9colter les carottes \u00e0 la fin de l\u2019\u00e9t\u00e9 ou en automne. Autrement, semez les haricots tous les 15 jours pour avoir une r\u00e9colte r\u00e9guli\u00e8re. Faites de m\u00eame, mais dans un d\u00e9lai bien plus court pour les radis&nbsp;: vous pourrez les r\u00e9colter toutes les semaines environ.&nbsp;<\/p>\n\n\n\n<p>N\u2019oubliez pas de cultiver des plantes aromatiques qui viendront assaisonner vos salades de tomates ou de concombres&nbsp;! Semez les plantes aromatiques suivantes&nbsp;: basilic, persil, ciboulette, cerfeuil, romarin, sauge, thym, menthe, coriandre, origan\u2026<\/p>\n\n\n\n<p>Quelques conseils sur les plantations de l\u00e9gumes et leur entretien&nbsp;: semez les graines et faites les semis par temps couvert pour \u00e9viter les pertes en eau et v\u00e9rifiez que vos plants b\u00e9n\u00e9ficient d\u2019un arrosage constant afin que le sol soit propice \u00e0 leur d\u00e9veloppement.&nbsp;<\/p>\n\n\n\n<h2 class=\"wp-block-heading\">Quels arbres fruitiers planter en juin ?<\/h2>\n\n\n\n<p>Penchons-nous maintenant sur le verger et ses diff\u00e9rents arbres ou arbustes \u00e0 fruits. En juin, il est encore possible de planter des arbres fruitiers vendus en conteneurs mais ne tardez pas et plantez-les en terre en d\u00e9but de mois. En th\u00e9orie, toutes les vari\u00e9t\u00e9s d\u2019arbres \u00e0 fruits peuvent \u00eatre plant\u00e9es en ce d\u00e9but d\u2019\u00e9t\u00e9 mais privil\u00e9giez les arbres exotiques ou adapt\u00e9s \u00e0 un climat m\u00e9diterran\u00e9en&nbsp;: par exemple, plantez des goyaviers, des oliviers ou encore des bergamotiers.&nbsp;<\/p>\n\n\n\n<p>Concernant les petits arbustes, c\u2019est la p\u00e9riode de l\u2019ann\u00e9e id\u00e9ale pour planter des fraisiers des bois, des framboisiers ou encore des groseilliers&nbsp;! Ces petits fruits sont d\u00e9licieux et agr\u00e9menteront parfaitement vos salades de fruits&nbsp;!<\/p>\n\n\n\n<p>Toutefois, et cela est encore plus vrai pour les arbres \u00e0 fruits, veillez \u00e0 toujours bien pratiquer un arrosage constant et volumineux en d\u00e9but ou fin de journ\u00e9e pour \u00e9viter un ass\u00e8chement du sol d\u00fb au soleil. Les arbres ont besoin d\u2019\u00e9norm\u00e9ment d\u2019eau pour bien prendre racines dans la terre, il est donc important de bien les arroser durant le premier \u00e9t\u00e9 suivant leur plantation.&nbsp;<\/p>\n\n\n\n<h2 class=\"wp-block-heading\">Quelles fleurs et quels bulbes planter en juin ?<\/h2>\n\n\n\n<p>A pr\u00e9sent, jetons un \u0153il sur le jardin et le jardinage qu\u2019il est possible de faire en juin. Tout d&rsquo;abord, attardons-nous sur les massifs et sur les bulbes qu\u2019il convient de disposer au sein de ceux-ci pour une floraison durant l\u2019\u00e9t\u00e9 et m\u00eame jusqu\u2019\u00e0 l\u2019automne. Vous pouvez semer des graines de gla\u00efeul, canna, crocus, crocosmia ou encore de dahlia. Une plante bulbeuse aux feuilles color\u00e9es trouvera parfaitement sa place dans vos massifs ou bordures pour apporter de la couleur au paysage.&nbsp;<\/p>\n\n\n\n<p>De plus, en juin il est \u00e9galement possible de semer dans la terre des plantes annuelles et bisannuelles. Bien qu\u2019il soit presque trop tard pour les annuelles selon le calendrier, plantez ou repiquez les semis de fleurs telles que les \u0153illets ou rosiers d\u2019Inde, des adonides, cosmos, zinnias, clarkias, pois de senteur\u2026 Et pour une floraison au printemps de l\u2019ann\u00e9e prochaine, il est possible de semer des plantes bisannuelles ou vivaces&nbsp;: p\u00e2querettes, pens\u00e9es, fuschias, b\u00e9gonias, myosotis, roses\u2026 Ces fleurs apporteront couleurs et parfums \u00e0 vos massifs printaniers&nbsp;!&nbsp;<\/p>\n\n\n\n<p>Pour d\u00e9corer encore plus votre jardin, pensez \u00e0 un arbuste ou une plante grimpante d\u2019ornement&nbsp;! Pour \u00e9viter les grosses chaleurs d&rsquo;\u00e9t\u00e9, plantez-les d\u00e8s juin. Parmi ces v\u00e9g\u00e9taux, on retrouve des plantes telles que le ch\u00e8vrefeuille, le jasmin, l\u2019hibiscus, le bougainvillier, la passiflore ou encore le rosier. Leurs feuilles color\u00e9es apporteront de l\u2019\u00e9clat \u00e0 votre maison&nbsp;!&nbsp;<\/p>\n\n\n\n<p>Et encore une fois, veillez \u00e0 bien arroser r\u00e9guli\u00e8rement et correctement vos plantations pour des cultures optimales&nbsp;!&nbsp;<\/p>\n\n\n\n<h2 class=\"wp-block-heading\">Les travaux de jardinage \u00e0 pr\u00e9voir en juin<\/h2>\n\n\n\n<p>En plus des cultures et de leur r\u00e9colte, il y a une multitude de travaux de jardinage \u00e0 effectuer au sein de votre jardin.&nbsp;<\/p>\n\n\n\n<p>Dans le jardin&nbsp;: si la pelouse commence \u00e0 jaunir \u00e0 cause de la chaleur, surtout ne l&rsquo;arrosez pas. Attendez la premi\u00e8re pluie et votre gazon reverdira tout seul&nbsp;! Vous pouvez toutefois diss\u00e9miner un engrais sp\u00e9cial gazon pour une pelouse \u00e9clatante. Concernant les massifs, supprimez les fleurs fan\u00e9es pour laisser les nouvelles se d\u00e9velopper correctement. Arrosez-les de pr\u00e9f\u00e9rence le soir pour un bon enracinement dans le sol.&nbsp;<\/p>\n\n\n\n<p>Dans le verger&nbsp;: juin est la meilleure p\u00e9riode pour tailler les arbustes et arbres qui ont fleuris au printemps. Pour ceux dont la floraison arrive en \u00e9t\u00e9, mettez-leur de l\u2019engrais et arrosez-les r\u00e9guli\u00e8rement. Pour les arbres fruitiers, v\u00e9rifiez le plus souvent possible qu\u2019ils ne soient pas malades.&nbsp;<\/p>\n\n\n\n<p>Dans le potager&nbsp;: supprimez les mauvaises herbes et v\u00e9rifiez que vos semis et plants prennent bien. L\u2019eau sera un \u00e9l\u00e9ment indispensable pour cela&nbsp;! \u00c9vitez cependant de mouiller les feuilles de la plante et arrosez vraiment \u00e0 la base. V\u00e9rifiez que tomates, radis, haricots, navets ou encore courgettes se d\u00e9veloppent bien et ne sont pas attaqu\u00e9es par des nuisibles tels que des pucerons. Dans ce cas-l\u00e0, proc\u00e9dez \u00e0 un traitement de vos vari\u00e9t\u00e9s de l\u00e9gumes.&nbsp;<\/p>\n\n\n\n<p>Cet article sur les diff\u00e9rentes plantations \u00e0 effectuer que ce soit au potager ou au jardin touche \u00e0 sa fin et nous esp\u00e9rons que nos conseils vous auront \u00e9t\u00e9 utiles&nbsp;!&nbsp;<\/p>\n\n\n\n<div class=\"wp-block-group has-white-color has-text-color has-background\" style=\"background-color:#f2f2f2\"><div class=\"wp-block-group__inner-container is-layout-flow wp-block-group-is-layout-flow\">\n<h2 class=\"alignfull has-text-align-center has-black-color has-text-color wp-block-heading\" style=\"font-size:30px;font-style:normal;font-weight:400\">La s\u00e9lection de sweeek<\/h2>\n\n\n\n<div style=\"height:21px\" aria-hidden=\"true\" class=\"wp-block-spacer\"><\/div>\n\n\n\n<div class=\"wp-block-columns is-layout-flex wp-container-core-columns-is-layout-9d6595d7 wp-block-columns-is-layout-flex\">\n<div class=\"wp-block-column is-layout-flow wp-block-column-is-layout-flow\" style=\"flex-basis:100%\">\n<div class=\"wp-block-columns is-layout-flex wp-container-core-columns-is-layout-9d6595d7 wp-block-columns-is-layout-flex\">\n<div class=\"wp-block-column is-layout-flow wp-block-column-is-layout-flow\" style=\"flex-basis:100%\">\n<div class=\"wp-block-columns is-layout-flex wp-container-core-columns-is-layout-9d6595d7 wp-block-columns-is-layout-flex\">\n<div class=\"wp-block-column is-layout-flow wp-block-column-is-layout-flow\"><div class=\"wp-block-image\">\n<figure class=\"aligncenter size-large\"><a href=\"https:\/\/www.sweeek.fr\/product\/potager-en-bois-sur-pieds-et-serre-en-polycarbonate-amovible-erable-2-en-1-avec-etagere-et-geotextile-80-x-60-x-109-cm\" target=\"_blank\" rel=\"noreferrer noopener\"><img decoding=\"async\" src=\"https:\/\/www.sweeek.fr\/blog\/wp-content\/uploads\/2022\/06\/Nouveau-projet-2022-06-01T114733.815.jpg\" alt=\"Potager en bois sur pieds avec mini serre\"\/><\/a><\/figure>\n<\/div>\n\n\n<h3 class=\"has-text-align-center has-black-color has-text-color wp-block-heading\" style=\"font-style:normal;font-weight:400\">Potager en bois sur pieds avec mini serre<\/h3>\n\n\n\n<div style=\"height:15px\" aria-hidden=\"true\" class=\"wp-block-spacer\"><\/div>\n<\/div>\n\n\n\n<div class=\"wp-block-column is-layout-flow wp-block-column-is-layout-flow\"><div class=\"wp-block-image\">\n<figure class=\"aligncenter size-large\"><a href=\"https:\/\/www.sweeek.fr\/product\/table-jardinage-petunia-2-tiroirs-etabli-exterieur-bois\" target=\"_blank\" rel=\"noopener\"><img decoding=\"async\" src=\"https:\/\/sweeek.twic.pics\/products\/6647\/original\/wwkbenchnat-25d74b2d941e42f87437f8d596b21587.jpg?twic=v1\/resize=1800x1800\/resize=1500\/quality=70\" alt=\"Table de rempotage avec 2 tiroirs\n\"\/><\/a><\/figure>\n<\/div>\n\n\n<h3 class=\"has-text-align-center wp-block-heading\" style=\"font-style:normal;font-weight:400\">Table de rempotage avec 2 tiroirs<\/h3>\n\n\n\n<div style=\"height:15px\" aria-hidden=\"true\" class=\"wp-block-spacer\"><\/div>\n<\/div>\n\n\n\n<div class=\"wp-block-column is-layout-flow wp-block-column-is-layout-flow\">\n<div style=\"height:15px\" aria-hidden=\"true\" class=\"wp-block-spacer\"><\/div>\n<\/div>\n<\/div>\n<\/div>\n<\/div>\n<\/div>\n<\/div>\n<\/div><\/div>\n","protected":false},"excerpt":{"rendered":"<p>L\u2019\u00e9t\u00e9 est enfin l\u00e0&nbsp;! Le soleil est revenu et les temp\u00e9ratures sont \u00e9lev\u00e9es&nbsp;: quoi de mieux pour faire du jardinage&nbsp;? Votre jardin est en fleurs, chaque plante est en plein d\u00e9veloppement, le potager bio commence d\u00e9j\u00e0 \u00e0 vous offrir des l\u00e9gumes, de m\u00eame que les arbres fruitiers du verger&nbsp;! C\u2019est la saison des r\u00e9coltes&nbsp;! Cependant, [&hellip;]<\/p>\n","protected":false},"author":4,"featured_media":19736,"comment_status":"open","ping_status":"closed","sticky":false,"template":"","format":"standard","meta":{"inline_featured_image":false,"_uag_custom_page_level_css":"","ocean_post_layout":"","ocean_both_sidebars_style":"","ocean_both_sidebars_content_width":0,"ocean_both_sidebars_sidebars_width":0,"ocean_sidebar":"0","ocean_second_sidebar":"0","ocean_disable_margins":"enable","ocean_add_body_class":"","ocean_shortcode_before_top_bar":"","ocean_shortcode_after_top_bar":"","ocean_shortcode_before_header":"","ocean_shortcode_after_header":"","ocean_has_shortcode":"","ocean_shortcode_after_title":"","ocean_shortcode_before_footer_widgets":"","ocean_shortcode_after_footer_widgets":"","ocean_shortcode_before_footer_bottom":"","ocean_shortcode_after_footer_bottom":"","ocean_display_top_bar":"default","ocean_display_header":"default","ocean_header_style":"","ocean_center_header_left_menu":"0","ocean_custom_header_template":"0","ocean_custom_logo":0,"ocean_custom_retina_logo":0,"ocean_custom_logo_max_width":0,"ocean_custom_logo_tablet_max_width":0,"ocean_custom_logo_mobile_max_width":0,"ocean_custom_logo_max_height":0,"ocean_custom_logo_tablet_max_height":0,"ocean_custom_logo_mobile_max_height":0,"ocean_header_custom_menu":"0","ocean_menu_typo_font_family":"0","ocean_menu_typo_font_subset":"","ocean_menu_typo_font_size":0,"ocean_menu_typo_font_size_tablet":0,"ocean_menu_typo_font_size_mobile":0,"ocean_menu_typo_font_size_unit":"px","ocean_menu_typo_font_weight":"","ocean_menu_typo_font_weight_tablet":"","ocean_menu_typo_font_weight_mobile":"","ocean_menu_typo_transform":"","ocean_menu_typo_transform_tablet":"","ocean_menu_typo_transform_mobile":"","ocean_menu_typo_line_height":0,"ocean_menu_typo_line_height_tablet":0,"ocean_menu_typo_line_height_mobile":0,"ocean_menu_typo_line_height_unit":"","ocean_menu_typo_spacing":0,"ocean_menu_typo_spacing_tablet":0,"ocean_menu_typo_spacing_mobile":0,"ocean_menu_typo_spacing_unit":"","ocean_menu_link_color":"","ocean_menu_link_color_hover":"","ocean_menu_link_color_active":"","ocean_menu_link_background":"","ocean_menu_link_hover_background":"","ocean_menu_link_active_background":"","ocean_menu_social_links_bg":"","ocean_menu_social_hover_links_bg":"","ocean_menu_social_links_color":"","ocean_menu_social_hover_links_color":"","ocean_disable_title":"default","ocean_disable_heading":"default","ocean_post_title":"","ocean_post_subheading":"","ocean_post_title_style":"","ocean_post_title_background_color":"","ocean_post_title_background":0,"ocean_post_title_bg_image_position":"","ocean_post_title_bg_image_attachment":"","ocean_post_title_bg_image_repeat":"","ocean_post_title_bg_image_size":"","ocean_post_title_height":0,"ocean_post_title_bg_overlay":0.5,"ocean_post_title_bg_overlay_color":"","ocean_disable_breadcrumbs":"default","ocean_breadcrumbs_color":"","ocean_breadcrumbs_separator_color":"","ocean_breadcrumbs_links_color":"","ocean_breadcrumbs_links_hover_color":"","ocean_display_footer_widgets":"default","ocean_display_footer_bottom":"default","ocean_custom_footer_template":"0","ocean_post_oembed":"","ocean_post_self_hosted_media":"","ocean_post_video_embed":"","ocean_link_format":"","ocean_link_format_target":"self","ocean_quote_format":"","ocean_quote_format_link":"post","ocean_gallery_link_images":"off","ocean_gallery_id":[],"footnotes":""},"categories":[178],"tags":[],"class_list":["post-9456","post","type-post","status-publish","format-standard","has-post-thumbnail","hentry","category-potager","entry","has-media"],"yoast_head":"<!-- This site is optimized with the Yoast SEO plugin v27.3 - https:\/\/yoast.com\/product\/yoast-seo-wordpress\/ -->\n<title>Que planter en juin ? &#8211; Les Conseils sweeek<\/title>\n<meta name=\"description\" content=\"Quels fruits et l\u00e9gumes manger et planter en juin ? Chaque mois, sweeek vous partage sa liste d&#039;aliments de saison.\" \/>\n<meta name=\"robots\" content=\"index, follow, max-snippet:-1, max-image-preview:large, max-video-preview:-1\" \/>\n<link rel=\"canonical\" href=\"https:\/\/www.sweeek.fr\/blog\/que-planter-en-juin\/\" \/>\n<meta property=\"og:locale\" content=\"fr_FR\" \/>\n<meta property=\"og:type\" content=\"article\" \/>\n<meta property=\"og:title\" content=\"Que planter en juin ? &#8211; Les Conseils sweeek\" \/>\n<meta property=\"og:description\" content=\"Quels fruits et l\u00e9gumes manger et planter en juin ? Chaque mois, sweeek vous partage sa liste d&#039;aliments de saison.\" \/>\n<meta property=\"og:url\" content=\"https:\/\/www.sweeek.fr\/blog\/que-planter-en-juin\/\" \/>\n<meta property=\"og:site_name\" content=\"Les Conseils sweeek\" \/>\n<meta property=\"article:published_time\" content=\"2022-06-01T08:57:00+00:00\" \/>\n<meta property=\"article:modified_time\" content=\"2024-07-25T12:36:54+00:00\" \/>\n<meta property=\"og:image\" content=\"https:\/\/www.sweeek.fr\/blog\/wp-content\/uploads\/2022\/06\/fruits-et-legumes-de-juin.jpg\" \/>\n\t<meta property=\"og:image:width\" content=\"1024\" \/>\n\t<meta property=\"og:image:height\" content=\"682\" \/>\n\t<meta property=\"og:image:type\" content=\"image\/jpeg\" \/>\n<meta name=\"author\" content=\"Am\u00e9lie Capon\" \/>\n<meta name=\"twitter:card\" content=\"summary_large_image\" \/>\n<meta name=\"twitter:label1\" content=\"\u00c9crit par\" \/>\n\t<meta name=\"twitter:data1\" content=\"Am\u00e9lie Capon\" \/>\n\t<meta name=\"twitter:label2\" content=\"Dur\u00e9e de lecture estim\u00e9e\" \/>\n\t<meta name=\"twitter:data2\" content=\"8 minutes\" \/>\n<script type=\"application\/ld+json\" class=\"yoast-schema-graph\">{\"@context\":\"https:\\\/\\\/schema.org\",\"@graph\":[{\"@type\":\"Article\",\"@id\":\"https:\\\/\\\/www.sweeek.fr\\\/blog\\\/que-planter-en-juin\\\/#article\",\"isPartOf\":{\"@id\":\"https:\\\/\\\/www.sweeek.fr\\\/blog\\\/que-planter-en-juin\\\/\"},\"author\":{\"name\":\"Am\u00e9lie Capon\",\"@id\":\"https:\\\/\\\/www.sweeek.fr\\\/blog\\\/#\\\/schema\\\/person\\\/e97ba3e4a84bda73fe86070619e7640b\"},\"headline\":\"Que planter en juin ?\",\"datePublished\":\"2022-06-01T08:57:00+00:00\",\"dateModified\":\"2024-07-25T12:36:54+00:00\",\"mainEntityOfPage\":{\"@id\":\"https:\\\/\\\/www.sweeek.fr\\\/blog\\\/que-planter-en-juin\\\/\"},\"wordCount\":1366,\"commentCount\":0,\"publisher\":{\"@id\":\"https:\\\/\\\/www.sweeek.fr\\\/blog\\\/#organization\"},\"image\":{\"@id\":\"https:\\\/\\\/www.sweeek.fr\\\/blog\\\/que-planter-en-juin\\\/#primaryimage\"},\"thumbnailUrl\":\"https:\\\/\\\/www.sweeek.fr\\\/blog\\\/wp-content\\\/uploads\\\/2022\\\/06\\\/fruits-et-legumes-de-juin.jpg\",\"articleSection\":[\"Potager\"],\"inLanguage\":\"fr-FR\",\"potentialAction\":[{\"@type\":\"CommentAction\",\"name\":\"Comment\",\"target\":[\"https:\\\/\\\/www.sweeek.fr\\\/blog\\\/que-planter-en-juin\\\/#respond\"]}]},{\"@type\":\"WebPage\",\"@id\":\"https:\\\/\\\/www.sweeek.fr\\\/blog\\\/que-planter-en-juin\\\/\",\"url\":\"https:\\\/\\\/www.sweeek.fr\\\/blog\\\/que-planter-en-juin\\\/\",\"name\":\"Que planter en juin ? &#8211; Les Conseils sweeek\",\"isPartOf\":{\"@id\":\"https:\\\/\\\/www.sweeek.fr\\\/blog\\\/#website\"},\"primaryImageOfPage\":{\"@id\":\"https:\\\/\\\/www.sweeek.fr\\\/blog\\\/que-planter-en-juin\\\/#primaryimage\"},\"image\":{\"@id\":\"https:\\\/\\\/www.sweeek.fr\\\/blog\\\/que-planter-en-juin\\\/#primaryimage\"},\"thumbnailUrl\":\"https:\\\/\\\/www.sweeek.fr\\\/blog\\\/wp-content\\\/uploads\\\/2022\\\/06\\\/fruits-et-legumes-de-juin.jpg\",\"datePublished\":\"2022-06-01T08:57:00+00:00\",\"dateModified\":\"2024-07-25T12:36:54+00:00\",\"description\":\"Quels fruits et l\u00e9gumes manger et planter en juin ? Chaque mois, sweeek vous partage sa liste d'aliments de saison.\",\"breadcrumb\":{\"@id\":\"https:\\\/\\\/www.sweeek.fr\\\/blog\\\/que-planter-en-juin\\\/#breadcrumb\"},\"inLanguage\":\"fr-FR\",\"potentialAction\":[{\"@type\":\"ReadAction\",\"target\":[\"https:\\\/\\\/www.sweeek.fr\\\/blog\\\/que-planter-en-juin\\\/\"]}]},{\"@type\":\"ImageObject\",\"inLanguage\":\"fr-FR\",\"@id\":\"https:\\\/\\\/www.sweeek.fr\\\/blog\\\/que-planter-en-juin\\\/#primaryimage\",\"url\":\"https:\\\/\\\/www.sweeek.fr\\\/blog\\\/wp-content\\\/uploads\\\/2022\\\/06\\\/fruits-et-legumes-de-juin.jpg\",\"contentUrl\":\"https:\\\/\\\/www.sweeek.fr\\\/blog\\\/wp-content\\\/uploads\\\/2022\\\/06\\\/fruits-et-legumes-de-juin.jpg\",\"width\":1024,\"height\":682,\"caption\":\"fruit et legumes de juin\"},{\"@type\":\"BreadcrumbList\",\"@id\":\"https:\\\/\\\/www.sweeek.fr\\\/blog\\\/que-planter-en-juin\\\/#breadcrumb\",\"itemListElement\":[{\"@type\":\"ListItem\",\"position\":1,\"name\":\"Accueil\",\"item\":\"https:\\\/\\\/www.sweeek.fr\\\/blog\\\/\"},{\"@type\":\"ListItem\",\"position\":2,\"name\":\"Que planter en juin ?\"}]},{\"@type\":\"WebSite\",\"@id\":\"https:\\\/\\\/www.sweeek.fr\\\/blog\\\/#website\",\"url\":\"https:\\\/\\\/www.sweeek.fr\\\/blog\\\/\",\"name\":\"Les Conseils sweeek\",\"description\":\"Conseils et inspirations\",\"publisher\":{\"@id\":\"https:\\\/\\\/www.sweeek.fr\\\/blog\\\/#organization\"},\"potentialAction\":[{\"@type\":\"SearchAction\",\"target\":{\"@type\":\"EntryPoint\",\"urlTemplate\":\"https:\\\/\\\/www.sweeek.fr\\\/blog\\\/?s={search_term_string}\"},\"query-input\":{\"@type\":\"PropertyValueSpecification\",\"valueRequired\":true,\"valueName\":\"search_term_string\"}}],\"inLanguage\":\"fr-FR\"},{\"@type\":\"Organization\",\"@id\":\"https:\\\/\\\/www.sweeek.fr\\\/blog\\\/#organization\",\"name\":\"sweeek\",\"url\":\"https:\\\/\\\/www.sweeek.fr\\\/blog\\\/\",\"logo\":{\"@type\":\"ImageObject\",\"inLanguage\":\"fr-FR\",\"@id\":\"https:\\\/\\\/www.sweeek.fr\\\/blog\\\/#\\\/schema\\\/logo\\\/image\\\/\",\"url\":\"https:\\\/\\\/www.sweeek.fr\\\/blog\\\/wp-content\\\/uploads\\\/2023\\\/10\\\/blog-sweeek-logo2.png\",\"contentUrl\":\"https:\\\/\\\/www.sweeek.fr\\\/blog\\\/wp-content\\\/uploads\\\/2023\\\/10\\\/blog-sweeek-logo2.png\",\"width\":328,\"height\":90,\"caption\":\"sweeek\"},\"image\":{\"@id\":\"https:\\\/\\\/www.sweeek.fr\\\/blog\\\/#\\\/schema\\\/logo\\\/image\\\/\"}},{\"@type\":\"Person\",\"@id\":\"https:\\\/\\\/www.sweeek.fr\\\/blog\\\/#\\\/schema\\\/person\\\/e97ba3e4a84bda73fe86070619e7640b\",\"name\":\"Am\u00e9lie Capon\",\"image\":{\"@type\":\"ImageObject\",\"inLanguage\":\"fr-FR\",\"@id\":\"https:\\\/\\\/secure.gravatar.com\\\/avatar\\\/042e4b25b2641d47117ebfaf786a00f66fd827d54a130982af74eb1f062ce832?s=96&d=mm&r=g\",\"url\":\"https:\\\/\\\/secure.gravatar.com\\\/avatar\\\/042e4b25b2641d47117ebfaf786a00f66fd827d54a130982af74eb1f062ce832?s=96&d=mm&r=g\",\"contentUrl\":\"https:\\\/\\\/secure.gravatar.com\\\/avatar\\\/042e4b25b2641d47117ebfaf786a00f66fd827d54a130982af74eb1f062ce832?s=96&d=mm&r=g\",\"caption\":\"Am\u00e9lie Capon\"}}]}<\/script>\n<!-- \/ Yoast SEO plugin. -->","yoast_head_json":{"title":"Que planter en juin ? &#8211; Les Conseils sweeek","description":"Quels fruits et l\u00e9gumes manger et planter en juin ? Chaque mois, sweeek vous partage sa liste d'aliments de saison.","robots":{"index":"index","follow":"follow","max-snippet":"max-snippet:-1","max-image-preview":"max-image-preview:large","max-video-preview":"max-video-preview:-1"},"canonical":"https:\/\/www.sweeek.fr\/blog\/que-planter-en-juin\/","og_locale":"fr_FR","og_type":"article","og_title":"Que planter en juin ? &#8211; Les Conseils sweeek","og_description":"Quels fruits et l\u00e9gumes manger et planter en juin ? Chaque mois, sweeek vous partage sa liste d'aliments de saison.","og_url":"https:\/\/www.sweeek.fr\/blog\/que-planter-en-juin\/","og_site_name":"Les Conseils sweeek","article_published_time":"2022-06-01T08:57:00+00:00","article_modified_time":"2024-07-25T12:36:54+00:00","og_image":[{"width":1024,"height":682,"url":"https:\/\/www.sweeek.fr\/blog\/wp-content\/uploads\/2022\/06\/fruits-et-legumes-de-juin.jpg","type":"image\/jpeg"}],"author":"Am\u00e9lie Capon","twitter_card":"summary_large_image","twitter_misc":{"\u00c9crit par":"Am\u00e9lie Capon","Dur\u00e9e de lecture estim\u00e9e":"8 minutes"},"schema":{"@context":"https:\/\/schema.org","@graph":[{"@type":"Article","@id":"https:\/\/www.sweeek.fr\/blog\/que-planter-en-juin\/#article","isPartOf":{"@id":"https:\/\/www.sweeek.fr\/blog\/que-planter-en-juin\/"},"author":{"name":"Am\u00e9lie Capon","@id":"https:\/\/www.sweeek.fr\/blog\/#\/schema\/person\/e97ba3e4a84bda73fe86070619e7640b"},"headline":"Que planter en juin ?","datePublished":"2022-06-01T08:57:00+00:00","dateModified":"2024-07-25T12:36:54+00:00","mainEntityOfPage":{"@id":"https:\/\/www.sweeek.fr\/blog\/que-planter-en-juin\/"},"wordCount":1366,"commentCount":0,"publisher":{"@id":"https:\/\/www.sweeek.fr\/blog\/#organization"},"image":{"@id":"https:\/\/www.sweeek.fr\/blog\/que-planter-en-juin\/#primaryimage"},"thumbnailUrl":"https:\/\/www.sweeek.fr\/blog\/wp-content\/uploads\/2022\/06\/fruits-et-legumes-de-juin.jpg","articleSection":["Potager"],"inLanguage":"fr-FR","potentialAction":[{"@type":"CommentAction","name":"Comment","target":["https:\/\/www.sweeek.fr\/blog\/que-planter-en-juin\/#respond"]}]},{"@type":"WebPage","@id":"https:\/\/www.sweeek.fr\/blog\/que-planter-en-juin\/","url":"https:\/\/www.sweeek.fr\/blog\/que-planter-en-juin\/","name":"Que planter en juin ? &#8211; Les Conseils sweeek","isPartOf":{"@id":"https:\/\/www.sweeek.fr\/blog\/#website"},"primaryImageOfPage":{"@id":"https:\/\/www.sweeek.fr\/blog\/que-planter-en-juin\/#primaryimage"},"image":{"@id":"https:\/\/www.sweeek.fr\/blog\/que-planter-en-juin\/#primaryimage"},"thumbnailUrl":"https:\/\/www.sweeek.fr\/blog\/wp-content\/uploads\/2022\/06\/fruits-et-legumes-de-juin.jpg","datePublished":"2022-06-01T08:57:00+00:00","dateModified":"2024-07-25T12:36:54+00:00","description":"Quels fruits et l\u00e9gumes manger et planter en juin ? Chaque mois, sweeek vous partage sa liste d'aliments de saison.","breadcrumb":{"@id":"https:\/\/www.sweeek.fr\/blog\/que-planter-en-juin\/#breadcrumb"},"inLanguage":"fr-FR","potentialAction":[{"@type":"ReadAction","target":["https:\/\/www.sweeek.fr\/blog\/que-planter-en-juin\/"]}]},{"@type":"ImageObject","inLanguage":"fr-FR","@id":"https:\/\/www.sweeek.fr\/blog\/que-planter-en-juin\/#primaryimage","url":"https:\/\/www.sweeek.fr\/blog\/wp-content\/uploads\/2022\/06\/fruits-et-legumes-de-juin.jpg","contentUrl":"https:\/\/www.sweeek.fr\/blog\/wp-content\/uploads\/2022\/06\/fruits-et-legumes-de-juin.jpg","width":1024,"height":682,"caption":"fruit et legumes de juin"},{"@type":"BreadcrumbList","@id":"https:\/\/www.sweeek.fr\/blog\/que-planter-en-juin\/#breadcrumb","itemListElement":[{"@type":"ListItem","position":1,"name":"Accueil","item":"https:\/\/www.sweeek.fr\/blog\/"},{"@type":"ListItem","position":2,"name":"Que planter en juin ?"}]},{"@type":"WebSite","@id":"https:\/\/www.sweeek.fr\/blog\/#website","url":"https:\/\/www.sweeek.fr\/blog\/","name":"Les Conseils sweeek","description":"Conseils et inspirations","publisher":{"@id":"https:\/\/www.sweeek.fr\/blog\/#organization"},"potentialAction":[{"@type":"SearchAction","target":{"@type":"EntryPoint","urlTemplate":"https:\/\/www.sweeek.fr\/blog\/?s={search_term_string}"},"query-input":{"@type":"PropertyValueSpecification","valueRequired":true,"valueName":"search_term_string"}}],"inLanguage":"fr-FR"},{"@type":"Organization","@id":"https:\/\/www.sweeek.fr\/blog\/#organization","name":"sweeek","url":"https:\/\/www.sweeek.fr\/blog\/","logo":{"@type":"ImageObject","inLanguage":"fr-FR","@id":"https:\/\/www.sweeek.fr\/blog\/#\/schema\/logo\/image\/","url":"https:\/\/www.sweeek.fr\/blog\/wp-content\/uploads\/2023\/10\/blog-sweeek-logo2.png","contentUrl":"https:\/\/www.sweeek.fr\/blog\/wp-content\/uploads\/2023\/10\/blog-sweeek-logo2.png","width":328,"height":90,"caption":"sweeek"},"image":{"@id":"https:\/\/www.sweeek.fr\/blog\/#\/schema\/logo\/image\/"}},{"@type":"Person","@id":"https:\/\/www.sweeek.fr\/blog\/#\/schema\/person\/e97ba3e4a84bda73fe86070619e7640b","name":"Am\u00e9lie Capon","image":{"@type":"ImageObject","inLanguage":"fr-FR","@id":"https:\/\/secure.gravatar.com\/avatar\/042e4b25b2641d47117ebfaf786a00f66fd827d54a130982af74eb1f062ce832?s=96&d=mm&r=g","url":"https:\/\/secure.gravatar.com\/avatar\/042e4b25b2641d47117ebfaf786a00f66fd827d54a130982af74eb1f062ce832?s=96&d=mm&r=g","contentUrl":"https:\/\/secure.gravatar.com\/avatar\/042e4b25b2641d47117ebfaf786a00f66fd827d54a130982af74eb1f062ce832?s=96&d=mm&r=g","caption":"Am\u00e9lie Capon"}}]}},"uagb_featured_image_src":{"full":["https:\/\/www.sweeek.fr\/blog\/wp-content\/uploads\/2022\/06\/fruits-et-legumes-de-juin.jpg",1024,682,false],"thumbnail":["https:\/\/www.sweeek.fr\/blog\/wp-content\/uploads\/2022\/06\/fruits-et-legumes-de-juin-150x150.jpg",150,150,true],"medium":["https:\/\/www.sweeek.fr\/blog\/wp-content\/uploads\/2022\/06\/fruits-et-legumes-de-juin-300x200.jpg",300,200,true],"medium_large":["https:\/\/www.sweeek.fr\/blog\/wp-content\/uploads\/2022\/06\/fruits-et-legumes-de-juin-768x512.jpg",768,512,true],"large":["https:\/\/www.sweeek.fr\/blog\/wp-content\/uploads\/2022\/06\/fruits-et-legumes-de-juin.jpg",1024,682,false],"1536x1536":["https:\/\/www.sweeek.fr\/blog\/wp-content\/uploads\/2022\/06\/fruits-et-legumes-de-juin.jpg",1024,682,false],"2048x2048":["https:\/\/www.sweeek.fr\/blog\/wp-content\/uploads\/2022\/06\/fruits-et-legumes-de-juin.jpg",1024,682,false],"ocean-thumb-m":["https:\/\/www.sweeek.fr\/blog\/wp-content\/uploads\/2022\/06\/fruits-et-legumes-de-juin-600x600.jpg",600,600,true],"ocean-thumb-ml":["https:\/\/www.sweeek.fr\/blog\/wp-content\/uploads\/2022\/06\/fruits-et-legumes-de-juin-800x450.jpg",800,450,true],"ocean-thumb-l":["https:\/\/www.sweeek.fr\/blog\/wp-content\/uploads\/2022\/06\/fruits-et-legumes-de-juin.jpg",1024,682,false]},"uagb_author_info":{"display_name":"Am\u00e9lie Capon","author_link":"https:\/\/www.sweeek.fr\/blog"},"uagb_comment_info":0,"uagb_excerpt":"L\u2019\u00e9t\u00e9 est enfin l\u00e0&nbsp;! Le soleil est revenu et les temp\u00e9ratures sont \u00e9lev\u00e9es&nbsp;: quoi de mieux pour faire du jardinage&nbsp;? Votre jardin est en fleurs, chaque plante est en plein d\u00e9veloppement, le potager bio commence d\u00e9j\u00e0 \u00e0 vous offrir des l\u00e9gumes, de m\u00eame que les arbres fruitiers du verger&nbsp;! C\u2019est la saison des r\u00e9coltes&nbsp;! Cependant,\u2026","_links":{"self":[{"href":"https:\/\/www.sweeek.fr\/blog\/wp-json\/wp\/v2\/posts\/9456","targetHints":{"allow":["GET"]}}],"collection":[{"href":"https:\/\/www.sweeek.fr\/blog\/wp-json\/wp\/v2\/posts"}],"about":[{"href":"https:\/\/www.sweeek.fr\/blog\/wp-json\/wp\/v2\/types\/post"}],"author":[{"embeddable":true,"href":"https:\/\/www.sweeek.fr\/blog\/wp-json\/wp\/v2\/users\/4"}],"replies":[{"embeddable":true,"href":"https:\/\/www.sweeek.fr\/blog\/wp-json\/wp\/v2\/comments?post=9456"}],"version-history":[{"count":9,"href":"https:\/\/www.sweeek.fr\/blog\/wp-json\/wp\/v2\/posts\/9456\/revisions"}],"predecessor-version":[{"id":20006,"href":"https:\/\/www.sweeek.fr\/blog\/wp-json\/wp\/v2\/posts\/9456\/revisions\/20006"}],"wp:featuredmedia":[{"embeddable":true,"href":"https:\/\/www.sweeek.fr\/blog\/wp-json\/wp\/v2\/media\/19736"}],"wp:attachment":[{"href":"https:\/\/www.sweeek.fr\/blog\/wp-json\/wp\/v2\/media?parent=9456"}],"wp:term":[{"taxonomy":"category","embeddable":true,"href":"https:\/\/www.sweeek.fr\/blog\/wp-json\/wp\/v2\/categories?post=9456"},{"taxonomy":"post_tag","embeddable":true,"href":"https:\/\/www.sweeek.fr\/blog\/wp-json\/wp\/v2\/tags?post=9456"}],"curies":[{"name":"wp","href":"https:\/\/api.w.org\/{rel}","templated":true}]}}