{"id":9448,"date":"2022-06-03T10:46:00","date_gmt":"2022-06-03T08:46:00","guid":{"rendered":"https:\/\/www.sweeek.fr\/blog\/?p=9448"},"modified":"2024-07-25T14:21:15","modified_gmt":"2024-07-25T12:21:15","slug":"que-planter-en-avril","status":"publish","type":"post","link":"https:\/\/www.sweeek.fr\/blog\/que-planter-en-avril\/","title":{"rendered":"Que planter en avril&nbsp;?"},"content":{"rendered":"\n<p>Au mois d\u2019avril, quelle que soit la r\u00e9gion o\u00f9 vous habitez, les jours sont bien plus longs qu\u2019en hiver et les temp\u00e9ratures montent consid\u00e9rablement. Il est temps de repartir faire de longues sessions de jardinage sous le soleil du printemps&nbsp;! Le potager, le verger et les massifs de fleurs n\u2019attendent que vous pour se d\u00e9velopper et en faire l\u2019entretien. Mais alors quelles graines de l\u00e9gumes semer dans le potager bio en avril&nbsp;? Et quels sont les arbres fruitiers, v\u00e9g\u00e9taux et autres semis du jardin qu\u2019il faut favoriser durant ce mois&nbsp;? les conseils sweeek vont vous servir de guide pour que les travaux du jardin au mois d\u2019avril n&rsquo;aient plus aucun secrets pour vous&nbsp;!&nbsp;<\/p>\n\n\n<div class=\"wp-block-image\">\n<figure class=\"aligncenter size-full\"><img fetchpriority=\"high\" decoding=\"async\" width=\"700\" height=\"400\" src=\"https:\/\/www.sweeek.fr\/blog\/wp-content\/uploads\/2022\/05\/Sans-titre-2022-05-27T104403.428.png\" alt=\"legumes a planter en avril\" class=\"wp-image-9449\" srcset=\"https:\/\/www.sweeek.fr\/blog\/wp-content\/uploads\/2022\/05\/Sans-titre-2022-05-27T104403.428.png 700w, https:\/\/www.sweeek.fr\/blog\/wp-content\/uploads\/2022\/05\/Sans-titre-2022-05-27T104403.428-300x171.png 300w\" sizes=\"(max-width: 700px) 100vw, 700px\" \/><\/figure>\n<\/div>\n\n\n<h2 class=\"wp-block-heading\">Quels l\u00e9gumes planter en avril ?<\/h2>\n\n\n\n<p>Tout d\u2019abord, penchons-nous sur les l\u00e9gumes et plantes aromatiques qu\u2019il convient de planter durant ce mois de printemps au climat agr\u00e9able. En effet, avec la fin de l\u2019hiver et le retour de temp\u00e9ratures propices aux cultures, il faut soigneusement s\u00e9lectionner les semis de l\u00e9gumes qui composeront votre potager bio. Veillez \u00e0 ce que votre espace de culture soit bien riche en nutriments en disposant pr\u00e9alablement de l\u2019engrais (<a href=\"https:\/\/www.sweeek.fr\/blog\/quoi-mettre-dans-composteur\/\">compost<\/a>, <a href=\"https:\/\/www.sweeek.fr\/blog\/lombricompost-fonctionnement-utilisation\/\">lombricompost<\/a> ou terreau). Faites cependant attention aux vagues de froid qui peuvent soudainement appara\u00eetre durant cette p\u00e9riode du <a href=\"https:\/\/www.sweeek.fr\/blog\/calendrier-de-plantation-pour-le-potager-et-le-jardin\/\">calendrier<\/a> et qui risqueraient de ruiner vos plantations.&nbsp;<\/p>\n\n\n\n<p>Voici une liste des l\u00e9gumes et autres semis que vous pouvez semer en pleine terre au sein de votre potager&nbsp;:&nbsp;<\/p>\n\n\n\n<ul class=\"wp-block-list\"><li>Poireaux<\/li><li>Pois&nbsp;<\/li><li>Haricots<\/li><li>F\u00e8ves<\/li><li>Carottes<\/li><li>Radis<\/li><li>Brocolis<\/li><li>Choux-fleurs et autres vari\u00e9t\u00e9s de choux&nbsp;: le chou pomm\u00e9, chou de Bruxelles et chou rave<\/li><li>\u00c9pinards<\/li><li>Concombres&nbsp;<\/li><li>Roquette, m\u00e2che et laitue<\/li><li>Oignons&nbsp;<\/li><li>Navets<\/li><\/ul>\n\n\n\n<p>Il est \u00e9galement possible de commencer plusieurs semis d\u2019int\u00e9rieur (sous une <a href=\"https:\/\/www.sweeek.fr\/blog\/comment-choisir-sa-serre-de-jardin\/\">serre tunnel<\/a> par exemple ou m\u00eame \u00e0 l\u2019int\u00e9rieur de chez vous) au d\u00e9but du mois d\u2019avril puis de proc\u00e9der \u00e0 un repiquage dans le sol&nbsp;de votre potager en fin de mois. Les l\u00e9gumes concern\u00e9s sont nombreux&nbsp;: tomates, courgettes, oignons, melons, aubergines, radis, choux fris\u00e9s, carottes, le fenouil\u2026<\/p>\n\n\n\n<p>En avril, semez \u00e9galement des herbes aromatiques&nbsp;! En effet, c\u2019est la p\u00e9riode id\u00e9ale pour planter des herbes qui viendront garnir vos salades de tomates une fois l\u2019\u00e9t\u00e9 venu&nbsp;!&nbsp;<\/p>\n\n\n\n<p>Plantez&nbsp;:&nbsp;<\/p>\n\n\n\n<ul class=\"wp-block-list\"><li>Persil<\/li><li>Thym<\/li><li>Origan<\/li><li>Ciboulette<\/li><li>Menthe<\/li><li>Aneth<\/li><li>Basilic<\/li><li>Oseille<\/li><li>Coriandre<\/li><\/ul>\n\n\n\n<h2 class=\"wp-block-heading\">Quels arbres fruitiers planter en avril ?<\/h2>\n\n\n\n<p>Les arbres fruitiers de votre verger sont en pleine floraison&nbsp;et des fruits commencent \u00e0 appara\u00eetre : le printemps est de retour&nbsp;! Avril est un des derniers mois du calendrier durant lequel vous pouvez am\u00e9nager votre verger. Malheureusement, il sera trop tard pour planter des arbres en racines nues mais vous pouvez toujours planter les fruitiers vendus en container. Il faudra cependant que vous soyez vigilant sur l\u2019arrosage car les v\u00e9g\u00e9taux en conteneur auront des racines moins robustes et vigoureux que les arbres plant\u00e9s en racines nues. Il faut donc qu\u2019ils profitent de bonnes conditions climatiques&nbsp;: plantez-les \u00e0 l\u2019abri du vent, derri\u00e8re la maison par exemple, et dans un endroit ayant une bonne exposition au soleil tout au long de la saison, afin de profiter d\u2019une belle r\u00e9colte !&nbsp;<\/p>\n\n\n\n<p>Une petite liste des arbres qu\u2019il est encore possible de planter en avril&nbsp;:&nbsp;<\/p>\n\n\n\n<ul class=\"wp-block-list\"><li>Cerisier<\/li><li>Pommier<\/li><li>Poirier<\/li><li>Abricotier<\/li><li>Citronnier<\/li><li>Figuier<\/li><li>Noyer&nbsp;<\/li><li>Olivier<\/li><li>Oranger<\/li><li>Prunier<\/li><\/ul>\n\n\n\n<p>C\u2019est aussi le dernier moment pour planter des petits arbres \u00e0 fruit qui donneront des groseilles, des framboises, des fraises ou encore du cassis.&nbsp;<\/p>\n\n\n\n<h2 class=\"wp-block-heading\">Quelles fleurs et quels bulbes planter en avril ?<\/h2>\n\n\n\n<p>On est en avril et c\u2019est le mois id\u00e9al pour semer des bulbes de fleurs ou autres plantes pour que le jardinier que vous \u00eates s\u2019\u00e9merveille devant les couleurs de la nature une fois la saison de la floraison arriv\u00e9e&nbsp;! Cependant, il convient de bien s\u2019informer et de suivre les conseils sur les diff\u00e9rents types de plants qu\u2019il est possible ou non de disposer au sein de vos massifs&nbsp;: par exemple, certaines vari\u00e9t\u00e9s doivent \u00eatre prot\u00e9g\u00e9es des temp\u00e9ratures du matin, qui peuvent s\u2019av\u00e9rer encore tr\u00e8s fra\u00eeches \u00e0 cette p\u00e9riode de l\u2019ann\u00e9e.&nbsp;<\/p>\n\n\n\n<h3 class=\"wp-block-heading\">Fleurs en pots ou jardini\u00e8res&nbsp;<\/h3>\n\n\n\n<p>Une fleur ou plante en pot ne craint pas le froid ou le vent car elle est souvent dispos\u00e9e sur une terrasse ou un balcon, \u00e0 l\u2019abri du sol froid. On peut donc se permettre de proc\u00e9der \u00e0 la plantation des semis d\u00e8s le d\u00e9but du mois. Si vous voulez du volume dans votre pot, semez des graines de gaura, lantana ou encore diascia. Parmi les plantes et fleurs qui iront \u00e9galement tr\u00e8s bien sur votre balcon ou terrasse, on retrouve des plantes annuelles, vivaces et des arbustes&nbsp;: p\u00e9tunia, \u0153illet, n\u00e9m\u00e9sia, g\u00e9ranium, verveine, bidens, bacopa\u2026<\/p>\n\n\n\n<h3 class=\"wp-block-heading\">Fleurs en pleine terre<\/h3>\n\n\n\n<p>Ces fleurs iront agr\u00e9menter vos massifs et plus g\u00e9n\u00e9ralement votre jardin pour obtenir un parfait m\u00e9lange de couleurs et de parfums. Parmi les fleurs et plantations qui peuvent \u00eatre plant\u00e9s directement dans le sol au sein de vos massifs on retrouve&nbsp;: coquelicot, capucine, bleuet, belle-de-jour, nigelle de Damas, julienne de Mahon\u2026 Au contraire, il y a plusieurs autres vari\u00e9t\u00e9s qu\u2019il est conseill\u00e9 de planter durant la deuxi\u00e8me quinzaine du mois et pr\u00e9f\u00e9rablement sous abri (serre tunnel ou autre)&nbsp;: plantez des roses et \u0153illets, marguerites, gla\u00efeuls, digitales, de l\u2019acanthe, zinnia, verveine, lavat\u00e8re ou encore du tabac d\u2019ornement.&nbsp;<\/p>\n\n\n\n<p>Un dernier conseil&nbsp;: faites vraiment attention aux conditions climatiques en cette p\u00e9riode de l\u2019ann\u00e9e&nbsp;! Des vagues de froid et donc des gel\u00e9es peuvent arriver sans crier gare et chaque plante s\u2019en trouvera malmen\u00e9e. Ainsi, il est pr\u00e9f\u00e9rable de cultiver ses plantes sous abri le plus longtemps possible jusqu\u2019\u00e0 \u00eatre s\u00fbr que le danger du gel est \u00e9cart\u00e9.&nbsp;<\/p>\n\n\n\n<h2 class=\"wp-block-heading\">Les travaux de jardinage \u00e0 pr\u00e9voir en avril<\/h2>\n\n\n\n<p>Le printemps est de retour et il est grand temps de sortir de la maison et de s\u2019activer dans le jardin&nbsp;! Mis \u00e0 part la plantation de graines au potager ou de fleurs et arbustes dans les massifs, il y a une multitude d\u2019am\u00e9nagements \u00e0 mettre en place au jardin.&nbsp;<\/p>\n\n\n\n<p>Dans le potager bio, pr\u00e9parez la terre en la b\u00eachant puis dispersez du compost ou du terreau qui sera du tr\u00e8s bon engrais afin que vos plantations soient bien nourries et se d\u00e9veloppent au mieux. Pr\u00e9parez \u00e9galement les <a href=\"https:\/\/www.sweeek.fr\/blog\/que-planter-dans-un-carre-potager\/\">carr\u00e9s potagers<\/a> en fonction de ce que vous voulez cultiver&nbsp;: par exemple, commencez \u00e0 pr\u00e9parer les tuteurs pour les plants de tomates.&nbsp;<\/p>\n\n\n\n<p>Dans le verger, plantez de nouveaux arbres fruitiers, taillez les branches des anciens pour qu\u2019ils profitent d\u2019une bonne exposition au soleil et laissent de la place aux autres v\u00e9g\u00e9taux, afin d\u2019avoir une r\u00e9colte riche et vari\u00e9e. Pensez \u00e9galement \u00e0 planter des petits fruits tels que les framboisiers ou les fraisiers.&nbsp;<\/p>\n\n\n\n<p>Dans le jardin, commencez par supprimer les <a href=\"https:\/\/www.sweeek.fr\/blog\/mauvaises-herbes-au-potager-comment-gerer\/\">mauvaises herbes<\/a> des massifs et semez un nouveau gazon. Ce gazon aura besoin de tontes r\u00e9guli\u00e8res pour un entretien efficace. Dans les massifs, plantez arbres et arbustes pour donner du volume au paysage. Et s\u2019il n\u2019y a pas de risque de gel\u00e9es vous pouvez semer ou bien repiquer vos fleurs et plantes annuelles en pleine terre. Pour finir, taillez et entretenez les haies de votre jardin.&nbsp;<\/p>\n\n\n\n<p>Ce guide sur les diff\u00e9rentes plantations et am\u00e9nagements \u00e0 faire dans le jardin au mois d\u2019avril touche maintenant \u00e0 sa fin et nous esp\u00e9rons que les conseils prodigu\u00e9s vous ont \u00e9clair\u00e9s et que l\u2019entretien de votre potager ou de votre verger n\u2019a d\u00e9sormais plus de secret pour vous&nbsp;!&nbsp;<\/p>\n\n\n\n<div class=\"wp-block-group has-white-color has-text-color has-background\" style=\"background-color:#f2f2f2\"><div class=\"wp-block-group__inner-container is-layout-flow wp-block-group-is-layout-flow\">\n<h2 class=\"alignfull has-text-align-center has-black-color has-text-color wp-block-heading\" style=\"font-size:30px;font-style:normal;font-weight:400\">La s\u00e9lection de sweeek<\/h2>\n\n\n\n<div style=\"height:21px\" aria-hidden=\"true\" class=\"wp-block-spacer\"><\/div>\n\n\n\n<div class=\"wp-block-columns is-layout-flex wp-container-core-columns-is-layout-9d6595d7 wp-block-columns-is-layout-flex\">\n<div class=\"wp-block-column is-layout-flow wp-block-column-is-layout-flow\" style=\"flex-basis:100%\">\n<div class=\"wp-block-columns is-layout-flex wp-container-core-columns-is-layout-9d6595d7 wp-block-columns-is-layout-flex\">\n<div class=\"wp-block-column is-layout-flow wp-block-column-is-layout-flow\" style=\"flex-basis:100%\">\n<div class=\"wp-block-columns is-layout-flex wp-container-core-columns-is-layout-9d6595d7 wp-block-columns-is-layout-flex\">\n<div class=\"wp-block-column is-layout-flow wp-block-column-is-layout-flow\"><div class=\"wp-block-image\">\n<figure class=\"aligncenter size-large\"><a href=\"https:\/\/www.sweeek.fr\/product\/potager-en-bois-sur-pieds-et-serre-en-polycarbonate-amovible-erable-2-en-1-avec-etagere-et-geotextile-80-x-60-x-109-cm\" target=\"_blank\" rel=\"noreferrer noopener\"><img decoding=\"async\" src=\"https:\/\/www.sweeek.fr\/blog\/wp-content\/uploads\/2022\/06\/Nouveau-projet-2022-06-01T114733.815.jpg\" alt=\"Potager en bois sur pieds avec mini serre\"\/><\/a><\/figure>\n<\/div>\n\n\n<h3 class=\"has-text-align-center has-black-color has-text-color wp-block-heading\" style=\"font-style:normal;font-weight:400\">Potager en bois sur pieds avec mini serre<\/h3>\n\n\n\n<div style=\"height:15px\" aria-hidden=\"true\" class=\"wp-block-spacer\"><\/div>\n<\/div>\n\n\n\n<div class=\"wp-block-column is-layout-flow wp-block-column-is-layout-flow\"><div class=\"wp-block-image\">\n<figure class=\"aligncenter size-large\"><a href=\"https:\/\/www.sweeek.fr\/product\/table-jardinage-petunia-2-tiroirs-etabli-exterieur-bois\" target=\"_blank\" rel=\"noopener\"><img decoding=\"async\" src=\"https:\/\/sweeek.twic.pics\/products\/6647\/original\/wwkbenchnat-25d74b2d941e42f87437f8d596b21587.jpg?twic=v1\/resize=1800x1800\/resize=1500\/quality=70\" alt=\"Table de rempotage avec 2 tiroirs\n\"\/><\/a><\/figure>\n<\/div>\n\n\n<h3 class=\"has-text-align-center wp-block-heading\" style=\"font-style:normal;font-weight:400\">Table de rempotage avec 2 tiroirs<\/h3>\n\n\n\n<div style=\"height:15px\" aria-hidden=\"true\" class=\"wp-block-spacer\"><\/div>\n<\/div>\n\n\n\n<div class=\"wp-block-column is-layout-flow wp-block-column-is-layout-flow\">\n<div style=\"height:15px\" aria-hidden=\"true\" class=\"wp-block-spacer\"><\/div>\n<\/div>\n<\/div>\n<\/div>\n<\/div>\n<\/div>\n<\/div>\n<\/div><\/div>\n","protected":false},"excerpt":{"rendered":"<p>Au mois d\u2019avril, quelle que soit la r\u00e9gion o\u00f9 vous habitez, les jours sont bien plus longs qu\u2019en hiver et les temp\u00e9ratures montent consid\u00e9rablement. Il est temps de repartir faire de longues sessions de jardinage sous le soleil du printemps&nbsp;! Le potager, le verger et les massifs de fleurs n\u2019attendent que vous pour se d\u00e9velopper [&hellip;]<\/p>\n","protected":false},"author":4,"featured_media":19740,"comment_status":"open","ping_status":"closed","sticky":false,"template":"","format":"standard","meta":{"inline_featured_image":false,"_uag_custom_page_level_css":"","ocean_post_layout":"","ocean_both_sidebars_style":"","ocean_both_sidebars_content_width":0,"ocean_both_sidebars_sidebars_width":0,"ocean_sidebar":"0","ocean_second_sidebar":"0","ocean_disable_margins":"enable","ocean_add_body_class":"","ocean_shortcode_before_top_bar":"","ocean_shortcode_after_top_bar":"","ocean_shortcode_before_header":"","ocean_shortcode_after_header":"","ocean_has_shortcode":"","ocean_shortcode_after_title":"","ocean_shortcode_before_footer_widgets":"","ocean_shortcode_after_footer_widgets":"","ocean_shortcode_before_footer_bottom":"","ocean_shortcode_after_footer_bottom":"","ocean_display_top_bar":"default","ocean_display_header":"default","ocean_header_style":"","ocean_center_header_left_menu":"0","ocean_custom_header_template":"0","ocean_custom_logo":0,"ocean_custom_retina_logo":0,"ocean_custom_logo_max_width":0,"ocean_custom_logo_tablet_max_width":0,"ocean_custom_logo_mobile_max_width":0,"ocean_custom_logo_max_height":0,"ocean_custom_logo_tablet_max_height":0,"ocean_custom_logo_mobile_max_height":0,"ocean_header_custom_menu":"0","ocean_menu_typo_font_family":"0","ocean_menu_typo_font_subset":"","ocean_menu_typo_font_size":0,"ocean_menu_typo_font_size_tablet":0,"ocean_menu_typo_font_size_mobile":0,"ocean_menu_typo_font_size_unit":"px","ocean_menu_typo_font_weight":"","ocean_menu_typo_font_weight_tablet":"","ocean_menu_typo_font_weight_mobile":"","ocean_menu_typo_transform":"","ocean_menu_typo_transform_tablet":"","ocean_menu_typo_transform_mobile":"","ocean_menu_typo_line_height":0,"ocean_menu_typo_line_height_tablet":0,"ocean_menu_typo_line_height_mobile":0,"ocean_menu_typo_line_height_unit":"","ocean_menu_typo_spacing":0,"ocean_menu_typo_spacing_tablet":0,"ocean_menu_typo_spacing_mobile":0,"ocean_menu_typo_spacing_unit":"","ocean_menu_link_color":"","ocean_menu_link_color_hover":"","ocean_menu_link_color_active":"","ocean_menu_link_background":"","ocean_menu_link_hover_background":"","ocean_menu_link_active_background":"","ocean_menu_social_links_bg":"","ocean_menu_social_hover_links_bg":"","ocean_menu_social_links_color":"","ocean_menu_social_hover_links_color":"","ocean_disable_title":"default","ocean_disable_heading":"default","ocean_post_title":"","ocean_post_subheading":"","ocean_post_title_style":"","ocean_post_title_background_color":"","ocean_post_title_background":0,"ocean_post_title_bg_image_position":"","ocean_post_title_bg_image_attachment":"","ocean_post_title_bg_image_repeat":"","ocean_post_title_bg_image_size":"","ocean_post_title_height":0,"ocean_post_title_bg_overlay":0.5,"ocean_post_title_bg_overlay_color":"","ocean_disable_breadcrumbs":"default","ocean_breadcrumbs_color":"","ocean_breadcrumbs_separator_color":"","ocean_breadcrumbs_links_color":"","ocean_breadcrumbs_links_hover_color":"","ocean_display_footer_widgets":"default","ocean_display_footer_bottom":"default","ocean_custom_footer_template":"0","ocean_post_oembed":"","ocean_post_self_hosted_media":"","ocean_post_video_embed":"","ocean_link_format":"","ocean_link_format_target":"self","ocean_quote_format":"","ocean_quote_format_link":"post","ocean_gallery_link_images":"off","ocean_gallery_id":[],"footnotes":""},"categories":[178],"tags":[],"class_list":["post-9448","post","type-post","status-publish","format-standard","has-post-thumbnail","hentry","category-potager","entry","has-media"],"yoast_head":"<!-- This site is optimized with the Yoast SEO plugin v27.3 - https:\/\/yoast.com\/product\/yoast-seo-wordpress\/ -->\n<title>Que planter en avril&nbsp;? &#8211; Les Conseils sweeek<\/title>\n<meta name=\"description\" content=\"Quels fruits et l\u00e9gumes manger et planter en avril ? Chaque mois, sweeek vous partage sa liste d&#039;aliments de saison.\" \/>\n<meta name=\"robots\" content=\"index, follow, max-snippet:-1, max-image-preview:large, max-video-preview:-1\" \/>\n<link rel=\"canonical\" href=\"https:\/\/www.sweeek.fr\/blog\/que-planter-en-avril\/\" \/>\n<meta property=\"og:locale\" content=\"fr_FR\" \/>\n<meta property=\"og:type\" content=\"article\" \/>\n<meta property=\"og:title\" content=\"Que planter en avril&nbsp;? &#8211; Les Conseils sweeek\" \/>\n<meta property=\"og:description\" content=\"Quels fruits et l\u00e9gumes manger et planter en avril ? Chaque mois, sweeek vous partage sa liste d&#039;aliments de saison.\" \/>\n<meta property=\"og:url\" content=\"https:\/\/www.sweeek.fr\/blog\/que-planter-en-avril\/\" \/>\n<meta property=\"og:site_name\" content=\"Les Conseils sweeek\" \/>\n<meta property=\"article:published_time\" content=\"2022-06-03T08:46:00+00:00\" \/>\n<meta property=\"article:modified_time\" content=\"2024-07-25T12:21:15+00:00\" \/>\n<meta property=\"og:image\" content=\"https:\/\/www.sweeek.fr\/blog\/wp-content\/uploads\/2022\/06\/fruits-et-legumes-avril.jpg\" \/>\n\t<meta property=\"og:image:width\" content=\"1024\" \/>\n\t<meta property=\"og:image:height\" content=\"682\" \/>\n\t<meta property=\"og:image:type\" content=\"image\/jpeg\" \/>\n<meta name=\"author\" content=\"Am\u00e9lie Capon\" \/>\n<meta name=\"twitter:card\" content=\"summary_large_image\" \/>\n<meta name=\"twitter:label1\" content=\"\u00c9crit par\" \/>\n\t<meta name=\"twitter:data1\" content=\"Am\u00e9lie Capon\" \/>\n\t<meta name=\"twitter:label2\" content=\"Dur\u00e9e de lecture estim\u00e9e\" \/>\n\t<meta name=\"twitter:data2\" content=\"8 minutes\" \/>\n<script type=\"application\/ld+json\" class=\"yoast-schema-graph\">{\"@context\":\"https:\\\/\\\/schema.org\",\"@graph\":[{\"@type\":\"Article\",\"@id\":\"https:\\\/\\\/www.sweeek.fr\\\/blog\\\/que-planter-en-avril\\\/#article\",\"isPartOf\":{\"@id\":\"https:\\\/\\\/www.sweeek.fr\\\/blog\\\/que-planter-en-avril\\\/\"},\"author\":{\"name\":\"Am\u00e9lie Capon\",\"@id\":\"https:\\\/\\\/www.sweeek.fr\\\/blog\\\/#\\\/schema\\\/person\\\/e97ba3e4a84bda73fe86070619e7640b\"},\"headline\":\"Que planter en avril&nbsp;?\",\"datePublished\":\"2022-06-03T08:46:00+00:00\",\"dateModified\":\"2024-07-25T12:21:15+00:00\",\"mainEntityOfPage\":{\"@id\":\"https:\\\/\\\/www.sweeek.fr\\\/blog\\\/que-planter-en-avril\\\/\"},\"wordCount\":1364,\"commentCount\":0,\"publisher\":{\"@id\":\"https:\\\/\\\/www.sweeek.fr\\\/blog\\\/#organization\"},\"image\":{\"@id\":\"https:\\\/\\\/www.sweeek.fr\\\/blog\\\/que-planter-en-avril\\\/#primaryimage\"},\"thumbnailUrl\":\"https:\\\/\\\/www.sweeek.fr\\\/blog\\\/wp-content\\\/uploads\\\/2022\\\/06\\\/fruits-et-legumes-avril.jpg\",\"articleSection\":[\"Potager\"],\"inLanguage\":\"fr-FR\",\"potentialAction\":[{\"@type\":\"CommentAction\",\"name\":\"Comment\",\"target\":[\"https:\\\/\\\/www.sweeek.fr\\\/blog\\\/que-planter-en-avril\\\/#respond\"]}]},{\"@type\":\"WebPage\",\"@id\":\"https:\\\/\\\/www.sweeek.fr\\\/blog\\\/que-planter-en-avril\\\/\",\"url\":\"https:\\\/\\\/www.sweeek.fr\\\/blog\\\/que-planter-en-avril\\\/\",\"name\":\"Que planter en avril&nbsp;? &#8211; Les Conseils sweeek\",\"isPartOf\":{\"@id\":\"https:\\\/\\\/www.sweeek.fr\\\/blog\\\/#website\"},\"primaryImageOfPage\":{\"@id\":\"https:\\\/\\\/www.sweeek.fr\\\/blog\\\/que-planter-en-avril\\\/#primaryimage\"},\"image\":{\"@id\":\"https:\\\/\\\/www.sweeek.fr\\\/blog\\\/que-planter-en-avril\\\/#primaryimage\"},\"thumbnailUrl\":\"https:\\\/\\\/www.sweeek.fr\\\/blog\\\/wp-content\\\/uploads\\\/2022\\\/06\\\/fruits-et-legumes-avril.jpg\",\"datePublished\":\"2022-06-03T08:46:00+00:00\",\"dateModified\":\"2024-07-25T12:21:15+00:00\",\"description\":\"Quels fruits et l\u00e9gumes manger et planter en avril ? Chaque mois, sweeek vous partage sa liste d'aliments de saison.\",\"breadcrumb\":{\"@id\":\"https:\\\/\\\/www.sweeek.fr\\\/blog\\\/que-planter-en-avril\\\/#breadcrumb\"},\"inLanguage\":\"fr-FR\",\"potentialAction\":[{\"@type\":\"ReadAction\",\"target\":[\"https:\\\/\\\/www.sweeek.fr\\\/blog\\\/que-planter-en-avril\\\/\"]}]},{\"@type\":\"ImageObject\",\"inLanguage\":\"fr-FR\",\"@id\":\"https:\\\/\\\/www.sweeek.fr\\\/blog\\\/que-planter-en-avril\\\/#primaryimage\",\"url\":\"https:\\\/\\\/www.sweeek.fr\\\/blog\\\/wp-content\\\/uploads\\\/2022\\\/06\\\/fruits-et-legumes-avril.jpg\",\"contentUrl\":\"https:\\\/\\\/www.sweeek.fr\\\/blog\\\/wp-content\\\/uploads\\\/2022\\\/06\\\/fruits-et-legumes-avril.jpg\",\"width\":1024,\"height\":682,\"caption\":\"fruits et legumes avril\"},{\"@type\":\"BreadcrumbList\",\"@id\":\"https:\\\/\\\/www.sweeek.fr\\\/blog\\\/que-planter-en-avril\\\/#breadcrumb\",\"itemListElement\":[{\"@type\":\"ListItem\",\"position\":1,\"name\":\"Accueil\",\"item\":\"https:\\\/\\\/www.sweeek.fr\\\/blog\\\/\"},{\"@type\":\"ListItem\",\"position\":2,\"name\":\"Que planter en avril&nbsp;?\"}]},{\"@type\":\"WebSite\",\"@id\":\"https:\\\/\\\/www.sweeek.fr\\\/blog\\\/#website\",\"url\":\"https:\\\/\\\/www.sweeek.fr\\\/blog\\\/\",\"name\":\"Les Conseils sweeek\",\"description\":\"Conseils et inspirations\",\"publisher\":{\"@id\":\"https:\\\/\\\/www.sweeek.fr\\\/blog\\\/#organization\"},\"potentialAction\":[{\"@type\":\"SearchAction\",\"target\":{\"@type\":\"EntryPoint\",\"urlTemplate\":\"https:\\\/\\\/www.sweeek.fr\\\/blog\\\/?s={search_term_string}\"},\"query-input\":{\"@type\":\"PropertyValueSpecification\",\"valueRequired\":true,\"valueName\":\"search_term_string\"}}],\"inLanguage\":\"fr-FR\"},{\"@type\":\"Organization\",\"@id\":\"https:\\\/\\\/www.sweeek.fr\\\/blog\\\/#organization\",\"name\":\"sweeek\",\"url\":\"https:\\\/\\\/www.sweeek.fr\\\/blog\\\/\",\"logo\":{\"@type\":\"ImageObject\",\"inLanguage\":\"fr-FR\",\"@id\":\"https:\\\/\\\/www.sweeek.fr\\\/blog\\\/#\\\/schema\\\/logo\\\/image\\\/\",\"url\":\"https:\\\/\\\/www.sweeek.fr\\\/blog\\\/wp-content\\\/uploads\\\/2023\\\/10\\\/blog-sweeek-logo2.png\",\"contentUrl\":\"https:\\\/\\\/www.sweeek.fr\\\/blog\\\/wp-content\\\/uploads\\\/2023\\\/10\\\/blog-sweeek-logo2.png\",\"width\":328,\"height\":90,\"caption\":\"sweeek\"},\"image\":{\"@id\":\"https:\\\/\\\/www.sweeek.fr\\\/blog\\\/#\\\/schema\\\/logo\\\/image\\\/\"}},{\"@type\":\"Person\",\"@id\":\"https:\\\/\\\/www.sweeek.fr\\\/blog\\\/#\\\/schema\\\/person\\\/e97ba3e4a84bda73fe86070619e7640b\",\"name\":\"Am\u00e9lie Capon\",\"image\":{\"@type\":\"ImageObject\",\"inLanguage\":\"fr-FR\",\"@id\":\"https:\\\/\\\/secure.gravatar.com\\\/avatar\\\/042e4b25b2641d47117ebfaf786a00f66fd827d54a130982af74eb1f062ce832?s=96&d=mm&r=g\",\"url\":\"https:\\\/\\\/secure.gravatar.com\\\/avatar\\\/042e4b25b2641d47117ebfaf786a00f66fd827d54a130982af74eb1f062ce832?s=96&d=mm&r=g\",\"contentUrl\":\"https:\\\/\\\/secure.gravatar.com\\\/avatar\\\/042e4b25b2641d47117ebfaf786a00f66fd827d54a130982af74eb1f062ce832?s=96&d=mm&r=g\",\"caption\":\"Am\u00e9lie Capon\"}}]}<\/script>\n<!-- \/ Yoast SEO plugin. -->","yoast_head_json":{"title":"Que planter en avril&nbsp;? &#8211; Les Conseils sweeek","description":"Quels fruits et l\u00e9gumes manger et planter en avril ? Chaque mois, sweeek vous partage sa liste d'aliments de saison.","robots":{"index":"index","follow":"follow","max-snippet":"max-snippet:-1","max-image-preview":"max-image-preview:large","max-video-preview":"max-video-preview:-1"},"canonical":"https:\/\/www.sweeek.fr\/blog\/que-planter-en-avril\/","og_locale":"fr_FR","og_type":"article","og_title":"Que planter en avril&nbsp;? &#8211; Les Conseils sweeek","og_description":"Quels fruits et l\u00e9gumes manger et planter en avril ? Chaque mois, sweeek vous partage sa liste d'aliments de saison.","og_url":"https:\/\/www.sweeek.fr\/blog\/que-planter-en-avril\/","og_site_name":"Les Conseils sweeek","article_published_time":"2022-06-03T08:46:00+00:00","article_modified_time":"2024-07-25T12:21:15+00:00","og_image":[{"width":1024,"height":682,"url":"https:\/\/www.sweeek.fr\/blog\/wp-content\/uploads\/2022\/06\/fruits-et-legumes-avril.jpg","type":"image\/jpeg"}],"author":"Am\u00e9lie Capon","twitter_card":"summary_large_image","twitter_misc":{"\u00c9crit par":"Am\u00e9lie Capon","Dur\u00e9e de lecture estim\u00e9e":"8 minutes"},"schema":{"@context":"https:\/\/schema.org","@graph":[{"@type":"Article","@id":"https:\/\/www.sweeek.fr\/blog\/que-planter-en-avril\/#article","isPartOf":{"@id":"https:\/\/www.sweeek.fr\/blog\/que-planter-en-avril\/"},"author":{"name":"Am\u00e9lie Capon","@id":"https:\/\/www.sweeek.fr\/blog\/#\/schema\/person\/e97ba3e4a84bda73fe86070619e7640b"},"headline":"Que planter en avril&nbsp;?","datePublished":"2022-06-03T08:46:00+00:00","dateModified":"2024-07-25T12:21:15+00:00","mainEntityOfPage":{"@id":"https:\/\/www.sweeek.fr\/blog\/que-planter-en-avril\/"},"wordCount":1364,"commentCount":0,"publisher":{"@id":"https:\/\/www.sweeek.fr\/blog\/#organization"},"image":{"@id":"https:\/\/www.sweeek.fr\/blog\/que-planter-en-avril\/#primaryimage"},"thumbnailUrl":"https:\/\/www.sweeek.fr\/blog\/wp-content\/uploads\/2022\/06\/fruits-et-legumes-avril.jpg","articleSection":["Potager"],"inLanguage":"fr-FR","potentialAction":[{"@type":"CommentAction","name":"Comment","target":["https:\/\/www.sweeek.fr\/blog\/que-planter-en-avril\/#respond"]}]},{"@type":"WebPage","@id":"https:\/\/www.sweeek.fr\/blog\/que-planter-en-avril\/","url":"https:\/\/www.sweeek.fr\/blog\/que-planter-en-avril\/","name":"Que planter en avril&nbsp;? &#8211; Les Conseils sweeek","isPartOf":{"@id":"https:\/\/www.sweeek.fr\/blog\/#website"},"primaryImageOfPage":{"@id":"https:\/\/www.sweeek.fr\/blog\/que-planter-en-avril\/#primaryimage"},"image":{"@id":"https:\/\/www.sweeek.fr\/blog\/que-planter-en-avril\/#primaryimage"},"thumbnailUrl":"https:\/\/www.sweeek.fr\/blog\/wp-content\/uploads\/2022\/06\/fruits-et-legumes-avril.jpg","datePublished":"2022-06-03T08:46:00+00:00","dateModified":"2024-07-25T12:21:15+00:00","description":"Quels fruits et l\u00e9gumes manger et planter en avril ? Chaque mois, sweeek vous partage sa liste d'aliments de saison.","breadcrumb":{"@id":"https:\/\/www.sweeek.fr\/blog\/que-planter-en-avril\/#breadcrumb"},"inLanguage":"fr-FR","potentialAction":[{"@type":"ReadAction","target":["https:\/\/www.sweeek.fr\/blog\/que-planter-en-avril\/"]}]},{"@type":"ImageObject","inLanguage":"fr-FR","@id":"https:\/\/www.sweeek.fr\/blog\/que-planter-en-avril\/#primaryimage","url":"https:\/\/www.sweeek.fr\/blog\/wp-content\/uploads\/2022\/06\/fruits-et-legumes-avril.jpg","contentUrl":"https:\/\/www.sweeek.fr\/blog\/wp-content\/uploads\/2022\/06\/fruits-et-legumes-avril.jpg","width":1024,"height":682,"caption":"fruits et legumes avril"},{"@type":"BreadcrumbList","@id":"https:\/\/www.sweeek.fr\/blog\/que-planter-en-avril\/#breadcrumb","itemListElement":[{"@type":"ListItem","position":1,"name":"Accueil","item":"https:\/\/www.sweeek.fr\/blog\/"},{"@type":"ListItem","position":2,"name":"Que planter en avril&nbsp;?"}]},{"@type":"WebSite","@id":"https:\/\/www.sweeek.fr\/blog\/#website","url":"https:\/\/www.sweeek.fr\/blog\/","name":"Les Conseils sweeek","description":"Conseils et inspirations","publisher":{"@id":"https:\/\/www.sweeek.fr\/blog\/#organization"},"potentialAction":[{"@type":"SearchAction","target":{"@type":"EntryPoint","urlTemplate":"https:\/\/www.sweeek.fr\/blog\/?s={search_term_string}"},"query-input":{"@type":"PropertyValueSpecification","valueRequired":true,"valueName":"search_term_string"}}],"inLanguage":"fr-FR"},{"@type":"Organization","@id":"https:\/\/www.sweeek.fr\/blog\/#organization","name":"sweeek","url":"https:\/\/www.sweeek.fr\/blog\/","logo":{"@type":"ImageObject","inLanguage":"fr-FR","@id":"https:\/\/www.sweeek.fr\/blog\/#\/schema\/logo\/image\/","url":"https:\/\/www.sweeek.fr\/blog\/wp-content\/uploads\/2023\/10\/blog-sweeek-logo2.png","contentUrl":"https:\/\/www.sweeek.fr\/blog\/wp-content\/uploads\/2023\/10\/blog-sweeek-logo2.png","width":328,"height":90,"caption":"sweeek"},"image":{"@id":"https:\/\/www.sweeek.fr\/blog\/#\/schema\/logo\/image\/"}},{"@type":"Person","@id":"https:\/\/www.sweeek.fr\/blog\/#\/schema\/person\/e97ba3e4a84bda73fe86070619e7640b","name":"Am\u00e9lie Capon","image":{"@type":"ImageObject","inLanguage":"fr-FR","@id":"https:\/\/secure.gravatar.com\/avatar\/042e4b25b2641d47117ebfaf786a00f66fd827d54a130982af74eb1f062ce832?s=96&d=mm&r=g","url":"https:\/\/secure.gravatar.com\/avatar\/042e4b25b2641d47117ebfaf786a00f66fd827d54a130982af74eb1f062ce832?s=96&d=mm&r=g","contentUrl":"https:\/\/secure.gravatar.com\/avatar\/042e4b25b2641d47117ebfaf786a00f66fd827d54a130982af74eb1f062ce832?s=96&d=mm&r=g","caption":"Am\u00e9lie Capon"}}]}},"uagb_featured_image_src":{"full":["https:\/\/www.sweeek.fr\/blog\/wp-content\/uploads\/2022\/06\/fruits-et-legumes-avril.jpg",1024,682,false],"thumbnail":["https:\/\/www.sweeek.fr\/blog\/wp-content\/uploads\/2022\/06\/fruits-et-legumes-avril-150x150.jpg",150,150,true],"medium":["https:\/\/www.sweeek.fr\/blog\/wp-content\/uploads\/2022\/06\/fruits-et-legumes-avril-300x200.jpg",300,200,true],"medium_large":["https:\/\/www.sweeek.fr\/blog\/wp-content\/uploads\/2022\/06\/fruits-et-legumes-avril-768x512.jpg",768,512,true],"large":["https:\/\/www.sweeek.fr\/blog\/wp-content\/uploads\/2022\/06\/fruits-et-legumes-avril.jpg",1024,682,false],"1536x1536":["https:\/\/www.sweeek.fr\/blog\/wp-content\/uploads\/2022\/06\/fruits-et-legumes-avril.jpg",1024,682,false],"2048x2048":["https:\/\/www.sweeek.fr\/blog\/wp-content\/uploads\/2022\/06\/fruits-et-legumes-avril.jpg",1024,682,false],"ocean-thumb-m":["https:\/\/www.sweeek.fr\/blog\/wp-content\/uploads\/2022\/06\/fruits-et-legumes-avril-600x600.jpg",600,600,true],"ocean-thumb-ml":["https:\/\/www.sweeek.fr\/blog\/wp-content\/uploads\/2022\/06\/fruits-et-legumes-avril-800x450.jpg",800,450,true],"ocean-thumb-l":["https:\/\/www.sweeek.fr\/blog\/wp-content\/uploads\/2022\/06\/fruits-et-legumes-avril.jpg",1024,682,false]},"uagb_author_info":{"display_name":"Am\u00e9lie Capon","author_link":"https:\/\/www.sweeek.fr\/blog"},"uagb_comment_info":0,"uagb_excerpt":"Au mois d\u2019avril, quelle que soit la r\u00e9gion o\u00f9 vous habitez, les jours sont bien plus longs qu\u2019en hiver et les temp\u00e9ratures montent consid\u00e9rablement. Il est temps de repartir faire de longues sessions de jardinage sous le soleil du printemps&nbsp;! Le potager, le verger et les massifs de fleurs n\u2019attendent que vous pour se d\u00e9velopper\u2026","_links":{"self":[{"href":"https:\/\/www.sweeek.fr\/blog\/wp-json\/wp\/v2\/posts\/9448","targetHints":{"allow":["GET"]}}],"collection":[{"href":"https:\/\/www.sweeek.fr\/blog\/wp-json\/wp\/v2\/posts"}],"about":[{"href":"https:\/\/www.sweeek.fr\/blog\/wp-json\/wp\/v2\/types\/post"}],"author":[{"embeddable":true,"href":"https:\/\/www.sweeek.fr\/blog\/wp-json\/wp\/v2\/users\/4"}],"replies":[{"embeddable":true,"href":"https:\/\/www.sweeek.fr\/blog\/wp-json\/wp\/v2\/comments?post=9448"}],"version-history":[{"count":11,"href":"https:\/\/www.sweeek.fr\/blog\/wp-json\/wp\/v2\/posts\/9448\/revisions"}],"predecessor-version":[{"id":20001,"href":"https:\/\/www.sweeek.fr\/blog\/wp-json\/wp\/v2\/posts\/9448\/revisions\/20001"}],"wp:featuredmedia":[{"embeddable":true,"href":"https:\/\/www.sweeek.fr\/blog\/wp-json\/wp\/v2\/media\/19740"}],"wp:attachment":[{"href":"https:\/\/www.sweeek.fr\/blog\/wp-json\/wp\/v2\/media?parent=9448"}],"wp:term":[{"taxonomy":"category","embeddable":true,"href":"https:\/\/www.sweeek.fr\/blog\/wp-json\/wp\/v2\/categories?post=9448"},{"taxonomy":"post_tag","embeddable":true,"href":"https:\/\/www.sweeek.fr\/blog\/wp-json\/wp\/v2\/tags?post=9448"}],"curies":[{"name":"wp","href":"https:\/\/api.w.org\/{rel}","templated":true}]}}