{"id":9439,"date":"2022-06-05T10:26:00","date_gmt":"2022-06-05T08:26:00","guid":{"rendered":"https:\/\/www.sweeek.fr\/blog\/?p=9439"},"modified":"2026-01-28T16:14:31","modified_gmt":"2026-01-28T15:14:31","slug":"que-planter-en-fevrier","status":"publish","type":"post","link":"https:\/\/www.sweeek.fr\/blog\/que-planter-en-fevrier\/","title":{"rendered":"Que planter en f\u00e9vrier&nbsp;?"},"content":{"rendered":"\n<p>Les jours rallongent, le soleil revient, l\u2019hiver est encore l\u00e0, mais le printemps n\u2019est plus tr\u00e8s loin\u2026 pas de doute nous sommes en f\u00e9vrier&nbsp;! Bien que le mois de f\u00e9vrier reste un mois tr\u00e8s froid de l\u2019ann\u00e9e, il est possible de semer graines et semis de l\u00e9gumes en pleine terre d\u00e8s la deuxi\u00e8me moiti\u00e9 du mois, et m\u00eame avant, \u00e0 l\u2019int\u00e9rieur d\u2019une serre ou d\u2019un abri. Il est \u00e9galement possible de faire de nombreux am\u00e9nagements au sein de votre jardin afin de le pr\u00e9parer au printemps. Vous vous demandez surement par exemple quels types de v\u00e9g\u00e9taux et arbustes il convient de planter en f\u00e9vrier, qui n\u2019est pas le mois le plus connu pour faire du jardinage&nbsp;! Pas de panique, les conseils sweeek vont vous servir de guide pour vous aider \u00e0 d\u00e9terminer les travaux \u00e0 faire dans votre jardin, potager ou encore verger&nbsp;!&nbsp;<\/p>\n\n\n<div class=\"wp-block-image\">\n<figure class=\"aligncenter size-full\"><img fetchpriority=\"high\" decoding=\"async\" width=\"700\" height=\"400\" src=\"https:\/\/www.sweeek.fr\/blog\/wp-content\/uploads\/2022\/05\/Sans-titre-2022-05-27T101557.940-1.png\" alt=\"legumes a planter en fevrier\" class=\"wp-image-9442\" srcset=\"https:\/\/www.sweeek.fr\/blog\/wp-content\/uploads\/2022\/05\/Sans-titre-2022-05-27T101557.940-1.png 700w, https:\/\/www.sweeek.fr\/blog\/wp-content\/uploads\/2022\/05\/Sans-titre-2022-05-27T101557.940-1-300x171.png 300w\" sizes=\"(max-width: 700px) 100vw, 700px\" \/><\/figure>\n<\/div>\n\n\n<h2 class=\"wp-block-heading\">Quels l\u00e9gumes planter en f\u00e9vrier ?<\/h2>\n\n\n\n<p>Tout d\u2019abord, il convient de d\u00e9terminer les semis de l\u00e9gumes qu\u2019il para\u00eet possible de planter dans votre potager bio durant le mois de f\u00e9vrier, qui est un mois aux temp\u00e9ratures assez basses. Ainsi, ne plantez surtout pas en pleine terre si du gel est annonc\u00e9 dans les prochains jours. En effet, les gel\u00e9es risqueraient de d\u00e9truire vos plantations en un rien de temps. <\/p>\n\n\n\n<p>D\u2019autre part, il est souvent possible de planter des v\u00e9g\u00e9taux rustiques (peu sensibles au froid) dans les r\u00e9gions du sud de la France, au climat g\u00e9n\u00e9ralement doux. Dans le cas contraire, nous vous conseillons de semer vos graines et semis sous une serre, ou m\u00eame au chaud \u00e0 l\u2019int\u00e9rieur de la maison pour les l\u00e9gumes d\u2019\u00e9t\u00e9 qui demandent de la chaleur (tomates, courgettes, poivrons\u2026)<\/p>\n\n\n\n<p>Voici une petite liste des semis qu\u2019il est possible de commencer \u00e0 cultiver en pleine terre en f\u00e9vrier&nbsp;:<\/p>\n\n\n\n<ul class=\"wp-block-list\"><li>Petits pois<\/li><li>Laitues<\/li><li>F\u00e8ves&nbsp;<\/li><li>Carottes<\/li><li>\u00c9pinards<\/li><li>Poireaux<\/li><li>Navets<\/li><li>C\u00e9leris<\/li><li>Oignons<\/li><li>Asperges<\/li><li>\u00c9chalotes<\/li><li>Topinambours<\/li><li>Ail<\/li><li>Choux de Bruxelles ou autres types de choux&nbsp;: chou-fleur, chou pomm\u00e9 ou chou-rave.&nbsp;<\/li><\/ul>\n\n\n\n<p>Cependant, faites bien attention \u00e0 la m\u00e9t\u00e9o et aux temp\u00e9ratures avant de planter&nbsp;! Un bon conseil&nbsp;: semez vos semis de l\u00e9gumes sous une <a href=\"https:\/\/www.sweeek.fr\/blog\/comment-choisir-sa-serre-de-jardin\/\">serre tunnel<\/a>, qui sera dispos\u00e9e au-dessus de vos graines, afin de les prot\u00e9ger des conditions climatiques pour qu\u2019elles prennent bien racine et se d\u00e9veloppent au mieux.&nbsp;<\/p>\n\n\n\n<h2 class=\"wp-block-heading\">Quels arbres fruitiers planter en f\u00e9vrier ?<\/h2>\n\n\n\n<p>Tout comme le potager, le verger peut lui aussi \u00eatre mis \u00e0 l\u2019honneur en f\u00e9vrier&nbsp;! En effet, quasiment tous les arbres fruitiers peuvent \u00eatre plant\u00e9s durant cette p\u00e9riode de fin d\u2019hiver. Plantez-les en f\u00e9vrier pour un bon enracinement et un d\u00e9veloppement optimal tout au long de l\u2019ann\u00e9e afin d\u2019obtenir de magnifiques fruits une fois l\u2019\u00e9t\u00e9 arriv\u00e9. De plus, plantez vos arbres fruitiers en racines nues&nbsp;: moins co\u00fbteux et plus vigoureux, les v\u00e9g\u00e9taux plant\u00e9s en racines nues se d\u00e9velopperont mieux que la plupart des v\u00e9g\u00e9taux en conteneurs.&nbsp;<\/p>\n\n\n\n<p>Les arbres que vous devez planter en f\u00e9vrier&nbsp;:&nbsp;<\/p>\n\n\n\n<ul class=\"wp-block-list\"><li>Abricotier<\/li><li>Cerisier<\/li><li>P\u00eacher&nbsp;<\/li><li>Poirier<\/li><li>Pommier<\/li><li>Figuiers<\/li><\/ul>\n\n\n\n<p>Essayez de disposer les arbres qui composeront votre verger dans un endroit du jardin \u00e0 l\u2019abri du vent et ayant une bonne exposition au soleil&nbsp;: derri\u00e8re un mur de la maison poss\u00e9dant une exposition sud sera l\u2019endroit id\u00e9al. Et encore une fois, v\u00e9rifiez que vous \u00eates hors p\u00e9riode de gel au moment de la mise en terre de vos v\u00e9g\u00e9taux, sinon pas de fruits cet \u00e9t\u00e9&nbsp;!&nbsp;<\/p>\n\n\n\n<h2 class=\"wp-block-heading\">Quelles fleurs et quels bulbes planter en f\u00e9vrier ?<\/h2>\n\n\n\n<p>Outre le potager bio ou le verger, il est aussi temps de s\u2019occuper de votre jardin et de son ornementation&nbsp;! Quelles fleurs et bulbes semer dans le sol en f\u00e9vrier&nbsp;? La plantation des diff\u00e9rents arbustes, fleurs ou plantes se doit d\u2019\u00eatre m\u00e9ticuleuse et il est primordial de faire l\u2019entretien de vos plants quotidiennement pour un d\u00e9veloppement optimal. En effet, semer en f\u00e9vrier (ce qui est assez t\u00f4t dans l\u2019ann\u00e9e) permettra une floraison rapide de vos plantations et une dur\u00e9e de vie allong\u00e9e. Mais pour cela il faut suivre plusieurs conseils pour profiter d\u2019une belle floraison des plantes au printemps.&nbsp;<\/p>\n\n\n\n<p>Selon le <a href=\"https:\/\/www.sweeek.fr\/blog\/calendrier-de-plantation-pour-le-potager-et-le-jardin\/\">calendrier de culture<\/a>, en f\u00e9vrier, semez des types de plantes dites \u00ab&nbsp;annuelles&nbsp;\u00bb. Une plante annuelle est une plante qui vit moins d\u2019un an mais qui vous permet d\u2019ornementer votre jardin de diff\u00e9rentes couleurs&nbsp;! Dans les r\u00e9gions du sud de la France, qui profitent d\u2019une bonne exposition au soleil, il est possible de semer ces v\u00e9g\u00e9taux d\u00e8s le d\u00e9but du mois si le sol est assez r\u00e9chauff\u00e9. <\/p>\n\n\n\n<p>Autrement, commencez votre plantation de semis de fleurs \u00e0 l\u2019int\u00e9rieur d\u2019un abri ou sous serre. Semez des vari\u00e9t\u00e9s telles que les p\u00e9tunias, les lob\u00e9lies, les auges, les verveines, les jacinthes, les rosiers ou encore les g\u00e9raniums. Lorsque les temp\u00e9ratures remontent, disposez chaque plante en pleine terre dans un sol qui b\u00e9n\u00e9ficie d\u2019un arrosage d\u2019eau en abondance.&nbsp;<\/p>\n\n\n\n<h2 class=\"wp-block-heading\">Les travaux de jardinage \u00e0 pr\u00e9voir en f\u00e9vrier<\/h2>\n\n\n\n<p>Outre la plantation de semis, de bulbes de fleurs, d\u2019arbres ou encore d\u2019arbustes pour d\u00e9corer le jardin, il est possible d\u2019effectuer diff\u00e9rents travaux de jardinage durant le mois de f\u00e9vrier.&nbsp;<\/p>\n\n\n\n<p>Tout d\u2019abord, v\u00e9rifiez vos serres tunnels et paillez le sol du potager s\u2019il fait tr\u00e8s froid. Retournez le sol \u00e0 la b\u00eache et dispersez du <a href=\"https:\/\/www.sweeek.fr\/blog\/quoi-mettre-dans-composteur\/\">compost<\/a> qui fera un tr\u00e8s bon engrais pour vos plantes. Pensez \u00e0 commander d\u00e8s \u00e0 pr\u00e9sent les graines pour les semis du printemps&nbsp;: n\u2019h\u00e9sitez pas \u00e0 jeter un \u0153il \u00e0 notre article <a href=\"https:\/\/www.sweeek.fr\/blog\/que-planter-en-mars\/\">Que planter en mars<\/a> pour plus de d\u00e9tails&nbsp;! Vous pouvez \u00e9galement commencer la culture de plants de tomates ou autres semis de l\u00e9gumes d\u2019\u00e9t\u00e9 \u00e0 l\u2019int\u00e9rieur d\u2019une serre ou m\u00eame de votre maison. Toujours dans le potager, v\u00e9rifiez que le circuit d\u2019arrosage fonctionne bien afin que l\u2019apport en eau soit id\u00e9al s\u2019il y a une s\u00e9cheresse durant la p\u00e9riode estivale.&nbsp;<\/p>\n\n\n\n<p>Dans le verger, taillez les diff\u00e9rents arbres pour une r\u00e9colte des fruits des plus faciles en \u00e9t\u00e9. Taillez \u00e9galement vos plantes grimpantes telle que la vigne.&nbsp;<\/p>\n\n\n\n<p>Dans le jardin, plantez arbres et arbustes \u00e0 votre convenance (toujours hors p\u00e9riode de gel). Les bulbes de fleurs peuvent par ailleurs \u00eatre sem\u00e9s mais dans des pots et \u00e0 l\u2019abri du froid. Faites attention \u00e0 ne pas pi\u00e9tiner votre pelouse, notamment si elle est gel\u00e9e, vous risqueriez de l\u2019endommager.&nbsp;<\/p>\n\n\n\n<p>On esp\u00e8re que cet article sur les diff\u00e9rentes plantations et autres travaux du jardin \u00e0 faire en f\u00e9vrier vous aura plu et que l\u2019entretien de votre potager ou de votre verger n\u2019a d\u00e9sormais plus de secrets pour vous&nbsp;!&nbsp;<\/p>\n\n\n\n<div class=\"wp-block-group has-white-color has-text-color has-background\" style=\"background-color:#f2f2f2\"><div class=\"wp-block-group__inner-container is-layout-flow wp-block-group-is-layout-flow\">\n<h2 class=\"alignfull has-text-align-center has-black-color has-text-color wp-block-heading\" style=\"font-size:30px;font-style:normal;font-weight:400\">La s\u00e9lection de sweeek<\/h2>\n\n\n\n<div style=\"height:21px\" aria-hidden=\"true\" class=\"wp-block-spacer\"><\/div>\n\n\n\n<div class=\"wp-block-columns is-layout-flex wp-container-core-columns-is-layout-9d6595d7 wp-block-columns-is-layout-flex\">\n<div class=\"wp-block-column is-layout-flow wp-block-column-is-layout-flow\" style=\"flex-basis:100%\">\n<div class=\"wp-block-columns is-layout-flex wp-container-core-columns-is-layout-9d6595d7 wp-block-columns-is-layout-flex\">\n<div class=\"wp-block-column is-layout-flow wp-block-column-is-layout-flow\" style=\"flex-basis:100%\">\n<div class=\"wp-block-columns is-layout-flex wp-container-core-columns-is-layout-9d6595d7 wp-block-columns-is-layout-flex\">\n<div class=\"wp-block-column is-layout-flow wp-block-column-is-layout-flow\"><div class=\"wp-block-image\">\n<figure class=\"aligncenter size-large\"><a href=\"https:\/\/www.sweeek.fr\/product\/potager-en-bois-sur-pieds-et-serre-en-polycarbonate-amovible-erable-2-en-1-avec-etagere-et-geotextile-80-x-60-x-109-cm\" target=\"_blank\" rel=\"noreferrer noopener\"><img decoding=\"async\" src=\"https:\/\/www.sweeek.fr\/blog\/wp-content\/uploads\/2022\/06\/Nouveau-projet-2022-06-01T114733.815.jpg\" alt=\"Potager en bois sur pieds avec mini serre\"\/><\/a><\/figure>\n<\/div>\n\n\n<h3 class=\"has-text-align-center has-black-color has-text-color wp-block-heading\" style=\"font-style:normal;font-weight:400\">Potager en bois sur pieds avec mini serre<\/h3>\n\n\n\n<div style=\"height:15px\" aria-hidden=\"true\" class=\"wp-block-spacer\"><\/div>\n<\/div>\n\n\n\n<div class=\"wp-block-column is-layout-flow wp-block-column-is-layout-flow\"><div class=\"wp-block-image\">\n<figure class=\"aligncenter size-large\"><a href=\"https:\/\/www.sweeek.fr\/product\/table-jardinage-petunia-2-tiroirs-etabli-exterieur-bois\" target=\"_blank\" rel=\"noopener\"><img decoding=\"async\" src=\"https:\/\/sweeek.twic.pics\/products\/6647\/original\/wwkbenchnat-25d74b2d941e42f87437f8d596b21587.jpg?twic=v1\/resize=1800x1800\/resize=1500\/quality=70\" alt=\"Table de rempotage avec 2 tiroirs\n\"\/><\/a><\/figure>\n<\/div>\n\n\n<h3 class=\"has-text-align-center wp-block-heading\" style=\"font-style:normal;font-weight:400\">Table de rempotage avec 2 tiroirs<\/h3>\n\n\n\n<div style=\"height:15px\" aria-hidden=\"true\" class=\"wp-block-spacer\"><\/div>\n<\/div>\n\n\n\n<div class=\"wp-block-column is-layout-flow wp-block-column-is-layout-flow\">\n<div style=\"height:15px\" aria-hidden=\"true\" class=\"wp-block-spacer\"><\/div>\n<\/div>\n<\/div>\n<\/div>\n<\/div>\n<\/div>\n<\/div>\n<\/div><\/div>\n","protected":false},"excerpt":{"rendered":"<p>Les jours rallongent, le soleil revient, l\u2019hiver est encore l\u00e0, mais le printemps n\u2019est plus tr\u00e8s loin\u2026 pas de doute nous sommes en f\u00e9vrier&nbsp;! Bien que le mois de f\u00e9vrier reste un mois tr\u00e8s froid de l\u2019ann\u00e9e, il est possible de semer graines et semis de l\u00e9gumes en pleine terre d\u00e8s la deuxi\u00e8me moiti\u00e9 du [&hellip;]<\/p>\n","protected":false},"author":4,"featured_media":19748,"comment_status":"open","ping_status":"closed","sticky":false,"template":"","format":"standard","meta":{"inline_featured_image":false,"_uag_custom_page_level_css":"","ocean_post_layout":"","ocean_both_sidebars_style":"","ocean_both_sidebars_content_width":0,"ocean_both_sidebars_sidebars_width":0,"ocean_sidebar":"0","ocean_second_sidebar":"0","ocean_disable_margins":"enable","ocean_add_body_class":"","ocean_shortcode_before_top_bar":"","ocean_shortcode_after_top_bar":"","ocean_shortcode_before_header":"","ocean_shortcode_after_header":"","ocean_has_shortcode":"","ocean_shortcode_after_title":"","ocean_shortcode_before_footer_widgets":"","ocean_shortcode_after_footer_widgets":"","ocean_shortcode_before_footer_bottom":"","ocean_shortcode_after_footer_bottom":"","ocean_display_top_bar":"default","ocean_display_header":"default","ocean_header_style":"","ocean_center_header_left_menu":"0","ocean_custom_header_template":"0","ocean_custom_logo":0,"ocean_custom_retina_logo":0,"ocean_custom_logo_max_width":0,"ocean_custom_logo_tablet_max_width":0,"ocean_custom_logo_mobile_max_width":0,"ocean_custom_logo_max_height":0,"ocean_custom_logo_tablet_max_height":0,"ocean_custom_logo_mobile_max_height":0,"ocean_header_custom_menu":"0","ocean_menu_typo_font_family":"0","ocean_menu_typo_font_subset":"","ocean_menu_typo_font_size":0,"ocean_menu_typo_font_size_tablet":0,"ocean_menu_typo_font_size_mobile":0,"ocean_menu_typo_font_size_unit":"px","ocean_menu_typo_font_weight":"","ocean_menu_typo_font_weight_tablet":"","ocean_menu_typo_font_weight_mobile":"","ocean_menu_typo_transform":"","ocean_menu_typo_transform_tablet":"","ocean_menu_typo_transform_mobile":"","ocean_menu_typo_line_height":0,"ocean_menu_typo_line_height_tablet":0,"ocean_menu_typo_line_height_mobile":0,"ocean_menu_typo_line_height_unit":"","ocean_menu_typo_spacing":0,"ocean_menu_typo_spacing_tablet":0,"ocean_menu_typo_spacing_mobile":0,"ocean_menu_typo_spacing_unit":"","ocean_menu_link_color":"","ocean_menu_link_color_hover":"","ocean_menu_link_color_active":"","ocean_menu_link_background":"","ocean_menu_link_hover_background":"","ocean_menu_link_active_background":"","ocean_menu_social_links_bg":"","ocean_menu_social_hover_links_bg":"","ocean_menu_social_links_color":"","ocean_menu_social_hover_links_color":"","ocean_disable_title":"default","ocean_disable_heading":"default","ocean_post_title":"","ocean_post_subheading":"","ocean_post_title_style":"","ocean_post_title_background_color":"","ocean_post_title_background":0,"ocean_post_title_bg_image_position":"","ocean_post_title_bg_image_attachment":"","ocean_post_title_bg_image_repeat":"","ocean_post_title_bg_image_size":"","ocean_post_title_height":0,"ocean_post_title_bg_overlay":0.5,"ocean_post_title_bg_overlay_color":"","ocean_disable_breadcrumbs":"default","ocean_breadcrumbs_color":"","ocean_breadcrumbs_separator_color":"","ocean_breadcrumbs_links_color":"","ocean_breadcrumbs_links_hover_color":"","ocean_display_footer_widgets":"default","ocean_display_footer_bottom":"default","ocean_custom_footer_template":"0","ocean_post_oembed":"","ocean_post_self_hosted_media":"","ocean_post_video_embed":"","ocean_link_format":"","ocean_link_format_target":"self","ocean_quote_format":"","ocean_quote_format_link":"post","ocean_gallery_link_images":"off","ocean_gallery_id":[],"footnotes":""},"categories":[178],"tags":[],"class_list":["post-9439","post","type-post","status-publish","format-standard","has-post-thumbnail","hentry","category-potager","entry","has-media"],"yoast_head":"<!-- This site is optimized with the Yoast SEO plugin v27.3 - https:\/\/yoast.com\/product\/yoast-seo-wordpress\/ -->\n<title>Que planter en f\u00e9vrier&nbsp;? &#8211; Les Conseils sweeek<\/title>\n<meta name=\"description\" content=\"Quels fruits et l\u00e9gumes manger et planter en f\u00e9vrier ? Chaque mois, sweeek vous partage sa liste d&#039;aliments de saison.\" \/>\n<meta name=\"robots\" content=\"index, follow, max-snippet:-1, max-image-preview:large, max-video-preview:-1\" \/>\n<link rel=\"canonical\" href=\"https:\/\/www.sweeek.fr\/blog\/que-planter-en-fevrier\/\" \/>\n<meta property=\"og:locale\" content=\"fr_FR\" \/>\n<meta property=\"og:type\" content=\"article\" \/>\n<meta property=\"og:title\" content=\"Que planter en f\u00e9vrier&nbsp;? &#8211; Les Conseils sweeek\" \/>\n<meta property=\"og:description\" content=\"Quels fruits et l\u00e9gumes manger et planter en f\u00e9vrier ? Chaque mois, sweeek vous partage sa liste d&#039;aliments de saison.\" \/>\n<meta property=\"og:url\" content=\"https:\/\/www.sweeek.fr\/blog\/que-planter-en-fevrier\/\" \/>\n<meta property=\"og:site_name\" content=\"Les Conseils sweeek\" \/>\n<meta property=\"article:published_time\" content=\"2022-06-05T08:26:00+00:00\" \/>\n<meta property=\"article:modified_time\" content=\"2026-01-28T15:14:31+00:00\" \/>\n<meta property=\"og:image\" content=\"https:\/\/www.sweeek.fr\/blog\/wp-content\/uploads\/2022\/06\/que-planter-en-fevrier.jpg\" \/>\n\t<meta property=\"og:image:width\" content=\"1024\" \/>\n\t<meta property=\"og:image:height\" content=\"682\" \/>\n\t<meta property=\"og:image:type\" content=\"image\/jpeg\" \/>\n<meta name=\"author\" content=\"Am\u00e9lie Capon\" \/>\n<meta name=\"twitter:card\" content=\"summary_large_image\" \/>\n<meta name=\"twitter:label1\" content=\"\u00c9crit par\" \/>\n\t<meta name=\"twitter:data1\" content=\"Am\u00e9lie Capon\" \/>\n\t<meta name=\"twitter:label2\" content=\"Dur\u00e9e de lecture estim\u00e9e\" \/>\n\t<meta name=\"twitter:data2\" content=\"7 minutes\" \/>\n<script type=\"application\/ld+json\" class=\"yoast-schema-graph\">{\"@context\":\"https:\\\/\\\/schema.org\",\"@graph\":[{\"@type\":\"Article\",\"@id\":\"https:\\\/\\\/www.sweeek.fr\\\/blog\\\/que-planter-en-fevrier\\\/#article\",\"isPartOf\":{\"@id\":\"https:\\\/\\\/www.sweeek.fr\\\/blog\\\/que-planter-en-fevrier\\\/\"},\"author\":{\"name\":\"Am\u00e9lie Capon\",\"@id\":\"https:\\\/\\\/www.sweeek.fr\\\/blog\\\/#\\\/schema\\\/person\\\/e97ba3e4a84bda73fe86070619e7640b\"},\"headline\":\"Que planter en f\u00e9vrier&nbsp;?\",\"datePublished\":\"2022-06-05T08:26:00+00:00\",\"dateModified\":\"2026-01-28T15:14:31+00:00\",\"mainEntityOfPage\":{\"@id\":\"https:\\\/\\\/www.sweeek.fr\\\/blog\\\/que-planter-en-fevrier\\\/\"},\"wordCount\":1234,\"commentCount\":0,\"publisher\":{\"@id\":\"https:\\\/\\\/www.sweeek.fr\\\/blog\\\/#organization\"},\"image\":{\"@id\":\"https:\\\/\\\/www.sweeek.fr\\\/blog\\\/que-planter-en-fevrier\\\/#primaryimage\"},\"thumbnailUrl\":\"https:\\\/\\\/www.sweeek.fr\\\/blog\\\/wp-content\\\/uploads\\\/2022\\\/06\\\/que-planter-en-fevrier.jpg\",\"articleSection\":[\"Potager\"],\"inLanguage\":\"fr-FR\",\"potentialAction\":[{\"@type\":\"CommentAction\",\"name\":\"Comment\",\"target\":[\"https:\\\/\\\/www.sweeek.fr\\\/blog\\\/que-planter-en-fevrier\\\/#respond\"]}]},{\"@type\":\"WebPage\",\"@id\":\"https:\\\/\\\/www.sweeek.fr\\\/blog\\\/que-planter-en-fevrier\\\/\",\"url\":\"https:\\\/\\\/www.sweeek.fr\\\/blog\\\/que-planter-en-fevrier\\\/\",\"name\":\"Que planter en f\u00e9vrier&nbsp;? &#8211; Les Conseils sweeek\",\"isPartOf\":{\"@id\":\"https:\\\/\\\/www.sweeek.fr\\\/blog\\\/#website\"},\"primaryImageOfPage\":{\"@id\":\"https:\\\/\\\/www.sweeek.fr\\\/blog\\\/que-planter-en-fevrier\\\/#primaryimage\"},\"image\":{\"@id\":\"https:\\\/\\\/www.sweeek.fr\\\/blog\\\/que-planter-en-fevrier\\\/#primaryimage\"},\"thumbnailUrl\":\"https:\\\/\\\/www.sweeek.fr\\\/blog\\\/wp-content\\\/uploads\\\/2022\\\/06\\\/que-planter-en-fevrier.jpg\",\"datePublished\":\"2022-06-05T08:26:00+00:00\",\"dateModified\":\"2026-01-28T15:14:31+00:00\",\"description\":\"Quels fruits et l\u00e9gumes manger et planter en f\u00e9vrier ? Chaque mois, sweeek vous partage sa liste d'aliments de saison.\",\"breadcrumb\":{\"@id\":\"https:\\\/\\\/www.sweeek.fr\\\/blog\\\/que-planter-en-fevrier\\\/#breadcrumb\"},\"inLanguage\":\"fr-FR\",\"potentialAction\":[{\"@type\":\"ReadAction\",\"target\":[\"https:\\\/\\\/www.sweeek.fr\\\/blog\\\/que-planter-en-fevrier\\\/\"]}]},{\"@type\":\"ImageObject\",\"inLanguage\":\"fr-FR\",\"@id\":\"https:\\\/\\\/www.sweeek.fr\\\/blog\\\/que-planter-en-fevrier\\\/#primaryimage\",\"url\":\"https:\\\/\\\/www.sweeek.fr\\\/blog\\\/wp-content\\\/uploads\\\/2022\\\/06\\\/que-planter-en-fevrier.jpg\",\"contentUrl\":\"https:\\\/\\\/www.sweeek.fr\\\/blog\\\/wp-content\\\/uploads\\\/2022\\\/06\\\/que-planter-en-fevrier.jpg\",\"width\":1024,\"height\":682,\"caption\":\"fruits et legumes de fevrier\"},{\"@type\":\"BreadcrumbList\",\"@id\":\"https:\\\/\\\/www.sweeek.fr\\\/blog\\\/que-planter-en-fevrier\\\/#breadcrumb\",\"itemListElement\":[{\"@type\":\"ListItem\",\"position\":1,\"name\":\"Accueil\",\"item\":\"https:\\\/\\\/www.sweeek.fr\\\/blog\\\/\"},{\"@type\":\"ListItem\",\"position\":2,\"name\":\"Que planter en f\u00e9vrier&nbsp;?\"}]},{\"@type\":\"WebSite\",\"@id\":\"https:\\\/\\\/www.sweeek.fr\\\/blog\\\/#website\",\"url\":\"https:\\\/\\\/www.sweeek.fr\\\/blog\\\/\",\"name\":\"Les Conseils sweeek\",\"description\":\"Conseils et inspirations\",\"publisher\":{\"@id\":\"https:\\\/\\\/www.sweeek.fr\\\/blog\\\/#organization\"},\"potentialAction\":[{\"@type\":\"SearchAction\",\"target\":{\"@type\":\"EntryPoint\",\"urlTemplate\":\"https:\\\/\\\/www.sweeek.fr\\\/blog\\\/?s={search_term_string}\"},\"query-input\":{\"@type\":\"PropertyValueSpecification\",\"valueRequired\":true,\"valueName\":\"search_term_string\"}}],\"inLanguage\":\"fr-FR\"},{\"@type\":\"Organization\",\"@id\":\"https:\\\/\\\/www.sweeek.fr\\\/blog\\\/#organization\",\"name\":\"sweeek\",\"url\":\"https:\\\/\\\/www.sweeek.fr\\\/blog\\\/\",\"logo\":{\"@type\":\"ImageObject\",\"inLanguage\":\"fr-FR\",\"@id\":\"https:\\\/\\\/www.sweeek.fr\\\/blog\\\/#\\\/schema\\\/logo\\\/image\\\/\",\"url\":\"https:\\\/\\\/www.sweeek.fr\\\/blog\\\/wp-content\\\/uploads\\\/2023\\\/10\\\/blog-sweeek-logo2.png\",\"contentUrl\":\"https:\\\/\\\/www.sweeek.fr\\\/blog\\\/wp-content\\\/uploads\\\/2023\\\/10\\\/blog-sweeek-logo2.png\",\"width\":328,\"height\":90,\"caption\":\"sweeek\"},\"image\":{\"@id\":\"https:\\\/\\\/www.sweeek.fr\\\/blog\\\/#\\\/schema\\\/logo\\\/image\\\/\"}},{\"@type\":\"Person\",\"@id\":\"https:\\\/\\\/www.sweeek.fr\\\/blog\\\/#\\\/schema\\\/person\\\/e97ba3e4a84bda73fe86070619e7640b\",\"name\":\"Am\u00e9lie Capon\",\"image\":{\"@type\":\"ImageObject\",\"inLanguage\":\"fr-FR\",\"@id\":\"https:\\\/\\\/secure.gravatar.com\\\/avatar\\\/042e4b25b2641d47117ebfaf786a00f66fd827d54a130982af74eb1f062ce832?s=96&d=mm&r=g\",\"url\":\"https:\\\/\\\/secure.gravatar.com\\\/avatar\\\/042e4b25b2641d47117ebfaf786a00f66fd827d54a130982af74eb1f062ce832?s=96&d=mm&r=g\",\"contentUrl\":\"https:\\\/\\\/secure.gravatar.com\\\/avatar\\\/042e4b25b2641d47117ebfaf786a00f66fd827d54a130982af74eb1f062ce832?s=96&d=mm&r=g\",\"caption\":\"Am\u00e9lie Capon\"}}]}<\/script>\n<!-- \/ Yoast SEO plugin. -->","yoast_head_json":{"title":"Que planter en f\u00e9vrier&nbsp;? &#8211; Les Conseils sweeek","description":"Quels fruits et l\u00e9gumes manger et planter en f\u00e9vrier ? Chaque mois, sweeek vous partage sa liste d'aliments de saison.","robots":{"index":"index","follow":"follow","max-snippet":"max-snippet:-1","max-image-preview":"max-image-preview:large","max-video-preview":"max-video-preview:-1"},"canonical":"https:\/\/www.sweeek.fr\/blog\/que-planter-en-fevrier\/","og_locale":"fr_FR","og_type":"article","og_title":"Que planter en f\u00e9vrier&nbsp;? &#8211; Les Conseils sweeek","og_description":"Quels fruits et l\u00e9gumes manger et planter en f\u00e9vrier ? Chaque mois, sweeek vous partage sa liste d'aliments de saison.","og_url":"https:\/\/www.sweeek.fr\/blog\/que-planter-en-fevrier\/","og_site_name":"Les Conseils sweeek","article_published_time":"2022-06-05T08:26:00+00:00","article_modified_time":"2026-01-28T15:14:31+00:00","og_image":[{"width":1024,"height":682,"url":"https:\/\/www.sweeek.fr\/blog\/wp-content\/uploads\/2022\/06\/que-planter-en-fevrier.jpg","type":"image\/jpeg"}],"author":"Am\u00e9lie Capon","twitter_card":"summary_large_image","twitter_misc":{"\u00c9crit par":"Am\u00e9lie Capon","Dur\u00e9e de lecture estim\u00e9e":"7 minutes"},"schema":{"@context":"https:\/\/schema.org","@graph":[{"@type":"Article","@id":"https:\/\/www.sweeek.fr\/blog\/que-planter-en-fevrier\/#article","isPartOf":{"@id":"https:\/\/www.sweeek.fr\/blog\/que-planter-en-fevrier\/"},"author":{"name":"Am\u00e9lie Capon","@id":"https:\/\/www.sweeek.fr\/blog\/#\/schema\/person\/e97ba3e4a84bda73fe86070619e7640b"},"headline":"Que planter en f\u00e9vrier&nbsp;?","datePublished":"2022-06-05T08:26:00+00:00","dateModified":"2026-01-28T15:14:31+00:00","mainEntityOfPage":{"@id":"https:\/\/www.sweeek.fr\/blog\/que-planter-en-fevrier\/"},"wordCount":1234,"commentCount":0,"publisher":{"@id":"https:\/\/www.sweeek.fr\/blog\/#organization"},"image":{"@id":"https:\/\/www.sweeek.fr\/blog\/que-planter-en-fevrier\/#primaryimage"},"thumbnailUrl":"https:\/\/www.sweeek.fr\/blog\/wp-content\/uploads\/2022\/06\/que-planter-en-fevrier.jpg","articleSection":["Potager"],"inLanguage":"fr-FR","potentialAction":[{"@type":"CommentAction","name":"Comment","target":["https:\/\/www.sweeek.fr\/blog\/que-planter-en-fevrier\/#respond"]}]},{"@type":"WebPage","@id":"https:\/\/www.sweeek.fr\/blog\/que-planter-en-fevrier\/","url":"https:\/\/www.sweeek.fr\/blog\/que-planter-en-fevrier\/","name":"Que planter en f\u00e9vrier&nbsp;? &#8211; Les Conseils sweeek","isPartOf":{"@id":"https:\/\/www.sweeek.fr\/blog\/#website"},"primaryImageOfPage":{"@id":"https:\/\/www.sweeek.fr\/blog\/que-planter-en-fevrier\/#primaryimage"},"image":{"@id":"https:\/\/www.sweeek.fr\/blog\/que-planter-en-fevrier\/#primaryimage"},"thumbnailUrl":"https:\/\/www.sweeek.fr\/blog\/wp-content\/uploads\/2022\/06\/que-planter-en-fevrier.jpg","datePublished":"2022-06-05T08:26:00+00:00","dateModified":"2026-01-28T15:14:31+00:00","description":"Quels fruits et l\u00e9gumes manger et planter en f\u00e9vrier ? Chaque mois, sweeek vous partage sa liste d'aliments de saison.","breadcrumb":{"@id":"https:\/\/www.sweeek.fr\/blog\/que-planter-en-fevrier\/#breadcrumb"},"inLanguage":"fr-FR","potentialAction":[{"@type":"ReadAction","target":["https:\/\/www.sweeek.fr\/blog\/que-planter-en-fevrier\/"]}]},{"@type":"ImageObject","inLanguage":"fr-FR","@id":"https:\/\/www.sweeek.fr\/blog\/que-planter-en-fevrier\/#primaryimage","url":"https:\/\/www.sweeek.fr\/blog\/wp-content\/uploads\/2022\/06\/que-planter-en-fevrier.jpg","contentUrl":"https:\/\/www.sweeek.fr\/blog\/wp-content\/uploads\/2022\/06\/que-planter-en-fevrier.jpg","width":1024,"height":682,"caption":"fruits et legumes de fevrier"},{"@type":"BreadcrumbList","@id":"https:\/\/www.sweeek.fr\/blog\/que-planter-en-fevrier\/#breadcrumb","itemListElement":[{"@type":"ListItem","position":1,"name":"Accueil","item":"https:\/\/www.sweeek.fr\/blog\/"},{"@type":"ListItem","position":2,"name":"Que planter en f\u00e9vrier&nbsp;?"}]},{"@type":"WebSite","@id":"https:\/\/www.sweeek.fr\/blog\/#website","url":"https:\/\/www.sweeek.fr\/blog\/","name":"Les Conseils sweeek","description":"Conseils et inspirations","publisher":{"@id":"https:\/\/www.sweeek.fr\/blog\/#organization"},"potentialAction":[{"@type":"SearchAction","target":{"@type":"EntryPoint","urlTemplate":"https:\/\/www.sweeek.fr\/blog\/?s={search_term_string}"},"query-input":{"@type":"PropertyValueSpecification","valueRequired":true,"valueName":"search_term_string"}}],"inLanguage":"fr-FR"},{"@type":"Organization","@id":"https:\/\/www.sweeek.fr\/blog\/#organization","name":"sweeek","url":"https:\/\/www.sweeek.fr\/blog\/","logo":{"@type":"ImageObject","inLanguage":"fr-FR","@id":"https:\/\/www.sweeek.fr\/blog\/#\/schema\/logo\/image\/","url":"https:\/\/www.sweeek.fr\/blog\/wp-content\/uploads\/2023\/10\/blog-sweeek-logo2.png","contentUrl":"https:\/\/www.sweeek.fr\/blog\/wp-content\/uploads\/2023\/10\/blog-sweeek-logo2.png","width":328,"height":90,"caption":"sweeek"},"image":{"@id":"https:\/\/www.sweeek.fr\/blog\/#\/schema\/logo\/image\/"}},{"@type":"Person","@id":"https:\/\/www.sweeek.fr\/blog\/#\/schema\/person\/e97ba3e4a84bda73fe86070619e7640b","name":"Am\u00e9lie Capon","image":{"@type":"ImageObject","inLanguage":"fr-FR","@id":"https:\/\/secure.gravatar.com\/avatar\/042e4b25b2641d47117ebfaf786a00f66fd827d54a130982af74eb1f062ce832?s=96&d=mm&r=g","url":"https:\/\/secure.gravatar.com\/avatar\/042e4b25b2641d47117ebfaf786a00f66fd827d54a130982af74eb1f062ce832?s=96&d=mm&r=g","contentUrl":"https:\/\/secure.gravatar.com\/avatar\/042e4b25b2641d47117ebfaf786a00f66fd827d54a130982af74eb1f062ce832?s=96&d=mm&r=g","caption":"Am\u00e9lie Capon"}}]}},"uagb_featured_image_src":{"full":["https:\/\/www.sweeek.fr\/blog\/wp-content\/uploads\/2022\/06\/que-planter-en-fevrier.jpg",1024,682,false],"thumbnail":["https:\/\/www.sweeek.fr\/blog\/wp-content\/uploads\/2022\/06\/que-planter-en-fevrier-150x150.jpg",150,150,true],"medium":["https:\/\/www.sweeek.fr\/blog\/wp-content\/uploads\/2022\/06\/que-planter-en-fevrier-300x200.jpg",300,200,true],"medium_large":["https:\/\/www.sweeek.fr\/blog\/wp-content\/uploads\/2022\/06\/que-planter-en-fevrier-768x512.jpg",768,512,true],"large":["https:\/\/www.sweeek.fr\/blog\/wp-content\/uploads\/2022\/06\/que-planter-en-fevrier.jpg",1024,682,false],"1536x1536":["https:\/\/www.sweeek.fr\/blog\/wp-content\/uploads\/2022\/06\/que-planter-en-fevrier.jpg",1024,682,false],"2048x2048":["https:\/\/www.sweeek.fr\/blog\/wp-content\/uploads\/2022\/06\/que-planter-en-fevrier.jpg",1024,682,false],"ocean-thumb-m":["https:\/\/www.sweeek.fr\/blog\/wp-content\/uploads\/2022\/06\/que-planter-en-fevrier-600x600.jpg",600,600,true],"ocean-thumb-ml":["https:\/\/www.sweeek.fr\/blog\/wp-content\/uploads\/2022\/06\/que-planter-en-fevrier-800x450.jpg",800,450,true],"ocean-thumb-l":["https:\/\/www.sweeek.fr\/blog\/wp-content\/uploads\/2022\/06\/que-planter-en-fevrier.jpg",1024,682,false]},"uagb_author_info":{"display_name":"Am\u00e9lie Capon","author_link":"https:\/\/www.sweeek.fr\/blog"},"uagb_comment_info":0,"uagb_excerpt":"Les jours rallongent, le soleil revient, l\u2019hiver est encore l\u00e0, mais le printemps n\u2019est plus tr\u00e8s loin\u2026 pas de doute nous sommes en f\u00e9vrier&nbsp;! Bien que le mois de f\u00e9vrier reste un mois tr\u00e8s froid de l\u2019ann\u00e9e, il est possible de semer graines et semis de l\u00e9gumes en pleine terre d\u00e8s la deuxi\u00e8me moiti\u00e9 du\u2026","_links":{"self":[{"href":"https:\/\/www.sweeek.fr\/blog\/wp-json\/wp\/v2\/posts\/9439","targetHints":{"allow":["GET"]}}],"collection":[{"href":"https:\/\/www.sweeek.fr\/blog\/wp-json\/wp\/v2\/posts"}],"about":[{"href":"https:\/\/www.sweeek.fr\/blog\/wp-json\/wp\/v2\/types\/post"}],"author":[{"embeddable":true,"href":"https:\/\/www.sweeek.fr\/blog\/wp-json\/wp\/v2\/users\/4"}],"replies":[{"embeddable":true,"href":"https:\/\/www.sweeek.fr\/blog\/wp-json\/wp\/v2\/comments?post=9439"}],"version-history":[{"count":11,"href":"https:\/\/www.sweeek.fr\/blog\/wp-json\/wp\/v2\/posts\/9439\/revisions"}],"predecessor-version":[{"id":20003,"href":"https:\/\/www.sweeek.fr\/blog\/wp-json\/wp\/v2\/posts\/9439\/revisions\/20003"}],"wp:featuredmedia":[{"embeddable":true,"href":"https:\/\/www.sweeek.fr\/blog\/wp-json\/wp\/v2\/media\/19748"}],"wp:attachment":[{"href":"https:\/\/www.sweeek.fr\/blog\/wp-json\/wp\/v2\/media?parent=9439"}],"wp:term":[{"taxonomy":"category","embeddable":true,"href":"https:\/\/www.sweeek.fr\/blog\/wp-json\/wp\/v2\/categories?post=9439"},{"taxonomy":"post_tag","embeddable":true,"href":"https:\/\/www.sweeek.fr\/blog\/wp-json\/wp\/v2\/tags?post=9439"}],"curies":[{"name":"wp","href":"https:\/\/api.w.org\/{rel}","templated":true}]}}