{"id":9397,"date":"2022-05-25T17:12:48","date_gmt":"2022-05-25T15:12:48","guid":{"rendered":"https:\/\/www.sweeek.fr\/blog\/?p=9397"},"modified":"2024-07-24T14:55:50","modified_gmt":"2024-07-24T12:55:50","slug":"calendrier-de-plantation-pour-le-potager-et-le-jardin","status":"publish","type":"post","link":"https:\/\/www.sweeek.fr\/blog\/calendrier-de-plantation-pour-le-potager-et-le-jardin\/","title":{"rendered":"Calendrier de plantation pour le potager\u00a0et le jardin"},"content":{"rendered":"<div class=\"wp-block-image\">\n<figure class=\"aligncenter size-full is-resized\"><img fetchpriority=\"high\" decoding=\"async\" src=\"https:\/\/www.sweeek.fr\/blog\/wp-content\/uploads\/2022\/05\/Sans-titre-2022-05-25T165859.780.png\" alt=\"faire un calendrier de plantation pour le potager \" class=\"wp-image-9401\" width=\"700\" height=\"400\" srcset=\"https:\/\/www.sweeek.fr\/blog\/wp-content\/uploads\/2022\/05\/Sans-titre-2022-05-25T165859.780.png 700w, https:\/\/www.sweeek.fr\/blog\/wp-content\/uploads\/2022\/05\/Sans-titre-2022-05-25T165859.780-300x171.png 300w\" sizes=\"(max-width: 700px) 100vw, 700px\" \/><\/figure>\n<\/div>\n\n\n<p>Planter des l\u00e9gumes dans&nbsp;son potager&nbsp;est une activit\u00e9 agr\u00e9able et plaisante. Les plantes n\u00e9cessitent le plus grand entretien d\u00e8s le jour o\u00f9 on les met en terre dans un <a href=\"https:\/\/www.sweeek.fr\/blog\/comment-faire-un-jardin-potager\/\">jardin potager<\/a>. Toutes les mains vertes savent qu\u2019il est important de faire attention \u00e0 la p\u00e9riode de plantation des v\u00e9g\u00e9taux. La <strong>nature du sol<\/strong>, <strong>l\u2019exposition<\/strong>, le <strong>climat<\/strong>, le terreau et la r\u00e9colte sont des facteurs \u00e0 ne pas n\u00e9gliger afin d\u2019avoir des plantes et des l\u00e9gumes en bonne sant\u00e9. Mais alors quels sont les <strong>principaux semis et graines \u00e0 semer et cultiver dans son potager<\/strong> en fonction du calendrier&nbsp;? Et quelles plantations d\u2019arbres, de plantes, de fleurs ou d\u2019arbustes sont n\u00e9cessaires pour que votre jardin soit le paradis de la maison quelle que soit la saison&nbsp;? Suivez les conseils sweeek pour devenir incollable sur la culture et l\u2019am\u00e9nagement d\u2019un potager ou d\u2019un jardin&nbsp;!&nbsp;<\/p>\n\n\n\n<h2 class=\"wp-block-heading\">Comment bien r\u00e9ussir ses plantations ?<\/h2>\n\n\n\n<p>Tout d\u2019abord, il faut faire un trou un peu plus profond et plus large que la motte concern\u00e9e. Le mieux est de le creuser deux \u00e0 trois semaines avant, afin d\u2019ameublir et d\u2019a\u00e9rer le sol. Concernant le <strong>compost<\/strong>, pr\u00e9f\u00e9rez un <a href=\"https:\/\/www.sweeek.fr\/blog\/quoi-mettre-dans-composteur\/\">compost fait maison<\/a>. C\u2019est plus \u00e9conomique et \u00e9cologique. <\/p>\n\n\n\n<p>Il est \u00e9galement important de r\u00e9aliser une cuvette autour du tronc. Elle sert \u00e0 \u00e9pargner l\u2019humidification du sol et \u00e0 concentrer l\u2019eau d\u2019arrosage vers les racines. En outre, il est \u00e9galement n\u00e9cessaire d\u2019habiller les racines, c\u2019est \u00e0 dire de les raccourcir, si besoin, pour les pr\u00e9parer \u00e0 une mise en terre. Cela favorise la reprise de la pousse de la motte. Pour ce faire, il faut nettoyer la motte gr\u00e2ce \u00e0 des coups de s\u00e9cateur sur les racines ab\u00eem\u00e9es et d\u00e9gager les chignons racinaires trop compacts. <\/p>\n\n\n\n<p>Par la suite, si votre jardin est constitu\u00e9 d\u2019argile, il est pr\u00e9f\u00e9rable de drainer le fond du trou en installant quelques centim\u00e8tres de gravier ou de billes d\u2019argiles expans\u00e9es. Il est important d\u2019enrichir la terre avec de l\u2019engrais afin de faciliter la pousse de la plante. <\/p>\n\n\n\n<p>Par ailleurs, apr\u00e8s toutes ces \u00e9tapes, il est indispensable d\u2019arroser pour tasser le sol au plus pr\u00e8s de la racine.&nbsp; Enfin, liez votre plant \u00e0 un tuteur pour \u00e9viter que la motte ne s\u2019enfonce trop dans la terre et pour que la r\u00e9colte soit plus facile.<\/p>\n\n\n\n<p>Quelques petites exceptions&nbsp;: le point de greffe des rosiers et des arbres fruitiers ne doit pas \u00eatre enterr\u00e9. La boursouflure en bas du tronc doit \u00eatre bien visible. Les arbres et les arbustes aux racines nues, quant \u00e0 eux, \u00e9voluent mieux lorsque nous r\u00e9alisons un pralinage. Il s\u2019agit d\u2019un m\u00e9lange de terre, de compost, d\u2019argile et d\u2019eau qui permet \u00e0 ces arbustes de tremper dans une boue \u00e9paisse. La croissance et la reprise de l\u2019arbre ou de l\u2019arbuste sont ainsi meilleures.<\/p>\n\n\n\n<p>Concernant le calendrier de plantation et de r\u00e9colte, il est important de bien respecter les diff\u00e9rentes saisons et p\u00e9riodes pour cultiver tels ou tels semis. N\u00e9anmoins, il est tout \u00e0 fait possible d\u2019utiliser certaines techniques pour prendre de l\u2019avance par rapport au calendrier de plantation et ainsi faire plusieurs r\u00e9coltes de semis lors de la m\u00eame ann\u00e9e. Par exemple, le repiquage est une technique bien connue qui permet d\u2019effectuer la r\u00e9colte d\u2019une culture au d\u00e9but du printemps&nbsp;: le repiquage consiste \u00e0 pr\u00e9lever un jeune plant de son emplacement d\u2019origine et le replanter en pleine terre ce qui vous permet ainsi de planter sous serre des semis durant l\u2019hiver, puis de les placer dans votre potager une fois que le printemps et donc un climat plus cl\u00e9ment sont revenus.&nbsp;<\/p>\n\n\n\n<p>Pour chaque saison, nous allons vous dresser une liste de quels l\u00e9gumes et autres semis cultiver au sein de votre potager. Nous allons \u00e9galement vous partager les diff\u00e9rentes graines de plantes ou fleurs qui ont leur place dans votre jardin. Le verger aura \u00e9galement son espace d\u00e9di\u00e9 pour savoir comment et quand faire la r\u00e9colte de la premi\u00e8re pomme ou autres d\u00e9licieux fruits.&nbsp;<\/p>\n\n\n\n<div class=\"wp-block-columns is-layout-flex wp-container-core-columns-is-layout-9d6595d7 wp-block-columns-is-layout-flex\">\n<div class=\"wp-block-column is-layout-flow wp-block-column-is-layout-flow\" style=\"flex-basis:66.66%\">\n<h2 class=\"wp-block-heading\">Que planter au printemps ?<\/h2>\n\n\n\n<p>Le froid et le gel s\u2019\u00e9loignent peu \u00e0 peu, les temp\u00e9ratures remontent\u2026 l\u2019hiver s\u2019en va et le printemps reprend sa place. C\u2019est la p\u00e9riode de l\u2019ann\u00e9e id\u00e9ale pour <a href=\"https:\/\/www.sweeek.fr\/blog\/comment-bien-choisir-ses-graines-pour-le-potager\/\">planter des graines<\/a> qui donneront de magnifiques fleurs color\u00e9es lors de l\u2019\u00e9t\u00e9. Le potager sera \u00e9galement \u00e0 l\u2019honneur avec une culture vari\u00e9e des diff\u00e9rents semis&nbsp;: de la tomate et la carotte au concombre en passant par les radis ou les pois. Il est \u00e9galement possible de proc\u00e9der au repiquage de certains plants qui ont \u00e9t\u00e9 plant\u00e9s sous serre \u00e0 la fin de l\u2019hiver. D\u00e9couvrez comment am\u00e9nager votre potager et votre jardin au printemps&nbsp;!&nbsp;<\/p>\n\n\n\n<h3 class=\"wp-block-heading\"><strong>Dans votre potager<\/strong><\/h3>\n\n\n\n<p>C\u00e9leri \u00e0 c\u00f4tes, c\u00e9leri-rave, c\u00e9leri branche, roquette, concombre, carotte, cornichon, oignons fraisier, melon. Pensez \u00e9galement aux piments, aux poivrons, aux haricots et aux diff\u00e9rents types de chicor\u00e9e ou encore de chou : chou-fleur, chou de Bruxelles ou chou pomm\u00e9. Les radis et les petits pois peuvent \u00e9galement \u00eatre plant\u00e9s au printemps&nbsp;: \u00e0 partir de fin f\u00e9vrier\/d\u00e9but mars, plantez vos radis et pois sous abri, mais d\u00e8s le mois de mai mettez-les en pleine terre. Les tomates sont typiques du printemps et peuvent \u00eatre plant\u00e9es en <a href=\"https:\/\/www.sweeek.fr\/blog\/que-planter-en-mars\/\">mars<\/a>, en <a href=\"https:\/\/www.sweeek.fr\/blog\/que-planter-en-avril\/\">avril<\/a> ou <a href=\"https:\/\/www.sweeek.fr\/blog\/que-planter-en-mai\/\">mai<\/a> sans soucis&nbsp;: pensez \u00e0 tuteurer les pieds des plants de tomates d\u00e8s la plantation.<\/p>\n\n\n\n<h3 class=\"wp-block-heading\"><strong>Dans votre jardin<\/strong><\/h3>\n\n\n\n<p>Les bulbes d\u2019\u00e9t\u00e9 en pot : canna, dahlia ; les vivaces comme le pavot, gaura, cor\u00e9opsis et les annuelles en godet : l\u2019\u0153illet d\u2019inde, sauge ; les plantes grimpantes en fleur comme le ch\u00e8vrefeuille, cl\u00e9matite ; les plantes exotiques en conteneur par exemple, bougainvill\u00e9e, bananier. Il y a aussi les iris, les pivoines en fleur, les plantes de berge et de bassin, les plantes aquatiques comme le n\u00e9nuphar, pr\u00eale\u2026<\/p>\n\n\n\n<h3 class=\"wp-block-heading\"><strong>Dans votre verger<\/strong><\/h3>\n\n\n\n<p>Les petits fruits en conteneur.<\/p>\n<\/div>\n\n\n\n<div class=\"wp-block-column is-vertically-aligned-center is-layout-flow wp-block-column-is-layout-flow\" style=\"flex-basis:33.33%\">\n<figure class=\"wp-block-image size-full\"><img decoding=\"async\" width=\"350\" height=\"550\" src=\"https:\/\/www.sweeek.fr\/blog\/wp-content\/uploads\/2022\/05\/Sans-titre-2022-05-25T170219.757.png\" alt=\"que planter au printemps \" class=\"wp-image-9403\" srcset=\"https:\/\/www.sweeek.fr\/blog\/wp-content\/uploads\/2022\/05\/Sans-titre-2022-05-25T170219.757.png 350w, https:\/\/www.sweeek.fr\/blog\/wp-content\/uploads\/2022\/05\/Sans-titre-2022-05-25T170219.757-191x300.png 191w\" sizes=\"(max-width: 350px) 100vw, 350px\" \/><\/figure>\n<\/div>\n<\/div>\n\n\n\n<div class=\"wp-block-columns is-layout-flex wp-container-core-columns-is-layout-9d6595d7 wp-block-columns-is-layout-flex\">\n<div class=\"wp-block-column is-vertically-aligned-center is-layout-flow wp-block-column-is-layout-flow\" style=\"flex-basis:33.33%\"><div class=\"wp-block-image\">\n<figure class=\"aligncenter size-full\"><img decoding=\"async\" width=\"350\" height=\"550\" src=\"https:\/\/www.sweeek.fr\/blog\/wp-content\/uploads\/2022\/05\/Sans-titre-2022-05-25T170427.635.png\" alt=\"que planter en \u00e9t\u00e9 \" class=\"wp-image-9404\" srcset=\"https:\/\/www.sweeek.fr\/blog\/wp-content\/uploads\/2022\/05\/Sans-titre-2022-05-25T170427.635.png 350w, https:\/\/www.sweeek.fr\/blog\/wp-content\/uploads\/2022\/05\/Sans-titre-2022-05-25T170427.635-191x300.png 191w\" sizes=\"(max-width: 350px) 100vw, 350px\" \/><\/figure>\n<\/div><\/div>\n\n\n\n<div class=\"wp-block-column is-layout-flow wp-block-column-is-layout-flow\" style=\"flex-basis:66.66%\">\n<h2 class=\"wp-block-heading\">Que planter en \u00e9t\u00e9 ?<\/h2>\n\n\n\n<p>Durant l\u2019\u00e9t\u00e9, les temp\u00e9ratures sont \u00e9lev\u00e9es et les sols se r\u00e9chauffent. Les mois de <a href=\"https:\/\/www.sweeek.fr\/blog\/que-planter-en-juin\/\">juin<\/a>, <a href=\"https:\/\/www.sweeek.fr\/blog\/que-planter-en-juillet\/\">juillet<\/a> et <a href=\"https:\/\/www.sweeek.fr\/blog\/que-planter-en-aout\/\">ao\u00fbt<\/a> sont le moment de donner de la couleur au potager et aux massifs de fleurs. Tout d\u2019abord, vous pouvez faire les r\u00e9coltes des semis de l\u00e9gumes plant\u00e9s au printemps pour faire de d\u00e9licieuses salades de m\u00e2che, roquette, tomate et haricots. Puis, remontez vos manches et c\u2019est parti pour une grande session de jardinage afin de parer votre jardin de nombreuses senteurs et couleurs diff\u00e9rentes&nbsp;! D\u00e9couvrez quels fruits, l\u00e9gumes ou fleurs mettre en culture en \u00e9t\u00e9&nbsp;!&nbsp;<\/p>\n\n\n\n<h3 class=\"wp-block-heading\">Dans votre potager<\/h3>\n\n\n\n<p>Chou chinois, chou-fleur et autres vari\u00e9t\u00e9s de choux. Aussi&nbsp;: laitue et m\u00e2che, navet, persil, poireau, les plants en mini-mottes et en godet, les fraisiers, les plantes condimentaires (comme la ciboulette, l\u2019estragon, le persil\u2026), la chicor\u00e9e italienne, les radis.<\/p>\n\n\n\n<h3 class=\"wp-block-heading\">Dans votre jardin<\/h3>\n\n\n\n<p>Les arbustes \u00e0 floraison estivale en fleurs, les plantes d\u2019\u00e9t\u00e9 fleuries, les plantes aquatiques, les plantes exotiques, les iris des jardin, iris de Florence et de Sib\u00e9rie, les bambous, les bulbes \u00e0 floraison automnale comme le colchique, cyclamen, rustique, lis de la madone, safran, etc; Parmi les gramin\u00e9es : f\u00e9tuque, herbe aux \u00e9couvillons, brize, m\u00e9lique, etc.; les bulbes de printemps (narcisse, tulipe) et petit bulbe (\u00e9toile de printemps, muscari, crocus, gloire des neiges); les conif\u00e8res; les lierres rustiques, les pivoines herbac\u00e9es.<\/p>\n\n\n\n<h3 class=\"wp-block-heading\">Dans votre verger<\/h3>\n\n\n\n<p>Les arbres fruitiers comme le cerisier, p\u00eacher, poirier, vigne, noyer, cognassier, pommier, prunier ; les kiwis et les arbres \u00e0 petits fruits comme le framboisier, m\u00fbre, cassissier, groseillier, myrtille, etc.<\/p>\n<\/div>\n<\/div>\n\n\n\n<div class=\"wp-block-columns is-layout-flex wp-container-core-columns-is-layout-9d6595d7 wp-block-columns-is-layout-flex\">\n<div class=\"wp-block-column is-layout-flow wp-block-column-is-layout-flow\" style=\"flex-basis:66.66%\">\n<h2 class=\"wp-block-heading\">Que planter en automne ?<\/h2>\n\n\n\n<p>L\u2019automne (<a href=\"https:\/\/www.sweeek.fr\/blog\/que-planter-en-septembre\/\">setptembre<\/a>, <a href=\"https:\/\/www.sweeek.fr\/blog\/que-planter-en-octobre\/\">octobre <\/a>et <a href=\"https:\/\/www.sweeek.fr\/blog\/que-planter-en-novembre-2\/\">novembre<\/a>) est la premi\u00e8re saison du jardinier et il est important de bien d\u00e9terminer quels semis planter afin de d\u2019optimiser les r\u00e9coltes d\u2019hiver ou du printemps. C\u2019est \u00e9galement une des meilleures p\u00e9riodes pour pratiquer le repiquage afin de replanter arbres et arbustes pour qu\u2019ils prennent racine du mieux possible. D\u00e9couvrez quels types de plantations effectu\u00e9es en automne&nbsp;!<\/p>\n\n\n\n<h3 class=\"wp-block-heading\">Dans votre potager <\/h3>\n\n\n\n<p>L\u2019ail en terre drain\u00e9e, les choux-fleurs, choux de Bruxelles et choux pomm\u00e9s, de l\u2019\u00e9chalote grise, de la laitue pomm\u00e9e d\u2019hiver, des oignons (oignon blanc principalement), ou encore des plantes condimentaires (ciboulette, oseille, romarin, thym, sarriette, estragon, ciboule, persil).&nbsp;<\/p>\n\n\n\n<h3 class=\"wp-block-heading\">Dans votre jardin<\/h3>\n\n\n\n<p>Les arbustes persistants, les bambous, les buis \u00e0 racines nues, les bulbes de printemps, les conif\u00e8res \u00e0 feuillage persistant, haies d\u2019arbustes, lierres, pivoines herbac\u00e9es, les rosiers, les vivaces, les buis communs, les hortensias, les rosiers buissons, couvre sol.<\/p>\n\n\n\n<h3 class=\"wp-block-heading\">Dans votre verger<\/h3>\n\n\n\n<p>Les arbres fruitiers, les arbres \u00e0 petits fruits, les kiwis.<\/p>\n<\/div>\n\n\n\n<div class=\"wp-block-column is-vertically-aligned-center is-layout-flow wp-block-column-is-layout-flow\" style=\"flex-basis:33.33%\"><div class=\"wp-block-image\">\n<figure class=\"aligncenter size-full\"><img loading=\"lazy\" decoding=\"async\" width=\"350\" height=\"400\" src=\"https:\/\/www.sweeek.fr\/blog\/wp-content\/uploads\/2022\/05\/Sans-titre-2022-05-25T170719.836.png\" alt=\"que planter en automne \" class=\"wp-image-9405\" srcset=\"https:\/\/www.sweeek.fr\/blog\/wp-content\/uploads\/2022\/05\/Sans-titre-2022-05-25T170719.836.png 350w, https:\/\/www.sweeek.fr\/blog\/wp-content\/uploads\/2022\/05\/Sans-titre-2022-05-25T170719.836-263x300.png 263w\" sizes=\"(max-width: 350px) 100vw, 350px\" \/><\/figure>\n<\/div><\/div>\n<\/div>\n\n\n\n<div class=\"wp-block-columns is-layout-flex wp-container-core-columns-is-layout-9d6595d7 wp-block-columns-is-layout-flex\">\n<div class=\"wp-block-column is-vertically-aligned-center is-layout-flow wp-block-column-is-layout-flow\" style=\"flex-basis:33.33%\">\n<figure class=\"wp-block-image size-full\"><img loading=\"lazy\" decoding=\"async\" width=\"350\" height=\"500\" src=\"https:\/\/www.sweeek.fr\/blog\/wp-content\/uploads\/2022\/05\/Sans-titre-2022-05-25T171204.809.png\" alt=\"que planter en hiver \" class=\"wp-image-9408\" srcset=\"https:\/\/www.sweeek.fr\/blog\/wp-content\/uploads\/2022\/05\/Sans-titre-2022-05-25T171204.809.png 350w, https:\/\/www.sweeek.fr\/blog\/wp-content\/uploads\/2022\/05\/Sans-titre-2022-05-25T171204.809-210x300.png 210w\" sizes=\"(max-width: 350px) 100vw, 350px\" \/><\/figure>\n<\/div>\n\n\n\n<div class=\"wp-block-column is-layout-flow wp-block-column-is-layout-flow\" style=\"flex-basis:66.66%\">\n<h2 class=\"wp-block-heading\">Que planter en hiver ?<\/h2>\n\n\n\n<p>Contrairement aux id\u00e9es re\u00e7ues, l\u2019arriv\u00e9e de l\u2019hiver ne signifie pas l\u2019arr\u00eat des travaux de jardinage. En effet, plusieurs semis peuvent \u00eatre mis en culture en <a href=\"https:\/\/www.sweeek.fr\/blog\/que-planter-en-decembre\/\">d\u00e9cembre<\/a>, <a href=\"https:\/\/www.sweeek.fr\/blog\/que-planter-en-janvier\/\">janvier<\/a> ou <a href=\"https:\/\/www.sweeek.fr\/blog\/que-planter-en-fevrier\/\">f\u00e9vrier<\/a> pour profiter de d\u00e9licieuses soupes par exemple. De nombreuses vari\u00e9t\u00e9s d\u2019arbres peuvent \u00e9galement \u00eatre plant\u00e9es dans votre verger. D\u00e9couvrez toutes les graines de l\u00e9gumes, plantes aromatiques ou autres v\u00e9g\u00e9taux pouvant \u00eatre cultiv\u00e9s en hiver&nbsp;!&nbsp;<\/p>\n\n\n\n<h3 class=\"wp-block-heading\">Dans votre potager<\/h3>\n\n\n\n<p>L\u2019ail et l\u2019oignon, la laitue ou le c\u00e9leri sous abri, de la pomme de terre primeur et de conservation. \u00c9galement en hiver&nbsp;: les artichauts, les asperges, les crosnes, les \u00e9chalotes, les fraisiers, l\u2019oseille, la rhubarbe, les topinambours. Vers la fin de f\u00e9vrier\/mars plantez du poireau et des petits pois (sous abri). Les aromatiques annuelles, vivaces en conteneur et en godet comme la ciboulette, persil, menthe\u2026 auront aussi leur place dans votre potager de janvier \u00e0 mars.<\/p>\n\n\n\n<h3 class=\"wp-block-heading\">Dans votre jardin<\/h3>\n\n\n\n<p>Les arbres, arbustes caducs \u00e0 racines nues comme le bouleau, l\u2019\u00e9rable, forsythia, lilas, etc. Les rosiers arbustifs, grimpants \u00e0 racines nues et les plantes grimpantes \u00e0 racines nues ou en conteneur comme la bignone, cl\u00e9matite, glycine\u2026<\/p>\n\n\n\n<h3 class=\"wp-block-heading\">Dans votre verger<\/h3>\n\n\n\n<p>Les petits fruits et arbres fruitiers \u00e0 racines nues, comme le cassissier, framboisier, groseillier, palmette, fuseau, quenouille, abricotier, cerisier, p\u00eacher, poirier, pommier, etc.<\/p>\n\n\n\n<p>Cette fiche sur le calendrier de plantation au fur et \u00e0 mesure de l\u2019ann\u00e9e touche maintenant \u00e0 sa fin et nous esp\u00e9rons qu\u2019il vous aura \u00e9clair\u00e9 et donn\u00e9 tous les conseils sur quels semis de l\u00e9gumes et fruits ou quels arbres et arbustes semer et cultiver lors des diff\u00e9rentes saisons.&nbsp;<\/p>\n<\/div>\n<\/div>\n\n\n\n<div class=\"wp-block-group has-white-color has-text-color has-background\" style=\"background-color:#f2f2f2\"><div class=\"wp-block-group__inner-container is-layout-flow wp-block-group-is-layout-flow\">\n<h2 class=\"alignfull has-text-align-center has-black-color has-text-color wp-block-heading\" style=\"font-size:30px;font-style:normal;font-weight:400\">La s\u00e9lection de sweeek<\/h2>\n\n\n\n<div style=\"height:21px\" aria-hidden=\"true\" class=\"wp-block-spacer\"><\/div>\n\n\n\n<div class=\"wp-block-columns is-layout-flex wp-container-core-columns-is-layout-9d6595d7 wp-block-columns-is-layout-flex\">\n<div class=\"wp-block-column is-layout-flow wp-block-column-is-layout-flow\" style=\"flex-basis:100%\">\n<div class=\"wp-block-columns is-layout-flex wp-container-core-columns-is-layout-9d6595d7 wp-block-columns-is-layout-flex\">\n<div class=\"wp-block-column is-layout-flow wp-block-column-is-layout-flow\" style=\"flex-basis:100%\">\n<div class=\"wp-block-columns is-layout-flex wp-container-core-columns-is-layout-9d6595d7 wp-block-columns-is-layout-flex\">\n<div class=\"wp-block-column is-layout-flow wp-block-column-is-layout-flow\"><div class=\"wp-block-image\">\n<figure class=\"aligncenter size-large\"><a href=\"https:\/\/www.sweeek.fr\/product\/potager-en-bois-sur-pieds-et-serre-en-polycarbonate-amovible-erable-2-en-1-avec-etagere-et-geotextile-80-x-60-x-109-cm\" target=\"_blank\" rel=\"noreferrer noopener\"><img decoding=\"async\" src=\"https:\/\/www.sweeek.fr\/blog\/wp-content\/uploads\/2022\/06\/Nouveau-projet-2022-06-01T114733.815.jpg\" alt=\"Potager en bois sur pieds avec mini serre\"\/><\/a><\/figure>\n<\/div>\n\n\n<h3 class=\"has-text-align-center has-black-color has-text-color wp-block-heading\" style=\"font-style:normal;font-weight:400\">Potager en bois sur pieds avec mini serre<\/h3>\n\n\n\n<div style=\"height:15px\" aria-hidden=\"true\" class=\"wp-block-spacer\"><\/div>\n<\/div>\n\n\n\n<div class=\"wp-block-column is-layout-flow wp-block-column-is-layout-flow\"><div class=\"wp-block-image\">\n<figure class=\"aligncenter size-large\"><a href=\"https:\/\/www.sweeek.fr\/product\/table-jardinage-petunia-2-tiroirs-etabli-exterieur-bois\" target=\"_blank\" rel=\"noopener\"><img decoding=\"async\" src=\"https:\/\/sweeek.twic.pics\/products\/6647\/original\/wwkbenchnat-25d74b2d941e42f87437f8d596b21587.jpg?twic=v1\/resize=1800x1800\/resize=1500\/quality=70\" alt=\"Table de rempotage avec 2 tiroirs\n\"\/><\/a><\/figure>\n<\/div>\n\n\n<h3 class=\"has-text-align-center wp-block-heading\" style=\"font-style:normal;font-weight:400\">Table de rempotage avec 2 tiroirs<\/h3>\n\n\n\n<div style=\"height:15px\" aria-hidden=\"true\" class=\"wp-block-spacer\"><\/div>\n<\/div>\n\n\n\n<div class=\"wp-block-column is-layout-flow wp-block-column-is-layout-flow\">\n<div style=\"height:15px\" aria-hidden=\"true\" class=\"wp-block-spacer\"><\/div>\n<\/div>\n<\/div>\n<\/div>\n<\/div>\n<\/div>\n<\/div>\n<\/div><\/div>\n","protected":false},"excerpt":{"rendered":"<p>Planter des l\u00e9gumes dans&nbsp;son potager&nbsp;est une activit\u00e9 agr\u00e9able et plaisante. Les plantes n\u00e9cessitent le plus grand entretien d\u00e8s le jour o\u00f9 on les met en terre dans un jardin potager. Toutes les mains vertes savent qu\u2019il est important de faire attention \u00e0 la p\u00e9riode de plantation des v\u00e9g\u00e9taux. La nature du sol, l\u2019exposition, le climat, [&hellip;]<\/p>\n","protected":false},"author":4,"featured_media":19820,"comment_status":"open","ping_status":"closed","sticky":false,"template":"","format":"standard","meta":{"inline_featured_image":false,"_uag_custom_page_level_css":"","ocean_post_layout":"","ocean_both_sidebars_style":"","ocean_both_sidebars_content_width":0,"ocean_both_sidebars_sidebars_width":0,"ocean_sidebar":"0","ocean_second_sidebar":"0","ocean_disable_margins":"enable","ocean_add_body_class":"","ocean_shortcode_before_top_bar":"","ocean_shortcode_after_top_bar":"","ocean_shortcode_before_header":"","ocean_shortcode_after_header":"","ocean_has_shortcode":"","ocean_shortcode_after_title":"","ocean_shortcode_before_footer_widgets":"","ocean_shortcode_after_footer_widgets":"","ocean_shortcode_before_footer_bottom":"","ocean_shortcode_after_footer_bottom":"","ocean_display_top_bar":"default","ocean_display_header":"default","ocean_header_style":"","ocean_center_header_left_menu":"0","ocean_custom_header_template":"0","ocean_custom_logo":0,"ocean_custom_retina_logo":0,"ocean_custom_logo_max_width":0,"ocean_custom_logo_tablet_max_width":0,"ocean_custom_logo_mobile_max_width":0,"ocean_custom_logo_max_height":0,"ocean_custom_logo_tablet_max_height":0,"ocean_custom_logo_mobile_max_height":0,"ocean_header_custom_menu":"0","ocean_menu_typo_font_family":"0","ocean_menu_typo_font_subset":"","ocean_menu_typo_font_size":0,"ocean_menu_typo_font_size_tablet":0,"ocean_menu_typo_font_size_mobile":0,"ocean_menu_typo_font_size_unit":"px","ocean_menu_typo_font_weight":"","ocean_menu_typo_font_weight_tablet":"","ocean_menu_typo_font_weight_mobile":"","ocean_menu_typo_transform":"","ocean_menu_typo_transform_tablet":"","ocean_menu_typo_transform_mobile":"","ocean_menu_typo_line_height":0,"ocean_menu_typo_line_height_tablet":0,"ocean_menu_typo_line_height_mobile":0,"ocean_menu_typo_line_height_unit":"","ocean_menu_typo_spacing":0,"ocean_menu_typo_spacing_tablet":0,"ocean_menu_typo_spacing_mobile":0,"ocean_menu_typo_spacing_unit":"","ocean_menu_link_color":"","ocean_menu_link_color_hover":"","ocean_menu_link_color_active":"","ocean_menu_link_background":"","ocean_menu_link_hover_background":"","ocean_menu_link_active_background":"","ocean_menu_social_links_bg":"","ocean_menu_social_hover_links_bg":"","ocean_menu_social_links_color":"","ocean_menu_social_hover_links_color":"","ocean_disable_title":"default","ocean_disable_heading":"default","ocean_post_title":"","ocean_post_subheading":"","ocean_post_title_style":"","ocean_post_title_background_color":"","ocean_post_title_background":0,"ocean_post_title_bg_image_position":"","ocean_post_title_bg_image_attachment":"","ocean_post_title_bg_image_repeat":"","ocean_post_title_bg_image_size":"","ocean_post_title_height":0,"ocean_post_title_bg_overlay":0.5,"ocean_post_title_bg_overlay_color":"","ocean_disable_breadcrumbs":"default","ocean_breadcrumbs_color":"","ocean_breadcrumbs_separator_color":"","ocean_breadcrumbs_links_color":"","ocean_breadcrumbs_links_hover_color":"","ocean_display_footer_widgets":"default","ocean_display_footer_bottom":"default","ocean_custom_footer_template":"0","ocean_post_oembed":"","ocean_post_self_hosted_media":"","ocean_post_video_embed":"","ocean_link_format":"","ocean_link_format_target":"self","ocean_quote_format":"","ocean_quote_format_link":"post","ocean_gallery_link_images":"off","ocean_gallery_id":[],"footnotes":""},"categories":[178],"tags":[],"class_list":["post-9397","post","type-post","status-publish","format-standard","has-post-thumbnail","hentry","category-potager","entry","has-media"],"yoast_head":"<!-- This site is optimized with the Yoast SEO plugin v27.3 - https:\/\/yoast.com\/product\/yoast-seo-wordpress\/ -->\n<title>Calendrier de plantation pour le potager\u00a0et le jardin &#8211; Les Conseils sweeek<\/title>\n<meta name=\"description\" content=\"Retrouvez toutes les graines de l\u00e9gumes, plantes aromatiques ou autres v\u00e9g\u00e9taux que vous pouvez planter par saison ?\" \/>\n<meta name=\"robots\" content=\"index, follow, max-snippet:-1, max-image-preview:large, max-video-preview:-1\" \/>\n<link rel=\"canonical\" href=\"https:\/\/www.sweeek.fr\/blog\/calendrier-de-plantation-pour-le-potager-et-le-jardin\/\" \/>\n<meta property=\"og:locale\" content=\"fr_FR\" \/>\n<meta property=\"og:type\" content=\"article\" \/>\n<meta property=\"og:title\" content=\"Calendrier de plantation pour le potager\u00a0et le jardin &#8211; Les Conseils sweeek\" \/>\n<meta property=\"og:description\" content=\"Retrouvez toutes les graines de l\u00e9gumes, plantes aromatiques ou autres v\u00e9g\u00e9taux que vous pouvez planter par saison ?\" \/>\n<meta property=\"og:url\" content=\"https:\/\/www.sweeek.fr\/blog\/calendrier-de-plantation-pour-le-potager-et-le-jardin\/\" \/>\n<meta property=\"og:site_name\" content=\"Les Conseils sweeek\" \/>\n<meta property=\"article:published_time\" content=\"2022-05-25T15:12:48+00:00\" \/>\n<meta property=\"article:modified_time\" content=\"2024-07-24T12:55:50+00:00\" \/>\n<meta property=\"og:image\" content=\"https:\/\/www.sweeek.fr\/blog\/wp-content\/uploads\/2022\/05\/calendrier-plantation-jardin.jpg\" \/>\n\t<meta property=\"og:image:width\" content=\"1024\" \/>\n\t<meta property=\"og:image:height\" content=\"682\" \/>\n\t<meta property=\"og:image:type\" content=\"image\/jpeg\" \/>\n<meta name=\"author\" content=\"Am\u00e9lie Capon\" \/>\n<meta name=\"twitter:card\" content=\"summary_large_image\" \/>\n<meta name=\"twitter:label1\" content=\"\u00c9crit par\" \/>\n\t<meta name=\"twitter:data1\" content=\"Am\u00e9lie Capon\" \/>\n\t<meta name=\"twitter:label2\" content=\"Dur\u00e9e de lecture estim\u00e9e\" \/>\n\t<meta name=\"twitter:data2\" content=\"11 minutes\" \/>\n<script type=\"application\/ld+json\" class=\"yoast-schema-graph\">{\"@context\":\"https:\\\/\\\/schema.org\",\"@graph\":[{\"@type\":\"Article\",\"@id\":\"https:\\\/\\\/www.sweeek.fr\\\/blog\\\/calendrier-de-plantation-pour-le-potager-et-le-jardin\\\/#article\",\"isPartOf\":{\"@id\":\"https:\\\/\\\/www.sweeek.fr\\\/blog\\\/calendrier-de-plantation-pour-le-potager-et-le-jardin\\\/\"},\"author\":{\"name\":\"Am\u00e9lie Capon\",\"@id\":\"https:\\\/\\\/www.sweeek.fr\\\/blog\\\/#\\\/schema\\\/person\\\/e97ba3e4a84bda73fe86070619e7640b\"},\"headline\":\"Calendrier de plantation pour le potager\u00a0et le jardin\",\"datePublished\":\"2022-05-25T15:12:48+00:00\",\"dateModified\":\"2024-07-24T12:55:50+00:00\",\"mainEntityOfPage\":{\"@id\":\"https:\\\/\\\/www.sweeek.fr\\\/blog\\\/calendrier-de-plantation-pour-le-potager-et-le-jardin\\\/\"},\"wordCount\":1818,\"commentCount\":0,\"publisher\":{\"@id\":\"https:\\\/\\\/www.sweeek.fr\\\/blog\\\/#organization\"},\"image\":{\"@id\":\"https:\\\/\\\/www.sweeek.fr\\\/blog\\\/calendrier-de-plantation-pour-le-potager-et-le-jardin\\\/#primaryimage\"},\"thumbnailUrl\":\"https:\\\/\\\/www.sweeek.fr\\\/blog\\\/wp-content\\\/uploads\\\/2022\\\/05\\\/calendrier-plantation-jardin.jpg\",\"articleSection\":[\"Potager\"],\"inLanguage\":\"fr-FR\",\"potentialAction\":[{\"@type\":\"CommentAction\",\"name\":\"Comment\",\"target\":[\"https:\\\/\\\/www.sweeek.fr\\\/blog\\\/calendrier-de-plantation-pour-le-potager-et-le-jardin\\\/#respond\"]}]},{\"@type\":\"WebPage\",\"@id\":\"https:\\\/\\\/www.sweeek.fr\\\/blog\\\/calendrier-de-plantation-pour-le-potager-et-le-jardin\\\/\",\"url\":\"https:\\\/\\\/www.sweeek.fr\\\/blog\\\/calendrier-de-plantation-pour-le-potager-et-le-jardin\\\/\",\"name\":\"Calendrier de plantation pour le potager\u00a0et le jardin &#8211; Les Conseils sweeek\",\"isPartOf\":{\"@id\":\"https:\\\/\\\/www.sweeek.fr\\\/blog\\\/#website\"},\"primaryImageOfPage\":{\"@id\":\"https:\\\/\\\/www.sweeek.fr\\\/blog\\\/calendrier-de-plantation-pour-le-potager-et-le-jardin\\\/#primaryimage\"},\"image\":{\"@id\":\"https:\\\/\\\/www.sweeek.fr\\\/blog\\\/calendrier-de-plantation-pour-le-potager-et-le-jardin\\\/#primaryimage\"},\"thumbnailUrl\":\"https:\\\/\\\/www.sweeek.fr\\\/blog\\\/wp-content\\\/uploads\\\/2022\\\/05\\\/calendrier-plantation-jardin.jpg\",\"datePublished\":\"2022-05-25T15:12:48+00:00\",\"dateModified\":\"2024-07-24T12:55:50+00:00\",\"description\":\"Retrouvez toutes les graines de l\u00e9gumes, plantes aromatiques ou autres v\u00e9g\u00e9taux que vous pouvez planter par saison ?\",\"breadcrumb\":{\"@id\":\"https:\\\/\\\/www.sweeek.fr\\\/blog\\\/calendrier-de-plantation-pour-le-potager-et-le-jardin\\\/#breadcrumb\"},\"inLanguage\":\"fr-FR\",\"potentialAction\":[{\"@type\":\"ReadAction\",\"target\":[\"https:\\\/\\\/www.sweeek.fr\\\/blog\\\/calendrier-de-plantation-pour-le-potager-et-le-jardin\\\/\"]}]},{\"@type\":\"ImageObject\",\"inLanguage\":\"fr-FR\",\"@id\":\"https:\\\/\\\/www.sweeek.fr\\\/blog\\\/calendrier-de-plantation-pour-le-potager-et-le-jardin\\\/#primaryimage\",\"url\":\"https:\\\/\\\/www.sweeek.fr\\\/blog\\\/wp-content\\\/uploads\\\/2022\\\/05\\\/calendrier-plantation-jardin.jpg\",\"contentUrl\":\"https:\\\/\\\/www.sweeek.fr\\\/blog\\\/wp-content\\\/uploads\\\/2022\\\/05\\\/calendrier-plantation-jardin.jpg\",\"width\":1024,\"height\":682,\"caption\":\"calendrier plantation pour le jardin\"},{\"@type\":\"BreadcrumbList\",\"@id\":\"https:\\\/\\\/www.sweeek.fr\\\/blog\\\/calendrier-de-plantation-pour-le-potager-et-le-jardin\\\/#breadcrumb\",\"itemListElement\":[{\"@type\":\"ListItem\",\"position\":1,\"name\":\"Accueil\",\"item\":\"https:\\\/\\\/www.sweeek.fr\\\/blog\\\/\"},{\"@type\":\"ListItem\",\"position\":2,\"name\":\"Calendrier de plantation pour le potager\u00a0et le jardin\"}]},{\"@type\":\"WebSite\",\"@id\":\"https:\\\/\\\/www.sweeek.fr\\\/blog\\\/#website\",\"url\":\"https:\\\/\\\/www.sweeek.fr\\\/blog\\\/\",\"name\":\"Les Conseils sweeek\",\"description\":\"Conseils et inspirations\",\"publisher\":{\"@id\":\"https:\\\/\\\/www.sweeek.fr\\\/blog\\\/#organization\"},\"potentialAction\":[{\"@type\":\"SearchAction\",\"target\":{\"@type\":\"EntryPoint\",\"urlTemplate\":\"https:\\\/\\\/www.sweeek.fr\\\/blog\\\/?s={search_term_string}\"},\"query-input\":{\"@type\":\"PropertyValueSpecification\",\"valueRequired\":true,\"valueName\":\"search_term_string\"}}],\"inLanguage\":\"fr-FR\"},{\"@type\":\"Organization\",\"@id\":\"https:\\\/\\\/www.sweeek.fr\\\/blog\\\/#organization\",\"name\":\"sweeek\",\"url\":\"https:\\\/\\\/www.sweeek.fr\\\/blog\\\/\",\"logo\":{\"@type\":\"ImageObject\",\"inLanguage\":\"fr-FR\",\"@id\":\"https:\\\/\\\/www.sweeek.fr\\\/blog\\\/#\\\/schema\\\/logo\\\/image\\\/\",\"url\":\"https:\\\/\\\/www.sweeek.fr\\\/blog\\\/wp-content\\\/uploads\\\/2023\\\/10\\\/blog-sweeek-logo2.png\",\"contentUrl\":\"https:\\\/\\\/www.sweeek.fr\\\/blog\\\/wp-content\\\/uploads\\\/2023\\\/10\\\/blog-sweeek-logo2.png\",\"width\":328,\"height\":90,\"caption\":\"sweeek\"},\"image\":{\"@id\":\"https:\\\/\\\/www.sweeek.fr\\\/blog\\\/#\\\/schema\\\/logo\\\/image\\\/\"}},{\"@type\":\"Person\",\"@id\":\"https:\\\/\\\/www.sweeek.fr\\\/blog\\\/#\\\/schema\\\/person\\\/e97ba3e4a84bda73fe86070619e7640b\",\"name\":\"Am\u00e9lie Capon\",\"image\":{\"@type\":\"ImageObject\",\"inLanguage\":\"fr-FR\",\"@id\":\"https:\\\/\\\/secure.gravatar.com\\\/avatar\\\/042e4b25b2641d47117ebfaf786a00f66fd827d54a130982af74eb1f062ce832?s=96&d=mm&r=g\",\"url\":\"https:\\\/\\\/secure.gravatar.com\\\/avatar\\\/042e4b25b2641d47117ebfaf786a00f66fd827d54a130982af74eb1f062ce832?s=96&d=mm&r=g\",\"contentUrl\":\"https:\\\/\\\/secure.gravatar.com\\\/avatar\\\/042e4b25b2641d47117ebfaf786a00f66fd827d54a130982af74eb1f062ce832?s=96&d=mm&r=g\",\"caption\":\"Am\u00e9lie Capon\"}}]}<\/script>\n<!-- \/ Yoast SEO plugin. -->","yoast_head_json":{"title":"Calendrier de plantation pour le potager\u00a0et le jardin &#8211; Les Conseils sweeek","description":"Retrouvez toutes les graines de l\u00e9gumes, plantes aromatiques ou autres v\u00e9g\u00e9taux que vous pouvez planter par saison ?","robots":{"index":"index","follow":"follow","max-snippet":"max-snippet:-1","max-image-preview":"max-image-preview:large","max-video-preview":"max-video-preview:-1"},"canonical":"https:\/\/www.sweeek.fr\/blog\/calendrier-de-plantation-pour-le-potager-et-le-jardin\/","og_locale":"fr_FR","og_type":"article","og_title":"Calendrier de plantation pour le potager\u00a0et le jardin &#8211; Les Conseils sweeek","og_description":"Retrouvez toutes les graines de l\u00e9gumes, plantes aromatiques ou autres v\u00e9g\u00e9taux que vous pouvez planter par saison ?","og_url":"https:\/\/www.sweeek.fr\/blog\/calendrier-de-plantation-pour-le-potager-et-le-jardin\/","og_site_name":"Les Conseils sweeek","article_published_time":"2022-05-25T15:12:48+00:00","article_modified_time":"2024-07-24T12:55:50+00:00","og_image":[{"width":1024,"height":682,"url":"https:\/\/www.sweeek.fr\/blog\/wp-content\/uploads\/2022\/05\/calendrier-plantation-jardin.jpg","type":"image\/jpeg"}],"author":"Am\u00e9lie Capon","twitter_card":"summary_large_image","twitter_misc":{"\u00c9crit par":"Am\u00e9lie Capon","Dur\u00e9e de lecture estim\u00e9e":"11 minutes"},"schema":{"@context":"https:\/\/schema.org","@graph":[{"@type":"Article","@id":"https:\/\/www.sweeek.fr\/blog\/calendrier-de-plantation-pour-le-potager-et-le-jardin\/#article","isPartOf":{"@id":"https:\/\/www.sweeek.fr\/blog\/calendrier-de-plantation-pour-le-potager-et-le-jardin\/"},"author":{"name":"Am\u00e9lie Capon","@id":"https:\/\/www.sweeek.fr\/blog\/#\/schema\/person\/e97ba3e4a84bda73fe86070619e7640b"},"headline":"Calendrier de plantation pour le potager\u00a0et le jardin","datePublished":"2022-05-25T15:12:48+00:00","dateModified":"2024-07-24T12:55:50+00:00","mainEntityOfPage":{"@id":"https:\/\/www.sweeek.fr\/blog\/calendrier-de-plantation-pour-le-potager-et-le-jardin\/"},"wordCount":1818,"commentCount":0,"publisher":{"@id":"https:\/\/www.sweeek.fr\/blog\/#organization"},"image":{"@id":"https:\/\/www.sweeek.fr\/blog\/calendrier-de-plantation-pour-le-potager-et-le-jardin\/#primaryimage"},"thumbnailUrl":"https:\/\/www.sweeek.fr\/blog\/wp-content\/uploads\/2022\/05\/calendrier-plantation-jardin.jpg","articleSection":["Potager"],"inLanguage":"fr-FR","potentialAction":[{"@type":"CommentAction","name":"Comment","target":["https:\/\/www.sweeek.fr\/blog\/calendrier-de-plantation-pour-le-potager-et-le-jardin\/#respond"]}]},{"@type":"WebPage","@id":"https:\/\/www.sweeek.fr\/blog\/calendrier-de-plantation-pour-le-potager-et-le-jardin\/","url":"https:\/\/www.sweeek.fr\/blog\/calendrier-de-plantation-pour-le-potager-et-le-jardin\/","name":"Calendrier de plantation pour le potager\u00a0et le jardin &#8211; Les Conseils sweeek","isPartOf":{"@id":"https:\/\/www.sweeek.fr\/blog\/#website"},"primaryImageOfPage":{"@id":"https:\/\/www.sweeek.fr\/blog\/calendrier-de-plantation-pour-le-potager-et-le-jardin\/#primaryimage"},"image":{"@id":"https:\/\/www.sweeek.fr\/blog\/calendrier-de-plantation-pour-le-potager-et-le-jardin\/#primaryimage"},"thumbnailUrl":"https:\/\/www.sweeek.fr\/blog\/wp-content\/uploads\/2022\/05\/calendrier-plantation-jardin.jpg","datePublished":"2022-05-25T15:12:48+00:00","dateModified":"2024-07-24T12:55:50+00:00","description":"Retrouvez toutes les graines de l\u00e9gumes, plantes aromatiques ou autres v\u00e9g\u00e9taux que vous pouvez planter par saison ?","breadcrumb":{"@id":"https:\/\/www.sweeek.fr\/blog\/calendrier-de-plantation-pour-le-potager-et-le-jardin\/#breadcrumb"},"inLanguage":"fr-FR","potentialAction":[{"@type":"ReadAction","target":["https:\/\/www.sweeek.fr\/blog\/calendrier-de-plantation-pour-le-potager-et-le-jardin\/"]}]},{"@type":"ImageObject","inLanguage":"fr-FR","@id":"https:\/\/www.sweeek.fr\/blog\/calendrier-de-plantation-pour-le-potager-et-le-jardin\/#primaryimage","url":"https:\/\/www.sweeek.fr\/blog\/wp-content\/uploads\/2022\/05\/calendrier-plantation-jardin.jpg","contentUrl":"https:\/\/www.sweeek.fr\/blog\/wp-content\/uploads\/2022\/05\/calendrier-plantation-jardin.jpg","width":1024,"height":682,"caption":"calendrier plantation pour le jardin"},{"@type":"BreadcrumbList","@id":"https:\/\/www.sweeek.fr\/blog\/calendrier-de-plantation-pour-le-potager-et-le-jardin\/#breadcrumb","itemListElement":[{"@type":"ListItem","position":1,"name":"Accueil","item":"https:\/\/www.sweeek.fr\/blog\/"},{"@type":"ListItem","position":2,"name":"Calendrier de plantation pour le potager\u00a0et le jardin"}]},{"@type":"WebSite","@id":"https:\/\/www.sweeek.fr\/blog\/#website","url":"https:\/\/www.sweeek.fr\/blog\/","name":"Les Conseils sweeek","description":"Conseils et inspirations","publisher":{"@id":"https:\/\/www.sweeek.fr\/blog\/#organization"},"potentialAction":[{"@type":"SearchAction","target":{"@type":"EntryPoint","urlTemplate":"https:\/\/www.sweeek.fr\/blog\/?s={search_term_string}"},"query-input":{"@type":"PropertyValueSpecification","valueRequired":true,"valueName":"search_term_string"}}],"inLanguage":"fr-FR"},{"@type":"Organization","@id":"https:\/\/www.sweeek.fr\/blog\/#organization","name":"sweeek","url":"https:\/\/www.sweeek.fr\/blog\/","logo":{"@type":"ImageObject","inLanguage":"fr-FR","@id":"https:\/\/www.sweeek.fr\/blog\/#\/schema\/logo\/image\/","url":"https:\/\/www.sweeek.fr\/blog\/wp-content\/uploads\/2023\/10\/blog-sweeek-logo2.png","contentUrl":"https:\/\/www.sweeek.fr\/blog\/wp-content\/uploads\/2023\/10\/blog-sweeek-logo2.png","width":328,"height":90,"caption":"sweeek"},"image":{"@id":"https:\/\/www.sweeek.fr\/blog\/#\/schema\/logo\/image\/"}},{"@type":"Person","@id":"https:\/\/www.sweeek.fr\/blog\/#\/schema\/person\/e97ba3e4a84bda73fe86070619e7640b","name":"Am\u00e9lie Capon","image":{"@type":"ImageObject","inLanguage":"fr-FR","@id":"https:\/\/secure.gravatar.com\/avatar\/042e4b25b2641d47117ebfaf786a00f66fd827d54a130982af74eb1f062ce832?s=96&d=mm&r=g","url":"https:\/\/secure.gravatar.com\/avatar\/042e4b25b2641d47117ebfaf786a00f66fd827d54a130982af74eb1f062ce832?s=96&d=mm&r=g","contentUrl":"https:\/\/secure.gravatar.com\/avatar\/042e4b25b2641d47117ebfaf786a00f66fd827d54a130982af74eb1f062ce832?s=96&d=mm&r=g","caption":"Am\u00e9lie Capon"}}]}},"uagb_featured_image_src":{"full":["https:\/\/www.sweeek.fr\/blog\/wp-content\/uploads\/2022\/05\/calendrier-plantation-jardin.jpg",1024,682,false],"thumbnail":["https:\/\/www.sweeek.fr\/blog\/wp-content\/uploads\/2022\/05\/calendrier-plantation-jardin-150x150.jpg",150,150,true],"medium":["https:\/\/www.sweeek.fr\/blog\/wp-content\/uploads\/2022\/05\/calendrier-plantation-jardin-300x200.jpg",300,200,true],"medium_large":["https:\/\/www.sweeek.fr\/blog\/wp-content\/uploads\/2022\/05\/calendrier-plantation-jardin-768x512.jpg",768,512,true],"large":["https:\/\/www.sweeek.fr\/blog\/wp-content\/uploads\/2022\/05\/calendrier-plantation-jardin.jpg",1024,682,false],"1536x1536":["https:\/\/www.sweeek.fr\/blog\/wp-content\/uploads\/2022\/05\/calendrier-plantation-jardin.jpg",1024,682,false],"2048x2048":["https:\/\/www.sweeek.fr\/blog\/wp-content\/uploads\/2022\/05\/calendrier-plantation-jardin.jpg",1024,682,false],"ocean-thumb-m":["https:\/\/www.sweeek.fr\/blog\/wp-content\/uploads\/2022\/05\/calendrier-plantation-jardin-600x600.jpg",600,600,true],"ocean-thumb-ml":["https:\/\/www.sweeek.fr\/blog\/wp-content\/uploads\/2022\/05\/calendrier-plantation-jardin-800x450.jpg",800,450,true],"ocean-thumb-l":["https:\/\/www.sweeek.fr\/blog\/wp-content\/uploads\/2022\/05\/calendrier-plantation-jardin.jpg",1024,682,false]},"uagb_author_info":{"display_name":"Am\u00e9lie Capon","author_link":"https:\/\/www.sweeek.fr\/blog"},"uagb_comment_info":0,"uagb_excerpt":"Planter des l\u00e9gumes dans&nbsp;son potager&nbsp;est une activit\u00e9 agr\u00e9able et plaisante. Les plantes n\u00e9cessitent le plus grand entretien d\u00e8s le jour o\u00f9 on les met en terre dans un jardin potager. Toutes les mains vertes savent qu\u2019il est important de faire attention \u00e0 la p\u00e9riode de plantation des v\u00e9g\u00e9taux. La nature du sol, l\u2019exposition, le climat,\u2026","_links":{"self":[{"href":"https:\/\/www.sweeek.fr\/blog\/wp-json\/wp\/v2\/posts\/9397","targetHints":{"allow":["GET"]}}],"collection":[{"href":"https:\/\/www.sweeek.fr\/blog\/wp-json\/wp\/v2\/posts"}],"about":[{"href":"https:\/\/www.sweeek.fr\/blog\/wp-json\/wp\/v2\/types\/post"}],"author":[{"embeddable":true,"href":"https:\/\/www.sweeek.fr\/blog\/wp-json\/wp\/v2\/users\/4"}],"replies":[{"embeddable":true,"href":"https:\/\/www.sweeek.fr\/blog\/wp-json\/wp\/v2\/comments?post=9397"}],"version-history":[{"count":7,"href":"https:\/\/www.sweeek.fr\/blog\/wp-json\/wp\/v2\/posts\/9397\/revisions"}],"predecessor-version":[{"id":19656,"href":"https:\/\/www.sweeek.fr\/blog\/wp-json\/wp\/v2\/posts\/9397\/revisions\/19656"}],"wp:featuredmedia":[{"embeddable":true,"href":"https:\/\/www.sweeek.fr\/blog\/wp-json\/wp\/v2\/media\/19820"}],"wp:attachment":[{"href":"https:\/\/www.sweeek.fr\/blog\/wp-json\/wp\/v2\/media?parent=9397"}],"wp:term":[{"taxonomy":"category","embeddable":true,"href":"https:\/\/www.sweeek.fr\/blog\/wp-json\/wp\/v2\/categories?post=9397"},{"taxonomy":"post_tag","embeddable":true,"href":"https:\/\/www.sweeek.fr\/blog\/wp-json\/wp\/v2\/tags?post=9397"}],"curies":[{"name":"wp","href":"https:\/\/api.w.org\/{rel}","templated":true}]}}