{"id":9333,"date":"2022-05-16T15:21:00","date_gmt":"2022-05-16T13:21:00","guid":{"rendered":"https:\/\/www.sweeek.fr\/blog\/?p=9333"},"modified":"2026-01-14T16:10:45","modified_gmt":"2026-01-14T15:10:45","slug":"tout-savoir-sur-le-jardin-de-cure","status":"publish","type":"post","link":"https:\/\/www.sweeek.fr\/blog\/tout-savoir-sur-le-jardin-de-cure\/","title":{"rendered":"Tout savoir sur le jardin de cur\u00e9"},"content":{"rendered":"\n<p>Traditionnellement, en France, le jardin de cur\u00e9 \u00e9tait un jardin clos situ\u00e9 au plus pr\u00e8s du presbyt\u00e8re ou de la paroisse du village et dans lequel le cur\u00e9 entretenait un potager qui lui fournissait fruits et l\u00e9gumes de toutes sortes. Les jardins de cur\u00e9 vous rappelleront ais\u00e9ment les \u00ab&nbsp;jardins de grands-m\u00e8res&nbsp;\u00bb, <a href=\"https:\/\/www.sweeek.fr\/blog\/tout-savoir-sur-les-differents-types-de-jardin\/\">type de jardin<\/a> compos\u00e9s de plantes vivaces, de fleurs qui fleurissent l\u2019\u00e9t\u00e9, d\u2019arbres fruitiers, de plantes aromatiques et d\u2019un potager o\u00f9 poussent l\u00e9gumes et plantes de l\u2019\u00e9poque. Le jardin de cur\u00e9 est un espace de vie o\u00f9 il fait bon se balader tranquillement au milieu des all\u00e9es qui d\u00e9limitent les diff\u00e9rents massifs et o\u00f9 cultures, fleurs et autres plantes forment un ensemble harmonieux et apaisant.&nbsp;Mais alors comment faire pour am\u00e9nager un tel jardin&nbsp;? Quelles sont les r\u00e8gles et conseils \u00e0 suivre pour un am\u00e9nagement r\u00e9ussi de son ext\u00e9rieur&nbsp;? Y\u2019a-t-il un type de plantes ou fleurs sp\u00e9ciales qu\u2019il est n\u00e9cessaire de planter dans un jardin de cur\u00e9&nbsp;? les conseils sweeek vont vous guider \u00e9tape par \u00e9tape pour am\u00e9nager votre jardin de cur\u00e9 de la meilleure mani\u00e8re possible&nbsp;!&nbsp;<\/p>\n\n\n<div class=\"wp-block-image\">\n<figure class=\"aligncenter size-full\"><img fetchpriority=\"high\" decoding=\"async\" width=\"700\" height=\"400\" src=\"https:\/\/www.sweeek.fr\/blog\/wp-content\/uploads\/2022\/05\/Sans-titre-84.png\" alt=\"jardin de cure\" class=\"wp-image-9343\" srcset=\"https:\/\/www.sweeek.fr\/blog\/wp-content\/uploads\/2022\/05\/Sans-titre-84.png 700w, https:\/\/www.sweeek.fr\/blog\/wp-content\/uploads\/2022\/05\/Sans-titre-84-300x171.png 300w\" sizes=\"(max-width: 700px) 100vw, 700px\" \/><\/figure>\n<\/div>\n\n\n<h2 class=\"wp-block-heading\">Qu&rsquo;appelle-t-on jardin de cur\u00e9 ?<\/h2>\n\n\n\n<p>Tout d\u2019abord, il est important de bien d\u00e9finir ce qu\u2019on appelle \u00ab&nbsp;jardin de cur\u00e9&nbsp;\u00bb dans le style le plus pur de la tradition fran\u00e7aise. \u00c0 l\u2019origine, le jardin de cur\u00e9 avait fonction \u00e0 fournir le pr\u00eatre du village en nourriture mais \u00e9galement en fleurs pour d\u00e9corer l\u2019\u00e9glise. Contrairement \u00e0 de nombreux jardins, le jardin de cur\u00e9 se distingue par sa volont\u00e9 \u00e0 ne pas s\u00e9parer jardin vivrier (potager et arbres fruitiers) et jardin d\u2019agr\u00e9ment (de d\u00e9tente). <\/p>\n\n\n\n<p>En effet, les m\u00e9langes de genres sont autoris\u00e9s et encourag\u00e9s pour favoriser un retour \u00e0 la nature sauvage : arbres fruitiers qui d\u00e9limitent un massif ou une all\u00e9e, plantation de l\u00e9gumes au milieu d\u2019un massif de fleurs. Les fruits et l\u00e9gumes doivent se marier au mieux avec les diff\u00e9rentes plantes et fleurs du jardin pour former un m\u00e9lange v\u00e9g\u00e9tal et naturel du meilleur go\u00fbt.&nbsp;<\/p>\n\n\n\n<p>La structure d\u2019un jardin de cur\u00e9 est des plus simplistes&nbsp;: diff\u00e9rents carr\u00e9s de plantations d\u00e9limit\u00e9s les uns des autres par des all\u00e9es en graviers, en terre, en pav\u00e9 ou encore en gazon qui permettent de se d\u00e9placer ais\u00e9ment entre les massifs pour y cueillir fleurs, l\u00e9gumes, herbes de cuisine\u2026 <\/p>\n\n\n\n<p>Dans un jardin de cur\u00e9, on retrouve aussi des \u00e9l\u00e9ments qui tendent \u00e0 montrer l\u2019authenticit\u00e9 et la volont\u00e9 d\u2019autonomie de ce genre de jardins&nbsp;: bacs de r\u00e9cup\u00e9ration d\u2019eau de pluie, <a href=\"https:\/\/www.sweeek.fr\/blog\/comment-choisir-un-composteur\/\">endroit pour le compost<\/a> afin de faire de l\u2019engrais pour le sol, cabanon pour entreposer outils servant au jardinage des massifs\u2026 le jardin de cur\u00e9 doit \u00eatre autosuffisant et repr\u00e9senter une certaine \u00e9conomie des ressources.&nbsp;&nbsp;<\/p>\n\n\n\n<h2 class=\"wp-block-heading\">Comment cr\u00e9er un jardin de cur\u00e9 ?<\/h2>\n\n\n\n<div class=\"wp-block-columns is-layout-flex wp-container-core-columns-is-layout-9d6595d7 wp-block-columns-is-layout-flex\">\n<div class=\"wp-block-column is-layout-flow wp-block-column-is-layout-flow\" style=\"flex-basis:66.66%\">\n<p>Nous allons maintenant voir comment faire l\u2019am\u00e9nagement d\u2019un jardin de cur\u00e9 afin que celui-ci, attenant \u00e0 votre maison, soit un v\u00e9ritable espace de vie \u00e0 part enti\u00e8re.&nbsp;<\/p>\n\n\n\n<p>Comme expliqu\u00e9 pr\u00e9c\u00e9demment, il est primordial de faire des massifs, carr\u00e9s ou rectangulaires, pour ainsi d\u00e9limiter l\u2019espace disponible efficacement. Plantez au sein de ceux-ci des graines de plantes aromatiques ou m\u00e9dicinales, des plantes vivaces et annuelles pour varier les p\u00e9riodes de floraison, et des fleurs \u00e0 bouquets. R\u00e9partissez vos plantes et fleurs pr\u00e9f\u00e9r\u00e9es de fa\u00e7on harmonieuse au sein des diff\u00e9rents massifs pour faire de votre jardin un lieu de repos qui vous convient.&nbsp;<\/p>\n\n\n\n<p>D\u00e9limitez vos all\u00e9es et massifs en plantant des arbustes ou petits arbres fruitiers&nbsp;: du buis par exemple fera parfaitement l\u2019affaire et donnera du volume et de la couleur durant la saison hivernale. Par contre, le buis n\u00e9cessitera un entretien r\u00e9gulier pour rester net et esth\u00e9tique tout au long de l\u2019ann\u00e9e. Les rosiers sont d\u2019autres arbustes pouvant apporter une image plus fleurie et un style attrayant \u00e0 votre jardin.<\/p>\n\n\n\n<p>Pour cr\u00e9er un v\u00e9ritable jardin de cur\u00e9, il est important d\u2019avoir des \u00e9l\u00e9ments qui rappellent les jardins d\u2019antan et qui feront de votre jardin un lieu de repos et de m\u00e9ditation. Il peut \u00eatre tr\u00e8s pratique, par exemple, de disposer <a href=\"https:\/\/www.sweeek.fr\/blog\/comment-choisir-un-banc-de-jardin\/\">un banc en pierre ou en bois<\/a> dans une des all\u00e9es. Une petite table et des chaises en fer forg\u00e9 dispos\u00e9s au d\u00e9tour d\u2019un massif peuvent faire du plus bel effet et vous permettre de prendre un caf\u00e9 en toute tranquillit\u00e9 lors des longs apr\u00e8s-midis d\u2019\u00e9t\u00e9. La pr\u00e9sence d\u2019un puits en pierre ou d\u2019une petite fontaine remplie d\u2019eau claire est \u00e9galement un am\u00e9nagement int\u00e9ressant pour rappeler l\u2019esprit authentique et la volont\u00e9 de reconnexion \u00e0 la nature en repr\u00e9sentant tous les \u00e9l\u00e9ments qui la composent. Disposez aussi des jarres ou pots en terre cuite dans lesquels vous pouvez faire pousser toutes sortes de plantes ou d\u2019herbes de cuisine.&nbsp;<\/p>\n\n\n\n<p>Pour finir, il est primordial de laisser une petite place disponible au sein de votre jardin pour <a href=\"https:\/\/www.sweeek.fr\/blog\/comment-faire-un-jardin-potager\/\">am\u00e9nager un potager<\/a>. Ce potager vous permettra d\u2019exercer votre passion du jardinage tout en ayant des r\u00e9coltes de l\u00e9gumes frais tels que des radis,&nbsp;de la salade, des oignons, des haricots\u2026 Vous pouvez \u00e9galement cultiver des plants de tomates ou semer des graines de courge ou de pois&nbsp;! Les fruits ont aussi leur place dans ce genre de potager&nbsp;: fraises, groseilles, framboises\u2026 les semis de fruits des bois feront le bonheur de vos salades de fruits estivales&nbsp;! En plus des arbres fruitiers tels que les pommiers ou poiriers, pensez \u00e9galement \u00e0 planter une petite vigne \u00e0 la fran\u00e7aise, qui vous donnera des raisins bien m\u00fbrs (ils \u00e9taient originellement cultiv\u00e9s par le cur\u00e9 pour le vin de messe).&nbsp;<\/p>\n<\/div>\n\n\n\n<div class=\"wp-block-column is-vertically-aligned-center is-layout-flow wp-block-column-is-layout-flow\" style=\"flex-basis:33.33%\"><div class=\"wp-block-image\">\n<figure class=\"aligncenter size-full\"><img decoding=\"async\" width=\"400\" height=\"550\" src=\"https:\/\/www.sweeek.fr\/blog\/wp-content\/uploads\/2022\/05\/Sans-titre-83.png\" alt=\"jardin de cure\" class=\"wp-image-9336\" srcset=\"https:\/\/www.sweeek.fr\/blog\/wp-content\/uploads\/2022\/05\/Sans-titre-83.png 400w, https:\/\/www.sweeek.fr\/blog\/wp-content\/uploads\/2022\/05\/Sans-titre-83-218x300.png 218w\" sizes=\"(max-width: 400px) 100vw, 400px\" \/><\/figure>\n<\/div><\/div>\n<\/div>\n\n\n\n<h2 class=\"wp-block-heading\">Quelles plantes et fleurs choisir pour un jardin de cur\u00e9 ?<\/h2>\n\n\n\n<p>Il faut maintenant d\u00e9finir quels v\u00e9g\u00e9taux vous allez choisir pour votre jardin de cur\u00e9 afin de savoir quelles graines et semis acheter.&nbsp;<\/p>\n\n\n\n<p>Comme d\u00e9crit pr\u00e9c\u00e9demment, plantez des fruits et l\u00e9gumes en tout genre pour cuisiner de bons petits plats faits maison ! Cultivez \u00e9galement des plantes aromatiques et m\u00e9dicinales qui seront des plus pratiques pour agr\u00e9menter vos repas et leur donner du go\u00fbt. Parmi ces plantes aux senteurs enivrantes et aux propri\u00e9t\u00e9s culinaires extraordinaires, on retrouve le romarin, le thym, le persil, la coriandre, le fenouil, la menthe, la camomille, l\u2019aub\u00e9pine, l\u2019origan, le laurier\u2026 tant de vari\u00e9t\u00e9s pour varier les possibilit\u00e9s et les repas&nbsp;! Faites-vous votre propre avis sur chacune d\u2019elles en les essayant dans diff\u00e9rents plats&nbsp;!&nbsp;<\/p>\n\n\n\n<p>Parlons maintenant des plantes qui vont apporter et donner une structure \u00e0 l\u2019ensemble de votre espace de vie ext\u00e9rieur. Vous avez besoin d\u2019arbustes et haies diff\u00e9rentes pour entourer votre jardin et le structurer. Des petits buis entourant les carr\u00e9s et massifs feront parfaitement l\u2019affaire par exemple. Pour les haies un peu plus hautes, utilisez des ifs ou des houx communs et veillez \u00e0 proc\u00e9der \u00e0 l\u2019entretien de ces derniers r\u00e9guli\u00e8rement. \u00c9vitez au maximum de planter des arbres imposants, qui viendront certainement procurer une ombre non voulue \u00e0 tout ce fragile \u00e9cosyst\u00e8me.&nbsp;<\/p>\n\n\n\n<p>Concernant les fleurs qui viendront apporter gaiet\u00e9 et apaisement \u00e0 votre jardin, le choix est large et vari\u00e9. Parmi les plantes annuelles, qui poussent et se ress\u00e8ment toutes seules, on retrouve la capucine, le coquelicot, le myosotis, la rose\u2026 Du c\u00f4t\u00e9 des plantes vivaces, vous pouvez opter pour des classiques tels que le c\u0153ur de Marie, la pivoine, le g\u00e9ranium, le crocus, le lys, l\u2019iris, l\u2019hortensia\u2026 Am\u00e9nagez et associez diff\u00e9rentes plantes et fleurs dans un doux m\u00e9lange de profusion et d\u2019abondance de nature v\u00e9g\u00e9tale.&nbsp;<\/p>\n\n\n\n<p>Cet article sur le jardin de cur\u00e9 touche maintenant \u00e0 sa fin et nous esp\u00e9rons qu\u2019il vous aura aid\u00e9 \u00e0 y voir plus clair pour comprendre comment am\u00e9nager ce type de jardin&nbsp;!&nbsp;<\/p>\n\n\n\n<div class=\"wp-block-group alignwide has-white-color has-text-color has-background\" style=\"background-color:#f2f2f2\"><div class=\"wp-block-group__inner-container is-layout-flow wp-block-group-is-layout-flow\">\n<h2 class=\"alignfull has-text-align-center has-black-color has-text-color wp-block-heading\" style=\"font-size:30px;font-style:normal;font-weight:400\">La s\u00e9lection de sweeek<\/h2>\n\n\n\n<div style=\"height:21px\" aria-hidden=\"true\" class=\"wp-block-spacer\"><\/div>\n\n\n\n<div class=\"wp-block-columns is-layout-flex wp-container-core-columns-is-layout-9d6595d7 wp-block-columns-is-layout-flex\">\n<div class=\"wp-block-column is-layout-flow wp-block-column-is-layout-flow\"><div class=\"wp-block-image\">\n<figure class=\"aligncenter size-large\"><a href=\"https:\/\/www.sweeek.fr\/product\/potager-en-bois-sur-pieds-et-serre-en-polycarbonate-amovible-erable-2-en-1-avec-etagere-et-geotextile-80-x-60-x-109-cm\" target=\"_blank\" rel=\"noreferrer noopener\"><img decoding=\"async\" src=\"https:\/\/www.sweeek.fr\/blog\/wp-content\/uploads\/2022\/06\/Nouveau-projet-2022-06-01T114733.815.jpg\" alt=\"Potager en bois sur pieds avec mini serre\"\/><\/a><\/figure>\n<\/div>\n\n\n<h3 class=\"has-text-align-center has-black-color has-text-color wp-block-heading\" style=\"font-style:normal;font-weight:400\">Potager en bois sur pieds avec mini serre<\/h3>\n\n\n\n<div style=\"height:15px\" aria-hidden=\"true\" class=\"wp-block-spacer\"><\/div>\n<\/div>\n\n\n\n<div class=\"wp-block-column is-layout-flow wp-block-column-is-layout-flow\"><div class=\"wp-block-image\">\n<figure class=\"aligncenter size-large\"><img decoding=\"async\" width=\"1024\" height=\"1024\" src=\"https:\/\/www.sweeek.fr\/blog\/wp-content\/uploads\/2022\/05\/Design-sans-titre-42-1024x1024.jpg\" alt=\"carr\u00e9 potager \u00e9peautre en bois\" class=\"wp-image-19419\" srcset=\"https:\/\/www.sweeek.fr\/blog\/wp-content\/uploads\/2022\/05\/Design-sans-titre-42.jpg 1024w, https:\/\/www.sweeek.fr\/blog\/wp-content\/uploads\/2022\/05\/Design-sans-titre-42-300x300.jpg 300w, https:\/\/www.sweeek.fr\/blog\/wp-content\/uploads\/2022\/05\/Design-sans-titre-42-150x150.jpg 150w, https:\/\/www.sweeek.fr\/blog\/wp-content\/uploads\/2022\/05\/Design-sans-titre-42-768x768.jpg 768w, https:\/\/www.sweeek.fr\/blog\/wp-content\/uploads\/2022\/05\/Design-sans-titre-42-600x600.jpg 600w\" sizes=\"(max-width: 1024px) 100vw, 1024px\" \/><\/figure>\n<\/div>\n\n\n<h3 class=\"has-text-align-center wp-block-heading\" style=\"font-style:normal;font-weight:400\">Carr\u00e9 potager en bois 90 x 90 CM &#8211; EPEAUTRE<\/h3>\n\n\n\n<div style=\"height:15px\" aria-hidden=\"true\" class=\"wp-block-spacer\"><\/div>\n<\/div>\n\n\n\n<div class=\"wp-block-column is-layout-flow wp-block-column-is-layout-flow\"><div class=\"wp-block-image\">\n<figure class=\"aligncenter size-large\"><a href=\"https:\/\/www.sweeek.fr\/product\/serre-jardin-chene-polycarbonate-5m-2-lucarnes-toit\" target=\"_blank\" rel=\"noreferrer noopener\"><img decoding=\"async\" src=\"https:\/\/www.sweeek.fr\/blog\/wp-content\/uploads\/2022\/06\/Nouveau-projet-2022-06-01T114750.026-1.jpg\" alt=\"Serre de jardin en polycarbonate - 5m\u00b2 - CHENE\"\/><\/a><\/figure>\n<\/div>\n\n\n<h3 class=\"has-text-align-center has-black-color has-text-color wp-block-heading\" style=\"font-style:normal;font-weight:400\">Serre de jardin en polycarbonate &#8211; 5m\u00b2 &#8211; CHENE<\/h3>\n\n\n\n<div style=\"height:15px\" aria-hidden=\"true\" class=\"wp-block-spacer\"><\/div>\n<\/div>\n<\/div>\n<\/div><\/div>\n","protected":false},"excerpt":{"rendered":"<p>Traditionnellement, en France, le jardin de cur\u00e9 \u00e9tait un jardin clos situ\u00e9 au plus pr\u00e8s du presbyt\u00e8re ou de la paroisse du village et dans lequel le cur\u00e9 entretenait un potager qui lui fournissait fruits et l\u00e9gumes de toutes sortes. Les jardins de cur\u00e9 vous rappelleront ais\u00e9ment les \u00ab&nbsp;jardins de grands-m\u00e8res&nbsp;\u00bb, type de jardin compos\u00e9s [&hellip;]<\/p>\n","protected":false},"author":4,"featured_media":19612,"comment_status":"open","ping_status":"closed","sticky":false,"template":"","format":"standard","meta":{"inline_featured_image":false,"_uag_custom_page_level_css":"","ocean_post_layout":"","ocean_both_sidebars_style":"","ocean_both_sidebars_content_width":0,"ocean_both_sidebars_sidebars_width":0,"ocean_sidebar":"0","ocean_second_sidebar":"0","ocean_disable_margins":"enable","ocean_add_body_class":"","ocean_shortcode_before_top_bar":"","ocean_shortcode_after_top_bar":"","ocean_shortcode_before_header":"","ocean_shortcode_after_header":"","ocean_has_shortcode":"","ocean_shortcode_after_title":"","ocean_shortcode_before_footer_widgets":"","ocean_shortcode_after_footer_widgets":"","ocean_shortcode_before_footer_bottom":"","ocean_shortcode_after_footer_bottom":"","ocean_display_top_bar":"default","ocean_display_header":"default","ocean_header_style":"","ocean_center_header_left_menu":"0","ocean_custom_header_template":"0","ocean_custom_logo":0,"ocean_custom_retina_logo":0,"ocean_custom_logo_max_width":0,"ocean_custom_logo_tablet_max_width":0,"ocean_custom_logo_mobile_max_width":0,"ocean_custom_logo_max_height":0,"ocean_custom_logo_tablet_max_height":0,"ocean_custom_logo_mobile_max_height":0,"ocean_header_custom_menu":"0","ocean_menu_typo_font_family":"0","ocean_menu_typo_font_subset":"","ocean_menu_typo_font_size":0,"ocean_menu_typo_font_size_tablet":0,"ocean_menu_typo_font_size_mobile":0,"ocean_menu_typo_font_size_unit":"px","ocean_menu_typo_font_weight":"","ocean_menu_typo_font_weight_tablet":"","ocean_menu_typo_font_weight_mobile":"","ocean_menu_typo_transform":"","ocean_menu_typo_transform_tablet":"","ocean_menu_typo_transform_mobile":"","ocean_menu_typo_line_height":0,"ocean_menu_typo_line_height_tablet":0,"ocean_menu_typo_line_height_mobile":0,"ocean_menu_typo_line_height_unit":"","ocean_menu_typo_spacing":0,"ocean_menu_typo_spacing_tablet":0,"ocean_menu_typo_spacing_mobile":0,"ocean_menu_typo_spacing_unit":"","ocean_menu_link_color":"","ocean_menu_link_color_hover":"","ocean_menu_link_color_active":"","ocean_menu_link_background":"","ocean_menu_link_hover_background":"","ocean_menu_link_active_background":"","ocean_menu_social_links_bg":"","ocean_menu_social_hover_links_bg":"","ocean_menu_social_links_color":"","ocean_menu_social_hover_links_color":"","ocean_disable_title":"default","ocean_disable_heading":"default","ocean_post_title":"","ocean_post_subheading":"","ocean_post_title_style":"","ocean_post_title_background_color":"","ocean_post_title_background":0,"ocean_post_title_bg_image_position":"","ocean_post_title_bg_image_attachment":"","ocean_post_title_bg_image_repeat":"","ocean_post_title_bg_image_size":"","ocean_post_title_height":0,"ocean_post_title_bg_overlay":0.5,"ocean_post_title_bg_overlay_color":"","ocean_disable_breadcrumbs":"default","ocean_breadcrumbs_color":"","ocean_breadcrumbs_separator_color":"","ocean_breadcrumbs_links_color":"","ocean_breadcrumbs_links_hover_color":"","ocean_display_footer_widgets":"default","ocean_display_footer_bottom":"default","ocean_custom_footer_template":"0","ocean_post_oembed":"","ocean_post_self_hosted_media":"","ocean_post_video_embed":"","ocean_link_format":"","ocean_link_format_target":"self","ocean_quote_format":"","ocean_quote_format_link":"post","ocean_gallery_link_images":"off","ocean_gallery_id":[],"footnotes":""},"categories":[384],"tags":[],"class_list":["post-9333","post","type-post","status-publish","format-standard","has-post-thumbnail","hentry","category-jardin","entry","has-media"],"yoast_head":"<!-- This site is optimized with the Yoast SEO plugin v27.5 - https:\/\/yoast.com\/product\/yoast-seo-wordpress\/ -->\n<title>Tout savoir sur le jardin de cur\u00e9 &#8211; Les Conseils sweeek<\/title>\n<meta name=\"description\" content=\"Nostalgique des jardins de votre enfance ? sweeek vous ram\u00e8ne \u00e0 cette belle p\u00e9riode avec la pr\u00e9sentation des jardins de cur\u00e9.\" \/>\n<meta name=\"robots\" content=\"index, follow, max-snippet:-1, max-image-preview:large, max-video-preview:-1\" \/>\n<link rel=\"canonical\" href=\"https:\/\/www.sweeek.fr\/blog\/tout-savoir-sur-le-jardin-de-cure\/\" \/>\n<meta property=\"og:locale\" content=\"fr_FR\" \/>\n<meta property=\"og:type\" content=\"article\" \/>\n<meta property=\"og:title\" content=\"Tout savoir sur le jardin de cur\u00e9 &#8211; Les Conseils sweeek\" \/>\n<meta property=\"og:description\" content=\"Nostalgique des jardins de votre enfance ? sweeek vous ram\u00e8ne \u00e0 cette belle p\u00e9riode avec la pr\u00e9sentation des jardins de cur\u00e9.\" \/>\n<meta property=\"og:url\" content=\"https:\/\/www.sweeek.fr\/blog\/tout-savoir-sur-le-jardin-de-cure\/\" \/>\n<meta property=\"og:site_name\" content=\"Les Conseils sweeek\" \/>\n<meta property=\"article:published_time\" content=\"2022-05-16T13:21:00+00:00\" \/>\n<meta property=\"article:modified_time\" content=\"2026-01-14T15:10:45+00:00\" \/>\n<meta property=\"og:image\" content=\"https:\/\/www.sweeek.fr\/blog\/wp-content\/uploads\/2022\/05\/Design-sans-titre-75.jpg\" \/>\n\t<meta property=\"og:image:width\" content=\"1024\" \/>\n\t<meta property=\"og:image:height\" content=\"682\" \/>\n\t<meta property=\"og:image:type\" content=\"image\/jpeg\" \/>\n<meta name=\"author\" content=\"Am\u00e9lie Capon\" \/>\n<meta name=\"twitter:card\" content=\"summary_large_image\" \/>\n<meta name=\"twitter:label1\" content=\"\u00c9crit par\" \/>\n\t<meta name=\"twitter:data1\" content=\"Am\u00e9lie Capon\" \/>\n\t<meta name=\"twitter:label2\" content=\"Dur\u00e9e de lecture estim\u00e9e\" \/>\n\t<meta name=\"twitter:data2\" content=\"8 minutes\" \/>\n<script type=\"application\/ld+json\" class=\"yoast-schema-graph\">{\"@context\":\"https:\\\/\\\/schema.org\",\"@graph\":[{\"@type\":\"Article\",\"@id\":\"https:\\\/\\\/www.sweeek.fr\\\/blog\\\/tout-savoir-sur-le-jardin-de-cure\\\/#article\",\"isPartOf\":{\"@id\":\"https:\\\/\\\/www.sweeek.fr\\\/blog\\\/tout-savoir-sur-le-jardin-de-cure\\\/\"},\"author\":{\"name\":\"Am\u00e9lie Capon\",\"@id\":\"https:\\\/\\\/www.sweeek.fr\\\/blog\\\/#\\\/schema\\\/person\\\/e97ba3e4a84bda73fe86070619e7640b\"},\"headline\":\"Tout savoir sur le jardin de cur\u00e9\",\"datePublished\":\"2022-05-16T13:21:00+00:00\",\"dateModified\":\"2026-01-14T15:10:45+00:00\",\"mainEntityOfPage\":{\"@id\":\"https:\\\/\\\/www.sweeek.fr\\\/blog\\\/tout-savoir-sur-le-jardin-de-cure\\\/\"},\"wordCount\":1412,\"commentCount\":0,\"publisher\":{\"@id\":\"https:\\\/\\\/www.sweeek.fr\\\/blog\\\/#organization\"},\"image\":{\"@id\":\"https:\\\/\\\/www.sweeek.fr\\\/blog\\\/tout-savoir-sur-le-jardin-de-cure\\\/#primaryimage\"},\"thumbnailUrl\":\"https:\\\/\\\/www.sweeek.fr\\\/blog\\\/wp-content\\\/uploads\\\/2022\\\/05\\\/Design-sans-titre-75.jpg\",\"articleSection\":[\"Jardin\"],\"inLanguage\":\"fr-FR\",\"potentialAction\":[{\"@type\":\"CommentAction\",\"name\":\"Comment\",\"target\":[\"https:\\\/\\\/www.sweeek.fr\\\/blog\\\/tout-savoir-sur-le-jardin-de-cure\\\/#respond\"]}]},{\"@type\":\"WebPage\",\"@id\":\"https:\\\/\\\/www.sweeek.fr\\\/blog\\\/tout-savoir-sur-le-jardin-de-cure\\\/\",\"url\":\"https:\\\/\\\/www.sweeek.fr\\\/blog\\\/tout-savoir-sur-le-jardin-de-cure\\\/\",\"name\":\"Tout savoir sur le jardin de cur\u00e9 &#8211; Les Conseils sweeek\",\"isPartOf\":{\"@id\":\"https:\\\/\\\/www.sweeek.fr\\\/blog\\\/#website\"},\"primaryImageOfPage\":{\"@id\":\"https:\\\/\\\/www.sweeek.fr\\\/blog\\\/tout-savoir-sur-le-jardin-de-cure\\\/#primaryimage\"},\"image\":{\"@id\":\"https:\\\/\\\/www.sweeek.fr\\\/blog\\\/tout-savoir-sur-le-jardin-de-cure\\\/#primaryimage\"},\"thumbnailUrl\":\"https:\\\/\\\/www.sweeek.fr\\\/blog\\\/wp-content\\\/uploads\\\/2022\\\/05\\\/Design-sans-titre-75.jpg\",\"datePublished\":\"2022-05-16T13:21:00+00:00\",\"dateModified\":\"2026-01-14T15:10:45+00:00\",\"description\":\"Nostalgique des jardins de votre enfance ? sweeek vous ram\u00e8ne \u00e0 cette belle p\u00e9riode avec la pr\u00e9sentation des jardins de cur\u00e9.\",\"breadcrumb\":{\"@id\":\"https:\\\/\\\/www.sweeek.fr\\\/blog\\\/tout-savoir-sur-le-jardin-de-cure\\\/#breadcrumb\"},\"inLanguage\":\"fr-FR\",\"potentialAction\":[{\"@type\":\"ReadAction\",\"target\":[\"https:\\\/\\\/www.sweeek.fr\\\/blog\\\/tout-savoir-sur-le-jardin-de-cure\\\/\"]}]},{\"@type\":\"ImageObject\",\"inLanguage\":\"fr-FR\",\"@id\":\"https:\\\/\\\/www.sweeek.fr\\\/blog\\\/tout-savoir-sur-le-jardin-de-cure\\\/#primaryimage\",\"url\":\"https:\\\/\\\/www.sweeek.fr\\\/blog\\\/wp-content\\\/uploads\\\/2022\\\/05\\\/Design-sans-titre-75.jpg\",\"contentUrl\":\"https:\\\/\\\/www.sweeek.fr\\\/blog\\\/wp-content\\\/uploads\\\/2022\\\/05\\\/Design-sans-titre-75.jpg\",\"width\":1024,\"height\":682,\"caption\":\"exemple jardin de cur\u00e9\"},{\"@type\":\"BreadcrumbList\",\"@id\":\"https:\\\/\\\/www.sweeek.fr\\\/blog\\\/tout-savoir-sur-le-jardin-de-cure\\\/#breadcrumb\",\"itemListElement\":[{\"@type\":\"ListItem\",\"position\":1,\"name\":\"Accueil\",\"item\":\"https:\\\/\\\/www.sweeek.fr\\\/blog\\\/\"},{\"@type\":\"ListItem\",\"position\":2,\"name\":\"Tout savoir sur le jardin de cur\u00e9\"}]},{\"@type\":\"WebSite\",\"@id\":\"https:\\\/\\\/www.sweeek.fr\\\/blog\\\/#website\",\"url\":\"https:\\\/\\\/www.sweeek.fr\\\/blog\\\/\",\"name\":\"Les Conseils sweeek\",\"description\":\"Conseils et inspirations\",\"publisher\":{\"@id\":\"https:\\\/\\\/www.sweeek.fr\\\/blog\\\/#organization\"},\"potentialAction\":[{\"@type\":\"SearchAction\",\"target\":{\"@type\":\"EntryPoint\",\"urlTemplate\":\"https:\\\/\\\/www.sweeek.fr\\\/blog\\\/?s={search_term_string}\"},\"query-input\":{\"@type\":\"PropertyValueSpecification\",\"valueRequired\":true,\"valueName\":\"search_term_string\"}}],\"inLanguage\":\"fr-FR\"},{\"@type\":\"Organization\",\"@id\":\"https:\\\/\\\/www.sweeek.fr\\\/blog\\\/#organization\",\"name\":\"sweeek\",\"url\":\"https:\\\/\\\/www.sweeek.fr\\\/blog\\\/\",\"logo\":{\"@type\":\"ImageObject\",\"inLanguage\":\"fr-FR\",\"@id\":\"https:\\\/\\\/www.sweeek.fr\\\/blog\\\/#\\\/schema\\\/logo\\\/image\\\/\",\"url\":\"https:\\\/\\\/www.sweeek.fr\\\/blog\\\/wp-content\\\/uploads\\\/2023\\\/10\\\/blog-sweeek-logo2.png\",\"contentUrl\":\"https:\\\/\\\/www.sweeek.fr\\\/blog\\\/wp-content\\\/uploads\\\/2023\\\/10\\\/blog-sweeek-logo2.png\",\"width\":328,\"height\":90,\"caption\":\"sweeek\"},\"image\":{\"@id\":\"https:\\\/\\\/www.sweeek.fr\\\/blog\\\/#\\\/schema\\\/logo\\\/image\\\/\"}},{\"@type\":\"Person\",\"@id\":\"https:\\\/\\\/www.sweeek.fr\\\/blog\\\/#\\\/schema\\\/person\\\/e97ba3e4a84bda73fe86070619e7640b\",\"name\":\"Am\u00e9lie Capon\",\"image\":{\"@type\":\"ImageObject\",\"inLanguage\":\"fr-FR\",\"@id\":\"https:\\\/\\\/secure.gravatar.com\\\/avatar\\\/042e4b25b2641d47117ebfaf786a00f66fd827d54a130982af74eb1f062ce832?s=96&d=mm&r=g\",\"url\":\"https:\\\/\\\/secure.gravatar.com\\\/avatar\\\/042e4b25b2641d47117ebfaf786a00f66fd827d54a130982af74eb1f062ce832?s=96&d=mm&r=g\",\"contentUrl\":\"https:\\\/\\\/secure.gravatar.com\\\/avatar\\\/042e4b25b2641d47117ebfaf786a00f66fd827d54a130982af74eb1f062ce832?s=96&d=mm&r=g\",\"caption\":\"Am\u00e9lie Capon\"}}]}<\/script>\n<!-- \/ Yoast SEO plugin. -->","yoast_head_json":{"title":"Tout savoir sur le jardin de cur\u00e9 &#8211; Les Conseils sweeek","description":"Nostalgique des jardins de votre enfance ? sweeek vous ram\u00e8ne \u00e0 cette belle p\u00e9riode avec la pr\u00e9sentation des jardins de cur\u00e9.","robots":{"index":"index","follow":"follow","max-snippet":"max-snippet:-1","max-image-preview":"max-image-preview:large","max-video-preview":"max-video-preview:-1"},"canonical":"https:\/\/www.sweeek.fr\/blog\/tout-savoir-sur-le-jardin-de-cure\/","og_locale":"fr_FR","og_type":"article","og_title":"Tout savoir sur le jardin de cur\u00e9 &#8211; Les Conseils sweeek","og_description":"Nostalgique des jardins de votre enfance ? sweeek vous ram\u00e8ne \u00e0 cette belle p\u00e9riode avec la pr\u00e9sentation des jardins de cur\u00e9.","og_url":"https:\/\/www.sweeek.fr\/blog\/tout-savoir-sur-le-jardin-de-cure\/","og_site_name":"Les Conseils sweeek","article_published_time":"2022-05-16T13:21:00+00:00","article_modified_time":"2026-01-14T15:10:45+00:00","og_image":[{"width":1024,"height":682,"url":"https:\/\/www.sweeek.fr\/blog\/wp-content\/uploads\/2022\/05\/Design-sans-titre-75.jpg","type":"image\/jpeg"}],"author":"Am\u00e9lie Capon","twitter_card":"summary_large_image","twitter_misc":{"\u00c9crit par":"Am\u00e9lie Capon","Dur\u00e9e de lecture estim\u00e9e":"8 minutes"},"schema":{"@context":"https:\/\/schema.org","@graph":[{"@type":"Article","@id":"https:\/\/www.sweeek.fr\/blog\/tout-savoir-sur-le-jardin-de-cure\/#article","isPartOf":{"@id":"https:\/\/www.sweeek.fr\/blog\/tout-savoir-sur-le-jardin-de-cure\/"},"author":{"name":"Am\u00e9lie Capon","@id":"https:\/\/www.sweeek.fr\/blog\/#\/schema\/person\/e97ba3e4a84bda73fe86070619e7640b"},"headline":"Tout savoir sur le jardin de cur\u00e9","datePublished":"2022-05-16T13:21:00+00:00","dateModified":"2026-01-14T15:10:45+00:00","mainEntityOfPage":{"@id":"https:\/\/www.sweeek.fr\/blog\/tout-savoir-sur-le-jardin-de-cure\/"},"wordCount":1412,"commentCount":0,"publisher":{"@id":"https:\/\/www.sweeek.fr\/blog\/#organization"},"image":{"@id":"https:\/\/www.sweeek.fr\/blog\/tout-savoir-sur-le-jardin-de-cure\/#primaryimage"},"thumbnailUrl":"https:\/\/www.sweeek.fr\/blog\/wp-content\/uploads\/2022\/05\/Design-sans-titre-75.jpg","articleSection":["Jardin"],"inLanguage":"fr-FR","potentialAction":[{"@type":"CommentAction","name":"Comment","target":["https:\/\/www.sweeek.fr\/blog\/tout-savoir-sur-le-jardin-de-cure\/#respond"]}]},{"@type":"WebPage","@id":"https:\/\/www.sweeek.fr\/blog\/tout-savoir-sur-le-jardin-de-cure\/","url":"https:\/\/www.sweeek.fr\/blog\/tout-savoir-sur-le-jardin-de-cure\/","name":"Tout savoir sur le jardin de cur\u00e9 &#8211; Les Conseils sweeek","isPartOf":{"@id":"https:\/\/www.sweeek.fr\/blog\/#website"},"primaryImageOfPage":{"@id":"https:\/\/www.sweeek.fr\/blog\/tout-savoir-sur-le-jardin-de-cure\/#primaryimage"},"image":{"@id":"https:\/\/www.sweeek.fr\/blog\/tout-savoir-sur-le-jardin-de-cure\/#primaryimage"},"thumbnailUrl":"https:\/\/www.sweeek.fr\/blog\/wp-content\/uploads\/2022\/05\/Design-sans-titre-75.jpg","datePublished":"2022-05-16T13:21:00+00:00","dateModified":"2026-01-14T15:10:45+00:00","description":"Nostalgique des jardins de votre enfance ? sweeek vous ram\u00e8ne \u00e0 cette belle p\u00e9riode avec la pr\u00e9sentation des jardins de cur\u00e9.","breadcrumb":{"@id":"https:\/\/www.sweeek.fr\/blog\/tout-savoir-sur-le-jardin-de-cure\/#breadcrumb"},"inLanguage":"fr-FR","potentialAction":[{"@type":"ReadAction","target":["https:\/\/www.sweeek.fr\/blog\/tout-savoir-sur-le-jardin-de-cure\/"]}]},{"@type":"ImageObject","inLanguage":"fr-FR","@id":"https:\/\/www.sweeek.fr\/blog\/tout-savoir-sur-le-jardin-de-cure\/#primaryimage","url":"https:\/\/www.sweeek.fr\/blog\/wp-content\/uploads\/2022\/05\/Design-sans-titre-75.jpg","contentUrl":"https:\/\/www.sweeek.fr\/blog\/wp-content\/uploads\/2022\/05\/Design-sans-titre-75.jpg","width":1024,"height":682,"caption":"exemple jardin de cur\u00e9"},{"@type":"BreadcrumbList","@id":"https:\/\/www.sweeek.fr\/blog\/tout-savoir-sur-le-jardin-de-cure\/#breadcrumb","itemListElement":[{"@type":"ListItem","position":1,"name":"Accueil","item":"https:\/\/www.sweeek.fr\/blog\/"},{"@type":"ListItem","position":2,"name":"Tout savoir sur le jardin de cur\u00e9"}]},{"@type":"WebSite","@id":"https:\/\/www.sweeek.fr\/blog\/#website","url":"https:\/\/www.sweeek.fr\/blog\/","name":"Les Conseils sweeek","description":"Conseils et inspirations","publisher":{"@id":"https:\/\/www.sweeek.fr\/blog\/#organization"},"potentialAction":[{"@type":"SearchAction","target":{"@type":"EntryPoint","urlTemplate":"https:\/\/www.sweeek.fr\/blog\/?s={search_term_string}"},"query-input":{"@type":"PropertyValueSpecification","valueRequired":true,"valueName":"search_term_string"}}],"inLanguage":"fr-FR"},{"@type":"Organization","@id":"https:\/\/www.sweeek.fr\/blog\/#organization","name":"sweeek","url":"https:\/\/www.sweeek.fr\/blog\/","logo":{"@type":"ImageObject","inLanguage":"fr-FR","@id":"https:\/\/www.sweeek.fr\/blog\/#\/schema\/logo\/image\/","url":"https:\/\/www.sweeek.fr\/blog\/wp-content\/uploads\/2023\/10\/blog-sweeek-logo2.png","contentUrl":"https:\/\/www.sweeek.fr\/blog\/wp-content\/uploads\/2023\/10\/blog-sweeek-logo2.png","width":328,"height":90,"caption":"sweeek"},"image":{"@id":"https:\/\/www.sweeek.fr\/blog\/#\/schema\/logo\/image\/"}},{"@type":"Person","@id":"https:\/\/www.sweeek.fr\/blog\/#\/schema\/person\/e97ba3e4a84bda73fe86070619e7640b","name":"Am\u00e9lie Capon","image":{"@type":"ImageObject","inLanguage":"fr-FR","@id":"https:\/\/secure.gravatar.com\/avatar\/042e4b25b2641d47117ebfaf786a00f66fd827d54a130982af74eb1f062ce832?s=96&d=mm&r=g","url":"https:\/\/secure.gravatar.com\/avatar\/042e4b25b2641d47117ebfaf786a00f66fd827d54a130982af74eb1f062ce832?s=96&d=mm&r=g","contentUrl":"https:\/\/secure.gravatar.com\/avatar\/042e4b25b2641d47117ebfaf786a00f66fd827d54a130982af74eb1f062ce832?s=96&d=mm&r=g","caption":"Am\u00e9lie Capon"}}]}},"uagb_featured_image_src":{"full":["https:\/\/www.sweeek.fr\/blog\/wp-content\/uploads\/2022\/05\/Design-sans-titre-75.jpg",1024,682,false],"thumbnail":["https:\/\/www.sweeek.fr\/blog\/wp-content\/uploads\/2022\/05\/Design-sans-titre-75-150x150.jpg",150,150,true],"medium":["https:\/\/www.sweeek.fr\/blog\/wp-content\/uploads\/2022\/05\/Design-sans-titre-75-300x200.jpg",300,200,true],"medium_large":["https:\/\/www.sweeek.fr\/blog\/wp-content\/uploads\/2022\/05\/Design-sans-titre-75-768x512.jpg",768,512,true],"large":["https:\/\/www.sweeek.fr\/blog\/wp-content\/uploads\/2022\/05\/Design-sans-titre-75.jpg",1024,682,false],"1536x1536":["https:\/\/www.sweeek.fr\/blog\/wp-content\/uploads\/2022\/05\/Design-sans-titre-75.jpg",1024,682,false],"2048x2048":["https:\/\/www.sweeek.fr\/blog\/wp-content\/uploads\/2022\/05\/Design-sans-titre-75.jpg",1024,682,false],"ocean-thumb-m":["https:\/\/www.sweeek.fr\/blog\/wp-content\/uploads\/2022\/05\/Design-sans-titre-75-600x600.jpg",600,600,true],"ocean-thumb-ml":["https:\/\/www.sweeek.fr\/blog\/wp-content\/uploads\/2022\/05\/Design-sans-titre-75-800x450.jpg",800,450,true],"ocean-thumb-l":["https:\/\/www.sweeek.fr\/blog\/wp-content\/uploads\/2022\/05\/Design-sans-titre-75.jpg",1024,682,false]},"uagb_author_info":{"display_name":"Am\u00e9lie Capon","author_link":"https:\/\/www.sweeek.fr\/blog"},"uagb_comment_info":0,"uagb_excerpt":"Traditionnellement, en France, le jardin de cur\u00e9 \u00e9tait un jardin clos situ\u00e9 au plus pr\u00e8s du presbyt\u00e8re ou de la paroisse du village et dans lequel le cur\u00e9 entretenait un potager qui lui fournissait fruits et l\u00e9gumes de toutes sortes. Les jardins de cur\u00e9 vous rappelleront ais\u00e9ment les \u00ab&nbsp;jardins de grands-m\u00e8res&nbsp;\u00bb, type de jardin compos\u00e9s\u2026","_links":{"self":[{"href":"https:\/\/www.sweeek.fr\/blog\/wp-json\/wp\/v2\/posts\/9333","targetHints":{"allow":["GET"]}}],"collection":[{"href":"https:\/\/www.sweeek.fr\/blog\/wp-json\/wp\/v2\/posts"}],"about":[{"href":"https:\/\/www.sweeek.fr\/blog\/wp-json\/wp\/v2\/types\/post"}],"author":[{"embeddable":true,"href":"https:\/\/www.sweeek.fr\/blog\/wp-json\/wp\/v2\/users\/4"}],"replies":[{"embeddable":true,"href":"https:\/\/www.sweeek.fr\/blog\/wp-json\/wp\/v2\/comments?post=9333"}],"version-history":[{"count":17,"href":"https:\/\/www.sweeek.fr\/blog\/wp-json\/wp\/v2\/posts\/9333\/revisions"}],"predecessor-version":[{"id":20024,"href":"https:\/\/www.sweeek.fr\/blog\/wp-json\/wp\/v2\/posts\/9333\/revisions\/20024"}],"wp:featuredmedia":[{"embeddable":true,"href":"https:\/\/www.sweeek.fr\/blog\/wp-json\/wp\/v2\/media\/19612"}],"wp:attachment":[{"href":"https:\/\/www.sweeek.fr\/blog\/wp-json\/wp\/v2\/media?parent=9333"}],"wp:term":[{"taxonomy":"category","embeddable":true,"href":"https:\/\/www.sweeek.fr\/blog\/wp-json\/wp\/v2\/categories?post=9333"},{"taxonomy":"post_tag","embeddable":true,"href":"https:\/\/www.sweeek.fr\/blog\/wp-json\/wp\/v2\/tags?post=9333"}],"curies":[{"name":"wp","href":"https:\/\/api.w.org\/{rel}","templated":true}]}}