{"id":9306,"date":"2022-05-11T14:19:00","date_gmt":"2022-05-11T12:19:00","guid":{"rendered":"https:\/\/www.sweeek.fr\/blog\/?p=9306"},"modified":"2026-01-14T16:11:08","modified_gmt":"2026-01-14T15:11:08","slug":"tout-savoir-sur-le-jardin-naturaliste","status":"publish","type":"post","link":"https:\/\/www.sweeek.fr\/blog\/tout-savoir-sur-le-jardin-naturaliste\/","title":{"rendered":"Tout savoir sur le jardin naturaliste"},"content":{"rendered":"<div class=\"wp-block-image\">\n<figure class=\"aligncenter size-full is-resized\"><img fetchpriority=\"high\" decoding=\"async\" src=\"https:\/\/www.sweeek.fr\/blog\/wp-content\/uploads\/2022\/05\/Sans-titre-74.png\" alt=\"jardin naturaliste\" class=\"wp-image-9309\" width=\"700\" height=\"400\" srcset=\"https:\/\/www.sweeek.fr\/blog\/wp-content\/uploads\/2022\/05\/Sans-titre-74.png 700w, https:\/\/www.sweeek.fr\/blog\/wp-content\/uploads\/2022\/05\/Sans-titre-74-300x171.png 300w\" sizes=\"(max-width: 700px) 100vw, 700px\" \/><\/figure>\n<\/div>\n\n\n<p>Vous aimez la nature et les fleurs et plantes en abondance&nbsp;? Vous devez absolument vous pencher sur la possibilit\u00e9 de cr\u00e9er un jardin naturaliste chez vous&nbsp;! Tr\u00e8s en vogue dans des pays comme le Royaume-Uni, le Luxembourg, les Pays-Bas ou encore la Su\u00e8de, les jardins naturalistes sont malheureusement moins visibles en France. Ce <a href=\"https:\/\/www.sweeek.fr\/blog\/tout-savoir-sur-les-differents-types-de-jardin\/\">type de jardin<\/a> prend exemple sur la nature pour essayer de recr\u00e9er un environnement semblable en associant plusieurs types de plantes aux couleurs et formes vari\u00e9es et qui s\u2019auto-r\u00e9gulent pour former un ensemble harmonieux. Mais comment faire pour cr\u00e9er ce type de jardin&nbsp;? Quels sont les types de fleurs et plantes qu\u2019il est n\u00e9cessaire de disposer au sein d\u2019un tel jardin&nbsp;? les conseils sweeek sont l\u00e0 pour vous servir de guide p\u00e9dagogique et pratique afin d\u2019\u00eatre un expert sur le jardin naturaliste&nbsp;!&nbsp;<\/p>\n\n\n\n<h2 class=\"wp-block-heading\">Qu&rsquo;est-ce qu&rsquo;un jardin naturaliste ?<\/h2>\n\n\n\n<p>Tout d\u2019abord, il est important de bien d\u00e9finir ce que sont les jardins dits&nbsp;naturalistes ou alors contemporains. Ce concept de jardin \u00ab&nbsp;moderne&nbsp;\u00bb a \u00e9t\u00e9 d\u00e9mocratis\u00e9 par l\u2019auteur Piet Oudolf, auteur de nombreux livres sur les jardins naturalistes et le jardinage en g\u00e9n\u00e9ral. Ce sont des jardins qui sont con\u00e7us pour retrouver une nature florissante et abondante qui entoure le jardinier par sa profusion et son abondance. Ils sont constitu\u00e9s de plantes qui se retrouvent ais\u00e9ment dans la nature, adapt\u00e9es aux conditions locales et qui procurent des tableaux diff\u00e9rents en fonction des saisons. Compos\u00e9 exclusivement de v\u00e9g\u00e9taux \u00e0 fleurs et une absence de gazon, le jardin naturaliste est id\u00e9al pour les amoureux de la nature qui veulent se ressourcer dans un espace o\u00f9 la faune et la flore cohabitent g\u00e9n\u00e9reusement.&nbsp;&nbsp;<\/p>\n\n\n\n<p>Les plantations de ces jardins demandent peu d\u2019entretien et se d\u00e9marquent par leur envie de reconnexion \u00e0 la nature. Ce type de jardin s\u00e9duit de plus en plus de jardiniers car il ne demande quasi pas d\u2019entretien et aucun traitement chimique. Il est compos\u00e9 de plusieurs et diff\u00e9rents types de plantes et fleurs qui sont faciles \u00e0 cultiver&nbsp;: il vous suffit juste de choisir des v\u00e9g\u00e9taux qui correspondent \u00e0 l\u2019ambiance g\u00e9n\u00e9rale que vous voulez donner \u00e0 votre ext\u00e9rieur. Les plantes composant un jardin naturaliste sont g\u00e9n\u00e9ralement des plantes vivaces, robustes et qui r\u00e9sistent bien au passage des diff\u00e9rentes saisons (feuillage, floraison et fructification sont pr\u00e9sents pendant de long mois).&nbsp;<\/p>\n\n\n\n<h2 class=\"wp-block-heading\">Comment cr\u00e9er un jardin naturaliste ? <\/h2>\n\n\n\n<p>Cr\u00e9er un jardin naturaliste n\u2019est pas aussi difficile qu\u2019il puisse para\u00eetre. L\u2019un des points principaux dans la conception de votre espace ext\u00e9rieur est de s\u00e9lectionner des plantes et fleurs vivaces et r\u00e9sistantes en fonction du climat, du sol et de l\u2019atmosph\u00e8re et du rendu souhait\u00e9. Nous allons voir plus tard quelles sont les esp\u00e8ces \u00e0 favoriser. Avant toute s\u00e9lection, il faut bien entendu pr\u00e9parer la terre \u00e0 accueillir toutes ces plantations. Une fois que votre espace est d\u00e9limit\u00e9, plus ou moins proche de la maison, il ne vous reste plus qu\u2019\u00e0 disposer vos diff\u00e9rentes esp\u00e8ces de v\u00e9g\u00e9taux un peu al\u00e9atoirement et Dame Nature se chargera du reste&nbsp;! Ne forcez surtout pas sur la densit\u00e9 ou votre jardin ressemblera bient\u00f4t \u00e0 une jungle sauvage inaccessible !&nbsp;<\/p>\n\n\n\n<p>Lors de la conception de votre jardin, pensez \u00e0 laisser des passages \u00e9troits au milieu des plantations. Cela vous permettra de vous balader au milieu de la beaut\u00e9 d\u2019une v\u00e9g\u00e9tation abondante et de d\u00e9couvrir la vie animale qui se cache dedans&nbsp;! Pour attirer une faune diversifi\u00e9e, privil\u00e9giez les plantes les plus naturelles possibles, \u00e0 savoir des v\u00e9g\u00e9taux \u00e0 structure hivernale qui servent de maison aux insectes et des fleurs riches en nectar et pollen pour favoriser la prolif\u00e9ration des insectes pollinisateurs, indispensables \u00e0 l\u2019\u00e9cosyst\u00e8me d\u2019un jardin contemporain. Autre conseil&nbsp;: ne plantez pas \u00e0 proximit\u00e9 d\u2019arbres ou arbustes car ces derniers concurrencent les racines de vos plantations et provoqueraient certainement de l\u2019ombre non souhait\u00e9e par vos plantes.&nbsp;<\/p>\n\n\n\n<p>Concernant la diversit\u00e9 des v\u00e9g\u00e9taux qu\u2019il convient de planter, les conseils sont multiples. Pensez \u00e0 cultiver une grande diversit\u00e9 d\u2019esp\u00e8ces et de vari\u00e9t\u00e9s diff\u00e9rentes afin d\u2019obtenir un subtil m\u00e9lange de couleurs et formes qui donnera \u00e0 votre ext\u00e9rieur gr\u00e2ce et finesse. Pour ce faire, il est pratique de privil\u00e9gier un mix de plantes vivaces, dont la souche reste en terre en hiver, et de plantes annuelles, qui passe l\u2019hiver et se multiplie sous forme de graines. Ainsi, vous aurez diff\u00e9rentes p\u00e9riodes de floraison pour garder des couleurs tout au long de l\u2019ann\u00e9e&nbsp;: les plantes vivaces fleuriront au printemps et les plantes annuelles fleuriront en \u00e9t\u00e9 et dureront jusqu\u2019en automne.&nbsp;<\/p>\n\n\n\n<p>Bien qu\u2019un tel magasin de massifs sauvages n\u00e9cessite peu de travaux de jardinage, il faut tout de m\u00eame respecter certains conseils. Par exemple, il peut \u00eatre utile de r\u00e9pandre un paillis organique ou min\u00e9ral entre les touffes de v\u00e9g\u00e9taux pour limiter la <a href=\"https:\/\/www.sweeek.fr\/blog\/mauvaises-herbes-au-potager-comment-gerer\/\">prolif\u00e9ration de mauvaises herbes<\/a>. L\u2019entretien et le jardinage restera ainsi minime au fur et \u00e0 mesure du printemps ou de l\u2019automne et l\u2019aspect esth\u00e9tique de l\u2019ensemble n\u2019en sera qu\u2019am\u00e9lior\u00e9. Concernant le fauchage, il est g\u00e9n\u00e9ralement conseill\u00e9 de proc\u00e9der \u00e0 une taille de l\u2019ensemble du massif vers la fin de l\u2019hiver gr\u00e2ce \u00e0 un taille-haie. Conseil pratique&nbsp;: laissez les d\u00e9chets des v\u00e9g\u00e9taux sur place afin de cr\u00e9er un engrais naturel pour nourrir le sol.<\/p>\n\n\n\n<div class=\"wp-block-columns is-layout-flex wp-container-core-columns-is-layout-9d6595d7 wp-block-columns-is-layout-flex\">\n<div class=\"wp-block-column is-layout-flow wp-block-column-is-layout-flow\" style=\"flex-basis:66.66%\">\n<h2 class=\"wp-block-heading\">Quelles fleurs mettre dans un jardin naturaliste ?<\/h2>\n\n\n\n<p>Il faut d\u00e8s \u00e0 pr\u00e9sent s\u2019attarder sur quels diff\u00e9rents types de plantes, il convient de cultiver pour obtenir un harmonieux m\u00e9lange.&nbsp;<\/p>\n\n\n\n<p>Tout d\u2019abord, veillez \u00e0 employer en masse des plantes gramin\u00e9es, qui serviront de structure \u00e0 l\u2019ensemble de vos plantations. En effet, les gramin\u00e9es installent une atmosph\u00e8re naturelle par leurs aspects sauvages et champ\u00eatres. N\u2019h\u00e9sitez pas \u00e9galement \u00e0 disposer ci et l\u00e0 des v\u00e9g\u00e9taux \u00e9lanc\u00e9s et imposants tels que des mol\u00e8nes ou des camagrotis qui donneront du volume \u00e0 vos massifs. Le but est de replonger dans des sensations d\u2019enfance lorsque la v\u00e9g\u00e9tation nous entourait de son immensit\u00e9. Miscanthus, pigamons, h\u00e9liantus ou encore eupatoires sont des plantes vivaces tr\u00e8s pratiques pour cr\u00e9er cette atmosph\u00e8re de jungle indompt\u00e9e. Pour apporter une touche de couleur et de gaiet\u00e9, privil\u00e9giez des fleurs annuelles \u00e0 floraison printani\u00e8re et qui s\u2019auto-naturalisent gr\u00e2ce aux semis, telles que des fuschias, des cin\u00e9raires de printemps ou des pelargonium grandiflorum.<\/p>\n\n\n\n<p>Concernant l\u2019am\u00e9nagement de toutes ces esp\u00e8ces de plantes et fleurs, il n\u2019est pas forc\u00e9ment n\u00e9cessaire de placer les plus petits v\u00e9g\u00e9taux devant et les plus hauts en arri\u00e8re-plan. Vous pouvez tr\u00e8s bien consid\u00e9rer plusieurs dispositions&nbsp;: diff\u00e9rents massifs, dessiner des coul\u00e9es fleuries, utiliser des plantes \u00e0 silhouettes transparentes comme de la verveine, du fenouil commun ou d\u2019autres gramin\u00e9es telles que des molinies, qui feront ressortir toutes les couleurs des autres plantations cach\u00e9es derri\u00e8res.<\/p>\n\n\n\n<p>Ce guide complet sur les jardins naturalistes touche maintenant \u00e0 sa fin et nous esp\u00e9rons qu\u2019il vous aura convaincu ou du moins donn\u00e9 certaines id\u00e9es&nbsp;!&nbsp;<\/p>\n<\/div>\n\n\n\n<div class=\"wp-block-column is-vertically-aligned-center is-layout-flow wp-block-column-is-layout-flow\" style=\"flex-basis:33.33%\"><div class=\"wp-block-image\">\n<figure class=\"aligncenter size-full\"><img decoding=\"async\" width=\"400\" height=\"500\" src=\"https:\/\/www.sweeek.fr\/blog\/wp-content\/uploads\/2022\/05\/Sans-titre-75.png\" alt=\"jardin naturaliste \" class=\"wp-image-9310\" srcset=\"https:\/\/www.sweeek.fr\/blog\/wp-content\/uploads\/2022\/05\/Sans-titre-75.png 400w, https:\/\/www.sweeek.fr\/blog\/wp-content\/uploads\/2022\/05\/Sans-titre-75-240x300.png 240w\" sizes=\"(max-width: 400px) 100vw, 400px\" \/><\/figure>\n<\/div><\/div>\n<\/div>\n\n\n\n<div class=\"wp-block-group has-white-color has-text-color has-background\" style=\"background-color:#f2f2f2\"><div class=\"wp-block-group__inner-container is-layout-flow wp-block-group-is-layout-flow\">\n<h2 class=\"alignfull has-text-align-center has-black-color has-text-color wp-block-heading\" style=\"font-size:30px;font-style:normal;font-weight:400\">La s\u00e9lection de sweeek<\/h2>\n\n\n\n<div style=\"height:21px\" aria-hidden=\"true\" class=\"wp-block-spacer\"><\/div>\n\n\n\n<div class=\"wp-block-columns is-layout-flex wp-container-core-columns-is-layout-9d6595d7 wp-block-columns-is-layout-flex\">\n<div class=\"wp-block-column is-layout-flow wp-block-column-is-layout-flow\" style=\"flex-basis:100%\">\n<div class=\"wp-block-columns is-layout-flex wp-container-core-columns-is-layout-9d6595d7 wp-block-columns-is-layout-flex\">\n<div class=\"wp-block-column is-layout-flow wp-block-column-is-layout-flow\" style=\"flex-basis:100%\">\n<div class=\"wp-block-columns is-layout-flex wp-container-core-columns-is-layout-9d6595d7 wp-block-columns-is-layout-flex\">\n<div class=\"wp-block-column is-layout-flow wp-block-column-is-layout-flow\"><div class=\"wp-block-image\">\n<figure class=\"aligncenter size-large\"><a href=\"https:\/\/www.sweeek.fr\/product\/potager-en-bois-sur-pieds-et-serre-en-polycarbonate-amovible-erable-2-en-1-avec-etagere-et-geotextile-80-x-60-x-109-cm\" target=\"_blank\" rel=\"noreferrer noopener\"><img decoding=\"async\" src=\"https:\/\/www.sweeek.fr\/blog\/wp-content\/uploads\/2022\/06\/Nouveau-projet-2022-06-01T114733.815.jpg\" alt=\"Potager en bois sur pieds avec mini serre\"\/><\/a><\/figure>\n<\/div>\n\n\n<h3 class=\"has-text-align-center has-black-color has-text-color wp-block-heading\" style=\"font-style:normal;font-weight:400\">Potager en bois sur pieds avec mini serre<\/h3>\n\n\n\n<div style=\"height:15px\" aria-hidden=\"true\" class=\"wp-block-spacer\"><\/div>\n<\/div>\n\n\n\n<div class=\"wp-block-column is-layout-flow wp-block-column-is-layout-flow\"><div class=\"wp-block-image\">\n<figure class=\"aligncenter size-large\"><a href=\"https:\/\/www.sweeek.fr\/product\/table-jardinage-petunia-2-tiroirs-etabli-exterieur-bois\" target=\"_blank\" rel=\"noopener\"><img decoding=\"async\" src=\"https:\/\/sweeek.twic.pics\/products\/6647\/original\/wwkbenchnat-25d74b2d941e42f87437f8d596b21587.jpg?twic=v1\/resize=1800x1800\/resize=1500\/quality=70\" alt=\"Table de rempotage avec 2 tiroirs\n\"\/><\/a><\/figure>\n<\/div>\n\n\n<h3 class=\"has-text-align-center wp-block-heading\" style=\"font-style:normal;font-weight:400\">Table de rempotage avec 2 tiroirs<\/h3>\n\n\n\n<div style=\"height:15px\" aria-hidden=\"true\" class=\"wp-block-spacer\"><\/div>\n<\/div>\n\n\n\n<div class=\"wp-block-column is-layout-flow wp-block-column-is-layout-flow\">\n<div style=\"height:15px\" aria-hidden=\"true\" class=\"wp-block-spacer\"><\/div>\n<\/div>\n<\/div>\n<\/div>\n<\/div>\n<\/div>\n<\/div>\n<\/div><\/div>\n","protected":false},"excerpt":{"rendered":"<p>Vous aimez la nature et les fleurs et plantes en abondance&nbsp;? Vous devez absolument vous pencher sur la possibilit\u00e9 de cr\u00e9er un jardin naturaliste chez vous&nbsp;! Tr\u00e8s en vogue dans des pays comme le Royaume-Uni, le Luxembourg, les Pays-Bas ou encore la Su\u00e8de, les jardins naturalistes sont malheureusement moins visibles en France. Ce type de [&hellip;]<\/p>\n","protected":false},"author":4,"featured_media":19675,"comment_status":"open","ping_status":"closed","sticky":false,"template":"","format":"standard","meta":{"inline_featured_image":false,"_uag_custom_page_level_css":"","ocean_post_layout":"","ocean_both_sidebars_style":"","ocean_both_sidebars_content_width":0,"ocean_both_sidebars_sidebars_width":0,"ocean_sidebar":"0","ocean_second_sidebar":"0","ocean_disable_margins":"enable","ocean_add_body_class":"","ocean_shortcode_before_top_bar":"","ocean_shortcode_after_top_bar":"","ocean_shortcode_before_header":"","ocean_shortcode_after_header":"","ocean_has_shortcode":"","ocean_shortcode_after_title":"","ocean_shortcode_before_footer_widgets":"","ocean_shortcode_after_footer_widgets":"","ocean_shortcode_before_footer_bottom":"","ocean_shortcode_after_footer_bottom":"","ocean_display_top_bar":"default","ocean_display_header":"default","ocean_header_style":"","ocean_center_header_left_menu":"0","ocean_custom_header_template":"0","ocean_custom_logo":0,"ocean_custom_retina_logo":0,"ocean_custom_logo_max_width":0,"ocean_custom_logo_tablet_max_width":0,"ocean_custom_logo_mobile_max_width":0,"ocean_custom_logo_max_height":0,"ocean_custom_logo_tablet_max_height":0,"ocean_custom_logo_mobile_max_height":0,"ocean_header_custom_menu":"0","ocean_menu_typo_font_family":"0","ocean_menu_typo_font_subset":"","ocean_menu_typo_font_size":0,"ocean_menu_typo_font_size_tablet":0,"ocean_menu_typo_font_size_mobile":0,"ocean_menu_typo_font_size_unit":"px","ocean_menu_typo_font_weight":"","ocean_menu_typo_font_weight_tablet":"","ocean_menu_typo_font_weight_mobile":"","ocean_menu_typo_transform":"","ocean_menu_typo_transform_tablet":"","ocean_menu_typo_transform_mobile":"","ocean_menu_typo_line_height":0,"ocean_menu_typo_line_height_tablet":0,"ocean_menu_typo_line_height_mobile":0,"ocean_menu_typo_line_height_unit":"","ocean_menu_typo_spacing":0,"ocean_menu_typo_spacing_tablet":0,"ocean_menu_typo_spacing_mobile":0,"ocean_menu_typo_spacing_unit":"","ocean_menu_link_color":"","ocean_menu_link_color_hover":"","ocean_menu_link_color_active":"","ocean_menu_link_background":"","ocean_menu_link_hover_background":"","ocean_menu_link_active_background":"","ocean_menu_social_links_bg":"","ocean_menu_social_hover_links_bg":"","ocean_menu_social_links_color":"","ocean_menu_social_hover_links_color":"","ocean_disable_title":"default","ocean_disable_heading":"default","ocean_post_title":"","ocean_post_subheading":"","ocean_post_title_style":"","ocean_post_title_background_color":"","ocean_post_title_background":0,"ocean_post_title_bg_image_position":"","ocean_post_title_bg_image_attachment":"","ocean_post_title_bg_image_repeat":"","ocean_post_title_bg_image_size":"","ocean_post_title_height":0,"ocean_post_title_bg_overlay":0.5,"ocean_post_title_bg_overlay_color":"","ocean_disable_breadcrumbs":"default","ocean_breadcrumbs_color":"","ocean_breadcrumbs_separator_color":"","ocean_breadcrumbs_links_color":"","ocean_breadcrumbs_links_hover_color":"","ocean_display_footer_widgets":"default","ocean_display_footer_bottom":"default","ocean_custom_footer_template":"0","ocean_post_oembed":"","ocean_post_self_hosted_media":"","ocean_post_video_embed":"","ocean_link_format":"","ocean_link_format_target":"self","ocean_quote_format":"","ocean_quote_format_link":"post","ocean_gallery_link_images":"off","ocean_gallery_id":[],"footnotes":""},"categories":[384],"tags":[],"class_list":["post-9306","post","type-post","status-publish","format-standard","has-post-thumbnail","hentry","category-jardin","entry","has-media"],"yoast_head":"<!-- This site is optimized with the Yoast SEO plugin v27.5 - https:\/\/yoast.com\/product\/yoast-seo-wordpress\/ -->\n<title>Tout savoir sur le jardin naturaliste &#8211; Les Conseils sweeek<\/title>\n<meta name=\"description\" content=\"On vous dit tout sur cette nouvelle tendance pris\u00e9e des pays nordiques dans lequel on trouve des plantes et des fleurs en abondance\" \/>\n<meta name=\"robots\" content=\"index, follow, max-snippet:-1, max-image-preview:large, max-video-preview:-1\" \/>\n<link rel=\"canonical\" href=\"https:\/\/www.sweeek.fr\/blog\/tout-savoir-sur-le-jardin-naturaliste\/\" \/>\n<meta property=\"og:locale\" content=\"fr_FR\" \/>\n<meta property=\"og:type\" content=\"article\" \/>\n<meta property=\"og:title\" content=\"Tout savoir sur le jardin naturaliste &#8211; Les Conseils sweeek\" \/>\n<meta property=\"og:description\" content=\"On vous dit tout sur cette nouvelle tendance pris\u00e9e des pays nordiques dans lequel on trouve des plantes et des fleurs en abondance\" \/>\n<meta property=\"og:url\" content=\"https:\/\/www.sweeek.fr\/blog\/tout-savoir-sur-le-jardin-naturaliste\/\" \/>\n<meta property=\"og:site_name\" content=\"Les Conseils sweeek\" \/>\n<meta property=\"article:published_time\" content=\"2022-05-11T12:19:00+00:00\" \/>\n<meta property=\"article:modified_time\" content=\"2026-01-14T15:11:08+00:00\" \/>\n<meta property=\"og:image\" content=\"https:\/\/www.sweeek.fr\/blog\/wp-content\/uploads\/2022\/05\/jardin-a-la-francaise.jpg\" \/>\n\t<meta property=\"og:image:width\" content=\"1024\" \/>\n\t<meta property=\"og:image:height\" content=\"682\" \/>\n\t<meta property=\"og:image:type\" content=\"image\/jpeg\" \/>\n<meta name=\"author\" content=\"Am\u00e9lie Capon\" \/>\n<meta name=\"twitter:card\" content=\"summary_large_image\" \/>\n<meta name=\"twitter:label1\" content=\"\u00c9crit par\" \/>\n\t<meta name=\"twitter:data1\" content=\"Am\u00e9lie Capon\" \/>\n\t<meta name=\"twitter:label2\" content=\"Dur\u00e9e de lecture estim\u00e9e\" \/>\n\t<meta name=\"twitter:data2\" content=\"7 minutes\" \/>\n<script type=\"application\/ld+json\" class=\"yoast-schema-graph\">{\"@context\":\"https:\\\/\\\/schema.org\",\"@graph\":[{\"@type\":\"Article\",\"@id\":\"https:\\\/\\\/www.sweeek.fr\\\/blog\\\/tout-savoir-sur-le-jardin-naturaliste\\\/#article\",\"isPartOf\":{\"@id\":\"https:\\\/\\\/www.sweeek.fr\\\/blog\\\/tout-savoir-sur-le-jardin-naturaliste\\\/\"},\"author\":{\"name\":\"Am\u00e9lie Capon\",\"@id\":\"https:\\\/\\\/www.sweeek.fr\\\/blog\\\/#\\\/schema\\\/person\\\/e97ba3e4a84bda73fe86070619e7640b\"},\"headline\":\"Tout savoir sur le jardin naturaliste\",\"datePublished\":\"2022-05-11T12:19:00+00:00\",\"dateModified\":\"2026-01-14T15:11:08+00:00\",\"mainEntityOfPage\":{\"@id\":\"https:\\\/\\\/www.sweeek.fr\\\/blog\\\/tout-savoir-sur-le-jardin-naturaliste\\\/\"},\"wordCount\":1283,\"commentCount\":0,\"publisher\":{\"@id\":\"https:\\\/\\\/www.sweeek.fr\\\/blog\\\/#organization\"},\"image\":{\"@id\":\"https:\\\/\\\/www.sweeek.fr\\\/blog\\\/tout-savoir-sur-le-jardin-naturaliste\\\/#primaryimage\"},\"thumbnailUrl\":\"https:\\\/\\\/www.sweeek.fr\\\/blog\\\/wp-content\\\/uploads\\\/2022\\\/05\\\/jardin-a-la-francaise.jpg\",\"articleSection\":[\"Jardin\"],\"inLanguage\":\"fr-FR\",\"potentialAction\":[{\"@type\":\"CommentAction\",\"name\":\"Comment\",\"target\":[\"https:\\\/\\\/www.sweeek.fr\\\/blog\\\/tout-savoir-sur-le-jardin-naturaliste\\\/#respond\"]}]},{\"@type\":\"WebPage\",\"@id\":\"https:\\\/\\\/www.sweeek.fr\\\/blog\\\/tout-savoir-sur-le-jardin-naturaliste\\\/\",\"url\":\"https:\\\/\\\/www.sweeek.fr\\\/blog\\\/tout-savoir-sur-le-jardin-naturaliste\\\/\",\"name\":\"Tout savoir sur le jardin naturaliste &#8211; Les Conseils sweeek\",\"isPartOf\":{\"@id\":\"https:\\\/\\\/www.sweeek.fr\\\/blog\\\/#website\"},\"primaryImageOfPage\":{\"@id\":\"https:\\\/\\\/www.sweeek.fr\\\/blog\\\/tout-savoir-sur-le-jardin-naturaliste\\\/#primaryimage\"},\"image\":{\"@id\":\"https:\\\/\\\/www.sweeek.fr\\\/blog\\\/tout-savoir-sur-le-jardin-naturaliste\\\/#primaryimage\"},\"thumbnailUrl\":\"https:\\\/\\\/www.sweeek.fr\\\/blog\\\/wp-content\\\/uploads\\\/2022\\\/05\\\/jardin-a-la-francaise.jpg\",\"datePublished\":\"2022-05-11T12:19:00+00:00\",\"dateModified\":\"2026-01-14T15:11:08+00:00\",\"description\":\"On vous dit tout sur cette nouvelle tendance pris\u00e9e des pays nordiques dans lequel on trouve des plantes et des fleurs en abondance\",\"breadcrumb\":{\"@id\":\"https:\\\/\\\/www.sweeek.fr\\\/blog\\\/tout-savoir-sur-le-jardin-naturaliste\\\/#breadcrumb\"},\"inLanguage\":\"fr-FR\",\"potentialAction\":[{\"@type\":\"ReadAction\",\"target\":[\"https:\\\/\\\/www.sweeek.fr\\\/blog\\\/tout-savoir-sur-le-jardin-naturaliste\\\/\"]}]},{\"@type\":\"ImageObject\",\"inLanguage\":\"fr-FR\",\"@id\":\"https:\\\/\\\/www.sweeek.fr\\\/blog\\\/tout-savoir-sur-le-jardin-naturaliste\\\/#primaryimage\",\"url\":\"https:\\\/\\\/www.sweeek.fr\\\/blog\\\/wp-content\\\/uploads\\\/2022\\\/05\\\/jardin-a-la-francaise.jpg\",\"contentUrl\":\"https:\\\/\\\/www.sweeek.fr\\\/blog\\\/wp-content\\\/uploads\\\/2022\\\/05\\\/jardin-a-la-francaise.jpg\",\"width\":1024,\"height\":682,\"caption\":\"jardin a la francaise\"},{\"@type\":\"BreadcrumbList\",\"@id\":\"https:\\\/\\\/www.sweeek.fr\\\/blog\\\/tout-savoir-sur-le-jardin-naturaliste\\\/#breadcrumb\",\"itemListElement\":[{\"@type\":\"ListItem\",\"position\":1,\"name\":\"Accueil\",\"item\":\"https:\\\/\\\/www.sweeek.fr\\\/blog\\\/\"},{\"@type\":\"ListItem\",\"position\":2,\"name\":\"Tout savoir sur le jardin naturaliste\"}]},{\"@type\":\"WebSite\",\"@id\":\"https:\\\/\\\/www.sweeek.fr\\\/blog\\\/#website\",\"url\":\"https:\\\/\\\/www.sweeek.fr\\\/blog\\\/\",\"name\":\"Les Conseils sweeek\",\"description\":\"Conseils et inspirations\",\"publisher\":{\"@id\":\"https:\\\/\\\/www.sweeek.fr\\\/blog\\\/#organization\"},\"potentialAction\":[{\"@type\":\"SearchAction\",\"target\":{\"@type\":\"EntryPoint\",\"urlTemplate\":\"https:\\\/\\\/www.sweeek.fr\\\/blog\\\/?s={search_term_string}\"},\"query-input\":{\"@type\":\"PropertyValueSpecification\",\"valueRequired\":true,\"valueName\":\"search_term_string\"}}],\"inLanguage\":\"fr-FR\"},{\"@type\":\"Organization\",\"@id\":\"https:\\\/\\\/www.sweeek.fr\\\/blog\\\/#organization\",\"name\":\"sweeek\",\"url\":\"https:\\\/\\\/www.sweeek.fr\\\/blog\\\/\",\"logo\":{\"@type\":\"ImageObject\",\"inLanguage\":\"fr-FR\",\"@id\":\"https:\\\/\\\/www.sweeek.fr\\\/blog\\\/#\\\/schema\\\/logo\\\/image\\\/\",\"url\":\"https:\\\/\\\/www.sweeek.fr\\\/blog\\\/wp-content\\\/uploads\\\/2023\\\/10\\\/blog-sweeek-logo2.png\",\"contentUrl\":\"https:\\\/\\\/www.sweeek.fr\\\/blog\\\/wp-content\\\/uploads\\\/2023\\\/10\\\/blog-sweeek-logo2.png\",\"width\":328,\"height\":90,\"caption\":\"sweeek\"},\"image\":{\"@id\":\"https:\\\/\\\/www.sweeek.fr\\\/blog\\\/#\\\/schema\\\/logo\\\/image\\\/\"}},{\"@type\":\"Person\",\"@id\":\"https:\\\/\\\/www.sweeek.fr\\\/blog\\\/#\\\/schema\\\/person\\\/e97ba3e4a84bda73fe86070619e7640b\",\"name\":\"Am\u00e9lie Capon\",\"image\":{\"@type\":\"ImageObject\",\"inLanguage\":\"fr-FR\",\"@id\":\"https:\\\/\\\/secure.gravatar.com\\\/avatar\\\/042e4b25b2641d47117ebfaf786a00f66fd827d54a130982af74eb1f062ce832?s=96&d=mm&r=g\",\"url\":\"https:\\\/\\\/secure.gravatar.com\\\/avatar\\\/042e4b25b2641d47117ebfaf786a00f66fd827d54a130982af74eb1f062ce832?s=96&d=mm&r=g\",\"contentUrl\":\"https:\\\/\\\/secure.gravatar.com\\\/avatar\\\/042e4b25b2641d47117ebfaf786a00f66fd827d54a130982af74eb1f062ce832?s=96&d=mm&r=g\",\"caption\":\"Am\u00e9lie Capon\"}}]}<\/script>\n<!-- \/ Yoast SEO plugin. -->","yoast_head_json":{"title":"Tout savoir sur le jardin naturaliste &#8211; Les Conseils sweeek","description":"On vous dit tout sur cette nouvelle tendance pris\u00e9e des pays nordiques dans lequel on trouve des plantes et des fleurs en abondance","robots":{"index":"index","follow":"follow","max-snippet":"max-snippet:-1","max-image-preview":"max-image-preview:large","max-video-preview":"max-video-preview:-1"},"canonical":"https:\/\/www.sweeek.fr\/blog\/tout-savoir-sur-le-jardin-naturaliste\/","og_locale":"fr_FR","og_type":"article","og_title":"Tout savoir sur le jardin naturaliste &#8211; Les Conseils sweeek","og_description":"On vous dit tout sur cette nouvelle tendance pris\u00e9e des pays nordiques dans lequel on trouve des plantes et des fleurs en abondance","og_url":"https:\/\/www.sweeek.fr\/blog\/tout-savoir-sur-le-jardin-naturaliste\/","og_site_name":"Les Conseils sweeek","article_published_time":"2022-05-11T12:19:00+00:00","article_modified_time":"2026-01-14T15:11:08+00:00","og_image":[{"width":1024,"height":682,"url":"https:\/\/www.sweeek.fr\/blog\/wp-content\/uploads\/2022\/05\/jardin-a-la-francaise.jpg","type":"image\/jpeg"}],"author":"Am\u00e9lie Capon","twitter_card":"summary_large_image","twitter_misc":{"\u00c9crit par":"Am\u00e9lie Capon","Dur\u00e9e de lecture estim\u00e9e":"7 minutes"},"schema":{"@context":"https:\/\/schema.org","@graph":[{"@type":"Article","@id":"https:\/\/www.sweeek.fr\/blog\/tout-savoir-sur-le-jardin-naturaliste\/#article","isPartOf":{"@id":"https:\/\/www.sweeek.fr\/blog\/tout-savoir-sur-le-jardin-naturaliste\/"},"author":{"name":"Am\u00e9lie Capon","@id":"https:\/\/www.sweeek.fr\/blog\/#\/schema\/person\/e97ba3e4a84bda73fe86070619e7640b"},"headline":"Tout savoir sur le jardin naturaliste","datePublished":"2022-05-11T12:19:00+00:00","dateModified":"2026-01-14T15:11:08+00:00","mainEntityOfPage":{"@id":"https:\/\/www.sweeek.fr\/blog\/tout-savoir-sur-le-jardin-naturaliste\/"},"wordCount":1283,"commentCount":0,"publisher":{"@id":"https:\/\/www.sweeek.fr\/blog\/#organization"},"image":{"@id":"https:\/\/www.sweeek.fr\/blog\/tout-savoir-sur-le-jardin-naturaliste\/#primaryimage"},"thumbnailUrl":"https:\/\/www.sweeek.fr\/blog\/wp-content\/uploads\/2022\/05\/jardin-a-la-francaise.jpg","articleSection":["Jardin"],"inLanguage":"fr-FR","potentialAction":[{"@type":"CommentAction","name":"Comment","target":["https:\/\/www.sweeek.fr\/blog\/tout-savoir-sur-le-jardin-naturaliste\/#respond"]}]},{"@type":"WebPage","@id":"https:\/\/www.sweeek.fr\/blog\/tout-savoir-sur-le-jardin-naturaliste\/","url":"https:\/\/www.sweeek.fr\/blog\/tout-savoir-sur-le-jardin-naturaliste\/","name":"Tout savoir sur le jardin naturaliste &#8211; Les Conseils sweeek","isPartOf":{"@id":"https:\/\/www.sweeek.fr\/blog\/#website"},"primaryImageOfPage":{"@id":"https:\/\/www.sweeek.fr\/blog\/tout-savoir-sur-le-jardin-naturaliste\/#primaryimage"},"image":{"@id":"https:\/\/www.sweeek.fr\/blog\/tout-savoir-sur-le-jardin-naturaliste\/#primaryimage"},"thumbnailUrl":"https:\/\/www.sweeek.fr\/blog\/wp-content\/uploads\/2022\/05\/jardin-a-la-francaise.jpg","datePublished":"2022-05-11T12:19:00+00:00","dateModified":"2026-01-14T15:11:08+00:00","description":"On vous dit tout sur cette nouvelle tendance pris\u00e9e des pays nordiques dans lequel on trouve des plantes et des fleurs en abondance","breadcrumb":{"@id":"https:\/\/www.sweeek.fr\/blog\/tout-savoir-sur-le-jardin-naturaliste\/#breadcrumb"},"inLanguage":"fr-FR","potentialAction":[{"@type":"ReadAction","target":["https:\/\/www.sweeek.fr\/blog\/tout-savoir-sur-le-jardin-naturaliste\/"]}]},{"@type":"ImageObject","inLanguage":"fr-FR","@id":"https:\/\/www.sweeek.fr\/blog\/tout-savoir-sur-le-jardin-naturaliste\/#primaryimage","url":"https:\/\/www.sweeek.fr\/blog\/wp-content\/uploads\/2022\/05\/jardin-a-la-francaise.jpg","contentUrl":"https:\/\/www.sweeek.fr\/blog\/wp-content\/uploads\/2022\/05\/jardin-a-la-francaise.jpg","width":1024,"height":682,"caption":"jardin a la francaise"},{"@type":"BreadcrumbList","@id":"https:\/\/www.sweeek.fr\/blog\/tout-savoir-sur-le-jardin-naturaliste\/#breadcrumb","itemListElement":[{"@type":"ListItem","position":1,"name":"Accueil","item":"https:\/\/www.sweeek.fr\/blog\/"},{"@type":"ListItem","position":2,"name":"Tout savoir sur le jardin naturaliste"}]},{"@type":"WebSite","@id":"https:\/\/www.sweeek.fr\/blog\/#website","url":"https:\/\/www.sweeek.fr\/blog\/","name":"Les Conseils sweeek","description":"Conseils et inspirations","publisher":{"@id":"https:\/\/www.sweeek.fr\/blog\/#organization"},"potentialAction":[{"@type":"SearchAction","target":{"@type":"EntryPoint","urlTemplate":"https:\/\/www.sweeek.fr\/blog\/?s={search_term_string}"},"query-input":{"@type":"PropertyValueSpecification","valueRequired":true,"valueName":"search_term_string"}}],"inLanguage":"fr-FR"},{"@type":"Organization","@id":"https:\/\/www.sweeek.fr\/blog\/#organization","name":"sweeek","url":"https:\/\/www.sweeek.fr\/blog\/","logo":{"@type":"ImageObject","inLanguage":"fr-FR","@id":"https:\/\/www.sweeek.fr\/blog\/#\/schema\/logo\/image\/","url":"https:\/\/www.sweeek.fr\/blog\/wp-content\/uploads\/2023\/10\/blog-sweeek-logo2.png","contentUrl":"https:\/\/www.sweeek.fr\/blog\/wp-content\/uploads\/2023\/10\/blog-sweeek-logo2.png","width":328,"height":90,"caption":"sweeek"},"image":{"@id":"https:\/\/www.sweeek.fr\/blog\/#\/schema\/logo\/image\/"}},{"@type":"Person","@id":"https:\/\/www.sweeek.fr\/blog\/#\/schema\/person\/e97ba3e4a84bda73fe86070619e7640b","name":"Am\u00e9lie Capon","image":{"@type":"ImageObject","inLanguage":"fr-FR","@id":"https:\/\/secure.gravatar.com\/avatar\/042e4b25b2641d47117ebfaf786a00f66fd827d54a130982af74eb1f062ce832?s=96&d=mm&r=g","url":"https:\/\/secure.gravatar.com\/avatar\/042e4b25b2641d47117ebfaf786a00f66fd827d54a130982af74eb1f062ce832?s=96&d=mm&r=g","contentUrl":"https:\/\/secure.gravatar.com\/avatar\/042e4b25b2641d47117ebfaf786a00f66fd827d54a130982af74eb1f062ce832?s=96&d=mm&r=g","caption":"Am\u00e9lie Capon"}}]}},"uagb_featured_image_src":{"full":["https:\/\/www.sweeek.fr\/blog\/wp-content\/uploads\/2022\/05\/jardin-a-la-francaise.jpg",1024,682,false],"thumbnail":["https:\/\/www.sweeek.fr\/blog\/wp-content\/uploads\/2022\/05\/jardin-a-la-francaise-150x150.jpg",150,150,true],"medium":["https:\/\/www.sweeek.fr\/blog\/wp-content\/uploads\/2022\/05\/jardin-a-la-francaise-300x200.jpg",300,200,true],"medium_large":["https:\/\/www.sweeek.fr\/blog\/wp-content\/uploads\/2022\/05\/jardin-a-la-francaise-768x512.jpg",768,512,true],"large":["https:\/\/www.sweeek.fr\/blog\/wp-content\/uploads\/2022\/05\/jardin-a-la-francaise.jpg",1024,682,false],"1536x1536":["https:\/\/www.sweeek.fr\/blog\/wp-content\/uploads\/2022\/05\/jardin-a-la-francaise.jpg",1024,682,false],"2048x2048":["https:\/\/www.sweeek.fr\/blog\/wp-content\/uploads\/2022\/05\/jardin-a-la-francaise.jpg",1024,682,false],"ocean-thumb-m":["https:\/\/www.sweeek.fr\/blog\/wp-content\/uploads\/2022\/05\/jardin-a-la-francaise-600x600.jpg",600,600,true],"ocean-thumb-ml":["https:\/\/www.sweeek.fr\/blog\/wp-content\/uploads\/2022\/05\/jardin-a-la-francaise-800x450.jpg",800,450,true],"ocean-thumb-l":["https:\/\/www.sweeek.fr\/blog\/wp-content\/uploads\/2022\/05\/jardin-a-la-francaise.jpg",1024,682,false]},"uagb_author_info":{"display_name":"Am\u00e9lie Capon","author_link":"https:\/\/www.sweeek.fr\/blog"},"uagb_comment_info":0,"uagb_excerpt":"Vous aimez la nature et les fleurs et plantes en abondance&nbsp;? Vous devez absolument vous pencher sur la possibilit\u00e9 de cr\u00e9er un jardin naturaliste chez vous&nbsp;! Tr\u00e8s en vogue dans des pays comme le Royaume-Uni, le Luxembourg, les Pays-Bas ou encore la Su\u00e8de, les jardins naturalistes sont malheureusement moins visibles en France. Ce type de\u2026","_links":{"self":[{"href":"https:\/\/www.sweeek.fr\/blog\/wp-json\/wp\/v2\/posts\/9306","targetHints":{"allow":["GET"]}}],"collection":[{"href":"https:\/\/www.sweeek.fr\/blog\/wp-json\/wp\/v2\/posts"}],"about":[{"href":"https:\/\/www.sweeek.fr\/blog\/wp-json\/wp\/v2\/types\/post"}],"author":[{"embeddable":true,"href":"https:\/\/www.sweeek.fr\/blog\/wp-json\/wp\/v2\/users\/4"}],"replies":[{"embeddable":true,"href":"https:\/\/www.sweeek.fr\/blog\/wp-json\/wp\/v2\/comments?post=9306"}],"version-history":[{"count":13,"href":"https:\/\/www.sweeek.fr\/blog\/wp-json\/wp\/v2\/posts\/9306\/revisions"}],"predecessor-version":[{"id":20025,"href":"https:\/\/www.sweeek.fr\/blog\/wp-json\/wp\/v2\/posts\/9306\/revisions\/20025"}],"wp:featuredmedia":[{"embeddable":true,"href":"https:\/\/www.sweeek.fr\/blog\/wp-json\/wp\/v2\/media\/19675"}],"wp:attachment":[{"href":"https:\/\/www.sweeek.fr\/blog\/wp-json\/wp\/v2\/media?parent=9306"}],"wp:term":[{"taxonomy":"category","embeddable":true,"href":"https:\/\/www.sweeek.fr\/blog\/wp-json\/wp\/v2\/categories?post=9306"},{"taxonomy":"post_tag","embeddable":true,"href":"https:\/\/www.sweeek.fr\/blog\/wp-json\/wp\/v2\/tags?post=9306"}],"curies":[{"name":"wp","href":"https:\/\/api.w.org\/{rel}","templated":true}]}}