{"id":9046,"date":"2022-04-28T17:41:11","date_gmt":"2022-04-28T15:41:11","guid":{"rendered":"https:\/\/www.sweeek.fr\/blog\/?p=9046"},"modified":"2026-01-14T16:12:24","modified_gmt":"2026-01-14T15:12:24","slug":"comment-amenager-un-petit-jardin-mediterraneen","status":"publish","type":"post","link":"https:\/\/www.sweeek.fr\/blog\/comment-amenager-un-petit-jardin-mediterraneen\/","title":{"rendered":"Comment am\u00e9nager un petit jardin m\u00e9diterran\u00e9en\u00a0?"},"content":{"rendered":"\n<figure class=\"wp-block-image size-large\"><img fetchpriority=\"high\" decoding=\"async\" width=\"1024\" height=\"251\" src=\"https:\/\/www.sweeek.fr\/blog\/wp-content\/uploads\/2022\/04\/Sans-titre-45-1-1024x251.png\" alt=\"champs de tournesol\" class=\"wp-image-9047\" srcset=\"https:\/\/www.sweeek.fr\/blog\/wp-content\/uploads\/2022\/04\/Sans-titre-45-1-1024x251.png 1024w, https:\/\/www.sweeek.fr\/blog\/wp-content\/uploads\/2022\/04\/Sans-titre-45-1-300x73.png 300w, https:\/\/www.sweeek.fr\/blog\/wp-content\/uploads\/2022\/04\/Sans-titre-45-1-768x188.png 768w, https:\/\/www.sweeek.fr\/blog\/wp-content\/uploads\/2022\/04\/Sans-titre-45-1.png 1430w\" sizes=\"(max-width: 1024px) 100vw, 1024px\" \/><\/figure>\n\n\n\n<p>Vous \u00eates un amateur de soleil, d\u2019ambiance m\u00e9diterran\u00e9enne, du bon vivre de la C\u00f4te d&rsquo;Azur ou encore du climat apaisant de l&rsquo;\u00eele de Beaut\u00e9&nbsp;? Un jardin m\u00e9diterran\u00e9en conviendrait \u00e0 merveille \u00e0 votre ext\u00e9rieur&nbsp;! Jardins agr\u00e9ables et chaleureux, les jardins m\u00e9diterran\u00e9ens vous rappelleront les vacances et la douceur du soleil et de la brise qu\u2019on retrouve sur tout le pourtour de la M\u00e9diterran\u00e9e, des \u00eeles grecques aux rivages hispaniques en passant par les c\u00f4tes de l\u2019Afrique du Nord. Mais il n\u2019est pas n\u00e9cessaire d\u2019habiter dans le sud pour pouvoir am\u00e9nager un jardin m\u00e9diterran\u00e9en&nbsp;: il est tout \u00e0 fait possible de cr\u00e9er le v\u00f4tre dans n\u2019importe quelle autre r\u00e9gion de France, en adaptant les types de plantes et leur hivernage. Mais alors quels sont les principaux \u00e9l\u00e9ments qu\u2019on peut retrouver au sein de tels jardins&nbsp;et comment entretenir correctement ces derniers ? Et quels sont les plantes et arbustes \u00e0 choisir pour obtenir une d\u00e9co au style m\u00e9diterran\u00e9en&nbsp;? les conseils sweeek vont tout vous d\u00e9tailler sur ce <a href=\"https:\/\/www.sweeek.fr\/blog\/tout-savoir-sur-les-differents-types-de-jardin\/\">type de jardin<\/a> et vous donner des id\u00e9es afin que l\u2019espace ext\u00e9rieur de votre maison devienne un jardin moderne rappelant la douceur de la mer M\u00e9diterran\u00e9e.&nbsp;<\/p>\n\n\n\n<h2 class=\"wp-block-heading\"><strong>Jardin m\u00e9diterran\u00e9en&nbsp;: quelles sont ses caract\u00e9ristiques&nbsp;?<\/strong><\/h2>\n\n\n\n<p>Il convient tout d\u2019abord de d\u00e9finir ce que sont les jardins dits \u00ab&nbsp;m\u00e9diterran\u00e9ens&nbsp;\u00bb et d\u2019expliciter en d\u00e9tails quelles sont leurs principales caract\u00e9ristiques.&nbsp;<\/p>\n\n\n\n<p>Dans un registre po\u00e9tique, on peut ais\u00e9ment d\u00e9finir le jardin m\u00e9diterran\u00e9en comme un espace qui sent bon la lavande et autres parfums enivrants, o\u00f9 rugosit\u00e9 de la pierre taill\u00e9e et duret\u00e9 du bois d\u2019olivier s\u2019associent dans une harmonie parfaite, dans lequel on entend le chant des cigales et le vent bruisser dans les cypr\u00e8s. \u00c9galement un jardin qui procure des fruits exotiques tous plus d\u00e9licieux les uns que les autres et o\u00f9 l\u2019on est submerg\u00e9 par les diff\u00e9rentes couleurs telles que le laurier rose ou le bleu de l\u2019eau claire qui coule dans les bassins.<\/p>\n\n\n\n<p>Plus formellement, les jardins m\u00e9diterran\u00e9ens sont des espaces ext\u00e9rieurs au style particulier qui rappellent les maisons de Provence aux jardins secs, constitu\u00e9s de plantes adapt\u00e9es aux conditions difficiles (beaucoup de soleil, manque d\u2019eau\u2026). En effet, les plantes et fleurs de ces jardins sont des plantes du sud telles que le laurier, la vigne, la lavande, le bougainvillier ou m\u00eame des cactus&nbsp;!&nbsp; On retrouve aussi des arbres issus de ce type de r\u00e9gion ensoleill\u00e9e comme le figuier, le palmier, le cypr\u00e8s, le pin ou encore le tr\u00e8s c\u00e9l\u00e8bre olivier. Toutes ces plantes et autres v\u00e9g\u00e9taux ne demandent que tr\u00e8s peu d\u2019eau et sont habitu\u00e9s \u00e0 la chaleur et \u00e0 un climat difficile.&nbsp;<\/p>\n\n\n\n<p>Concernant l\u2019am\u00e9nagement et le style de d\u00e9co g\u00e9n\u00e9rale, le petit jardin m\u00e9diterran\u00e9en poss\u00e8de des all\u00e9es en gravier ou autre rocaille, du paillage min\u00e9ral sur le sol des massifs de fleurs pour mieux retenir l\u2019humidit\u00e9, une terrasse en gravillon mais surtout pas de pelouse et de gazon. Les jardins m\u00e9diterran\u00e9ens doivent avoir un aspect min\u00e9ral fait de rocaille et de pierre, c\u2019est pourquoi il peut \u00eatre int\u00e9ressant de construire des murets en pierres s\u00e8ches surtout si votre terrain est en pente. Les <a href=\"https:\/\/www.sweeek.fr\/blog\/comment-amenager-un-jardin-en-pente\/\">jardins en pente<\/a>, organis\u00e9s en terrasse par exemple, sont courants dans une r\u00e9gion telle que la Corse et ont un c\u00f4t\u00e9 sauvage tr\u00e8s s\u00e9duisant.&nbsp;<\/p>\n\n\n\n<p>C\u00f4t\u00e9 \u00e9l\u00e9ments de d\u00e9coration,&nbsp;il existe plusieurs types de d\u00e9coration qui varient en fonction de la r\u00e9gion sur laquelle vous prenez exemple. Voici quelques id\u00e9es d\u2019am\u00e9nagement&nbsp;: pour rappeler l\u2019aspect antique par exemple, il peut \u00eatre efficace de faire un sol ou un mur en dallage ou en mosa\u00efque. Disposer des poteries ou objets en terre cuite ci-et-l\u00e0 donneront \u00e0 votre jardin ce c\u00f4t\u00e9 antique, tr\u00e8s pr\u00e9sent sur les rives m\u00e9diterran\u00e9ennes. Si vous souhaitez donner un aspect plus oriental \u00e0 votre jardin m\u00e9diterran\u00e9en, privil\u00e9giez par exemple des fa\u00efences \u00e0 la place de la mosa\u00efque.&nbsp;<\/p>\n\n\n\n<p>Vous pouvez \u00e9galement penser \u00e0 am\u00e9nager une <a href=\"https:\/\/www.sweeek.fr\/barbecues-chauffages\/cuisine-exterieure\">cuisine ext\u00e9rieure<\/a> au sein de votre jardin&nbsp;: am\u00e9nagement moderne id\u00e9al pour des <a href=\"https:\/\/www.sweeek.fr\/blog\/quel-barbecue-choisir\/\">barbecues<\/a> lors des longues soir\u00e9es estivales&nbsp;! Placez votre cuisine m\u00e9diterran\u00e9enne \u00e0 proximit\u00e9 de la maison, sur une terrasse et privil\u00e9giez des pierres naturelles qui s\u2019int\u00e9greront parfaitement \u00e0 la d\u00e9coration du jardin. Ayez aussi un espace d\u00e9di\u00e9 \u00e0 la d\u00e9tente, par exemple <a href=\"https:\/\/www.sweeek.fr\/blog\/guide-pratique-tout-savoir-sur-la-pergola-bioclimatique\/\">en choisissant une pergola<\/a> moderne, en bois de pr\u00e9f\u00e9rence, mat\u00e9riau chaleureux et authentique, avec une d\u00e9co adapt\u00e9e. Placez un salon de jardin en dessous, \u00e0 l\u2019abri de la chaleur \u00e9crasante, et disposez des coussins de couleurs vari\u00e9es pour apporter gaiet\u00e9 et bonne humeur. Nous vous conseillons de placer des fleurs multicolores en pot autour de cet espace d\u00e9tente afin qu\u2019il soit harmonieux et \u00e0 votre go\u00fbt&nbsp;!<\/p>\n\n\n\n<h2 class=\"wp-block-heading\"><strong>Quelles plantes et arbustes choisir&nbsp;?<\/strong><\/h2>\n\n\n\n<div class=\"wp-block-columns is-layout-flex wp-container-core-columns-is-layout-9d6595d7 wp-block-columns-is-layout-flex\">\n<div class=\"wp-block-column is-layout-flow wp-block-column-is-layout-flow\" style=\"flex-basis:66.66%\">\n<p>Au milieu des all\u00e9es de graviers, il est important de bien choisir les diff\u00e9rentes plantes, arbustes et autres v\u00e9g\u00e9taux qui composeront votre petit jardin m\u00e9diterran\u00e9en. En effet, chaque plante ou fleur aura un r\u00f4le \u00e0 jouer (senteur, fruits, couleurs, formes\u2026) et il faut donc bien en conna\u00eetre les diff\u00e9rentes caract\u00e9ristiques.&nbsp;<\/p>\n\n\n\n<p>Pour les arbres, plantez des cypr\u00e8s et des pins pour apporter un peu d\u2019ombre \u00e0 vos nombreuses fleurs. Le ch\u00eane, le platane ou le palmier font aussi parfaitement l\u2019affaire. Si vous souhaitez des fruits, il convient de cultiver des arbres fruitiers et le choix est vaste&nbsp;: olivier, citronnier, figuier, oranger, cerisier, abricotier\u2026 choisissez \u00e0 votre guise&nbsp;!&nbsp;<\/p>\n\n\n\n<p>Pour les plantes et fleurs qui apportent couleurs et senteurs, vous pouvez planter du thym, de la lavande, du romarin, du mimosa, du myrte, de l\u2019hibiscus, de l\u2019origan, du laurier rose, de la rose tr\u00e9mi\u00e8re\u2026 et la liste est encore longue&nbsp;! Pour les plantes plus d\u00e9sertiques et imposantes, vous pouvez vous orienter sur une plante telle que le cactus, l\u2019Aloe Vera ou encore l\u2019agave. Et pour finir, quelques <a href=\"https:\/\/www.sweeek.fr\/blog\/quelle-plante-grimpante-pour-pergola\/\">plantes grimpantes<\/a> feront le plus bel effet le long de votre pergola ou sur une fa\u00e7ade de la maison&nbsp;: du bougainvillier, du jasmin ou encore de la vigne seront parfaits&nbsp;!&nbsp;<\/p>\n<\/div>\n\n\n\n<div class=\"wp-block-column is-vertically-aligned-center is-layout-flow wp-block-column-is-layout-flow\" style=\"flex-basis:33.33%\">\n<figure class=\"wp-block-image size-full\"><img decoding=\"async\" width=\"276\" height=\"260\" src=\"https:\/\/www.sweeek.fr\/blog\/wp-content\/uploads\/2022\/04\/Sans-titre-47.png\" alt=\"olivier \" class=\"wp-image-9049\"\/><\/figure>\n<\/div>\n<\/div>\n\n\n\n<h2 class=\"wp-block-heading\"><strong>Comment entretenir un jardin m\u00e9diterran\u00e9en&nbsp;?<\/strong>&nbsp;<\/h2>\n\n\n\n<p>En g\u00e9n\u00e9ral, le petit jardin m\u00e9diterran\u00e9en ne n\u00e9cessite pas ou peu d\u2019entretien. En effet, chaque plante est cens\u00e9e \u00eatre adapt\u00e9e aux conditions climatiques et \u00e0 un sol sec fait de gravier et de rocaille, et ne n\u00e9cessite donc pas d\u2019arrosage ou d\u2019entretien particulier.&nbsp;<\/p>\n\n\n\n<p>Toutefois, quelques conseils sur l\u2019am\u00e9nagement des plantes, fleurs, arbres et arbustes peuvent \u00eatre utiles&nbsp;: pour les arbres fruitiers, pensez \u00e0 installer un syst\u00e8me d\u2019arrosage en goutte-\u00e0-goutte pour humidifier la terre r\u00e9guli\u00e8rement sans \u00e9vaporation d\u2019eau. Et plantez pins ou cypr\u00e8s pour apporter un peu d\u2019ombre aux v\u00e9g\u00e9taux par temps de canicule. Normalement, les plantes, une fois bien install\u00e9es, ne devraient pas avoir besoin d\u2019un arrosage particulier. N\u00e9anmoins, pour une plante en pot, il peut \u00eatre utile d\u2019arroser de temps en temps pour un bon d\u00e9veloppement.&nbsp;<\/p>\n\n\n\n<p>Concernant la saison hivernale, si votre jardin n\u2019est pas dans une r\u00e9gion m\u00e9diterran\u00e9enne, ou du moins ensoleill\u00e9e la plupart du temps, il faudra proc\u00e9der \u00e0 un hivernage des plantes pour \u00e9viter le gel et le froid. Placez les plantes les plus frileuses sous un voile d\u2019hivernage et stockez-les \u00e0 l\u2019abri, sous serre par exemple, si elles sont en terre dans un pot.&nbsp;<\/p>\n\n\n\n<p>Ce guide sur le petit jardin m\u00e9diterran\u00e9en touche maintenant \u00e0 sa fin et nous esp\u00e9rons qu\u2019il vous aura donn\u00e9 une multitude d\u2019id\u00e9es pour vos futurs am\u00e9nagements ext\u00e9rieurs&nbsp;!&nbsp;<\/p>\n\n\n\n<div class=\"wp-block-group has-white-color has-text-color has-background\" style=\"background-color:#f2f2f2\"><div class=\"wp-block-group__inner-container is-layout-flow wp-block-group-is-layout-flow\">\n<h2 class=\"alignfull has-text-align-center has-black-color has-text-color wp-block-heading\" style=\"font-size:30px;font-style:normal;font-weight:400\">La s\u00e9lection de sweeek<\/h2>\n\n\n\n<div style=\"height:21px\" aria-hidden=\"true\" class=\"wp-block-spacer\"><\/div>\n\n\n\n<div class=\"wp-block-columns is-layout-flex wp-container-core-columns-is-layout-9d6595d7 wp-block-columns-is-layout-flex\">\n<div class=\"wp-block-column is-layout-flow wp-block-column-is-layout-flow\" style=\"flex-basis:100%\">\n<div class=\"wp-block-columns is-layout-flex wp-container-core-columns-is-layout-9d6595d7 wp-block-columns-is-layout-flex\">\n<div class=\"wp-block-column is-layout-flow wp-block-column-is-layout-flow\" style=\"flex-basis:100%\">\n<div class=\"wp-block-columns is-layout-flex wp-container-core-columns-is-layout-9d6595d7 wp-block-columns-is-layout-flex\">\n<div class=\"wp-block-column is-layout-flow wp-block-column-is-layout-flow\"><div class=\"wp-block-image\">\n<figure class=\"aligncenter size-large\"><a href=\"https:\/\/www.sweeek.fr\/product\/potager-en-bois-sur-pieds-et-serre-en-polycarbonate-amovible-erable-2-en-1-avec-etagere-et-geotextile-80-x-60-x-109-cm\" target=\"_blank\" rel=\"noreferrer noopener\"><img decoding=\"async\" src=\"https:\/\/www.sweeek.fr\/blog\/wp-content\/uploads\/2022\/06\/Nouveau-projet-2022-06-01T114733.815.jpg\" alt=\"Potager en bois sur pieds avec mini serre\"\/><\/a><\/figure>\n<\/div>\n\n\n<h3 class=\"has-text-align-center has-black-color has-text-color wp-block-heading\" style=\"font-style:normal;font-weight:400\">Potager en bois sur pieds avec mini serre<\/h3>\n\n\n\n<div style=\"height:15px\" aria-hidden=\"true\" class=\"wp-block-spacer\"><\/div>\n<\/div>\n\n\n\n<div class=\"wp-block-column is-layout-flow wp-block-column-is-layout-flow\"><div class=\"wp-block-image\">\n<figure class=\"aligncenter size-large\"><a href=\"https:\/\/www.sweeek.fr\/product\/table-jardinage-petunia-2-tiroirs-etabli-exterieur-bois\" target=\"_blank\" rel=\"noopener\"><img decoding=\"async\" src=\"https:\/\/sweeek.twic.pics\/products\/6647\/original\/wwkbenchnat-25d74b2d941e42f87437f8d596b21587.jpg?twic=v1\/resize=1800x1800\/resize=1500\/quality=70\" alt=\"Table de rempotage avec 2 tiroirs\n\"\/><\/a><\/figure>\n<\/div>\n\n\n<h3 class=\"has-text-align-center wp-block-heading\" style=\"font-style:normal;font-weight:400\">Table de rempotage avec 2 tiroirs<\/h3>\n\n\n\n<div style=\"height:15px\" aria-hidden=\"true\" class=\"wp-block-spacer\"><\/div>\n<\/div>\n\n\n\n<div class=\"wp-block-column is-layout-flow wp-block-column-is-layout-flow\">\n<div style=\"height:15px\" aria-hidden=\"true\" class=\"wp-block-spacer\"><\/div>\n<\/div>\n<\/div>\n<\/div>\n<\/div>\n<\/div>\n<\/div>\n<\/div><\/div>\n","protected":false},"excerpt":{"rendered":"<p>Vous \u00eates un amateur de soleil, d\u2019ambiance m\u00e9diterran\u00e9enne, du bon vivre de la C\u00f4te d&rsquo;Azur ou encore du climat apaisant de l&rsquo;\u00eele de Beaut\u00e9&nbsp;? Un jardin m\u00e9diterran\u00e9en conviendrait \u00e0 merveille \u00e0 votre ext\u00e9rieur&nbsp;! Jardins agr\u00e9ables et chaleureux, les jardins m\u00e9diterran\u00e9ens vous rappelleront les vacances et la douceur du soleil et de la brise qu\u2019on retrouve [&hellip;]<\/p>\n","protected":false},"author":4,"featured_media":19660,"comment_status":"open","ping_status":"closed","sticky":false,"template":"","format":"standard","meta":{"inline_featured_image":false,"_uag_custom_page_level_css":"","ocean_post_layout":"","ocean_both_sidebars_style":"","ocean_both_sidebars_content_width":0,"ocean_both_sidebars_sidebars_width":0,"ocean_sidebar":"0","ocean_second_sidebar":"0","ocean_disable_margins":"enable","ocean_add_body_class":"","ocean_shortcode_before_top_bar":"","ocean_shortcode_after_top_bar":"","ocean_shortcode_before_header":"","ocean_shortcode_after_header":"","ocean_has_shortcode":"","ocean_shortcode_after_title":"","ocean_shortcode_before_footer_widgets":"","ocean_shortcode_after_footer_widgets":"","ocean_shortcode_before_footer_bottom":"","ocean_shortcode_after_footer_bottom":"","ocean_display_top_bar":"default","ocean_display_header":"default","ocean_header_style":"","ocean_center_header_left_menu":"0","ocean_custom_header_template":"0","ocean_custom_logo":0,"ocean_custom_retina_logo":0,"ocean_custom_logo_max_width":0,"ocean_custom_logo_tablet_max_width":0,"ocean_custom_logo_mobile_max_width":0,"ocean_custom_logo_max_height":0,"ocean_custom_logo_tablet_max_height":0,"ocean_custom_logo_mobile_max_height":0,"ocean_header_custom_menu":"0","ocean_menu_typo_font_family":"0","ocean_menu_typo_font_subset":"","ocean_menu_typo_font_size":0,"ocean_menu_typo_font_size_tablet":0,"ocean_menu_typo_font_size_mobile":0,"ocean_menu_typo_font_size_unit":"px","ocean_menu_typo_font_weight":"","ocean_menu_typo_font_weight_tablet":"","ocean_menu_typo_font_weight_mobile":"","ocean_menu_typo_transform":"","ocean_menu_typo_transform_tablet":"","ocean_menu_typo_transform_mobile":"","ocean_menu_typo_line_height":0,"ocean_menu_typo_line_height_tablet":0,"ocean_menu_typo_line_height_mobile":0,"ocean_menu_typo_line_height_unit":"","ocean_menu_typo_spacing":0,"ocean_menu_typo_spacing_tablet":0,"ocean_menu_typo_spacing_mobile":0,"ocean_menu_typo_spacing_unit":"","ocean_menu_link_color":"","ocean_menu_link_color_hover":"","ocean_menu_link_color_active":"","ocean_menu_link_background":"","ocean_menu_link_hover_background":"","ocean_menu_link_active_background":"","ocean_menu_social_links_bg":"","ocean_menu_social_hover_links_bg":"","ocean_menu_social_links_color":"","ocean_menu_social_hover_links_color":"","ocean_disable_title":"default","ocean_disable_heading":"default","ocean_post_title":"","ocean_post_subheading":"","ocean_post_title_style":"","ocean_post_title_background_color":"","ocean_post_title_background":0,"ocean_post_title_bg_image_position":"","ocean_post_title_bg_image_attachment":"","ocean_post_title_bg_image_repeat":"","ocean_post_title_bg_image_size":"","ocean_post_title_height":0,"ocean_post_title_bg_overlay":0.5,"ocean_post_title_bg_overlay_color":"","ocean_disable_breadcrumbs":"default","ocean_breadcrumbs_color":"","ocean_breadcrumbs_separator_color":"","ocean_breadcrumbs_links_color":"","ocean_breadcrumbs_links_hover_color":"","ocean_display_footer_widgets":"default","ocean_display_footer_bottom":"default","ocean_custom_footer_template":"0","ocean_post_oembed":"","ocean_post_self_hosted_media":"","ocean_post_video_embed":"","ocean_link_format":"","ocean_link_format_target":"self","ocean_quote_format":"","ocean_quote_format_link":"post","ocean_gallery_link_images":"off","ocean_gallery_id":[],"footnotes":""},"categories":[384],"tags":[],"class_list":["post-9046","post","type-post","status-publish","format-standard","has-post-thumbnail","hentry","category-jardin","entry","has-media"],"yoast_head":"<!-- This site is optimized with the Yoast SEO plugin v27.5 - https:\/\/yoast.com\/product\/yoast-seo-wordpress\/ -->\n<title>Comment am\u00e9nager un petit jardin m\u00e9diterran\u00e9en\u00a0? &#8211; Les Conseils sweeek<\/title>\n<meta name=\"description\" content=\"Adoptez le style m\u00e9diterran\u00e9en pour votre jardin, il vous fera vous sentir en vacances, sans avoir \u00e0 lui donner beaucoup d&#039;entretien.\" \/>\n<meta name=\"robots\" content=\"index, follow, max-snippet:-1, max-image-preview:large, max-video-preview:-1\" \/>\n<link rel=\"canonical\" href=\"https:\/\/www.sweeek.fr\/blog\/comment-amenager-un-petit-jardin-mediterraneen\/\" \/>\n<meta property=\"og:locale\" content=\"fr_FR\" \/>\n<meta property=\"og:type\" content=\"article\" \/>\n<meta property=\"og:title\" content=\"Comment am\u00e9nager un petit jardin m\u00e9diterran\u00e9en\u00a0? &#8211; Les Conseils sweeek\" \/>\n<meta property=\"og:description\" content=\"Adoptez le style m\u00e9diterran\u00e9en pour votre jardin, il vous fera vous sentir en vacances, sans avoir \u00e0 lui donner beaucoup d&#039;entretien.\" \/>\n<meta property=\"og:url\" content=\"https:\/\/www.sweeek.fr\/blog\/comment-amenager-un-petit-jardin-mediterraneen\/\" \/>\n<meta property=\"og:site_name\" content=\"Les Conseils sweeek\" \/>\n<meta property=\"article:published_time\" content=\"2022-04-28T15:41:11+00:00\" \/>\n<meta property=\"article:modified_time\" content=\"2026-01-14T15:12:24+00:00\" \/>\n<meta property=\"og:image\" content=\"https:\/\/www.sweeek.fr\/blog\/wp-content\/uploads\/2022\/04\/Design-sans-titre-77.jpg\" \/>\n\t<meta property=\"og:image:width\" content=\"1024\" \/>\n\t<meta property=\"og:image:height\" content=\"682\" \/>\n\t<meta property=\"og:image:type\" content=\"image\/jpeg\" \/>\n<meta name=\"author\" content=\"Am\u00e9lie Capon\" \/>\n<meta name=\"twitter:card\" content=\"summary_large_image\" \/>\n<meta name=\"twitter:label1\" content=\"\u00c9crit par\" \/>\n\t<meta name=\"twitter:data1\" content=\"Am\u00e9lie Capon\" \/>\n\t<meta name=\"twitter:label2\" content=\"Dur\u00e9e de lecture estim\u00e9e\" \/>\n\t<meta name=\"twitter:data2\" content=\"8 minutes\" \/>\n<script type=\"application\/ld+json\" class=\"yoast-schema-graph\">{\"@context\":\"https:\\\/\\\/schema.org\",\"@graph\":[{\"@type\":\"Article\",\"@id\":\"https:\\\/\\\/www.sweeek.fr\\\/blog\\\/comment-amenager-un-petit-jardin-mediterraneen\\\/#article\",\"isPartOf\":{\"@id\":\"https:\\\/\\\/www.sweeek.fr\\\/blog\\\/comment-amenager-un-petit-jardin-mediterraneen\\\/\"},\"author\":{\"name\":\"Am\u00e9lie Capon\",\"@id\":\"https:\\\/\\\/www.sweeek.fr\\\/blog\\\/#\\\/schema\\\/person\\\/e97ba3e4a84bda73fe86070619e7640b\"},\"headline\":\"Comment am\u00e9nager un petit jardin m\u00e9diterran\u00e9en\u00a0?\",\"datePublished\":\"2022-04-28T15:41:11+00:00\",\"dateModified\":\"2026-01-14T15:12:24+00:00\",\"mainEntityOfPage\":{\"@id\":\"https:\\\/\\\/www.sweeek.fr\\\/blog\\\/comment-amenager-un-petit-jardin-mediterraneen\\\/\"},\"wordCount\":1413,\"commentCount\":0,\"publisher\":{\"@id\":\"https:\\\/\\\/www.sweeek.fr\\\/blog\\\/#organization\"},\"image\":{\"@id\":\"https:\\\/\\\/www.sweeek.fr\\\/blog\\\/comment-amenager-un-petit-jardin-mediterraneen\\\/#primaryimage\"},\"thumbnailUrl\":\"https:\\\/\\\/www.sweeek.fr\\\/blog\\\/wp-content\\\/uploads\\\/2022\\\/04\\\/Design-sans-titre-77.jpg\",\"articleSection\":[\"Jardin\"],\"inLanguage\":\"fr-FR\",\"potentialAction\":[{\"@type\":\"CommentAction\",\"name\":\"Comment\",\"target\":[\"https:\\\/\\\/www.sweeek.fr\\\/blog\\\/comment-amenager-un-petit-jardin-mediterraneen\\\/#respond\"]}]},{\"@type\":\"WebPage\",\"@id\":\"https:\\\/\\\/www.sweeek.fr\\\/blog\\\/comment-amenager-un-petit-jardin-mediterraneen\\\/\",\"url\":\"https:\\\/\\\/www.sweeek.fr\\\/blog\\\/comment-amenager-un-petit-jardin-mediterraneen\\\/\",\"name\":\"Comment am\u00e9nager un petit jardin m\u00e9diterran\u00e9en\u00a0? &#8211; Les Conseils sweeek\",\"isPartOf\":{\"@id\":\"https:\\\/\\\/www.sweeek.fr\\\/blog\\\/#website\"},\"primaryImageOfPage\":{\"@id\":\"https:\\\/\\\/www.sweeek.fr\\\/blog\\\/comment-amenager-un-petit-jardin-mediterraneen\\\/#primaryimage\"},\"image\":{\"@id\":\"https:\\\/\\\/www.sweeek.fr\\\/blog\\\/comment-amenager-un-petit-jardin-mediterraneen\\\/#primaryimage\"},\"thumbnailUrl\":\"https:\\\/\\\/www.sweeek.fr\\\/blog\\\/wp-content\\\/uploads\\\/2022\\\/04\\\/Design-sans-titre-77.jpg\",\"datePublished\":\"2022-04-28T15:41:11+00:00\",\"dateModified\":\"2026-01-14T15:12:24+00:00\",\"description\":\"Adoptez le style m\u00e9diterran\u00e9en pour votre jardin, il vous fera vous sentir en vacances, sans avoir \u00e0 lui donner beaucoup d'entretien.\",\"breadcrumb\":{\"@id\":\"https:\\\/\\\/www.sweeek.fr\\\/blog\\\/comment-amenager-un-petit-jardin-mediterraneen\\\/#breadcrumb\"},\"inLanguage\":\"fr-FR\",\"potentialAction\":[{\"@type\":\"ReadAction\",\"target\":[\"https:\\\/\\\/www.sweeek.fr\\\/blog\\\/comment-amenager-un-petit-jardin-mediterraneen\\\/\"]}]},{\"@type\":\"ImageObject\",\"inLanguage\":\"fr-FR\",\"@id\":\"https:\\\/\\\/www.sweeek.fr\\\/blog\\\/comment-amenager-un-petit-jardin-mediterraneen\\\/#primaryimage\",\"url\":\"https:\\\/\\\/www.sweeek.fr\\\/blog\\\/wp-content\\\/uploads\\\/2022\\\/04\\\/Design-sans-titre-77.jpg\",\"contentUrl\":\"https:\\\/\\\/www.sweeek.fr\\\/blog\\\/wp-content\\\/uploads\\\/2022\\\/04\\\/Design-sans-titre-77.jpg\",\"width\":1024,\"height\":682,\"caption\":\"exemple de jardin m\u00e9diterran\u00e9en\"},{\"@type\":\"BreadcrumbList\",\"@id\":\"https:\\\/\\\/www.sweeek.fr\\\/blog\\\/comment-amenager-un-petit-jardin-mediterraneen\\\/#breadcrumb\",\"itemListElement\":[{\"@type\":\"ListItem\",\"position\":1,\"name\":\"Accueil\",\"item\":\"https:\\\/\\\/www.sweeek.fr\\\/blog\\\/\"},{\"@type\":\"ListItem\",\"position\":2,\"name\":\"Comment am\u00e9nager un petit jardin m\u00e9diterran\u00e9en\u00a0?\"}]},{\"@type\":\"WebSite\",\"@id\":\"https:\\\/\\\/www.sweeek.fr\\\/blog\\\/#website\",\"url\":\"https:\\\/\\\/www.sweeek.fr\\\/blog\\\/\",\"name\":\"Les Conseils sweeek\",\"description\":\"Conseils et inspirations\",\"publisher\":{\"@id\":\"https:\\\/\\\/www.sweeek.fr\\\/blog\\\/#organization\"},\"potentialAction\":[{\"@type\":\"SearchAction\",\"target\":{\"@type\":\"EntryPoint\",\"urlTemplate\":\"https:\\\/\\\/www.sweeek.fr\\\/blog\\\/?s={search_term_string}\"},\"query-input\":{\"@type\":\"PropertyValueSpecification\",\"valueRequired\":true,\"valueName\":\"search_term_string\"}}],\"inLanguage\":\"fr-FR\"},{\"@type\":\"Organization\",\"@id\":\"https:\\\/\\\/www.sweeek.fr\\\/blog\\\/#organization\",\"name\":\"sweeek\",\"url\":\"https:\\\/\\\/www.sweeek.fr\\\/blog\\\/\",\"logo\":{\"@type\":\"ImageObject\",\"inLanguage\":\"fr-FR\",\"@id\":\"https:\\\/\\\/www.sweeek.fr\\\/blog\\\/#\\\/schema\\\/logo\\\/image\\\/\",\"url\":\"https:\\\/\\\/www.sweeek.fr\\\/blog\\\/wp-content\\\/uploads\\\/2023\\\/10\\\/blog-sweeek-logo2.png\",\"contentUrl\":\"https:\\\/\\\/www.sweeek.fr\\\/blog\\\/wp-content\\\/uploads\\\/2023\\\/10\\\/blog-sweeek-logo2.png\",\"width\":328,\"height\":90,\"caption\":\"sweeek\"},\"image\":{\"@id\":\"https:\\\/\\\/www.sweeek.fr\\\/blog\\\/#\\\/schema\\\/logo\\\/image\\\/\"}},{\"@type\":\"Person\",\"@id\":\"https:\\\/\\\/www.sweeek.fr\\\/blog\\\/#\\\/schema\\\/person\\\/e97ba3e4a84bda73fe86070619e7640b\",\"name\":\"Am\u00e9lie Capon\",\"image\":{\"@type\":\"ImageObject\",\"inLanguage\":\"fr-FR\",\"@id\":\"https:\\\/\\\/secure.gravatar.com\\\/avatar\\\/042e4b25b2641d47117ebfaf786a00f66fd827d54a130982af74eb1f062ce832?s=96&d=mm&r=g\",\"url\":\"https:\\\/\\\/secure.gravatar.com\\\/avatar\\\/042e4b25b2641d47117ebfaf786a00f66fd827d54a130982af74eb1f062ce832?s=96&d=mm&r=g\",\"contentUrl\":\"https:\\\/\\\/secure.gravatar.com\\\/avatar\\\/042e4b25b2641d47117ebfaf786a00f66fd827d54a130982af74eb1f062ce832?s=96&d=mm&r=g\",\"caption\":\"Am\u00e9lie Capon\"}}]}<\/script>\n<!-- \/ Yoast SEO plugin. -->","yoast_head_json":{"title":"Comment am\u00e9nager un petit jardin m\u00e9diterran\u00e9en\u00a0? &#8211; Les Conseils sweeek","description":"Adoptez le style m\u00e9diterran\u00e9en pour votre jardin, il vous fera vous sentir en vacances, sans avoir \u00e0 lui donner beaucoup d'entretien.","robots":{"index":"index","follow":"follow","max-snippet":"max-snippet:-1","max-image-preview":"max-image-preview:large","max-video-preview":"max-video-preview:-1"},"canonical":"https:\/\/www.sweeek.fr\/blog\/comment-amenager-un-petit-jardin-mediterraneen\/","og_locale":"fr_FR","og_type":"article","og_title":"Comment am\u00e9nager un petit jardin m\u00e9diterran\u00e9en\u00a0? &#8211; Les Conseils sweeek","og_description":"Adoptez le style m\u00e9diterran\u00e9en pour votre jardin, il vous fera vous sentir en vacances, sans avoir \u00e0 lui donner beaucoup d'entretien.","og_url":"https:\/\/www.sweeek.fr\/blog\/comment-amenager-un-petit-jardin-mediterraneen\/","og_site_name":"Les Conseils sweeek","article_published_time":"2022-04-28T15:41:11+00:00","article_modified_time":"2026-01-14T15:12:24+00:00","og_image":[{"width":1024,"height":682,"url":"https:\/\/www.sweeek.fr\/blog\/wp-content\/uploads\/2022\/04\/Design-sans-titre-77.jpg","type":"image\/jpeg"}],"author":"Am\u00e9lie Capon","twitter_card":"summary_large_image","twitter_misc":{"\u00c9crit par":"Am\u00e9lie Capon","Dur\u00e9e de lecture estim\u00e9e":"8 minutes"},"schema":{"@context":"https:\/\/schema.org","@graph":[{"@type":"Article","@id":"https:\/\/www.sweeek.fr\/blog\/comment-amenager-un-petit-jardin-mediterraneen\/#article","isPartOf":{"@id":"https:\/\/www.sweeek.fr\/blog\/comment-amenager-un-petit-jardin-mediterraneen\/"},"author":{"name":"Am\u00e9lie Capon","@id":"https:\/\/www.sweeek.fr\/blog\/#\/schema\/person\/e97ba3e4a84bda73fe86070619e7640b"},"headline":"Comment am\u00e9nager un petit jardin m\u00e9diterran\u00e9en\u00a0?","datePublished":"2022-04-28T15:41:11+00:00","dateModified":"2026-01-14T15:12:24+00:00","mainEntityOfPage":{"@id":"https:\/\/www.sweeek.fr\/blog\/comment-amenager-un-petit-jardin-mediterraneen\/"},"wordCount":1413,"commentCount":0,"publisher":{"@id":"https:\/\/www.sweeek.fr\/blog\/#organization"},"image":{"@id":"https:\/\/www.sweeek.fr\/blog\/comment-amenager-un-petit-jardin-mediterraneen\/#primaryimage"},"thumbnailUrl":"https:\/\/www.sweeek.fr\/blog\/wp-content\/uploads\/2022\/04\/Design-sans-titre-77.jpg","articleSection":["Jardin"],"inLanguage":"fr-FR","potentialAction":[{"@type":"CommentAction","name":"Comment","target":["https:\/\/www.sweeek.fr\/blog\/comment-amenager-un-petit-jardin-mediterraneen\/#respond"]}]},{"@type":"WebPage","@id":"https:\/\/www.sweeek.fr\/blog\/comment-amenager-un-petit-jardin-mediterraneen\/","url":"https:\/\/www.sweeek.fr\/blog\/comment-amenager-un-petit-jardin-mediterraneen\/","name":"Comment am\u00e9nager un petit jardin m\u00e9diterran\u00e9en\u00a0? &#8211; Les Conseils sweeek","isPartOf":{"@id":"https:\/\/www.sweeek.fr\/blog\/#website"},"primaryImageOfPage":{"@id":"https:\/\/www.sweeek.fr\/blog\/comment-amenager-un-petit-jardin-mediterraneen\/#primaryimage"},"image":{"@id":"https:\/\/www.sweeek.fr\/blog\/comment-amenager-un-petit-jardin-mediterraneen\/#primaryimage"},"thumbnailUrl":"https:\/\/www.sweeek.fr\/blog\/wp-content\/uploads\/2022\/04\/Design-sans-titre-77.jpg","datePublished":"2022-04-28T15:41:11+00:00","dateModified":"2026-01-14T15:12:24+00:00","description":"Adoptez le style m\u00e9diterran\u00e9en pour votre jardin, il vous fera vous sentir en vacances, sans avoir \u00e0 lui donner beaucoup d'entretien.","breadcrumb":{"@id":"https:\/\/www.sweeek.fr\/blog\/comment-amenager-un-petit-jardin-mediterraneen\/#breadcrumb"},"inLanguage":"fr-FR","potentialAction":[{"@type":"ReadAction","target":["https:\/\/www.sweeek.fr\/blog\/comment-amenager-un-petit-jardin-mediterraneen\/"]}]},{"@type":"ImageObject","inLanguage":"fr-FR","@id":"https:\/\/www.sweeek.fr\/blog\/comment-amenager-un-petit-jardin-mediterraneen\/#primaryimage","url":"https:\/\/www.sweeek.fr\/blog\/wp-content\/uploads\/2022\/04\/Design-sans-titre-77.jpg","contentUrl":"https:\/\/www.sweeek.fr\/blog\/wp-content\/uploads\/2022\/04\/Design-sans-titre-77.jpg","width":1024,"height":682,"caption":"exemple de jardin m\u00e9diterran\u00e9en"},{"@type":"BreadcrumbList","@id":"https:\/\/www.sweeek.fr\/blog\/comment-amenager-un-petit-jardin-mediterraneen\/#breadcrumb","itemListElement":[{"@type":"ListItem","position":1,"name":"Accueil","item":"https:\/\/www.sweeek.fr\/blog\/"},{"@type":"ListItem","position":2,"name":"Comment am\u00e9nager un petit jardin m\u00e9diterran\u00e9en\u00a0?"}]},{"@type":"WebSite","@id":"https:\/\/www.sweeek.fr\/blog\/#website","url":"https:\/\/www.sweeek.fr\/blog\/","name":"Les Conseils sweeek","description":"Conseils et inspirations","publisher":{"@id":"https:\/\/www.sweeek.fr\/blog\/#organization"},"potentialAction":[{"@type":"SearchAction","target":{"@type":"EntryPoint","urlTemplate":"https:\/\/www.sweeek.fr\/blog\/?s={search_term_string}"},"query-input":{"@type":"PropertyValueSpecification","valueRequired":true,"valueName":"search_term_string"}}],"inLanguage":"fr-FR"},{"@type":"Organization","@id":"https:\/\/www.sweeek.fr\/blog\/#organization","name":"sweeek","url":"https:\/\/www.sweeek.fr\/blog\/","logo":{"@type":"ImageObject","inLanguage":"fr-FR","@id":"https:\/\/www.sweeek.fr\/blog\/#\/schema\/logo\/image\/","url":"https:\/\/www.sweeek.fr\/blog\/wp-content\/uploads\/2023\/10\/blog-sweeek-logo2.png","contentUrl":"https:\/\/www.sweeek.fr\/blog\/wp-content\/uploads\/2023\/10\/blog-sweeek-logo2.png","width":328,"height":90,"caption":"sweeek"},"image":{"@id":"https:\/\/www.sweeek.fr\/blog\/#\/schema\/logo\/image\/"}},{"@type":"Person","@id":"https:\/\/www.sweeek.fr\/blog\/#\/schema\/person\/e97ba3e4a84bda73fe86070619e7640b","name":"Am\u00e9lie Capon","image":{"@type":"ImageObject","inLanguage":"fr-FR","@id":"https:\/\/secure.gravatar.com\/avatar\/042e4b25b2641d47117ebfaf786a00f66fd827d54a130982af74eb1f062ce832?s=96&d=mm&r=g","url":"https:\/\/secure.gravatar.com\/avatar\/042e4b25b2641d47117ebfaf786a00f66fd827d54a130982af74eb1f062ce832?s=96&d=mm&r=g","contentUrl":"https:\/\/secure.gravatar.com\/avatar\/042e4b25b2641d47117ebfaf786a00f66fd827d54a130982af74eb1f062ce832?s=96&d=mm&r=g","caption":"Am\u00e9lie Capon"}}]}},"uagb_featured_image_src":{"full":["https:\/\/www.sweeek.fr\/blog\/wp-content\/uploads\/2022\/04\/Design-sans-titre-77.jpg",1024,682,false],"thumbnail":["https:\/\/www.sweeek.fr\/blog\/wp-content\/uploads\/2022\/04\/Design-sans-titre-77-150x150.jpg",150,150,true],"medium":["https:\/\/www.sweeek.fr\/blog\/wp-content\/uploads\/2022\/04\/Design-sans-titre-77-300x200.jpg",300,200,true],"medium_large":["https:\/\/www.sweeek.fr\/blog\/wp-content\/uploads\/2022\/04\/Design-sans-titre-77-768x512.jpg",768,512,true],"large":["https:\/\/www.sweeek.fr\/blog\/wp-content\/uploads\/2022\/04\/Design-sans-titre-77.jpg",1024,682,false],"1536x1536":["https:\/\/www.sweeek.fr\/blog\/wp-content\/uploads\/2022\/04\/Design-sans-titre-77.jpg",1024,682,false],"2048x2048":["https:\/\/www.sweeek.fr\/blog\/wp-content\/uploads\/2022\/04\/Design-sans-titre-77.jpg",1024,682,false],"ocean-thumb-m":["https:\/\/www.sweeek.fr\/blog\/wp-content\/uploads\/2022\/04\/Design-sans-titre-77-600x600.jpg",600,600,true],"ocean-thumb-ml":["https:\/\/www.sweeek.fr\/blog\/wp-content\/uploads\/2022\/04\/Design-sans-titre-77-800x450.jpg",800,450,true],"ocean-thumb-l":["https:\/\/www.sweeek.fr\/blog\/wp-content\/uploads\/2022\/04\/Design-sans-titre-77.jpg",1024,682,false]},"uagb_author_info":{"display_name":"Am\u00e9lie Capon","author_link":"https:\/\/www.sweeek.fr\/blog"},"uagb_comment_info":0,"uagb_excerpt":"Vous \u00eates un amateur de soleil, d\u2019ambiance m\u00e9diterran\u00e9enne, du bon vivre de la C\u00f4te d&rsquo;Azur ou encore du climat apaisant de l&rsquo;\u00eele de Beaut\u00e9&nbsp;? Un jardin m\u00e9diterran\u00e9en conviendrait \u00e0 merveille \u00e0 votre ext\u00e9rieur&nbsp;! Jardins agr\u00e9ables et chaleureux, les jardins m\u00e9diterran\u00e9ens vous rappelleront les vacances et la douceur du soleil et de la brise qu\u2019on retrouve\u2026","_links":{"self":[{"href":"https:\/\/www.sweeek.fr\/blog\/wp-json\/wp\/v2\/posts\/9046","targetHints":{"allow":["GET"]}}],"collection":[{"href":"https:\/\/www.sweeek.fr\/blog\/wp-json\/wp\/v2\/posts"}],"about":[{"href":"https:\/\/www.sweeek.fr\/blog\/wp-json\/wp\/v2\/types\/post"}],"author":[{"embeddable":true,"href":"https:\/\/www.sweeek.fr\/blog\/wp-json\/wp\/v2\/users\/4"}],"replies":[{"embeddable":true,"href":"https:\/\/www.sweeek.fr\/blog\/wp-json\/wp\/v2\/comments?post=9046"}],"version-history":[{"count":11,"href":"https:\/\/www.sweeek.fr\/blog\/wp-json\/wp\/v2\/posts\/9046\/revisions"}],"predecessor-version":[{"id":19696,"href":"https:\/\/www.sweeek.fr\/blog\/wp-json\/wp\/v2\/posts\/9046\/revisions\/19696"}],"wp:featuredmedia":[{"embeddable":true,"href":"https:\/\/www.sweeek.fr\/blog\/wp-json\/wp\/v2\/media\/19660"}],"wp:attachment":[{"href":"https:\/\/www.sweeek.fr\/blog\/wp-json\/wp\/v2\/media?parent=9046"}],"wp:term":[{"taxonomy":"category","embeddable":true,"href":"https:\/\/www.sweeek.fr\/blog\/wp-json\/wp\/v2\/categories?post=9046"},{"taxonomy":"post_tag","embeddable":true,"href":"https:\/\/www.sweeek.fr\/blog\/wp-json\/wp\/v2\/tags?post=9046"}],"curies":[{"name":"wp","href":"https:\/\/api.w.org\/{rel}","templated":true}]}}