{"id":9026,"date":"2022-05-05T17:12:00","date_gmt":"2022-05-05T15:12:00","guid":{"rendered":"https:\/\/www.sweeek.fr\/blog\/?p=9026"},"modified":"2026-01-14T16:11:36","modified_gmt":"2026-01-14T15:11:36","slug":"tout-savoir-sur-le-jardin-a-la-francaise","status":"publish","type":"post","link":"https:\/\/www.sweeek.fr\/blog\/tout-savoir-sur-le-jardin-a-la-francaise\/","title":{"rendered":"Tout savoir sur le jardin \u00e0 la fran\u00e7aise"},"content":{"rendered":"\n<p>Pour donner des allures de ch\u00e2teau \u00e0 votre ext\u00e9rieur, rien de mieux que le style de jardin \u00e0 la fran\u00e7aise. Cr\u00e9\u00e9 au XVIIe si\u00e8cle par le jardinier de Louis XIV, Andr\u00e9 Le N\u00f4tre, cet agencement est graphique et tr\u00e8s raffin\u00e9. \u00c0 l\u2019inverse des jardins \u00e0 l\u2019anglaise, on y retrouve beaucoup de formes sym\u00e9triques et d\u2019effets g\u00e9om\u00e9triques rendant le tout tr\u00e8s organis\u00e9. Inspir\u00e9 du style de jardin \u00e0 l\u2019italienne, on y retrouve tout naturellement de nombreux points d\u2019eau, des parterres, des bosquets, des statues. Alors si vous souhaitez en savoir plus sur les jardins \u00e0 la fran\u00e7aise, lisez la suite et vous deviendrez incollables&nbsp;!&nbsp;<\/p>\n\n\n\n<figure class=\"wp-block-image size-large\"><img fetchpriority=\"high\" decoding=\"async\" width=\"1024\" height=\"251\" src=\"https:\/\/www.sweeek.fr\/blog\/wp-content\/uploads\/2022\/04\/Sans-titre-38-1-1024x251.png\" alt=\"jardin a la fran\u00e7aise\" class=\"wp-image-9032\" srcset=\"https:\/\/www.sweeek.fr\/blog\/wp-content\/uploads\/2022\/04\/Sans-titre-38-1-1024x251.png 1024w, https:\/\/www.sweeek.fr\/blog\/wp-content\/uploads\/2022\/04\/Sans-titre-38-1-300x73.png 300w, https:\/\/www.sweeek.fr\/blog\/wp-content\/uploads\/2022\/04\/Sans-titre-38-1-768x188.png 768w, https:\/\/www.sweeek.fr\/blog\/wp-content\/uploads\/2022\/04\/Sans-titre-38-1.png 1430w\" sizes=\"(max-width: 1024px) 100vw, 1024px\" \/><\/figure>\n\n\n\n<h2 class=\"wp-block-heading\"><strong>Quelles sont les caract\u00e9ristiques des jardins \u00e0 la fran\u00e7aise ?&nbsp;<\/strong><\/h2>\n\n\n\n<p>Comme <a href=\"https:\/\/www.sweeek.fr\/blog\/tout-savoir-sur-les-differents-types-de-jardin\/\">tous les styles de jardin<\/a>, le jardin \u00e0 la fran\u00e7aise, \u00e9galement appel\u00e9 jardin classique, poss\u00e8de des caract\u00e9ristiques qui lui sont propres. Globalement, il se base sur la sym\u00e9trie, l\u2019ordre et la perspective et symbolise le prolongement de la d\u00e9coration int\u00e9rieure, en g\u00e9n\u00e9ral chic et prestigieuse.<\/p>\n\n\n\n<p>Le jardin fran\u00e7ais structure et sublime la nature afin de proposer un rendu harmonieux. Pour ce faire, il s\u2019appuie sur plusieurs r\u00e8gles de sym\u00e9trie et de proportions. Il se compose ainsi des formes g\u00e9om\u00e9triques prenant le dessus sur les \u00e9l\u00e9ments naturels. On y retrouve une succession de parterres, tous d\u00e9limit\u00e9s par des all\u00e9es rectilignes. Chaque arbuste est proprement taill\u00e9 et rien ne d\u00e9passe. <\/p>\n\n\n\n<p>De part et d\u2019autre de l\u2019all\u00e9e centrale, des parterres en broderie, bosquets, <a href=\"https:\/\/www.sweeek.fr\/blog\/comment-faire-un-jardin-aquatique\/\">bassins<\/a> et arbres sont sym\u00e9triquement distribu\u00e9s. Lorsque l\u2019on se balade dans un jardin \u00e0 la fran\u00e7aise, on d\u00e9couvre diff\u00e9rentes \u00ab&nbsp;pi\u00e8ces&nbsp;\u00bb tout comme dans un int\u00e9rieur. Comme dans tous les jardins, on y retrouve souvent un joli <a href=\"https:\/\/www.sweeek.fr\/blog\/comment-faire-un-jardin-potager\/\">potager<\/a>. Au d\u00e9tour des all\u00e9es et des pelouses impeccables, surgissent des fontaines extravagantes. Les buis sculpt\u00e9s cachent des statues inspir\u00e9es de l\u2019Antiquit\u00e9\u2026<\/p>\n\n\n\n<p>Derni\u00e8re caract\u00e9ristique du jardin \u00e0 la Fran\u00e7aise&nbsp;: il repr\u00e9sente l\u2019art de la perspective. Tous les \u00e9l\u00e9ments sont visibles d\u2019un seul coup d\u2019\u0153il \u00e0 partir d\u2019un point sur\u00e9lev\u00e9 ou de l\u2019habitation.&nbsp;<\/p>\n\n\n\n<h2 class=\"wp-block-heading\"><strong>Les contraintes du jardin \u00e0 la fran\u00e7aise <\/strong><\/h2>\n\n\n\n<p>Les contraintes de ce type de jardins sont li\u00e9es \u00e0 l\u2019entretien tr\u00e8s exigeant que le jardinier doit r\u00e9aliser pour que le jardin reste impeccable. Si au XVII\u00e8me si\u00e8cle l\u2019entretien de ces jardins \u00e9tait r\u00e9alis\u00e9 manuellement, il est aujourd\u2019hui un peu plus facile gr\u00e2ce \u00e0 l\u2019outillage motoris\u00e9. Les plantes persistantes et caduques sont la base de cet art. Elles demandent plusieurs tailles par an, au printemps, au d\u00e9but de l\u2019\u00e9t\u00e9 et en d\u00e9but d\u2019automne. Le buis par exemple doit \u00eatre taill\u00e9 2 \u00e0 3 fois. Pour que les all\u00e9es restent propres, le d\u00e9sherbage peut aussi prendre beaucoup de temps. Aujourd\u2019hui, avec les nouvelles r\u00e9glementations, nous ne pouvons plus utiliser de d\u00e9sherbants chimiques. Autres contraintes certaines plantes devront \u00eatre renouvel\u00e9es comme les buis qui vieillissent ou buis qui deviennent malades. Si la tonte de la pelouse pouvait \u00eatre une contrainte autrefois elle ne l\u2019est plus vraiment aujourd\u2019hui gr\u00e2ce aux robots de tonte.<\/p>\n\n\n\n<p><\/p>\n\n\n\n<h2 class=\"wp-block-heading\"><strong>Quelle est la diff\u00e9rence entre un jardin fran\u00e7ais et un jardin anglais ?<\/strong><\/h2>\n\n\n\n<p>Les designs des jardins fran\u00e7ais et des jardins anglais sont compl\u00e8tement \u00e0 l\u2019oppos\u00e9. L\u2019un se caract\u00e9rise par son ordre et sa sym\u00e9trie et l\u2019autre par son irr\u00e9gularit\u00e9 et son d\u00e9sordre r\u00e9fl\u00e9chi. Dans un jardin \u00e0 la fran\u00e7aise, rien n\u2019est laiss\u00e9 au hasard. Il est pens\u00e9 dans les moindres d\u00e9tails et chaque \u00e9l\u00e9ment \u00e0 son importance. Le <a href=\"https:\/\/www.sweeek.fr\/blog\/jardin-a-langlaise-comment-faire\/\">jardin \u00e0 l&rsquo;anglaise<\/a>, lui, est plus spontan\u00e9. Les plantes y sont plus color\u00e9es et sauvages pour un rendu romantique et po\u00e9tique.&nbsp;<\/p>\n\n\n\n<div class=\"wp-block-columns is-layout-flex wp-container-core-columns-is-layout-9d6595d7 wp-block-columns-is-layout-flex\">\n<div class=\"wp-block-column is-layout-flow wp-block-column-is-layout-flow\">\n<figure class=\"wp-block-image size-full\"><img decoding=\"async\" width=\"276\" height=\"260\" src=\"https:\/\/www.sweeek.fr\/blog\/wp-content\/uploads\/2022\/04\/Sans-titre-35-2.png\" alt=\"jardin a la fran\u00e7aise\" class=\"wp-image-9028\"\/><\/figure>\n<\/div>\n\n\n\n<div class=\"wp-block-column is-layout-flow wp-block-column-is-layout-flow\">\n<figure class=\"wp-block-image size-full\"><img decoding=\"async\" width=\"276\" height=\"260\" src=\"https:\/\/www.sweeek.fr\/blog\/wp-content\/uploads\/2022\/04\/Sans-titre-36-1.png\" alt=\"jardin a la fran\u00e7aise\" class=\"wp-image-9029\"\/><\/figure>\n<\/div>\n\n\n\n<div class=\"wp-block-column is-layout-flow wp-block-column-is-layout-flow\">\n<figure class=\"wp-block-image size-full\"><img loading=\"lazy\" decoding=\"async\" width=\"276\" height=\"260\" src=\"https:\/\/www.sweeek.fr\/blog\/wp-content\/uploads\/2022\/04\/Sans-titre-37-1.png\" alt=\"jardin a la fran\u00e7aise\" class=\"wp-image-9031\"\/><\/figure>\n<\/div>\n<\/div>\n\n\n\n<h2 class=\"wp-block-heading\"><strong>Qui a invent\u00e9 les jardins \u00e0 la fran\u00e7aise ?<\/strong><\/h2>\n\n\n\n<p>Signe de perfection et de noblesse, le jardin \u00e0 la Fran\u00e7aise exprime la volont\u00e9 des Hommes de corriger la nature afin de la structurer. Nous devons d\u2019ailleurs l\u2019invention de ce type de jardin au c\u00e9l\u00e8bre jardinier Andr\u00e9 Le N\u00f4tre.<\/p>\n\n\n\n<p>De nombreux jardiniers avant lui comme es Mollet sont connus pour leurs parterres de broderies vont participer \u00e0 la cr\u00e9ation de cet art fran\u00e7ais mais c\u2019est Andr\u00e9 Le N\u00f4tre qui avec sa ma\u00eetrise du dessin, de l\u2019optique et ses axes g\u00e9om\u00e9triques va trouver l\u2019\u00e9quilibre du jardin fran\u00e7ais. Il sait jouer avec les asym\u00e9tries notamment dans ses dessins de parterres.<br>Sous le r\u00e8gne de Louis XIV, il dessine et cr\u00e9e le jardin du ch\u00e2teau de Vaux-le-Vicomte en s\u2019inspirant initialement des jardins italiens. En effet, ceux-ci recherchaient d\u00e9j\u00e0 la rigueur et la pr\u00e9cision. Le N\u00f4tre a donc souhait\u00e9 approfondir le concept en jouant sur l\u2019ordre, la perspective et la sym\u00e9trie des plantes ainsi que des formes. Il a donc int\u00e9gr\u00e9 \u00e0 ses jardins de nombreuses figures g\u00e9om\u00e9triques et de surfaces d\u2019eau au sein de la v\u00e9g\u00e9tation.&nbsp;<\/p>\n\n\n\n<p>Il a par la suite imagin\u00e9 les jardins du somptueux ch\u00e2teau de Versailles, de Chantilly ou encore de Saint-Germain.<br><br>Ce style de jardin s\u00e9duit ensuite l\u2019ensemble des cours royales d\u2019Europe et est tr\u00e8s souvent imit\u00e9. N\u00e9anmoins, au moment de la r\u00e9volution de 1789, ce style de jardin tombe dans les oubliettes. Les jardiniers Henri et Achille Duch\u00eane d\u00e9cident donc de le remettre au go\u00fbt du jour \u00e0 la fin du 19<sup>e<\/sup> si\u00e8cle. Le p\u00e8re et le fils, admirateurs du travail d\u2019Andr\u00e9 Le N\u00f4tre, recr\u00e9ent ce style dans de nombreux jardins.<strong>&nbsp;<\/strong><\/p>\n\n\n\n<p>Ce n\u2019est qu\u2019\u00e0 la fin du XIX<sup>\u00e8me<\/sup> si\u00e8cle que le terme \u00ab&nbsp;\u00e0 la fran\u00e7aise&nbsp;\u00bb est r\u00e9ellement employ\u00e9. Il permet de diff\u00e9rencier cet art tr\u00e8s fran\u00e7ais des jardins anglais. Au XVIII \u00e8me si\u00e8cle, on &nbsp;appelle ce type de jardin plus simplement \u00ab&nbsp;jardins fran\u00e7ais&nbsp;\u00bb.<\/p>\n\n\n\n<p>C\u2019est donc gr\u00e2ce \u00e0 ce long cheminement que le jardin \u00e0 la fran\u00e7aise est aussi pr\u00e9sent dans de nombreux ch\u00e2teaux. Il constituera ind\u00e9finiment une r\u00e9f\u00e9rence en termes d\u2019ordre, d\u2019\u00e9l\u00e9gance et de prestige.&nbsp;<\/p>\n\n\n\n<h2 class=\"wp-block-heading\"><strong>Zoom sur les jardins \u00e0 la fran\u00e7aise les plus connus<\/strong><\/h2>\n\n\n\n<p>Il est agr\u00e9able de se promener dans un joli jardin \u00e0 la fran\u00e7aise et de d\u00e9couvrir tous ses recoins. Pour le plus grand plaisir de vos yeux, on vous a recens\u00e9 ici la liste des jardins \u00e0 la fran\u00e7aise les plus connus en France. Tous plus somptueux les uns que les autres, on vous conseille d\u2019aller les visiter, vous ne serez pas d\u00e9\u00e7us&nbsp;!<strong>&nbsp;<\/strong><\/p>\n\n\n\n<ul class=\"wp-block-list\"><li><strong>Versailles&nbsp;: <\/strong>Inutile de le pr\u00e9senter, le fameux ch\u00e2teau du roi Soleil poss\u00e8de le jardin \u00e0 la Fran\u00e7aise le plus connu&nbsp;! Aussi rayonnant \u00e0 l\u2019int\u00e9rieur qu\u2019\u00e0 l\u2019ext\u00e9rieur, Versailles est une v\u00e9ritable \u0153uvre d\u2019art qui vous \u00e9blouira par sa beaut\u00e9.<strong>&nbsp;<\/strong><\/li><li><strong>Vaux-Le-Vicomte&nbsp;: <\/strong>Situ\u00e9 en Seine-et-Marne, on consid\u00e8re que ce ch\u00e2teau a inspir\u00e9 la construction de Versailles. C\u2019est d\u2019ailleurs \u00e0 Vaux-le-Vicomte qu\u2019Andr\u00e9 Le N\u00f4tre cr\u00e9e le premier jardin \u00e0 la fran\u00e7aise.<strong>&nbsp;<\/strong><\/li><li><strong>Chambord&nbsp;: <\/strong>C\u2019est dans la r\u00e9gion du Centre-Val de Loire que vous pourrez d\u00e9couvrir ce joli ch\u00e2teau. Son jardin \u00e0 la Fran\u00e7aise a \u00e9t\u00e9 cr\u00e9\u00e9 au 18<sup>e<\/sup> si\u00e8cle. Malheureusement, il est r\u00e9duit \u00e0 l\u2019\u00e9tat de simple parterre gazonn\u00e9 en 1970. En 2016, la France d\u00e9cide donc de rendre au ch\u00e2teau de Chambord ce qui lui appartient&nbsp;: un jardin majestueux. S\u2019en suit donc 5mois de travail pour lui restituer son somptueux jardin initial.<strong>&nbsp;&nbsp;<\/strong><\/li><\/ul>\n\n\n\n<ul class=\"wp-block-list\"><li><strong>Villandry&nbsp;: <\/strong>Ce ch\u00e2teau situ\u00e9 en Indre-et-Loire n\u2019est pas le plus connu de tous, mais il n\u2019en est pas moins somptueux. Du potager en passant par le jardin d\u2019eau, tout n\u2019y est que raffinement et enchantement.&nbsp;<\/li><li><strong>Hautefort&nbsp;: <\/strong>Ce ch\u00e2teau P\u00e9rigourdin<strong> <\/strong>est construit sur un \u00e9peron rocheux qui domine le village de Hautefort. Il est agr\u00e9able de se balader dans son jardin harmonieux et de d\u00e9couvrir ses fleurs aux couleurs diff\u00e9rentes.<strong>&nbsp;<\/strong><\/li><li><strong>Chantilly&nbsp;: <\/strong>Situ\u00e9 dans l\u2019Oise, le ch\u00e2teau de Chantilly poss\u00e8de un grand jardin. Contrairement \u00e0 la grande majorit\u00e9 des jardins \u00e0 la fran\u00e7aise, l&rsquo;axe principal ne passe pas par le ch\u00e2teau, ce qui lui offre une grande originalit\u00e9.&nbsp;<\/li><li><strong>Jardin des Tuileries&nbsp;: <\/strong>Si vous visitez Paris, vous tomberez in\u00e9vitablement sur le jardin des tuileries, situ\u00e9 \u00e0 c\u00f4t\u00e9 du mus\u00e9e du Louvre. Il est d\u2019ailleurs aujourd\u2019hui consid\u00e9r\u00e9 comme le plus important et le plus ancien jardin \u00e0 la fran\u00e7aise de la capitale.<strong>&nbsp;&nbsp;<\/strong><\/li><\/ul>\n\n\n\n<p>Prestigieux, le jardin \u00e0 la fran\u00e7aise n\u2019a cess\u00e9 de conqu\u00e9rir les jardins des domaines les plus \u00e9l\u00e9gants \u00e0 travers les si\u00e8cles. N\u00e9anmoins, si vous souhaitez cr\u00e9er votre propre jardin \u00e0 la fran\u00e7aise chez vous, sachez que c\u2019est possible&nbsp;! Pensez \u00e0 utiliser une v\u00e9g\u00e9tation toujours tr\u00e8s verte autour d\u2019arbres, d\u2019arbustes et de plantes \u00e0 vis\u00e9e d\u00e9corative. Accompagnez vos v\u00e9g\u00e9taux de jolies fleurs color\u00e9es et respectez les caract\u00e9ristiques du jardin \u00e0 la fran\u00e7aise. Cr\u00e9ez un ensemble harmonieux et le tour sera jou\u00e9&nbsp;!<br>N\u00e9anmoins, si vous voulez vous lancer dans l\u2019\u00e9laboration d\u2019un jardin \u00e0 la fran\u00e7aise, soyez conscient qu\u2019il vous demandera beaucoup d\u2019entretien.&nbsp;&nbsp;<\/p>\n\n\n\n<div class=\"wp-block-group has-white-color has-text-color has-background\" style=\"background-color:#f2f2f2\"><div class=\"wp-block-group__inner-container is-layout-flow wp-block-group-is-layout-flow\">\n<h2 class=\"alignfull has-text-align-center has-black-color has-text-color wp-block-heading\" style=\"font-size:30px;font-style:normal;font-weight:400\">La s\u00e9lection de sweeek<\/h2>\n\n\n\n<div style=\"height:21px\" aria-hidden=\"true\" class=\"wp-block-spacer\"><\/div>\n\n\n\n<div class=\"wp-block-columns is-layout-flex wp-container-core-columns-is-layout-9d6595d7 wp-block-columns-is-layout-flex\">\n<div class=\"wp-block-column is-layout-flow wp-block-column-is-layout-flow\" style=\"flex-basis:100%\">\n<div class=\"wp-block-columns is-layout-flex wp-container-core-columns-is-layout-9d6595d7 wp-block-columns-is-layout-flex\">\n<div class=\"wp-block-column is-layout-flow wp-block-column-is-layout-flow\" style=\"flex-basis:100%\">\n<div class=\"wp-block-columns is-layout-flex wp-container-core-columns-is-layout-9d6595d7 wp-block-columns-is-layout-flex\">\n<div class=\"wp-block-column is-layout-flow wp-block-column-is-layout-flow\"><div class=\"wp-block-image\">\n<figure class=\"aligncenter size-large\"><a href=\"https:\/\/www.sweeek.fr\/product\/potager-en-bois-sur-pieds-et-serre-en-polycarbonate-amovible-erable-2-en-1-avec-etagere-et-geotextile-80-x-60-x-109-cm\" target=\"_blank\" rel=\"noreferrer noopener\"><img decoding=\"async\" src=\"https:\/\/www.sweeek.fr\/blog\/wp-content\/uploads\/2022\/06\/Nouveau-projet-2022-06-01T114733.815.jpg\" alt=\"Potager en bois sur pieds avec mini serre\"\/><\/a><\/figure>\n<\/div>\n\n\n<h3 class=\"has-text-align-center has-black-color has-text-color wp-block-heading\" style=\"font-style:normal;font-weight:400\">Potager en bois sur pieds avec mini serre<\/h3>\n\n\n\n<div style=\"height:15px\" aria-hidden=\"true\" class=\"wp-block-spacer\"><\/div>\n<\/div>\n\n\n\n<div class=\"wp-block-column is-layout-flow wp-block-column-is-layout-flow\"><div class=\"wp-block-image\">\n<figure class=\"aligncenter size-large\"><a href=\"https:\/\/www.sweeek.fr\/product\/table-jardinage-petunia-2-tiroirs-etabli-exterieur-bois\" target=\"_blank\" rel=\"noopener\"><img decoding=\"async\" src=\"https:\/\/sweeek.twic.pics\/products\/6647\/original\/wwkbenchnat-25d74b2d941e42f87437f8d596b21587.jpg?twic=v1\/resize=1800x1800\/resize=1500\/quality=70\" alt=\"Table de rempotage avec 2 tiroirs\n\"\/><\/a><\/figure>\n<\/div>\n\n\n<h3 class=\"has-text-align-center wp-block-heading\" style=\"font-style:normal;font-weight:400\">Table de rempotage avec 2 tiroirs<\/h3>\n\n\n\n<div style=\"height:15px\" aria-hidden=\"true\" class=\"wp-block-spacer\"><\/div>\n<\/div>\n\n\n\n<div class=\"wp-block-column is-layout-flow wp-block-column-is-layout-flow\">\n<div style=\"height:15px\" aria-hidden=\"true\" class=\"wp-block-spacer\"><\/div>\n<\/div>\n<\/div>\n<\/div>\n<\/div>\n<\/div>\n<\/div>\n<\/div><\/div>\n","protected":false},"excerpt":{"rendered":"<p>Pour donner des allures de ch\u00e2teau \u00e0 votre ext\u00e9rieur, rien de mieux que le style de jardin \u00e0 la fran\u00e7aise. Cr\u00e9\u00e9 au XVIIe si\u00e8cle par le jardinier de Louis XIV, Andr\u00e9 Le N\u00f4tre, cet agencement est graphique et tr\u00e8s raffin\u00e9. \u00c0 l\u2019inverse des jardins \u00e0 l\u2019anglaise, on y retrouve beaucoup de formes sym\u00e9triques et d\u2019effets [&hellip;]<\/p>\n","protected":false},"author":4,"featured_media":10569,"comment_status":"open","ping_status":"closed","sticky":false,"template":"","format":"standard","meta":{"inline_featured_image":false,"_uag_custom_page_level_css":"","ocean_post_layout":"","ocean_both_sidebars_style":"","ocean_both_sidebars_content_width":0,"ocean_both_sidebars_sidebars_width":0,"ocean_sidebar":"0","ocean_second_sidebar":"0","ocean_disable_margins":"enable","ocean_add_body_class":"","ocean_shortcode_before_top_bar":"","ocean_shortcode_after_top_bar":"","ocean_shortcode_before_header":"","ocean_shortcode_after_header":"","ocean_has_shortcode":"","ocean_shortcode_after_title":"","ocean_shortcode_before_footer_widgets":"","ocean_shortcode_after_footer_widgets":"","ocean_shortcode_before_footer_bottom":"","ocean_shortcode_after_footer_bottom":"","ocean_display_top_bar":"default","ocean_display_header":"default","ocean_header_style":"","ocean_center_header_left_menu":"0","ocean_custom_header_template":"0","ocean_custom_logo":0,"ocean_custom_retina_logo":0,"ocean_custom_logo_max_width":0,"ocean_custom_logo_tablet_max_width":0,"ocean_custom_logo_mobile_max_width":0,"ocean_custom_logo_max_height":0,"ocean_custom_logo_tablet_max_height":0,"ocean_custom_logo_mobile_max_height":0,"ocean_header_custom_menu":"0","ocean_menu_typo_font_family":"0","ocean_menu_typo_font_subset":"","ocean_menu_typo_font_size":0,"ocean_menu_typo_font_size_tablet":0,"ocean_menu_typo_font_size_mobile":0,"ocean_menu_typo_font_size_unit":"px","ocean_menu_typo_font_weight":"","ocean_menu_typo_font_weight_tablet":"","ocean_menu_typo_font_weight_mobile":"","ocean_menu_typo_transform":"","ocean_menu_typo_transform_tablet":"","ocean_menu_typo_transform_mobile":"","ocean_menu_typo_line_height":0,"ocean_menu_typo_line_height_tablet":0,"ocean_menu_typo_line_height_mobile":0,"ocean_menu_typo_line_height_unit":"","ocean_menu_typo_spacing":0,"ocean_menu_typo_spacing_tablet":0,"ocean_menu_typo_spacing_mobile":0,"ocean_menu_typo_spacing_unit":"","ocean_menu_link_color":"","ocean_menu_link_color_hover":"","ocean_menu_link_color_active":"","ocean_menu_link_background":"","ocean_menu_link_hover_background":"","ocean_menu_link_active_background":"","ocean_menu_social_links_bg":"","ocean_menu_social_hover_links_bg":"","ocean_menu_social_links_color":"","ocean_menu_social_hover_links_color":"","ocean_disable_title":"default","ocean_disable_heading":"default","ocean_post_title":"","ocean_post_subheading":"","ocean_post_title_style":"","ocean_post_title_background_color":"","ocean_post_title_background":0,"ocean_post_title_bg_image_position":"","ocean_post_title_bg_image_attachment":"","ocean_post_title_bg_image_repeat":"","ocean_post_title_bg_image_size":"","ocean_post_title_height":0,"ocean_post_title_bg_overlay":0.5,"ocean_post_title_bg_overlay_color":"","ocean_disable_breadcrumbs":"default","ocean_breadcrumbs_color":"","ocean_breadcrumbs_separator_color":"","ocean_breadcrumbs_links_color":"","ocean_breadcrumbs_links_hover_color":"","ocean_display_footer_widgets":"default","ocean_display_footer_bottom":"default","ocean_custom_footer_template":"0","ocean_post_oembed":"","ocean_post_self_hosted_media":"","ocean_post_video_embed":"","ocean_link_format":"","ocean_link_format_target":"self","ocean_quote_format":"","ocean_quote_format_link":"post","ocean_gallery_link_images":"off","ocean_gallery_id":[],"footnotes":""},"categories":[384],"tags":[],"class_list":["post-9026","post","type-post","status-publish","format-standard","has-post-thumbnail","hentry","category-jardin","entry","has-media"],"yoast_head":"<!-- This site is optimized with the Yoast SEO plugin v27.5 - https:\/\/yoast.com\/product\/yoast-seo-wordpress\/ -->\n<title>Tout savoir sur le jardin \u00e0 la fran\u00e7aise &#8211; Les Conseils sweeek<\/title>\n<meta name=\"description\" content=\"sweeek vous propose de r\u00e9aliser votre r\u00eave d&#039;enfance en am\u00e9nageant votre jardin comme les plus grands rois !\" \/>\n<meta name=\"robots\" content=\"index, follow, max-snippet:-1, max-image-preview:large, max-video-preview:-1\" \/>\n<link rel=\"canonical\" href=\"https:\/\/www.sweeek.fr\/blog\/tout-savoir-sur-le-jardin-a-la-francaise\/\" \/>\n<meta property=\"og:locale\" content=\"fr_FR\" \/>\n<meta property=\"og:type\" content=\"article\" \/>\n<meta property=\"og:title\" content=\"Tout savoir sur le jardin \u00e0 la fran\u00e7aise &#8211; Les Conseils sweeek\" \/>\n<meta property=\"og:description\" content=\"sweeek vous propose de r\u00e9aliser votre r\u00eave d&#039;enfance en am\u00e9nageant votre jardin comme les plus grands rois !\" \/>\n<meta property=\"og:url\" content=\"https:\/\/www.sweeek.fr\/blog\/tout-savoir-sur-le-jardin-a-la-francaise\/\" \/>\n<meta property=\"og:site_name\" content=\"Les Conseils sweeek\" \/>\n<meta property=\"article:published_time\" content=\"2022-05-05T15:12:00+00:00\" \/>\n<meta property=\"article:modified_time\" content=\"2026-01-14T15:11:36+00:00\" \/>\n<meta property=\"og:image\" content=\"https:\/\/www.sweeek.fr\/blog\/wp-content\/uploads\/2022\/06\/Sans-titre-2022-06-13T152633.616.png\" \/>\n\t<meta property=\"og:image:width\" content=\"1024\" \/>\n\t<meta property=\"og:image:height\" content=\"682\" \/>\n\t<meta property=\"og:image:type\" content=\"image\/png\" \/>\n<meta name=\"author\" content=\"Am\u00e9lie Capon\" \/>\n<meta name=\"twitter:card\" content=\"summary_large_image\" \/>\n<meta name=\"twitter:label1\" content=\"\u00c9crit par\" \/>\n\t<meta name=\"twitter:data1\" content=\"Am\u00e9lie Capon\" \/>\n\t<meta name=\"twitter:label2\" content=\"Dur\u00e9e de lecture estim\u00e9e\" \/>\n\t<meta name=\"twitter:data2\" content=\"9 minutes\" \/>\n<script type=\"application\/ld+json\" class=\"yoast-schema-graph\">{\"@context\":\"https:\\\/\\\/schema.org\",\"@graph\":[{\"@type\":\"Article\",\"@id\":\"https:\\\/\\\/www.sweeek.fr\\\/blog\\\/tout-savoir-sur-le-jardin-a-la-francaise\\\/#article\",\"isPartOf\":{\"@id\":\"https:\\\/\\\/www.sweeek.fr\\\/blog\\\/tout-savoir-sur-le-jardin-a-la-francaise\\\/\"},\"author\":{\"name\":\"Am\u00e9lie Capon\",\"@id\":\"https:\\\/\\\/www.sweeek.fr\\\/blog\\\/#\\\/schema\\\/person\\\/e97ba3e4a84bda73fe86070619e7640b\"},\"headline\":\"Tout savoir sur le jardin \u00e0 la fran\u00e7aise\",\"datePublished\":\"2022-05-05T15:12:00+00:00\",\"dateModified\":\"2026-01-14T15:11:36+00:00\",\"mainEntityOfPage\":{\"@id\":\"https:\\\/\\\/www.sweeek.fr\\\/blog\\\/tout-savoir-sur-le-jardin-a-la-francaise\\\/\"},\"wordCount\":1631,\"commentCount\":0,\"publisher\":{\"@id\":\"https:\\\/\\\/www.sweeek.fr\\\/blog\\\/#organization\"},\"image\":{\"@id\":\"https:\\\/\\\/www.sweeek.fr\\\/blog\\\/tout-savoir-sur-le-jardin-a-la-francaise\\\/#primaryimage\"},\"thumbnailUrl\":\"https:\\\/\\\/www.sweeek.fr\\\/blog\\\/wp-content\\\/uploads\\\/2022\\\/06\\\/Sans-titre-2022-06-13T152633.616.png\",\"articleSection\":[\"Jardin\"],\"inLanguage\":\"fr-FR\",\"potentialAction\":[{\"@type\":\"CommentAction\",\"name\":\"Comment\",\"target\":[\"https:\\\/\\\/www.sweeek.fr\\\/blog\\\/tout-savoir-sur-le-jardin-a-la-francaise\\\/#respond\"]}]},{\"@type\":\"WebPage\",\"@id\":\"https:\\\/\\\/www.sweeek.fr\\\/blog\\\/tout-savoir-sur-le-jardin-a-la-francaise\\\/\",\"url\":\"https:\\\/\\\/www.sweeek.fr\\\/blog\\\/tout-savoir-sur-le-jardin-a-la-francaise\\\/\",\"name\":\"Tout savoir sur le jardin \u00e0 la fran\u00e7aise &#8211; Les Conseils sweeek\",\"isPartOf\":{\"@id\":\"https:\\\/\\\/www.sweeek.fr\\\/blog\\\/#website\"},\"primaryImageOfPage\":{\"@id\":\"https:\\\/\\\/www.sweeek.fr\\\/blog\\\/tout-savoir-sur-le-jardin-a-la-francaise\\\/#primaryimage\"},\"image\":{\"@id\":\"https:\\\/\\\/www.sweeek.fr\\\/blog\\\/tout-savoir-sur-le-jardin-a-la-francaise\\\/#primaryimage\"},\"thumbnailUrl\":\"https:\\\/\\\/www.sweeek.fr\\\/blog\\\/wp-content\\\/uploads\\\/2022\\\/06\\\/Sans-titre-2022-06-13T152633.616.png\",\"datePublished\":\"2022-05-05T15:12:00+00:00\",\"dateModified\":\"2026-01-14T15:11:36+00:00\",\"description\":\"sweeek vous propose de r\u00e9aliser votre r\u00eave d'enfance en am\u00e9nageant votre jardin comme les plus grands rois !\",\"breadcrumb\":{\"@id\":\"https:\\\/\\\/www.sweeek.fr\\\/blog\\\/tout-savoir-sur-le-jardin-a-la-francaise\\\/#breadcrumb\"},\"inLanguage\":\"fr-FR\",\"potentialAction\":[{\"@type\":\"ReadAction\",\"target\":[\"https:\\\/\\\/www.sweeek.fr\\\/blog\\\/tout-savoir-sur-le-jardin-a-la-francaise\\\/\"]}]},{\"@type\":\"ImageObject\",\"inLanguage\":\"fr-FR\",\"@id\":\"https:\\\/\\\/www.sweeek.fr\\\/blog\\\/tout-savoir-sur-le-jardin-a-la-francaise\\\/#primaryimage\",\"url\":\"https:\\\/\\\/www.sweeek.fr\\\/blog\\\/wp-content\\\/uploads\\\/2022\\\/06\\\/Sans-titre-2022-06-13T152633.616.png\",\"contentUrl\":\"https:\\\/\\\/www.sweeek.fr\\\/blog\\\/wp-content\\\/uploads\\\/2022\\\/06\\\/Sans-titre-2022-06-13T152633.616.png\",\"width\":1024,\"height\":682,\"caption\":\"jardin a la fran\u00e7aise\"},{\"@type\":\"BreadcrumbList\",\"@id\":\"https:\\\/\\\/www.sweeek.fr\\\/blog\\\/tout-savoir-sur-le-jardin-a-la-francaise\\\/#breadcrumb\",\"itemListElement\":[{\"@type\":\"ListItem\",\"position\":1,\"name\":\"Accueil\",\"item\":\"https:\\\/\\\/www.sweeek.fr\\\/blog\\\/\"},{\"@type\":\"ListItem\",\"position\":2,\"name\":\"Tout savoir sur le jardin \u00e0 la fran\u00e7aise\"}]},{\"@type\":\"WebSite\",\"@id\":\"https:\\\/\\\/www.sweeek.fr\\\/blog\\\/#website\",\"url\":\"https:\\\/\\\/www.sweeek.fr\\\/blog\\\/\",\"name\":\"Les Conseils sweeek\",\"description\":\"Conseils et inspirations\",\"publisher\":{\"@id\":\"https:\\\/\\\/www.sweeek.fr\\\/blog\\\/#organization\"},\"potentialAction\":[{\"@type\":\"SearchAction\",\"target\":{\"@type\":\"EntryPoint\",\"urlTemplate\":\"https:\\\/\\\/www.sweeek.fr\\\/blog\\\/?s={search_term_string}\"},\"query-input\":{\"@type\":\"PropertyValueSpecification\",\"valueRequired\":true,\"valueName\":\"search_term_string\"}}],\"inLanguage\":\"fr-FR\"},{\"@type\":\"Organization\",\"@id\":\"https:\\\/\\\/www.sweeek.fr\\\/blog\\\/#organization\",\"name\":\"sweeek\",\"url\":\"https:\\\/\\\/www.sweeek.fr\\\/blog\\\/\",\"logo\":{\"@type\":\"ImageObject\",\"inLanguage\":\"fr-FR\",\"@id\":\"https:\\\/\\\/www.sweeek.fr\\\/blog\\\/#\\\/schema\\\/logo\\\/image\\\/\",\"url\":\"https:\\\/\\\/www.sweeek.fr\\\/blog\\\/wp-content\\\/uploads\\\/2023\\\/10\\\/blog-sweeek-logo2.png\",\"contentUrl\":\"https:\\\/\\\/www.sweeek.fr\\\/blog\\\/wp-content\\\/uploads\\\/2023\\\/10\\\/blog-sweeek-logo2.png\",\"width\":328,\"height\":90,\"caption\":\"sweeek\"},\"image\":{\"@id\":\"https:\\\/\\\/www.sweeek.fr\\\/blog\\\/#\\\/schema\\\/logo\\\/image\\\/\"}},{\"@type\":\"Person\",\"@id\":\"https:\\\/\\\/www.sweeek.fr\\\/blog\\\/#\\\/schema\\\/person\\\/e97ba3e4a84bda73fe86070619e7640b\",\"name\":\"Am\u00e9lie Capon\",\"image\":{\"@type\":\"ImageObject\",\"inLanguage\":\"fr-FR\",\"@id\":\"https:\\\/\\\/secure.gravatar.com\\\/avatar\\\/042e4b25b2641d47117ebfaf786a00f66fd827d54a130982af74eb1f062ce832?s=96&d=mm&r=g\",\"url\":\"https:\\\/\\\/secure.gravatar.com\\\/avatar\\\/042e4b25b2641d47117ebfaf786a00f66fd827d54a130982af74eb1f062ce832?s=96&d=mm&r=g\",\"contentUrl\":\"https:\\\/\\\/secure.gravatar.com\\\/avatar\\\/042e4b25b2641d47117ebfaf786a00f66fd827d54a130982af74eb1f062ce832?s=96&d=mm&r=g\",\"caption\":\"Am\u00e9lie Capon\"}}]}<\/script>\n<!-- \/ Yoast SEO plugin. -->","yoast_head_json":{"title":"Tout savoir sur le jardin \u00e0 la fran\u00e7aise &#8211; Les Conseils sweeek","description":"sweeek vous propose de r\u00e9aliser votre r\u00eave d'enfance en am\u00e9nageant votre jardin comme les plus grands rois !","robots":{"index":"index","follow":"follow","max-snippet":"max-snippet:-1","max-image-preview":"max-image-preview:large","max-video-preview":"max-video-preview:-1"},"canonical":"https:\/\/www.sweeek.fr\/blog\/tout-savoir-sur-le-jardin-a-la-francaise\/","og_locale":"fr_FR","og_type":"article","og_title":"Tout savoir sur le jardin \u00e0 la fran\u00e7aise &#8211; Les Conseils sweeek","og_description":"sweeek vous propose de r\u00e9aliser votre r\u00eave d'enfance en am\u00e9nageant votre jardin comme les plus grands rois !","og_url":"https:\/\/www.sweeek.fr\/blog\/tout-savoir-sur-le-jardin-a-la-francaise\/","og_site_name":"Les Conseils sweeek","article_published_time":"2022-05-05T15:12:00+00:00","article_modified_time":"2026-01-14T15:11:36+00:00","og_image":[{"width":1024,"height":682,"url":"https:\/\/www.sweeek.fr\/blog\/wp-content\/uploads\/2022\/06\/Sans-titre-2022-06-13T152633.616.png","type":"image\/png"}],"author":"Am\u00e9lie Capon","twitter_card":"summary_large_image","twitter_misc":{"\u00c9crit par":"Am\u00e9lie Capon","Dur\u00e9e de lecture estim\u00e9e":"9 minutes"},"schema":{"@context":"https:\/\/schema.org","@graph":[{"@type":"Article","@id":"https:\/\/www.sweeek.fr\/blog\/tout-savoir-sur-le-jardin-a-la-francaise\/#article","isPartOf":{"@id":"https:\/\/www.sweeek.fr\/blog\/tout-savoir-sur-le-jardin-a-la-francaise\/"},"author":{"name":"Am\u00e9lie Capon","@id":"https:\/\/www.sweeek.fr\/blog\/#\/schema\/person\/e97ba3e4a84bda73fe86070619e7640b"},"headline":"Tout savoir sur le jardin \u00e0 la fran\u00e7aise","datePublished":"2022-05-05T15:12:00+00:00","dateModified":"2026-01-14T15:11:36+00:00","mainEntityOfPage":{"@id":"https:\/\/www.sweeek.fr\/blog\/tout-savoir-sur-le-jardin-a-la-francaise\/"},"wordCount":1631,"commentCount":0,"publisher":{"@id":"https:\/\/www.sweeek.fr\/blog\/#organization"},"image":{"@id":"https:\/\/www.sweeek.fr\/blog\/tout-savoir-sur-le-jardin-a-la-francaise\/#primaryimage"},"thumbnailUrl":"https:\/\/www.sweeek.fr\/blog\/wp-content\/uploads\/2022\/06\/Sans-titre-2022-06-13T152633.616.png","articleSection":["Jardin"],"inLanguage":"fr-FR","potentialAction":[{"@type":"CommentAction","name":"Comment","target":["https:\/\/www.sweeek.fr\/blog\/tout-savoir-sur-le-jardin-a-la-francaise\/#respond"]}]},{"@type":"WebPage","@id":"https:\/\/www.sweeek.fr\/blog\/tout-savoir-sur-le-jardin-a-la-francaise\/","url":"https:\/\/www.sweeek.fr\/blog\/tout-savoir-sur-le-jardin-a-la-francaise\/","name":"Tout savoir sur le jardin \u00e0 la fran\u00e7aise &#8211; Les Conseils sweeek","isPartOf":{"@id":"https:\/\/www.sweeek.fr\/blog\/#website"},"primaryImageOfPage":{"@id":"https:\/\/www.sweeek.fr\/blog\/tout-savoir-sur-le-jardin-a-la-francaise\/#primaryimage"},"image":{"@id":"https:\/\/www.sweeek.fr\/blog\/tout-savoir-sur-le-jardin-a-la-francaise\/#primaryimage"},"thumbnailUrl":"https:\/\/www.sweeek.fr\/blog\/wp-content\/uploads\/2022\/06\/Sans-titre-2022-06-13T152633.616.png","datePublished":"2022-05-05T15:12:00+00:00","dateModified":"2026-01-14T15:11:36+00:00","description":"sweeek vous propose de r\u00e9aliser votre r\u00eave d'enfance en am\u00e9nageant votre jardin comme les plus grands rois !","breadcrumb":{"@id":"https:\/\/www.sweeek.fr\/blog\/tout-savoir-sur-le-jardin-a-la-francaise\/#breadcrumb"},"inLanguage":"fr-FR","potentialAction":[{"@type":"ReadAction","target":["https:\/\/www.sweeek.fr\/blog\/tout-savoir-sur-le-jardin-a-la-francaise\/"]}]},{"@type":"ImageObject","inLanguage":"fr-FR","@id":"https:\/\/www.sweeek.fr\/blog\/tout-savoir-sur-le-jardin-a-la-francaise\/#primaryimage","url":"https:\/\/www.sweeek.fr\/blog\/wp-content\/uploads\/2022\/06\/Sans-titre-2022-06-13T152633.616.png","contentUrl":"https:\/\/www.sweeek.fr\/blog\/wp-content\/uploads\/2022\/06\/Sans-titre-2022-06-13T152633.616.png","width":1024,"height":682,"caption":"jardin a la fran\u00e7aise"},{"@type":"BreadcrumbList","@id":"https:\/\/www.sweeek.fr\/blog\/tout-savoir-sur-le-jardin-a-la-francaise\/#breadcrumb","itemListElement":[{"@type":"ListItem","position":1,"name":"Accueil","item":"https:\/\/www.sweeek.fr\/blog\/"},{"@type":"ListItem","position":2,"name":"Tout savoir sur le jardin \u00e0 la fran\u00e7aise"}]},{"@type":"WebSite","@id":"https:\/\/www.sweeek.fr\/blog\/#website","url":"https:\/\/www.sweeek.fr\/blog\/","name":"Les Conseils sweeek","description":"Conseils et inspirations","publisher":{"@id":"https:\/\/www.sweeek.fr\/blog\/#organization"},"potentialAction":[{"@type":"SearchAction","target":{"@type":"EntryPoint","urlTemplate":"https:\/\/www.sweeek.fr\/blog\/?s={search_term_string}"},"query-input":{"@type":"PropertyValueSpecification","valueRequired":true,"valueName":"search_term_string"}}],"inLanguage":"fr-FR"},{"@type":"Organization","@id":"https:\/\/www.sweeek.fr\/blog\/#organization","name":"sweeek","url":"https:\/\/www.sweeek.fr\/blog\/","logo":{"@type":"ImageObject","inLanguage":"fr-FR","@id":"https:\/\/www.sweeek.fr\/blog\/#\/schema\/logo\/image\/","url":"https:\/\/www.sweeek.fr\/blog\/wp-content\/uploads\/2023\/10\/blog-sweeek-logo2.png","contentUrl":"https:\/\/www.sweeek.fr\/blog\/wp-content\/uploads\/2023\/10\/blog-sweeek-logo2.png","width":328,"height":90,"caption":"sweeek"},"image":{"@id":"https:\/\/www.sweeek.fr\/blog\/#\/schema\/logo\/image\/"}},{"@type":"Person","@id":"https:\/\/www.sweeek.fr\/blog\/#\/schema\/person\/e97ba3e4a84bda73fe86070619e7640b","name":"Am\u00e9lie Capon","image":{"@type":"ImageObject","inLanguage":"fr-FR","@id":"https:\/\/secure.gravatar.com\/avatar\/042e4b25b2641d47117ebfaf786a00f66fd827d54a130982af74eb1f062ce832?s=96&d=mm&r=g","url":"https:\/\/secure.gravatar.com\/avatar\/042e4b25b2641d47117ebfaf786a00f66fd827d54a130982af74eb1f062ce832?s=96&d=mm&r=g","contentUrl":"https:\/\/secure.gravatar.com\/avatar\/042e4b25b2641d47117ebfaf786a00f66fd827d54a130982af74eb1f062ce832?s=96&d=mm&r=g","caption":"Am\u00e9lie Capon"}}]}},"uagb_featured_image_src":{"full":["https:\/\/www.sweeek.fr\/blog\/wp-content\/uploads\/2022\/06\/Sans-titre-2022-06-13T152633.616.png",1024,682,false],"thumbnail":["https:\/\/www.sweeek.fr\/blog\/wp-content\/uploads\/2022\/06\/Sans-titre-2022-06-13T152633.616-150x150.png",150,150,true],"medium":["https:\/\/www.sweeek.fr\/blog\/wp-content\/uploads\/2022\/06\/Sans-titre-2022-06-13T152633.616-300x200.png",300,200,true],"medium_large":["https:\/\/www.sweeek.fr\/blog\/wp-content\/uploads\/2022\/06\/Sans-titre-2022-06-13T152633.616-768x512.png",768,512,true],"large":["https:\/\/www.sweeek.fr\/blog\/wp-content\/uploads\/2022\/06\/Sans-titre-2022-06-13T152633.616.png",1024,682,false],"1536x1536":["https:\/\/www.sweeek.fr\/blog\/wp-content\/uploads\/2022\/06\/Sans-titre-2022-06-13T152633.616.png",1024,682,false],"2048x2048":["https:\/\/www.sweeek.fr\/blog\/wp-content\/uploads\/2022\/06\/Sans-titre-2022-06-13T152633.616.png",1024,682,false],"ocean-thumb-m":["https:\/\/www.sweeek.fr\/blog\/wp-content\/uploads\/2022\/06\/Sans-titre-2022-06-13T152633.616-600x600.png",600,600,true],"ocean-thumb-ml":["https:\/\/www.sweeek.fr\/blog\/wp-content\/uploads\/2022\/06\/Sans-titre-2022-06-13T152633.616-800x450.png",800,450,true],"ocean-thumb-l":["https:\/\/www.sweeek.fr\/blog\/wp-content\/uploads\/2022\/06\/Sans-titre-2022-06-13T152633.616.png",1024,682,false]},"uagb_author_info":{"display_name":"Am\u00e9lie Capon","author_link":"https:\/\/www.sweeek.fr\/blog"},"uagb_comment_info":0,"uagb_excerpt":"Pour donner des allures de ch\u00e2teau \u00e0 votre ext\u00e9rieur, rien de mieux que le style de jardin \u00e0 la fran\u00e7aise. Cr\u00e9\u00e9 au XVIIe si\u00e8cle par le jardinier de Louis XIV, Andr\u00e9 Le N\u00f4tre, cet agencement est graphique et tr\u00e8s raffin\u00e9. \u00c0 l\u2019inverse des jardins \u00e0 l\u2019anglaise, on y retrouve beaucoup de formes sym\u00e9triques et d\u2019effets\u2026","_links":{"self":[{"href":"https:\/\/www.sweeek.fr\/blog\/wp-json\/wp\/v2\/posts\/9026","targetHints":{"allow":["GET"]}}],"collection":[{"href":"https:\/\/www.sweeek.fr\/blog\/wp-json\/wp\/v2\/posts"}],"about":[{"href":"https:\/\/www.sweeek.fr\/blog\/wp-json\/wp\/v2\/types\/post"}],"author":[{"embeddable":true,"href":"https:\/\/www.sweeek.fr\/blog\/wp-json\/wp\/v2\/users\/4"}],"replies":[{"embeddable":true,"href":"https:\/\/www.sweeek.fr\/blog\/wp-json\/wp\/v2\/comments?post=9026"}],"version-history":[{"count":9,"href":"https:\/\/www.sweeek.fr\/blog\/wp-json\/wp\/v2\/posts\/9026\/revisions"}],"predecessor-version":[{"id":20023,"href":"https:\/\/www.sweeek.fr\/blog\/wp-json\/wp\/v2\/posts\/9026\/revisions\/20023"}],"wp:featuredmedia":[{"embeddable":true,"href":"https:\/\/www.sweeek.fr\/blog\/wp-json\/wp\/v2\/media\/10569"}],"wp:attachment":[{"href":"https:\/\/www.sweeek.fr\/blog\/wp-json\/wp\/v2\/media?parent=9026"}],"wp:term":[{"taxonomy":"category","embeddable":true,"href":"https:\/\/www.sweeek.fr\/blog\/wp-json\/wp\/v2\/categories?post=9026"},{"taxonomy":"post_tag","embeddable":true,"href":"https:\/\/www.sweeek.fr\/blog\/wp-json\/wp\/v2\/tags?post=9026"}],"curies":[{"name":"wp","href":"https:\/\/api.w.org\/{rel}","templated":true}]}}