{"id":8910,"date":"2022-05-17T10:13:42","date_gmt":"2022-05-17T08:13:42","guid":{"rendered":"https:\/\/www.sweeek.fr\/blog\/?p=8910"},"modified":"2024-07-24T17:59:50","modified_gmt":"2024-07-24T15:59:50","slug":"le-saviez-vous-le-bois-un-materiau-naturel","status":"publish","type":"post","link":"https:\/\/www.sweeek.fr\/blog\/le-saviez-vous-le-bois-un-materiau-naturel\/","title":{"rendered":"Le saviez-vous ? Le bois, un mat\u00e9riau naturel"},"content":{"rendered":"\n<div style=\"height:41px\" aria-hidden=\"true\" class=\"wp-block-spacer\"><\/div>\n\n\n\n<p>Vous avez remarqu\u00e9 des fissures, des nuances de teintes sur votre table ext\u00e9rieure en bois, sur votre <a href=\"https:\/\/www.sweeek.fr\/blog\/choisir-salon-jardin-bois\/\">salon de jardin en bois<\/a> ou sur votre aire de jeux ? Pas d&rsquo;inqui\u00e9tude ! Le bois est ce qu&rsquo;on appelle un mat\u00e9riau vivant, il r\u00e9agit en fonction de la m\u00e9t\u00e9o et au fil du temps. Son aspect, sa forme peuvent se modifier sans pour autant qu&rsquo;il ne perde sa qualit\u00e9. Voici quelques exemples<\/p>\n\n\n\n<h2 class=\"wp-block-heading\">Les diff\u00e9rentes r\u00e9actions du bois <\/h2>\n\n\n\n<div style=\"height:41px\" aria-hidden=\"true\" class=\"wp-block-spacer\"><\/div>\n\n\n\n<div class=\"wp-block-media-text alignwide has-media-on-the-right is-stacked-on-mobile\" style=\"grid-template-columns:auto 42%\"><figure class=\"wp-block-media-text__media\"><img fetchpriority=\"high\" decoding=\"async\" width=\"1024\" height=\"683\" src=\"https:\/\/www.sweeek.fr\/blog\/wp-content\/uploads\/2022\/04\/Sans-titre-1-3-1024x683.png\" alt=\"r\u00e9sine bois \" class=\"wp-image-9082 size-full\" srcset=\"https:\/\/www.sweeek.fr\/blog\/wp-content\/uploads\/2022\/04\/Sans-titre-1-3-1024x683.png 1024w, https:\/\/www.sweeek.fr\/blog\/wp-content\/uploads\/2022\/04\/Sans-titre-1-3-300x200.png 300w, https:\/\/www.sweeek.fr\/blog\/wp-content\/uploads\/2022\/04\/Sans-titre-1-3-768x512.png 768w, https:\/\/www.sweeek.fr\/blog\/wp-content\/uploads\/2022\/04\/Sans-titre-1-3-1536x1024.png 1536w, https:\/\/www.sweeek.fr\/blog\/wp-content\/uploads\/2022\/04\/Sans-titre-1-3.png 2048w\" sizes=\"(max-width: 1024px) 100vw, 1024px\" \/><\/figure><div class=\"wp-block-media-text__content\">\n<h3 class=\"has-text-align-center wp-block-heading\">L&rsquo;apparition de r\u00e9sine<\/h3>\n\n\n\n<p class=\"has-text-align-center\">Certains types de bois ont un traitement autoclave alors la r\u00e9sine qui est pr\u00e9sente naturellement dans le bois pourrait sortir de celui-ci. Cette r\u00e9sine n&rsquo;aura aucun impact sur le bois de votre produit d&rsquo;ext\u00e9rieur et il est d&rsquo;ailleurs tr\u00e8s simple de la retirer : vous pouvez la racler ! Mais attention, utilisez un outil qui ne risquera pas d&rsquo;abimer votre mobilier. <\/p>\n<\/div><\/div>\n\n\n\n<div style=\"height:74px\" aria-hidden=\"true\" class=\"wp-block-spacer\"><\/div>\n\n\n\n<div class=\"wp-block-media-text alignwide is-stacked-on-mobile is-vertically-aligned-center\" style=\"grid-template-columns:39% auto\"><figure class=\"wp-block-media-text__media\"><img decoding=\"async\" width=\"600\" height=\"463\" src=\"https:\/\/www.sweeek.fr\/blog\/wp-content\/uploads\/2022\/04\/Sans-titre-6-3.png\" alt=\"moisissures bois \" class=\"wp-image-9074 size-full\" srcset=\"https:\/\/www.sweeek.fr\/blog\/wp-content\/uploads\/2022\/04\/Sans-titre-6-3.png 600w, https:\/\/www.sweeek.fr\/blog\/wp-content\/uploads\/2022\/04\/Sans-titre-6-3-300x232.png 300w\" sizes=\"(max-width: 600px) 100vw, 600px\" \/><\/figure><div class=\"wp-block-media-text__content\">\n<h3 class=\"has-text-align-center wp-block-heading\">L&rsquo;apparition de moisissures<\/h3>\n\n\n\n<p class=\"has-text-align-center\">Le bois peut \u00eatre trait\u00e9 pour r\u00e9sister aux attaques de champignons et au pourrissement. Mais l&rsquo;apparition de petites taches brun\u00e2tres, ressemblant \u00e0 des champignons microscopiques est possible, pas de panique, il vous suffira de brosser \u00e0 l&rsquo;endroit o\u00f9 la moisissure est pr\u00e9sente et vous voil\u00e0 d\u00e9barrass\u00e9 !  <br><br><\/p>\n<\/div><\/div>\n\n\n\n<div style=\"height:100px\" aria-hidden=\"true\" class=\"wp-block-spacer\"><\/div>\n\n\n\n<div class=\"wp-block-columns is-layout-flex wp-container-core-columns-is-layout-9d6595d7 wp-block-columns-is-layout-flex\">\n<div class=\"wp-block-column is-layout-flow wp-block-column-is-layout-flow\">\n<h3 class=\"has-text-align-center wp-block-heading\">Les fissures dans le bois<\/h3>\n\n\n\n<p class=\"has-text-align-center\">Lorsque le temps est sec, le bois va se r\u00e9tracter et des fentes ou fissures vont apparaitre et grandir. Lorsque le temps devient humide, les fentes et fissures vont se refermer. C&rsquo;est un ph\u00e9nom\u00e8ne tout \u00e0 fait normal pour le bois et cela est d\u00fb au changement de temp\u00e9ratures et d&rsquo;humidit\u00e9. Ce changement va amener le bois \u00e0 l&rsquo;expansion ou \u00e0 la r\u00e9tractation. Mais, aucun risque pour votre produit, il ne risque strictement rien ! <br>Cependant, veillez bien \u00e0 ne pas boucher une fissure, le bois pourrait \u00e9clater avec l&rsquo;humidit\u00e9. <\/p>\n\n\n\n<p><\/p>\n<\/div>\n\n\n\n<div class=\"wp-block-column is-layout-flow wp-block-column-is-layout-flow\">\n<figure class=\"wp-block-gallery has-nested-images columns-default is-cropped wp-block-gallery-1 is-layout-flex wp-block-gallery-is-layout-flex\">\n<figure class=\"wp-block-image size-full\"><img decoding=\"async\" width=\"600\" height=\"463\" data-id=\"9067\" src=\"https:\/\/www.sweeek.fr\/blog\/wp-content\/uploads\/2022\/04\/Sans-titre-5-3.png\" alt=\"fissures dans le bois \" class=\"wp-image-9067\" srcset=\"https:\/\/www.sweeek.fr\/blog\/wp-content\/uploads\/2022\/04\/Sans-titre-5-3.png 600w, https:\/\/www.sweeek.fr\/blog\/wp-content\/uploads\/2022\/04\/Sans-titre-5-3-300x232.png 300w\" sizes=\"(max-width: 600px) 100vw, 600px\" \/><\/figure>\n<\/figure>\n<\/div>\n<\/div>\n\n\n\n<div style=\"height:41px\" aria-hidden=\"true\" class=\"wp-block-spacer\"><\/div>\n\n\n\n<div class=\"wp-block-columns is-layout-flex wp-container-core-columns-is-layout-9d6595d7 wp-block-columns-is-layout-flex\">\n<div class=\"wp-block-column is-vertically-aligned-center is-layout-flow wp-block-column-is-layout-flow\" style=\"flex-basis:100%\">\n<div class=\"wp-block-columns is-layout-flex wp-container-core-columns-is-layout-9d6595d7 wp-block-columns-is-layout-flex\">\n<div class=\"wp-block-column is-layout-flow wp-block-column-is-layout-flow\">\n<div class=\"wp-block-columns is-layout-flex wp-container-core-columns-is-layout-9d6595d7 wp-block-columns-is-layout-flex\">\n<div class=\"wp-block-column is-layout-flow wp-block-column-is-layout-flow\">\n<h3 class=\"wp-block-heading\">Des remont\u00e9es de sel<\/h3>\n\n\n\n<p class=\"has-text-align-left\">Avec l&rsquo;impr\u00e9gnation en profondeur du produit autoclave qui permet de traiter le bois, des taches vertes peuvent apparaitre sur vos produits en bois. Un coup de pon\u00e7age et adieu les petites taches vertes ! Votre bois sera comme neuf ! <\/p>\n<\/div>\n\n\n\n<div class=\"wp-block-column is-layout-flow wp-block-column-is-layout-flow\">\n<h3 class=\"wp-block-heading\">Le bois qui devient gris<\/h3>\n\n\n\n<p class=\"has-text-align-left\">Les produits en bois, notamment ceux en ext\u00e9rieur expos\u00e9s aux UV, peuvent voir leur teinte \u00e9voluer vers le gris. C&rsquo;est un ph\u00e9nom\u00e8ne totalement naturel pour le bois. Pour y rem\u00e9dier et garder la couleur naturelle du bois, vous pouvez entretenir le bois chaque ann\u00e9e \u00e0 l&rsquo;aide d&rsquo;un d\u00e9griseur et d&rsquo;un produit de protection adapt\u00e9. <\/p>\n<\/div>\n\n\n\n<div class=\"wp-block-column is-layout-flow wp-block-column-is-layout-flow\">\n<figure class=\"wp-block-gallery has-nested-images columns-default is-cropped wp-block-gallery-2 is-layout-flex wp-block-gallery-is-layout-flex\">\n<figure class=\"wp-block-image size-full\"><img loading=\"lazy\" decoding=\"async\" width=\"800\" height=\"663\" data-id=\"19848\" src=\"https:\/\/www.sweeek.fr\/blog\/wp-content\/uploads\/2022\/05\/Design-sans-titre-93.jpg\" alt=\"\u00e9corce de bois\" class=\"wp-image-19848\" srcset=\"https:\/\/www.sweeek.fr\/blog\/wp-content\/uploads\/2022\/05\/Design-sans-titre-93.jpg 800w, https:\/\/www.sweeek.fr\/blog\/wp-content\/uploads\/2022\/05\/Design-sans-titre-93-300x249.jpg 300w, https:\/\/www.sweeek.fr\/blog\/wp-content\/uploads\/2022\/05\/Design-sans-titre-93-768x636.jpg 768w\" sizes=\"(max-width: 800px) 100vw, 800px\" \/><\/figure>\n<figcaption class=\"blocks-gallery-caption\"><strong><em>Cr\u00e9dit photo : Denis Agati sur Unsplash<\/em><\/strong><\/figcaption><\/figure>\n<\/div>\n<\/div>\n<\/div>\n<\/div>\n<\/div>\n<\/div>\n\n\n\n<div class=\"wp-block-columns is-layout-flex wp-container-core-columns-is-layout-9d6595d7 wp-block-columns-is-layout-flex\">\n<div class=\"wp-block-column is-layout-flow wp-block-column-is-layout-flow\">\n<h3 class=\"wp-block-heading\">Des variations de diam\u00e8tres<\/h3>\n\n\n\n<p class=\"has-text-align-left\" id=\"block-9c1cf775-cb20-40f0-b744-14a1161f5826\">\u00c0 cause de la variation de temp\u00e9rature ou de l&rsquo;humidit\u00e9, il est possible que le bois cr\u00e9\u00e9 un ph\u00e9nom\u00e8ne d&rsquo;expansion ou de r\u00e9traction du diam\u00e8tre du rondin. Cela peut cr\u00e9er un espace plus ou moins grand. Pas de panique, \u00e7a ne joue pas sur la solidit\u00e9 du produit. Attention : il ne faut pas boucher l&rsquo;espace entre le rondin de bois et le m\u00e9tal, si l&rsquo;humidit\u00e9 r\u00e9appara\u00eet, le bois pourrait \u00e9clater.<\/p>\n<\/div>\n\n\n\n<div class=\"wp-block-column is-layout-flow wp-block-column-is-layout-flow\">\n<h3 class=\"wp-block-heading\">Des diff\u00e9rences de teinte<\/h3>\n\n\n\n<p class=\"has-text-align-left\" id=\"block-9c1cf775-cb20-40f0-b744-14a1161f5826\">C&rsquo;est un ph\u00e9nom\u00e8ne tr\u00e8s r\u00e9current lorsque le bois vient d&rsquo;\u00eatre trait\u00e9 et est donc r\u00e9cent. Cela est d\u00fb au traitement autoclave et \u00e0 l&rsquo;origine de l&rsquo;arbre.  Aucune inqui\u00e9tude, ce ph\u00e9nom\u00e8ne s&rsquo;estompe au fur et \u00e0 mesure de l&rsquo;utilisation !<\/p>\n<\/div>\n\n\n\n<div class=\"wp-block-column is-layout-flow wp-block-column-is-layout-flow\">\n<figure class=\"wp-block-gallery has-nested-images columns-default is-cropped wp-block-gallery-3 is-layout-flex wp-block-gallery-is-layout-flex\">\n<figure class=\"wp-block-image size-full\"><img loading=\"lazy\" decoding=\"async\" width=\"800\" height=\"663\" data-id=\"9103\" src=\"https:\/\/www.sweeek.fr\/blog\/wp-content\/uploads\/2022\/04\/Sans-titre-12-7.png\" alt=\"rondin de bois \" class=\"wp-image-9103\" srcset=\"https:\/\/www.sweeek.fr\/blog\/wp-content\/uploads\/2022\/04\/Sans-titre-12-7.png 800w, https:\/\/www.sweeek.fr\/blog\/wp-content\/uploads\/2022\/04\/Sans-titre-12-7-300x249.png 300w, https:\/\/www.sweeek.fr\/blog\/wp-content\/uploads\/2022\/04\/Sans-titre-12-7-768x636.png 768w\" sizes=\"(max-width: 800px) 100vw, 800px\" \/><\/figure>\n<figcaption class=\"blocks-gallery-caption\"><strong><em>Cr\u00e9dit photo : Joel &amp; Jasmin F\u00f8restbird sur Unsplash<\/em><\/strong><\/figcaption><\/figure>\n<\/div>\n<\/div>\n\n\n\n<div style=\"height:66px\" aria-hidden=\"true\" class=\"wp-block-spacer\"><\/div>\n\n\n\n<h2 class=\"has-medium-font-size wp-block-heading\" style=\"font-style:normal;font-weight:800;text-transform:capitalize\">mais alors, comment entretenir son bois ? <\/h2>\n\n\n\n<div style=\"height:46px\" aria-hidden=\"true\" class=\"wp-block-spacer\"><\/div>\n\n\n\n<h3 class=\"wp-block-heading\" style=\"font-style:italic;font-weight:800;text-transform:capitalize\">\u00c9tape 1 : Le nettoyage <\/h3>\n\n\n\n<p>Il est important d&rsquo;<a href=\"https:\/\/www.sweeek.fr\/blog\/comment-entretenir-son-mobilier-de-jardin\/\">entretenir et de nettoyer vos produits en bois<\/a> une \u00e0 deux fois par an, c&rsquo;est-\u00e0-dire tous les six mois ! On vous recommande de le faire \u00e0 la fin de l&rsquo;\u00e9t\u00e9 et au printemps lorsque les beaux jours sont bel et bien de retour. Afin de nettoyer \u00e0 la perfection votre mobilier en bois, on vous conseille le savon de Marseille ou bien le savon noir et on frotte avec une brosse et de l&rsquo;eau ti\u00e8de. Puis, on rince le mobilier, toujours \u00e0 l&rsquo;eau ti\u00e8de !                                                                                                                                                   <\/p>\n\n\n\n<h3 class=\"wp-block-heading\" style=\"font-style:italic;font-weight:800;text-transform:capitalize\">\u00c9tape 2 : On d\u00e9grise <\/h3>\n\n\n\n<p>N&rsquo;h\u00e9sitez pas \u00e0 poncer avec du papier de verre au grain fin votre mobilier en bois. Un bois bien ponc\u00e9 limitera les d\u00e9g\u00e2ts. Vous pouvez \u00e9galement appliquer un saturateur, ce qui emp\u00eachera l&rsquo;eau de p\u00e9n\u00e9trer la premi\u00e8re couche de votre produit en bois. Une fois ces deux \u00e9tapes faites, pour retrouver la couleur originale de votre mobilier en bois, vous pouvez appliquer ce que l&rsquo;on appelle un <strong><em>d\u00e9griseur<\/em><\/strong> \u00e0 base d&rsquo;acide oxalique ! <\/p>\n\n\n\n<h3 class=\"wp-block-heading\" style=\"font-style:italic;font-weight:800;text-transform:capitalize\">\u00c9tape 3 : On prot\u00e8ge son mobilier de jardin en bois <\/h3>\n\n\n\n<p>Si vous souhaitez prendre soin au maximum de votre mobilier en bois et garde l&rsquo;aspect  \u00ab\u00a0neuf\u00a0\u00bb de celui-ci, on vous recommande vivement de passer de l&rsquo;huile de protection ! Elle va venir embellir, pr\u00e9venir le grisaillement et prot\u00e9ger le bois de votre produit. Cette \u00e9tape doit \u00eatre effectu\u00e9e 2 jours apr\u00e8s le passage du d\u00e9griseur. Quelques conditions doivent \u00eatre respect\u00e9es : Le bois doit \u00eatre sec, il ne doit pas faire trop chaud et il ne doit pas pleuvoir dans les 48h. Si toutes ces conditions sont r\u00e9unies, on applique son huile dans le sens des fibres du bois. Lorsque la premi\u00e8re couche est bien s\u00e8che, vous pouvez n&rsquo;appliquer une deuxi\u00e8me ! <\/p>\n\n\n\n<p><strong>Voil\u00e0 de quoi bien chouchouter votre bois pour en profiter longtemps ! <\/strong><\/p>\n\n\n\n<p class=\"has-white-color has-text-color\"> <\/p>\n\n\n\n<div class=\"wp-block-group alignwide has-white-color has-text-color has-background\" style=\"background-color:#f2f2f2\"><div class=\"wp-block-group__inner-container is-layout-flow wp-block-group-is-layout-flow\">\n<h2 class=\"alignfull has-text-align-center has-black-color has-text-color wp-block-heading\" style=\"font-size:30px;font-style:normal;font-weight:400\">La s\u00e9lection de sweeek<\/h2>\n\n\n\n<div style=\"height:21px\" aria-hidden=\"true\" class=\"wp-block-spacer\"><\/div>\n\n\n\n<div class=\"wp-block-columns is-layout-flex wp-container-core-columns-is-layout-9d6595d7 wp-block-columns-is-layout-flex\">\n<div class=\"wp-block-column is-layout-flow wp-block-column-is-layout-flow\"><div class=\"wp-block-image\">\n<figure class=\"aligncenter size-full\"><a href=\"https:\/\/www.sweeek.fr\/product\/salon-de-jardin-en-bois-et-aluminium-sevilla-grande-table-200-250cm-rectangulaire-avec-allonge-papillon\" target=\"_blank\" rel=\"noreferrer noopener\"><img loading=\"lazy\" decoding=\"async\" width=\"500\" height=\"500\" src=\"https:\/\/www.sweeek.fr\/blog\/wp-content\/uploads\/2022\/06\/ECXTS250TBLAT.jpg\" alt=\"Table de jardin extensible en bois - SEVILLA\" class=\"wp-image-10739\" srcset=\"https:\/\/www.sweeek.fr\/blog\/wp-content\/uploads\/2022\/06\/ECXTS250TBLAT.jpg 500w, https:\/\/www.sweeek.fr\/blog\/wp-content\/uploads\/2022\/06\/ECXTS250TBLAT-300x300.jpg 300w, https:\/\/www.sweeek.fr\/blog\/wp-content\/uploads\/2022\/06\/ECXTS250TBLAT-150x150.jpg 150w\" sizes=\"(max-width: 500px) 100vw, 500px\" \/><\/a><\/figure>\n<\/div>\n\n\n<h3 class=\"has-text-align-center has-black-color has-text-color wp-block-heading\" style=\"font-style:normal;font-weight:400\">Table de jardin extensible en bois &#8211; SEVILLA<\/h3>\n\n\n\n<div style=\"height:15px\" aria-hidden=\"true\" class=\"wp-block-spacer\"><\/div>\n<\/div>\n\n\n\n<div class=\"wp-block-column is-layout-flow wp-block-column-is-layout-flow\"><div class=\"wp-block-image\">\n<figure class=\"aligncenter size-full\"><a href=\"https:\/\/www.sweeek.fr\/product\/table-jardin-bois-almeria-180-240cm-rectangulaire-allonge-eucalyptus-fsc\" target=\"_blank\" rel=\"noopener\"><img loading=\"lazy\" decoding=\"async\" width=\"500\" height=\"500\" src=\"https:\/\/www.sweeek.fr\/blog\/wp-content\/uploads\/2022\/06\/EC240R8.jpg\" alt=\"Table de jardin en bois 180-240cm - ALMERIA\" class=\"wp-image-10740\" srcset=\"https:\/\/www.sweeek.fr\/blog\/wp-content\/uploads\/2022\/06\/EC240R8.jpg 500w, https:\/\/www.sweeek.fr\/blog\/wp-content\/uploads\/2022\/06\/EC240R8-300x300.jpg 300w, https:\/\/www.sweeek.fr\/blog\/wp-content\/uploads\/2022\/06\/EC240R8-150x150.jpg 150w\" sizes=\"(max-width: 500px) 100vw, 500px\" \/><\/a><\/figure>\n<\/div>\n\n\n<h3 class=\"has-text-align-center wp-block-heading\" style=\"font-style:normal;font-weight:400\">Table de jardin en bois 180-240cm &#8211; ALMERIA<\/h3>\n\n\n\n<div style=\"height:15px\" aria-hidden=\"true\" class=\"wp-block-spacer\"><\/div>\n<\/div>\n\n\n\n<div class=\"wp-block-column is-layout-flow wp-block-column-is-layout-flow\"><div class=\"wp-block-image\">\n<figure class=\"aligncenter size-full\"><a href=\"https:\/\/www.sweeek.fr\/product\/table-extensible-250cm-bois-alu-gris-8-fauteuils-textilene-gris-taupe\" target=\"_blank\" rel=\"noreferrer noopener\"><img loading=\"lazy\" decoding=\"async\" width=\"500\" height=\"500\" src=\"https:\/\/www.sweeek.fr\/blog\/wp-content\/uploads\/2022\/06\/ECXTS250R8AT.jpg\" alt=\"Table de jardin extensible 8 chaises - SEVILLA\" class=\"wp-image-10741\" srcset=\"https:\/\/www.sweeek.fr\/blog\/wp-content\/uploads\/2022\/06\/ECXTS250R8AT.jpg 500w, https:\/\/www.sweeek.fr\/blog\/wp-content\/uploads\/2022\/06\/ECXTS250R8AT-300x300.jpg 300w, https:\/\/www.sweeek.fr\/blog\/wp-content\/uploads\/2022\/06\/ECXTS250R8AT-150x150.jpg 150w\" sizes=\"(max-width: 500px) 100vw, 500px\" \/><\/a><\/figure>\n<\/div>\n\n\n<h3 class=\"has-text-align-center has-black-color has-text-color wp-block-heading\" style=\"font-style:normal;font-weight:400\">Table de jardin extensible 8 chaises &#8211; SEVILLA<\/h3>\n\n\n\n<div style=\"height:15px\" aria-hidden=\"true\" class=\"wp-block-spacer\"><\/div>\n<\/div>\n<\/div>\n<\/div><\/div>\n","protected":false},"excerpt":{"rendered":"<p>Vous avez remarqu\u00e9 des fissures, des nuances de teintes sur votre table ext\u00e9rieure en bois, sur votre salon de jardin en bois ou sur votre aire de jeux ? Pas d&rsquo;inqui\u00e9tude ! Le bois est ce qu&rsquo;on appelle un mat\u00e9riau vivant, il r\u00e9agit en fonction de la m\u00e9t\u00e9o et au fil du temps. Son aspect, [&hellip;]<\/p>\n","protected":false},"author":6,"featured_media":18388,"comment_status":"open","ping_status":"closed","sticky":false,"template":"","format":"standard","meta":{"inline_featured_image":false,"_uag_custom_page_level_css":"","ocean_post_layout":"","ocean_both_sidebars_style":"","ocean_both_sidebars_content_width":0,"ocean_both_sidebars_sidebars_width":0,"ocean_sidebar":"0","ocean_second_sidebar":"0","ocean_disable_margins":"enable","ocean_add_body_class":"","ocean_shortcode_before_top_bar":"","ocean_shortcode_after_top_bar":"","ocean_shortcode_before_header":"","ocean_shortcode_after_header":"","ocean_has_shortcode":"","ocean_shortcode_after_title":"","ocean_shortcode_before_footer_widgets":"","ocean_shortcode_after_footer_widgets":"","ocean_shortcode_before_footer_bottom":"","ocean_shortcode_after_footer_bottom":"","ocean_display_top_bar":"default","ocean_display_header":"default","ocean_header_style":"","ocean_center_header_left_menu":"0","ocean_custom_header_template":"0","ocean_custom_logo":0,"ocean_custom_retina_logo":0,"ocean_custom_logo_max_width":0,"ocean_custom_logo_tablet_max_width":0,"ocean_custom_logo_mobile_max_width":0,"ocean_custom_logo_max_height":0,"ocean_custom_logo_tablet_max_height":0,"ocean_custom_logo_mobile_max_height":0,"ocean_header_custom_menu":"0","ocean_menu_typo_font_family":"0","ocean_menu_typo_font_subset":"","ocean_menu_typo_font_size":0,"ocean_menu_typo_font_size_tablet":0,"ocean_menu_typo_font_size_mobile":0,"ocean_menu_typo_font_size_unit":"px","ocean_menu_typo_font_weight":"","ocean_menu_typo_font_weight_tablet":"","ocean_menu_typo_font_weight_mobile":"","ocean_menu_typo_transform":"","ocean_menu_typo_transform_tablet":"","ocean_menu_typo_transform_mobile":"","ocean_menu_typo_line_height":0,"ocean_menu_typo_line_height_tablet":0,"ocean_menu_typo_line_height_mobile":0,"ocean_menu_typo_line_height_unit":"","ocean_menu_typo_spacing":0,"ocean_menu_typo_spacing_tablet":0,"ocean_menu_typo_spacing_mobile":0,"ocean_menu_typo_spacing_unit":"","ocean_menu_link_color":"","ocean_menu_link_color_hover":"","ocean_menu_link_color_active":"","ocean_menu_link_background":"","ocean_menu_link_hover_background":"","ocean_menu_link_active_background":"","ocean_menu_social_links_bg":"","ocean_menu_social_hover_links_bg":"","ocean_menu_social_links_color":"","ocean_menu_social_hover_links_color":"","ocean_disable_title":"default","ocean_disable_heading":"default","ocean_post_title":"","ocean_post_subheading":"","ocean_post_title_style":"","ocean_post_title_background_color":"","ocean_post_title_background":0,"ocean_post_title_bg_image_position":"","ocean_post_title_bg_image_attachment":"","ocean_post_title_bg_image_repeat":"","ocean_post_title_bg_image_size":"","ocean_post_title_height":0,"ocean_post_title_bg_overlay":0.5,"ocean_post_title_bg_overlay_color":"","ocean_disable_breadcrumbs":"default","ocean_breadcrumbs_color":"","ocean_breadcrumbs_separator_color":"","ocean_breadcrumbs_links_color":"","ocean_breadcrumbs_links_hover_color":"","ocean_display_footer_widgets":"default","ocean_display_footer_bottom":"default","ocean_custom_footer_template":"0","ocean_post_oembed":"","ocean_post_self_hosted_media":"","ocean_post_video_embed":"","ocean_link_format":"","ocean_link_format_target":"self","ocean_quote_format":"","ocean_quote_format_link":"post","ocean_gallery_link_images":"off","ocean_gallery_id":[],"footnotes":""},"categories":[138],"tags":[],"class_list":["post-8910","post","type-post","status-publish","format-standard","has-post-thumbnail","hentry","category-table-jardin","entry","has-media"],"yoast_head":"<!-- This site is optimized with the Yoast SEO plugin v27.3 - https:\/\/yoast.com\/product\/yoast-seo-wordpress\/ -->\n<title>Le saviez-vous ? Le bois, un mat\u00e9riau naturel &#8211; Les Conseils sweeek<\/title>\n<meta name=\"description\" content=\"Le bois r\u00e9agit \u00e0 son environnement. D\u00e9couvrez les diff\u00e9rentes variations du bois et les conseils d&#039;entretien de sweeek.\" \/>\n<meta name=\"robots\" content=\"index, follow, max-snippet:-1, max-image-preview:large, max-video-preview:-1\" \/>\n<link rel=\"canonical\" href=\"https:\/\/www.sweeek.fr\/blog\/le-saviez-vous-le-bois-un-materiau-naturel\/\" \/>\n<meta property=\"og:locale\" content=\"fr_FR\" \/>\n<meta property=\"og:type\" content=\"article\" \/>\n<meta property=\"og:title\" content=\"Le saviez-vous ? Le bois, un mat\u00e9riau naturel &#8211; Les Conseils sweeek\" \/>\n<meta property=\"og:description\" content=\"Le bois r\u00e9agit \u00e0 son environnement. D\u00e9couvrez les diff\u00e9rentes variations du bois et les conseils d&#039;entretien de sweeek.\" \/>\n<meta property=\"og:url\" content=\"https:\/\/www.sweeek.fr\/blog\/le-saviez-vous-le-bois-un-materiau-naturel\/\" \/>\n<meta property=\"og:site_name\" content=\"Les Conseils sweeek\" \/>\n<meta property=\"article:published_time\" content=\"2022-05-17T08:13:42+00:00\" \/>\n<meta property=\"article:modified_time\" content=\"2024-07-24T15:59:50+00:00\" \/>\n<meta property=\"og:image\" content=\"https:\/\/www.sweeek.fr\/blog\/wp-content\/uploads\/2022\/05\/le-saviez-vous-table-jardin.jpg\" \/>\n\t<meta property=\"og:image:width\" content=\"1024\" \/>\n\t<meta property=\"og:image:height\" content=\"682\" \/>\n\t<meta property=\"og:image:type\" content=\"image\/jpeg\" \/>\n<meta name=\"author\" content=\"Cl\u00e9mentine Coppenolle\" \/>\n<meta name=\"twitter:card\" content=\"summary_large_image\" \/>\n<meta name=\"twitter:label1\" content=\"\u00c9crit par\" \/>\n\t<meta name=\"twitter:data1\" content=\"Cl\u00e9mentine Coppenolle\" \/>\n\t<meta name=\"twitter:label2\" content=\"Dur\u00e9e de lecture estim\u00e9e\" \/>\n\t<meta name=\"twitter:data2\" content=\"7 minutes\" \/>\n<script type=\"application\/ld+json\" class=\"yoast-schema-graph\">{\"@context\":\"https:\\\/\\\/schema.org\",\"@graph\":[{\"@type\":\"Article\",\"@id\":\"https:\\\/\\\/www.sweeek.fr\\\/blog\\\/le-saviez-vous-le-bois-un-materiau-naturel\\\/#article\",\"isPartOf\":{\"@id\":\"https:\\\/\\\/www.sweeek.fr\\\/blog\\\/le-saviez-vous-le-bois-un-materiau-naturel\\\/\"},\"author\":{\"name\":\"Cl\u00e9mentine Coppenolle\",\"@id\":\"https:\\\/\\\/www.sweeek.fr\\\/blog\\\/#\\\/schema\\\/person\\\/832fe52b7dba48da75fba576c3a147c4\"},\"headline\":\"Le saviez-vous ? Le bois, un mat\u00e9riau naturel\",\"datePublished\":\"2022-05-17T08:13:42+00:00\",\"dateModified\":\"2024-07-24T15:59:50+00:00\",\"mainEntityOfPage\":{\"@id\":\"https:\\\/\\\/www.sweeek.fr\\\/blog\\\/le-saviez-vous-le-bois-un-materiau-naturel\\\/\"},\"wordCount\":881,\"commentCount\":0,\"publisher\":{\"@id\":\"https:\\\/\\\/www.sweeek.fr\\\/blog\\\/#organization\"},\"image\":{\"@id\":\"https:\\\/\\\/www.sweeek.fr\\\/blog\\\/le-saviez-vous-le-bois-un-materiau-naturel\\\/#primaryimage\"},\"thumbnailUrl\":\"https:\\\/\\\/www.sweeek.fr\\\/blog\\\/wp-content\\\/uploads\\\/2022\\\/05\\\/le-saviez-vous-table-jardin.jpg\",\"articleSection\":[\"Table de jardin\"],\"inLanguage\":\"fr-FR\",\"potentialAction\":[{\"@type\":\"CommentAction\",\"name\":\"Comment\",\"target\":[\"https:\\\/\\\/www.sweeek.fr\\\/blog\\\/le-saviez-vous-le-bois-un-materiau-naturel\\\/#respond\"]}]},{\"@type\":\"WebPage\",\"@id\":\"https:\\\/\\\/www.sweeek.fr\\\/blog\\\/le-saviez-vous-le-bois-un-materiau-naturel\\\/\",\"url\":\"https:\\\/\\\/www.sweeek.fr\\\/blog\\\/le-saviez-vous-le-bois-un-materiau-naturel\\\/\",\"name\":\"Le saviez-vous ? Le bois, un mat\u00e9riau naturel &#8211; Les Conseils sweeek\",\"isPartOf\":{\"@id\":\"https:\\\/\\\/www.sweeek.fr\\\/blog\\\/#website\"},\"primaryImageOfPage\":{\"@id\":\"https:\\\/\\\/www.sweeek.fr\\\/blog\\\/le-saviez-vous-le-bois-un-materiau-naturel\\\/#primaryimage\"},\"image\":{\"@id\":\"https:\\\/\\\/www.sweeek.fr\\\/blog\\\/le-saviez-vous-le-bois-un-materiau-naturel\\\/#primaryimage\"},\"thumbnailUrl\":\"https:\\\/\\\/www.sweeek.fr\\\/blog\\\/wp-content\\\/uploads\\\/2022\\\/05\\\/le-saviez-vous-table-jardin.jpg\",\"datePublished\":\"2022-05-17T08:13:42+00:00\",\"dateModified\":\"2024-07-24T15:59:50+00:00\",\"description\":\"Le bois r\u00e9agit \u00e0 son environnement. D\u00e9couvrez les diff\u00e9rentes variations du bois et les conseils d'entretien de sweeek.\",\"breadcrumb\":{\"@id\":\"https:\\\/\\\/www.sweeek.fr\\\/blog\\\/le-saviez-vous-le-bois-un-materiau-naturel\\\/#breadcrumb\"},\"inLanguage\":\"fr-FR\",\"potentialAction\":[{\"@type\":\"ReadAction\",\"target\":[\"https:\\\/\\\/www.sweeek.fr\\\/blog\\\/le-saviez-vous-le-bois-un-materiau-naturel\\\/\"]}]},{\"@type\":\"ImageObject\",\"inLanguage\":\"fr-FR\",\"@id\":\"https:\\\/\\\/www.sweeek.fr\\\/blog\\\/le-saviez-vous-le-bois-un-materiau-naturel\\\/#primaryimage\",\"url\":\"https:\\\/\\\/www.sweeek.fr\\\/blog\\\/wp-content\\\/uploads\\\/2022\\\/05\\\/le-saviez-vous-table-jardin.jpg\",\"contentUrl\":\"https:\\\/\\\/www.sweeek.fr\\\/blog\\\/wp-content\\\/uploads\\\/2022\\\/05\\\/le-saviez-vous-table-jardin.jpg\",\"width\":1024,\"height\":682},{\"@type\":\"BreadcrumbList\",\"@id\":\"https:\\\/\\\/www.sweeek.fr\\\/blog\\\/le-saviez-vous-le-bois-un-materiau-naturel\\\/#breadcrumb\",\"itemListElement\":[{\"@type\":\"ListItem\",\"position\":1,\"name\":\"Accueil\",\"item\":\"https:\\\/\\\/www.sweeek.fr\\\/blog\\\/\"},{\"@type\":\"ListItem\",\"position\":2,\"name\":\"Le saviez-vous ? Le bois, un mat\u00e9riau naturel\"}]},{\"@type\":\"WebSite\",\"@id\":\"https:\\\/\\\/www.sweeek.fr\\\/blog\\\/#website\",\"url\":\"https:\\\/\\\/www.sweeek.fr\\\/blog\\\/\",\"name\":\"Les Conseils sweeek\",\"description\":\"Conseils et inspirations\",\"publisher\":{\"@id\":\"https:\\\/\\\/www.sweeek.fr\\\/blog\\\/#organization\"},\"potentialAction\":[{\"@type\":\"SearchAction\",\"target\":{\"@type\":\"EntryPoint\",\"urlTemplate\":\"https:\\\/\\\/www.sweeek.fr\\\/blog\\\/?s={search_term_string}\"},\"query-input\":{\"@type\":\"PropertyValueSpecification\",\"valueRequired\":true,\"valueName\":\"search_term_string\"}}],\"inLanguage\":\"fr-FR\"},{\"@type\":\"Organization\",\"@id\":\"https:\\\/\\\/www.sweeek.fr\\\/blog\\\/#organization\",\"name\":\"sweeek\",\"url\":\"https:\\\/\\\/www.sweeek.fr\\\/blog\\\/\",\"logo\":{\"@type\":\"ImageObject\",\"inLanguage\":\"fr-FR\",\"@id\":\"https:\\\/\\\/www.sweeek.fr\\\/blog\\\/#\\\/schema\\\/logo\\\/image\\\/\",\"url\":\"https:\\\/\\\/www.sweeek.fr\\\/blog\\\/wp-content\\\/uploads\\\/2023\\\/10\\\/blog-sweeek-logo2.png\",\"contentUrl\":\"https:\\\/\\\/www.sweeek.fr\\\/blog\\\/wp-content\\\/uploads\\\/2023\\\/10\\\/blog-sweeek-logo2.png\",\"width\":328,\"height\":90,\"caption\":\"sweeek\"},\"image\":{\"@id\":\"https:\\\/\\\/www.sweeek.fr\\\/blog\\\/#\\\/schema\\\/logo\\\/image\\\/\"}},{\"@type\":\"Person\",\"@id\":\"https:\\\/\\\/www.sweeek.fr\\\/blog\\\/#\\\/schema\\\/person\\\/832fe52b7dba48da75fba576c3a147c4\",\"name\":\"Cl\u00e9mentine Coppenolle\",\"image\":{\"@type\":\"ImageObject\",\"inLanguage\":\"fr-FR\",\"@id\":\"https:\\\/\\\/secure.gravatar.com\\\/avatar\\\/c8772ad8a971d87ec8b352525ac6e6e209eedd698ad76596a4c1d423060cd5d2?s=96&d=mm&r=g\",\"url\":\"https:\\\/\\\/secure.gravatar.com\\\/avatar\\\/c8772ad8a971d87ec8b352525ac6e6e209eedd698ad76596a4c1d423060cd5d2?s=96&d=mm&r=g\",\"contentUrl\":\"https:\\\/\\\/secure.gravatar.com\\\/avatar\\\/c8772ad8a971d87ec8b352525ac6e6e209eedd698ad76596a4c1d423060cd5d2?s=96&d=mm&r=g\",\"caption\":\"Cl\u00e9mentine Coppenolle\"}}]}<\/script>\n<!-- \/ Yoast SEO plugin. -->","yoast_head_json":{"title":"Le saviez-vous ? Le bois, un mat\u00e9riau naturel &#8211; Les Conseils sweeek","description":"Le bois r\u00e9agit \u00e0 son environnement. D\u00e9couvrez les diff\u00e9rentes variations du bois et les conseils d'entretien de sweeek.","robots":{"index":"index","follow":"follow","max-snippet":"max-snippet:-1","max-image-preview":"max-image-preview:large","max-video-preview":"max-video-preview:-1"},"canonical":"https:\/\/www.sweeek.fr\/blog\/le-saviez-vous-le-bois-un-materiau-naturel\/","og_locale":"fr_FR","og_type":"article","og_title":"Le saviez-vous ? Le bois, un mat\u00e9riau naturel &#8211; Les Conseils sweeek","og_description":"Le bois r\u00e9agit \u00e0 son environnement. D\u00e9couvrez les diff\u00e9rentes variations du bois et les conseils d'entretien de sweeek.","og_url":"https:\/\/www.sweeek.fr\/blog\/le-saviez-vous-le-bois-un-materiau-naturel\/","og_site_name":"Les Conseils sweeek","article_published_time":"2022-05-17T08:13:42+00:00","article_modified_time":"2024-07-24T15:59:50+00:00","og_image":[{"width":1024,"height":682,"url":"https:\/\/www.sweeek.fr\/blog\/wp-content\/uploads\/2022\/05\/le-saviez-vous-table-jardin.jpg","type":"image\/jpeg"}],"author":"Cl\u00e9mentine Coppenolle","twitter_card":"summary_large_image","twitter_misc":{"\u00c9crit par":"Cl\u00e9mentine Coppenolle","Dur\u00e9e de lecture estim\u00e9e":"7 minutes"},"schema":{"@context":"https:\/\/schema.org","@graph":[{"@type":"Article","@id":"https:\/\/www.sweeek.fr\/blog\/le-saviez-vous-le-bois-un-materiau-naturel\/#article","isPartOf":{"@id":"https:\/\/www.sweeek.fr\/blog\/le-saviez-vous-le-bois-un-materiau-naturel\/"},"author":{"name":"Cl\u00e9mentine Coppenolle","@id":"https:\/\/www.sweeek.fr\/blog\/#\/schema\/person\/832fe52b7dba48da75fba576c3a147c4"},"headline":"Le saviez-vous ? Le bois, un mat\u00e9riau naturel","datePublished":"2022-05-17T08:13:42+00:00","dateModified":"2024-07-24T15:59:50+00:00","mainEntityOfPage":{"@id":"https:\/\/www.sweeek.fr\/blog\/le-saviez-vous-le-bois-un-materiau-naturel\/"},"wordCount":881,"commentCount":0,"publisher":{"@id":"https:\/\/www.sweeek.fr\/blog\/#organization"},"image":{"@id":"https:\/\/www.sweeek.fr\/blog\/le-saviez-vous-le-bois-un-materiau-naturel\/#primaryimage"},"thumbnailUrl":"https:\/\/www.sweeek.fr\/blog\/wp-content\/uploads\/2022\/05\/le-saviez-vous-table-jardin.jpg","articleSection":["Table de jardin"],"inLanguage":"fr-FR","potentialAction":[{"@type":"CommentAction","name":"Comment","target":["https:\/\/www.sweeek.fr\/blog\/le-saviez-vous-le-bois-un-materiau-naturel\/#respond"]}]},{"@type":"WebPage","@id":"https:\/\/www.sweeek.fr\/blog\/le-saviez-vous-le-bois-un-materiau-naturel\/","url":"https:\/\/www.sweeek.fr\/blog\/le-saviez-vous-le-bois-un-materiau-naturel\/","name":"Le saviez-vous ? Le bois, un mat\u00e9riau naturel &#8211; Les Conseils sweeek","isPartOf":{"@id":"https:\/\/www.sweeek.fr\/blog\/#website"},"primaryImageOfPage":{"@id":"https:\/\/www.sweeek.fr\/blog\/le-saviez-vous-le-bois-un-materiau-naturel\/#primaryimage"},"image":{"@id":"https:\/\/www.sweeek.fr\/blog\/le-saviez-vous-le-bois-un-materiau-naturel\/#primaryimage"},"thumbnailUrl":"https:\/\/www.sweeek.fr\/blog\/wp-content\/uploads\/2022\/05\/le-saviez-vous-table-jardin.jpg","datePublished":"2022-05-17T08:13:42+00:00","dateModified":"2024-07-24T15:59:50+00:00","description":"Le bois r\u00e9agit \u00e0 son environnement. D\u00e9couvrez les diff\u00e9rentes variations du bois et les conseils d'entretien de sweeek.","breadcrumb":{"@id":"https:\/\/www.sweeek.fr\/blog\/le-saviez-vous-le-bois-un-materiau-naturel\/#breadcrumb"},"inLanguage":"fr-FR","potentialAction":[{"@type":"ReadAction","target":["https:\/\/www.sweeek.fr\/blog\/le-saviez-vous-le-bois-un-materiau-naturel\/"]}]},{"@type":"ImageObject","inLanguage":"fr-FR","@id":"https:\/\/www.sweeek.fr\/blog\/le-saviez-vous-le-bois-un-materiau-naturel\/#primaryimage","url":"https:\/\/www.sweeek.fr\/blog\/wp-content\/uploads\/2022\/05\/le-saviez-vous-table-jardin.jpg","contentUrl":"https:\/\/www.sweeek.fr\/blog\/wp-content\/uploads\/2022\/05\/le-saviez-vous-table-jardin.jpg","width":1024,"height":682},{"@type":"BreadcrumbList","@id":"https:\/\/www.sweeek.fr\/blog\/le-saviez-vous-le-bois-un-materiau-naturel\/#breadcrumb","itemListElement":[{"@type":"ListItem","position":1,"name":"Accueil","item":"https:\/\/www.sweeek.fr\/blog\/"},{"@type":"ListItem","position":2,"name":"Le saviez-vous ? Le bois, un mat\u00e9riau naturel"}]},{"@type":"WebSite","@id":"https:\/\/www.sweeek.fr\/blog\/#website","url":"https:\/\/www.sweeek.fr\/blog\/","name":"Les Conseils sweeek","description":"Conseils et inspirations","publisher":{"@id":"https:\/\/www.sweeek.fr\/blog\/#organization"},"potentialAction":[{"@type":"SearchAction","target":{"@type":"EntryPoint","urlTemplate":"https:\/\/www.sweeek.fr\/blog\/?s={search_term_string}"},"query-input":{"@type":"PropertyValueSpecification","valueRequired":true,"valueName":"search_term_string"}}],"inLanguage":"fr-FR"},{"@type":"Organization","@id":"https:\/\/www.sweeek.fr\/blog\/#organization","name":"sweeek","url":"https:\/\/www.sweeek.fr\/blog\/","logo":{"@type":"ImageObject","inLanguage":"fr-FR","@id":"https:\/\/www.sweeek.fr\/blog\/#\/schema\/logo\/image\/","url":"https:\/\/www.sweeek.fr\/blog\/wp-content\/uploads\/2023\/10\/blog-sweeek-logo2.png","contentUrl":"https:\/\/www.sweeek.fr\/blog\/wp-content\/uploads\/2023\/10\/blog-sweeek-logo2.png","width":328,"height":90,"caption":"sweeek"},"image":{"@id":"https:\/\/www.sweeek.fr\/blog\/#\/schema\/logo\/image\/"}},{"@type":"Person","@id":"https:\/\/www.sweeek.fr\/blog\/#\/schema\/person\/832fe52b7dba48da75fba576c3a147c4","name":"Cl\u00e9mentine Coppenolle","image":{"@type":"ImageObject","inLanguage":"fr-FR","@id":"https:\/\/secure.gravatar.com\/avatar\/c8772ad8a971d87ec8b352525ac6e6e209eedd698ad76596a4c1d423060cd5d2?s=96&d=mm&r=g","url":"https:\/\/secure.gravatar.com\/avatar\/c8772ad8a971d87ec8b352525ac6e6e209eedd698ad76596a4c1d423060cd5d2?s=96&d=mm&r=g","contentUrl":"https:\/\/secure.gravatar.com\/avatar\/c8772ad8a971d87ec8b352525ac6e6e209eedd698ad76596a4c1d423060cd5d2?s=96&d=mm&r=g","caption":"Cl\u00e9mentine Coppenolle"}}]}},"uagb_featured_image_src":{"full":["https:\/\/www.sweeek.fr\/blog\/wp-content\/uploads\/2022\/05\/le-saviez-vous-table-jardin.jpg",1024,682,false],"thumbnail":["https:\/\/www.sweeek.fr\/blog\/wp-content\/uploads\/2022\/05\/le-saviez-vous-table-jardin-150x150.jpg",150,150,true],"medium":["https:\/\/www.sweeek.fr\/blog\/wp-content\/uploads\/2022\/05\/le-saviez-vous-table-jardin-300x200.jpg",300,200,true],"medium_large":["https:\/\/www.sweeek.fr\/blog\/wp-content\/uploads\/2022\/05\/le-saviez-vous-table-jardin-768x512.jpg",768,512,true],"large":["https:\/\/www.sweeek.fr\/blog\/wp-content\/uploads\/2022\/05\/le-saviez-vous-table-jardin.jpg",1024,682,false],"1536x1536":["https:\/\/www.sweeek.fr\/blog\/wp-content\/uploads\/2022\/05\/le-saviez-vous-table-jardin.jpg",1024,682,false],"2048x2048":["https:\/\/www.sweeek.fr\/blog\/wp-content\/uploads\/2022\/05\/le-saviez-vous-table-jardin.jpg",1024,682,false],"ocean-thumb-m":["https:\/\/www.sweeek.fr\/blog\/wp-content\/uploads\/2022\/05\/le-saviez-vous-table-jardin-600x600.jpg",600,600,true],"ocean-thumb-ml":["https:\/\/www.sweeek.fr\/blog\/wp-content\/uploads\/2022\/05\/le-saviez-vous-table-jardin-800x450.jpg",800,450,true],"ocean-thumb-l":["https:\/\/www.sweeek.fr\/blog\/wp-content\/uploads\/2022\/05\/le-saviez-vous-table-jardin.jpg",1024,682,false]},"uagb_author_info":{"display_name":"Cl\u00e9mentine Coppenolle","author_link":"https:\/\/www.sweeek.fr\/blog"},"uagb_comment_info":0,"uagb_excerpt":"Vous avez remarqu\u00e9 des fissures, des nuances de teintes sur votre table ext\u00e9rieure en bois, sur votre salon de jardin en bois ou sur votre aire de jeux ? Pas d&rsquo;inqui\u00e9tude ! Le bois est ce qu&rsquo;on appelle un mat\u00e9riau vivant, il r\u00e9agit en fonction de la m\u00e9t\u00e9o et au fil du temps. Son aspect,\u2026","_links":{"self":[{"href":"https:\/\/www.sweeek.fr\/blog\/wp-json\/wp\/v2\/posts\/8910","targetHints":{"allow":["GET"]}}],"collection":[{"href":"https:\/\/www.sweeek.fr\/blog\/wp-json\/wp\/v2\/posts"}],"about":[{"href":"https:\/\/www.sweeek.fr\/blog\/wp-json\/wp\/v2\/types\/post"}],"author":[{"embeddable":true,"href":"https:\/\/www.sweeek.fr\/blog\/wp-json\/wp\/v2\/users\/6"}],"replies":[{"embeddable":true,"href":"https:\/\/www.sweeek.fr\/blog\/wp-json\/wp\/v2\/comments?post=8910"}],"version-history":[{"count":80,"href":"https:\/\/www.sweeek.fr\/blog\/wp-json\/wp\/v2\/posts\/8910\/revisions"}],"predecessor-version":[{"id":19923,"href":"https:\/\/www.sweeek.fr\/blog\/wp-json\/wp\/v2\/posts\/8910\/revisions\/19923"}],"wp:featuredmedia":[{"embeddable":true,"href":"https:\/\/www.sweeek.fr\/blog\/wp-json\/wp\/v2\/media\/18388"}],"wp:attachment":[{"href":"https:\/\/www.sweeek.fr\/blog\/wp-json\/wp\/v2\/media?parent=8910"}],"wp:term":[{"taxonomy":"category","embeddable":true,"href":"https:\/\/www.sweeek.fr\/blog\/wp-json\/wp\/v2\/categories?post=8910"},{"taxonomy":"post_tag","embeddable":true,"href":"https:\/\/www.sweeek.fr\/blog\/wp-json\/wp\/v2\/tags?post=8910"}],"curies":[{"name":"wp","href":"https:\/\/api.w.org\/{rel}","templated":true}]}}