{"id":8828,"date":"2022-03-14T17:48:00","date_gmt":"2022-03-14T16:48:00","guid":{"rendered":"https:\/\/www.sweeek.fr\/blog\/?p=8828"},"modified":"2026-01-14T16:18:02","modified_gmt":"2026-01-14T15:18:02","slug":"comment-amenager-une-petite-chambre-denfant","status":"publish","type":"post","link":"https:\/\/www.sweeek.fr\/blog\/comment-amenager-une-petite-chambre-denfant\/","title":{"rendered":"Comment am\u00e9nager une petite chambre d\u2019enfant ?"},"content":{"rendered":"\n<p>Que votre enfant soit un b\u00e9b\u00e9 ou en \u00e2ge d\u2019aller \u00e0 l\u2019\u00e9cole,&nbsp;<strong>sa chambre est son petit nid douillet<\/strong>&nbsp;dans lequel il doit se sentir bien pour jouer, grandir et d\u00e9velopper son imagination. Comment am\u00e9nager une petite chambre d\u2019enfant ? Quels rangements utiliser ? Comment la d\u00e9corer ? Nous vous donnons ici&nbsp;<strong>quelques id\u00e9es et astuces<\/strong>&nbsp;pour vous aider \u00e0&nbsp;<strong>optimiser l\u2019am\u00e9nagement de la chambre de votre enfant<\/strong>.<\/p>\n\n\n\n<h2 class=\"wp-block-heading\">Les diff\u00e9rents types de lit<\/h2>\n\n\n\n<p>Avant de vous lancer dans la d\u00e9coration de la pi\u00e8ce, il faut\u00a0<strong>proc\u00e9der \u00e0 l\u2019am\u00e9nagement de l\u2019espace<\/strong>. Le <a title=\"Mobilier int\u00e9rieur : Acheter un lit enfant\" href=\"https:\/\/www.sweeek.fr\/chambre-enfant\/lit-enfant\">lit<\/a> est le\u00a0<strong>meuble principal des chambres pour enfants<\/strong>. Apr\u00e8s le\u00a0<strong>lit b\u00e9b\u00e9<\/strong>, vous pourrez choisir un couchage plus adapt\u00e9 et qui permet d\u2019am\u00e9nager un peu mieux l\u2019espace de la pi\u00e8ce.<\/p>\n\n\n\n<ul class=\"wp-block-list\"><li><strong>Lits sur\u00e9lev\u00e9s :<\/strong> Ces lits permettent de ranger des jouets ou d&rsquo;installer une biblioth\u00e8que ou un bureau en dessous.<\/li><li><strong>Mezzanine :<\/strong> Elle permet d&rsquo;optimiser l&rsquo;espace et de mettre un vrai grand bureau dans la petite chambre de votre enfant. Cela sera d&rsquo;autant plus pratique si votre enfant est en \u00e2ge d&rsquo;aller \u00e0 l&rsquo;\u00e9cole et \u00e0 des devoirs \u00e0 faire. Attention, elle n&rsquo;est pas forc\u00e9ment adapt\u00e9e aux plus jeunes enfants. <\/li><li><strong>Lits avec banc int\u00e9gr\u00e9 :<\/strong> Le banc int\u00e9gr\u00e9 au bout du lit peut \u00eatre utilis\u00e9 comme bureau. Il suffira d&rsquo;y poser crayons et feutres et d&rsquo;ajouter une petite chaise.<\/li><li><strong>Lits superpos\u00e9s :<\/strong> ils permettent de lib\u00e9rer de la place au sol si vous devez faire dormir 2 enfants dans la chambre.<\/li><li><strong>Lit avec tiroir :<\/strong> Les tiroirs sous le lit sont une bonne id\u00e9e s&rsquo;il vous manque un meuble dans la chambre. Certains lits ont m\u00eame 2 rang\u00e9es de tiroirs ! Tr\u00e8s pratique pour ranger les v\u00eatements qui ne sont pas de saison, jeux, draps, etc. Le tiroir peut aussi contenir un lit pour accueillir un copain quand il vient dormir.<\/li><\/ul>\n\n\n\n<p>Le&nbsp;<strong>bureau<\/strong>&nbsp;: S\u2019il n\u2019est pas positionn\u00e9 sous un lit mezzanine, optez pour un&nbsp;<strong>bureau compact<\/strong>&nbsp;qui sera plac\u00e9 id\u00e9alement pr\u00e8s de la fen\u00eatre pour que la luminosit\u00e9 soit bonne.<\/p>\n\n\n\n<div class=\"wp-block-columns is-layout-flex wp-container-core-columns-is-layout-9d6595d7 wp-block-columns-is-layout-flex\">\n<div class=\"wp-block-column is-layout-flow wp-block-column-is-layout-flow\" style=\"flex-basis:66.66%\">\n<h2 class=\"wp-block-heading\">Les diff\u00e9rents types de rangement<\/h2>\n\n\n\n<p>Dans une petite chambre, les\u00a0<strong>rangements muraux<\/strong>\u00a0sont \u00e0 privil\u00e9gier. Cependant, les jouets et affaires de votre enfant doivent \u00eatre accessibles et donc \u00e0 sa hauteur. Au d\u00e9part, placez les objets que votre enfant n\u2019utilise pas ou tr\u00e8s peu en hauteur.<\/p>\n\n\n\n<div class=\"wp-block-group\"><div class=\"wp-block-group__inner-container is-layout-flow wp-block-group-is-layout-flow\">\n<ul class=\"wp-block-list\"><li>Les<strong> malles, coffres et paniers <\/strong>: Pensez aux jolies malles vintage pour ranger tout ce qui tra\u00eene dans la chambre de l&rsquo;enfant. On peut aussi par exemple placer un coffre en bout de lit. Les peluches pourront trouver leur place dans des grands paniers ou corbeilles.<\/li><li>Les <strong>rangements muraux <\/strong>: Si la chambre de votre enfant n&rsquo;est pas assez grande pour mettre autant de meubles de rangement que vous le souhaitez, alors privil\u00e9giez les rangements muraux pour gagner de l&rsquo;espace au sol et en circulation. Autres astuces pour am\u00e9nager et d\u00e9corer en m\u00eame temps : On accroche des pat\u00e8res originales pour accrocher manteaux et cartable. On pense aux cases murales qui remplaceront la traditionnelle biblioth\u00e8que.<\/li><li>Les <strong>meubles<\/strong> :  Des grands <strong>placards sur toute la hauteur du mur<\/strong> permettront de ranger les jeux et livres de votre enfant. Les <strong>meubles \u00e0 casiers<\/strong> sont tr\u00e8s pratiques dans les chambres d&rsquo;enfant. Ils permettent de ranger les peluches, jouets, livres ou v\u00eatements tr\u00e8s facilement et sont \u00e0 la hauteur de votre enfant. La <strong>chambre de votre enfant<\/strong> ou de votre b\u00e9b\u00e9 est un<strong> peu atypique<\/strong> avec des renfoncements, sous-pentes ou alc\u00f4ve ? N&rsquo;h\u00e9sitez pas \u00e0 y mettre le <strong>dressing ou des \u00e9tag\u00e8res<\/strong> pour optimiser l&rsquo;espace au maximum.<\/li><\/ul>\n<\/div><\/div>\n<\/div>\n\n\n\n<div class=\"wp-block-column is-vertically-aligned-center is-layout-flow wp-block-column-is-layout-flow\" style=\"flex-basis:33.33%\">\n<figure class=\"wp-block-image size-full\"><img fetchpriority=\"high\" decoding=\"async\" width=\"400\" height=\"400\" src=\"https:\/\/www.sweeek.fr\/blog\/wp-content\/uploads\/2022\/04\/IKSCANDITB.jpg\" alt=\"coffre chambre enfant\" class=\"wp-image-8829\" srcset=\"https:\/\/www.sweeek.fr\/blog\/wp-content\/uploads\/2022\/04\/IKSCANDITB.jpg 400w, https:\/\/www.sweeek.fr\/blog\/wp-content\/uploads\/2022\/04\/IKSCANDITB-300x300.jpg 300w, https:\/\/www.sweeek.fr\/blog\/wp-content\/uploads\/2022\/04\/IKSCANDITB-150x150.jpg 150w\" sizes=\"(max-width: 400px) 100vw, 400px\" \/><\/figure>\n<\/div>\n<\/div>\n\n\n\n<div class=\"wp-block-columns is-layout-flex wp-container-core-columns-is-layout-9d6595d7 wp-block-columns-is-layout-flex\">\n<div class=\"wp-block-column is-layout-flow wp-block-column-is-layout-flow\" style=\"flex-basis:33.33%\">\n<figure class=\"wp-block-image size-full\"><img decoding=\"async\" width=\"400\" height=\"400\" src=\"https:\/\/www.sweeek.fr\/blog\/wp-content\/uploads\/2022\/04\/IKSCANDIHOUSE.jpg\" alt=\"etagere rangement enfant\" class=\"wp-image-8830\" srcset=\"https:\/\/www.sweeek.fr\/blog\/wp-content\/uploads\/2022\/04\/IKSCANDIHOUSE.jpg 400w, https:\/\/www.sweeek.fr\/blog\/wp-content\/uploads\/2022\/04\/IKSCANDIHOUSE-300x300.jpg 300w, https:\/\/www.sweeek.fr\/blog\/wp-content\/uploads\/2022\/04\/IKSCANDIHOUSE-150x150.jpg 150w\" sizes=\"(max-width: 400px) 100vw, 400px\" \/><\/figure>\n<\/div>\n\n\n\n<div class=\"wp-block-column is-layout-flow wp-block-column-is-layout-flow\" style=\"flex-basis:66.66%\">\n<h2 class=\"wp-block-heading\">Quelle d\u00e9coration pour la chambre de votre enfant ?<\/h2>\n\n\n\n<p>Pour&nbsp;<strong>d\u00e9corer une chambre d\u2019enfant<\/strong>, optez pour des meubles de couleurs neutres ou blancs et privil\u00e9giez le bois clair au bois fonc\u00e9. Cela permettra d\u2019accentuer la sensation d\u2019espace et de clart\u00e9 dans la pi\u00e8ce. De m\u00eame, pour la&nbsp;<strong>d\u00e9coration des murs<\/strong>, optez pour des couleurs claires au niveau de la&nbsp;<a href=\"https:\/\/www.sweeek.fr\/blog\/comment-peindre-une-chambre-denfant\/\">peinture<\/a>. Vous pouvez ajouter un papier peint sur l\u2019un des murs seulement pour ajouter un peu de caract\u00e8re \u00e0 la chambre. Le&nbsp;<strong>papier peint<\/strong>&nbsp;permet aussi de d\u00e9limiter les espaces en cr\u00e9ant un espace dodo bien distinct de l\u2019espace de jeu par exemple. Autre accessoire pour d\u00e9limiter les espaces : le&nbsp;<strong>tapis<\/strong>. Ajoutez un petit tapis rond dans un coin de la chambre de votre enfant avec quelques coussins et des petites \u00e9tag\u00e8res sur le mur pour ranger ses livres et voil\u00e0 un petit coin lecture cocooning et d\u00e9co.<\/p>\n\n\n\n<p>La&nbsp;<strong>t\u00eate de lit<\/strong>&nbsp;est une bonne astuce pour ajouter un peu de d\u00e9coration dans la chambre de votre enfant sans pour autant prendre de l\u2019espace. Certaines contiennent m\u00eame des petites cases pour ranger des affaires. Pour finir, pour apporter de la couleur et personnaliser la d\u00e9co de la chambre de votre enfant, amusez-vous avec le&nbsp;<a title=\"Mobilier int\u00e9rieur : Acheter du linge de lit enfant\" href=\"https:\/\/www.sweeek.fr\/chambre-enfant\/linge-de-lit-enfant\"><strong>linge de lit<\/strong><\/a>. Couettes, oreillers, osez les tissus funs et color\u00e9s. Installer un&nbsp;<strong>miroir<\/strong>&nbsp;participera \u00e0 la d\u00e9coration de la chambre et cr\u00e9era de la profondeur dans la chambre. Et n&rsquo;h\u00e9sitez pas \u00e0 int\u00e9grer diff\u00e9rents&nbsp;<a href=\"https:\/\/www.sweeek.fr\/decoration\/objets-deco\">objets d\u00e9co<\/a>&nbsp;pour un am\u00e9nagement encore plus personnalis\u00e9 !<\/p>\n<\/div>\n<\/div>\n\n\n\n<div style=\"height:40px\" aria-hidden=\"true\" class=\"wp-block-spacer\"><\/div>\n\n\n\n<div class=\"wp-block-group has-white-color has-text-color has-background\" style=\"background-color:#f2f2f2\"><div class=\"wp-block-group__inner-container is-layout-flow wp-block-group-is-layout-flow\">\n<h2 class=\"alignfull has-text-align-center has-black-color has-text-color wp-block-heading\" style=\"font-size:30px;font-style:normal;font-weight:400\">La s\u00e9lection de sweeek<\/h2>\n\n\n\n<div style=\"height:21px\" aria-hidden=\"true\" class=\"wp-block-spacer\"><\/div>\n\n\n\n<div class=\"wp-block-columns is-layout-flex wp-container-core-columns-is-layout-9d6595d7 wp-block-columns-is-layout-flex\">\n<div class=\"wp-block-column is-layout-flow wp-block-column-is-layout-flow\"><div class=\"wp-block-image\">\n<figure class=\"aligncenter size-large\"><a href=\"https:\/\/www.sweeek.fr\/product\/table-carree-enfant-2-chaises-pieds-pin-vert\" target=\"_blank\" rel=\"noreferrer noopener\"><img decoding=\"async\" width=\"1024\" height=\"1024\" src=\"https:\/\/www.sweeek.fr\/blog\/wp-content\/uploads\/2022\/04\/ikjutabchx2ggy-4f4a8802df69847f8e58495b403bb6d6-1024x1024.webp\" alt=\"table-carree-enfant\" class=\"wp-image-21842\" srcset=\"https:\/\/www.sweeek.fr\/blog\/wp-content\/uploads\/2022\/04\/ikjutabchx2ggy-4f4a8802df69847f8e58495b403bb6d6-1024x1024.webp 1024w, https:\/\/www.sweeek.fr\/blog\/wp-content\/uploads\/2022\/04\/ikjutabchx2ggy-4f4a8802df69847f8e58495b403bb6d6-300x300.webp 300w, https:\/\/www.sweeek.fr\/blog\/wp-content\/uploads\/2022\/04\/ikjutabchx2ggy-4f4a8802df69847f8e58495b403bb6d6-150x150.webp 150w, https:\/\/www.sweeek.fr\/blog\/wp-content\/uploads\/2022\/04\/ikjutabchx2ggy-4f4a8802df69847f8e58495b403bb6d6-768x768.webp 768w, https:\/\/www.sweeek.fr\/blog\/wp-content\/uploads\/2022\/04\/ikjutabchx2ggy-4f4a8802df69847f8e58495b403bb6d6-600x600.webp 600w, https:\/\/www.sweeek.fr\/blog\/wp-content\/uploads\/2022\/04\/ikjutabchx2ggy-4f4a8802df69847f8e58495b403bb6d6.webp 1500w\" sizes=\"(max-width: 1024px) 100vw, 1024px\" \/><\/a><\/figure>\n<\/div>\n\n\n<h3 class=\"has-text-align-center has-black-color has-text-color wp-block-heading\" style=\"font-style:normal;font-weight:400\">Table carr\u00e9e enfant bois de pin 2 chaises JUDITH<\/h3>\n\n\n\n<div style=\"height:15px\" aria-hidden=\"true\" class=\"wp-block-spacer\"><\/div>\n<\/div>\n\n\n\n<div class=\"wp-block-column is-layout-flow wp-block-column-is-layout-flow\"><div class=\"wp-block-image\">\n<figure class=\"aligncenter size-large\"><a href=\"https:\/\/www.sweeek.fr\/product\/lit-enfant-tipi-en-bois-massif-pin-naturel-blanc-tobias-sommier-inclus-90x190cm\" target=\"_blank\" rel=\"noopener\"><img decoding=\"async\" src=\"https:\/\/sweeek.twic.pics\/products\/45637\/original\/ibedtipiwh-4b3c3388714b01cffd647b7d11bda32e.jpg?twic=v1\/resize=1800x1800\/resize=1500\/quality=70\" alt=\"Lit tipi 90x190 cm en pin naturel blanc - TOBIAS\"\/><\/a><\/figure>\n<\/div>\n\n\n<h3 class=\"has-text-align-center wp-block-heading\" style=\"font-style:normal;font-weight:400\">Lit tipi 90&#215;190 cm en pin naturel blanc &#8211; TOBIAS<\/h3>\n\n\n\n<div style=\"height:15px\" aria-hidden=\"true\" class=\"wp-block-spacer\"><\/div>\n<\/div>\n\n\n\n<div class=\"wp-block-column is-layout-flow wp-block-column-is-layout-flow\"><div class=\"wp-block-image\">\n<figure class=\"aligncenter size-large\"><a href=\"https:\/\/www.sweeek.fr\/product\/etagere-bibliotheque-maison-pour-enfant-en-pin-tobias\" target=\"_blank\" rel=\"noreferrer noopener\"><img decoding=\"async\" src=\"https:\/\/sweeek.twic.pics\/products\/43361\/original\/ikscandihouse-6df0161cb9819ab7233b90ddaac37f2b.jpg?twic=v1\/resize=1800x1800\/resize=1500\/quality=70\" alt=\"Etag\u00e8re biblioth\u00e8que bois massif 8 compartiments 2 portes\"\/><\/a><\/figure>\n<\/div>\n\n\n<h3 class=\"has-text-align-center has-black-color has-text-color wp-block-heading\" style=\"font-style:normal;font-weight:400\">Etag\u00e8re biblioth\u00e8que bois massif 8 compartiments 2 portes<\/h3>\n\n\n\n<div style=\"height:15px\" aria-hidden=\"true\" class=\"wp-block-spacer\"><\/div>\n<\/div>\n<\/div>\n<\/div><\/div>\n\n\n\n<figure class=\"wp-block-image alignfull size-full uag-hide-tab uag-hide-mob\"><a href=\"https:\/\/www.sweeek.fr\/cms\/mieux-vous-connaitre\" target=\"_blank\" rel=\"noreferrer noopener\"><img loading=\"lazy\" decoding=\"async\" width=\"2048\" height=\"673\" src=\"https:\/\/www.sweeek.fr\/blog\/wp-content\/uploads\/2023\/11\/10E-offerts-sur-tous-nos-produits-enfants-1-min.png\" alt=\"\" class=\"wp-image-20333\" srcset=\"https:\/\/www.sweeek.fr\/blog\/wp-content\/uploads\/2023\/11\/10E-offerts-sur-tous-nos-produits-enfants-1-min.png 2048w, https:\/\/www.sweeek.fr\/blog\/wp-content\/uploads\/2023\/11\/10E-offerts-sur-tous-nos-produits-enfants-1-min-300x99.png 300w, https:\/\/www.sweeek.fr\/blog\/wp-content\/uploads\/2023\/11\/10E-offerts-sur-tous-nos-produits-enfants-1-min-1024x337.png 1024w, https:\/\/www.sweeek.fr\/blog\/wp-content\/uploads\/2023\/11\/10E-offerts-sur-tous-nos-produits-enfants-1-min-768x252.png 768w, https:\/\/www.sweeek.fr\/blog\/wp-content\/uploads\/2023\/11\/10E-offerts-sur-tous-nos-produits-enfants-1-min-1536x505.png 1536w\" sizes=\"(max-width: 2048px) 100vw, 2048px\" \/><\/a><\/figure>\n\n\n\n<figure class=\"wp-block-image alignfull size-full uag-hide-desktop\"><img loading=\"lazy\" decoding=\"async\" width=\"657\" height=\"439\" src=\"https:\/\/www.sweeek.fr\/blog\/wp-content\/uploads\/2023\/11\/Code-KIDS-sur-tous-nos-produits-enfants-format-mobile.png\" alt=\"\" class=\"wp-image-20366\" srcset=\"https:\/\/www.sweeek.fr\/blog\/wp-content\/uploads\/2023\/11\/Code-KIDS-sur-tous-nos-produits-enfants-format-mobile.png 657w, https:\/\/www.sweeek.fr\/blog\/wp-content\/uploads\/2023\/11\/Code-KIDS-sur-tous-nos-produits-enfants-format-mobile-300x200.png 300w\" sizes=\"(max-width: 657px) 100vw, 657px\" \/><\/figure>\n","protected":false},"excerpt":{"rendered":"<p>Que votre enfant soit un b\u00e9b\u00e9 ou en \u00e2ge d\u2019aller \u00e0 l\u2019\u00e9cole,&nbsp;sa chambre est son petit nid douillet&nbsp;dans lequel il doit se sentir bien pour jouer, grandir et d\u00e9velopper son imagination. Comment am\u00e9nager une petite chambre d\u2019enfant ? Quels rangements utiliser ? Comment la d\u00e9corer ? Nous vous donnons ici&nbsp;quelques id\u00e9es et astuces&nbsp;pour vous aider [&hellip;]<\/p>\n","protected":false},"author":4,"featured_media":19051,"comment_status":"open","ping_status":"closed","sticky":false,"template":"","format":"standard","meta":{"inline_featured_image":false,"_uag_custom_page_level_css":"","ocean_post_layout":"","ocean_both_sidebars_style":"","ocean_both_sidebars_content_width":0,"ocean_both_sidebars_sidebars_width":0,"ocean_sidebar":"0","ocean_second_sidebar":"0","ocean_disable_margins":"enable","ocean_add_body_class":"","ocean_shortcode_before_top_bar":"","ocean_shortcode_after_top_bar":"","ocean_shortcode_before_header":"","ocean_shortcode_after_header":"","ocean_has_shortcode":"","ocean_shortcode_after_title":"","ocean_shortcode_before_footer_widgets":"","ocean_shortcode_after_footer_widgets":"","ocean_shortcode_before_footer_bottom":"","ocean_shortcode_after_footer_bottom":"","ocean_display_top_bar":"default","ocean_display_header":"default","ocean_header_style":"","ocean_center_header_left_menu":"0","ocean_custom_header_template":"0","ocean_custom_logo":0,"ocean_custom_retina_logo":0,"ocean_custom_logo_max_width":0,"ocean_custom_logo_tablet_max_width":0,"ocean_custom_logo_mobile_max_width":0,"ocean_custom_logo_max_height":0,"ocean_custom_logo_tablet_max_height":0,"ocean_custom_logo_mobile_max_height":0,"ocean_header_custom_menu":"0","ocean_menu_typo_font_family":"0","ocean_menu_typo_font_subset":"","ocean_menu_typo_font_size":0,"ocean_menu_typo_font_size_tablet":0,"ocean_menu_typo_font_size_mobile":0,"ocean_menu_typo_font_size_unit":"px","ocean_menu_typo_font_weight":"","ocean_menu_typo_font_weight_tablet":"","ocean_menu_typo_font_weight_mobile":"","ocean_menu_typo_transform":"","ocean_menu_typo_transform_tablet":"","ocean_menu_typo_transform_mobile":"","ocean_menu_typo_line_height":0,"ocean_menu_typo_line_height_tablet":0,"ocean_menu_typo_line_height_mobile":0,"ocean_menu_typo_line_height_unit":"","ocean_menu_typo_spacing":0,"ocean_menu_typo_spacing_tablet":0,"ocean_menu_typo_spacing_mobile":0,"ocean_menu_typo_spacing_unit":"","ocean_menu_link_color":"","ocean_menu_link_color_hover":"","ocean_menu_link_color_active":"","ocean_menu_link_background":"","ocean_menu_link_hover_background":"","ocean_menu_link_active_background":"","ocean_menu_social_links_bg":"","ocean_menu_social_hover_links_bg":"","ocean_menu_social_links_color":"","ocean_menu_social_hover_links_color":"","ocean_disable_title":"default","ocean_disable_heading":"default","ocean_post_title":"","ocean_post_subheading":"","ocean_post_title_style":"","ocean_post_title_background_color":"","ocean_post_title_background":0,"ocean_post_title_bg_image_position":"","ocean_post_title_bg_image_attachment":"","ocean_post_title_bg_image_repeat":"","ocean_post_title_bg_image_size":"","ocean_post_title_height":0,"ocean_post_title_bg_overlay":0.5,"ocean_post_title_bg_overlay_color":"","ocean_disable_breadcrumbs":"default","ocean_breadcrumbs_color":"","ocean_breadcrumbs_separator_color":"","ocean_breadcrumbs_links_color":"","ocean_breadcrumbs_links_hover_color":"","ocean_display_footer_widgets":"default","ocean_display_footer_bottom":"default","ocean_custom_footer_template":"0","ocean_post_oembed":"","ocean_post_self_hosted_media":"","ocean_post_video_embed":"","ocean_link_format":"","ocean_link_format_target":"self","ocean_quote_format":"","ocean_quote_format_link":"post","ocean_gallery_link_images":"off","ocean_gallery_id":[],"footnotes":""},"categories":[382],"tags":[],"class_list":["post-8828","post","type-post","status-publish","format-standard","has-post-thumbnail","hentry","category-chambre-enfant","entry","has-media"],"yoast_head":"<!-- This site is optimized with the Yoast SEO plugin v27.5 - https:\/\/yoast.com\/product\/yoast-seo-wordpress\/ -->\n<title>Comment am\u00e9nager une petite chambre d\u2019enfant ? &#8211; Les Conseils sweeek<\/title>\n<meta name=\"description\" content=\"D\u00e9couvrez les conseils de sweeek pour bien am\u00e9nager une petite chambre d&#039;enfant : choix des meubles, rangements, on vous explique tout !\" \/>\n<meta name=\"robots\" content=\"index, follow, max-snippet:-1, max-image-preview:large, max-video-preview:-1\" \/>\n<link rel=\"canonical\" href=\"https:\/\/www.sweeek.fr\/blog\/comment-amenager-une-petite-chambre-denfant\/\" \/>\n<meta property=\"og:locale\" content=\"fr_FR\" \/>\n<meta property=\"og:type\" content=\"article\" \/>\n<meta property=\"og:title\" content=\"Comment am\u00e9nager une petite chambre d\u2019enfant ? &#8211; Les Conseils sweeek\" \/>\n<meta property=\"og:description\" content=\"D\u00e9couvrez les conseils de sweeek pour bien am\u00e9nager une petite chambre d&#039;enfant : choix des meubles, rangements, on vous explique tout !\" \/>\n<meta property=\"og:url\" content=\"https:\/\/www.sweeek.fr\/blog\/comment-amenager-une-petite-chambre-denfant\/\" \/>\n<meta property=\"og:site_name\" content=\"Les Conseils sweeek\" \/>\n<meta property=\"article:published_time\" content=\"2022-03-14T16:48:00+00:00\" \/>\n<meta property=\"article:modified_time\" content=\"2026-01-14T15:18:02+00:00\" \/>\n<meta property=\"og:image\" content=\"https:\/\/www.sweeek.fr\/blog\/wp-content\/uploads\/2022\/03\/amenager-petite-chambre-enfant.jpg\" \/>\n\t<meta property=\"og:image:width\" content=\"1024\" \/>\n\t<meta property=\"og:image:height\" content=\"682\" \/>\n\t<meta property=\"og:image:type\" content=\"image\/jpeg\" \/>\n<meta name=\"author\" content=\"Am\u00e9lie Capon\" \/>\n<meta name=\"twitter:card\" content=\"summary_large_image\" \/>\n<meta name=\"twitter:label1\" content=\"\u00c9crit par\" \/>\n\t<meta name=\"twitter:data1\" content=\"Am\u00e9lie Capon\" \/>\n\t<meta name=\"twitter:label2\" content=\"Dur\u00e9e de lecture estim\u00e9e\" \/>\n\t<meta name=\"twitter:data2\" content=\"6 minutes\" \/>\n<script type=\"application\/ld+json\" class=\"yoast-schema-graph\">{\"@context\":\"https:\\\/\\\/schema.org\",\"@graph\":[{\"@type\":\"Article\",\"@id\":\"https:\\\/\\\/www.sweeek.fr\\\/blog\\\/comment-amenager-une-petite-chambre-denfant\\\/#article\",\"isPartOf\":{\"@id\":\"https:\\\/\\\/www.sweeek.fr\\\/blog\\\/comment-amenager-une-petite-chambre-denfant\\\/\"},\"author\":{\"name\":\"Am\u00e9lie Capon\",\"@id\":\"https:\\\/\\\/www.sweeek.fr\\\/blog\\\/#\\\/schema\\\/person\\\/e97ba3e4a84bda73fe86070619e7640b\"},\"headline\":\"Comment am\u00e9nager une petite chambre d\u2019enfant ?\",\"datePublished\":\"2022-03-14T16:48:00+00:00\",\"dateModified\":\"2026-01-14T15:18:02+00:00\",\"mainEntityOfPage\":{\"@id\":\"https:\\\/\\\/www.sweeek.fr\\\/blog\\\/comment-amenager-une-petite-chambre-denfant\\\/\"},\"wordCount\":917,\"commentCount\":0,\"publisher\":{\"@id\":\"https:\\\/\\\/www.sweeek.fr\\\/blog\\\/#organization\"},\"image\":{\"@id\":\"https:\\\/\\\/www.sweeek.fr\\\/blog\\\/comment-amenager-une-petite-chambre-denfant\\\/#primaryimage\"},\"thumbnailUrl\":\"https:\\\/\\\/www.sweeek.fr\\\/blog\\\/wp-content\\\/uploads\\\/2022\\\/03\\\/amenager-petite-chambre-enfant.jpg\",\"articleSection\":[\"Chambre enfant\"],\"inLanguage\":\"fr-FR\",\"potentialAction\":[{\"@type\":\"CommentAction\",\"name\":\"Comment\",\"target\":[\"https:\\\/\\\/www.sweeek.fr\\\/blog\\\/comment-amenager-une-petite-chambre-denfant\\\/#respond\"]}]},{\"@type\":\"WebPage\",\"@id\":\"https:\\\/\\\/www.sweeek.fr\\\/blog\\\/comment-amenager-une-petite-chambre-denfant\\\/\",\"url\":\"https:\\\/\\\/www.sweeek.fr\\\/blog\\\/comment-amenager-une-petite-chambre-denfant\\\/\",\"name\":\"Comment am\u00e9nager une petite chambre d\u2019enfant ? &#8211; Les Conseils sweeek\",\"isPartOf\":{\"@id\":\"https:\\\/\\\/www.sweeek.fr\\\/blog\\\/#website\"},\"primaryImageOfPage\":{\"@id\":\"https:\\\/\\\/www.sweeek.fr\\\/blog\\\/comment-amenager-une-petite-chambre-denfant\\\/#primaryimage\"},\"image\":{\"@id\":\"https:\\\/\\\/www.sweeek.fr\\\/blog\\\/comment-amenager-une-petite-chambre-denfant\\\/#primaryimage\"},\"thumbnailUrl\":\"https:\\\/\\\/www.sweeek.fr\\\/blog\\\/wp-content\\\/uploads\\\/2022\\\/03\\\/amenager-petite-chambre-enfant.jpg\",\"datePublished\":\"2022-03-14T16:48:00+00:00\",\"dateModified\":\"2026-01-14T15:18:02+00:00\",\"description\":\"D\u00e9couvrez les conseils de sweeek pour bien am\u00e9nager une petite chambre d'enfant : choix des meubles, rangements, on vous explique tout !\",\"breadcrumb\":{\"@id\":\"https:\\\/\\\/www.sweeek.fr\\\/blog\\\/comment-amenager-une-petite-chambre-denfant\\\/#breadcrumb\"},\"inLanguage\":\"fr-FR\",\"potentialAction\":[{\"@type\":\"ReadAction\",\"target\":[\"https:\\\/\\\/www.sweeek.fr\\\/blog\\\/comment-amenager-une-petite-chambre-denfant\\\/\"]}]},{\"@type\":\"ImageObject\",\"inLanguage\":\"fr-FR\",\"@id\":\"https:\\\/\\\/www.sweeek.fr\\\/blog\\\/comment-amenager-une-petite-chambre-denfant\\\/#primaryimage\",\"url\":\"https:\\\/\\\/www.sweeek.fr\\\/blog\\\/wp-content\\\/uploads\\\/2022\\\/03\\\/amenager-petite-chambre-enfant.jpg\",\"contentUrl\":\"https:\\\/\\\/www.sweeek.fr\\\/blog\\\/wp-content\\\/uploads\\\/2022\\\/03\\\/amenager-petite-chambre-enfant.jpg\",\"width\":1024,\"height\":682,\"caption\":\"am\u00e9nager petite chambre enfant\"},{\"@type\":\"BreadcrumbList\",\"@id\":\"https:\\\/\\\/www.sweeek.fr\\\/blog\\\/comment-amenager-une-petite-chambre-denfant\\\/#breadcrumb\",\"itemListElement\":[{\"@type\":\"ListItem\",\"position\":1,\"name\":\"Accueil\",\"item\":\"https:\\\/\\\/www.sweeek.fr\\\/blog\\\/\"},{\"@type\":\"ListItem\",\"position\":2,\"name\":\"Comment am\u00e9nager une petite chambre d\u2019enfant ?\"}]},{\"@type\":\"WebSite\",\"@id\":\"https:\\\/\\\/www.sweeek.fr\\\/blog\\\/#website\",\"url\":\"https:\\\/\\\/www.sweeek.fr\\\/blog\\\/\",\"name\":\"Les Conseils sweeek\",\"description\":\"Conseils et inspirations\",\"publisher\":{\"@id\":\"https:\\\/\\\/www.sweeek.fr\\\/blog\\\/#organization\"},\"potentialAction\":[{\"@type\":\"SearchAction\",\"target\":{\"@type\":\"EntryPoint\",\"urlTemplate\":\"https:\\\/\\\/www.sweeek.fr\\\/blog\\\/?s={search_term_string}\"},\"query-input\":{\"@type\":\"PropertyValueSpecification\",\"valueRequired\":true,\"valueName\":\"search_term_string\"}}],\"inLanguage\":\"fr-FR\"},{\"@type\":\"Organization\",\"@id\":\"https:\\\/\\\/www.sweeek.fr\\\/blog\\\/#organization\",\"name\":\"sweeek\",\"url\":\"https:\\\/\\\/www.sweeek.fr\\\/blog\\\/\",\"logo\":{\"@type\":\"ImageObject\",\"inLanguage\":\"fr-FR\",\"@id\":\"https:\\\/\\\/www.sweeek.fr\\\/blog\\\/#\\\/schema\\\/logo\\\/image\\\/\",\"url\":\"https:\\\/\\\/www.sweeek.fr\\\/blog\\\/wp-content\\\/uploads\\\/2023\\\/10\\\/blog-sweeek-logo2.png\",\"contentUrl\":\"https:\\\/\\\/www.sweeek.fr\\\/blog\\\/wp-content\\\/uploads\\\/2023\\\/10\\\/blog-sweeek-logo2.png\",\"width\":328,\"height\":90,\"caption\":\"sweeek\"},\"image\":{\"@id\":\"https:\\\/\\\/www.sweeek.fr\\\/blog\\\/#\\\/schema\\\/logo\\\/image\\\/\"}},{\"@type\":\"Person\",\"@id\":\"https:\\\/\\\/www.sweeek.fr\\\/blog\\\/#\\\/schema\\\/person\\\/e97ba3e4a84bda73fe86070619e7640b\",\"name\":\"Am\u00e9lie Capon\",\"image\":{\"@type\":\"ImageObject\",\"inLanguage\":\"fr-FR\",\"@id\":\"https:\\\/\\\/secure.gravatar.com\\\/avatar\\\/042e4b25b2641d47117ebfaf786a00f66fd827d54a130982af74eb1f062ce832?s=96&d=mm&r=g\",\"url\":\"https:\\\/\\\/secure.gravatar.com\\\/avatar\\\/042e4b25b2641d47117ebfaf786a00f66fd827d54a130982af74eb1f062ce832?s=96&d=mm&r=g\",\"contentUrl\":\"https:\\\/\\\/secure.gravatar.com\\\/avatar\\\/042e4b25b2641d47117ebfaf786a00f66fd827d54a130982af74eb1f062ce832?s=96&d=mm&r=g\",\"caption\":\"Am\u00e9lie Capon\"}}]}<\/script>\n<!-- \/ Yoast SEO plugin. -->","yoast_head_json":{"title":"Comment am\u00e9nager une petite chambre d\u2019enfant ? &#8211; Les Conseils sweeek","description":"D\u00e9couvrez les conseils de sweeek pour bien am\u00e9nager une petite chambre d'enfant : choix des meubles, rangements, on vous explique tout !","robots":{"index":"index","follow":"follow","max-snippet":"max-snippet:-1","max-image-preview":"max-image-preview:large","max-video-preview":"max-video-preview:-1"},"canonical":"https:\/\/www.sweeek.fr\/blog\/comment-amenager-une-petite-chambre-denfant\/","og_locale":"fr_FR","og_type":"article","og_title":"Comment am\u00e9nager une petite chambre d\u2019enfant ? &#8211; Les Conseils sweeek","og_description":"D\u00e9couvrez les conseils de sweeek pour bien am\u00e9nager une petite chambre d'enfant : choix des meubles, rangements, on vous explique tout !","og_url":"https:\/\/www.sweeek.fr\/blog\/comment-amenager-une-petite-chambre-denfant\/","og_site_name":"Les Conseils sweeek","article_published_time":"2022-03-14T16:48:00+00:00","article_modified_time":"2026-01-14T15:18:02+00:00","og_image":[{"width":1024,"height":682,"url":"https:\/\/www.sweeek.fr\/blog\/wp-content\/uploads\/2022\/03\/amenager-petite-chambre-enfant.jpg","type":"image\/jpeg"}],"author":"Am\u00e9lie Capon","twitter_card":"summary_large_image","twitter_misc":{"\u00c9crit par":"Am\u00e9lie Capon","Dur\u00e9e de lecture estim\u00e9e":"6 minutes"},"schema":{"@context":"https:\/\/schema.org","@graph":[{"@type":"Article","@id":"https:\/\/www.sweeek.fr\/blog\/comment-amenager-une-petite-chambre-denfant\/#article","isPartOf":{"@id":"https:\/\/www.sweeek.fr\/blog\/comment-amenager-une-petite-chambre-denfant\/"},"author":{"name":"Am\u00e9lie Capon","@id":"https:\/\/www.sweeek.fr\/blog\/#\/schema\/person\/e97ba3e4a84bda73fe86070619e7640b"},"headline":"Comment am\u00e9nager une petite chambre d\u2019enfant ?","datePublished":"2022-03-14T16:48:00+00:00","dateModified":"2026-01-14T15:18:02+00:00","mainEntityOfPage":{"@id":"https:\/\/www.sweeek.fr\/blog\/comment-amenager-une-petite-chambre-denfant\/"},"wordCount":917,"commentCount":0,"publisher":{"@id":"https:\/\/www.sweeek.fr\/blog\/#organization"},"image":{"@id":"https:\/\/www.sweeek.fr\/blog\/comment-amenager-une-petite-chambre-denfant\/#primaryimage"},"thumbnailUrl":"https:\/\/www.sweeek.fr\/blog\/wp-content\/uploads\/2022\/03\/amenager-petite-chambre-enfant.jpg","articleSection":["Chambre enfant"],"inLanguage":"fr-FR","potentialAction":[{"@type":"CommentAction","name":"Comment","target":["https:\/\/www.sweeek.fr\/blog\/comment-amenager-une-petite-chambre-denfant\/#respond"]}]},{"@type":"WebPage","@id":"https:\/\/www.sweeek.fr\/blog\/comment-amenager-une-petite-chambre-denfant\/","url":"https:\/\/www.sweeek.fr\/blog\/comment-amenager-une-petite-chambre-denfant\/","name":"Comment am\u00e9nager une petite chambre d\u2019enfant ? &#8211; Les Conseils sweeek","isPartOf":{"@id":"https:\/\/www.sweeek.fr\/blog\/#website"},"primaryImageOfPage":{"@id":"https:\/\/www.sweeek.fr\/blog\/comment-amenager-une-petite-chambre-denfant\/#primaryimage"},"image":{"@id":"https:\/\/www.sweeek.fr\/blog\/comment-amenager-une-petite-chambre-denfant\/#primaryimage"},"thumbnailUrl":"https:\/\/www.sweeek.fr\/blog\/wp-content\/uploads\/2022\/03\/amenager-petite-chambre-enfant.jpg","datePublished":"2022-03-14T16:48:00+00:00","dateModified":"2026-01-14T15:18:02+00:00","description":"D\u00e9couvrez les conseils de sweeek pour bien am\u00e9nager une petite chambre d'enfant : choix des meubles, rangements, on vous explique tout !","breadcrumb":{"@id":"https:\/\/www.sweeek.fr\/blog\/comment-amenager-une-petite-chambre-denfant\/#breadcrumb"},"inLanguage":"fr-FR","potentialAction":[{"@type":"ReadAction","target":["https:\/\/www.sweeek.fr\/blog\/comment-amenager-une-petite-chambre-denfant\/"]}]},{"@type":"ImageObject","inLanguage":"fr-FR","@id":"https:\/\/www.sweeek.fr\/blog\/comment-amenager-une-petite-chambre-denfant\/#primaryimage","url":"https:\/\/www.sweeek.fr\/blog\/wp-content\/uploads\/2022\/03\/amenager-petite-chambre-enfant.jpg","contentUrl":"https:\/\/www.sweeek.fr\/blog\/wp-content\/uploads\/2022\/03\/amenager-petite-chambre-enfant.jpg","width":1024,"height":682,"caption":"am\u00e9nager petite chambre enfant"},{"@type":"BreadcrumbList","@id":"https:\/\/www.sweeek.fr\/blog\/comment-amenager-une-petite-chambre-denfant\/#breadcrumb","itemListElement":[{"@type":"ListItem","position":1,"name":"Accueil","item":"https:\/\/www.sweeek.fr\/blog\/"},{"@type":"ListItem","position":2,"name":"Comment am\u00e9nager une petite chambre d\u2019enfant ?"}]},{"@type":"WebSite","@id":"https:\/\/www.sweeek.fr\/blog\/#website","url":"https:\/\/www.sweeek.fr\/blog\/","name":"Les Conseils sweeek","description":"Conseils et inspirations","publisher":{"@id":"https:\/\/www.sweeek.fr\/blog\/#organization"},"potentialAction":[{"@type":"SearchAction","target":{"@type":"EntryPoint","urlTemplate":"https:\/\/www.sweeek.fr\/blog\/?s={search_term_string}"},"query-input":{"@type":"PropertyValueSpecification","valueRequired":true,"valueName":"search_term_string"}}],"inLanguage":"fr-FR"},{"@type":"Organization","@id":"https:\/\/www.sweeek.fr\/blog\/#organization","name":"sweeek","url":"https:\/\/www.sweeek.fr\/blog\/","logo":{"@type":"ImageObject","inLanguage":"fr-FR","@id":"https:\/\/www.sweeek.fr\/blog\/#\/schema\/logo\/image\/","url":"https:\/\/www.sweeek.fr\/blog\/wp-content\/uploads\/2023\/10\/blog-sweeek-logo2.png","contentUrl":"https:\/\/www.sweeek.fr\/blog\/wp-content\/uploads\/2023\/10\/blog-sweeek-logo2.png","width":328,"height":90,"caption":"sweeek"},"image":{"@id":"https:\/\/www.sweeek.fr\/blog\/#\/schema\/logo\/image\/"}},{"@type":"Person","@id":"https:\/\/www.sweeek.fr\/blog\/#\/schema\/person\/e97ba3e4a84bda73fe86070619e7640b","name":"Am\u00e9lie Capon","image":{"@type":"ImageObject","inLanguage":"fr-FR","@id":"https:\/\/secure.gravatar.com\/avatar\/042e4b25b2641d47117ebfaf786a00f66fd827d54a130982af74eb1f062ce832?s=96&d=mm&r=g","url":"https:\/\/secure.gravatar.com\/avatar\/042e4b25b2641d47117ebfaf786a00f66fd827d54a130982af74eb1f062ce832?s=96&d=mm&r=g","contentUrl":"https:\/\/secure.gravatar.com\/avatar\/042e4b25b2641d47117ebfaf786a00f66fd827d54a130982af74eb1f062ce832?s=96&d=mm&r=g","caption":"Am\u00e9lie Capon"}}]}},"uagb_featured_image_src":{"full":["https:\/\/www.sweeek.fr\/blog\/wp-content\/uploads\/2022\/03\/amenager-petite-chambre-enfant.jpg",1024,682,false],"thumbnail":["https:\/\/www.sweeek.fr\/blog\/wp-content\/uploads\/2022\/03\/amenager-petite-chambre-enfant-150x150.jpg",150,150,true],"medium":["https:\/\/www.sweeek.fr\/blog\/wp-content\/uploads\/2022\/03\/amenager-petite-chambre-enfant-300x200.jpg",300,200,true],"medium_large":["https:\/\/www.sweeek.fr\/blog\/wp-content\/uploads\/2022\/03\/amenager-petite-chambre-enfant-768x512.jpg",768,512,true],"large":["https:\/\/www.sweeek.fr\/blog\/wp-content\/uploads\/2022\/03\/amenager-petite-chambre-enfant.jpg",1024,682,false],"1536x1536":["https:\/\/www.sweeek.fr\/blog\/wp-content\/uploads\/2022\/03\/amenager-petite-chambre-enfant.jpg",1024,682,false],"2048x2048":["https:\/\/www.sweeek.fr\/blog\/wp-content\/uploads\/2022\/03\/amenager-petite-chambre-enfant.jpg",1024,682,false],"ocean-thumb-m":["https:\/\/www.sweeek.fr\/blog\/wp-content\/uploads\/2022\/03\/amenager-petite-chambre-enfant-600x600.jpg",600,600,true],"ocean-thumb-ml":["https:\/\/www.sweeek.fr\/blog\/wp-content\/uploads\/2022\/03\/amenager-petite-chambre-enfant-800x450.jpg",800,450,true],"ocean-thumb-l":["https:\/\/www.sweeek.fr\/blog\/wp-content\/uploads\/2022\/03\/amenager-petite-chambre-enfant.jpg",1024,682,false]},"uagb_author_info":{"display_name":"Am\u00e9lie Capon","author_link":"https:\/\/www.sweeek.fr\/blog"},"uagb_comment_info":0,"uagb_excerpt":"Que votre enfant soit un b\u00e9b\u00e9 ou en \u00e2ge d\u2019aller \u00e0 l\u2019\u00e9cole,&nbsp;sa chambre est son petit nid douillet&nbsp;dans lequel il doit se sentir bien pour jouer, grandir et d\u00e9velopper son imagination. Comment am\u00e9nager une petite chambre d\u2019enfant ? Quels rangements utiliser ? Comment la d\u00e9corer ? Nous vous donnons ici&nbsp;quelques id\u00e9es et astuces&nbsp;pour vous aider\u2026","_links":{"self":[{"href":"https:\/\/www.sweeek.fr\/blog\/wp-json\/wp\/v2\/posts\/8828","targetHints":{"allow":["GET"]}}],"collection":[{"href":"https:\/\/www.sweeek.fr\/blog\/wp-json\/wp\/v2\/posts"}],"about":[{"href":"https:\/\/www.sweeek.fr\/blog\/wp-json\/wp\/v2\/types\/post"}],"author":[{"embeddable":true,"href":"https:\/\/www.sweeek.fr\/blog\/wp-json\/wp\/v2\/users\/4"}],"replies":[{"embeddable":true,"href":"https:\/\/www.sweeek.fr\/blog\/wp-json\/wp\/v2\/comments?post=8828"}],"version-history":[{"count":14,"href":"https:\/\/www.sweeek.fr\/blog\/wp-json\/wp\/v2\/posts\/8828\/revisions"}],"predecessor-version":[{"id":20399,"href":"https:\/\/www.sweeek.fr\/blog\/wp-json\/wp\/v2\/posts\/8828\/revisions\/20399"}],"wp:featuredmedia":[{"embeddable":true,"href":"https:\/\/www.sweeek.fr\/blog\/wp-json\/wp\/v2\/media\/19051"}],"wp:attachment":[{"href":"https:\/\/www.sweeek.fr\/blog\/wp-json\/wp\/v2\/media?parent=8828"}],"wp:term":[{"taxonomy":"category","embeddable":true,"href":"https:\/\/www.sweeek.fr\/blog\/wp-json\/wp\/v2\/categories?post=8828"},{"taxonomy":"post_tag","embeddable":true,"href":"https:\/\/www.sweeek.fr\/blog\/wp-json\/wp\/v2\/tags?post=8828"}],"curies":[{"name":"wp","href":"https:\/\/api.w.org\/{rel}","templated":true}]}}