{"id":8815,"date":"2022-04-22T17:42:56","date_gmt":"2022-04-22T15:42:56","guid":{"rendered":"https:\/\/www.sweeek.fr\/blog\/?p=8815"},"modified":"2026-01-14T16:12:51","modified_gmt":"2026-01-14T15:12:51","slug":"comment-amenager-un-salon-en-longueur","status":"publish","type":"post","link":"https:\/\/www.sweeek.fr\/blog\/comment-amenager-un-salon-en-longueur\/","title":{"rendered":"Comment am\u00e9nager un salon en longueur ?"},"content":{"rendered":"\n<p>Champagne ! Vous voil\u00e0 proprio d\u2019une&nbsp;<strong>belle maison 1930<\/strong>&nbsp;avec tout ce qui fait son charme : De la hauteur et des pi\u00e8ces en enfilade.&nbsp;<strong>Cuisine, <a title=\"Am\u00e9nagement de la salle \u00e0 manger\" href=\"https:\/\/www.sweeek.fr\/meuble-salle-a-manger\">salle \u00e0 manger<\/a>,&nbsp;<a title=\"Am\u00e9nagement du salon\" href=\"https:\/\/www.sweeek.fr\/meubles-de-salon\">salon<\/a><\/strong>, tout s\u2019encha\u00eene dans un d\u00e9filement de pi\u00e8ces assez \u00e9troites. Canon ! Mais qu\u2019on se le dise, ce n\u2019est pas ce qui est de plus facile \u00e0 am\u00e9nager. Vous savez facilement <a href=\"https:\/\/www.sweeek.fr\/blog\/comment-amenager-un-salon\/\">comment am\u00e9nager un salon<\/a> mais alors un salon en longueur, c&rsquo;est une autre histoire. On vous voit venir d\u2019ici, le dimanche en train de jouer aux d\u00e9m\u00e9nageurs : bouger le canap\u00e9 \u00e0 droite, puis \u00e0 gauche et puis non en fait, c\u2019\u00e9tait mieux avant. Alors comment&nbsp;<strong>am\u00e9nager un salon en longueur<\/strong>&nbsp;et cr\u00e9er un espace cosy et canon ? Pour vous, on a \u00e9pluch\u00e9 les&nbsp;<strong>mags de d\u00e9co \u00e0 la recherche de toutes les astuces<\/strong>&nbsp;pour avoir un salon en longueur qui claque !<\/p>\n\n\n\n<h2 class=\"wp-block-heading\">Le Canap\u00e9<\/h2>\n\n\n\n<p>Le&nbsp;<strong>canap\u00e9<\/strong>, c\u2019est un peu la&nbsp;<strong>pi\u00e8ce centrale du salon<\/strong>, celle sur laquelle on craque et on investit. Alors autant craquer pour la bonne pi\u00e8ce d\u00e8s le d\u00e9part pour une d\u00e9co r\u00e9ussie ! Ici, on vous conseille un&nbsp;<strong>canap\u00e9 3 places en longueur<\/strong>. Au plus c\u2019est long, au plus vous jouez avec la perspective ! Votre&nbsp;<a title=\"Mobilier int\u00e9rieur : Acheter un canap\u00e9\" href=\"https:\/\/www.sweeek.fr\/meubles-de-salon\/canape\">canap\u00e9<\/a>&nbsp;doit aussi \u00eatre peu profond, sinon la circulation dans la pi\u00e8ce sera limit\u00e9e et vous risquerez de vous retrouver coinc\u00e9 entre le canap\u2019 et la table basse, pas tr\u00e8s pratique.<\/p>\n\n\n\n<p><strong>\u00c0 \u00e9viter<\/strong>&nbsp;\u00e0 tout prix : les&nbsp;<strong>canap\u00e9s convertibles<\/strong>, les&nbsp;<strong>canap\u00e9s d\u2019angles<\/strong>, bref tout ce qui pourrait prendre un peu trop de place dans le salon, vous l\u2019aurez compris.<\/p>\n\n\n\n<p>On r\u00e9sume : Pour&nbsp;<strong>choisir son canap\u00e9<\/strong>, on s\u2019empare de son m\u00e8tre ruban et on mesure la pi\u00e8ce, puis, on s\u00e9lectionne un canap\u00e9 peu profond avec le nombre de places dont on a besoin. Ensuite libre \u00e0 vous de choisir la mati\u00e8re et la couleur ! Allez pour terminer sur les canap\u00e9s, on vous donne notre dernier conseil pour am\u00e9nager votre salon en longueur : choisir un&nbsp;<strong>canap\u00e9 sur pieds<\/strong>. Pourquoi ? Cela cr\u00e9e une sensation d\u2019espace et la pi\u00e8ce semblera plus a\u00e9r\u00e9e.<\/p>\n\n\n\n<div class=\"wp-block-columns is-layout-flex wp-container-core-columns-is-layout-9d6595d7 wp-block-columns-is-layout-flex\">\n<div class=\"wp-block-column is-layout-flow wp-block-column-is-layout-flow\">\n<figure class=\"wp-block-image size-full\"><img fetchpriority=\"high\" decoding=\"async\" width=\"715\" height=\"500\" src=\"https:\/\/www.sweeek.fr\/blog\/wp-content\/uploads\/2022\/04\/canape-oskar.jpg\" alt=\"canape velours vert spain\" class=\"wp-image-8819\" srcset=\"https:\/\/www.sweeek.fr\/blog\/wp-content\/uploads\/2022\/04\/canape-oskar.jpg 715w, https:\/\/www.sweeek.fr\/blog\/wp-content\/uploads\/2022\/04\/canape-oskar-300x210.jpg 300w\" sizes=\"(max-width: 715px) 100vw, 715px\" \/><\/figure>\n<\/div>\n\n\n\n<div class=\"wp-block-column is-layout-flow wp-block-column-is-layout-flow\">\n<figure class=\"wp-block-image size-full\"><img decoding=\"async\" width=\"715\" height=\"500\" src=\"https:\/\/www.sweeek.fr\/blog\/wp-content\/uploads\/2022\/04\/canae-bjorn.jpg\" alt=\"canap\u00e9 3 places rouge \" class=\"wp-image-8817\" srcset=\"https:\/\/www.sweeek.fr\/blog\/wp-content\/uploads\/2022\/04\/canae-bjorn.jpg 715w, https:\/\/www.sweeek.fr\/blog\/wp-content\/uploads\/2022\/04\/canae-bjorn-300x210.jpg 300w\" sizes=\"(max-width: 715px) 100vw, 715px\" \/><\/figure>\n<\/div>\n\n\n\n<div class=\"wp-block-column is-layout-flow wp-block-column-is-layout-flow\">\n<figure class=\"wp-block-image size-full\"><img decoding=\"async\" width=\"715\" height=\"500\" src=\"https:\/\/www.sweeek.fr\/blog\/wp-content\/uploads\/2022\/04\/canape-ivar.jpg\" alt=\"canap\u00e9 velours bleu \" class=\"wp-image-8818\" srcset=\"https:\/\/www.sweeek.fr\/blog\/wp-content\/uploads\/2022\/04\/canape-ivar.jpg 715w, https:\/\/www.sweeek.fr\/blog\/wp-content\/uploads\/2022\/04\/canape-ivar-300x210.jpg 300w\" sizes=\"(max-width: 715px) 100vw, 715px\" \/><\/figure>\n<\/div>\n<\/div>\n\n\n\n<h2 class=\"wp-block-heading\">Les Meubles<\/h2>\n\n\n\n<p>Rien de pire qu\u2019un salon \u00e9troit am\u00e9nag\u00e9 avec des meubles imposants, on sent d\u00e9j\u00e0 notre claustrophobie revenir au galop. Au secours, on veut respirer ! Alors pour les meubles, il y a 2 \u00e9coles :<\/p>\n\n\n\n<ul class=\"wp-block-list\">\n\n<li>Soit, vous optez pour des&nbsp;<strong>meubles enfilades peu profonds<\/strong>. Un meuble sur mesure par exemple, qui int\u00e8gre chemin\u00e9e, rangement et fera office de&nbsp;<a title=\"Mobilier int\u00e9rieur : Acheter un meuble TV\" href=\"https:\/\/www.sweeek.fr\/meubles-de-salon\/meuble-tv\">meuble TV<\/a>. C\u2019est design et pas du tout \u00e9touffant.<\/li>\n\n\n<li>Soit,&nbsp;<strong>vous variez les formes<\/strong>&nbsp;pour \u00e9viter l\u2019effet galerie. (\u00e0 part si le style mus\u00e9e, c\u2019est votre truc, \u00e9videmment, on ne juge pas).<\/li>\n\n<\/ul>\n\n\n\n<p>Donc, du&nbsp;<strong>mobilier bas<\/strong>&nbsp;et pas tr\u00e8s large, parce que \u00e7a n\u2019\u00e9touffe pas la pi\u00e8ce et le plafond semble plus haut, comme par magie. Une&nbsp;<strong>table ovale ou ronde<\/strong>&nbsp;et des&nbsp;<strong>\u00e9tag\u00e8res murales g\u00e9om\u00e9triques<\/strong>. Ce meuble haut vous fait de l\u2019\u0153il et il vous le faut absolument dans votre salon ? Ok, mais pourvu qu\u2019il soit peu profond et pas tr\u00e8s large.<\/p>\n\n\n\n<p>Les&nbsp;<strong>tables gigognes<\/strong>, vous connaissez ? C\u2019est l\u00e9ger et \u00e7a se d\u00e9place facilement. La semaine, j\u2019en mets une au centre du salon pour poser t\u00e9l\u00e9commande et magazines, l\u2019autre en bout de canap\u00e9 pour poser ma jolie plante. Vendredi soir, ap\u00e9ro, bim, je les rapproche et voil\u00e0 une super&nbsp;\n<a title=\"Mobilier int\u00e9rieur : Acheter une table basse\" href=\"https:\/\/www.sweeek.fr\/meubles-de-salon\/table-basse\">table basse<\/a>&nbsp;originale!<\/p>\n\n\n\n<p>C\u00f4t\u00e9 couleurs, peu importe le style de votre espace, optez pour une&nbsp;<strong>couleur claire<\/strong>, du blanc ou du bois clair. Le bois fonc\u00e9 revient en force sur les blogs d\u00e9co mais malheureusement pas dans votre salon en longueur.<\/p>\n\n\n\n<p>Canap\u00e9 ok, table basse ok, maintenant pour casser ce petit c\u00f4t\u00e9 bien ordonn\u00e9,&nbsp;<strong>ajoutez un fauteuil et quelques poufs<\/strong>&nbsp;par-ci par-l\u00e0.<\/p>\n\n\n<div class=\"wp-block-image\">\n<figure class=\"alignright\"><img decoding=\"async\" src=\"https:\/\/api.sweeek.io\/uploads\/wysiwyg\/buffet-cottage.jpg\" alt=\"commode blanche 3 tiroirs\"\/><\/figure>\n<\/div>\n\n\n<h2 class=\"wp-block-heading\">L\u2019am\u00e9nagement du salon<\/h2>\n\n\n\n<p>Vous avez choisi vos meubles ? Parfait, maintenant, on passe \u00e0 l\u2019\u00e9tape plus muscl\u00e9e : l\u2019<strong>am\u00e9nagement de l\u2019espace<\/strong>. 2 choses \u00e0 savoir pour am\u00e9nager un salon en longueur :<\/p>\n\n\n\n<ul class=\"wp-block-list\">\n\n<li><strong>Investir les murs \u00e9troits<\/strong>&nbsp;: Si possible, il vaut mieux d\u00e9gager les c\u00f4t\u00e9s longs pour une circulation plus facile et puis cela permet d\u2019agrandir la pi\u00e8ce. \u00c9videmment, du coup, \u00e7a vous oblige \u00e0 choisir du plus petit mobilier, mais comme tout ce qui est petit est mignon, ce n\u2019est pas tr\u00e8s grave.<\/li>\n\n\n<li><strong>Vers la lumi\u00e8re<\/strong>&nbsp;: On oriente le salon vers une fen\u00eatre ou une baie vitr\u00e9e. Premi\u00e8rement, parce que comme des chats dans la nuit, nous sommes naturellement attir\u00e9s par la lumi\u00e8re. Deuxi\u00e8mement, la lumi\u00e8re naturelle agrandit la pi\u00e8ce. Et si vos voisins un peu curieux vous d\u00e9rangent, des jolis voilages couleur claire feront l\u2019affaire. Si \u00e7a ne vous arrange pas (on peut comprendre, vous n\u2019avez pas pr\u00e9vu de mettre vos meubles comme \u00e7a), jouez la carte de la profondeur et installez votre canap\u00e9 dans le prolongement d\u2019un couloir, ou d\u2019un escalier par exemple. Cela va agrandir visuellement la pi\u00e8ce.<\/li>\n\n<\/ul>\n\n\n\n<h2 class=\"wp-block-heading\">La d\u00e9coration<\/h2>\n\n\n\n<p>Dernier d\u00e9tail et pas des moindres et un peu la partie qu\u2019on pr\u00e9f\u00e8re aussi, la&nbsp;<strong>d\u00e9coration<\/strong>. Pour avoir un salon styl\u00e9 jusqu\u2019au parquet et avant de piner \u00e0 gogo sur Pinterest, voici nos astuces.<\/p>\n\n\n\n<ul class=\"wp-block-list\">\n\n<li><strong>Le sol<\/strong>&nbsp;: On commence par ce qu\u2019il va y avoir sous vos pieds. Surtout pas de motifs, on vous conseille plut\u00f4t un sol uniforme comme le b\u00e9ton cir\u00e9 ou le parquet. Le parquet se pose dans le sens de la largeur pour \u00e9largir la pi\u00e8ce. Le parquet chevron est pas mal car ses pointes vont apporter un certain dynamisme et casser la longueur du salon. La petite astuce : lorsque le sol est plus fonc\u00e9 que le mur cela agrandit visuellement la pi\u00e8ce, on vous dit \u00e7a comme \u00e7a\u2026.<\/li>\n\n\n<li><strong>Le tapis<\/strong>&nbsp;: Rond, ovale ou carr\u00e9, comme pour le sol on \u00e9vite les motifs et on pr\u00e9f\u00e8re une couleur neutre.<\/li>\n\n\n<li><strong>Les murs<\/strong>&nbsp;: Sur les murs, on veut de la clart\u00e9 et de la lumi\u00e8re, plut\u00f4t donc des couleurs beiges, cr\u00e8me, taupe ou gris. Trop terne pour vous ? Alors rose poudr\u00e9, vert d\u2019eau\u2026. Des couleurs douces, c\u2019est bien aussi. Si vous avez craqu\u00e9 sur un bleu canard ou un vert sapin ou un tr\u00e8s joli papier peint, vous pouvez peindre un seul mur dans votre pi\u00e8ce, cela tranchera avec le reste de la pi\u00e8ce et apportera du rythme. Le tout c\u2019est d\u2019\u00e9viter le total look, habiller une partie des murs permet de casser l\u2019effet couloir. Vous avez la chance d\u2019avoir une niche, un renfoncement ou une chemin\u00e9e ? Mettez-les en couleur pour ajouter du relief et les mettre en valeur.<\/li>\n\n\n<li><strong>Les\u00a0<a href=\"https:\/\/www.sweeek.fr\/decoration\/objets-deco\">objets d\u00e9co<\/a><\/strong>\u00a0: grand mur = grand miroir, oblig\u00e9 ! Sinon, au-dessus du canap\u00e9, dans le sens de la longueur ou alors on accroche plusieurs miroirs de formes diff\u00e9rentes pour une d\u00e9co au top. Sinon, pour casser la monotonie des longs murs, vous pouvez aussi, en plus des miroirs, accrocher des cadres ou cr\u00e9er un petit coin biblioth\u00e8que. Essayez de ne pas en faire de trop avec la d\u00e9coration, parce qu\u2019encore une fois, on essaye d\u2019\u00e9viter l\u2019effet d\u2019encombrement.<\/li>\n\n<\/ul>\n\n\n<div class=\"wp-block-image\">\n<figure class=\"aligncenter\"><img decoding=\"async\" src=\"https:\/\/api.sweeek.io\/uploads\/wysiwyg\/mirroir-bois-blanc.jpg\" alt=\"miroir exterieur \"\/><\/figure>\n<\/div>\n\n\n<p>Voil\u00e0, on a fait le tour de votre&nbsp;<strong>nouveau salon<\/strong>. Un&nbsp;<strong>canap\u00e9<\/strong>, une&nbsp;<strong>table basse<\/strong>, du&nbsp;<strong>mobilier<\/strong>, des&nbsp;<strong>rangements<\/strong>, de la&nbsp;<strong>d\u00e9coration<\/strong>, \u00e0 vous maintenant d\u2019assembler les pi\u00e8ces de votre puzzle pour&nbsp;<strong>cr\u00e9er un salon en longueur \u00e0 votre image<\/strong>&nbsp;!<\/p>\n\n\n\n<div class=\"wp-block-group has-white-color has-text-color has-background\" style=\"background-color:#f2f2f2\"><div class=\"wp-block-group__inner-container is-layout-flow wp-block-group-is-layout-flow\">\n<h2 class=\"alignfull has-text-align-center has-black-color has-text-color wp-block-heading\" style=\"font-size:30px;font-style:normal;font-weight:400\">La s\u00e9lection de sweeek<\/h2>\n\n\n\n<div style=\"height:21px\" aria-hidden=\"true\" class=\"wp-block-spacer\"><\/div>\n\n\n\n<div class=\"wp-block-columns is-layout-flex wp-container-core-columns-is-layout-9d6595d7 wp-block-columns-is-layout-flex\">\n<div class=\"wp-block-column is-layout-flow wp-block-column-is-layout-flow\"><div class=\"wp-block-image\">\n<figure class=\"aligncenter size-large\"><a href=\"https:\/\/www.sweeek.fr\/product\/etagere-asymetrique-en-metal-noir-decor-bois\" target=\"_blank\" rel=\"noreferrer noopener\"><img decoding=\"async\" src=\"https:\/\/www.sweeek.fr\/blog\/wp-content\/uploads\/2022\/06\/Nouveau-projet-2022-06-01T141425.148.jpg\" alt=\"Etag\u00e8re asym\u00e9trique en bois m\u00e9tal noir &amp; d\u00e9cor bois - LOFT\"\/><\/a><\/figure>\n<\/div>\n\n\n<h3 class=\"has-text-align-center has-black-color has-text-color wp-block-heading\" style=\"font-style:normal;font-weight:400\">Etag\u00e8re asym\u00e9trique en bois m\u00e9tal noir &amp; d\u00e9cor bois &#8211; LOFT<\/h3>\n\n\n\n<div style=\"height:15px\" aria-hidden=\"true\" class=\"wp-block-spacer\"><\/div>\n<\/div>\n\n\n\n<div class=\"wp-block-column is-layout-flow wp-block-column-is-layout-flow\"><div class=\"wp-block-image\">\n<figure class=\"aligncenter size-large\"><a href=\"https:\/\/www.sweeek.fr\/product\/table-basse-metal-noir-100x50x36cm-industriel\" target=\"_blank\" rel=\"noopener\"><img loading=\"lazy\" decoding=\"async\" width=\"1024\" height=\"1024\" src=\"https:\/\/www.sweeek.fr\/blog\/wp-content\/uploads\/2022\/04\/induct100bk-5951c124fad10df861bc9aec4ff192a6-1024x1024.webp\" alt=\"table-basse-industrielle-metal\" class=\"wp-image-21840\" srcset=\"https:\/\/www.sweeek.fr\/blog\/wp-content\/uploads\/2022\/04\/induct100bk-5951c124fad10df861bc9aec4ff192a6-1024x1024.webp 1024w, https:\/\/www.sweeek.fr\/blog\/wp-content\/uploads\/2022\/04\/induct100bk-5951c124fad10df861bc9aec4ff192a6-300x300.webp 300w, https:\/\/www.sweeek.fr\/blog\/wp-content\/uploads\/2022\/04\/induct100bk-5951c124fad10df861bc9aec4ff192a6-150x150.webp 150w, https:\/\/www.sweeek.fr\/blog\/wp-content\/uploads\/2022\/04\/induct100bk-5951c124fad10df861bc9aec4ff192a6-768x768.webp 768w, https:\/\/www.sweeek.fr\/blog\/wp-content\/uploads\/2022\/04\/induct100bk-5951c124fad10df861bc9aec4ff192a6-600x600.webp 600w, https:\/\/www.sweeek.fr\/blog\/wp-content\/uploads\/2022\/04\/induct100bk-5951c124fad10df861bc9aec4ff192a6.webp 1500w\" sizes=\"(max-width: 1024px) 100vw, 1024px\" \/><\/a><\/figure>\n<\/div>\n\n\n<h3 class=\"has-text-align-center wp-block-heading\" style=\"font-style:normal;font-weight:400\">Table basse industrielle rectangulaire m\u00e9tal &#8211; INDUSTRIELLE<\/h3>\n<\/div>\n\n\n\n<div class=\"wp-block-column is-layout-flow wp-block-column-is-layout-flow\"><div class=\"wp-block-image\">\n<figure class=\"aligncenter size-large\"><a href=\"https:\/\/www.sweeek.fr\/product\/canape-d-angle-convertible-en-tissu-gris-clair-ida-3-places-fauteuil-d-angle-reversible-coffre-rangement-lit-modulable\"><img decoding=\"async\" src=\"https:\/\/sweeek.twic.pics\/products\/44107\/original\/iccsofalg-18dbb1a9645060f785248bb0b67436cb.jpg?twic=v1\/resize=1800x1800\/resize=1500\/quality=70\" alt=\"Canap\u00e9 d'angle convertible - IDA \"\/><\/a><\/figure>\n<\/div>\n\n\n<h3 class=\"has-text-align-center has-black-color has-text-color wp-block-heading\" style=\"font-style:normal;font-weight:400\">Canap\u00e9 d&rsquo;angle convertible &#8211; IDA <\/h3>\n\n\n\n<div style=\"height:15px\" aria-hidden=\"true\" class=\"wp-block-spacer\"><\/div>\n<\/div>\n<\/div>\n<\/div><\/div>\n","protected":false},"excerpt":{"rendered":"<p>Champagne ! Vous voil\u00e0 proprio d\u2019une&nbsp;belle maison 1930&nbsp;avec tout ce qui fait son charme : De la hauteur et des pi\u00e8ces en enfilade.&nbsp;Cuisine, salle \u00e0 manger,&nbsp;salon, tout s\u2019encha\u00eene dans un d\u00e9filement de pi\u00e8ces assez \u00e9troites. Canon ! Mais qu\u2019on se le dise, ce n\u2019est pas ce qui est de plus facile \u00e0 am\u00e9nager. Vous savez [&hellip;]<\/p>\n","protected":false},"author":4,"featured_media":19043,"comment_status":"open","ping_status":"closed","sticky":false,"template":"","format":"standard","meta":{"inline_featured_image":false,"_uag_custom_page_level_css":"","ocean_post_layout":"","ocean_both_sidebars_style":"","ocean_both_sidebars_content_width":0,"ocean_both_sidebars_sidebars_width":0,"ocean_sidebar":"0","ocean_second_sidebar":"0","ocean_disable_margins":"enable","ocean_add_body_class":"","ocean_shortcode_before_top_bar":"","ocean_shortcode_after_top_bar":"","ocean_shortcode_before_header":"","ocean_shortcode_after_header":"","ocean_has_shortcode":"","ocean_shortcode_after_title":"","ocean_shortcode_before_footer_widgets":"","ocean_shortcode_after_footer_widgets":"","ocean_shortcode_before_footer_bottom":"","ocean_shortcode_after_footer_bottom":"","ocean_display_top_bar":"default","ocean_display_header":"default","ocean_header_style":"","ocean_center_header_left_menu":"0","ocean_custom_header_template":"0","ocean_custom_logo":0,"ocean_custom_retina_logo":0,"ocean_custom_logo_max_width":0,"ocean_custom_logo_tablet_max_width":0,"ocean_custom_logo_mobile_max_width":0,"ocean_custom_logo_max_height":0,"ocean_custom_logo_tablet_max_height":0,"ocean_custom_logo_mobile_max_height":0,"ocean_header_custom_menu":"0","ocean_menu_typo_font_family":"0","ocean_menu_typo_font_subset":"","ocean_menu_typo_font_size":0,"ocean_menu_typo_font_size_tablet":0,"ocean_menu_typo_font_size_mobile":0,"ocean_menu_typo_font_size_unit":"px","ocean_menu_typo_font_weight":"","ocean_menu_typo_font_weight_tablet":"","ocean_menu_typo_font_weight_mobile":"","ocean_menu_typo_transform":"","ocean_menu_typo_transform_tablet":"","ocean_menu_typo_transform_mobile":"","ocean_menu_typo_line_height":0,"ocean_menu_typo_line_height_tablet":0,"ocean_menu_typo_line_height_mobile":0,"ocean_menu_typo_line_height_unit":"","ocean_menu_typo_spacing":0,"ocean_menu_typo_spacing_tablet":0,"ocean_menu_typo_spacing_mobile":0,"ocean_menu_typo_spacing_unit":"","ocean_menu_link_color":"","ocean_menu_link_color_hover":"","ocean_menu_link_color_active":"","ocean_menu_link_background":"","ocean_menu_link_hover_background":"","ocean_menu_link_active_background":"","ocean_menu_social_links_bg":"","ocean_menu_social_hover_links_bg":"","ocean_menu_social_links_color":"","ocean_menu_social_hover_links_color":"","ocean_disable_title":"default","ocean_disable_heading":"default","ocean_post_title":"","ocean_post_subheading":"","ocean_post_title_style":"","ocean_post_title_background_color":"","ocean_post_title_background":0,"ocean_post_title_bg_image_position":"","ocean_post_title_bg_image_attachment":"","ocean_post_title_bg_image_repeat":"","ocean_post_title_bg_image_size":"","ocean_post_title_height":0,"ocean_post_title_bg_overlay":0.5,"ocean_post_title_bg_overlay_color":"","ocean_disable_breadcrumbs":"default","ocean_breadcrumbs_color":"","ocean_breadcrumbs_separator_color":"","ocean_breadcrumbs_links_color":"","ocean_breadcrumbs_links_hover_color":"","ocean_display_footer_widgets":"default","ocean_display_footer_bottom":"default","ocean_custom_footer_template":"0","ocean_post_oembed":"","ocean_post_self_hosted_media":"","ocean_post_video_embed":"","ocean_link_format":"","ocean_link_format_target":"self","ocean_quote_format":"","ocean_quote_format_link":"post","ocean_gallery_link_images":"off","ocean_gallery_id":[],"footnotes":""},"categories":[377],"tags":[],"class_list":["post-8815","post","type-post","status-publish","format-standard","has-post-thumbnail","hentry","category-salon","entry","has-media"],"yoast_head":"<!-- This site is optimized with the Yoast SEO plugin v27.3 - https:\/\/yoast.com\/product\/yoast-seo-wordpress\/ -->\n<title>Comment am\u00e9nager un salon en longueur ? &#8211; Les Conseils sweeek<\/title>\n<meta name=\"description\" content=\"D\u00e9couvrez les conseils de sweeek pour bien am\u00e9nager un salon tout en longueur : choix des meubles, d\u00e9coration, on vous explique tout !\" \/>\n<meta name=\"robots\" content=\"index, follow, max-snippet:-1, max-image-preview:large, max-video-preview:-1\" \/>\n<link rel=\"canonical\" href=\"https:\/\/www.sweeek.fr\/blog\/comment-amenager-un-salon-en-longueur\/\" \/>\n<meta property=\"og:locale\" content=\"fr_FR\" \/>\n<meta property=\"og:type\" content=\"article\" \/>\n<meta property=\"og:title\" content=\"Comment am\u00e9nager un salon en longueur ? &#8211; Les Conseils sweeek\" \/>\n<meta property=\"og:description\" content=\"D\u00e9couvrez les conseils de sweeek pour bien am\u00e9nager un salon tout en longueur : choix des meubles, d\u00e9coration, on vous explique tout !\" \/>\n<meta property=\"og:url\" content=\"https:\/\/www.sweeek.fr\/blog\/comment-amenager-un-salon-en-longueur\/\" \/>\n<meta property=\"og:site_name\" content=\"Les Conseils sweeek\" \/>\n<meta property=\"article:published_time\" content=\"2022-04-22T15:42:56+00:00\" \/>\n<meta property=\"article:modified_time\" content=\"2026-01-14T15:12:51+00:00\" \/>\n<meta property=\"og:image\" content=\"https:\/\/www.sweeek.fr\/blog\/wp-content\/uploads\/2022\/04\/amenager-salon-longueur.jpg\" \/>\n\t<meta property=\"og:image:width\" content=\"1024\" \/>\n\t<meta property=\"og:image:height\" content=\"682\" \/>\n\t<meta property=\"og:image:type\" content=\"image\/jpeg\" \/>\n<meta name=\"author\" content=\"Am\u00e9lie Capon\" \/>\n<meta name=\"twitter:card\" content=\"summary_large_image\" \/>\n<meta name=\"twitter:label1\" content=\"\u00c9crit par\" \/>\n\t<meta name=\"twitter:data1\" content=\"Am\u00e9lie Capon\" \/>\n\t<meta name=\"twitter:label2\" content=\"Dur\u00e9e de lecture estim\u00e9e\" \/>\n\t<meta name=\"twitter:data2\" content=\"8 minutes\" \/>\n<script type=\"application\/ld+json\" class=\"yoast-schema-graph\">{\"@context\":\"https:\\\/\\\/schema.org\",\"@graph\":[{\"@type\":\"Article\",\"@id\":\"https:\\\/\\\/www.sweeek.fr\\\/blog\\\/comment-amenager-un-salon-en-longueur\\\/#article\",\"isPartOf\":{\"@id\":\"https:\\\/\\\/www.sweeek.fr\\\/blog\\\/comment-amenager-un-salon-en-longueur\\\/\"},\"author\":{\"name\":\"Am\u00e9lie Capon\",\"@id\":\"https:\\\/\\\/www.sweeek.fr\\\/blog\\\/#\\\/schema\\\/person\\\/e97ba3e4a84bda73fe86070619e7640b\"},\"headline\":\"Comment am\u00e9nager un salon en longueur ?\",\"datePublished\":\"2022-04-22T15:42:56+00:00\",\"dateModified\":\"2026-01-14T15:12:51+00:00\",\"mainEntityOfPage\":{\"@id\":\"https:\\\/\\\/www.sweeek.fr\\\/blog\\\/comment-amenager-un-salon-en-longueur\\\/\"},\"wordCount\":1329,\"commentCount\":0,\"publisher\":{\"@id\":\"https:\\\/\\\/www.sweeek.fr\\\/blog\\\/#organization\"},\"image\":{\"@id\":\"https:\\\/\\\/www.sweeek.fr\\\/blog\\\/comment-amenager-un-salon-en-longueur\\\/#primaryimage\"},\"thumbnailUrl\":\"https:\\\/\\\/www.sweeek.fr\\\/blog\\\/wp-content\\\/uploads\\\/2022\\\/04\\\/amenager-salon-longueur.jpg\",\"articleSection\":[\"Salon\"],\"inLanguage\":\"fr-FR\",\"potentialAction\":[{\"@type\":\"CommentAction\",\"name\":\"Comment\",\"target\":[\"https:\\\/\\\/www.sweeek.fr\\\/blog\\\/comment-amenager-un-salon-en-longueur\\\/#respond\"]}]},{\"@type\":\"WebPage\",\"@id\":\"https:\\\/\\\/www.sweeek.fr\\\/blog\\\/comment-amenager-un-salon-en-longueur\\\/\",\"url\":\"https:\\\/\\\/www.sweeek.fr\\\/blog\\\/comment-amenager-un-salon-en-longueur\\\/\",\"name\":\"Comment am\u00e9nager un salon en longueur ? &#8211; Les Conseils sweeek\",\"isPartOf\":{\"@id\":\"https:\\\/\\\/www.sweeek.fr\\\/blog\\\/#website\"},\"primaryImageOfPage\":{\"@id\":\"https:\\\/\\\/www.sweeek.fr\\\/blog\\\/comment-amenager-un-salon-en-longueur\\\/#primaryimage\"},\"image\":{\"@id\":\"https:\\\/\\\/www.sweeek.fr\\\/blog\\\/comment-amenager-un-salon-en-longueur\\\/#primaryimage\"},\"thumbnailUrl\":\"https:\\\/\\\/www.sweeek.fr\\\/blog\\\/wp-content\\\/uploads\\\/2022\\\/04\\\/amenager-salon-longueur.jpg\",\"datePublished\":\"2022-04-22T15:42:56+00:00\",\"dateModified\":\"2026-01-14T15:12:51+00:00\",\"description\":\"D\u00e9couvrez les conseils de sweeek pour bien am\u00e9nager un salon tout en longueur : choix des meubles, d\u00e9coration, on vous explique tout !\",\"breadcrumb\":{\"@id\":\"https:\\\/\\\/www.sweeek.fr\\\/blog\\\/comment-amenager-un-salon-en-longueur\\\/#breadcrumb\"},\"inLanguage\":\"fr-FR\",\"potentialAction\":[{\"@type\":\"ReadAction\",\"target\":[\"https:\\\/\\\/www.sweeek.fr\\\/blog\\\/comment-amenager-un-salon-en-longueur\\\/\"]}]},{\"@type\":\"ImageObject\",\"inLanguage\":\"fr-FR\",\"@id\":\"https:\\\/\\\/www.sweeek.fr\\\/blog\\\/comment-amenager-un-salon-en-longueur\\\/#primaryimage\",\"url\":\"https:\\\/\\\/www.sweeek.fr\\\/blog\\\/wp-content\\\/uploads\\\/2022\\\/04\\\/amenager-salon-longueur.jpg\",\"contentUrl\":\"https:\\\/\\\/www.sweeek.fr\\\/blog\\\/wp-content\\\/uploads\\\/2022\\\/04\\\/amenager-salon-longueur.jpg\",\"width\":1024,\"height\":682,\"caption\":\"am\u00e9nager salon longueur\"},{\"@type\":\"BreadcrumbList\",\"@id\":\"https:\\\/\\\/www.sweeek.fr\\\/blog\\\/comment-amenager-un-salon-en-longueur\\\/#breadcrumb\",\"itemListElement\":[{\"@type\":\"ListItem\",\"position\":1,\"name\":\"Accueil\",\"item\":\"https:\\\/\\\/www.sweeek.fr\\\/blog\\\/\"},{\"@type\":\"ListItem\",\"position\":2,\"name\":\"Comment am\u00e9nager un salon en longueur ?\"}]},{\"@type\":\"WebSite\",\"@id\":\"https:\\\/\\\/www.sweeek.fr\\\/blog\\\/#website\",\"url\":\"https:\\\/\\\/www.sweeek.fr\\\/blog\\\/\",\"name\":\"Les Conseils sweeek\",\"description\":\"Conseils et inspirations\",\"publisher\":{\"@id\":\"https:\\\/\\\/www.sweeek.fr\\\/blog\\\/#organization\"},\"potentialAction\":[{\"@type\":\"SearchAction\",\"target\":{\"@type\":\"EntryPoint\",\"urlTemplate\":\"https:\\\/\\\/www.sweeek.fr\\\/blog\\\/?s={search_term_string}\"},\"query-input\":{\"@type\":\"PropertyValueSpecification\",\"valueRequired\":true,\"valueName\":\"search_term_string\"}}],\"inLanguage\":\"fr-FR\"},{\"@type\":\"Organization\",\"@id\":\"https:\\\/\\\/www.sweeek.fr\\\/blog\\\/#organization\",\"name\":\"sweeek\",\"url\":\"https:\\\/\\\/www.sweeek.fr\\\/blog\\\/\",\"logo\":{\"@type\":\"ImageObject\",\"inLanguage\":\"fr-FR\",\"@id\":\"https:\\\/\\\/www.sweeek.fr\\\/blog\\\/#\\\/schema\\\/logo\\\/image\\\/\",\"url\":\"https:\\\/\\\/www.sweeek.fr\\\/blog\\\/wp-content\\\/uploads\\\/2023\\\/10\\\/blog-sweeek-logo2.png\",\"contentUrl\":\"https:\\\/\\\/www.sweeek.fr\\\/blog\\\/wp-content\\\/uploads\\\/2023\\\/10\\\/blog-sweeek-logo2.png\",\"width\":328,\"height\":90,\"caption\":\"sweeek\"},\"image\":{\"@id\":\"https:\\\/\\\/www.sweeek.fr\\\/blog\\\/#\\\/schema\\\/logo\\\/image\\\/\"}},{\"@type\":\"Person\",\"@id\":\"https:\\\/\\\/www.sweeek.fr\\\/blog\\\/#\\\/schema\\\/person\\\/e97ba3e4a84bda73fe86070619e7640b\",\"name\":\"Am\u00e9lie Capon\",\"image\":{\"@type\":\"ImageObject\",\"inLanguage\":\"fr-FR\",\"@id\":\"https:\\\/\\\/secure.gravatar.com\\\/avatar\\\/042e4b25b2641d47117ebfaf786a00f66fd827d54a130982af74eb1f062ce832?s=96&d=mm&r=g\",\"url\":\"https:\\\/\\\/secure.gravatar.com\\\/avatar\\\/042e4b25b2641d47117ebfaf786a00f66fd827d54a130982af74eb1f062ce832?s=96&d=mm&r=g\",\"contentUrl\":\"https:\\\/\\\/secure.gravatar.com\\\/avatar\\\/042e4b25b2641d47117ebfaf786a00f66fd827d54a130982af74eb1f062ce832?s=96&d=mm&r=g\",\"caption\":\"Am\u00e9lie Capon\"}}]}<\/script>\n<!-- \/ Yoast SEO plugin. -->","yoast_head_json":{"title":"Comment am\u00e9nager un salon en longueur ? &#8211; Les Conseils sweeek","description":"D\u00e9couvrez les conseils de sweeek pour bien am\u00e9nager un salon tout en longueur : choix des meubles, d\u00e9coration, on vous explique tout !","robots":{"index":"index","follow":"follow","max-snippet":"max-snippet:-1","max-image-preview":"max-image-preview:large","max-video-preview":"max-video-preview:-1"},"canonical":"https:\/\/www.sweeek.fr\/blog\/comment-amenager-un-salon-en-longueur\/","og_locale":"fr_FR","og_type":"article","og_title":"Comment am\u00e9nager un salon en longueur ? &#8211; Les Conseils sweeek","og_description":"D\u00e9couvrez les conseils de sweeek pour bien am\u00e9nager un salon tout en longueur : choix des meubles, d\u00e9coration, on vous explique tout !","og_url":"https:\/\/www.sweeek.fr\/blog\/comment-amenager-un-salon-en-longueur\/","og_site_name":"Les Conseils sweeek","article_published_time":"2022-04-22T15:42:56+00:00","article_modified_time":"2026-01-14T15:12:51+00:00","og_image":[{"width":1024,"height":682,"url":"https:\/\/www.sweeek.fr\/blog\/wp-content\/uploads\/2022\/04\/amenager-salon-longueur.jpg","type":"image\/jpeg"}],"author":"Am\u00e9lie Capon","twitter_card":"summary_large_image","twitter_misc":{"\u00c9crit par":"Am\u00e9lie Capon","Dur\u00e9e de lecture estim\u00e9e":"8 minutes"},"schema":{"@context":"https:\/\/schema.org","@graph":[{"@type":"Article","@id":"https:\/\/www.sweeek.fr\/blog\/comment-amenager-un-salon-en-longueur\/#article","isPartOf":{"@id":"https:\/\/www.sweeek.fr\/blog\/comment-amenager-un-salon-en-longueur\/"},"author":{"name":"Am\u00e9lie Capon","@id":"https:\/\/www.sweeek.fr\/blog\/#\/schema\/person\/e97ba3e4a84bda73fe86070619e7640b"},"headline":"Comment am\u00e9nager un salon en longueur ?","datePublished":"2022-04-22T15:42:56+00:00","dateModified":"2026-01-14T15:12:51+00:00","mainEntityOfPage":{"@id":"https:\/\/www.sweeek.fr\/blog\/comment-amenager-un-salon-en-longueur\/"},"wordCount":1329,"commentCount":0,"publisher":{"@id":"https:\/\/www.sweeek.fr\/blog\/#organization"},"image":{"@id":"https:\/\/www.sweeek.fr\/blog\/comment-amenager-un-salon-en-longueur\/#primaryimage"},"thumbnailUrl":"https:\/\/www.sweeek.fr\/blog\/wp-content\/uploads\/2022\/04\/amenager-salon-longueur.jpg","articleSection":["Salon"],"inLanguage":"fr-FR","potentialAction":[{"@type":"CommentAction","name":"Comment","target":["https:\/\/www.sweeek.fr\/blog\/comment-amenager-un-salon-en-longueur\/#respond"]}]},{"@type":"WebPage","@id":"https:\/\/www.sweeek.fr\/blog\/comment-amenager-un-salon-en-longueur\/","url":"https:\/\/www.sweeek.fr\/blog\/comment-amenager-un-salon-en-longueur\/","name":"Comment am\u00e9nager un salon en longueur ? &#8211; Les Conseils sweeek","isPartOf":{"@id":"https:\/\/www.sweeek.fr\/blog\/#website"},"primaryImageOfPage":{"@id":"https:\/\/www.sweeek.fr\/blog\/comment-amenager-un-salon-en-longueur\/#primaryimage"},"image":{"@id":"https:\/\/www.sweeek.fr\/blog\/comment-amenager-un-salon-en-longueur\/#primaryimage"},"thumbnailUrl":"https:\/\/www.sweeek.fr\/blog\/wp-content\/uploads\/2022\/04\/amenager-salon-longueur.jpg","datePublished":"2022-04-22T15:42:56+00:00","dateModified":"2026-01-14T15:12:51+00:00","description":"D\u00e9couvrez les conseils de sweeek pour bien am\u00e9nager un salon tout en longueur : choix des meubles, d\u00e9coration, on vous explique tout !","breadcrumb":{"@id":"https:\/\/www.sweeek.fr\/blog\/comment-amenager-un-salon-en-longueur\/#breadcrumb"},"inLanguage":"fr-FR","potentialAction":[{"@type":"ReadAction","target":["https:\/\/www.sweeek.fr\/blog\/comment-amenager-un-salon-en-longueur\/"]}]},{"@type":"ImageObject","inLanguage":"fr-FR","@id":"https:\/\/www.sweeek.fr\/blog\/comment-amenager-un-salon-en-longueur\/#primaryimage","url":"https:\/\/www.sweeek.fr\/blog\/wp-content\/uploads\/2022\/04\/amenager-salon-longueur.jpg","contentUrl":"https:\/\/www.sweeek.fr\/blog\/wp-content\/uploads\/2022\/04\/amenager-salon-longueur.jpg","width":1024,"height":682,"caption":"am\u00e9nager salon longueur"},{"@type":"BreadcrumbList","@id":"https:\/\/www.sweeek.fr\/blog\/comment-amenager-un-salon-en-longueur\/#breadcrumb","itemListElement":[{"@type":"ListItem","position":1,"name":"Accueil","item":"https:\/\/www.sweeek.fr\/blog\/"},{"@type":"ListItem","position":2,"name":"Comment am\u00e9nager un salon en longueur ?"}]},{"@type":"WebSite","@id":"https:\/\/www.sweeek.fr\/blog\/#website","url":"https:\/\/www.sweeek.fr\/blog\/","name":"Les Conseils sweeek","description":"Conseils et inspirations","publisher":{"@id":"https:\/\/www.sweeek.fr\/blog\/#organization"},"potentialAction":[{"@type":"SearchAction","target":{"@type":"EntryPoint","urlTemplate":"https:\/\/www.sweeek.fr\/blog\/?s={search_term_string}"},"query-input":{"@type":"PropertyValueSpecification","valueRequired":true,"valueName":"search_term_string"}}],"inLanguage":"fr-FR"},{"@type":"Organization","@id":"https:\/\/www.sweeek.fr\/blog\/#organization","name":"sweeek","url":"https:\/\/www.sweeek.fr\/blog\/","logo":{"@type":"ImageObject","inLanguage":"fr-FR","@id":"https:\/\/www.sweeek.fr\/blog\/#\/schema\/logo\/image\/","url":"https:\/\/www.sweeek.fr\/blog\/wp-content\/uploads\/2023\/10\/blog-sweeek-logo2.png","contentUrl":"https:\/\/www.sweeek.fr\/blog\/wp-content\/uploads\/2023\/10\/blog-sweeek-logo2.png","width":328,"height":90,"caption":"sweeek"},"image":{"@id":"https:\/\/www.sweeek.fr\/blog\/#\/schema\/logo\/image\/"}},{"@type":"Person","@id":"https:\/\/www.sweeek.fr\/blog\/#\/schema\/person\/e97ba3e4a84bda73fe86070619e7640b","name":"Am\u00e9lie Capon","image":{"@type":"ImageObject","inLanguage":"fr-FR","@id":"https:\/\/secure.gravatar.com\/avatar\/042e4b25b2641d47117ebfaf786a00f66fd827d54a130982af74eb1f062ce832?s=96&d=mm&r=g","url":"https:\/\/secure.gravatar.com\/avatar\/042e4b25b2641d47117ebfaf786a00f66fd827d54a130982af74eb1f062ce832?s=96&d=mm&r=g","contentUrl":"https:\/\/secure.gravatar.com\/avatar\/042e4b25b2641d47117ebfaf786a00f66fd827d54a130982af74eb1f062ce832?s=96&d=mm&r=g","caption":"Am\u00e9lie Capon"}}]}},"uagb_featured_image_src":{"full":["https:\/\/www.sweeek.fr\/blog\/wp-content\/uploads\/2022\/04\/amenager-salon-longueur.jpg",1024,682,false],"thumbnail":["https:\/\/www.sweeek.fr\/blog\/wp-content\/uploads\/2022\/04\/amenager-salon-longueur-150x150.jpg",150,150,true],"medium":["https:\/\/www.sweeek.fr\/blog\/wp-content\/uploads\/2022\/04\/amenager-salon-longueur-300x200.jpg",300,200,true],"medium_large":["https:\/\/www.sweeek.fr\/blog\/wp-content\/uploads\/2022\/04\/amenager-salon-longueur-768x512.jpg",768,512,true],"large":["https:\/\/www.sweeek.fr\/blog\/wp-content\/uploads\/2022\/04\/amenager-salon-longueur.jpg",1024,682,false],"1536x1536":["https:\/\/www.sweeek.fr\/blog\/wp-content\/uploads\/2022\/04\/amenager-salon-longueur.jpg",1024,682,false],"2048x2048":["https:\/\/www.sweeek.fr\/blog\/wp-content\/uploads\/2022\/04\/amenager-salon-longueur.jpg",1024,682,false],"ocean-thumb-m":["https:\/\/www.sweeek.fr\/blog\/wp-content\/uploads\/2022\/04\/amenager-salon-longueur-600x600.jpg",600,600,true],"ocean-thumb-ml":["https:\/\/www.sweeek.fr\/blog\/wp-content\/uploads\/2022\/04\/amenager-salon-longueur-800x450.jpg",800,450,true],"ocean-thumb-l":["https:\/\/www.sweeek.fr\/blog\/wp-content\/uploads\/2022\/04\/amenager-salon-longueur.jpg",1024,682,false]},"uagb_author_info":{"display_name":"Am\u00e9lie Capon","author_link":"https:\/\/www.sweeek.fr\/blog"},"uagb_comment_info":0,"uagb_excerpt":"Champagne ! Vous voil\u00e0 proprio d\u2019une&nbsp;belle maison 1930&nbsp;avec tout ce qui fait son charme : De la hauteur et des pi\u00e8ces en enfilade.&nbsp;Cuisine, salle \u00e0 manger,&nbsp;salon, tout s\u2019encha\u00eene dans un d\u00e9filement de pi\u00e8ces assez \u00e9troites. Canon ! Mais qu\u2019on se le dise, ce n\u2019est pas ce qui est de plus facile \u00e0 am\u00e9nager. Vous savez\u2026","_links":{"self":[{"href":"https:\/\/www.sweeek.fr\/blog\/wp-json\/wp\/v2\/posts\/8815","targetHints":{"allow":["GET"]}}],"collection":[{"href":"https:\/\/www.sweeek.fr\/blog\/wp-json\/wp\/v2\/posts"}],"about":[{"href":"https:\/\/www.sweeek.fr\/blog\/wp-json\/wp\/v2\/types\/post"}],"author":[{"embeddable":true,"href":"https:\/\/www.sweeek.fr\/blog\/wp-json\/wp\/v2\/users\/4"}],"replies":[{"embeddable":true,"href":"https:\/\/www.sweeek.fr\/blog\/wp-json\/wp\/v2\/comments?post=8815"}],"version-history":[{"count":11,"href":"https:\/\/www.sweeek.fr\/blog\/wp-json\/wp\/v2\/posts\/8815\/revisions"}],"predecessor-version":[{"id":19697,"href":"https:\/\/www.sweeek.fr\/blog\/wp-json\/wp\/v2\/posts\/8815\/revisions\/19697"}],"wp:featuredmedia":[{"embeddable":true,"href":"https:\/\/www.sweeek.fr\/blog\/wp-json\/wp\/v2\/media\/19043"}],"wp:attachment":[{"href":"https:\/\/www.sweeek.fr\/blog\/wp-json\/wp\/v2\/media?parent=8815"}],"wp:term":[{"taxonomy":"category","embeddable":true,"href":"https:\/\/www.sweeek.fr\/blog\/wp-json\/wp\/v2\/categories?post=8815"},{"taxonomy":"post_tag","embeddable":true,"href":"https:\/\/www.sweeek.fr\/blog\/wp-json\/wp\/v2\/tags?post=8815"}],"curies":[{"name":"wp","href":"https:\/\/api.w.org\/{rel}","templated":true}]}}