{"id":8711,"date":"2022-04-22T15:27:11","date_gmt":"2022-04-22T13:27:11","guid":{"rendered":"https:\/\/www.sweeek.fr\/blog\/?p=8711"},"modified":"2024-07-22T10:25:59","modified_gmt":"2024-07-22T08:25:59","slug":"quel-melange-de-terre-pour-un-carre-potager","status":"publish","type":"post","link":"https:\/\/www.sweeek.fr\/blog\/quel-melange-de-terre-pour-un-carre-potager\/","title":{"rendered":"Quel m\u00e9lange de terre pour un carr\u00e9 potager ?"},"content":{"rendered":"\n<p>Vous venez d\u2019installer votre&nbsp;<strong>carr\u00e9 potager dans votre jardin<\/strong>&nbsp;et vous n\u2019avez qu\u2019une h\u00e2te, commencer vos cultures. Mais avant, vous devez&nbsp;<strong>le remplir avec de la terre.<\/strong>&nbsp;Pour que vos cultures vous donnent de beaux fruits et l\u00e9gumes, vous devez leur offrir une terre qui r\u00e9pond \u00e0 leurs besoins. Quel&nbsp;<strong>m\u00e9lange de terre<\/strong>&nbsp;faut-il utiliser pour mon&nbsp;<a href=\"https:\/\/www.sweeek.fr\/jardinage-outillage\/carre-potager\">carr\u00e9 potager<\/a>&nbsp;? Comment composer mon&nbsp;<strong>substrat<\/strong>&nbsp;? Nous r\u00e9pondons \u00e0 vos questions.<\/p>\n\n\n\n<div class=\"wp-block-columns is-layout-flex wp-container-core-columns-is-layout-9d6595d7 wp-block-columns-is-layout-flex\">\n<div class=\"wp-block-column is-layout-flow wp-block-column-is-layout-flow\">\n<figure class=\"wp-block-image size-large is-resized\"><img fetchpriority=\"high\" decoding=\"async\" src=\"https:\/\/www.sweeek.fr\/blog\/wp-content\/uploads\/2022\/04\/melangepotager-1024x286.jpg\" alt=\"\" class=\"wp-image-8712\" width=\"840\" height=\"234\" srcset=\"https:\/\/www.sweeek.fr\/blog\/wp-content\/uploads\/2022\/04\/melangepotager-1024x286.jpg 1024w, https:\/\/www.sweeek.fr\/blog\/wp-content\/uploads\/2022\/04\/melangepotager-300x84.jpg 300w, https:\/\/www.sweeek.fr\/blog\/wp-content\/uploads\/2022\/04\/melangepotager-768x215.jpg 768w, https:\/\/www.sweeek.fr\/blog\/wp-content\/uploads\/2022\/04\/melangepotager.jpg 1430w\" sizes=\"(max-width: 840px) 100vw, 840px\" \/><\/figure>\n<\/div>\n<\/div>\n\n\n\n<h2 class=\"wp-block-heading\">Les besoins du carr\u00e9 potager<\/h2>\n\n\n\n<p>Le&nbsp;<strong>substrat<\/strong>&nbsp;est la base sur laquelle vous plantez ou semez vos v\u00e9g\u00e9taux. Il doit r\u00e9pondre \u00e0 3 crit\u00e8res :<\/p>\n\n\n\n<ul class=\"wp-block-list\"><li>Il doit \u00eatre&nbsp;<strong>meuble<\/strong>&nbsp;pour que les plantations puissent facilement prendre racine.<\/li><li>Il doit \u00eatre&nbsp;<strong>riche<\/strong>&nbsp;pour nourrir les v\u00e9g\u00e9taux surtout si votre carr\u00e9 potager est sur pieds et ne touche pas le sol.<\/li><li>Il doit \u00eatre&nbsp;<strong>drainant<\/strong>&nbsp;pour que les racines ne soient pas noy\u00e9es. Pour avoir un bon syst\u00e8me de drainage et pour que l\u2019eau puisse s\u2019\u00e9couler efficacement, vous pouvez ajouter des&nbsp;<strong>billes d\u2019argile,&nbsp;<\/strong>une&nbsp;<strong>b\u00e2che<\/strong>&nbsp;ou encore une&nbsp;<strong>toile de paillage<\/strong>. Elles laissent passer l\u2019eau mais pas la terre. Si votre bac est en contact direct avec le sol alors vous ne devrez pas avoir de probl\u00e8me de drainage.<\/li><\/ul>\n\n\n\n<p>Si votre&nbsp;<strong>carr\u00e9 potager<\/strong>&nbsp;n\u2019est&nbsp;<strong>pas en contact avec le sol,<\/strong>&nbsp;il faudra&nbsp;<strong>le remplir avec un contenu nourrissant<\/strong>&nbsp;pour vos plantes. Apr\u00e8s avoir ajout\u00e9 votre couche de terre v\u00e9g\u00e9tale dans votre potager, recouvrez-la avec du terreau, riche en mati\u00e8re organique et min\u00e9rale, il apportera des nutriments au contenu du bac. Vous pouvez aussi ajouter de l\u2019humus ou du <a href=\"https:\/\/www.sweeek.fr\/blog\/quoi-mettre-dans-composteur\/\">compost<\/a> dans le terreau pour avoir de beaux r\u00e9sultats avec des fruits et l\u00e9gumes r\u00e9ussis. Si vous creusez pour installer votre carr\u00e9 potager, conservez la terre pour l\u2019utiliser dans le contenu de votre potager. Pour le m\u00e9lange comptez \u00be de terre v\u00e9g\u00e9tale pour \u00bc des autres apports.<\/p>\n\n\n\n<h2 class=\"wp-block-heading\">Choisir la terre de son carr\u00e9 potager selon les l\u00e9gumes<\/h2>\n\n\n\n<p>Certains types de terre seront plus adapt\u00e9s \u00e0 la&nbsp;<a href=\"https:\/\/www.sweeek.fr\/blog\/que-planter-dans-un-carre-potager\/\">culture<\/a>&nbsp;de certains l\u00e9gumes et plantes.<\/p>\n\n\n\n<ul class=\"wp-block-list\"><li>Les&nbsp;<strong>terres sablonneuses<\/strong>&nbsp;se travaillent plus facilement. Elles sont plus s\u00e8ches et manquent de min\u00e9raux. Nous vous conseillons d\u2019y ajouter de l\u2019argile bentonite et du compost. Elles sont parfaites pour les l\u00e9gumes racines (carottes, radis, pommes de terre\u2026)<\/li><li>Les&nbsp;<strong>terres acides<\/strong>&nbsp;sont id\u00e9ales pour les courgettes et les cornichons. Pour les renforcer vous pouvez ajouter du calcaire broy\u00e9 en hiver.<\/li><li>Les&nbsp;<strong>terres argileuses<\/strong>&nbsp;sont plus difficiles \u00e0 travailler. Vous pouvez la m\u00e9langer \u00e0 du basalte ou ajouter du compost une fois par an. Les tomates, chicor\u00e9es ou haricots appr\u00e9cient ce type de terre.<\/li><li>Les&nbsp;<strong>terres calcaires<\/strong>&nbsp;sont riches et fertiles. Elles conviennent \u00e0 presque tous les l\u00e9gumes sauf l\u2019ail, les carottes, les tomates ou les laitues qui pr\u00e9f\u00e8rent les terres peu calcaires.<\/li><\/ul>\n\n\n\n<h2 class=\"wp-block-heading\">Fabriquer son substrat soi-m\u00eame<\/h2>\n\n\n\n<p>Les habitu\u00e9s du carr\u00e9 potager aiment&nbsp;<strong>fabriquer leur substrat<\/strong>&nbsp;eux-m\u00eames. Il ne faut que 3 ingr\u00e9dients.<\/p>\n\n\n\n<ul class=\"wp-block-list\"><li>Le&nbsp;<strong>compost<\/strong>&nbsp;: Il va nourrir les l\u00e9gumes et plantes du potager. L\u2019id\u00e9al est d\u2019utiliser un compost ou <a href=\"https:\/\/www.sweeek.fr\/blog\/lombricompost-fonctionnement-utilisation\/\">lombricompost<\/a> qui est constitu\u00e9 avec les \u00ab d\u00e9chets \u00bb du jardin.<\/li><li>La&nbsp;<strong>tourbe<\/strong>&nbsp;: Elle va retenir l\u2019eau puis la lib\u00e9rer progressivement, ce qui va permettre aux racines de se servir. Attention la tourbe est une ressource non renouvelable, il faut donc limiter son utilisation au maximum.<\/li><li>La&nbsp;<strong>vermiculite<\/strong>&nbsp;: Ce min\u00e9ral rend le m\u00e9lange plus l\u00e9ger. Avec sa structure poreuse, il retient l\u2019eau. Comme il n\u2019est pas facile \u00e0 trouver, vous pouvez tr\u00e8s bien le remplacer par de la liti\u00e8re \u00e0 chat si celle-ci est fabriqu\u00e9e \u00e0 base d\u2019argile s\u00e9piolite.<\/li><\/ul>\n\n\n\n<h2 class=\"wp-block-heading\">Les essentiels pour un potager florissant<\/h2>\n\n\n\n<p>Maintenant que votre potager est pr\u00eat \u00e0 accueillir vos cultures, concentrons-nous sur les \u00e9l\u00e9ments essentiels pour garantir une croissance saine de vos plantes.<\/p>\n\n\n\n<p><strong>Le choix du bac<\/strong> <\/p>\n\n\n\n<p>Les bacs en bois sont souvent utilis\u00e9s pour les potagers sur\u00e9lev\u00e9s. Le bois, s&rsquo;il est trait\u00e9 correctement, est un mat\u00e9riau naturel et durable. Assurez-vous d&rsquo;utiliser du bois r\u00e9sistant \u00e0 la pourriture pour garantir la long\u00e9vit\u00e9 de vos bacs potagers.<\/p>\n\n\n\n<p><strong>Choisir les bonnes vari\u00e9t\u00e9s <\/strong><br><br>Pour des r\u00e9sultats optimaux, choisissez des vari\u00e9t\u00e9s de l\u00e9gumes adapt\u00e9es \u00e0 votre r\u00e9gion et \u00e0 votre type de sol. Les carottes, les radis et les haricots, par exemple, prosp\u00e8rent dans des sols bien drain\u00e9s, tandis que les tomates pr\u00e9f\u00e8rent un sol l\u00e9g\u00e8rement acide. Les haricots sont des l\u00e9gumineuses b\u00e9n\u00e9fiques pour le sol. Pour maximiser leur rendement, plantez-les dans un sol bien drain\u00e9 et ensoleill\u00e9. Utilisez des tuteurs pour les soutenir \u00e0 mesure qu&rsquo;ils grandissent.<\/p>\n\n\n\n<p><strong>L&rsquo;arrosage<\/strong><\/p>\n\n\n\n<p>Afin de bien&nbsp;<a href=\"https:\/\/www.sweeek.fr\/jardinage-outillage\/accessoire-jardin\">arroser<\/a>&nbsp;vos bacs potagers,&nbsp;gardez un \u0153il sur l&rsquo;humidit\u00e9 du sol et <strong>contr\u00f4lez r\u00e9guli\u00e8rement la m\u00e9t\u00e9o<\/strong>. S\u2019il pleut beaucoup, alors vos plantations n\u2019auront pas besoin d\u2019eau suppl\u00e9mentaire. Si votre terre est s\u00e8che, vous pouvez l\u2019arroser. L&rsquo;arrosage d\u00e9pend \u00e9galement des cultures, les carottes, par exemple, pr\u00e9f\u00e8rent un sol uniform\u00e9ment humide. Arrosez r\u00e9guli\u00e8rement et utilisez un engrais \u00e9quilibr\u00e9 pour soutenir la croissance des plantes.<\/p>\n\n\n\n<p><strong>L&rsquo;entretien du sol<\/strong><\/p>\n\n\n\n<p>Pour que le contenu de votre carr\u00e9 potager reste de bonne qualit\u00e9, il faut effectuer une&nbsp;<strong>rotation des cultures<\/strong>. C\u2019est-\u00e0-dire, ne pas cultiver les m\u00eames plantes sur le m\u00eame emplacement. Pensez \u00e0&nbsp;<strong>varier les fruits, l\u00e9gumes et plantes<\/strong>&nbsp;quand vous pr\u00e9parez le contenu de votre potager. Cette m\u00e9thode pr\u00e9vient \u00e9galement les maladies sp\u00e9cifiques \u00e0 certaines cultures. Les tomates, les carottes et les radis sont des incontournables du potager. Choisissez des vari\u00e9t\u00e9s adapt\u00e9es \u00e0 votre r\u00e9gion. Les tomates peuvent \u00eatre cultiv\u00e9es en plein soleil, tandis que les carottes et les radis appr\u00e9cient une exposition plus l\u00e9g\u00e8re. Optez pour une diversit\u00e9 de l\u00e9gumes dans votre potager. Cela encourage la biodiversit\u00e9, r\u00e9duit les risques de maladies sp\u00e9cifiques \u00e0 une culture et offre une vari\u00e9t\u00e9 d\u00e9licieuse dans votre assiette.<\/p>\n\n\n\n<p>Ajoutez de l\u2019<strong>engrais en hiver<\/strong>&nbsp;et id\u00e9alement de l\u2019engrais naturel. Vous pouvez par exemple ajouter des plantes dans votre bac et les laissez se d\u00e9composer. Le&nbsp;<strong>compost<\/strong>, l\u2019<strong>humus<\/strong>&nbsp;et le&nbsp;<strong>paillage<\/strong>&nbsp;apportent aussi des&nbsp;<strong>nutriments<\/strong>&nbsp;dans le sol lorsqu\u2019ils sont d\u00e9compos\u00e9s.<\/p>\n\n\n\n<p><strong>Le paillage<\/strong><\/p>\n\n\n\n<p>Ajoutez du&nbsp;<strong>paillage sur votre potager pour prot\u00e9ger le sol du soleil<\/strong>, \u00e9loigner certains nuisibles et prot\u00e9ger le sol du froid en hiver. Pour former votre paillage, vous pouvez utiliser de la paille ou des copeaux de bois par exemple.<\/p>\n\n\n\n<p>En suivant ces conseils et en adaptant vos pratiques de culture \u00e0 vos besoins sp\u00e9cifiques, vous \u00eates bien parti pour profiter d&rsquo;un potager florissant, avec des l\u00e9gumes sains et d\u00e9licieux.<\/p>\n\n\n\n<div class=\"wp-block-group has-white-color has-text-color has-background\" style=\"background-color:#f2f2f2\"><div class=\"wp-block-group__inner-container is-layout-flow wp-block-group-is-layout-flow\">\n<h2 class=\"alignfull has-text-align-center has-black-color has-text-color wp-block-heading\" style=\"font-size:30px;font-style:normal;font-weight:400\">La s\u00e9lection de sweeek<\/h2>\n\n\n\n<div style=\"height:21px\" aria-hidden=\"true\" class=\"wp-block-spacer\"><\/div>\n\n\n\n<div class=\"wp-block-columns is-layout-flex wp-container-core-columns-is-layout-9d6595d7 wp-block-columns-is-layout-flex\">\n<div class=\"wp-block-column is-layout-flow wp-block-column-is-layout-flow\" style=\"flex-basis:100%\">\n<div class=\"wp-block-columns is-layout-flex wp-container-core-columns-is-layout-9d6595d7 wp-block-columns-is-layout-flex\">\n<div class=\"wp-block-column is-layout-flow wp-block-column-is-layout-flow\" style=\"flex-basis:100%\">\n<div class=\"wp-block-columns is-layout-flex wp-container-core-columns-is-layout-9d6595d7 wp-block-columns-is-layout-flex\">\n<div class=\"wp-block-column is-layout-flow wp-block-column-is-layout-flow\"><div class=\"wp-block-image\">\n<figure class=\"aligncenter size-large\"><a href=\"https:\/\/www.sweeek.fr\/product\/potager-en-bois-sur-pieds-et-serre-en-polycarbonate-amovible-erable-2-en-1-avec-etagere-et-geotextile-80-x-60-x-109-cm\" target=\"_blank\" rel=\"noreferrer noopener\"><img decoding=\"async\" src=\"https:\/\/www.sweeek.fr\/blog\/wp-content\/uploads\/2022\/06\/Nouveau-projet-2022-06-01T114733.815.jpg\" alt=\"Potager en bois sur pieds avec mini serre\"\/><\/a><\/figure>\n<\/div>\n\n\n<h3 class=\"has-text-align-center has-black-color has-text-color wp-block-heading\" style=\"font-style:normal;font-weight:400\">Potager en bois sur pieds avec mini serre<\/h3>\n\n\n\n<div style=\"height:15px\" aria-hidden=\"true\" class=\"wp-block-spacer\"><\/div>\n<\/div>\n\n\n\n<div class=\"wp-block-column is-layout-flow wp-block-column-is-layout-flow\"><div class=\"wp-block-image\">\n<figure class=\"aligncenter size-large\"><a href=\"https:\/\/www.sweeek.fr\/product\/table-jardinage-petunia-2-tiroirs-etabli-exterieur-bois\" target=\"_blank\" rel=\"noopener\"><img decoding=\"async\" src=\"https:\/\/sweeek.twic.pics\/products\/6647\/original\/wwkbenchnat-25d74b2d941e42f87437f8d596b21587.jpg?twic=v1\/resize=1800x1800\/resize=1500\/quality=70\" alt=\"Table de rempotage avec 2 tiroirs\n\"\/><\/a><\/figure>\n<\/div>\n\n\n<h3 class=\"has-text-align-center wp-block-heading\" style=\"font-style:normal;font-weight:400\">Table de rempotage avec 2 tiroirs<\/h3>\n\n\n\n<div style=\"height:15px\" aria-hidden=\"true\" class=\"wp-block-spacer\"><\/div>\n<\/div>\n\n\n\n<div class=\"wp-block-column is-layout-flow wp-block-column-is-layout-flow\">\n<div style=\"height:15px\" aria-hidden=\"true\" class=\"wp-block-spacer\"><\/div>\n<\/div>\n<\/div>\n<\/div>\n<\/div>\n<\/div>\n<\/div>\n<\/div><\/div>\n","protected":false},"excerpt":{"rendered":"<p>Vous venez d\u2019installer votre&nbsp;carr\u00e9 potager dans votre jardin&nbsp;et vous n\u2019avez qu\u2019une h\u00e2te, commencer vos cultures. Mais avant, vous devez&nbsp;le remplir avec de la terre.&nbsp;Pour que vos cultures vous donnent de beaux fruits et l\u00e9gumes, vous devez leur offrir une terre qui r\u00e9pond \u00e0 leurs besoins. Quel&nbsp;m\u00e9lange de terre&nbsp;faut-il utiliser pour mon&nbsp;carr\u00e9 potager&nbsp;? Comment composer mon&nbsp;substrat&nbsp;? [&hellip;]<\/p>\n","protected":false},"author":4,"featured_media":19680,"comment_status":"open","ping_status":"closed","sticky":false,"template":"","format":"standard","meta":{"inline_featured_image":false,"_uag_custom_page_level_css":"","ocean_post_layout":"","ocean_both_sidebars_style":"","ocean_both_sidebars_content_width":0,"ocean_both_sidebars_sidebars_width":0,"ocean_sidebar":"0","ocean_second_sidebar":"0","ocean_disable_margins":"enable","ocean_add_body_class":"","ocean_shortcode_before_top_bar":"","ocean_shortcode_after_top_bar":"","ocean_shortcode_before_header":"","ocean_shortcode_after_header":"","ocean_has_shortcode":"","ocean_shortcode_after_title":"","ocean_shortcode_before_footer_widgets":"","ocean_shortcode_after_footer_widgets":"","ocean_shortcode_before_footer_bottom":"","ocean_shortcode_after_footer_bottom":"","ocean_display_top_bar":"default","ocean_display_header":"default","ocean_header_style":"","ocean_center_header_left_menu":"0","ocean_custom_header_template":"0","ocean_custom_logo":0,"ocean_custom_retina_logo":0,"ocean_custom_logo_max_width":0,"ocean_custom_logo_tablet_max_width":0,"ocean_custom_logo_mobile_max_width":0,"ocean_custom_logo_max_height":0,"ocean_custom_logo_tablet_max_height":0,"ocean_custom_logo_mobile_max_height":0,"ocean_header_custom_menu":"0","ocean_menu_typo_font_family":"0","ocean_menu_typo_font_subset":"","ocean_menu_typo_font_size":0,"ocean_menu_typo_font_size_tablet":0,"ocean_menu_typo_font_size_mobile":0,"ocean_menu_typo_font_size_unit":"px","ocean_menu_typo_font_weight":"","ocean_menu_typo_font_weight_tablet":"","ocean_menu_typo_font_weight_mobile":"","ocean_menu_typo_transform":"","ocean_menu_typo_transform_tablet":"","ocean_menu_typo_transform_mobile":"","ocean_menu_typo_line_height":0,"ocean_menu_typo_line_height_tablet":0,"ocean_menu_typo_line_height_mobile":0,"ocean_menu_typo_line_height_unit":"","ocean_menu_typo_spacing":0,"ocean_menu_typo_spacing_tablet":0,"ocean_menu_typo_spacing_mobile":0,"ocean_menu_typo_spacing_unit":"","ocean_menu_link_color":"","ocean_menu_link_color_hover":"","ocean_menu_link_color_active":"","ocean_menu_link_background":"","ocean_menu_link_hover_background":"","ocean_menu_link_active_background":"","ocean_menu_social_links_bg":"","ocean_menu_social_hover_links_bg":"","ocean_menu_social_links_color":"","ocean_menu_social_hover_links_color":"","ocean_disable_title":"default","ocean_disable_heading":"default","ocean_post_title":"","ocean_post_subheading":"","ocean_post_title_style":"","ocean_post_title_background_color":"","ocean_post_title_background":0,"ocean_post_title_bg_image_position":"","ocean_post_title_bg_image_attachment":"","ocean_post_title_bg_image_repeat":"","ocean_post_title_bg_image_size":"","ocean_post_title_height":0,"ocean_post_title_bg_overlay":0.5,"ocean_post_title_bg_overlay_color":"","ocean_disable_breadcrumbs":"default","ocean_breadcrumbs_color":"","ocean_breadcrumbs_separator_color":"","ocean_breadcrumbs_links_color":"","ocean_breadcrumbs_links_hover_color":"","ocean_display_footer_widgets":"default","ocean_display_footer_bottom":"default","ocean_custom_footer_template":"0","ocean_post_oembed":"","ocean_post_self_hosted_media":"","ocean_post_video_embed":"","ocean_link_format":"","ocean_link_format_target":"self","ocean_quote_format":"","ocean_quote_format_link":"post","ocean_gallery_link_images":"off","ocean_gallery_id":[],"footnotes":""},"categories":[178],"tags":[],"class_list":["post-8711","post","type-post","status-publish","format-standard","has-post-thumbnail","hentry","category-potager","entry","has-media"],"yoast_head":"<!-- This site is optimized with the Yoast SEO plugin v27.3 - https:\/\/yoast.com\/product\/yoast-seo-wordpress\/ -->\n<title>Quel m\u00e9lange de terre pour un carr\u00e9 potager ? &#8211; Les Conseils sweeek<\/title>\n<meta name=\"description\" content=\"D\u00e9couvrez quel est le m\u00e9lange de terre id\u00e9al pour un carr\u00e9 potager gr\u00e2ce aux conseils de sweeek. \u00c0 vous les beaux fruits et l\u00e9gumes !\" \/>\n<meta name=\"robots\" content=\"index, follow, max-snippet:-1, max-image-preview:large, max-video-preview:-1\" \/>\n<link rel=\"canonical\" href=\"https:\/\/www.sweeek.fr\/blog\/quel-melange-de-terre-pour-un-carre-potager\/\" \/>\n<meta property=\"og:locale\" content=\"fr_FR\" \/>\n<meta property=\"og:type\" content=\"article\" \/>\n<meta property=\"og:title\" content=\"Quel m\u00e9lange de terre pour un carr\u00e9 potager ? &#8211; Les Conseils sweeek\" \/>\n<meta property=\"og:description\" content=\"D\u00e9couvrez quel est le m\u00e9lange de terre id\u00e9al pour un carr\u00e9 potager gr\u00e2ce aux conseils de sweeek. \u00c0 vous les beaux fruits et l\u00e9gumes !\" \/>\n<meta property=\"og:url\" content=\"https:\/\/www.sweeek.fr\/blog\/quel-melange-de-terre-pour-un-carre-potager\/\" \/>\n<meta property=\"og:site_name\" content=\"Les Conseils sweeek\" \/>\n<meta property=\"article:published_time\" content=\"2022-04-22T13:27:11+00:00\" \/>\n<meta property=\"article:modified_time\" content=\"2024-07-22T08:25:59+00:00\" \/>\n<meta property=\"og:image\" content=\"https:\/\/www.sweeek.fr\/blog\/wp-content\/uploads\/2022\/04\/Design-sans-titre-87.jpg\" \/>\n\t<meta property=\"og:image:width\" content=\"1024\" \/>\n\t<meta property=\"og:image:height\" content=\"682\" \/>\n\t<meta property=\"og:image:type\" content=\"image\/jpeg\" \/>\n<meta name=\"author\" content=\"Am\u00e9lie Capon\" \/>\n<meta name=\"twitter:card\" content=\"summary_large_image\" \/>\n<meta name=\"twitter:label1\" content=\"\u00c9crit par\" \/>\n\t<meta name=\"twitter:data1\" content=\"Am\u00e9lie Capon\" \/>\n\t<meta name=\"twitter:label2\" content=\"Dur\u00e9e de lecture estim\u00e9e\" \/>\n\t<meta name=\"twitter:data2\" content=\"7 minutes\" \/>\n<script type=\"application\/ld+json\" class=\"yoast-schema-graph\">{\"@context\":\"https:\\\/\\\/schema.org\",\"@graph\":[{\"@type\":\"Article\",\"@id\":\"https:\\\/\\\/www.sweeek.fr\\\/blog\\\/quel-melange-de-terre-pour-un-carre-potager\\\/#article\",\"isPartOf\":{\"@id\":\"https:\\\/\\\/www.sweeek.fr\\\/blog\\\/quel-melange-de-terre-pour-un-carre-potager\\\/\"},\"author\":{\"name\":\"Am\u00e9lie Capon\",\"@id\":\"https:\\\/\\\/www.sweeek.fr\\\/blog\\\/#\\\/schema\\\/person\\\/e97ba3e4a84bda73fe86070619e7640b\"},\"headline\":\"Quel m\u00e9lange de terre pour un carr\u00e9 potager ?\",\"datePublished\":\"2022-04-22T13:27:11+00:00\",\"dateModified\":\"2024-07-22T08:25:59+00:00\",\"mainEntityOfPage\":{\"@id\":\"https:\\\/\\\/www.sweeek.fr\\\/blog\\\/quel-melange-de-terre-pour-un-carre-potager\\\/\"},\"wordCount\":1224,\"commentCount\":0,\"publisher\":{\"@id\":\"https:\\\/\\\/www.sweeek.fr\\\/blog\\\/#organization\"},\"image\":{\"@id\":\"https:\\\/\\\/www.sweeek.fr\\\/blog\\\/quel-melange-de-terre-pour-un-carre-potager\\\/#primaryimage\"},\"thumbnailUrl\":\"https:\\\/\\\/www.sweeek.fr\\\/blog\\\/wp-content\\\/uploads\\\/2022\\\/04\\\/Design-sans-titre-87.jpg\",\"articleSection\":[\"Potager\"],\"inLanguage\":\"fr-FR\",\"potentialAction\":[{\"@type\":\"CommentAction\",\"name\":\"Comment\",\"target\":[\"https:\\\/\\\/www.sweeek.fr\\\/blog\\\/quel-melange-de-terre-pour-un-carre-potager\\\/#respond\"]}]},{\"@type\":\"WebPage\",\"@id\":\"https:\\\/\\\/www.sweeek.fr\\\/blog\\\/quel-melange-de-terre-pour-un-carre-potager\\\/\",\"url\":\"https:\\\/\\\/www.sweeek.fr\\\/blog\\\/quel-melange-de-terre-pour-un-carre-potager\\\/\",\"name\":\"Quel m\u00e9lange de terre pour un carr\u00e9 potager ? &#8211; Les Conseils sweeek\",\"isPartOf\":{\"@id\":\"https:\\\/\\\/www.sweeek.fr\\\/blog\\\/#website\"},\"primaryImageOfPage\":{\"@id\":\"https:\\\/\\\/www.sweeek.fr\\\/blog\\\/quel-melange-de-terre-pour-un-carre-potager\\\/#primaryimage\"},\"image\":{\"@id\":\"https:\\\/\\\/www.sweeek.fr\\\/blog\\\/quel-melange-de-terre-pour-un-carre-potager\\\/#primaryimage\"},\"thumbnailUrl\":\"https:\\\/\\\/www.sweeek.fr\\\/blog\\\/wp-content\\\/uploads\\\/2022\\\/04\\\/Design-sans-titre-87.jpg\",\"datePublished\":\"2022-04-22T13:27:11+00:00\",\"dateModified\":\"2024-07-22T08:25:59+00:00\",\"description\":\"D\u00e9couvrez quel est le m\u00e9lange de terre id\u00e9al pour un carr\u00e9 potager gr\u00e2ce aux conseils de sweeek. \u00c0 vous les beaux fruits et l\u00e9gumes !\",\"breadcrumb\":{\"@id\":\"https:\\\/\\\/www.sweeek.fr\\\/blog\\\/quel-melange-de-terre-pour-un-carre-potager\\\/#breadcrumb\"},\"inLanguage\":\"fr-FR\",\"potentialAction\":[{\"@type\":\"ReadAction\",\"target\":[\"https:\\\/\\\/www.sweeek.fr\\\/blog\\\/quel-melange-de-terre-pour-un-carre-potager\\\/\"]}]},{\"@type\":\"ImageObject\",\"inLanguage\":\"fr-FR\",\"@id\":\"https:\\\/\\\/www.sweeek.fr\\\/blog\\\/quel-melange-de-terre-pour-un-carre-potager\\\/#primaryimage\",\"url\":\"https:\\\/\\\/www.sweeek.fr\\\/blog\\\/wp-content\\\/uploads\\\/2022\\\/04\\\/Design-sans-titre-87.jpg\",\"contentUrl\":\"https:\\\/\\\/www.sweeek.fr\\\/blog\\\/wp-content\\\/uploads\\\/2022\\\/04\\\/Design-sans-titre-87.jpg\",\"width\":1024,\"height\":682,\"caption\":\"faire son carr\u00e9 potager\"},{\"@type\":\"BreadcrumbList\",\"@id\":\"https:\\\/\\\/www.sweeek.fr\\\/blog\\\/quel-melange-de-terre-pour-un-carre-potager\\\/#breadcrumb\",\"itemListElement\":[{\"@type\":\"ListItem\",\"position\":1,\"name\":\"Accueil\",\"item\":\"https:\\\/\\\/www.sweeek.fr\\\/blog\\\/\"},{\"@type\":\"ListItem\",\"position\":2,\"name\":\"Quel m\u00e9lange de terre pour un carr\u00e9 potager ?\"}]},{\"@type\":\"WebSite\",\"@id\":\"https:\\\/\\\/www.sweeek.fr\\\/blog\\\/#website\",\"url\":\"https:\\\/\\\/www.sweeek.fr\\\/blog\\\/\",\"name\":\"Les Conseils sweeek\",\"description\":\"Conseils et inspirations\",\"publisher\":{\"@id\":\"https:\\\/\\\/www.sweeek.fr\\\/blog\\\/#organization\"},\"potentialAction\":[{\"@type\":\"SearchAction\",\"target\":{\"@type\":\"EntryPoint\",\"urlTemplate\":\"https:\\\/\\\/www.sweeek.fr\\\/blog\\\/?s={search_term_string}\"},\"query-input\":{\"@type\":\"PropertyValueSpecification\",\"valueRequired\":true,\"valueName\":\"search_term_string\"}}],\"inLanguage\":\"fr-FR\"},{\"@type\":\"Organization\",\"@id\":\"https:\\\/\\\/www.sweeek.fr\\\/blog\\\/#organization\",\"name\":\"sweeek\",\"url\":\"https:\\\/\\\/www.sweeek.fr\\\/blog\\\/\",\"logo\":{\"@type\":\"ImageObject\",\"inLanguage\":\"fr-FR\",\"@id\":\"https:\\\/\\\/www.sweeek.fr\\\/blog\\\/#\\\/schema\\\/logo\\\/image\\\/\",\"url\":\"https:\\\/\\\/www.sweeek.fr\\\/blog\\\/wp-content\\\/uploads\\\/2023\\\/10\\\/blog-sweeek-logo2.png\",\"contentUrl\":\"https:\\\/\\\/www.sweeek.fr\\\/blog\\\/wp-content\\\/uploads\\\/2023\\\/10\\\/blog-sweeek-logo2.png\",\"width\":328,\"height\":90,\"caption\":\"sweeek\"},\"image\":{\"@id\":\"https:\\\/\\\/www.sweeek.fr\\\/blog\\\/#\\\/schema\\\/logo\\\/image\\\/\"}},{\"@type\":\"Person\",\"@id\":\"https:\\\/\\\/www.sweeek.fr\\\/blog\\\/#\\\/schema\\\/person\\\/e97ba3e4a84bda73fe86070619e7640b\",\"name\":\"Am\u00e9lie Capon\",\"image\":{\"@type\":\"ImageObject\",\"inLanguage\":\"fr-FR\",\"@id\":\"https:\\\/\\\/secure.gravatar.com\\\/avatar\\\/042e4b25b2641d47117ebfaf786a00f66fd827d54a130982af74eb1f062ce832?s=96&d=mm&r=g\",\"url\":\"https:\\\/\\\/secure.gravatar.com\\\/avatar\\\/042e4b25b2641d47117ebfaf786a00f66fd827d54a130982af74eb1f062ce832?s=96&d=mm&r=g\",\"contentUrl\":\"https:\\\/\\\/secure.gravatar.com\\\/avatar\\\/042e4b25b2641d47117ebfaf786a00f66fd827d54a130982af74eb1f062ce832?s=96&d=mm&r=g\",\"caption\":\"Am\u00e9lie Capon\"}}]}<\/script>\n<!-- \/ Yoast SEO plugin. -->","yoast_head_json":{"title":"Quel m\u00e9lange de terre pour un carr\u00e9 potager ? &#8211; Les Conseils sweeek","description":"D\u00e9couvrez quel est le m\u00e9lange de terre id\u00e9al pour un carr\u00e9 potager gr\u00e2ce aux conseils de sweeek. \u00c0 vous les beaux fruits et l\u00e9gumes !","robots":{"index":"index","follow":"follow","max-snippet":"max-snippet:-1","max-image-preview":"max-image-preview:large","max-video-preview":"max-video-preview:-1"},"canonical":"https:\/\/www.sweeek.fr\/blog\/quel-melange-de-terre-pour-un-carre-potager\/","og_locale":"fr_FR","og_type":"article","og_title":"Quel m\u00e9lange de terre pour un carr\u00e9 potager ? &#8211; Les Conseils sweeek","og_description":"D\u00e9couvrez quel est le m\u00e9lange de terre id\u00e9al pour un carr\u00e9 potager gr\u00e2ce aux conseils de sweeek. \u00c0 vous les beaux fruits et l\u00e9gumes !","og_url":"https:\/\/www.sweeek.fr\/blog\/quel-melange-de-terre-pour-un-carre-potager\/","og_site_name":"Les Conseils sweeek","article_published_time":"2022-04-22T13:27:11+00:00","article_modified_time":"2024-07-22T08:25:59+00:00","og_image":[{"width":1024,"height":682,"url":"https:\/\/www.sweeek.fr\/blog\/wp-content\/uploads\/2022\/04\/Design-sans-titre-87.jpg","type":"image\/jpeg"}],"author":"Am\u00e9lie Capon","twitter_card":"summary_large_image","twitter_misc":{"\u00c9crit par":"Am\u00e9lie Capon","Dur\u00e9e de lecture estim\u00e9e":"7 minutes"},"schema":{"@context":"https:\/\/schema.org","@graph":[{"@type":"Article","@id":"https:\/\/www.sweeek.fr\/blog\/quel-melange-de-terre-pour-un-carre-potager\/#article","isPartOf":{"@id":"https:\/\/www.sweeek.fr\/blog\/quel-melange-de-terre-pour-un-carre-potager\/"},"author":{"name":"Am\u00e9lie Capon","@id":"https:\/\/www.sweeek.fr\/blog\/#\/schema\/person\/e97ba3e4a84bda73fe86070619e7640b"},"headline":"Quel m\u00e9lange de terre pour un carr\u00e9 potager ?","datePublished":"2022-04-22T13:27:11+00:00","dateModified":"2024-07-22T08:25:59+00:00","mainEntityOfPage":{"@id":"https:\/\/www.sweeek.fr\/blog\/quel-melange-de-terre-pour-un-carre-potager\/"},"wordCount":1224,"commentCount":0,"publisher":{"@id":"https:\/\/www.sweeek.fr\/blog\/#organization"},"image":{"@id":"https:\/\/www.sweeek.fr\/blog\/quel-melange-de-terre-pour-un-carre-potager\/#primaryimage"},"thumbnailUrl":"https:\/\/www.sweeek.fr\/blog\/wp-content\/uploads\/2022\/04\/Design-sans-titre-87.jpg","articleSection":["Potager"],"inLanguage":"fr-FR","potentialAction":[{"@type":"CommentAction","name":"Comment","target":["https:\/\/www.sweeek.fr\/blog\/quel-melange-de-terre-pour-un-carre-potager\/#respond"]}]},{"@type":"WebPage","@id":"https:\/\/www.sweeek.fr\/blog\/quel-melange-de-terre-pour-un-carre-potager\/","url":"https:\/\/www.sweeek.fr\/blog\/quel-melange-de-terre-pour-un-carre-potager\/","name":"Quel m\u00e9lange de terre pour un carr\u00e9 potager ? &#8211; Les Conseils sweeek","isPartOf":{"@id":"https:\/\/www.sweeek.fr\/blog\/#website"},"primaryImageOfPage":{"@id":"https:\/\/www.sweeek.fr\/blog\/quel-melange-de-terre-pour-un-carre-potager\/#primaryimage"},"image":{"@id":"https:\/\/www.sweeek.fr\/blog\/quel-melange-de-terre-pour-un-carre-potager\/#primaryimage"},"thumbnailUrl":"https:\/\/www.sweeek.fr\/blog\/wp-content\/uploads\/2022\/04\/Design-sans-titre-87.jpg","datePublished":"2022-04-22T13:27:11+00:00","dateModified":"2024-07-22T08:25:59+00:00","description":"D\u00e9couvrez quel est le m\u00e9lange de terre id\u00e9al pour un carr\u00e9 potager gr\u00e2ce aux conseils de sweeek. \u00c0 vous les beaux fruits et l\u00e9gumes !","breadcrumb":{"@id":"https:\/\/www.sweeek.fr\/blog\/quel-melange-de-terre-pour-un-carre-potager\/#breadcrumb"},"inLanguage":"fr-FR","potentialAction":[{"@type":"ReadAction","target":["https:\/\/www.sweeek.fr\/blog\/quel-melange-de-terre-pour-un-carre-potager\/"]}]},{"@type":"ImageObject","inLanguage":"fr-FR","@id":"https:\/\/www.sweeek.fr\/blog\/quel-melange-de-terre-pour-un-carre-potager\/#primaryimage","url":"https:\/\/www.sweeek.fr\/blog\/wp-content\/uploads\/2022\/04\/Design-sans-titre-87.jpg","contentUrl":"https:\/\/www.sweeek.fr\/blog\/wp-content\/uploads\/2022\/04\/Design-sans-titre-87.jpg","width":1024,"height":682,"caption":"faire son carr\u00e9 potager"},{"@type":"BreadcrumbList","@id":"https:\/\/www.sweeek.fr\/blog\/quel-melange-de-terre-pour-un-carre-potager\/#breadcrumb","itemListElement":[{"@type":"ListItem","position":1,"name":"Accueil","item":"https:\/\/www.sweeek.fr\/blog\/"},{"@type":"ListItem","position":2,"name":"Quel m\u00e9lange de terre pour un carr\u00e9 potager ?"}]},{"@type":"WebSite","@id":"https:\/\/www.sweeek.fr\/blog\/#website","url":"https:\/\/www.sweeek.fr\/blog\/","name":"Les Conseils sweeek","description":"Conseils et inspirations","publisher":{"@id":"https:\/\/www.sweeek.fr\/blog\/#organization"},"potentialAction":[{"@type":"SearchAction","target":{"@type":"EntryPoint","urlTemplate":"https:\/\/www.sweeek.fr\/blog\/?s={search_term_string}"},"query-input":{"@type":"PropertyValueSpecification","valueRequired":true,"valueName":"search_term_string"}}],"inLanguage":"fr-FR"},{"@type":"Organization","@id":"https:\/\/www.sweeek.fr\/blog\/#organization","name":"sweeek","url":"https:\/\/www.sweeek.fr\/blog\/","logo":{"@type":"ImageObject","inLanguage":"fr-FR","@id":"https:\/\/www.sweeek.fr\/blog\/#\/schema\/logo\/image\/","url":"https:\/\/www.sweeek.fr\/blog\/wp-content\/uploads\/2023\/10\/blog-sweeek-logo2.png","contentUrl":"https:\/\/www.sweeek.fr\/blog\/wp-content\/uploads\/2023\/10\/blog-sweeek-logo2.png","width":328,"height":90,"caption":"sweeek"},"image":{"@id":"https:\/\/www.sweeek.fr\/blog\/#\/schema\/logo\/image\/"}},{"@type":"Person","@id":"https:\/\/www.sweeek.fr\/blog\/#\/schema\/person\/e97ba3e4a84bda73fe86070619e7640b","name":"Am\u00e9lie Capon","image":{"@type":"ImageObject","inLanguage":"fr-FR","@id":"https:\/\/secure.gravatar.com\/avatar\/042e4b25b2641d47117ebfaf786a00f66fd827d54a130982af74eb1f062ce832?s=96&d=mm&r=g","url":"https:\/\/secure.gravatar.com\/avatar\/042e4b25b2641d47117ebfaf786a00f66fd827d54a130982af74eb1f062ce832?s=96&d=mm&r=g","contentUrl":"https:\/\/secure.gravatar.com\/avatar\/042e4b25b2641d47117ebfaf786a00f66fd827d54a130982af74eb1f062ce832?s=96&d=mm&r=g","caption":"Am\u00e9lie Capon"}}]}},"uagb_featured_image_src":{"full":["https:\/\/www.sweeek.fr\/blog\/wp-content\/uploads\/2022\/04\/Design-sans-titre-87.jpg",1024,682,false],"thumbnail":["https:\/\/www.sweeek.fr\/blog\/wp-content\/uploads\/2022\/04\/Design-sans-titre-87-150x150.jpg",150,150,true],"medium":["https:\/\/www.sweeek.fr\/blog\/wp-content\/uploads\/2022\/04\/Design-sans-titre-87-300x200.jpg",300,200,true],"medium_large":["https:\/\/www.sweeek.fr\/blog\/wp-content\/uploads\/2022\/04\/Design-sans-titre-87-768x512.jpg",768,512,true],"large":["https:\/\/www.sweeek.fr\/blog\/wp-content\/uploads\/2022\/04\/Design-sans-titre-87.jpg",1024,682,false],"1536x1536":["https:\/\/www.sweeek.fr\/blog\/wp-content\/uploads\/2022\/04\/Design-sans-titre-87.jpg",1024,682,false],"2048x2048":["https:\/\/www.sweeek.fr\/blog\/wp-content\/uploads\/2022\/04\/Design-sans-titre-87.jpg",1024,682,false],"ocean-thumb-m":["https:\/\/www.sweeek.fr\/blog\/wp-content\/uploads\/2022\/04\/Design-sans-titre-87-600x600.jpg",600,600,true],"ocean-thumb-ml":["https:\/\/www.sweeek.fr\/blog\/wp-content\/uploads\/2022\/04\/Design-sans-titre-87-800x450.jpg",800,450,true],"ocean-thumb-l":["https:\/\/www.sweeek.fr\/blog\/wp-content\/uploads\/2022\/04\/Design-sans-titre-87.jpg",1024,682,false]},"uagb_author_info":{"display_name":"Am\u00e9lie Capon","author_link":"https:\/\/www.sweeek.fr\/blog"},"uagb_comment_info":0,"uagb_excerpt":"Vous venez d\u2019installer votre&nbsp;carr\u00e9 potager dans votre jardin&nbsp;et vous n\u2019avez qu\u2019une h\u00e2te, commencer vos cultures. Mais avant, vous devez&nbsp;le remplir avec de la terre.&nbsp;Pour que vos cultures vous donnent de beaux fruits et l\u00e9gumes, vous devez leur offrir une terre qui r\u00e9pond \u00e0 leurs besoins. Quel&nbsp;m\u00e9lange de terre&nbsp;faut-il utiliser pour mon&nbsp;carr\u00e9 potager&nbsp;? Comment composer mon&nbsp;substrat&nbsp;?\u2026","_links":{"self":[{"href":"https:\/\/www.sweeek.fr\/blog\/wp-json\/wp\/v2\/posts\/8711","targetHints":{"allow":["GET"]}}],"collection":[{"href":"https:\/\/www.sweeek.fr\/blog\/wp-json\/wp\/v2\/posts"}],"about":[{"href":"https:\/\/www.sweeek.fr\/blog\/wp-json\/wp\/v2\/types\/post"}],"author":[{"embeddable":true,"href":"https:\/\/www.sweeek.fr\/blog\/wp-json\/wp\/v2\/users\/4"}],"replies":[{"embeddable":true,"href":"https:\/\/www.sweeek.fr\/blog\/wp-json\/wp\/v2\/comments?post=8711"}],"version-history":[{"count":12,"href":"https:\/\/www.sweeek.fr\/blog\/wp-json\/wp\/v2\/posts\/8711\/revisions"}],"predecessor-version":[{"id":19513,"href":"https:\/\/www.sweeek.fr\/blog\/wp-json\/wp\/v2\/posts\/8711\/revisions\/19513"}],"wp:featuredmedia":[{"embeddable":true,"href":"https:\/\/www.sweeek.fr\/blog\/wp-json\/wp\/v2\/media\/19680"}],"wp:attachment":[{"href":"https:\/\/www.sweeek.fr\/blog\/wp-json\/wp\/v2\/media?parent=8711"}],"wp:term":[{"taxonomy":"category","embeddable":true,"href":"https:\/\/www.sweeek.fr\/blog\/wp-json\/wp\/v2\/categories?post=8711"},{"taxonomy":"post_tag","embeddable":true,"href":"https:\/\/www.sweeek.fr\/blog\/wp-json\/wp\/v2\/tags?post=8711"}],"curies":[{"name":"wp","href":"https:\/\/api.w.org\/{rel}","templated":true}]}}