{"id":8692,"date":"2022-04-22T15:14:49","date_gmt":"2022-04-22T13:14:49","guid":{"rendered":"https:\/\/www.sweeek.fr\/blog\/?p=8692"},"modified":"2026-02-06T16:45:58","modified_gmt":"2026-02-06T15:45:58","slug":"serre-ou-potager-comment-choisir","status":"publish","type":"post","link":"https:\/\/www.sweeek.fr\/blog\/serre-ou-potager-comment-choisir\/","title":{"rendered":"Serre ou potager, comment choisir ?"},"content":{"rendered":"\n<div class=\"wp-block-columns is-layout-flex wp-container-core-columns-is-layout-9d6595d7 wp-block-columns-is-layout-flex\">\n<div class=\"wp-block-column is-layout-flow wp-block-column-is-layout-flow\" style=\"flex-basis:33.33%\">\n<div class=\"wp-block-columns is-layout-flex wp-container-core-columns-is-layout-9d6595d7 wp-block-columns-is-layout-flex\">\n<div class=\"wp-block-column is-layout-flow wp-block-column-is-layout-flow\">\n<figure class=\"wp-block-image size-full\"><img fetchpriority=\"high\" decoding=\"async\" width=\"600\" height=\"400\" src=\"https:\/\/www.sweeek.fr\/blog\/wp-content\/uploads\/2022\/04\/plutotserre-plutotpotager-v3-1.jpg\" alt=\"serre ou potager \" class=\"wp-image-8697\" srcset=\"https:\/\/www.sweeek.fr\/blog\/wp-content\/uploads\/2022\/04\/plutotserre-plutotpotager-v3-1.jpg 600w, https:\/\/www.sweeek.fr\/blog\/wp-content\/uploads\/2022\/04\/plutotserre-plutotpotager-v3-1-300x200.jpg 300w\" sizes=\"(max-width: 600px) 100vw, 600px\" \/><\/figure>\n<\/div>\n<\/div>\n<\/div>\n\n\n\n<div class=\"wp-block-column is-layout-flow wp-block-column-is-layout-flow\" style=\"flex-basis:66.66%\">\n<p class=\"has-text-align-center\">Le\u00a0<a href=\"https:\/\/www.sweeek.fr\/jardinage-outillage\/carre-potager\">carr\u00e9 potager<\/a>, c\u2019est la solution id\u00e9ale pour cultiver des fruits et l\u00e9gumes\u00a0<strong>si vous avez un petit jardin ou m\u00eame un balcon !\u00a0<\/strong>Il est\u00a0<strong>parfait pour les d\u00e9butants<\/strong>\u00a0et a plein d\u2019avantages. Il est\u00a0<strong>pratique, plus \u00e9cologique et demande moins d\u2019entretien<\/strong>\u00a0qu\u2019un potager classique.<br>Vous avez\u00a0<strong>un grand jardin, un peu plus d\u2019exp\u00e9rience et de temps<\/strong>\u00a0\u00e0 consacrer \u00e0 vos r\u00e9coltes ? La\u00a0serre\u00a0est faite pour vous ! Elle permet des\u00a0<strong>r\u00e9coltes abondantes, plus \u00e9tal\u00e9es sur l\u2019ann\u00e9e<\/strong>\u00a0et offre des conditions id\u00e9ales pour la culture des fruits et l\u00e9gumes.<br>Carr\u00e9 potager ou serre, faites votre choix et\u00a0<strong>\u00e0 vous les bons fruits et l\u00e9gumes du jardin !<\/strong><\/p>\n<\/div>\n<\/div>\n\n\n\n<h2 class=\"has-text-align-center wp-block-heading\">Ao\u00fbt \/ septembre : que semer ?<\/h2>\n\n\n\n<div class=\"wp-block-columns is-layout-flex wp-container-core-columns-is-layout-9d6595d7 wp-block-columns-is-layout-flex\">\n<div class=\"wp-block-column is-layout-flow wp-block-column-is-layout-flow\">\n<p>\u00c0 cette p\u00e9riode, vous pouvez commencer \u00e0&nbsp;<a href=\"https:\/\/www.sweeek.fr\/blog\/que-planter-dans-un-carre-potager\/\">semer les l\u00e9gumes<\/a>&nbsp;d\u2019automne et d\u2019hiver :&nbsp;<strong>choux, betteraves, bettes, navets, \u00e9pinards et laitues d\u2019hiver.<\/strong><br>Notre conseil : Ces mois peuvent \u00eatre tr\u00e8s chauds et la terre peut \u00eatre vite dess\u00e9ch\u00e9e alors&nbsp;<strong>surveillez bien les arrosages,<\/strong>&nbsp;pr\u00e9f\u00e9rez arroser en fin de journ\u00e9e et a\u00e9rez votre serre chaque nuit. Fin septembre,&nbsp;<strong>il sera temps de pr\u00e9parer sa serre pour l\u2019hiver !<\/strong><\/p>\n<\/div>\n\n\n\n<div class=\"wp-block-column is-layout-flow wp-block-column-is-layout-flow\">\n<figure class=\"wp-block-image size-full is-resized\"><img decoding=\"async\" src=\"https:\/\/www.sweeek.fr\/blog\/wp-content\/uploads\/2022\/04\/decouvrez-serre-potager.png\" alt=\"carr\u00e9 potager \" class=\"wp-image-8701\" width=\"537\" height=\"167\" srcset=\"https:\/\/www.sweeek.fr\/blog\/wp-content\/uploads\/2022\/04\/decouvrez-serre-potager.png 800w, https:\/\/www.sweeek.fr\/blog\/wp-content\/uploads\/2022\/04\/decouvrez-serre-potager-300x94.png 300w, https:\/\/www.sweeek.fr\/blog\/wp-content\/uploads\/2022\/04\/decouvrez-serre-potager-768x240.png 768w\" sizes=\"(max-width: 537px) 100vw, 537px\" \/><\/figure>\n<\/div>\n<\/div>\n\n\n\n<div class=\"wp-block-group alignfull has-black-color has-text-color has-background\" style=\"background-color:#f2f2f2\"><div class=\"wp-block-group__inner-container is-layout-flow wp-block-group-is-layout-flow\">\n<h2 class=\"has-text-align-center wp-block-heading\" style=\"font-size:30px;font-style:normal;font-weight:400\">La s\u00e9lection de sweeek<\/h2>\n\n\n\n<div style=\"height:30px\" aria-hidden=\"true\" class=\"wp-block-spacer\"><\/div>\n\n\n\n<div class=\"wp-block-columns is-layout-flex wp-container-core-columns-is-layout-9d6595d7 wp-block-columns-is-layout-flex\">\n<div class=\"wp-block-column is-layout-flow wp-block-column-is-layout-flow\">\n<figure class=\"wp-block-image size-large\"><a href=\"https:\/\/www.sweeek.fr\/product\/potager-en-bois-sur-pieds-et-serre-en-polycarbonate-amovible-erable-2-en-1-avec-etagere-et-geotextile-80-x-60-x-109-cm\" target=\"_blank\" rel=\"noopener\"><img decoding=\"async\" src=\"https:\/\/sweeek.twic.pics\/https:\/\/www.sweeek.fr\/blog\/wp-content\/uploads\/2022\/06\/Nouveau-projet-2022-06-01T114733.815.jpg\" alt=\"Potager en bois sur pieds avec mini serre\"\/><\/a><\/figure>\n\n\n\n<h3 class=\"has-text-align-center wp-block-heading\" style=\"font-size:14px;font-style:normal;font-weight:400\">Potager en bois sur pieds avec mini serre<\/h3>\n<\/div>\n\n\n\n<div class=\"wp-block-column is-layout-flow wp-block-column-is-layout-flow\">\n<figure class=\"wp-block-image size-large\"><img decoding=\"async\" src=\"https:\/\/sweeek.twic.pics\/products\/298797\/original\/ws102nat-837bb38f6abb1e1d259ff49f38841259.jpg?twic=v1\/resize=1800x1800\/resize=1500\/quality=70\" alt=\"Meuble de rangement, table de rempotage en bois 2 portes, 2 tiroirs\n\"\/><\/figure>\n\n\n\n<h3 class=\"has-text-align-center wp-block-heading\" style=\"font-size:14px;font-style:normal;font-weight:400\">Meuble de rangement, table de rempotage en bois 2 portes, 2 tiroirs<\/h3>\n<\/div>\n\n\n\n<div class=\"wp-block-column is-layout-flow wp-block-column-is-layout-flow\">\n<figure class=\"wp-block-image size-large\"><a href=\"https:\/\/www.sweeek.fr\/product\/serre-de-jardin-basilic-2m-avec-8-etageres-en-polyethylene-2\" target=\"_blank\" rel=\"noopener\"><img decoding=\"async\" src=\"https:\/\/sweeek.twic.pics\/sweeek-images\/site-gris\/GHOHSHELF_01.jpg?twic=v1\/resize=1800x1800\/resize=1500\/quality=70\" alt=\"Serre de jardin tunnel 2m\u00b2 avec 8 \u00e9tag\u00e8res\n\"\/><\/a><\/figure>\n\n\n\n<h3 class=\"has-text-align-center wp-block-heading\" style=\"font-size:14px;font-style:normal;font-weight:400\">Serre de jardin tunnel 2m\u00b2 avec 8 \u00e9tag\u00e8res<\/h3>\n<\/div>\n<\/div>\n<\/div><\/div>\n","protected":false},"excerpt":{"rendered":"<p>Le\u00a0carr\u00e9 potager, c\u2019est la solution id\u00e9ale pour cultiver des fruits et l\u00e9gumes\u00a0si vous avez un petit jardin ou m\u00eame un balcon !\u00a0Il est\u00a0parfait pour les d\u00e9butants\u00a0et a plein d\u2019avantages. Il est\u00a0pratique, plus \u00e9cologique et demande moins d\u2019entretien\u00a0qu\u2019un potager classique.Vous avez\u00a0un grand jardin, un peu plus d\u2019exp\u00e9rience et de temps\u00a0\u00e0 consacrer \u00e0 vos r\u00e9coltes ? La\u00a0serre\u00a0est [&hellip;]<\/p>\n","protected":false},"author":4,"featured_media":18446,"comment_status":"open","ping_status":"closed","sticky":false,"template":"","format":"standard","meta":{"inline_featured_image":false,"_uag_custom_page_level_css":"","ocean_post_layout":"","ocean_both_sidebars_style":"","ocean_both_sidebars_content_width":0,"ocean_both_sidebars_sidebars_width":0,"ocean_sidebar":"0","ocean_second_sidebar":"0","ocean_disable_margins":"enable","ocean_add_body_class":"","ocean_shortcode_before_top_bar":"","ocean_shortcode_after_top_bar":"","ocean_shortcode_before_header":"","ocean_shortcode_after_header":"","ocean_has_shortcode":"","ocean_shortcode_after_title":"","ocean_shortcode_before_footer_widgets":"","ocean_shortcode_after_footer_widgets":"","ocean_shortcode_before_footer_bottom":"","ocean_shortcode_after_footer_bottom":"","ocean_display_top_bar":"default","ocean_display_header":"default","ocean_header_style":"","ocean_center_header_left_menu":"0","ocean_custom_header_template":"0","ocean_custom_logo":0,"ocean_custom_retina_logo":0,"ocean_custom_logo_max_width":0,"ocean_custom_logo_tablet_max_width":0,"ocean_custom_logo_mobile_max_width":0,"ocean_custom_logo_max_height":0,"ocean_custom_logo_tablet_max_height":0,"ocean_custom_logo_mobile_max_height":0,"ocean_header_custom_menu":"0","ocean_menu_typo_font_family":"0","ocean_menu_typo_font_subset":"","ocean_menu_typo_font_size":0,"ocean_menu_typo_font_size_tablet":0,"ocean_menu_typo_font_size_mobile":0,"ocean_menu_typo_font_size_unit":"px","ocean_menu_typo_font_weight":"","ocean_menu_typo_font_weight_tablet":"","ocean_menu_typo_font_weight_mobile":"","ocean_menu_typo_transform":"","ocean_menu_typo_transform_tablet":"","ocean_menu_typo_transform_mobile":"","ocean_menu_typo_line_height":0,"ocean_menu_typo_line_height_tablet":0,"ocean_menu_typo_line_height_mobile":0,"ocean_menu_typo_line_height_unit":"","ocean_menu_typo_spacing":0,"ocean_menu_typo_spacing_tablet":0,"ocean_menu_typo_spacing_mobile":0,"ocean_menu_typo_spacing_unit":"","ocean_menu_link_color":"","ocean_menu_link_color_hover":"","ocean_menu_link_color_active":"","ocean_menu_link_background":"","ocean_menu_link_hover_background":"","ocean_menu_link_active_background":"","ocean_menu_social_links_bg":"","ocean_menu_social_hover_links_bg":"","ocean_menu_social_links_color":"","ocean_menu_social_hover_links_color":"","ocean_disable_title":"default","ocean_disable_heading":"default","ocean_post_title":"","ocean_post_subheading":"","ocean_post_title_style":"","ocean_post_title_background_color":"","ocean_post_title_background":0,"ocean_post_title_bg_image_position":"","ocean_post_title_bg_image_attachment":"","ocean_post_title_bg_image_repeat":"","ocean_post_title_bg_image_size":"","ocean_post_title_height":0,"ocean_post_title_bg_overlay":0.5,"ocean_post_title_bg_overlay_color":"","ocean_disable_breadcrumbs":"default","ocean_breadcrumbs_color":"","ocean_breadcrumbs_separator_color":"","ocean_breadcrumbs_links_color":"","ocean_breadcrumbs_links_hover_color":"","ocean_display_footer_widgets":"default","ocean_display_footer_bottom":"default","ocean_custom_footer_template":"0","ocean_post_oembed":"","ocean_post_self_hosted_media":"","ocean_post_video_embed":"","ocean_link_format":"","ocean_link_format_target":"self","ocean_quote_format":"","ocean_quote_format_link":"post","ocean_gallery_link_images":"off","ocean_gallery_id":[],"footnotes":""},"categories":[182],"tags":[],"class_list":["post-8692","post","type-post","status-publish","format-standard","has-post-thumbnail","hentry","category-serre","entry","has-media"],"yoast_head":"<!-- This site is optimized with the Yoast SEO plugin v27.3 - https:\/\/yoast.com\/product\/yoast-seo-wordpress\/ -->\n<title>Serre ou potager, comment choisir ? &#8211; Les Conseils sweeek<\/title>\n<meta name=\"description\" content=\"Serre ou Potager ? sweeek vous aide \u00e0 choisir la meilleure solution pour cultiver vos fruits et vos l\u00e9gumes dans le jardin !\" \/>\n<meta name=\"robots\" content=\"index, follow, max-snippet:-1, max-image-preview:large, max-video-preview:-1\" \/>\n<link rel=\"canonical\" href=\"https:\/\/www.sweeek.fr\/blog\/serre-ou-potager-comment-choisir\/\" \/>\n<meta property=\"og:locale\" content=\"fr_FR\" \/>\n<meta property=\"og:type\" content=\"article\" \/>\n<meta property=\"og:title\" content=\"Serre ou potager, comment choisir ? &#8211; Les Conseils sweeek\" \/>\n<meta property=\"og:description\" content=\"Serre ou Potager ? sweeek vous aide \u00e0 choisir la meilleure solution pour cultiver vos fruits et vos l\u00e9gumes dans le jardin !\" \/>\n<meta property=\"og:url\" content=\"https:\/\/www.sweeek.fr\/blog\/serre-ou-potager-comment-choisir\/\" \/>\n<meta property=\"og:site_name\" content=\"Les Conseils sweeek\" \/>\n<meta property=\"article:published_time\" content=\"2022-04-22T13:14:49+00:00\" \/>\n<meta property=\"article:modified_time\" content=\"2026-02-06T15:45:58+00:00\" \/>\n<meta property=\"og:image\" content=\"https:\/\/www.sweeek.fr\/blog\/wp-content\/uploads\/2022\/04\/serre-ou-potager-.jpg\" \/>\n\t<meta property=\"og:image:width\" content=\"1024\" \/>\n\t<meta property=\"og:image:height\" content=\"682\" \/>\n\t<meta property=\"og:image:type\" content=\"image\/jpeg\" \/>\n<meta name=\"author\" content=\"Am\u00e9lie Capon\" \/>\n<meta name=\"twitter:card\" content=\"summary_large_image\" \/>\n<meta name=\"twitter:label1\" content=\"\u00c9crit par\" \/>\n\t<meta name=\"twitter:data1\" content=\"Am\u00e9lie Capon\" \/>\n\t<meta name=\"twitter:label2\" content=\"Dur\u00e9e de lecture estim\u00e9e\" \/>\n\t<meta name=\"twitter:data2\" content=\"3 minutes\" \/>\n<script type=\"application\/ld+json\" class=\"yoast-schema-graph\">{\"@context\":\"https:\\\/\\\/schema.org\",\"@graph\":[{\"@type\":\"Article\",\"@id\":\"https:\\\/\\\/www.sweeek.fr\\\/blog\\\/serre-ou-potager-comment-choisir\\\/#article\",\"isPartOf\":{\"@id\":\"https:\\\/\\\/www.sweeek.fr\\\/blog\\\/serre-ou-potager-comment-choisir\\\/\"},\"author\":{\"name\":\"Am\u00e9lie Capon\",\"@id\":\"https:\\\/\\\/www.sweeek.fr\\\/blog\\\/#\\\/schema\\\/person\\\/e97ba3e4a84bda73fe86070619e7640b\"},\"headline\":\"Serre ou potager, comment choisir ?\",\"datePublished\":\"2022-04-22T13:14:49+00:00\",\"dateModified\":\"2026-02-06T15:45:58+00:00\",\"mainEntityOfPage\":{\"@id\":\"https:\\\/\\\/www.sweeek.fr\\\/blog\\\/serre-ou-potager-comment-choisir\\\/\"},\"wordCount\":213,\"commentCount\":0,\"publisher\":{\"@id\":\"https:\\\/\\\/www.sweeek.fr\\\/blog\\\/#organization\"},\"image\":{\"@id\":\"https:\\\/\\\/www.sweeek.fr\\\/blog\\\/serre-ou-potager-comment-choisir\\\/#primaryimage\"},\"thumbnailUrl\":\"https:\\\/\\\/www.sweeek.fr\\\/blog\\\/wp-content\\\/uploads\\\/2022\\\/04\\\/serre-ou-potager-.jpg\",\"articleSection\":[\"Serre de jardin\"],\"inLanguage\":\"fr-FR\",\"potentialAction\":[{\"@type\":\"CommentAction\",\"name\":\"Comment\",\"target\":[\"https:\\\/\\\/www.sweeek.fr\\\/blog\\\/serre-ou-potager-comment-choisir\\\/#respond\"]}]},{\"@type\":\"WebPage\",\"@id\":\"https:\\\/\\\/www.sweeek.fr\\\/blog\\\/serre-ou-potager-comment-choisir\\\/\",\"url\":\"https:\\\/\\\/www.sweeek.fr\\\/blog\\\/serre-ou-potager-comment-choisir\\\/\",\"name\":\"Serre ou potager, comment choisir ? &#8211; Les Conseils sweeek\",\"isPartOf\":{\"@id\":\"https:\\\/\\\/www.sweeek.fr\\\/blog\\\/#website\"},\"primaryImageOfPage\":{\"@id\":\"https:\\\/\\\/www.sweeek.fr\\\/blog\\\/serre-ou-potager-comment-choisir\\\/#primaryimage\"},\"image\":{\"@id\":\"https:\\\/\\\/www.sweeek.fr\\\/blog\\\/serre-ou-potager-comment-choisir\\\/#primaryimage\"},\"thumbnailUrl\":\"https:\\\/\\\/www.sweeek.fr\\\/blog\\\/wp-content\\\/uploads\\\/2022\\\/04\\\/serre-ou-potager-.jpg\",\"datePublished\":\"2022-04-22T13:14:49+00:00\",\"dateModified\":\"2026-02-06T15:45:58+00:00\",\"description\":\"Serre ou Potager ? sweeek vous aide \u00e0 choisir la meilleure solution pour cultiver vos fruits et vos l\u00e9gumes dans le jardin !\",\"breadcrumb\":{\"@id\":\"https:\\\/\\\/www.sweeek.fr\\\/blog\\\/serre-ou-potager-comment-choisir\\\/#breadcrumb\"},\"inLanguage\":\"fr-FR\",\"potentialAction\":[{\"@type\":\"ReadAction\",\"target\":[\"https:\\\/\\\/www.sweeek.fr\\\/blog\\\/serre-ou-potager-comment-choisir\\\/\"]}]},{\"@type\":\"ImageObject\",\"inLanguage\":\"fr-FR\",\"@id\":\"https:\\\/\\\/www.sweeek.fr\\\/blog\\\/serre-ou-potager-comment-choisir\\\/#primaryimage\",\"url\":\"https:\\\/\\\/www.sweeek.fr\\\/blog\\\/wp-content\\\/uploads\\\/2022\\\/04\\\/serre-ou-potager-.jpg\",\"contentUrl\":\"https:\\\/\\\/www.sweeek.fr\\\/blog\\\/wp-content\\\/uploads\\\/2022\\\/04\\\/serre-ou-potager-.jpg\",\"width\":1024,\"height\":682,\"caption\":\"serre ou potager\"},{\"@type\":\"BreadcrumbList\",\"@id\":\"https:\\\/\\\/www.sweeek.fr\\\/blog\\\/serre-ou-potager-comment-choisir\\\/#breadcrumb\",\"itemListElement\":[{\"@type\":\"ListItem\",\"position\":1,\"name\":\"Accueil\",\"item\":\"https:\\\/\\\/www.sweeek.fr\\\/blog\\\/\"},{\"@type\":\"ListItem\",\"position\":2,\"name\":\"Serre ou potager, comment choisir ?\"}]},{\"@type\":\"WebSite\",\"@id\":\"https:\\\/\\\/www.sweeek.fr\\\/blog\\\/#website\",\"url\":\"https:\\\/\\\/www.sweeek.fr\\\/blog\\\/\",\"name\":\"Les Conseils sweeek\",\"description\":\"Conseils et inspirations\",\"publisher\":{\"@id\":\"https:\\\/\\\/www.sweeek.fr\\\/blog\\\/#organization\"},\"potentialAction\":[{\"@type\":\"SearchAction\",\"target\":{\"@type\":\"EntryPoint\",\"urlTemplate\":\"https:\\\/\\\/www.sweeek.fr\\\/blog\\\/?s={search_term_string}\"},\"query-input\":{\"@type\":\"PropertyValueSpecification\",\"valueRequired\":true,\"valueName\":\"search_term_string\"}}],\"inLanguage\":\"fr-FR\"},{\"@type\":\"Organization\",\"@id\":\"https:\\\/\\\/www.sweeek.fr\\\/blog\\\/#organization\",\"name\":\"sweeek\",\"url\":\"https:\\\/\\\/www.sweeek.fr\\\/blog\\\/\",\"logo\":{\"@type\":\"ImageObject\",\"inLanguage\":\"fr-FR\",\"@id\":\"https:\\\/\\\/www.sweeek.fr\\\/blog\\\/#\\\/schema\\\/logo\\\/image\\\/\",\"url\":\"https:\\\/\\\/www.sweeek.fr\\\/blog\\\/wp-content\\\/uploads\\\/2023\\\/10\\\/blog-sweeek-logo2.png\",\"contentUrl\":\"https:\\\/\\\/www.sweeek.fr\\\/blog\\\/wp-content\\\/uploads\\\/2023\\\/10\\\/blog-sweeek-logo2.png\",\"width\":328,\"height\":90,\"caption\":\"sweeek\"},\"image\":{\"@id\":\"https:\\\/\\\/www.sweeek.fr\\\/blog\\\/#\\\/schema\\\/logo\\\/image\\\/\"}},{\"@type\":\"Person\",\"@id\":\"https:\\\/\\\/www.sweeek.fr\\\/blog\\\/#\\\/schema\\\/person\\\/e97ba3e4a84bda73fe86070619e7640b\",\"name\":\"Am\u00e9lie Capon\",\"image\":{\"@type\":\"ImageObject\",\"inLanguage\":\"fr-FR\",\"@id\":\"https:\\\/\\\/secure.gravatar.com\\\/avatar\\\/042e4b25b2641d47117ebfaf786a00f66fd827d54a130982af74eb1f062ce832?s=96&d=mm&r=g\",\"url\":\"https:\\\/\\\/secure.gravatar.com\\\/avatar\\\/042e4b25b2641d47117ebfaf786a00f66fd827d54a130982af74eb1f062ce832?s=96&d=mm&r=g\",\"contentUrl\":\"https:\\\/\\\/secure.gravatar.com\\\/avatar\\\/042e4b25b2641d47117ebfaf786a00f66fd827d54a130982af74eb1f062ce832?s=96&d=mm&r=g\",\"caption\":\"Am\u00e9lie Capon\"}}]}<\/script>\n<!-- \/ Yoast SEO plugin. -->","yoast_head_json":{"title":"Serre ou potager, comment choisir ? &#8211; Les Conseils sweeek","description":"Serre ou Potager ? sweeek vous aide \u00e0 choisir la meilleure solution pour cultiver vos fruits et vos l\u00e9gumes dans le jardin !","robots":{"index":"index","follow":"follow","max-snippet":"max-snippet:-1","max-image-preview":"max-image-preview:large","max-video-preview":"max-video-preview:-1"},"canonical":"https:\/\/www.sweeek.fr\/blog\/serre-ou-potager-comment-choisir\/","og_locale":"fr_FR","og_type":"article","og_title":"Serre ou potager, comment choisir ? &#8211; Les Conseils sweeek","og_description":"Serre ou Potager ? sweeek vous aide \u00e0 choisir la meilleure solution pour cultiver vos fruits et vos l\u00e9gumes dans le jardin !","og_url":"https:\/\/www.sweeek.fr\/blog\/serre-ou-potager-comment-choisir\/","og_site_name":"Les Conseils sweeek","article_published_time":"2022-04-22T13:14:49+00:00","article_modified_time":"2026-02-06T15:45:58+00:00","og_image":[{"width":1024,"height":682,"url":"https:\/\/www.sweeek.fr\/blog\/wp-content\/uploads\/2022\/04\/serre-ou-potager-.jpg","type":"image\/jpeg"}],"author":"Am\u00e9lie Capon","twitter_card":"summary_large_image","twitter_misc":{"\u00c9crit par":"Am\u00e9lie Capon","Dur\u00e9e de lecture estim\u00e9e":"3 minutes"},"schema":{"@context":"https:\/\/schema.org","@graph":[{"@type":"Article","@id":"https:\/\/www.sweeek.fr\/blog\/serre-ou-potager-comment-choisir\/#article","isPartOf":{"@id":"https:\/\/www.sweeek.fr\/blog\/serre-ou-potager-comment-choisir\/"},"author":{"name":"Am\u00e9lie Capon","@id":"https:\/\/www.sweeek.fr\/blog\/#\/schema\/person\/e97ba3e4a84bda73fe86070619e7640b"},"headline":"Serre ou potager, comment choisir ?","datePublished":"2022-04-22T13:14:49+00:00","dateModified":"2026-02-06T15:45:58+00:00","mainEntityOfPage":{"@id":"https:\/\/www.sweeek.fr\/blog\/serre-ou-potager-comment-choisir\/"},"wordCount":213,"commentCount":0,"publisher":{"@id":"https:\/\/www.sweeek.fr\/blog\/#organization"},"image":{"@id":"https:\/\/www.sweeek.fr\/blog\/serre-ou-potager-comment-choisir\/#primaryimage"},"thumbnailUrl":"https:\/\/www.sweeek.fr\/blog\/wp-content\/uploads\/2022\/04\/serre-ou-potager-.jpg","articleSection":["Serre de jardin"],"inLanguage":"fr-FR","potentialAction":[{"@type":"CommentAction","name":"Comment","target":["https:\/\/www.sweeek.fr\/blog\/serre-ou-potager-comment-choisir\/#respond"]}]},{"@type":"WebPage","@id":"https:\/\/www.sweeek.fr\/blog\/serre-ou-potager-comment-choisir\/","url":"https:\/\/www.sweeek.fr\/blog\/serre-ou-potager-comment-choisir\/","name":"Serre ou potager, comment choisir ? &#8211; Les Conseils sweeek","isPartOf":{"@id":"https:\/\/www.sweeek.fr\/blog\/#website"},"primaryImageOfPage":{"@id":"https:\/\/www.sweeek.fr\/blog\/serre-ou-potager-comment-choisir\/#primaryimage"},"image":{"@id":"https:\/\/www.sweeek.fr\/blog\/serre-ou-potager-comment-choisir\/#primaryimage"},"thumbnailUrl":"https:\/\/www.sweeek.fr\/blog\/wp-content\/uploads\/2022\/04\/serre-ou-potager-.jpg","datePublished":"2022-04-22T13:14:49+00:00","dateModified":"2026-02-06T15:45:58+00:00","description":"Serre ou Potager ? sweeek vous aide \u00e0 choisir la meilleure solution pour cultiver vos fruits et vos l\u00e9gumes dans le jardin !","breadcrumb":{"@id":"https:\/\/www.sweeek.fr\/blog\/serre-ou-potager-comment-choisir\/#breadcrumb"},"inLanguage":"fr-FR","potentialAction":[{"@type":"ReadAction","target":["https:\/\/www.sweeek.fr\/blog\/serre-ou-potager-comment-choisir\/"]}]},{"@type":"ImageObject","inLanguage":"fr-FR","@id":"https:\/\/www.sweeek.fr\/blog\/serre-ou-potager-comment-choisir\/#primaryimage","url":"https:\/\/www.sweeek.fr\/blog\/wp-content\/uploads\/2022\/04\/serre-ou-potager-.jpg","contentUrl":"https:\/\/www.sweeek.fr\/blog\/wp-content\/uploads\/2022\/04\/serre-ou-potager-.jpg","width":1024,"height":682,"caption":"serre ou potager"},{"@type":"BreadcrumbList","@id":"https:\/\/www.sweeek.fr\/blog\/serre-ou-potager-comment-choisir\/#breadcrumb","itemListElement":[{"@type":"ListItem","position":1,"name":"Accueil","item":"https:\/\/www.sweeek.fr\/blog\/"},{"@type":"ListItem","position":2,"name":"Serre ou potager, comment choisir ?"}]},{"@type":"WebSite","@id":"https:\/\/www.sweeek.fr\/blog\/#website","url":"https:\/\/www.sweeek.fr\/blog\/","name":"Les Conseils sweeek","description":"Conseils et inspirations","publisher":{"@id":"https:\/\/www.sweeek.fr\/blog\/#organization"},"potentialAction":[{"@type":"SearchAction","target":{"@type":"EntryPoint","urlTemplate":"https:\/\/www.sweeek.fr\/blog\/?s={search_term_string}"},"query-input":{"@type":"PropertyValueSpecification","valueRequired":true,"valueName":"search_term_string"}}],"inLanguage":"fr-FR"},{"@type":"Organization","@id":"https:\/\/www.sweeek.fr\/blog\/#organization","name":"sweeek","url":"https:\/\/www.sweeek.fr\/blog\/","logo":{"@type":"ImageObject","inLanguage":"fr-FR","@id":"https:\/\/www.sweeek.fr\/blog\/#\/schema\/logo\/image\/","url":"https:\/\/www.sweeek.fr\/blog\/wp-content\/uploads\/2023\/10\/blog-sweeek-logo2.png","contentUrl":"https:\/\/www.sweeek.fr\/blog\/wp-content\/uploads\/2023\/10\/blog-sweeek-logo2.png","width":328,"height":90,"caption":"sweeek"},"image":{"@id":"https:\/\/www.sweeek.fr\/blog\/#\/schema\/logo\/image\/"}},{"@type":"Person","@id":"https:\/\/www.sweeek.fr\/blog\/#\/schema\/person\/e97ba3e4a84bda73fe86070619e7640b","name":"Am\u00e9lie Capon","image":{"@type":"ImageObject","inLanguage":"fr-FR","@id":"https:\/\/secure.gravatar.com\/avatar\/042e4b25b2641d47117ebfaf786a00f66fd827d54a130982af74eb1f062ce832?s=96&d=mm&r=g","url":"https:\/\/secure.gravatar.com\/avatar\/042e4b25b2641d47117ebfaf786a00f66fd827d54a130982af74eb1f062ce832?s=96&d=mm&r=g","contentUrl":"https:\/\/secure.gravatar.com\/avatar\/042e4b25b2641d47117ebfaf786a00f66fd827d54a130982af74eb1f062ce832?s=96&d=mm&r=g","caption":"Am\u00e9lie Capon"}}]}},"uagb_featured_image_src":{"full":["https:\/\/www.sweeek.fr\/blog\/wp-content\/uploads\/2022\/04\/serre-ou-potager-.jpg",1024,682,false],"thumbnail":["https:\/\/www.sweeek.fr\/blog\/wp-content\/uploads\/2022\/04\/serre-ou-potager--150x150.jpg",150,150,true],"medium":["https:\/\/www.sweeek.fr\/blog\/wp-content\/uploads\/2022\/04\/serre-ou-potager--300x200.jpg",300,200,true],"medium_large":["https:\/\/www.sweeek.fr\/blog\/wp-content\/uploads\/2022\/04\/serre-ou-potager--768x512.jpg",768,512,true],"large":["https:\/\/www.sweeek.fr\/blog\/wp-content\/uploads\/2022\/04\/serre-ou-potager-.jpg",1024,682,false],"1536x1536":["https:\/\/www.sweeek.fr\/blog\/wp-content\/uploads\/2022\/04\/serre-ou-potager-.jpg",1024,682,false],"2048x2048":["https:\/\/www.sweeek.fr\/blog\/wp-content\/uploads\/2022\/04\/serre-ou-potager-.jpg",1024,682,false],"ocean-thumb-m":["https:\/\/www.sweeek.fr\/blog\/wp-content\/uploads\/2022\/04\/serre-ou-potager--600x600.jpg",600,600,true],"ocean-thumb-ml":["https:\/\/www.sweeek.fr\/blog\/wp-content\/uploads\/2022\/04\/serre-ou-potager--800x450.jpg",800,450,true],"ocean-thumb-l":["https:\/\/www.sweeek.fr\/blog\/wp-content\/uploads\/2022\/04\/serre-ou-potager-.jpg",1024,682,false]},"uagb_author_info":{"display_name":"Am\u00e9lie Capon","author_link":"https:\/\/www.sweeek.fr\/blog"},"uagb_comment_info":0,"uagb_excerpt":"Le\u00a0carr\u00e9 potager, c\u2019est la solution id\u00e9ale pour cultiver des fruits et l\u00e9gumes\u00a0si vous avez un petit jardin ou m\u00eame un balcon !\u00a0Il est\u00a0parfait pour les d\u00e9butants\u00a0et a plein d\u2019avantages. Il est\u00a0pratique, plus \u00e9cologique et demande moins d\u2019entretien\u00a0qu\u2019un potager classique.Vous avez\u00a0un grand jardin, un peu plus d\u2019exp\u00e9rience et de temps\u00a0\u00e0 consacrer \u00e0 vos r\u00e9coltes ? La\u00a0serre\u00a0est\u2026","_links":{"self":[{"href":"https:\/\/www.sweeek.fr\/blog\/wp-json\/wp\/v2\/posts\/8692","targetHints":{"allow":["GET"]}}],"collection":[{"href":"https:\/\/www.sweeek.fr\/blog\/wp-json\/wp\/v2\/posts"}],"about":[{"href":"https:\/\/www.sweeek.fr\/blog\/wp-json\/wp\/v2\/types\/post"}],"author":[{"embeddable":true,"href":"https:\/\/www.sweeek.fr\/blog\/wp-json\/wp\/v2\/users\/4"}],"replies":[{"embeddable":true,"href":"https:\/\/www.sweeek.fr\/blog\/wp-json\/wp\/v2\/comments?post=8692"}],"version-history":[{"count":12,"href":"https:\/\/www.sweeek.fr\/blog\/wp-json\/wp\/v2\/posts\/8692\/revisions"}],"predecessor-version":[{"id":22529,"href":"https:\/\/www.sweeek.fr\/blog\/wp-json\/wp\/v2\/posts\/8692\/revisions\/22529"}],"wp:featuredmedia":[{"embeddable":true,"href":"https:\/\/www.sweeek.fr\/blog\/wp-json\/wp\/v2\/media\/18446"}],"wp:attachment":[{"href":"https:\/\/www.sweeek.fr\/blog\/wp-json\/wp\/v2\/media?parent=8692"}],"wp:term":[{"taxonomy":"category","embeddable":true,"href":"https:\/\/www.sweeek.fr\/blog\/wp-json\/wp\/v2\/categories?post=8692"},{"taxonomy":"post_tag","embeddable":true,"href":"https:\/\/www.sweeek.fr\/blog\/wp-json\/wp\/v2\/tags?post=8692"}],"curies":[{"name":"wp","href":"https:\/\/api.w.org\/{rel}","templated":true}]}}