{"id":8626,"date":"2022-04-14T17:57:00","date_gmt":"2022-04-14T15:57:00","guid":{"rendered":"https:\/\/www.sweeek.fr\/blog\/?p=8626"},"modified":"2025-02-24T16:35:43","modified_gmt":"2025-02-24T15:35:43","slug":"peut-on-construire-un-abri-de-jardin-sans-autorisation","status":"publish","type":"post","link":"https:\/\/www.sweeek.fr\/blog\/peut-on-construire-un-abri-de-jardin-sans-autorisation\/","title":{"rendered":"Peut-on construire un abri de jardin sans autorisation ?"},"content":{"rendered":"\n<p>Vous avez envie de&nbsp;<strong>construire un abri dans votre jardin<\/strong>&nbsp;mais vous ne savez pas si vous avez besoin d\u2019une&nbsp;<strong>autorisation<\/strong>&nbsp;? Sachez que cela&nbsp;<strong>d\u00e9pendra de plusieurs crit\u00e8res<\/strong>&nbsp;comme la&nbsp;<strong>surface de plancher<\/strong>&nbsp;et de l\u2019emprise au sol de votre future construction, son&nbsp;<strong>emplacement<\/strong>&nbsp;et la&nbsp;<strong>zone g\u00e9ographique<\/strong>. Il est important de se renseigner au pr\u00e9alable aupr\u00e8s des&nbsp;<strong>organismes concern\u00e9s<\/strong>&nbsp;pour conna\u00eetre les&nbsp;<strong>diff\u00e9rentes r\u00e8gles<\/strong>&nbsp;que vous devez respecter. Que ce soit pour la construction d\u2019abris ou pour la r\u00e9alisation de travaux sur votre&nbsp;<a href=\"https:\/\/www.sweeek.fr\/rangement-jardin\/abri-jardin\">abri de jardin<\/a>, il faudra peut-\u00eatre d\u00e9clarer votre projet.<\/p>\n\n\n\n<figure class=\"wp-block-image size-large\"><img fetchpriority=\"high\" decoding=\"async\" width=\"1024\" height=\"229\" src=\"https:\/\/www.sweeek.fr\/blog\/wp-content\/uploads\/2022\/04\/BANNIERE-COMP-ABRI-1024x229.jpg\" alt=\"abri de jardin \" class=\"wp-image-8627\" srcset=\"https:\/\/www.sweeek.fr\/blog\/wp-content\/uploads\/2022\/04\/BANNIERE-COMP-ABRI-1024x229.jpg 1024w, https:\/\/www.sweeek.fr\/blog\/wp-content\/uploads\/2022\/04\/BANNIERE-COMP-ABRI-300x67.jpg 300w, https:\/\/www.sweeek.fr\/blog\/wp-content\/uploads\/2022\/04\/BANNIERE-COMP-ABRI-768x172.jpg 768w, https:\/\/www.sweeek.fr\/blog\/wp-content\/uploads\/2022\/04\/BANNIERE-COMP-ABRI.jpg 1430w\" sizes=\"(max-width: 1024px) 100vw, 1024px\" \/><\/figure>\n\n\n\n<h2 class=\"wp-block-heading\">Votre abri de jardin a une taille inf\u00e9rieure ou \u00e9gale \u00e0 5m\u00b2 de surface de plancher<\/h2>\n\n\n\n<p>G\u00e9n\u00e9ralement un abri de jardin fait plus de 5m\u00b2 de surface au sol, si c\u2019est le cas pour votre abri, vous devrez demander une d\u00e9claration pr\u00e9alable de travaux aupr\u00e8s de votre mairie mais vous n\u2019aurez pas besoin d\u2019un permis de construire.&nbsp;<strong>Si votre cabane a plus de 20m\u00b2<\/strong>&nbsp;de surface de plancher, alors&nbsp;<strong>il faudra demander un permis de construire<\/strong>. Pour toutes les constructions de plus de 5m\u00b2 de surface au sol et soumises \u00e0 une demande d\u2019autorisation d\u2019urbanisme, une taxe d\u2019am\u00e9nagement sera pr\u00e9lev\u00e9e. En 2020, la taxe s\u2019\u00e9l\u00e8ve \u00e0 860\u20ac le m\u00b2 pour l\u2019Ile de France et 759 euros pour le reste de la France. Mais votre commune peut choisir d\u2019appliquer ou non la taxe. De plus, le taux pourra varier d\u2019une ville \u00e0 l\u2019autre.<\/p>\n\n\n\n<h2 class=\"wp-block-heading\">O\u00f9 trouver des informations ?<\/h2>\n\n\n\n<p>Dans tous les cas, nous vous conseillons de&nbsp;<strong>vous renseigner aupr\u00e8s du service d\u2019urbanisme de votre ville<\/strong>&nbsp;pour consulter le Plan Local d\u2019Urbanisme. Vous y trouverez de&nbsp;<strong>nombreuses informations utiles<\/strong>&nbsp;pour valider votre dossier comme les&nbsp;<strong>limites de propri\u00e9t\u00e9<\/strong>&nbsp;\u00e0 respecter ou les&nbsp;<strong>mat\u00e9riaux autoris\u00e9s<\/strong>&nbsp;pour la construction. Il faudra aussi vous rendre dans votre mairie avant de vous lancer dans l&rsquo;<a href=\"https:\/\/www.sweeek.fr\/blog\/comment-installer-son-abri-de-jardin\/\">installation de votre abri de jardin<\/a>. Cela permettra d\u2019\u00e9viter des conflits avec vos voisins. De plus, si vous avez construit votre abri sans autorisation, la mairie pourrait vous obliger \u00e0 le d\u00e9truire.<\/p>\n\n\n\n<h2 class=\"wp-block-heading\">La distance \u00e0 respecter pour vos voisins<\/h2>\n\n\n\n<p>Dans le cas o\u00f9 vous voulez&nbsp;<strong>construire votre abri de jardin pr\u00e8s du mur de votre jardin<\/strong>, le r\u00e8glement national d\u2019urbanisme vous donne deux possibilit\u00e9s :<\/p>\n\n\n\n<ul class=\"wp-block-list\"><li>Soit, vous souhaitez construire votre abri contre le mur : Dans ce cas, le propri\u00e9taire constructeur doit s\u2019assurer que les eaux pluviales s\u2019\u00e9coulent sur sa propri\u00e9t\u00e9 et pas chez son voisin. Il faut dans tous les cas laisser un espace de 5.5cm du c\u00f4t\u00e9 du mur mitoyen.<\/li><li>Ou \u00e0 3 m\u00e8tres du mur : Si vous ne voulez pas installer l\u2019abri contre le mur mitoyen, la r\u00e9glementation dit qu\u2019il faut passer \u00e0 3m m\u00e8tres de la limite s\u00e9parative.<\/li><\/ul>\n\n\n\n<h2 class=\"wp-block-heading\">Comment d\u00e9poser ma demande ?<\/h2>\n\n\n\n<p>Pour faire une&nbsp;<strong>demande de permis de construire<\/strong>&nbsp;pour les abris de jardin, vous devrez remplir un formulaire CERFA n\u00b013406*06. Plusieurs informations seront \u00e0 donner :<\/p>\n\n\n\n<ul class=\"wp-block-list\"><li>Votre identit\u00e9 et vos coordonn\u00e9es<\/li><li>La localisation du terrain<\/li><li>Les caract\u00e9ristiques du projet (nature des travaux, financement, utilisation, <a href=\"https:\/\/www.sweeek.fr\/blog\/quelle-toiture-pour-un-abri-de-jardin\/\">toiture<\/a>, etc.)<\/li><\/ul>\n\n\n\n<p>Vous devrez aussi donner les&nbsp;<strong>plans de votre abri de jardin<\/strong>, la&nbsp;<strong>notice de montage<\/strong>&nbsp;ainsi que des&nbsp;<strong>photographies de votre terrain<\/strong>. Le&nbsp;<strong>d\u00e9lai d\u2019instruction<\/strong>&nbsp;pour ce dossier est de&nbsp;<strong>2 mois<\/strong>. En l\u2019absence de r\u00e9ponse une fois ce d\u00e9lai d\u00e9pass\u00e9, la demande est automatiquement accept\u00e9e.<\/p>\n\n\n\n<div class=\"wp-block-group alignwide has-white-color has-text-color has-background\" style=\"background-color:#f2f2f2\"><div class=\"wp-block-group__inner-container is-layout-flow wp-block-group-is-layout-flow\">\n<h2 class=\"alignfull has-text-align-center has-black-color has-text-color wp-block-heading\" style=\"font-size:30px;font-style:normal;font-weight:400\">La s\u00e9lection de sweeek<\/h2>\n\n\n\n<div style=\"height:21px\" aria-hidden=\"true\" class=\"wp-block-spacer\"><\/div>\n\n\n\n<div class=\"wp-block-columns is-layout-flex wp-container-core-columns-is-layout-9d6595d7 wp-block-columns-is-layout-flex\">\n<div class=\"wp-block-column is-layout-flow wp-block-column-is-layout-flow\"><div class=\"wp-block-image\">\n<figure class=\"aligncenter size-large\"><img decoding=\"async\" width=\"1024\" height=\"1024\" src=\"https:\/\/www.sweeek.fr\/blog\/wp-content\/uploads\/2022\/06\/msw291gy-441c6d78ffd56a43f187394f1a45231b-1024x1024.webp\" alt=\"\" class=\"wp-image-22535\" srcset=\"https:\/\/www.sweeek.fr\/blog\/wp-content\/uploads\/2022\/06\/msw291gy-441c6d78ffd56a43f187394f1a45231b-1024x1024.webp 1024w, https:\/\/www.sweeek.fr\/blog\/wp-content\/uploads\/2022\/06\/msw291gy-441c6d78ffd56a43f187394f1a45231b-300x300.webp 300w, https:\/\/www.sweeek.fr\/blog\/wp-content\/uploads\/2022\/06\/msw291gy-441c6d78ffd56a43f187394f1a45231b-150x150.webp 150w, https:\/\/www.sweeek.fr\/blog\/wp-content\/uploads\/2022\/06\/msw291gy-441c6d78ffd56a43f187394f1a45231b-768x768.webp 768w, https:\/\/www.sweeek.fr\/blog\/wp-content\/uploads\/2022\/06\/msw291gy-441c6d78ffd56a43f187394f1a45231b-600x600.webp 600w, https:\/\/www.sweeek.fr\/blog\/wp-content\/uploads\/2022\/06\/msw291gy-441c6d78ffd56a43f187394f1a45231b.webp 1500w\" sizes=\"(max-width: 1024px) 100vw, 1024px\" \/><\/figure>\n<\/div>\n\n\n<h3 class=\"has-text-align-center has-black-color has-text-color wp-block-heading\" style=\"font-style:normal;font-weight:400\"><a href=\"https:\/\/www.sweeek.fr\/product\/abri-de-jardin-acier-galvanise-2-91m-kit-d-ancrage-anthracite\">Abri de jardin en acier galvanis\u00e9 2,91m\u00b2 &#8211; Bray<\/a><\/h3>\n\n\n\n<div style=\"height:15px\" aria-hidden=\"true\" class=\"wp-block-spacer\"><\/div>\n<\/div>\n\n\n\n<div class=\"wp-block-column is-layout-flow wp-block-column-is-layout-flow\"><div class=\"wp-block-image\">\n<figure class=\"aligncenter size-large\"><img decoding=\"async\" width=\"1024\" height=\"1024\" src=\"https:\/\/www.sweeek.fr\/blog\/wp-content\/uploads\/2022\/06\/MS1085GY_01-1024x1024.webp\" alt=\"\" class=\"wp-image-22536\" srcset=\"https:\/\/www.sweeek.fr\/blog\/wp-content\/uploads\/2022\/06\/MS1085GY_01-1024x1024.webp 1024w, https:\/\/www.sweeek.fr\/blog\/wp-content\/uploads\/2022\/06\/MS1085GY_01-300x300.webp 300w, https:\/\/www.sweeek.fr\/blog\/wp-content\/uploads\/2022\/06\/MS1085GY_01-150x150.webp 150w, https:\/\/www.sweeek.fr\/blog\/wp-content\/uploads\/2022\/06\/MS1085GY_01-768x768.webp 768w, https:\/\/www.sweeek.fr\/blog\/wp-content\/uploads\/2022\/06\/MS1085GY_01-600x600.webp 600w, https:\/\/www.sweeek.fr\/blog\/wp-content\/uploads\/2022\/06\/MS1085GY_01.webp 1500w\" sizes=\"(max-width: 1024px) 100vw, 1024px\" \/><\/figure>\n<\/div>\n\n\n<h3 class=\"has-text-align-center wp-block-heading\" style=\"font-style:normal;font-weight:400\"><a href=\"https:\/\/www.sweeek.fr\/product\/abri-de-jardin-metal-10-85m\">Abri de jardin en m\u00e9tal 10,85m\u00b2 &#8211; Boulonnais<\/a><\/h3>\n\n\n\n<div style=\"height:15px\" aria-hidden=\"true\" class=\"wp-block-spacer\"><\/div>\n<\/div>\n\n\n\n<div class=\"wp-block-column is-layout-flow wp-block-column-is-layout-flow\"><div class=\"wp-block-image\">\n<figure class=\"aligncenter size-large\"><img loading=\"lazy\" decoding=\"async\" width=\"1024\" height=\"1024\" src=\"https:\/\/www.sweeek.fr\/blog\/wp-content\/uploads\/2022\/06\/ms884gy-ea936110a3dc23bb38ce5cc1f6b218d7-1-1024x1024.webp\" alt=\"\" class=\"wp-image-22537\" srcset=\"https:\/\/www.sweeek.fr\/blog\/wp-content\/uploads\/2022\/06\/ms884gy-ea936110a3dc23bb38ce5cc1f6b218d7-1-1024x1024.webp 1024w, https:\/\/www.sweeek.fr\/blog\/wp-content\/uploads\/2022\/06\/ms884gy-ea936110a3dc23bb38ce5cc1f6b218d7-1-300x300.webp 300w, https:\/\/www.sweeek.fr\/blog\/wp-content\/uploads\/2022\/06\/ms884gy-ea936110a3dc23bb38ce5cc1f6b218d7-1-150x150.webp 150w, https:\/\/www.sweeek.fr\/blog\/wp-content\/uploads\/2022\/06\/ms884gy-ea936110a3dc23bb38ce5cc1f6b218d7-1-768x768.webp 768w, https:\/\/www.sweeek.fr\/blog\/wp-content\/uploads\/2022\/06\/ms884gy-ea936110a3dc23bb38ce5cc1f6b218d7-1-600x600.webp 600w, https:\/\/www.sweeek.fr\/blog\/wp-content\/uploads\/2022\/06\/ms884gy-ea936110a3dc23bb38ce5cc1f6b218d7-1.webp 1500w\" sizes=\"(max-width: 1024px) 100vw, 1024px\" \/><\/figure>\n<\/div>\n\n\n<h3 class=\"has-text-align-center has-black-color has-text-color wp-block-heading\" style=\"font-style:normal;font-weight:400\"><a href=\"https:\/\/www.sweeek.fr\/product\/abri-jardin-metal-flandre-8-84m-gris-anthracite-deux-grandes-portes-coulissantes-kit-fixation-sol-inclus\">Abri de jardin m\u00e9tal 8,95m\u00b2 &#8211; Flandre<\/a><\/h3>\n\n\n\n<div style=\"height:15px\" aria-hidden=\"true\" class=\"wp-block-spacer\"><\/div>\n<\/div>\n<\/div>\n<\/div><\/div>\n","protected":false},"excerpt":{"rendered":"<p>Vous avez envie de&nbsp;construire un abri dans votre jardin&nbsp;mais vous ne savez pas si vous avez besoin d\u2019une&nbsp;autorisation&nbsp;? Sachez que cela&nbsp;d\u00e9pendra de plusieurs crit\u00e8res&nbsp;comme la&nbsp;surface de plancher&nbsp;et de l\u2019emprise au sol de votre future construction, son&nbsp;emplacement&nbsp;et la&nbsp;zone g\u00e9ographique. Il est important de se renseigner au pr\u00e9alable aupr\u00e8s des&nbsp;organismes concern\u00e9s&nbsp;pour conna\u00eetre les&nbsp;diff\u00e9rentes r\u00e8gles&nbsp;que vous devez respecter. [&hellip;]<\/p>\n","protected":false},"author":4,"featured_media":18443,"comment_status":"open","ping_status":"closed","sticky":false,"template":"","format":"standard","meta":{"inline_featured_image":false,"_uag_custom_page_level_css":"","ocean_post_layout":"","ocean_both_sidebars_style":"","ocean_both_sidebars_content_width":0,"ocean_both_sidebars_sidebars_width":0,"ocean_sidebar":"0","ocean_second_sidebar":"0","ocean_disable_margins":"enable","ocean_add_body_class":"","ocean_shortcode_before_top_bar":"","ocean_shortcode_after_top_bar":"","ocean_shortcode_before_header":"","ocean_shortcode_after_header":"","ocean_has_shortcode":"","ocean_shortcode_after_title":"","ocean_shortcode_before_footer_widgets":"","ocean_shortcode_after_footer_widgets":"","ocean_shortcode_before_footer_bottom":"","ocean_shortcode_after_footer_bottom":"","ocean_display_top_bar":"default","ocean_display_header":"default","ocean_header_style":"","ocean_center_header_left_menu":"0","ocean_custom_header_template":"0","ocean_custom_logo":0,"ocean_custom_retina_logo":0,"ocean_custom_logo_max_width":0,"ocean_custom_logo_tablet_max_width":0,"ocean_custom_logo_mobile_max_width":0,"ocean_custom_logo_max_height":0,"ocean_custom_logo_tablet_max_height":0,"ocean_custom_logo_mobile_max_height":0,"ocean_header_custom_menu":"0","ocean_menu_typo_font_family":"0","ocean_menu_typo_font_subset":"","ocean_menu_typo_font_size":0,"ocean_menu_typo_font_size_tablet":0,"ocean_menu_typo_font_size_mobile":0,"ocean_menu_typo_font_size_unit":"px","ocean_menu_typo_font_weight":"","ocean_menu_typo_font_weight_tablet":"","ocean_menu_typo_font_weight_mobile":"","ocean_menu_typo_transform":"","ocean_menu_typo_transform_tablet":"","ocean_menu_typo_transform_mobile":"","ocean_menu_typo_line_height":0,"ocean_menu_typo_line_height_tablet":0,"ocean_menu_typo_line_height_mobile":0,"ocean_menu_typo_line_height_unit":"","ocean_menu_typo_spacing":0,"ocean_menu_typo_spacing_tablet":0,"ocean_menu_typo_spacing_mobile":0,"ocean_menu_typo_spacing_unit":"","ocean_menu_link_color":"","ocean_menu_link_color_hover":"","ocean_menu_link_color_active":"","ocean_menu_link_background":"","ocean_menu_link_hover_background":"","ocean_menu_link_active_background":"","ocean_menu_social_links_bg":"","ocean_menu_social_hover_links_bg":"","ocean_menu_social_links_color":"","ocean_menu_social_hover_links_color":"","ocean_disable_title":"default","ocean_disable_heading":"default","ocean_post_title":"","ocean_post_subheading":"","ocean_post_title_style":"","ocean_post_title_background_color":"","ocean_post_title_background":0,"ocean_post_title_bg_image_position":"","ocean_post_title_bg_image_attachment":"","ocean_post_title_bg_image_repeat":"","ocean_post_title_bg_image_size":"","ocean_post_title_height":0,"ocean_post_title_bg_overlay":0.5,"ocean_post_title_bg_overlay_color":"","ocean_disable_breadcrumbs":"default","ocean_breadcrumbs_color":"","ocean_breadcrumbs_separator_color":"","ocean_breadcrumbs_links_color":"","ocean_breadcrumbs_links_hover_color":"","ocean_display_footer_widgets":"default","ocean_display_footer_bottom":"default","ocean_custom_footer_template":"0","ocean_post_oembed":"","ocean_post_self_hosted_media":"","ocean_post_video_embed":"","ocean_link_format":"","ocean_link_format_target":"self","ocean_quote_format":"","ocean_quote_format_link":"post","ocean_gallery_link_images":"off","ocean_gallery_id":[],"footnotes":""},"categories":[141],"tags":[],"class_list":["post-8626","post","type-post","status-publish","format-standard","has-post-thumbnail","hentry","category-abri-jardin","entry","has-media"],"yoast_head":"<!-- This site is optimized with the Yoast SEO plugin v27.5 - https:\/\/yoast.com\/product\/yoast-seo-wordpress\/ -->\n<title>Peut-on construire un abri de jardin sans autorisation ? &#8211; Les Conseils sweeek<\/title>\n<meta name=\"description\" content=\"D\u00e9couvrez si vous pouvez construire un abri de jardin sans autorisations gr\u00e2ce aux conseils de sweeek. On vous explique tout.\" \/>\n<meta name=\"robots\" content=\"index, follow, max-snippet:-1, max-image-preview:large, max-video-preview:-1\" \/>\n<link rel=\"canonical\" href=\"https:\/\/www.sweeek.fr\/blog\/peut-on-construire-un-abri-de-jardin-sans-autorisation\/\" \/>\n<meta property=\"og:locale\" content=\"fr_FR\" \/>\n<meta property=\"og:type\" content=\"article\" \/>\n<meta property=\"og:title\" content=\"Peut-on construire un abri de jardin sans autorisation ? &#8211; Les Conseils sweeek\" \/>\n<meta property=\"og:description\" content=\"D\u00e9couvrez si vous pouvez construire un abri de jardin sans autorisations gr\u00e2ce aux conseils de sweeek. On vous explique tout.\" \/>\n<meta property=\"og:url\" content=\"https:\/\/www.sweeek.fr\/blog\/peut-on-construire-un-abri-de-jardin-sans-autorisation\/\" \/>\n<meta property=\"og:site_name\" content=\"Les Conseils sweeek\" \/>\n<meta property=\"article:published_time\" content=\"2022-04-14T15:57:00+00:00\" \/>\n<meta property=\"article:modified_time\" content=\"2025-02-24T15:35:43+00:00\" \/>\n<meta property=\"og:image\" content=\"https:\/\/www.sweeek.fr\/blog\/wp-content\/uploads\/2022\/04\/construction-abris-jardin.jpg\" \/>\n\t<meta property=\"og:image:width\" content=\"1024\" \/>\n\t<meta property=\"og:image:height\" content=\"682\" \/>\n\t<meta property=\"og:image:type\" content=\"image\/jpeg\" \/>\n<meta name=\"author\" content=\"Am\u00e9lie Capon\" \/>\n<meta name=\"twitter:card\" content=\"summary_large_image\" \/>\n<meta name=\"twitter:label1\" content=\"\u00c9crit par\" \/>\n\t<meta name=\"twitter:data1\" content=\"Am\u00e9lie Capon\" \/>\n\t<meta name=\"twitter:label2\" content=\"Dur\u00e9e de lecture estim\u00e9e\" \/>\n\t<meta name=\"twitter:data2\" content=\"4 minutes\" \/>\n<script type=\"application\/ld+json\" class=\"yoast-schema-graph\">{\"@context\":\"https:\\\/\\\/schema.org\",\"@graph\":[{\"@type\":\"Article\",\"@id\":\"https:\\\/\\\/www.sweeek.fr\\\/blog\\\/peut-on-construire-un-abri-de-jardin-sans-autorisation\\\/#article\",\"isPartOf\":{\"@id\":\"https:\\\/\\\/www.sweeek.fr\\\/blog\\\/peut-on-construire-un-abri-de-jardin-sans-autorisation\\\/\"},\"author\":{\"name\":\"Am\u00e9lie Capon\",\"@id\":\"https:\\\/\\\/www.sweeek.fr\\\/blog\\\/#\\\/schema\\\/person\\\/e97ba3e4a84bda73fe86070619e7640b\"},\"headline\":\"Peut-on construire un abri de jardin sans autorisation ?\",\"datePublished\":\"2022-04-14T15:57:00+00:00\",\"dateModified\":\"2025-02-24T15:35:43+00:00\",\"mainEntityOfPage\":{\"@id\":\"https:\\\/\\\/www.sweeek.fr\\\/blog\\\/peut-on-construire-un-abri-de-jardin-sans-autorisation\\\/\"},\"wordCount\":634,\"commentCount\":0,\"publisher\":{\"@id\":\"https:\\\/\\\/www.sweeek.fr\\\/blog\\\/#organization\"},\"image\":{\"@id\":\"https:\\\/\\\/www.sweeek.fr\\\/blog\\\/peut-on-construire-un-abri-de-jardin-sans-autorisation\\\/#primaryimage\"},\"thumbnailUrl\":\"https:\\\/\\\/www.sweeek.fr\\\/blog\\\/wp-content\\\/uploads\\\/2022\\\/04\\\/construction-abris-jardin.jpg\",\"articleSection\":[\"Abri de jardin\"],\"inLanguage\":\"fr-FR\",\"potentialAction\":[{\"@type\":\"CommentAction\",\"name\":\"Comment\",\"target\":[\"https:\\\/\\\/www.sweeek.fr\\\/blog\\\/peut-on-construire-un-abri-de-jardin-sans-autorisation\\\/#respond\"]}]},{\"@type\":\"WebPage\",\"@id\":\"https:\\\/\\\/www.sweeek.fr\\\/blog\\\/peut-on-construire-un-abri-de-jardin-sans-autorisation\\\/\",\"url\":\"https:\\\/\\\/www.sweeek.fr\\\/blog\\\/peut-on-construire-un-abri-de-jardin-sans-autorisation\\\/\",\"name\":\"Peut-on construire un abri de jardin sans autorisation ? &#8211; Les Conseils sweeek\",\"isPartOf\":{\"@id\":\"https:\\\/\\\/www.sweeek.fr\\\/blog\\\/#website\"},\"primaryImageOfPage\":{\"@id\":\"https:\\\/\\\/www.sweeek.fr\\\/blog\\\/peut-on-construire-un-abri-de-jardin-sans-autorisation\\\/#primaryimage\"},\"image\":{\"@id\":\"https:\\\/\\\/www.sweeek.fr\\\/blog\\\/peut-on-construire-un-abri-de-jardin-sans-autorisation\\\/#primaryimage\"},\"thumbnailUrl\":\"https:\\\/\\\/www.sweeek.fr\\\/blog\\\/wp-content\\\/uploads\\\/2022\\\/04\\\/construction-abris-jardin.jpg\",\"datePublished\":\"2022-04-14T15:57:00+00:00\",\"dateModified\":\"2025-02-24T15:35:43+00:00\",\"description\":\"D\u00e9couvrez si vous pouvez construire un abri de jardin sans autorisations gr\u00e2ce aux conseils de sweeek. On vous explique tout.\",\"breadcrumb\":{\"@id\":\"https:\\\/\\\/www.sweeek.fr\\\/blog\\\/peut-on-construire-un-abri-de-jardin-sans-autorisation\\\/#breadcrumb\"},\"inLanguage\":\"fr-FR\",\"potentialAction\":[{\"@type\":\"ReadAction\",\"target\":[\"https:\\\/\\\/www.sweeek.fr\\\/blog\\\/peut-on-construire-un-abri-de-jardin-sans-autorisation\\\/\"]}]},{\"@type\":\"ImageObject\",\"inLanguage\":\"fr-FR\",\"@id\":\"https:\\\/\\\/www.sweeek.fr\\\/blog\\\/peut-on-construire-un-abri-de-jardin-sans-autorisation\\\/#primaryimage\",\"url\":\"https:\\\/\\\/www.sweeek.fr\\\/blog\\\/wp-content\\\/uploads\\\/2022\\\/04\\\/construction-abris-jardin.jpg\",\"contentUrl\":\"https:\\\/\\\/www.sweeek.fr\\\/blog\\\/wp-content\\\/uploads\\\/2022\\\/04\\\/construction-abris-jardin.jpg\",\"width\":1024,\"height\":682,\"caption\":\"construction abris jardin\"},{\"@type\":\"BreadcrumbList\",\"@id\":\"https:\\\/\\\/www.sweeek.fr\\\/blog\\\/peut-on-construire-un-abri-de-jardin-sans-autorisation\\\/#breadcrumb\",\"itemListElement\":[{\"@type\":\"ListItem\",\"position\":1,\"name\":\"Accueil\",\"item\":\"https:\\\/\\\/www.sweeek.fr\\\/blog\\\/\"},{\"@type\":\"ListItem\",\"position\":2,\"name\":\"Peut-on construire un abri de jardin sans autorisation ?\"}]},{\"@type\":\"WebSite\",\"@id\":\"https:\\\/\\\/www.sweeek.fr\\\/blog\\\/#website\",\"url\":\"https:\\\/\\\/www.sweeek.fr\\\/blog\\\/\",\"name\":\"Les Conseils sweeek\",\"description\":\"Conseils et inspirations\",\"publisher\":{\"@id\":\"https:\\\/\\\/www.sweeek.fr\\\/blog\\\/#organization\"},\"potentialAction\":[{\"@type\":\"SearchAction\",\"target\":{\"@type\":\"EntryPoint\",\"urlTemplate\":\"https:\\\/\\\/www.sweeek.fr\\\/blog\\\/?s={search_term_string}\"},\"query-input\":{\"@type\":\"PropertyValueSpecification\",\"valueRequired\":true,\"valueName\":\"search_term_string\"}}],\"inLanguage\":\"fr-FR\"},{\"@type\":\"Organization\",\"@id\":\"https:\\\/\\\/www.sweeek.fr\\\/blog\\\/#organization\",\"name\":\"sweeek\",\"url\":\"https:\\\/\\\/www.sweeek.fr\\\/blog\\\/\",\"logo\":{\"@type\":\"ImageObject\",\"inLanguage\":\"fr-FR\",\"@id\":\"https:\\\/\\\/www.sweeek.fr\\\/blog\\\/#\\\/schema\\\/logo\\\/image\\\/\",\"url\":\"https:\\\/\\\/www.sweeek.fr\\\/blog\\\/wp-content\\\/uploads\\\/2023\\\/10\\\/blog-sweeek-logo2.png\",\"contentUrl\":\"https:\\\/\\\/www.sweeek.fr\\\/blog\\\/wp-content\\\/uploads\\\/2023\\\/10\\\/blog-sweeek-logo2.png\",\"width\":328,\"height\":90,\"caption\":\"sweeek\"},\"image\":{\"@id\":\"https:\\\/\\\/www.sweeek.fr\\\/blog\\\/#\\\/schema\\\/logo\\\/image\\\/\"}},{\"@type\":\"Person\",\"@id\":\"https:\\\/\\\/www.sweeek.fr\\\/blog\\\/#\\\/schema\\\/person\\\/e97ba3e4a84bda73fe86070619e7640b\",\"name\":\"Am\u00e9lie Capon\",\"image\":{\"@type\":\"ImageObject\",\"inLanguage\":\"fr-FR\",\"@id\":\"https:\\\/\\\/secure.gravatar.com\\\/avatar\\\/042e4b25b2641d47117ebfaf786a00f66fd827d54a130982af74eb1f062ce832?s=96&d=mm&r=g\",\"url\":\"https:\\\/\\\/secure.gravatar.com\\\/avatar\\\/042e4b25b2641d47117ebfaf786a00f66fd827d54a130982af74eb1f062ce832?s=96&d=mm&r=g\",\"contentUrl\":\"https:\\\/\\\/secure.gravatar.com\\\/avatar\\\/042e4b25b2641d47117ebfaf786a00f66fd827d54a130982af74eb1f062ce832?s=96&d=mm&r=g\",\"caption\":\"Am\u00e9lie Capon\"}}]}<\/script>\n<!-- \/ Yoast SEO plugin. -->","yoast_head_json":{"title":"Peut-on construire un abri de jardin sans autorisation ? &#8211; Les Conseils sweeek","description":"D\u00e9couvrez si vous pouvez construire un abri de jardin sans autorisations gr\u00e2ce aux conseils de sweeek. On vous explique tout.","robots":{"index":"index","follow":"follow","max-snippet":"max-snippet:-1","max-image-preview":"max-image-preview:large","max-video-preview":"max-video-preview:-1"},"canonical":"https:\/\/www.sweeek.fr\/blog\/peut-on-construire-un-abri-de-jardin-sans-autorisation\/","og_locale":"fr_FR","og_type":"article","og_title":"Peut-on construire un abri de jardin sans autorisation ? &#8211; Les Conseils sweeek","og_description":"D\u00e9couvrez si vous pouvez construire un abri de jardin sans autorisations gr\u00e2ce aux conseils de sweeek. On vous explique tout.","og_url":"https:\/\/www.sweeek.fr\/blog\/peut-on-construire-un-abri-de-jardin-sans-autorisation\/","og_site_name":"Les Conseils sweeek","article_published_time":"2022-04-14T15:57:00+00:00","article_modified_time":"2025-02-24T15:35:43+00:00","og_image":[{"width":1024,"height":682,"url":"https:\/\/www.sweeek.fr\/blog\/wp-content\/uploads\/2022\/04\/construction-abris-jardin.jpg","type":"image\/jpeg"}],"author":"Am\u00e9lie Capon","twitter_card":"summary_large_image","twitter_misc":{"\u00c9crit par":"Am\u00e9lie Capon","Dur\u00e9e de lecture estim\u00e9e":"4 minutes"},"schema":{"@context":"https:\/\/schema.org","@graph":[{"@type":"Article","@id":"https:\/\/www.sweeek.fr\/blog\/peut-on-construire-un-abri-de-jardin-sans-autorisation\/#article","isPartOf":{"@id":"https:\/\/www.sweeek.fr\/blog\/peut-on-construire-un-abri-de-jardin-sans-autorisation\/"},"author":{"name":"Am\u00e9lie Capon","@id":"https:\/\/www.sweeek.fr\/blog\/#\/schema\/person\/e97ba3e4a84bda73fe86070619e7640b"},"headline":"Peut-on construire un abri de jardin sans autorisation ?","datePublished":"2022-04-14T15:57:00+00:00","dateModified":"2025-02-24T15:35:43+00:00","mainEntityOfPage":{"@id":"https:\/\/www.sweeek.fr\/blog\/peut-on-construire-un-abri-de-jardin-sans-autorisation\/"},"wordCount":634,"commentCount":0,"publisher":{"@id":"https:\/\/www.sweeek.fr\/blog\/#organization"},"image":{"@id":"https:\/\/www.sweeek.fr\/blog\/peut-on-construire-un-abri-de-jardin-sans-autorisation\/#primaryimage"},"thumbnailUrl":"https:\/\/www.sweeek.fr\/blog\/wp-content\/uploads\/2022\/04\/construction-abris-jardin.jpg","articleSection":["Abri de jardin"],"inLanguage":"fr-FR","potentialAction":[{"@type":"CommentAction","name":"Comment","target":["https:\/\/www.sweeek.fr\/blog\/peut-on-construire-un-abri-de-jardin-sans-autorisation\/#respond"]}]},{"@type":"WebPage","@id":"https:\/\/www.sweeek.fr\/blog\/peut-on-construire-un-abri-de-jardin-sans-autorisation\/","url":"https:\/\/www.sweeek.fr\/blog\/peut-on-construire-un-abri-de-jardin-sans-autorisation\/","name":"Peut-on construire un abri de jardin sans autorisation ? &#8211; Les Conseils sweeek","isPartOf":{"@id":"https:\/\/www.sweeek.fr\/blog\/#website"},"primaryImageOfPage":{"@id":"https:\/\/www.sweeek.fr\/blog\/peut-on-construire-un-abri-de-jardin-sans-autorisation\/#primaryimage"},"image":{"@id":"https:\/\/www.sweeek.fr\/blog\/peut-on-construire-un-abri-de-jardin-sans-autorisation\/#primaryimage"},"thumbnailUrl":"https:\/\/www.sweeek.fr\/blog\/wp-content\/uploads\/2022\/04\/construction-abris-jardin.jpg","datePublished":"2022-04-14T15:57:00+00:00","dateModified":"2025-02-24T15:35:43+00:00","description":"D\u00e9couvrez si vous pouvez construire un abri de jardin sans autorisations gr\u00e2ce aux conseils de sweeek. On vous explique tout.","breadcrumb":{"@id":"https:\/\/www.sweeek.fr\/blog\/peut-on-construire-un-abri-de-jardin-sans-autorisation\/#breadcrumb"},"inLanguage":"fr-FR","potentialAction":[{"@type":"ReadAction","target":["https:\/\/www.sweeek.fr\/blog\/peut-on-construire-un-abri-de-jardin-sans-autorisation\/"]}]},{"@type":"ImageObject","inLanguage":"fr-FR","@id":"https:\/\/www.sweeek.fr\/blog\/peut-on-construire-un-abri-de-jardin-sans-autorisation\/#primaryimage","url":"https:\/\/www.sweeek.fr\/blog\/wp-content\/uploads\/2022\/04\/construction-abris-jardin.jpg","contentUrl":"https:\/\/www.sweeek.fr\/blog\/wp-content\/uploads\/2022\/04\/construction-abris-jardin.jpg","width":1024,"height":682,"caption":"construction abris jardin"},{"@type":"BreadcrumbList","@id":"https:\/\/www.sweeek.fr\/blog\/peut-on-construire-un-abri-de-jardin-sans-autorisation\/#breadcrumb","itemListElement":[{"@type":"ListItem","position":1,"name":"Accueil","item":"https:\/\/www.sweeek.fr\/blog\/"},{"@type":"ListItem","position":2,"name":"Peut-on construire un abri de jardin sans autorisation ?"}]},{"@type":"WebSite","@id":"https:\/\/www.sweeek.fr\/blog\/#website","url":"https:\/\/www.sweeek.fr\/blog\/","name":"Les Conseils sweeek","description":"Conseils et inspirations","publisher":{"@id":"https:\/\/www.sweeek.fr\/blog\/#organization"},"potentialAction":[{"@type":"SearchAction","target":{"@type":"EntryPoint","urlTemplate":"https:\/\/www.sweeek.fr\/blog\/?s={search_term_string}"},"query-input":{"@type":"PropertyValueSpecification","valueRequired":true,"valueName":"search_term_string"}}],"inLanguage":"fr-FR"},{"@type":"Organization","@id":"https:\/\/www.sweeek.fr\/blog\/#organization","name":"sweeek","url":"https:\/\/www.sweeek.fr\/blog\/","logo":{"@type":"ImageObject","inLanguage":"fr-FR","@id":"https:\/\/www.sweeek.fr\/blog\/#\/schema\/logo\/image\/","url":"https:\/\/www.sweeek.fr\/blog\/wp-content\/uploads\/2023\/10\/blog-sweeek-logo2.png","contentUrl":"https:\/\/www.sweeek.fr\/blog\/wp-content\/uploads\/2023\/10\/blog-sweeek-logo2.png","width":328,"height":90,"caption":"sweeek"},"image":{"@id":"https:\/\/www.sweeek.fr\/blog\/#\/schema\/logo\/image\/"}},{"@type":"Person","@id":"https:\/\/www.sweeek.fr\/blog\/#\/schema\/person\/e97ba3e4a84bda73fe86070619e7640b","name":"Am\u00e9lie Capon","image":{"@type":"ImageObject","inLanguage":"fr-FR","@id":"https:\/\/secure.gravatar.com\/avatar\/042e4b25b2641d47117ebfaf786a00f66fd827d54a130982af74eb1f062ce832?s=96&d=mm&r=g","url":"https:\/\/secure.gravatar.com\/avatar\/042e4b25b2641d47117ebfaf786a00f66fd827d54a130982af74eb1f062ce832?s=96&d=mm&r=g","contentUrl":"https:\/\/secure.gravatar.com\/avatar\/042e4b25b2641d47117ebfaf786a00f66fd827d54a130982af74eb1f062ce832?s=96&d=mm&r=g","caption":"Am\u00e9lie Capon"}}]}},"uagb_featured_image_src":{"full":["https:\/\/www.sweeek.fr\/blog\/wp-content\/uploads\/2022\/04\/construction-abris-jardin.jpg",1024,682,false],"thumbnail":["https:\/\/www.sweeek.fr\/blog\/wp-content\/uploads\/2022\/04\/construction-abris-jardin-150x150.jpg",150,150,true],"medium":["https:\/\/www.sweeek.fr\/blog\/wp-content\/uploads\/2022\/04\/construction-abris-jardin-300x200.jpg",300,200,true],"medium_large":["https:\/\/www.sweeek.fr\/blog\/wp-content\/uploads\/2022\/04\/construction-abris-jardin-768x512.jpg",768,512,true],"large":["https:\/\/www.sweeek.fr\/blog\/wp-content\/uploads\/2022\/04\/construction-abris-jardin.jpg",1024,682,false],"1536x1536":["https:\/\/www.sweeek.fr\/blog\/wp-content\/uploads\/2022\/04\/construction-abris-jardin.jpg",1024,682,false],"2048x2048":["https:\/\/www.sweeek.fr\/blog\/wp-content\/uploads\/2022\/04\/construction-abris-jardin.jpg",1024,682,false],"ocean-thumb-m":["https:\/\/www.sweeek.fr\/blog\/wp-content\/uploads\/2022\/04\/construction-abris-jardin-600x600.jpg",600,600,true],"ocean-thumb-ml":["https:\/\/www.sweeek.fr\/blog\/wp-content\/uploads\/2022\/04\/construction-abris-jardin-800x450.jpg",800,450,true],"ocean-thumb-l":["https:\/\/www.sweeek.fr\/blog\/wp-content\/uploads\/2022\/04\/construction-abris-jardin.jpg",1024,682,false]},"uagb_author_info":{"display_name":"Am\u00e9lie Capon","author_link":"https:\/\/www.sweeek.fr\/blog"},"uagb_comment_info":0,"uagb_excerpt":"Vous avez envie de&nbsp;construire un abri dans votre jardin&nbsp;mais vous ne savez pas si vous avez besoin d\u2019une&nbsp;autorisation&nbsp;? Sachez que cela&nbsp;d\u00e9pendra de plusieurs crit\u00e8res&nbsp;comme la&nbsp;surface de plancher&nbsp;et de l\u2019emprise au sol de votre future construction, son&nbsp;emplacement&nbsp;et la&nbsp;zone g\u00e9ographique. Il est important de se renseigner au pr\u00e9alable aupr\u00e8s des&nbsp;organismes concern\u00e9s&nbsp;pour conna\u00eetre les&nbsp;diff\u00e9rentes r\u00e8gles&nbsp;que vous devez respecter.\u2026","_links":{"self":[{"href":"https:\/\/www.sweeek.fr\/blog\/wp-json\/wp\/v2\/posts\/8626","targetHints":{"allow":["GET"]}}],"collection":[{"href":"https:\/\/www.sweeek.fr\/blog\/wp-json\/wp\/v2\/posts"}],"about":[{"href":"https:\/\/www.sweeek.fr\/blog\/wp-json\/wp\/v2\/types\/post"}],"author":[{"embeddable":true,"href":"https:\/\/www.sweeek.fr\/blog\/wp-json\/wp\/v2\/users\/4"}],"replies":[{"embeddable":true,"href":"https:\/\/www.sweeek.fr\/blog\/wp-json\/wp\/v2\/comments?post=8626"}],"version-history":[{"count":13,"href":"https:\/\/www.sweeek.fr\/blog\/wp-json\/wp\/v2\/posts\/8626\/revisions"}],"predecessor-version":[{"id":19961,"href":"https:\/\/www.sweeek.fr\/blog\/wp-json\/wp\/v2\/posts\/8626\/revisions\/19961"}],"wp:featuredmedia":[{"embeddable":true,"href":"https:\/\/www.sweeek.fr\/blog\/wp-json\/wp\/v2\/media\/18443"}],"wp:attachment":[{"href":"https:\/\/www.sweeek.fr\/blog\/wp-json\/wp\/v2\/media?parent=8626"}],"wp:term":[{"taxonomy":"category","embeddable":true,"href":"https:\/\/www.sweeek.fr\/blog\/wp-json\/wp\/v2\/categories?post=8626"},{"taxonomy":"post_tag","embeddable":true,"href":"https:\/\/www.sweeek.fr\/blog\/wp-json\/wp\/v2\/tags?post=8626"}],"curies":[{"name":"wp","href":"https:\/\/api.w.org\/{rel}","templated":true}]}}