{"id":8256,"date":"2022-05-02T16:05:00","date_gmt":"2022-05-02T14:05:00","guid":{"rendered":"https:\/\/www.sweeek.fr\/blog\/?p=8256"},"modified":"2025-02-24T16:34:22","modified_gmt":"2025-02-24T15:34:22","slug":"quelle-superficie-pour-un-abri-de-jardin","status":"publish","type":"post","link":"https:\/\/www.sweeek.fr\/blog\/quelle-superficie-pour-un-abri-de-jardin\/","title":{"rendered":"Quelle superficie pour un abri de jardin ?"},"content":{"rendered":"\n<p>Outils, v\u00e9los, mobiliers, on manque souvent de place pour les&nbsp;<strong>ranger \u00e0 l\u2019abri<\/strong>&nbsp;et les&nbsp;<strong>stocker<\/strong>. L\u2019<a href=\"https:\/\/www.sweeek.fr\/rangement-jardin\/abri-jardin\">abri de jardin<\/a>&nbsp;est une solution&nbsp;<strong>pratique<\/strong>&nbsp;et&nbsp;<strong>esth\u00e9tique<\/strong>&nbsp;pour ranger tous les objets qui ne rentrent plus dans votre garage ou dans votre maison. Il trouvera sa place aussi bien dans les petits que les grands jardins. Du&nbsp;<strong>petit abri \/ armoire de jardin<\/strong>&nbsp;pour ranger de l\u2019outillage au&nbsp;<strong>grand abri de jardin<\/strong>&nbsp;qui sert de pi\u00e8ce suppl\u00e9mentaire, ce n\u2019est pas toujours facile de&nbsp;<strong>choisir la taille de son abri de jardin<\/strong>. Voici quelques pistes pour vous aider \u00e0 faire votre choix.<\/p>\n\n\n<div class=\"wp-block-image\">\n<figure class=\"aligncenter size-full is-resized\"><img fetchpriority=\"high\" decoding=\"async\" src=\"https:\/\/www.sweeek.fr\/blog\/wp-content\/uploads\/2022\/04\/Sans-titre-27.png\" alt=\"jardin \" class=\"wp-image-8323\" width=\"692\" height=\"461\" srcset=\"https:\/\/www.sweeek.fr\/blog\/wp-content\/uploads\/2022\/04\/Sans-titre-27.png 692w, https:\/\/www.sweeek.fr\/blog\/wp-content\/uploads\/2022\/04\/Sans-titre-27-300x200.png 300w\" sizes=\"(max-width: 692px) 100vw, 692px\" \/><\/figure>\n<\/div>\n\n\n<h2 class=\"has-black-color has-text-color wp-block-heading\">Un abri de moins de 5m\u00b2 de surface au sol<\/h2>\n\n\n\n<p>Le\u00a0<strong>premier crit\u00e8re<\/strong>\u00a0\u00e0 prendre en compte pour\u00a0<a href=\"https:\/\/www.sweeek.fr\/blog\/comment-choisir-un-abri-de-jardin\/\">choisir<\/a>\u00a0la superficie de votre abri de jardin est la taille de votre terrain. Pensez \u00e0 l\u2019am\u00e9nagement de votre ext\u00e9rieur, \u00e0 l\u2019emplacement de votre maison et quelle sera la surface d\u00e9di\u00e9e \u00e0 votre cabane. <a href=\"https:\/\/www.sweeek.fr\/rangement-jardin\/abri-jardin\/filter\/superficie-1-1\/de-0-a-5-m2\">Les\u00a0<strong>abris de jardin<\/strong>\u00a0avec une\u00a0<strong>emprise au sol de moins de 5m\u00b2<\/strong><\/a>\u00a0sont les plus petits. Ils permettent de\u00a0<strong>ranger facilement le petit outillage<\/strong>\u00a0comme les pelles, r\u00e2teaux, b\u00eaches et autres outils qui peuvent \u00eatre suspendus sur le mur. On peut \u00e9galement y ranger des sacs de terreaux, bulbes et graines ou m\u00eame votre mat\u00e9riel de ski. <\/p>\n\n\n\n<p>Le&nbsp;<strong>principal avantage<\/strong>&nbsp;de ces abris est que&nbsp;<strong>vous n\u2019aurez pas \u00e0 les d\u00e9clarer<\/strong>&nbsp;ni \u00e0 <a href=\"https:\/\/www.sweeek.fr\/blog\/peut-on-construire-un-abri-de-jardin-sans-autorisation\/\">demander une autorisation<\/a> au service urbanisme de votre ville. Avant de commencer vos travaux, choisissez avec attention le mat\u00e9riau de votre abri. Il doit \u00eatre facile \u00e0 am\u00e9nager pour que le rangement soit optimal.<\/p>\n\n\n\n<h2 class=\"has-black-color has-text-color wp-block-heading\">Les abris entre 5m\u00b2 et 10m\u00b2 de surface au sol<\/h2>\n\n\n\n<p>Dans ces\u00a0<a href=\"https:\/\/www.sweeek.fr\/rangement-jardin\/abri-jardin\/filter\/superficie-1-1\/de-5-a-10-m2\"><strong>abris de taille moyenne<\/strong> (5 \u00e0 10m\u00b2)<\/a>, vous pourrez\u00a0<strong>ranger votre tondeuse \u00e0 gazon<\/strong>, votre\u00a0<strong>coupe bordure<\/strong>\u00a0et tous les\u00a0<strong>outils d\u2019entretien du jardin<\/strong>. Vous avez m\u00eame la possibilit\u00e9 de segmenter l\u2019espace et de cr\u00e9er un coin bricolage par exemple. Si votre abri est \u00e9quip\u00e9 de fen\u00eatres, vous pourrez y travailler confortablement. <\/p>\n\n\n\n<p>Vous pourrez \u00e9galement y ranger des v\u00e9los, des trottinettes ou encore votre <a href=\"https:\/\/www.sweeek.fr\/mobilier-jardin\">mobilier de jardin<\/a>. Attention, \u00e0 partir de 5m\u00b2 de surface au sol, il vous faudra faire une&nbsp;d\u00e9claration pr\u00e9alable de travaux&nbsp;aupr\u00e8s du service urbanisme de votre mairie. Gardez aussi en t\u00eate qu\u2019au plus votre cabane sera grande, au plus la taxe abri de jardin \u00e0 payer sera importante.<\/p>\n\n\n\n<h2 class=\"has-black-color has-text-color has-medium-font-size wp-block-heading\">Un abri de plus de 10m\u00b2 de surface au sol<\/h2>\n\n\n\n<p>Si vous avez la chance d\u2019avoir un grand terrain et que vous avez fait votre d\u00e9claration pr\u00e9alable, vous pouvez\u00a0<strong>construire un abri de taille importante<\/strong>. Dans ces grands abris, en plus d\u2019y ranger vos outils et sacs de terreaux, vous pourrez y stocker vos plantes en hivernage. Mais aussi votre barbecue ou votre table de ping pong. Au-del\u00e0 de 12m\u00b2, l\u2019abri de jardin pourra se transformer en vrai petit espace de vie que vous pourrez utiliser comme\u00a0<strong>chambre d\u2019amis<\/strong>,\u00a0<strong>atelier<\/strong>,\u00a0<strong>bureau<\/strong>\u00a0ou encore\u00a0<strong>salle de jeux<\/strong>. Chez sweeek, nous vous proposons des <a href=\"https:\/\/www.sweeek.fr\/rangement-jardin\/abri-jardin\/filter\/superficie-1-1\/de-10-a-15-m2\">abris de jardin de 10 \u00e0 15m\u00b2<\/a> et de <a href=\"https:\/\/www.sweeek.fr\/rangement-jardin\/abri-jardin\/filter\/superficie-1-1\/de-15-a-20-m2\">15 \u00e0 20m\u00b2<\/a>.<\/p>\n\n\n\n<h2 class=\"has-black-color has-text-color wp-block-heading\">Choisir la hauteur de son abri<\/h2>\n\n\n\n<p>La hauteur de votre cabane est \u00e9galement un \u00e9l\u00e9ment important \u00e0 prendre en compte. Elle d\u00e9terminera le&nbsp;<strong>confort de votre abri de jardin<\/strong>. Une hauteur de moins de 1,80m vous dispensera de la d\u00e9claration avant travaux et de la taxe d\u2019am\u00e9nagement. Mais n\u2019oubliez pas de&nbsp;<strong>prendre en compte la taille des outils et du mat\u00e9riel que vous allez entreposer<\/strong>&nbsp;dans votre cabane. Si vous souhaitez faire de votre abri de jardin un lieu de vie, nous vous conseillons une hauteur minimale de 2,20m pour pouvoir se d\u00e9placer ais\u00e9ment et de bien&nbsp;<a href=\"https:\/\/www.sweeek.fr\/blog\/quelle-toiture-pour-un-abri-de-jardin\/\">choisir la toiture<\/a>.<\/p>\n\n\n\n<h2 class=\"has-black-color has-text-color wp-block-heading\">Quel mat\u00e9riau choisir en fonction de la taille de mon abri ?<\/h2>\n\n\n\n<p>Un abri de 15m\u00b2 d\u2019emprise au sol ne n\u00e9cessitera pas la m\u00eame structure qu\u2019une petite cabane de 5m\u00b2. Pour un&nbsp;<strong>abri de jardin<\/strong>&nbsp;qui sert uniquement de&nbsp;<strong>stockage<\/strong>, le&nbsp;<strong>bois<\/strong>, la&nbsp;<strong>r\u00e9sine<\/strong>&nbsp;ou le&nbsp;<strong>m\u00e9tal<\/strong>&nbsp;conviendront parfaitement. Si vous souhaitez vous en servir comme lieu d\u2019hivernage, ne choisissez pas un abri en m\u00e9tal car il offre peu voire pas du tout d\u2019isolation. M\u00eame s\u2019ils sont pratiques car ils n\u2019ont besoin que de tr\u00e8s peu d\u2019entretien, ils doivent \u00eatre trait\u00e9s contre la rouille.&nbsp;<strong>Pour la cr\u00e9ation d\u2019une pi\u00e8ce de vie<\/strong>, vous pourrez choisir un&nbsp;<strong>abri en bois ou en r\u00e9sine<\/strong>. Le bois est enti\u00e8rement am\u00e9nageable et doit \u00eatre trait\u00e9 r\u00e9guli\u00e8rement. Il n\u00e9cessite \u00e9galement une bonne toiture pour \u00eatre \u00e9tanche. Il est tr\u00e8s durable. L\u2019abri de jardin en r\u00e9sine est peu modifiable mais il peut d\u00e9j\u00e0 contenir plusieurs \u00e9quipements. Tr\u00e8s r\u00e9sistants, il n\u2019a pas besoin de beaucoup d\u2019<a href=\"https:\/\/www.sweeek.fr\/blog\/comment-entretenir-un-abri-de-jardin\/\">entretien<\/a>, juste un nettoyage \u00e0 l\u2019eau de temps en temps.<\/p>\n\n\n\n<h2 class=\"has-black-color has-text-color wp-block-heading\">Ce qu\u2019il ne faut pas oublier dans mon budget<\/h2>\n\n\n\n<p>Pour calculer le budget total de votre abri de jardin, n\u2019oubliez pas de prendre en compte les frais annexes :<\/p>\n\n\n\n<ul class=\"wp-block-list\"><li>Les frais de construction si un professionnel intervient<\/li><li>Les frais de raccordement, si vous souhaitez mettre l\u2019eau et l\u2019\u00e9lectricit\u00e9 dans votre abri de jardin.<\/li><li>Les frais d\u2019am\u00e9nagement comme des \u00e9tag\u00e8res, du mobilier, une lampe, un \u00e9vier, etc.<\/li><li>La taxe d\u2019abri de jardin si votre construction fait plus de 5m\u00b2<\/li><\/ul>\n\n\n\n<div class=\"wp-block-group alignwide has-white-color has-text-color has-background\" style=\"background-color:#f2f2f2\"><div class=\"wp-block-group__inner-container is-layout-flow wp-block-group-is-layout-flow\">\n<h2 class=\"alignfull has-text-align-center has-black-color has-text-color wp-block-heading\" style=\"font-size:30px;font-style:normal;font-weight:400\">La s\u00e9lection de sweeek<\/h2>\n\n\n\n<div style=\"height:21px\" aria-hidden=\"true\" class=\"wp-block-spacer\"><\/div>\n\n\n\n<div class=\"wp-block-columns is-layout-flex wp-container-core-columns-is-layout-9d6595d7 wp-block-columns-is-layout-flex\">\n<div class=\"wp-block-column is-layout-flow wp-block-column-is-layout-flow\"><div class=\"wp-block-image\">\n<figure class=\"aligncenter size-large\"><img decoding=\"async\" width=\"1024\" height=\"1024\" src=\"https:\/\/www.sweeek.fr\/blog\/wp-content\/uploads\/2022\/06\/msw291gy-441c6d78ffd56a43f187394f1a45231b-1024x1024.webp\" alt=\"\" class=\"wp-image-22535\" srcset=\"https:\/\/www.sweeek.fr\/blog\/wp-content\/uploads\/2022\/06\/msw291gy-441c6d78ffd56a43f187394f1a45231b-1024x1024.webp 1024w, https:\/\/www.sweeek.fr\/blog\/wp-content\/uploads\/2022\/06\/msw291gy-441c6d78ffd56a43f187394f1a45231b-300x300.webp 300w, https:\/\/www.sweeek.fr\/blog\/wp-content\/uploads\/2022\/06\/msw291gy-441c6d78ffd56a43f187394f1a45231b-150x150.webp 150w, https:\/\/www.sweeek.fr\/blog\/wp-content\/uploads\/2022\/06\/msw291gy-441c6d78ffd56a43f187394f1a45231b-768x768.webp 768w, https:\/\/www.sweeek.fr\/blog\/wp-content\/uploads\/2022\/06\/msw291gy-441c6d78ffd56a43f187394f1a45231b-600x600.webp 600w, https:\/\/www.sweeek.fr\/blog\/wp-content\/uploads\/2022\/06\/msw291gy-441c6d78ffd56a43f187394f1a45231b.webp 1500w\" sizes=\"(max-width: 1024px) 100vw, 1024px\" \/><\/figure>\n<\/div>\n\n\n<h3 class=\"has-text-align-center has-black-color has-text-color wp-block-heading\" style=\"font-style:normal;font-weight:400\"><a href=\"https:\/\/www.sweeek.fr\/product\/abri-de-jardin-acier-galvanise-2-91m-kit-d-ancrage-anthracite\">Abri de jardin en acier galvanis\u00e9 2,91m\u00b2 &#8211; Bray<\/a><\/h3>\n\n\n\n<div style=\"height:15px\" aria-hidden=\"true\" class=\"wp-block-spacer\"><\/div>\n<\/div>\n\n\n\n<div class=\"wp-block-column is-layout-flow wp-block-column-is-layout-flow\"><div class=\"wp-block-image\">\n<figure class=\"aligncenter size-large\"><img decoding=\"async\" width=\"1024\" height=\"1024\" src=\"https:\/\/www.sweeek.fr\/blog\/wp-content\/uploads\/2022\/06\/MS1085GY_01-1024x1024.webp\" alt=\"\" class=\"wp-image-22536\" srcset=\"https:\/\/www.sweeek.fr\/blog\/wp-content\/uploads\/2022\/06\/MS1085GY_01-1024x1024.webp 1024w, https:\/\/www.sweeek.fr\/blog\/wp-content\/uploads\/2022\/06\/MS1085GY_01-300x300.webp 300w, https:\/\/www.sweeek.fr\/blog\/wp-content\/uploads\/2022\/06\/MS1085GY_01-150x150.webp 150w, https:\/\/www.sweeek.fr\/blog\/wp-content\/uploads\/2022\/06\/MS1085GY_01-768x768.webp 768w, https:\/\/www.sweeek.fr\/blog\/wp-content\/uploads\/2022\/06\/MS1085GY_01-600x600.webp 600w, https:\/\/www.sweeek.fr\/blog\/wp-content\/uploads\/2022\/06\/MS1085GY_01.webp 1500w\" sizes=\"(max-width: 1024px) 100vw, 1024px\" \/><\/figure>\n<\/div>\n\n\n<h3 class=\"has-text-align-center wp-block-heading\" style=\"font-style:normal;font-weight:400\"><a href=\"https:\/\/www.sweeek.fr\/product\/abri-de-jardin-metal-10-85m\">Abri de jardin en m\u00e9tal 10,85m\u00b2 &#8211; Boulonnais<\/a><\/h3>\n\n\n\n<div style=\"height:15px\" aria-hidden=\"true\" class=\"wp-block-spacer\"><\/div>\n<\/div>\n\n\n\n<div class=\"wp-block-column is-layout-flow wp-block-column-is-layout-flow\"><div class=\"wp-block-image\">\n<figure class=\"aligncenter size-large\"><img loading=\"lazy\" decoding=\"async\" width=\"1024\" height=\"1024\" src=\"https:\/\/www.sweeek.fr\/blog\/wp-content\/uploads\/2022\/06\/ms884gy-ea936110a3dc23bb38ce5cc1f6b218d7-1-1024x1024.webp\" alt=\"\" class=\"wp-image-22537\" srcset=\"https:\/\/www.sweeek.fr\/blog\/wp-content\/uploads\/2022\/06\/ms884gy-ea936110a3dc23bb38ce5cc1f6b218d7-1-1024x1024.webp 1024w, https:\/\/www.sweeek.fr\/blog\/wp-content\/uploads\/2022\/06\/ms884gy-ea936110a3dc23bb38ce5cc1f6b218d7-1-300x300.webp 300w, https:\/\/www.sweeek.fr\/blog\/wp-content\/uploads\/2022\/06\/ms884gy-ea936110a3dc23bb38ce5cc1f6b218d7-1-150x150.webp 150w, https:\/\/www.sweeek.fr\/blog\/wp-content\/uploads\/2022\/06\/ms884gy-ea936110a3dc23bb38ce5cc1f6b218d7-1-768x768.webp 768w, https:\/\/www.sweeek.fr\/blog\/wp-content\/uploads\/2022\/06\/ms884gy-ea936110a3dc23bb38ce5cc1f6b218d7-1-600x600.webp 600w, https:\/\/www.sweeek.fr\/blog\/wp-content\/uploads\/2022\/06\/ms884gy-ea936110a3dc23bb38ce5cc1f6b218d7-1.webp 1500w\" sizes=\"(max-width: 1024px) 100vw, 1024px\" \/><\/figure>\n<\/div>\n\n\n<h3 class=\"has-text-align-center has-black-color has-text-color wp-block-heading\" style=\"font-style:normal;font-weight:400\"><a href=\"https:\/\/www.sweeek.fr\/product\/abri-jardin-metal-flandre-8-84m-gris-anthracite-deux-grandes-portes-coulissantes-kit-fixation-sol-inclus\">Abri de jardin m\u00e9tal 8,95m\u00b2 &#8211; Flandre<\/a><\/h3>\n\n\n\n<div style=\"height:15px\" aria-hidden=\"true\" class=\"wp-block-spacer\"><\/div>\n<\/div>\n<\/div>\n<\/div><\/div>\n","protected":false},"excerpt":{"rendered":"<p>Outils, v\u00e9los, mobiliers, on manque souvent de place pour les&nbsp;ranger \u00e0 l\u2019abri&nbsp;et les&nbsp;stocker. L\u2019abri de jardin&nbsp;est une solution&nbsp;pratique&nbsp;et&nbsp;esth\u00e9tique&nbsp;pour ranger tous les objets qui ne rentrent plus dans votre garage ou dans votre maison. Il trouvera sa place aussi bien dans les petits que les grands jardins. Du&nbsp;petit abri \/ armoire de jardin&nbsp;pour ranger de l\u2019outillage [&hellip;]<\/p>\n","protected":false},"author":4,"featured_media":18441,"comment_status":"open","ping_status":"closed","sticky":false,"template":"","format":"standard","meta":{"inline_featured_image":false,"_uag_custom_page_level_css":"","ocean_post_layout":"","ocean_both_sidebars_style":"","ocean_both_sidebars_content_width":0,"ocean_both_sidebars_sidebars_width":0,"ocean_sidebar":"0","ocean_second_sidebar":"0","ocean_disable_margins":"enable","ocean_add_body_class":"","ocean_shortcode_before_top_bar":"","ocean_shortcode_after_top_bar":"","ocean_shortcode_before_header":"","ocean_shortcode_after_header":"","ocean_has_shortcode":"","ocean_shortcode_after_title":"","ocean_shortcode_before_footer_widgets":"","ocean_shortcode_after_footer_widgets":"","ocean_shortcode_before_footer_bottom":"","ocean_shortcode_after_footer_bottom":"","ocean_display_top_bar":"default","ocean_display_header":"default","ocean_header_style":"","ocean_center_header_left_menu":"0","ocean_custom_header_template":"0","ocean_custom_logo":0,"ocean_custom_retina_logo":0,"ocean_custom_logo_max_width":0,"ocean_custom_logo_tablet_max_width":0,"ocean_custom_logo_mobile_max_width":0,"ocean_custom_logo_max_height":0,"ocean_custom_logo_tablet_max_height":0,"ocean_custom_logo_mobile_max_height":0,"ocean_header_custom_menu":"0","ocean_menu_typo_font_family":"0","ocean_menu_typo_font_subset":"","ocean_menu_typo_font_size":0,"ocean_menu_typo_font_size_tablet":0,"ocean_menu_typo_font_size_mobile":0,"ocean_menu_typo_font_size_unit":"px","ocean_menu_typo_font_weight":"","ocean_menu_typo_font_weight_tablet":"","ocean_menu_typo_font_weight_mobile":"","ocean_menu_typo_transform":"","ocean_menu_typo_transform_tablet":"","ocean_menu_typo_transform_mobile":"","ocean_menu_typo_line_height":0,"ocean_menu_typo_line_height_tablet":0,"ocean_menu_typo_line_height_mobile":0,"ocean_menu_typo_line_height_unit":"","ocean_menu_typo_spacing":0,"ocean_menu_typo_spacing_tablet":0,"ocean_menu_typo_spacing_mobile":0,"ocean_menu_typo_spacing_unit":"","ocean_menu_link_color":"","ocean_menu_link_color_hover":"","ocean_menu_link_color_active":"","ocean_menu_link_background":"","ocean_menu_link_hover_background":"","ocean_menu_link_active_background":"","ocean_menu_social_links_bg":"","ocean_menu_social_hover_links_bg":"","ocean_menu_social_links_color":"","ocean_menu_social_hover_links_color":"","ocean_disable_title":"default","ocean_disable_heading":"default","ocean_post_title":"","ocean_post_subheading":"","ocean_post_title_style":"","ocean_post_title_background_color":"","ocean_post_title_background":0,"ocean_post_title_bg_image_position":"","ocean_post_title_bg_image_attachment":"","ocean_post_title_bg_image_repeat":"","ocean_post_title_bg_image_size":"","ocean_post_title_height":0,"ocean_post_title_bg_overlay":0.5,"ocean_post_title_bg_overlay_color":"","ocean_disable_breadcrumbs":"default","ocean_breadcrumbs_color":"","ocean_breadcrumbs_separator_color":"","ocean_breadcrumbs_links_color":"","ocean_breadcrumbs_links_hover_color":"","ocean_display_footer_widgets":"default","ocean_display_footer_bottom":"default","ocean_custom_footer_template":"0","ocean_post_oembed":"","ocean_post_self_hosted_media":"","ocean_post_video_embed":"","ocean_link_format":"","ocean_link_format_target":"self","ocean_quote_format":"","ocean_quote_format_link":"post","ocean_gallery_link_images":"off","ocean_gallery_id":[],"footnotes":""},"categories":[141],"tags":[],"class_list":["post-8256","post","type-post","status-publish","format-standard","has-post-thumbnail","hentry","category-abri-jardin","entry","has-media"],"yoast_head":"<!-- This site is optimized with the Yoast SEO plugin v27.3 - https:\/\/yoast.com\/product\/yoast-seo-wordpress\/ -->\n<title>Quelle superficie pour un abri de jardin ? &#8211; Les Conseils sweeek<\/title>\n<meta name=\"description\" content=\"D\u00e9couvrez quelle superficie choisir pour un abri de jardin gr\u00e2ce aux conseils de sweeek. Tous nos conseils pour un abri adapt\u00e9 \u00e0 votre jardin!\" \/>\n<meta name=\"robots\" content=\"index, follow, max-snippet:-1, max-image-preview:large, max-video-preview:-1\" \/>\n<link rel=\"canonical\" href=\"https:\/\/www.sweeek.fr\/blog\/quelle-superficie-pour-un-abri-de-jardin\/\" \/>\n<meta property=\"og:locale\" content=\"fr_FR\" \/>\n<meta property=\"og:type\" content=\"article\" \/>\n<meta property=\"og:title\" content=\"Quelle superficie pour un abri de jardin ? &#8211; Les Conseils sweeek\" \/>\n<meta property=\"og:description\" content=\"D\u00e9couvrez quelle superficie choisir pour un abri de jardin gr\u00e2ce aux conseils de sweeek. Tous nos conseils pour un abri adapt\u00e9 \u00e0 votre jardin!\" \/>\n<meta property=\"og:url\" content=\"https:\/\/www.sweeek.fr\/blog\/quelle-superficie-pour-un-abri-de-jardin\/\" \/>\n<meta property=\"og:site_name\" content=\"Les Conseils sweeek\" \/>\n<meta property=\"article:published_time\" content=\"2022-05-02T14:05:00+00:00\" \/>\n<meta property=\"article:modified_time\" content=\"2025-02-24T15:34:22+00:00\" \/>\n<meta property=\"og:image\" content=\"https:\/\/www.sweeek.fr\/blog\/wp-content\/uploads\/2022\/05\/superficie-abris-jardin.jpg\" \/>\n\t<meta property=\"og:image:width\" content=\"1024\" \/>\n\t<meta property=\"og:image:height\" content=\"682\" \/>\n\t<meta property=\"og:image:type\" content=\"image\/jpeg\" \/>\n<meta name=\"author\" content=\"Am\u00e9lie Capon\" \/>\n<meta name=\"twitter:card\" content=\"summary_large_image\" \/>\n<meta name=\"twitter:label1\" content=\"\u00c9crit par\" \/>\n\t<meta name=\"twitter:data1\" content=\"Am\u00e9lie Capon\" \/>\n\t<meta name=\"twitter:label2\" content=\"Dur\u00e9e de lecture estim\u00e9e\" \/>\n\t<meta name=\"twitter:data2\" content=\"6 minutes\" \/>\n<script type=\"application\/ld+json\" class=\"yoast-schema-graph\">{\"@context\":\"https:\\\/\\\/schema.org\",\"@graph\":[{\"@type\":\"Article\",\"@id\":\"https:\\\/\\\/www.sweeek.fr\\\/blog\\\/quelle-superficie-pour-un-abri-de-jardin\\\/#article\",\"isPartOf\":{\"@id\":\"https:\\\/\\\/www.sweeek.fr\\\/blog\\\/quelle-superficie-pour-un-abri-de-jardin\\\/\"},\"author\":{\"name\":\"Am\u00e9lie Capon\",\"@id\":\"https:\\\/\\\/www.sweeek.fr\\\/blog\\\/#\\\/schema\\\/person\\\/e97ba3e4a84bda73fe86070619e7640b\"},\"headline\":\"Quelle superficie pour un abri de jardin ?\",\"datePublished\":\"2022-05-02T14:05:00+00:00\",\"dateModified\":\"2025-02-24T15:34:22+00:00\",\"mainEntityOfPage\":{\"@id\":\"https:\\\/\\\/www.sweeek.fr\\\/blog\\\/quelle-superficie-pour-un-abri-de-jardin\\\/\"},\"wordCount\":951,\"commentCount\":0,\"publisher\":{\"@id\":\"https:\\\/\\\/www.sweeek.fr\\\/blog\\\/#organization\"},\"image\":{\"@id\":\"https:\\\/\\\/www.sweeek.fr\\\/blog\\\/quelle-superficie-pour-un-abri-de-jardin\\\/#primaryimage\"},\"thumbnailUrl\":\"https:\\\/\\\/www.sweeek.fr\\\/blog\\\/wp-content\\\/uploads\\\/2022\\\/05\\\/superficie-abris-jardin.jpg\",\"articleSection\":[\"Abri de jardin\"],\"inLanguage\":\"fr-FR\",\"potentialAction\":[{\"@type\":\"CommentAction\",\"name\":\"Comment\",\"target\":[\"https:\\\/\\\/www.sweeek.fr\\\/blog\\\/quelle-superficie-pour-un-abri-de-jardin\\\/#respond\"]}]},{\"@type\":\"WebPage\",\"@id\":\"https:\\\/\\\/www.sweeek.fr\\\/blog\\\/quelle-superficie-pour-un-abri-de-jardin\\\/\",\"url\":\"https:\\\/\\\/www.sweeek.fr\\\/blog\\\/quelle-superficie-pour-un-abri-de-jardin\\\/\",\"name\":\"Quelle superficie pour un abri de jardin ? &#8211; Les Conseils sweeek\",\"isPartOf\":{\"@id\":\"https:\\\/\\\/www.sweeek.fr\\\/blog\\\/#website\"},\"primaryImageOfPage\":{\"@id\":\"https:\\\/\\\/www.sweeek.fr\\\/blog\\\/quelle-superficie-pour-un-abri-de-jardin\\\/#primaryimage\"},\"image\":{\"@id\":\"https:\\\/\\\/www.sweeek.fr\\\/blog\\\/quelle-superficie-pour-un-abri-de-jardin\\\/#primaryimage\"},\"thumbnailUrl\":\"https:\\\/\\\/www.sweeek.fr\\\/blog\\\/wp-content\\\/uploads\\\/2022\\\/05\\\/superficie-abris-jardin.jpg\",\"datePublished\":\"2022-05-02T14:05:00+00:00\",\"dateModified\":\"2025-02-24T15:34:22+00:00\",\"description\":\"D\u00e9couvrez quelle superficie choisir pour un abri de jardin gr\u00e2ce aux conseils de sweeek. Tous nos conseils pour un abri adapt\u00e9 \u00e0 votre jardin!\",\"breadcrumb\":{\"@id\":\"https:\\\/\\\/www.sweeek.fr\\\/blog\\\/quelle-superficie-pour-un-abri-de-jardin\\\/#breadcrumb\"},\"inLanguage\":\"fr-FR\",\"potentialAction\":[{\"@type\":\"ReadAction\",\"target\":[\"https:\\\/\\\/www.sweeek.fr\\\/blog\\\/quelle-superficie-pour-un-abri-de-jardin\\\/\"]}]},{\"@type\":\"ImageObject\",\"inLanguage\":\"fr-FR\",\"@id\":\"https:\\\/\\\/www.sweeek.fr\\\/blog\\\/quelle-superficie-pour-un-abri-de-jardin\\\/#primaryimage\",\"url\":\"https:\\\/\\\/www.sweeek.fr\\\/blog\\\/wp-content\\\/uploads\\\/2022\\\/05\\\/superficie-abris-jardin.jpg\",\"contentUrl\":\"https:\\\/\\\/www.sweeek.fr\\\/blog\\\/wp-content\\\/uploads\\\/2022\\\/05\\\/superficie-abris-jardin.jpg\",\"width\":1024,\"height\":682,\"caption\":\"superficie abri jardin\"},{\"@type\":\"BreadcrumbList\",\"@id\":\"https:\\\/\\\/www.sweeek.fr\\\/blog\\\/quelle-superficie-pour-un-abri-de-jardin\\\/#breadcrumb\",\"itemListElement\":[{\"@type\":\"ListItem\",\"position\":1,\"name\":\"Accueil\",\"item\":\"https:\\\/\\\/www.sweeek.fr\\\/blog\\\/\"},{\"@type\":\"ListItem\",\"position\":2,\"name\":\"Quelle superficie pour un abri de jardin ?\"}]},{\"@type\":\"WebSite\",\"@id\":\"https:\\\/\\\/www.sweeek.fr\\\/blog\\\/#website\",\"url\":\"https:\\\/\\\/www.sweeek.fr\\\/blog\\\/\",\"name\":\"Les Conseils sweeek\",\"description\":\"Conseils et inspirations\",\"publisher\":{\"@id\":\"https:\\\/\\\/www.sweeek.fr\\\/blog\\\/#organization\"},\"potentialAction\":[{\"@type\":\"SearchAction\",\"target\":{\"@type\":\"EntryPoint\",\"urlTemplate\":\"https:\\\/\\\/www.sweeek.fr\\\/blog\\\/?s={search_term_string}\"},\"query-input\":{\"@type\":\"PropertyValueSpecification\",\"valueRequired\":true,\"valueName\":\"search_term_string\"}}],\"inLanguage\":\"fr-FR\"},{\"@type\":\"Organization\",\"@id\":\"https:\\\/\\\/www.sweeek.fr\\\/blog\\\/#organization\",\"name\":\"sweeek\",\"url\":\"https:\\\/\\\/www.sweeek.fr\\\/blog\\\/\",\"logo\":{\"@type\":\"ImageObject\",\"inLanguage\":\"fr-FR\",\"@id\":\"https:\\\/\\\/www.sweeek.fr\\\/blog\\\/#\\\/schema\\\/logo\\\/image\\\/\",\"url\":\"https:\\\/\\\/www.sweeek.fr\\\/blog\\\/wp-content\\\/uploads\\\/2023\\\/10\\\/blog-sweeek-logo2.png\",\"contentUrl\":\"https:\\\/\\\/www.sweeek.fr\\\/blog\\\/wp-content\\\/uploads\\\/2023\\\/10\\\/blog-sweeek-logo2.png\",\"width\":328,\"height\":90,\"caption\":\"sweeek\"},\"image\":{\"@id\":\"https:\\\/\\\/www.sweeek.fr\\\/blog\\\/#\\\/schema\\\/logo\\\/image\\\/\"}},{\"@type\":\"Person\",\"@id\":\"https:\\\/\\\/www.sweeek.fr\\\/blog\\\/#\\\/schema\\\/person\\\/e97ba3e4a84bda73fe86070619e7640b\",\"name\":\"Am\u00e9lie Capon\",\"image\":{\"@type\":\"ImageObject\",\"inLanguage\":\"fr-FR\",\"@id\":\"https:\\\/\\\/secure.gravatar.com\\\/avatar\\\/042e4b25b2641d47117ebfaf786a00f66fd827d54a130982af74eb1f062ce832?s=96&d=mm&r=g\",\"url\":\"https:\\\/\\\/secure.gravatar.com\\\/avatar\\\/042e4b25b2641d47117ebfaf786a00f66fd827d54a130982af74eb1f062ce832?s=96&d=mm&r=g\",\"contentUrl\":\"https:\\\/\\\/secure.gravatar.com\\\/avatar\\\/042e4b25b2641d47117ebfaf786a00f66fd827d54a130982af74eb1f062ce832?s=96&d=mm&r=g\",\"caption\":\"Am\u00e9lie Capon\"}}]}<\/script>\n<!-- \/ Yoast SEO plugin. -->","yoast_head_json":{"title":"Quelle superficie pour un abri de jardin ? &#8211; Les Conseils sweeek","description":"D\u00e9couvrez quelle superficie choisir pour un abri de jardin gr\u00e2ce aux conseils de sweeek. Tous nos conseils pour un abri adapt\u00e9 \u00e0 votre jardin!","robots":{"index":"index","follow":"follow","max-snippet":"max-snippet:-1","max-image-preview":"max-image-preview:large","max-video-preview":"max-video-preview:-1"},"canonical":"https:\/\/www.sweeek.fr\/blog\/quelle-superficie-pour-un-abri-de-jardin\/","og_locale":"fr_FR","og_type":"article","og_title":"Quelle superficie pour un abri de jardin ? &#8211; Les Conseils sweeek","og_description":"D\u00e9couvrez quelle superficie choisir pour un abri de jardin gr\u00e2ce aux conseils de sweeek. Tous nos conseils pour un abri adapt\u00e9 \u00e0 votre jardin!","og_url":"https:\/\/www.sweeek.fr\/blog\/quelle-superficie-pour-un-abri-de-jardin\/","og_site_name":"Les Conseils sweeek","article_published_time":"2022-05-02T14:05:00+00:00","article_modified_time":"2025-02-24T15:34:22+00:00","og_image":[{"width":1024,"height":682,"url":"https:\/\/www.sweeek.fr\/blog\/wp-content\/uploads\/2022\/05\/superficie-abris-jardin.jpg","type":"image\/jpeg"}],"author":"Am\u00e9lie Capon","twitter_card":"summary_large_image","twitter_misc":{"\u00c9crit par":"Am\u00e9lie Capon","Dur\u00e9e de lecture estim\u00e9e":"6 minutes"},"schema":{"@context":"https:\/\/schema.org","@graph":[{"@type":"Article","@id":"https:\/\/www.sweeek.fr\/blog\/quelle-superficie-pour-un-abri-de-jardin\/#article","isPartOf":{"@id":"https:\/\/www.sweeek.fr\/blog\/quelle-superficie-pour-un-abri-de-jardin\/"},"author":{"name":"Am\u00e9lie Capon","@id":"https:\/\/www.sweeek.fr\/blog\/#\/schema\/person\/e97ba3e4a84bda73fe86070619e7640b"},"headline":"Quelle superficie pour un abri de jardin ?","datePublished":"2022-05-02T14:05:00+00:00","dateModified":"2025-02-24T15:34:22+00:00","mainEntityOfPage":{"@id":"https:\/\/www.sweeek.fr\/blog\/quelle-superficie-pour-un-abri-de-jardin\/"},"wordCount":951,"commentCount":0,"publisher":{"@id":"https:\/\/www.sweeek.fr\/blog\/#organization"},"image":{"@id":"https:\/\/www.sweeek.fr\/blog\/quelle-superficie-pour-un-abri-de-jardin\/#primaryimage"},"thumbnailUrl":"https:\/\/www.sweeek.fr\/blog\/wp-content\/uploads\/2022\/05\/superficie-abris-jardin.jpg","articleSection":["Abri de jardin"],"inLanguage":"fr-FR","potentialAction":[{"@type":"CommentAction","name":"Comment","target":["https:\/\/www.sweeek.fr\/blog\/quelle-superficie-pour-un-abri-de-jardin\/#respond"]}]},{"@type":"WebPage","@id":"https:\/\/www.sweeek.fr\/blog\/quelle-superficie-pour-un-abri-de-jardin\/","url":"https:\/\/www.sweeek.fr\/blog\/quelle-superficie-pour-un-abri-de-jardin\/","name":"Quelle superficie pour un abri de jardin ? &#8211; Les Conseils sweeek","isPartOf":{"@id":"https:\/\/www.sweeek.fr\/blog\/#website"},"primaryImageOfPage":{"@id":"https:\/\/www.sweeek.fr\/blog\/quelle-superficie-pour-un-abri-de-jardin\/#primaryimage"},"image":{"@id":"https:\/\/www.sweeek.fr\/blog\/quelle-superficie-pour-un-abri-de-jardin\/#primaryimage"},"thumbnailUrl":"https:\/\/www.sweeek.fr\/blog\/wp-content\/uploads\/2022\/05\/superficie-abris-jardin.jpg","datePublished":"2022-05-02T14:05:00+00:00","dateModified":"2025-02-24T15:34:22+00:00","description":"D\u00e9couvrez quelle superficie choisir pour un abri de jardin gr\u00e2ce aux conseils de sweeek. Tous nos conseils pour un abri adapt\u00e9 \u00e0 votre jardin!","breadcrumb":{"@id":"https:\/\/www.sweeek.fr\/blog\/quelle-superficie-pour-un-abri-de-jardin\/#breadcrumb"},"inLanguage":"fr-FR","potentialAction":[{"@type":"ReadAction","target":["https:\/\/www.sweeek.fr\/blog\/quelle-superficie-pour-un-abri-de-jardin\/"]}]},{"@type":"ImageObject","inLanguage":"fr-FR","@id":"https:\/\/www.sweeek.fr\/blog\/quelle-superficie-pour-un-abri-de-jardin\/#primaryimage","url":"https:\/\/www.sweeek.fr\/blog\/wp-content\/uploads\/2022\/05\/superficie-abris-jardin.jpg","contentUrl":"https:\/\/www.sweeek.fr\/blog\/wp-content\/uploads\/2022\/05\/superficie-abris-jardin.jpg","width":1024,"height":682,"caption":"superficie abri jardin"},{"@type":"BreadcrumbList","@id":"https:\/\/www.sweeek.fr\/blog\/quelle-superficie-pour-un-abri-de-jardin\/#breadcrumb","itemListElement":[{"@type":"ListItem","position":1,"name":"Accueil","item":"https:\/\/www.sweeek.fr\/blog\/"},{"@type":"ListItem","position":2,"name":"Quelle superficie pour un abri de jardin ?"}]},{"@type":"WebSite","@id":"https:\/\/www.sweeek.fr\/blog\/#website","url":"https:\/\/www.sweeek.fr\/blog\/","name":"Les Conseils sweeek","description":"Conseils et inspirations","publisher":{"@id":"https:\/\/www.sweeek.fr\/blog\/#organization"},"potentialAction":[{"@type":"SearchAction","target":{"@type":"EntryPoint","urlTemplate":"https:\/\/www.sweeek.fr\/blog\/?s={search_term_string}"},"query-input":{"@type":"PropertyValueSpecification","valueRequired":true,"valueName":"search_term_string"}}],"inLanguage":"fr-FR"},{"@type":"Organization","@id":"https:\/\/www.sweeek.fr\/blog\/#organization","name":"sweeek","url":"https:\/\/www.sweeek.fr\/blog\/","logo":{"@type":"ImageObject","inLanguage":"fr-FR","@id":"https:\/\/www.sweeek.fr\/blog\/#\/schema\/logo\/image\/","url":"https:\/\/www.sweeek.fr\/blog\/wp-content\/uploads\/2023\/10\/blog-sweeek-logo2.png","contentUrl":"https:\/\/www.sweeek.fr\/blog\/wp-content\/uploads\/2023\/10\/blog-sweeek-logo2.png","width":328,"height":90,"caption":"sweeek"},"image":{"@id":"https:\/\/www.sweeek.fr\/blog\/#\/schema\/logo\/image\/"}},{"@type":"Person","@id":"https:\/\/www.sweeek.fr\/blog\/#\/schema\/person\/e97ba3e4a84bda73fe86070619e7640b","name":"Am\u00e9lie Capon","image":{"@type":"ImageObject","inLanguage":"fr-FR","@id":"https:\/\/secure.gravatar.com\/avatar\/042e4b25b2641d47117ebfaf786a00f66fd827d54a130982af74eb1f062ce832?s=96&d=mm&r=g","url":"https:\/\/secure.gravatar.com\/avatar\/042e4b25b2641d47117ebfaf786a00f66fd827d54a130982af74eb1f062ce832?s=96&d=mm&r=g","contentUrl":"https:\/\/secure.gravatar.com\/avatar\/042e4b25b2641d47117ebfaf786a00f66fd827d54a130982af74eb1f062ce832?s=96&d=mm&r=g","caption":"Am\u00e9lie Capon"}}]}},"uagb_featured_image_src":{"full":["https:\/\/www.sweeek.fr\/blog\/wp-content\/uploads\/2022\/05\/superficie-abris-jardin.jpg",1024,682,false],"thumbnail":["https:\/\/www.sweeek.fr\/blog\/wp-content\/uploads\/2022\/05\/superficie-abris-jardin-150x150.jpg",150,150,true],"medium":["https:\/\/www.sweeek.fr\/blog\/wp-content\/uploads\/2022\/05\/superficie-abris-jardin-300x200.jpg",300,200,true],"medium_large":["https:\/\/www.sweeek.fr\/blog\/wp-content\/uploads\/2022\/05\/superficie-abris-jardin-768x512.jpg",768,512,true],"large":["https:\/\/www.sweeek.fr\/blog\/wp-content\/uploads\/2022\/05\/superficie-abris-jardin.jpg",1024,682,false],"1536x1536":["https:\/\/www.sweeek.fr\/blog\/wp-content\/uploads\/2022\/05\/superficie-abris-jardin.jpg",1024,682,false],"2048x2048":["https:\/\/www.sweeek.fr\/blog\/wp-content\/uploads\/2022\/05\/superficie-abris-jardin.jpg",1024,682,false],"ocean-thumb-m":["https:\/\/www.sweeek.fr\/blog\/wp-content\/uploads\/2022\/05\/superficie-abris-jardin-600x600.jpg",600,600,true],"ocean-thumb-ml":["https:\/\/www.sweeek.fr\/blog\/wp-content\/uploads\/2022\/05\/superficie-abris-jardin-800x450.jpg",800,450,true],"ocean-thumb-l":["https:\/\/www.sweeek.fr\/blog\/wp-content\/uploads\/2022\/05\/superficie-abris-jardin.jpg",1024,682,false]},"uagb_author_info":{"display_name":"Am\u00e9lie Capon","author_link":"https:\/\/www.sweeek.fr\/blog"},"uagb_comment_info":0,"uagb_excerpt":"Outils, v\u00e9los, mobiliers, on manque souvent de place pour les&nbsp;ranger \u00e0 l\u2019abri&nbsp;et les&nbsp;stocker. L\u2019abri de jardin&nbsp;est une solution&nbsp;pratique&nbsp;et&nbsp;esth\u00e9tique&nbsp;pour ranger tous les objets qui ne rentrent plus dans votre garage ou dans votre maison. Il trouvera sa place aussi bien dans les petits que les grands jardins. Du&nbsp;petit abri \/ armoire de jardin&nbsp;pour ranger de l\u2019outillage\u2026","_links":{"self":[{"href":"https:\/\/www.sweeek.fr\/blog\/wp-json\/wp\/v2\/posts\/8256","targetHints":{"allow":["GET"]}}],"collection":[{"href":"https:\/\/www.sweeek.fr\/blog\/wp-json\/wp\/v2\/posts"}],"about":[{"href":"https:\/\/www.sweeek.fr\/blog\/wp-json\/wp\/v2\/types\/post"}],"author":[{"embeddable":true,"href":"https:\/\/www.sweeek.fr\/blog\/wp-json\/wp\/v2\/users\/4"}],"replies":[{"embeddable":true,"href":"https:\/\/www.sweeek.fr\/blog\/wp-json\/wp\/v2\/comments?post=8256"}],"version-history":[{"count":21,"href":"https:\/\/www.sweeek.fr\/blog\/wp-json\/wp\/v2\/posts\/8256\/revisions"}],"predecessor-version":[{"id":21572,"href":"https:\/\/www.sweeek.fr\/blog\/wp-json\/wp\/v2\/posts\/8256\/revisions\/21572"}],"wp:featuredmedia":[{"embeddable":true,"href":"https:\/\/www.sweeek.fr\/blog\/wp-json\/wp\/v2\/media\/18441"}],"wp:attachment":[{"href":"https:\/\/www.sweeek.fr\/blog\/wp-json\/wp\/v2\/media?parent=8256"}],"wp:term":[{"taxonomy":"category","embeddable":true,"href":"https:\/\/www.sweeek.fr\/blog\/wp-json\/wp\/v2\/categories?post=8256"},{"taxonomy":"post_tag","embeddable":true,"href":"https:\/\/www.sweeek.fr\/blog\/wp-json\/wp\/v2\/tags?post=8256"}],"curies":[{"name":"wp","href":"https:\/\/api.w.org\/{rel}","templated":true}]}}