{"id":8221,"date":"2022-05-10T15:36:00","date_gmt":"2022-05-10T13:36:00","guid":{"rendered":"https:\/\/www.sweeek.fr\/blog\/?p=8221"},"modified":"2026-02-06T17:15:54","modified_gmt":"2026-02-06T16:15:54","slug":"comment-installer-son-abri-de-jardin","status":"publish","type":"post","link":"https:\/\/www.sweeek.fr\/blog\/comment-installer-son-abri-de-jardin\/","title":{"rendered":"Comment installer son abri de jardin ?"},"content":{"rendered":"\n<p>Avant d\u2019<strong>installer votre abri de jardin<\/strong>, il est primordial d\u2019analyser l\u2019<strong>emplacement id\u00e9al<\/strong>&nbsp;en fonction de plusieurs crit\u00e8res. Son emplacement est d\u00e9terminant pour assurer une long\u00e9vit\u00e9 maximale mais aussi selon l\u2019usage&nbsp;que vous souhaitez faire. En effet, trop proche d\u2019un arbre ou d\u2019une haie, votre abri de jardin pourra \u00eatre soumis \u00e0 l\u2019humidit\u00e9 ou \u00e0 des d\u00e9g\u00e2ts li\u00e9s aux insectes ou aux fruits. Le vent est \u00e9galement un crit\u00e8re important, certains abris de jardin sont plus sensibles que d\u2019autres \u00e0 ces \u00e9ventuels d\u00e9g\u00e2ts notamment selon son mat\u00e9riau (bois m\u00e9tal ou r\u00e9sine). Ces \u00e9l\u00e9ments sont \u00e0 prendre en consid\u00e9ration en amont, lors du <a href=\"https:\/\/www.sweeek.fr\/blog\/comment-choisir-un-abri-de-jardin\/\">choix de votre abri de jardin<\/a>.<\/p>\n\n\n\n<figure class=\"wp-block-image size-large\"><img fetchpriority=\"high\" decoding=\"async\" width=\"1024\" height=\"229\" src=\"https:\/\/www.sweeek.fr\/blog\/wp-content\/uploads\/2022\/05\/BANNIERE-COMP-ABRI-1024x229.jpg\" alt=\"installation abri de jardin \" class=\"wp-image-9556\" srcset=\"https:\/\/www.sweeek.fr\/blog\/wp-content\/uploads\/2022\/05\/BANNIERE-COMP-ABRI-1024x229.jpg 1024w, https:\/\/www.sweeek.fr\/blog\/wp-content\/uploads\/2022\/05\/BANNIERE-COMP-ABRI-300x67.jpg 300w, https:\/\/www.sweeek.fr\/blog\/wp-content\/uploads\/2022\/05\/BANNIERE-COMP-ABRI-768x172.jpg 768w, https:\/\/www.sweeek.fr\/blog\/wp-content\/uploads\/2022\/05\/BANNIERE-COMP-ABRI.jpg 1430w\" sizes=\"(max-width: 1024px) 100vw, 1024px\" \/><\/figure>\n\n\n\n<p>R\u00e9fl\u00e9chissez \u00e0 l\u2019<strong>espace de circulation<\/strong>&nbsp;que vous souhaitez&nbsp;<strong>autour de votre abri de jardin<\/strong>. Si votre abri poss\u00e8de des fen\u00eatres, faites-en sorte qu\u2019elles puissent s\u2019ouvrir sans g\u00eane. Pour cela, pr\u00e9voyez de l\u2019espace sur les c\u00f4t\u00e9s de votre abri, ne le collez pas \u00e0 un mur, un grillage ou \u00e0 la v\u00e9g\u00e9tation. Si votre construction est en bois, il est imp\u00e9ratif de laisser ce mat\u00e9riau naturel respirer. Pour cela, pensez \u00e0 laisser un espace suffisant. Le bois est en effet un&nbsp;<strong>mat\u00e9riau<\/strong>&nbsp;qui demande une attention particuli\u00e8re, notamment au niveau de l&rsquo;<a href=\"https:\/\/www.sweeek.fr\/blog\/comment-entretenir-un-abri-de-jardin\/\">entretien<\/a>.<\/p>\n\n\n\n<p>Il faut \u00e9galement penser \u00e0&nbsp;<strong>choisir un emplacement<\/strong>&nbsp;en&nbsp;<strong>fonction<\/strong>&nbsp;des \u00e9ventuels&nbsp;<strong>d\u00e9tails techniques<\/strong>. Par exemple, si vous souhaitez&nbsp;<strong>alimenter votre abri de jardin en \u00e9lectricit\u00e9,<\/strong>&nbsp;cela doit \u00eatre pens\u00e9 en amont de la construction. Les raccordements \u00e9lectriques ou l\u2019arriv\u00e9e de l\u2019eau risques d\u2019impacter l\u2019implantation de l\u2019abri de jardin.<\/p>\n\n\n\n<p>Il est imp\u00e9ratif que rien ne freine ou g\u00eane l\u2019acc\u00e8s \u00e0 la structure.&nbsp;<strong>Pouvoir circuler<\/strong>&nbsp;librement de tous les c\u00f4t\u00e9s pour effectuer certains&nbsp;<strong>travaux si besoin<\/strong>&nbsp;est essentiel. Nous vous conseillons d\u2019<strong>organiser<\/strong>&nbsp;de la meilleure fa\u00e7on possible l\u2019int\u00e9rieur de votre abri afin de vous y retrouver facilement.<\/p>\n\n\n\n<p>L\u2019<strong>exposition<\/strong>&nbsp;est \u00e9galement un point important pour \u00e9viter les effets n\u00e9gatifs du vent. \u00c9vitez donc de l\u2019exposer en plein nord si vous souhaitez b\u00e9n\u00e9ficier des rayons de soleil ou bien d\u2019avoir l\u2019\u00e9nergie solaire pour l\u2019\u00e9clairage de celui-ci.<\/p>\n\n\n\n<h2 class=\"wp-block-heading\">Comment choisir un sol adapt\u00e9 \u00e0 mon abri de jardin ?<\/h2>\n\n\n\n<p><strong>Pour faciliter le montage de votre abri<\/strong>, peu importe votre type de sol, il est imp\u00e9ratif de&nbsp;<strong>retirer les herbes<\/strong>&nbsp;et \u00e9ventuellement de&nbsp;<strong>d\u00e9sherber<\/strong>&nbsp;le futur emplacement. Retirez les pierres et ratissez la surface. V\u00e9rifiez que le sol soit bien droit \u00e0 l\u2019aide d\u2019un niveau \u00e0 bulle. Nous vous conseillons de tasser la terre avec un rouleau.<\/p>\n\n\n\n<p>Votre d\u00e9cision sur votre&nbsp;<strong>type de sol<\/strong>&nbsp;va d\u00e9pendre de la masse de votre&nbsp;<strong>abri de jardin<\/strong>&nbsp;mais aussi en fonction du&nbsp;<strong>type de terrain<\/strong>&nbsp;sur lequel vous allez l\u2019installer. Pour le montage d&rsquo;un petit abri de moins de 1 m\u00b2, privil\u00e9giez de laisser un espace libre entre la terre et le sol de l\u2019abri. Cela permet \u00e0 l\u2019air de circuler ce qui r\u00e9duit consid\u00e9rablement les risques d\u2019humidit\u00e9. Une sur\u00e9l\u00e9vation de quelques centim\u00e8tres est envisageable en toute s\u00e9curit\u00e9 gr\u00e2ce \u00e0 des plots d\u2019abri de jardin.<\/p>\n\n\n\n<p>Cependant, si vous d\u00e9sirez d\u2019<strong>installer un abri de jardin habitable ou de grande taille<\/strong>, il sera imp\u00e9ratif de&nbsp;<strong>construire une structure au sol<\/strong>&nbsp;plus solide pour la stabilit\u00e9 mais aussi pour \u00e9viter l\u2019affaissement de votre construction au fil du temps. Installez une&nbsp;<strong>dalle en b\u00e9ton<\/strong>&nbsp;permet d\u2019avoir un sol plat m\u00eame si votre terrain ne l\u2019est pas au d\u00e9part. Pour cela, disposez des parpaings dans le sol bien \u00e0 l\u2019horizontal. Enfin, posez du dallage de terrasse.<\/p>\n\n\n\n<h2 class=\"wp-block-heading\">Quelles sont les r\u00e9glementations pour installer un abri de jardin ?<\/h2>\n\n\n\n<p>Avant d\u2019installer un abri de jardin, il est \u00e9galement important de v\u00e9rifier les diff\u00e9rentes\u00a0r\u00e9glementations. Sachez qu\u2019une\u00a0<strong>d\u00e9claration pr\u00e9alable de travaux<\/strong>\u00a0est suffisante pour un\u00a0<strong>abri ne d\u00e9passant pas 20 m\u00b2<\/strong>\u00a0de surface. Cependant,\u00a0<strong>pour les abris de jardin d\u00e9passant les 20m\u00b2<\/strong>, il est n\u00e9cessaire d\u2019avoir un\u00a0<a href=\"https:\/\/www.sweeek.fr\/blog\/peut-on-construire-un-abri-de-jardin-sans-autorisation\/\">permis de construire<\/a>.<\/p>\n\n\n\n<p>Dans ce cas, le&nbsp;<strong>dossier de permis de construire<\/strong>&nbsp;doit contenir :<\/p>\n\n\n\n<ul class=\"wp-block-list\"><li>Le formulaire de demande de permis<\/li><li>Un plan de situation du terrain<\/li><li>Un plan de masse de l\u2019abri \u00e0 monter<\/li><li>Un plan de coupe du projet avec le futur abri et les \u00e9l\u00e9ments existants, les limites du terrain et ses d\u00e9nivel\u00e9s. (Notice pr\u00e9sentant le projet + un sch\u00e9ma ext\u00e9rieur pour visualiser les murs et&nbsp;<a href=\"https:\/\/www.sweeek.fr\/blog\/quelle-toiture-pour-un-abri-de-jardin\/\">toitures<\/a>)<\/li><li>2 photos pour situer l\u2019abri dans son environnement<\/li><\/ul>\n\n\n\n<p><strong>Avant les travaux<\/strong>, pour faire votre demande aupr\u00e8s de votre mairie, adressez en recommand\u00e9 l\u2019avis de r\u00e9ception. Comptez un mois \u00e0 partir de la r\u00e9ception de la demande pour l\u2019instruction d\u2019une d\u00e9claration pr\u00e9alable et trois mois pour un permis de construire. Si vous n\u2019avez pas de r\u00e9ponse \u00e0 l\u2019issue de ce d\u00e9lai, c\u2019est que votre demande a \u00e9t\u00e9 accept\u00e9e.<\/p>\n\n\n\n<div class=\"wp-block-group alignwide has-white-color has-text-color has-background\" style=\"background-color:#f2f2f2\"><div class=\"wp-block-group__inner-container is-layout-flow wp-block-group-is-layout-flow\">\n<h2 class=\"alignfull has-text-align-center has-black-color has-text-color wp-block-heading\" style=\"font-size:30px;font-style:normal;font-weight:400\">La s\u00e9lection de sweeek<\/h2>\n\n\n\n<div style=\"height:21px\" aria-hidden=\"true\" class=\"wp-block-spacer\"><\/div>\n\n\n\n<div class=\"wp-block-columns is-layout-flex wp-container-core-columns-is-layout-9d6595d7 wp-block-columns-is-layout-flex\">\n<div class=\"wp-block-column is-layout-flow wp-block-column-is-layout-flow\"><div class=\"wp-block-image\">\n<figure class=\"aligncenter size-large\"><img decoding=\"async\" width=\"1024\" height=\"1024\" src=\"https:\/\/www.sweeek.fr\/blog\/wp-content\/uploads\/2022\/06\/msw291gy-441c6d78ffd56a43f187394f1a45231b-1024x1024.webp\" alt=\"\" class=\"wp-image-22535\" srcset=\"https:\/\/www.sweeek.fr\/blog\/wp-content\/uploads\/2022\/06\/msw291gy-441c6d78ffd56a43f187394f1a45231b-1024x1024.webp 1024w, https:\/\/www.sweeek.fr\/blog\/wp-content\/uploads\/2022\/06\/msw291gy-441c6d78ffd56a43f187394f1a45231b-300x300.webp 300w, https:\/\/www.sweeek.fr\/blog\/wp-content\/uploads\/2022\/06\/msw291gy-441c6d78ffd56a43f187394f1a45231b-150x150.webp 150w, https:\/\/www.sweeek.fr\/blog\/wp-content\/uploads\/2022\/06\/msw291gy-441c6d78ffd56a43f187394f1a45231b-768x768.webp 768w, https:\/\/www.sweeek.fr\/blog\/wp-content\/uploads\/2022\/06\/msw291gy-441c6d78ffd56a43f187394f1a45231b-600x600.webp 600w, https:\/\/www.sweeek.fr\/blog\/wp-content\/uploads\/2022\/06\/msw291gy-441c6d78ffd56a43f187394f1a45231b.webp 1500w\" sizes=\"(max-width: 1024px) 100vw, 1024px\" \/><\/figure>\n<\/div>\n\n\n<h3 class=\"has-text-align-center has-black-color has-text-color wp-block-heading\" style=\"font-style:normal;font-weight:400\"><a href=\"https:\/\/www.sweeek.fr\/product\/abri-de-jardin-acier-galvanise-2-91m-kit-d-ancrage-anthracite\">Abri de jardin en acier galvanis\u00e9 2,91m\u00b2 &#8211; Bray<\/a><\/h3>\n\n\n\n<div style=\"height:15px\" aria-hidden=\"true\" class=\"wp-block-spacer\"><\/div>\n<\/div>\n\n\n\n<div class=\"wp-block-column is-layout-flow wp-block-column-is-layout-flow\"><div class=\"wp-block-image\">\n<figure class=\"aligncenter size-large\"><img decoding=\"async\" width=\"1024\" height=\"1024\" src=\"https:\/\/www.sweeek.fr\/blog\/wp-content\/uploads\/2022\/06\/MS1085GY_01-1024x1024.webp\" alt=\"\" class=\"wp-image-22536\" srcset=\"https:\/\/www.sweeek.fr\/blog\/wp-content\/uploads\/2022\/06\/MS1085GY_01-1024x1024.webp 1024w, https:\/\/www.sweeek.fr\/blog\/wp-content\/uploads\/2022\/06\/MS1085GY_01-300x300.webp 300w, https:\/\/www.sweeek.fr\/blog\/wp-content\/uploads\/2022\/06\/MS1085GY_01-150x150.webp 150w, https:\/\/www.sweeek.fr\/blog\/wp-content\/uploads\/2022\/06\/MS1085GY_01-768x768.webp 768w, https:\/\/www.sweeek.fr\/blog\/wp-content\/uploads\/2022\/06\/MS1085GY_01-600x600.webp 600w, https:\/\/www.sweeek.fr\/blog\/wp-content\/uploads\/2022\/06\/MS1085GY_01.webp 1500w\" sizes=\"(max-width: 1024px) 100vw, 1024px\" \/><\/figure>\n<\/div>\n\n\n<h3 class=\"has-text-align-center wp-block-heading\" style=\"font-style:normal;font-weight:400\"><a href=\"https:\/\/www.sweeek.fr\/product\/abri-de-jardin-metal-10-85m\">Abri de jardin en m\u00e9tal 10,85m\u00b2 &#8211; Boulonnais<\/a><\/h3>\n\n\n\n<div style=\"height:15px\" aria-hidden=\"true\" class=\"wp-block-spacer\"><\/div>\n<\/div>\n\n\n\n<div class=\"wp-block-column is-layout-flow wp-block-column-is-layout-flow\"><div class=\"wp-block-image\">\n<figure class=\"aligncenter size-large\"><img loading=\"lazy\" decoding=\"async\" width=\"1024\" height=\"1024\" src=\"https:\/\/www.sweeek.fr\/blog\/wp-content\/uploads\/2022\/06\/ms884gy-ea936110a3dc23bb38ce5cc1f6b218d7-1-1024x1024.webp\" alt=\"\" class=\"wp-image-22537\" srcset=\"https:\/\/www.sweeek.fr\/blog\/wp-content\/uploads\/2022\/06\/ms884gy-ea936110a3dc23bb38ce5cc1f6b218d7-1-1024x1024.webp 1024w, https:\/\/www.sweeek.fr\/blog\/wp-content\/uploads\/2022\/06\/ms884gy-ea936110a3dc23bb38ce5cc1f6b218d7-1-300x300.webp 300w, https:\/\/www.sweeek.fr\/blog\/wp-content\/uploads\/2022\/06\/ms884gy-ea936110a3dc23bb38ce5cc1f6b218d7-1-150x150.webp 150w, https:\/\/www.sweeek.fr\/blog\/wp-content\/uploads\/2022\/06\/ms884gy-ea936110a3dc23bb38ce5cc1f6b218d7-1-768x768.webp 768w, https:\/\/www.sweeek.fr\/blog\/wp-content\/uploads\/2022\/06\/ms884gy-ea936110a3dc23bb38ce5cc1f6b218d7-1-600x600.webp 600w, https:\/\/www.sweeek.fr\/blog\/wp-content\/uploads\/2022\/06\/ms884gy-ea936110a3dc23bb38ce5cc1f6b218d7-1.webp 1500w\" sizes=\"(max-width: 1024px) 100vw, 1024px\" \/><\/figure>\n<\/div>\n\n\n<h3 class=\"has-text-align-center has-black-color has-text-color wp-block-heading\" style=\"font-style:normal;font-weight:400\"><a href=\"https:\/\/www.sweeek.fr\/product\/abri-jardin-metal-flandre-8-84m-gris-anthracite-deux-grandes-portes-coulissantes-kit-fixation-sol-inclus\">Abri de jardin m\u00e9tal 8,95m\u00b2 &#8211; Flandre<\/a><\/h3>\n\n\n\n<div style=\"height:15px\" aria-hidden=\"true\" class=\"wp-block-spacer\"><\/div>\n<\/div>\n<\/div>\n<\/div><\/div>\n","protected":false},"excerpt":{"rendered":"<p>Avant d\u2019installer votre abri de jardin, il est primordial d\u2019analyser l\u2019emplacement id\u00e9al&nbsp;en fonction de plusieurs crit\u00e8res. Son emplacement est d\u00e9terminant pour assurer une long\u00e9vit\u00e9 maximale mais aussi selon l\u2019usage&nbsp;que vous souhaitez faire. En effet, trop proche d\u2019un arbre ou d\u2019une haie, votre abri de jardin pourra \u00eatre soumis \u00e0 l\u2019humidit\u00e9 ou \u00e0 des d\u00e9g\u00e2ts li\u00e9s [&hellip;]<\/p>\n","protected":false},"author":4,"featured_media":10519,"comment_status":"open","ping_status":"closed","sticky":false,"template":"","format":"standard","meta":{"inline_featured_image":false,"_uag_custom_page_level_css":"","ocean_post_layout":"","ocean_both_sidebars_style":"","ocean_both_sidebars_content_width":0,"ocean_both_sidebars_sidebars_width":0,"ocean_sidebar":"0","ocean_second_sidebar":"0","ocean_disable_margins":"enable","ocean_add_body_class":"","ocean_shortcode_before_top_bar":"","ocean_shortcode_after_top_bar":"","ocean_shortcode_before_header":"","ocean_shortcode_after_header":"","ocean_has_shortcode":"","ocean_shortcode_after_title":"","ocean_shortcode_before_footer_widgets":"","ocean_shortcode_after_footer_widgets":"","ocean_shortcode_before_footer_bottom":"","ocean_shortcode_after_footer_bottom":"","ocean_display_top_bar":"default","ocean_display_header":"default","ocean_header_style":"","ocean_center_header_left_menu":"0","ocean_custom_header_template":"0","ocean_custom_logo":0,"ocean_custom_retina_logo":0,"ocean_custom_logo_max_width":0,"ocean_custom_logo_tablet_max_width":0,"ocean_custom_logo_mobile_max_width":0,"ocean_custom_logo_max_height":0,"ocean_custom_logo_tablet_max_height":0,"ocean_custom_logo_mobile_max_height":0,"ocean_header_custom_menu":"0","ocean_menu_typo_font_family":"0","ocean_menu_typo_font_subset":"","ocean_menu_typo_font_size":0,"ocean_menu_typo_font_size_tablet":0,"ocean_menu_typo_font_size_mobile":0,"ocean_menu_typo_font_size_unit":"px","ocean_menu_typo_font_weight":"","ocean_menu_typo_font_weight_tablet":"","ocean_menu_typo_font_weight_mobile":"","ocean_menu_typo_transform":"","ocean_menu_typo_transform_tablet":"","ocean_menu_typo_transform_mobile":"","ocean_menu_typo_line_height":0,"ocean_menu_typo_line_height_tablet":0,"ocean_menu_typo_line_height_mobile":0,"ocean_menu_typo_line_height_unit":"","ocean_menu_typo_spacing":0,"ocean_menu_typo_spacing_tablet":0,"ocean_menu_typo_spacing_mobile":0,"ocean_menu_typo_spacing_unit":"","ocean_menu_link_color":"","ocean_menu_link_color_hover":"","ocean_menu_link_color_active":"","ocean_menu_link_background":"","ocean_menu_link_hover_background":"","ocean_menu_link_active_background":"","ocean_menu_social_links_bg":"","ocean_menu_social_hover_links_bg":"","ocean_menu_social_links_color":"","ocean_menu_social_hover_links_color":"","ocean_disable_title":"default","ocean_disable_heading":"default","ocean_post_title":"","ocean_post_subheading":"","ocean_post_title_style":"","ocean_post_title_background_color":"","ocean_post_title_background":0,"ocean_post_title_bg_image_position":"","ocean_post_title_bg_image_attachment":"","ocean_post_title_bg_image_repeat":"","ocean_post_title_bg_image_size":"","ocean_post_title_height":0,"ocean_post_title_bg_overlay":0.5,"ocean_post_title_bg_overlay_color":"","ocean_disable_breadcrumbs":"default","ocean_breadcrumbs_color":"","ocean_breadcrumbs_separator_color":"","ocean_breadcrumbs_links_color":"","ocean_breadcrumbs_links_hover_color":"","ocean_display_footer_widgets":"default","ocean_display_footer_bottom":"default","ocean_custom_footer_template":"0","ocean_post_oembed":"","ocean_post_self_hosted_media":"","ocean_post_video_embed":"","ocean_link_format":"","ocean_link_format_target":"self","ocean_quote_format":"","ocean_quote_format_link":"post","ocean_gallery_link_images":"off","ocean_gallery_id":[],"footnotes":""},"categories":[141],"tags":[],"class_list":["post-8221","post","type-post","status-publish","format-standard","has-post-thumbnail","hentry","category-abri-jardin","entry","has-media"],"yoast_head":"<!-- This site is optimized with the Yoast SEO plugin v27.3 - https:\/\/yoast.com\/product\/yoast-seo-wordpress\/ -->\n<title>Comment installer son abri de jardin ? &#8211; Les Conseils sweeek<\/title>\n<meta name=\"description\" content=\"D\u00e9couvrez comment installer un abri de jardin gr\u00e2ce aux conseils de sweeek. Emplacement et sol, ils n&#039;auront plus de secrets pour vous!\" \/>\n<meta name=\"robots\" content=\"index, follow, max-snippet:-1, max-image-preview:large, max-video-preview:-1\" \/>\n<link rel=\"canonical\" href=\"https:\/\/www.sweeek.fr\/blog\/comment-installer-son-abri-de-jardin\/\" \/>\n<meta property=\"og:locale\" content=\"fr_FR\" \/>\n<meta property=\"og:type\" content=\"article\" \/>\n<meta property=\"og:title\" content=\"Comment installer son abri de jardin ? &#8211; Les Conseils sweeek\" \/>\n<meta property=\"og:description\" content=\"D\u00e9couvrez comment installer un abri de jardin gr\u00e2ce aux conseils de sweeek. Emplacement et sol, ils n&#039;auront plus de secrets pour vous!\" \/>\n<meta property=\"og:url\" content=\"https:\/\/www.sweeek.fr\/blog\/comment-installer-son-abri-de-jardin\/\" \/>\n<meta property=\"og:site_name\" content=\"Les Conseils sweeek\" \/>\n<meta property=\"article:published_time\" content=\"2022-05-10T13:36:00+00:00\" \/>\n<meta property=\"article:modified_time\" content=\"2026-02-06T16:15:54+00:00\" \/>\n<meta property=\"og:image\" content=\"https:\/\/www.sweeek.fr\/blog\/wp-content\/uploads\/2022\/06\/Nouveau-projet-2022-06-13T105407.051.jpg\" \/>\n\t<meta property=\"og:image:width\" content=\"1024\" \/>\n\t<meta property=\"og:image:height\" content=\"682\" \/>\n\t<meta property=\"og:image:type\" content=\"image\/jpeg\" \/>\n<meta name=\"author\" content=\"Am\u00e9lie Capon\" \/>\n<meta name=\"twitter:card\" content=\"summary_large_image\" \/>\n<meta name=\"twitter:label1\" content=\"\u00c9crit par\" \/>\n\t<meta name=\"twitter:data1\" content=\"Am\u00e9lie Capon\" \/>\n\t<meta name=\"twitter:label2\" content=\"Dur\u00e9e de lecture estim\u00e9e\" \/>\n\t<meta name=\"twitter:data2\" content=\"6 minutes\" \/>\n<script type=\"application\/ld+json\" class=\"yoast-schema-graph\">{\"@context\":\"https:\\\/\\\/schema.org\",\"@graph\":[{\"@type\":\"Article\",\"@id\":\"https:\\\/\\\/www.sweeek.fr\\\/blog\\\/comment-installer-son-abri-de-jardin\\\/#article\",\"isPartOf\":{\"@id\":\"https:\\\/\\\/www.sweeek.fr\\\/blog\\\/comment-installer-son-abri-de-jardin\\\/\"},\"author\":{\"name\":\"Am\u00e9lie Capon\",\"@id\":\"https:\\\/\\\/www.sweeek.fr\\\/blog\\\/#\\\/schema\\\/person\\\/e97ba3e4a84bda73fe86070619e7640b\"},\"headline\":\"Comment installer son abri de jardin ?\",\"datePublished\":\"2022-05-10T13:36:00+00:00\",\"dateModified\":\"2026-02-06T16:15:54+00:00\",\"mainEntityOfPage\":{\"@id\":\"https:\\\/\\\/www.sweeek.fr\\\/blog\\\/comment-installer-son-abri-de-jardin\\\/\"},\"wordCount\":901,\"commentCount\":0,\"publisher\":{\"@id\":\"https:\\\/\\\/www.sweeek.fr\\\/blog\\\/#organization\"},\"image\":{\"@id\":\"https:\\\/\\\/www.sweeek.fr\\\/blog\\\/comment-installer-son-abri-de-jardin\\\/#primaryimage\"},\"thumbnailUrl\":\"https:\\\/\\\/www.sweeek.fr\\\/blog\\\/wp-content\\\/uploads\\\/2022\\\/06\\\/Nouveau-projet-2022-06-13T105407.051.jpg\",\"articleSection\":[\"Abri de jardin\"],\"inLanguage\":\"fr-FR\",\"potentialAction\":[{\"@type\":\"CommentAction\",\"name\":\"Comment\",\"target\":[\"https:\\\/\\\/www.sweeek.fr\\\/blog\\\/comment-installer-son-abri-de-jardin\\\/#respond\"]}]},{\"@type\":\"WebPage\",\"@id\":\"https:\\\/\\\/www.sweeek.fr\\\/blog\\\/comment-installer-son-abri-de-jardin\\\/\",\"url\":\"https:\\\/\\\/www.sweeek.fr\\\/blog\\\/comment-installer-son-abri-de-jardin\\\/\",\"name\":\"Comment installer son abri de jardin ? &#8211; Les Conseils sweeek\",\"isPartOf\":{\"@id\":\"https:\\\/\\\/www.sweeek.fr\\\/blog\\\/#website\"},\"primaryImageOfPage\":{\"@id\":\"https:\\\/\\\/www.sweeek.fr\\\/blog\\\/comment-installer-son-abri-de-jardin\\\/#primaryimage\"},\"image\":{\"@id\":\"https:\\\/\\\/www.sweeek.fr\\\/blog\\\/comment-installer-son-abri-de-jardin\\\/#primaryimage\"},\"thumbnailUrl\":\"https:\\\/\\\/www.sweeek.fr\\\/blog\\\/wp-content\\\/uploads\\\/2022\\\/06\\\/Nouveau-projet-2022-06-13T105407.051.jpg\",\"datePublished\":\"2022-05-10T13:36:00+00:00\",\"dateModified\":\"2026-02-06T16:15:54+00:00\",\"description\":\"D\u00e9couvrez comment installer un abri de jardin gr\u00e2ce aux conseils de sweeek. Emplacement et sol, ils n'auront plus de secrets pour vous!\",\"breadcrumb\":{\"@id\":\"https:\\\/\\\/www.sweeek.fr\\\/blog\\\/comment-installer-son-abri-de-jardin\\\/#breadcrumb\"},\"inLanguage\":\"fr-FR\",\"potentialAction\":[{\"@type\":\"ReadAction\",\"target\":[\"https:\\\/\\\/www.sweeek.fr\\\/blog\\\/comment-installer-son-abri-de-jardin\\\/\"]}]},{\"@type\":\"ImageObject\",\"inLanguage\":\"fr-FR\",\"@id\":\"https:\\\/\\\/www.sweeek.fr\\\/blog\\\/comment-installer-son-abri-de-jardin\\\/#primaryimage\",\"url\":\"https:\\\/\\\/www.sweeek.fr\\\/blog\\\/wp-content\\\/uploads\\\/2022\\\/06\\\/Nouveau-projet-2022-06-13T105407.051.jpg\",\"contentUrl\":\"https:\\\/\\\/www.sweeek.fr\\\/blog\\\/wp-content\\\/uploads\\\/2022\\\/06\\\/Nouveau-projet-2022-06-13T105407.051.jpg\",\"width\":1024,\"height\":682},{\"@type\":\"BreadcrumbList\",\"@id\":\"https:\\\/\\\/www.sweeek.fr\\\/blog\\\/comment-installer-son-abri-de-jardin\\\/#breadcrumb\",\"itemListElement\":[{\"@type\":\"ListItem\",\"position\":1,\"name\":\"Accueil\",\"item\":\"https:\\\/\\\/www.sweeek.fr\\\/blog\\\/\"},{\"@type\":\"ListItem\",\"position\":2,\"name\":\"Comment installer son abri de jardin ?\"}]},{\"@type\":\"WebSite\",\"@id\":\"https:\\\/\\\/www.sweeek.fr\\\/blog\\\/#website\",\"url\":\"https:\\\/\\\/www.sweeek.fr\\\/blog\\\/\",\"name\":\"Les Conseils sweeek\",\"description\":\"Conseils et inspirations\",\"publisher\":{\"@id\":\"https:\\\/\\\/www.sweeek.fr\\\/blog\\\/#organization\"},\"potentialAction\":[{\"@type\":\"SearchAction\",\"target\":{\"@type\":\"EntryPoint\",\"urlTemplate\":\"https:\\\/\\\/www.sweeek.fr\\\/blog\\\/?s={search_term_string}\"},\"query-input\":{\"@type\":\"PropertyValueSpecification\",\"valueRequired\":true,\"valueName\":\"search_term_string\"}}],\"inLanguage\":\"fr-FR\"},{\"@type\":\"Organization\",\"@id\":\"https:\\\/\\\/www.sweeek.fr\\\/blog\\\/#organization\",\"name\":\"sweeek\",\"url\":\"https:\\\/\\\/www.sweeek.fr\\\/blog\\\/\",\"logo\":{\"@type\":\"ImageObject\",\"inLanguage\":\"fr-FR\",\"@id\":\"https:\\\/\\\/www.sweeek.fr\\\/blog\\\/#\\\/schema\\\/logo\\\/image\\\/\",\"url\":\"https:\\\/\\\/www.sweeek.fr\\\/blog\\\/wp-content\\\/uploads\\\/2023\\\/10\\\/blog-sweeek-logo2.png\",\"contentUrl\":\"https:\\\/\\\/www.sweeek.fr\\\/blog\\\/wp-content\\\/uploads\\\/2023\\\/10\\\/blog-sweeek-logo2.png\",\"width\":328,\"height\":90,\"caption\":\"sweeek\"},\"image\":{\"@id\":\"https:\\\/\\\/www.sweeek.fr\\\/blog\\\/#\\\/schema\\\/logo\\\/image\\\/\"}},{\"@type\":\"Person\",\"@id\":\"https:\\\/\\\/www.sweeek.fr\\\/blog\\\/#\\\/schema\\\/person\\\/e97ba3e4a84bda73fe86070619e7640b\",\"name\":\"Am\u00e9lie Capon\",\"image\":{\"@type\":\"ImageObject\",\"inLanguage\":\"fr-FR\",\"@id\":\"https:\\\/\\\/secure.gravatar.com\\\/avatar\\\/042e4b25b2641d47117ebfaf786a00f66fd827d54a130982af74eb1f062ce832?s=96&d=mm&r=g\",\"url\":\"https:\\\/\\\/secure.gravatar.com\\\/avatar\\\/042e4b25b2641d47117ebfaf786a00f66fd827d54a130982af74eb1f062ce832?s=96&d=mm&r=g\",\"contentUrl\":\"https:\\\/\\\/secure.gravatar.com\\\/avatar\\\/042e4b25b2641d47117ebfaf786a00f66fd827d54a130982af74eb1f062ce832?s=96&d=mm&r=g\",\"caption\":\"Am\u00e9lie Capon\"}}]}<\/script>\n<!-- \/ Yoast SEO plugin. -->","yoast_head_json":{"title":"Comment installer son abri de jardin ? &#8211; Les Conseils sweeek","description":"D\u00e9couvrez comment installer un abri de jardin gr\u00e2ce aux conseils de sweeek. Emplacement et sol, ils n'auront plus de secrets pour vous!","robots":{"index":"index","follow":"follow","max-snippet":"max-snippet:-1","max-image-preview":"max-image-preview:large","max-video-preview":"max-video-preview:-1"},"canonical":"https:\/\/www.sweeek.fr\/blog\/comment-installer-son-abri-de-jardin\/","og_locale":"fr_FR","og_type":"article","og_title":"Comment installer son abri de jardin ? &#8211; Les Conseils sweeek","og_description":"D\u00e9couvrez comment installer un abri de jardin gr\u00e2ce aux conseils de sweeek. Emplacement et sol, ils n'auront plus de secrets pour vous!","og_url":"https:\/\/www.sweeek.fr\/blog\/comment-installer-son-abri-de-jardin\/","og_site_name":"Les Conseils sweeek","article_published_time":"2022-05-10T13:36:00+00:00","article_modified_time":"2026-02-06T16:15:54+00:00","og_image":[{"width":1024,"height":682,"url":"https:\/\/www.sweeek.fr\/blog\/wp-content\/uploads\/2022\/06\/Nouveau-projet-2022-06-13T105407.051.jpg","type":"image\/jpeg"}],"author":"Am\u00e9lie Capon","twitter_card":"summary_large_image","twitter_misc":{"\u00c9crit par":"Am\u00e9lie Capon","Dur\u00e9e de lecture estim\u00e9e":"6 minutes"},"schema":{"@context":"https:\/\/schema.org","@graph":[{"@type":"Article","@id":"https:\/\/www.sweeek.fr\/blog\/comment-installer-son-abri-de-jardin\/#article","isPartOf":{"@id":"https:\/\/www.sweeek.fr\/blog\/comment-installer-son-abri-de-jardin\/"},"author":{"name":"Am\u00e9lie Capon","@id":"https:\/\/www.sweeek.fr\/blog\/#\/schema\/person\/e97ba3e4a84bda73fe86070619e7640b"},"headline":"Comment installer son abri de jardin ?","datePublished":"2022-05-10T13:36:00+00:00","dateModified":"2026-02-06T16:15:54+00:00","mainEntityOfPage":{"@id":"https:\/\/www.sweeek.fr\/blog\/comment-installer-son-abri-de-jardin\/"},"wordCount":901,"commentCount":0,"publisher":{"@id":"https:\/\/www.sweeek.fr\/blog\/#organization"},"image":{"@id":"https:\/\/www.sweeek.fr\/blog\/comment-installer-son-abri-de-jardin\/#primaryimage"},"thumbnailUrl":"https:\/\/www.sweeek.fr\/blog\/wp-content\/uploads\/2022\/06\/Nouveau-projet-2022-06-13T105407.051.jpg","articleSection":["Abri de jardin"],"inLanguage":"fr-FR","potentialAction":[{"@type":"CommentAction","name":"Comment","target":["https:\/\/www.sweeek.fr\/blog\/comment-installer-son-abri-de-jardin\/#respond"]}]},{"@type":"WebPage","@id":"https:\/\/www.sweeek.fr\/blog\/comment-installer-son-abri-de-jardin\/","url":"https:\/\/www.sweeek.fr\/blog\/comment-installer-son-abri-de-jardin\/","name":"Comment installer son abri de jardin ? &#8211; Les Conseils sweeek","isPartOf":{"@id":"https:\/\/www.sweeek.fr\/blog\/#website"},"primaryImageOfPage":{"@id":"https:\/\/www.sweeek.fr\/blog\/comment-installer-son-abri-de-jardin\/#primaryimage"},"image":{"@id":"https:\/\/www.sweeek.fr\/blog\/comment-installer-son-abri-de-jardin\/#primaryimage"},"thumbnailUrl":"https:\/\/www.sweeek.fr\/blog\/wp-content\/uploads\/2022\/06\/Nouveau-projet-2022-06-13T105407.051.jpg","datePublished":"2022-05-10T13:36:00+00:00","dateModified":"2026-02-06T16:15:54+00:00","description":"D\u00e9couvrez comment installer un abri de jardin gr\u00e2ce aux conseils de sweeek. Emplacement et sol, ils n'auront plus de secrets pour vous!","breadcrumb":{"@id":"https:\/\/www.sweeek.fr\/blog\/comment-installer-son-abri-de-jardin\/#breadcrumb"},"inLanguage":"fr-FR","potentialAction":[{"@type":"ReadAction","target":["https:\/\/www.sweeek.fr\/blog\/comment-installer-son-abri-de-jardin\/"]}]},{"@type":"ImageObject","inLanguage":"fr-FR","@id":"https:\/\/www.sweeek.fr\/blog\/comment-installer-son-abri-de-jardin\/#primaryimage","url":"https:\/\/www.sweeek.fr\/blog\/wp-content\/uploads\/2022\/06\/Nouveau-projet-2022-06-13T105407.051.jpg","contentUrl":"https:\/\/www.sweeek.fr\/blog\/wp-content\/uploads\/2022\/06\/Nouveau-projet-2022-06-13T105407.051.jpg","width":1024,"height":682},{"@type":"BreadcrumbList","@id":"https:\/\/www.sweeek.fr\/blog\/comment-installer-son-abri-de-jardin\/#breadcrumb","itemListElement":[{"@type":"ListItem","position":1,"name":"Accueil","item":"https:\/\/www.sweeek.fr\/blog\/"},{"@type":"ListItem","position":2,"name":"Comment installer son abri de jardin ?"}]},{"@type":"WebSite","@id":"https:\/\/www.sweeek.fr\/blog\/#website","url":"https:\/\/www.sweeek.fr\/blog\/","name":"Les Conseils sweeek","description":"Conseils et inspirations","publisher":{"@id":"https:\/\/www.sweeek.fr\/blog\/#organization"},"potentialAction":[{"@type":"SearchAction","target":{"@type":"EntryPoint","urlTemplate":"https:\/\/www.sweeek.fr\/blog\/?s={search_term_string}"},"query-input":{"@type":"PropertyValueSpecification","valueRequired":true,"valueName":"search_term_string"}}],"inLanguage":"fr-FR"},{"@type":"Organization","@id":"https:\/\/www.sweeek.fr\/blog\/#organization","name":"sweeek","url":"https:\/\/www.sweeek.fr\/blog\/","logo":{"@type":"ImageObject","inLanguage":"fr-FR","@id":"https:\/\/www.sweeek.fr\/blog\/#\/schema\/logo\/image\/","url":"https:\/\/www.sweeek.fr\/blog\/wp-content\/uploads\/2023\/10\/blog-sweeek-logo2.png","contentUrl":"https:\/\/www.sweeek.fr\/blog\/wp-content\/uploads\/2023\/10\/blog-sweeek-logo2.png","width":328,"height":90,"caption":"sweeek"},"image":{"@id":"https:\/\/www.sweeek.fr\/blog\/#\/schema\/logo\/image\/"}},{"@type":"Person","@id":"https:\/\/www.sweeek.fr\/blog\/#\/schema\/person\/e97ba3e4a84bda73fe86070619e7640b","name":"Am\u00e9lie Capon","image":{"@type":"ImageObject","inLanguage":"fr-FR","@id":"https:\/\/secure.gravatar.com\/avatar\/042e4b25b2641d47117ebfaf786a00f66fd827d54a130982af74eb1f062ce832?s=96&d=mm&r=g","url":"https:\/\/secure.gravatar.com\/avatar\/042e4b25b2641d47117ebfaf786a00f66fd827d54a130982af74eb1f062ce832?s=96&d=mm&r=g","contentUrl":"https:\/\/secure.gravatar.com\/avatar\/042e4b25b2641d47117ebfaf786a00f66fd827d54a130982af74eb1f062ce832?s=96&d=mm&r=g","caption":"Am\u00e9lie Capon"}}]}},"uagb_featured_image_src":{"full":["https:\/\/www.sweeek.fr\/blog\/wp-content\/uploads\/2022\/06\/Nouveau-projet-2022-06-13T105407.051.jpg",1024,682,false],"thumbnail":["https:\/\/www.sweeek.fr\/blog\/wp-content\/uploads\/2022\/06\/Nouveau-projet-2022-06-13T105407.051-150x150.jpg",150,150,true],"medium":["https:\/\/www.sweeek.fr\/blog\/wp-content\/uploads\/2022\/06\/Nouveau-projet-2022-06-13T105407.051-300x200.jpg",300,200,true],"medium_large":["https:\/\/www.sweeek.fr\/blog\/wp-content\/uploads\/2022\/06\/Nouveau-projet-2022-06-13T105407.051-768x512.jpg",768,512,true],"large":["https:\/\/www.sweeek.fr\/blog\/wp-content\/uploads\/2022\/06\/Nouveau-projet-2022-06-13T105407.051.jpg",1024,682,false],"1536x1536":["https:\/\/www.sweeek.fr\/blog\/wp-content\/uploads\/2022\/06\/Nouveau-projet-2022-06-13T105407.051.jpg",1024,682,false],"2048x2048":["https:\/\/www.sweeek.fr\/blog\/wp-content\/uploads\/2022\/06\/Nouveau-projet-2022-06-13T105407.051.jpg",1024,682,false],"ocean-thumb-m":["https:\/\/www.sweeek.fr\/blog\/wp-content\/uploads\/2022\/06\/Nouveau-projet-2022-06-13T105407.051-600x600.jpg",600,600,true],"ocean-thumb-ml":["https:\/\/www.sweeek.fr\/blog\/wp-content\/uploads\/2022\/06\/Nouveau-projet-2022-06-13T105407.051-800x450.jpg",800,450,true],"ocean-thumb-l":["https:\/\/www.sweeek.fr\/blog\/wp-content\/uploads\/2022\/06\/Nouveau-projet-2022-06-13T105407.051.jpg",1024,682,false]},"uagb_author_info":{"display_name":"Am\u00e9lie Capon","author_link":"https:\/\/www.sweeek.fr\/blog"},"uagb_comment_info":16,"uagb_excerpt":"Avant d\u2019installer votre abri de jardin, il est primordial d\u2019analyser l\u2019emplacement id\u00e9al&nbsp;en fonction de plusieurs crit\u00e8res. Son emplacement est d\u00e9terminant pour assurer une long\u00e9vit\u00e9 maximale mais aussi selon l\u2019usage&nbsp;que vous souhaitez faire. En effet, trop proche d\u2019un arbre ou d\u2019une haie, votre abri de jardin pourra \u00eatre soumis \u00e0 l\u2019humidit\u00e9 ou \u00e0 des d\u00e9g\u00e2ts li\u00e9s\u2026","_links":{"self":[{"href":"https:\/\/www.sweeek.fr\/blog\/wp-json\/wp\/v2\/posts\/8221","targetHints":{"allow":["GET"]}}],"collection":[{"href":"https:\/\/www.sweeek.fr\/blog\/wp-json\/wp\/v2\/posts"}],"about":[{"href":"https:\/\/www.sweeek.fr\/blog\/wp-json\/wp\/v2\/types\/post"}],"author":[{"embeddable":true,"href":"https:\/\/www.sweeek.fr\/blog\/wp-json\/wp\/v2\/users\/4"}],"replies":[{"embeddable":true,"href":"https:\/\/www.sweeek.fr\/blog\/wp-json\/wp\/v2\/comments?post=8221"}],"version-history":[{"count":16,"href":"https:\/\/www.sweeek.fr\/blog\/wp-json\/wp\/v2\/posts\/8221\/revisions"}],"predecessor-version":[{"id":22534,"href":"https:\/\/www.sweeek.fr\/blog\/wp-json\/wp\/v2\/posts\/8221\/revisions\/22534"}],"wp:featuredmedia":[{"embeddable":true,"href":"https:\/\/www.sweeek.fr\/blog\/wp-json\/wp\/v2\/media\/10519"}],"wp:attachment":[{"href":"https:\/\/www.sweeek.fr\/blog\/wp-json\/wp\/v2\/media?parent=8221"}],"wp:term":[{"taxonomy":"category","embeddable":true,"href":"https:\/\/www.sweeek.fr\/blog\/wp-json\/wp\/v2\/categories?post=8221"},{"taxonomy":"post_tag","embeddable":true,"href":"https:\/\/www.sweeek.fr\/blog\/wp-json\/wp\/v2\/tags?post=8221"}],"curies":[{"name":"wp","href":"https:\/\/api.w.org\/{rel}","templated":true}]}}