{"id":8195,"date":"2022-05-20T11:26:00","date_gmt":"2022-05-20T09:26:00","guid":{"rendered":"https:\/\/www.sweeek.fr\/blog\/?p=8195"},"modified":"2026-01-14T16:10:25","modified_gmt":"2026-01-14T15:10:25","slug":"comment-entretenir-un-abri-de-jardin","status":"publish","type":"post","link":"https:\/\/www.sweeek.fr\/blog\/comment-entretenir-un-abri-de-jardin\/","title":{"rendered":"Comment entretenir un abri de jardin ?"},"content":{"rendered":"\n<p>Afin que votre&nbsp;<strong>abri de jardin<\/strong>&nbsp;conserve son authenticit\u00e9 et sa solidit\u00e9 durant toute son utilisation, il est indispensable, peu importe sa mati\u00e8re, de l\u2019<strong>entretenir de fa\u00e7on r\u00e9guli\u00e8re<\/strong>. Notamment pour le&nbsp;<strong>bois<\/strong>&nbsp;qui est une mati\u00e8re naturelle et qui \u00e9volue fur et \u00e0 mesure. Chaque&nbsp;<a href=\"https:\/\/www.sweeek.fr\/rangement-jardin\/abri-jardin\">chalet de jardin<\/a>&nbsp;aura besoin d\u2019un entretien sp\u00e9cifique plus ou moins r\u00e9gulier pour lui assurer une dur\u00e9e de vie optimale. Nous savons qu\u2019il n\u2019est pas toujours facile de savoir les m\u00e9thodes d\u2019entretien de certaines mati\u00e8res, voici donc quelques astuces pour l\u2019<strong>entretien de votre abri de jardin<\/strong>. Apr\u00e8s l&rsquo;<a href=\"https:\/\/www.sweeek.fr\/blog\/comment-installer-son-abri-de-jardin\/\">installation d&rsquo;un abri de jardin<\/a>, il faut l&rsquo;entretenir pour assurer sa long\u00e9vit\u00e9 et son aspect esth\u00e9tique. L\u2019<strong>entretien de sa structure<\/strong>&nbsp;passe par un traitement r\u00e9gulier selon les mat\u00e9riaux de votre abri. Comme toute chose, s\u2019il est v\u00e9rifi\u00e9 et entretenu de fa\u00e7on r\u00e9guli\u00e8re, il gardera son aspect initial et une&nbsp;<strong>long\u00e9vit\u00e9 maximale<\/strong>. Par exemple, pour le&nbsp;<strong>bois<\/strong>, appliquez de la&nbsp;<strong>lasure<\/strong>&nbsp;au maximum tous les 2 ans et au minimum tous les 4 ans en fonction de la qualit\u00e9 de celle-ci. Cela vous permettra de&nbsp;<strong>pr\u00e9server l\u2019aspect du bois<\/strong>&nbsp;et&nbsp;<strong>\u00e9viter l\u2019apparition des traces d\u2019humidit\u00e9<\/strong>&nbsp;qui pourraient stagner sur le toit de votre abri et par cons\u00e9quence le d\u00e9t\u00e9riorer.<\/p>\n\n\n\n<figure class=\"wp-block-image size-full\"><img fetchpriority=\"high\" decoding=\"async\" width=\"768\" height=\"432\" src=\"https:\/\/www.sweeek.fr\/blog\/wp-content\/uploads\/2022\/05\/entretien-abri-de-jardin-2.jpg\" alt=\"entretien abri de jardin \" class=\"wp-image-19853\" srcset=\"https:\/\/www.sweeek.fr\/blog\/wp-content\/uploads\/2022\/05\/entretien-abri-de-jardin-2.jpg 768w, https:\/\/www.sweeek.fr\/blog\/wp-content\/uploads\/2022\/05\/entretien-abri-de-jardin-2-300x169.jpg 300w\" sizes=\"(max-width: 768px) 100vw, 768px\" \/><\/figure>\n\n\n\n<h2 class=\"wp-block-heading\">Comment entretenir un abri de jardin en bois ?<\/h2>\n\n\n\n<p>Les\u00a0<strong><a href=\"https:\/\/www.sweeek.fr\/rangement-jardin\/abri-jardin\/filter\/matiere-1-1\/bois-1\">abris de jardin en bois<\/a><\/strong>\u00a0sont les plus pl\u00e9biscit\u00e9s pour leur c\u00f4t\u00e9 naturel et authentique dans un environnement ext\u00e9rieur. Mais malgr\u00e9 leur bonne isolation, ils demandent un\u00a0<strong>entretien soutenu<\/strong>\u00a0car il est sujet \u00e0 l\u2019eau, aux rayons UV et aux insectes.<\/p>\n\n\n\n<p>En revanche, certains&nbsp;<strong>abris de jardin<\/strong>&nbsp;sont d\u00e9j\u00e0 vendus pr\u00e9alablement trait\u00e9s&nbsp;<strong>autoclaves<\/strong>. Certes, ils sont&nbsp;<strong>plus co\u00fbteux<\/strong>&nbsp;mais permettent d\u2019\u00e9viter d\u2019effectuer un traitement avant son installation. N\u00e9anmoins, il est tout \u00e0 fait possible d\u2019opter pour un abri de jardin en bois brut, il sera un peu moins on\u00e9reux \u00e0 l\u2019achat mais demandera de le prot\u00e9ger avec une couche de lasure sur toutes les faces de l\u2019abri avant utilisation. Attention, l\u2019efficacit\u00e9 de la lasure varie en fonction de la qualit\u00e9 du produit. Pour cela, choisissez une&nbsp;<strong>lasure de qualit\u00e9<\/strong>&nbsp;pour ne pas avoir \u00e0 recommencer le traitement trop souvent. Effectuez toujours une pause \u00e0 nu, il est important que le bois soit sec et propre avant d\u2019\u00eatre trait\u00e9.<\/p>\n\n\n\n<p>Le&nbsp;<strong>nettoyage de l\u2019abri<\/strong>&nbsp;diff\u00e8re selon la protection qu\u2019il a re\u00e7ue. Une brosse nylon suffit \u00e0 un bois lasur\u00e9 car la lasure p\u00e9n\u00e8tre le bois en int\u00e9rieur et ne constitue pas en soi une couche protectrice ext\u00e9rieure comme la peinture ou le vernis.<\/p>\n\n\n\n<p>Pour les&nbsp;<strong>abris de jardin peint<\/strong>&nbsp;avec de la peinture bois, il est possible de les&nbsp;<strong>nettoyer avec un seau, une \u00e9ponge et \u00e9ventuellement un savon \u00e9cologique<\/strong>&nbsp;si besoin. En cas de taches persistantes, vous pouvez utiliser un tampon abrasif. Cependant, \u00e9vitez de le rayer ou ternir sa peinture.<\/p>\n\n\n\n<p>Pour&nbsp;<strong>traiter \u00e0 nouveau votre bois<\/strong>&nbsp;avec de la lasure ou pour le peindre, il est imp\u00e9ratif de le poncer, le d\u00e9caper et le d\u00e9graisser avec un d\u00e9graisseur sp\u00e9cial bois. Cela vous permettra d\u2019\u00e9liminer les couches de protection et de le d\u00e9graisser en profondeur avant d\u2019appliquer la peinture.<\/p>\n\n\n\n<h2 class=\"wp-block-heading\">Comment entretenir un abri de jardin en m\u00e9tal ou en fer ?<\/h2>\n\n\n\n<p>Un\u00a0<strong><a href=\"https:\/\/www.sweeek.fr\/rangement-jardin\/abri-jardin\/filter\/matiere-1-1\/metal\">abri de jardin en m\u00e9tal<\/a><\/strong>\u00a0ou en fer n\u00e9cessite peu d\u2019entretien. De ce fait, il sera plus simple \u00e0 nettoyer et moins co\u00fbteux qu\u2019un abri en bois. \u00c0 noter que ce type de construction poss\u00e8de g\u00e9n\u00e9ralement une structure sujette \u00e0 la\u00a0<strong>corrosion<\/strong>.<\/p>\n\n\n\n<p>Le gros avantage de ces abris de jardin est leur autonomie. C\u2019est souvent pour&nbsp;<strong>\u00e9viter les traitements r\u00e9guliers<\/strong>&nbsp;selon les saisons qu\u2019on d\u00e9cide d\u2019opter pour un abri de jardin en m\u00e9tal ou en fer. Un nettoyage de votre structure au jet d\u2019eau \u00e0 puissance moyenne sera suffisant pour \u00e9vacuer les \u00e9ventuelles salissures. <\/p>\n\n\n\n<p>Cependant, si votre cabanon demande un nettoyage plus pr\u00e9cis, nous vous conseillons d\u2019utiliser une \u00e9ponge et des produits non abrasifs afin d\u2019\u00e9viter d\u2019agresser la surface. Vous pouvez \u00e9galement poser une peinture antirouille pour&nbsp;<strong>prot\u00e9ger le m\u00e9tal de l\u2019oxydation ou des UV<\/strong>. Sachez qu\u2019un bon entretien et un climat adapt\u00e9 au m\u00e9tal ou au fer pourra prolonger sa long\u00e9vit\u00e9 jusqu\u2019\u00e0 25 ans !<\/p>\n\n\n\n<div class=\"wp-block-columns is-layout-flex wp-container-core-columns-is-layout-9d6595d7 wp-block-columns-is-layout-flex\">\n<div class=\"wp-block-column is-layout-flow wp-block-column-is-layout-flow\">\n<h2 class=\"wp-block-heading\">Comment entretenir un abri de jardin en r\u00e9sine ou en PVC ?<\/h2>\n\n\n\n<p>Les\u00a0<strong><a href=\"https:\/\/www.sweeek.fr\/rangement-jardin\/abri-jardin\/filter\/matiere-1-1\/resine-plastique\">abris de jardin en r\u00e9sine<\/a> ou en pvc<\/strong>\u00a0sont les plus simples \u00e0 entretenir et les moins co\u00fbteux. Les propri\u00e9t\u00e9s durables et tr\u00e8s r\u00e9sistantes dans ce type d\u2019abri lui permettent de ne pas \u00eatre fragilis\u00e9 par les agressions ext\u00e9rieures comme la pluie, la neige ou le gel. De plus, sa structure b\u00e9n\u00e9ficie d\u2019un traitement efficace contre les UV. Aucune perte de coloration ni d\u2019\u00e9ventuelles d\u00e9formations viendront lui faire perdre son aspect original. En effet, ces abris de jardin pourront se contenter d&rsquo;\u00eatre nettoy\u00e9 au jet d\u2019eau tous les 6 mois. Pas besoin d\u2019utiliser de produit corrosif. Cependant, si certaines taches persistent, frottez l\u00e9g\u00e8rement avec une \u00e9ponge douce et souple. Malgr\u00e9 leur simplicit\u00e9 d\u2019entretien, la r\u00e9sine et le pvc sont bien plus sensibles que le m\u00e9tal ou le bois. De ce fait, leur dur\u00e9e de vie n\u2019exc\u00e8dera pas 15 ans.<\/p>\n<\/div>\n\n\n\n<div class=\"wp-block-column is-vertically-aligned-center is-layout-flow wp-block-column-is-layout-flow\">\n<figure class=\"wp-block-image size-full\"><img decoding=\"async\" width=\"296\" height=\"371\" src=\"https:\/\/www.sweeek.fr\/blog\/wp-content\/uploads\/2022\/05\/entretien-abri-de-jardin.jpg\" alt=\"entretenir un abri de jardin en pvc\" class=\"wp-image-19851\" srcset=\"https:\/\/www.sweeek.fr\/blog\/wp-content\/uploads\/2022\/05\/entretien-abri-de-jardin.jpg 296w, https:\/\/www.sweeek.fr\/blog\/wp-content\/uploads\/2022\/05\/entretien-abri-de-jardin-239x300.jpg 239w\" sizes=\"(max-width: 296px) 100vw, 296px\" \/><\/figure>\n<\/div>\n<\/div>\n\n\n\n<div class=\"wp-block-columns is-layout-flex wp-container-core-columns-is-layout-9d6595d7 wp-block-columns-is-layout-flex\">\n<div class=\"wp-block-column is-layout-flow wp-block-column-is-layout-flow\">\n<h2 class=\"wp-block-heading\">Comment entretenir la toiture d\u2019un abri de jardin ?<\/h2>\n\n\n\n<p>Au moment de&nbsp;<a href=\"https:\/\/www.sweeek.fr\/blog\/comment-choisir-un-abri-de-jardin\/\">choisir un abri de jardin<\/a>, le choix du type de toit est un crit\u00e8re important car la&nbsp;<a href=\"https:\/\/www.sweeek.fr\/blog\/quelle-toiture-pour-un-abri-de-jardin\/\">toiture d\u2019un abri de jardin<\/a>&nbsp;n\u00e9cessite bien souvent un entretien diff\u00e9rent de sa structure initiale. En effet, elle n\u2019est pas forc\u00e9ment cr\u00e9\u00e9e \u00e0 partir du m\u00eame mat\u00e9riau. Les&nbsp;<strong>toitures en Roofing et en Shingle<\/strong>&nbsp;ne demanderont aucun entretien mais seront \u00e9ventuellement \u00e0 r\u00e9parer en fonction des \u00e9ventuels d\u00e9g\u00e2ts li\u00e9s aux intemp\u00e9ries par exemple. Les&nbsp;<strong>toitures en m\u00e9tal<\/strong>&nbsp;seront quant \u00e0 elles \u00e0 prot\u00e9ger gr\u00e2ce \u00e0 une peinture antirouille adapt\u00e9e. Celles en&nbsp;<strong>polycarbonate<\/strong>&nbsp;pourront se contenter d\u2019un simple nettoyage \u00e0 l\u2019eau savonneuse \u00e9cologique.<\/p>\n<\/div>\n<\/div>\n\n\n\n<div class=\"wp-block-group alignwide has-white-color has-text-color has-background\" style=\"background-color:#f2f2f2\"><div class=\"wp-block-group__inner-container is-layout-flow wp-block-group-is-layout-flow\">\n<h2 class=\"alignfull has-text-align-center has-black-color has-text-color wp-block-heading\" style=\"font-size:30px;font-style:normal;font-weight:400\">La s\u00e9lection de sweeek<\/h2>\n\n\n\n<div style=\"height:21px\" aria-hidden=\"true\" class=\"wp-block-spacer\"><\/div>\n\n\n\n<div class=\"wp-block-columns is-layout-flex wp-container-core-columns-is-layout-9d6595d7 wp-block-columns-is-layout-flex\">\n<div class=\"wp-block-column is-layout-flow wp-block-column-is-layout-flow\"><div class=\"wp-block-image\">\n<figure class=\"aligncenter size-large\"><img decoding=\"async\" width=\"1024\" height=\"1024\" src=\"https:\/\/www.sweeek.fr\/blog\/wp-content\/uploads\/2022\/06\/msw291gy-441c6d78ffd56a43f187394f1a45231b-1024x1024.webp\" alt=\"\" class=\"wp-image-22535\" srcset=\"https:\/\/www.sweeek.fr\/blog\/wp-content\/uploads\/2022\/06\/msw291gy-441c6d78ffd56a43f187394f1a45231b-1024x1024.webp 1024w, https:\/\/www.sweeek.fr\/blog\/wp-content\/uploads\/2022\/06\/msw291gy-441c6d78ffd56a43f187394f1a45231b-300x300.webp 300w, https:\/\/www.sweeek.fr\/blog\/wp-content\/uploads\/2022\/06\/msw291gy-441c6d78ffd56a43f187394f1a45231b-150x150.webp 150w, https:\/\/www.sweeek.fr\/blog\/wp-content\/uploads\/2022\/06\/msw291gy-441c6d78ffd56a43f187394f1a45231b-768x768.webp 768w, https:\/\/www.sweeek.fr\/blog\/wp-content\/uploads\/2022\/06\/msw291gy-441c6d78ffd56a43f187394f1a45231b-600x600.webp 600w, https:\/\/www.sweeek.fr\/blog\/wp-content\/uploads\/2022\/06\/msw291gy-441c6d78ffd56a43f187394f1a45231b.webp 1500w\" sizes=\"(max-width: 1024px) 100vw, 1024px\" \/><\/figure>\n<\/div>\n\n\n<h3 class=\"has-text-align-center has-black-color has-text-color wp-block-heading\" style=\"font-style:normal;font-weight:400\"><a href=\"https:\/\/www.sweeek.fr\/product\/abri-de-jardin-acier-galvanise-2-91m-kit-d-ancrage-anthracite\">Abri de jardin en acier galvanis\u00e9 2,91m\u00b2 &#8211; Bray<\/a><\/h3>\n\n\n\n<div style=\"height:15px\" aria-hidden=\"true\" class=\"wp-block-spacer\"><\/div>\n<\/div>\n\n\n\n<div class=\"wp-block-column is-layout-flow wp-block-column-is-layout-flow\"><div class=\"wp-block-image\">\n<figure class=\"aligncenter size-large\"><img loading=\"lazy\" decoding=\"async\" width=\"1024\" height=\"1024\" src=\"https:\/\/www.sweeek.fr\/blog\/wp-content\/uploads\/2022\/06\/MS1085GY_01-1024x1024.webp\" alt=\"\" class=\"wp-image-22536\" srcset=\"https:\/\/www.sweeek.fr\/blog\/wp-content\/uploads\/2022\/06\/MS1085GY_01-1024x1024.webp 1024w, https:\/\/www.sweeek.fr\/blog\/wp-content\/uploads\/2022\/06\/MS1085GY_01-300x300.webp 300w, https:\/\/www.sweeek.fr\/blog\/wp-content\/uploads\/2022\/06\/MS1085GY_01-150x150.webp 150w, https:\/\/www.sweeek.fr\/blog\/wp-content\/uploads\/2022\/06\/MS1085GY_01-768x768.webp 768w, https:\/\/www.sweeek.fr\/blog\/wp-content\/uploads\/2022\/06\/MS1085GY_01-600x600.webp 600w, https:\/\/www.sweeek.fr\/blog\/wp-content\/uploads\/2022\/06\/MS1085GY_01.webp 1500w\" sizes=\"(max-width: 1024px) 100vw, 1024px\" \/><\/figure>\n<\/div>\n\n\n<h3 class=\"has-text-align-center wp-block-heading\" style=\"font-style:normal;font-weight:400\"><a href=\"https:\/\/www.sweeek.fr\/product\/abri-de-jardin-metal-10-85m\">Abri de jardin en m\u00e9tal 10,85m\u00b2 &#8211; Boulonnais<\/a><\/h3>\n\n\n\n<div style=\"height:15px\" aria-hidden=\"true\" class=\"wp-block-spacer\"><\/div>\n<\/div>\n\n\n\n<div class=\"wp-block-column is-layout-flow wp-block-column-is-layout-flow\"><div class=\"wp-block-image\">\n<figure class=\"aligncenter size-large\"><img loading=\"lazy\" decoding=\"async\" width=\"1024\" height=\"1024\" src=\"https:\/\/www.sweeek.fr\/blog\/wp-content\/uploads\/2022\/06\/ms884gy-ea936110a3dc23bb38ce5cc1f6b218d7-1-1024x1024.webp\" alt=\"\" class=\"wp-image-22537\" srcset=\"https:\/\/www.sweeek.fr\/blog\/wp-content\/uploads\/2022\/06\/ms884gy-ea936110a3dc23bb38ce5cc1f6b218d7-1-1024x1024.webp 1024w, https:\/\/www.sweeek.fr\/blog\/wp-content\/uploads\/2022\/06\/ms884gy-ea936110a3dc23bb38ce5cc1f6b218d7-1-300x300.webp 300w, https:\/\/www.sweeek.fr\/blog\/wp-content\/uploads\/2022\/06\/ms884gy-ea936110a3dc23bb38ce5cc1f6b218d7-1-150x150.webp 150w, https:\/\/www.sweeek.fr\/blog\/wp-content\/uploads\/2022\/06\/ms884gy-ea936110a3dc23bb38ce5cc1f6b218d7-1-768x768.webp 768w, https:\/\/www.sweeek.fr\/blog\/wp-content\/uploads\/2022\/06\/ms884gy-ea936110a3dc23bb38ce5cc1f6b218d7-1-600x600.webp 600w, https:\/\/www.sweeek.fr\/blog\/wp-content\/uploads\/2022\/06\/ms884gy-ea936110a3dc23bb38ce5cc1f6b218d7-1.webp 1500w\" sizes=\"(max-width: 1024px) 100vw, 1024px\" \/><\/figure>\n<\/div>\n\n\n<h3 class=\"has-text-align-center has-black-color has-text-color wp-block-heading\" style=\"font-style:normal;font-weight:400\"><a href=\"https:\/\/www.sweeek.fr\/product\/abri-jardin-metal-flandre-8-84m-gris-anthracite-deux-grandes-portes-coulissantes-kit-fixation-sol-inclus\">Abri de jardin m\u00e9tal 8,95m\u00b2 &#8211; Flandre<\/a><\/h3>\n\n\n\n<div style=\"height:15px\" aria-hidden=\"true\" class=\"wp-block-spacer\"><\/div>\n<\/div>\n<\/div>\n<\/div><\/div>\n","protected":false},"excerpt":{"rendered":"<p>Afin que votre&nbsp;abri de jardin&nbsp;conserve son authenticit\u00e9 et sa solidit\u00e9 durant toute son utilisation, il est indispensable, peu importe sa mati\u00e8re, de l\u2019entretenir de fa\u00e7on r\u00e9guli\u00e8re. Notamment pour le&nbsp;bois&nbsp;qui est une mati\u00e8re naturelle et qui \u00e9volue fur et \u00e0 mesure. Chaque&nbsp;chalet de jardin&nbsp;aura besoin d\u2019un entretien sp\u00e9cifique plus ou moins r\u00e9gulier pour lui assurer une [&hellip;]<\/p>\n","protected":false},"author":4,"featured_media":19735,"comment_status":"open","ping_status":"closed","sticky":false,"template":"","format":"standard","meta":{"inline_featured_image":false,"_uag_custom_page_level_css":"","ocean_post_layout":"","ocean_both_sidebars_style":"","ocean_both_sidebars_content_width":0,"ocean_both_sidebars_sidebars_width":0,"ocean_sidebar":"0","ocean_second_sidebar":"0","ocean_disable_margins":"enable","ocean_add_body_class":"","ocean_shortcode_before_top_bar":"","ocean_shortcode_after_top_bar":"","ocean_shortcode_before_header":"","ocean_shortcode_after_header":"","ocean_has_shortcode":"","ocean_shortcode_after_title":"","ocean_shortcode_before_footer_widgets":"","ocean_shortcode_after_footer_widgets":"","ocean_shortcode_before_footer_bottom":"","ocean_shortcode_after_footer_bottom":"","ocean_display_top_bar":"default","ocean_display_header":"default","ocean_header_style":"","ocean_center_header_left_menu":"0","ocean_custom_header_template":"0","ocean_custom_logo":0,"ocean_custom_retina_logo":0,"ocean_custom_logo_max_width":0,"ocean_custom_logo_tablet_max_width":0,"ocean_custom_logo_mobile_max_width":0,"ocean_custom_logo_max_height":0,"ocean_custom_logo_tablet_max_height":0,"ocean_custom_logo_mobile_max_height":0,"ocean_header_custom_menu":"0","ocean_menu_typo_font_family":"0","ocean_menu_typo_font_subset":"","ocean_menu_typo_font_size":0,"ocean_menu_typo_font_size_tablet":0,"ocean_menu_typo_font_size_mobile":0,"ocean_menu_typo_font_size_unit":"px","ocean_menu_typo_font_weight":"","ocean_menu_typo_font_weight_tablet":"","ocean_menu_typo_font_weight_mobile":"","ocean_menu_typo_transform":"","ocean_menu_typo_transform_tablet":"","ocean_menu_typo_transform_mobile":"","ocean_menu_typo_line_height":0,"ocean_menu_typo_line_height_tablet":0,"ocean_menu_typo_line_height_mobile":0,"ocean_menu_typo_line_height_unit":"","ocean_menu_typo_spacing":0,"ocean_menu_typo_spacing_tablet":0,"ocean_menu_typo_spacing_mobile":0,"ocean_menu_typo_spacing_unit":"","ocean_menu_link_color":"","ocean_menu_link_color_hover":"","ocean_menu_link_color_active":"","ocean_menu_link_background":"","ocean_menu_link_hover_background":"","ocean_menu_link_active_background":"","ocean_menu_social_links_bg":"","ocean_menu_social_hover_links_bg":"","ocean_menu_social_links_color":"","ocean_menu_social_hover_links_color":"","ocean_disable_title":"default","ocean_disable_heading":"default","ocean_post_title":"","ocean_post_subheading":"","ocean_post_title_style":"","ocean_post_title_background_color":"","ocean_post_title_background":0,"ocean_post_title_bg_image_position":"","ocean_post_title_bg_image_attachment":"","ocean_post_title_bg_image_repeat":"","ocean_post_title_bg_image_size":"","ocean_post_title_height":0,"ocean_post_title_bg_overlay":0.5,"ocean_post_title_bg_overlay_color":"","ocean_disable_breadcrumbs":"default","ocean_breadcrumbs_color":"","ocean_breadcrumbs_separator_color":"","ocean_breadcrumbs_links_color":"","ocean_breadcrumbs_links_hover_color":"","ocean_display_footer_widgets":"default","ocean_display_footer_bottom":"default","ocean_custom_footer_template":"0","ocean_post_oembed":"","ocean_post_self_hosted_media":"","ocean_post_video_embed":"","ocean_link_format":"","ocean_link_format_target":"self","ocean_quote_format":"","ocean_quote_format_link":"post","ocean_gallery_link_images":"off","ocean_gallery_id":[],"footnotes":""},"categories":[373],"tags":[],"class_list":["post-8195","post","type-post","status-publish","format-standard","has-post-thumbnail","hentry","category-mobilier-exterieur","entry","has-media"],"yoast_head":"<!-- This site is optimized with the Yoast SEO plugin v27.3 - https:\/\/yoast.com\/product\/yoast-seo-wordpress\/ -->\n<title>Comment entretenir un abri de jardin ? &#8211; Les Conseils sweeek<\/title>\n<meta name=\"description\" content=\"D\u00e9couvrez comment entretenir un abri de jardin gr\u00e2ce aux conseils de sweeek. Traitement et entretien, ils n&#039;auront plus de secrets pour vous!\" \/>\n<meta name=\"robots\" content=\"index, follow, max-snippet:-1, max-image-preview:large, max-video-preview:-1\" \/>\n<link rel=\"canonical\" href=\"https:\/\/www.sweeek.fr\/blog\/comment-entretenir-un-abri-de-jardin\/\" \/>\n<meta property=\"og:locale\" content=\"fr_FR\" \/>\n<meta property=\"og:type\" content=\"article\" \/>\n<meta property=\"og:title\" content=\"Comment entretenir un abri de jardin ? &#8211; Les Conseils sweeek\" \/>\n<meta property=\"og:description\" content=\"D\u00e9couvrez comment entretenir un abri de jardin gr\u00e2ce aux conseils de sweeek. Traitement et entretien, ils n&#039;auront plus de secrets pour vous!\" \/>\n<meta property=\"og:url\" content=\"https:\/\/www.sweeek.fr\/blog\/comment-entretenir-un-abri-de-jardin\/\" \/>\n<meta property=\"og:site_name\" content=\"Les Conseils sweeek\" \/>\n<meta property=\"article:published_time\" content=\"2022-05-20T09:26:00+00:00\" \/>\n<meta property=\"article:modified_time\" content=\"2026-01-14T15:10:25+00:00\" \/>\n<meta property=\"og:image\" content=\"https:\/\/www.sweeek.fr\/blog\/wp-content\/uploads\/2022\/05\/comment-choisir-un-abri-de-jardin.jpg\" \/>\n\t<meta property=\"og:image:width\" content=\"1024\" \/>\n\t<meta property=\"og:image:height\" content=\"682\" \/>\n\t<meta property=\"og:image:type\" content=\"image\/jpeg\" \/>\n<meta name=\"author\" content=\"Am\u00e9lie Capon\" \/>\n<meta name=\"twitter:card\" content=\"summary_large_image\" \/>\n<meta name=\"twitter:label1\" content=\"\u00c9crit par\" \/>\n\t<meta name=\"twitter:data1\" content=\"Am\u00e9lie Capon\" \/>\n\t<meta name=\"twitter:label2\" content=\"Dur\u00e9e de lecture estim\u00e9e\" \/>\n\t<meta name=\"twitter:data2\" content=\"7 minutes\" \/>\n<script type=\"application\/ld+json\" class=\"yoast-schema-graph\">{\"@context\":\"https:\\\/\\\/schema.org\",\"@graph\":[{\"@type\":\"Article\",\"@id\":\"https:\\\/\\\/www.sweeek.fr\\\/blog\\\/comment-entretenir-un-abri-de-jardin\\\/#article\",\"isPartOf\":{\"@id\":\"https:\\\/\\\/www.sweeek.fr\\\/blog\\\/comment-entretenir-un-abri-de-jardin\\\/\"},\"author\":{\"name\":\"Am\u00e9lie Capon\",\"@id\":\"https:\\\/\\\/www.sweeek.fr\\\/blog\\\/#\\\/schema\\\/person\\\/e97ba3e4a84bda73fe86070619e7640b\"},\"headline\":\"Comment entretenir un abri de jardin ?\",\"datePublished\":\"2022-05-20T09:26:00+00:00\",\"dateModified\":\"2026-01-14T15:10:25+00:00\",\"mainEntityOfPage\":{\"@id\":\"https:\\\/\\\/www.sweeek.fr\\\/blog\\\/comment-entretenir-un-abri-de-jardin\\\/\"},\"wordCount\":1101,\"commentCount\":0,\"publisher\":{\"@id\":\"https:\\\/\\\/www.sweeek.fr\\\/blog\\\/#organization\"},\"image\":{\"@id\":\"https:\\\/\\\/www.sweeek.fr\\\/blog\\\/comment-entretenir-un-abri-de-jardin\\\/#primaryimage\"},\"thumbnailUrl\":\"https:\\\/\\\/www.sweeek.fr\\\/blog\\\/wp-content\\\/uploads\\\/2022\\\/05\\\/comment-choisir-un-abri-de-jardin.jpg\",\"articleSection\":[\"Mobilier d'ext\u00e9rieur\"],\"inLanguage\":\"fr-FR\",\"potentialAction\":[{\"@type\":\"CommentAction\",\"name\":\"Comment\",\"target\":[\"https:\\\/\\\/www.sweeek.fr\\\/blog\\\/comment-entretenir-un-abri-de-jardin\\\/#respond\"]}]},{\"@type\":\"WebPage\",\"@id\":\"https:\\\/\\\/www.sweeek.fr\\\/blog\\\/comment-entretenir-un-abri-de-jardin\\\/\",\"url\":\"https:\\\/\\\/www.sweeek.fr\\\/blog\\\/comment-entretenir-un-abri-de-jardin\\\/\",\"name\":\"Comment entretenir un abri de jardin ? &#8211; Les Conseils sweeek\",\"isPartOf\":{\"@id\":\"https:\\\/\\\/www.sweeek.fr\\\/blog\\\/#website\"},\"primaryImageOfPage\":{\"@id\":\"https:\\\/\\\/www.sweeek.fr\\\/blog\\\/comment-entretenir-un-abri-de-jardin\\\/#primaryimage\"},\"image\":{\"@id\":\"https:\\\/\\\/www.sweeek.fr\\\/blog\\\/comment-entretenir-un-abri-de-jardin\\\/#primaryimage\"},\"thumbnailUrl\":\"https:\\\/\\\/www.sweeek.fr\\\/blog\\\/wp-content\\\/uploads\\\/2022\\\/05\\\/comment-choisir-un-abri-de-jardin.jpg\",\"datePublished\":\"2022-05-20T09:26:00+00:00\",\"dateModified\":\"2026-01-14T15:10:25+00:00\",\"description\":\"D\u00e9couvrez comment entretenir un abri de jardin gr\u00e2ce aux conseils de sweeek. Traitement et entretien, ils n'auront plus de secrets pour vous!\",\"breadcrumb\":{\"@id\":\"https:\\\/\\\/www.sweeek.fr\\\/blog\\\/comment-entretenir-un-abri-de-jardin\\\/#breadcrumb\"},\"inLanguage\":\"fr-FR\",\"potentialAction\":[{\"@type\":\"ReadAction\",\"target\":[\"https:\\\/\\\/www.sweeek.fr\\\/blog\\\/comment-entretenir-un-abri-de-jardin\\\/\"]}]},{\"@type\":\"ImageObject\",\"inLanguage\":\"fr-FR\",\"@id\":\"https:\\\/\\\/www.sweeek.fr\\\/blog\\\/comment-entretenir-un-abri-de-jardin\\\/#primaryimage\",\"url\":\"https:\\\/\\\/www.sweeek.fr\\\/blog\\\/wp-content\\\/uploads\\\/2022\\\/05\\\/comment-choisir-un-abri-de-jardin.jpg\",\"contentUrl\":\"https:\\\/\\\/www.sweeek.fr\\\/blog\\\/wp-content\\\/uploads\\\/2022\\\/05\\\/comment-choisir-un-abri-de-jardin.jpg\",\"width\":1024,\"height\":682,\"caption\":\"abri de jardin en bois\"},{\"@type\":\"BreadcrumbList\",\"@id\":\"https:\\\/\\\/www.sweeek.fr\\\/blog\\\/comment-entretenir-un-abri-de-jardin\\\/#breadcrumb\",\"itemListElement\":[{\"@type\":\"ListItem\",\"position\":1,\"name\":\"Accueil\",\"item\":\"https:\\\/\\\/www.sweeek.fr\\\/blog\\\/\"},{\"@type\":\"ListItem\",\"position\":2,\"name\":\"Comment entretenir un abri de jardin ?\"}]},{\"@type\":\"WebSite\",\"@id\":\"https:\\\/\\\/www.sweeek.fr\\\/blog\\\/#website\",\"url\":\"https:\\\/\\\/www.sweeek.fr\\\/blog\\\/\",\"name\":\"Les Conseils sweeek\",\"description\":\"Conseils et inspirations\",\"publisher\":{\"@id\":\"https:\\\/\\\/www.sweeek.fr\\\/blog\\\/#organization\"},\"potentialAction\":[{\"@type\":\"SearchAction\",\"target\":{\"@type\":\"EntryPoint\",\"urlTemplate\":\"https:\\\/\\\/www.sweeek.fr\\\/blog\\\/?s={search_term_string}\"},\"query-input\":{\"@type\":\"PropertyValueSpecification\",\"valueRequired\":true,\"valueName\":\"search_term_string\"}}],\"inLanguage\":\"fr-FR\"},{\"@type\":\"Organization\",\"@id\":\"https:\\\/\\\/www.sweeek.fr\\\/blog\\\/#organization\",\"name\":\"sweeek\",\"url\":\"https:\\\/\\\/www.sweeek.fr\\\/blog\\\/\",\"logo\":{\"@type\":\"ImageObject\",\"inLanguage\":\"fr-FR\",\"@id\":\"https:\\\/\\\/www.sweeek.fr\\\/blog\\\/#\\\/schema\\\/logo\\\/image\\\/\",\"url\":\"https:\\\/\\\/www.sweeek.fr\\\/blog\\\/wp-content\\\/uploads\\\/2023\\\/10\\\/blog-sweeek-logo2.png\",\"contentUrl\":\"https:\\\/\\\/www.sweeek.fr\\\/blog\\\/wp-content\\\/uploads\\\/2023\\\/10\\\/blog-sweeek-logo2.png\",\"width\":328,\"height\":90,\"caption\":\"sweeek\"},\"image\":{\"@id\":\"https:\\\/\\\/www.sweeek.fr\\\/blog\\\/#\\\/schema\\\/logo\\\/image\\\/\"}},{\"@type\":\"Person\",\"@id\":\"https:\\\/\\\/www.sweeek.fr\\\/blog\\\/#\\\/schema\\\/person\\\/e97ba3e4a84bda73fe86070619e7640b\",\"name\":\"Am\u00e9lie Capon\",\"image\":{\"@type\":\"ImageObject\",\"inLanguage\":\"fr-FR\",\"@id\":\"https:\\\/\\\/secure.gravatar.com\\\/avatar\\\/042e4b25b2641d47117ebfaf786a00f66fd827d54a130982af74eb1f062ce832?s=96&d=mm&r=g\",\"url\":\"https:\\\/\\\/secure.gravatar.com\\\/avatar\\\/042e4b25b2641d47117ebfaf786a00f66fd827d54a130982af74eb1f062ce832?s=96&d=mm&r=g\",\"contentUrl\":\"https:\\\/\\\/secure.gravatar.com\\\/avatar\\\/042e4b25b2641d47117ebfaf786a00f66fd827d54a130982af74eb1f062ce832?s=96&d=mm&r=g\",\"caption\":\"Am\u00e9lie Capon\"}}]}<\/script>\n<!-- \/ Yoast SEO plugin. -->","yoast_head_json":{"title":"Comment entretenir un abri de jardin ? &#8211; Les Conseils sweeek","description":"D\u00e9couvrez comment entretenir un abri de jardin gr\u00e2ce aux conseils de sweeek. Traitement et entretien, ils n'auront plus de secrets pour vous!","robots":{"index":"index","follow":"follow","max-snippet":"max-snippet:-1","max-image-preview":"max-image-preview:large","max-video-preview":"max-video-preview:-1"},"canonical":"https:\/\/www.sweeek.fr\/blog\/comment-entretenir-un-abri-de-jardin\/","og_locale":"fr_FR","og_type":"article","og_title":"Comment entretenir un abri de jardin ? &#8211; Les Conseils sweeek","og_description":"D\u00e9couvrez comment entretenir un abri de jardin gr\u00e2ce aux conseils de sweeek. Traitement et entretien, ils n'auront plus de secrets pour vous!","og_url":"https:\/\/www.sweeek.fr\/blog\/comment-entretenir-un-abri-de-jardin\/","og_site_name":"Les Conseils sweeek","article_published_time":"2022-05-20T09:26:00+00:00","article_modified_time":"2026-01-14T15:10:25+00:00","og_image":[{"width":1024,"height":682,"url":"https:\/\/www.sweeek.fr\/blog\/wp-content\/uploads\/2022\/05\/comment-choisir-un-abri-de-jardin.jpg","type":"image\/jpeg"}],"author":"Am\u00e9lie Capon","twitter_card":"summary_large_image","twitter_misc":{"\u00c9crit par":"Am\u00e9lie Capon","Dur\u00e9e de lecture estim\u00e9e":"7 minutes"},"schema":{"@context":"https:\/\/schema.org","@graph":[{"@type":"Article","@id":"https:\/\/www.sweeek.fr\/blog\/comment-entretenir-un-abri-de-jardin\/#article","isPartOf":{"@id":"https:\/\/www.sweeek.fr\/blog\/comment-entretenir-un-abri-de-jardin\/"},"author":{"name":"Am\u00e9lie Capon","@id":"https:\/\/www.sweeek.fr\/blog\/#\/schema\/person\/e97ba3e4a84bda73fe86070619e7640b"},"headline":"Comment entretenir un abri de jardin ?","datePublished":"2022-05-20T09:26:00+00:00","dateModified":"2026-01-14T15:10:25+00:00","mainEntityOfPage":{"@id":"https:\/\/www.sweeek.fr\/blog\/comment-entretenir-un-abri-de-jardin\/"},"wordCount":1101,"commentCount":0,"publisher":{"@id":"https:\/\/www.sweeek.fr\/blog\/#organization"},"image":{"@id":"https:\/\/www.sweeek.fr\/blog\/comment-entretenir-un-abri-de-jardin\/#primaryimage"},"thumbnailUrl":"https:\/\/www.sweeek.fr\/blog\/wp-content\/uploads\/2022\/05\/comment-choisir-un-abri-de-jardin.jpg","articleSection":["Mobilier d'ext\u00e9rieur"],"inLanguage":"fr-FR","potentialAction":[{"@type":"CommentAction","name":"Comment","target":["https:\/\/www.sweeek.fr\/blog\/comment-entretenir-un-abri-de-jardin\/#respond"]}]},{"@type":"WebPage","@id":"https:\/\/www.sweeek.fr\/blog\/comment-entretenir-un-abri-de-jardin\/","url":"https:\/\/www.sweeek.fr\/blog\/comment-entretenir-un-abri-de-jardin\/","name":"Comment entretenir un abri de jardin ? &#8211; Les Conseils sweeek","isPartOf":{"@id":"https:\/\/www.sweeek.fr\/blog\/#website"},"primaryImageOfPage":{"@id":"https:\/\/www.sweeek.fr\/blog\/comment-entretenir-un-abri-de-jardin\/#primaryimage"},"image":{"@id":"https:\/\/www.sweeek.fr\/blog\/comment-entretenir-un-abri-de-jardin\/#primaryimage"},"thumbnailUrl":"https:\/\/www.sweeek.fr\/blog\/wp-content\/uploads\/2022\/05\/comment-choisir-un-abri-de-jardin.jpg","datePublished":"2022-05-20T09:26:00+00:00","dateModified":"2026-01-14T15:10:25+00:00","description":"D\u00e9couvrez comment entretenir un abri de jardin gr\u00e2ce aux conseils de sweeek. Traitement et entretien, ils n'auront plus de secrets pour vous!","breadcrumb":{"@id":"https:\/\/www.sweeek.fr\/blog\/comment-entretenir-un-abri-de-jardin\/#breadcrumb"},"inLanguage":"fr-FR","potentialAction":[{"@type":"ReadAction","target":["https:\/\/www.sweeek.fr\/blog\/comment-entretenir-un-abri-de-jardin\/"]}]},{"@type":"ImageObject","inLanguage":"fr-FR","@id":"https:\/\/www.sweeek.fr\/blog\/comment-entretenir-un-abri-de-jardin\/#primaryimage","url":"https:\/\/www.sweeek.fr\/blog\/wp-content\/uploads\/2022\/05\/comment-choisir-un-abri-de-jardin.jpg","contentUrl":"https:\/\/www.sweeek.fr\/blog\/wp-content\/uploads\/2022\/05\/comment-choisir-un-abri-de-jardin.jpg","width":1024,"height":682,"caption":"abri de jardin en bois"},{"@type":"BreadcrumbList","@id":"https:\/\/www.sweeek.fr\/blog\/comment-entretenir-un-abri-de-jardin\/#breadcrumb","itemListElement":[{"@type":"ListItem","position":1,"name":"Accueil","item":"https:\/\/www.sweeek.fr\/blog\/"},{"@type":"ListItem","position":2,"name":"Comment entretenir un abri de jardin ?"}]},{"@type":"WebSite","@id":"https:\/\/www.sweeek.fr\/blog\/#website","url":"https:\/\/www.sweeek.fr\/blog\/","name":"Les Conseils sweeek","description":"Conseils et inspirations","publisher":{"@id":"https:\/\/www.sweeek.fr\/blog\/#organization"},"potentialAction":[{"@type":"SearchAction","target":{"@type":"EntryPoint","urlTemplate":"https:\/\/www.sweeek.fr\/blog\/?s={search_term_string}"},"query-input":{"@type":"PropertyValueSpecification","valueRequired":true,"valueName":"search_term_string"}}],"inLanguage":"fr-FR"},{"@type":"Organization","@id":"https:\/\/www.sweeek.fr\/blog\/#organization","name":"sweeek","url":"https:\/\/www.sweeek.fr\/blog\/","logo":{"@type":"ImageObject","inLanguage":"fr-FR","@id":"https:\/\/www.sweeek.fr\/blog\/#\/schema\/logo\/image\/","url":"https:\/\/www.sweeek.fr\/blog\/wp-content\/uploads\/2023\/10\/blog-sweeek-logo2.png","contentUrl":"https:\/\/www.sweeek.fr\/blog\/wp-content\/uploads\/2023\/10\/blog-sweeek-logo2.png","width":328,"height":90,"caption":"sweeek"},"image":{"@id":"https:\/\/www.sweeek.fr\/blog\/#\/schema\/logo\/image\/"}},{"@type":"Person","@id":"https:\/\/www.sweeek.fr\/blog\/#\/schema\/person\/e97ba3e4a84bda73fe86070619e7640b","name":"Am\u00e9lie Capon","image":{"@type":"ImageObject","inLanguage":"fr-FR","@id":"https:\/\/secure.gravatar.com\/avatar\/042e4b25b2641d47117ebfaf786a00f66fd827d54a130982af74eb1f062ce832?s=96&d=mm&r=g","url":"https:\/\/secure.gravatar.com\/avatar\/042e4b25b2641d47117ebfaf786a00f66fd827d54a130982af74eb1f062ce832?s=96&d=mm&r=g","contentUrl":"https:\/\/secure.gravatar.com\/avatar\/042e4b25b2641d47117ebfaf786a00f66fd827d54a130982af74eb1f062ce832?s=96&d=mm&r=g","caption":"Am\u00e9lie Capon"}}]}},"uagb_featured_image_src":{"full":["https:\/\/www.sweeek.fr\/blog\/wp-content\/uploads\/2022\/05\/comment-choisir-un-abri-de-jardin.jpg",1024,682,false],"thumbnail":["https:\/\/www.sweeek.fr\/blog\/wp-content\/uploads\/2022\/05\/comment-choisir-un-abri-de-jardin-150x150.jpg",150,150,true],"medium":["https:\/\/www.sweeek.fr\/blog\/wp-content\/uploads\/2022\/05\/comment-choisir-un-abri-de-jardin-300x200.jpg",300,200,true],"medium_large":["https:\/\/www.sweeek.fr\/blog\/wp-content\/uploads\/2022\/05\/comment-choisir-un-abri-de-jardin-768x512.jpg",768,512,true],"large":["https:\/\/www.sweeek.fr\/blog\/wp-content\/uploads\/2022\/05\/comment-choisir-un-abri-de-jardin.jpg",1024,682,false],"1536x1536":["https:\/\/www.sweeek.fr\/blog\/wp-content\/uploads\/2022\/05\/comment-choisir-un-abri-de-jardin.jpg",1024,682,false],"2048x2048":["https:\/\/www.sweeek.fr\/blog\/wp-content\/uploads\/2022\/05\/comment-choisir-un-abri-de-jardin.jpg",1024,682,false],"ocean-thumb-m":["https:\/\/www.sweeek.fr\/blog\/wp-content\/uploads\/2022\/05\/comment-choisir-un-abri-de-jardin-600x600.jpg",600,600,true],"ocean-thumb-ml":["https:\/\/www.sweeek.fr\/blog\/wp-content\/uploads\/2022\/05\/comment-choisir-un-abri-de-jardin-800x450.jpg",800,450,true],"ocean-thumb-l":["https:\/\/www.sweeek.fr\/blog\/wp-content\/uploads\/2022\/05\/comment-choisir-un-abri-de-jardin.jpg",1024,682,false]},"uagb_author_info":{"display_name":"Am\u00e9lie Capon","author_link":"https:\/\/www.sweeek.fr\/blog"},"uagb_comment_info":0,"uagb_excerpt":"Afin que votre&nbsp;abri de jardin&nbsp;conserve son authenticit\u00e9 et sa solidit\u00e9 durant toute son utilisation, il est indispensable, peu importe sa mati\u00e8re, de l\u2019entretenir de fa\u00e7on r\u00e9guli\u00e8re. Notamment pour le&nbsp;bois&nbsp;qui est une mati\u00e8re naturelle et qui \u00e9volue fur et \u00e0 mesure. Chaque&nbsp;chalet de jardin&nbsp;aura besoin d\u2019un entretien sp\u00e9cifique plus ou moins r\u00e9gulier pour lui assurer une\u2026","_links":{"self":[{"href":"https:\/\/www.sweeek.fr\/blog\/wp-json\/wp\/v2\/posts\/8195","targetHints":{"allow":["GET"]}}],"collection":[{"href":"https:\/\/www.sweeek.fr\/blog\/wp-json\/wp\/v2\/posts"}],"about":[{"href":"https:\/\/www.sweeek.fr\/blog\/wp-json\/wp\/v2\/types\/post"}],"author":[{"embeddable":true,"href":"https:\/\/www.sweeek.fr\/blog\/wp-json\/wp\/v2\/users\/4"}],"replies":[{"embeddable":true,"href":"https:\/\/www.sweeek.fr\/blog\/wp-json\/wp\/v2\/comments?post=8195"}],"version-history":[{"count":21,"href":"https:\/\/www.sweeek.fr\/blog\/wp-json\/wp\/v2\/posts\/8195\/revisions"}],"predecessor-version":[{"id":21575,"href":"https:\/\/www.sweeek.fr\/blog\/wp-json\/wp\/v2\/posts\/8195\/revisions\/21575"}],"wp:featuredmedia":[{"embeddable":true,"href":"https:\/\/www.sweeek.fr\/blog\/wp-json\/wp\/v2\/media\/19735"}],"wp:attachment":[{"href":"https:\/\/www.sweeek.fr\/blog\/wp-json\/wp\/v2\/media?parent=8195"}],"wp:term":[{"taxonomy":"category","embeddable":true,"href":"https:\/\/www.sweeek.fr\/blog\/wp-json\/wp\/v2\/categories?post=8195"},{"taxonomy":"post_tag","embeddable":true,"href":"https:\/\/www.sweeek.fr\/blog\/wp-json\/wp\/v2\/tags?post=8195"}],"curies":[{"name":"wp","href":"https:\/\/api.w.org\/{rel}","templated":true}]}}