{"id":8130,"date":"2022-06-02T17:29:00","date_gmt":"2022-06-02T15:29:00","guid":{"rendered":"https:\/\/www.sweeek.fr\/blog\/?p=8130"},"modified":"2025-02-24T16:37:44","modified_gmt":"2025-02-24T15:37:44","slug":"comment-choisir-un-abri-de-jardin","status":"publish","type":"post","link":"https:\/\/www.sweeek.fr\/blog\/comment-choisir-un-abri-de-jardin\/","title":{"rendered":"Comment choisir un abri de jardin ?"},"content":{"rendered":"\n<p>Un garage trop rempli, une maison pleine et bien trop d\u2019affaires ! Vous en avez assez de ne pas pouvoir&nbsp;<strong>ranger vos outils de jardinage<\/strong>, vos&nbsp;<strong>v\u00e9los<\/strong>&nbsp;et vos&nbsp;<strong>chaises de jardin<\/strong>&nbsp;\u00e0 l\u2019arriv\u00e9e de l\u2019hiver ? Il est temps de vous pencher davantage sur l\u2019int\u00e9r\u00eat d\u2019<strong>installer un abri de jardin<\/strong>. Et oui, vous n\u2019y avez peut-\u00eatre pas pens\u00e9, on l\u2019a fait pour vous ! En plus d\u2019\u00eatre tr\u00e8s esth\u00e9tique et de donner un charme \u00e0 votre jardin, il vous servira de&nbsp;<strong>rangement<\/strong>. Vous pourrez y mettre et y ranger toutes les affaires qui vous encombrent depuis des ann\u00e9es. Mais l\u2019<a href=\"https:\/\/www.sweeek.fr\/rangement-jardin\/abri-jardin\">abri de jardin<\/a>&nbsp;peut aussi \u00eatre la solution parfaite pour vous cr\u00e9er votre pi\u00e8ce de bricolage rien qu\u2019\u00e0 vous. En&nbsp;<strong>bois<\/strong>, en&nbsp;<strong>m\u00e9tal<\/strong>, en&nbsp;<strong>r\u00e9sine<\/strong>, traditionnel ou contemporain, petit ou grand, il existe une&nbsp;<strong>multitude de mod\u00e8les<\/strong>&nbsp;pour s\u2019adapter aux envies, aux go\u00fbts de chacun et pour tous les budgets. Nous allons maintenant vous&nbsp;<strong>aider \u00e0 choisir l\u2019abri de jardin<\/strong>&nbsp;id\u00e9al pour votre r\u00e9gion, vos besoins et votre ext\u00e9rieur.<\/p>\n\n\n<div class=\"wp-block-image\">\n<figure class=\"aligncenter size-full\"><img fetchpriority=\"high\" decoding=\"async\" width=\"700\" height=\"400\" src=\"https:\/\/www.sweeek.fr\/blog\/wp-content\/uploads\/2022\/05\/Sans-titre-2022-05-30T150254.752.png\" alt=\"vue jardin \" class=\"wp-image-9562\" srcset=\"https:\/\/www.sweeek.fr\/blog\/wp-content\/uploads\/2022\/05\/Sans-titre-2022-05-30T150254.752.png 700w, https:\/\/www.sweeek.fr\/blog\/wp-content\/uploads\/2022\/05\/Sans-titre-2022-05-30T150254.752-300x171.png 300w\" sizes=\"(max-width: 700px) 100vw, 700px\" \/><\/figure>\n<\/div>\n\n\n<h3 class=\"wp-block-heading\">Quel usage pour votre futur abri de jardin ?<\/h3>\n\n\n\n<p><a href=\"https:\/\/www.sweeek.fr\/blog\/comment-installer-son-abri-de-jardin\/\">Installer un abri de jardin<\/a>&nbsp;r\u00e9pond \u00e0 un besoin pr\u00e9cis, pour cela, il est important de d\u00e9terminer l\u2019<strong>usage<\/strong>&nbsp;que vous allez en faire&nbsp;<strong>avant de choisir le mod\u00e8le et la taille<\/strong>&nbsp;adapt\u00e9e \u00e0 vos besoins. Un abri de jardin peut avoir diff\u00e9rentes utilit\u00e9s : il peut simplement servir de&nbsp;<strong>rangement<\/strong>, de&nbsp;<strong>lieu de stockage<\/strong>&nbsp;ou servir de&nbsp;<strong>pi\u00e8ce pour bricoler ou jardiner<\/strong>&nbsp;tranquillement, de&nbsp;<strong><a href=\"https:\/\/www.sweeek.fr\/barbecues-chauffages\/cuisine-exterieure\">cuisine d\u2019\u00e9t\u00e9<\/a><\/strong>&nbsp;ou encore&nbsp;<strong>se transformer en pi\u00e8ce de vie utilisable<\/strong>&nbsp;en toute saison. L\u2019usage choisi va d\u00e9terminer la superficie de du chalet, les mat\u00e9riaux \u00e0 privil\u00e9gier et le besoin ou non en \u00e9quipements suppl\u00e9mentaires ainsi que la configuration.<\/p>\n\n\n\n<h3 class=\"wp-block-heading\">Quelle superficie choisir pour votre abri de jardin ?<\/h3>\n\n\n\n<p>Une fois que vous avez d\u00e9termin\u00e9 l\u2019usage de votre futur abri de jardin, il est important de&nbsp;<a href=\"https:\/\/www.sweeek.fr\/blog\/quelle-superficie-pour-un-abri-de-jardin\/\">choisir la bonne superficie<\/a>&nbsp;en fonction de la place que vous disposez sur votre terrain. Voici les 3 dimensions importantes \u00e0 prendre en compte lors de votre achat :<\/p>\n\n\n\n<ul class=\"wp-block-list\"><li><strong>La surface int\u00e9rieure<\/strong>\u00a0: d\u00e9signe la surface r\u00e9ellement utilisable \u00e0 l\u2019int\u00e9rieur de votre abri.<\/li><li><strong>La surface ext\u00e9rieure<\/strong>\u00a0: repr\u00e9sente les dimensions ext\u00e9rieures de l\u2019abri sans les d\u00e9bords du toit.<\/li><li><strong>La surface hors-tout<\/strong>\u00a0: indique la surface totale occup\u00e9e par le futur abri de jardin sur votre terrain. Pour la calculer, il faut inclure les d\u00e9bords de toit et le fa\u00eetage qui est la partie la plus haute de la structure.<\/li><\/ul>\n\n\n\n<p>Pour d\u00e9finir la superficie id\u00e9ale, nous vous conseillons de lister le mat\u00e9riel que vous souhaitez stocker \u00e0 l\u2019int\u00e9rieur ou les am\u00e9nagements que vous imaginez pour y faire une pi\u00e8ce de vie ou une pi\u00e8ce de bricolage par exemple. Les abris de&nbsp;<strong>moins 7m2<\/strong>&nbsp;seront recommand\u00e9s pour y&nbsp;<strong>stocker du petit mat\u00e9riel<\/strong>. En revanche, pour y&nbsp;<strong>faire une pi\u00e8ce de vie<\/strong>, privil\u00e9giez une cabane de&nbsp;<strong>plus de 15m2<\/strong>.<\/p>\n\n\n\n<h3 class=\"wp-block-heading\">Quelle forme faut-il pour un abri de jardin ?<\/h3>\n\n\n\n<p>Votre&nbsp;<strong>chalet<\/strong>&nbsp;va participer pleinement \u00e0 l\u2019ambiance de votre jardin, il est donc indispensable de r\u00e9fl\u00e9chir sur la forme id\u00e9ale. Ainsi, la&nbsp;<strong>forme<\/strong>&nbsp;g\u00e9n\u00e9rale, la&nbsp;<strong><a href=\"https:\/\/www.sweeek.fr\/blog\/quelle-toiture-pour-un-abri-de-jardin\/\">toiture<\/a><\/strong>&nbsp;plate ou non, la&nbsp;<strong>porte<\/strong>&nbsp;simple ou double, la pr\u00e9sence de&nbsp;<strong>fen\u00eatres<\/strong>&nbsp;ou non vous permettront d\u2019affiner votre choix. Les mod\u00e8les d&rsquo;abris varient \u00e9galement en fonction des accessoires. <\/p>\n\n\n\n<p>Longtemps d\u00e9crit comme \u00ab inesth\u00e9tique \u00bb, l\u2019abri de jardin fait aujourd\u2019hui partie de la&nbsp;<strong>d\u00e9coration ext\u00e9rieure<\/strong>, il n\u2019est donc plus question de le cacher au fond du jardin derri\u00e8re de la v\u00e9g\u00e9tation mais plut\u00f4t de le mettre en avant. C\u2019est pour cela que la forme de votre futur abri de jardin joue un r\u00f4le important dans votre choix final.<\/p>\n\n\n\n<h3 class=\"wp-block-heading\">Quels mat\u00e9riaux choisir pour votre abri de jardin ?<\/h3>\n\n\n\n<p>Lors de votre achat d\u2019abri de jardin, vous allez devoir choisir le type de&nbsp;<strong>mat\u00e9riau<\/strong>&nbsp;:&nbsp;<strong>bois, m\u00e9tal ou r\u00e9sine<\/strong>. Il est important de le choisir<strong>&nbsp;en fonction de votre r\u00e9gion<\/strong>&nbsp;et votre terrain. Le choix du mat\u00e9riau est \u00e9galement important en fonction de l&rsquo;<a href=\"https:\/\/www.sweeek.fr\/blog\/comment-entretenir-un-abri-de-jardin\/\" target=\"_blank\" rel=\"noreferrer noopener\">entretien<\/a>&nbsp;qu&rsquo;il vous demandera.<\/p>\n\n\n\n<p>Les\u00a0<strong><a href=\"https:\/\/www.sweeek.fr\/rangement-jardin\/abri-jardin\/filter\/matiere-1-1\/metal\">abris de jardin en m\u00e9tal<\/a><\/strong>\u00a0sont souvent choisis pour du stockage ou du rangement. Peu esth\u00e9tiques mais tr\u00e8s\u00a0<strong>faciles \u00e0 monter<\/strong>, les abris en m\u00e9tal seront un\u00a0<strong>choix judicieux<\/strong>\u00a0en ce qui concerne l\u2019<strong>entretien<\/strong>. Un abri de jardin en m\u00e9tal est en g\u00e9n\u00e9ral \u00e0 un prix plus accessible que les abris de jardin en bois. Il convient tout de m\u00eame de lui\u00a0<strong>appliquer un produit anti-rouille<\/strong>\u00a0ou une\u00a0<strong>peinture fer<\/strong>\u00a0pour lui assurer une dur\u00e9e de vie optimale. En ce qui concerne les finitions, l\u2019acier est galvanis\u00e9 puis laqu\u00e9 pour un meilleur rendu. Les abris en m\u00e9tal sont devenus plus tendances qu&rsquo;auparavant gr\u00e2ce \u00e0 un design plus contemporain.<\/p>\n\n\n\n<p>L\u2019<strong><a href=\"https:\/\/www.sweeek.fr\/rangement-jardin\/abri-jardin\/filter\/matiere-1-1\/bois-1\">abri de jardin en bois<\/a><\/strong>\u00a0est le plus populaire pour son\u00a0<strong>c\u00f4t\u00e9 nature et chaleureux<\/strong>, son esth\u00e9tisme est grandement appr\u00e9ci\u00e9 dans un jardin. G\u00e9n\u00e9ralement en bois de sapin, son prix est g\u00e9n\u00e9ralement plus \u00e9lev\u00e9 qu&rsquo;un abri en r\u00e9sine ou en m\u00e9tal. Les abris en bois massif sont facilement am\u00e9nageables et habitables car ils poss\u00e8dent d\u2019<strong>excellentes propri\u00e9t\u00e9s isolantes<\/strong>. La diversit\u00e9 du choix des mod\u00e8les en bois est tr\u00e8s importante, ce qui permet d\u2019avoir tous les styles. Son inconv\u00e9nient majeur est qu\u2019il\u00a0<strong>requiert un entretien<\/strong>\u00a0plus ou moins fr\u00e9quent. Optez plut\u00f4t pour un\u00a0<strong>abri de jardin en bois autoclave<\/strong>\u00a0qui est imputrescible et r\u00e9sistant aux insectes.<\/p>\n\n\n\n<p>Enfin, l\u2019<strong><a href=\"https:\/\/www.sweeek.fr\/rangement-jardin\/abri-jardin\/filter\/matiere-1-1\/resine-plastique\">abri de jardin en r\u00e9sine ou en PVC<\/a><\/strong>\u00a0permet d\u2019allier esth\u00e9tisme et\u00a0<strong>facilit\u00e9 d\u2019entretien<\/strong>. N\u00e9anmoins, il est important de\u00a0<strong>choisir un mod\u00e8le qualitatif qui r\u00e9sistera aux UV<\/strong>\u00a0et aux changements de temp\u00e9rature. Sur ce type de mod\u00e8le, vous allez b\u00e9n\u00e9ficier d\u2019un large choix de couleurs et de design. Ce type de mat\u00e9riau est tr\u00e8s appr\u00e9ci\u00e9 pour son entretien tr\u00e8s simplifi\u00e9 et sa\u00a0<strong>r\u00e9sistance \u00e0 l\u2019humidit\u00e9<\/strong>. En effet, il suffit de l\u2019arroser au jet d\u2019eau pour se d\u00e9barrasser des salet\u00e9s encrass\u00e9es.<\/p>\n\n\n\n<div class=\"wp-block-group alignwide has-white-color has-text-color has-background\" style=\"background-color:#f2f2f2\"><div class=\"wp-block-group__inner-container is-layout-flow wp-block-group-is-layout-flow\">\n<h2 class=\"alignfull has-text-align-center has-black-color has-text-color wp-block-heading\" style=\"font-size:30px;font-style:normal;font-weight:400\">La s\u00e9lection de sweeek<\/h2>\n\n\n\n<div style=\"height:21px\" aria-hidden=\"true\" class=\"wp-block-spacer\"><\/div>\n\n\n\n<div class=\"wp-block-columns is-layout-flex wp-container-core-columns-is-layout-9d6595d7 wp-block-columns-is-layout-flex\">\n<div class=\"wp-block-column is-layout-flow wp-block-column-is-layout-flow\"><div class=\"wp-block-image\">\n<figure class=\"aligncenter size-large\"><img decoding=\"async\" width=\"1024\" height=\"1024\" src=\"https:\/\/www.sweeek.fr\/blog\/wp-content\/uploads\/2022\/06\/msw291gy-441c6d78ffd56a43f187394f1a45231b-1024x1024.webp\" alt=\"\" class=\"wp-image-22535\" srcset=\"https:\/\/www.sweeek.fr\/blog\/wp-content\/uploads\/2022\/06\/msw291gy-441c6d78ffd56a43f187394f1a45231b-1024x1024.webp 1024w, https:\/\/www.sweeek.fr\/blog\/wp-content\/uploads\/2022\/06\/msw291gy-441c6d78ffd56a43f187394f1a45231b-300x300.webp 300w, https:\/\/www.sweeek.fr\/blog\/wp-content\/uploads\/2022\/06\/msw291gy-441c6d78ffd56a43f187394f1a45231b-150x150.webp 150w, https:\/\/www.sweeek.fr\/blog\/wp-content\/uploads\/2022\/06\/msw291gy-441c6d78ffd56a43f187394f1a45231b-768x768.webp 768w, https:\/\/www.sweeek.fr\/blog\/wp-content\/uploads\/2022\/06\/msw291gy-441c6d78ffd56a43f187394f1a45231b-600x600.webp 600w, https:\/\/www.sweeek.fr\/blog\/wp-content\/uploads\/2022\/06\/msw291gy-441c6d78ffd56a43f187394f1a45231b.webp 1500w\" sizes=\"(max-width: 1024px) 100vw, 1024px\" \/><\/figure>\n<\/div>\n\n\n<h3 class=\"has-text-align-center has-black-color has-text-color wp-block-heading\" style=\"font-style:normal;font-weight:400\"><a href=\"https:\/\/www.sweeek.fr\/product\/abri-de-jardin-acier-galvanise-2-91m-kit-d-ancrage-anthracite\">Abri de jardin en acier galvanis\u00e9 2,91m\u00b2 &#8211; Bray<\/a><\/h3>\n\n\n\n<div style=\"height:15px\" aria-hidden=\"true\" class=\"wp-block-spacer\"><\/div>\n<\/div>\n\n\n\n<div class=\"wp-block-column is-layout-flow wp-block-column-is-layout-flow\"><div class=\"wp-block-image\">\n<figure class=\"aligncenter size-large\"><img decoding=\"async\" width=\"1024\" height=\"1024\" src=\"https:\/\/www.sweeek.fr\/blog\/wp-content\/uploads\/2022\/06\/MS1085GY_01-1024x1024.webp\" alt=\"\" class=\"wp-image-22536\" srcset=\"https:\/\/www.sweeek.fr\/blog\/wp-content\/uploads\/2022\/06\/MS1085GY_01-1024x1024.webp 1024w, https:\/\/www.sweeek.fr\/blog\/wp-content\/uploads\/2022\/06\/MS1085GY_01-300x300.webp 300w, https:\/\/www.sweeek.fr\/blog\/wp-content\/uploads\/2022\/06\/MS1085GY_01-150x150.webp 150w, https:\/\/www.sweeek.fr\/blog\/wp-content\/uploads\/2022\/06\/MS1085GY_01-768x768.webp 768w, https:\/\/www.sweeek.fr\/blog\/wp-content\/uploads\/2022\/06\/MS1085GY_01-600x600.webp 600w, https:\/\/www.sweeek.fr\/blog\/wp-content\/uploads\/2022\/06\/MS1085GY_01.webp 1500w\" sizes=\"(max-width: 1024px) 100vw, 1024px\" \/><\/figure>\n<\/div>\n\n\n<h3 class=\"has-text-align-center wp-block-heading\" style=\"font-style:normal;font-weight:400\"><a href=\"https:\/\/www.sweeek.fr\/product\/abri-de-jardin-metal-10-85m\">Abri de jardin en m\u00e9tal 10,85m\u00b2 &#8211; Boulonnais<\/a><\/h3>\n\n\n\n<div style=\"height:15px\" aria-hidden=\"true\" class=\"wp-block-spacer\"><\/div>\n<\/div>\n\n\n\n<div class=\"wp-block-column is-layout-flow wp-block-column-is-layout-flow\"><div class=\"wp-block-image\">\n<figure class=\"aligncenter size-large\"><img loading=\"lazy\" decoding=\"async\" width=\"1024\" height=\"1024\" src=\"https:\/\/www.sweeek.fr\/blog\/wp-content\/uploads\/2022\/06\/ms884gy-ea936110a3dc23bb38ce5cc1f6b218d7-1-1024x1024.webp\" alt=\"\" class=\"wp-image-22537\" srcset=\"https:\/\/www.sweeek.fr\/blog\/wp-content\/uploads\/2022\/06\/ms884gy-ea936110a3dc23bb38ce5cc1f6b218d7-1-1024x1024.webp 1024w, https:\/\/www.sweeek.fr\/blog\/wp-content\/uploads\/2022\/06\/ms884gy-ea936110a3dc23bb38ce5cc1f6b218d7-1-300x300.webp 300w, https:\/\/www.sweeek.fr\/blog\/wp-content\/uploads\/2022\/06\/ms884gy-ea936110a3dc23bb38ce5cc1f6b218d7-1-150x150.webp 150w, https:\/\/www.sweeek.fr\/blog\/wp-content\/uploads\/2022\/06\/ms884gy-ea936110a3dc23bb38ce5cc1f6b218d7-1-768x768.webp 768w, https:\/\/www.sweeek.fr\/blog\/wp-content\/uploads\/2022\/06\/ms884gy-ea936110a3dc23bb38ce5cc1f6b218d7-1-600x600.webp 600w, https:\/\/www.sweeek.fr\/blog\/wp-content\/uploads\/2022\/06\/ms884gy-ea936110a3dc23bb38ce5cc1f6b218d7-1.webp 1500w\" sizes=\"(max-width: 1024px) 100vw, 1024px\" \/><\/figure>\n<\/div>\n\n\n<h3 class=\"has-text-align-center has-black-color has-text-color wp-block-heading\" style=\"font-style:normal;font-weight:400\"><a href=\"https:\/\/www.sweeek.fr\/product\/abri-jardin-metal-flandre-8-84m-gris-anthracite-deux-grandes-portes-coulissantes-kit-fixation-sol-inclus\">Abri de jardin m\u00e9tal 8,95m\u00b2 &#8211; Flandre<\/a><\/h3>\n\n\n\n<div style=\"height:15px\" aria-hidden=\"true\" class=\"wp-block-spacer\"><\/div>\n<\/div>\n<\/div>\n<\/div><\/div>\n","protected":false},"excerpt":{"rendered":"<p>Un garage trop rempli, une maison pleine et bien trop d\u2019affaires ! Vous en avez assez de ne pas pouvoir&nbsp;ranger vos outils de jardinage, vos&nbsp;v\u00e9los&nbsp;et vos&nbsp;chaises de jardin&nbsp;\u00e0 l\u2019arriv\u00e9e de l\u2019hiver ? Il est temps de vous pencher davantage sur l\u2019int\u00e9r\u00eat d\u2019installer un abri de jardin. Et oui, vous n\u2019y avez peut-\u00eatre pas pens\u00e9, on [&hellip;]<\/p>\n","protected":false},"author":4,"featured_media":19734,"comment_status":"open","ping_status":"closed","sticky":false,"template":"","format":"standard","meta":{"inline_featured_image":false,"_uag_custom_page_level_css":"","ocean_post_layout":"","ocean_both_sidebars_style":"","ocean_both_sidebars_content_width":0,"ocean_both_sidebars_sidebars_width":0,"ocean_sidebar":"0","ocean_second_sidebar":"0","ocean_disable_margins":"enable","ocean_add_body_class":"","ocean_shortcode_before_top_bar":"","ocean_shortcode_after_top_bar":"","ocean_shortcode_before_header":"","ocean_shortcode_after_header":"","ocean_has_shortcode":"","ocean_shortcode_after_title":"","ocean_shortcode_before_footer_widgets":"","ocean_shortcode_after_footer_widgets":"","ocean_shortcode_before_footer_bottom":"","ocean_shortcode_after_footer_bottom":"","ocean_display_top_bar":"default","ocean_display_header":"default","ocean_header_style":"","ocean_center_header_left_menu":"0","ocean_custom_header_template":"0","ocean_custom_logo":0,"ocean_custom_retina_logo":0,"ocean_custom_logo_max_width":0,"ocean_custom_logo_tablet_max_width":0,"ocean_custom_logo_mobile_max_width":0,"ocean_custom_logo_max_height":0,"ocean_custom_logo_tablet_max_height":0,"ocean_custom_logo_mobile_max_height":0,"ocean_header_custom_menu":"0","ocean_menu_typo_font_family":"0","ocean_menu_typo_font_subset":"","ocean_menu_typo_font_size":0,"ocean_menu_typo_font_size_tablet":0,"ocean_menu_typo_font_size_mobile":0,"ocean_menu_typo_font_size_unit":"px","ocean_menu_typo_font_weight":"","ocean_menu_typo_font_weight_tablet":"","ocean_menu_typo_font_weight_mobile":"","ocean_menu_typo_transform":"","ocean_menu_typo_transform_tablet":"","ocean_menu_typo_transform_mobile":"","ocean_menu_typo_line_height":0,"ocean_menu_typo_line_height_tablet":0,"ocean_menu_typo_line_height_mobile":0,"ocean_menu_typo_line_height_unit":"","ocean_menu_typo_spacing":0,"ocean_menu_typo_spacing_tablet":0,"ocean_menu_typo_spacing_mobile":0,"ocean_menu_typo_spacing_unit":"","ocean_menu_link_color":"","ocean_menu_link_color_hover":"","ocean_menu_link_color_active":"","ocean_menu_link_background":"","ocean_menu_link_hover_background":"","ocean_menu_link_active_background":"","ocean_menu_social_links_bg":"","ocean_menu_social_hover_links_bg":"","ocean_menu_social_links_color":"","ocean_menu_social_hover_links_color":"","ocean_disable_title":"default","ocean_disable_heading":"default","ocean_post_title":"","ocean_post_subheading":"","ocean_post_title_style":"","ocean_post_title_background_color":"","ocean_post_title_background":0,"ocean_post_title_bg_image_position":"","ocean_post_title_bg_image_attachment":"","ocean_post_title_bg_image_repeat":"","ocean_post_title_bg_image_size":"","ocean_post_title_height":0,"ocean_post_title_bg_overlay":0.5,"ocean_post_title_bg_overlay_color":"","ocean_disable_breadcrumbs":"default","ocean_breadcrumbs_color":"","ocean_breadcrumbs_separator_color":"","ocean_breadcrumbs_links_color":"","ocean_breadcrumbs_links_hover_color":"","ocean_display_footer_widgets":"default","ocean_display_footer_bottom":"default","ocean_custom_footer_template":"0","ocean_post_oembed":"","ocean_post_self_hosted_media":"","ocean_post_video_embed":"","ocean_link_format":"","ocean_link_format_target":"self","ocean_quote_format":"","ocean_quote_format_link":"post","ocean_gallery_link_images":"off","ocean_gallery_id":[],"footnotes":""},"categories":[141],"tags":[],"class_list":["post-8130","post","type-post","status-publish","format-standard","has-post-thumbnail","hentry","category-abri-jardin","entry","has-media"],"yoast_head":"<!-- This site is optimized with the Yoast SEO plugin v27.5 - https:\/\/yoast.com\/product\/yoast-seo-wordpress\/ -->\n<title>Comment choisir un abri de jardin ? &#8211; Les Conseils sweeek<\/title>\n<meta name=\"description\" content=\"D\u00e9couvrez comment choisir un abri de jardin gr\u00e2ce aux conseils de sweeek. Usage, superficie, forme, ils n&#039;auront plus de secrets pour vous!\" \/>\n<meta name=\"robots\" content=\"index, follow, max-snippet:-1, max-image-preview:large, max-video-preview:-1\" \/>\n<link rel=\"canonical\" href=\"https:\/\/www.sweeek.fr\/blog\/comment-choisir-un-abri-de-jardin\/\" \/>\n<meta property=\"og:locale\" content=\"fr_FR\" \/>\n<meta property=\"og:type\" content=\"article\" \/>\n<meta property=\"og:title\" content=\"Comment choisir un abri de jardin ? &#8211; Les Conseils sweeek\" \/>\n<meta property=\"og:description\" content=\"D\u00e9couvrez comment choisir un abri de jardin gr\u00e2ce aux conseils de sweeek. Usage, superficie, forme, ils n&#039;auront plus de secrets pour vous!\" \/>\n<meta property=\"og:url\" content=\"https:\/\/www.sweeek.fr\/blog\/comment-choisir-un-abri-de-jardin\/\" \/>\n<meta property=\"og:site_name\" content=\"Les Conseils sweeek\" \/>\n<meta property=\"article:published_time\" content=\"2022-06-02T15:29:00+00:00\" \/>\n<meta property=\"article:modified_time\" content=\"2025-02-24T15:37:44+00:00\" \/>\n<meta property=\"og:image\" content=\"https:\/\/www.sweeek.fr\/blog\/wp-content\/uploads\/2022\/06\/choisir-un-abri-de-jardin.jpg\" \/>\n\t<meta property=\"og:image:width\" content=\"1024\" \/>\n\t<meta property=\"og:image:height\" content=\"682\" \/>\n\t<meta property=\"og:image:type\" content=\"image\/jpeg\" \/>\n<meta name=\"author\" content=\"Am\u00e9lie Capon\" \/>\n<meta name=\"twitter:card\" content=\"summary_large_image\" \/>\n<meta name=\"twitter:label1\" content=\"\u00c9crit par\" \/>\n\t<meta name=\"twitter:data1\" content=\"Am\u00e9lie Capon\" \/>\n\t<meta name=\"twitter:label2\" content=\"Dur\u00e9e de lecture estim\u00e9e\" \/>\n\t<meta name=\"twitter:data2\" content=\"6 minutes\" \/>\n<script type=\"application\/ld+json\" class=\"yoast-schema-graph\">{\"@context\":\"https:\\\/\\\/schema.org\",\"@graph\":[{\"@type\":\"Article\",\"@id\":\"https:\\\/\\\/www.sweeek.fr\\\/blog\\\/comment-choisir-un-abri-de-jardin\\\/#article\",\"isPartOf\":{\"@id\":\"https:\\\/\\\/www.sweeek.fr\\\/blog\\\/comment-choisir-un-abri-de-jardin\\\/\"},\"author\":{\"name\":\"Am\u00e9lie Capon\",\"@id\":\"https:\\\/\\\/www.sweeek.fr\\\/blog\\\/#\\\/schema\\\/person\\\/e97ba3e4a84bda73fe86070619e7640b\"},\"headline\":\"Comment choisir un abri de jardin ?\",\"datePublished\":\"2022-06-02T15:29:00+00:00\",\"dateModified\":\"2025-02-24T15:37:44+00:00\",\"mainEntityOfPage\":{\"@id\":\"https:\\\/\\\/www.sweeek.fr\\\/blog\\\/comment-choisir-un-abri-de-jardin\\\/\"},\"wordCount\":1134,\"commentCount\":0,\"publisher\":{\"@id\":\"https:\\\/\\\/www.sweeek.fr\\\/blog\\\/#organization\"},\"image\":{\"@id\":\"https:\\\/\\\/www.sweeek.fr\\\/blog\\\/comment-choisir-un-abri-de-jardin\\\/#primaryimage\"},\"thumbnailUrl\":\"https:\\\/\\\/www.sweeek.fr\\\/blog\\\/wp-content\\\/uploads\\\/2022\\\/06\\\/choisir-un-abri-de-jardin.jpg\",\"articleSection\":[\"Abri de jardin\"],\"inLanguage\":\"fr-FR\",\"potentialAction\":[{\"@type\":\"CommentAction\",\"name\":\"Comment\",\"target\":[\"https:\\\/\\\/www.sweeek.fr\\\/blog\\\/comment-choisir-un-abri-de-jardin\\\/#respond\"]}]},{\"@type\":\"WebPage\",\"@id\":\"https:\\\/\\\/www.sweeek.fr\\\/blog\\\/comment-choisir-un-abri-de-jardin\\\/\",\"url\":\"https:\\\/\\\/www.sweeek.fr\\\/blog\\\/comment-choisir-un-abri-de-jardin\\\/\",\"name\":\"Comment choisir un abri de jardin ? &#8211; Les Conseils sweeek\",\"isPartOf\":{\"@id\":\"https:\\\/\\\/www.sweeek.fr\\\/blog\\\/#website\"},\"primaryImageOfPage\":{\"@id\":\"https:\\\/\\\/www.sweeek.fr\\\/blog\\\/comment-choisir-un-abri-de-jardin\\\/#primaryimage\"},\"image\":{\"@id\":\"https:\\\/\\\/www.sweeek.fr\\\/blog\\\/comment-choisir-un-abri-de-jardin\\\/#primaryimage\"},\"thumbnailUrl\":\"https:\\\/\\\/www.sweeek.fr\\\/blog\\\/wp-content\\\/uploads\\\/2022\\\/06\\\/choisir-un-abri-de-jardin.jpg\",\"datePublished\":\"2022-06-02T15:29:00+00:00\",\"dateModified\":\"2025-02-24T15:37:44+00:00\",\"description\":\"D\u00e9couvrez comment choisir un abri de jardin gr\u00e2ce aux conseils de sweeek. Usage, superficie, forme, ils n'auront plus de secrets pour vous!\",\"breadcrumb\":{\"@id\":\"https:\\\/\\\/www.sweeek.fr\\\/blog\\\/comment-choisir-un-abri-de-jardin\\\/#breadcrumb\"},\"inLanguage\":\"fr-FR\",\"potentialAction\":[{\"@type\":\"ReadAction\",\"target\":[\"https:\\\/\\\/www.sweeek.fr\\\/blog\\\/comment-choisir-un-abri-de-jardin\\\/\"]}]},{\"@type\":\"ImageObject\",\"inLanguage\":\"fr-FR\",\"@id\":\"https:\\\/\\\/www.sweeek.fr\\\/blog\\\/comment-choisir-un-abri-de-jardin\\\/#primaryimage\",\"url\":\"https:\\\/\\\/www.sweeek.fr\\\/blog\\\/wp-content\\\/uploads\\\/2022\\\/06\\\/choisir-un-abri-de-jardin.jpg\",\"contentUrl\":\"https:\\\/\\\/www.sweeek.fr\\\/blog\\\/wp-content\\\/uploads\\\/2022\\\/06\\\/choisir-un-abri-de-jardin.jpg\",\"width\":1024,\"height\":682,\"caption\":\"abri de jardin metal\"},{\"@type\":\"BreadcrumbList\",\"@id\":\"https:\\\/\\\/www.sweeek.fr\\\/blog\\\/comment-choisir-un-abri-de-jardin\\\/#breadcrumb\",\"itemListElement\":[{\"@type\":\"ListItem\",\"position\":1,\"name\":\"Accueil\",\"item\":\"https:\\\/\\\/www.sweeek.fr\\\/blog\\\/\"},{\"@type\":\"ListItem\",\"position\":2,\"name\":\"Comment choisir un abri de jardin ?\"}]},{\"@type\":\"WebSite\",\"@id\":\"https:\\\/\\\/www.sweeek.fr\\\/blog\\\/#website\",\"url\":\"https:\\\/\\\/www.sweeek.fr\\\/blog\\\/\",\"name\":\"Les Conseils sweeek\",\"description\":\"Conseils et inspirations\",\"publisher\":{\"@id\":\"https:\\\/\\\/www.sweeek.fr\\\/blog\\\/#organization\"},\"potentialAction\":[{\"@type\":\"SearchAction\",\"target\":{\"@type\":\"EntryPoint\",\"urlTemplate\":\"https:\\\/\\\/www.sweeek.fr\\\/blog\\\/?s={search_term_string}\"},\"query-input\":{\"@type\":\"PropertyValueSpecification\",\"valueRequired\":true,\"valueName\":\"search_term_string\"}}],\"inLanguage\":\"fr-FR\"},{\"@type\":\"Organization\",\"@id\":\"https:\\\/\\\/www.sweeek.fr\\\/blog\\\/#organization\",\"name\":\"sweeek\",\"url\":\"https:\\\/\\\/www.sweeek.fr\\\/blog\\\/\",\"logo\":{\"@type\":\"ImageObject\",\"inLanguage\":\"fr-FR\",\"@id\":\"https:\\\/\\\/www.sweeek.fr\\\/blog\\\/#\\\/schema\\\/logo\\\/image\\\/\",\"url\":\"https:\\\/\\\/www.sweeek.fr\\\/blog\\\/wp-content\\\/uploads\\\/2023\\\/10\\\/blog-sweeek-logo2.png\",\"contentUrl\":\"https:\\\/\\\/www.sweeek.fr\\\/blog\\\/wp-content\\\/uploads\\\/2023\\\/10\\\/blog-sweeek-logo2.png\",\"width\":328,\"height\":90,\"caption\":\"sweeek\"},\"image\":{\"@id\":\"https:\\\/\\\/www.sweeek.fr\\\/blog\\\/#\\\/schema\\\/logo\\\/image\\\/\"}},{\"@type\":\"Person\",\"@id\":\"https:\\\/\\\/www.sweeek.fr\\\/blog\\\/#\\\/schema\\\/person\\\/e97ba3e4a84bda73fe86070619e7640b\",\"name\":\"Am\u00e9lie Capon\",\"image\":{\"@type\":\"ImageObject\",\"inLanguage\":\"fr-FR\",\"@id\":\"https:\\\/\\\/secure.gravatar.com\\\/avatar\\\/042e4b25b2641d47117ebfaf786a00f66fd827d54a130982af74eb1f062ce832?s=96&d=mm&r=g\",\"url\":\"https:\\\/\\\/secure.gravatar.com\\\/avatar\\\/042e4b25b2641d47117ebfaf786a00f66fd827d54a130982af74eb1f062ce832?s=96&d=mm&r=g\",\"contentUrl\":\"https:\\\/\\\/secure.gravatar.com\\\/avatar\\\/042e4b25b2641d47117ebfaf786a00f66fd827d54a130982af74eb1f062ce832?s=96&d=mm&r=g\",\"caption\":\"Am\u00e9lie Capon\"}}]}<\/script>\n<!-- \/ Yoast SEO plugin. -->","yoast_head_json":{"title":"Comment choisir un abri de jardin ? &#8211; Les Conseils sweeek","description":"D\u00e9couvrez comment choisir un abri de jardin gr\u00e2ce aux conseils de sweeek. Usage, superficie, forme, ils n'auront plus de secrets pour vous!","robots":{"index":"index","follow":"follow","max-snippet":"max-snippet:-1","max-image-preview":"max-image-preview:large","max-video-preview":"max-video-preview:-1"},"canonical":"https:\/\/www.sweeek.fr\/blog\/comment-choisir-un-abri-de-jardin\/","og_locale":"fr_FR","og_type":"article","og_title":"Comment choisir un abri de jardin ? &#8211; Les Conseils sweeek","og_description":"D\u00e9couvrez comment choisir un abri de jardin gr\u00e2ce aux conseils de sweeek. Usage, superficie, forme, ils n'auront plus de secrets pour vous!","og_url":"https:\/\/www.sweeek.fr\/blog\/comment-choisir-un-abri-de-jardin\/","og_site_name":"Les Conseils sweeek","article_published_time":"2022-06-02T15:29:00+00:00","article_modified_time":"2025-02-24T15:37:44+00:00","og_image":[{"width":1024,"height":682,"url":"https:\/\/www.sweeek.fr\/blog\/wp-content\/uploads\/2022\/06\/choisir-un-abri-de-jardin.jpg","type":"image\/jpeg"}],"author":"Am\u00e9lie Capon","twitter_card":"summary_large_image","twitter_misc":{"\u00c9crit par":"Am\u00e9lie Capon","Dur\u00e9e de lecture estim\u00e9e":"6 minutes"},"schema":{"@context":"https:\/\/schema.org","@graph":[{"@type":"Article","@id":"https:\/\/www.sweeek.fr\/blog\/comment-choisir-un-abri-de-jardin\/#article","isPartOf":{"@id":"https:\/\/www.sweeek.fr\/blog\/comment-choisir-un-abri-de-jardin\/"},"author":{"name":"Am\u00e9lie Capon","@id":"https:\/\/www.sweeek.fr\/blog\/#\/schema\/person\/e97ba3e4a84bda73fe86070619e7640b"},"headline":"Comment choisir un abri de jardin ?","datePublished":"2022-06-02T15:29:00+00:00","dateModified":"2025-02-24T15:37:44+00:00","mainEntityOfPage":{"@id":"https:\/\/www.sweeek.fr\/blog\/comment-choisir-un-abri-de-jardin\/"},"wordCount":1134,"commentCount":0,"publisher":{"@id":"https:\/\/www.sweeek.fr\/blog\/#organization"},"image":{"@id":"https:\/\/www.sweeek.fr\/blog\/comment-choisir-un-abri-de-jardin\/#primaryimage"},"thumbnailUrl":"https:\/\/www.sweeek.fr\/blog\/wp-content\/uploads\/2022\/06\/choisir-un-abri-de-jardin.jpg","articleSection":["Abri de jardin"],"inLanguage":"fr-FR","potentialAction":[{"@type":"CommentAction","name":"Comment","target":["https:\/\/www.sweeek.fr\/blog\/comment-choisir-un-abri-de-jardin\/#respond"]}]},{"@type":"WebPage","@id":"https:\/\/www.sweeek.fr\/blog\/comment-choisir-un-abri-de-jardin\/","url":"https:\/\/www.sweeek.fr\/blog\/comment-choisir-un-abri-de-jardin\/","name":"Comment choisir un abri de jardin ? &#8211; Les Conseils sweeek","isPartOf":{"@id":"https:\/\/www.sweeek.fr\/blog\/#website"},"primaryImageOfPage":{"@id":"https:\/\/www.sweeek.fr\/blog\/comment-choisir-un-abri-de-jardin\/#primaryimage"},"image":{"@id":"https:\/\/www.sweeek.fr\/blog\/comment-choisir-un-abri-de-jardin\/#primaryimage"},"thumbnailUrl":"https:\/\/www.sweeek.fr\/blog\/wp-content\/uploads\/2022\/06\/choisir-un-abri-de-jardin.jpg","datePublished":"2022-06-02T15:29:00+00:00","dateModified":"2025-02-24T15:37:44+00:00","description":"D\u00e9couvrez comment choisir un abri de jardin gr\u00e2ce aux conseils de sweeek. Usage, superficie, forme, ils n'auront plus de secrets pour vous!","breadcrumb":{"@id":"https:\/\/www.sweeek.fr\/blog\/comment-choisir-un-abri-de-jardin\/#breadcrumb"},"inLanguage":"fr-FR","potentialAction":[{"@type":"ReadAction","target":["https:\/\/www.sweeek.fr\/blog\/comment-choisir-un-abri-de-jardin\/"]}]},{"@type":"ImageObject","inLanguage":"fr-FR","@id":"https:\/\/www.sweeek.fr\/blog\/comment-choisir-un-abri-de-jardin\/#primaryimage","url":"https:\/\/www.sweeek.fr\/blog\/wp-content\/uploads\/2022\/06\/choisir-un-abri-de-jardin.jpg","contentUrl":"https:\/\/www.sweeek.fr\/blog\/wp-content\/uploads\/2022\/06\/choisir-un-abri-de-jardin.jpg","width":1024,"height":682,"caption":"abri de jardin metal"},{"@type":"BreadcrumbList","@id":"https:\/\/www.sweeek.fr\/blog\/comment-choisir-un-abri-de-jardin\/#breadcrumb","itemListElement":[{"@type":"ListItem","position":1,"name":"Accueil","item":"https:\/\/www.sweeek.fr\/blog\/"},{"@type":"ListItem","position":2,"name":"Comment choisir un abri de jardin ?"}]},{"@type":"WebSite","@id":"https:\/\/www.sweeek.fr\/blog\/#website","url":"https:\/\/www.sweeek.fr\/blog\/","name":"Les Conseils sweeek","description":"Conseils et inspirations","publisher":{"@id":"https:\/\/www.sweeek.fr\/blog\/#organization"},"potentialAction":[{"@type":"SearchAction","target":{"@type":"EntryPoint","urlTemplate":"https:\/\/www.sweeek.fr\/blog\/?s={search_term_string}"},"query-input":{"@type":"PropertyValueSpecification","valueRequired":true,"valueName":"search_term_string"}}],"inLanguage":"fr-FR"},{"@type":"Organization","@id":"https:\/\/www.sweeek.fr\/blog\/#organization","name":"sweeek","url":"https:\/\/www.sweeek.fr\/blog\/","logo":{"@type":"ImageObject","inLanguage":"fr-FR","@id":"https:\/\/www.sweeek.fr\/blog\/#\/schema\/logo\/image\/","url":"https:\/\/www.sweeek.fr\/blog\/wp-content\/uploads\/2023\/10\/blog-sweeek-logo2.png","contentUrl":"https:\/\/www.sweeek.fr\/blog\/wp-content\/uploads\/2023\/10\/blog-sweeek-logo2.png","width":328,"height":90,"caption":"sweeek"},"image":{"@id":"https:\/\/www.sweeek.fr\/blog\/#\/schema\/logo\/image\/"}},{"@type":"Person","@id":"https:\/\/www.sweeek.fr\/blog\/#\/schema\/person\/e97ba3e4a84bda73fe86070619e7640b","name":"Am\u00e9lie Capon","image":{"@type":"ImageObject","inLanguage":"fr-FR","@id":"https:\/\/secure.gravatar.com\/avatar\/042e4b25b2641d47117ebfaf786a00f66fd827d54a130982af74eb1f062ce832?s=96&d=mm&r=g","url":"https:\/\/secure.gravatar.com\/avatar\/042e4b25b2641d47117ebfaf786a00f66fd827d54a130982af74eb1f062ce832?s=96&d=mm&r=g","contentUrl":"https:\/\/secure.gravatar.com\/avatar\/042e4b25b2641d47117ebfaf786a00f66fd827d54a130982af74eb1f062ce832?s=96&d=mm&r=g","caption":"Am\u00e9lie Capon"}}]}},"uagb_featured_image_src":{"full":["https:\/\/www.sweeek.fr\/blog\/wp-content\/uploads\/2022\/06\/choisir-un-abri-de-jardin.jpg",1024,682,false],"thumbnail":["https:\/\/www.sweeek.fr\/blog\/wp-content\/uploads\/2022\/06\/choisir-un-abri-de-jardin-150x150.jpg",150,150,true],"medium":["https:\/\/www.sweeek.fr\/blog\/wp-content\/uploads\/2022\/06\/choisir-un-abri-de-jardin-300x200.jpg",300,200,true],"medium_large":["https:\/\/www.sweeek.fr\/blog\/wp-content\/uploads\/2022\/06\/choisir-un-abri-de-jardin-768x512.jpg",768,512,true],"large":["https:\/\/www.sweeek.fr\/blog\/wp-content\/uploads\/2022\/06\/choisir-un-abri-de-jardin.jpg",1024,682,false],"1536x1536":["https:\/\/www.sweeek.fr\/blog\/wp-content\/uploads\/2022\/06\/choisir-un-abri-de-jardin.jpg",1024,682,false],"2048x2048":["https:\/\/www.sweeek.fr\/blog\/wp-content\/uploads\/2022\/06\/choisir-un-abri-de-jardin.jpg",1024,682,false],"ocean-thumb-m":["https:\/\/www.sweeek.fr\/blog\/wp-content\/uploads\/2022\/06\/choisir-un-abri-de-jardin-600x600.jpg",600,600,true],"ocean-thumb-ml":["https:\/\/www.sweeek.fr\/blog\/wp-content\/uploads\/2022\/06\/choisir-un-abri-de-jardin-800x450.jpg",800,450,true],"ocean-thumb-l":["https:\/\/www.sweeek.fr\/blog\/wp-content\/uploads\/2022\/06\/choisir-un-abri-de-jardin.jpg",1024,682,false]},"uagb_author_info":{"display_name":"Am\u00e9lie Capon","author_link":"https:\/\/www.sweeek.fr\/blog"},"uagb_comment_info":0,"uagb_excerpt":"Un garage trop rempli, une maison pleine et bien trop d\u2019affaires ! Vous en avez assez de ne pas pouvoir&nbsp;ranger vos outils de jardinage, vos&nbsp;v\u00e9los&nbsp;et vos&nbsp;chaises de jardin&nbsp;\u00e0 l\u2019arriv\u00e9e de l\u2019hiver ? Il est temps de vous pencher davantage sur l\u2019int\u00e9r\u00eat d\u2019installer un abri de jardin. Et oui, vous n\u2019y avez peut-\u00eatre pas pens\u00e9, on\u2026","_links":{"self":[{"href":"https:\/\/www.sweeek.fr\/blog\/wp-json\/wp\/v2\/posts\/8130","targetHints":{"allow":["GET"]}}],"collection":[{"href":"https:\/\/www.sweeek.fr\/blog\/wp-json\/wp\/v2\/posts"}],"about":[{"href":"https:\/\/www.sweeek.fr\/blog\/wp-json\/wp\/v2\/types\/post"}],"author":[{"embeddable":true,"href":"https:\/\/www.sweeek.fr\/blog\/wp-json\/wp\/v2\/users\/4"}],"replies":[{"embeddable":true,"href":"https:\/\/www.sweeek.fr\/blog\/wp-json\/wp\/v2\/comments?post=8130"}],"version-history":[{"count":21,"href":"https:\/\/www.sweeek.fr\/blog\/wp-json\/wp\/v2\/posts\/8130\/revisions"}],"predecessor-version":[{"id":21574,"href":"https:\/\/www.sweeek.fr\/blog\/wp-json\/wp\/v2\/posts\/8130\/revisions\/21574"}],"wp:featuredmedia":[{"embeddable":true,"href":"https:\/\/www.sweeek.fr\/blog\/wp-json\/wp\/v2\/media\/19734"}],"wp:attachment":[{"href":"https:\/\/www.sweeek.fr\/blog\/wp-json\/wp\/v2\/media?parent=8130"}],"wp:term":[{"taxonomy":"category","embeddable":true,"href":"https:\/\/www.sweeek.fr\/blog\/wp-json\/wp\/v2\/categories?post=8130"},{"taxonomy":"post_tag","embeddable":true,"href":"https:\/\/www.sweeek.fr\/blog\/wp-json\/wp\/v2\/tags?post=8130"}],"curies":[{"name":"wp","href":"https:\/\/api.w.org\/{rel}","templated":true}]}}