{"id":7031,"date":"2022-03-10T13:53:00","date_gmt":"2022-03-10T12:53:00","guid":{"rendered":"https:\/\/www.sweeek.fr\/blog\/?p=7031"},"modified":"2026-02-13T14:50:48","modified_gmt":"2026-02-13T13:50:48","slug":"choisir-salon-jardin-bois","status":"publish","type":"post","link":"https:\/\/www.sweeek.fr\/blog\/choisir-salon-jardin-bois\/","title":{"rendered":"Comment choisir un salon de jardin en bois ?"},"content":{"rendered":"\n<p>Quoi de mieux qu&rsquo;un beau&nbsp;salon de jardin&nbsp;en bois pour \u00e9gayer sa terrasse ? Ce mat\u00e9riau noble est chaleureux, durable et r\u00e9siste aux intemp\u00e9ries ! Le&nbsp;<strong>bois<\/strong>&nbsp;peut \u00eatre associ\u00e9 \u00e0 diff\u00e9rentes mati\u00e8res comme le rotin, le verre et n&rsquo;avoir que sa structure en bois avec pour essence le&nbsp;<strong>pin<\/strong>, l&rsquo;<strong>eucalyptus<\/strong>, l&rsquo;<strong>acacia<\/strong>, le&nbsp;<strong>bois exotique<\/strong>&nbsp;ou le&nbsp;<strong>teck<\/strong>. Et si le bois provient de&nbsp;<strong>for\u00eats \u00e9cologiques<\/strong>, il est \u00e9galement une option plus responsable que son homologue en plastique (PVC, r\u00e9sine ou r\u00e9sine tress\u00e9e par exemple) ou <a href=\"https:\/\/www.sweeek.fr\/blog\/comment-choisir-un-salon-de-jardin-en-metal\/\">m\u00e9tal<\/a> (aluminium, inox, acier inoxydable). Mais&nbsp;<strong>comment choisir son salon de jardin en bois<\/strong>&nbsp;? Pour faire le bon choix, un point tr\u00e8s important est le&nbsp;<strong>type de bois<\/strong>&nbsp;que vous choisissez car cela changera \u00e9norm\u00e9ment l\u2019effet rendu. Votre canap\u00e9, fauteuil, chaise, table n\u2019auront pas le m\u00eame style selon l\u2019essence choisie. Ainsi, ce mat\u00e9riau sera plus ou moins color\u00e9, solide ou r\u00e9sistant aux intemp\u00e9ries selon le type de bois choisi.<\/p>\n\n\n\n<figure class=\"wp-block-gallery has-nested-images columns-default is-cropped wp-block-gallery-1 is-layout-flex wp-block-gallery-is-layout-flex\">\n<figure class=\"wp-block-image size-full is-style-default\"><img fetchpriority=\"high\" decoding=\"async\" width=\"1430\" height=\"589\" data-id=\"7045\" src=\"https:\/\/www.sweeek.fr\/blog\/wp-content\/uploads\/2022\/02\/salon-bois-1.jpg\" alt=\"Salon de jardin en bois rouge sweeek\" class=\"wp-image-7045\" srcset=\"https:\/\/www.sweeek.fr\/blog\/wp-content\/uploads\/2022\/02\/salon-bois-1.jpg 1430w, https:\/\/www.sweeek.fr\/blog\/wp-content\/uploads\/2022\/02\/salon-bois-1-300x124.jpg 300w, https:\/\/www.sweeek.fr\/blog\/wp-content\/uploads\/2022\/02\/salon-bois-1-1024x422.jpg 1024w, https:\/\/www.sweeek.fr\/blog\/wp-content\/uploads\/2022\/02\/salon-bois-1-768x316.jpg 768w\" sizes=\"(max-width: 1430px) 100vw, 1430px\" \/><\/figure>\n<\/figure>\n\n\n\n<div style=\"height:27px\" aria-hidden=\"true\" class=\"wp-block-spacer\"><\/div>\n\n\n\n<h2 class=\"wp-block-heading\">Quel bois choisir pour son salon de jardin ?<\/h2>\n\n\n\n<p>Diff\u00e9rentes essences sont \u00e0 votre disponible pour un <a href=\"https:\/\/www.sweeek.fr\/mobilier-jardin\/salon-jardin\/filter\/matiere-1-1\/bois-1\">salon de jardin en bois<\/a>, mais les principaux sont les suivants :<\/p>\n\n\n\n<ul class=\"wp-block-list\"><li><strong>L\u2019itauba :<\/strong>&nbsp;ce bois originaire d\u2019Am\u00e9rique du Sud a une durabilit\u00e9 d\u2019environ 40 ans ! Il r\u00e9siste \u00e0 l\u2019eau sal\u00e9e si vous habitez pr\u00e8s de la mer, mais aussi aux insectes. Son odeur est un r\u00e9pulsif naturel, mais est tout de m\u00eame agr\u00e9able pour l\u2019homme. Il fera un mobilier marron beige \u00e0 marron fonc\u00e9.<\/li><li><strong>Le teck :<\/strong>&nbsp;de nombreux salons de jardin en bois sont faits en teck. Et pour cause : son esth\u00e9tique et sa qualit\u00e9 ! Il est d\u2019un beau brun dor\u00e9 et poss\u00e8de un joli grain. De plus, le teck a une bonne r\u00e9sistance aux intemp\u00e9ries, peut durer jusqu&rsquo;\u00e0 100 ans. Comme les autres bois massifs, il mod\u00e8re la chaleur : votre <a href=\"https:\/\/www.sweeek.fr\/mobilier-jardin\/salon-jardin\/filter\/couleur-1-1\/bois-5\/matiere-1-1\/bois-1\">salon de jardin en teck<\/a> ne sera jamais br\u00fblant et vous pourrez en profiter \u00e0 toute heure de l\u2019\u00e9t\u00e9.<\/li><li><strong>L&rsquo;eucalyptus :<\/strong>&nbsp;la couleur de ce bois se d\u00e9marque des autres gr\u00e2ce \u00e0 ses tons ros\u00e9s. Il est plus accessible que le teck, mais toujours de bonne qualit\u00e9. Il est moins durable que les autres bois, mais plut\u00f4t r\u00e9sistant aux insectes.<\/li><li><strong>L\u2019acacia (ou robinier)<\/strong>&nbsp;: ce mat\u00e9riau est r\u00e9sistant \u00e0 l\u2019humidit\u00e9, aux champignons, aux intemp\u00e9ries, insectes\u2026 que d\u2019atouts !<\/li><li><strong>Le pin :<\/strong>&nbsp;ce mat\u00e9riau naturel est d\u2019une couleur tr\u00e8s claire, et \u00e0 un prix plus faible. Le pin est l\u00e9ger, ce qui est utile si on veut transporter son salon de jardin pour le ranger en hiver ou simplement le d\u00e9placer.<\/li><li><strong>Le cumaru :<\/strong>&nbsp;ce bois de qualit\u00e9 a des tons jaunes\/bruns. Il est facile d\u2019entretien et r\u00e9sistant aux insectes et champignons, c\u2019est pourquoi il est souvent utilis\u00e9 pour du mobilier d\u2019ext\u00e9rieur.<\/li><\/ul>\n\n\n\n<p>Pour savoir si un bois est r\u00e9sistant ou non \u00e0 l\u2019humidit\u00e9, c\u2019est tr\u00e8s simple : seuls les bois de classe 3, 4 ou 5 y r\u00e9sistent !<\/p>\n\n\n\n<h2 class=\"wp-block-heading\">Les autres caract\u00e9ristiques \u00e0 prendre en compte pour choisir un salon de jardin<\/h2>\n\n\n\n<p>Bien-s\u00fbr, le type d\u2019essence de bois utilis\u00e9 pour votre mobilier ne suffit pas \u00e0 d\u00e9terminer quel pour quel salon de jardin opter. Il vous faut aussi regarder la taille et la forme de ce dernier.<\/p>\n\n\n\n<ul class=\"wp-block-list\"><li><strong>La taille :<\/strong>\u00a0forc\u00e9ment, si votre espace est petit ou si vous \u00eates peu \u00e0 utiliser votre salon de jardin, une petite table de jardin sera requise. Mais si vous souhaitez inviter du monde, pensez \u00e0 opter pour un salon de jardin \u00e0 rallonge ! Cela permet d\u2019\u00e9conomiser de la place sur votre terrasse ou dans votre jardin.<\/li><li><strong>La forme :<\/strong>\u00a0ce crit\u00e8re ne d\u00e9pend pas uniquement du design de la table ! Une <a href=\"https:\/\/www.sweeek.fr\/mobilier-jardin\/table\/filter\/forme-1-1\/ronde-2\/matiere-1-1\/bois-1\">table de jardin en bois ronde<\/a> favorise les moments conviviaux. Dans un petit espace, une table ronde permet d\u2019\u00e9conomiser de la place si elle est au centre. En revanche, si elle est plac\u00e9e contre un mur, mieux vaut naturellement choisir une table carr\u00e9e.<\/li><li><strong>La hauteur de votre salon de jardin :<\/strong>\u00a0table basse, haute, ou table \u00e0 manger ? L\u2019utilisation de votre salon de jardin en bois sera tr\u00e8s diff\u00e9rente selon sa hauteur. Le mobilier haut et bas permettra de donner un aspect \u201cap\u00e9ro\u201d agr\u00e9able, tandis qu\u2019un salon de jardin \u00e0 hauteur moyenne sera id\u00e9al pour des longs repas. Cela dit, n\u2019oubliez pas que certaines personnes appr\u00e9cient plus ou moins les chaises hautes, ou les tables basses.<\/li><\/ul>\n\n\n\n<h2 class=\"wp-block-heading\">Les avantages de ce mat\u00e9riau<\/h2>\n\n\n\n<div class=\"wp-block-media-text alignwide has-media-on-the-right is-stacked-on-mobile is-image-fill\" style=\"grid-template-columns:auto 43%\"><figure class=\"wp-block-media-text__media\" style=\"background-image:url(https:\/\/www.sweeek.fr\/blog\/wp-content\/uploads\/2022\/02\/salon-bois-coussin-beige-1.jpg);background-position:44% 52%\"><img decoding=\"async\" width=\"700\" height=\"700\" src=\"https:\/\/www.sweeek.fr\/blog\/wp-content\/uploads\/2022\/02\/salon-bois-coussin-beige-1.jpg\" alt=\"Salon de jardin en bois beige sweeek\" class=\"wp-image-7034 size-full\" srcset=\"https:\/\/www.sweeek.fr\/blog\/wp-content\/uploads\/2022\/02\/salon-bois-coussin-beige-1.jpg 700w, https:\/\/www.sweeek.fr\/blog\/wp-content\/uploads\/2022\/02\/salon-bois-coussin-beige-1-300x300.jpg 300w, https:\/\/www.sweeek.fr\/blog\/wp-content\/uploads\/2022\/02\/salon-bois-coussin-beige-1-150x150.jpg 150w\" sizes=\"(max-width: 700px) 100vw, 700px\" \/><\/figure><div class=\"wp-block-media-text__content\">\n<p>L&rsquo;<strong>avantage de ce mat\u00e9riau<\/strong>&nbsp;est donc tr\u00e8s principalement sa&nbsp;<strong>durabilit\u00e9<\/strong>. Si vous ne souhaitez pas racheter r\u00e9guli\u00e8rement un salon de jardin, le bois est alors un tr\u00e8s bon choix pour du mobilier ext\u00e9rieur. Il est d\u2019ailleurs plut\u00f4t <a href=\"https:\/\/www.sweeek.fr\/blog\/comment-entretenir-son-mobilier-de-jardin\/\">facile d\u2019entretien<\/a>. Les diff\u00e9rentes essences de bois permettent de choisir les couleurs : rose, jaune, brun fonc\u00e9, brun dor\u00e9. Et contrairement \u00e0 certaines tables, selon l\u2019essence, vous pouvez laisser votre salon de jardin dehors l\u2019hiver, puisqu\u2019il r\u00e9siste parfois \u00e0 l\u2019humidit\u00e9 et aux intemp\u00e9ries. Les diff\u00e9rentes couleurs permettent \u00e9galement d\u2019<strong>adapter le design de sa table et de ses chaises<\/strong>&nbsp;\u00e0 son ext\u00e9rieur, et de donner un tout autre effet. D\u2019ailleurs, certains bois mod\u00e8rent la chaleur. Contrairement aux salons de jardin faits avec d\u2019autres mat\u00e9riaux comme le plastique (r\u00e9sine tress\u00e9e) ou le m\u00e9tal (fer forg\u00e9, <a href=\"https:\/\/www.sweeek.fr\/mobilier-jardin\/salon-jardin\/filter\/matiere-1-1\/metal\">aluminium<\/a>, acier inoxydable), vous pouvez laisser votre table ou fauteuil en plein soleil sans risquer de vous br\u00fbler en les touchant ou sans devoir mettre des coussins sur vos fauteuils et chaises pour s&rsquo;asseoir.<\/p>\n\n\n\n<p>Pour savoir&nbsp;<strong>comment choisir son salon de jardin en bois<\/strong>, il est alors primordial de pr\u00eater attention aux&nbsp;<strong>diff\u00e9rents types de bois<\/strong>. Cela jouera sur sa&nbsp;<strong>durabilit\u00e9<\/strong>, sur le&nbsp;<strong>prix<\/strong>, sa&nbsp;<strong>r\u00e9sistance<\/strong>&nbsp;aux intemp\u00e9ries et au style qu\u2019il donnera \u00e0 votre ext\u00e9rieur. Mais bien-s\u00fbr, faites \u00e9galement attention \u00e0 la&nbsp;<strong>taille<\/strong>, la&nbsp;<strong>forme<\/strong>&nbsp;et la&nbsp;<strong>hauteur<\/strong>&nbsp;de votre salon de jardin en bois, qui joueront sur l\u2019ambiance autour de la table quand vous l\u2019utiliserez ! N&rsquo;h\u00e9sitez pas \u00e0 agr\u00e9menter vos meubles (canap\u00e9, fauteuil) de coussins de diff\u00e9rentes couleurs et mati\u00e8res pour aller avec le style que vous voulez. Aussi, la structure de vos meubles peut \u00eatre en bois, mais avec une partie en <a href=\"https:\/\/www.sweeek.fr\/mobilier-jardin\/salon-jardin\/filter\/matiere-1-1\/resine-plastique\">rotin<\/a> (ou en une autre mati\u00e8re \/ mat\u00e9riaux), qui donnera encore un autre style \u00e0 votre ext\u00e9rieur.<\/p>\n<\/div><\/div>\n\n\n\n<div style=\"height:59px\" aria-hidden=\"true\" class=\"wp-block-spacer\"><\/div>\n\n\n\n<div class=\"wp-block-group alignwide has-white-color has-text-color has-background\" style=\"background-color:#f2f2f2\"><div class=\"wp-block-group__inner-container is-layout-flow wp-block-group-is-layout-flow\">\n<h2 class=\"alignfull has-text-align-center has-black-color has-text-color wp-block-heading\" style=\"font-size:30px;font-style:normal;font-weight:400\">La s\u00e9lection de sweeek<\/h2>\n\n\n\n<div style=\"height:21px\" aria-hidden=\"true\" class=\"wp-block-spacer\"><\/div>\n\n\n\n<div class=\"wp-block-columns is-layout-flex wp-container-core-columns-is-layout-9d6595d7 wp-block-columns-is-layout-flex\">\n<div class=\"wp-block-column is-layout-flow wp-block-column-is-layout-flow\"><div class=\"wp-block-image\">\n<figure class=\"aligncenter size-full\"><a href=\"https:\/\/www.sweeek.fr\/product\/salon-de-jardin-bois-d-acacia-5-places-gris\" target=\"_blank\" rel=\"noreferrer noopener\"><img decoding=\"async\" width=\"500\" height=\"500\" src=\"https:\/\/www.sweeek.fr\/blog\/wp-content\/uploads\/2022\/06\/ACH3005GY.jpg\" alt=\"Salon de jardin en bois 5 places en acacia - Mendoza\" class=\"wp-image-10722\" srcset=\"https:\/\/www.sweeek.fr\/blog\/wp-content\/uploads\/2022\/06\/ACH3005GY.jpg 500w, https:\/\/www.sweeek.fr\/blog\/wp-content\/uploads\/2022\/06\/ACH3005GY-300x300.jpg 300w, https:\/\/www.sweeek.fr\/blog\/wp-content\/uploads\/2022\/06\/ACH3005GY-150x150.jpg 150w\" sizes=\"(max-width: 500px) 100vw, 500px\" \/><\/a><\/figure>\n<\/div>\n\n\n<h3 class=\"has-text-align-center has-black-color has-text-color wp-block-heading\" style=\"font-style:normal;font-weight:400\">Salon de jardin en bois 5 places en acacia &#8211; Mendoza<\/h3>\n\n\n\n<div style=\"height:15px\" aria-hidden=\"true\" class=\"wp-block-spacer\"><\/div>\n<\/div>\n\n\n\n<div class=\"wp-block-column is-layout-flow wp-block-column-is-layout-flow\"><div class=\"wp-block-image\">\n<figure class=\"aligncenter size-full\"><a href=\"https:\/\/www.sweeek.fr\/product\/salon-de-jardin-bois-d-acacia-4-places-gris-ushuaia\" target=\"_blank\" rel=\"noopener\"><img loading=\"lazy\" decoding=\"async\" width=\"500\" height=\"500\" src=\"https:\/\/www.sweeek.fr\/blog\/wp-content\/uploads\/2022\/06\/ACH3101GY.jpg\" alt=\"Salon de jardin en bois 4 places design - Ushuaia\" class=\"wp-image-10724\" srcset=\"https:\/\/www.sweeek.fr\/blog\/wp-content\/uploads\/2022\/06\/ACH3101GY.jpg 500w, https:\/\/www.sweeek.fr\/blog\/wp-content\/uploads\/2022\/06\/ACH3101GY-300x300.jpg 300w, https:\/\/www.sweeek.fr\/blog\/wp-content\/uploads\/2022\/06\/ACH3101GY-150x150.jpg 150w\" sizes=\"(max-width: 500px) 100vw, 500px\" \/><\/a><\/figure>\n<\/div>\n\n\n<h3 class=\"has-text-align-center wp-block-heading\" style=\"font-style:normal;font-weight:400\">Salon de jardin en bois 4 places design &#8211; Ushuaia<\/h3>\n\n\n\n<div style=\"height:15px\" aria-hidden=\"true\" class=\"wp-block-spacer\"><\/div>\n<\/div>\n\n\n\n<div class=\"wp-block-column is-layout-flow wp-block-column-is-layout-flow\"><div class=\"wp-block-image\">\n<figure class=\"aligncenter size-full\"><a href=\"https:\/\/www.sweeek.fr\/product\/salon-de-jardin-bois-d-acacia-5-places-gris-buenos-aires\" target=\"_blank\" rel=\"noreferrer noopener\"><img loading=\"lazy\" decoding=\"async\" width=\"500\" height=\"500\" src=\"https:\/\/www.sweeek.fr\/blog\/wp-content\/uploads\/2022\/06\/AC0012GY.jpg\" alt=\"Salon de jardin en bois 5 places - ALEXIA\" class=\"wp-image-10725\" srcset=\"https:\/\/www.sweeek.fr\/blog\/wp-content\/uploads\/2022\/06\/AC0012GY.jpg 500w, https:\/\/www.sweeek.fr\/blog\/wp-content\/uploads\/2022\/06\/AC0012GY-300x300.jpg 300w, https:\/\/www.sweeek.fr\/blog\/wp-content\/uploads\/2022\/06\/AC0012GY-150x150.jpg 150w\" sizes=\"(max-width: 500px) 100vw, 500px\" \/><\/a><\/figure>\n<\/div>\n\n\n<h3 class=\"has-text-align-center has-black-color has-text-color wp-block-heading\" style=\"font-style:normal;font-weight:400\">Salon de jardin en bois 5 places &#8211; ALEXIA<\/h3>\n\n\n\n<div style=\"height:15px\" aria-hidden=\"true\" class=\"wp-block-spacer\"><\/div>\n<\/div>\n<\/div>\n<\/div><\/div>\n","protected":false},"excerpt":{"rendered":"<p>Quoi de mieux qu&rsquo;un beau&nbsp;salon de jardin&nbsp;en bois pour \u00e9gayer sa terrasse ? Ce mat\u00e9riau noble est chaleureux, durable et r\u00e9siste aux intemp\u00e9ries ! Le&nbsp;bois&nbsp;peut \u00eatre associ\u00e9 \u00e0 diff\u00e9rentes mati\u00e8res comme le rotin, le verre et n&rsquo;avoir que sa structure en bois avec pour essence le&nbsp;pin, l&rsquo;eucalyptus, l&rsquo;acacia, le&nbsp;bois exotique&nbsp;ou le&nbsp;teck. Et si le bois [&hellip;]<\/p>\n","protected":false},"author":4,"featured_media":18381,"comment_status":"open","ping_status":"closed","sticky":false,"template":"","format":"standard","meta":{"inline_featured_image":false,"_uag_custom_page_level_css":"","ocean_post_layout":"","ocean_both_sidebars_style":"","ocean_both_sidebars_content_width":0,"ocean_both_sidebars_sidebars_width":0,"ocean_sidebar":"0","ocean_second_sidebar":"0","ocean_disable_margins":"enable","ocean_add_body_class":"","ocean_shortcode_before_top_bar":"","ocean_shortcode_after_top_bar":"","ocean_shortcode_before_header":"","ocean_shortcode_after_header":"","ocean_has_shortcode":"","ocean_shortcode_after_title":"","ocean_shortcode_before_footer_widgets":"","ocean_shortcode_after_footer_widgets":"","ocean_shortcode_before_footer_bottom":"","ocean_shortcode_after_footer_bottom":"","ocean_display_top_bar":"default","ocean_display_header":"default","ocean_header_style":"","ocean_center_header_left_menu":"0","ocean_custom_header_template":"0","ocean_custom_logo":0,"ocean_custom_retina_logo":0,"ocean_custom_logo_max_width":0,"ocean_custom_logo_tablet_max_width":0,"ocean_custom_logo_mobile_max_width":0,"ocean_custom_logo_max_height":0,"ocean_custom_logo_tablet_max_height":0,"ocean_custom_logo_mobile_max_height":0,"ocean_header_custom_menu":"0","ocean_menu_typo_font_family":"0","ocean_menu_typo_font_subset":"","ocean_menu_typo_font_size":0,"ocean_menu_typo_font_size_tablet":0,"ocean_menu_typo_font_size_mobile":0,"ocean_menu_typo_font_size_unit":"px","ocean_menu_typo_font_weight":"","ocean_menu_typo_font_weight_tablet":"","ocean_menu_typo_font_weight_mobile":"","ocean_menu_typo_transform":"","ocean_menu_typo_transform_tablet":"","ocean_menu_typo_transform_mobile":"","ocean_menu_typo_line_height":0,"ocean_menu_typo_line_height_tablet":0,"ocean_menu_typo_line_height_mobile":0,"ocean_menu_typo_line_height_unit":"","ocean_menu_typo_spacing":0,"ocean_menu_typo_spacing_tablet":0,"ocean_menu_typo_spacing_mobile":0,"ocean_menu_typo_spacing_unit":"","ocean_menu_link_color":"","ocean_menu_link_color_hover":"","ocean_menu_link_color_active":"","ocean_menu_link_background":"","ocean_menu_link_hover_background":"","ocean_menu_link_active_background":"","ocean_menu_social_links_bg":"","ocean_menu_social_hover_links_bg":"","ocean_menu_social_links_color":"","ocean_menu_social_hover_links_color":"","ocean_disable_title":"default","ocean_disable_heading":"default","ocean_post_title":"","ocean_post_subheading":"","ocean_post_title_style":"","ocean_post_title_background_color":"","ocean_post_title_background":0,"ocean_post_title_bg_image_position":"","ocean_post_title_bg_image_attachment":"","ocean_post_title_bg_image_repeat":"","ocean_post_title_bg_image_size":"","ocean_post_title_height":0,"ocean_post_title_bg_overlay":0.5,"ocean_post_title_bg_overlay_color":"","ocean_disable_breadcrumbs":"default","ocean_breadcrumbs_color":"","ocean_breadcrumbs_separator_color":"","ocean_breadcrumbs_links_color":"","ocean_breadcrumbs_links_hover_color":"","ocean_display_footer_widgets":"default","ocean_display_footer_bottom":"default","ocean_custom_footer_template":"0","ocean_post_oembed":"","ocean_post_self_hosted_media":"","ocean_post_video_embed":"","ocean_link_format":"","ocean_link_format_target":"self","ocean_quote_format":"","ocean_quote_format_link":"post","ocean_gallery_link_images":"off","ocean_gallery_id":[],"footnotes":""},"categories":[137],"tags":[],"class_list":["post-7031","post","type-post","status-publish","format-standard","has-post-thumbnail","hentry","category-salon-jardin","entry","has-media"],"yoast_head":"<!-- This site is optimized with the Yoast SEO plugin v27.5 - https:\/\/yoast.com\/product\/yoast-seo-wordpress\/ -->\n<title>Comment choisir un salon de jardin en bois ? &#8211; Les Conseils sweeek<\/title>\n<meta name=\"description\" content=\"sweeek vous propose ses conseils pour vous aider \u00e0 choisir un salon de jardin en bois : type de bois, taille, forme, hauteur.\" \/>\n<meta name=\"robots\" content=\"index, follow, max-snippet:-1, max-image-preview:large, max-video-preview:-1\" \/>\n<link rel=\"canonical\" href=\"https:\/\/www.sweeek.fr\/blog\/choisir-salon-jardin-bois\/\" \/>\n<meta property=\"og:locale\" content=\"fr_FR\" \/>\n<meta property=\"og:type\" content=\"article\" \/>\n<meta property=\"og:title\" content=\"Comment choisir un salon de jardin en bois ? &#8211; Les Conseils sweeek\" \/>\n<meta property=\"og:description\" content=\"sweeek vous propose ses conseils pour vous aider \u00e0 choisir un salon de jardin en bois : type de bois, taille, forme, hauteur.\" \/>\n<meta property=\"og:url\" content=\"https:\/\/www.sweeek.fr\/blog\/choisir-salon-jardin-bois\/\" \/>\n<meta property=\"og:site_name\" content=\"Les Conseils sweeek\" \/>\n<meta property=\"article:published_time\" content=\"2022-03-10T12:53:00+00:00\" \/>\n<meta property=\"article:modified_time\" content=\"2026-02-13T13:50:48+00:00\" \/>\n<meta property=\"og:image\" content=\"https:\/\/www.sweeek.fr\/blog\/wp-content\/uploads\/2022\/03\/choix-salon-jardin-bois.jpg\" \/>\n\t<meta property=\"og:image:width\" content=\"1024\" \/>\n\t<meta property=\"og:image:height\" content=\"682\" \/>\n\t<meta property=\"og:image:type\" content=\"image\/jpeg\" \/>\n<meta name=\"author\" content=\"Am\u00e9lie Capon\" \/>\n<meta name=\"twitter:card\" content=\"summary_large_image\" \/>\n<meta name=\"twitter:label1\" content=\"\u00c9crit par\" \/>\n\t<meta name=\"twitter:data1\" content=\"Am\u00e9lie Capon\" \/>\n\t<meta name=\"twitter:label2\" content=\"Dur\u00e9e de lecture estim\u00e9e\" \/>\n\t<meta name=\"twitter:data2\" content=\"7 minutes\" \/>\n<script type=\"application\/ld+json\" class=\"yoast-schema-graph\">{\"@context\":\"https:\\\/\\\/schema.org\",\"@graph\":[{\"@type\":\"Article\",\"@id\":\"https:\\\/\\\/www.sweeek.fr\\\/blog\\\/choisir-salon-jardin-bois\\\/#article\",\"isPartOf\":{\"@id\":\"https:\\\/\\\/www.sweeek.fr\\\/blog\\\/choisir-salon-jardin-bois\\\/\"},\"author\":{\"name\":\"Am\u00e9lie Capon\",\"@id\":\"https:\\\/\\\/www.sweeek.fr\\\/blog\\\/#\\\/schema\\\/person\\\/e97ba3e4a84bda73fe86070619e7640b\"},\"headline\":\"Comment choisir un salon de jardin en bois ?\",\"datePublished\":\"2022-03-10T12:53:00+00:00\",\"dateModified\":\"2026-02-13T13:50:48+00:00\",\"mainEntityOfPage\":{\"@id\":\"https:\\\/\\\/www.sweeek.fr\\\/blog\\\/choisir-salon-jardin-bois\\\/\"},\"wordCount\":1165,\"commentCount\":0,\"publisher\":{\"@id\":\"https:\\\/\\\/www.sweeek.fr\\\/blog\\\/#organization\"},\"image\":{\"@id\":\"https:\\\/\\\/www.sweeek.fr\\\/blog\\\/choisir-salon-jardin-bois\\\/#primaryimage\"},\"thumbnailUrl\":\"https:\\\/\\\/www.sweeek.fr\\\/blog\\\/wp-content\\\/uploads\\\/2022\\\/03\\\/choix-salon-jardin-bois.jpg\",\"articleSection\":[\"Salon de jardin\"],\"inLanguage\":\"fr-FR\",\"potentialAction\":[{\"@type\":\"CommentAction\",\"name\":\"Comment\",\"target\":[\"https:\\\/\\\/www.sweeek.fr\\\/blog\\\/choisir-salon-jardin-bois\\\/#respond\"]}]},{\"@type\":\"WebPage\",\"@id\":\"https:\\\/\\\/www.sweeek.fr\\\/blog\\\/choisir-salon-jardin-bois\\\/\",\"url\":\"https:\\\/\\\/www.sweeek.fr\\\/blog\\\/choisir-salon-jardin-bois\\\/\",\"name\":\"Comment choisir un salon de jardin en bois ? &#8211; Les Conseils sweeek\",\"isPartOf\":{\"@id\":\"https:\\\/\\\/www.sweeek.fr\\\/blog\\\/#website\"},\"primaryImageOfPage\":{\"@id\":\"https:\\\/\\\/www.sweeek.fr\\\/blog\\\/choisir-salon-jardin-bois\\\/#primaryimage\"},\"image\":{\"@id\":\"https:\\\/\\\/www.sweeek.fr\\\/blog\\\/choisir-salon-jardin-bois\\\/#primaryimage\"},\"thumbnailUrl\":\"https:\\\/\\\/www.sweeek.fr\\\/blog\\\/wp-content\\\/uploads\\\/2022\\\/03\\\/choix-salon-jardin-bois.jpg\",\"datePublished\":\"2022-03-10T12:53:00+00:00\",\"dateModified\":\"2026-02-13T13:50:48+00:00\",\"description\":\"sweeek vous propose ses conseils pour vous aider \u00e0 choisir un salon de jardin en bois : type de bois, taille, forme, hauteur.\",\"breadcrumb\":{\"@id\":\"https:\\\/\\\/www.sweeek.fr\\\/blog\\\/choisir-salon-jardin-bois\\\/#breadcrumb\"},\"inLanguage\":\"fr-FR\",\"potentialAction\":[{\"@type\":\"ReadAction\",\"target\":[\"https:\\\/\\\/www.sweeek.fr\\\/blog\\\/choisir-salon-jardin-bois\\\/\"]}]},{\"@type\":\"ImageObject\",\"inLanguage\":\"fr-FR\",\"@id\":\"https:\\\/\\\/www.sweeek.fr\\\/blog\\\/choisir-salon-jardin-bois\\\/#primaryimage\",\"url\":\"https:\\\/\\\/www.sweeek.fr\\\/blog\\\/wp-content\\\/uploads\\\/2022\\\/03\\\/choix-salon-jardin-bois.jpg\",\"contentUrl\":\"https:\\\/\\\/www.sweeek.fr\\\/blog\\\/wp-content\\\/uploads\\\/2022\\\/03\\\/choix-salon-jardin-bois.jpg\",\"width\":1024,\"height\":682},{\"@type\":\"BreadcrumbList\",\"@id\":\"https:\\\/\\\/www.sweeek.fr\\\/blog\\\/choisir-salon-jardin-bois\\\/#breadcrumb\",\"itemListElement\":[{\"@type\":\"ListItem\",\"position\":1,\"name\":\"Accueil\",\"item\":\"https:\\\/\\\/www.sweeek.fr\\\/blog\\\/\"},{\"@type\":\"ListItem\",\"position\":2,\"name\":\"Comment choisir un salon de jardin en bois ?\"}]},{\"@type\":\"WebSite\",\"@id\":\"https:\\\/\\\/www.sweeek.fr\\\/blog\\\/#website\",\"url\":\"https:\\\/\\\/www.sweeek.fr\\\/blog\\\/\",\"name\":\"Les Conseils sweeek\",\"description\":\"Conseils et inspirations\",\"publisher\":{\"@id\":\"https:\\\/\\\/www.sweeek.fr\\\/blog\\\/#organization\"},\"potentialAction\":[{\"@type\":\"SearchAction\",\"target\":{\"@type\":\"EntryPoint\",\"urlTemplate\":\"https:\\\/\\\/www.sweeek.fr\\\/blog\\\/?s={search_term_string}\"},\"query-input\":{\"@type\":\"PropertyValueSpecification\",\"valueRequired\":true,\"valueName\":\"search_term_string\"}}],\"inLanguage\":\"fr-FR\"},{\"@type\":\"Organization\",\"@id\":\"https:\\\/\\\/www.sweeek.fr\\\/blog\\\/#organization\",\"name\":\"sweeek\",\"url\":\"https:\\\/\\\/www.sweeek.fr\\\/blog\\\/\",\"logo\":{\"@type\":\"ImageObject\",\"inLanguage\":\"fr-FR\",\"@id\":\"https:\\\/\\\/www.sweeek.fr\\\/blog\\\/#\\\/schema\\\/logo\\\/image\\\/\",\"url\":\"https:\\\/\\\/www.sweeek.fr\\\/blog\\\/wp-content\\\/uploads\\\/2023\\\/10\\\/blog-sweeek-logo2.png\",\"contentUrl\":\"https:\\\/\\\/www.sweeek.fr\\\/blog\\\/wp-content\\\/uploads\\\/2023\\\/10\\\/blog-sweeek-logo2.png\",\"width\":328,\"height\":90,\"caption\":\"sweeek\"},\"image\":{\"@id\":\"https:\\\/\\\/www.sweeek.fr\\\/blog\\\/#\\\/schema\\\/logo\\\/image\\\/\"}},{\"@type\":\"Person\",\"@id\":\"https:\\\/\\\/www.sweeek.fr\\\/blog\\\/#\\\/schema\\\/person\\\/e97ba3e4a84bda73fe86070619e7640b\",\"name\":\"Am\u00e9lie Capon\",\"image\":{\"@type\":\"ImageObject\",\"inLanguage\":\"fr-FR\",\"@id\":\"https:\\\/\\\/secure.gravatar.com\\\/avatar\\\/042e4b25b2641d47117ebfaf786a00f66fd827d54a130982af74eb1f062ce832?s=96&d=mm&r=g\",\"url\":\"https:\\\/\\\/secure.gravatar.com\\\/avatar\\\/042e4b25b2641d47117ebfaf786a00f66fd827d54a130982af74eb1f062ce832?s=96&d=mm&r=g\",\"contentUrl\":\"https:\\\/\\\/secure.gravatar.com\\\/avatar\\\/042e4b25b2641d47117ebfaf786a00f66fd827d54a130982af74eb1f062ce832?s=96&d=mm&r=g\",\"caption\":\"Am\u00e9lie Capon\"}}]}<\/script>\n<!-- \/ Yoast SEO plugin. -->","yoast_head_json":{"title":"Comment choisir un salon de jardin en bois ? &#8211; Les Conseils sweeek","description":"sweeek vous propose ses conseils pour vous aider \u00e0 choisir un salon de jardin en bois : type de bois, taille, forme, hauteur.","robots":{"index":"index","follow":"follow","max-snippet":"max-snippet:-1","max-image-preview":"max-image-preview:large","max-video-preview":"max-video-preview:-1"},"canonical":"https:\/\/www.sweeek.fr\/blog\/choisir-salon-jardin-bois\/","og_locale":"fr_FR","og_type":"article","og_title":"Comment choisir un salon de jardin en bois ? &#8211; Les Conseils sweeek","og_description":"sweeek vous propose ses conseils pour vous aider \u00e0 choisir un salon de jardin en bois : type de bois, taille, forme, hauteur.","og_url":"https:\/\/www.sweeek.fr\/blog\/choisir-salon-jardin-bois\/","og_site_name":"Les Conseils sweeek","article_published_time":"2022-03-10T12:53:00+00:00","article_modified_time":"2026-02-13T13:50:48+00:00","og_image":[{"width":1024,"height":682,"url":"https:\/\/www.sweeek.fr\/blog\/wp-content\/uploads\/2022\/03\/choix-salon-jardin-bois.jpg","type":"image\/jpeg"}],"author":"Am\u00e9lie Capon","twitter_card":"summary_large_image","twitter_misc":{"\u00c9crit par":"Am\u00e9lie Capon","Dur\u00e9e de lecture estim\u00e9e":"7 minutes"},"schema":{"@context":"https:\/\/schema.org","@graph":[{"@type":"Article","@id":"https:\/\/www.sweeek.fr\/blog\/choisir-salon-jardin-bois\/#article","isPartOf":{"@id":"https:\/\/www.sweeek.fr\/blog\/choisir-salon-jardin-bois\/"},"author":{"name":"Am\u00e9lie Capon","@id":"https:\/\/www.sweeek.fr\/blog\/#\/schema\/person\/e97ba3e4a84bda73fe86070619e7640b"},"headline":"Comment choisir un salon de jardin en bois ?","datePublished":"2022-03-10T12:53:00+00:00","dateModified":"2026-02-13T13:50:48+00:00","mainEntityOfPage":{"@id":"https:\/\/www.sweeek.fr\/blog\/choisir-salon-jardin-bois\/"},"wordCount":1165,"commentCount":0,"publisher":{"@id":"https:\/\/www.sweeek.fr\/blog\/#organization"},"image":{"@id":"https:\/\/www.sweeek.fr\/blog\/choisir-salon-jardin-bois\/#primaryimage"},"thumbnailUrl":"https:\/\/www.sweeek.fr\/blog\/wp-content\/uploads\/2022\/03\/choix-salon-jardin-bois.jpg","articleSection":["Salon de jardin"],"inLanguage":"fr-FR","potentialAction":[{"@type":"CommentAction","name":"Comment","target":["https:\/\/www.sweeek.fr\/blog\/choisir-salon-jardin-bois\/#respond"]}]},{"@type":"WebPage","@id":"https:\/\/www.sweeek.fr\/blog\/choisir-salon-jardin-bois\/","url":"https:\/\/www.sweeek.fr\/blog\/choisir-salon-jardin-bois\/","name":"Comment choisir un salon de jardin en bois ? &#8211; Les Conseils sweeek","isPartOf":{"@id":"https:\/\/www.sweeek.fr\/blog\/#website"},"primaryImageOfPage":{"@id":"https:\/\/www.sweeek.fr\/blog\/choisir-salon-jardin-bois\/#primaryimage"},"image":{"@id":"https:\/\/www.sweeek.fr\/blog\/choisir-salon-jardin-bois\/#primaryimage"},"thumbnailUrl":"https:\/\/www.sweeek.fr\/blog\/wp-content\/uploads\/2022\/03\/choix-salon-jardin-bois.jpg","datePublished":"2022-03-10T12:53:00+00:00","dateModified":"2026-02-13T13:50:48+00:00","description":"sweeek vous propose ses conseils pour vous aider \u00e0 choisir un salon de jardin en bois : type de bois, taille, forme, hauteur.","breadcrumb":{"@id":"https:\/\/www.sweeek.fr\/blog\/choisir-salon-jardin-bois\/#breadcrumb"},"inLanguage":"fr-FR","potentialAction":[{"@type":"ReadAction","target":["https:\/\/www.sweeek.fr\/blog\/choisir-salon-jardin-bois\/"]}]},{"@type":"ImageObject","inLanguage":"fr-FR","@id":"https:\/\/www.sweeek.fr\/blog\/choisir-salon-jardin-bois\/#primaryimage","url":"https:\/\/www.sweeek.fr\/blog\/wp-content\/uploads\/2022\/03\/choix-salon-jardin-bois.jpg","contentUrl":"https:\/\/www.sweeek.fr\/blog\/wp-content\/uploads\/2022\/03\/choix-salon-jardin-bois.jpg","width":1024,"height":682},{"@type":"BreadcrumbList","@id":"https:\/\/www.sweeek.fr\/blog\/choisir-salon-jardin-bois\/#breadcrumb","itemListElement":[{"@type":"ListItem","position":1,"name":"Accueil","item":"https:\/\/www.sweeek.fr\/blog\/"},{"@type":"ListItem","position":2,"name":"Comment choisir un salon de jardin en bois ?"}]},{"@type":"WebSite","@id":"https:\/\/www.sweeek.fr\/blog\/#website","url":"https:\/\/www.sweeek.fr\/blog\/","name":"Les Conseils sweeek","description":"Conseils et inspirations","publisher":{"@id":"https:\/\/www.sweeek.fr\/blog\/#organization"},"potentialAction":[{"@type":"SearchAction","target":{"@type":"EntryPoint","urlTemplate":"https:\/\/www.sweeek.fr\/blog\/?s={search_term_string}"},"query-input":{"@type":"PropertyValueSpecification","valueRequired":true,"valueName":"search_term_string"}}],"inLanguage":"fr-FR"},{"@type":"Organization","@id":"https:\/\/www.sweeek.fr\/blog\/#organization","name":"sweeek","url":"https:\/\/www.sweeek.fr\/blog\/","logo":{"@type":"ImageObject","inLanguage":"fr-FR","@id":"https:\/\/www.sweeek.fr\/blog\/#\/schema\/logo\/image\/","url":"https:\/\/www.sweeek.fr\/blog\/wp-content\/uploads\/2023\/10\/blog-sweeek-logo2.png","contentUrl":"https:\/\/www.sweeek.fr\/blog\/wp-content\/uploads\/2023\/10\/blog-sweeek-logo2.png","width":328,"height":90,"caption":"sweeek"},"image":{"@id":"https:\/\/www.sweeek.fr\/blog\/#\/schema\/logo\/image\/"}},{"@type":"Person","@id":"https:\/\/www.sweeek.fr\/blog\/#\/schema\/person\/e97ba3e4a84bda73fe86070619e7640b","name":"Am\u00e9lie Capon","image":{"@type":"ImageObject","inLanguage":"fr-FR","@id":"https:\/\/secure.gravatar.com\/avatar\/042e4b25b2641d47117ebfaf786a00f66fd827d54a130982af74eb1f062ce832?s=96&d=mm&r=g","url":"https:\/\/secure.gravatar.com\/avatar\/042e4b25b2641d47117ebfaf786a00f66fd827d54a130982af74eb1f062ce832?s=96&d=mm&r=g","contentUrl":"https:\/\/secure.gravatar.com\/avatar\/042e4b25b2641d47117ebfaf786a00f66fd827d54a130982af74eb1f062ce832?s=96&d=mm&r=g","caption":"Am\u00e9lie Capon"}}]}},"uagb_featured_image_src":{"full":["https:\/\/www.sweeek.fr\/blog\/wp-content\/uploads\/2022\/03\/choix-salon-jardin-bois.jpg",1024,682,false],"thumbnail":["https:\/\/www.sweeek.fr\/blog\/wp-content\/uploads\/2022\/03\/choix-salon-jardin-bois-150x150.jpg",150,150,true],"medium":["https:\/\/www.sweeek.fr\/blog\/wp-content\/uploads\/2022\/03\/choix-salon-jardin-bois-300x200.jpg",300,200,true],"medium_large":["https:\/\/www.sweeek.fr\/blog\/wp-content\/uploads\/2022\/03\/choix-salon-jardin-bois-768x512.jpg",768,512,true],"large":["https:\/\/www.sweeek.fr\/blog\/wp-content\/uploads\/2022\/03\/choix-salon-jardin-bois.jpg",1024,682,false],"1536x1536":["https:\/\/www.sweeek.fr\/blog\/wp-content\/uploads\/2022\/03\/choix-salon-jardin-bois.jpg",1024,682,false],"2048x2048":["https:\/\/www.sweeek.fr\/blog\/wp-content\/uploads\/2022\/03\/choix-salon-jardin-bois.jpg",1024,682,false],"ocean-thumb-m":["https:\/\/www.sweeek.fr\/blog\/wp-content\/uploads\/2022\/03\/choix-salon-jardin-bois-600x600.jpg",600,600,true],"ocean-thumb-ml":["https:\/\/www.sweeek.fr\/blog\/wp-content\/uploads\/2022\/03\/choix-salon-jardin-bois-800x450.jpg",800,450,true],"ocean-thumb-l":["https:\/\/www.sweeek.fr\/blog\/wp-content\/uploads\/2022\/03\/choix-salon-jardin-bois.jpg",1024,682,false]},"uagb_author_info":{"display_name":"Am\u00e9lie Capon","author_link":"https:\/\/www.sweeek.fr\/blog"},"uagb_comment_info":251,"uagb_excerpt":"Quoi de mieux qu&rsquo;un beau&nbsp;salon de jardin&nbsp;en bois pour \u00e9gayer sa terrasse ? Ce mat\u00e9riau noble est chaleureux, durable et r\u00e9siste aux intemp\u00e9ries ! Le&nbsp;bois&nbsp;peut \u00eatre associ\u00e9 \u00e0 diff\u00e9rentes mati\u00e8res comme le rotin, le verre et n&rsquo;avoir que sa structure en bois avec pour essence le&nbsp;pin, l&rsquo;eucalyptus, l&rsquo;acacia, le&nbsp;bois exotique&nbsp;ou le&nbsp;teck. Et si le bois\u2026","_links":{"self":[{"href":"https:\/\/www.sweeek.fr\/blog\/wp-json\/wp\/v2\/posts\/7031","targetHints":{"allow":["GET"]}}],"collection":[{"href":"https:\/\/www.sweeek.fr\/blog\/wp-json\/wp\/v2\/posts"}],"about":[{"href":"https:\/\/www.sweeek.fr\/blog\/wp-json\/wp\/v2\/types\/post"}],"author":[{"embeddable":true,"href":"https:\/\/www.sweeek.fr\/blog\/wp-json\/wp\/v2\/users\/4"}],"replies":[{"embeddable":true,"href":"https:\/\/www.sweeek.fr\/blog\/wp-json\/wp\/v2\/comments?post=7031"}],"version-history":[{"count":32,"href":"https:\/\/www.sweeek.fr\/blog\/wp-json\/wp\/v2\/posts\/7031\/revisions"}],"predecessor-version":[{"id":22587,"href":"https:\/\/www.sweeek.fr\/blog\/wp-json\/wp\/v2\/posts\/7031\/revisions\/22587"}],"wp:featuredmedia":[{"embeddable":true,"href":"https:\/\/www.sweeek.fr\/blog\/wp-json\/wp\/v2\/media\/18381"}],"wp:attachment":[{"href":"https:\/\/www.sweeek.fr\/blog\/wp-json\/wp\/v2\/media?parent=7031"}],"wp:term":[{"taxonomy":"category","embeddable":true,"href":"https:\/\/www.sweeek.fr\/blog\/wp-json\/wp\/v2\/categories?post=7031"},{"taxonomy":"post_tag","embeddable":true,"href":"https:\/\/www.sweeek.fr\/blog\/wp-json\/wp\/v2\/tags?post=7031"}],"curies":[{"name":"wp","href":"https:\/\/api.w.org\/{rel}","templated":true}]}}