{"id":5770,"date":"2021-06-15T10:55:57","date_gmt":"2021-06-15T08:55:57","guid":{"rendered":"https:\/\/www.sweeek.fr\/blog\/?p=5770"},"modified":"2026-01-14T16:19:04","modified_gmt":"2026-01-14T15:19:04","slug":"12-idees-deco-pour-habiller-son-mur-blanc","status":"publish","type":"post","link":"https:\/\/www.sweeek.fr\/blog\/12-idees-deco-pour-habiller-son-mur-blanc\/","title":{"rendered":"12 id\u00e9es pour habiller son mur blanc"},"content":{"rendered":"\n<p class=\"has-text-align-center\">En emm\u00e9nageant, une fois les meubles pos\u00e9s, on se retrouve vite avec des murs blancs tout fades ! Pour \u00e9gayer sa pi\u00e8ce et donner un peu de vie et de couleur, sans toujours d\u00e9corer de la m\u00eame mani\u00e8re, on vous r\u00e9capitule plusieurs id\u00e9es d\u00e9co ! Il y en a pour tous les budgets, des plus serr\u00e9s aux plus larges.&nbsp;<\/p>\n\n\n\n<h2 class=\"wp-block-heading\" id=\"tapis-mural\"><mark style=\"background-color:rgba(0, 0, 0, 0)\" class=\"has-inline-color has-black-color\">Tapis mural<\/mark><\/h2>\n\n\n\n<p>Vous trouverez des tapis muraux de toutes les couleurs, de tous les motifs, pour tous les go\u00fbts et tous les prix ! Ils sont sp\u00e9cialement con\u00e7us pour \u00eatre accroch\u00e9s au mur, et r\u00e9chauffent votre pi\u00e8ce. Ils existent de toutes les tailles mais sont g\u00e9n\u00e9ralement assez grands, allant la plupart du temps de 1,5m de longueur \u00e0 2,5 m\u00e8tres. Concernant les prix, vous pouvez vous en sortir pour moins de 15 euros, quand certaines co\u00fbteront plusieurs centaines d\u2019euros !<\/p>\n\n\n\n<figure class=\"wp-block-gallery has-nested-images columns-default is-cropped wp-block-gallery-1 is-layout-flex wp-block-gallery-is-layout-flex\" id=\"https:\/\/www.pinterest.fr\/pin\/1080512135567966354\/\">\n<figure class=\"wp-block-image size-large\"><img fetchpriority=\"high\" decoding=\"async\" width=\"564\" height=\"564\" data-id=\"5822\" src=\"https:\/\/www.sweeek.fr\/blog\/wp-content\/uploads\/2021\/06\/tenture-moderne.jpg\" alt=\"Tenture moderne\" class=\"wp-image-5822\" srcset=\"https:\/\/www.sweeek.fr\/blog\/wp-content\/uploads\/2021\/06\/tenture-moderne.jpg 564w, https:\/\/www.sweeek.fr\/blog\/wp-content\/uploads\/2021\/06\/tenture-moderne-300x300.jpg 300w, https:\/\/www.sweeek.fr\/blog\/wp-content\/uploads\/2021\/06\/tenture-moderne-150x150.jpg 150w, https:\/\/www.sweeek.fr\/blog\/wp-content\/uploads\/2021\/06\/tenture-moderne-550x550.jpg 550w, https:\/\/www.sweeek.fr\/blog\/wp-content\/uploads\/2021\/06\/tenture-moderne-100x100.jpg 100w\" sizes=\"(max-width: 564px) 100vw, 564px\" \/><\/figure>\n\n\n\n<figure class=\"wp-block-image size-large\"><img decoding=\"async\" width=\"564\" height=\"846\" data-id=\"5999\" src=\"https:\/\/www.sweeek.fr\/blog\/wp-content\/uploads\/2021\/06\/tapis-mural.jpg\" alt=\"teinture pour mur\" class=\"wp-image-5999\" srcset=\"https:\/\/www.sweeek.fr\/blog\/wp-content\/uploads\/2021\/06\/tapis-mural.jpg 564w, https:\/\/www.sweeek.fr\/blog\/wp-content\/uploads\/2021\/06\/tapis-mural-200x300.jpg 200w\" sizes=\"(max-width: 564px) 100vw, 564px\" \/><\/figure>\n\n\n\n<figure class=\"wp-block-image size-large\"><img decoding=\"async\" width=\"564\" height=\"752\" data-id=\"6000\" src=\"https:\/\/www.sweeek.fr\/blog\/wp-content\/uploads\/2021\/06\/tapis-mural-beige.jpg\" alt=\"teinture pour habiller mur\" class=\"wp-image-6000\" srcset=\"https:\/\/www.sweeek.fr\/blog\/wp-content\/uploads\/2021\/06\/tapis-mural-beige.jpg 564w, https:\/\/www.sweeek.fr\/blog\/wp-content\/uploads\/2021\/06\/tapis-mural-beige-225x300.jpg 225w\" sizes=\"(max-width: 564px) 100vw, 564px\" \/><\/figure>\n<\/figure>\n\n\n\n<p class=\"has-text-align-center has-small-font-size\">Cr\u00e9dit photo : @modernyarns.com,   @cotemaison.fr,   @clemaroundthecorner.com<\/p>\n\n\n\n<p><\/p>\n\n\n\n<h2 class=\"wp-block-heading\" id=\"une-echelle-de-plantes\"><mark style=\"background-color:rgba(0, 0, 0, 0)\" class=\"has-inline-color has-black-color\">Une \u00e9chelle de plantes<\/mark><\/h2>\n\n\n\n<p>Les \u00e9chelles de plantes sont pratiques car elles occupent le mur en hauteur mais pas en largeur ! Un atout si vous n\u2019avez pas \u00e9norm\u00e9ment de place chez vous. Vous pouvez y mettre plusieurs plantes et apporter un peu de vie \u00e0 votre int\u00e9rieur. Il en existe \u00e0 poser sur le mur, mais aussi \u00e0 accrocher au plafond horizontalement, avec des plantes qui descendent ! La plupart sont en bois, mais vous en trouverez aussi en m\u00e9tal. Dans le m\u00eame genre, on trouve aussi des portes plantes en hauteur (tous n\u2019y sont pas), une variante toute aussi jolie ! Les prix commencent \u00e0 30 euros pour les moins chers, mais vous devrez s\u00fbrement d\u00e9penser au moins 40 ou 50 euros.<\/p>\n\n\n\n<p><\/p>\n\n\n\n<figure class=\"wp-block-gallery aligncenter has-nested-images columns-default is-cropped wp-block-gallery-2 is-layout-flex wp-block-gallery-is-layout-flex\">\n<figure class=\"wp-block-image size-large\"><img loading=\"lazy\" decoding=\"async\" width=\"564\" height=\"752\" data-id=\"5799\" src=\"https:\/\/www.sweeek.fr\/blog\/wp-content\/uploads\/2021\/06\/echelle-verticale-plantes-1.jpg\" alt=\"\u00e9chelle \u00e0 plantes verticale\" class=\"wp-image-5799\" srcset=\"https:\/\/www.sweeek.fr\/blog\/wp-content\/uploads\/2021\/06\/echelle-verticale-plantes-1.jpg 564w, https:\/\/www.sweeek.fr\/blog\/wp-content\/uploads\/2021\/06\/echelle-verticale-plantes-1-225x300.jpg 225w\" sizes=\"(max-width: 564px) 100vw, 564px\" \/><\/figure>\n\n\n\n<figure class=\"wp-block-image size-large\"><img loading=\"lazy\" decoding=\"async\" width=\"415\" height=\"564\" data-id=\"5775\" src=\"https:\/\/www.sweeek.fr\/blog\/wp-content\/uploads\/2021\/06\/echelle-horizontale-plantes-e1623157331291.jpg\" alt=\"\u00e9chelle horizontale plantes\" class=\"wp-image-5775\" srcset=\"https:\/\/www.sweeek.fr\/blog\/wp-content\/uploads\/2021\/06\/echelle-horizontale-plantes-e1623157331291.jpg 415w, https:\/\/www.sweeek.fr\/blog\/wp-content\/uploads\/2021\/06\/echelle-horizontale-plantes-e1623157331291-221x300.jpg 221w\" sizes=\"(max-width: 415px) 100vw, 415px\" \/><\/figure>\n\n\n\n<figure class=\"wp-block-image size-large\"><img loading=\"lazy\" decoding=\"async\" width=\"564\" height=\"844\" data-id=\"5784\" src=\"https:\/\/www.sweeek.fr\/blog\/wp-content\/uploads\/2021\/06\/porte-plantes-verticale.jpg\" alt=\"porte plantes verticale\" class=\"wp-image-5784\" srcset=\"https:\/\/www.sweeek.fr\/blog\/wp-content\/uploads\/2021\/06\/porte-plantes-verticale.jpg 564w, https:\/\/www.sweeek.fr\/blog\/wp-content\/uploads\/2021\/06\/porte-plantes-verticale-200x300.jpg 200w\" sizes=\"(max-width: 564px) 100vw, 564px\" \/><\/figure>\n<\/figure>\n\n\n\n<p class=\"has-text-align-center has-small-font-size\">Cr\u00e9dit photo : @unesupermamanoupas.com,   @cotemaison.fr,   @teepots.fr<\/p>\n\n\n\n<p><\/p>\n\n\n\n<p><\/p>\n\n\n\n<h2 class=\"wp-block-heading\" id=\"les-cache-pots-muraux-jardinieres-suspendues\">Les cache-pots muraux, jardini\u00e8res suspendues<\/h2>\n\n\n\n<p class=\"has-text-align-left\">Dans le m\u00eame esprit que les \u00e9chelles de plantes et porte plantes, les caches pots muraux et les jardini\u00e8res suspendues apportent de la vie \u00e0 votre mur. Les cache-pots s\u2019accrochent au mur \u00e0 l\u2019aide d\u2019un clou, et les jardini\u00e8res gr\u00e2ce \u00e0 un crochet, et ne sont pas coll\u00e9s au mur. Au-dessus d&rsquo;un meuble, en groupe ou seuls, ils son tr\u00e8s beaux existent de toutes les couleurs, toutes les mati\u00e8res ! Un bon moyen de faire pousser ses plantes descendantes ! Leur installation est donc tr\u00e8s simple, et les premiers prix accessibles : de 10 \u00e0 20 euros l&rsquo;unit\u00e9.<\/p>\n\n\n\n<figure class=\"wp-block-gallery has-nested-images columns-default is-cropped wp-block-gallery-3 is-layout-flex wp-block-gallery-is-layout-flex\">\n<figure class=\"wp-block-image size-large\"><img loading=\"lazy\" decoding=\"async\" width=\"564\" height=\"846\" data-id=\"5827\" src=\"https:\/\/www.sweeek.fr\/blog\/wp-content\/uploads\/2021\/06\/cache-pot-mural.jpg\" alt=\"cache pots suspendus\" class=\"wp-image-5827\" srcset=\"https:\/\/www.sweeek.fr\/blog\/wp-content\/uploads\/2021\/06\/cache-pot-mural.jpg 564w, https:\/\/www.sweeek.fr\/blog\/wp-content\/uploads\/2021\/06\/cache-pot-mural-200x300.jpg 200w\" sizes=\"(max-width: 564px) 100vw, 564px\" \/><\/figure>\n\n\n\n<figure class=\"wp-block-image size-large\"><img loading=\"lazy\" decoding=\"async\" width=\"564\" height=\"846\" data-id=\"5829\" src=\"https:\/\/www.sweeek.fr\/blog\/wp-content\/uploads\/2021\/06\/jardinieres-suspendues-dorees-1.jpg\" alt=\"cache pots suspendus en m\u00e9tal\" class=\"wp-image-5829\" srcset=\"https:\/\/www.sweeek.fr\/blog\/wp-content\/uploads\/2021\/06\/jardinieres-suspendues-dorees-1.jpg 564w, https:\/\/www.sweeek.fr\/blog\/wp-content\/uploads\/2021\/06\/jardinieres-suspendues-dorees-1-200x300.jpg 200w\" sizes=\"(max-width: 564px) 100vw, 564px\" \/><\/figure>\n\n\n\n<figure class=\"wp-block-image size-large\"><img loading=\"lazy\" decoding=\"async\" width=\"490\" height=\"735\" data-id=\"5828\" src=\"https:\/\/www.sweeek.fr\/blog\/wp-content\/uploads\/2021\/06\/jardiniere-suspendue-macrame-1.jpg\" alt=\"cache pots en corde\" class=\"wp-image-5828\" srcset=\"https:\/\/www.sweeek.fr\/blog\/wp-content\/uploads\/2021\/06\/jardiniere-suspendue-macrame-1.jpg 490w, https:\/\/www.sweeek.fr\/blog\/wp-content\/uploads\/2021\/06\/jardiniere-suspendue-macrame-1-200x300.jpg 200w\" sizes=\"(max-width: 490px) 100vw, 490px\" \/><\/figure>\n<\/figure>\n\n\n\n<p class=\"has-text-align-center has-small-font-size\">Cr\u00e9dit photo : @guideastuces.com,   @marieclaire.fr   @canalvie.com<\/p>\n\n\n\n<h2 class=\"wp-block-heading\" id=\"suspensions-macrames\">Suspensions macram\u00e9s<\/h2>\n\n\n\n<p>Le macram\u00e9 est un tissu cr\u00e9\u00e9 \u00e0 partir de n\u0153uds de cordes. Les suspensions sont alors souvent beiges, mais sont parfois tremp\u00e9es dans de jolies couleurs, parfois avec des formes originales. Elles apportent un style boh\u00e8me \u00e0 votre d\u00e9coration et se marient parfaitement avec du bois ! Le macram\u00e9 existe \u00e9galement en jardini\u00e8res suspendues, comme ci-dessus, et vous pouvez m\u00eame les faire vous-m\u00eame ! Ce tissage peut se faire maison, avec de nombreuses techniques plus ou moins faciles. Les prix commencent \u00e0 moins de 10 euros selon les enseignes.<\/p>\n\n\n\n<figure class=\"wp-block-gallery has-nested-images columns-default is-cropped wp-block-gallery-4 is-layout-flex wp-block-gallery-is-layout-flex\">\n<figure class=\"wp-block-image size-large\"><img loading=\"lazy\" decoding=\"async\" width=\"564\" height=\"680\" data-id=\"5831\" src=\"https:\/\/www.sweeek.fr\/blog\/wp-content\/uploads\/2021\/06\/macrame-bleu.jpg\" alt=\"suspension macram\u00e9 en corde\" class=\"wp-image-5831\" srcset=\"https:\/\/www.sweeek.fr\/blog\/wp-content\/uploads\/2021\/06\/macrame-bleu.jpg 564w, https:\/\/www.sweeek.fr\/blog\/wp-content\/uploads\/2021\/06\/macrame-bleu-249x300.jpg 249w\" sizes=\"(max-width: 564px) 100vw, 564px\" \/><\/figure>\n\n\n\n<figure class=\"wp-block-image size-large\"><img loading=\"lazy\" decoding=\"async\" width=\"564\" height=\"564\" data-id=\"5832\" src=\"https:\/\/www.sweeek.fr\/blog\/wp-content\/uploads\/2021\/06\/macrame-hibou.jpg\" alt=\"suspension macram\u00e9 en forme d'hibou\" class=\"wp-image-5832\" srcset=\"https:\/\/www.sweeek.fr\/blog\/wp-content\/uploads\/2021\/06\/macrame-hibou.jpg 564w, https:\/\/www.sweeek.fr\/blog\/wp-content\/uploads\/2021\/06\/macrame-hibou-300x300.jpg 300w, https:\/\/www.sweeek.fr\/blog\/wp-content\/uploads\/2021\/06\/macrame-hibou-150x150.jpg 150w, https:\/\/www.sweeek.fr\/blog\/wp-content\/uploads\/2021\/06\/macrame-hibou-550x550.jpg 550w, https:\/\/www.sweeek.fr\/blog\/wp-content\/uploads\/2021\/06\/macrame-hibou-100x100.jpg 100w\" sizes=\"(max-width: 564px) 100vw, 564px\" \/><\/figure>\n\n\n\n<figure class=\"wp-block-image size-large\"><img loading=\"lazy\" decoding=\"async\" width=\"564\" height=\"846\" data-id=\"5833\" src=\"https:\/\/www.sweeek.fr\/blog\/wp-content\/uploads\/2021\/06\/macrame-jaune-et-blanc.jpg\" alt=\"suspension macram\u00e9 jaune et blanche \" class=\"wp-image-5833\" srcset=\"https:\/\/www.sweeek.fr\/blog\/wp-content\/uploads\/2021\/06\/macrame-jaune-et-blanc.jpg 564w, https:\/\/www.sweeek.fr\/blog\/wp-content\/uploads\/2021\/06\/macrame-jaune-et-blanc-200x300.jpg 200w\" sizes=\"(max-width: 564px) 100vw, 564px\" \/><\/figure>\n<\/figure>\n\n\n\n<p class=\"has-text-align-center has-small-font-size\">Cr\u00e9dit photo : @etsy.com, @etsy.com, @etsy.com<\/p>\n\n\n\n<p><\/p>\n\n\n\n<h2 class=\"wp-block-heading\" id=\"etageres-murales\">Etag\u00e8res murales<\/h2>\n\n\n\n<p>Les \u00e9tag\u00e8res murales se fixent au mur, et sont souvent en hauteur. Ainsi, vous pouvez les placer au-dessus des meubles avec des espaces vides au-dessus. De plus, vous pourrez y ranger beaucoup d\u2019objets : livres, bougies d\u00e9coratives, plantes, cadres\u2026 sans pour autant occuper de l\u2019espace au sol. Dans les renfoncements, on craque sur des <a href=\"https:\/\/www.sweeek.fr\/meubles-de-salon\/etagere-bibliotheque\">\u00e9tag\u00e8res<\/a> faites \u00e0 partir de planches de bois, avec un mur de couleur derri\u00e8re ! \u00c7a apporte de la gaiet\u00e9, de l\u2019originalit\u00e9, et \u00e7a comble parfaitement l\u2019espace vide. Une petite \u00e9tag\u00e8re au-dessus d\u2019un meuble pourra co\u00fbter 20 euros, mais les prix grimpent vite si vous en voulez plusieurs ou des plus grandes.<\/p>\n\n\n\n<figure class=\"wp-block-gallery has-nested-images columns-default is-cropped wp-block-gallery-5 is-layout-flex wp-block-gallery-is-layout-flex\">\n<figure class=\"wp-block-image size-large\"><img loading=\"lazy\" decoding=\"async\" width=\"564\" height=\"846\" data-id=\"5841\" src=\"https:\/\/www.sweeek.fr\/blog\/wp-content\/uploads\/2021\/06\/etageres-orignales-1.jpg\" alt=\"\u00e9tag\u00e8res murales sur 2 murs\" class=\"wp-image-5841\" srcset=\"https:\/\/www.sweeek.fr\/blog\/wp-content\/uploads\/2021\/06\/etageres-orignales-1.jpg 564w, https:\/\/www.sweeek.fr\/blog\/wp-content\/uploads\/2021\/06\/etageres-orignales-1-200x300.jpg 200w\" sizes=\"(max-width: 564px) 100vw, 564px\" \/><\/figure>\n\n\n\n<figure class=\"wp-block-image size-large\"><img loading=\"lazy\" decoding=\"async\" width=\"474\" height=\"711\" data-id=\"5839\" src=\"https:\/\/www.sweeek.fr\/blog\/wp-content\/uploads\/2021\/06\/etageres-planches-en-bois.jpg\" alt=\"\u00e9tag\u00e8res murales en bois \" class=\"wp-image-5839\" srcset=\"https:\/\/www.sweeek.fr\/blog\/wp-content\/uploads\/2021\/06\/etageres-planches-en-bois.jpg 474w, https:\/\/www.sweeek.fr\/blog\/wp-content\/uploads\/2021\/06\/etageres-planches-en-bois-200x300.jpg 200w\" sizes=\"(max-width: 474px) 100vw, 474px\" \/><\/figure>\n\n\n\n<figure class=\"wp-block-image size-large\"><img loading=\"lazy\" decoding=\"async\" width=\"457\" height=\"640\" data-id=\"5840\" src=\"https:\/\/www.sweeek.fr\/blog\/wp-content\/uploads\/2021\/06\/etageres-grand-rectangle.jpg\" alt=\"\u00e9tag\u00e8res casiers muraux \" class=\"wp-image-5840\" srcset=\"https:\/\/www.sweeek.fr\/blog\/wp-content\/uploads\/2021\/06\/etageres-grand-rectangle.jpg 457w, https:\/\/www.sweeek.fr\/blog\/wp-content\/uploads\/2021\/06\/etageres-grand-rectangle-214x300.jpg 214w\" sizes=\"(max-width: 457px) 100vw, 457px\" \/><\/figure>\n<\/figure>\n\n\n\n<p class=\"has-text-align-center has-small-font-size\">Cr\u00e9dit photo : @marieclaire.fr, @ellemixe.com, @buzzly.fr<\/p>\n\n\n\n<h2 class=\"wp-block-heading\" id=\"les-miroirs\">Les miroirs<\/h2>\n\n\n\n<p>Tout naturellement, les miroirs sont l\u2019objet d\u00e9co incontournable pour agr\u00e9menter votre mur ! Ronds, carr\u00e9s, rectangulaires, avec du bois ou du m\u00e9tal, ils agrandissent votre pi\u00e8ce tout en occupant parfois un grand espace. Vous pouvez en accoler plusieurs petits, ou en choisir un seul grand. De m\u00eame que pour les \u00e9tag\u00e8res murales, ils peuvent ne pas toucher le sol et ainsi se placer au-dessus des meubles de votre choix. Tr\u00e8s souvent une <a href=\"https:\/\/www.sweeek.fr\/meuble-d-entree\/console\">console<\/a>, un <a href=\"https:\/\/www.sweeek.fr\/meuble-salle-a-manger\/buffet-vaisselier\">buffet<\/a>\u2026 Cela dit, ils peuvent tr\u00e8s bien \u00eatre plac\u00e9s seuls et\/ ou toucher le sol. Certains tr\u00e8s simples pourront ne pas d\u00e9passer 10 euros, quand d\u2019autres co\u00fbteront plusieurs centaines d\u2019euros.<\/p>\n\n\n\n<figure class=\"wp-block-gallery has-nested-images columns-default is-cropped wp-block-gallery-6 is-layout-flex wp-block-gallery-is-layout-flex\">\n<figure class=\"wp-block-image size-large\"><img loading=\"lazy\" decoding=\"async\" width=\"563\" height=\"708\" data-id=\"5844\" src=\"https:\/\/www.sweeek.fr\/blog\/wp-content\/uploads\/2021\/06\/grand-miroir.jpg\" alt=\"grand miroir dans un salon \" class=\"wp-image-5844\" srcset=\"https:\/\/www.sweeek.fr\/blog\/wp-content\/uploads\/2021\/06\/grand-miroir.jpg 563w, https:\/\/www.sweeek.fr\/blog\/wp-content\/uploads\/2021\/06\/grand-miroir-239x300.jpg 239w\" sizes=\"(max-width: 563px) 100vw, 563px\" \/><\/figure>\n\n\n\n<figure class=\"wp-block-image size-large\"><img loading=\"lazy\" decoding=\"async\" width=\"563\" height=\"757\" data-id=\"5843\" src=\"https:\/\/www.sweeek.fr\/blog\/wp-content\/uploads\/2021\/06\/deux-miroirs.jpg\" alt=\"2 miroirs dans un int\u00e9rieur \" class=\"wp-image-5843\" srcset=\"https:\/\/www.sweeek.fr\/blog\/wp-content\/uploads\/2021\/06\/deux-miroirs.jpg 563w, https:\/\/www.sweeek.fr\/blog\/wp-content\/uploads\/2021\/06\/deux-miroirs-223x300.jpg 223w\" sizes=\"(max-width: 563px) 100vw, 563px\" \/><\/figure>\n\n\n\n<figure class=\"wp-block-image size-large\"><img loading=\"lazy\" decoding=\"async\" width=\"564\" height=\"846\" data-id=\"5845\" src=\"https:\/\/www.sweeek.fr\/blog\/wp-content\/uploads\/2021\/06\/mirori-rond-simple-grand.jpg\" alt=\"miroir rond dans un couloir\" class=\"wp-image-5845\" srcset=\"https:\/\/www.sweeek.fr\/blog\/wp-content\/uploads\/2021\/06\/mirori-rond-simple-grand.jpg 564w, https:\/\/www.sweeek.fr\/blog\/wp-content\/uploads\/2021\/06\/mirori-rond-simple-grand-200x300.jpg 200w\" sizes=\"(max-width: 564px) 100vw, 564px\" \/><\/figure>\n<\/figure>\n\n\n\n<p class=\"has-text-align-center has-small-font-size\">Cr\u00e9dit photo : @homelisty.com, @jolijolidesign.com, @cotemaison.fr<\/p>\n\n\n\n<h2 class=\"wp-block-heading\" id=\"les-moulures\">Les moulures<\/h2>\n\n\n\n<p>Au mur ou au plafond, elles apportent du chic \u00e0 votre int\u00e9rieur, sans pour autant \u00eatre forc\u00e9ment on\u00e9reuses. Fixez les baguettes \u00e0 votre mur de la mani\u00e8re que vous voulez : faites le tour de votre plafond, ou des grands rectangles sur votre mur. Certains mod\u00e8les plus sophistiqu\u00e9s demanderont cependant un petit investissement. Des baguettes simples auront un prix de 10 \u00e0 15 euros le m\u00e8tre, et les plus originales une centaine. Cela dit, vous en trouverez de tr\u00e8s belles \u00e0 des prix raisonnables ! Pour un peu plus d\u2019originalit\u00e9, vous pouvez m\u00eame acheter de tr\u00e8s beaux angles pour les rectangles, choisir de mettre deux lignes de moulure, ou encore poser une \u00e9tag\u00e8re juste au-dessus, comme ci-dessous !<\/p>\n\n\n\n<figure class=\"wp-block-gallery has-nested-images columns-default is-cropped wp-block-gallery-7 is-layout-flex wp-block-gallery-is-layout-flex\">\n<figure class=\"wp-block-image size-large\"><img loading=\"lazy\" decoding=\"async\" width=\"564\" height=\"850\" data-id=\"5846\" src=\"https:\/\/www.sweeek.fr\/blog\/wp-content\/uploads\/2021\/06\/doubles-moulures.jpg\" alt=\"moulures dans un salon \" class=\"wp-image-5846\" srcset=\"https:\/\/www.sweeek.fr\/blog\/wp-content\/uploads\/2021\/06\/doubles-moulures.jpg 564w, https:\/\/www.sweeek.fr\/blog\/wp-content\/uploads\/2021\/06\/doubles-moulures-199x300.jpg 199w\" sizes=\"(max-width: 564px) 100vw, 564px\" \/><\/figure>\n\n\n\n<figure class=\"wp-block-image size-large\"><img loading=\"lazy\" decoding=\"async\" width=\"564\" height=\"846\" data-id=\"5848\" src=\"https:\/\/www.sweeek.fr\/blog\/wp-content\/uploads\/2021\/06\/moulures-coins-originaux.jpg\" alt=\"moulures dans une chambre \" class=\"wp-image-5848\" srcset=\"https:\/\/www.sweeek.fr\/blog\/wp-content\/uploads\/2021\/06\/moulures-coins-originaux.jpg 564w, https:\/\/www.sweeek.fr\/blog\/wp-content\/uploads\/2021\/06\/moulures-coins-originaux-200x300.jpg 200w\" sizes=\"(max-width: 564px) 100vw, 564px\" \/><\/figure>\n\n\n\n<figure class=\"wp-block-image size-large\"><img loading=\"lazy\" decoding=\"async\" width=\"564\" height=\"846\" data-id=\"5847\" src=\"https:\/\/www.sweeek.fr\/blog\/wp-content\/uploads\/2021\/06\/moulures-avec-etageres-au-dessus.jpg\" alt=\"moulures bas du mur \" class=\"wp-image-5847\" srcset=\"https:\/\/www.sweeek.fr\/blog\/wp-content\/uploads\/2021\/06\/moulures-avec-etageres-au-dessus.jpg 564w, https:\/\/www.sweeek.fr\/blog\/wp-content\/uploads\/2021\/06\/moulures-avec-etageres-au-dessus-200x300.jpg 200w\" sizes=\"(max-width: 564px) 100vw, 564px\" \/><\/figure>\n<\/figure>\n\n\n\n<p class=\"has-text-align-center has-small-font-size\">Cr\u00e9dit photo : @houseologie.com, @homelisty.com,  @homelisty.com <\/p>\n\n\n\n<h2 class=\"wp-block-heading\" id=\"les-fausses-cheminees\">Les fausses chemin\u00e9es<\/h2>\n\n\n\n<p>Les fausses chemin\u00e9es sont tr\u00e8s esth\u00e9tiques, et peuvent \u00eatre modernes ou classiques. Elles occupent votre mur si vous avez un espace vide au sol, et vous pouvez y poser divers objets d\u00e9coratifs. Au-dessus, compl\u00e9tez avec les objets de d\u00e9coration cit\u00e9s dans cet article, et le tour est jou\u00e9 ! Vous devrez d\u00e9bourser plus d\u2019une centaine d\u2019euros pour une fausse chemin\u00e9e, mais le r\u00e9sultat sera forc\u00e9ment tr\u00e8s beau !<\/p>\n\n\n\n<figure class=\"wp-block-gallery has-nested-images columns-default is-cropped wp-block-gallery-8 is-layout-flex wp-block-gallery-is-layout-flex\">\n<figure class=\"wp-block-image size-large\"><img loading=\"lazy\" decoding=\"async\" width=\"564\" height=\"846\" data-id=\"5870\" src=\"https:\/\/www.sweeek.fr\/blog\/wp-content\/uploads\/2021\/06\/cheminee-avec-du-gris.jpg\" alt=\"chemin\u00e9e blanche \" class=\"wp-image-5870\" srcset=\"https:\/\/www.sweeek.fr\/blog\/wp-content\/uploads\/2021\/06\/cheminee-avec-du-gris.jpg 564w, https:\/\/www.sweeek.fr\/blog\/wp-content\/uploads\/2021\/06\/cheminee-avec-du-gris-200x300.jpg 200w\" sizes=\"(max-width: 564px) 100vw, 564px\" \/><\/figure>\n\n\n\n<figure class=\"wp-block-image size-large\"><img loading=\"lazy\" decoding=\"async\" width=\"564\" height=\"756\" data-id=\"5871\" src=\"https:\/\/www.sweeek.fr\/blog\/wp-content\/uploads\/2021\/06\/cheminee-en-bois.jpg\" alt=\"chemin\u00e9e en bois \" class=\"wp-image-5871\" srcset=\"https:\/\/www.sweeek.fr\/blog\/wp-content\/uploads\/2021\/06\/cheminee-en-bois.jpg 564w, https:\/\/www.sweeek.fr\/blog\/wp-content\/uploads\/2021\/06\/cheminee-en-bois-224x300.jpg 224w\" sizes=\"(max-width: 564px) 100vw, 564px\" \/><\/figure>\n\n\n\n<figure class=\"wp-block-image size-large\"><img loading=\"lazy\" decoding=\"async\" width=\"564\" height=\"845\" data-id=\"5873\" src=\"https:\/\/www.sweeek.fr\/blog\/wp-content\/uploads\/2021\/06\/cheminee-avec-beau-parquet.jpg\" alt=\"chemin\u00e9e blanche \" class=\"wp-image-5873\" srcset=\"https:\/\/www.sweeek.fr\/blog\/wp-content\/uploads\/2021\/06\/cheminee-avec-beau-parquet.jpg 564w, https:\/\/www.sweeek.fr\/blog\/wp-content\/uploads\/2021\/06\/cheminee-avec-beau-parquet-200x300.jpg 200w\" sizes=\"(max-width: 564px) 100vw, 564px\" \/><\/figure>\n<\/figure>\n\n\n\n<p class=\"has-text-align-center has-small-font-size\">Cr\u00e9dit photo : @goodhousekeeping.com, @archzine.fr, @desironlizen.com<\/p>\n\n\n\n<h2 class=\"wp-block-heading\" id=\"stickers-muraux-et-papier-peint-panoramique\">Stickers muraux et papier peint panoramique<\/h2>\n\n\n\n<p>Accessibles, les stickers muraux peuvent m\u00eame \u00eatre personnalis\u00e9s. Vous trouverez de nombreux mod\u00e8les de plantes, mais aussi des cartes du monde, carreaux et autres dessins. C&rsquo;est un tr\u00e8s beau moyen d&rsquo;\u00e9gayer la chambre de son enfant. Avec des prix allant 10 \u00e0 40 euros en g\u00e9n\u00e9ral, vous pouvez facilement trouver votre bonheur sans vous ruiner ! Quant au papier peint panoramique, il est un peu plus on\u00e9reux : les prix commencent \u00e0 30 euros le m\u00b2. Cela dit, il a un effet beaucoup plus moderne, il est beaucoup plus grand et vous avez \u00e9norm\u00e9ment de choix !<\/p>\n\n\n\n<figure class=\"wp-block-gallery has-nested-images columns-default is-cropped wp-block-gallery-9 is-layout-flex wp-block-gallery-is-layout-flex\">\n<figure class=\"wp-block-image size-large\"><img loading=\"lazy\" decoding=\"async\" width=\"236\" height=\"301\" data-id=\"5853\" src=\"https:\/\/www.sweeek.fr\/blog\/wp-content\/uploads\/2021\/06\/stickers-tableau-vague-1.jpg\" alt=\"papier peint vague dans une chambre\" class=\"wp-image-5853\"\/><\/figure>\n\n\n\n<figure class=\"wp-block-image size-large\"><img loading=\"lazy\" decoding=\"async\" width=\"316\" height=\"410\" data-id=\"6002\" src=\"https:\/\/www.sweeek.fr\/blog\/wp-content\/uploads\/2021\/06\/papier-peint-pano.jpg\" alt=\"papier peint jungle \" class=\"wp-image-6002\" srcset=\"https:\/\/www.sweeek.fr\/blog\/wp-content\/uploads\/2021\/06\/papier-peint-pano.jpg 316w, https:\/\/www.sweeek.fr\/blog\/wp-content\/uploads\/2021\/06\/papier-peint-pano-231x300.jpg 231w\" sizes=\"(max-width: 316px) 100vw, 316px\" \/><\/figure>\n\n\n\n<figure class=\"wp-block-image size-large\"><img loading=\"lazy\" decoding=\"async\" width=\"564\" height=\"753\" data-id=\"5851\" src=\"https:\/\/www.sweeek.fr\/blog\/wp-content\/uploads\/2021\/06\/stickers-palnte.jpg\" alt=\"papier peint branches \" class=\"wp-image-5851\" srcset=\"https:\/\/www.sweeek.fr\/blog\/wp-content\/uploads\/2021\/06\/stickers-palnte.jpg 564w, https:\/\/www.sweeek.fr\/blog\/wp-content\/uploads\/2021\/06\/stickers-palnte-225x300.jpg 225w\" sizes=\"(max-width: 564px) 100vw, 564px\" \/><\/figure>\n<\/figure>\n\n\n\n<p class=\"has-text-align-center has-small-font-size\">Cr\u00e9dit photo : @stickerbrand.com, @lejournaldelamaison.fr, @meletkio<\/p>\n\n\n\n<h2 class=\"wp-block-heading\" id=\"cadres-photos-et-affiches\">Cadres photos et affiches<\/h2>\n\n\n\n<p>Accrochez des photos et affiches dans de jolis cadres, soit originaux soit simples, soit seuls soit en groupe. En en superposant de diff\u00e9rentes tailles, vous pouvez couvrir une grande partie de votre mur, et apporter beaucoup de couleur ou de sobri\u00e9t\u00e9, au choix. Horizontalement ou verticalement, vous pouvez obtenir diverses formes ! Pour avoir quelques id\u00e9es d&rsquo;agencement, on vous propose ci-dessous un dessin avec plusieurs solutions. Sinon, vous pouvez aussi opter pour des p\u00eale-m\u00eales (cadres avec accroches pour photo) et y mettre plusieurs petites photos que vous avez d\u00e9velopp\u00e9es. Les affiches se trouvent \u00e0 tous les prix, et les cadres \u00e9galement, \u00e0 partir de 10 euros pour les cadres et de 5 pour les affiches.<\/p>\n\n\n\n<figure class=\"wp-block-gallery has-nested-images columns-default is-cropped wp-block-gallery-10 is-layout-flex wp-block-gallery-is-layout-flex\">\n<figure class=\"wp-block-image size-large\"><img loading=\"lazy\" decoding=\"async\" width=\"561\" height=\"749\" data-id=\"5855\" src=\"https:\/\/www.sweeek.fr\/blog\/wp-content\/uploads\/2021\/06\/deux-grands-cadres.jpg\" alt=\"cadres avec photos \" class=\"wp-image-5855\" srcset=\"https:\/\/www.sweeek.fr\/blog\/wp-content\/uploads\/2021\/06\/deux-grands-cadres.jpg 561w, https:\/\/www.sweeek.fr\/blog\/wp-content\/uploads\/2021\/06\/deux-grands-cadres-225x300.jpg 225w\" sizes=\"(max-width: 561px) 100vw, 561px\" \/><\/figure>\n\n\n\n<figure class=\"wp-block-image size-large\"><img loading=\"lazy\" decoding=\"async\" width=\"396\" height=\"512\" data-id=\"5856\" src=\"https:\/\/www.sweeek.fr\/blog\/wp-content\/uploads\/2021\/06\/image-sur-comment-placer-cadres.jpg\" alt=\"exemples de disposition de cadre \" class=\"wp-image-5856\" srcset=\"https:\/\/www.sweeek.fr\/blog\/wp-content\/uploads\/2021\/06\/image-sur-comment-placer-cadres.jpg 396w, https:\/\/www.sweeek.fr\/blog\/wp-content\/uploads\/2021\/06\/image-sur-comment-placer-cadres-232x300.jpg 232w\" sizes=\"(max-width: 396px) 100vw, 396px\" \/><\/figure>\n\n\n\n<figure class=\"wp-block-image size-large\"><img loading=\"lazy\" decoding=\"async\" width=\"444\" height=\"600\" data-id=\"5858\" src=\"https:\/\/www.sweeek.fr\/blog\/wp-content\/uploads\/2021\/06\/quatre-cadres.jpg\" alt=\"cadres sur mur \" class=\"wp-image-5858\" srcset=\"https:\/\/www.sweeek.fr\/blog\/wp-content\/uploads\/2021\/06\/quatre-cadres.jpg 444w, https:\/\/www.sweeek.fr\/blog\/wp-content\/uploads\/2021\/06\/quatre-cadres-222x300.jpg 222w\" sizes=\"(max-width: 444px) 100vw, 444px\" \/><\/figure>\n<\/figure>\n\n\n\n<p class=\"has-text-align-center has-small-font-size\">Cr\u00e9dit photo : @joliplace.com, @phototrend.fr, @lejournaldelamaison.fr<\/p>\n\n\n\n<p><\/p>\n\n\n\n<h2 class=\"wp-block-heading\" id=\"horloges\">Horloges<\/h2>\n\n\n\n<p>Les horloges n\u2019ont certes plus une grande utilit\u00e9 depuis l\u2019arriv\u00e9e des t\u00e9l\u00e9phones, mais elles sont toujours esth\u00e9tiques ! Il existe de grandes et belles horloges \u00e0 accrocher qui d\u00e9coreront vos murs. Elles se trouvent \u00e0 partir de 10 euros, mais pour les horloges d\u00e9coratives il faudra en g\u00e9n\u00e9ral d\u00e9bourser 20 ou 30 euros.<\/p>\n\n\n\n<figure class=\"wp-block-gallery has-nested-images columns-default is-cropped wp-block-gallery-11 is-layout-flex wp-block-gallery-is-layout-flex\">\n<figure class=\"wp-block-image size-large\"><img loading=\"lazy\" decoding=\"async\" width=\"564\" height=\"564\" data-id=\"5868\" src=\"https:\/\/www.sweeek.fr\/blog\/wp-content\/uploads\/2021\/06\/horloge-marine.jpg\" alt=\"horloge ronde pos\u00e9e \" class=\"wp-image-5868\" srcset=\"https:\/\/www.sweeek.fr\/blog\/wp-content\/uploads\/2021\/06\/horloge-marine.jpg 564w, https:\/\/www.sweeek.fr\/blog\/wp-content\/uploads\/2021\/06\/horloge-marine-300x300.jpg 300w, https:\/\/www.sweeek.fr\/blog\/wp-content\/uploads\/2021\/06\/horloge-marine-150x150.jpg 150w, https:\/\/www.sweeek.fr\/blog\/wp-content\/uploads\/2021\/06\/horloge-marine-550x550.jpg 550w, https:\/\/www.sweeek.fr\/blog\/wp-content\/uploads\/2021\/06\/horloge-marine-100x100.jpg 100w\" sizes=\"(max-width: 564px) 100vw, 564px\" \/><\/figure>\n\n\n\n<figure class=\"wp-block-image size-large\"><img loading=\"lazy\" decoding=\"async\" width=\"564\" height=\"702\" data-id=\"5863\" src=\"https:\/\/www.sweeek.fr\/blog\/wp-content\/uploads\/2021\/06\/horloge-10h10-1-e1623742167863.jpg\" alt=\"horloge num\u00e9rique murale \" class=\"wp-image-5863\" srcset=\"https:\/\/www.sweeek.fr\/blog\/wp-content\/uploads\/2021\/06\/horloge-10h10-1-e1623742167863.jpg 564w, https:\/\/www.sweeek.fr\/blog\/wp-content\/uploads\/2021\/06\/horloge-10h10-1-e1623742167863-241x300.jpg 241w\" sizes=\"(max-width: 564px) 100vw, 564px\" \/><\/figure>\n\n\n\n<figure class=\"wp-block-image size-large\"><img loading=\"lazy\" decoding=\"async\" width=\"564\" height=\"564\" data-id=\"5864\" src=\"https:\/\/www.sweeek.fr\/blog\/wp-content\/uploads\/2021\/06\/horloge-chiffres-separes.jpg\" alt=\"horloge originale \" class=\"wp-image-5864\" srcset=\"https:\/\/www.sweeek.fr\/blog\/wp-content\/uploads\/2021\/06\/horloge-chiffres-separes.jpg 564w, https:\/\/www.sweeek.fr\/blog\/wp-content\/uploads\/2021\/06\/horloge-chiffres-separes-300x300.jpg 300w, https:\/\/www.sweeek.fr\/blog\/wp-content\/uploads\/2021\/06\/horloge-chiffres-separes-150x150.jpg 150w, https:\/\/www.sweeek.fr\/blog\/wp-content\/uploads\/2021\/06\/horloge-chiffres-separes-550x550.jpg 550w, https:\/\/www.sweeek.fr\/blog\/wp-content\/uploads\/2021\/06\/horloge-chiffres-separes-100x100.jpg 100w\" sizes=\"(max-width: 564px) 100vw, 564px\" \/><\/figure>\n<\/figure>\n\n\n\n<p class=\"has-text-align-center has-small-font-size\">Cr\u00e9dit photo : @oceanclock.com, @lacorbeille.fr, @horloge-mercier.com<\/p>\n\n\n\n<h2 class=\"wp-block-heading\" id=\"sans-oublier-l-exterieur\">Sans oublier l&rsquo;ext\u00e9rieur<\/h2>\n\n\n\n<p>N&rsquo;oublions pas l&rsquo;ext\u00e9rieur ! Sur votre balcon ou sur votre terrasse, les murs manquent souvent de saveur. Pour r\u00e9soudre le probl\u00e8me, voici quelques id\u00e9es d\u00e9co sp\u00e9cialement con\u00e7ues pour l&rsquo;ext\u00e9rieur, que vous pourrez laisser dehors sans aucun risque ! En plus de ces objets d\u00e9co \u00e0 accrocher, vous pouvez aussi opter pour des chapeaux, toujours \u00e0 l&rsquo;ext\u00e9rieur mais aussi \u00e0 l&rsquo;int\u00e9rieur !<\/p>\n\n\n\n<figure class=\"wp-block-gallery has-nested-images columns-default is-cropped wp-block-gallery-12 is-layout-flex wp-block-gallery-is-layout-flex\">\n<figure class=\"wp-block-image size-large\"><img loading=\"lazy\" decoding=\"async\" width=\"1024\" height=\"1024\" data-id=\"5874\" src=\"https:\/\/www.sweeek.fr\/blog\/wp-content\/uploads\/2021\/06\/FAMILLE-BAIN-DE-SOLEIL_01-1024x1024.jpg\" alt=\"transat sweeek vert d'eau \" class=\"wp-image-5874\" srcset=\"https:\/\/www.sweeek.fr\/blog\/wp-content\/uploads\/2021\/06\/FAMILLE-BAIN-DE-SOLEIL_01-1024x1024.jpg 1024w, https:\/\/www.sweeek.fr\/blog\/wp-content\/uploads\/2021\/06\/FAMILLE-BAIN-DE-SOLEIL_01-300x300.jpg 300w, https:\/\/www.sweeek.fr\/blog\/wp-content\/uploads\/2021\/06\/FAMILLE-BAIN-DE-SOLEIL_01-150x150.jpg 150w, https:\/\/www.sweeek.fr\/blog\/wp-content\/uploads\/2021\/06\/FAMILLE-BAIN-DE-SOLEIL_01-768x768.jpg 768w, https:\/\/www.sweeek.fr\/blog\/wp-content\/uploads\/2021\/06\/FAMILLE-BAIN-DE-SOLEIL_01-1536x1536.jpg 1536w, https:\/\/www.sweeek.fr\/blog\/wp-content\/uploads\/2021\/06\/FAMILLE-BAIN-DE-SOLEIL_01-2048x2048.jpg 2048w, https:\/\/www.sweeek.fr\/blog\/wp-content\/uploads\/2021\/06\/FAMILLE-BAIN-DE-SOLEIL_01-550x550.jpg 550w, https:\/\/www.sweeek.fr\/blog\/wp-content\/uploads\/2021\/06\/FAMILLE-BAIN-DE-SOLEIL_01-1100x1100.jpg 1100w, https:\/\/www.sweeek.fr\/blog\/wp-content\/uploads\/2021\/06\/FAMILLE-BAIN-DE-SOLEIL_01-600x600.jpg 600w, https:\/\/www.sweeek.fr\/blog\/wp-content\/uploads\/2021\/06\/FAMILLE-BAIN-DE-SOLEIL_01-100x100.jpg 100w\" sizes=\"(max-width: 1024px) 100vw, 1024px\" \/><\/figure>\n\n\n\n<figure class=\"wp-block-image size-large\"><img loading=\"lazy\" decoding=\"async\" width=\"1024\" height=\"1024\" data-id=\"5877\" src=\"https:\/\/www.sweeek.fr\/blog\/wp-content\/uploads\/2021\/06\/SALON-5-RESINE-GRISE-COUSSIN-GRIS_08-1024x1024.jpg\" alt=\"salon de jardin d'angle sweeek \" class=\"wp-image-5877\" srcset=\"https:\/\/www.sweeek.fr\/blog\/wp-content\/uploads\/2021\/06\/SALON-5-RESINE-GRISE-COUSSIN-GRIS_08-1024x1024.jpg 1024w, https:\/\/www.sweeek.fr\/blog\/wp-content\/uploads\/2021\/06\/SALON-5-RESINE-GRISE-COUSSIN-GRIS_08-300x300.jpg 300w, https:\/\/www.sweeek.fr\/blog\/wp-content\/uploads\/2021\/06\/SALON-5-RESINE-GRISE-COUSSIN-GRIS_08-150x150.jpg 150w, https:\/\/www.sweeek.fr\/blog\/wp-content\/uploads\/2021\/06\/SALON-5-RESINE-GRISE-COUSSIN-GRIS_08-768x768.jpg 768w, https:\/\/www.sweeek.fr\/blog\/wp-content\/uploads\/2021\/06\/SALON-5-RESINE-GRISE-COUSSIN-GRIS_08-1536x1536.jpg 1536w, https:\/\/www.sweeek.fr\/blog\/wp-content\/uploads\/2021\/06\/SALON-5-RESINE-GRISE-COUSSIN-GRIS_08-2048x2048.jpg 2048w, https:\/\/www.sweeek.fr\/blog\/wp-content\/uploads\/2021\/06\/SALON-5-RESINE-GRISE-COUSSIN-GRIS_08-550x550.jpg 550w, https:\/\/www.sweeek.fr\/blog\/wp-content\/uploads\/2021\/06\/SALON-5-RESINE-GRISE-COUSSIN-GRIS_08-1100x1100.jpg 1100w, https:\/\/www.sweeek.fr\/blog\/wp-content\/uploads\/2021\/06\/SALON-5-RESINE-GRISE-COUSSIN-GRIS_08-600x600.jpg 600w, https:\/\/www.sweeek.fr\/blog\/wp-content\/uploads\/2021\/06\/SALON-5-RESINE-GRISE-COUSSIN-GRIS_08-100x100.jpg 100w\" sizes=\"(max-width: 1024px) 100vw, 1024px\" \/><\/figure>\n\n\n\n<figure class=\"wp-block-image size-large\"><img loading=\"lazy\" decoding=\"async\" width=\"1024\" height=\"1024\" data-id=\"5876\" src=\"https:\/\/www.sweeek.fr\/blog\/wp-content\/uploads\/2021\/06\/FAMILLE-PARASOL_01-1024x1024.jpg\" alt=\"table de jardin en aluminium sweeek \" class=\"wp-image-5876\" srcset=\"https:\/\/www.sweeek.fr\/blog\/wp-content\/uploads\/2021\/06\/FAMILLE-PARASOL_01-1024x1024.jpg 1024w, https:\/\/www.sweeek.fr\/blog\/wp-content\/uploads\/2021\/06\/FAMILLE-PARASOL_01-300x300.jpg 300w, https:\/\/www.sweeek.fr\/blog\/wp-content\/uploads\/2021\/06\/FAMILLE-PARASOL_01-150x150.jpg 150w, https:\/\/www.sweeek.fr\/blog\/wp-content\/uploads\/2021\/06\/FAMILLE-PARASOL_01-768x768.jpg 768w, https:\/\/www.sweeek.fr\/blog\/wp-content\/uploads\/2021\/06\/FAMILLE-PARASOL_01-1536x1536.jpg 1536w, https:\/\/www.sweeek.fr\/blog\/wp-content\/uploads\/2021\/06\/FAMILLE-PARASOL_01-2048x2048.jpg 2048w, https:\/\/www.sweeek.fr\/blog\/wp-content\/uploads\/2021\/06\/FAMILLE-PARASOL_01-550x550.jpg 550w, https:\/\/www.sweeek.fr\/blog\/wp-content\/uploads\/2021\/06\/FAMILLE-PARASOL_01-1100x1100.jpg 1100w, https:\/\/www.sweeek.fr\/blog\/wp-content\/uploads\/2021\/06\/FAMILLE-PARASOL_01-600x600.jpg 600w, https:\/\/www.sweeek.fr\/blog\/wp-content\/uploads\/2021\/06\/FAMILLE-PARASOL_01-100x100.jpg 100w\" sizes=\"(max-width: 1024px) 100vw, 1024px\" \/><\/figure>\n<\/figure>\n\n\n\n<p class=\"has-text-align-center has-small-font-size\">Cr\u00e9dit photo : @sweeek, @sweeek, @sweeek <\/p>\n","protected":false},"excerpt":{"rendered":"<p>En emm\u00e9nageant, une fois les meubles pos\u00e9s, on se retrouve vite avec des murs blancs tout fades ! Pour \u00e9gayer sa pi\u00e8ce et donner un peu de vie\u2026<\/p>\n","protected":false},"author":1,"featured_media":19837,"comment_status":"open","ping_status":"open","sticky":false,"template":"","format":"standard","meta":{"inline_featured_image":false,"_uag_custom_page_level_css":"","ocean_post_layout":"","ocean_both_sidebars_style":"","ocean_both_sidebars_content_width":0,"ocean_both_sidebars_sidebars_width":0,"ocean_sidebar":"0","ocean_second_sidebar":"0","ocean_disable_margins":"enable","ocean_add_body_class":"","ocean_shortcode_before_top_bar":"","ocean_shortcode_after_top_bar":"","ocean_shortcode_before_header":"","ocean_shortcode_after_header":"","ocean_has_shortcode":"","ocean_shortcode_after_title":"","ocean_shortcode_before_footer_widgets":"","ocean_shortcode_after_footer_widgets":"","ocean_shortcode_before_footer_bottom":"","ocean_shortcode_after_footer_bottom":"","ocean_display_top_bar":"default","ocean_display_header":"default","ocean_header_style":"","ocean_center_header_left_menu":"0","ocean_custom_header_template":"0","ocean_custom_logo":0,"ocean_custom_retina_logo":0,"ocean_custom_logo_max_width":0,"ocean_custom_logo_tablet_max_width":0,"ocean_custom_logo_mobile_max_width":0,"ocean_custom_logo_max_height":0,"ocean_custom_logo_tablet_max_height":0,"ocean_custom_logo_mobile_max_height":0,"ocean_header_custom_menu":"0","ocean_menu_typo_font_family":"0","ocean_menu_typo_font_subset":"","ocean_menu_typo_font_size":0,"ocean_menu_typo_font_size_tablet":0,"ocean_menu_typo_font_size_mobile":0,"ocean_menu_typo_font_size_unit":"px","ocean_menu_typo_font_weight":"","ocean_menu_typo_font_weight_tablet":"","ocean_menu_typo_font_weight_mobile":"","ocean_menu_typo_transform":"","ocean_menu_typo_transform_tablet":"","ocean_menu_typo_transform_mobile":"","ocean_menu_typo_line_height":0,"ocean_menu_typo_line_height_tablet":0,"ocean_menu_typo_line_height_mobile":0,"ocean_menu_typo_line_height_unit":"","ocean_menu_typo_spacing":0,"ocean_menu_typo_spacing_tablet":0,"ocean_menu_typo_spacing_mobile":0,"ocean_menu_typo_spacing_unit":"","ocean_menu_link_color":"","ocean_menu_link_color_hover":"","ocean_menu_link_color_active":"","ocean_menu_link_background":"","ocean_menu_link_hover_background":"","ocean_menu_link_active_background":"","ocean_menu_social_links_bg":"","ocean_menu_social_hover_links_bg":"","ocean_menu_social_links_color":"","ocean_menu_social_hover_links_color":"","ocean_disable_title":"default","ocean_disable_heading":"default","ocean_post_title":"","ocean_post_subheading":"","ocean_post_title_style":"","ocean_post_title_background_color":"","ocean_post_title_background":0,"ocean_post_title_bg_image_position":"","ocean_post_title_bg_image_attachment":"","ocean_post_title_bg_image_repeat":"","ocean_post_title_bg_image_size":"","ocean_post_title_height":0,"ocean_post_title_bg_overlay":0.5,"ocean_post_title_bg_overlay_color":"","ocean_disable_breadcrumbs":"default","ocean_breadcrumbs_color":"","ocean_breadcrumbs_separator_color":"","ocean_breadcrumbs_links_color":"","ocean_breadcrumbs_links_hover_color":"","ocean_display_footer_widgets":"default","ocean_display_footer_bottom":"default","ocean_custom_footer_template":"0","ocean_post_oembed":"","ocean_post_self_hosted_media":"","ocean_post_video_embed":"","ocean_link_format":"","ocean_link_format_target":"self","ocean_quote_format":"","ocean_quote_format_link":"post","ocean_gallery_link_images":"off","ocean_gallery_id":[],"footnotes":""},"categories":[374],"tags":[],"class_list":["post-5770","post","type-post","status-publish","format-standard","has-post-thumbnail","hentry","category-tendances","entry","has-media"],"yoast_head":"<!-- This site is optimized with the Yoast SEO plugin v27.5 - https:\/\/yoast.com\/product\/yoast-seo-wordpress\/ -->\n<title>12 id\u00e9es pour habiller son mur blanc &#8211; Les Conseils sweeek<\/title>\n<meta name=\"description\" content=\"Vous avez un mur blanc et vous ne savez pas comment le d\u00e9corer ? sweeek partage 12 conseils qui vont vous aider !\" \/>\n<meta name=\"robots\" content=\"index, follow, max-snippet:-1, max-image-preview:large, max-video-preview:-1\" \/>\n<link rel=\"canonical\" href=\"https:\/\/www.sweeek.fr\/blog\/12-idees-deco-pour-habiller-son-mur-blanc\/\" \/>\n<meta property=\"og:locale\" content=\"fr_FR\" \/>\n<meta property=\"og:type\" content=\"article\" \/>\n<meta property=\"og:title\" content=\"12 id\u00e9es pour habiller son mur blanc &#8211; Les Conseils sweeek\" \/>\n<meta property=\"og:description\" content=\"Vous avez un mur blanc et vous ne savez pas comment le d\u00e9corer ? sweeek partage 12 conseils qui vont vous aider !\" \/>\n<meta property=\"og:url\" content=\"https:\/\/www.sweeek.fr\/blog\/12-idees-deco-pour-habiller-son-mur-blanc\/\" \/>\n<meta property=\"og:site_name\" content=\"Les Conseils sweeek\" \/>\n<meta property=\"article:published_time\" content=\"2021-06-15T08:55:57+00:00\" \/>\n<meta property=\"article:modified_time\" content=\"2026-01-14T15:19:04+00:00\" \/>\n<meta property=\"og:image\" content=\"https:\/\/www.sweeek.fr\/blog\/wp-content\/uploads\/2021\/06\/idee-pour-habiller-mur-blanc.jpg\" \/>\n\t<meta property=\"og:image:width\" content=\"1024\" \/>\n\t<meta property=\"og:image:height\" content=\"682\" \/>\n\t<meta property=\"og:image:type\" content=\"image\/jpeg\" \/>\n<meta name=\"author\" content=\"xuan\" \/>\n<meta name=\"twitter:card\" content=\"summary_large_image\" \/>\n<meta name=\"twitter:creator\" content=\"@nlemahieu@walibuy.com\" \/>\n<meta name=\"twitter:label1\" content=\"\u00c9crit par\" \/>\n\t<meta name=\"twitter:data1\" content=\"xuan\" \/>\n\t<meta name=\"twitter:label2\" content=\"Dur\u00e9e de lecture estim\u00e9e\" \/>\n\t<meta name=\"twitter:data2\" content=\"14 minutes\" \/>\n<script type=\"application\/ld+json\" class=\"yoast-schema-graph\">{\"@context\":\"https:\\\/\\\/schema.org\",\"@graph\":[{\"@type\":\"Article\",\"@id\":\"https:\\\/\\\/www.sweeek.fr\\\/blog\\\/12-idees-deco-pour-habiller-son-mur-blanc\\\/#article\",\"isPartOf\":{\"@id\":\"https:\\\/\\\/www.sweeek.fr\\\/blog\\\/12-idees-deco-pour-habiller-son-mur-blanc\\\/\"},\"author\":{\"name\":\"xuan\",\"@id\":\"https:\\\/\\\/www.sweeek.fr\\\/blog\\\/#\\\/schema\\\/person\\\/6a2a923fc8c10510f66ff37c408c56ca\"},\"headline\":\"12 id\u00e9es pour habiller son mur blanc\",\"datePublished\":\"2021-06-15T08:55:57+00:00\",\"dateModified\":\"2026-01-14T15:19:04+00:00\",\"mainEntityOfPage\":{\"@id\":\"https:\\\/\\\/www.sweeek.fr\\\/blog\\\/12-idees-deco-pour-habiller-son-mur-blanc\\\/\"},\"wordCount\":1383,\"commentCount\":1,\"publisher\":{\"@id\":\"https:\\\/\\\/www.sweeek.fr\\\/blog\\\/#organization\"},\"image\":{\"@id\":\"https:\\\/\\\/www.sweeek.fr\\\/blog\\\/12-idees-deco-pour-habiller-son-mur-blanc\\\/#primaryimage\"},\"thumbnailUrl\":\"https:\\\/\\\/www.sweeek.fr\\\/blog\\\/wp-content\\\/uploads\\\/2021\\\/06\\\/idee-pour-habiller-mur-blanc.jpg\",\"articleSection\":[\"Tendances\"],\"inLanguage\":\"fr-FR\",\"potentialAction\":[{\"@type\":\"CommentAction\",\"name\":\"Comment\",\"target\":[\"https:\\\/\\\/www.sweeek.fr\\\/blog\\\/12-idees-deco-pour-habiller-son-mur-blanc\\\/#respond\"]}]},{\"@type\":\"WebPage\",\"@id\":\"https:\\\/\\\/www.sweeek.fr\\\/blog\\\/12-idees-deco-pour-habiller-son-mur-blanc\\\/\",\"url\":\"https:\\\/\\\/www.sweeek.fr\\\/blog\\\/12-idees-deco-pour-habiller-son-mur-blanc\\\/\",\"name\":\"12 id\u00e9es pour habiller son mur blanc &#8211; Les Conseils sweeek\",\"isPartOf\":{\"@id\":\"https:\\\/\\\/www.sweeek.fr\\\/blog\\\/#website\"},\"primaryImageOfPage\":{\"@id\":\"https:\\\/\\\/www.sweeek.fr\\\/blog\\\/12-idees-deco-pour-habiller-son-mur-blanc\\\/#primaryimage\"},\"image\":{\"@id\":\"https:\\\/\\\/www.sweeek.fr\\\/blog\\\/12-idees-deco-pour-habiller-son-mur-blanc\\\/#primaryimage\"},\"thumbnailUrl\":\"https:\\\/\\\/www.sweeek.fr\\\/blog\\\/wp-content\\\/uploads\\\/2021\\\/06\\\/idee-pour-habiller-mur-blanc.jpg\",\"datePublished\":\"2021-06-15T08:55:57+00:00\",\"dateModified\":\"2026-01-14T15:19:04+00:00\",\"description\":\"Vous avez un mur blanc et vous ne savez pas comment le d\u00e9corer ? sweeek partage 12 conseils qui vont vous aider !\",\"breadcrumb\":{\"@id\":\"https:\\\/\\\/www.sweeek.fr\\\/blog\\\/12-idees-deco-pour-habiller-son-mur-blanc\\\/#breadcrumb\"},\"inLanguage\":\"fr-FR\",\"potentialAction\":[{\"@type\":\"ReadAction\",\"target\":[\"https:\\\/\\\/www.sweeek.fr\\\/blog\\\/12-idees-deco-pour-habiller-son-mur-blanc\\\/\"]}]},{\"@type\":\"ImageObject\",\"inLanguage\":\"fr-FR\",\"@id\":\"https:\\\/\\\/www.sweeek.fr\\\/blog\\\/12-idees-deco-pour-habiller-son-mur-blanc\\\/#primaryimage\",\"url\":\"https:\\\/\\\/www.sweeek.fr\\\/blog\\\/wp-content\\\/uploads\\\/2021\\\/06\\\/idee-pour-habiller-mur-blanc.jpg\",\"contentUrl\":\"https:\\\/\\\/www.sweeek.fr\\\/blog\\\/wp-content\\\/uploads\\\/2021\\\/06\\\/idee-pour-habiller-mur-blanc.jpg\",\"width\":1024,\"height\":682,\"caption\":\"idee deco mur blanc\"},{\"@type\":\"BreadcrumbList\",\"@id\":\"https:\\\/\\\/www.sweeek.fr\\\/blog\\\/12-idees-deco-pour-habiller-son-mur-blanc\\\/#breadcrumb\",\"itemListElement\":[{\"@type\":\"ListItem\",\"position\":1,\"name\":\"Accueil\",\"item\":\"https:\\\/\\\/www.sweeek.fr\\\/blog\\\/\"},{\"@type\":\"ListItem\",\"position\":2,\"name\":\"12 id\u00e9es pour habiller son mur blanc\"}]},{\"@type\":\"WebSite\",\"@id\":\"https:\\\/\\\/www.sweeek.fr\\\/blog\\\/#website\",\"url\":\"https:\\\/\\\/www.sweeek.fr\\\/blog\\\/\",\"name\":\"Les Conseils sweeek\",\"description\":\"Conseils et inspirations\",\"publisher\":{\"@id\":\"https:\\\/\\\/www.sweeek.fr\\\/blog\\\/#organization\"},\"potentialAction\":[{\"@type\":\"SearchAction\",\"target\":{\"@type\":\"EntryPoint\",\"urlTemplate\":\"https:\\\/\\\/www.sweeek.fr\\\/blog\\\/?s={search_term_string}\"},\"query-input\":{\"@type\":\"PropertyValueSpecification\",\"valueRequired\":true,\"valueName\":\"search_term_string\"}}],\"inLanguage\":\"fr-FR\"},{\"@type\":\"Organization\",\"@id\":\"https:\\\/\\\/www.sweeek.fr\\\/blog\\\/#organization\",\"name\":\"sweeek\",\"url\":\"https:\\\/\\\/www.sweeek.fr\\\/blog\\\/\",\"logo\":{\"@type\":\"ImageObject\",\"inLanguage\":\"fr-FR\",\"@id\":\"https:\\\/\\\/www.sweeek.fr\\\/blog\\\/#\\\/schema\\\/logo\\\/image\\\/\",\"url\":\"https:\\\/\\\/www.sweeek.fr\\\/blog\\\/wp-content\\\/uploads\\\/2023\\\/10\\\/blog-sweeek-logo2.png\",\"contentUrl\":\"https:\\\/\\\/www.sweeek.fr\\\/blog\\\/wp-content\\\/uploads\\\/2023\\\/10\\\/blog-sweeek-logo2.png\",\"width\":328,\"height\":90,\"caption\":\"sweeek\"},\"image\":{\"@id\":\"https:\\\/\\\/www.sweeek.fr\\\/blog\\\/#\\\/schema\\\/logo\\\/image\\\/\"}},{\"@type\":\"Person\",\"@id\":\"https:\\\/\\\/www.sweeek.fr\\\/blog\\\/#\\\/schema\\\/person\\\/6a2a923fc8c10510f66ff37c408c56ca\",\"name\":\"xuan\",\"image\":{\"@type\":\"ImageObject\",\"inLanguage\":\"fr-FR\",\"@id\":\"https:\\\/\\\/secure.gravatar.com\\\/avatar\\\/dada6628346521e5f60d3f96f0ca36e372f50cae5d2463fbaf085254c3587b29?s=96&d=mm&r=g\",\"url\":\"https:\\\/\\\/secure.gravatar.com\\\/avatar\\\/dada6628346521e5f60d3f96f0ca36e372f50cae5d2463fbaf085254c3587b29?s=96&d=mm&r=g\",\"contentUrl\":\"https:\\\/\\\/secure.gravatar.com\\\/avatar\\\/dada6628346521e5f60d3f96f0ca36e372f50cae5d2463fbaf085254c3587b29?s=96&d=mm&r=g\",\"caption\":\"xuan\"},\"sameAs\":[\"https:\\\/\\\/www.sweeek.fr\\\/blog\",\"https:\\\/\\\/x.com\\\/nlemahieu@walibuy.com\"]}]}<\/script>\n<!-- \/ Yoast SEO plugin. -->","yoast_head_json":{"title":"12 id\u00e9es pour habiller son mur blanc &#8211; Les Conseils sweeek","description":"Vous avez un mur blanc et vous ne savez pas comment le d\u00e9corer ? sweeek partage 12 conseils qui vont vous aider !","robots":{"index":"index","follow":"follow","max-snippet":"max-snippet:-1","max-image-preview":"max-image-preview:large","max-video-preview":"max-video-preview:-1"},"canonical":"https:\/\/www.sweeek.fr\/blog\/12-idees-deco-pour-habiller-son-mur-blanc\/","og_locale":"fr_FR","og_type":"article","og_title":"12 id\u00e9es pour habiller son mur blanc &#8211; Les Conseils sweeek","og_description":"Vous avez un mur blanc et vous ne savez pas comment le d\u00e9corer ? sweeek partage 12 conseils qui vont vous aider !","og_url":"https:\/\/www.sweeek.fr\/blog\/12-idees-deco-pour-habiller-son-mur-blanc\/","og_site_name":"Les Conseils sweeek","article_published_time":"2021-06-15T08:55:57+00:00","article_modified_time":"2026-01-14T15:19:04+00:00","og_image":[{"width":1024,"height":682,"url":"https:\/\/www.sweeek.fr\/blog\/wp-content\/uploads\/2021\/06\/idee-pour-habiller-mur-blanc.jpg","type":"image\/jpeg"}],"author":"xuan","twitter_card":"summary_large_image","twitter_creator":"@nlemahieu@walibuy.com","twitter_misc":{"\u00c9crit par":"xuan","Dur\u00e9e de lecture estim\u00e9e":"14 minutes"},"schema":{"@context":"https:\/\/schema.org","@graph":[{"@type":"Article","@id":"https:\/\/www.sweeek.fr\/blog\/12-idees-deco-pour-habiller-son-mur-blanc\/#article","isPartOf":{"@id":"https:\/\/www.sweeek.fr\/blog\/12-idees-deco-pour-habiller-son-mur-blanc\/"},"author":{"name":"xuan","@id":"https:\/\/www.sweeek.fr\/blog\/#\/schema\/person\/6a2a923fc8c10510f66ff37c408c56ca"},"headline":"12 id\u00e9es pour habiller son mur blanc","datePublished":"2021-06-15T08:55:57+00:00","dateModified":"2026-01-14T15:19:04+00:00","mainEntityOfPage":{"@id":"https:\/\/www.sweeek.fr\/blog\/12-idees-deco-pour-habiller-son-mur-blanc\/"},"wordCount":1383,"commentCount":1,"publisher":{"@id":"https:\/\/www.sweeek.fr\/blog\/#organization"},"image":{"@id":"https:\/\/www.sweeek.fr\/blog\/12-idees-deco-pour-habiller-son-mur-blanc\/#primaryimage"},"thumbnailUrl":"https:\/\/www.sweeek.fr\/blog\/wp-content\/uploads\/2021\/06\/idee-pour-habiller-mur-blanc.jpg","articleSection":["Tendances"],"inLanguage":"fr-FR","potentialAction":[{"@type":"CommentAction","name":"Comment","target":["https:\/\/www.sweeek.fr\/blog\/12-idees-deco-pour-habiller-son-mur-blanc\/#respond"]}]},{"@type":"WebPage","@id":"https:\/\/www.sweeek.fr\/blog\/12-idees-deco-pour-habiller-son-mur-blanc\/","url":"https:\/\/www.sweeek.fr\/blog\/12-idees-deco-pour-habiller-son-mur-blanc\/","name":"12 id\u00e9es pour habiller son mur blanc &#8211; Les Conseils sweeek","isPartOf":{"@id":"https:\/\/www.sweeek.fr\/blog\/#website"},"primaryImageOfPage":{"@id":"https:\/\/www.sweeek.fr\/blog\/12-idees-deco-pour-habiller-son-mur-blanc\/#primaryimage"},"image":{"@id":"https:\/\/www.sweeek.fr\/blog\/12-idees-deco-pour-habiller-son-mur-blanc\/#primaryimage"},"thumbnailUrl":"https:\/\/www.sweeek.fr\/blog\/wp-content\/uploads\/2021\/06\/idee-pour-habiller-mur-blanc.jpg","datePublished":"2021-06-15T08:55:57+00:00","dateModified":"2026-01-14T15:19:04+00:00","description":"Vous avez un mur blanc et vous ne savez pas comment le d\u00e9corer ? sweeek partage 12 conseils qui vont vous aider !","breadcrumb":{"@id":"https:\/\/www.sweeek.fr\/blog\/12-idees-deco-pour-habiller-son-mur-blanc\/#breadcrumb"},"inLanguage":"fr-FR","potentialAction":[{"@type":"ReadAction","target":["https:\/\/www.sweeek.fr\/blog\/12-idees-deco-pour-habiller-son-mur-blanc\/"]}]},{"@type":"ImageObject","inLanguage":"fr-FR","@id":"https:\/\/www.sweeek.fr\/blog\/12-idees-deco-pour-habiller-son-mur-blanc\/#primaryimage","url":"https:\/\/www.sweeek.fr\/blog\/wp-content\/uploads\/2021\/06\/idee-pour-habiller-mur-blanc.jpg","contentUrl":"https:\/\/www.sweeek.fr\/blog\/wp-content\/uploads\/2021\/06\/idee-pour-habiller-mur-blanc.jpg","width":1024,"height":682,"caption":"idee deco mur blanc"},{"@type":"BreadcrumbList","@id":"https:\/\/www.sweeek.fr\/blog\/12-idees-deco-pour-habiller-son-mur-blanc\/#breadcrumb","itemListElement":[{"@type":"ListItem","position":1,"name":"Accueil","item":"https:\/\/www.sweeek.fr\/blog\/"},{"@type":"ListItem","position":2,"name":"12 id\u00e9es pour habiller son mur blanc"}]},{"@type":"WebSite","@id":"https:\/\/www.sweeek.fr\/blog\/#website","url":"https:\/\/www.sweeek.fr\/blog\/","name":"Les Conseils sweeek","description":"Conseils et inspirations","publisher":{"@id":"https:\/\/www.sweeek.fr\/blog\/#organization"},"potentialAction":[{"@type":"SearchAction","target":{"@type":"EntryPoint","urlTemplate":"https:\/\/www.sweeek.fr\/blog\/?s={search_term_string}"},"query-input":{"@type":"PropertyValueSpecification","valueRequired":true,"valueName":"search_term_string"}}],"inLanguage":"fr-FR"},{"@type":"Organization","@id":"https:\/\/www.sweeek.fr\/blog\/#organization","name":"sweeek","url":"https:\/\/www.sweeek.fr\/blog\/","logo":{"@type":"ImageObject","inLanguage":"fr-FR","@id":"https:\/\/www.sweeek.fr\/blog\/#\/schema\/logo\/image\/","url":"https:\/\/www.sweeek.fr\/blog\/wp-content\/uploads\/2023\/10\/blog-sweeek-logo2.png","contentUrl":"https:\/\/www.sweeek.fr\/blog\/wp-content\/uploads\/2023\/10\/blog-sweeek-logo2.png","width":328,"height":90,"caption":"sweeek"},"image":{"@id":"https:\/\/www.sweeek.fr\/blog\/#\/schema\/logo\/image\/"}},{"@type":"Person","@id":"https:\/\/www.sweeek.fr\/blog\/#\/schema\/person\/6a2a923fc8c10510f66ff37c408c56ca","name":"xuan","image":{"@type":"ImageObject","inLanguage":"fr-FR","@id":"https:\/\/secure.gravatar.com\/avatar\/dada6628346521e5f60d3f96f0ca36e372f50cae5d2463fbaf085254c3587b29?s=96&d=mm&r=g","url":"https:\/\/secure.gravatar.com\/avatar\/dada6628346521e5f60d3f96f0ca36e372f50cae5d2463fbaf085254c3587b29?s=96&d=mm&r=g","contentUrl":"https:\/\/secure.gravatar.com\/avatar\/dada6628346521e5f60d3f96f0ca36e372f50cae5d2463fbaf085254c3587b29?s=96&d=mm&r=g","caption":"xuan"},"sameAs":["https:\/\/www.sweeek.fr\/blog","https:\/\/x.com\/nlemahieu@walibuy.com"]}]}},"uagb_featured_image_src":{"full":["https:\/\/www.sweeek.fr\/blog\/wp-content\/uploads\/2021\/06\/idee-pour-habiller-mur-blanc.jpg",1024,682,false],"thumbnail":["https:\/\/www.sweeek.fr\/blog\/wp-content\/uploads\/2021\/06\/idee-pour-habiller-mur-blanc-150x150.jpg",150,150,true],"medium":["https:\/\/www.sweeek.fr\/blog\/wp-content\/uploads\/2021\/06\/idee-pour-habiller-mur-blanc-300x200.jpg",300,200,true],"medium_large":["https:\/\/www.sweeek.fr\/blog\/wp-content\/uploads\/2021\/06\/idee-pour-habiller-mur-blanc-768x512.jpg",768,512,true],"large":["https:\/\/www.sweeek.fr\/blog\/wp-content\/uploads\/2021\/06\/idee-pour-habiller-mur-blanc.jpg",1024,682,false],"1536x1536":["https:\/\/www.sweeek.fr\/blog\/wp-content\/uploads\/2021\/06\/idee-pour-habiller-mur-blanc.jpg",1024,682,false],"2048x2048":["https:\/\/www.sweeek.fr\/blog\/wp-content\/uploads\/2021\/06\/idee-pour-habiller-mur-blanc.jpg",1024,682,false],"ocean-thumb-m":["https:\/\/www.sweeek.fr\/blog\/wp-content\/uploads\/2021\/06\/idee-pour-habiller-mur-blanc-600x600.jpg",600,600,true],"ocean-thumb-ml":["https:\/\/www.sweeek.fr\/blog\/wp-content\/uploads\/2021\/06\/idee-pour-habiller-mur-blanc-800x450.jpg",800,450,true],"ocean-thumb-l":["https:\/\/www.sweeek.fr\/blog\/wp-content\/uploads\/2021\/06\/idee-pour-habiller-mur-blanc.jpg",1024,682,false]},"uagb_author_info":{"display_name":"xuan","author_link":"https:\/\/www.sweeek.fr\/blog"},"uagb_comment_info":1,"uagb_excerpt":"En emm\u00e9nageant, une fois les meubles pos\u00e9s, on se retrouve vite avec des murs blancs tout fades ! Pour \u00e9gayer sa pi\u00e8ce et donner un peu de vie\u2026","_links":{"self":[{"href":"https:\/\/www.sweeek.fr\/blog\/wp-json\/wp\/v2\/posts\/5770","targetHints":{"allow":["GET"]}}],"collection":[{"href":"https:\/\/www.sweeek.fr\/blog\/wp-json\/wp\/v2\/posts"}],"about":[{"href":"https:\/\/www.sweeek.fr\/blog\/wp-json\/wp\/v2\/types\/post"}],"author":[{"embeddable":true,"href":"https:\/\/www.sweeek.fr\/blog\/wp-json\/wp\/v2\/users\/1"}],"replies":[{"embeddable":true,"href":"https:\/\/www.sweeek.fr\/blog\/wp-json\/wp\/v2\/comments?post=5770"}],"version-history":[{"count":76,"href":"https:\/\/www.sweeek.fr\/blog\/wp-json\/wp\/v2\/posts\/5770\/revisions"}],"predecessor-version":[{"id":21240,"href":"https:\/\/www.sweeek.fr\/blog\/wp-json\/wp\/v2\/posts\/5770\/revisions\/21240"}],"wp:featuredmedia":[{"embeddable":true,"href":"https:\/\/www.sweeek.fr\/blog\/wp-json\/wp\/v2\/media\/19837"}],"wp:attachment":[{"href":"https:\/\/www.sweeek.fr\/blog\/wp-json\/wp\/v2\/media?parent=5770"}],"wp:term":[{"taxonomy":"category","embeddable":true,"href":"https:\/\/www.sweeek.fr\/blog\/wp-json\/wp\/v2\/categories?post=5770"},{"taxonomy":"post_tag","embeddable":true,"href":"https:\/\/www.sweeek.fr\/blog\/wp-json\/wp\/v2\/tags?post=5770"}],"curies":[{"name":"wp","href":"https:\/\/api.w.org\/{rel}","templated":true}]}}