{"id":22647,"date":"2026-03-06T11:36:15","date_gmt":"2026-03-06T10:36:15","guid":{"rendered":"https:\/\/www.sweeek.fr\/blog\/?p=22647"},"modified":"2026-03-18T11:41:45","modified_gmt":"2026-03-18T10:41:45","slug":"quelle-hauteur-pour-une-table-de-chevet","status":"publish","type":"post","link":"https:\/\/www.sweeek.fr\/blog\/quelle-hauteur-pour-une-table-de-chevet\/","title":{"rendered":"Quelle hauteur pour une table de chevet ?"},"content":{"rendered":"\n<p>Petite mais indispensable, la table de chevet joue un r\u00f4le cl\u00e9 dans la chambre. Elle accueille votre livre du soir, votre r\u00e9veil, une lampe douce ou encore votre t\u00e9l\u00e9phone. Pourtant, on choisit souvent ce meuble uniquement pour son style\u2026 en oubliant un d\u00e9tail essentiel : <strong>sa hauteur<\/strong>.<\/p>\n\n\n\n<p>Trop haute ou trop basse, elle peut vite devenir peu pratique au quotidien. Alors, quelle hauteur pour une table de chevet ? Voici les rep\u00e8res simples pour choisir la bonne dimension et cr\u00e9er une chambre aussi confortable que styl\u00e9e.<\/p>\n\n\n\n<div style=\"height:50px\" aria-hidden=\"true\" class=\"wp-block-spacer\"><\/div>\n\n\n\n<div class=\"wp-block-columns is-layout-flex wp-container-core-columns-is-layout-9d6595d7 wp-block-columns-is-layout-flex\">\n<div class=\"wp-block-column is-layout-flow wp-block-column-is-layout-flow\">\n<h2 class=\"wp-block-heading\">La r\u00e8gle de base : \u00e0 hauteur du matelas<\/h2>\n\n\n\n<p>La r\u00e8gle la plus simple pour choisir la hauteur de sa table de chevet est la suivante : <strong>le plateau doit arriver \u00e0 peu pr\u00e8s \u00e0 la m\u00eame hauteur que le haut du matelas<\/strong>.<\/p>\n\n\n\n<p>Pourquoi ? Tout simplement pour garder ce dont vous avez besoin <strong>\u00e0 port\u00e9e de main<\/strong> sans avoir \u00e0 vous contorsionner.<\/p>\n\n\n\n<p>Une table de chevet bien positionn\u00e9e permet par exemple de :<\/p>\n\n\n\n<ul class=\"wp-block-list\"><li>poser facilement son livre ou ses lunettes,<\/li><li>attraper son t\u00e9l\u00e9phone sans t\u00e2tonner,<\/li><li>allumer ou \u00e9teindre sa lampe sans se pencher.<\/li><\/ul>\n\n\n\n<p>En moyenne, <strong>la hauteur id\u00e9ale se situe entre 50 et 60 cm<\/strong>, ce qui correspond \u00e0 la majorit\u00e9 des lits standards.<\/p>\n\n\n\n<p>Mais attention : cette mesure reste un rep\u00e8re. La bonne hauteur d\u00e9pend surtout\u2026 de votre lit.<\/p>\n<\/div>\n\n\n\n<div class=\"wp-block-column is-layout-flow wp-block-column-is-layout-flow\">\n<figure class=\"wp-block-image size-full\"><img fetchpriority=\"high\" decoding=\"async\" width=\"550\" height=\"550\" src=\"https:\/\/www.sweeek.fr\/blog\/wp-content\/uploads\/2026\/03\/Design-sans-titre-2026-03-06T111610.390.png\" alt=\"\" class=\"wp-image-22648\" srcset=\"https:\/\/www.sweeek.fr\/blog\/wp-content\/uploads\/2026\/03\/Design-sans-titre-2026-03-06T111610.390.png 550w, https:\/\/www.sweeek.fr\/blog\/wp-content\/uploads\/2026\/03\/Design-sans-titre-2026-03-06T111610.390-300x300.png 300w, https:\/\/www.sweeek.fr\/blog\/wp-content\/uploads\/2026\/03\/Design-sans-titre-2026-03-06T111610.390-150x150.png 150w\" sizes=\"(max-width: 550px) 100vw, 550px\" \/><\/figure>\n<\/div>\n<\/div>\n\n\n\n<div style=\"height:50px\" aria-hidden=\"true\" class=\"wp-block-spacer\"><\/div>\n\n\n\n<div class=\"wp-block-columns is-layout-flex wp-container-core-columns-is-layout-9d6595d7 wp-block-columns-is-layout-flex\">\n<div class=\"wp-block-column is-layout-flow wp-block-column-is-layout-flow\">\n<figure class=\"wp-block-image size-full\"><img decoding=\"async\" width=\"550\" height=\"550\" src=\"https:\/\/www.sweeek.fr\/blog\/wp-content\/uploads\/2026\/03\/Design-sans-titre-2026-03-06T111804.708.png\" alt=\"\" class=\"wp-image-22650\" srcset=\"https:\/\/www.sweeek.fr\/blog\/wp-content\/uploads\/2026\/03\/Design-sans-titre-2026-03-06T111804.708.png 550w, https:\/\/www.sweeek.fr\/blog\/wp-content\/uploads\/2026\/03\/Design-sans-titre-2026-03-06T111804.708-300x300.png 300w, https:\/\/www.sweeek.fr\/blog\/wp-content\/uploads\/2026\/03\/Design-sans-titre-2026-03-06T111804.708-150x150.png 150w\" sizes=\"(max-width: 550px) 100vw, 550px\" \/><\/figure>\n<\/div>\n\n\n\n<div class=\"wp-block-column is-layout-flow wp-block-column-is-layout-flow\">\n<h2 class=\"wp-block-heading\">Adapter la hauteur \u00e0 celle du lit<\/h2>\n\n\n\n<p>Tous les lits ne font pas la m\u00eame hauteur. Entre un lit bas au style japonais et un lit avec sommier \u00e9pais et matelas XXL, l\u2019\u00e9cart peut \u00eatre important.<\/p>\n\n\n\n<p>Pour choisir la bonne hauteur de table de chevet, prenez simplement une mesure : <strong>celle du sol jusqu\u2019au haut du matelas<\/strong>.<\/p>\n\n\n\n<p>Voici quelques rep\u00e8res :<\/p>\n\n\n\n<ul class=\"wp-block-list\"><li>Lit bas : 45 \u00e0 50 cm \u2192 table de chevet de 40 \u00e0 50 cm<\/li><li>Lit standard : 50 \u00e0 60 cm \u2192 table de chevet de 50 \u00e0 60 cm<\/li><li>Lit haut : 60 \u00e0 70 cm \u2192 table de chevet de 60 \u00e0 70 cm<\/li><\/ul>\n\n\n\n<p>L\u2019objectif est simple : <strong>\u00e9viter un d\u00e9calage trop important<\/strong> entre la table et le lit.<\/p>\n\n\n\n<p>Une table beaucoup plus basse oblige \u00e0 se pencher. \u00c0 l\u2019inverse, une table trop haute peut \u00eatre g\u00eanante visuellement\u2026 et pour attraper vos affaires. Si vous souhaitez aller plus loin dans votre choix (style, rangement, dimensions\u2026), vous pouvez aussi consulter notre article d\u00e9di\u00e9 : <strong><a href=\"https:\/\/www.sweeek.fr\/blog\/comment-choisir-une-table-de-chevet-pour-la-chambre\/\">comment choisir une table de chevet ?<\/a><\/strong><\/p>\n<\/div>\n<\/div>\n\n\n\n<div style=\"height:50px\" aria-hidden=\"true\" class=\"wp-block-spacer\"><\/div>\n\n\n\n<div class=\"wp-block-columns is-layout-flex wp-container-core-columns-is-layout-9d6595d7 wp-block-columns-is-layout-flex\">\n<div class=\"wp-block-column is-layout-flow wp-block-column-is-layout-flow\">\n<h2 class=\"wp-block-heading\">Peut-on choisir une table de chevet plus haute ?<\/h2>\n\n\n\n<p>Oui, et c\u2019est m\u00eame parfois un choix esth\u00e9tique assum\u00e9. Une table de chevet l\u00e9g\u00e8rement plus haute que le matelas peut apporter :<\/p>\n\n\n\n<ul class=\"wp-block-list\"><li>un <strong>effet design<\/strong>,<\/li><li>une <strong>meilleure visibilit\u00e9 de la lampe<\/strong>,<\/li><li>un peu plus de surface de rangement.<\/li><\/ul>\n\n\n\n<p>Mais l\u2019\u00e9cart doit rester raisonnable. En g\u00e9n\u00e9ral, <strong>5 \u00e0 10 cm au-dessus du matelas<\/strong> restent confortables \u00e0 l\u2019usage. Au-del\u00e0, la table peut vite devenir encombrante et casser l\u2019\u00e9quilibre visuel de la chambre.<\/p>\n\n\n\n<h2 class=\"wp-block-heading\">Et une table de chevet plus basse ?<\/h2>\n\n\n\n<p>C\u2019est \u00e9galement possible, notamment dans certaines ambiances d\u00e9co. Les tables de chevet basses sont souvent utilis\u00e9es dans :<\/p>\n\n\n\n<ul class=\"wp-block-list\"><li><a href=\"https:\/\/www.sweeek.fr\/blog\/quelle-table-de-chevet-pour-une-deco-minimaliste-et-scandinave\/\">les chambres <strong>minimalistes<\/strong><\/a>,<\/li><li>les inspirations <strong>japonaises<\/strong>,<\/li><li>les univers <strong>boh\u00e8mes ou naturels<\/strong>.<\/li><\/ul>\n\n\n\n<p>Elles cr\u00e9ent une atmosph\u00e8re plus d\u00e9tendue et \u00e9pur\u00e9e. Mais l\u00e0 aussi, mieux vaut \u00e9viter un \u00e9cart trop important. Une table de chevet trop basse peut devenir peu pratique, surtout si vous avez l\u2019habitude d\u2019y poser beaucoup d\u2019objets.<\/p>\n<\/div>\n\n\n\n<div class=\"wp-block-column is-layout-flow wp-block-column-is-layout-flow\">\n<figure class=\"wp-block-image size-full\"><img decoding=\"async\" width=\"550\" height=\"550\" src=\"https:\/\/www.sweeek.fr\/blog\/wp-content\/uploads\/2026\/03\/Design-sans-titre-2026-03-06T112031.210.png\" alt=\"\" class=\"wp-image-22651\" srcset=\"https:\/\/www.sweeek.fr\/blog\/wp-content\/uploads\/2026\/03\/Design-sans-titre-2026-03-06T112031.210.png 550w, https:\/\/www.sweeek.fr\/blog\/wp-content\/uploads\/2026\/03\/Design-sans-titre-2026-03-06T112031.210-300x300.png 300w, https:\/\/www.sweeek.fr\/blog\/wp-content\/uploads\/2026\/03\/Design-sans-titre-2026-03-06T112031.210-150x150.png 150w\" sizes=\"(max-width: 550px) 100vw, 550px\" \/><\/figure>\n<\/div>\n<\/div>\n\n\n\n<div style=\"height:50px\" aria-hidden=\"true\" class=\"wp-block-spacer\"><\/div>\n\n\n\n<div class=\"wp-block-columns is-layout-flex wp-container-core-columns-is-layout-9d6595d7 wp-block-columns-is-layout-flex\">\n<div class=\"wp-block-column is-layout-flow wp-block-column-is-layout-flow\">\n<figure class=\"wp-block-image size-full\"><img loading=\"lazy\" decoding=\"async\" width=\"550\" height=\"550\" src=\"https:\/\/www.sweeek.fr\/blog\/wp-content\/uploads\/2026\/03\/Design-sans-titre-2026-03-06T112453.556.png\" alt=\"\" class=\"wp-image-22652\" srcset=\"https:\/\/www.sweeek.fr\/blog\/wp-content\/uploads\/2026\/03\/Design-sans-titre-2026-03-06T112453.556.png 550w, https:\/\/www.sweeek.fr\/blog\/wp-content\/uploads\/2026\/03\/Design-sans-titre-2026-03-06T112453.556-300x300.png 300w, https:\/\/www.sweeek.fr\/blog\/wp-content\/uploads\/2026\/03\/Design-sans-titre-2026-03-06T112453.556-150x150.png 150w\" sizes=\"(max-width: 550px) 100vw, 550px\" \/><\/figure>\n<\/div>\n\n\n\n<div class=\"wp-block-column is-layout-flow wp-block-column-is-layout-flow\">\n<h2 class=\"wp-block-heading\">Attention \u00e0 la hauteur de la lampe<\/h2>\n\n\n\n<p>Quand on parle de table de chevet, on oublie souvent un autre \u00e9l\u00e9ment important : <strong>la lampe de chevet<\/strong>. Si votre table est tr\u00e8s haute et que la lampe l\u2019est aussi, la lumi\u00e8re risque d\u2019arriver <strong>directement dans les yeux<\/strong> lorsque vous \u00eates allong\u00e9. \u00c0 l\u2019inverse, si la table est basse, la lumi\u00e8re peut manquer pour lire confortablement. L\u2019id\u00e9al est que <strong>l\u2019ampoule ou l\u2019abat-jour arrive \u00e0 peu pr\u00e8s \u00e0 la hauteur de votre regard lorsque vous \u00eates assis dans le lit<\/strong>. Cela garantit un \u00e9clairage agr\u00e9able pour lire ou se d\u00e9tendre.<\/p>\n\n\n\n<h2 class=\"wp-block-heading\">Ne pas oublier l\u2019aspect pratique<\/h2>\n\n\n\n<p>La hauteur est importante, mais ce n\u2019est pas le seul crit\u00e8re \u00e0 consid\u00e9rer. Avant de choisir votre table de chevet, posez-vous quelques questions simples :<\/p>\n\n\n\n<ul class=\"wp-block-list\"><li>Avez-vous besoin de <strong>rangements<\/strong> (tiroirs, niche) ?<\/li><li>Souhaitez-vous une table <strong>compacte ou plus spacieuse<\/strong> ?<\/li><li>Allez-vous y poser <strong>une lampe, un livre, un verre d\u2019eau, un r\u00e9veil<\/strong> ?<\/li><\/ul>\n\n\n\n<p>Si vous utilisez votre table de chevet comme un v\u00e9ritable mini espace de rangement, un mod\u00e8le <strong>un peu plus grand et l\u00e9g\u00e8rement plus haut<\/strong> peut \u00eatre plus confortable. \u00c0 l\u2019inverse, pour une chambre minimaliste, une petite table ou m\u00eame une tablette murale peut suffire.<\/p>\n<\/div>\n<\/div>\n\n\n\n<div style=\"height:50px\" aria-hidden=\"true\" class=\"wp-block-spacer\"><\/div>\n\n\n\n<div class=\"wp-block-columns is-layout-flex wp-container-core-columns-is-layout-9d6595d7 wp-block-columns-is-layout-flex\">\n<div class=\"wp-block-column is-layout-flow wp-block-column-is-layout-flow\">\n<h2 class=\"wp-block-heading\">L\u2019\u00e9quilibre visuel dans la chambre<\/h2>\n\n\n\n<p>Enfin, la hauteur de la table de chevet joue aussi un r\u00f4le esth\u00e9tique. Une table trop basse peut sembler perdue \u00e0 c\u00f4t\u00e9 d\u2019un lit imposant. \u00c0 l\u2019inverse, un mod\u00e8le trop massif peut alourdir l\u2019espace. Pour garder une chambre harmonieuse :<\/p>\n\n\n\n<ul class=\"wp-block-list\"><li>choisissez une table <strong>proportionn\u00e9e au lit<\/strong>,<\/li><li>alignez si possible la hauteur avec le matelas,<\/li><li>veillez \u00e0 garder un <strong>\u00e9quilibre entre les deux c\u00f4t\u00e9s du lit<\/strong>.<\/li><\/ul>\n\n\n\n<p>Les tables de chevet ne doivent pas forc\u00e9ment \u00eatre identiques, mais elles gagnent \u00e0 avoir <strong>une hauteur similaire<\/strong> pour un rendu visuel plus coh\u00e9rent.<\/p>\n\n\n\n<h2 class=\"wp-block-heading\">En r\u00e9sum\u00e9 <\/h2>\n\n\n\n<p>Pour bien choisir la hauteur d\u2019une table de chevet, retenez surtout ceci :<\/p>\n\n\n\n<ul class=\"wp-block-list\"><li>Le plateau doit id\u00e9alement arriver <strong>\u00e0 la hauteur du matelas<\/strong>.<\/li><li>La hauteur moyenne se situe <strong>entre 50 et 60 cm<\/strong>.<\/li><li>Un \u00e9cart de <strong>5 \u00e0 10 cm maximum<\/strong> reste confortable.<\/li><li>Pensez aussi \u00e0 la <strong>lampe, aux rangements et \u00e0 l\u2019\u00e9quilibre visuel<\/strong>.<\/li><\/ul>\n\n\n\n<p>Avec ces quelques rep\u00e8res, votre table de chevet ne sera pas seulement jolie : <strong>elle sera aussi parfaitement adapt\u00e9e \u00e0 votre quotidien<\/strong>. Et \u00e7a, quand on cherche son t\u00e9l\u00e9phone \u00e0 moiti\u00e9 endormi au milieu de la nuit\u2026 \u00e7a fait toute la diff\u00e9rence.<\/p>\n<\/div>\n\n\n\n<div class=\"wp-block-column is-layout-flow wp-block-column-is-layout-flow\">\n<figure class=\"wp-block-image size-full\"><img loading=\"lazy\" decoding=\"async\" width=\"550\" height=\"550\" src=\"https:\/\/www.sweeek.fr\/blog\/wp-content\/uploads\/2026\/03\/Design-sans-titre-2026-03-06T112705.901.png\" alt=\"\" class=\"wp-image-22653\" srcset=\"https:\/\/www.sweeek.fr\/blog\/wp-content\/uploads\/2026\/03\/Design-sans-titre-2026-03-06T112705.901.png 550w, https:\/\/www.sweeek.fr\/blog\/wp-content\/uploads\/2026\/03\/Design-sans-titre-2026-03-06T112705.901-300x300.png 300w, https:\/\/www.sweeek.fr\/blog\/wp-content\/uploads\/2026\/03\/Design-sans-titre-2026-03-06T112705.901-150x150.png 150w\" sizes=\"(max-width: 550px) 100vw, 550px\" \/><\/figure>\n<\/div>\n<\/div>\n\n\n\n<div style=\"height:50px\" aria-hidden=\"true\" class=\"wp-block-spacer\"><\/div>\n\n\n\n<div class=\"wp-block-group has-white-color has-text-color has-background\" style=\"background-color:#f2f2f2\"><div class=\"wp-block-group__inner-container is-layout-flow wp-block-group-is-layout-flow\">\n<h2 class=\"alignfull has-text-align-center has-black-color has-text-color wp-block-heading\" style=\"font-size:30px;font-style:normal;font-weight:400\">La s\u00e9lection de sweeek<\/h2>\n\n\n\n<div style=\"height:21px\" aria-hidden=\"true\" class=\"wp-block-spacer\"><\/div>\n\n\n\n<div class=\"wp-block-columns is-layout-flex wp-container-core-columns-is-layout-9d6595d7 wp-block-columns-is-layout-flex\">\n<div class=\"wp-block-column is-layout-flow wp-block-column-is-layout-flow\"><div class=\"wp-block-image is-style-default\">\n<figure class=\"aligncenter size-full\"><img decoding=\"async\" width=\"550\" height=\"550\" src=\"https:\/\/www.sweeek.fr\/blog\/wp-content\/uploads\/2026\/03\/Design-sans-titre-2026-03-06T111804.708.png\" alt=\"\" class=\"wp-image-22650\" srcset=\"https:\/\/www.sweeek.fr\/blog\/wp-content\/uploads\/2026\/03\/Design-sans-titre-2026-03-06T111804.708.png 550w, https:\/\/www.sweeek.fr\/blog\/wp-content\/uploads\/2026\/03\/Design-sans-titre-2026-03-06T111804.708-300x300.png 300w, https:\/\/www.sweeek.fr\/blog\/wp-content\/uploads\/2026\/03\/Design-sans-titre-2026-03-06T111804.708-150x150.png 150w\" sizes=\"(max-width: 550px) 100vw, 550px\" \/><\/figure>\n<\/div>\n\n\n<h3 class=\"has-text-align-center has-black-color has-text-color wp-block-heading\" style=\"font-style:normal;font-weight:400\"><a href=\"https:\/\/www.sweeek.fr\/product\/table-de-chevet-rotin-naturel-1-etagere-1-niche\">Table de chevet rotin &#8211; Bandung<\/a> <\/h3>\n\n\n\n<div style=\"height:15px\" aria-hidden=\"true\" class=\"wp-block-spacer\"><\/div>\n<\/div>\n\n\n\n<div class=\"wp-block-column is-layout-flow wp-block-column-is-layout-flow\"><div class=\"wp-block-image\">\n<figure class=\"aligncenter size-large\"><a href=\"https:\/\/www.sweeek.fr\/product\/lot-de-2-tables-de-chevet-2-tiroirs-decor-bois-de-noyer-2\" target=\"_blank\" rel=\"noopener\"><img decoding=\"async\" src=\"https:\/\/sweeek.twic.pics\/products\/274019\/original\/ilinbesidex2dw-3887ba2c6c8a439394366817924402e4.jpg?twic=v1\/resize=1800x1800\/resize=1500\/quality=70\" alt=\"Lit tipi 90x190 cm en pin naturel blanc - TOBIAS\"\/><\/a><\/figure>\n<\/div>\n\n\n<h3 class=\"has-text-align-center has-black-color has-text-color wp-block-heading\" style=\"font-style:normal;font-weight:400\"><a href=\"https:\/\/www.sweeek.fr\/product\/table-de-chevet-2-tiroirs-decor-bois-de-noyer-1\">Table de chevet 2 tiroirs &#8211; Linear<\/a><\/h3>\n\n\n\n<div style=\"height:15px\" aria-hidden=\"true\" class=\"wp-block-spacer\"><\/div>\n<\/div>\n\n\n\n<div class=\"wp-block-column is-layout-flow wp-block-column-is-layout-flow\"><div class=\"wp-block-image\">\n<figure class=\"aligncenter size-full\"><img decoding=\"async\" width=\"550\" height=\"550\" src=\"https:\/\/www.sweeek.fr\/blog\/wp-content\/uploads\/2026\/03\/Design-sans-titre-2026-03-06T112031.210.png\" alt=\"\" class=\"wp-image-22651\" srcset=\"https:\/\/www.sweeek.fr\/blog\/wp-content\/uploads\/2026\/03\/Design-sans-titre-2026-03-06T112031.210.png 550w, https:\/\/www.sweeek.fr\/blog\/wp-content\/uploads\/2026\/03\/Design-sans-titre-2026-03-06T112031.210-300x300.png 300w, https:\/\/www.sweeek.fr\/blog\/wp-content\/uploads\/2026\/03\/Design-sans-titre-2026-03-06T112031.210-150x150.png 150w\" sizes=\"(max-width: 550px) 100vw, 550px\" \/><\/figure>\n<\/div>\n\n\n<h3 class=\"has-text-align-center has-black-color has-text-color wp-block-heading\" style=\"font-style:normal;font-weight:400\"><a href=\"https:\/\/www.sweeek.fr\/product\/table-de-chevet-boheme-bois-et-cannage-naturel-1-porte\">Table de chevet bois et cannage &#8211; Judith <\/a><\/h3>\n\n\n\n<div style=\"height:15px\" aria-hidden=\"true\" class=\"wp-block-spacer\"><\/div>\n<\/div>\n<\/div>\n<\/div><\/div>\n","protected":false},"excerpt":{"rendered":"<p>Quelle est la hauteur id\u00e9ale pour une table de chevet ? Trop haute ou trop basse, elle peut vite devenir peu pratique. D\u00e9couvrez nos conseils pour choisir la bonne dimension et gagner en confort dans votre chambre.<\/p>\n","protected":false},"author":6,"featured_media":22655,"comment_status":"open","ping_status":"closed","sticky":false,"template":"","format":"standard","meta":{"inline_featured_image":false,"_uag_custom_page_level_css":"","ocean_post_layout":"","ocean_both_sidebars_style":"","ocean_both_sidebars_content_width":0,"ocean_both_sidebars_sidebars_width":0,"ocean_sidebar":"","ocean_second_sidebar":"","ocean_disable_margins":"enable","ocean_add_body_class":"","ocean_shortcode_before_top_bar":"","ocean_shortcode_after_top_bar":"","ocean_shortcode_before_header":"","ocean_shortcode_after_header":"","ocean_has_shortcode":"","ocean_shortcode_after_title":"","ocean_shortcode_before_footer_widgets":"","ocean_shortcode_after_footer_widgets":"","ocean_shortcode_before_footer_bottom":"","ocean_shortcode_after_footer_bottom":"","ocean_display_top_bar":"default","ocean_display_header":"default","ocean_header_style":"","ocean_center_header_left_menu":"","ocean_custom_header_template":"","ocean_custom_logo":0,"ocean_custom_retina_logo":0,"ocean_custom_logo_max_width":0,"ocean_custom_logo_tablet_max_width":0,"ocean_custom_logo_mobile_max_width":0,"ocean_custom_logo_max_height":0,"ocean_custom_logo_tablet_max_height":0,"ocean_custom_logo_mobile_max_height":0,"ocean_header_custom_menu":"","ocean_menu_typo_font_family":"","ocean_menu_typo_font_subset":"","ocean_menu_typo_font_size":0,"ocean_menu_typo_font_size_tablet":0,"ocean_menu_typo_font_size_mobile":0,"ocean_menu_typo_font_size_unit":"px","ocean_menu_typo_font_weight":"","ocean_menu_typo_font_weight_tablet":"","ocean_menu_typo_font_weight_mobile":"","ocean_menu_typo_transform":"","ocean_menu_typo_transform_tablet":"","ocean_menu_typo_transform_mobile":"","ocean_menu_typo_line_height":0,"ocean_menu_typo_line_height_tablet":0,"ocean_menu_typo_line_height_mobile":0,"ocean_menu_typo_line_height_unit":"","ocean_menu_typo_spacing":0,"ocean_menu_typo_spacing_tablet":0,"ocean_menu_typo_spacing_mobile":0,"ocean_menu_typo_spacing_unit":"","ocean_menu_link_color":"","ocean_menu_link_color_hover":"","ocean_menu_link_color_active":"","ocean_menu_link_background":"","ocean_menu_link_hover_background":"","ocean_menu_link_active_background":"","ocean_menu_social_links_bg":"","ocean_menu_social_hover_links_bg":"","ocean_menu_social_links_color":"","ocean_menu_social_hover_links_color":"","ocean_disable_title":"default","ocean_disable_heading":"default","ocean_post_title":"","ocean_post_subheading":"","ocean_post_title_style":"","ocean_post_title_background_color":"","ocean_post_title_background":0,"ocean_post_title_bg_image_position":"","ocean_post_title_bg_image_attachment":"","ocean_post_title_bg_image_repeat":"","ocean_post_title_bg_image_size":"","ocean_post_title_height":0,"ocean_post_title_bg_overlay":0.5,"ocean_post_title_bg_overlay_color":"","ocean_disable_breadcrumbs":"default","ocean_breadcrumbs_color":"","ocean_breadcrumbs_separator_color":"","ocean_breadcrumbs_links_color":"","ocean_breadcrumbs_links_hover_color":"","ocean_display_footer_widgets":"default","ocean_display_footer_bottom":"default","ocean_custom_footer_template":"","ocean_post_oembed":"","ocean_post_self_hosted_media":"","ocean_post_video_embed":"","ocean_link_format":"","ocean_link_format_target":"self","ocean_quote_format":"","ocean_quote_format_link":"post","ocean_gallery_link_images":"on","ocean_gallery_id":[],"footnotes":""},"categories":[389],"tags":[],"class_list":["post-22647","post","type-post","status-publish","format-standard","has-post-thumbnail","hentry","category-table-de-chevet","entry","has-media"],"yoast_head":"<!-- This site is optimized with the Yoast SEO plugin v27.3 - https:\/\/yoast.com\/product\/yoast-seo-wordpress\/ -->\n<title>Quelle hauteur pour une table de chevet ? &#8211; Les Conseils sweeek<\/title>\n<meta name=\"description\" content=\"Quelle hauteur choisir pour une table de chevet ? D\u00e9couvrez la dimension id\u00e9ale selon votre lit et nos conseils pour une chambre harmonieuse.\" \/>\n<meta name=\"robots\" content=\"index, follow, max-snippet:-1, max-image-preview:large, max-video-preview:-1\" \/>\n<link rel=\"canonical\" href=\"https:\/\/www.sweeek.fr\/blog\/quelle-hauteur-pour-une-table-de-chevet\/\" \/>\n<meta property=\"og:locale\" content=\"fr_FR\" \/>\n<meta property=\"og:type\" content=\"article\" \/>\n<meta property=\"og:title\" content=\"Quelle hauteur pour une table de chevet ? &#8211; Les Conseils sweeek\" \/>\n<meta property=\"og:description\" content=\"Quelle hauteur choisir pour une table de chevet ? D\u00e9couvrez la dimension id\u00e9ale selon votre lit et nos conseils pour une chambre harmonieuse.\" \/>\n<meta property=\"og:url\" content=\"https:\/\/www.sweeek.fr\/blog\/quelle-hauteur-pour-une-table-de-chevet\/\" \/>\n<meta property=\"og:site_name\" content=\"Les Conseils sweeek\" \/>\n<meta property=\"article:published_time\" content=\"2026-03-06T10:36:15+00:00\" \/>\n<meta property=\"article:modified_time\" content=\"2026-03-18T10:41:45+00:00\" \/>\n<meta property=\"og:image\" content=\"https:\/\/www.sweeek.fr\/blog\/wp-content\/uploads\/2026\/03\/Design-sans-titre-2026-03-06T113300.495.png\" \/>\n\t<meta property=\"og:image:width\" content=\"1024\" \/>\n\t<meta property=\"og:image:height\" content=\"682\" \/>\n\t<meta property=\"og:image:type\" content=\"image\/png\" \/>\n<meta name=\"author\" content=\"Cl\u00e9mentine Coppenolle\" \/>\n<meta name=\"twitter:card\" content=\"summary_large_image\" \/>\n<meta name=\"twitter:label1\" content=\"\u00c9crit par\" \/>\n\t<meta name=\"twitter:data1\" content=\"Cl\u00e9mentine Coppenolle\" \/>\n\t<meta name=\"twitter:label2\" content=\"Dur\u00e9e de lecture estim\u00e9e\" \/>\n\t<meta name=\"twitter:data2\" content=\"7 minutes\" \/>\n<script type=\"application\/ld+json\" class=\"yoast-schema-graph\">{\"@context\":\"https:\\\/\\\/schema.org\",\"@graph\":[{\"@type\":\"Article\",\"@id\":\"https:\\\/\\\/www.sweeek.fr\\\/blog\\\/quelle-hauteur-pour-une-table-de-chevet\\\/#article\",\"isPartOf\":{\"@id\":\"https:\\\/\\\/www.sweeek.fr\\\/blog\\\/quelle-hauteur-pour-une-table-de-chevet\\\/\"},\"author\":{\"name\":\"Cl\u00e9mentine Coppenolle\",\"@id\":\"https:\\\/\\\/www.sweeek.fr\\\/blog\\\/#\\\/schema\\\/person\\\/832fe52b7dba48da75fba576c3a147c4\"},\"headline\":\"Quelle hauteur pour une table de chevet ?\",\"datePublished\":\"2026-03-06T10:36:15+00:00\",\"dateModified\":\"2026-03-18T10:41:45+00:00\",\"mainEntityOfPage\":{\"@id\":\"https:\\\/\\\/www.sweeek.fr\\\/blog\\\/quelle-hauteur-pour-une-table-de-chevet\\\/\"},\"wordCount\":958,\"commentCount\":0,\"publisher\":{\"@id\":\"https:\\\/\\\/www.sweeek.fr\\\/blog\\\/#organization\"},\"image\":{\"@id\":\"https:\\\/\\\/www.sweeek.fr\\\/blog\\\/quelle-hauteur-pour-une-table-de-chevet\\\/#primaryimage\"},\"thumbnailUrl\":\"https:\\\/\\\/www.sweeek.fr\\\/blog\\\/wp-content\\\/uploads\\\/2026\\\/03\\\/Design-sans-titre-2026-03-06T113300.495.png\",\"articleSection\":[\"Table de chevet\"],\"inLanguage\":\"fr-FR\",\"potentialAction\":[{\"@type\":\"CommentAction\",\"name\":\"Comment\",\"target\":[\"https:\\\/\\\/www.sweeek.fr\\\/blog\\\/quelle-hauteur-pour-une-table-de-chevet\\\/#respond\"]}]},{\"@type\":\"WebPage\",\"@id\":\"https:\\\/\\\/www.sweeek.fr\\\/blog\\\/quelle-hauteur-pour-une-table-de-chevet\\\/\",\"url\":\"https:\\\/\\\/www.sweeek.fr\\\/blog\\\/quelle-hauteur-pour-une-table-de-chevet\\\/\",\"name\":\"Quelle hauteur pour une table de chevet ? &#8211; Les Conseils sweeek\",\"isPartOf\":{\"@id\":\"https:\\\/\\\/www.sweeek.fr\\\/blog\\\/#website\"},\"primaryImageOfPage\":{\"@id\":\"https:\\\/\\\/www.sweeek.fr\\\/blog\\\/quelle-hauteur-pour-une-table-de-chevet\\\/#primaryimage\"},\"image\":{\"@id\":\"https:\\\/\\\/www.sweeek.fr\\\/blog\\\/quelle-hauteur-pour-une-table-de-chevet\\\/#primaryimage\"},\"thumbnailUrl\":\"https:\\\/\\\/www.sweeek.fr\\\/blog\\\/wp-content\\\/uploads\\\/2026\\\/03\\\/Design-sans-titre-2026-03-06T113300.495.png\",\"datePublished\":\"2026-03-06T10:36:15+00:00\",\"dateModified\":\"2026-03-18T10:41:45+00:00\",\"description\":\"Quelle hauteur choisir pour une table de chevet ? D\u00e9couvrez la dimension id\u00e9ale selon votre lit et nos conseils pour une chambre harmonieuse.\",\"breadcrumb\":{\"@id\":\"https:\\\/\\\/www.sweeek.fr\\\/blog\\\/quelle-hauteur-pour-une-table-de-chevet\\\/#breadcrumb\"},\"inLanguage\":\"fr-FR\",\"potentialAction\":[{\"@type\":\"ReadAction\",\"target\":[\"https:\\\/\\\/www.sweeek.fr\\\/blog\\\/quelle-hauteur-pour-une-table-de-chevet\\\/\"]}]},{\"@type\":\"ImageObject\",\"inLanguage\":\"fr-FR\",\"@id\":\"https:\\\/\\\/www.sweeek.fr\\\/blog\\\/quelle-hauteur-pour-une-table-de-chevet\\\/#primaryimage\",\"url\":\"https:\\\/\\\/www.sweeek.fr\\\/blog\\\/wp-content\\\/uploads\\\/2026\\\/03\\\/Design-sans-titre-2026-03-06T113300.495.png\",\"contentUrl\":\"https:\\\/\\\/www.sweeek.fr\\\/blog\\\/wp-content\\\/uploads\\\/2026\\\/03\\\/Design-sans-titre-2026-03-06T113300.495.png\",\"width\":1024,\"height\":682,\"caption\":\"choisir-hauteur-table-de-chevet\"},{\"@type\":\"BreadcrumbList\",\"@id\":\"https:\\\/\\\/www.sweeek.fr\\\/blog\\\/quelle-hauteur-pour-une-table-de-chevet\\\/#breadcrumb\",\"itemListElement\":[{\"@type\":\"ListItem\",\"position\":1,\"name\":\"Accueil\",\"item\":\"https:\\\/\\\/www.sweeek.fr\\\/blog\\\/\"},{\"@type\":\"ListItem\",\"position\":2,\"name\":\"Quelle hauteur pour une table de chevet ?\"}]},{\"@type\":\"WebSite\",\"@id\":\"https:\\\/\\\/www.sweeek.fr\\\/blog\\\/#website\",\"url\":\"https:\\\/\\\/www.sweeek.fr\\\/blog\\\/\",\"name\":\"Les Conseils sweeek\",\"description\":\"Conseils et inspirations\",\"publisher\":{\"@id\":\"https:\\\/\\\/www.sweeek.fr\\\/blog\\\/#organization\"},\"potentialAction\":[{\"@type\":\"SearchAction\",\"target\":{\"@type\":\"EntryPoint\",\"urlTemplate\":\"https:\\\/\\\/www.sweeek.fr\\\/blog\\\/?s={search_term_string}\"},\"query-input\":{\"@type\":\"PropertyValueSpecification\",\"valueRequired\":true,\"valueName\":\"search_term_string\"}}],\"inLanguage\":\"fr-FR\"},{\"@type\":\"Organization\",\"@id\":\"https:\\\/\\\/www.sweeek.fr\\\/blog\\\/#organization\",\"name\":\"sweeek\",\"url\":\"https:\\\/\\\/www.sweeek.fr\\\/blog\\\/\",\"logo\":{\"@type\":\"ImageObject\",\"inLanguage\":\"fr-FR\",\"@id\":\"https:\\\/\\\/www.sweeek.fr\\\/blog\\\/#\\\/schema\\\/logo\\\/image\\\/\",\"url\":\"https:\\\/\\\/www.sweeek.fr\\\/blog\\\/wp-content\\\/uploads\\\/2023\\\/10\\\/blog-sweeek-logo2.png\",\"contentUrl\":\"https:\\\/\\\/www.sweeek.fr\\\/blog\\\/wp-content\\\/uploads\\\/2023\\\/10\\\/blog-sweeek-logo2.png\",\"width\":328,\"height\":90,\"caption\":\"sweeek\"},\"image\":{\"@id\":\"https:\\\/\\\/www.sweeek.fr\\\/blog\\\/#\\\/schema\\\/logo\\\/image\\\/\"}},{\"@type\":\"Person\",\"@id\":\"https:\\\/\\\/www.sweeek.fr\\\/blog\\\/#\\\/schema\\\/person\\\/832fe52b7dba48da75fba576c3a147c4\",\"name\":\"Cl\u00e9mentine Coppenolle\",\"image\":{\"@type\":\"ImageObject\",\"inLanguage\":\"fr-FR\",\"@id\":\"https:\\\/\\\/secure.gravatar.com\\\/avatar\\\/c8772ad8a971d87ec8b352525ac6e6e209eedd698ad76596a4c1d423060cd5d2?s=96&d=mm&r=g\",\"url\":\"https:\\\/\\\/secure.gravatar.com\\\/avatar\\\/c8772ad8a971d87ec8b352525ac6e6e209eedd698ad76596a4c1d423060cd5d2?s=96&d=mm&r=g\",\"contentUrl\":\"https:\\\/\\\/secure.gravatar.com\\\/avatar\\\/c8772ad8a971d87ec8b352525ac6e6e209eedd698ad76596a4c1d423060cd5d2?s=96&d=mm&r=g\",\"caption\":\"Cl\u00e9mentine Coppenolle\"}}]}<\/script>\n<!-- \/ Yoast SEO plugin. -->","yoast_head_json":{"title":"Quelle hauteur pour une table de chevet ? &#8211; Les Conseils sweeek","description":"Quelle hauteur choisir pour une table de chevet ? D\u00e9couvrez la dimension id\u00e9ale selon votre lit et nos conseils pour une chambre harmonieuse.","robots":{"index":"index","follow":"follow","max-snippet":"max-snippet:-1","max-image-preview":"max-image-preview:large","max-video-preview":"max-video-preview:-1"},"canonical":"https:\/\/www.sweeek.fr\/blog\/quelle-hauteur-pour-une-table-de-chevet\/","og_locale":"fr_FR","og_type":"article","og_title":"Quelle hauteur pour une table de chevet ? &#8211; Les Conseils sweeek","og_description":"Quelle hauteur choisir pour une table de chevet ? D\u00e9couvrez la dimension id\u00e9ale selon votre lit et nos conseils pour une chambre harmonieuse.","og_url":"https:\/\/www.sweeek.fr\/blog\/quelle-hauteur-pour-une-table-de-chevet\/","og_site_name":"Les Conseils sweeek","article_published_time":"2026-03-06T10:36:15+00:00","article_modified_time":"2026-03-18T10:41:45+00:00","og_image":[{"width":1024,"height":682,"url":"https:\/\/www.sweeek.fr\/blog\/wp-content\/uploads\/2026\/03\/Design-sans-titre-2026-03-06T113300.495.png","type":"image\/png"}],"author":"Cl\u00e9mentine Coppenolle","twitter_card":"summary_large_image","twitter_misc":{"\u00c9crit par":"Cl\u00e9mentine Coppenolle","Dur\u00e9e de lecture estim\u00e9e":"7 minutes"},"schema":{"@context":"https:\/\/schema.org","@graph":[{"@type":"Article","@id":"https:\/\/www.sweeek.fr\/blog\/quelle-hauteur-pour-une-table-de-chevet\/#article","isPartOf":{"@id":"https:\/\/www.sweeek.fr\/blog\/quelle-hauteur-pour-une-table-de-chevet\/"},"author":{"name":"Cl\u00e9mentine Coppenolle","@id":"https:\/\/www.sweeek.fr\/blog\/#\/schema\/person\/832fe52b7dba48da75fba576c3a147c4"},"headline":"Quelle hauteur pour une table de chevet ?","datePublished":"2026-03-06T10:36:15+00:00","dateModified":"2026-03-18T10:41:45+00:00","mainEntityOfPage":{"@id":"https:\/\/www.sweeek.fr\/blog\/quelle-hauteur-pour-une-table-de-chevet\/"},"wordCount":958,"commentCount":0,"publisher":{"@id":"https:\/\/www.sweeek.fr\/blog\/#organization"},"image":{"@id":"https:\/\/www.sweeek.fr\/blog\/quelle-hauteur-pour-une-table-de-chevet\/#primaryimage"},"thumbnailUrl":"https:\/\/www.sweeek.fr\/blog\/wp-content\/uploads\/2026\/03\/Design-sans-titre-2026-03-06T113300.495.png","articleSection":["Table de chevet"],"inLanguage":"fr-FR","potentialAction":[{"@type":"CommentAction","name":"Comment","target":["https:\/\/www.sweeek.fr\/blog\/quelle-hauteur-pour-une-table-de-chevet\/#respond"]}]},{"@type":"WebPage","@id":"https:\/\/www.sweeek.fr\/blog\/quelle-hauteur-pour-une-table-de-chevet\/","url":"https:\/\/www.sweeek.fr\/blog\/quelle-hauteur-pour-une-table-de-chevet\/","name":"Quelle hauteur pour une table de chevet ? &#8211; Les Conseils sweeek","isPartOf":{"@id":"https:\/\/www.sweeek.fr\/blog\/#website"},"primaryImageOfPage":{"@id":"https:\/\/www.sweeek.fr\/blog\/quelle-hauteur-pour-une-table-de-chevet\/#primaryimage"},"image":{"@id":"https:\/\/www.sweeek.fr\/blog\/quelle-hauteur-pour-une-table-de-chevet\/#primaryimage"},"thumbnailUrl":"https:\/\/www.sweeek.fr\/blog\/wp-content\/uploads\/2026\/03\/Design-sans-titre-2026-03-06T113300.495.png","datePublished":"2026-03-06T10:36:15+00:00","dateModified":"2026-03-18T10:41:45+00:00","description":"Quelle hauteur choisir pour une table de chevet ? D\u00e9couvrez la dimension id\u00e9ale selon votre lit et nos conseils pour une chambre harmonieuse.","breadcrumb":{"@id":"https:\/\/www.sweeek.fr\/blog\/quelle-hauteur-pour-une-table-de-chevet\/#breadcrumb"},"inLanguage":"fr-FR","potentialAction":[{"@type":"ReadAction","target":["https:\/\/www.sweeek.fr\/blog\/quelle-hauteur-pour-une-table-de-chevet\/"]}]},{"@type":"ImageObject","inLanguage":"fr-FR","@id":"https:\/\/www.sweeek.fr\/blog\/quelle-hauteur-pour-une-table-de-chevet\/#primaryimage","url":"https:\/\/www.sweeek.fr\/blog\/wp-content\/uploads\/2026\/03\/Design-sans-titre-2026-03-06T113300.495.png","contentUrl":"https:\/\/www.sweeek.fr\/blog\/wp-content\/uploads\/2026\/03\/Design-sans-titre-2026-03-06T113300.495.png","width":1024,"height":682,"caption":"choisir-hauteur-table-de-chevet"},{"@type":"BreadcrumbList","@id":"https:\/\/www.sweeek.fr\/blog\/quelle-hauteur-pour-une-table-de-chevet\/#breadcrumb","itemListElement":[{"@type":"ListItem","position":1,"name":"Accueil","item":"https:\/\/www.sweeek.fr\/blog\/"},{"@type":"ListItem","position":2,"name":"Quelle hauteur pour une table de chevet ?"}]},{"@type":"WebSite","@id":"https:\/\/www.sweeek.fr\/blog\/#website","url":"https:\/\/www.sweeek.fr\/blog\/","name":"Les Conseils sweeek","description":"Conseils et inspirations","publisher":{"@id":"https:\/\/www.sweeek.fr\/blog\/#organization"},"potentialAction":[{"@type":"SearchAction","target":{"@type":"EntryPoint","urlTemplate":"https:\/\/www.sweeek.fr\/blog\/?s={search_term_string}"},"query-input":{"@type":"PropertyValueSpecification","valueRequired":true,"valueName":"search_term_string"}}],"inLanguage":"fr-FR"},{"@type":"Organization","@id":"https:\/\/www.sweeek.fr\/blog\/#organization","name":"sweeek","url":"https:\/\/www.sweeek.fr\/blog\/","logo":{"@type":"ImageObject","inLanguage":"fr-FR","@id":"https:\/\/www.sweeek.fr\/blog\/#\/schema\/logo\/image\/","url":"https:\/\/www.sweeek.fr\/blog\/wp-content\/uploads\/2023\/10\/blog-sweeek-logo2.png","contentUrl":"https:\/\/www.sweeek.fr\/blog\/wp-content\/uploads\/2023\/10\/blog-sweeek-logo2.png","width":328,"height":90,"caption":"sweeek"},"image":{"@id":"https:\/\/www.sweeek.fr\/blog\/#\/schema\/logo\/image\/"}},{"@type":"Person","@id":"https:\/\/www.sweeek.fr\/blog\/#\/schema\/person\/832fe52b7dba48da75fba576c3a147c4","name":"Cl\u00e9mentine Coppenolle","image":{"@type":"ImageObject","inLanguage":"fr-FR","@id":"https:\/\/secure.gravatar.com\/avatar\/c8772ad8a971d87ec8b352525ac6e6e209eedd698ad76596a4c1d423060cd5d2?s=96&d=mm&r=g","url":"https:\/\/secure.gravatar.com\/avatar\/c8772ad8a971d87ec8b352525ac6e6e209eedd698ad76596a4c1d423060cd5d2?s=96&d=mm&r=g","contentUrl":"https:\/\/secure.gravatar.com\/avatar\/c8772ad8a971d87ec8b352525ac6e6e209eedd698ad76596a4c1d423060cd5d2?s=96&d=mm&r=g","caption":"Cl\u00e9mentine Coppenolle"}}]}},"uagb_featured_image_src":{"full":["https:\/\/www.sweeek.fr\/blog\/wp-content\/uploads\/2026\/03\/Design-sans-titre-2026-03-06T113300.495.png",1024,682,false],"thumbnail":["https:\/\/www.sweeek.fr\/blog\/wp-content\/uploads\/2026\/03\/Design-sans-titre-2026-03-06T113300.495-150x150.png",150,150,true],"medium":["https:\/\/www.sweeek.fr\/blog\/wp-content\/uploads\/2026\/03\/Design-sans-titre-2026-03-06T113300.495-300x200.png",300,200,true],"medium_large":["https:\/\/www.sweeek.fr\/blog\/wp-content\/uploads\/2026\/03\/Design-sans-titre-2026-03-06T113300.495-768x512.png",768,512,true],"large":["https:\/\/www.sweeek.fr\/blog\/wp-content\/uploads\/2026\/03\/Design-sans-titre-2026-03-06T113300.495.png",1024,682,false],"1536x1536":["https:\/\/www.sweeek.fr\/blog\/wp-content\/uploads\/2026\/03\/Design-sans-titre-2026-03-06T113300.495.png",1024,682,false],"2048x2048":["https:\/\/www.sweeek.fr\/blog\/wp-content\/uploads\/2026\/03\/Design-sans-titre-2026-03-06T113300.495.png",1024,682,false],"ocean-thumb-m":["https:\/\/www.sweeek.fr\/blog\/wp-content\/uploads\/2026\/03\/Design-sans-titre-2026-03-06T113300.495-600x600.png",600,600,true],"ocean-thumb-ml":["https:\/\/www.sweeek.fr\/blog\/wp-content\/uploads\/2026\/03\/Design-sans-titre-2026-03-06T113300.495-800x450.png",800,450,true],"ocean-thumb-l":["https:\/\/www.sweeek.fr\/blog\/wp-content\/uploads\/2026\/03\/Design-sans-titre-2026-03-06T113300.495.png",1024,682,false]},"uagb_author_info":{"display_name":"Cl\u00e9mentine Coppenolle","author_link":"https:\/\/www.sweeek.fr\/blog"},"uagb_comment_info":0,"uagb_excerpt":"Quelle est la hauteur id\u00e9ale pour une table de chevet ? Trop haute ou trop basse, elle peut vite devenir peu pratique. D\u00e9couvrez nos conseils pour choisir la bonne dimension et gagner en confort dans votre chambre.","_links":{"self":[{"href":"https:\/\/www.sweeek.fr\/blog\/wp-json\/wp\/v2\/posts\/22647","targetHints":{"allow":["GET"]}}],"collection":[{"href":"https:\/\/www.sweeek.fr\/blog\/wp-json\/wp\/v2\/posts"}],"about":[{"href":"https:\/\/www.sweeek.fr\/blog\/wp-json\/wp\/v2\/types\/post"}],"author":[{"embeddable":true,"href":"https:\/\/www.sweeek.fr\/blog\/wp-json\/wp\/v2\/users\/6"}],"replies":[{"embeddable":true,"href":"https:\/\/www.sweeek.fr\/blog\/wp-json\/wp\/v2\/comments?post=22647"}],"version-history":[{"count":4,"href":"https:\/\/www.sweeek.fr\/blog\/wp-json\/wp\/v2\/posts\/22647\/revisions"}],"predecessor-version":[{"id":22691,"href":"https:\/\/www.sweeek.fr\/blog\/wp-json\/wp\/v2\/posts\/22647\/revisions\/22691"}],"wp:featuredmedia":[{"embeddable":true,"href":"https:\/\/www.sweeek.fr\/blog\/wp-json\/wp\/v2\/media\/22655"}],"wp:attachment":[{"href":"https:\/\/www.sweeek.fr\/blog\/wp-json\/wp\/v2\/media?parent=22647"}],"wp:term":[{"taxonomy":"category","embeddable":true,"href":"https:\/\/www.sweeek.fr\/blog\/wp-json\/wp\/v2\/categories?post=22647"},{"taxonomy":"post_tag","embeddable":true,"href":"https:\/\/www.sweeek.fr\/blog\/wp-json\/wp\/v2\/tags?post=22647"}],"curies":[{"name":"wp","href":"https:\/\/api.w.org\/{rel}","templated":true}]}}