{"id":21676,"date":"2025-02-27T12:03:02","date_gmt":"2025-02-27T11:03:02","guid":{"rendered":"https:\/\/www.sweeek.fr\/blog\/?p=21676"},"modified":"2025-03-07T17:15:35","modified_gmt":"2025-03-07T16:15:35","slug":"faut-il-declarer-une-pergola-bioclimatique-en-mairie","status":"publish","type":"post","link":"https:\/\/www.sweeek.fr\/blog\/faut-il-declarer-une-pergola-bioclimatique-en-mairie\/","title":{"rendered":"Faut-il d\u00e9clarer une pergola bioclimatique en mairie\u00a0?"},"content":{"rendered":"\n<p>Vous avez pour projet d\u2019acheter une pergola bioclimatique et vous avez h\u00e2te de pouvoir profiter de votre jardin toute l\u2019ann\u00e9e. La pergola bioclimatique est un bel investissement qui permet de cr\u00e9er un nouvel espace sur votre terrasse ou dans votre jardin Savez-vous qu\u2019il existe certaines d\u00e9marches administratives \u00e0 respecter avant d\u2019installer votre pergola bioclimatique dans votre jardin&nbsp;? Autorisation, permis de construire, r\u00e9glementation, on vous explique tout.<\/p>\n\n\n\n<div class=\"wp-block-columns is-layout-flex wp-container-core-columns-is-layout-9d6595d7 wp-block-columns-is-layout-flex\">\n<div class=\"wp-block-column is-layout-flow wp-block-column-is-layout-flow\">\n<figure class=\"wp-block-image size-large\"><img decoding=\"async\" src=\"https:\/\/sweeek.twic.pics\/products\/295087\/original\/pgbc3x4p130x3at-9449900b53229af585aeb07e6e8a41a6.jpg?twic=v1\/resize=1800x1800\/resize=1500\/quality=70\" alt=\"\"\/><\/figure>\n<\/div>\n\n\n\n<div class=\"wp-block-column is-layout-flow wp-block-column-is-layout-flow\">\n<figure class=\"wp-block-image size-large\"><img decoding=\"async\" src=\"https:\/\/sweeek.twic.pics\/products\/296436\/original\/pgbc3x4ledat-33d3507adbd843fdcf39d4c23c5afb25.jpg?twic=v1\/resize=1800x1800\/resize=1500\/quality=70\" alt=\"\"\/><\/figure>\n<\/div>\n\n\n\n<div class=\"wp-block-column is-layout-flow wp-block-column-is-layout-flow\">\n<figure class=\"wp-block-image size-large\"><img decoding=\"async\" src=\"https:\/\/sweeek.twic.pics\/products\/297181\/original\/pgbc3x3r3at-7a11b2451c20fb58403a3c18af8a1b15.jpg?twic=v1\/resize=1800x1800\/resize=1500\/quality=70\" alt=\"\"\/><\/figure>\n<\/div>\n<\/div>\n\n\n\n<h2 class=\"wp-block-heading\">Qu\u2019est-ce qu\u2019une pergola bioclimatique&nbsp;?<\/h2>\n\n\n\n<p>Tout d\u2019abord, revoyons ensemble les <a href=\"https:\/\/www.sweeek.fr\/blog\/guide-pratique-tout-savoir-sur-la-pergola-bioclimatique\/\">caract\u00e9ristiques de la pergola bioclimatique<\/a>. La pergola bioclimatique comprend une structure en aluminium et un toit dot\u00e9 de lames orientables. Sa conception est pr\u00e9vue pour s\u2019adapter au climat. En \u00e9t\u00e9, elle vous permettra d\u2019\u00eatre prot\u00e9g\u00e9 du soleil et de profiter d\u2019une ventilation gr\u00e2ce \u00e0 ses lames orientables. En cas de pluie, vous pouvez fermer compl\u00e8tement les lames pour continuer \u00e0 profiter de votre ext\u00e9rieur tout en \u00e9tant abrit\u00e9. Avant de commencer les travaux pour installer votre nouvelle pergola bioclimatique, vous devez respecter certaines <a href=\"https:\/\/www.sweeek.fr\/blog\/pergola-reglementation-demarches-administratives\/\">formalit\u00e9s administratives<\/a>.<\/p>\n\n\n\n<h2 class=\"wp-block-heading\">Les exigences l\u00e9gales pour d\u00e9clarer une pergola en mairie<\/h2>\n\n\n\n<p>On trouve 2 exigences l\u00e9gales au sujet des pergolas bioclimatiques&nbsp;: la d\u00e9claration pr\u00e9alable et le permis de construire. La pergola bioclimatique est consid\u00e9r\u00e9e comme une construction nouvelle <a href=\"https:\/\/www.sweeek.fr\/blog\/peut-on-construire-un-abri-de-jardin-sans-autorisation\/\">au m\u00eame titre qu\u2019un abri de jardin<\/a>, un garage ou un transport. La pergola ne cr\u00e9e pas de cr\u00e9ation de surface de plancher puisqu\u2019elle est enti\u00e8rement ouverte, on parle donc plut\u00f4t d\u2019emprise au sol. C\u2019est cette surface que l\u2019on va prendre en compte pour les autorisations. Voici les crit\u00e8res qui d\u00e9termineront les d\u00e9marches \u00e0 faire&nbsp;: le type de pergola, le lieu d\u2019habitation et la superficie de la pergola.<\/p>\n\n\n\n<ul class=\"wp-block-list\"><li><strong>Pergola bioclimatique autoport\u00e9e&nbsp;: <\/strong>Si votre pergola est autoport\u00e9e et fait moins de 5m\u00b2 d\u2019emprise au sol et moins de 12m de hauteur, alors aucune d\u00e9claration n\u2019est n\u00e9cessaire. Si son emprise au sol est comprise entre 5 et 20m\u00b2, vous devez faire une d\u00e9claration pr\u00e9alable en mairie. Et si elle est sup\u00e9rieure \u00e0 20m\u00b2, il vous faudra un permis de construire.<\/li><li><strong>Pergola bioclimatique adoss\u00e9e \u00e0 la maison&nbsp;: <\/strong>Si votre pergola est adoss\u00e9e \u00e0 votre maison et fait moins de 5m\u00b2 d\u2019emprise au sol et moins de 12m de hauteur, alors aucune d\u00e9claration n\u2019est n\u00e9cessaire. Si son emprise au sol est comprise entre 5 et 20m\u00b2, vous devez faire une d\u00e9claration pr\u00e9alable en mairie. Et si elle est sup\u00e9rieure \u00e0 20m\u00b2, il vous faudra un permis de construire sauf si votre maison est dans une commune couverte par un plan local d\u2019urbanisme, alors le seuil passe \u00e0 40m\u00b2.<\/li><li><strong>Pergola bioclimatique en zone prot\u00e9g\u00e9e&nbsp;: <\/strong>Si votre maison se situe dans un secteur prot\u00e9g\u00e9, vous devrez dans tous les cas d\u00e9poser une d\u00e9claration pr\u00e9alable en marie m\u00eame si votre pergola a une emprise au sol de moins de 5m\u00b2. Pour savoir si votre maison est dans un secteur prot\u00e9g\u00e9, vous pouvez vous rendre en mairie et demander un certificat d\u2019urbanisme.<\/li><\/ul>\n\n\n\n<h3 class=\"wp-block-heading\">Note&nbsp;: Qu\u2019est-ce que le PLU&nbsp;? (Plan Local d\u2019Urbanisme)<\/h3>\n\n\n\n<p>Aujourd\u2019hui, de nombreuses communes ont un plan local d\u2019urbanisme. C\u2019est un document qui \u00e9tablit les r\u00e8gles d\u2019urbanisme et de construction en vigueur dans la commune. Certaines mairies permettent sa lecture sur internet mais si ce n\u2019est pas le cas, vous pouvez aller le consulter au service urbanisme de votre mairie. Si votre commune en poss\u00e8de un alors le seuil \u00e0 ne pas d\u00e9passer pour un permis de construire est de 40m\u00b2 pour une pergola adoss\u00e9e.<\/p>\n\n\n\n<p><strong>A lire aussi <\/strong>: <a href=\"https:\/\/www.sweeek.fr\/blog\/une-pergola-bioclimatique-est-elle-consideree-comme-une-dependance\/\">Une pergola bioclimatique est-elle consid\u00e9r\u00e9e comme une d\u00e9pendance ?<\/a><\/p>\n\n\n\n<div style=\"height:51px\" aria-hidden=\"true\" class=\"wp-block-spacer\"><\/div>\n\n\n\n<div class=\"wp-block-columns is-layout-flex wp-container-core-columns-is-layout-9d6595d7 wp-block-columns-is-layout-flex\">\n<div class=\"wp-block-column is-vertically-aligned-center is-layout-flow wp-block-column-is-layout-flow\">\n<h2 class=\"wp-block-heading\">Comment faire une d\u00e9claration en mairie&nbsp;?<\/h2>\n\n\n\n<p>Pour effectuer votre d\u00e9claration pr\u00e9alable en marie plusieurs documents sont n\u00e9cessaires. Sachez que vous devez fournir 2 exemplaires du formulaire de d\u00e9claration pr\u00e9alable de travaux et du dossier qui le compl\u00e8te.<\/p>\n\n\n\n<p>Tout d\u2019abord vous devez compl\u00e9ter le formulaire Cerfa 13703. Pour compl\u00e9ter le dossier, vous devez noter la date des travaux et y ajouter de nombreux documents et photos comme un plan de situation du terrain \u00e0 l\u2019int\u00e9rieur de la commune, un plan de masse des constructions et un plan en coupe du terrain.<\/p>\n\n\n\n<p>Il faudra ensuite attendre entre 1 et 2 mois avant d\u2019avoir la r\u00e9ponse \u00e0 votre demande. Pour un permis de construire, le d\u00e9lai est un peu long, il peut aller jusqu\u2019\u00e0 3 mois. Si pass\u00e9 ces d\u00e9lais, vous n\u2019avez pas de r\u00e9ponse de la part de la mairie, vous pouvez consid\u00e9rer que votre demande a \u00e9t\u00e9 accept\u00e9e.<\/p>\n\n\n\n<p>N\u2019h\u00e9sitez pas \u00e0 vous adresser directement \u00e0 votre mairie avant de r\u00e9aliser les d\u00e9marches, elle pourra vous expliquer pr\u00e9cis\u00e9ment les \u00e9tapes \u00e0 suivre. Le CAUE (Conseil d\u2019Architecture d\u2019Urbanisme et d\u2019Environnement) pourra \u00e9galement vous accompagner dans vos d\u00e9marches. Dans le cas o\u00f9 votre demande de construction est refus\u00e9e, vous pouvez r\u00e9it\u00e9rer votre demande en ajoutant de nouveaux arguments ou faire appel \u00e0 un tribunal administratif.<\/p>\n<\/div>\n\n\n\n<div class=\"wp-block-column is-layout-flow wp-block-column-is-layout-flow\">\n<figure class=\"wp-block-image size-large\"><a href=\"https:\/\/www.sweeek.fr\/product\/pergola-bioclimatique-3-x-6-m-2-stores-3m\"><img decoding=\"async\" src=\"https:\/\/sweeek.twic.pics\/products\/273713\/original\/pgbc3x6r3n3at-4fc44c8e2424043d508a22a49f11d5e9.jpg?twic=v1\/resize=1800x1800\/resize=1500\/quality=70\" alt=\"Pergola bioclimatique aluminium 3x6m + 2 stores 3m Triomphe\n\"\/><\/a><\/figure>\n<\/div>\n<\/div>\n\n\n\n<h2 class=\"wp-block-heading\">L\u2019affichage est-il obligatoire&nbsp;?<\/h2>\n\n\n\n<p>Une fois l\u2019autorisation re\u00e7ue, vous devez afficher la notification de l\u2019arr\u00eat\u00e9 pendant toute la dur\u00e9e des travaux. L\u2019affiche doit \u00eatre visible de l\u2019ext\u00e9rieur pour montrer que vous \u00eates en r\u00e8gle et informer vos voisins. Ils peuvent faire une demande d\u2019opposabilit\u00e9 \u00e0 partir du 1er jour d\u2019affichage et jusqu\u2019\u00e0 2 mois apr\u00e8s. Si vous n\u2019avez pas respect\u00e9 l\u2019affichage, ils peuvent s\u2019opposer \u00e0 l\u2019autorisation jusqu\u2019\u00e0 6 mois apr\u00e8s la fin des travaux.<\/p>\n\n\n\n<h2 class=\"wp-block-heading\">Quels sont les sanctions possibles en cas de non-d\u00e9claration ?<\/h2>\n\n\n\n<p>Un permis de construire et une d\u00e9claration pr\u00e9alable de travaux sont des formalit\u00e9s administratives enti\u00e8rement gratuites. Cependant, si vous installez votre pergola bioclimatique sans respecter les demandes vous pouvez risquer une amende entre 1200\u20ac et 300 000\u20ac et vous serez dans l\u2019obligation de d\u00e9truire votre installation. Veillez donc bien \u00e0 faire toutes les d\u00e9marches n\u00e9cessaires avant de vous lancer dans l\u2019installation de votre pergola bioclimatique.<\/p>\n\n\n\n<p>Les d\u00e9marches pour l\u2019installation d\u2019une pergola bioclimatiques d\u00e9pendent donc de vos envies et de vos besoins en termes de surface et d\u2019am\u00e9nagement. Les demandes sont facilement accept\u00e9es par les mairies et les d\u00e9lais de traitement sont souvent respect\u00e9s. Commencez donc les d\u00e9marches d\u00e8s maintenant pour pouvoir profiter de votre nouvelle installation au plus vite.<\/p>\n\n\n\n<div style=\"height:52px\" aria-hidden=\"true\" class=\"wp-block-spacer\"><\/div>\n\n\n\n<div class=\"wp-block-group alignwide has-white-color has-text-color has-background\" style=\"background-color:#f2f2f2\"><div class=\"wp-block-group__inner-container is-layout-flow wp-block-group-is-layout-flow\">\n<h2 class=\"alignfull has-text-align-center wp-block-heading has-black-color has-text-color\" style=\"font-size:30px;font-style:normal;font-weight:400\">La s\u00e9lection de sweeek<\/h2>\n\n\n\n<div style=\"height:21px\" aria-hidden=\"true\" class=\"wp-block-spacer\"><\/div>\n\n\n\n<div class=\"wp-block-columns is-layout-flex wp-container-core-columns-is-layout-9d6595d7 wp-block-columns-is-layout-flex\">\n<div class=\"wp-block-column is-layout-flow wp-block-column-is-layout-flow\"><div class=\"wp-block-image\">\n<figure class=\"aligncenter size-large\"><a href=\"https:\/\/www.sweeek.fr\/product\/pergola-bioclimatique-aluminium-et-acier-3-x-4-m\" target=\"_blank\" rel=\"noreferrer noopener\"><img decoding=\"async\" src=\"https:\/\/sweeek.twic.pics\/products\/295320\/original\/pgbcslc3x4at-db0991f3ce936643adf691ce1fde5c69.png?twic=v1\/resize=1800x1800\/resize=1500\/quality=70\" alt=\"Pergola bioclimatique aluminium et acier lames orientables 3x4m Palace\"\/><\/a><\/figure>\n<\/div>\n\n\n<h3 class=\"has-text-align-center wp-block-heading has-black-color has-text-color\" style=\"font-style:normal;font-weight:400\">Pergola bioclimatique aluminium et acier lames orientables 3x4m &#8211; PALACE<\/h3>\n\n\n\n<div style=\"height:15px\" aria-hidden=\"true\" class=\"wp-block-spacer\"><\/div>\n<\/div>\n\n\n\n<div class=\"wp-block-column is-layout-flow wp-block-column-is-layout-flow\"><div class=\"wp-block-image\">\n<figure class=\"aligncenter size-large\"><a href=\"https:\/\/www.sweeek.fr\/product\/pergola-bioclimatique-aluminium-blanc-3x3-m\"><img fetchpriority=\"high\" decoding=\"async\" width=\"1024\" height=\"1024\" src=\"https:\/\/www.sweeek.fr\/blog\/wp-content\/uploads\/2022\/05\/Design-sans-titre-49-1024x1024.jpg\" alt=\"pergola bioclimatique blanche avec table de jardin\" class=\"wp-image-19451\" srcset=\"https:\/\/www.sweeek.fr\/blog\/wp-content\/uploads\/2022\/05\/Design-sans-titre-49.jpg 1024w, https:\/\/www.sweeek.fr\/blog\/wp-content\/uploads\/2022\/05\/Design-sans-titre-49-300x300.jpg 300w, https:\/\/www.sweeek.fr\/blog\/wp-content\/uploads\/2022\/05\/Design-sans-titre-49-150x150.jpg 150w, https:\/\/www.sweeek.fr\/blog\/wp-content\/uploads\/2022\/05\/Design-sans-titre-49-768x768.jpg 768w, https:\/\/www.sweeek.fr\/blog\/wp-content\/uploads\/2022\/05\/Design-sans-titre-49-600x600.jpg 600w\" sizes=\"(max-width: 1024px) 100vw, 1024px\" \/><\/a><\/figure>\n<\/div>\n\n\n<h3 class=\"has-text-align-center wp-block-heading\" style=\"font-style:normal;font-weight:400\">Pergola bioclimatique lames orientables 3&#215;3 blanche &#8211; TRIOMPHE<\/h3>\n\n\n\n<div style=\"height:15px\" aria-hidden=\"true\" class=\"wp-block-spacer\"><\/div>\n<\/div>\n\n\n\n<div class=\"wp-block-column is-layout-flow wp-block-column-is-layout-flow\"><div class=\"wp-block-image\">\n<figure class=\"aligncenter size-large\"><a href=\"https:\/\/www.sweeek.fr\/product\/pergola-bioclimatique-gris-anthracite-triomphe-300x400cm-aluminium-a-lames-orientables\" target=\"_blank\" rel=\"noreferrer noopener\"><img decoding=\"async\" src=\"https:\/\/sweeek.twic.pics\/products\/54130\/original\/pgbc3x4at-3859e5f84f5d488f58e6fcc1fd1a4c3e.jpg?twic=v1\/resize=1800x1800\/resize=1500\/quality=70\" alt=\"Pergola bioclimatique lames orientables 3x4 anthracite\u00a0- TRIOMPHE\"\/><\/a><\/figure>\n<\/div>\n\n\n<h3 class=\"has-text-align-center wp-block-heading has-black-color has-text-color\" style=\"font-style:normal;font-weight:400\">Pergola bioclimatique lames orientables 3&#215;4 anthracite&nbsp;&#8211; TRIOMPHE<\/h3>\n\n\n\n<div style=\"height:15px\" aria-hidden=\"true\" class=\"wp-block-spacer\"><\/div>\n<\/div>\n<\/div>\n<\/div><\/div>\n","protected":false},"excerpt":{"rendered":"<p>Vous avez pour projet d\u2019acheter une pergola bioclimatique et vous avez h\u00e2te de pouvoir profiter de votre jardin toute l\u2019ann\u00e9e. La pergola bioclimatique est un bel investissement qui permet de cr\u00e9er un nouvel espace sur votre terrasse ou dans votre jardin Savez-vous qu\u2019il existe certaines d\u00e9marches administratives \u00e0 respecter avant d\u2019installer votre pergola bioclimatique dans [&hellip;]<\/p>\n","protected":false},"author":4,"featured_media":21708,"comment_status":"open","ping_status":"closed","sticky":false,"template":"","format":"standard","meta":{"inline_featured_image":false,"_uag_custom_page_level_css":"","ocean_post_layout":"","ocean_both_sidebars_style":"","ocean_both_sidebars_content_width":0,"ocean_both_sidebars_sidebars_width":0,"ocean_sidebar":"","ocean_second_sidebar":"","ocean_disable_margins":"enable","ocean_add_body_class":"","ocean_shortcode_before_top_bar":"","ocean_shortcode_after_top_bar":"","ocean_shortcode_before_header":"","ocean_shortcode_after_header":"","ocean_has_shortcode":"","ocean_shortcode_after_title":"","ocean_shortcode_before_footer_widgets":"","ocean_shortcode_after_footer_widgets":"","ocean_shortcode_before_footer_bottom":"","ocean_shortcode_after_footer_bottom":"","ocean_display_top_bar":"default","ocean_display_header":"default","ocean_header_style":"","ocean_center_header_left_menu":"","ocean_custom_header_template":"","ocean_custom_logo":0,"ocean_custom_retina_logo":0,"ocean_custom_logo_max_width":0,"ocean_custom_logo_tablet_max_width":0,"ocean_custom_logo_mobile_max_width":0,"ocean_custom_logo_max_height":0,"ocean_custom_logo_tablet_max_height":0,"ocean_custom_logo_mobile_max_height":0,"ocean_header_custom_menu":"","ocean_menu_typo_font_family":"","ocean_menu_typo_font_subset":"","ocean_menu_typo_font_size":0,"ocean_menu_typo_font_size_tablet":0,"ocean_menu_typo_font_size_mobile":0,"ocean_menu_typo_font_size_unit":"px","ocean_menu_typo_font_weight":"","ocean_menu_typo_font_weight_tablet":"","ocean_menu_typo_font_weight_mobile":"","ocean_menu_typo_transform":"","ocean_menu_typo_transform_tablet":"","ocean_menu_typo_transform_mobile":"","ocean_menu_typo_line_height":0,"ocean_menu_typo_line_height_tablet":0,"ocean_menu_typo_line_height_mobile":0,"ocean_menu_typo_line_height_unit":"","ocean_menu_typo_spacing":0,"ocean_menu_typo_spacing_tablet":0,"ocean_menu_typo_spacing_mobile":0,"ocean_menu_typo_spacing_unit":"","ocean_menu_link_color":"","ocean_menu_link_color_hover":"","ocean_menu_link_color_active":"","ocean_menu_link_background":"","ocean_menu_link_hover_background":"","ocean_menu_link_active_background":"","ocean_menu_social_links_bg":"","ocean_menu_social_hover_links_bg":"","ocean_menu_social_links_color":"","ocean_menu_social_hover_links_color":"","ocean_disable_title":"default","ocean_disable_heading":"default","ocean_post_title":"","ocean_post_subheading":"","ocean_post_title_style":"","ocean_post_title_background_color":"","ocean_post_title_background":0,"ocean_post_title_bg_image_position":"","ocean_post_title_bg_image_attachment":"","ocean_post_title_bg_image_repeat":"","ocean_post_title_bg_image_size":"","ocean_post_title_height":0,"ocean_post_title_bg_overlay":0.5,"ocean_post_title_bg_overlay_color":"","ocean_disable_breadcrumbs":"default","ocean_breadcrumbs_color":"","ocean_breadcrumbs_separator_color":"","ocean_breadcrumbs_links_color":"","ocean_breadcrumbs_links_hover_color":"","ocean_display_footer_widgets":"default","ocean_display_footer_bottom":"default","ocean_custom_footer_template":"","ocean_post_oembed":"","ocean_post_self_hosted_media":"","ocean_post_video_embed":"","ocean_link_format":"","ocean_link_format_target":"self","ocean_quote_format":"","ocean_quote_format_link":"post","ocean_gallery_link_images":"on","ocean_gallery_id":[],"footnotes":""},"categories":[184],"tags":[],"class_list":["post-21676","post","type-post","status-publish","format-standard","has-post-thumbnail","hentry","category-pergola","entry","has-media"],"yoast_head":"<!-- This site is optimized with the Yoast SEO plugin v27.5 - https:\/\/yoast.com\/product\/yoast-seo-wordpress\/ -->\n<title>Faut-il d\u00e9clarer une pergola bioclimatique en mairie\u00a0? &#8211; Les Conseils sweeek<\/title>\n<meta name=\"description\" content=\"D\u00e9couvrez les d\u00e9marches administratives pour installer votre pergola : permis de construire, d\u00e9claration pr\u00e9alable, PLU... Guide complet et sanctions en cas de non-d\u00e9claration.\" \/>\n<meta name=\"robots\" content=\"index, follow, max-snippet:-1, max-image-preview:large, max-video-preview:-1\" \/>\n<link rel=\"canonical\" href=\"https:\/\/www.sweeek.fr\/blog\/faut-il-declarer-une-pergola-bioclimatique-en-mairie\/\" \/>\n<meta property=\"og:locale\" content=\"fr_FR\" \/>\n<meta property=\"og:type\" content=\"article\" \/>\n<meta property=\"og:title\" content=\"Faut-il d\u00e9clarer une pergola bioclimatique en mairie\u00a0? &#8211; Les Conseils sweeek\" \/>\n<meta property=\"og:description\" content=\"D\u00e9couvrez les d\u00e9marches administratives pour installer votre pergola : permis de construire, d\u00e9claration pr\u00e9alable, PLU... Guide complet et sanctions en cas de non-d\u00e9claration.\" \/>\n<meta property=\"og:url\" content=\"https:\/\/www.sweeek.fr\/blog\/faut-il-declarer-une-pergola-bioclimatique-en-mairie\/\" \/>\n<meta property=\"og:site_name\" content=\"Les Conseils sweeek\" \/>\n<meta property=\"article:published_time\" content=\"2025-02-27T11:03:02+00:00\" \/>\n<meta property=\"article:modified_time\" content=\"2025-03-07T16:15:35+00:00\" \/>\n<meta property=\"og:image\" content=\"https:\/\/www.sweeek.fr\/blog\/wp-content\/uploads\/2025\/02\/faut-il-declarer-pergo-bio-mairie.jpg\" \/>\n\t<meta property=\"og:image:width\" content=\"1024\" \/>\n\t<meta property=\"og:image:height\" content=\"682\" \/>\n\t<meta property=\"og:image:type\" content=\"image\/jpeg\" \/>\n<meta name=\"author\" content=\"Am\u00e9lie Capon\" \/>\n<meta name=\"twitter:card\" content=\"summary_large_image\" \/>\n<meta name=\"twitter:label1\" content=\"\u00c9crit par\" \/>\n\t<meta name=\"twitter:data1\" content=\"Am\u00e9lie Capon\" \/>\n\t<meta name=\"twitter:label2\" content=\"Dur\u00e9e de lecture estim\u00e9e\" \/>\n\t<meta name=\"twitter:data2\" content=\"7 minutes\" \/>\n<script type=\"application\/ld+json\" class=\"yoast-schema-graph\">{\"@context\":\"https:\\\/\\\/schema.org\",\"@graph\":[{\"@type\":\"Article\",\"@id\":\"https:\\\/\\\/www.sweeek.fr\\\/blog\\\/faut-il-declarer-une-pergola-bioclimatique-en-mairie\\\/#article\",\"isPartOf\":{\"@id\":\"https:\\\/\\\/www.sweeek.fr\\\/blog\\\/faut-il-declarer-une-pergola-bioclimatique-en-mairie\\\/\"},\"author\":{\"name\":\"Am\u00e9lie Capon\",\"@id\":\"https:\\\/\\\/www.sweeek.fr\\\/blog\\\/#\\\/schema\\\/person\\\/e97ba3e4a84bda73fe86070619e7640b\"},\"headline\":\"Faut-il d\u00e9clarer une pergola bioclimatique en mairie\u00a0?\",\"datePublished\":\"2025-02-27T11:03:02+00:00\",\"dateModified\":\"2025-03-07T16:15:35+00:00\",\"mainEntityOfPage\":{\"@id\":\"https:\\\/\\\/www.sweeek.fr\\\/blog\\\/faut-il-declarer-une-pergola-bioclimatique-en-mairie\\\/\"},\"wordCount\":1120,\"commentCount\":0,\"publisher\":{\"@id\":\"https:\\\/\\\/www.sweeek.fr\\\/blog\\\/#organization\"},\"image\":{\"@id\":\"https:\\\/\\\/www.sweeek.fr\\\/blog\\\/faut-il-declarer-une-pergola-bioclimatique-en-mairie\\\/#primaryimage\"},\"thumbnailUrl\":\"https:\\\/\\\/www.sweeek.fr\\\/blog\\\/wp-content\\\/uploads\\\/2025\\\/02\\\/faut-il-declarer-pergo-bio-mairie.jpg\",\"articleSection\":[\"Tonnelle, Pergola\"],\"inLanguage\":\"fr-FR\",\"potentialAction\":[{\"@type\":\"CommentAction\",\"name\":\"Comment\",\"target\":[\"https:\\\/\\\/www.sweeek.fr\\\/blog\\\/faut-il-declarer-une-pergola-bioclimatique-en-mairie\\\/#respond\"]}]},{\"@type\":\"WebPage\",\"@id\":\"https:\\\/\\\/www.sweeek.fr\\\/blog\\\/faut-il-declarer-une-pergola-bioclimatique-en-mairie\\\/\",\"url\":\"https:\\\/\\\/www.sweeek.fr\\\/blog\\\/faut-il-declarer-une-pergola-bioclimatique-en-mairie\\\/\",\"name\":\"Faut-il d\u00e9clarer une pergola bioclimatique en mairie\u00a0? &#8211; Les Conseils sweeek\",\"isPartOf\":{\"@id\":\"https:\\\/\\\/www.sweeek.fr\\\/blog\\\/#website\"},\"primaryImageOfPage\":{\"@id\":\"https:\\\/\\\/www.sweeek.fr\\\/blog\\\/faut-il-declarer-une-pergola-bioclimatique-en-mairie\\\/#primaryimage\"},\"image\":{\"@id\":\"https:\\\/\\\/www.sweeek.fr\\\/blog\\\/faut-il-declarer-une-pergola-bioclimatique-en-mairie\\\/#primaryimage\"},\"thumbnailUrl\":\"https:\\\/\\\/www.sweeek.fr\\\/blog\\\/wp-content\\\/uploads\\\/2025\\\/02\\\/faut-il-declarer-pergo-bio-mairie.jpg\",\"datePublished\":\"2025-02-27T11:03:02+00:00\",\"dateModified\":\"2025-03-07T16:15:35+00:00\",\"description\":\"D\u00e9couvrez les d\u00e9marches administratives pour installer votre pergola : permis de construire, d\u00e9claration pr\u00e9alable, PLU... Guide complet et sanctions en cas de non-d\u00e9claration.\",\"breadcrumb\":{\"@id\":\"https:\\\/\\\/www.sweeek.fr\\\/blog\\\/faut-il-declarer-une-pergola-bioclimatique-en-mairie\\\/#breadcrumb\"},\"inLanguage\":\"fr-FR\",\"potentialAction\":[{\"@type\":\"ReadAction\",\"target\":[\"https:\\\/\\\/www.sweeek.fr\\\/blog\\\/faut-il-declarer-une-pergola-bioclimatique-en-mairie\\\/\"]}]},{\"@type\":\"ImageObject\",\"inLanguage\":\"fr-FR\",\"@id\":\"https:\\\/\\\/www.sweeek.fr\\\/blog\\\/faut-il-declarer-une-pergola-bioclimatique-en-mairie\\\/#primaryimage\",\"url\":\"https:\\\/\\\/www.sweeek.fr\\\/blog\\\/wp-content\\\/uploads\\\/2025\\\/02\\\/faut-il-declarer-pergo-bio-mairie.jpg\",\"contentUrl\":\"https:\\\/\\\/www.sweeek.fr\\\/blog\\\/wp-content\\\/uploads\\\/2025\\\/02\\\/faut-il-declarer-pergo-bio-mairie.jpg\",\"width\":1024,\"height\":682,\"caption\":\"Faut il d\u00e9clarer une pergola bioclimatique en mairie\"},{\"@type\":\"BreadcrumbList\",\"@id\":\"https:\\\/\\\/www.sweeek.fr\\\/blog\\\/faut-il-declarer-une-pergola-bioclimatique-en-mairie\\\/#breadcrumb\",\"itemListElement\":[{\"@type\":\"ListItem\",\"position\":1,\"name\":\"Accueil\",\"item\":\"https:\\\/\\\/www.sweeek.fr\\\/blog\\\/\"},{\"@type\":\"ListItem\",\"position\":2,\"name\":\"Faut-il d\u00e9clarer une pergola bioclimatique en mairie\u00a0?\"}]},{\"@type\":\"WebSite\",\"@id\":\"https:\\\/\\\/www.sweeek.fr\\\/blog\\\/#website\",\"url\":\"https:\\\/\\\/www.sweeek.fr\\\/blog\\\/\",\"name\":\"Les Conseils sweeek\",\"description\":\"Conseils et inspirations\",\"publisher\":{\"@id\":\"https:\\\/\\\/www.sweeek.fr\\\/blog\\\/#organization\"},\"potentialAction\":[{\"@type\":\"SearchAction\",\"target\":{\"@type\":\"EntryPoint\",\"urlTemplate\":\"https:\\\/\\\/www.sweeek.fr\\\/blog\\\/?s={search_term_string}\"},\"query-input\":{\"@type\":\"PropertyValueSpecification\",\"valueRequired\":true,\"valueName\":\"search_term_string\"}}],\"inLanguage\":\"fr-FR\"},{\"@type\":\"Organization\",\"@id\":\"https:\\\/\\\/www.sweeek.fr\\\/blog\\\/#organization\",\"name\":\"sweeek\",\"url\":\"https:\\\/\\\/www.sweeek.fr\\\/blog\\\/\",\"logo\":{\"@type\":\"ImageObject\",\"inLanguage\":\"fr-FR\",\"@id\":\"https:\\\/\\\/www.sweeek.fr\\\/blog\\\/#\\\/schema\\\/logo\\\/image\\\/\",\"url\":\"https:\\\/\\\/www.sweeek.fr\\\/blog\\\/wp-content\\\/uploads\\\/2023\\\/10\\\/blog-sweeek-logo2.png\",\"contentUrl\":\"https:\\\/\\\/www.sweeek.fr\\\/blog\\\/wp-content\\\/uploads\\\/2023\\\/10\\\/blog-sweeek-logo2.png\",\"width\":328,\"height\":90,\"caption\":\"sweeek\"},\"image\":{\"@id\":\"https:\\\/\\\/www.sweeek.fr\\\/blog\\\/#\\\/schema\\\/logo\\\/image\\\/\"}},{\"@type\":\"Person\",\"@id\":\"https:\\\/\\\/www.sweeek.fr\\\/blog\\\/#\\\/schema\\\/person\\\/e97ba3e4a84bda73fe86070619e7640b\",\"name\":\"Am\u00e9lie Capon\",\"image\":{\"@type\":\"ImageObject\",\"inLanguage\":\"fr-FR\",\"@id\":\"https:\\\/\\\/secure.gravatar.com\\\/avatar\\\/042e4b25b2641d47117ebfaf786a00f66fd827d54a130982af74eb1f062ce832?s=96&d=mm&r=g\",\"url\":\"https:\\\/\\\/secure.gravatar.com\\\/avatar\\\/042e4b25b2641d47117ebfaf786a00f66fd827d54a130982af74eb1f062ce832?s=96&d=mm&r=g\",\"contentUrl\":\"https:\\\/\\\/secure.gravatar.com\\\/avatar\\\/042e4b25b2641d47117ebfaf786a00f66fd827d54a130982af74eb1f062ce832?s=96&d=mm&r=g\",\"caption\":\"Am\u00e9lie Capon\"}}]}<\/script>\n<!-- \/ Yoast SEO plugin. -->","yoast_head_json":{"title":"Faut-il d\u00e9clarer une pergola bioclimatique en mairie\u00a0? &#8211; Les Conseils sweeek","description":"D\u00e9couvrez les d\u00e9marches administratives pour installer votre pergola : permis de construire, d\u00e9claration pr\u00e9alable, PLU... Guide complet et sanctions en cas de non-d\u00e9claration.","robots":{"index":"index","follow":"follow","max-snippet":"max-snippet:-1","max-image-preview":"max-image-preview:large","max-video-preview":"max-video-preview:-1"},"canonical":"https:\/\/www.sweeek.fr\/blog\/faut-il-declarer-une-pergola-bioclimatique-en-mairie\/","og_locale":"fr_FR","og_type":"article","og_title":"Faut-il d\u00e9clarer une pergola bioclimatique en mairie\u00a0? &#8211; Les Conseils sweeek","og_description":"D\u00e9couvrez les d\u00e9marches administratives pour installer votre pergola : permis de construire, d\u00e9claration pr\u00e9alable, PLU... Guide complet et sanctions en cas de non-d\u00e9claration.","og_url":"https:\/\/www.sweeek.fr\/blog\/faut-il-declarer-une-pergola-bioclimatique-en-mairie\/","og_site_name":"Les Conseils sweeek","article_published_time":"2025-02-27T11:03:02+00:00","article_modified_time":"2025-03-07T16:15:35+00:00","og_image":[{"width":1024,"height":682,"url":"https:\/\/www.sweeek.fr\/blog\/wp-content\/uploads\/2025\/02\/faut-il-declarer-pergo-bio-mairie.jpg","type":"image\/jpeg"}],"author":"Am\u00e9lie Capon","twitter_card":"summary_large_image","twitter_misc":{"\u00c9crit par":"Am\u00e9lie Capon","Dur\u00e9e de lecture estim\u00e9e":"7 minutes"},"schema":{"@context":"https:\/\/schema.org","@graph":[{"@type":"Article","@id":"https:\/\/www.sweeek.fr\/blog\/faut-il-declarer-une-pergola-bioclimatique-en-mairie\/#article","isPartOf":{"@id":"https:\/\/www.sweeek.fr\/blog\/faut-il-declarer-une-pergola-bioclimatique-en-mairie\/"},"author":{"name":"Am\u00e9lie Capon","@id":"https:\/\/www.sweeek.fr\/blog\/#\/schema\/person\/e97ba3e4a84bda73fe86070619e7640b"},"headline":"Faut-il d\u00e9clarer une pergola bioclimatique en mairie\u00a0?","datePublished":"2025-02-27T11:03:02+00:00","dateModified":"2025-03-07T16:15:35+00:00","mainEntityOfPage":{"@id":"https:\/\/www.sweeek.fr\/blog\/faut-il-declarer-une-pergola-bioclimatique-en-mairie\/"},"wordCount":1120,"commentCount":0,"publisher":{"@id":"https:\/\/www.sweeek.fr\/blog\/#organization"},"image":{"@id":"https:\/\/www.sweeek.fr\/blog\/faut-il-declarer-une-pergola-bioclimatique-en-mairie\/#primaryimage"},"thumbnailUrl":"https:\/\/www.sweeek.fr\/blog\/wp-content\/uploads\/2025\/02\/faut-il-declarer-pergo-bio-mairie.jpg","articleSection":["Tonnelle, Pergola"],"inLanguage":"fr-FR","potentialAction":[{"@type":"CommentAction","name":"Comment","target":["https:\/\/www.sweeek.fr\/blog\/faut-il-declarer-une-pergola-bioclimatique-en-mairie\/#respond"]}]},{"@type":"WebPage","@id":"https:\/\/www.sweeek.fr\/blog\/faut-il-declarer-une-pergola-bioclimatique-en-mairie\/","url":"https:\/\/www.sweeek.fr\/blog\/faut-il-declarer-une-pergola-bioclimatique-en-mairie\/","name":"Faut-il d\u00e9clarer une pergola bioclimatique en mairie\u00a0? &#8211; Les Conseils sweeek","isPartOf":{"@id":"https:\/\/www.sweeek.fr\/blog\/#website"},"primaryImageOfPage":{"@id":"https:\/\/www.sweeek.fr\/blog\/faut-il-declarer-une-pergola-bioclimatique-en-mairie\/#primaryimage"},"image":{"@id":"https:\/\/www.sweeek.fr\/blog\/faut-il-declarer-une-pergola-bioclimatique-en-mairie\/#primaryimage"},"thumbnailUrl":"https:\/\/www.sweeek.fr\/blog\/wp-content\/uploads\/2025\/02\/faut-il-declarer-pergo-bio-mairie.jpg","datePublished":"2025-02-27T11:03:02+00:00","dateModified":"2025-03-07T16:15:35+00:00","description":"D\u00e9couvrez les d\u00e9marches administratives pour installer votre pergola : permis de construire, d\u00e9claration pr\u00e9alable, PLU... Guide complet et sanctions en cas de non-d\u00e9claration.","breadcrumb":{"@id":"https:\/\/www.sweeek.fr\/blog\/faut-il-declarer-une-pergola-bioclimatique-en-mairie\/#breadcrumb"},"inLanguage":"fr-FR","potentialAction":[{"@type":"ReadAction","target":["https:\/\/www.sweeek.fr\/blog\/faut-il-declarer-une-pergola-bioclimatique-en-mairie\/"]}]},{"@type":"ImageObject","inLanguage":"fr-FR","@id":"https:\/\/www.sweeek.fr\/blog\/faut-il-declarer-une-pergola-bioclimatique-en-mairie\/#primaryimage","url":"https:\/\/www.sweeek.fr\/blog\/wp-content\/uploads\/2025\/02\/faut-il-declarer-pergo-bio-mairie.jpg","contentUrl":"https:\/\/www.sweeek.fr\/blog\/wp-content\/uploads\/2025\/02\/faut-il-declarer-pergo-bio-mairie.jpg","width":1024,"height":682,"caption":"Faut il d\u00e9clarer une pergola bioclimatique en mairie"},{"@type":"BreadcrumbList","@id":"https:\/\/www.sweeek.fr\/blog\/faut-il-declarer-une-pergola-bioclimatique-en-mairie\/#breadcrumb","itemListElement":[{"@type":"ListItem","position":1,"name":"Accueil","item":"https:\/\/www.sweeek.fr\/blog\/"},{"@type":"ListItem","position":2,"name":"Faut-il d\u00e9clarer une pergola bioclimatique en mairie\u00a0?"}]},{"@type":"WebSite","@id":"https:\/\/www.sweeek.fr\/blog\/#website","url":"https:\/\/www.sweeek.fr\/blog\/","name":"Les Conseils sweeek","description":"Conseils et inspirations","publisher":{"@id":"https:\/\/www.sweeek.fr\/blog\/#organization"},"potentialAction":[{"@type":"SearchAction","target":{"@type":"EntryPoint","urlTemplate":"https:\/\/www.sweeek.fr\/blog\/?s={search_term_string}"},"query-input":{"@type":"PropertyValueSpecification","valueRequired":true,"valueName":"search_term_string"}}],"inLanguage":"fr-FR"},{"@type":"Organization","@id":"https:\/\/www.sweeek.fr\/blog\/#organization","name":"sweeek","url":"https:\/\/www.sweeek.fr\/blog\/","logo":{"@type":"ImageObject","inLanguage":"fr-FR","@id":"https:\/\/www.sweeek.fr\/blog\/#\/schema\/logo\/image\/","url":"https:\/\/www.sweeek.fr\/blog\/wp-content\/uploads\/2023\/10\/blog-sweeek-logo2.png","contentUrl":"https:\/\/www.sweeek.fr\/blog\/wp-content\/uploads\/2023\/10\/blog-sweeek-logo2.png","width":328,"height":90,"caption":"sweeek"},"image":{"@id":"https:\/\/www.sweeek.fr\/blog\/#\/schema\/logo\/image\/"}},{"@type":"Person","@id":"https:\/\/www.sweeek.fr\/blog\/#\/schema\/person\/e97ba3e4a84bda73fe86070619e7640b","name":"Am\u00e9lie Capon","image":{"@type":"ImageObject","inLanguage":"fr-FR","@id":"https:\/\/secure.gravatar.com\/avatar\/042e4b25b2641d47117ebfaf786a00f66fd827d54a130982af74eb1f062ce832?s=96&d=mm&r=g","url":"https:\/\/secure.gravatar.com\/avatar\/042e4b25b2641d47117ebfaf786a00f66fd827d54a130982af74eb1f062ce832?s=96&d=mm&r=g","contentUrl":"https:\/\/secure.gravatar.com\/avatar\/042e4b25b2641d47117ebfaf786a00f66fd827d54a130982af74eb1f062ce832?s=96&d=mm&r=g","caption":"Am\u00e9lie Capon"}}]}},"uagb_featured_image_src":{"full":["https:\/\/www.sweeek.fr\/blog\/wp-content\/uploads\/2025\/02\/faut-il-declarer-pergo-bio-mairie.jpg",1024,682,false],"thumbnail":["https:\/\/www.sweeek.fr\/blog\/wp-content\/uploads\/2025\/02\/faut-il-declarer-pergo-bio-mairie-150x150.jpg",150,150,true],"medium":["https:\/\/www.sweeek.fr\/blog\/wp-content\/uploads\/2025\/02\/faut-il-declarer-pergo-bio-mairie-300x200.jpg",300,200,true],"medium_large":["https:\/\/www.sweeek.fr\/blog\/wp-content\/uploads\/2025\/02\/faut-il-declarer-pergo-bio-mairie-768x512.jpg",768,512,true],"large":["https:\/\/www.sweeek.fr\/blog\/wp-content\/uploads\/2025\/02\/faut-il-declarer-pergo-bio-mairie.jpg",1024,682,false],"1536x1536":["https:\/\/www.sweeek.fr\/blog\/wp-content\/uploads\/2025\/02\/faut-il-declarer-pergo-bio-mairie.jpg",1024,682,false],"2048x2048":["https:\/\/www.sweeek.fr\/blog\/wp-content\/uploads\/2025\/02\/faut-il-declarer-pergo-bio-mairie.jpg",1024,682,false],"ocean-thumb-m":["https:\/\/www.sweeek.fr\/blog\/wp-content\/uploads\/2025\/02\/faut-il-declarer-pergo-bio-mairie-600x600.jpg",600,600,true],"ocean-thumb-ml":["https:\/\/www.sweeek.fr\/blog\/wp-content\/uploads\/2025\/02\/faut-il-declarer-pergo-bio-mairie-800x450.jpg",800,450,true],"ocean-thumb-l":["https:\/\/www.sweeek.fr\/blog\/wp-content\/uploads\/2025\/02\/faut-il-declarer-pergo-bio-mairie.jpg",1024,682,false]},"uagb_author_info":{"display_name":"Am\u00e9lie Capon","author_link":"https:\/\/www.sweeek.fr\/blog"},"uagb_comment_info":0,"uagb_excerpt":"Vous avez pour projet d\u2019acheter une pergola bioclimatique et vous avez h\u00e2te de pouvoir profiter de votre jardin toute l\u2019ann\u00e9e. La pergola bioclimatique est un bel investissement qui permet de cr\u00e9er un nouvel espace sur votre terrasse ou dans votre jardin Savez-vous qu\u2019il existe certaines d\u00e9marches administratives \u00e0 respecter avant d\u2019installer votre pergola bioclimatique dans\u2026","_links":{"self":[{"href":"https:\/\/www.sweeek.fr\/blog\/wp-json\/wp\/v2\/posts\/21676","targetHints":{"allow":["GET"]}}],"collection":[{"href":"https:\/\/www.sweeek.fr\/blog\/wp-json\/wp\/v2\/posts"}],"about":[{"href":"https:\/\/www.sweeek.fr\/blog\/wp-json\/wp\/v2\/types\/post"}],"author":[{"embeddable":true,"href":"https:\/\/www.sweeek.fr\/blog\/wp-json\/wp\/v2\/users\/4"}],"replies":[{"embeddable":true,"href":"https:\/\/www.sweeek.fr\/blog\/wp-json\/wp\/v2\/comments?post=21676"}],"version-history":[{"count":20,"href":"https:\/\/www.sweeek.fr\/blog\/wp-json\/wp\/v2\/posts\/21676\/revisions"}],"predecessor-version":[{"id":22303,"href":"https:\/\/www.sweeek.fr\/blog\/wp-json\/wp\/v2\/posts\/21676\/revisions\/22303"}],"wp:featuredmedia":[{"embeddable":true,"href":"https:\/\/www.sweeek.fr\/blog\/wp-json\/wp\/v2\/media\/21708"}],"wp:attachment":[{"href":"https:\/\/www.sweeek.fr\/blog\/wp-json\/wp\/v2\/media?parent=21676"}],"wp:term":[{"taxonomy":"category","embeddable":true,"href":"https:\/\/www.sweeek.fr\/blog\/wp-json\/wp\/v2\/categories?post=21676"},{"taxonomy":"post_tag","embeddable":true,"href":"https:\/\/www.sweeek.fr\/blog\/wp-json\/wp\/v2\/tags?post=21676"}],"curies":[{"name":"wp","href":"https:\/\/api.w.org\/{rel}","templated":true}]}}