{"id":18263,"date":"2024-03-26T15:49:22","date_gmt":"2024-03-26T14:49:22","guid":{"rendered":"https:\/\/www.sweeek.fr\/blog\/?p=18263"},"modified":"2024-07-24T17:29:10","modified_gmt":"2024-07-24T15:29:10","slug":"comment-utiliser-le-marc-de-cafe-dans-le-potager","status":"publish","type":"post","link":"https:\/\/www.sweeek.fr\/blog\/comment-utiliser-le-marc-de-cafe-dans-le-potager\/","title":{"rendered":"Comment utiliser le marc de caf\u00e9 ?\u00a0\u00a0\u00a0\u00a0\u00a0\u00a0\u00a0\u00a0"},"content":{"rendered":"\n<p>Le marc de caf\u00e9, c\u2019est ce r\u00e9sidu solide qui reste apr\u00e8s que le caf\u00e9 a \u00e9t\u00e9 pr\u00e9par\u00e9 par infusion ou par d&rsquo;autres m\u00e9thodes d&rsquo;extraction. Il se compose de grains de caf\u00e9 qui ont d\u00e9j\u00e0 \u00e9t\u00e9 utilis\u00e9s. Il est donc g\u00e9n\u00e9ralement jet\u00e9. Mais saviez-vous qu\u2019il peut \u00eatre un excellent ajout \u00e0 votre <a href=\"https:\/\/www.sweeek.fr\/blog\/comment-faire-un-jardin-potager\/\">potager<\/a>&nbsp;? Il peut avoir des effets b\u00e9n\u00e9fiques sur le sol et les plantes ! En plus de pouvoir \u00eatre utilis\u00e9 comme engrais organique, il est une excellente mati\u00e8re \u00e0 composter qui neutralise les odeurs, un r\u00e9pulsif naturel contre certains parasites, et il am\u00e9liore la structure du sol.<\/p>\n\n\n\n<h2 class=\"wp-block-heading\">Quelle est la composition du marc de caf\u00e9&nbsp;?<\/h2>\n\n\n\n<p>Le marc de caf\u00e9 est une source naturelle d&rsquo;\u00e9l\u00e9ments nutritifs importants pour les plantes. Vous pouvez m\u00eame simplement ajouter le marc de caf\u00e9 directement au sol autour de vos plantes comme engrais. Assurez-vous de le m\u00e9langer avec la terre pour \u00e9viter qu&rsquo;il ne forme une couche compacte qui pourrait emp\u00eacher l&rsquo;\u00e9coulement de l&rsquo;humidit\u00e9. Voici les principaux composants du marc de caf\u00e9 :<\/p>\n\n\n\n<ul class=\"wp-block-list\"><li>Azote : Le marc de caf\u00e9 est relativement riche en azote, un \u00e9l\u00e9ment essentiel pour la croissance des plantes. L&rsquo;azote favorise notamment le d\u00e9veloppement des v\u00e9g\u00e9taux.<\/li><li>Phosphore : Le marc de caf\u00e9 contient \u00e9galement une quantit\u00e9 mod\u00e9r\u00e9e de ce nutriment crucial pour la croissance des racines, la floraison et la fructification des plantes.<\/li><li>Potassium : Ce composant contribue \u00e0 renforcer la r\u00e9sistance des plantes aux maladies, ainsi qu&rsquo;\u00e0 am\u00e9liorer la qualit\u00e9 globale des fruits et l\u00e9gumes.<\/li><li>Magn\u00e9sium : Le marc de caf\u00e9 contient \u00e9galement du magn\u00e9sium, vital pour la photosynth\u00e8se et la formation de chlorophylle dans les plantes.<\/li><li>Calcium : Bien que pr\u00e9sent en quantit\u00e9s plus faibles, le marc de caf\u00e9 peut \u00e9galement fournir du calcium, important pour la formation des parois cellulaires et la croissance des racines.<\/li><\/ul>\n\n\n\n<h2 class=\"wp-block-heading\">Quels sont les bienfaits du marc de caf\u00e9 sur la terre et les plantes&nbsp;?<\/h2>\n\n\n\n<p>Le marc de caf\u00e9 peut apporter de nombreux bienfaits \u00e0 la terre et aux plantes gr\u00e2ce \u00e0 sa composition. En l&rsquo;ajoutant au sol, vous fournissez \u00e0 vos plantes une alimentation \u00e9quilibr\u00e9e. Avec sa texture granuleuse, il peut aider \u00e0 am\u00e9liorer la structure du sol et favorise un sol plus a\u00e9r\u00e9, mieux drain\u00e9, ce qui est b\u00e9n\u00e9fique pour la croissance des racines et la sant\u00e9 globale des plantes de votre jardin. En ajoutant du marc de caf\u00e9 au sol, vous pouvez \u00e9galement aider \u00e0 am\u00e9liorer la capacit\u00e9 du sol \u00e0 retenir l&rsquo;humidit\u00e9, ce qui est particuli\u00e8rement b\u00e9n\u00e9fique dans les sols sableux ou poreux.<\/p>\n\n\n\n<p>En plus de tout \u00e7a, le marc de caf\u00e9 peut stimuler l&rsquo;activit\u00e9 des micro-organismes b\u00e9n\u00e9fiques dans le sol. Ces micro-organismes d\u00e9composent le contenu de votre <a href=\"https:\/\/www.sweeek.fr\/blog\/quoi-mettre-dans-composteur\/\">compost<\/a>, lib\u00e9rant ainsi des nutriments disponibles pour les plantes. Comme il contient de la caf\u00e9ine, il peut en plus agir comme un r\u00e9pulsif naturel sur vos plantes contre certains parasites.<\/p>\n\n\n\n<h2 class=\"wp-block-heading\">Comment int\u00e9grer du marc de caf\u00e9 \u00e0 ses semis&nbsp;?<\/h2>\n\n\n\n<p>Int\u00e9grer du marc de caf\u00e9 \u00e0 vos semis peut \u00eatre b\u00e9n\u00e9fique pour fournir aux jeunes plantes de la nourriture suppl\u00e9mentaire et cr\u00e9er un environnement propice \u00e0 leur croissance. Voici quelques fa\u00e7ons d&rsquo;incorporer du marc de caf\u00e9 :<\/p>\n\n\n\n<ul class=\"wp-block-list\"><li><strong>M\u00e9lange avec le terreau<\/strong><\/li><\/ul>\n\n\n\n<p>M\u00e9langez du marc de caf\u00e9 avec le terreau que vous utilisez pour semer vos graines. Assurez-vous de ne pas ajouter trop de marc de caf\u00e9, car cela pourrait br\u00fbler les jeunes plantes en raison de sa forte teneur en azote. Commencez par une petite dose, comme environ 10 \u00e0 20% de marc de caf\u00e9 m\u00e9lang\u00e9 avec du terreau, et ajustez selon les besoins.<\/p>\n\n\n\n<div class=\"wp-block-columns is-layout-flex wp-container-core-columns-is-layout-9d6595d7 wp-block-columns-is-layout-flex\">\n<div class=\"wp-block-column is-layout-flow wp-block-column-is-layout-flow\">\n<figure class=\"wp-block-image alignfull size-large\"><img fetchpriority=\"high\" decoding=\"async\" width=\"1024\" height=\"684\" src=\"https:\/\/www.sweeek.fr\/blog\/wp-content\/uploads\/2024\/03\/semis-salade-1024x684.jpg\" alt=\"melange de terreau avec marc de cafe\" class=\"wp-image-18279\" srcset=\"https:\/\/www.sweeek.fr\/blog\/wp-content\/uploads\/2024\/03\/semis-salade-1024x684.jpg 1024w, https:\/\/www.sweeek.fr\/blog\/wp-content\/uploads\/2024\/03\/semis-salade-300x200.jpg 300w, https:\/\/www.sweeek.fr\/blog\/wp-content\/uploads\/2024\/03\/semis-salade-768x513.jpg 768w, https:\/\/www.sweeek.fr\/blog\/wp-content\/uploads\/2024\/03\/semis-salade.jpg 1280w\" sizes=\"(max-width: 1024px) 100vw, 1024px\" \/><\/figure>\n<\/div>\n<\/div>\n\n\n\n<ul class=\"wp-block-list\"><li><strong>Pr\u00e9paration du terreau<\/strong><\/li><\/ul>\n\n\n\n<p>Si vous pr\u00e9parez votre propre m\u00e9lange de terreau, vous pouvez inclure du marc de caf\u00e9 dans la recette. Utilisez des proportions adapt\u00e9es pour \u00e9viter de surcharger le m\u00e9lange en marc de caf\u00e9. Veillez \u00e0 bien m\u00e9langer tous les ingr\u00e9dients pour obtenir une distribution uniforme.<\/p>\n\n\n\n<ul class=\"wp-block-list\"><li><strong>Top-dressing apr\u00e8s la germination<\/strong><\/li><\/ul>\n\n\n\n<p>Une fois que les premi\u00e8res vraies feuilles apparaissent, vous pouvez utiliser du marc de caf\u00e9 comme top-dressing. Saupoudrez l\u00e9g\u00e8rement du marc de caf\u00e9 autour des plantules, en veillant \u00e0 ne pas en mettre trop pr\u00e8s des tiges pour \u00e9viter tout risque de pourriture. Cela fournira un apport nutritionnel suppl\u00e9mentaire aux jeunes plantes.<\/p>\n\n\n\n<ul class=\"wp-block-list\"><li><strong>Compost pour la pr\u00e9paration du terreau<\/strong><\/li><\/ul>\n\n\n\n<p>Si vous utilisez du compost pour pr\u00e9parer votre terreau, vous pouvez inclure du marc de caf\u00e9 dans votre pile. Assurez-vous que ce dernier est bien d\u00e9compos\u00e9 avant de l&rsquo;utiliser pour <a href=\"https:\/\/www.sweeek.fr\/blog\/comment-bien-choisir-ses-graines-pour-le-potager\/\">semer des graines<\/a>. Non m\u00fbr, il peut \u00eatre trop charg\u00e9 en azote et nuire aux jeunes plantes.<\/p>\n\n\n\n<p>Lorsque vous int\u00e9grez du marc de caf\u00e9 dans votre jardin, assurez-vous de surveiller attentivement les plantules pour d\u00e9tecter tout signe de stress ou de probl\u00e8mes. Si les plantes semblent montrer des signes de br\u00fblure ou de mauvaise croissance, r\u00e9duisez la dose de marc de caf\u00e9 utilis\u00e9e ou cessez de l&rsquo;utiliser temporairement.<\/p>\n\n\n\n<h2 class=\"wp-block-heading\">Comment et pourquoi mettre du marc de caf\u00e9 dans le compost&nbsp;?<\/h2>\n\n\n\n<p>Mettre du marc de caf\u00e9 dans le compost est une excellente id\u00e9e pour plusieurs raisons, et son ajout peut enrichir votre m\u00e9lange et am\u00e9liorer sa qualit\u00e9 globale.<\/p>\n\n\n\n<p>Riche en nutriments, le marc de caf\u00e9 est une source pr\u00e9cieuse pour vos plantes. En l\u2019ajoutant au compost, vous enrichissez le m\u00e9lange final de votre engrais. En plus, les micro-organismes pr\u00e9sents dans le marc de caf\u00e9 favorisent la d\u00e9composition et produisent une meilleure qualit\u00e9 d\u2019engrais. Sa texture granuleuse peut en effet aider \u00e0 cr\u00e9er un m\u00e9lange plus a\u00e9r\u00e9 et mieux drain\u00e9.<\/p>\n\n\n\n<figure class=\"wp-block-image alignfull size-large\"><img decoding=\"async\" width=\"1024\" height=\"682\" src=\"https:\/\/www.sweeek.fr\/blog\/wp-content\/uploads\/2024\/03\/compost-419261_1280-1024x682.jpg\" alt=\"marc de cafe dans compost\" class=\"wp-image-18283\" srcset=\"https:\/\/www.sweeek.fr\/blog\/wp-content\/uploads\/2024\/03\/compost-419261_1280-1024x682.jpg 1024w, https:\/\/www.sweeek.fr\/blog\/wp-content\/uploads\/2024\/03\/compost-419261_1280-300x200.jpg 300w, https:\/\/www.sweeek.fr\/blog\/wp-content\/uploads\/2024\/03\/compost-419261_1280-768x512.jpg 768w, https:\/\/www.sweeek.fr\/blog\/wp-content\/uploads\/2024\/03\/compost-419261_1280.jpg 1280w\" sizes=\"(max-width: 1024px) 100vw, 1024px\" \/><\/figure>\n\n\n\n<p>Pour obtenir un engrais \u00e9quilibr\u00e9, il est important de combiner des \u00e9l\u00e9ments riches en azote (verts) avec des \u00e9l\u00e9ments charg\u00e9s en carbone (bruns). Le marc de caf\u00e9 est consid\u00e9r\u00e9 comme un \u00e9l\u00e9ment vert en raison de sa teneur en azote, ce qui en fait un excellent compl\u00e9ment aux mat\u00e9riaux bruns tels que les feuilles mortes, les branches broy\u00e9es, etc.<\/p>\n\n\n\n<p>Pour couronner le tout, le marc de caf\u00e9 peut aider \u00e0 neutraliser les odeurs d\u00e9sagr\u00e9ables associ\u00e9es \u00e0 la d\u00e9composition des d\u00e9chets organiques gr\u00e2ce \u00e0 ses propri\u00e9t\u00e9s absorbantes !<\/p>\n\n\n\n<p>Pour mettre du marc de caf\u00e9 dans le compost, il vous suffit de le m\u00e9langer aux autres mat\u00e9riaux organiques. Veillez \u00e0 alterner les couches de mat\u00e9riaux verts et bruns et \u00e0 ne pas ajouter trop de marc de caf\u00e9 \u00e0 la fois, car cela pourrait cr\u00e9er un d\u00e9s\u00e9quilibre. En l&rsquo;ajoutant r\u00e9guli\u00e8rement et en surveillant attentivement sa composition, vous pouvez cr\u00e9er un m\u00e9lange fertile et nutritif pour vos plantes.<\/p>\n\n\n\n<h2 class=\"wp-block-heading\">Comment repousser les nuisibles du jardin avec du marc de caf\u00e9&nbsp;?<\/h2>\n\n\n\n<p>Le marc de caf\u00e9 peut \u00eatre utilis\u00e9 de plusieurs mani\u00e8res pour repousser les <a href=\"https:\/\/www.sweeek.fr\/blog\/insectes-nuisibles-du-potager-notre-guide-pour-tout-savoir-sur-le-sujet\/\">nuisibles du jardin<\/a> de mani\u00e8re naturelle. Voici quelques m\u00e9thodes efficaces :<\/p>\n\n\n\n<ul class=\"wp-block-list\"><li><strong>Contre les limaces et les escargots<\/strong><\/li><\/ul>\n\n\n\n<p>Les limaces et les escargots sont souvent attir\u00e9s par les jeunes pousses et peuvent causer des d\u00e9g\u00e2ts importants dans le jardin. Pour les dissuader, r\u00e9partissez du marc de caf\u00e9 autour des plantes sensibles. La caf\u00e9ine pr\u00e9sente dans le marc de caf\u00e9 agit comme un repoussant naturel.<\/p>\n\n\n\n<ul class=\"wp-block-list\"><li><strong>Contre les fourmis<\/strong><\/li><\/ul>\n\n\n\n<p>Les fourmis peuvent \u00eatre d\u00e9rang\u00e9es par le marc de caf\u00e9. Disposez du marc de caf\u00e9 autour des entr\u00e9es de fourmis et des endroits o\u00f9 vous avez remarqu\u00e9 leur pr\u00e9sence pour les dissuader de s&rsquo;installer dans votre jardin.<\/p>\n\n\n\n<ul class=\"wp-block-list\"><li><strong>Contre les chats et les chiens<\/strong><\/li><\/ul>\n\n\n\n<p>Si les chats ou les chiens du quartier ont tendance \u00e0 utiliser votre jardin comme toilettes, saupoudrez du marc de caf\u00e9 autour des zones o\u00f9 ils ont l&rsquo;habitude de faire leurs besoins.<\/p>\n\n\n\n<ul class=\"wp-block-list\"><li><strong>Contre les moustiques<\/strong><\/li><\/ul>\n\n\n\n<p>Les moustiques sont sensibles \u00e0 certaines odeurs, y compris celle du marc de caf\u00e9. Pour r\u00e9duire leur pr\u00e9sence, placez du marc de caf\u00e9 dans des r\u00e9cipients ouverts et placez-les autour de votre jardin.<\/p>\n\n\n\n<ul class=\"wp-block-list\"><li><strong>Contre les ravageurs des plantes<\/strong><\/li><\/ul>\n\n\n\n<p>Certaines plantes peuvent \u00eatre attaqu\u00e9es par des ravageurs tels que les <a href=\"https:\/\/www.sweeek.fr\/blog\/comment-se-debarrasser-des-pucerons\/\">pucerons<\/a> ou les <a href=\"https:\/\/www.sweeek.fr\/blog\/comment-se-debarrasser-des-aleurodes\/\">aleurodes<\/a>. Vaporisez un m\u00e9lange d&rsquo;eau et de marc de caf\u00e9 sur ces plantes. La senteur du marc de caf\u00e9 peut dissuader ces ravageurs et aider \u00e0 prot\u00e9ger vos plantes.<\/p>\n\n\n\n<p>Pour un effet durable, assurez-vous de renouveler r\u00e9guli\u00e8rement son application, surtout apr\u00e8s la pluie, car cela peut r\u00e9duire son efficacit\u00e9. De plus, gardez \u00e0 l&rsquo;esprit que le marc de caf\u00e9 peut tacher certaines surfaces, alors utilisez-le avec pr\u00e9caution autour des zones o\u00f9 vous ne voulez pas de taches.<\/p>\n\n\n\n<p>Si vous utilisez le marc de caf\u00e9 avec mod\u00e9ration et que vous variez vos m\u00e9thodes d&rsquo;application, vous avez toutes les cartes en mains pour maximiser ses avantages dans votre potager.<\/p>\n\n\n\n<div style=\"height:50px\" aria-hidden=\"true\" class=\"wp-block-spacer\"><\/div>\n\n\n\n<div class=\"wp-block-group has-white-color has-text-color has-background\" style=\"background-color:#f2f2f2\"><div class=\"wp-block-group__inner-container is-layout-flow wp-block-group-is-layout-flow\">\n<h2 class=\"alignfull has-text-align-center has-black-color has-text-color wp-block-heading\" style=\"font-size:30px;font-style:normal;font-weight:400\">La s\u00e9lection de sweeek<\/h2>\n\n\n\n<div style=\"height:21px\" aria-hidden=\"true\" class=\"wp-block-spacer\"><\/div>\n\n\n\n<div class=\"wp-block-columns is-layout-flex wp-container-core-columns-is-layout-9d6595d7 wp-block-columns-is-layout-flex\">\n<div class=\"wp-block-column is-layout-flow wp-block-column-is-layout-flow\"><div class=\"wp-block-image\">\n<figure class=\"aligncenter size-large\"><a href=\"https:\/\/www.sweeek.fr\/product\/potager-en-bois-sur-pieds-et-serre-en-polycarbonate-amovible-erable-2-en-1-avec-etagere-et-geotextile-80-x-60-x-109-cm\" target=\"_blank\" rel=\"noreferrer noopener\"><img decoding=\"async\" src=\"https:\/\/sweeek.twic.pics\/https:\/\/www.sweeek.fr\/blog\/wp-content\/uploads\/2022\/06\/Nouveau-projet-2022-06-01T114733.815.jpg\" alt=\"Potager en bois sur pieds avec mini serre\"\/><\/a><\/figure>\n<\/div>\n\n\n<h3 class=\"has-text-align-center has-black-color has-text-color wp-block-heading\" style=\"font-style:normal;font-weight:400\">Potager en bois sur pieds avec mini serre<\/h3>\n\n\n\n<div style=\"height:15px\" aria-hidden=\"true\" class=\"wp-block-spacer\"><\/div>\n<\/div>\n\n\n\n<div class=\"wp-block-column is-layout-flow wp-block-column-is-layout-flow\"><div class=\"wp-block-image\">\n<figure class=\"aligncenter size-large\"><a href=\"https:\/\/www.sweeek.fr\/product\/table-jardinage-petunia-2-tiroirs-etabli-exterieur-bois\" target=\"_blank\" rel=\"noreferrer noopener\"><img decoding=\"async\" src=\"https:\/\/sweeek.twic.pics\/products\/6647\/original\/wwkbenchnat-25d74b2d941e42f87437f8d596b21587.jpg?twic=v1\/resize=1800x1800\/resize=1500\/quality=70\" alt=\"Table de rempotage avec 2 tiroirs\n\"\/><\/a><\/figure>\n<\/div>\n\n\n<h3 class=\"has-text-align-center wp-block-heading\" style=\"font-style:normal;font-weight:400\">Table de rempotage avec 2 tiroirs<\/h3>\n\n\n\n<div style=\"height:15px\" aria-hidden=\"true\" class=\"wp-block-spacer\"><\/div>\n<\/div>\n\n\n\n<div class=\"wp-block-column is-layout-flow wp-block-column-is-layout-flow\"><div class=\"wp-block-image\">\n<figure class=\"aligncenter size-large\"><img decoding=\"async\" src=\"https:\/\/sweeek.twic.pics\/products\/1771\/original\/gh7pcsg-f1f4464012ceedefa6c9916dd308dc94.jpg?twic=v1\/resize=1800x1800\/resize=1500\/quality=70\" alt=\"Serre de jardin polycarbonate 7m\u00b2\n\"\/><\/figure>\n<\/div>\n\n\n<h3 class=\"has-text-align-center has-black-color has-text-color wp-block-heading\" style=\"font-style:normal;font-weight:400\">Serre de jardin polycarbonate 7m\u00b2<\/h3>\n\n\n\n<div style=\"height:15px\" aria-hidden=\"true\" class=\"wp-block-spacer\"><\/div>\n<\/div>\n<\/div>\n<\/div><\/div>\n","protected":false},"excerpt":{"rendered":"<p>Le marc de caf\u00e9, c\u2019est ce r\u00e9sidu solide qui reste apr\u00e8s que le caf\u00e9 a \u00e9t\u00e9 pr\u00e9par\u00e9 par infusion ou par d&rsquo;autres m\u00e9thodes d&rsquo;extraction. Il se compose de grains de caf\u00e9 qui ont d\u00e9j\u00e0 \u00e9t\u00e9 utilis\u00e9s. Il est donc g\u00e9n\u00e9ralement jet\u00e9. Mais saviez-vous qu\u2019il peut \u00eatre un excellent ajout \u00e0 votre potager&nbsp;? Il peut avoir [&hellip;]<\/p>\n","protected":false},"author":20,"featured_media":19026,"comment_status":"open","ping_status":"closed","sticky":false,"template":"","format":"standard","meta":{"inline_featured_image":false,"_uag_custom_page_level_css":"","ocean_post_layout":"","ocean_both_sidebars_style":"","ocean_both_sidebars_content_width":0,"ocean_both_sidebars_sidebars_width":0,"ocean_sidebar":"","ocean_second_sidebar":"","ocean_disable_margins":"enable","ocean_add_body_class":"","ocean_shortcode_before_top_bar":"","ocean_shortcode_after_top_bar":"","ocean_shortcode_before_header":"","ocean_shortcode_after_header":"","ocean_has_shortcode":"","ocean_shortcode_after_title":"","ocean_shortcode_before_footer_widgets":"","ocean_shortcode_after_footer_widgets":"","ocean_shortcode_before_footer_bottom":"","ocean_shortcode_after_footer_bottom":"","ocean_display_top_bar":"default","ocean_display_header":"default","ocean_header_style":"","ocean_center_header_left_menu":"","ocean_custom_header_template":"","ocean_custom_logo":0,"ocean_custom_retina_logo":0,"ocean_custom_logo_max_width":0,"ocean_custom_logo_tablet_max_width":0,"ocean_custom_logo_mobile_max_width":0,"ocean_custom_logo_max_height":0,"ocean_custom_logo_tablet_max_height":0,"ocean_custom_logo_mobile_max_height":0,"ocean_header_custom_menu":"","ocean_menu_typo_font_family":"","ocean_menu_typo_font_subset":"","ocean_menu_typo_font_size":0,"ocean_menu_typo_font_size_tablet":0,"ocean_menu_typo_font_size_mobile":0,"ocean_menu_typo_font_size_unit":"px","ocean_menu_typo_font_weight":"","ocean_menu_typo_font_weight_tablet":"","ocean_menu_typo_font_weight_mobile":"","ocean_menu_typo_transform":"","ocean_menu_typo_transform_tablet":"","ocean_menu_typo_transform_mobile":"","ocean_menu_typo_line_height":0,"ocean_menu_typo_line_height_tablet":0,"ocean_menu_typo_line_height_mobile":0,"ocean_menu_typo_line_height_unit":"","ocean_menu_typo_spacing":0,"ocean_menu_typo_spacing_tablet":0,"ocean_menu_typo_spacing_mobile":0,"ocean_menu_typo_spacing_unit":"","ocean_menu_link_color":"","ocean_menu_link_color_hover":"","ocean_menu_link_color_active":"","ocean_menu_link_background":"","ocean_menu_link_hover_background":"","ocean_menu_link_active_background":"","ocean_menu_social_links_bg":"","ocean_menu_social_hover_links_bg":"","ocean_menu_social_links_color":"","ocean_menu_social_hover_links_color":"","ocean_disable_title":"default","ocean_disable_heading":"default","ocean_post_title":"","ocean_post_subheading":"","ocean_post_title_style":"","ocean_post_title_background_color":"","ocean_post_title_background":0,"ocean_post_title_bg_image_position":"","ocean_post_title_bg_image_attachment":"","ocean_post_title_bg_image_repeat":"","ocean_post_title_bg_image_size":"","ocean_post_title_height":0,"ocean_post_title_bg_overlay":0.5,"ocean_post_title_bg_overlay_color":"","ocean_disable_breadcrumbs":"default","ocean_breadcrumbs_color":"","ocean_breadcrumbs_separator_color":"","ocean_breadcrumbs_links_color":"","ocean_breadcrumbs_links_hover_color":"","ocean_display_footer_widgets":"default","ocean_display_footer_bottom":"default","ocean_custom_footer_template":"","ocean_post_oembed":"","ocean_post_self_hosted_media":"","ocean_post_video_embed":"","ocean_link_format":"","ocean_link_format_target":"self","ocean_quote_format":"","ocean_quote_format_link":"post","ocean_gallery_link_images":"on","ocean_gallery_id":[],"footnotes":""},"categories":[178],"tags":[],"class_list":["post-18263","post","type-post","status-publish","format-standard","has-post-thumbnail","hentry","category-potager","entry","has-media"],"yoast_head":"<!-- This site is optimized with the Yoast SEO plugin v27.3 - https:\/\/yoast.com\/product\/yoast-seo-wordpress\/ -->\n<title>Comment utiliser le marc de caf\u00e9 ?\u00a0\u00a0\u00a0\u00a0\u00a0\u00a0\u00a0\u00a0 &#8211; Les Conseils sweeek<\/title>\n<meta name=\"description\" content=\"D\u00e9couvrez comment transformer le marc de caf\u00e9 en un alli\u00e9 pr\u00e9cieux pour votre potager avec notre guide complet.\" \/>\n<meta name=\"robots\" content=\"index, follow, max-snippet:-1, max-image-preview:large, max-video-preview:-1\" \/>\n<link rel=\"canonical\" href=\"https:\/\/www.sweeek.fr\/blog\/comment-utiliser-le-marc-de-cafe-dans-le-potager\/\" \/>\n<meta property=\"og:locale\" content=\"fr_FR\" \/>\n<meta property=\"og:type\" content=\"article\" \/>\n<meta property=\"og:title\" content=\"Comment utiliser le marc de caf\u00e9 ?\u00a0\u00a0\u00a0\u00a0\u00a0\u00a0\u00a0\u00a0 &#8211; Les Conseils sweeek\" \/>\n<meta property=\"og:description\" content=\"D\u00e9couvrez comment transformer le marc de caf\u00e9 en un alli\u00e9 pr\u00e9cieux pour votre potager avec notre guide complet.\" \/>\n<meta property=\"og:url\" content=\"https:\/\/www.sweeek.fr\/blog\/comment-utiliser-le-marc-de-cafe-dans-le-potager\/\" \/>\n<meta property=\"og:site_name\" content=\"Les Conseils sweeek\" \/>\n<meta property=\"article:published_time\" content=\"2024-03-26T14:49:22+00:00\" \/>\n<meta property=\"article:modified_time\" content=\"2024-07-24T15:29:10+00:00\" \/>\n<meta property=\"og:image\" content=\"https:\/\/www.sweeek.fr\/blog\/wp-content\/uploads\/2024\/03\/Article-Marc-de-cafe.jpg\" \/>\n\t<meta property=\"og:image:width\" content=\"1024\" \/>\n\t<meta property=\"og:image:height\" content=\"682\" \/>\n\t<meta property=\"og:image:type\" content=\"image\/jpeg\" \/>\n<meta name=\"author\" content=\"Alexandre T\u00e9tart\" \/>\n<meta name=\"twitter:card\" content=\"summary_large_image\" \/>\n<meta name=\"twitter:creator\" content=\"@mpira@sweeek.com\" \/>\n<meta name=\"twitter:label1\" content=\"\u00c9crit par\" \/>\n\t<meta name=\"twitter:data1\" content=\"Alexandre T\u00e9tart\" \/>\n\t<meta name=\"twitter:label2\" content=\"Dur\u00e9e de lecture estim\u00e9e\" \/>\n\t<meta name=\"twitter:data2\" content=\"9 minutes\" \/>\n<script type=\"application\/ld+json\" class=\"yoast-schema-graph\">{\"@context\":\"https:\\\/\\\/schema.org\",\"@graph\":[{\"@type\":\"Article\",\"@id\":\"https:\\\/\\\/www.sweeek.fr\\\/blog\\\/comment-utiliser-le-marc-de-cafe-dans-le-potager\\\/#article\",\"isPartOf\":{\"@id\":\"https:\\\/\\\/www.sweeek.fr\\\/blog\\\/comment-utiliser-le-marc-de-cafe-dans-le-potager\\\/\"},\"author\":{\"name\":\"Alexandre T\u00e9tart\",\"@id\":\"https:\\\/\\\/www.sweeek.fr\\\/blog\\\/#\\\/schema\\\/person\\\/303e1c0b79374ee95f345eb5a74de2df\"},\"headline\":\"Comment utiliser le marc de caf\u00e9 ?\u00a0\u00a0\u00a0\u00a0\u00a0\u00a0\u00a0\u00a0\",\"datePublished\":\"2024-03-26T14:49:22+00:00\",\"dateModified\":\"2024-07-24T15:29:10+00:00\",\"mainEntityOfPage\":{\"@id\":\"https:\\\/\\\/www.sweeek.fr\\\/blog\\\/comment-utiliser-le-marc-de-cafe-dans-le-potager\\\/\"},\"wordCount\":1491,\"commentCount\":0,\"publisher\":{\"@id\":\"https:\\\/\\\/www.sweeek.fr\\\/blog\\\/#organization\"},\"image\":{\"@id\":\"https:\\\/\\\/www.sweeek.fr\\\/blog\\\/comment-utiliser-le-marc-de-cafe-dans-le-potager\\\/#primaryimage\"},\"thumbnailUrl\":\"https:\\\/\\\/www.sweeek.fr\\\/blog\\\/wp-content\\\/uploads\\\/2024\\\/03\\\/Article-Marc-de-cafe.jpg\",\"articleSection\":[\"Potager\"],\"inLanguage\":\"fr-FR\",\"potentialAction\":[{\"@type\":\"CommentAction\",\"name\":\"Comment\",\"target\":[\"https:\\\/\\\/www.sweeek.fr\\\/blog\\\/comment-utiliser-le-marc-de-cafe-dans-le-potager\\\/#respond\"]}]},{\"@type\":\"WebPage\",\"@id\":\"https:\\\/\\\/www.sweeek.fr\\\/blog\\\/comment-utiliser-le-marc-de-cafe-dans-le-potager\\\/\",\"url\":\"https:\\\/\\\/www.sweeek.fr\\\/blog\\\/comment-utiliser-le-marc-de-cafe-dans-le-potager\\\/\",\"name\":\"Comment utiliser le marc de caf\u00e9 ?\u00a0\u00a0\u00a0\u00a0\u00a0\u00a0\u00a0\u00a0 &#8211; Les Conseils sweeek\",\"isPartOf\":{\"@id\":\"https:\\\/\\\/www.sweeek.fr\\\/blog\\\/#website\"},\"primaryImageOfPage\":{\"@id\":\"https:\\\/\\\/www.sweeek.fr\\\/blog\\\/comment-utiliser-le-marc-de-cafe-dans-le-potager\\\/#primaryimage\"},\"image\":{\"@id\":\"https:\\\/\\\/www.sweeek.fr\\\/blog\\\/comment-utiliser-le-marc-de-cafe-dans-le-potager\\\/#primaryimage\"},\"thumbnailUrl\":\"https:\\\/\\\/www.sweeek.fr\\\/blog\\\/wp-content\\\/uploads\\\/2024\\\/03\\\/Article-Marc-de-cafe.jpg\",\"datePublished\":\"2024-03-26T14:49:22+00:00\",\"dateModified\":\"2024-07-24T15:29:10+00:00\",\"description\":\"D\u00e9couvrez comment transformer le marc de caf\u00e9 en un alli\u00e9 pr\u00e9cieux pour votre potager avec notre guide complet.\",\"breadcrumb\":{\"@id\":\"https:\\\/\\\/www.sweeek.fr\\\/blog\\\/comment-utiliser-le-marc-de-cafe-dans-le-potager\\\/#breadcrumb\"},\"inLanguage\":\"fr-FR\",\"potentialAction\":[{\"@type\":\"ReadAction\",\"target\":[\"https:\\\/\\\/www.sweeek.fr\\\/blog\\\/comment-utiliser-le-marc-de-cafe-dans-le-potager\\\/\"]}]},{\"@type\":\"ImageObject\",\"inLanguage\":\"fr-FR\",\"@id\":\"https:\\\/\\\/www.sweeek.fr\\\/blog\\\/comment-utiliser-le-marc-de-cafe-dans-le-potager\\\/#primaryimage\",\"url\":\"https:\\\/\\\/www.sweeek.fr\\\/blog\\\/wp-content\\\/uploads\\\/2024\\\/03\\\/Article-Marc-de-cafe.jpg\",\"contentUrl\":\"https:\\\/\\\/www.sweeek.fr\\\/blog\\\/wp-content\\\/uploads\\\/2024\\\/03\\\/Article-Marc-de-cafe.jpg\",\"width\":1024,\"height\":682},{\"@type\":\"BreadcrumbList\",\"@id\":\"https:\\\/\\\/www.sweeek.fr\\\/blog\\\/comment-utiliser-le-marc-de-cafe-dans-le-potager\\\/#breadcrumb\",\"itemListElement\":[{\"@type\":\"ListItem\",\"position\":1,\"name\":\"Accueil\",\"item\":\"https:\\\/\\\/www.sweeek.fr\\\/blog\\\/\"},{\"@type\":\"ListItem\",\"position\":2,\"name\":\"Comment utiliser le marc de caf\u00e9 ?\u00a0\u00a0\u00a0\u00a0\u00a0\u00a0\u00a0\u00a0\"}]},{\"@type\":\"WebSite\",\"@id\":\"https:\\\/\\\/www.sweeek.fr\\\/blog\\\/#website\",\"url\":\"https:\\\/\\\/www.sweeek.fr\\\/blog\\\/\",\"name\":\"Les Conseils sweeek\",\"description\":\"Conseils et inspirations\",\"publisher\":{\"@id\":\"https:\\\/\\\/www.sweeek.fr\\\/blog\\\/#organization\"},\"potentialAction\":[{\"@type\":\"SearchAction\",\"target\":{\"@type\":\"EntryPoint\",\"urlTemplate\":\"https:\\\/\\\/www.sweeek.fr\\\/blog\\\/?s={search_term_string}\"},\"query-input\":{\"@type\":\"PropertyValueSpecification\",\"valueRequired\":true,\"valueName\":\"search_term_string\"}}],\"inLanguage\":\"fr-FR\"},{\"@type\":\"Organization\",\"@id\":\"https:\\\/\\\/www.sweeek.fr\\\/blog\\\/#organization\",\"name\":\"sweeek\",\"url\":\"https:\\\/\\\/www.sweeek.fr\\\/blog\\\/\",\"logo\":{\"@type\":\"ImageObject\",\"inLanguage\":\"fr-FR\",\"@id\":\"https:\\\/\\\/www.sweeek.fr\\\/blog\\\/#\\\/schema\\\/logo\\\/image\\\/\",\"url\":\"https:\\\/\\\/www.sweeek.fr\\\/blog\\\/wp-content\\\/uploads\\\/2023\\\/10\\\/blog-sweeek-logo2.png\",\"contentUrl\":\"https:\\\/\\\/www.sweeek.fr\\\/blog\\\/wp-content\\\/uploads\\\/2023\\\/10\\\/blog-sweeek-logo2.png\",\"width\":328,\"height\":90,\"caption\":\"sweeek\"},\"image\":{\"@id\":\"https:\\\/\\\/www.sweeek.fr\\\/blog\\\/#\\\/schema\\\/logo\\\/image\\\/\"}},{\"@type\":\"Person\",\"@id\":\"https:\\\/\\\/www.sweeek.fr\\\/blog\\\/#\\\/schema\\\/person\\\/303e1c0b79374ee95f345eb5a74de2df\",\"name\":\"Alexandre T\u00e9tart\",\"image\":{\"@type\":\"ImageObject\",\"inLanguage\":\"fr-FR\",\"@id\":\"https:\\\/\\\/secure.gravatar.com\\\/avatar\\\/3c9d4f82ca2b4797eb7deac7c7e7c0e731df0d9dc46984bce23ff95fbdf3294c?s=96&d=mm&r=g\",\"url\":\"https:\\\/\\\/secure.gravatar.com\\\/avatar\\\/3c9d4f82ca2b4797eb7deac7c7e7c0e731df0d9dc46984bce23ff95fbdf3294c?s=96&d=mm&r=g\",\"contentUrl\":\"https:\\\/\\\/secure.gravatar.com\\\/avatar\\\/3c9d4f82ca2b4797eb7deac7c7e7c0e731df0d9dc46984bce23ff95fbdf3294c?s=96&d=mm&r=g\",\"caption\":\"Alexandre T\u00e9tart\"},\"sameAs\":[\"https:\\\/\\\/x.com\\\/mpira@sweeek.com\"]}]}<\/script>\n<!-- \/ Yoast SEO plugin. -->","yoast_head_json":{"title":"Comment utiliser le marc de caf\u00e9 ?\u00a0\u00a0\u00a0\u00a0\u00a0\u00a0\u00a0\u00a0 &#8211; Les Conseils sweeek","description":"D\u00e9couvrez comment transformer le marc de caf\u00e9 en un alli\u00e9 pr\u00e9cieux pour votre potager avec notre guide complet.","robots":{"index":"index","follow":"follow","max-snippet":"max-snippet:-1","max-image-preview":"max-image-preview:large","max-video-preview":"max-video-preview:-1"},"canonical":"https:\/\/www.sweeek.fr\/blog\/comment-utiliser-le-marc-de-cafe-dans-le-potager\/","og_locale":"fr_FR","og_type":"article","og_title":"Comment utiliser le marc de caf\u00e9 ?\u00a0\u00a0\u00a0\u00a0\u00a0\u00a0\u00a0\u00a0 &#8211; Les Conseils sweeek","og_description":"D\u00e9couvrez comment transformer le marc de caf\u00e9 en un alli\u00e9 pr\u00e9cieux pour votre potager avec notre guide complet.","og_url":"https:\/\/www.sweeek.fr\/blog\/comment-utiliser-le-marc-de-cafe-dans-le-potager\/","og_site_name":"Les Conseils sweeek","article_published_time":"2024-03-26T14:49:22+00:00","article_modified_time":"2024-07-24T15:29:10+00:00","og_image":[{"width":1024,"height":682,"url":"https:\/\/www.sweeek.fr\/blog\/wp-content\/uploads\/2024\/03\/Article-Marc-de-cafe.jpg","type":"image\/jpeg"}],"author":"Alexandre T\u00e9tart","twitter_card":"summary_large_image","twitter_creator":"@mpira@sweeek.com","twitter_misc":{"\u00c9crit par":"Alexandre T\u00e9tart","Dur\u00e9e de lecture estim\u00e9e":"9 minutes"},"schema":{"@context":"https:\/\/schema.org","@graph":[{"@type":"Article","@id":"https:\/\/www.sweeek.fr\/blog\/comment-utiliser-le-marc-de-cafe-dans-le-potager\/#article","isPartOf":{"@id":"https:\/\/www.sweeek.fr\/blog\/comment-utiliser-le-marc-de-cafe-dans-le-potager\/"},"author":{"name":"Alexandre T\u00e9tart","@id":"https:\/\/www.sweeek.fr\/blog\/#\/schema\/person\/303e1c0b79374ee95f345eb5a74de2df"},"headline":"Comment utiliser le marc de caf\u00e9 ?\u00a0\u00a0\u00a0\u00a0\u00a0\u00a0\u00a0\u00a0","datePublished":"2024-03-26T14:49:22+00:00","dateModified":"2024-07-24T15:29:10+00:00","mainEntityOfPage":{"@id":"https:\/\/www.sweeek.fr\/blog\/comment-utiliser-le-marc-de-cafe-dans-le-potager\/"},"wordCount":1491,"commentCount":0,"publisher":{"@id":"https:\/\/www.sweeek.fr\/blog\/#organization"},"image":{"@id":"https:\/\/www.sweeek.fr\/blog\/comment-utiliser-le-marc-de-cafe-dans-le-potager\/#primaryimage"},"thumbnailUrl":"https:\/\/www.sweeek.fr\/blog\/wp-content\/uploads\/2024\/03\/Article-Marc-de-cafe.jpg","articleSection":["Potager"],"inLanguage":"fr-FR","potentialAction":[{"@type":"CommentAction","name":"Comment","target":["https:\/\/www.sweeek.fr\/blog\/comment-utiliser-le-marc-de-cafe-dans-le-potager\/#respond"]}]},{"@type":"WebPage","@id":"https:\/\/www.sweeek.fr\/blog\/comment-utiliser-le-marc-de-cafe-dans-le-potager\/","url":"https:\/\/www.sweeek.fr\/blog\/comment-utiliser-le-marc-de-cafe-dans-le-potager\/","name":"Comment utiliser le marc de caf\u00e9 ?\u00a0\u00a0\u00a0\u00a0\u00a0\u00a0\u00a0\u00a0 &#8211; Les Conseils sweeek","isPartOf":{"@id":"https:\/\/www.sweeek.fr\/blog\/#website"},"primaryImageOfPage":{"@id":"https:\/\/www.sweeek.fr\/blog\/comment-utiliser-le-marc-de-cafe-dans-le-potager\/#primaryimage"},"image":{"@id":"https:\/\/www.sweeek.fr\/blog\/comment-utiliser-le-marc-de-cafe-dans-le-potager\/#primaryimage"},"thumbnailUrl":"https:\/\/www.sweeek.fr\/blog\/wp-content\/uploads\/2024\/03\/Article-Marc-de-cafe.jpg","datePublished":"2024-03-26T14:49:22+00:00","dateModified":"2024-07-24T15:29:10+00:00","description":"D\u00e9couvrez comment transformer le marc de caf\u00e9 en un alli\u00e9 pr\u00e9cieux pour votre potager avec notre guide complet.","breadcrumb":{"@id":"https:\/\/www.sweeek.fr\/blog\/comment-utiliser-le-marc-de-cafe-dans-le-potager\/#breadcrumb"},"inLanguage":"fr-FR","potentialAction":[{"@type":"ReadAction","target":["https:\/\/www.sweeek.fr\/blog\/comment-utiliser-le-marc-de-cafe-dans-le-potager\/"]}]},{"@type":"ImageObject","inLanguage":"fr-FR","@id":"https:\/\/www.sweeek.fr\/blog\/comment-utiliser-le-marc-de-cafe-dans-le-potager\/#primaryimage","url":"https:\/\/www.sweeek.fr\/blog\/wp-content\/uploads\/2024\/03\/Article-Marc-de-cafe.jpg","contentUrl":"https:\/\/www.sweeek.fr\/blog\/wp-content\/uploads\/2024\/03\/Article-Marc-de-cafe.jpg","width":1024,"height":682},{"@type":"BreadcrumbList","@id":"https:\/\/www.sweeek.fr\/blog\/comment-utiliser-le-marc-de-cafe-dans-le-potager\/#breadcrumb","itemListElement":[{"@type":"ListItem","position":1,"name":"Accueil","item":"https:\/\/www.sweeek.fr\/blog\/"},{"@type":"ListItem","position":2,"name":"Comment utiliser le marc de caf\u00e9 ?\u00a0\u00a0\u00a0\u00a0\u00a0\u00a0\u00a0\u00a0"}]},{"@type":"WebSite","@id":"https:\/\/www.sweeek.fr\/blog\/#website","url":"https:\/\/www.sweeek.fr\/blog\/","name":"Les Conseils sweeek","description":"Conseils et inspirations","publisher":{"@id":"https:\/\/www.sweeek.fr\/blog\/#organization"},"potentialAction":[{"@type":"SearchAction","target":{"@type":"EntryPoint","urlTemplate":"https:\/\/www.sweeek.fr\/blog\/?s={search_term_string}"},"query-input":{"@type":"PropertyValueSpecification","valueRequired":true,"valueName":"search_term_string"}}],"inLanguage":"fr-FR"},{"@type":"Organization","@id":"https:\/\/www.sweeek.fr\/blog\/#organization","name":"sweeek","url":"https:\/\/www.sweeek.fr\/blog\/","logo":{"@type":"ImageObject","inLanguage":"fr-FR","@id":"https:\/\/www.sweeek.fr\/blog\/#\/schema\/logo\/image\/","url":"https:\/\/www.sweeek.fr\/blog\/wp-content\/uploads\/2023\/10\/blog-sweeek-logo2.png","contentUrl":"https:\/\/www.sweeek.fr\/blog\/wp-content\/uploads\/2023\/10\/blog-sweeek-logo2.png","width":328,"height":90,"caption":"sweeek"},"image":{"@id":"https:\/\/www.sweeek.fr\/blog\/#\/schema\/logo\/image\/"}},{"@type":"Person","@id":"https:\/\/www.sweeek.fr\/blog\/#\/schema\/person\/303e1c0b79374ee95f345eb5a74de2df","name":"Alexandre T\u00e9tart","image":{"@type":"ImageObject","inLanguage":"fr-FR","@id":"https:\/\/secure.gravatar.com\/avatar\/3c9d4f82ca2b4797eb7deac7c7e7c0e731df0d9dc46984bce23ff95fbdf3294c?s=96&d=mm&r=g","url":"https:\/\/secure.gravatar.com\/avatar\/3c9d4f82ca2b4797eb7deac7c7e7c0e731df0d9dc46984bce23ff95fbdf3294c?s=96&d=mm&r=g","contentUrl":"https:\/\/secure.gravatar.com\/avatar\/3c9d4f82ca2b4797eb7deac7c7e7c0e731df0d9dc46984bce23ff95fbdf3294c?s=96&d=mm&r=g","caption":"Alexandre T\u00e9tart"},"sameAs":["https:\/\/x.com\/mpira@sweeek.com"]}]}},"uagb_featured_image_src":{"full":["https:\/\/www.sweeek.fr\/blog\/wp-content\/uploads\/2024\/03\/Article-Marc-de-cafe.jpg",1024,682,false],"thumbnail":["https:\/\/www.sweeek.fr\/blog\/wp-content\/uploads\/2024\/03\/Article-Marc-de-cafe-150x150.jpg",150,150,true],"medium":["https:\/\/www.sweeek.fr\/blog\/wp-content\/uploads\/2024\/03\/Article-Marc-de-cafe-300x200.jpg",300,200,true],"medium_large":["https:\/\/www.sweeek.fr\/blog\/wp-content\/uploads\/2024\/03\/Article-Marc-de-cafe-768x512.jpg",768,512,true],"large":["https:\/\/www.sweeek.fr\/blog\/wp-content\/uploads\/2024\/03\/Article-Marc-de-cafe.jpg",1024,682,false],"1536x1536":["https:\/\/www.sweeek.fr\/blog\/wp-content\/uploads\/2024\/03\/Article-Marc-de-cafe.jpg",1024,682,false],"2048x2048":["https:\/\/www.sweeek.fr\/blog\/wp-content\/uploads\/2024\/03\/Article-Marc-de-cafe.jpg",1024,682,false],"ocean-thumb-m":["https:\/\/www.sweeek.fr\/blog\/wp-content\/uploads\/2024\/03\/Article-Marc-de-cafe-600x600.jpg",600,600,true],"ocean-thumb-ml":["https:\/\/www.sweeek.fr\/blog\/wp-content\/uploads\/2024\/03\/Article-Marc-de-cafe-800x450.jpg",800,450,true],"ocean-thumb-l":["https:\/\/www.sweeek.fr\/blog\/wp-content\/uploads\/2024\/03\/Article-Marc-de-cafe.jpg",1024,682,false]},"uagb_author_info":{"display_name":"Alexandre T\u00e9tart","author_link":"https:\/\/www.sweeek.fr\/blog"},"uagb_comment_info":0,"uagb_excerpt":"Le marc de caf\u00e9, c\u2019est ce r\u00e9sidu solide qui reste apr\u00e8s que le caf\u00e9 a \u00e9t\u00e9 pr\u00e9par\u00e9 par infusion ou par d&rsquo;autres m\u00e9thodes d&rsquo;extraction. Il se compose de grains de caf\u00e9 qui ont d\u00e9j\u00e0 \u00e9t\u00e9 utilis\u00e9s. Il est donc g\u00e9n\u00e9ralement jet\u00e9. Mais saviez-vous qu\u2019il peut \u00eatre un excellent ajout \u00e0 votre potager&nbsp;? Il peut avoir\u2026","_links":{"self":[{"href":"https:\/\/www.sweeek.fr\/blog\/wp-json\/wp\/v2\/posts\/18263","targetHints":{"allow":["GET"]}}],"collection":[{"href":"https:\/\/www.sweeek.fr\/blog\/wp-json\/wp\/v2\/posts"}],"about":[{"href":"https:\/\/www.sweeek.fr\/blog\/wp-json\/wp\/v2\/types\/post"}],"author":[{"embeddable":true,"href":"https:\/\/www.sweeek.fr\/blog\/wp-json\/wp\/v2\/users\/20"}],"replies":[{"embeddable":true,"href":"https:\/\/www.sweeek.fr\/blog\/wp-json\/wp\/v2\/comments?post=18263"}],"version-history":[{"count":14,"href":"https:\/\/www.sweeek.fr\/blog\/wp-json\/wp\/v2\/posts\/18263\/revisions"}],"predecessor-version":[{"id":19900,"href":"https:\/\/www.sweeek.fr\/blog\/wp-json\/wp\/v2\/posts\/18263\/revisions\/19900"}],"wp:featuredmedia":[{"embeddable":true,"href":"https:\/\/www.sweeek.fr\/blog\/wp-json\/wp\/v2\/media\/19026"}],"wp:attachment":[{"href":"https:\/\/www.sweeek.fr\/blog\/wp-json\/wp\/v2\/media?parent=18263"}],"wp:term":[{"taxonomy":"category","embeddable":true,"href":"https:\/\/www.sweeek.fr\/blog\/wp-json\/wp\/v2\/categories?post=18263"},{"taxonomy":"post_tag","embeddable":true,"href":"https:\/\/www.sweeek.fr\/blog\/wp-json\/wp\/v2\/tags?post=18263"}],"curies":[{"name":"wp","href":"https:\/\/api.w.org\/{rel}","templated":true}]}}