{"id":17678,"date":"2024-03-12T15:03:19","date_gmt":"2024-03-12T14:03:19","guid":{"rendered":"https:\/\/www.sweeek.fr\/blog\/?p=17678"},"modified":"2026-02-06T16:48:48","modified_gmt":"2026-02-06T15:48:48","slug":"decoration-de-jardin-adopter-le-style-scandinave","status":"publish","type":"post","link":"https:\/\/www.sweeek.fr\/blog\/decoration-de-jardin-adopter-le-style-scandinave\/","title":{"rendered":"D\u00e9coration de jardin : adopter le style scandinave"},"content":{"rendered":"\n<p>Le <a href=\"https:\/\/www.sweeek.fr\/blog\/deco-comment-creer-une-ambiance-scandinave\/\">style scandinave<\/a> s\u2019invite d\u00e9sormais dans nos jardins&nbsp;! Plus qu\u2019une d\u00e9coration d\u2019int\u00e9rieur, cette ambiance aux airs \u00e9pur\u00e9s et chaleureux trouve sa place dans votre salon de jardin comme dans votre int\u00e9rieur. Du bois au m\u00e9tal, en passant par les tons naturels au coloris blanc, la d\u00e9co nordique offre de nombreuses possibilit\u00e9s quant au mobilier de terrasse pour y apporter un maximum de lumi\u00e8re et de douceur.<\/p>\n\n\n\n<h2 class=\"wp-block-heading\">Le mobilier de jardin pour un style scandinave<\/h2>\n\n\n\n<div class=\"wp-block-columns is-layout-flex wp-container-core-columns-is-layout-9d6595d7 wp-block-columns-is-layout-flex\">\n<div class=\"wp-block-column is-layout-flow wp-block-column-is-layout-flow\" style=\"flex-basis:28%\">\n<figure class=\"wp-block-image size-large\"><a href=\"https:\/\/www.sweeek.fr\/product\/salon-de-jardin-en-bois-4-places-ushuaia-coussins-bleu-canard-canape-fauteuils-et-table-basse-en-eucalyptus-4\" target=\"_blank\" rel=\"noreferrer noopener\"><img decoding=\"async\" src=\"https:\/\/sweeek.twic.pics\/products\/7064\/original\/ach3101bd-8148558a41eb442e11fb16e251137666.jpg?twic=v1\/resize=1800x1800\/resize=1500\/quality=70\" alt=\"salon de jardin en bois tissu bleu canard\"\/><\/a><\/figure>\n<\/div>\n\n\n\n<div class=\"wp-block-column is-layout-flow wp-block-column-is-layout-flow\" style=\"flex-basis:72%\">\n<p>Pour adopter le style scandinave dans le jardin, sur une terrasse ou un balcon, il est essentiel de penser confort et raffinement. Le maitre mot du mobilier scandinave, m\u00eame dans le jardin, ce sont des lignes simples et \u00e9pur\u00e9es. Des pieds compas en passant par le bois et les formes g\u00e9om\u00e9triques, le mobilier de jardin scandinave est chaleureux et \u00e9l\u00e9gant.&nbsp;<\/p>\n\n\n\n<p>Pour un salon de jardin haut, sur un balcon ou une terrasse, vous pouvez opter pour une <a href=\"https:\/\/www.sweeek.fr\/mobilier-jardin\/table\/filter\/couleur-1-1\/blanc-1\">table de jardin blanche<\/a> aux pieds compas en bois clair, avec un tapis d\u2019ext\u00e9rieur aux formes g\u00e9om\u00e9triques. Tout autour, disposez quelques chaises arrondies aux couleurs pastelles avec des pieds en bois, et le tour est jou\u00e9&nbsp;!&nbsp;<\/p>\n\n\n\n<p>Pour un salon de jardin bas, choisissez un canap\u00e9 d\u2019ext\u00e9rieur aux pieds en bois clair avec un coloris allant du beige au bleu canard, selon vos pr\u00e9f\u00e9rences. La table basse est gigogne, dans les tons blancs. On y dispose quelques plantes grasses et une bougie pour un esprit cocooning typique de l\u2019ambiance nordique.&nbsp;<\/p>\n\n\n\n<p>Nous vous recommandons d\u2019investir dans du mobilier de jardin au style nordique pour une ambiance confortable sur votre terrasse ou votre balcon, comme dans votre salon d\u2019int\u00e9rieur.<\/p>\n<\/div>\n<\/div>\n\n\n\n<h2 class=\"wp-block-heading\">Le choix du mat\u00e9riau de la terrasse nordique<\/h2>\n\n\n\n<div class=\"wp-block-columns is-layout-flex wp-container-core-columns-is-layout-9d6595d7 wp-block-columns-is-layout-flex\">\n<div class=\"wp-block-column is-layout-flow wp-block-column-is-layout-flow\" style=\"flex-basis:68%\">\n<p>Le choix des mati\u00e8res est une \u00e9tape importante dans la mise en place d\u2019une d\u00e9coration scandinave dans votre jardin. Comme pour un <a href=\"https:\/\/www.sweeek.fr\/blog\/deco-comment-creer-une-ambiance-scandinave\/\">salon d\u2019int\u00e9rieur au design nordique<\/a>, il est possible d\u2019associer plusieurs mati\u00e8res dans un salon d\u2019ext\u00e9rieur scandinave. Notez tout de m\u00eame que les mati\u00e8res choisies pour votre mobilier ou votre d\u00e9co devront \u00eatre r\u00e9sistantes \u00e0 l\u2019ext\u00e9rieur, ou abrit\u00e9es en cas d\u2019intemp\u00e9ries.<\/p>\n\n\n\n<p>De nombreux meubles de jardin scandinaves sont fabriqu\u00e9s en r\u00e9sine, un mat\u00e9riau qui r\u00e9siste tr\u00e8s bien \u00e0 l\u2019effet du temps et aux intemp\u00e9ries. Mais la mati\u00e8re principale du style nordique, c\u2019est le <a href=\"https:\/\/www.sweeek.fr\/mobilier-jardin\/salon-jardin\/filter\/matiere-1-1\/bois-1\">bois<\/a>. Les meubles doivent avoir un aspect de bois clair, comme le <a href=\"https:\/\/www.sweeek.fr\/mobilier-jardin\/salon-jardin\/filter\/couleur-1-1\/bois-5\/matiere-1-1\/bois-1\">teck<\/a> ou le bambou. Le bois peut \u00eatre associ\u00e9 \u00e0 d\u2019autres mati\u00e8res qui rehausseront sa chaleur sur votre terrasse&nbsp;: l\u2019<a href=\"https:\/\/www.sweeek.fr\/mobilier-jardin\/salon-jardin\/filter\/matiere-1-1\/metal\">aluminium<\/a>, le m\u00e9tal type acier, ou m\u00eame du b\u00e9ton. Veillez tout de m\u00eame \u00e0 garder une pr\u00e9dominance de l\u2019esprit bois clair&nbsp;: cette mati\u00e8re \u00e0 l\u2019effet brut apporte un c\u00f4t\u00e9 lumineux, chaleureux et naturel \u00e0 votre espace ext\u00e9rieur, typique d\u2019une pi\u00e8ce haussmannienne. Les touches de m\u00e9tal apporteront quant \u00e0 elles un c\u00f4t\u00e9 chic et sophistiqu\u00e9 \u00e0 votre jardin.&nbsp;<\/p>\n\n\n\n<p>Pensez au c\u00f4t\u00e9 confortable autant qu\u2019au c\u00f4t\u00e9 design&nbsp;! L\u2019atmosph\u00e8re cocooning du style scandinave doit se traduire par le confort de votre salon de jardin (c\u2019est quand m\u00eame sa premi\u00e8re fonction, avant m\u00eame d\u2019embellir votre terrasse.)<\/p>\n\n\n\n<p>Vous pouvez \u00e9galement faire le choix de poser du bois sur le sol de votre terrasse pour un c\u00f4t\u00e9 encore plus chaleureux qui rappellera les parquets typiques des d\u00e9corations nordiques. Attention, le mat\u00e9riau que vous choisirez pour le sol de votre terrasse scandinave doit \u00eatre r\u00e9sistant aux intemp\u00e9ries. Les meubles, au pire, on peut les rentrer\u2026 Mais le sol, c\u2019est d\u00e9j\u00e0 plus compliqu\u00e9&nbsp;! Nos <a href=\"https:\/\/www.sweeek.fr\/rangement-jardin\/dalle-terrasse\">dalles de terrasse<\/a> feront parfaitement l\u2019affaire.&nbsp;<\/p>\n<\/div>\n\n\n\n<div class=\"wp-block-column is-layout-flow wp-block-column-is-layout-flow\" style=\"flex-basis:32%\">\n<figure class=\"wp-block-image size-large\"><a href=\"https:\/\/www.sweeek.fr\/product\/salon-de-jardin-bas-4-places-kuta-resine-tressee-effet-corde-coussins-gris-chine\" target=\"_blank\" rel=\"noreferrer noopener\"><img decoding=\"async\" src=\"https:\/\/sweeek.twic.pics\/products\/299061\/original\/acln311ltbg-517673b0b0fb32168ce1030d07168a3a.jpg?twic=v1\/resize=1800x1800\/resize=1500\/quality=70\" alt=\"salon de jardin en corde, m\u00e9tal et tissu avec 2 tables basses\"\/><\/a><\/figure>\n<\/div>\n<\/div>\n\n\n\n<h2 class=\"wp-block-heading\">Les couleurs dominantes du style scandinave<\/h2>\n\n\n\n<div class=\"wp-block-columns is-layout-flex wp-container-core-columns-is-layout-9d6595d7 wp-block-columns-is-layout-flex\">\n<div class=\"wp-block-column is-layout-flow wp-block-column-is-layout-flow\" style=\"flex-basis:15%\">\n<figure class=\"wp-block-image size-large\"><a href=\"https:\/\/www.sweeek.fr\/product\/table-basse-de-jardin-finition-terrazzo\" target=\"_blank\" rel=\"noreferrer noopener\"><img decoding=\"async\" src=\"https:\/\/sweeek.twic.pics\/products\/296209\/original\/acem70ct-78aa8c640c7e14615c41050322f3062f.jpg?twic=v1\/resize=1800x1800\/resize=1500\/quality=70\" alt=\"salon de jardin \"\/><\/a><\/figure>\n<\/div>\n\n\n\n<div class=\"wp-block-column is-layout-flow wp-block-column-is-layout-flow\" style=\"flex-basis:85%\">\n<div style=\"height:20px\" aria-hidden=\"true\" class=\"wp-block-spacer\"><\/div>\n\n\n\n<p>\u00c0 l\u2019int\u00e9rieur comme \u00e0 l\u2019ext\u00e9rieur, les couleurs dominantes du style scandinave sont douces, neutres et naturelles. On opte donc pour du mobilier et de la d\u00e9coration dans les tons blanc, beige, gris, taupe ou marron (couleur bois clair). L\u2019ambiance est rehauss\u00e9e par des touches de couleurs plus prononc\u00e9es, comme le bleu, le rose poudr\u00e9, le jaune, ou toute autre teinte pastel. Ces couleurs sont \u00e0 utiliser avec parcimonie, pour ne pas perdre le caract\u00e8re \u00e9pur\u00e9 de la d\u00e9coration scandinave (sur des accessoires, ou un seul meuble que vous souhaitez faire ressortir, comme un canap\u00e9 ou une table, par exemple). L\u2019id\u00e9al est d\u2019utiliser au maximum 3 teintes diff\u00e9rentes pour une ambiance harmonieuse&nbsp;: avec une table de jardin blanche et des touches de couleur bois, on peut oser un tapis dans les tons bleus aux formes g\u00e9om\u00e9triques en dessous.&nbsp;<\/p>\n<\/div>\n<\/div>\n\n\n\n<h2 class=\"wp-block-heading\">Les plantes et accessoires \u00e0 privil\u00e9gier pour un style nordique r\u00e9ussi<\/h2>\n\n\n\n<div class=\"wp-block-columns is-layout-flex wp-container-core-columns-is-layout-9d6595d7 wp-block-columns-is-layout-flex\">\n<div class=\"wp-block-column is-layout-flow wp-block-column-is-layout-flow\" style=\"flex-basis:80%\">\n<div style=\"height:20px\" aria-hidden=\"true\" class=\"wp-block-spacer\"><\/div>\n\n\n\n<p>Dans un jardin \u00e0 la d\u00e9coration scandinave, le jeu de lumi\u00e8re est essentiel pour faire ressortir vos meubles. Les pays scandinaves sont habitu\u00e9s aux hivers longs et aux journ\u00e9es courtes&nbsp;: la d\u00e9coration nordique mise donc tout sur la lumi\u00e8re pour contrer l\u2019effet nuit. Guirlandes, lanternes, bougies, photophores rappelant les suspensions scandinaves traditionnelles\u2026 Toutes ces solutions vous permettront de donner \u00e0 votre ext\u00e9rieur un esprit nordique, en multipliant les sources de lumi\u00e8re \u00e0 la mani\u00e8re de ces pays.&nbsp;<\/p>\n\n\n\n<p>L\u2019id\u00e9e de la d\u00e9coration scandinave, c\u2019est aussi de jouer sur le c\u00f4t\u00e9 cocooning de votre salon de jardin\u00a0! Alors on ne l\u00e9sine pas sur <a href=\"http:\/\/www.sweeek.fr\/decoration\/coussin-plaid\">les plaids tous doux<\/a>, les coussins bien moelleux aux tissus naturels et chauds, les tapis d\u2019ext\u00e9rieurs en fibre naturelle ou \u00e0 formes g\u00e9om\u00e9triques\u2026 On peut aussi ajouter quelques plantes, par-ci par-l\u00e0, avec de jolis cache-pots pour rehausser notre d\u00e9co scandinave.\u00a0<\/p>\n<\/div>\n\n\n\n<div class=\"wp-block-column is-layout-flow wp-block-column-is-layout-flow\" style=\"flex-basis:20%\">\n<figure class=\"wp-block-image size-large\"><a href=\"https:\/\/www.sweeek.fr\/product\/guirlande-lumineuse-exterieure-noel-18-m-long-180-led\" target=\"_blank\" rel=\"noreferrer noopener\"><img decoding=\"async\" src=\"https:\/\/sweeek.twic.pics\/products\/22225\/fr-fr\/original\/guirlande-lumineuse-exterieure-de-noel-18m-de-long-180-led-blanc-chaud-8-modes-9c45f5c1a46e50724a8b2b76c8bf24bd.jpeg?twic=v1\/resize=1800x1800\/resize=1500\/quality=70\" alt=\"guirlande lumineuse pour d\u00e9co nordique \"\/><\/a><\/figure>\n<\/div>\n<\/div>\n\n\n\n<div style=\"height:50px\" aria-hidden=\"true\" class=\"wp-block-spacer\"><\/div>\n","protected":false},"excerpt":{"rendered":"<p>Le style scandinave s\u2019invite d\u00e9sormais dans nos jardins&nbsp;! Plus qu\u2019une d\u00e9coration d\u2019int\u00e9rieur, cette ambiance aux airs \u00e9pur\u00e9s et chaleureux trouve sa place dans votre salon de jardin comme dans votre int\u00e9rieur. Du bois au m\u00e9tal, en passant par les tons naturels au coloris blanc, la d\u00e9co nordique offre de nombreuses possibilit\u00e9s quant au mobilier de [&hellip;]<\/p>\n","protected":false},"author":20,"featured_media":17679,"comment_status":"open","ping_status":"closed","sticky":false,"template":"","format":"standard","meta":{"inline_featured_image":false,"_uag_custom_page_level_css":"","ocean_post_layout":"","ocean_both_sidebars_style":"","ocean_both_sidebars_content_width":0,"ocean_both_sidebars_sidebars_width":0,"ocean_sidebar":"","ocean_second_sidebar":"","ocean_disable_margins":"enable","ocean_add_body_class":"","ocean_shortcode_before_top_bar":"","ocean_shortcode_after_top_bar":"","ocean_shortcode_before_header":"","ocean_shortcode_after_header":"","ocean_has_shortcode":"","ocean_shortcode_after_title":"","ocean_shortcode_before_footer_widgets":"","ocean_shortcode_after_footer_widgets":"","ocean_shortcode_before_footer_bottom":"","ocean_shortcode_after_footer_bottom":"","ocean_display_top_bar":"default","ocean_display_header":"default","ocean_header_style":"","ocean_center_header_left_menu":"","ocean_custom_header_template":"","ocean_custom_logo":0,"ocean_custom_retina_logo":0,"ocean_custom_logo_max_width":0,"ocean_custom_logo_tablet_max_width":0,"ocean_custom_logo_mobile_max_width":0,"ocean_custom_logo_max_height":0,"ocean_custom_logo_tablet_max_height":0,"ocean_custom_logo_mobile_max_height":0,"ocean_header_custom_menu":"","ocean_menu_typo_font_family":"","ocean_menu_typo_font_subset":"","ocean_menu_typo_font_size":0,"ocean_menu_typo_font_size_tablet":0,"ocean_menu_typo_font_size_mobile":0,"ocean_menu_typo_font_size_unit":"px","ocean_menu_typo_font_weight":"","ocean_menu_typo_font_weight_tablet":"","ocean_menu_typo_font_weight_mobile":"","ocean_menu_typo_transform":"","ocean_menu_typo_transform_tablet":"","ocean_menu_typo_transform_mobile":"","ocean_menu_typo_line_height":0,"ocean_menu_typo_line_height_tablet":0,"ocean_menu_typo_line_height_mobile":0,"ocean_menu_typo_line_height_unit":"","ocean_menu_typo_spacing":0,"ocean_menu_typo_spacing_tablet":0,"ocean_menu_typo_spacing_mobile":0,"ocean_menu_typo_spacing_unit":"","ocean_menu_link_color":"","ocean_menu_link_color_hover":"","ocean_menu_link_color_active":"","ocean_menu_link_background":"","ocean_menu_link_hover_background":"","ocean_menu_link_active_background":"","ocean_menu_social_links_bg":"","ocean_menu_social_hover_links_bg":"","ocean_menu_social_links_color":"","ocean_menu_social_hover_links_color":"","ocean_disable_title":"default","ocean_disable_heading":"default","ocean_post_title":"","ocean_post_subheading":"","ocean_post_title_style":"","ocean_post_title_background_color":"","ocean_post_title_background":0,"ocean_post_title_bg_image_position":"","ocean_post_title_bg_image_attachment":"","ocean_post_title_bg_image_repeat":"","ocean_post_title_bg_image_size":"","ocean_post_title_height":0,"ocean_post_title_bg_overlay":0.5,"ocean_post_title_bg_overlay_color":"","ocean_disable_breadcrumbs":"default","ocean_breadcrumbs_color":"","ocean_breadcrumbs_separator_color":"","ocean_breadcrumbs_links_color":"","ocean_breadcrumbs_links_hover_color":"","ocean_display_footer_widgets":"default","ocean_display_footer_bottom":"default","ocean_custom_footer_template":"","ocean_post_oembed":"","ocean_post_self_hosted_media":"","ocean_post_video_embed":"","ocean_link_format":"","ocean_link_format_target":"self","ocean_quote_format":"","ocean_quote_format_link":"post","ocean_gallery_link_images":"on","ocean_gallery_id":[],"footnotes":""},"categories":[384],"tags":[],"class_list":["post-17678","post","type-post","status-publish","format-standard","has-post-thumbnail","hentry","category-jardin","entry","has-media"],"yoast_head":"<!-- This site is optimized with the Yoast SEO plugin v27.3 - https:\/\/yoast.com\/product\/yoast-seo-wordpress\/ -->\n<title>D\u00e9coration de jardin : adopter le style scandinave &#8211; Les Conseils sweeek<\/title>\n<meta name=\"description\" content=\"D\u00e9couvrez comment int\u00e9grer le style scandinave \u00e0 votre jardin avec notre guide complet sur la d\u00e9coration en plein air.\" \/>\n<meta name=\"robots\" content=\"index, follow, max-snippet:-1, max-image-preview:large, max-video-preview:-1\" \/>\n<link rel=\"canonical\" href=\"https:\/\/www.sweeek.fr\/blog\/decoration-de-jardin-adopter-le-style-scandinave\/\" \/>\n<meta property=\"og:locale\" content=\"fr_FR\" \/>\n<meta property=\"og:type\" content=\"article\" \/>\n<meta property=\"og:title\" content=\"D\u00e9coration de jardin : adopter le style scandinave &#8211; Les Conseils sweeek\" \/>\n<meta property=\"og:description\" content=\"D\u00e9couvrez comment int\u00e9grer le style scandinave \u00e0 votre jardin avec notre guide complet sur la d\u00e9coration en plein air.\" \/>\n<meta property=\"og:url\" content=\"https:\/\/www.sweeek.fr\/blog\/decoration-de-jardin-adopter-le-style-scandinave\/\" \/>\n<meta property=\"og:site_name\" content=\"Les Conseils sweeek\" \/>\n<meta property=\"article:published_time\" content=\"2024-03-12T14:03:19+00:00\" \/>\n<meta property=\"article:modified_time\" content=\"2026-02-06T15:48:48+00:00\" \/>\n<meta property=\"og:image\" content=\"https:\/\/www.sweeek.fr\/blog\/wp-content\/uploads\/2024\/03\/Decoration-de-jardin-adopter-le-style-scandinave.jpg\" \/>\n\t<meta property=\"og:image:width\" content=\"1024\" \/>\n\t<meta property=\"og:image:height\" content=\"682\" \/>\n\t<meta property=\"og:image:type\" content=\"image\/jpeg\" \/>\n<meta name=\"author\" content=\"Alexandre T\u00e9tart\" \/>\n<meta name=\"twitter:card\" content=\"summary_large_image\" \/>\n<meta name=\"twitter:creator\" content=\"@mpira@sweeek.com\" \/>\n<meta name=\"twitter:label1\" content=\"\u00c9crit par\" \/>\n\t<meta name=\"twitter:data1\" content=\"Alexandre T\u00e9tart\" \/>\n\t<meta name=\"twitter:label2\" content=\"Dur\u00e9e de lecture estim\u00e9e\" \/>\n\t<meta name=\"twitter:data2\" content=\"6 minutes\" \/>\n<script type=\"application\/ld+json\" class=\"yoast-schema-graph\">{\"@context\":\"https:\\\/\\\/schema.org\",\"@graph\":[{\"@type\":\"Article\",\"@id\":\"https:\\\/\\\/www.sweeek.fr\\\/blog\\\/decoration-de-jardin-adopter-le-style-scandinave\\\/#article\",\"isPartOf\":{\"@id\":\"https:\\\/\\\/www.sweeek.fr\\\/blog\\\/decoration-de-jardin-adopter-le-style-scandinave\\\/\"},\"author\":{\"name\":\"Alexandre T\u00e9tart\",\"@id\":\"https:\\\/\\\/www.sweeek.fr\\\/blog\\\/#\\\/schema\\\/person\\\/303e1c0b79374ee95f345eb5a74de2df\"},\"headline\":\"D\u00e9coration de jardin : adopter le style scandinave\",\"datePublished\":\"2024-03-12T14:03:19+00:00\",\"dateModified\":\"2026-02-06T15:48:48+00:00\",\"mainEntityOfPage\":{\"@id\":\"https:\\\/\\\/www.sweeek.fr\\\/blog\\\/decoration-de-jardin-adopter-le-style-scandinave\\\/\"},\"wordCount\":994,\"commentCount\":0,\"publisher\":{\"@id\":\"https:\\\/\\\/www.sweeek.fr\\\/blog\\\/#organization\"},\"image\":{\"@id\":\"https:\\\/\\\/www.sweeek.fr\\\/blog\\\/decoration-de-jardin-adopter-le-style-scandinave\\\/#primaryimage\"},\"thumbnailUrl\":\"https:\\\/\\\/www.sweeek.fr\\\/blog\\\/wp-content\\\/uploads\\\/2024\\\/03\\\/Decoration-de-jardin-adopter-le-style-scandinave.jpg\",\"articleSection\":[\"Jardin\"],\"inLanguage\":\"fr-FR\",\"potentialAction\":[{\"@type\":\"CommentAction\",\"name\":\"Comment\",\"target\":[\"https:\\\/\\\/www.sweeek.fr\\\/blog\\\/decoration-de-jardin-adopter-le-style-scandinave\\\/#respond\"]}]},{\"@type\":\"WebPage\",\"@id\":\"https:\\\/\\\/www.sweeek.fr\\\/blog\\\/decoration-de-jardin-adopter-le-style-scandinave\\\/\",\"url\":\"https:\\\/\\\/www.sweeek.fr\\\/blog\\\/decoration-de-jardin-adopter-le-style-scandinave\\\/\",\"name\":\"D\u00e9coration de jardin : adopter le style scandinave &#8211; Les Conseils sweeek\",\"isPartOf\":{\"@id\":\"https:\\\/\\\/www.sweeek.fr\\\/blog\\\/#website\"},\"primaryImageOfPage\":{\"@id\":\"https:\\\/\\\/www.sweeek.fr\\\/blog\\\/decoration-de-jardin-adopter-le-style-scandinave\\\/#primaryimage\"},\"image\":{\"@id\":\"https:\\\/\\\/www.sweeek.fr\\\/blog\\\/decoration-de-jardin-adopter-le-style-scandinave\\\/#primaryimage\"},\"thumbnailUrl\":\"https:\\\/\\\/www.sweeek.fr\\\/blog\\\/wp-content\\\/uploads\\\/2024\\\/03\\\/Decoration-de-jardin-adopter-le-style-scandinave.jpg\",\"datePublished\":\"2024-03-12T14:03:19+00:00\",\"dateModified\":\"2026-02-06T15:48:48+00:00\",\"description\":\"D\u00e9couvrez comment int\u00e9grer le style scandinave \u00e0 votre jardin avec notre guide complet sur la d\u00e9coration en plein air.\",\"breadcrumb\":{\"@id\":\"https:\\\/\\\/www.sweeek.fr\\\/blog\\\/decoration-de-jardin-adopter-le-style-scandinave\\\/#breadcrumb\"},\"inLanguage\":\"fr-FR\",\"potentialAction\":[{\"@type\":\"ReadAction\",\"target\":[\"https:\\\/\\\/www.sweeek.fr\\\/blog\\\/decoration-de-jardin-adopter-le-style-scandinave\\\/\"]}]},{\"@type\":\"ImageObject\",\"inLanguage\":\"fr-FR\",\"@id\":\"https:\\\/\\\/www.sweeek.fr\\\/blog\\\/decoration-de-jardin-adopter-le-style-scandinave\\\/#primaryimage\",\"url\":\"https:\\\/\\\/www.sweeek.fr\\\/blog\\\/wp-content\\\/uploads\\\/2024\\\/03\\\/Decoration-de-jardin-adopter-le-style-scandinave.jpg\",\"contentUrl\":\"https:\\\/\\\/www.sweeek.fr\\\/blog\\\/wp-content\\\/uploads\\\/2024\\\/03\\\/Decoration-de-jardin-adopter-le-style-scandinave.jpg\",\"width\":1024,\"height\":682},{\"@type\":\"BreadcrumbList\",\"@id\":\"https:\\\/\\\/www.sweeek.fr\\\/blog\\\/decoration-de-jardin-adopter-le-style-scandinave\\\/#breadcrumb\",\"itemListElement\":[{\"@type\":\"ListItem\",\"position\":1,\"name\":\"Accueil\",\"item\":\"https:\\\/\\\/www.sweeek.fr\\\/blog\\\/\"},{\"@type\":\"ListItem\",\"position\":2,\"name\":\"D\u00e9coration de jardin : adopter le style scandinave\"}]},{\"@type\":\"WebSite\",\"@id\":\"https:\\\/\\\/www.sweeek.fr\\\/blog\\\/#website\",\"url\":\"https:\\\/\\\/www.sweeek.fr\\\/blog\\\/\",\"name\":\"Les Conseils sweeek\",\"description\":\"Conseils et inspirations\",\"publisher\":{\"@id\":\"https:\\\/\\\/www.sweeek.fr\\\/blog\\\/#organization\"},\"potentialAction\":[{\"@type\":\"SearchAction\",\"target\":{\"@type\":\"EntryPoint\",\"urlTemplate\":\"https:\\\/\\\/www.sweeek.fr\\\/blog\\\/?s={search_term_string}\"},\"query-input\":{\"@type\":\"PropertyValueSpecification\",\"valueRequired\":true,\"valueName\":\"search_term_string\"}}],\"inLanguage\":\"fr-FR\"},{\"@type\":\"Organization\",\"@id\":\"https:\\\/\\\/www.sweeek.fr\\\/blog\\\/#organization\",\"name\":\"sweeek\",\"url\":\"https:\\\/\\\/www.sweeek.fr\\\/blog\\\/\",\"logo\":{\"@type\":\"ImageObject\",\"inLanguage\":\"fr-FR\",\"@id\":\"https:\\\/\\\/www.sweeek.fr\\\/blog\\\/#\\\/schema\\\/logo\\\/image\\\/\",\"url\":\"https:\\\/\\\/www.sweeek.fr\\\/blog\\\/wp-content\\\/uploads\\\/2023\\\/10\\\/blog-sweeek-logo2.png\",\"contentUrl\":\"https:\\\/\\\/www.sweeek.fr\\\/blog\\\/wp-content\\\/uploads\\\/2023\\\/10\\\/blog-sweeek-logo2.png\",\"width\":328,\"height\":90,\"caption\":\"sweeek\"},\"image\":{\"@id\":\"https:\\\/\\\/www.sweeek.fr\\\/blog\\\/#\\\/schema\\\/logo\\\/image\\\/\"}},{\"@type\":\"Person\",\"@id\":\"https:\\\/\\\/www.sweeek.fr\\\/blog\\\/#\\\/schema\\\/person\\\/303e1c0b79374ee95f345eb5a74de2df\",\"name\":\"Alexandre T\u00e9tart\",\"image\":{\"@type\":\"ImageObject\",\"inLanguage\":\"fr-FR\",\"@id\":\"https:\\\/\\\/secure.gravatar.com\\\/avatar\\\/3c9d4f82ca2b4797eb7deac7c7e7c0e731df0d9dc46984bce23ff95fbdf3294c?s=96&d=mm&r=g\",\"url\":\"https:\\\/\\\/secure.gravatar.com\\\/avatar\\\/3c9d4f82ca2b4797eb7deac7c7e7c0e731df0d9dc46984bce23ff95fbdf3294c?s=96&d=mm&r=g\",\"contentUrl\":\"https:\\\/\\\/secure.gravatar.com\\\/avatar\\\/3c9d4f82ca2b4797eb7deac7c7e7c0e731df0d9dc46984bce23ff95fbdf3294c?s=96&d=mm&r=g\",\"caption\":\"Alexandre T\u00e9tart\"},\"sameAs\":[\"https:\\\/\\\/x.com\\\/mpira@sweeek.com\"]}]}<\/script>\n<!-- \/ Yoast SEO plugin. -->","yoast_head_json":{"title":"D\u00e9coration de jardin : adopter le style scandinave &#8211; Les Conseils sweeek","description":"D\u00e9couvrez comment int\u00e9grer le style scandinave \u00e0 votre jardin avec notre guide complet sur la d\u00e9coration en plein air.","robots":{"index":"index","follow":"follow","max-snippet":"max-snippet:-1","max-image-preview":"max-image-preview:large","max-video-preview":"max-video-preview:-1"},"canonical":"https:\/\/www.sweeek.fr\/blog\/decoration-de-jardin-adopter-le-style-scandinave\/","og_locale":"fr_FR","og_type":"article","og_title":"D\u00e9coration de jardin : adopter le style scandinave &#8211; Les Conseils sweeek","og_description":"D\u00e9couvrez comment int\u00e9grer le style scandinave \u00e0 votre jardin avec notre guide complet sur la d\u00e9coration en plein air.","og_url":"https:\/\/www.sweeek.fr\/blog\/decoration-de-jardin-adopter-le-style-scandinave\/","og_site_name":"Les Conseils sweeek","article_published_time":"2024-03-12T14:03:19+00:00","article_modified_time":"2026-02-06T15:48:48+00:00","og_image":[{"width":1024,"height":682,"url":"https:\/\/www.sweeek.fr\/blog\/wp-content\/uploads\/2024\/03\/Decoration-de-jardin-adopter-le-style-scandinave.jpg","type":"image\/jpeg"}],"author":"Alexandre T\u00e9tart","twitter_card":"summary_large_image","twitter_creator":"@mpira@sweeek.com","twitter_misc":{"\u00c9crit par":"Alexandre T\u00e9tart","Dur\u00e9e de lecture estim\u00e9e":"6 minutes"},"schema":{"@context":"https:\/\/schema.org","@graph":[{"@type":"Article","@id":"https:\/\/www.sweeek.fr\/blog\/decoration-de-jardin-adopter-le-style-scandinave\/#article","isPartOf":{"@id":"https:\/\/www.sweeek.fr\/blog\/decoration-de-jardin-adopter-le-style-scandinave\/"},"author":{"name":"Alexandre T\u00e9tart","@id":"https:\/\/www.sweeek.fr\/blog\/#\/schema\/person\/303e1c0b79374ee95f345eb5a74de2df"},"headline":"D\u00e9coration de jardin : adopter le style scandinave","datePublished":"2024-03-12T14:03:19+00:00","dateModified":"2026-02-06T15:48:48+00:00","mainEntityOfPage":{"@id":"https:\/\/www.sweeek.fr\/blog\/decoration-de-jardin-adopter-le-style-scandinave\/"},"wordCount":994,"commentCount":0,"publisher":{"@id":"https:\/\/www.sweeek.fr\/blog\/#organization"},"image":{"@id":"https:\/\/www.sweeek.fr\/blog\/decoration-de-jardin-adopter-le-style-scandinave\/#primaryimage"},"thumbnailUrl":"https:\/\/www.sweeek.fr\/blog\/wp-content\/uploads\/2024\/03\/Decoration-de-jardin-adopter-le-style-scandinave.jpg","articleSection":["Jardin"],"inLanguage":"fr-FR","potentialAction":[{"@type":"CommentAction","name":"Comment","target":["https:\/\/www.sweeek.fr\/blog\/decoration-de-jardin-adopter-le-style-scandinave\/#respond"]}]},{"@type":"WebPage","@id":"https:\/\/www.sweeek.fr\/blog\/decoration-de-jardin-adopter-le-style-scandinave\/","url":"https:\/\/www.sweeek.fr\/blog\/decoration-de-jardin-adopter-le-style-scandinave\/","name":"D\u00e9coration de jardin : adopter le style scandinave &#8211; Les Conseils sweeek","isPartOf":{"@id":"https:\/\/www.sweeek.fr\/blog\/#website"},"primaryImageOfPage":{"@id":"https:\/\/www.sweeek.fr\/blog\/decoration-de-jardin-adopter-le-style-scandinave\/#primaryimage"},"image":{"@id":"https:\/\/www.sweeek.fr\/blog\/decoration-de-jardin-adopter-le-style-scandinave\/#primaryimage"},"thumbnailUrl":"https:\/\/www.sweeek.fr\/blog\/wp-content\/uploads\/2024\/03\/Decoration-de-jardin-adopter-le-style-scandinave.jpg","datePublished":"2024-03-12T14:03:19+00:00","dateModified":"2026-02-06T15:48:48+00:00","description":"D\u00e9couvrez comment int\u00e9grer le style scandinave \u00e0 votre jardin avec notre guide complet sur la d\u00e9coration en plein air.","breadcrumb":{"@id":"https:\/\/www.sweeek.fr\/blog\/decoration-de-jardin-adopter-le-style-scandinave\/#breadcrumb"},"inLanguage":"fr-FR","potentialAction":[{"@type":"ReadAction","target":["https:\/\/www.sweeek.fr\/blog\/decoration-de-jardin-adopter-le-style-scandinave\/"]}]},{"@type":"ImageObject","inLanguage":"fr-FR","@id":"https:\/\/www.sweeek.fr\/blog\/decoration-de-jardin-adopter-le-style-scandinave\/#primaryimage","url":"https:\/\/www.sweeek.fr\/blog\/wp-content\/uploads\/2024\/03\/Decoration-de-jardin-adopter-le-style-scandinave.jpg","contentUrl":"https:\/\/www.sweeek.fr\/blog\/wp-content\/uploads\/2024\/03\/Decoration-de-jardin-adopter-le-style-scandinave.jpg","width":1024,"height":682},{"@type":"BreadcrumbList","@id":"https:\/\/www.sweeek.fr\/blog\/decoration-de-jardin-adopter-le-style-scandinave\/#breadcrumb","itemListElement":[{"@type":"ListItem","position":1,"name":"Accueil","item":"https:\/\/www.sweeek.fr\/blog\/"},{"@type":"ListItem","position":2,"name":"D\u00e9coration de jardin : adopter le style scandinave"}]},{"@type":"WebSite","@id":"https:\/\/www.sweeek.fr\/blog\/#website","url":"https:\/\/www.sweeek.fr\/blog\/","name":"Les Conseils sweeek","description":"Conseils et inspirations","publisher":{"@id":"https:\/\/www.sweeek.fr\/blog\/#organization"},"potentialAction":[{"@type":"SearchAction","target":{"@type":"EntryPoint","urlTemplate":"https:\/\/www.sweeek.fr\/blog\/?s={search_term_string}"},"query-input":{"@type":"PropertyValueSpecification","valueRequired":true,"valueName":"search_term_string"}}],"inLanguage":"fr-FR"},{"@type":"Organization","@id":"https:\/\/www.sweeek.fr\/blog\/#organization","name":"sweeek","url":"https:\/\/www.sweeek.fr\/blog\/","logo":{"@type":"ImageObject","inLanguage":"fr-FR","@id":"https:\/\/www.sweeek.fr\/blog\/#\/schema\/logo\/image\/","url":"https:\/\/www.sweeek.fr\/blog\/wp-content\/uploads\/2023\/10\/blog-sweeek-logo2.png","contentUrl":"https:\/\/www.sweeek.fr\/blog\/wp-content\/uploads\/2023\/10\/blog-sweeek-logo2.png","width":328,"height":90,"caption":"sweeek"},"image":{"@id":"https:\/\/www.sweeek.fr\/blog\/#\/schema\/logo\/image\/"}},{"@type":"Person","@id":"https:\/\/www.sweeek.fr\/blog\/#\/schema\/person\/303e1c0b79374ee95f345eb5a74de2df","name":"Alexandre T\u00e9tart","image":{"@type":"ImageObject","inLanguage":"fr-FR","@id":"https:\/\/secure.gravatar.com\/avatar\/3c9d4f82ca2b4797eb7deac7c7e7c0e731df0d9dc46984bce23ff95fbdf3294c?s=96&d=mm&r=g","url":"https:\/\/secure.gravatar.com\/avatar\/3c9d4f82ca2b4797eb7deac7c7e7c0e731df0d9dc46984bce23ff95fbdf3294c?s=96&d=mm&r=g","contentUrl":"https:\/\/secure.gravatar.com\/avatar\/3c9d4f82ca2b4797eb7deac7c7e7c0e731df0d9dc46984bce23ff95fbdf3294c?s=96&d=mm&r=g","caption":"Alexandre T\u00e9tart"},"sameAs":["https:\/\/x.com\/mpira@sweeek.com"]}]}},"uagb_featured_image_src":{"full":["https:\/\/www.sweeek.fr\/blog\/wp-content\/uploads\/2024\/03\/Decoration-de-jardin-adopter-le-style-scandinave.jpg",1024,682,false],"thumbnail":["https:\/\/www.sweeek.fr\/blog\/wp-content\/uploads\/2024\/03\/Decoration-de-jardin-adopter-le-style-scandinave-150x150.jpg",150,150,true],"medium":["https:\/\/www.sweeek.fr\/blog\/wp-content\/uploads\/2024\/03\/Decoration-de-jardin-adopter-le-style-scandinave-300x200.jpg",300,200,true],"medium_large":["https:\/\/www.sweeek.fr\/blog\/wp-content\/uploads\/2024\/03\/Decoration-de-jardin-adopter-le-style-scandinave-768x512.jpg",768,512,true],"large":["https:\/\/www.sweeek.fr\/blog\/wp-content\/uploads\/2024\/03\/Decoration-de-jardin-adopter-le-style-scandinave.jpg",1024,682,false],"1536x1536":["https:\/\/www.sweeek.fr\/blog\/wp-content\/uploads\/2024\/03\/Decoration-de-jardin-adopter-le-style-scandinave.jpg",1024,682,false],"2048x2048":["https:\/\/www.sweeek.fr\/blog\/wp-content\/uploads\/2024\/03\/Decoration-de-jardin-adopter-le-style-scandinave.jpg",1024,682,false],"ocean-thumb-m":["https:\/\/www.sweeek.fr\/blog\/wp-content\/uploads\/2024\/03\/Decoration-de-jardin-adopter-le-style-scandinave-600x600.jpg",600,600,true],"ocean-thumb-ml":["https:\/\/www.sweeek.fr\/blog\/wp-content\/uploads\/2024\/03\/Decoration-de-jardin-adopter-le-style-scandinave-800x450.jpg",800,450,true],"ocean-thumb-l":["https:\/\/www.sweeek.fr\/blog\/wp-content\/uploads\/2024\/03\/Decoration-de-jardin-adopter-le-style-scandinave.jpg",1024,682,false]},"uagb_author_info":{"display_name":"Alexandre T\u00e9tart","author_link":"https:\/\/www.sweeek.fr\/blog"},"uagb_comment_info":0,"uagb_excerpt":"Le style scandinave s\u2019invite d\u00e9sormais dans nos jardins&nbsp;! Plus qu\u2019une d\u00e9coration d\u2019int\u00e9rieur, cette ambiance aux airs \u00e9pur\u00e9s et chaleureux trouve sa place dans votre salon de jardin comme dans votre int\u00e9rieur. Du bois au m\u00e9tal, en passant par les tons naturels au coloris blanc, la d\u00e9co nordique offre de nombreuses possibilit\u00e9s quant au mobilier de\u2026","_links":{"self":[{"href":"https:\/\/www.sweeek.fr\/blog\/wp-json\/wp\/v2\/posts\/17678","targetHints":{"allow":["GET"]}}],"collection":[{"href":"https:\/\/www.sweeek.fr\/blog\/wp-json\/wp\/v2\/posts"}],"about":[{"href":"https:\/\/www.sweeek.fr\/blog\/wp-json\/wp\/v2\/types\/post"}],"author":[{"embeddable":true,"href":"https:\/\/www.sweeek.fr\/blog\/wp-json\/wp\/v2\/users\/20"}],"replies":[{"embeddable":true,"href":"https:\/\/www.sweeek.fr\/blog\/wp-json\/wp\/v2\/comments?post=17678"}],"version-history":[{"count":30,"href":"https:\/\/www.sweeek.fr\/blog\/wp-json\/wp\/v2\/posts\/17678\/revisions"}],"predecessor-version":[{"id":22532,"href":"https:\/\/www.sweeek.fr\/blog\/wp-json\/wp\/v2\/posts\/17678\/revisions\/22532"}],"wp:featuredmedia":[{"embeddable":true,"href":"https:\/\/www.sweeek.fr\/blog\/wp-json\/wp\/v2\/media\/17679"}],"wp:attachment":[{"href":"https:\/\/www.sweeek.fr\/blog\/wp-json\/wp\/v2\/media?parent=17678"}],"wp:term":[{"taxonomy":"category","embeddable":true,"href":"https:\/\/www.sweeek.fr\/blog\/wp-json\/wp\/v2\/categories?post=17678"},{"taxonomy":"post_tag","embeddable":true,"href":"https:\/\/www.sweeek.fr\/blog\/wp-json\/wp\/v2\/tags?post=17678"}],"curies":[{"name":"wp","href":"https:\/\/api.w.org\/{rel}","templated":true}]}}