{"id":17301,"date":"2024-03-05T17:05:52","date_gmt":"2024-03-05T16:05:52","guid":{"rendered":"https:\/\/www.sweeek.fr\/blog\/?p=17301"},"modified":"2026-01-14T15:33:39","modified_gmt":"2026-01-14T14:33:39","slug":"quel-style-de-deco-choisir-pour-son-jardin","status":"publish","type":"post","link":"https:\/\/www.sweeek.fr\/blog\/quel-style-de-deco-choisir-pour-son-jardin\/","title":{"rendered":"Quel style de d\u00e9co choisir pour son jardin ?"},"content":{"rendered":"\n<p>Vous avez toujours r\u00eav\u00e9 d\u2019un jardin \u00e0 la d\u00e9co unique pour passer de bons moments avec vos proches ? Vous \u00eates au bon endroit. Le jardin fait d\u00e9sormais partie int\u00e9grante de la maison et peut avoir son propre style de d\u00e9coration et d&rsquo;am\u00e9nagement. Scandinave, boh\u00e8me, vintage, industriel, minimaliste \/ design, champ\u00eatre ou encore zen\u2026 Pour vous aider au mieux dans votre choix de style de d\u00e9co de jardin, on vous a pr\u00e9par\u00e9 quelques conseils qui r\u00e9veilleront en vous le d\u00e9corateur que vous avez toujours voulu \u00eatre, pour mettre de l&rsquo;ambiance aussi \u00e0 l&rsquo;ext\u00e9rieur !<\/p>\n\n\n\n<h2 class=\"wp-block-heading\">Le style scandinave<\/h2>\n\n\n\n<div class=\"wp-block-columns is-layout-flex wp-container-core-columns-is-layout-9d6595d7 wp-block-columns-is-layout-flex\">\n<div class=\"wp-block-column is-layout-flow wp-block-column-is-layout-flow\" style=\"flex-basis:33.33%\">\n<figure class=\"wp-block-image size-large\"><a href=\"https:\/\/www.sweeek.fr\/product\/salon-de-jardin-bas-4-places-kuta-resine-tressee-effet-corde-coussins-beiges\" target=\"_blank\" rel=\"noreferrer noopener\"><img decoding=\"async\" src=\"https:\/\/sweeek.twic.pics\/products\/9668\/original\/rawtw3109bg-23b9baba7c9c99d74f9ed657d8a40219.jpg?twic=v1\/resize=1800x1800\/resize=1500\/quality=70\" alt=\"salon de jardin rotin pour d\u00e9co nordique\"\/><\/a><\/figure>\n<\/div>\n\n\n\n<div class=\"wp-block-column is-layout-flow wp-block-column-is-layout-flow\" style=\"flex-basis:66.66%\">\n<p>Le style scandinave n\u2019a plus de preuves \u00e0 faire. Mieux : il n\u2019est plus r\u00e9serv\u00e9 \u00e0 votre salon d\u2019int\u00e9rieur \u00e0 la maison. Depuis plusieurs ann\u00e9es, le c\u00f4t\u00e9 cocooning et chaleureux de la <a href=\"https:\/\/www.sweeek.fr\/blog\/deco-comment-creer-une-ambiance-scandinave\/\">d\u00e9co nordique<\/a> s\u2019invite aussi dans votre jardin, pour votre plus grand bonheur. Et avec ses touches de couleur, il est loin d\u2019\u00eatre ennuyant !<\/p>\n\n\n\n<p>Pour une <a href=\"https:\/\/www.sweeek.fr\/blog\/decoration-de-jardin-adopter-le-style-scandinave\/\">d\u00e9coration au style scandinave dans votre jardin<\/a>, on vous pr\u00e9conise d\u2019opter pour un salon de jardin aux couleurs du bois clair, typique du mobilier nordiste. L\u2019osier et le rotin sont aussi de mise pour un am\u00e9nagement \u00e0 l&rsquo;ambiance chaleureuse ! Les teintes sont claires, allant du beige au gris, en passant par le taupe, voire m\u00eame le blanc. L\u2019une des caract\u00e9ristiques du style scandinave, ce sont les pieds en compas des meubles. Vous pouvez donc craquer pour ce type de mobilier pour votre coin d\u00e9tente dans le jardin si vous souhaitez une d\u00e9coration scandinave pour votre terrasse ou votre balcon. Pour donner de la profondeur \u00e0 votre salon de jardin, vous pouvez m\u00eame repeindre une petite surface du mur de la maison dans une couleur plus fonc\u00e9e.<\/p>\n\n\n\n<p>Pour pimper ces meubles et donner une ambiance encore plus prononc\u00e9e \u00e0 votre d\u00e9co scandinave, vous pouvez ajouter quelques imprim\u00e9s g\u00e9om\u00e9triques, sur des coussins, une couverture ou un tapis d\u2019ext\u00e9rieur, par exemple. Une table en bois clair recouverte d\u2019une jolie nappe aux couleurs bleu canard ou jaune moutarde se fondra parfaitement dans une terrasse ou un jardin dans ce style de d\u00e9coration. Ajoutez quelques plantes vertes aux feuilles larges, des luminaires pour les soir\u00e9es estivales, et vous \u00eates pr\u00eats pour des moments cocooning dans votre salon de jardin au charme nordique !<\/p>\n<\/div>\n<\/div>\n\n\n\n<h2 class=\"wp-block-heading\">Le style boh\u00e8me<\/h2>\n\n\n\n<div class=\"wp-block-columns is-layout-flex wp-container-core-columns-is-layout-9d6595d7 wp-block-columns-is-layout-flex\">\n<div class=\"wp-block-column is-layout-flow wp-block-column-is-layout-flow\" style=\"flex-basis:71.8%\">\n<div style=\"height:20px\" aria-hidden=\"true\" class=\"wp-block-spacer\"><\/div>\n\n\n\n<p>Envie de voyager sans bouger de votre maison ? Le style boh\u00e8me est id\u00e9al pour \u00e7a ! Dans un jardin, ce style aux allures \u00e0 la fois chaleureuse et chic vous donnera envie de rester lov\u00e9s dans votre fauteuil d\u2019ext\u00e9rieur toute la journ\u00e9e. Car le style boh\u00e8me, c\u2019est avant tout un jardin qui vit et qui peut accueillir vos convives \u00e0 bras ouverts.<\/p>\n\n\n\n<p>Pour une ambiance boh\u00e8me dans votre jardin, on vous recommande de choisir des meubles au coloris bois naturel, avec des touches de cannage ou de rotin. Les couleurs neutres sont id\u00e9ales pour la structure, allant du beige au blanc, en passant par le marron et le taupe. Ajoutez quelques touches de couleurs chaudes \u00e0 votre am\u00e9nagement : les couleurs rouille, terracotta, ou encore marron bois sont parfaites pour rehausser votre d\u00e9coration d\u2019ext\u00e9rieur et donner une ambiance chic \u00e0 votre mobilier de jardin. Sur des coussins pour le canap\u00e9 ou des tapis sous une table, on ose les motifs \u00e0 fleurs qui apportent un esprit boho. Quelques bambous, des guirlandes accroch\u00e9es \u00e0 votre parasol terracotta, une ou deux d\u00e9co murales type macram\u00e9, et le tour est jou\u00e9 !<\/p>\n<\/div>\n\n\n\n<div class=\"wp-block-column is-layout-flow wp-block-column-is-layout-flow\" style=\"flex-basis:25.1%\">\n<figure class=\"wp-block-image size-large\"><a href=\"https:\/\/www.sweeek.fr\/product\/salon-de-jardin-4-places-komodo-resine-tressee-effet-bambou\" target=\"_blank\" rel=\"noreferrer noopener\"><img decoding=\"async\" src=\"https:\/\/sweeek.twic.pics\/products\/9653\/original\/rawgigogy-61978a437ef655ca892f738b82e57022.jpg?twic=v1\/resize=1800x1800\/resize=1500\/quality=70\" alt=\"salon de jardin rotin pour d\u00e9co boh\u00e8me\"\/><\/a><\/figure>\n<\/div>\n<\/div>\n\n\n\n<h2 class=\"wp-block-heading\">Le style vintage<\/h2>\n\n\n\n<div class=\"wp-block-columns is-layout-flex wp-container-core-columns-is-layout-9d6595d7 wp-block-columns-is-layout-flex\">\n<div class=\"wp-block-column is-layout-flow wp-block-column-is-layout-flow\" style=\"flex-basis:25%\">\n<figure class=\"wp-block-image size-large\"><a href=\"https:\/\/www.sweeek.fr\/product\/salon-de-jardin-kaki-4-places-dossier-avec-lanieres-effet-cuir-lsweeek\" target=\"_blank\" rel=\"noreferrer noopener\"><img decoding=\"async\" src=\"https:\/\/sweeek.twic.pics\/products\/295230\/original\/ac4strapkh-9915c788e53d78643358174bcb420d2f.jpg?twic=v1\/resize=1800x1800\/resize=1500\/quality=70\" alt=\"salon de jardin bois pour d\u00e9co vintage\"\/><\/a><\/figure>\n<\/div>\n\n\n\n<div class=\"wp-block-column is-layout-flow wp-block-column-is-layout-flow\" style=\"flex-basis:71.4%\">\n<div style=\"height:20px\" aria-hidden=\"true\" class=\"wp-block-spacer\"><\/div>\n\n\n\n<p>V\u00e9ritable madeleine de Proust, le style vintage est id\u00e9al pour votre jardin si vous \u00eates nostalgiques des ann\u00e9es 50 \u00e0 70. Il reprend les codes de la d\u00e9coration r\u00e9tro, un style qui revient au galop \u00e0 l\u2019int\u00e9rieur comme \u00e0 l\u2019ext\u00e9rieur de la maison. Le petit plus : vous pouvez recycler les vieux meubles de vos grands-parents, ou chiner de vieux objets dans les brocantes. Le plus judicieux pour une ambiance vintage sans trop d\u2019efforts, c&rsquo;est de d\u00e9goter des objets qui ont v\u00e9cu pour une touche old school subtile.<\/p>\n\n\n\n<p>On choisit des meubles aux mat\u00e9riaux bruts, comme le bois fonc\u00e9, gris\u00e9 ou vieilli, et on ne l\u00e9sine pas sur l\u2019osier pour une ambiance \u00ab\u00a0retour en arri\u00e8re\u00a0\u00bb directement dans son jardin. Les pieds compas, le cannage et les touches de m\u00e9tal peuvent aussi fonctionner avec le tout. Pour ce qui est de la v\u00e9g\u00e9tation, on opte pour des plantes locales : \u00e0 l\u2019\u00e9poque, on n\u2019importait pas de bambou en Europe ! A \u00e9viter donc dans ce style de d\u00e9co de jardin.&nbsp;<\/p>\n<\/div>\n<\/div>\n\n\n\n<h2 class=\"wp-block-heading\">Le style industriel<\/h2>\n\n\n\n<div class=\"wp-block-columns is-layout-flex wp-container-core-columns-is-layout-9d6595d7 wp-block-columns-is-layout-flex\">\n<div class=\"wp-block-column is-layout-flow wp-block-column-is-layout-flow\" style=\"flex-basis:78.6%\">\n<div style=\"height:20px\" aria-hidden=\"true\" class=\"wp-block-spacer\"><\/div>\n\n\n\n<p>Marqu\u00e9 par l\u2019omnipr\u00e9sence du m\u00e9tal, le style industriel est s\u00fbrement le plus pratique pour votre d\u00e9coration de jardin. Il vous permet d\u2019utiliser des mat\u00e9riaux comme l\u2019<a href=\"https:\/\/www.sweeek.fr\/mobilier-jardin\/salon-jardin\/filter\/matiere-1-1\/metal\">aluminium<\/a>, l\u00e9ger et r\u00e9sistant aux intemp\u00e9ries, ou encore l\u2019acier inoxydable, qui n\u2019a pas peur de la pluie.<\/p>\n\n\n\n<p>Avec une d\u00e9co au style industriel, on ose l&rsquo;ambiance usine et le m\u00e9lange des styles, avec une table en bois rustique et des chaises en m\u00e9tal par exemple. L\u2019id\u00e9e, c\u2019est d\u2019allier des mat\u00e9riaux bruts (bois, terre cuite, b\u00e9ton\u2026) avec du m\u00e9tal noir, ou parfois color\u00e9 pour une touche de fun et de lumi\u00e8re dans votre am\u00e9nagement. Pour les objets de d\u00e9co, ajoutez quelques \u00e9l\u00e9ments qui rappellent l\u2019esprit atelier :&nbsp;une horloge avec un m\u00e9canisme apparent, un <a href=\"https:\/\/www.sweeek.fr\/barbecues-chauffages\/brasero\">brasero de jardin<\/a>, une cl\u00f4ture en m\u00e9tal autour de la terrasse\u2026<\/p>\n<\/div>\n\n\n\n<div class=\"wp-block-column is-layout-flow wp-block-column-is-layout-flow\" style=\"flex-basis:18%\">\n<figure class=\"wp-block-image size-large\"><img decoding=\"async\" src=\"https:\/\/sweeek.twic.pics\/products\/1681\/original\/fplf107bk-63a88231896f2c68ba35e079d6adcdce.jpg?twic=v1\/resize=1750x1750\/resize=1500\/quality=70\" alt=\"chauffage ext\u00e9rieur de style industriel\"\/><\/figure>\n<\/div>\n<\/div>\n\n\n\n<h2 class=\"wp-block-heading\">Le style minimaliste\/design<\/h2>\n\n\n\n<div class=\"wp-block-columns is-layout-flex wp-container-core-columns-is-layout-9d6595d7 wp-block-columns-is-layout-flex\">\n<div class=\"wp-block-column is-layout-flow wp-block-column-is-layout-flow\" style=\"flex-basis:16%\">\n<figure class=\"wp-block-image size-large\"><a href=\"https:\/\/www.sweeek.fr\/product\/salon-de-jardin-aluminium-et-resine-5-places\" target=\"_blank\" rel=\"noreferrer noopener\"><img decoding=\"async\" src=\"https:\/\/sweeek.twic.pics\/products\/291077\/original\/afwk007natgy-fe7d562ac9845446dad3524a390fcab7.jpg?twic=v1\/resize=1750x1750\/resize=1500\/quality=70\" alt=\"salon de jardin metal et resine moderne\"\/><\/a><\/figure>\n<\/div>\n\n\n\n<div class=\"wp-block-column is-layout-flow wp-block-column-is-layout-flow\" style=\"flex-basis:83.5%\">\n<p>Vous \u00eates pour le minimalisme et vous souhaitez apporter une <a href=\"https:\/\/www.sweeek.fr\/blog\/comment-creer-un-jardin-contemporain\/\">ambiance design et moderne \u00e0 votre jardin<\/a> ? Optez pour des mat\u00e9riaux innovants, comme le polypropyl\u00e8ne, la c\u00e9ramique, le b\u00e9ton cir\u00e9 et la r\u00e9sine.&nbsp;<\/p>\n\n\n\n<p>Si les couleurs du salon de jardin minimaliste sont principalement neutres, on peut oser quelques touches de couleur pour rehausser le tout. Pour jouer encore plus le jeu, vous pouvez essayer d\u2019int\u00e9grer des objets de d\u00e9co ou des meubles de designer, qui feront le job \u00e0 coup s\u00fbr et deviendront les pi\u00e8ces ma\u00eetresses de votre mobilier d\u2019ext\u00e9rieur ! Ici, le plus est l\u2019ennemi du mieux, alors on vous recommande de ne pas surcharger votre espace et d\u2019opter pour des meubles fonctionnels.&nbsp;<\/p>\n<\/div>\n<\/div>\n\n\n\n<h2 class=\"wp-block-heading\">Le style champ\u00eatre<\/h2>\n\n\n\n<p>Rien de tel que le style champ\u00eatre pour apporter un c\u00f4t\u00e9 bucolique \u00e0 votre jardin. Toute de fleurs et de bois, cette d\u00e9coration \u00e0 l&rsquo;ambiance l\u00e9g\u00e8re est parfaite pour se sentir au plus proche de la campagne !&nbsp;<\/p>\n\n\n\n<p>Pour une d\u00e9coration de <a href=\"https:\/\/www.sweeek.fr\/blog\/tout-savoir-sur-le-jardin-naturaliste\/\">jardin au style champ\u00eatre<\/a>, int\u00e9grez des meubles en bois qui apportent chaleur et convivialit\u00e9 \u00e0 votre ext\u00e9rieur. Les mat\u00e9riaux doivent avant tout \u00eatre naturels. Les couleurs sont douces ou pastel et la verdure des plantes est bien pr\u00e9sente : on multiplie les fleurs et on les diversifie, pour une d\u00e9co effet nature garantie ! Pour jouer le jeu \u00e0 fond, on peut m\u00eame disposer quelques bottes de paille en guise d\u2019assises.<\/p>\n\n\n\n<h2 class=\"wp-block-heading\">Le style zen&nbsp;<\/h2>\n\n\n\n<div class=\"wp-block-columns is-layout-flex wp-container-core-columns-is-layout-9d6595d7 wp-block-columns-is-layout-flex\">\n<div class=\"wp-block-column is-layout-flow wp-block-column-is-layout-flow\" style=\"flex-basis:72%\">\n<p>Vous \u00eates fan des <a href=\"https:\/\/www.sweeek.fr\/blog\/comment-faire-un-jardin-japonais\/\">jardins japonais<\/a> et vous aimeriez bien apporter ce style dans votre salon de jardin ? Le style zen est id\u00e9al pour vous. L\u2019id\u00e9e, c\u2019est de cr\u00e9er un espace de d\u00e9tente aux portes de votre jardin, en cr\u00e9ant une ambiance o\u00f9 vous pouvez vous d\u00e9connecter du reste, mais aussi partager des moments de calme en famille autour de la maison.&nbsp;<\/p>\n\n\n\n<p>Pour une d\u00e9coration au style zen, inspir\u00e9e des jardins japonais, les mati\u00e8res naturelles sont essentielles. Pierre, bois ou encore sable, l\u2019id\u00e9e est de rappeler les \u00e9l\u00e9ments qui apportent de la s\u00e9r\u00e9nit\u00e9 \u00e0 votre esprit dans votre am\u00e9nagement. D\u2019ailleurs, l\u2019eau est omnipr\u00e9sente dans ce type d\u2019espace : on l\u2019entend couler doucement d\u2019une petite fontaine en pierre qu\u2019on a fait installer au milieu de la terrasse. Pour le mobilier, on privil\u00e9gie des formes arrondies et des mati\u00e8res cosy, qui apportent du calme au jardin tout en cr\u00e9ant un coin \u00e0 l&rsquo;ambiance accueillante. Par exemple, une table basse en b\u00e9ton cir\u00e9 entour\u00e9e de poufs est un am\u00e9nagement id\u00e9al pour une ambiance zen. Enfin, les plantes sont pr\u00e9sentes avec parcimonie : on en dispose quelques-unes de part et d\u2019autre de la terrasse. Pr\u00e9f\u00e9rez alors des plantes \u00e0 l\u2019esprit japonais ou asiatique, comme le bambou ou le yucca.<\/p>\n<\/div>\n\n\n\n<div class=\"wp-block-column is-layout-flow wp-block-column-is-layout-flow\" style=\"flex-basis:22%\">\n<figure class=\"wp-block-image size-large\"><a href=\"https:\/\/www.sweeek.fr\/product\/sdj-valentino-resine-tressee-nat-4pcs-coussin-anthracite\" target=\"_blank\" rel=\"noreferrer noopener\"><img decoding=\"async\" src=\"https:\/\/sweeek.twic.pics\/products\/3904\/original\/rwh3101at-0a7acd437992f3062a28ab5f335da59f.jpg?twic=v1\/resize=1750x1750\/resize=1500\/quality=70\" alt=\"salon de jardin rotin style jardin japonais\"\/><\/a><\/figure>\n<\/div>\n<\/div>\n\n\n\n<div style=\"height:100px\" aria-hidden=\"true\" class=\"wp-block-spacer\"><\/div>\n\n\n\n<div class=\"wp-block-group alignwide has-white-color has-text-color has-background\" style=\"background-color:#f2f2f2\"><div class=\"wp-block-group__inner-container is-layout-flow wp-block-group-is-layout-flow\">\n<h2 class=\"alignfull has-text-align-center has-black-color has-text-color wp-block-heading\" style=\"font-size:30px;font-style:normal;font-weight:400\">La s\u00e9lection de sweeek<\/h2>\n\n\n\n<div style=\"height:21px\" aria-hidden=\"true\" class=\"wp-block-spacer\"><\/div>\n\n\n\n<div class=\"wp-block-columns is-layout-flex wp-container-core-columns-is-layout-9d6595d7 wp-block-columns-is-layout-flex\">\n<div class=\"wp-block-column is-layout-flow wp-block-column-is-layout-flow\"><div class=\"wp-block-image\">\n<figure class=\"aligncenter size-full\"><a href=\"https:\/\/www.sweeek.fr\/product\/salon-de-jardin-bois-d-acacia-5-places-gris\" target=\"_blank\" rel=\"noreferrer noopener\"><img fetchpriority=\"high\" decoding=\"async\" width=\"500\" height=\"500\" src=\"https:\/\/www.sweeek.fr\/blog\/wp-content\/uploads\/2022\/06\/ACH3005GY.jpg\" alt=\"Salon de jardin en bois 5 places en acacia - Mendoza\" class=\"wp-image-10722\" srcset=\"https:\/\/www.sweeek.fr\/blog\/wp-content\/uploads\/2022\/06\/ACH3005GY.jpg 500w, https:\/\/www.sweeek.fr\/blog\/wp-content\/uploads\/2022\/06\/ACH3005GY-300x300.jpg 300w, https:\/\/www.sweeek.fr\/blog\/wp-content\/uploads\/2022\/06\/ACH3005GY-150x150.jpg 150w\" sizes=\"(max-width: 500px) 100vw, 500px\" \/><\/a><\/figure>\n<\/div>\n\n\n<h3 class=\"has-text-align-center has-black-color has-text-color wp-block-heading\" style=\"font-style:normal;font-weight:400\">Salon de jardin en bois 5 places en acacia &#8211; Mendoza<\/h3>\n\n\n\n<div style=\"height:15px\" aria-hidden=\"true\" class=\"wp-block-spacer\"><\/div>\n<\/div>\n\n\n\n<div class=\"wp-block-column is-layout-flow wp-block-column-is-layout-flow\"><div class=\"wp-block-image\">\n<figure class=\"aligncenter size-full\"><a href=\"https:\/\/www.sweeek.fr\/product\/salon-de-jardin-bois-d-acacia-4-places-gris-ushuaia\" target=\"_blank\" rel=\"noopener\"><img decoding=\"async\" width=\"500\" height=\"500\" src=\"https:\/\/www.sweeek.fr\/blog\/wp-content\/uploads\/2022\/06\/ACH3101GY.jpg\" alt=\"Salon de jardin en bois 4 places design - Ushuaia\" class=\"wp-image-10724\" srcset=\"https:\/\/www.sweeek.fr\/blog\/wp-content\/uploads\/2022\/06\/ACH3101GY.jpg 500w, https:\/\/www.sweeek.fr\/blog\/wp-content\/uploads\/2022\/06\/ACH3101GY-300x300.jpg 300w, https:\/\/www.sweeek.fr\/blog\/wp-content\/uploads\/2022\/06\/ACH3101GY-150x150.jpg 150w\" sizes=\"(max-width: 500px) 100vw, 500px\" \/><\/a><\/figure>\n<\/div>\n\n\n<h3 class=\"has-text-align-center wp-block-heading\" style=\"font-style:normal;font-weight:400\">Salon de jardin en bois 4 places design &#8211; Ushuaia<\/h3>\n\n\n\n<div style=\"height:15px\" aria-hidden=\"true\" class=\"wp-block-spacer\"><\/div>\n<\/div>\n\n\n\n<div class=\"wp-block-column is-layout-flow wp-block-column-is-layout-flow\"><div class=\"wp-block-image\">\n<figure class=\"aligncenter size-full\"><a href=\"https:\/\/www.sweeek.fr\/product\/salon-de-jardin-bois-d-acacia-5-places-gris-buenos-aires\" target=\"_blank\" rel=\"noreferrer noopener\"><img decoding=\"async\" width=\"500\" height=\"500\" src=\"https:\/\/www.sweeek.fr\/blog\/wp-content\/uploads\/2022\/06\/AC0012GY.jpg\" alt=\"Salon de jardin en bois 5 places - ALEXIA\" class=\"wp-image-10725\" srcset=\"https:\/\/www.sweeek.fr\/blog\/wp-content\/uploads\/2022\/06\/AC0012GY.jpg 500w, https:\/\/www.sweeek.fr\/blog\/wp-content\/uploads\/2022\/06\/AC0012GY-300x300.jpg 300w, https:\/\/www.sweeek.fr\/blog\/wp-content\/uploads\/2022\/06\/AC0012GY-150x150.jpg 150w\" sizes=\"(max-width: 500px) 100vw, 500px\" \/><\/a><\/figure>\n<\/div>\n\n\n<h3 class=\"has-text-align-center has-black-color has-text-color wp-block-heading\" style=\"font-style:normal;font-weight:400\">Salon de jardin en bois 5 places &#8211; ALEXIA<\/h3>\n\n\n\n<div style=\"height:15px\" aria-hidden=\"true\" class=\"wp-block-spacer\"><\/div>\n<\/div>\n<\/div>\n<\/div><\/div>\n","protected":false},"excerpt":{"rendered":"<p>Vous avez toujours r\u00eav\u00e9 d\u2019un jardin \u00e0 la d\u00e9co unique pour passer de bons moments avec vos proches ? Vous \u00eates au bon endroit. Le jardin fait d\u00e9sormais partie int\u00e9grante de la maison et peut avoir son propre style de d\u00e9coration et d&rsquo;am\u00e9nagement. Scandinave, boh\u00e8me, vintage, industriel, minimaliste \/ design, champ\u00eatre ou encore zen\u2026 Pour [&hellip;]<\/p>\n","protected":false},"author":20,"featured_media":17307,"comment_status":"open","ping_status":"closed","sticky":false,"template":"","format":"standard","meta":{"inline_featured_image":false,"_uag_custom_page_level_css":"","ocean_post_layout":"","ocean_both_sidebars_style":"","ocean_both_sidebars_content_width":0,"ocean_both_sidebars_sidebars_width":0,"ocean_sidebar":"","ocean_second_sidebar":"","ocean_disable_margins":"enable","ocean_add_body_class":"","ocean_shortcode_before_top_bar":"","ocean_shortcode_after_top_bar":"","ocean_shortcode_before_header":"","ocean_shortcode_after_header":"","ocean_has_shortcode":"","ocean_shortcode_after_title":"","ocean_shortcode_before_footer_widgets":"","ocean_shortcode_after_footer_widgets":"","ocean_shortcode_before_footer_bottom":"","ocean_shortcode_after_footer_bottom":"","ocean_display_top_bar":"default","ocean_display_header":"default","ocean_header_style":"","ocean_center_header_left_menu":"","ocean_custom_header_template":"","ocean_custom_logo":0,"ocean_custom_retina_logo":0,"ocean_custom_logo_max_width":0,"ocean_custom_logo_tablet_max_width":0,"ocean_custom_logo_mobile_max_width":0,"ocean_custom_logo_max_height":0,"ocean_custom_logo_tablet_max_height":0,"ocean_custom_logo_mobile_max_height":0,"ocean_header_custom_menu":"","ocean_menu_typo_font_family":"","ocean_menu_typo_font_subset":"","ocean_menu_typo_font_size":0,"ocean_menu_typo_font_size_tablet":0,"ocean_menu_typo_font_size_mobile":0,"ocean_menu_typo_font_size_unit":"px","ocean_menu_typo_font_weight":"","ocean_menu_typo_font_weight_tablet":"","ocean_menu_typo_font_weight_mobile":"","ocean_menu_typo_transform":"","ocean_menu_typo_transform_tablet":"","ocean_menu_typo_transform_mobile":"","ocean_menu_typo_line_height":0,"ocean_menu_typo_line_height_tablet":0,"ocean_menu_typo_line_height_mobile":0,"ocean_menu_typo_line_height_unit":"","ocean_menu_typo_spacing":0,"ocean_menu_typo_spacing_tablet":0,"ocean_menu_typo_spacing_mobile":0,"ocean_menu_typo_spacing_unit":"","ocean_menu_link_color":"","ocean_menu_link_color_hover":"","ocean_menu_link_color_active":"","ocean_menu_link_background":"","ocean_menu_link_hover_background":"","ocean_menu_link_active_background":"","ocean_menu_social_links_bg":"","ocean_menu_social_hover_links_bg":"","ocean_menu_social_links_color":"","ocean_menu_social_hover_links_color":"","ocean_disable_title":"default","ocean_disable_heading":"default","ocean_post_title":"","ocean_post_subheading":"","ocean_post_title_style":"","ocean_post_title_background_color":"","ocean_post_title_background":0,"ocean_post_title_bg_image_position":"","ocean_post_title_bg_image_attachment":"","ocean_post_title_bg_image_repeat":"","ocean_post_title_bg_image_size":"","ocean_post_title_height":0,"ocean_post_title_bg_overlay":0.5,"ocean_post_title_bg_overlay_color":"","ocean_disable_breadcrumbs":"default","ocean_breadcrumbs_color":"","ocean_breadcrumbs_separator_color":"","ocean_breadcrumbs_links_color":"","ocean_breadcrumbs_links_hover_color":"","ocean_display_footer_widgets":"default","ocean_display_footer_bottom":"default","ocean_custom_footer_template":"","ocean_post_oembed":"","ocean_post_self_hosted_media":"","ocean_post_video_embed":"","ocean_link_format":"","ocean_link_format_target":"self","ocean_quote_format":"","ocean_quote_format_link":"post","ocean_gallery_link_images":"on","ocean_gallery_id":[],"footnotes":""},"categories":[384],"tags":[],"class_list":["post-17301","post","type-post","status-publish","format-standard","has-post-thumbnail","hentry","category-jardin","entry","has-media"],"yoast_head":"<!-- This site is optimized with the Yoast SEO plugin v27.5 - https:\/\/yoast.com\/product\/yoast-seo-wordpress\/ -->\n<title>Quel style de d\u00e9co choisir pour son jardin ? &#8211; Les Conseils sweeek<\/title>\n<meta name=\"description\" content=\"Explorez diff\u00e9rents styles de d\u00e9coration pour votre jardin, du scandinave au zen, pour cr\u00e9er un espace ext\u00e9rieur unique et accueillant.\" \/>\n<meta name=\"robots\" content=\"index, follow, max-snippet:-1, max-image-preview:large, max-video-preview:-1\" \/>\n<link rel=\"canonical\" href=\"https:\/\/www.sweeek.fr\/blog\/quel-style-de-deco-choisir-pour-son-jardin\/\" \/>\n<meta property=\"og:locale\" content=\"fr_FR\" \/>\n<meta property=\"og:type\" content=\"article\" \/>\n<meta property=\"og:title\" content=\"Quel style de d\u00e9co choisir pour son jardin ? &#8211; Les Conseils sweeek\" \/>\n<meta property=\"og:description\" content=\"Explorez diff\u00e9rents styles de d\u00e9coration pour votre jardin, du scandinave au zen, pour cr\u00e9er un espace ext\u00e9rieur unique et accueillant.\" \/>\n<meta property=\"og:url\" content=\"https:\/\/www.sweeek.fr\/blog\/quel-style-de-deco-choisir-pour-son-jardin\/\" \/>\n<meta property=\"og:site_name\" content=\"Les Conseils sweeek\" \/>\n<meta property=\"article:published_time\" content=\"2024-03-05T16:05:52+00:00\" \/>\n<meta property=\"article:modified_time\" content=\"2026-01-14T14:33:39+00:00\" \/>\n<meta property=\"og:image\" content=\"https:\/\/www.sweeek.fr\/blog\/wp-content\/uploads\/2024\/03\/Quel-style-de-deco-choisir-pour-son-jardin-.jpg\" \/>\n\t<meta property=\"og:image:width\" content=\"1024\" \/>\n\t<meta property=\"og:image:height\" content=\"682\" \/>\n\t<meta property=\"og:image:type\" content=\"image\/jpeg\" \/>\n<meta name=\"author\" content=\"Alexandre T\u00e9tart\" \/>\n<meta name=\"twitter:card\" content=\"summary_large_image\" \/>\n<meta name=\"twitter:creator\" content=\"@mpira@sweeek.com\" \/>\n<meta name=\"twitter:label1\" content=\"\u00c9crit par\" \/>\n\t<meta name=\"twitter:data1\" content=\"Alexandre T\u00e9tart\" \/>\n\t<meta name=\"twitter:label2\" content=\"Dur\u00e9e de lecture estim\u00e9e\" \/>\n\t<meta name=\"twitter:data2\" content=\"9 minutes\" \/>\n<script type=\"application\/ld+json\" class=\"yoast-schema-graph\">{\"@context\":\"https:\\\/\\\/schema.org\",\"@graph\":[{\"@type\":\"Article\",\"@id\":\"https:\\\/\\\/www.sweeek.fr\\\/blog\\\/quel-style-de-deco-choisir-pour-son-jardin\\\/#article\",\"isPartOf\":{\"@id\":\"https:\\\/\\\/www.sweeek.fr\\\/blog\\\/quel-style-de-deco-choisir-pour-son-jardin\\\/\"},\"author\":{\"name\":\"Alexandre T\u00e9tart\",\"@id\":\"https:\\\/\\\/www.sweeek.fr\\\/blog\\\/#\\\/schema\\\/person\\\/303e1c0b79374ee95f345eb5a74de2df\"},\"headline\":\"Quel style de d\u00e9co choisir pour son jardin ?\",\"datePublished\":\"2024-03-05T16:05:52+00:00\",\"dateModified\":\"2026-01-14T14:33:39+00:00\",\"mainEntityOfPage\":{\"@id\":\"https:\\\/\\\/www.sweeek.fr\\\/blog\\\/quel-style-de-deco-choisir-pour-son-jardin\\\/\"},\"wordCount\":1462,\"commentCount\":0,\"publisher\":{\"@id\":\"https:\\\/\\\/www.sweeek.fr\\\/blog\\\/#organization\"},\"image\":{\"@id\":\"https:\\\/\\\/www.sweeek.fr\\\/blog\\\/quel-style-de-deco-choisir-pour-son-jardin\\\/#primaryimage\"},\"thumbnailUrl\":\"https:\\\/\\\/www.sweeek.fr\\\/blog\\\/wp-content\\\/uploads\\\/2024\\\/03\\\/Quel-style-de-deco-choisir-pour-son-jardin-.jpg\",\"articleSection\":[\"Jardin\"],\"inLanguage\":\"fr-FR\",\"potentialAction\":[{\"@type\":\"CommentAction\",\"name\":\"Comment\",\"target\":[\"https:\\\/\\\/www.sweeek.fr\\\/blog\\\/quel-style-de-deco-choisir-pour-son-jardin\\\/#respond\"]}]},{\"@type\":\"WebPage\",\"@id\":\"https:\\\/\\\/www.sweeek.fr\\\/blog\\\/quel-style-de-deco-choisir-pour-son-jardin\\\/\",\"url\":\"https:\\\/\\\/www.sweeek.fr\\\/blog\\\/quel-style-de-deco-choisir-pour-son-jardin\\\/\",\"name\":\"Quel style de d\u00e9co choisir pour son jardin ? &#8211; Les Conseils sweeek\",\"isPartOf\":{\"@id\":\"https:\\\/\\\/www.sweeek.fr\\\/blog\\\/#website\"},\"primaryImageOfPage\":{\"@id\":\"https:\\\/\\\/www.sweeek.fr\\\/blog\\\/quel-style-de-deco-choisir-pour-son-jardin\\\/#primaryimage\"},\"image\":{\"@id\":\"https:\\\/\\\/www.sweeek.fr\\\/blog\\\/quel-style-de-deco-choisir-pour-son-jardin\\\/#primaryimage\"},\"thumbnailUrl\":\"https:\\\/\\\/www.sweeek.fr\\\/blog\\\/wp-content\\\/uploads\\\/2024\\\/03\\\/Quel-style-de-deco-choisir-pour-son-jardin-.jpg\",\"datePublished\":\"2024-03-05T16:05:52+00:00\",\"dateModified\":\"2026-01-14T14:33:39+00:00\",\"description\":\"Explorez diff\u00e9rents styles de d\u00e9coration pour votre jardin, du scandinave au zen, pour cr\u00e9er un espace ext\u00e9rieur unique et accueillant.\",\"breadcrumb\":{\"@id\":\"https:\\\/\\\/www.sweeek.fr\\\/blog\\\/quel-style-de-deco-choisir-pour-son-jardin\\\/#breadcrumb\"},\"inLanguage\":\"fr-FR\",\"potentialAction\":[{\"@type\":\"ReadAction\",\"target\":[\"https:\\\/\\\/www.sweeek.fr\\\/blog\\\/quel-style-de-deco-choisir-pour-son-jardin\\\/\"]}]},{\"@type\":\"ImageObject\",\"inLanguage\":\"fr-FR\",\"@id\":\"https:\\\/\\\/www.sweeek.fr\\\/blog\\\/quel-style-de-deco-choisir-pour-son-jardin\\\/#primaryimage\",\"url\":\"https:\\\/\\\/www.sweeek.fr\\\/blog\\\/wp-content\\\/uploads\\\/2024\\\/03\\\/Quel-style-de-deco-choisir-pour-son-jardin-.jpg\",\"contentUrl\":\"https:\\\/\\\/www.sweeek.fr\\\/blog\\\/wp-content\\\/uploads\\\/2024\\\/03\\\/Quel-style-de-deco-choisir-pour-son-jardin-.jpg\",\"width\":1024,\"height\":682},{\"@type\":\"BreadcrumbList\",\"@id\":\"https:\\\/\\\/www.sweeek.fr\\\/blog\\\/quel-style-de-deco-choisir-pour-son-jardin\\\/#breadcrumb\",\"itemListElement\":[{\"@type\":\"ListItem\",\"position\":1,\"name\":\"Accueil\",\"item\":\"https:\\\/\\\/www.sweeek.fr\\\/blog\\\/\"},{\"@type\":\"ListItem\",\"position\":2,\"name\":\"Quel style de d\u00e9co choisir pour son jardin ?\"}]},{\"@type\":\"WebSite\",\"@id\":\"https:\\\/\\\/www.sweeek.fr\\\/blog\\\/#website\",\"url\":\"https:\\\/\\\/www.sweeek.fr\\\/blog\\\/\",\"name\":\"Les Conseils sweeek\",\"description\":\"Conseils et inspirations\",\"publisher\":{\"@id\":\"https:\\\/\\\/www.sweeek.fr\\\/blog\\\/#organization\"},\"potentialAction\":[{\"@type\":\"SearchAction\",\"target\":{\"@type\":\"EntryPoint\",\"urlTemplate\":\"https:\\\/\\\/www.sweeek.fr\\\/blog\\\/?s={search_term_string}\"},\"query-input\":{\"@type\":\"PropertyValueSpecification\",\"valueRequired\":true,\"valueName\":\"search_term_string\"}}],\"inLanguage\":\"fr-FR\"},{\"@type\":\"Organization\",\"@id\":\"https:\\\/\\\/www.sweeek.fr\\\/blog\\\/#organization\",\"name\":\"sweeek\",\"url\":\"https:\\\/\\\/www.sweeek.fr\\\/blog\\\/\",\"logo\":{\"@type\":\"ImageObject\",\"inLanguage\":\"fr-FR\",\"@id\":\"https:\\\/\\\/www.sweeek.fr\\\/blog\\\/#\\\/schema\\\/logo\\\/image\\\/\",\"url\":\"https:\\\/\\\/www.sweeek.fr\\\/blog\\\/wp-content\\\/uploads\\\/2023\\\/10\\\/blog-sweeek-logo2.png\",\"contentUrl\":\"https:\\\/\\\/www.sweeek.fr\\\/blog\\\/wp-content\\\/uploads\\\/2023\\\/10\\\/blog-sweeek-logo2.png\",\"width\":328,\"height\":90,\"caption\":\"sweeek\"},\"image\":{\"@id\":\"https:\\\/\\\/www.sweeek.fr\\\/blog\\\/#\\\/schema\\\/logo\\\/image\\\/\"}},{\"@type\":\"Person\",\"@id\":\"https:\\\/\\\/www.sweeek.fr\\\/blog\\\/#\\\/schema\\\/person\\\/303e1c0b79374ee95f345eb5a74de2df\",\"name\":\"Alexandre T\u00e9tart\",\"image\":{\"@type\":\"ImageObject\",\"inLanguage\":\"fr-FR\",\"@id\":\"https:\\\/\\\/secure.gravatar.com\\\/avatar\\\/3c9d4f82ca2b4797eb7deac7c7e7c0e731df0d9dc46984bce23ff95fbdf3294c?s=96&d=mm&r=g\",\"url\":\"https:\\\/\\\/secure.gravatar.com\\\/avatar\\\/3c9d4f82ca2b4797eb7deac7c7e7c0e731df0d9dc46984bce23ff95fbdf3294c?s=96&d=mm&r=g\",\"contentUrl\":\"https:\\\/\\\/secure.gravatar.com\\\/avatar\\\/3c9d4f82ca2b4797eb7deac7c7e7c0e731df0d9dc46984bce23ff95fbdf3294c?s=96&d=mm&r=g\",\"caption\":\"Alexandre T\u00e9tart\"},\"sameAs\":[\"https:\\\/\\\/x.com\\\/mpira@sweeek.com\"]}]}<\/script>\n<!-- \/ Yoast SEO plugin. -->","yoast_head_json":{"title":"Quel style de d\u00e9co choisir pour son jardin ? &#8211; Les Conseils sweeek","description":"Explorez diff\u00e9rents styles de d\u00e9coration pour votre jardin, du scandinave au zen, pour cr\u00e9er un espace ext\u00e9rieur unique et accueillant.","robots":{"index":"index","follow":"follow","max-snippet":"max-snippet:-1","max-image-preview":"max-image-preview:large","max-video-preview":"max-video-preview:-1"},"canonical":"https:\/\/www.sweeek.fr\/blog\/quel-style-de-deco-choisir-pour-son-jardin\/","og_locale":"fr_FR","og_type":"article","og_title":"Quel style de d\u00e9co choisir pour son jardin ? &#8211; Les Conseils sweeek","og_description":"Explorez diff\u00e9rents styles de d\u00e9coration pour votre jardin, du scandinave au zen, pour cr\u00e9er un espace ext\u00e9rieur unique et accueillant.","og_url":"https:\/\/www.sweeek.fr\/blog\/quel-style-de-deco-choisir-pour-son-jardin\/","og_site_name":"Les Conseils sweeek","article_published_time":"2024-03-05T16:05:52+00:00","article_modified_time":"2026-01-14T14:33:39+00:00","og_image":[{"width":1024,"height":682,"url":"https:\/\/www.sweeek.fr\/blog\/wp-content\/uploads\/2024\/03\/Quel-style-de-deco-choisir-pour-son-jardin-.jpg","type":"image\/jpeg"}],"author":"Alexandre T\u00e9tart","twitter_card":"summary_large_image","twitter_creator":"@mpira@sweeek.com","twitter_misc":{"\u00c9crit par":"Alexandre T\u00e9tart","Dur\u00e9e de lecture estim\u00e9e":"9 minutes"},"schema":{"@context":"https:\/\/schema.org","@graph":[{"@type":"Article","@id":"https:\/\/www.sweeek.fr\/blog\/quel-style-de-deco-choisir-pour-son-jardin\/#article","isPartOf":{"@id":"https:\/\/www.sweeek.fr\/blog\/quel-style-de-deco-choisir-pour-son-jardin\/"},"author":{"name":"Alexandre T\u00e9tart","@id":"https:\/\/www.sweeek.fr\/blog\/#\/schema\/person\/303e1c0b79374ee95f345eb5a74de2df"},"headline":"Quel style de d\u00e9co choisir pour son jardin ?","datePublished":"2024-03-05T16:05:52+00:00","dateModified":"2026-01-14T14:33:39+00:00","mainEntityOfPage":{"@id":"https:\/\/www.sweeek.fr\/blog\/quel-style-de-deco-choisir-pour-son-jardin\/"},"wordCount":1462,"commentCount":0,"publisher":{"@id":"https:\/\/www.sweeek.fr\/blog\/#organization"},"image":{"@id":"https:\/\/www.sweeek.fr\/blog\/quel-style-de-deco-choisir-pour-son-jardin\/#primaryimage"},"thumbnailUrl":"https:\/\/www.sweeek.fr\/blog\/wp-content\/uploads\/2024\/03\/Quel-style-de-deco-choisir-pour-son-jardin-.jpg","articleSection":["Jardin"],"inLanguage":"fr-FR","potentialAction":[{"@type":"CommentAction","name":"Comment","target":["https:\/\/www.sweeek.fr\/blog\/quel-style-de-deco-choisir-pour-son-jardin\/#respond"]}]},{"@type":"WebPage","@id":"https:\/\/www.sweeek.fr\/blog\/quel-style-de-deco-choisir-pour-son-jardin\/","url":"https:\/\/www.sweeek.fr\/blog\/quel-style-de-deco-choisir-pour-son-jardin\/","name":"Quel style de d\u00e9co choisir pour son jardin ? &#8211; Les Conseils sweeek","isPartOf":{"@id":"https:\/\/www.sweeek.fr\/blog\/#website"},"primaryImageOfPage":{"@id":"https:\/\/www.sweeek.fr\/blog\/quel-style-de-deco-choisir-pour-son-jardin\/#primaryimage"},"image":{"@id":"https:\/\/www.sweeek.fr\/blog\/quel-style-de-deco-choisir-pour-son-jardin\/#primaryimage"},"thumbnailUrl":"https:\/\/www.sweeek.fr\/blog\/wp-content\/uploads\/2024\/03\/Quel-style-de-deco-choisir-pour-son-jardin-.jpg","datePublished":"2024-03-05T16:05:52+00:00","dateModified":"2026-01-14T14:33:39+00:00","description":"Explorez diff\u00e9rents styles de d\u00e9coration pour votre jardin, du scandinave au zen, pour cr\u00e9er un espace ext\u00e9rieur unique et accueillant.","breadcrumb":{"@id":"https:\/\/www.sweeek.fr\/blog\/quel-style-de-deco-choisir-pour-son-jardin\/#breadcrumb"},"inLanguage":"fr-FR","potentialAction":[{"@type":"ReadAction","target":["https:\/\/www.sweeek.fr\/blog\/quel-style-de-deco-choisir-pour-son-jardin\/"]}]},{"@type":"ImageObject","inLanguage":"fr-FR","@id":"https:\/\/www.sweeek.fr\/blog\/quel-style-de-deco-choisir-pour-son-jardin\/#primaryimage","url":"https:\/\/www.sweeek.fr\/blog\/wp-content\/uploads\/2024\/03\/Quel-style-de-deco-choisir-pour-son-jardin-.jpg","contentUrl":"https:\/\/www.sweeek.fr\/blog\/wp-content\/uploads\/2024\/03\/Quel-style-de-deco-choisir-pour-son-jardin-.jpg","width":1024,"height":682},{"@type":"BreadcrumbList","@id":"https:\/\/www.sweeek.fr\/blog\/quel-style-de-deco-choisir-pour-son-jardin\/#breadcrumb","itemListElement":[{"@type":"ListItem","position":1,"name":"Accueil","item":"https:\/\/www.sweeek.fr\/blog\/"},{"@type":"ListItem","position":2,"name":"Quel style de d\u00e9co choisir pour son jardin ?"}]},{"@type":"WebSite","@id":"https:\/\/www.sweeek.fr\/blog\/#website","url":"https:\/\/www.sweeek.fr\/blog\/","name":"Les Conseils sweeek","description":"Conseils et inspirations","publisher":{"@id":"https:\/\/www.sweeek.fr\/blog\/#organization"},"potentialAction":[{"@type":"SearchAction","target":{"@type":"EntryPoint","urlTemplate":"https:\/\/www.sweeek.fr\/blog\/?s={search_term_string}"},"query-input":{"@type":"PropertyValueSpecification","valueRequired":true,"valueName":"search_term_string"}}],"inLanguage":"fr-FR"},{"@type":"Organization","@id":"https:\/\/www.sweeek.fr\/blog\/#organization","name":"sweeek","url":"https:\/\/www.sweeek.fr\/blog\/","logo":{"@type":"ImageObject","inLanguage":"fr-FR","@id":"https:\/\/www.sweeek.fr\/blog\/#\/schema\/logo\/image\/","url":"https:\/\/www.sweeek.fr\/blog\/wp-content\/uploads\/2023\/10\/blog-sweeek-logo2.png","contentUrl":"https:\/\/www.sweeek.fr\/blog\/wp-content\/uploads\/2023\/10\/blog-sweeek-logo2.png","width":328,"height":90,"caption":"sweeek"},"image":{"@id":"https:\/\/www.sweeek.fr\/blog\/#\/schema\/logo\/image\/"}},{"@type":"Person","@id":"https:\/\/www.sweeek.fr\/blog\/#\/schema\/person\/303e1c0b79374ee95f345eb5a74de2df","name":"Alexandre T\u00e9tart","image":{"@type":"ImageObject","inLanguage":"fr-FR","@id":"https:\/\/secure.gravatar.com\/avatar\/3c9d4f82ca2b4797eb7deac7c7e7c0e731df0d9dc46984bce23ff95fbdf3294c?s=96&d=mm&r=g","url":"https:\/\/secure.gravatar.com\/avatar\/3c9d4f82ca2b4797eb7deac7c7e7c0e731df0d9dc46984bce23ff95fbdf3294c?s=96&d=mm&r=g","contentUrl":"https:\/\/secure.gravatar.com\/avatar\/3c9d4f82ca2b4797eb7deac7c7e7c0e731df0d9dc46984bce23ff95fbdf3294c?s=96&d=mm&r=g","caption":"Alexandre T\u00e9tart"},"sameAs":["https:\/\/x.com\/mpira@sweeek.com"]}]}},"uagb_featured_image_src":{"full":["https:\/\/www.sweeek.fr\/blog\/wp-content\/uploads\/2024\/03\/Quel-style-de-deco-choisir-pour-son-jardin-.jpg",1024,682,false],"thumbnail":["https:\/\/www.sweeek.fr\/blog\/wp-content\/uploads\/2024\/03\/Quel-style-de-deco-choisir-pour-son-jardin--150x150.jpg",150,150,true],"medium":["https:\/\/www.sweeek.fr\/blog\/wp-content\/uploads\/2024\/03\/Quel-style-de-deco-choisir-pour-son-jardin--300x200.jpg",300,200,true],"medium_large":["https:\/\/www.sweeek.fr\/blog\/wp-content\/uploads\/2024\/03\/Quel-style-de-deco-choisir-pour-son-jardin--768x512.jpg",768,512,true],"large":["https:\/\/www.sweeek.fr\/blog\/wp-content\/uploads\/2024\/03\/Quel-style-de-deco-choisir-pour-son-jardin-.jpg",1024,682,false],"1536x1536":["https:\/\/www.sweeek.fr\/blog\/wp-content\/uploads\/2024\/03\/Quel-style-de-deco-choisir-pour-son-jardin-.jpg",1024,682,false],"2048x2048":["https:\/\/www.sweeek.fr\/blog\/wp-content\/uploads\/2024\/03\/Quel-style-de-deco-choisir-pour-son-jardin-.jpg",1024,682,false],"ocean-thumb-m":["https:\/\/www.sweeek.fr\/blog\/wp-content\/uploads\/2024\/03\/Quel-style-de-deco-choisir-pour-son-jardin--600x600.jpg",600,600,true],"ocean-thumb-ml":["https:\/\/www.sweeek.fr\/blog\/wp-content\/uploads\/2024\/03\/Quel-style-de-deco-choisir-pour-son-jardin--800x450.jpg",800,450,true],"ocean-thumb-l":["https:\/\/www.sweeek.fr\/blog\/wp-content\/uploads\/2024\/03\/Quel-style-de-deco-choisir-pour-son-jardin-.jpg",1024,682,false]},"uagb_author_info":{"display_name":"Alexandre T\u00e9tart","author_link":"https:\/\/www.sweeek.fr\/blog"},"uagb_comment_info":0,"uagb_excerpt":"Vous avez toujours r\u00eav\u00e9 d\u2019un jardin \u00e0 la d\u00e9co unique pour passer de bons moments avec vos proches ? Vous \u00eates au bon endroit. Le jardin fait d\u00e9sormais partie int\u00e9grante de la maison et peut avoir son propre style de d\u00e9coration et d&rsquo;am\u00e9nagement. Scandinave, boh\u00e8me, vintage, industriel, minimaliste \/ design, champ\u00eatre ou encore zen\u2026 Pour\u2026","_links":{"self":[{"href":"https:\/\/www.sweeek.fr\/blog\/wp-json\/wp\/v2\/posts\/17301","targetHints":{"allow":["GET"]}}],"collection":[{"href":"https:\/\/www.sweeek.fr\/blog\/wp-json\/wp\/v2\/posts"}],"about":[{"href":"https:\/\/www.sweeek.fr\/blog\/wp-json\/wp\/v2\/types\/post"}],"author":[{"embeddable":true,"href":"https:\/\/www.sweeek.fr\/blog\/wp-json\/wp\/v2\/users\/20"}],"replies":[{"embeddable":true,"href":"https:\/\/www.sweeek.fr\/blog\/wp-json\/wp\/v2\/comments?post=17301"}],"version-history":[{"count":34,"href":"https:\/\/www.sweeek.fr\/blog\/wp-json\/wp\/v2\/posts\/17301\/revisions"}],"predecessor-version":[{"id":21970,"href":"https:\/\/www.sweeek.fr\/blog\/wp-json\/wp\/v2\/posts\/17301\/revisions\/21970"}],"wp:featuredmedia":[{"embeddable":true,"href":"https:\/\/www.sweeek.fr\/blog\/wp-json\/wp\/v2\/media\/17307"}],"wp:attachment":[{"href":"https:\/\/www.sweeek.fr\/blog\/wp-json\/wp\/v2\/media?parent=17301"}],"wp:term":[{"taxonomy":"category","embeddable":true,"href":"https:\/\/www.sweeek.fr\/blog\/wp-json\/wp\/v2\/categories?post=17301"},{"taxonomy":"post_tag","embeddable":true,"href":"https:\/\/www.sweeek.fr\/blog\/wp-json\/wp\/v2\/tags?post=17301"}],"curies":[{"name":"wp","href":"https:\/\/api.w.org\/{rel}","templated":true}]}}