{"id":15042,"date":"2023-09-11T14:13:52","date_gmt":"2023-09-11T12:13:52","guid":{"rendered":"https:\/\/www.sweeek.fr\/blog\/?p=15042"},"modified":"2024-07-24T15:09:00","modified_gmt":"2024-07-24T13:09:00","slug":"comment-se-debarrasser-de-la-teigne-du-poireau","status":"publish","type":"post","link":"https:\/\/www.sweeek.fr\/blog\/comment-se-debarrasser-de-la-teigne-du-poireau\/","title":{"rendered":"Comment se d\u00e9barrasser de la teigne du poireau\u00a0?"},"content":{"rendered":"\n<p>La teigne du poireau, aussi appel\u00e9e ver du poireau est un <a href=\"https:\/\/www.sweeek.fr\/blog\/insectes-nuisibles-du-potager-notre-guide-pour-tout-savoir-sur-le-sujet\/\">insecte parasite<\/a> qui s\u2019attaquent aux plantes du potager. Cette chenille s\u2019en prend \u00e0 diff\u00e9rentes plantes&nbsp;: poireau, ail, oignon, \u00e9chalote et bulbes d\u2019ornement. C\u2019est lorsqu\u2019elle est \u00e0 l\u2019\u00e9tat de larve qu\u2019elle cr\u00e9e des probl\u00e8mes. La chenille creuse des galeries dans les feuilles et s\u2019installe dans la tige ou les bulbes.<br>Tr\u00e8s fr\u00e9quente dans le potager, nous vous apprenons dans cet article \u00e0 identifier la teigne du poireau, \u00e0 pr\u00e9venir les attaques et \u00e0 traiter lorsqu\u2019elle s\u2019est install\u00e9e.&nbsp;<\/p>\n\n\n\n<figure class=\"wp-block-image alignwide size-full\"><img fetchpriority=\"high\" decoding=\"async\" width=\"1000\" height=\"600\" src=\"https:\/\/www.sweeek.fr\/blog\/wp-content\/uploads\/2023\/09\/potager-blog.jpg\" alt=\"se d\u00e9barrasser de la teigne du poireau\" class=\"wp-image-19469\" srcset=\"https:\/\/www.sweeek.fr\/blog\/wp-content\/uploads\/2023\/09\/potager-blog.jpg 1000w, https:\/\/www.sweeek.fr\/blog\/wp-content\/uploads\/2023\/09\/potager-blog-300x180.jpg 300w, https:\/\/www.sweeek.fr\/blog\/wp-content\/uploads\/2023\/09\/potager-blog-768x461.jpg 768w\" sizes=\"(max-width: 1000px) 100vw, 1000px\" \/><\/figure>\n\n\n\n<div style=\"height:30px\" aria-hidden=\"true\" class=\"wp-block-spacer\"><\/div>\n\n\n\n<h2 class=\"wp-block-heading\"><strong>Identifier la teigne du poireau<\/strong><\/h2>\n\n\n\n<p>Identifier la teigne du poireau est assez simple car les d\u00e9g\u00e2ts s\u2019observent facilement. Pour les plantes qui ont des feuilles plates comme le poireau, on peut observer les galeries des chenilles \u00e0 l\u2019int\u00e9rieur des feuilles centrales. Celles-ci sont enroul\u00e9es et ont de nombreux petits trous et de traces. Les jeunes feuilles sont celles qui sont le plus attaqu\u00e9es. Pour les plantes \u00e0 feuilles creuses comme les oignons, on observe \u00e9galement des petits trous et des galeries sous une couche translucide.<br>Pour l\u2019ensemble des plantes, les bouts des feuilles deviendront jaunes et les tiges se fl\u00e9trissent. Chez le poireau, elle peut aussi pourrir au centre. Sur les oignons, les bulbes peuvent se dess\u00e9cher en partie. Pour les amateurs de fleurs, pas d\u2019inqui\u00e9tude, elles ne sont pas souvent attaqu\u00e9es.&nbsp;<\/p>\n\n\n\n<p>Autre ph\u00e9nom\u00e8ne qui caract\u00e9rise l\u2019attaque de la teigne du poireau est le vol de noctuelles mais il vous faudra un \u00e9clairage nocturne pour \u00eatre en capacit\u00e9 de les voir.<br>Vous reconna\u00eetrez aussi facilement les chenilles sur les feuilles des plantes attaqu\u00e9es.&nbsp;<\/p>\n\n\n\n<p>Sachez que d\u2019autres parasites peuvent causer des d\u00e9g\u00e2ts semblables comme la mouche mineuse du poireau qui est apparue r\u00e9cemment en France. La diff\u00e9rence avec la teigne du poireau est que sa larve est un asticot et non une chenille. La mouche de l\u2019oignon peut aussi s\u2019attaquer au poireau.&nbsp;<\/p>\n\n\n\n<h2 class=\"wp-block-heading\">Les p\u00e9riodes de pontes de la teigne du poireau <\/h2>\n\n\n\n<p>Ce n\u2019est donc pas le papillon qui s\u2019attaquer directement \u00e0 vos cultures mais plus la larve qui va consommer le poireau pour se nourrir et se d\u00e9velopper.<\/p>\n\n\n\n<p>Il est donc important de conna\u00eetre les 3 p\u00e9riodes de pontes de la teigne. C\u2019est au <a href=\"https:\/\/www.sweeek.fr\/blog\/que-planter-en-avril\/\">mois d\u2019avril<\/a> et <a href=\"https:\/\/www.sweeek.fr\/blog\/que-planter-en-mai\/\">mai<\/a> que les papillons d\u00e9posent leur \u0153uf et que la 1<sup>\u00e8re<\/sup> vague de larves appara\u00eet. La 2\u00e8me appara\u00eet entre juin et juillet et la derni\u00e8re entre fin ao\u00fbt et fin septembre. Mais la 3\u00e8me p\u00e9riode d\u00e9pendra de plusieurs choses comme de la r\u00e9gion et des temp\u00e9ratures.<\/p>\n\n\n\n<p>Quelques informations sur son cycle de reproduction&nbsp;: la femelle qui a une dur\u00e9e de vie de 1 \u00e0 2 mois va s\u2019installer sur une plante pour pondre ses \u0153ufs. On peut compter une centaine d\u2019\u0153ufs en 15 jours. Les \u0153ufs commenceront \u00e0 \u00e9clore une semaine apr\u00e8s. Les larves vont ensuite d\u00e9vorer les feuilles de la plante durant 15 jours et vont ensuite creuser des galeries pour acc\u00e9der au f\u00fbt du poireau. Elles y passeront toute leur croissance pour finir par devenir des papillons.<\/p>\n\n\n\n<div style=\"height:30px\" aria-hidden=\"true\" class=\"wp-block-spacer\"><\/div>\n\n\n\n<h2 class=\"wp-block-heading\"><strong>Comment pr\u00e9venir les attaques de la teigne du poireau&nbsp;?<\/strong><\/h2>\n\n\n\n<p>Si vous arrivez \u00e0 r\u00e9duire ou au moins \u00e0 contr\u00f4ler, vous pourrez tout de m\u00eame obtenir une r\u00e9colte correcte, notamment pour le bulbes d\u2019ail ou d\u2019oignon mais pour des plantes o\u00f9 les feuilles sont r\u00e9colt\u00e9es, une attaque m\u00eame mod\u00e9r\u00e9e peut avoir de grosses cons\u00e9quences.<\/p>\n\n\n\n<h3 class=\"wp-block-heading\">Rotation des cultures<\/h3>\n\n\n\n<p>La rotation des cultures permet de limiter les maladies. Elle consiste \u00e0 ne pas planter une plante au m\u00eame emplacement deux ann\u00e9es \u00e0 la suite. <a href=\"https:\/\/www.sweeek.fr\/blog\/comment-faire-un-jardin-potager\/\">Dans le potager<\/a>, les plantes pr\u00e9l\u00e8vent diff\u00e9rents \u00e9l\u00e9ments selon leurs besoins. Certaines prendront de l\u2019azote, d\u2019autres du phosphore ou du potassium. Varier les cultures permet de b\u00e9n\u00e9ficier des sp\u00e9cificit\u00e9s de chaque plante du potager et d\u2019\u00e9viter les nuisibles et les maladies. Nous vous conseillons de repiquer vos plants apr\u00e8s le mois de juin, mois des premiers vols des noctuelles.<\/p>\n\n\n\n<figure class=\"wp-block-image alignwide size-full\"><img decoding=\"async\" width=\"1000\" height=\"600\" src=\"https:\/\/www.sweeek.fr\/blog\/wp-content\/uploads\/2023\/09\/Design-sans-titre-61.jpg\" alt=\"\" class=\"wp-image-19476\" srcset=\"https:\/\/www.sweeek.fr\/blog\/wp-content\/uploads\/2023\/09\/Design-sans-titre-61.jpg 1000w, https:\/\/www.sweeek.fr\/blog\/wp-content\/uploads\/2023\/09\/Design-sans-titre-61-300x180.jpg 300w, https:\/\/www.sweeek.fr\/blog\/wp-content\/uploads\/2023\/09\/Design-sans-titre-61-768x461.jpg 768w\" sizes=\"(max-width: 1000px) 100vw, 1000px\" \/><\/figure>\n\n\n\n<p><br>Vous pouvez aussi utiliser la technique du compagnonnage en associant les poireaux avec des plantes hostiles \u00e0 la teigne du poireau comme des semis de carottes ou du c\u00e9leri. En effet, l\u2019odeur des carottes repousse la teigne du poireau. Pour toutes les cultures, il faut savoir qu\u2019au plus des odeurs fortes sont m\u00e9lang\u00e9es et diversifi\u00e9es, au plus les odorats vont \u00eatre perturb\u00e9s. Donc si vous plantez des aromates tr\u00e8s parfum\u00e9s, des fleurs ou d\u2019autres l\u00e9gumes, la mouche aura plus de difficult\u00e9s \u00e0 rep\u00e9rer les poireaux. Plus g\u00e9n\u00e9ralement, varier les diff\u00e9rentes esp\u00e8ces d\u2019arbres et d\u2019arbustes et donc favoriser la biodiversit\u00e9 permet aux populations animales de se r\u00e9guler naturellement et ainsi d\u2019\u00e9viter les probl\u00e8mes de ravageurs et de ver sur vos poireaux et oignons.&nbsp;<\/p>\n\n\n\n<h3 class=\"wp-block-heading\">Choix de vari\u00e9t\u00e9s r\u00e9sistantes<\/h3>\n\n\n\n<p>Choisir des vari\u00e9t\u00e9s r\u00e9sistantes aux ravageurs peut \u00eatre un bon moyen pour pr\u00e9venir les attaques de la teigne du poireau. Vous pouvez \u00e9galement endurcir les plants de poireaux&nbsp; pour que leur odeur disparaisse et que les teignes soient moins attir\u00e9es. Pour cela, il faut simplement raccourcir vos plants de poireaux et les faire s\u00e9cher pendant 2 jours environ avant de les planter.&nbsp;<\/p>\n\n\n\n<h3 class=\"wp-block-heading\">Les pi\u00e8ges \u00e0 base de ph\u00e9romones<\/h3>\n\n\n\n<p>Cette m\u00e9thode consiste \u00e0 attirer et pi\u00e9ger les papillons avant qu\u2019ils ne se posent sur la plante. L\u2019inconv\u00e9nient de ces pi\u00e8ges est qu\u2019ils peuvent aussi capturer des esp\u00e8ces qui vivent aussi dans votre potager et donc parfois des espaces utiles. Ces pi\u00e8ges doivent donc \u00eatre utilis\u00e9s avec parcimonie pour ne pas cr\u00e9er de d\u00e9s\u00e9quilibre dans votre potager.<\/p>\n\n\n\n<h3 class=\"wp-block-heading\">Utilisation de filets anti-insectes<\/h3>\n\n\n\n<p>Avant le d\u00e9but de l\u2019activit\u00e9 des papillons, vous pouvez installer un filet anti insectes. Il va emp\u00eacher les papillons de se poser sur les poireaux et de pondre des \u0153ufs qui forment ensuite des chenilles. Pour \u00eatre vraiment efficace, le filet anti-insectes doit \u00eatre pos\u00e9 avant la p\u00e9riode de ponte. Couvrez vos plantes d\u00e8s les semis et laissez le filet du printemps jusqu\u2019\u00e0 l\u2019automne. Il faudra simplement faire attention \u00e0 ce que le filet ne touche pas les feuilles de vos plantes. Vous pouvez aussi utiliser des mini tunnels qui prot\u00e8geront aussi vos plantes contre la mouche mineuse.&nbsp;<\/p>\n\n\n\n<p>Peu importe votre choix de traitement pr\u00e9ventif, vous devez faire attention \u00e0 bien enlever les d\u00e9bris de culture apr\u00e8s chaque r\u00e9colte pour que le potager soit bien nettoy\u00e9. Vous pouvez par exemple les br\u00fbler ou les enfouir dans le sol.<\/p>\n\n\n\n<figure class=\"wp-block-image alignfull size-full\"><img decoding=\"async\" width=\"1000\" height=\"600\" src=\"https:\/\/www.sweeek.fr\/blog\/wp-content\/uploads\/2023\/09\/Design-sans-titre-62.jpg\" alt=\"filet anti insectes \" class=\"wp-image-19478\" srcset=\"https:\/\/www.sweeek.fr\/blog\/wp-content\/uploads\/2023\/09\/Design-sans-titre-62.jpg 1000w, https:\/\/www.sweeek.fr\/blog\/wp-content\/uploads\/2023\/09\/Design-sans-titre-62-300x180.jpg 300w, https:\/\/www.sweeek.fr\/blog\/wp-content\/uploads\/2023\/09\/Design-sans-titre-62-768x461.jpg 768w\" sizes=\"(max-width: 1000px) 100vw, 1000px\" \/><\/figure>\n\n\n\n<div style=\"height:30px\" aria-hidden=\"true\" class=\"wp-block-spacer\"><\/div>\n\n\n\n<h2 class=\"wp-block-heading\"><strong>Comment traiter en cas d\u2019attaque&nbsp;?<\/strong><\/h2>\n\n\n\n<p>Comme vous le savez \u00e0 pr\u00e9sent, le cycle de vie des larves est tr\u00e8s rapide car en seulement 15 jours elles acc\u00e8dent au f\u00fbt du poireau. Nous vous conseillons donc d\u2019aller r\u00e9guli\u00e8rement observer votre potager pour surveiller vos plantes, fruits et l\u00e9gumes. Au plus t\u00f4t vous d\u00e9couvrirez la pr\u00e9sence de ces ind\u00e9sirables, au plus vite vous pourrez agir et essayer d\u2019emp\u00eacher leur attaque.<\/p>\n\n\n\n<h3 class=\"wp-block-heading\">Les traitements&nbsp; naturels<\/h3>\n\n\n\n<p>Si vous parvenez \u00e0 voir un d\u00e9but d\u2019attaque, vous pouvez essayer de ralentir la progression des chenilles en enlevant les vieilles feuilles et en coupant le bout de celles qui sont infest\u00e9es. Il faudra aussi \u00e9craser les larves qui sont visibles.&nbsp;<\/p>\n\n\n\n<p>Pulv\u00e9riser des purins est un moyen appr\u00e9ci\u00e9 par les amateurs d\u2019agriculture bio. Cette m\u00e9thode efficace aussi bien en pr\u00e9ventif qu\u2019en curatif pr\u00e9voit d\u2019utiliser divers purins comme de tanaisie, de foug\u00e8res, de rhubarbe ou d\u2019absinthe.&nbsp;<\/p>\n\n\n\n<h3 class=\"wp-block-heading\">Les traitements contre la teigne du poireau<\/h3>\n\n\n\n<h4 class=\"wp-block-heading\">Bt (Bacillus thuringiensis)<\/h4>\n\n\n\n<p>Le bacillus thuringiensis est un produit bio sp\u00e9cialement con\u00e7u pour le ver du poireau. Il faut le pulv\u00e9riser sur les larves avant qu\u2019elles n\u2019atteignent la tige du poireau o\u00f9 elles seront prot\u00e9g\u00e9es. Il faudra l\u2019appliquer entre 7 et 10 jours suivant les vols de noctuelles ce qui oblige \u00e0 r\u00e9p\u00e9ter les traitements. Cependant cette solution n\u2019est pas recommand\u00e9e car elle peut cr\u00e9er des d\u00e9s\u00e9quilibres importants.&nbsp;<\/p>\n\n\n\n<h4 class=\"wp-block-heading\">Vinaigre blanc<\/h4>\n\n\n\n<p>Faire tremper les poireaux dans un peu d\u2019eau et de vinaigre blanc avant le repiquage est un traitement efficace.&nbsp;<\/p>\n\n\n\n<h4 class=\"wp-block-heading\">Eau de javel<\/h4>\n\n\n\n<p>L\u2019eau de javel peut aussi bien \u00eatre utilis\u00e9e en traitement pr\u00e9ventif que curatif. Il suffit de la diluer \u00e0 10% dans de l\u2019eau.&nbsp;<\/p>\n\n\n\n<h4 class=\"wp-block-heading\">Traitement&nbsp; par insecticide<\/h4>\n\n\n\n<p>Des insecticides tr\u00e8s efficaces et \u00e0 longue action peuvent \u00eatre utilis\u00e9s comme le deltam\u00e9thrine. Cependant il est tr\u00e8s nocif pour l\u2019homme et pour l\u2019environnement, son emploi en pulv\u00e9risation est fortement d\u00e9conseill\u00e9 m\u00eame en respectant toutes les pr\u00e9cautions d\u2019usage.<br>Ces traitements comme les produits r\u00e9pulsifs (le tanaisie ou l\u2019absinthe) ne seront pas utiles si le ver est d\u00e9j\u00e0 dans le f\u00fbt. En effet, il sera difficile d\u2019atteindre le ver qui est bien prot\u00e9g\u00e9 dans le f\u00fbt.&nbsp;<\/p>\n\n\n\n<p>Si les f\u00fbts de vos poireaux sont d\u00e9j\u00e0 ravag\u00e9s par des vers et que les d\u00e9g\u00e2ts sont visibles, coupez-les au ras du sol. Cela retardera vos r\u00e9coltes mais les f\u00fbts repoussent et seront sauv\u00e9s.<\/p>\n\n\n\n<div style=\"height:20px\" aria-hidden=\"true\" class=\"wp-block-spacer\"><\/div>\n\n\n\n<p>Vous disposez \u00e0 pr\u00e9sent de toutes les informations n\u00e9cessaires pour identifier la teigne du poireau sur les cultures de votre potager&nbsp;et vous saurez ainsi pr\u00e9venir son apparition. Dans le cas d\u2019une attaque quelques options s\u2019offrent \u00e0 vous arr\u00eater les d\u00e9g\u00e2ts mais si ceux-ci sont trop avanc\u00e9s, il faudra vous r\u00e9soudre \u00e0 couper vos cultures.&nbsp;<\/p>\n\n\n\n<div style=\"height:30px\" aria-hidden=\"true\" class=\"wp-block-spacer\"><\/div>\n\n\n\n<div class=\"wp-block-group has-white-color has-text-color has-background\" style=\"background-color:#f2f2f2\"><div class=\"wp-block-group__inner-container is-layout-flow wp-block-group-is-layout-flow\">\n<h2 class=\"alignfull has-text-align-center has-black-color has-text-color wp-block-heading\" style=\"font-size:30px;font-style:normal;font-weight:400\">La s\u00e9lection de sweeek<\/h2>\n\n\n\n<div style=\"height:21px\" aria-hidden=\"true\" class=\"wp-block-spacer\"><\/div>\n\n\n\n<div class=\"wp-block-columns is-layout-flex wp-container-core-columns-is-layout-9d6595d7 wp-block-columns-is-layout-flex\">\n<div class=\"wp-block-column is-layout-flow wp-block-column-is-layout-flow\"><div class=\"wp-block-image\">\n<figure class=\"aligncenter size-large\"><a href=\"https:\/\/www.sweeek.fr\/product\/potager-en-bois-sur-pieds-et-serre-en-polycarbonate-amovible-erable-2-en-1-avec-etagere-et-geotextile-80-x-60-x-109-cm\" target=\"_blank\" rel=\"noreferrer noopener\"><img decoding=\"async\" src=\"https:\/\/sweeek.twic.pics\/https:\/\/www.sweeek.fr\/blog\/wp-content\/uploads\/2022\/06\/Nouveau-projet-2022-06-01T114733.815.jpg\" alt=\"Potager en bois sur pieds avec mini serre\"\/><\/a><\/figure>\n<\/div>\n\n\n<h3 class=\"has-text-align-center has-black-color has-text-color wp-block-heading\" style=\"font-style:normal;font-weight:400\">Potager en bois sur pieds avec mini serre<\/h3>\n\n\n\n<div style=\"height:15px\" aria-hidden=\"true\" class=\"wp-block-spacer\"><\/div>\n<\/div>\n\n\n\n<div class=\"wp-block-column is-layout-flow wp-block-column-is-layout-flow\"><div class=\"wp-block-image\">\n<figure class=\"aligncenter size-large\"><a href=\"https:\/\/www.sweeek.fr\/product\/table-jardinage-petunia-2-tiroirs-etabli-exterieur-bois\" target=\"_blank\" rel=\"noreferrer noopener\"><img decoding=\"async\" src=\"https:\/\/sweeek.twic.pics\/products\/6647\/original\/wwkbenchnat-25d74b2d941e42f87437f8d596b21587.jpg?twic=v1\/resize=1800x1800\/resize=1500\/quality=70\" alt=\"Table de rempotage avec 2 tiroirs\n\"\/><\/a><\/figure>\n<\/div>\n\n\n<h3 class=\"has-text-align-center wp-block-heading\" style=\"font-style:normal;font-weight:400\">Table de rempotage avec 2 tiroirs<\/h3>\n\n\n\n<div style=\"height:15px\" aria-hidden=\"true\" class=\"wp-block-spacer\"><\/div>\n<\/div>\n\n\n\n<div class=\"wp-block-column is-layout-flow wp-block-column-is-layout-flow\"><div class=\"wp-block-image\">\n<figure class=\"aligncenter size-large\"><img decoding=\"async\" src=\"https:\/\/sweeek.twic.pics\/products\/1771\/original\/gh7pcsg-f1f4464012ceedefa6c9916dd308dc94.jpg?twic=v1\/resize=1800x1800\/resize=1500\/quality=70\" alt=\"Serre de jardin polycarbonate 7m\u00b2\n\"\/><\/figure>\n<\/div>\n\n\n<h3 class=\"has-text-align-center has-black-color has-text-color wp-block-heading\" style=\"font-style:normal;font-weight:400\">Serre de jardin polycarbonate 7m\u00b2<\/h3>\n\n\n\n<div style=\"height:15px\" aria-hidden=\"true\" class=\"wp-block-spacer\"><\/div>\n<\/div>\n<\/div>\n<\/div><\/div>\n","protected":false},"excerpt":{"rendered":"<p>La teigne du poireau, aussi appel\u00e9e ver du poireau est un insecte parasite qui s\u2019attaquent aux plantes du potager. Cette chenille s\u2019en prend \u00e0 diff\u00e9rentes plantes&nbsp;: poireau, ail, oignon, \u00e9chalote et bulbes d\u2019ornement. C\u2019est lorsqu\u2019elle est \u00e0 l\u2019\u00e9tat de larve qu\u2019elle cr\u00e9e des probl\u00e8mes. La chenille creuse des galeries dans les feuilles et s\u2019installe dans [&hellip;]<\/p>\n","protected":false},"author":4,"featured_media":19826,"comment_status":"open","ping_status":"closed","sticky":false,"template":"","format":"standard","meta":{"inline_featured_image":false,"_uag_custom_page_level_css":"","ocean_post_layout":"","ocean_both_sidebars_style":"","ocean_both_sidebars_content_width":0,"ocean_both_sidebars_sidebars_width":0,"ocean_sidebar":"0","ocean_second_sidebar":"0","ocean_disable_margins":"enable","ocean_add_body_class":"","ocean_shortcode_before_top_bar":"","ocean_shortcode_after_top_bar":"","ocean_shortcode_before_header":"","ocean_shortcode_after_header":"","ocean_has_shortcode":"","ocean_shortcode_after_title":"","ocean_shortcode_before_footer_widgets":"","ocean_shortcode_after_footer_widgets":"","ocean_shortcode_before_footer_bottom":"","ocean_shortcode_after_footer_bottom":"","ocean_display_top_bar":"default","ocean_display_header":"default","ocean_header_style":"","ocean_center_header_left_menu":"0","ocean_custom_header_template":"0","ocean_custom_logo":0,"ocean_custom_retina_logo":0,"ocean_custom_logo_max_width":0,"ocean_custom_logo_tablet_max_width":0,"ocean_custom_logo_mobile_max_width":0,"ocean_custom_logo_max_height":0,"ocean_custom_logo_tablet_max_height":0,"ocean_custom_logo_mobile_max_height":0,"ocean_header_custom_menu":"0","ocean_menu_typo_font_family":"0","ocean_menu_typo_font_subset":"","ocean_menu_typo_font_size":0,"ocean_menu_typo_font_size_tablet":0,"ocean_menu_typo_font_size_mobile":0,"ocean_menu_typo_font_size_unit":"px","ocean_menu_typo_font_weight":"","ocean_menu_typo_font_weight_tablet":"","ocean_menu_typo_font_weight_mobile":"","ocean_menu_typo_transform":"","ocean_menu_typo_transform_tablet":"","ocean_menu_typo_transform_mobile":"","ocean_menu_typo_line_height":0,"ocean_menu_typo_line_height_tablet":0,"ocean_menu_typo_line_height_mobile":0,"ocean_menu_typo_line_height_unit":"","ocean_menu_typo_spacing":0,"ocean_menu_typo_spacing_tablet":0,"ocean_menu_typo_spacing_mobile":0,"ocean_menu_typo_spacing_unit":"","ocean_menu_link_color":"","ocean_menu_link_color_hover":"","ocean_menu_link_color_active":"","ocean_menu_link_background":"","ocean_menu_link_hover_background":"","ocean_menu_link_active_background":"","ocean_menu_social_links_bg":"","ocean_menu_social_hover_links_bg":"","ocean_menu_social_links_color":"","ocean_menu_social_hover_links_color":"","ocean_disable_title":"default","ocean_disable_heading":"default","ocean_post_title":"","ocean_post_subheading":"","ocean_post_title_style":"","ocean_post_title_background_color":"","ocean_post_title_background":0,"ocean_post_title_bg_image_position":"","ocean_post_title_bg_image_attachment":"","ocean_post_title_bg_image_repeat":"","ocean_post_title_bg_image_size":"","ocean_post_title_height":0,"ocean_post_title_bg_overlay":0.5,"ocean_post_title_bg_overlay_color":"","ocean_disable_breadcrumbs":"default","ocean_breadcrumbs_color":"","ocean_breadcrumbs_separator_color":"","ocean_breadcrumbs_links_color":"","ocean_breadcrumbs_links_hover_color":"","ocean_display_footer_widgets":"default","ocean_display_footer_bottom":"default","ocean_custom_footer_template":"0","ocean_post_oembed":"","ocean_post_self_hosted_media":"","ocean_post_video_embed":"","ocean_link_format":"","ocean_link_format_target":"self","ocean_quote_format":"","ocean_quote_format_link":"post","ocean_gallery_link_images":"off","ocean_gallery_id":[],"footnotes":""},"categories":[189],"tags":[],"class_list":["post-15042","post","type-post","status-publish","format-standard","has-post-thumbnail","hentry","category-maladie-traitement","entry","has-media"],"yoast_head":"<!-- This site is optimized with the Yoast SEO plugin v27.3 - https:\/\/yoast.com\/product\/yoast-seo-wordpress\/ -->\n<title>Comment se d\u00e9barrasser de la teigne du poireau\u00a0? &#8211; Les Conseils sweeek<\/title>\n<meta name=\"description\" content=\"Besoin de conseils pour vous d\u00e9barrasser de la teigne du poireau ? D\u00e9couvrez les conseils sweeek, on vous dit tout !\" \/>\n<meta name=\"robots\" content=\"index, follow, max-snippet:-1, max-image-preview:large, max-video-preview:-1\" \/>\n<link rel=\"canonical\" href=\"https:\/\/www.sweeek.fr\/blog\/comment-se-debarrasser-de-la-teigne-du-poireau\/\" \/>\n<meta property=\"og:locale\" content=\"fr_FR\" \/>\n<meta property=\"og:type\" content=\"article\" \/>\n<meta property=\"og:title\" content=\"Comment se d\u00e9barrasser de la teigne du poireau\u00a0? &#8211; Les Conseils sweeek\" \/>\n<meta property=\"og:description\" content=\"Besoin de conseils pour vous d\u00e9barrasser de la teigne du poireau ? D\u00e9couvrez les conseils sweeek, on vous dit tout !\" \/>\n<meta property=\"og:url\" content=\"https:\/\/www.sweeek.fr\/blog\/comment-se-debarrasser-de-la-teigne-du-poireau\/\" \/>\n<meta property=\"og:site_name\" content=\"Les Conseils sweeek\" \/>\n<meta property=\"article:published_time\" content=\"2023-09-11T12:13:52+00:00\" \/>\n<meta property=\"article:modified_time\" content=\"2024-07-24T13:09:00+00:00\" \/>\n<meta property=\"og:image\" content=\"https:\/\/www.sweeek.fr\/blog\/wp-content\/uploads\/2023\/09\/teigne-du-poireau.jpg\" \/>\n\t<meta property=\"og:image:width\" content=\"1024\" \/>\n\t<meta property=\"og:image:height\" content=\"682\" \/>\n\t<meta property=\"og:image:type\" content=\"image\/jpeg\" \/>\n<meta name=\"author\" content=\"Am\u00e9lie Capon\" \/>\n<meta name=\"twitter:card\" content=\"summary_large_image\" \/>\n<meta name=\"twitter:label1\" content=\"\u00c9crit par\" \/>\n\t<meta name=\"twitter:data1\" content=\"Am\u00e9lie Capon\" \/>\n\t<meta name=\"twitter:label2\" content=\"Dur\u00e9e de lecture estim\u00e9e\" \/>\n\t<meta name=\"twitter:data2\" content=\"10 minutes\" \/>\n<script type=\"application\/ld+json\" class=\"yoast-schema-graph\">{\"@context\":\"https:\\\/\\\/schema.org\",\"@graph\":[{\"@type\":\"Article\",\"@id\":\"https:\\\/\\\/www.sweeek.fr\\\/blog\\\/comment-se-debarrasser-de-la-teigne-du-poireau\\\/#article\",\"isPartOf\":{\"@id\":\"https:\\\/\\\/www.sweeek.fr\\\/blog\\\/comment-se-debarrasser-de-la-teigne-du-poireau\\\/\"},\"author\":{\"name\":\"Am\u00e9lie Capon\",\"@id\":\"https:\\\/\\\/www.sweeek.fr\\\/blog\\\/#\\\/schema\\\/person\\\/e97ba3e4a84bda73fe86070619e7640b\"},\"headline\":\"Comment se d\u00e9barrasser de la teigne du poireau\u00a0?\",\"datePublished\":\"2023-09-11T12:13:52+00:00\",\"dateModified\":\"2024-07-24T13:09:00+00:00\",\"mainEntityOfPage\":{\"@id\":\"https:\\\/\\\/www.sweeek.fr\\\/blog\\\/comment-se-debarrasser-de-la-teigne-du-poireau\\\/\"},\"wordCount\":1690,\"commentCount\":0,\"publisher\":{\"@id\":\"https:\\\/\\\/www.sweeek.fr\\\/blog\\\/#organization\"},\"image\":{\"@id\":\"https:\\\/\\\/www.sweeek.fr\\\/blog\\\/comment-se-debarrasser-de-la-teigne-du-poireau\\\/#primaryimage\"},\"thumbnailUrl\":\"https:\\\/\\\/www.sweeek.fr\\\/blog\\\/wp-content\\\/uploads\\\/2023\\\/09\\\/teigne-du-poireau.jpg\",\"articleSection\":[\"Maladie, Traitement\"],\"inLanguage\":\"fr-FR\",\"potentialAction\":[{\"@type\":\"CommentAction\",\"name\":\"Comment\",\"target\":[\"https:\\\/\\\/www.sweeek.fr\\\/blog\\\/comment-se-debarrasser-de-la-teigne-du-poireau\\\/#respond\"]}]},{\"@type\":\"WebPage\",\"@id\":\"https:\\\/\\\/www.sweeek.fr\\\/blog\\\/comment-se-debarrasser-de-la-teigne-du-poireau\\\/\",\"url\":\"https:\\\/\\\/www.sweeek.fr\\\/blog\\\/comment-se-debarrasser-de-la-teigne-du-poireau\\\/\",\"name\":\"Comment se d\u00e9barrasser de la teigne du poireau\u00a0? &#8211; Les Conseils sweeek\",\"isPartOf\":{\"@id\":\"https:\\\/\\\/www.sweeek.fr\\\/blog\\\/#website\"},\"primaryImageOfPage\":{\"@id\":\"https:\\\/\\\/www.sweeek.fr\\\/blog\\\/comment-se-debarrasser-de-la-teigne-du-poireau\\\/#primaryimage\"},\"image\":{\"@id\":\"https:\\\/\\\/www.sweeek.fr\\\/blog\\\/comment-se-debarrasser-de-la-teigne-du-poireau\\\/#primaryimage\"},\"thumbnailUrl\":\"https:\\\/\\\/www.sweeek.fr\\\/blog\\\/wp-content\\\/uploads\\\/2023\\\/09\\\/teigne-du-poireau.jpg\",\"datePublished\":\"2023-09-11T12:13:52+00:00\",\"dateModified\":\"2024-07-24T13:09:00+00:00\",\"description\":\"Besoin de conseils pour vous d\u00e9barrasser de la teigne du poireau ? D\u00e9couvrez les conseils sweeek, on vous dit tout !\",\"breadcrumb\":{\"@id\":\"https:\\\/\\\/www.sweeek.fr\\\/blog\\\/comment-se-debarrasser-de-la-teigne-du-poireau\\\/#breadcrumb\"},\"inLanguage\":\"fr-FR\",\"potentialAction\":[{\"@type\":\"ReadAction\",\"target\":[\"https:\\\/\\\/www.sweeek.fr\\\/blog\\\/comment-se-debarrasser-de-la-teigne-du-poireau\\\/\"]}]},{\"@type\":\"ImageObject\",\"inLanguage\":\"fr-FR\",\"@id\":\"https:\\\/\\\/www.sweeek.fr\\\/blog\\\/comment-se-debarrasser-de-la-teigne-du-poireau\\\/#primaryimage\",\"url\":\"https:\\\/\\\/www.sweeek.fr\\\/blog\\\/wp-content\\\/uploads\\\/2023\\\/09\\\/teigne-du-poireau.jpg\",\"contentUrl\":\"https:\\\/\\\/www.sweeek.fr\\\/blog\\\/wp-content\\\/uploads\\\/2023\\\/09\\\/teigne-du-poireau.jpg\",\"width\":1024,\"height\":682,\"caption\":\"teigne du poireau\"},{\"@type\":\"BreadcrumbList\",\"@id\":\"https:\\\/\\\/www.sweeek.fr\\\/blog\\\/comment-se-debarrasser-de-la-teigne-du-poireau\\\/#breadcrumb\",\"itemListElement\":[{\"@type\":\"ListItem\",\"position\":1,\"name\":\"Accueil\",\"item\":\"https:\\\/\\\/www.sweeek.fr\\\/blog\\\/\"},{\"@type\":\"ListItem\",\"position\":2,\"name\":\"Comment se d\u00e9barrasser de la teigne du poireau\u00a0?\"}]},{\"@type\":\"WebSite\",\"@id\":\"https:\\\/\\\/www.sweeek.fr\\\/blog\\\/#website\",\"url\":\"https:\\\/\\\/www.sweeek.fr\\\/blog\\\/\",\"name\":\"Les Conseils sweeek\",\"description\":\"Conseils et inspirations\",\"publisher\":{\"@id\":\"https:\\\/\\\/www.sweeek.fr\\\/blog\\\/#organization\"},\"potentialAction\":[{\"@type\":\"SearchAction\",\"target\":{\"@type\":\"EntryPoint\",\"urlTemplate\":\"https:\\\/\\\/www.sweeek.fr\\\/blog\\\/?s={search_term_string}\"},\"query-input\":{\"@type\":\"PropertyValueSpecification\",\"valueRequired\":true,\"valueName\":\"search_term_string\"}}],\"inLanguage\":\"fr-FR\"},{\"@type\":\"Organization\",\"@id\":\"https:\\\/\\\/www.sweeek.fr\\\/blog\\\/#organization\",\"name\":\"sweeek\",\"url\":\"https:\\\/\\\/www.sweeek.fr\\\/blog\\\/\",\"logo\":{\"@type\":\"ImageObject\",\"inLanguage\":\"fr-FR\",\"@id\":\"https:\\\/\\\/www.sweeek.fr\\\/blog\\\/#\\\/schema\\\/logo\\\/image\\\/\",\"url\":\"https:\\\/\\\/www.sweeek.fr\\\/blog\\\/wp-content\\\/uploads\\\/2023\\\/10\\\/blog-sweeek-logo2.png\",\"contentUrl\":\"https:\\\/\\\/www.sweeek.fr\\\/blog\\\/wp-content\\\/uploads\\\/2023\\\/10\\\/blog-sweeek-logo2.png\",\"width\":328,\"height\":90,\"caption\":\"sweeek\"},\"image\":{\"@id\":\"https:\\\/\\\/www.sweeek.fr\\\/blog\\\/#\\\/schema\\\/logo\\\/image\\\/\"}},{\"@type\":\"Person\",\"@id\":\"https:\\\/\\\/www.sweeek.fr\\\/blog\\\/#\\\/schema\\\/person\\\/e97ba3e4a84bda73fe86070619e7640b\",\"name\":\"Am\u00e9lie Capon\",\"image\":{\"@type\":\"ImageObject\",\"inLanguage\":\"fr-FR\",\"@id\":\"https:\\\/\\\/secure.gravatar.com\\\/avatar\\\/042e4b25b2641d47117ebfaf786a00f66fd827d54a130982af74eb1f062ce832?s=96&d=mm&r=g\",\"url\":\"https:\\\/\\\/secure.gravatar.com\\\/avatar\\\/042e4b25b2641d47117ebfaf786a00f66fd827d54a130982af74eb1f062ce832?s=96&d=mm&r=g\",\"contentUrl\":\"https:\\\/\\\/secure.gravatar.com\\\/avatar\\\/042e4b25b2641d47117ebfaf786a00f66fd827d54a130982af74eb1f062ce832?s=96&d=mm&r=g\",\"caption\":\"Am\u00e9lie Capon\"}}]}<\/script>\n<!-- \/ Yoast SEO plugin. -->","yoast_head_json":{"title":"Comment se d\u00e9barrasser de la teigne du poireau\u00a0? &#8211; Les Conseils sweeek","description":"Besoin de conseils pour vous d\u00e9barrasser de la teigne du poireau ? D\u00e9couvrez les conseils sweeek, on vous dit tout !","robots":{"index":"index","follow":"follow","max-snippet":"max-snippet:-1","max-image-preview":"max-image-preview:large","max-video-preview":"max-video-preview:-1"},"canonical":"https:\/\/www.sweeek.fr\/blog\/comment-se-debarrasser-de-la-teigne-du-poireau\/","og_locale":"fr_FR","og_type":"article","og_title":"Comment se d\u00e9barrasser de la teigne du poireau\u00a0? &#8211; Les Conseils sweeek","og_description":"Besoin de conseils pour vous d\u00e9barrasser de la teigne du poireau ? D\u00e9couvrez les conseils sweeek, on vous dit tout !","og_url":"https:\/\/www.sweeek.fr\/blog\/comment-se-debarrasser-de-la-teigne-du-poireau\/","og_site_name":"Les Conseils sweeek","article_published_time":"2023-09-11T12:13:52+00:00","article_modified_time":"2024-07-24T13:09:00+00:00","og_image":[{"width":1024,"height":682,"url":"https:\/\/www.sweeek.fr\/blog\/wp-content\/uploads\/2023\/09\/teigne-du-poireau.jpg","type":"image\/jpeg"}],"author":"Am\u00e9lie Capon","twitter_card":"summary_large_image","twitter_misc":{"\u00c9crit par":"Am\u00e9lie Capon","Dur\u00e9e de lecture estim\u00e9e":"10 minutes"},"schema":{"@context":"https:\/\/schema.org","@graph":[{"@type":"Article","@id":"https:\/\/www.sweeek.fr\/blog\/comment-se-debarrasser-de-la-teigne-du-poireau\/#article","isPartOf":{"@id":"https:\/\/www.sweeek.fr\/blog\/comment-se-debarrasser-de-la-teigne-du-poireau\/"},"author":{"name":"Am\u00e9lie Capon","@id":"https:\/\/www.sweeek.fr\/blog\/#\/schema\/person\/e97ba3e4a84bda73fe86070619e7640b"},"headline":"Comment se d\u00e9barrasser de la teigne du poireau\u00a0?","datePublished":"2023-09-11T12:13:52+00:00","dateModified":"2024-07-24T13:09:00+00:00","mainEntityOfPage":{"@id":"https:\/\/www.sweeek.fr\/blog\/comment-se-debarrasser-de-la-teigne-du-poireau\/"},"wordCount":1690,"commentCount":0,"publisher":{"@id":"https:\/\/www.sweeek.fr\/blog\/#organization"},"image":{"@id":"https:\/\/www.sweeek.fr\/blog\/comment-se-debarrasser-de-la-teigne-du-poireau\/#primaryimage"},"thumbnailUrl":"https:\/\/www.sweeek.fr\/blog\/wp-content\/uploads\/2023\/09\/teigne-du-poireau.jpg","articleSection":["Maladie, Traitement"],"inLanguage":"fr-FR","potentialAction":[{"@type":"CommentAction","name":"Comment","target":["https:\/\/www.sweeek.fr\/blog\/comment-se-debarrasser-de-la-teigne-du-poireau\/#respond"]}]},{"@type":"WebPage","@id":"https:\/\/www.sweeek.fr\/blog\/comment-se-debarrasser-de-la-teigne-du-poireau\/","url":"https:\/\/www.sweeek.fr\/blog\/comment-se-debarrasser-de-la-teigne-du-poireau\/","name":"Comment se d\u00e9barrasser de la teigne du poireau\u00a0? &#8211; Les Conseils sweeek","isPartOf":{"@id":"https:\/\/www.sweeek.fr\/blog\/#website"},"primaryImageOfPage":{"@id":"https:\/\/www.sweeek.fr\/blog\/comment-se-debarrasser-de-la-teigne-du-poireau\/#primaryimage"},"image":{"@id":"https:\/\/www.sweeek.fr\/blog\/comment-se-debarrasser-de-la-teigne-du-poireau\/#primaryimage"},"thumbnailUrl":"https:\/\/www.sweeek.fr\/blog\/wp-content\/uploads\/2023\/09\/teigne-du-poireau.jpg","datePublished":"2023-09-11T12:13:52+00:00","dateModified":"2024-07-24T13:09:00+00:00","description":"Besoin de conseils pour vous d\u00e9barrasser de la teigne du poireau ? D\u00e9couvrez les conseils sweeek, on vous dit tout !","breadcrumb":{"@id":"https:\/\/www.sweeek.fr\/blog\/comment-se-debarrasser-de-la-teigne-du-poireau\/#breadcrumb"},"inLanguage":"fr-FR","potentialAction":[{"@type":"ReadAction","target":["https:\/\/www.sweeek.fr\/blog\/comment-se-debarrasser-de-la-teigne-du-poireau\/"]}]},{"@type":"ImageObject","inLanguage":"fr-FR","@id":"https:\/\/www.sweeek.fr\/blog\/comment-se-debarrasser-de-la-teigne-du-poireau\/#primaryimage","url":"https:\/\/www.sweeek.fr\/blog\/wp-content\/uploads\/2023\/09\/teigne-du-poireau.jpg","contentUrl":"https:\/\/www.sweeek.fr\/blog\/wp-content\/uploads\/2023\/09\/teigne-du-poireau.jpg","width":1024,"height":682,"caption":"teigne du poireau"},{"@type":"BreadcrumbList","@id":"https:\/\/www.sweeek.fr\/blog\/comment-se-debarrasser-de-la-teigne-du-poireau\/#breadcrumb","itemListElement":[{"@type":"ListItem","position":1,"name":"Accueil","item":"https:\/\/www.sweeek.fr\/blog\/"},{"@type":"ListItem","position":2,"name":"Comment se d\u00e9barrasser de la teigne du poireau\u00a0?"}]},{"@type":"WebSite","@id":"https:\/\/www.sweeek.fr\/blog\/#website","url":"https:\/\/www.sweeek.fr\/blog\/","name":"Les Conseils sweeek","description":"Conseils et inspirations","publisher":{"@id":"https:\/\/www.sweeek.fr\/blog\/#organization"},"potentialAction":[{"@type":"SearchAction","target":{"@type":"EntryPoint","urlTemplate":"https:\/\/www.sweeek.fr\/blog\/?s={search_term_string}"},"query-input":{"@type":"PropertyValueSpecification","valueRequired":true,"valueName":"search_term_string"}}],"inLanguage":"fr-FR"},{"@type":"Organization","@id":"https:\/\/www.sweeek.fr\/blog\/#organization","name":"sweeek","url":"https:\/\/www.sweeek.fr\/blog\/","logo":{"@type":"ImageObject","inLanguage":"fr-FR","@id":"https:\/\/www.sweeek.fr\/blog\/#\/schema\/logo\/image\/","url":"https:\/\/www.sweeek.fr\/blog\/wp-content\/uploads\/2023\/10\/blog-sweeek-logo2.png","contentUrl":"https:\/\/www.sweeek.fr\/blog\/wp-content\/uploads\/2023\/10\/blog-sweeek-logo2.png","width":328,"height":90,"caption":"sweeek"},"image":{"@id":"https:\/\/www.sweeek.fr\/blog\/#\/schema\/logo\/image\/"}},{"@type":"Person","@id":"https:\/\/www.sweeek.fr\/blog\/#\/schema\/person\/e97ba3e4a84bda73fe86070619e7640b","name":"Am\u00e9lie Capon","image":{"@type":"ImageObject","inLanguage":"fr-FR","@id":"https:\/\/secure.gravatar.com\/avatar\/042e4b25b2641d47117ebfaf786a00f66fd827d54a130982af74eb1f062ce832?s=96&d=mm&r=g","url":"https:\/\/secure.gravatar.com\/avatar\/042e4b25b2641d47117ebfaf786a00f66fd827d54a130982af74eb1f062ce832?s=96&d=mm&r=g","contentUrl":"https:\/\/secure.gravatar.com\/avatar\/042e4b25b2641d47117ebfaf786a00f66fd827d54a130982af74eb1f062ce832?s=96&d=mm&r=g","caption":"Am\u00e9lie Capon"}}]}},"uagb_featured_image_src":{"full":["https:\/\/www.sweeek.fr\/blog\/wp-content\/uploads\/2023\/09\/teigne-du-poireau.jpg",1024,682,false],"thumbnail":["https:\/\/www.sweeek.fr\/blog\/wp-content\/uploads\/2023\/09\/teigne-du-poireau-150x150.jpg",150,150,true],"medium":["https:\/\/www.sweeek.fr\/blog\/wp-content\/uploads\/2023\/09\/teigne-du-poireau-300x200.jpg",300,200,true],"medium_large":["https:\/\/www.sweeek.fr\/blog\/wp-content\/uploads\/2023\/09\/teigne-du-poireau-768x512.jpg",768,512,true],"large":["https:\/\/www.sweeek.fr\/blog\/wp-content\/uploads\/2023\/09\/teigne-du-poireau.jpg",1024,682,false],"1536x1536":["https:\/\/www.sweeek.fr\/blog\/wp-content\/uploads\/2023\/09\/teigne-du-poireau.jpg",1024,682,false],"2048x2048":["https:\/\/www.sweeek.fr\/blog\/wp-content\/uploads\/2023\/09\/teigne-du-poireau.jpg",1024,682,false],"ocean-thumb-m":["https:\/\/www.sweeek.fr\/blog\/wp-content\/uploads\/2023\/09\/teigne-du-poireau-600x600.jpg",600,600,true],"ocean-thumb-ml":["https:\/\/www.sweeek.fr\/blog\/wp-content\/uploads\/2023\/09\/teigne-du-poireau-800x450.jpg",800,450,true],"ocean-thumb-l":["https:\/\/www.sweeek.fr\/blog\/wp-content\/uploads\/2023\/09\/teigne-du-poireau.jpg",1024,682,false]},"uagb_author_info":{"display_name":"Am\u00e9lie Capon","author_link":"https:\/\/www.sweeek.fr\/blog"},"uagb_comment_info":0,"uagb_excerpt":"La teigne du poireau, aussi appel\u00e9e ver du poireau est un insecte parasite qui s\u2019attaquent aux plantes du potager. Cette chenille s\u2019en prend \u00e0 diff\u00e9rentes plantes&nbsp;: poireau, ail, oignon, \u00e9chalote et bulbes d\u2019ornement. C\u2019est lorsqu\u2019elle est \u00e0 l\u2019\u00e9tat de larve qu\u2019elle cr\u00e9e des probl\u00e8mes. La chenille creuse des galeries dans les feuilles et s\u2019installe dans\u2026","_links":{"self":[{"href":"https:\/\/www.sweeek.fr\/blog\/wp-json\/wp\/v2\/posts\/15042","targetHints":{"allow":["GET"]}}],"collection":[{"href":"https:\/\/www.sweeek.fr\/blog\/wp-json\/wp\/v2\/posts"}],"about":[{"href":"https:\/\/www.sweeek.fr\/blog\/wp-json\/wp\/v2\/types\/post"}],"author":[{"embeddable":true,"href":"https:\/\/www.sweeek.fr\/blog\/wp-json\/wp\/v2\/users\/4"}],"replies":[{"embeddable":true,"href":"https:\/\/www.sweeek.fr\/blog\/wp-json\/wp\/v2\/comments?post=15042"}],"version-history":[{"count":19,"href":"https:\/\/www.sweeek.fr\/blog\/wp-json\/wp\/v2\/posts\/15042\/revisions"}],"predecessor-version":[{"id":19479,"href":"https:\/\/www.sweeek.fr\/blog\/wp-json\/wp\/v2\/posts\/15042\/revisions\/19479"}],"wp:featuredmedia":[{"embeddable":true,"href":"https:\/\/www.sweeek.fr\/blog\/wp-json\/wp\/v2\/media\/19826"}],"wp:attachment":[{"href":"https:\/\/www.sweeek.fr\/blog\/wp-json\/wp\/v2\/media?parent=15042"}],"wp:term":[{"taxonomy":"category","embeddable":true,"href":"https:\/\/www.sweeek.fr\/blog\/wp-json\/wp\/v2\/categories?post=15042"},{"taxonomy":"post_tag","embeddable":true,"href":"https:\/\/www.sweeek.fr\/blog\/wp-json\/wp\/v2\/tags?post=15042"}],"curies":[{"name":"wp","href":"https:\/\/api.w.org\/{rel}","templated":true}]}}