{"id":13699,"date":"2023-05-03T15:19:37","date_gmt":"2023-05-03T13:19:37","guid":{"rendered":"https:\/\/www.sweeek.fr\/blog\/?p=13699"},"modified":"2026-02-06T16:06:27","modified_gmt":"2026-02-06T15:06:27","slug":"comment-decorer-pergola","status":"publish","type":"post","link":"https:\/\/www.sweeek.fr\/blog\/comment-decorer-pergola\/","title":{"rendered":"Comment d\u00e9corer ma pergola ?"},"content":{"rendered":"\n<p>Les pergolas sont devenues au fil du temps des espaces propices \u00e0 la d\u00e9tente et \u00e0 la relaxation. R\u00e9el atout en ext\u00e9rieur, elles vous offrent des espaces de vie agr\u00e9ables qui vous prot\u00e8gent de toutes les m\u00e9t\u00e9os. C\u2019est pourquoi apr\u00e8s avoir fait le <a href=\"https:\/\/www.sweeek.fr\/blog\/comment-choisir-sa-tonnelle-ou-pergola\/\">bon choix de pergola<\/a>, prendre soin de sa d\u00e9coration est important afin de vous sentir bien dessous ! Mais alors comment d\u00e9corer et am\u00e9nager sa pergola pour avoir un rendu chaleureux, convivial et harmonieux ? Nous vous disons tout dans cet article !<\/p>\n\n\n\n<h2 class=\"wp-block-heading\">Le mobilier de jardin<\/h2>\n\n\n\n<p>\u00c9videmment et vous vous en doutez, la premi\u00e8re chose \u00e0 laquelle il faut penser quand on souhaite am\u00e9nager sa pergola, est bien s\u00fbr le <a href=\"https:\/\/www.sweeek.fr\/mobilier-jardin\">mobilier de jardin<\/a>. C\u2019est l&rsquo;\u00e9l\u00e9ment essentiel pour vous permettre de vous cr\u00e9er un coin de d\u00e9tente suppl\u00e9mentaire \u00e0 l\u2019ext\u00e9rieur de votre maison. Ainsi, il est essentiel de s\u00e9lectionner un mobilier de jardin \u00e0 la fois pratique et chaleureux. Plusieurs possibilit\u00e9s d&rsquo;am\u00e9nagement s\u2019offrent ainsi \u00e0 vous :<\/p>\n\n\n\n<h3 class=\"wp-block-heading\">Le salon de jardin<\/h3>\n\n\n\n<p>C&rsquo;est sans doute le choix le plus commun pour am\u00e9nager une pergola en aluminium ; parfait pour profiter pleinement du jardin de sa maison tout en \u00e9tant confortable et d\u00e9tendu, le <a href=\"https:\/\/www.sweeek.fr\/mobilier-jardin\/salon-jardin\">salon de jardin<\/a> offre de nombreuses possibilit\u00e9s : ap\u00e9ros entre potes, pause caf\u00e9 en plein air, espace pour lire ou pour buller tout en \u00e9tant sur son t\u00e9l\u00e9phone\u2026<\/p>\n\n\n\n<h3 class=\"wp-block-heading\">La table \u00e0 manger<\/h3>\n\n\n\n<p>La pergola aluminium, vous permet aussi d\u2019organiser des repas de famille, dehors en ext\u00e9rieur. Le tout vous permet de pouvoir manger vos repas de la journ\u00e9e sur votre <a href=\"https:\/\/www.sweeek.fr\/mobilier-jardin\/table\">table de jardin<\/a> tout en profitant du beau temps et des temp\u00e9ratures estivales. Et tout \u00e7a, en restant \u00e0 l\u2019ombre et \u00e0 l&rsquo;abri des diff\u00e9rentes intemp\u00e9ries. Que demander de plus ?<\/p>\n\n\n\n<div class=\"wp-block-media-text alignwide has-media-on-the-right is-stacked-on-mobile\" style=\"grid-template-columns:auto 32%\"><div class=\"wp-block-media-text__content\">\n\n<h3 class=\"wp-block-heading\">Les canap\u00e9s, fauteuils suspendus et coussins<\/h3>\n\n\n<p>G\u00e9nial pour se cr\u00e9er un espace convivial et accueillant, les canap\u00e9s, <a href=\"https:\/\/www.sweeek.fr\/mobilier-jardin\/chaise\">fauteuils de jardin<\/a> et coussins sont parfaits pour d\u00e9corer vos soir\u00e9es d\u2019\u00e9t\u00e9. Ajoutez \u00e0 cela des tabourets empilables ou de gros poufs pour des assises suppl\u00e9mentaires, une table basse et des tables d\u2019appoints et le tour est jou\u00e9 ! Que dites-vous d\u2019une soir\u00e9e jeux de soci\u00e9t\u00e9, \u00e0 la maison, sous votre pergola bioclimatique ?<\/p>\n\n\n<p>Une fois que vous aurez choisi quel type de mobilier de jardin correspond le plus \u00e0 vos envies et besoins pour votre pergola, il sera n\u00e9cessaire de s&rsquo;int\u00e9resser au style de la d\u00e9co. Encore une fois, plusieurs styles s&rsquo;offrent \u00e0 vous, vous pourrez tout aussi bien opter pour une d\u00e9coration boh\u00e8me avec des meubles en bois ou encore en osiers ou bien pour une d\u00e9co plus industrielle, avec un mobilier en m\u00e9tal par exemple. Bien s\u00fbr, rien ne vous emp\u00eache de m\u00e9langer les mati\u00e8res et les styles pour la d\u00e9co de votre pergola, le tout est de rester harmonieux et coh\u00e9rent.<\/p>\n\n<\/div><figure class=\"wp-block-media-text__media\"><img fetchpriority=\"high\" decoding=\"async\" width=\"1024\" height=\"1024\" src=\"https:\/\/www.sweeek.fr\/blog\/wp-content\/uploads\/2023\/05\/newsfrenchd17-1024x1024.jpg\" alt=\"fauteuil suspendu\" class=\"wp-image-13701 size-full\" srcset=\"https:\/\/www.sweeek.fr\/blog\/wp-content\/uploads\/2023\/05\/newsfrenchd17-1024x1024.jpg 1024w, https:\/\/www.sweeek.fr\/blog\/wp-content\/uploads\/2023\/05\/newsfrenchd17-300x300.jpg 300w, https:\/\/www.sweeek.fr\/blog\/wp-content\/uploads\/2023\/05\/newsfrenchd17-150x150.jpg 150w, https:\/\/www.sweeek.fr\/blog\/wp-content\/uploads\/2023\/05\/newsfrenchd17-768x768.jpg 768w, https:\/\/www.sweeek.fr\/blog\/wp-content\/uploads\/2023\/05\/newsfrenchd17-1536x1536.jpg 1536w, https:\/\/www.sweeek.fr\/blog\/wp-content\/uploads\/2023\/05\/newsfrenchd17-600x600.jpg 600w, https:\/\/www.sweeek.fr\/blog\/wp-content\/uploads\/2023\/05\/newsfrenchd17.jpg 2000w\" sizes=\"(max-width: 1024px) 100vw, 1024px\" \/><\/figure><\/div>\n\n\n\n<h2 class=\"wp-block-heading\">Les plantes<\/h2>\n\n\n\n<p>Si vous avez envie d&rsquo;apporter un c\u00f4t\u00e9 naturel en plus \u00e0 votre pergola bioclimatique en aluminium, ajoutez des plantes et des fleurs \u00e0 gogo pour la d\u00e9corer ! Bon moyen pour habiller et apporter de la couleur \u00e0 sa structure, les plantes vous apportent \u00e9galement un sentiment de bien-\u00eatre et de s\u00e9r\u00e9nit\u00e9. Plantes grimpantes, fleurs en pot suspendu ou non, arbustes\u2026 Le choix est grand !<\/p>\n\n\n\n<p>Voici alors nos petites id\u00e9es d\u2019am\u00e9nagement v\u00e9g\u00e9tal.<\/p>\n\n\n\n<p><a href=\"https:\/\/www.sweeek.fr\/blog\/quelle-plante-grimpante-pour-pergola\/\">Pour les plantes grimpantes<\/a>, vous pouvez tout \u00e0 fait les mettre pr\u00e8s des poutres de votre pergola, de mani\u00e8res \u00e0 ce qu\u2019en poussant, elles s&rsquo;enroulent d&rsquo;elles-m\u00eames autour. De m\u00eame, ce type de plantes peut par la suite, vous constituer un toit v\u00e9g\u00e9tal ! Votre pergola n\u2019aura jamais \u00e9t\u00e9 aussi charmante et f\u00e9erique !<\/p>\n\n\n\n<p>Concernant les fleurs en pot, vous pouvez les disposer pr\u00e8s de votre mobilier de jardin ou bien ajouter de petites touches de nature \u00e0 vos tables en y d\u00e9posant des fleurs dans des vases ou des pots.<\/p>\n\n\n\n<p>Enfin, une derni\u00e8re possibilit\u00e9 s\u2019offre \u00e0 vous ; celle d\u2019utiliser votre pelouse ! Et oui, si votre pergola se situe \u00e0 c\u00f4t\u00e9 de votre carr\u00e9 d\u2019herbe, vous pourrez l\u2019utiliser \u00e0 bon escient pour y planter vos plus jolies fleurs et arbustes !<\/p>\n\n\n\n<div class=\"wp-block-media-text alignwide is-stacked-on-mobile\" style=\"grid-template-columns:42% auto\"><figure class=\"wp-block-media-text__media\"><img decoding=\"async\" width=\"1024\" height=\"1024\" src=\"https:\/\/www.sweeek.fr\/blog\/wp-content\/uploads\/2023\/05\/newsfrenchd18-1024x1024.jpg\" alt=\"\u00e9clairage d'exterieur\" class=\"wp-image-13704 size-full\" srcset=\"https:\/\/www.sweeek.fr\/blog\/wp-content\/uploads\/2023\/05\/newsfrenchd18-1024x1024.jpg 1024w, https:\/\/www.sweeek.fr\/blog\/wp-content\/uploads\/2023\/05\/newsfrenchd18-300x300.jpg 300w, https:\/\/www.sweeek.fr\/blog\/wp-content\/uploads\/2023\/05\/newsfrenchd18-150x150.jpg 150w, https:\/\/www.sweeek.fr\/blog\/wp-content\/uploads\/2023\/05\/newsfrenchd18-768x768.jpg 768w, https:\/\/www.sweeek.fr\/blog\/wp-content\/uploads\/2023\/05\/newsfrenchd18-1536x1536.jpg 1536w, https:\/\/www.sweeek.fr\/blog\/wp-content\/uploads\/2023\/05\/newsfrenchd18-600x600.jpg 600w, https:\/\/www.sweeek.fr\/blog\/wp-content\/uploads\/2023\/05\/newsfrenchd18.jpg 2000w\" sizes=\"(max-width: 1024px) 100vw, 1024px\" \/><\/figure><div class=\"wp-block-media-text__content\">\n<h2 class=\"wp-block-heading\">L\u2019\u00e9clairage<\/h2>\n\n\n\n<p>Comment cr\u00e9er un coin cocooning et chaleureux sans y mettre quelques touches de lumi\u00e8re par-ci par-l\u00e0 ? L\u2019<a href=\"https:\/\/www.sweeek.fr\/decoration-terrasse\/deco-lumineuse\">\u00e9clairage ext\u00e9rieur<\/a> est tr\u00e8s important et ce dans n\u2019importe quel espace. Les pergolas ne font donc pas exception \u00e0 la r\u00e8gle ! Et oui, pour profiter de votre pergola en aluminium jour et nuit, 24h\/24, 7j\/7, il est indispensable d\u2019ajouter des sources lumineuses afin d\u2019\u00e9clairer votre terrasse lors de vos soir\u00e9es d\u2019\u00e9t\u00e9. Pour cela, quoi de mieux que des sources de lumi\u00e8res vari\u00e9es et chaleureuses ?<\/p>\n\n\n\n<p>Pour illuminer votre pergola en aluminium voici nos petits conseils :<\/p>\n\n\n\n<ul class=\"wp-block-list\">\n\n<li><strong>Des guirlandes lumineuses <\/strong>: id\u00e9ales pour cr\u00e9er une ambiance moderne qui se veut \u00e0 la fois chaleureuse et d\u00e9licate. Pour un r\u00e9sultat \u00e0 croquer, enroulez-les tout autour des poutres de votre pergola.<\/li>\n\n\n<li><strong>Des lampes \u00e0 m\u00eame le sol <\/strong>: elles vous permettront de d\u00e9limiter l\u2019espace et de mettre en avant votre d\u00e9coration.<\/li>\n\n\n<li><strong>Des lampadaires<\/strong> : pour un esprit \u201csalon en ext\u00e9rieur\u201d au top du top.<\/li>\n\n\n<li><strong>Des suspensions<\/strong> : parfaites pour un c\u00f4t\u00e9 chaleureux et accueillant.<\/li>\n\n\n<li><strong>Des bougies<\/strong> : Quoi de mieux que des bougies pour une ambiance chaleureuse et hyper cocooning ?<\/li>\n\n<\/ul>\n<\/div><\/div>\n\n\n\n<div style=\"height:20px\" aria-hidden=\"true\" class=\"wp-block-spacer\"><\/div>\n\n\n\n<h2 class=\"wp-block-heading\">Les objets de d\u00e9coration<\/h2>\n\n\n\n<p>C\u2019est la touche finale de la d\u00e9coration. Les objets d\u00e9co bien que l\u2019on n\u2019y pr\u00eate qu\u2019une petite importance sont essentiels pour donner vie \u00e0 l\u2019endroit, mais aussi pour rehausser et personnaliser l&rsquo;am\u00e9nagement de votre pergola et de votre terrasse. Tout un tas d&rsquo;objets existent et votre choix en mati\u00e8re de petites d\u00e9corations ne d\u00e9pendra en r\u00e9alit\u00e9 que du style que vous avez choisi pour votre pergola.<\/p>\n\n\n\n<p>Cependant, voici nos quelques id\u00e9es :&nbsp;<\/p>\n\n\n\n<ul class=\"wp-block-list\">\n\n<li>Des <a href=\"https:\/\/www.sweeek.fr\/decoration-terrasse\/tapis-exterieur\">tapis<\/a> pour habiller et recouvrir le sol de votre terrasse.<\/li>\n\n\n<li>Des tableaux, cadres, miroirs, tapis muraux pour vos murs lorsque c&rsquo;est une <a href=\"https:\/\/www.sweeek.fr\/parasol-tonnelle\/pergola-pergola-bioclimatique\/filter\/type-1-1\/adossee\">pergola adoss\u00e9e<\/a>.<\/li>\n\n\n<li>Des coquillages, des bonbonnes de verre, des sets de table en paille ou en bois pour des airs de vacances sous la pergola.<\/li>\n\n\n<li>Des <a href=\"https:\/\/www.sweeek.fr\/decoration-terrasse\/textile-exterieur\">coussins<\/a> et des plaids pour habiller votre salon de jardin ou votre canap\u00e9 et votre fauteuil.<\/li>\n\n\n<li>De la c\u00e9ramique pour une d\u00e9co minimaliste et moderne.<\/li>\n\n\n<li>L\u2019installation de rideaux ou de stores en roseau sur la structure pour une protection au soleil suppl\u00e9mentaire tout en \u00e9tant au top des tendances. En plus de cela, les rideaux vous prot\u00e9geront des regards indiscrets.<\/li>\n\n\n<li>L&rsquo;installation de voiles sur la structure de la pergola pour une ambiance en bord de mer. Cependant, pour les voiles faites attention de ne pas g\u00eaner le m\u00e9canisme de votre pergola.&nbsp;<\/li>\n\n<\/ul>\n\n\n\n<p>Pour pouvoir profiter pleinement de sa terrasse et de son jardin quand le soleil brille dehors, il est essentiel d\u2019habiller \u00e9l\u00e9gamment votre pergola. Pour \u00e7a, placez des meubles en bois ou en m\u00e9tal, des accessoires, des plantes de tout horizon, et de la lumi\u00e8re. Ainsi, vous pourrez vous cr\u00e9er un coin \u00e0 l\u2019ombre en \u00e9t\u00e9 et \u00e0 l&rsquo;abri de la pluie et du vent en hiver. Rendez votre maison plus design avec la d\u00e9co de votre pergola en appliquant tous nos conseils !<\/p>\n\n\n\n<div class=\"wp-block-group has-white-color has-text-color has-background\" style=\"background-color:#f2f2f2\"><div class=\"wp-block-group__inner-container is-layout-flow wp-block-group-is-layout-flow\">\n<h2 class=\"alignfull has-text-align-center wp-block-heading has-black-color has-text-color\" style=\"font-size:30px;font-style:normal;font-weight:400\">La s\u00e9lection de sweeek<\/h2>\n\n\n\n<div style=\"height:19px\" aria-hidden=\"true\" class=\"wp-block-spacer\"><\/div>\n\n\n\n<div class=\"wp-block-columns is-layout-flex wp-container-core-columns-is-layout-9d6595d7 wp-block-columns-is-layout-flex\">\n<div class=\"wp-block-column is-layout-flow wp-block-column-is-layout-flow\"><div class=\"wp-block-image\">\n<figure class=\"aligncenter size-large\"><a href=\"https:\/\/www.sweeek.fr\/product\/pergola-bioclimatique-triomphe-3x4-3-persiennes-100cm\" target=\"_blank\" rel=\"noreferrer noopener\"><img decoding=\"async\" width=\"1024\" height=\"1024\" src=\"https:\/\/www.sweeek.fr\/blog\/wp-content\/uploads\/2023\/04\/Design-sans-titre-37-1024x1024.png\" alt=\"pergola-bioclimatique-aluminium-persiennes\" class=\"wp-image-21521\" srcset=\"https:\/\/www.sweeek.fr\/blog\/wp-content\/uploads\/2023\/04\/Design-sans-titre-37.png 1024w, https:\/\/www.sweeek.fr\/blog\/wp-content\/uploads\/2023\/04\/Design-sans-titre-37-300x300.png 300w, https:\/\/www.sweeek.fr\/blog\/wp-content\/uploads\/2023\/04\/Design-sans-titre-37-150x150.png 150w, https:\/\/www.sweeek.fr\/blog\/wp-content\/uploads\/2023\/04\/Design-sans-titre-37-768x768.png 768w, https:\/\/www.sweeek.fr\/blog\/wp-content\/uploads\/2023\/04\/Design-sans-titre-37-600x600.png 600w\" sizes=\"(max-width: 1024px) 100vw, 1024px\" \/><\/a><\/figure>\n<\/div>\n\n\n<h3 class=\"has-text-align-center wp-block-heading has-black-color has-text-color\" style=\"font-style:normal;font-weight:400\">Pergola bioclimatique aluminium 3&#215;4 + persiennes<\/h3>\n\n\n\n<div style=\"height:15px\" aria-hidden=\"true\" class=\"wp-block-spacer\"><\/div>\n<\/div>\n\n\n\n<div class=\"wp-block-column is-layout-flow wp-block-column-is-layout-flow\"><div class=\"wp-block-image\">\n<figure class=\"aligncenter size-large\"><a href=\"https:\/\/www.sweeek.fr\/product\/pergola-bioclimatique-gris-anthracite-triomphe-300x400cm-aluminium-a-lames-orientables\" target=\"_blank\" rel=\"noreferrer noopener\"><img loading=\"lazy\" decoding=\"async\" width=\"1024\" height=\"1024\" src=\"https:\/\/www.sweeek.fr\/blog\/wp-content\/uploads\/2023\/05\/Design-sans-titre-52-1024x1024.jpg\" alt=\"pergola bioclimatique aluminium avec salon de jardin\" class=\"wp-image-19457\" srcset=\"https:\/\/www.sweeek.fr\/blog\/wp-content\/uploads\/2023\/05\/Design-sans-titre-52.jpg 1024w, https:\/\/www.sweeek.fr\/blog\/wp-content\/uploads\/2023\/05\/Design-sans-titre-52-300x300.jpg 300w, https:\/\/www.sweeek.fr\/blog\/wp-content\/uploads\/2023\/05\/Design-sans-titre-52-150x150.jpg 150w, https:\/\/www.sweeek.fr\/blog\/wp-content\/uploads\/2023\/05\/Design-sans-titre-52-768x768.jpg 768w, https:\/\/www.sweeek.fr\/blog\/wp-content\/uploads\/2023\/05\/Design-sans-titre-52-600x600.jpg 600w\" sizes=\"(max-width: 1024px) 100vw, 1024px\" \/><\/a><\/figure>\n<\/div>\n\n\n<h3 class=\"has-text-align-center wp-block-heading\" style=\"font-style:normal;font-weight:400\">Pergola bioclimatique aluminium 3x4m<\/h3>\n\n\n\n<div style=\"height:15px\" aria-hidden=\"true\" class=\"wp-block-spacer\"><\/div>\n<\/div>\n\n\n\n<div class=\"wp-block-column is-layout-flow wp-block-column-is-layout-flow\"><div class=\"wp-block-image\">\n<figure class=\"aligncenter size-large\"><a href=\"https:\/\/www.sweeek.fr\/product\/pergola-bioclimatique-aluminium-et-acier-3-x-4-m\" target=\"_blank\" rel=\"noreferrer noopener\"><img loading=\"lazy\" decoding=\"async\" width=\"1024\" height=\"1024\" src=\"https:\/\/www.sweeek.fr\/blog\/wp-content\/uploads\/2023\/05\/Design-sans-titre-51-1024x1024.jpg\" alt=\"Pergola bioclimatique aluminium et acier\" class=\"wp-image-19455\" srcset=\"https:\/\/www.sweeek.fr\/blog\/wp-content\/uploads\/2023\/05\/Design-sans-titre-51.jpg 1024w, https:\/\/www.sweeek.fr\/blog\/wp-content\/uploads\/2023\/05\/Design-sans-titre-51-300x300.jpg 300w, https:\/\/www.sweeek.fr\/blog\/wp-content\/uploads\/2023\/05\/Design-sans-titre-51-150x150.jpg 150w, https:\/\/www.sweeek.fr\/blog\/wp-content\/uploads\/2023\/05\/Design-sans-titre-51-768x768.jpg 768w, https:\/\/www.sweeek.fr\/blog\/wp-content\/uploads\/2023\/05\/Design-sans-titre-51-600x600.jpg 600w\" sizes=\"(max-width: 1024px) 100vw, 1024px\" \/><\/a><\/figure>\n<\/div>\n\n\n<h3 class=\"has-text-align-center wp-block-heading has-black-color has-text-color\" style=\"font-style:normal;font-weight:400\">Pergola aluminium 3x4m <\/h3>\n\n\n\n<div style=\"height:15px\" aria-hidden=\"true\" class=\"wp-block-spacer\"><\/div>\n<\/div>\n<\/div>\n<\/div><\/div>\n","protected":false},"excerpt":{"rendered":"<p>Les pergolas sont devenues au fil du temps des espaces propices \u00e0 la d\u00e9tente et \u00e0 la relaxation. R\u00e9el atout en ext\u00e9rieur, elles vous offrent des espaces de vie agr\u00e9ables qui vous prot\u00e8gent de toutes les m\u00e9t\u00e9os. C\u2019est pourquoi apr\u00e8s avoir fait le bon choix de pergola, prendre soin de sa d\u00e9coration est important afin [&hellip;]<\/p>\n","protected":false},"author":4,"featured_media":19829,"comment_status":"open","ping_status":"closed","sticky":false,"template":"","format":"standard","meta":{"inline_featured_image":false,"_uag_custom_page_level_css":"","ocean_post_layout":"","ocean_both_sidebars_style":"","ocean_both_sidebars_content_width":0,"ocean_both_sidebars_sidebars_width":0,"ocean_sidebar":"0","ocean_second_sidebar":"0","ocean_disable_margins":"enable","ocean_add_body_class":"","ocean_shortcode_before_top_bar":"","ocean_shortcode_after_top_bar":"","ocean_shortcode_before_header":"","ocean_shortcode_after_header":"","ocean_has_shortcode":"","ocean_shortcode_after_title":"","ocean_shortcode_before_footer_widgets":"","ocean_shortcode_after_footer_widgets":"","ocean_shortcode_before_footer_bottom":"","ocean_shortcode_after_footer_bottom":"","ocean_display_top_bar":"default","ocean_display_header":"default","ocean_header_style":"","ocean_center_header_left_menu":"0","ocean_custom_header_template":"0","ocean_custom_logo":0,"ocean_custom_retina_logo":0,"ocean_custom_logo_max_width":0,"ocean_custom_logo_tablet_max_width":0,"ocean_custom_logo_mobile_max_width":0,"ocean_custom_logo_max_height":0,"ocean_custom_logo_tablet_max_height":0,"ocean_custom_logo_mobile_max_height":0,"ocean_header_custom_menu":"0","ocean_menu_typo_font_family":"0","ocean_menu_typo_font_subset":"","ocean_menu_typo_font_size":0,"ocean_menu_typo_font_size_tablet":0,"ocean_menu_typo_font_size_mobile":0,"ocean_menu_typo_font_size_unit":"px","ocean_menu_typo_font_weight":"","ocean_menu_typo_font_weight_tablet":"","ocean_menu_typo_font_weight_mobile":"","ocean_menu_typo_transform":"","ocean_menu_typo_transform_tablet":"","ocean_menu_typo_transform_mobile":"","ocean_menu_typo_line_height":0,"ocean_menu_typo_line_height_tablet":0,"ocean_menu_typo_line_height_mobile":0,"ocean_menu_typo_line_height_unit":"","ocean_menu_typo_spacing":0,"ocean_menu_typo_spacing_tablet":0,"ocean_menu_typo_spacing_mobile":0,"ocean_menu_typo_spacing_unit":"","ocean_menu_link_color":"","ocean_menu_link_color_hover":"","ocean_menu_link_color_active":"","ocean_menu_link_background":"","ocean_menu_link_hover_background":"","ocean_menu_link_active_background":"","ocean_menu_social_links_bg":"","ocean_menu_social_hover_links_bg":"","ocean_menu_social_links_color":"","ocean_menu_social_hover_links_color":"","ocean_disable_title":"default","ocean_disable_heading":"default","ocean_post_title":"","ocean_post_subheading":"","ocean_post_title_style":"","ocean_post_title_background_color":"","ocean_post_title_background":0,"ocean_post_title_bg_image_position":"","ocean_post_title_bg_image_attachment":"","ocean_post_title_bg_image_repeat":"","ocean_post_title_bg_image_size":"","ocean_post_title_height":0,"ocean_post_title_bg_overlay":0.5,"ocean_post_title_bg_overlay_color":"","ocean_disable_breadcrumbs":"default","ocean_breadcrumbs_color":"","ocean_breadcrumbs_separator_color":"","ocean_breadcrumbs_links_color":"","ocean_breadcrumbs_links_hover_color":"","ocean_display_footer_widgets":"default","ocean_display_footer_bottom":"default","ocean_custom_footer_template":"0","ocean_post_oembed":"","ocean_post_self_hosted_media":"","ocean_post_video_embed":"","ocean_link_format":"","ocean_link_format_target":"self","ocean_quote_format":"","ocean_quote_format_link":"post","ocean_gallery_link_images":"off","ocean_gallery_id":[],"footnotes":""},"categories":[184],"tags":[],"class_list":["post-13699","post","type-post","status-publish","format-standard","has-post-thumbnail","hentry","category-pergola","entry","has-media"],"yoast_head":"<!-- This site is optimized with the Yoast SEO plugin v27.5 - https:\/\/yoast.com\/product\/yoast-seo-wordpress\/ -->\n<title>Comment d\u00e9corer ma pergola ? &#8211; Les Conseils sweeek<\/title>\n<meta name=\"description\" content=\"Votre Pergola tr\u00f4ne fi\u00e8rement dans votre jardin mais vous ne savez pas comment l&#039;habiller ? Suivez le guide pour D\u00e9corer votre Pergola.\" \/>\n<meta name=\"robots\" content=\"index, follow, max-snippet:-1, max-image-preview:large, max-video-preview:-1\" \/>\n<link rel=\"canonical\" href=\"https:\/\/www.sweeek.fr\/blog\/comment-decorer-pergola\/\" \/>\n<meta property=\"og:locale\" content=\"fr_FR\" \/>\n<meta property=\"og:type\" content=\"article\" \/>\n<meta property=\"og:title\" content=\"Comment d\u00e9corer ma pergola ? &#8211; Les Conseils sweeek\" \/>\n<meta property=\"og:description\" content=\"Votre Pergola tr\u00f4ne fi\u00e8rement dans votre jardin mais vous ne savez pas comment l&#039;habiller ? Suivez le guide pour D\u00e9corer votre Pergola.\" \/>\n<meta property=\"og:url\" content=\"https:\/\/www.sweeek.fr\/blog\/comment-decorer-pergola\/\" \/>\n<meta property=\"og:site_name\" content=\"Les Conseils sweeek\" \/>\n<meta property=\"article:published_time\" content=\"2023-05-03T13:19:37+00:00\" \/>\n<meta property=\"article:modified_time\" content=\"2026-02-06T15:06:27+00:00\" \/>\n<meta property=\"og:image\" content=\"https:\/\/www.sweeek.fr\/blog\/wp-content\/uploads\/2023\/05\/Design-sans-titre-91.jpg\" \/>\n\t<meta property=\"og:image:width\" content=\"1024\" \/>\n\t<meta property=\"og:image:height\" content=\"682\" \/>\n\t<meta property=\"og:image:type\" content=\"image\/jpeg\" \/>\n<meta name=\"author\" content=\"Am\u00e9lie Capon\" \/>\n<meta name=\"twitter:card\" content=\"summary_large_image\" \/>\n<meta name=\"twitter:label1\" content=\"\u00c9crit par\" \/>\n\t<meta name=\"twitter:data1\" content=\"Am\u00e9lie Capon\" \/>\n\t<meta name=\"twitter:label2\" content=\"Dur\u00e9e de lecture estim\u00e9e\" \/>\n\t<meta name=\"twitter:data2\" content=\"8 minutes\" \/>\n<script type=\"application\/ld+json\" class=\"yoast-schema-graph\">{\"@context\":\"https:\\\/\\\/schema.org\",\"@graph\":[{\"@type\":\"Article\",\"@id\":\"https:\\\/\\\/www.sweeek.fr\\\/blog\\\/comment-decorer-pergola\\\/#article\",\"isPartOf\":{\"@id\":\"https:\\\/\\\/www.sweeek.fr\\\/blog\\\/comment-decorer-pergola\\\/\"},\"author\":{\"name\":\"Am\u00e9lie Capon\",\"@id\":\"https:\\\/\\\/www.sweeek.fr\\\/blog\\\/#\\\/schema\\\/person\\\/e97ba3e4a84bda73fe86070619e7640b\"},\"headline\":\"Comment d\u00e9corer ma pergola ?\",\"datePublished\":\"2023-05-03T13:19:37+00:00\",\"dateModified\":\"2026-02-06T15:06:27+00:00\",\"mainEntityOfPage\":{\"@id\":\"https:\\\/\\\/www.sweeek.fr\\\/blog\\\/comment-decorer-pergola\\\/\"},\"wordCount\":1247,\"commentCount\":0,\"publisher\":{\"@id\":\"https:\\\/\\\/www.sweeek.fr\\\/blog\\\/#organization\"},\"image\":{\"@id\":\"https:\\\/\\\/www.sweeek.fr\\\/blog\\\/comment-decorer-pergola\\\/#primaryimage\"},\"thumbnailUrl\":\"https:\\\/\\\/www.sweeek.fr\\\/blog\\\/wp-content\\\/uploads\\\/2023\\\/05\\\/Design-sans-titre-91.jpg\",\"articleSection\":[\"Tonnelle, Pergola\"],\"inLanguage\":\"fr-FR\",\"potentialAction\":[{\"@type\":\"CommentAction\",\"name\":\"Comment\",\"target\":[\"https:\\\/\\\/www.sweeek.fr\\\/blog\\\/comment-decorer-pergola\\\/#respond\"]}]},{\"@type\":\"WebPage\",\"@id\":\"https:\\\/\\\/www.sweeek.fr\\\/blog\\\/comment-decorer-pergola\\\/\",\"url\":\"https:\\\/\\\/www.sweeek.fr\\\/blog\\\/comment-decorer-pergola\\\/\",\"name\":\"Comment d\u00e9corer ma pergola ? &#8211; Les Conseils sweeek\",\"isPartOf\":{\"@id\":\"https:\\\/\\\/www.sweeek.fr\\\/blog\\\/#website\"},\"primaryImageOfPage\":{\"@id\":\"https:\\\/\\\/www.sweeek.fr\\\/blog\\\/comment-decorer-pergola\\\/#primaryimage\"},\"image\":{\"@id\":\"https:\\\/\\\/www.sweeek.fr\\\/blog\\\/comment-decorer-pergola\\\/#primaryimage\"},\"thumbnailUrl\":\"https:\\\/\\\/www.sweeek.fr\\\/blog\\\/wp-content\\\/uploads\\\/2023\\\/05\\\/Design-sans-titre-91.jpg\",\"datePublished\":\"2023-05-03T13:19:37+00:00\",\"dateModified\":\"2026-02-06T15:06:27+00:00\",\"description\":\"Votre Pergola tr\u00f4ne fi\u00e8rement dans votre jardin mais vous ne savez pas comment l'habiller ? Suivez le guide pour D\u00e9corer votre Pergola.\",\"breadcrumb\":{\"@id\":\"https:\\\/\\\/www.sweeek.fr\\\/blog\\\/comment-decorer-pergola\\\/#breadcrumb\"},\"inLanguage\":\"fr-FR\",\"potentialAction\":[{\"@type\":\"ReadAction\",\"target\":[\"https:\\\/\\\/www.sweeek.fr\\\/blog\\\/comment-decorer-pergola\\\/\"]}]},{\"@type\":\"ImageObject\",\"inLanguage\":\"fr-FR\",\"@id\":\"https:\\\/\\\/www.sweeek.fr\\\/blog\\\/comment-decorer-pergola\\\/#primaryimage\",\"url\":\"https:\\\/\\\/www.sweeek.fr\\\/blog\\\/wp-content\\\/uploads\\\/2023\\\/05\\\/Design-sans-titre-91.jpg\",\"contentUrl\":\"https:\\\/\\\/www.sweeek.fr\\\/blog\\\/wp-content\\\/uploads\\\/2023\\\/05\\\/Design-sans-titre-91.jpg\",\"width\":1024,\"height\":682,\"caption\":\"pergola en aluminium\"},{\"@type\":\"BreadcrumbList\",\"@id\":\"https:\\\/\\\/www.sweeek.fr\\\/blog\\\/comment-decorer-pergola\\\/#breadcrumb\",\"itemListElement\":[{\"@type\":\"ListItem\",\"position\":1,\"name\":\"Accueil\",\"item\":\"https:\\\/\\\/www.sweeek.fr\\\/blog\\\/\"},{\"@type\":\"ListItem\",\"position\":2,\"name\":\"Comment d\u00e9corer ma pergola ?\"}]},{\"@type\":\"WebSite\",\"@id\":\"https:\\\/\\\/www.sweeek.fr\\\/blog\\\/#website\",\"url\":\"https:\\\/\\\/www.sweeek.fr\\\/blog\\\/\",\"name\":\"Les Conseils sweeek\",\"description\":\"Conseils et inspirations\",\"publisher\":{\"@id\":\"https:\\\/\\\/www.sweeek.fr\\\/blog\\\/#organization\"},\"potentialAction\":[{\"@type\":\"SearchAction\",\"target\":{\"@type\":\"EntryPoint\",\"urlTemplate\":\"https:\\\/\\\/www.sweeek.fr\\\/blog\\\/?s={search_term_string}\"},\"query-input\":{\"@type\":\"PropertyValueSpecification\",\"valueRequired\":true,\"valueName\":\"search_term_string\"}}],\"inLanguage\":\"fr-FR\"},{\"@type\":\"Organization\",\"@id\":\"https:\\\/\\\/www.sweeek.fr\\\/blog\\\/#organization\",\"name\":\"sweeek\",\"url\":\"https:\\\/\\\/www.sweeek.fr\\\/blog\\\/\",\"logo\":{\"@type\":\"ImageObject\",\"inLanguage\":\"fr-FR\",\"@id\":\"https:\\\/\\\/www.sweeek.fr\\\/blog\\\/#\\\/schema\\\/logo\\\/image\\\/\",\"url\":\"https:\\\/\\\/www.sweeek.fr\\\/blog\\\/wp-content\\\/uploads\\\/2023\\\/10\\\/blog-sweeek-logo2.png\",\"contentUrl\":\"https:\\\/\\\/www.sweeek.fr\\\/blog\\\/wp-content\\\/uploads\\\/2023\\\/10\\\/blog-sweeek-logo2.png\",\"width\":328,\"height\":90,\"caption\":\"sweeek\"},\"image\":{\"@id\":\"https:\\\/\\\/www.sweeek.fr\\\/blog\\\/#\\\/schema\\\/logo\\\/image\\\/\"}},{\"@type\":\"Person\",\"@id\":\"https:\\\/\\\/www.sweeek.fr\\\/blog\\\/#\\\/schema\\\/person\\\/e97ba3e4a84bda73fe86070619e7640b\",\"name\":\"Am\u00e9lie Capon\",\"image\":{\"@type\":\"ImageObject\",\"inLanguage\":\"fr-FR\",\"@id\":\"https:\\\/\\\/secure.gravatar.com\\\/avatar\\\/042e4b25b2641d47117ebfaf786a00f66fd827d54a130982af74eb1f062ce832?s=96&d=mm&r=g\",\"url\":\"https:\\\/\\\/secure.gravatar.com\\\/avatar\\\/042e4b25b2641d47117ebfaf786a00f66fd827d54a130982af74eb1f062ce832?s=96&d=mm&r=g\",\"contentUrl\":\"https:\\\/\\\/secure.gravatar.com\\\/avatar\\\/042e4b25b2641d47117ebfaf786a00f66fd827d54a130982af74eb1f062ce832?s=96&d=mm&r=g\",\"caption\":\"Am\u00e9lie Capon\"}}]}<\/script>\n<!-- \/ Yoast SEO plugin. -->","yoast_head_json":{"title":"Comment d\u00e9corer ma pergola ? &#8211; Les Conseils sweeek","description":"Votre Pergola tr\u00f4ne fi\u00e8rement dans votre jardin mais vous ne savez pas comment l'habiller ? Suivez le guide pour D\u00e9corer votre Pergola.","robots":{"index":"index","follow":"follow","max-snippet":"max-snippet:-1","max-image-preview":"max-image-preview:large","max-video-preview":"max-video-preview:-1"},"canonical":"https:\/\/www.sweeek.fr\/blog\/comment-decorer-pergola\/","og_locale":"fr_FR","og_type":"article","og_title":"Comment d\u00e9corer ma pergola ? &#8211; Les Conseils sweeek","og_description":"Votre Pergola tr\u00f4ne fi\u00e8rement dans votre jardin mais vous ne savez pas comment l'habiller ? Suivez le guide pour D\u00e9corer votre Pergola.","og_url":"https:\/\/www.sweeek.fr\/blog\/comment-decorer-pergola\/","og_site_name":"Les Conseils sweeek","article_published_time":"2023-05-03T13:19:37+00:00","article_modified_time":"2026-02-06T15:06:27+00:00","og_image":[{"width":1024,"height":682,"url":"https:\/\/www.sweeek.fr\/blog\/wp-content\/uploads\/2023\/05\/Design-sans-titre-91.jpg","type":"image\/jpeg"}],"author":"Am\u00e9lie Capon","twitter_card":"summary_large_image","twitter_misc":{"\u00c9crit par":"Am\u00e9lie Capon","Dur\u00e9e de lecture estim\u00e9e":"8 minutes"},"schema":{"@context":"https:\/\/schema.org","@graph":[{"@type":"Article","@id":"https:\/\/www.sweeek.fr\/blog\/comment-decorer-pergola\/#article","isPartOf":{"@id":"https:\/\/www.sweeek.fr\/blog\/comment-decorer-pergola\/"},"author":{"name":"Am\u00e9lie Capon","@id":"https:\/\/www.sweeek.fr\/blog\/#\/schema\/person\/e97ba3e4a84bda73fe86070619e7640b"},"headline":"Comment d\u00e9corer ma pergola ?","datePublished":"2023-05-03T13:19:37+00:00","dateModified":"2026-02-06T15:06:27+00:00","mainEntityOfPage":{"@id":"https:\/\/www.sweeek.fr\/blog\/comment-decorer-pergola\/"},"wordCount":1247,"commentCount":0,"publisher":{"@id":"https:\/\/www.sweeek.fr\/blog\/#organization"},"image":{"@id":"https:\/\/www.sweeek.fr\/blog\/comment-decorer-pergola\/#primaryimage"},"thumbnailUrl":"https:\/\/www.sweeek.fr\/blog\/wp-content\/uploads\/2023\/05\/Design-sans-titre-91.jpg","articleSection":["Tonnelle, Pergola"],"inLanguage":"fr-FR","potentialAction":[{"@type":"CommentAction","name":"Comment","target":["https:\/\/www.sweeek.fr\/blog\/comment-decorer-pergola\/#respond"]}]},{"@type":"WebPage","@id":"https:\/\/www.sweeek.fr\/blog\/comment-decorer-pergola\/","url":"https:\/\/www.sweeek.fr\/blog\/comment-decorer-pergola\/","name":"Comment d\u00e9corer ma pergola ? &#8211; Les Conseils sweeek","isPartOf":{"@id":"https:\/\/www.sweeek.fr\/blog\/#website"},"primaryImageOfPage":{"@id":"https:\/\/www.sweeek.fr\/blog\/comment-decorer-pergola\/#primaryimage"},"image":{"@id":"https:\/\/www.sweeek.fr\/blog\/comment-decorer-pergola\/#primaryimage"},"thumbnailUrl":"https:\/\/www.sweeek.fr\/blog\/wp-content\/uploads\/2023\/05\/Design-sans-titre-91.jpg","datePublished":"2023-05-03T13:19:37+00:00","dateModified":"2026-02-06T15:06:27+00:00","description":"Votre Pergola tr\u00f4ne fi\u00e8rement dans votre jardin mais vous ne savez pas comment l'habiller ? Suivez le guide pour D\u00e9corer votre Pergola.","breadcrumb":{"@id":"https:\/\/www.sweeek.fr\/blog\/comment-decorer-pergola\/#breadcrumb"},"inLanguage":"fr-FR","potentialAction":[{"@type":"ReadAction","target":["https:\/\/www.sweeek.fr\/blog\/comment-decorer-pergola\/"]}]},{"@type":"ImageObject","inLanguage":"fr-FR","@id":"https:\/\/www.sweeek.fr\/blog\/comment-decorer-pergola\/#primaryimage","url":"https:\/\/www.sweeek.fr\/blog\/wp-content\/uploads\/2023\/05\/Design-sans-titre-91.jpg","contentUrl":"https:\/\/www.sweeek.fr\/blog\/wp-content\/uploads\/2023\/05\/Design-sans-titre-91.jpg","width":1024,"height":682,"caption":"pergola en aluminium"},{"@type":"BreadcrumbList","@id":"https:\/\/www.sweeek.fr\/blog\/comment-decorer-pergola\/#breadcrumb","itemListElement":[{"@type":"ListItem","position":1,"name":"Accueil","item":"https:\/\/www.sweeek.fr\/blog\/"},{"@type":"ListItem","position":2,"name":"Comment d\u00e9corer ma pergola ?"}]},{"@type":"WebSite","@id":"https:\/\/www.sweeek.fr\/blog\/#website","url":"https:\/\/www.sweeek.fr\/blog\/","name":"Les Conseils sweeek","description":"Conseils et inspirations","publisher":{"@id":"https:\/\/www.sweeek.fr\/blog\/#organization"},"potentialAction":[{"@type":"SearchAction","target":{"@type":"EntryPoint","urlTemplate":"https:\/\/www.sweeek.fr\/blog\/?s={search_term_string}"},"query-input":{"@type":"PropertyValueSpecification","valueRequired":true,"valueName":"search_term_string"}}],"inLanguage":"fr-FR"},{"@type":"Organization","@id":"https:\/\/www.sweeek.fr\/blog\/#organization","name":"sweeek","url":"https:\/\/www.sweeek.fr\/blog\/","logo":{"@type":"ImageObject","inLanguage":"fr-FR","@id":"https:\/\/www.sweeek.fr\/blog\/#\/schema\/logo\/image\/","url":"https:\/\/www.sweeek.fr\/blog\/wp-content\/uploads\/2023\/10\/blog-sweeek-logo2.png","contentUrl":"https:\/\/www.sweeek.fr\/blog\/wp-content\/uploads\/2023\/10\/blog-sweeek-logo2.png","width":328,"height":90,"caption":"sweeek"},"image":{"@id":"https:\/\/www.sweeek.fr\/blog\/#\/schema\/logo\/image\/"}},{"@type":"Person","@id":"https:\/\/www.sweeek.fr\/blog\/#\/schema\/person\/e97ba3e4a84bda73fe86070619e7640b","name":"Am\u00e9lie Capon","image":{"@type":"ImageObject","inLanguage":"fr-FR","@id":"https:\/\/secure.gravatar.com\/avatar\/042e4b25b2641d47117ebfaf786a00f66fd827d54a130982af74eb1f062ce832?s=96&d=mm&r=g","url":"https:\/\/secure.gravatar.com\/avatar\/042e4b25b2641d47117ebfaf786a00f66fd827d54a130982af74eb1f062ce832?s=96&d=mm&r=g","contentUrl":"https:\/\/secure.gravatar.com\/avatar\/042e4b25b2641d47117ebfaf786a00f66fd827d54a130982af74eb1f062ce832?s=96&d=mm&r=g","caption":"Am\u00e9lie Capon"}}]}},"uagb_featured_image_src":{"full":["https:\/\/www.sweeek.fr\/blog\/wp-content\/uploads\/2023\/05\/Design-sans-titre-91.jpg",1024,682,false],"thumbnail":["https:\/\/www.sweeek.fr\/blog\/wp-content\/uploads\/2023\/05\/Design-sans-titre-91-150x150.jpg",150,150,true],"medium":["https:\/\/www.sweeek.fr\/blog\/wp-content\/uploads\/2023\/05\/Design-sans-titre-91-300x200.jpg",300,200,true],"medium_large":["https:\/\/www.sweeek.fr\/blog\/wp-content\/uploads\/2023\/05\/Design-sans-titre-91-768x512.jpg",768,512,true],"large":["https:\/\/www.sweeek.fr\/blog\/wp-content\/uploads\/2023\/05\/Design-sans-titre-91.jpg",1024,682,false],"1536x1536":["https:\/\/www.sweeek.fr\/blog\/wp-content\/uploads\/2023\/05\/Design-sans-titre-91.jpg",1024,682,false],"2048x2048":["https:\/\/www.sweeek.fr\/blog\/wp-content\/uploads\/2023\/05\/Design-sans-titre-91.jpg",1024,682,false],"ocean-thumb-m":["https:\/\/www.sweeek.fr\/blog\/wp-content\/uploads\/2023\/05\/Design-sans-titre-91-600x600.jpg",600,600,true],"ocean-thumb-ml":["https:\/\/www.sweeek.fr\/blog\/wp-content\/uploads\/2023\/05\/Design-sans-titre-91-800x450.jpg",800,450,true],"ocean-thumb-l":["https:\/\/www.sweeek.fr\/blog\/wp-content\/uploads\/2023\/05\/Design-sans-titre-91.jpg",1024,682,false]},"uagb_author_info":{"display_name":"Am\u00e9lie Capon","author_link":"https:\/\/www.sweeek.fr\/blog"},"uagb_comment_info":0,"uagb_excerpt":"Les pergolas sont devenues au fil du temps des espaces propices \u00e0 la d\u00e9tente et \u00e0 la relaxation. R\u00e9el atout en ext\u00e9rieur, elles vous offrent des espaces de vie agr\u00e9ables qui vous prot\u00e8gent de toutes les m\u00e9t\u00e9os. C\u2019est pourquoi apr\u00e8s avoir fait le bon choix de pergola, prendre soin de sa d\u00e9coration est important afin\u2026","_links":{"self":[{"href":"https:\/\/www.sweeek.fr\/blog\/wp-json\/wp\/v2\/posts\/13699","targetHints":{"allow":["GET"]}}],"collection":[{"href":"https:\/\/www.sweeek.fr\/blog\/wp-json\/wp\/v2\/posts"}],"about":[{"href":"https:\/\/www.sweeek.fr\/blog\/wp-json\/wp\/v2\/types\/post"}],"author":[{"embeddable":true,"href":"https:\/\/www.sweeek.fr\/blog\/wp-json\/wp\/v2\/users\/4"}],"replies":[{"embeddable":true,"href":"https:\/\/www.sweeek.fr\/blog\/wp-json\/wp\/v2\/comments?post=13699"}],"version-history":[{"count":15,"href":"https:\/\/www.sweeek.fr\/blog\/wp-json\/wp\/v2\/posts\/13699\/revisions"}],"predecessor-version":[{"id":22524,"href":"https:\/\/www.sweeek.fr\/blog\/wp-json\/wp\/v2\/posts\/13699\/revisions\/22524"}],"wp:featuredmedia":[{"embeddable":true,"href":"https:\/\/www.sweeek.fr\/blog\/wp-json\/wp\/v2\/media\/19829"}],"wp:attachment":[{"href":"https:\/\/www.sweeek.fr\/blog\/wp-json\/wp\/v2\/media?parent=13699"}],"wp:term":[{"taxonomy":"category","embeddable":true,"href":"https:\/\/www.sweeek.fr\/blog\/wp-json\/wp\/v2\/categories?post=13699"},{"taxonomy":"post_tag","embeddable":true,"href":"https:\/\/www.sweeek.fr\/blog\/wp-json\/wp\/v2\/tags?post=13699"}],"curies":[{"name":"wp","href":"https:\/\/api.w.org\/{rel}","templated":true}]}}