{"id":13454,"date":"2023-03-31T10:07:57","date_gmt":"2023-03-31T08:07:57","guid":{"rendered":"https:\/\/www.sweeek.fr\/blog\/?p=13454"},"modified":"2026-01-14T15:45:01","modified_gmt":"2026-01-14T14:45:01","slug":"comment-creer-un-interieur-de-style-loft","status":"publish","type":"post","link":"https:\/\/www.sweeek.fr\/blog\/comment-creer-un-interieur-de-style-loft\/","title":{"rendered":"Comment cr\u00e9er un int\u00e9rieur de style loft ?"},"content":{"rendered":"\n<p>On ne pr\u00e9sente plus le style loft, ce style r\u00e9tro et de caract\u00e8re rend tout int\u00e9rieur plus cosy et minimaliste. Ses mati\u00e8res brutes et singuli\u00e8res et ses couleurs sobres lui conf\u00e8rent tout son charme. Mais alors l&rsquo;int\u00e9grer dans son int\u00e9rieur, quel mobilier choisir ? Quelle couleur mettre au mur et sur le sol ? Dans cet article, vous retrouverez tout ce qu\u2019il faut savoir pour int\u00e9grer le style loft dans votre maison ou votre appartement !<\/p>\n\n\n\n<h2 class=\"wp-block-heading\"><strong>Qu\u2019est ce que le style loft ?<\/strong><\/h2>\n\n\n\n<p>Le style loft s\u2019inspire des d\u00e9cors d\u2019usines et d&rsquo;industries. L\u2019esprit des manufactures y r\u00e9side. Avoir un int\u00e9rieur loft, c\u2019est aimer les mat\u00e9riaux bruts et singuliers. L\u2019effet vieilli est aussi souvent recherch\u00e9. La d\u00e9coration est <a href=\"https:\/\/www.sweeek.fr\/meuble-vintage\">chic et vintage<\/a> et d\u00e9gage du caract\u00e8re et de l&rsquo;authenticit\u00e9 tout en restant moderne ! On reconna\u00eet un int\u00e9rieur loft lorsque le mobilier allie m\u00e9tal et bois, que les poutres sont visibles et que l\u2019espace est bien ouvert et lumineux. Le style loft se rapproche du style New Yorkais et industriel que l\u2019on trouve \u00e0 la fois cosy, chaleureux et minimaliste !&nbsp;<\/p>\n\n\n\n<figure class=\"wp-block-image size-large\"><img fetchpriority=\"high\" decoding=\"async\" width=\"1024\" height=\"666\" src=\"https:\/\/www.sweeek.fr\/blog\/wp-content\/uploads\/2023\/03\/ambiance-style-loft-1024x666.jpg\" alt=\"int\u00e9rieur loft \" class=\"wp-image-13457\" srcset=\"https:\/\/www.sweeek.fr\/blog\/wp-content\/uploads\/2023\/03\/ambiance-style-loft-1024x666.jpg 1024w, https:\/\/www.sweeek.fr\/blog\/wp-content\/uploads\/2023\/03\/ambiance-style-loft-300x195.jpg 300w, https:\/\/www.sweeek.fr\/blog\/wp-content\/uploads\/2023\/03\/ambiance-style-loft-768x499.jpg 768w, https:\/\/www.sweeek.fr\/blog\/wp-content\/uploads\/2023\/03\/ambiance-style-loft-1536x998.jpg 1536w, https:\/\/www.sweeek.fr\/blog\/wp-content\/uploads\/2023\/03\/ambiance-style-loft.jpg 2000w\" sizes=\"(max-width: 1024px) 100vw, 1024px\" \/><\/figure>\n\n\n\n<h2 class=\"wp-block-heading\"><strong>Bien choisir la couleur et les mati\u00e8res <\/strong><\/h2>\n\n\n\n<p>Avant de se lancer pleinement dans la d\u00e9coration d\u2019un int\u00e9rieur loft, il faut commencer par les bases. Ce sont ses bases qui vous permettront d\u2019obtenir le r\u00e9sultat recherch\u00e9, il ne faut donc pas les n\u00e9gliger ! Pour cela voici nos petits conseils. Pour repr\u00e9senter l\u2019esprit des b\u00e2timents et des usines d\u00e9saffect\u00e9s, il faut faire ressortir le c\u00f4t\u00e9 brut des mati\u00e8res. Optez alors pour un mur en briques naturelles ou bien d\u2019un papier peint \u00e0 l\u2019imprimer brique, allier ce mur avec des murs aux couleurs sobre pour une d\u00e9co loft plut\u00f4t chic : noir, blanc ou encore gris seront id\u00e9ales pour habiller les murs.<\/p>\n\n\n\n<p>Si vous souhaitez une d\u00e9co loft plus chaleureux, alors le marron sera parfait. Pour le sol, nous vous conseillons encore une fois de partir sur des mati\u00e8res brutes qui rappellent le b\u00e2timent. Le b\u00e9ton cir\u00e9 sera alors l\u2019une des meilleures options. Effectivement, il n\u2019y a pas plus industriel que ce sol ! Vous pouvez aussi opter pour un sol fonc\u00e9 en partant sur du lino ou du parquet teint\u00e9 en noir. Avec ce type de rev\u00eatement, vous \u00eates certain d\u2019apporter un r\u00e9el caract\u00e8re \u00e0 la pi\u00e8ce.&nbsp;<\/p>\n\n\n\n<p>C\u00f4t\u00e9 mati\u00e8re, le m\u00e9lange de bois fonc\u00e9 et de m\u00e9tal noir mat est au c\u0153ur de toutes les d\u00e9corations loft. \u00c9galement le cuir et le verre sont aussi tr\u00e8s appr\u00e9ci\u00e9s dans ce type d\u2019ambiance. Vous l\u2019aurez compris, le style loft aime combiner plusieurs mati\u00e8res pour ses d\u00e9cors. C\u2019est pour cela qu\u2019il sera int\u00e9ressant de jouer sur cette caract\u00e9ristique. Optez pour un canap\u00e9 en cuir et des fauteuils en tissu avec des pieds m\u00e9talliques ou bien des placards en bois dot\u00e9e de poign\u00e9es m\u00e9talliques. De nombreuses possibilit\u00e9s s\u2019offrent \u00e0 vous, le tout est de bien jauger et de ne surtout pas en faire trop !&nbsp;<\/p>\n\n\n\n<p>Enfin, les int\u00e9rieurs loft aiment que l\u2019espace soit bien ouvert et lumineux, mais il arrive que l\u2019on souhaite s\u00e9parer deux espaces, c\u2019est alors que les cloisons en verre entrent en jeu. Rappelons-le, le loft aime le verre et le m\u00e9tal alors pourquoi ne pas m\u00e9langer ses deux mati\u00e8res pour votre cloison ? En plus de cela, le verre laissera passer la lumi\u00e8re et n&rsquo;enl\u00e8vera rien \u00e0 la luminosit\u00e9 de la pi\u00e8ce, bien au contraire, cela viendra rajouter un caract\u00e8re en plus \u00e0 la maison !&nbsp;<\/p>\n\n\n\n<h2 class=\"wp-block-heading\"><strong>L\u2019importance du&nbsp; mobilier<\/strong><\/h2>\n\n\n\n<p>Une fois les bases install\u00e9es, place aux <a href=\"https:\/\/www.sweeek.fr\/meubles-industriel\">meubles industriels<\/a> pour habiller comme il se doit votre int\u00e9rieur loft. Pour cela, il sera int\u00e9ressant de partir sur des meubles de caract\u00e8re au gabarit plut\u00f4t imposant ainsi qu\u2019au design atypique, singulier et originaux. Toutefois, pour que votre meuble soit r\u00e9solument industriel, il faudra que celui-ci soit compos\u00e9 de plusieurs mati\u00e8res telles qu\u2019un plateau en bois fonc\u00e9 et une structure en m\u00e9tal noir par exemple. Bien s\u00fbr, les meubles tout en m\u00e9tal ou tout en bois seront aussi parfaits et s&rsquo;int\u00e9greront bien au reste du d\u00e9cor.<\/p>\n\n\n\n<p>Voici alors nos petites id\u00e9es d&rsquo;ameublement pour votre pi\u00e8ce loft.<\/p>\n\n\n\n<ul class=\"wp-block-list\"><li>Un <a href=\"https:\/\/www.sweeek.fr\/meuble-vintage\/canape-vintage\">canap\u00e9<\/a> et des <a href=\"https:\/\/www.sweeek.fr\/meuble-vintage\/fauteuil-vintage\">fauteuils<\/a> en cuir marron et vieilli pour le salon<\/li><li>Des <a href=\"https:\/\/www.sweeek.fr\/meuble-vintage\/chaise-vintage\">chaises en cuir avec des pieds en m\u00e9tal<\/a> ou bien des chaises en bois fonc\u00e9 avec un pi\u00e8tement m\u00e9talliques pour la salle \u00e0 manger ou la cuisine<\/li><li>Une jolie <a href=\"https:\/\/www.sweeek.fr\/meubles-industriel\/tables-basses-industriel\">table basse<\/a> effet chariot d\u2019ouvrier ou avec un plateau en verre \u00e0 la structure m\u00e9tallique<\/li><li>Des <a href=\"https:\/\/www.sweeek.fr\/blog\/upcycling-offrez-une-seconde-vie-aux-palettes-en-bois\/\">palettes de bois<\/a> en guise d\u2019\u00e9tag\u00e8res<\/li><li>Un <a href=\"https:\/\/www.sweeek.fr\/decoration\/tapis-de-salon\">tapis<\/a> de style ancien et vintage avec une touche de couleur pour rehausser l\u2019ambiance g\u00e9n\u00e9rale de la pi\u00e8ce ou bien un tapis \u00e0 poils noir, gris ou encore blanc !<\/li><\/ul>\n\n\n\n<p>Pour des espaces autre que le salon, vous pouvez aussi opter pour des poignets en inox pour vos placards de cuisine, d\u2019un joli chariot de rangement en m\u00e9tal, de pots de rangement pour vos aliments ou vos ustensiles de cuisine en m\u00e9tal noir mat et de portes en verre qui laissent entrevoir votre vaisselle.<\/p>\n\n\n\n<p>Pour la chambre, partez sur une t\u00eate de lit en bois avec des lattes d\u00e9cal\u00e9es et un mur en briques.<\/p>\n\n\n\n<h2 class=\"wp-block-heading\"><strong>Optez pour des objets de d\u00e9co singulier<\/strong><\/h2>\n\n\n\n<p>Quoi de mieux pour compl\u00e9ter la d\u00e9coration d\u2019une pi\u00e8ce qu\u2019en y ajoutant des objets d\u00e9co par-ci par-l\u00e0 ? Pour rester dans l\u2019univers industriel qui caract\u00e9rise si bien ce style, partez sur des accessoires atypiques et vintages qui rappellent les quartiers new-yorkais. Les mati\u00e8res brutes sont encore une fois \u00e0 privil\u00e9gier. Ainsi, optez pour des panneaux de circulation avec des indications un peu ab\u00eem\u00e9es et caboss\u00e9es, les tableaux aux paysages am\u00e9ricains seront aussi parfaits pour la d\u00e9co d\u2019un int\u00e9rieur loft. De m\u00eame, si vous avez l\u2019occasion ou aimez faire les brocantes, n\u2019h\u00e9sitez pas \u00e0 chercher des pi\u00e8ces originales et r\u00e9tro. En effet, elles ne manqueront pas d\u2019apporter du caract\u00e8re \u00e0 la pi\u00e8ce. De vieilles et grosses horloges install\u00e9es au centre du mur sont elles aussi particuli\u00e8rement loft, car elles rappellent les espaces de travail d&rsquo;\u00e9poque des ouvriers.&nbsp;&nbsp;<\/p>\n\n\n\n<p>C\u00f4t\u00e9 luminaires, les lampes en m\u00e9tal sont mises en avant. Les leds et n\u00e9on sont aussi des objets incontournables dans une d\u00e9co loft, il ne faut donc pas les oublier ni les n\u00e9gliger. Mettez un beau n\u00e9on avec une \u00e9criture et une phrase sympa sur votre mur en briques pour cr\u00e9er une atmosph\u00e8re cosy et plus chaleureuse ! Partez \u00e9galement sur des suspensions lumineuses effet vieilli en m\u00e9tal avec quelques endroits caboss\u00e9 ou encore sur des luminaires au design d&rsquo;\u00e9poque que l\u2019on trouvait g\u00e9n\u00e9ralement dans les usines. Avec toutes ses d\u00e9corations, vous \u00eates certain de cr\u00e9er une atmosph\u00e8re loft au sein de votre maison.<\/p>\n\n\n\n<hr class=\"wp-block-separator has-alpha-channel-opacity\"\/>\n\n\n\n<p>D\u00e9sormais, vous avez toutes les clefs en maison pour vous confectionner l&rsquo;int\u00e9rieur loft parfait.<\/p>\n\n\n\n<div class=\"wp-block-group has-white-color has-text-color has-background\" style=\"background-color:#f2f2f2\"><div class=\"wp-block-group__inner-container is-layout-flow wp-block-group-is-layout-flow\">\n<h2 class=\"alignfull has-text-align-center has-black-color has-text-color wp-block-heading\" style=\"font-size:30px;font-style:normal;font-weight:400\">La s\u00e9lection de sweeek<\/h2>\n\n\n\n<div style=\"height:21px\" aria-hidden=\"true\" class=\"wp-block-spacer\"><\/div>\n\n\n\n<div class=\"wp-block-columns is-layout-flex wp-container-core-columns-is-layout-9d6595d7 wp-block-columns-is-layout-flex\">\n<div class=\"wp-block-column is-layout-flow wp-block-column-is-layout-flow\"><div class=\"wp-block-image\">\n<figure class=\"aligncenter size-large\"><img decoding=\"async\" width=\"1024\" height=\"1024\" src=\"https:\/\/www.sweeek.fr\/blog\/wp-content\/uploads\/2023\/03\/ilisbotvstand-6304fda4cd60bac8f96743dd0f59e070-1024x1024.webp\" alt=\"Meuble TV d\u00e9cor bois rainur\u00e9 et m\u00e9tal 2 portes 120cm\" class=\"wp-image-21893\" srcset=\"https:\/\/www.sweeek.fr\/blog\/wp-content\/uploads\/2023\/03\/ilisbotvstand-6304fda4cd60bac8f96743dd0f59e070-1024x1024.webp 1024w, https:\/\/www.sweeek.fr\/blog\/wp-content\/uploads\/2023\/03\/ilisbotvstand-6304fda4cd60bac8f96743dd0f59e070-300x300.webp 300w, https:\/\/www.sweeek.fr\/blog\/wp-content\/uploads\/2023\/03\/ilisbotvstand-6304fda4cd60bac8f96743dd0f59e070-150x150.webp 150w, https:\/\/www.sweeek.fr\/blog\/wp-content\/uploads\/2023\/03\/ilisbotvstand-6304fda4cd60bac8f96743dd0f59e070-768x768.webp 768w, https:\/\/www.sweeek.fr\/blog\/wp-content\/uploads\/2023\/03\/ilisbotvstand-6304fda4cd60bac8f96743dd0f59e070-600x600.webp 600w, https:\/\/www.sweeek.fr\/blog\/wp-content\/uploads\/2023\/03\/ilisbotvstand-6304fda4cd60bac8f96743dd0f59e070.webp 1500w\" sizes=\"(max-width: 1024px) 100vw, 1024px\" \/><\/figure>\n<\/div>\n\n\n<h3 class=\"has-text-align-center has-black-color has-text-color wp-block-heading\" style=\"font-style:normal;font-weight:400\">Meuble TV d\u00e9cor bois rainur\u00e9 et m\u00e9tal 2 portes 120cm <\/h3>\n\n\n\n<div style=\"height:15px\" aria-hidden=\"true\" class=\"wp-block-spacer\"><\/div>\n<\/div>\n\n\n\n<div class=\"wp-block-column is-layout-flow wp-block-column-is-layout-flow\"><div class=\"wp-block-image\">\n<figure class=\"aligncenter size-large\"><a href=\"https:\/\/www.sweeek.fr\/product\/console-en-metal-noir-120-x-39-x-79cm\" target=\"_blank\" rel=\"noreferrer noopener\"><img decoding=\"async\" src=\"https:\/\/sweeek.twic.pics\/products\/53986\/original\/inducot120bk-95069044f1dfe2e546fb8e105c36a649.jpg?twic=v1\/resize=1800x1800\/resize=1500\/quality=80\" alt=\"Console m\u00e9tal avec barre de renfort\n\"\/><\/a><\/figure>\n<\/div>\n\n\n<h3 class=\"has-text-align-center wp-block-heading\" style=\"font-style:normal;font-weight:400\">Console m\u00e9tal avec barre de renfort<\/h3>\n\n\n\n<div style=\"height:15px\" aria-hidden=\"true\" class=\"wp-block-spacer\"><\/div>\n<\/div>\n\n\n\n<div class=\"wp-block-column is-layout-flow wp-block-column-is-layout-flow\"><div class=\"wp-block-image\">\n<figure class=\"aligncenter size-large\"><a href=\"https:\/\/www.sweeek.fr\/product\/table-haute-2-etageres-2-tabourets\" target=\"_blank\" rel=\"noreferrer noopener\"><img decoding=\"async\" src=\"https:\/\/sweeek.twic.pics\/products\/278372\/original\/ilfbds100r2bn-7ee83c934a5965daeafa968fa8c7a4c3.jpg?twic=v1\/resize=1800x1800\/resize=1500\/quality=70\" alt=\"Table haute d\u00e9cor bois et m\u00e9tal 2 \u00e9tag\u00e8res, 2 tabourets\"\/><\/a><\/figure>\n<\/div>\n\n\n<h3 class=\"has-text-align-center has-black-color has-text-color wp-block-heading\" style=\"font-style:normal;font-weight:400\">Table haute d\u00e9cor bois et m\u00e9tal 2 \u00e9tag\u00e8res, 2 tabourets<\/h3>\n\n\n\n<div style=\"height:15px\" aria-hidden=\"true\" class=\"wp-block-spacer\"><\/div>\n<\/div>\n<\/div>\n<\/div><\/div>\n","protected":false},"excerpt":{"rendered":"<p>On ne pr\u00e9sente plus le style loft, ce style r\u00e9tro et de caract\u00e8re rend tout int\u00e9rieur plus cosy et minimaliste. Ses mati\u00e8res brutes et singuli\u00e8res et ses couleurs sobres lui conf\u00e8rent tout son charme. Mais alors l&rsquo;int\u00e9grer dans son int\u00e9rieur, quel mobilier choisir ? Quelle couleur mettre au mur et sur le sol ? Dans [&hellip;]<\/p>\n","protected":false},"author":4,"featured_media":13455,"comment_status":"open","ping_status":"closed","sticky":false,"template":"","format":"standard","meta":{"inline_featured_image":false,"_uag_custom_page_level_css":"","ocean_post_layout":"","ocean_both_sidebars_style":"","ocean_both_sidebars_content_width":0,"ocean_both_sidebars_sidebars_width":0,"ocean_sidebar":"0","ocean_second_sidebar":"0","ocean_disable_margins":"enable","ocean_add_body_class":"","ocean_shortcode_before_top_bar":"","ocean_shortcode_after_top_bar":"","ocean_shortcode_before_header":"","ocean_shortcode_after_header":"","ocean_has_shortcode":"","ocean_shortcode_after_title":"","ocean_shortcode_before_footer_widgets":"","ocean_shortcode_after_footer_widgets":"","ocean_shortcode_before_footer_bottom":"","ocean_shortcode_after_footer_bottom":"","ocean_display_top_bar":"default","ocean_display_header":"default","ocean_header_style":"","ocean_center_header_left_menu":"0","ocean_custom_header_template":"0","ocean_custom_logo":0,"ocean_custom_retina_logo":0,"ocean_custom_logo_max_width":0,"ocean_custom_logo_tablet_max_width":0,"ocean_custom_logo_mobile_max_width":0,"ocean_custom_logo_max_height":0,"ocean_custom_logo_tablet_max_height":0,"ocean_custom_logo_mobile_max_height":0,"ocean_header_custom_menu":"0","ocean_menu_typo_font_family":"0","ocean_menu_typo_font_subset":"","ocean_menu_typo_font_size":0,"ocean_menu_typo_font_size_tablet":0,"ocean_menu_typo_font_size_mobile":0,"ocean_menu_typo_font_size_unit":"px","ocean_menu_typo_font_weight":"","ocean_menu_typo_font_weight_tablet":"","ocean_menu_typo_font_weight_mobile":"","ocean_menu_typo_transform":"","ocean_menu_typo_transform_tablet":"","ocean_menu_typo_transform_mobile":"","ocean_menu_typo_line_height":0,"ocean_menu_typo_line_height_tablet":0,"ocean_menu_typo_line_height_mobile":0,"ocean_menu_typo_line_height_unit":"","ocean_menu_typo_spacing":0,"ocean_menu_typo_spacing_tablet":0,"ocean_menu_typo_spacing_mobile":0,"ocean_menu_typo_spacing_unit":"","ocean_menu_link_color":"","ocean_menu_link_color_hover":"","ocean_menu_link_color_active":"","ocean_menu_link_background":"","ocean_menu_link_hover_background":"","ocean_menu_link_active_background":"","ocean_menu_social_links_bg":"","ocean_menu_social_hover_links_bg":"","ocean_menu_social_links_color":"","ocean_menu_social_hover_links_color":"","ocean_disable_title":"default","ocean_disable_heading":"default","ocean_post_title":"","ocean_post_subheading":"","ocean_post_title_style":"","ocean_post_title_background_color":"","ocean_post_title_background":0,"ocean_post_title_bg_image_position":"","ocean_post_title_bg_image_attachment":"","ocean_post_title_bg_image_repeat":"","ocean_post_title_bg_image_size":"","ocean_post_title_height":0,"ocean_post_title_bg_overlay":0.5,"ocean_post_title_bg_overlay_color":"","ocean_disable_breadcrumbs":"default","ocean_breadcrumbs_color":"","ocean_breadcrumbs_separator_color":"","ocean_breadcrumbs_links_color":"","ocean_breadcrumbs_links_hover_color":"","ocean_display_footer_widgets":"default","ocean_display_footer_bottom":"default","ocean_custom_footer_template":"0","ocean_post_oembed":"","ocean_post_self_hosted_media":"","ocean_post_video_embed":"","ocean_link_format":"","ocean_link_format_target":"self","ocean_quote_format":"","ocean_quote_format_link":"post","ocean_gallery_link_images":"off","ocean_gallery_id":[],"footnotes":""},"categories":[374],"tags":[],"class_list":["post-13454","post","type-post","status-publish","format-standard","has-post-thumbnail","hentry","category-tendances","entry","has-media"],"yoast_head":"<!-- This site is optimized with the Yoast SEO plugin v27.3 - https:\/\/yoast.com\/product\/yoast-seo-wordpress\/ -->\n<title>Comment cr\u00e9er un int\u00e9rieur de style loft ? &#8211; Les Conseils sweeek<\/title>\n<meta name=\"description\" content=\"Vous souhaitez cr\u00e9er un int\u00e9rieur de style loft ? D\u00e9couvrez les conseils sweeek pour cr\u00e9er l&#039;int\u00e9rieur qui vous convient !\" \/>\n<meta name=\"robots\" content=\"index, follow, max-snippet:-1, max-image-preview:large, max-video-preview:-1\" \/>\n<link rel=\"canonical\" href=\"https:\/\/www.sweeek.fr\/blog\/comment-creer-un-interieur-de-style-loft\/\" \/>\n<meta property=\"og:locale\" content=\"fr_FR\" \/>\n<meta property=\"og:type\" content=\"article\" \/>\n<meta property=\"og:title\" content=\"Comment cr\u00e9er un int\u00e9rieur de style loft ? &#8211; Les Conseils sweeek\" \/>\n<meta property=\"og:description\" content=\"Vous souhaitez cr\u00e9er un int\u00e9rieur de style loft ? D\u00e9couvrez les conseils sweeek pour cr\u00e9er l&#039;int\u00e9rieur qui vous convient !\" \/>\n<meta property=\"og:url\" content=\"https:\/\/www.sweeek.fr\/blog\/comment-creer-un-interieur-de-style-loft\/\" \/>\n<meta property=\"og:site_name\" content=\"Les Conseils sweeek\" \/>\n<meta property=\"article:published_time\" content=\"2023-03-31T08:07:57+00:00\" \/>\n<meta property=\"article:modified_time\" content=\"2026-01-14T14:45:01+00:00\" \/>\n<meta property=\"og:image\" content=\"https:\/\/www.sweeek.fr\/blog\/wp-content\/uploads\/2023\/03\/style-loft.jpg\" \/>\n\t<meta property=\"og:image:width\" content=\"1024\" \/>\n\t<meta property=\"og:image:height\" content=\"682\" \/>\n\t<meta property=\"og:image:type\" content=\"image\/jpeg\" \/>\n<meta name=\"author\" content=\"Am\u00e9lie Capon\" \/>\n<meta name=\"twitter:card\" content=\"summary_large_image\" \/>\n<meta name=\"twitter:label1\" content=\"\u00c9crit par\" \/>\n\t<meta name=\"twitter:data1\" content=\"Am\u00e9lie Capon\" \/>\n\t<meta name=\"twitter:label2\" content=\"Dur\u00e9e de lecture estim\u00e9e\" \/>\n\t<meta name=\"twitter:data2\" content=\"7 minutes\" \/>\n<script type=\"application\/ld+json\" class=\"yoast-schema-graph\">{\"@context\":\"https:\\\/\\\/schema.org\",\"@graph\":[{\"@type\":\"Article\",\"@id\":\"https:\\\/\\\/www.sweeek.fr\\\/blog\\\/comment-creer-un-interieur-de-style-loft\\\/#article\",\"isPartOf\":{\"@id\":\"https:\\\/\\\/www.sweeek.fr\\\/blog\\\/comment-creer-un-interieur-de-style-loft\\\/\"},\"author\":{\"name\":\"Am\u00e9lie Capon\",\"@id\":\"https:\\\/\\\/www.sweeek.fr\\\/blog\\\/#\\\/schema\\\/person\\\/e97ba3e4a84bda73fe86070619e7640b\"},\"headline\":\"Comment cr\u00e9er un int\u00e9rieur de style loft ?\",\"datePublished\":\"2023-03-31T08:07:57+00:00\",\"dateModified\":\"2026-01-14T14:45:01+00:00\",\"mainEntityOfPage\":{\"@id\":\"https:\\\/\\\/www.sweeek.fr\\\/blog\\\/comment-creer-un-interieur-de-style-loft\\\/\"},\"wordCount\":1300,\"commentCount\":0,\"publisher\":{\"@id\":\"https:\\\/\\\/www.sweeek.fr\\\/blog\\\/#organization\"},\"image\":{\"@id\":\"https:\\\/\\\/www.sweeek.fr\\\/blog\\\/comment-creer-un-interieur-de-style-loft\\\/#primaryimage\"},\"thumbnailUrl\":\"https:\\\/\\\/www.sweeek.fr\\\/blog\\\/wp-content\\\/uploads\\\/2023\\\/03\\\/style-loft.jpg\",\"articleSection\":[\"Tendances\"],\"inLanguage\":\"fr-FR\",\"potentialAction\":[{\"@type\":\"CommentAction\",\"name\":\"Comment\",\"target\":[\"https:\\\/\\\/www.sweeek.fr\\\/blog\\\/comment-creer-un-interieur-de-style-loft\\\/#respond\"]}]},{\"@type\":\"WebPage\",\"@id\":\"https:\\\/\\\/www.sweeek.fr\\\/blog\\\/comment-creer-un-interieur-de-style-loft\\\/\",\"url\":\"https:\\\/\\\/www.sweeek.fr\\\/blog\\\/comment-creer-un-interieur-de-style-loft\\\/\",\"name\":\"Comment cr\u00e9er un int\u00e9rieur de style loft ? &#8211; Les Conseils sweeek\",\"isPartOf\":{\"@id\":\"https:\\\/\\\/www.sweeek.fr\\\/blog\\\/#website\"},\"primaryImageOfPage\":{\"@id\":\"https:\\\/\\\/www.sweeek.fr\\\/blog\\\/comment-creer-un-interieur-de-style-loft\\\/#primaryimage\"},\"image\":{\"@id\":\"https:\\\/\\\/www.sweeek.fr\\\/blog\\\/comment-creer-un-interieur-de-style-loft\\\/#primaryimage\"},\"thumbnailUrl\":\"https:\\\/\\\/www.sweeek.fr\\\/blog\\\/wp-content\\\/uploads\\\/2023\\\/03\\\/style-loft.jpg\",\"datePublished\":\"2023-03-31T08:07:57+00:00\",\"dateModified\":\"2026-01-14T14:45:01+00:00\",\"description\":\"Vous souhaitez cr\u00e9er un int\u00e9rieur de style loft ? D\u00e9couvrez les conseils sweeek pour cr\u00e9er l'int\u00e9rieur qui vous convient !\",\"breadcrumb\":{\"@id\":\"https:\\\/\\\/www.sweeek.fr\\\/blog\\\/comment-creer-un-interieur-de-style-loft\\\/#breadcrumb\"},\"inLanguage\":\"fr-FR\",\"potentialAction\":[{\"@type\":\"ReadAction\",\"target\":[\"https:\\\/\\\/www.sweeek.fr\\\/blog\\\/comment-creer-un-interieur-de-style-loft\\\/\"]}]},{\"@type\":\"ImageObject\",\"inLanguage\":\"fr-FR\",\"@id\":\"https:\\\/\\\/www.sweeek.fr\\\/blog\\\/comment-creer-un-interieur-de-style-loft\\\/#primaryimage\",\"url\":\"https:\\\/\\\/www.sweeek.fr\\\/blog\\\/wp-content\\\/uploads\\\/2023\\\/03\\\/style-loft.jpg\",\"contentUrl\":\"https:\\\/\\\/www.sweeek.fr\\\/blog\\\/wp-content\\\/uploads\\\/2023\\\/03\\\/style-loft.jpg\",\"width\":1024,\"height\":682,\"caption\":\"int\u00e9rieur loft\"},{\"@type\":\"BreadcrumbList\",\"@id\":\"https:\\\/\\\/www.sweeek.fr\\\/blog\\\/comment-creer-un-interieur-de-style-loft\\\/#breadcrumb\",\"itemListElement\":[{\"@type\":\"ListItem\",\"position\":1,\"name\":\"Accueil\",\"item\":\"https:\\\/\\\/www.sweeek.fr\\\/blog\\\/\"},{\"@type\":\"ListItem\",\"position\":2,\"name\":\"Comment cr\u00e9er un int\u00e9rieur de style loft ?\"}]},{\"@type\":\"WebSite\",\"@id\":\"https:\\\/\\\/www.sweeek.fr\\\/blog\\\/#website\",\"url\":\"https:\\\/\\\/www.sweeek.fr\\\/blog\\\/\",\"name\":\"Les Conseils sweeek\",\"description\":\"Conseils et inspirations\",\"publisher\":{\"@id\":\"https:\\\/\\\/www.sweeek.fr\\\/blog\\\/#organization\"},\"potentialAction\":[{\"@type\":\"SearchAction\",\"target\":{\"@type\":\"EntryPoint\",\"urlTemplate\":\"https:\\\/\\\/www.sweeek.fr\\\/blog\\\/?s={search_term_string}\"},\"query-input\":{\"@type\":\"PropertyValueSpecification\",\"valueRequired\":true,\"valueName\":\"search_term_string\"}}],\"inLanguage\":\"fr-FR\"},{\"@type\":\"Organization\",\"@id\":\"https:\\\/\\\/www.sweeek.fr\\\/blog\\\/#organization\",\"name\":\"sweeek\",\"url\":\"https:\\\/\\\/www.sweeek.fr\\\/blog\\\/\",\"logo\":{\"@type\":\"ImageObject\",\"inLanguage\":\"fr-FR\",\"@id\":\"https:\\\/\\\/www.sweeek.fr\\\/blog\\\/#\\\/schema\\\/logo\\\/image\\\/\",\"url\":\"https:\\\/\\\/www.sweeek.fr\\\/blog\\\/wp-content\\\/uploads\\\/2023\\\/10\\\/blog-sweeek-logo2.png\",\"contentUrl\":\"https:\\\/\\\/www.sweeek.fr\\\/blog\\\/wp-content\\\/uploads\\\/2023\\\/10\\\/blog-sweeek-logo2.png\",\"width\":328,\"height\":90,\"caption\":\"sweeek\"},\"image\":{\"@id\":\"https:\\\/\\\/www.sweeek.fr\\\/blog\\\/#\\\/schema\\\/logo\\\/image\\\/\"}},{\"@type\":\"Person\",\"@id\":\"https:\\\/\\\/www.sweeek.fr\\\/blog\\\/#\\\/schema\\\/person\\\/e97ba3e4a84bda73fe86070619e7640b\",\"name\":\"Am\u00e9lie Capon\",\"image\":{\"@type\":\"ImageObject\",\"inLanguage\":\"fr-FR\",\"@id\":\"https:\\\/\\\/secure.gravatar.com\\\/avatar\\\/042e4b25b2641d47117ebfaf786a00f66fd827d54a130982af74eb1f062ce832?s=96&d=mm&r=g\",\"url\":\"https:\\\/\\\/secure.gravatar.com\\\/avatar\\\/042e4b25b2641d47117ebfaf786a00f66fd827d54a130982af74eb1f062ce832?s=96&d=mm&r=g\",\"contentUrl\":\"https:\\\/\\\/secure.gravatar.com\\\/avatar\\\/042e4b25b2641d47117ebfaf786a00f66fd827d54a130982af74eb1f062ce832?s=96&d=mm&r=g\",\"caption\":\"Am\u00e9lie Capon\"}}]}<\/script>\n<!-- \/ Yoast SEO plugin. -->","yoast_head_json":{"title":"Comment cr\u00e9er un int\u00e9rieur de style loft ? &#8211; Les Conseils sweeek","description":"Vous souhaitez cr\u00e9er un int\u00e9rieur de style loft ? D\u00e9couvrez les conseils sweeek pour cr\u00e9er l'int\u00e9rieur qui vous convient !","robots":{"index":"index","follow":"follow","max-snippet":"max-snippet:-1","max-image-preview":"max-image-preview:large","max-video-preview":"max-video-preview:-1"},"canonical":"https:\/\/www.sweeek.fr\/blog\/comment-creer-un-interieur-de-style-loft\/","og_locale":"fr_FR","og_type":"article","og_title":"Comment cr\u00e9er un int\u00e9rieur de style loft ? &#8211; Les Conseils sweeek","og_description":"Vous souhaitez cr\u00e9er un int\u00e9rieur de style loft ? D\u00e9couvrez les conseils sweeek pour cr\u00e9er l'int\u00e9rieur qui vous convient !","og_url":"https:\/\/www.sweeek.fr\/blog\/comment-creer-un-interieur-de-style-loft\/","og_site_name":"Les Conseils sweeek","article_published_time":"2023-03-31T08:07:57+00:00","article_modified_time":"2026-01-14T14:45:01+00:00","og_image":[{"width":1024,"height":682,"url":"https:\/\/www.sweeek.fr\/blog\/wp-content\/uploads\/2023\/03\/style-loft.jpg","type":"image\/jpeg"}],"author":"Am\u00e9lie Capon","twitter_card":"summary_large_image","twitter_misc":{"\u00c9crit par":"Am\u00e9lie Capon","Dur\u00e9e de lecture estim\u00e9e":"7 minutes"},"schema":{"@context":"https:\/\/schema.org","@graph":[{"@type":"Article","@id":"https:\/\/www.sweeek.fr\/blog\/comment-creer-un-interieur-de-style-loft\/#article","isPartOf":{"@id":"https:\/\/www.sweeek.fr\/blog\/comment-creer-un-interieur-de-style-loft\/"},"author":{"name":"Am\u00e9lie Capon","@id":"https:\/\/www.sweeek.fr\/blog\/#\/schema\/person\/e97ba3e4a84bda73fe86070619e7640b"},"headline":"Comment cr\u00e9er un int\u00e9rieur de style loft ?","datePublished":"2023-03-31T08:07:57+00:00","dateModified":"2026-01-14T14:45:01+00:00","mainEntityOfPage":{"@id":"https:\/\/www.sweeek.fr\/blog\/comment-creer-un-interieur-de-style-loft\/"},"wordCount":1300,"commentCount":0,"publisher":{"@id":"https:\/\/www.sweeek.fr\/blog\/#organization"},"image":{"@id":"https:\/\/www.sweeek.fr\/blog\/comment-creer-un-interieur-de-style-loft\/#primaryimage"},"thumbnailUrl":"https:\/\/www.sweeek.fr\/blog\/wp-content\/uploads\/2023\/03\/style-loft.jpg","articleSection":["Tendances"],"inLanguage":"fr-FR","potentialAction":[{"@type":"CommentAction","name":"Comment","target":["https:\/\/www.sweeek.fr\/blog\/comment-creer-un-interieur-de-style-loft\/#respond"]}]},{"@type":"WebPage","@id":"https:\/\/www.sweeek.fr\/blog\/comment-creer-un-interieur-de-style-loft\/","url":"https:\/\/www.sweeek.fr\/blog\/comment-creer-un-interieur-de-style-loft\/","name":"Comment cr\u00e9er un int\u00e9rieur de style loft ? &#8211; Les Conseils sweeek","isPartOf":{"@id":"https:\/\/www.sweeek.fr\/blog\/#website"},"primaryImageOfPage":{"@id":"https:\/\/www.sweeek.fr\/blog\/comment-creer-un-interieur-de-style-loft\/#primaryimage"},"image":{"@id":"https:\/\/www.sweeek.fr\/blog\/comment-creer-un-interieur-de-style-loft\/#primaryimage"},"thumbnailUrl":"https:\/\/www.sweeek.fr\/blog\/wp-content\/uploads\/2023\/03\/style-loft.jpg","datePublished":"2023-03-31T08:07:57+00:00","dateModified":"2026-01-14T14:45:01+00:00","description":"Vous souhaitez cr\u00e9er un int\u00e9rieur de style loft ? D\u00e9couvrez les conseils sweeek pour cr\u00e9er l'int\u00e9rieur qui vous convient !","breadcrumb":{"@id":"https:\/\/www.sweeek.fr\/blog\/comment-creer-un-interieur-de-style-loft\/#breadcrumb"},"inLanguage":"fr-FR","potentialAction":[{"@type":"ReadAction","target":["https:\/\/www.sweeek.fr\/blog\/comment-creer-un-interieur-de-style-loft\/"]}]},{"@type":"ImageObject","inLanguage":"fr-FR","@id":"https:\/\/www.sweeek.fr\/blog\/comment-creer-un-interieur-de-style-loft\/#primaryimage","url":"https:\/\/www.sweeek.fr\/blog\/wp-content\/uploads\/2023\/03\/style-loft.jpg","contentUrl":"https:\/\/www.sweeek.fr\/blog\/wp-content\/uploads\/2023\/03\/style-loft.jpg","width":1024,"height":682,"caption":"int\u00e9rieur loft"},{"@type":"BreadcrumbList","@id":"https:\/\/www.sweeek.fr\/blog\/comment-creer-un-interieur-de-style-loft\/#breadcrumb","itemListElement":[{"@type":"ListItem","position":1,"name":"Accueil","item":"https:\/\/www.sweeek.fr\/blog\/"},{"@type":"ListItem","position":2,"name":"Comment cr\u00e9er un int\u00e9rieur de style loft ?"}]},{"@type":"WebSite","@id":"https:\/\/www.sweeek.fr\/blog\/#website","url":"https:\/\/www.sweeek.fr\/blog\/","name":"Les Conseils sweeek","description":"Conseils et inspirations","publisher":{"@id":"https:\/\/www.sweeek.fr\/blog\/#organization"},"potentialAction":[{"@type":"SearchAction","target":{"@type":"EntryPoint","urlTemplate":"https:\/\/www.sweeek.fr\/blog\/?s={search_term_string}"},"query-input":{"@type":"PropertyValueSpecification","valueRequired":true,"valueName":"search_term_string"}}],"inLanguage":"fr-FR"},{"@type":"Organization","@id":"https:\/\/www.sweeek.fr\/blog\/#organization","name":"sweeek","url":"https:\/\/www.sweeek.fr\/blog\/","logo":{"@type":"ImageObject","inLanguage":"fr-FR","@id":"https:\/\/www.sweeek.fr\/blog\/#\/schema\/logo\/image\/","url":"https:\/\/www.sweeek.fr\/blog\/wp-content\/uploads\/2023\/10\/blog-sweeek-logo2.png","contentUrl":"https:\/\/www.sweeek.fr\/blog\/wp-content\/uploads\/2023\/10\/blog-sweeek-logo2.png","width":328,"height":90,"caption":"sweeek"},"image":{"@id":"https:\/\/www.sweeek.fr\/blog\/#\/schema\/logo\/image\/"}},{"@type":"Person","@id":"https:\/\/www.sweeek.fr\/blog\/#\/schema\/person\/e97ba3e4a84bda73fe86070619e7640b","name":"Am\u00e9lie Capon","image":{"@type":"ImageObject","inLanguage":"fr-FR","@id":"https:\/\/secure.gravatar.com\/avatar\/042e4b25b2641d47117ebfaf786a00f66fd827d54a130982af74eb1f062ce832?s=96&d=mm&r=g","url":"https:\/\/secure.gravatar.com\/avatar\/042e4b25b2641d47117ebfaf786a00f66fd827d54a130982af74eb1f062ce832?s=96&d=mm&r=g","contentUrl":"https:\/\/secure.gravatar.com\/avatar\/042e4b25b2641d47117ebfaf786a00f66fd827d54a130982af74eb1f062ce832?s=96&d=mm&r=g","caption":"Am\u00e9lie Capon"}}]}},"uagb_featured_image_src":{"full":["https:\/\/www.sweeek.fr\/blog\/wp-content\/uploads\/2023\/03\/style-loft.jpg",1024,682,false],"thumbnail":["https:\/\/www.sweeek.fr\/blog\/wp-content\/uploads\/2023\/03\/style-loft-150x150.jpg",150,150,true],"medium":["https:\/\/www.sweeek.fr\/blog\/wp-content\/uploads\/2023\/03\/style-loft-300x200.jpg",300,200,true],"medium_large":["https:\/\/www.sweeek.fr\/blog\/wp-content\/uploads\/2023\/03\/style-loft-768x512.jpg",768,512,true],"large":["https:\/\/www.sweeek.fr\/blog\/wp-content\/uploads\/2023\/03\/style-loft.jpg",1024,682,false],"1536x1536":["https:\/\/www.sweeek.fr\/blog\/wp-content\/uploads\/2023\/03\/style-loft.jpg",1024,682,false],"2048x2048":["https:\/\/www.sweeek.fr\/blog\/wp-content\/uploads\/2023\/03\/style-loft.jpg",1024,682,false],"ocean-thumb-m":["https:\/\/www.sweeek.fr\/blog\/wp-content\/uploads\/2023\/03\/style-loft-600x600.jpg",600,600,true],"ocean-thumb-ml":["https:\/\/www.sweeek.fr\/blog\/wp-content\/uploads\/2023\/03\/style-loft-800x450.jpg",800,450,true],"ocean-thumb-l":["https:\/\/www.sweeek.fr\/blog\/wp-content\/uploads\/2023\/03\/style-loft.jpg",1024,682,false]},"uagb_author_info":{"display_name":"Am\u00e9lie Capon","author_link":"https:\/\/www.sweeek.fr\/blog"},"uagb_comment_info":0,"uagb_excerpt":"On ne pr\u00e9sente plus le style loft, ce style r\u00e9tro et de caract\u00e8re rend tout int\u00e9rieur plus cosy et minimaliste. Ses mati\u00e8res brutes et singuli\u00e8res et ses couleurs sobres lui conf\u00e8rent tout son charme. Mais alors l&rsquo;int\u00e9grer dans son int\u00e9rieur, quel mobilier choisir ? Quelle couleur mettre au mur et sur le sol ? Dans\u2026","_links":{"self":[{"href":"https:\/\/www.sweeek.fr\/blog\/wp-json\/wp\/v2\/posts\/13454","targetHints":{"allow":["GET"]}}],"collection":[{"href":"https:\/\/www.sweeek.fr\/blog\/wp-json\/wp\/v2\/posts"}],"about":[{"href":"https:\/\/www.sweeek.fr\/blog\/wp-json\/wp\/v2\/types\/post"}],"author":[{"embeddable":true,"href":"https:\/\/www.sweeek.fr\/blog\/wp-json\/wp\/v2\/users\/4"}],"replies":[{"embeddable":true,"href":"https:\/\/www.sweeek.fr\/blog\/wp-json\/wp\/v2\/comments?post=13454"}],"version-history":[{"count":9,"href":"https:\/\/www.sweeek.fr\/blog\/wp-json\/wp\/v2\/posts\/13454\/revisions"}],"predecessor-version":[{"id":21895,"href":"https:\/\/www.sweeek.fr\/blog\/wp-json\/wp\/v2\/posts\/13454\/revisions\/21895"}],"wp:featuredmedia":[{"embeddable":true,"href":"https:\/\/www.sweeek.fr\/blog\/wp-json\/wp\/v2\/media\/13455"}],"wp:attachment":[{"href":"https:\/\/www.sweeek.fr\/blog\/wp-json\/wp\/v2\/media?parent=13454"}],"wp:term":[{"taxonomy":"category","embeddable":true,"href":"https:\/\/www.sweeek.fr\/blog\/wp-json\/wp\/v2\/categories?post=13454"},{"taxonomy":"post_tag","embeddable":true,"href":"https:\/\/www.sweeek.fr\/blog\/wp-json\/wp\/v2\/tags?post=13454"}],"curies":[{"name":"wp","href":"https:\/\/api.w.org\/{rel}","templated":true}]}}