{"id":13132,"date":"2023-03-07T16:53:07","date_gmt":"2023-03-07T15:53:07","guid":{"rendered":"https:\/\/www.sweeek.fr\/blog\/?p=13132"},"modified":"2026-04-07T12:28:37","modified_gmt":"2026-04-07T10:28:37","slug":"comment-amenager-son-espace-buanderie","status":"publish","type":"post","link":"https:\/\/www.sweeek.fr\/blog\/comment-amenager-son-espace-buanderie\/","title":{"rendered":"Comment am\u00e9nager son espace buanderie ?"},"content":{"rendered":"\n<p class=\"has-text-align-center\">Mmmh \u00e7a sent bon la lessive par ici, ne serions-nous pas dans une buanderie ? Petit coin indispensable dans chaque int\u00e9rieur, il est toujours bien de savoir comment l&rsquo;am\u00e9nager pour avoir tout ce dont on a besoin \u00e0 port\u00e9e de main. Que vous soyez dans un petit espace ou que vous disposiez d&rsquo;une pi\u00e8ce enti\u00e8re pour votre super machine \u00e0 laver, nous avons tout un tas de conseils en r\u00e9serve pour vous aider \u00e0 l&rsquo;am\u00e9nager de la mani\u00e8re la plus styl\u00e9e qui soit ! Vous \u00eates pr\u00eats ? On y va ?<\/p>\n\n\n\n<div style=\"height:101px\" aria-hidden=\"true\" class=\"wp-block-spacer\"><\/div>\n\n\n\n<div class=\"wp-block-media-text alignwide is-stacked-on-mobile\" style=\"grid-template-columns:25% auto\"><figure class=\"wp-block-media-text__media\"><img fetchpriority=\"high\" decoding=\"async\" width=\"400\" height=\"550\" src=\"https:\/\/www.sweeek.fr\/blog\/wp-content\/uploads\/2023\/03\/Sans-titre-1.png\" alt=\"espace buanderie\" class=\"wp-image-13231 size-full\" srcset=\"https:\/\/www.sweeek.fr\/blog\/wp-content\/uploads\/2023\/03\/Sans-titre-1.png 400w, https:\/\/www.sweeek.fr\/blog\/wp-content\/uploads\/2023\/03\/Sans-titre-1-218x300.png 218w\" sizes=\"(max-width: 400px) 100vw, 400px\" \/><\/figure><div class=\"wp-block-media-text__content\">\n<p>C\u2019est l\u2019heure de la lessive, pas la peine de nous taper sur les doigts, nous savons que ce n\u2019est pas votre t\u00e2che m\u00e9nag\u00e8re pr\u00e9f\u00e9r\u00e9e, mais ne pourrait-elle pas devenir moins p\u00e9nible avec un joli espace buanderie ? Nous sommes certains que si !<\/p>\n\n\n\n<p>G\u00e9n\u00e9ralement, nous ne disposons que d\u2019un espace restreint pour notre ch\u00e8re et tendre machine \u00e0 laver. Souvent dissimul\u00e9e derri\u00e8re un placard ou encore derri\u00e8re un rideau, elle n\u2019occupe qu\u2019une toute petite place dans un int\u00e9rieur. Mais est-ce vraiment pratique au quotidien ? Nous en sommes moins s\u00fbrs. C\u2019est pour cela que m\u00eame si nous n\u2019avons pas la possibilit\u00e9 d\u2019offrir \u00e0 votre machine un endroit spacieux, il faut optimiser son espace un maximum, <a href=\"https:\/\/www.sweeek.fr\/rangement-garage-buanderie\">pour une buanderie fonctionnelle<\/a> et super pratique ! Mais alors comment faire ?<\/p>\n\n\n\n<p>Cr\u00e9dit photo : https:\/\/www.pinterest.fr\/<\/p>\n<\/div><\/div>\n\n\n\n<div style=\"height:100px\" aria-hidden=\"true\" class=\"wp-block-spacer\"><\/div>\n\n\n\n<div class=\"wp-block-media-text alignwide has-media-on-the-right is-stacked-on-mobile\" style=\"grid-template-columns:auto 25%\"><figure class=\"wp-block-media-text__media\"><img decoding=\"async\" width=\"400\" height=\"550\" src=\"https:\/\/www.sweeek.fr\/blog\/wp-content\/uploads\/2023\/03\/Sans-titre-3.png\" alt=\"machine \u00e0 laver buanderie\" class=\"wp-image-13232 size-full\" srcset=\"https:\/\/www.sweeek.fr\/blog\/wp-content\/uploads\/2023\/03\/Sans-titre-3.png 400w, https:\/\/www.sweeek.fr\/blog\/wp-content\/uploads\/2023\/03\/Sans-titre-3-218x300.png 218w\" sizes=\"(max-width: 400px) 100vw, 400px\" \/><\/figure><div class=\"wp-block-media-text__content\">\n<h3 class=\"wp-block-heading\"><strong>D\u00e9finir les espaces de rangement<\/strong><\/h3>\n\n\n\n<p>Et oui, avoir un coin buanderie ce n\u2019est pas uniquement trouver une place pour votre machine \u00e0 laver, c\u2019est aussi cr\u00e9er un espace pour y ranger vos produits pour la lessive, un espace pour stocker le linge sale en attente, pour le plier une fois propre et parfois m\u00eame pour le repasser\u2026 Il faudra \u00e9galement d\u00e9finir \u00e0 l\u2019avance si vous souhaitez y int\u00e9grer un s\u00e8che-linge, car cela vous demandera d\u2019avoir une pi\u00e8ce ou un endroit plus grand que pr\u00e9vu. C\u2019est pour cela que votre coin buanderie, doit \u00eatre le coin plus fonctionnel qui soit, car le but est de rendre \u00e0 la fois l\u2019endroit design et joli, mais surtout super pratique pour vous au quotidien. Il ne faudra donc pas perdre de vue sa fonction de base : le nettoyage des v\u00eatements et de tout autre tissu ! Il sera \u00e9galement primordial de choisir un espace bien a\u00e9r\u00e9 pour votre buanderie, car l\u2019endroit sera sujet \u00e0 l\u2019humidit\u00e9 avec les machines qui tourneront et le linge humide en sortie de machine.<\/p>\n\n\n\n<p>Cr\u00e9dit photo : https:\/\/www.youtube.com\/<\/p>\n<\/div><\/div>\n\n\n\n<div style=\"height:100px\" aria-hidden=\"true\" class=\"wp-block-spacer\"><\/div>\n\n\n\n<h3 class=\"wp-block-heading\"><strong>Quels rangements choisir ? <\/strong><\/h3>\n\n\n\n<p>Il n\u2019est pas toujours \u00e9vident de savoir pour quel rangement opter, surtout lorsque l\u2019on manque de place. Nous avons toujours peur de trop encombrer l\u2019espace ou d\u2019au contraire manqu\u00e9 de rangements. V\u00e9ritable casse-t\u00eate voici nos astuces pour ranger et organiser votre buanderie au mieux.<br>Dans un premier temps, nous vous conseillons de privil\u00e9gier les espaces en hauteur : \u00e9tag\u00e8res, placards, portes manteaux, tout est bon \u00e0 prendre tant qu\u2019il n&rsquo;encombre pas le sol. Et oui ce type de rangement prendra moins de place au sol voire n\u2019en prendra pas du tout.<br>Pour une meilleure optimisation, vous pouvez \u00e9galement opter pour des rangements encastrables qu\u2019il vous suffira de d\u00e9plier et de replier \u00e0 votre guise selon vos besoins. Table \u00e0 repasser, bacs \u00e0 linge etc seront ainsi \u00e0 port\u00e9e de main sans pour autant gaspiller trop d\u2019espace. Placez \u00e9galement une tringle pour \u00e9tendre votre linge et privil\u00e9giez les cintres pour un s\u00e9chage \u00e0 la fois optimal et optimis\u00e9.<br>Concernant le bac \u00e0 linge, plusieurs solutions s\u2019offrent \u00e0 vous :<br>&#8211; Le bac \u00e0 linge \u00e0 roulette, que vous pourrez d\u00e9placer facilement comme bon vous semble.<br>&#8211; Le bac \u00e0 linge pliable qui se range en un clin d&rsquo;\u0153il et qui ne prend qu&rsquo;une toute petite place lorsqu\u2019il ne contient pas de linge.<br>L&rsquo;autre chose importante quant au rangement de votre buanderie, est le fait d&rsquo;installer un plan de travail au-dessus des machines, cela vous facilitera la t\u00e2che et s&rsquo;av\u00e9rera tr\u00e8s pratique lorsque vous aurez besoin de poser vos produits, v\u00eatements et autres affaires.<br>Enfin, si votre buanderie poss\u00e8de une porte, n&rsquo;h\u00e9sitez pas \u00e0 l\u2019utiliser \u00e0 bon escient en y installant des rangements de porte afin d\u2019y ranger toutes sortes d\u2019affaires.&nbsp;C\u2019est fou, on y voit d\u00e9j\u00e0 plus clair&nbsp;la&nbsp;dedans, comme \u00e7a fait du bien !&nbsp;Vous n\u2019\u00eates pas d\u2019accord ?<\/p>\n\n\n\n<div style=\"height:100px\" aria-hidden=\"true\" class=\"wp-block-spacer\"><\/div>\n\n\n\n<div class=\"wp-block-columns is-layout-flex wp-container-core-columns-is-layout-9d6595d7 wp-block-columns-is-layout-flex\">\n<div class=\"wp-block-column is-layout-flow wp-block-column-is-layout-flow\">\n<figure class=\"wp-block-image size-full\"><img decoding=\"async\" width=\"400\" height=\"550\" src=\"https:\/\/www.sweeek.fr\/blog\/wp-content\/uploads\/2023\/03\/Sans-titre-7.png\" alt=\"espace buanderie \" class=\"wp-image-13233\" srcset=\"https:\/\/www.sweeek.fr\/blog\/wp-content\/uploads\/2023\/03\/Sans-titre-7.png 400w, https:\/\/www.sweeek.fr\/blog\/wp-content\/uploads\/2023\/03\/Sans-titre-7-218x300.png 218w\" sizes=\"(max-width: 400px) 100vw, 400px\" \/><figcaption>cr\u00e9dit photo : https:\/\/deavita.fr\/<\/figcaption><\/figure>\n<\/div>\n\n\n\n<div class=\"wp-block-column is-layout-flow wp-block-column-is-layout-flow\">\n<figure class=\"wp-block-image size-full\"><img loading=\"lazy\" decoding=\"async\" width=\"400\" height=\"550\" src=\"https:\/\/www.sweeek.fr\/blog\/wp-content\/uploads\/2023\/03\/Sans-titre-6.png\" alt=\"panier machine \u00e0 laver\" class=\"wp-image-13234\" srcset=\"https:\/\/www.sweeek.fr\/blog\/wp-content\/uploads\/2023\/03\/Sans-titre-6.png 400w, https:\/\/www.sweeek.fr\/blog\/wp-content\/uploads\/2023\/03\/Sans-titre-6-218x300.png 218w\" sizes=\"(max-width: 400px) 100vw, 400px\" \/><figcaption>cr\u00e9dit photo : https:\/\/www.pinterest.fr\/<\/figcaption><\/figure>\n<\/div>\n\n\n\n<div class=\"wp-block-column is-layout-flow wp-block-column-is-layout-flow\">\n<figure class=\"wp-block-image size-full\"><img loading=\"lazy\" decoding=\"async\" width=\"400\" height=\"550\" src=\"https:\/\/www.sweeek.fr\/blog\/wp-content\/uploads\/2023\/03\/Sans-titre-5.png\" alt=\"buanderie\" class=\"wp-image-13235\" srcset=\"https:\/\/www.sweeek.fr\/blog\/wp-content\/uploads\/2023\/03\/Sans-titre-5.png 400w, https:\/\/www.sweeek.fr\/blog\/wp-content\/uploads\/2023\/03\/Sans-titre-5-218x300.png 218w\" sizes=\"(max-width: 400px) 100vw, 400px\" \/><figcaption>cr\u00e9dit photo : https:\/\/mudryakova.ru\/<\/figcaption><\/figure>\n<\/div>\n<\/div>\n\n\n\n<div style=\"height:100px\" aria-hidden=\"true\" class=\"wp-block-spacer\"><\/div>\n\n\n\n<div class=\"wp-block-media-text alignwide is-stacked-on-mobile\" style=\"grid-template-columns:25% auto\"><figure class=\"wp-block-media-text__media\"><img loading=\"lazy\" decoding=\"async\" width=\"400\" height=\"550\" src=\"https:\/\/www.sweeek.fr\/blog\/wp-content\/uploads\/2023\/03\/Sans-titre-8.png\" alt=\"rangement buanderie\" class=\"wp-image-13237 size-full\" srcset=\"https:\/\/www.sweeek.fr\/blog\/wp-content\/uploads\/2023\/03\/Sans-titre-8.png 400w, https:\/\/www.sweeek.fr\/blog\/wp-content\/uploads\/2023\/03\/Sans-titre-8-218x300.png 218w\" sizes=\"(max-width: 400px) 100vw, 400px\" \/><\/figure><div class=\"wp-block-media-text__content\">\n<h3 class=\"wp-block-heading\"><strong>Place aux id\u00e9es d\u00e9co pour une buanderie super styl\u00e9e !<\/strong><\/h3>\n\n\n\n<p>Avoir des rangements super optimis\u00e9s, c&rsquo;est bien, mais avoir un espace tendance et dot\u00e9 de beaucoup de style, c&rsquo;est mieux !<br>Pour cela quoi de mieux qu\u2019une d\u00e9co personnalis\u00e9e ? Finis les bouteilles ou les cartons tous moches, place aux bocaux en verre unis ou aux inscriptions et motifs design. Pour parfaire encore plus votre d\u00e9co, choisissez des affiches tendances avec des dessins, des citations ou renseignements sur les techniques de lavages ou sur le linge tout simplement. Vous verrez, cela cr\u00e9era un effet tr\u00e8s sympa ! Enfin pour un c\u00f4t\u00e9 plus zen, n\u2019h\u00e9sitez pas \u00e0 rajouter des plantes qui aiment qui plus est l\u2019humidit\u00e9 ! Elles s\u2019y plairont \u00e0 coup s\u00fbr !<br>Pour terminer, si vous disposez d&rsquo;une pi\u00e8ce, optez pour de la couleur ou pour des motifs fantaisie pour les murs et partez sur des \u00e9tag\u00e8res en bois clair pour y ranger vos produits d\u2019entretien. Le tout cr\u00e9era un espace moderne et chaleureux !<\/p>\n\n\n\n<p>Cr\u00e9dit photo : https:\/\/simplybeautifulbyangela.com\/<\/p>\n<\/div><\/div>\n\n\n\n<div style=\"height:53px\" aria-hidden=\"true\" class=\"wp-block-spacer\"><\/div>\n","protected":false},"excerpt":{"rendered":"<p>Mmmh \u00e7a sent bon la lessive par ici, ne serions-nous pas dans une buanderie ? Petit coin indispensable dans chaque int\u00e9rieur, il est toujours bien de savoir comment l&rsquo;am\u00e9nager pour avoir tout ce dont on a besoin \u00e0 port\u00e9e de main. Que vous soyez dans un petit espace ou que vous disposiez d&rsquo;une pi\u00e8ce enti\u00e8re [&hellip;]<\/p>\n","protected":false},"author":6,"featured_media":19835,"comment_status":"open","ping_status":"closed","sticky":false,"template":"","format":"standard","meta":{"inline_featured_image":false,"_uag_custom_page_level_css":"","ocean_post_layout":"","ocean_both_sidebars_style":"","ocean_both_sidebars_content_width":0,"ocean_both_sidebars_sidebars_width":0,"ocean_sidebar":"0","ocean_second_sidebar":"0","ocean_disable_margins":"enable","ocean_add_body_class":"","ocean_shortcode_before_top_bar":"","ocean_shortcode_after_top_bar":"","ocean_shortcode_before_header":"","ocean_shortcode_after_header":"","ocean_has_shortcode":"","ocean_shortcode_after_title":"","ocean_shortcode_before_footer_widgets":"","ocean_shortcode_after_footer_widgets":"","ocean_shortcode_before_footer_bottom":"","ocean_shortcode_after_footer_bottom":"","ocean_display_top_bar":"default","ocean_display_header":"default","ocean_header_style":"","ocean_center_header_left_menu":"0","ocean_custom_header_template":"0","ocean_custom_logo":0,"ocean_custom_retina_logo":0,"ocean_custom_logo_max_width":0,"ocean_custom_logo_tablet_max_width":0,"ocean_custom_logo_mobile_max_width":0,"ocean_custom_logo_max_height":0,"ocean_custom_logo_tablet_max_height":0,"ocean_custom_logo_mobile_max_height":0,"ocean_header_custom_menu":"0","ocean_menu_typo_font_family":"0","ocean_menu_typo_font_subset":"","ocean_menu_typo_font_size":0,"ocean_menu_typo_font_size_tablet":0,"ocean_menu_typo_font_size_mobile":0,"ocean_menu_typo_font_size_unit":"px","ocean_menu_typo_font_weight":"","ocean_menu_typo_font_weight_tablet":"","ocean_menu_typo_font_weight_mobile":"","ocean_menu_typo_transform":"","ocean_menu_typo_transform_tablet":"","ocean_menu_typo_transform_mobile":"","ocean_menu_typo_line_height":0,"ocean_menu_typo_line_height_tablet":0,"ocean_menu_typo_line_height_mobile":0,"ocean_menu_typo_line_height_unit":"","ocean_menu_typo_spacing":0,"ocean_menu_typo_spacing_tablet":0,"ocean_menu_typo_spacing_mobile":0,"ocean_menu_typo_spacing_unit":"","ocean_menu_link_color":"","ocean_menu_link_color_hover":"","ocean_menu_link_color_active":"","ocean_menu_link_background":"","ocean_menu_link_hover_background":"","ocean_menu_link_active_background":"","ocean_menu_social_links_bg":"","ocean_menu_social_hover_links_bg":"","ocean_menu_social_links_color":"","ocean_menu_social_hover_links_color":"","ocean_disable_title":"default","ocean_disable_heading":"default","ocean_post_title":"","ocean_post_subheading":"","ocean_post_title_style":"","ocean_post_title_background_color":"","ocean_post_title_background":0,"ocean_post_title_bg_image_position":"","ocean_post_title_bg_image_attachment":"","ocean_post_title_bg_image_repeat":"","ocean_post_title_bg_image_size":"","ocean_post_title_height":0,"ocean_post_title_bg_overlay":0.5,"ocean_post_title_bg_overlay_color":"","ocean_disable_breadcrumbs":"default","ocean_breadcrumbs_color":"","ocean_breadcrumbs_separator_color":"","ocean_breadcrumbs_links_color":"","ocean_breadcrumbs_links_hover_color":"","ocean_display_footer_widgets":"default","ocean_display_footer_bottom":"default","ocean_custom_footer_template":"0","ocean_post_oembed":"","ocean_post_self_hosted_media":"","ocean_post_video_embed":"","ocean_link_format":"","ocean_link_format_target":"self","ocean_quote_format":"","ocean_quote_format_link":"post","ocean_gallery_link_images":"off","ocean_gallery_id":[],"footnotes":""},"categories":[374],"tags":[],"class_list":["post-13132","post","type-post","status-publish","format-standard","has-post-thumbnail","hentry","category-tendances","entry","has-media"],"yoast_head":"<!-- This site is optimized with the Yoast SEO plugin v27.5 - https:\/\/yoast.com\/product\/yoast-seo-wordpress\/ -->\n<title>Comment am\u00e9nager son espace buanderie ? &#8211; Les Conseils sweeek<\/title>\n<meta name=\"description\" content=\"C&#039;est sans doute la derni\u00e8re pi\u00e8ce que l&#039;on pense \u00e0 am\u00e9nager, et pourtant c&#039;est s\u00fbrement celle qui en \u00e0 le plus besoin.\" \/>\n<meta name=\"robots\" content=\"index, follow, max-snippet:-1, max-image-preview:large, max-video-preview:-1\" \/>\n<link rel=\"canonical\" href=\"https:\/\/www.sweeek.fr\/blog\/comment-amenager-son-espace-buanderie\/\" \/>\n<meta property=\"og:locale\" content=\"fr_FR\" \/>\n<meta property=\"og:type\" content=\"article\" \/>\n<meta property=\"og:title\" content=\"Comment am\u00e9nager son espace buanderie ? &#8211; Les Conseils sweeek\" \/>\n<meta property=\"og:description\" content=\"C&#039;est sans doute la derni\u00e8re pi\u00e8ce que l&#039;on pense \u00e0 am\u00e9nager, et pourtant c&#039;est s\u00fbrement celle qui en \u00e0 le plus besoin.\" \/>\n<meta property=\"og:url\" content=\"https:\/\/www.sweeek.fr\/blog\/comment-amenager-son-espace-buanderie\/\" \/>\n<meta property=\"og:site_name\" content=\"Les Conseils sweeek\" \/>\n<meta property=\"article:published_time\" content=\"2023-03-07T15:53:07+00:00\" \/>\n<meta property=\"article:modified_time\" content=\"2026-04-07T10:28:37+00:00\" \/>\n<meta property=\"og:image\" content=\"https:\/\/www.sweeek.fr\/blog\/wp-content\/uploads\/2023\/03\/amenagement-espace-buanderie.jpg\" \/>\n\t<meta property=\"og:image:width\" content=\"1024\" \/>\n\t<meta property=\"og:image:height\" content=\"682\" \/>\n\t<meta property=\"og:image:type\" content=\"image\/jpeg\" \/>\n<meta name=\"author\" content=\"Cl\u00e9mentine Coppenolle\" \/>\n<meta name=\"twitter:card\" content=\"summary_large_image\" \/>\n<meta name=\"twitter:label1\" content=\"\u00c9crit par\" \/>\n\t<meta name=\"twitter:data1\" content=\"Cl\u00e9mentine Coppenolle\" \/>\n\t<meta name=\"twitter:label2\" content=\"Dur\u00e9e de lecture estim\u00e9e\" \/>\n\t<meta name=\"twitter:data2\" content=\"6 minutes\" \/>\n<script type=\"application\/ld+json\" class=\"yoast-schema-graph\">{\"@context\":\"https:\\\/\\\/schema.org\",\"@graph\":[{\"@type\":\"Article\",\"@id\":\"https:\\\/\\\/www.sweeek.fr\\\/blog\\\/comment-amenager-son-espace-buanderie\\\/#article\",\"isPartOf\":{\"@id\":\"https:\\\/\\\/www.sweeek.fr\\\/blog\\\/comment-amenager-son-espace-buanderie\\\/\"},\"author\":{\"name\":\"Cl\u00e9mentine Coppenolle\",\"@id\":\"https:\\\/\\\/www.sweeek.fr\\\/blog\\\/#\\\/schema\\\/person\\\/832fe52b7dba48da75fba576c3a147c4\"},\"headline\":\"Comment am\u00e9nager son espace buanderie ?\",\"datePublished\":\"2023-03-07T15:53:07+00:00\",\"dateModified\":\"2026-04-07T10:28:37+00:00\",\"mainEntityOfPage\":{\"@id\":\"https:\\\/\\\/www.sweeek.fr\\\/blog\\\/comment-amenager-son-espace-buanderie\\\/\"},\"wordCount\":973,\"commentCount\":0,\"publisher\":{\"@id\":\"https:\\\/\\\/www.sweeek.fr\\\/blog\\\/#organization\"},\"image\":{\"@id\":\"https:\\\/\\\/www.sweeek.fr\\\/blog\\\/comment-amenager-son-espace-buanderie\\\/#primaryimage\"},\"thumbnailUrl\":\"https:\\\/\\\/www.sweeek.fr\\\/blog\\\/wp-content\\\/uploads\\\/2023\\\/03\\\/amenagement-espace-buanderie.jpg\",\"articleSection\":[\"Tendances\"],\"inLanguage\":\"fr-FR\",\"potentialAction\":[{\"@type\":\"CommentAction\",\"name\":\"Comment\",\"target\":[\"https:\\\/\\\/www.sweeek.fr\\\/blog\\\/comment-amenager-son-espace-buanderie\\\/#respond\"]}]},{\"@type\":\"WebPage\",\"@id\":\"https:\\\/\\\/www.sweeek.fr\\\/blog\\\/comment-amenager-son-espace-buanderie\\\/\",\"url\":\"https:\\\/\\\/www.sweeek.fr\\\/blog\\\/comment-amenager-son-espace-buanderie\\\/\",\"name\":\"Comment am\u00e9nager son espace buanderie ? &#8211; Les Conseils sweeek\",\"isPartOf\":{\"@id\":\"https:\\\/\\\/www.sweeek.fr\\\/blog\\\/#website\"},\"primaryImageOfPage\":{\"@id\":\"https:\\\/\\\/www.sweeek.fr\\\/blog\\\/comment-amenager-son-espace-buanderie\\\/#primaryimage\"},\"image\":{\"@id\":\"https:\\\/\\\/www.sweeek.fr\\\/blog\\\/comment-amenager-son-espace-buanderie\\\/#primaryimage\"},\"thumbnailUrl\":\"https:\\\/\\\/www.sweeek.fr\\\/blog\\\/wp-content\\\/uploads\\\/2023\\\/03\\\/amenagement-espace-buanderie.jpg\",\"datePublished\":\"2023-03-07T15:53:07+00:00\",\"dateModified\":\"2026-04-07T10:28:37+00:00\",\"description\":\"C'est sans doute la derni\u00e8re pi\u00e8ce que l'on pense \u00e0 am\u00e9nager, et pourtant c'est s\u00fbrement celle qui en \u00e0 le plus besoin.\",\"breadcrumb\":{\"@id\":\"https:\\\/\\\/www.sweeek.fr\\\/blog\\\/comment-amenager-son-espace-buanderie\\\/#breadcrumb\"},\"inLanguage\":\"fr-FR\",\"potentialAction\":[{\"@type\":\"ReadAction\",\"target\":[\"https:\\\/\\\/www.sweeek.fr\\\/blog\\\/comment-amenager-son-espace-buanderie\\\/\"]}]},{\"@type\":\"ImageObject\",\"inLanguage\":\"fr-FR\",\"@id\":\"https:\\\/\\\/www.sweeek.fr\\\/blog\\\/comment-amenager-son-espace-buanderie\\\/#primaryimage\",\"url\":\"https:\\\/\\\/www.sweeek.fr\\\/blog\\\/wp-content\\\/uploads\\\/2023\\\/03\\\/amenagement-espace-buanderie.jpg\",\"contentUrl\":\"https:\\\/\\\/www.sweeek.fr\\\/blog\\\/wp-content\\\/uploads\\\/2023\\\/03\\\/amenagement-espace-buanderie.jpg\",\"width\":1024,\"height\":682,\"caption\":\"amenagement espace buanderie\"},{\"@type\":\"BreadcrumbList\",\"@id\":\"https:\\\/\\\/www.sweeek.fr\\\/blog\\\/comment-amenager-son-espace-buanderie\\\/#breadcrumb\",\"itemListElement\":[{\"@type\":\"ListItem\",\"position\":1,\"name\":\"Accueil\",\"item\":\"https:\\\/\\\/www.sweeek.fr\\\/blog\\\/\"},{\"@type\":\"ListItem\",\"position\":2,\"name\":\"Comment am\u00e9nager son espace buanderie ?\"}]},{\"@type\":\"WebSite\",\"@id\":\"https:\\\/\\\/www.sweeek.fr\\\/blog\\\/#website\",\"url\":\"https:\\\/\\\/www.sweeek.fr\\\/blog\\\/\",\"name\":\"Les Conseils sweeek\",\"description\":\"Conseils et inspirations\",\"publisher\":{\"@id\":\"https:\\\/\\\/www.sweeek.fr\\\/blog\\\/#organization\"},\"potentialAction\":[{\"@type\":\"SearchAction\",\"target\":{\"@type\":\"EntryPoint\",\"urlTemplate\":\"https:\\\/\\\/www.sweeek.fr\\\/blog\\\/?s={search_term_string}\"},\"query-input\":{\"@type\":\"PropertyValueSpecification\",\"valueRequired\":true,\"valueName\":\"search_term_string\"}}],\"inLanguage\":\"fr-FR\"},{\"@type\":\"Organization\",\"@id\":\"https:\\\/\\\/www.sweeek.fr\\\/blog\\\/#organization\",\"name\":\"sweeek\",\"url\":\"https:\\\/\\\/www.sweeek.fr\\\/blog\\\/\",\"logo\":{\"@type\":\"ImageObject\",\"inLanguage\":\"fr-FR\",\"@id\":\"https:\\\/\\\/www.sweeek.fr\\\/blog\\\/#\\\/schema\\\/logo\\\/image\\\/\",\"url\":\"https:\\\/\\\/www.sweeek.fr\\\/blog\\\/wp-content\\\/uploads\\\/2023\\\/10\\\/blog-sweeek-logo2.png\",\"contentUrl\":\"https:\\\/\\\/www.sweeek.fr\\\/blog\\\/wp-content\\\/uploads\\\/2023\\\/10\\\/blog-sweeek-logo2.png\",\"width\":328,\"height\":90,\"caption\":\"sweeek\"},\"image\":{\"@id\":\"https:\\\/\\\/www.sweeek.fr\\\/blog\\\/#\\\/schema\\\/logo\\\/image\\\/\"}},{\"@type\":\"Person\",\"@id\":\"https:\\\/\\\/www.sweeek.fr\\\/blog\\\/#\\\/schema\\\/person\\\/832fe52b7dba48da75fba576c3a147c4\",\"name\":\"Cl\u00e9mentine Coppenolle\",\"image\":{\"@type\":\"ImageObject\",\"inLanguage\":\"fr-FR\",\"@id\":\"https:\\\/\\\/secure.gravatar.com\\\/avatar\\\/c8772ad8a971d87ec8b352525ac6e6e209eedd698ad76596a4c1d423060cd5d2?s=96&d=mm&r=g\",\"url\":\"https:\\\/\\\/secure.gravatar.com\\\/avatar\\\/c8772ad8a971d87ec8b352525ac6e6e209eedd698ad76596a4c1d423060cd5d2?s=96&d=mm&r=g\",\"contentUrl\":\"https:\\\/\\\/secure.gravatar.com\\\/avatar\\\/c8772ad8a971d87ec8b352525ac6e6e209eedd698ad76596a4c1d423060cd5d2?s=96&d=mm&r=g\",\"caption\":\"Cl\u00e9mentine Coppenolle\"}}]}<\/script>\n<!-- \/ Yoast SEO plugin. -->","yoast_head_json":{"title":"Comment am\u00e9nager son espace buanderie ? &#8211; Les Conseils sweeek","description":"C'est sans doute la derni\u00e8re pi\u00e8ce que l'on pense \u00e0 am\u00e9nager, et pourtant c'est s\u00fbrement celle qui en \u00e0 le plus besoin.","robots":{"index":"index","follow":"follow","max-snippet":"max-snippet:-1","max-image-preview":"max-image-preview:large","max-video-preview":"max-video-preview:-1"},"canonical":"https:\/\/www.sweeek.fr\/blog\/comment-amenager-son-espace-buanderie\/","og_locale":"fr_FR","og_type":"article","og_title":"Comment am\u00e9nager son espace buanderie ? &#8211; Les Conseils sweeek","og_description":"C'est sans doute la derni\u00e8re pi\u00e8ce que l'on pense \u00e0 am\u00e9nager, et pourtant c'est s\u00fbrement celle qui en \u00e0 le plus besoin.","og_url":"https:\/\/www.sweeek.fr\/blog\/comment-amenager-son-espace-buanderie\/","og_site_name":"Les Conseils sweeek","article_published_time":"2023-03-07T15:53:07+00:00","article_modified_time":"2026-04-07T10:28:37+00:00","og_image":[{"width":1024,"height":682,"url":"https:\/\/www.sweeek.fr\/blog\/wp-content\/uploads\/2023\/03\/amenagement-espace-buanderie.jpg","type":"image\/jpeg"}],"author":"Cl\u00e9mentine Coppenolle","twitter_card":"summary_large_image","twitter_misc":{"\u00c9crit par":"Cl\u00e9mentine Coppenolle","Dur\u00e9e de lecture estim\u00e9e":"6 minutes"},"schema":{"@context":"https:\/\/schema.org","@graph":[{"@type":"Article","@id":"https:\/\/www.sweeek.fr\/blog\/comment-amenager-son-espace-buanderie\/#article","isPartOf":{"@id":"https:\/\/www.sweeek.fr\/blog\/comment-amenager-son-espace-buanderie\/"},"author":{"name":"Cl\u00e9mentine Coppenolle","@id":"https:\/\/www.sweeek.fr\/blog\/#\/schema\/person\/832fe52b7dba48da75fba576c3a147c4"},"headline":"Comment am\u00e9nager son espace buanderie ?","datePublished":"2023-03-07T15:53:07+00:00","dateModified":"2026-04-07T10:28:37+00:00","mainEntityOfPage":{"@id":"https:\/\/www.sweeek.fr\/blog\/comment-amenager-son-espace-buanderie\/"},"wordCount":973,"commentCount":0,"publisher":{"@id":"https:\/\/www.sweeek.fr\/blog\/#organization"},"image":{"@id":"https:\/\/www.sweeek.fr\/blog\/comment-amenager-son-espace-buanderie\/#primaryimage"},"thumbnailUrl":"https:\/\/www.sweeek.fr\/blog\/wp-content\/uploads\/2023\/03\/amenagement-espace-buanderie.jpg","articleSection":["Tendances"],"inLanguage":"fr-FR","potentialAction":[{"@type":"CommentAction","name":"Comment","target":["https:\/\/www.sweeek.fr\/blog\/comment-amenager-son-espace-buanderie\/#respond"]}]},{"@type":"WebPage","@id":"https:\/\/www.sweeek.fr\/blog\/comment-amenager-son-espace-buanderie\/","url":"https:\/\/www.sweeek.fr\/blog\/comment-amenager-son-espace-buanderie\/","name":"Comment am\u00e9nager son espace buanderie ? &#8211; Les Conseils sweeek","isPartOf":{"@id":"https:\/\/www.sweeek.fr\/blog\/#website"},"primaryImageOfPage":{"@id":"https:\/\/www.sweeek.fr\/blog\/comment-amenager-son-espace-buanderie\/#primaryimage"},"image":{"@id":"https:\/\/www.sweeek.fr\/blog\/comment-amenager-son-espace-buanderie\/#primaryimage"},"thumbnailUrl":"https:\/\/www.sweeek.fr\/blog\/wp-content\/uploads\/2023\/03\/amenagement-espace-buanderie.jpg","datePublished":"2023-03-07T15:53:07+00:00","dateModified":"2026-04-07T10:28:37+00:00","description":"C'est sans doute la derni\u00e8re pi\u00e8ce que l'on pense \u00e0 am\u00e9nager, et pourtant c'est s\u00fbrement celle qui en \u00e0 le plus besoin.","breadcrumb":{"@id":"https:\/\/www.sweeek.fr\/blog\/comment-amenager-son-espace-buanderie\/#breadcrumb"},"inLanguage":"fr-FR","potentialAction":[{"@type":"ReadAction","target":["https:\/\/www.sweeek.fr\/blog\/comment-amenager-son-espace-buanderie\/"]}]},{"@type":"ImageObject","inLanguage":"fr-FR","@id":"https:\/\/www.sweeek.fr\/blog\/comment-amenager-son-espace-buanderie\/#primaryimage","url":"https:\/\/www.sweeek.fr\/blog\/wp-content\/uploads\/2023\/03\/amenagement-espace-buanderie.jpg","contentUrl":"https:\/\/www.sweeek.fr\/blog\/wp-content\/uploads\/2023\/03\/amenagement-espace-buanderie.jpg","width":1024,"height":682,"caption":"amenagement espace buanderie"},{"@type":"BreadcrumbList","@id":"https:\/\/www.sweeek.fr\/blog\/comment-amenager-son-espace-buanderie\/#breadcrumb","itemListElement":[{"@type":"ListItem","position":1,"name":"Accueil","item":"https:\/\/www.sweeek.fr\/blog\/"},{"@type":"ListItem","position":2,"name":"Comment am\u00e9nager son espace buanderie ?"}]},{"@type":"WebSite","@id":"https:\/\/www.sweeek.fr\/blog\/#website","url":"https:\/\/www.sweeek.fr\/blog\/","name":"Les Conseils sweeek","description":"Conseils et inspirations","publisher":{"@id":"https:\/\/www.sweeek.fr\/blog\/#organization"},"potentialAction":[{"@type":"SearchAction","target":{"@type":"EntryPoint","urlTemplate":"https:\/\/www.sweeek.fr\/blog\/?s={search_term_string}"},"query-input":{"@type":"PropertyValueSpecification","valueRequired":true,"valueName":"search_term_string"}}],"inLanguage":"fr-FR"},{"@type":"Organization","@id":"https:\/\/www.sweeek.fr\/blog\/#organization","name":"sweeek","url":"https:\/\/www.sweeek.fr\/blog\/","logo":{"@type":"ImageObject","inLanguage":"fr-FR","@id":"https:\/\/www.sweeek.fr\/blog\/#\/schema\/logo\/image\/","url":"https:\/\/www.sweeek.fr\/blog\/wp-content\/uploads\/2023\/10\/blog-sweeek-logo2.png","contentUrl":"https:\/\/www.sweeek.fr\/blog\/wp-content\/uploads\/2023\/10\/blog-sweeek-logo2.png","width":328,"height":90,"caption":"sweeek"},"image":{"@id":"https:\/\/www.sweeek.fr\/blog\/#\/schema\/logo\/image\/"}},{"@type":"Person","@id":"https:\/\/www.sweeek.fr\/blog\/#\/schema\/person\/832fe52b7dba48da75fba576c3a147c4","name":"Cl\u00e9mentine Coppenolle","image":{"@type":"ImageObject","inLanguage":"fr-FR","@id":"https:\/\/secure.gravatar.com\/avatar\/c8772ad8a971d87ec8b352525ac6e6e209eedd698ad76596a4c1d423060cd5d2?s=96&d=mm&r=g","url":"https:\/\/secure.gravatar.com\/avatar\/c8772ad8a971d87ec8b352525ac6e6e209eedd698ad76596a4c1d423060cd5d2?s=96&d=mm&r=g","contentUrl":"https:\/\/secure.gravatar.com\/avatar\/c8772ad8a971d87ec8b352525ac6e6e209eedd698ad76596a4c1d423060cd5d2?s=96&d=mm&r=g","caption":"Cl\u00e9mentine Coppenolle"}}]}},"uagb_featured_image_src":{"full":["https:\/\/www.sweeek.fr\/blog\/wp-content\/uploads\/2023\/03\/amenagement-espace-buanderie.jpg",1024,682,false],"thumbnail":["https:\/\/www.sweeek.fr\/blog\/wp-content\/uploads\/2023\/03\/amenagement-espace-buanderie-150x150.jpg",150,150,true],"medium":["https:\/\/www.sweeek.fr\/blog\/wp-content\/uploads\/2023\/03\/amenagement-espace-buanderie-300x200.jpg",300,200,true],"medium_large":["https:\/\/www.sweeek.fr\/blog\/wp-content\/uploads\/2023\/03\/amenagement-espace-buanderie-768x512.jpg",768,512,true],"large":["https:\/\/www.sweeek.fr\/blog\/wp-content\/uploads\/2023\/03\/amenagement-espace-buanderie.jpg",1024,682,false],"1536x1536":["https:\/\/www.sweeek.fr\/blog\/wp-content\/uploads\/2023\/03\/amenagement-espace-buanderie.jpg",1024,682,false],"2048x2048":["https:\/\/www.sweeek.fr\/blog\/wp-content\/uploads\/2023\/03\/amenagement-espace-buanderie.jpg",1024,682,false],"ocean-thumb-m":["https:\/\/www.sweeek.fr\/blog\/wp-content\/uploads\/2023\/03\/amenagement-espace-buanderie-600x600.jpg",600,600,true],"ocean-thumb-ml":["https:\/\/www.sweeek.fr\/blog\/wp-content\/uploads\/2023\/03\/amenagement-espace-buanderie-800x450.jpg",800,450,true],"ocean-thumb-l":["https:\/\/www.sweeek.fr\/blog\/wp-content\/uploads\/2023\/03\/amenagement-espace-buanderie.jpg",1024,682,false]},"uagb_author_info":{"display_name":"Cl\u00e9mentine Coppenolle","author_link":"https:\/\/www.sweeek.fr\/blog"},"uagb_comment_info":0,"uagb_excerpt":"Mmmh \u00e7a sent bon la lessive par ici, ne serions-nous pas dans une buanderie ? Petit coin indispensable dans chaque int\u00e9rieur, il est toujours bien de savoir comment l&rsquo;am\u00e9nager pour avoir tout ce dont on a besoin \u00e0 port\u00e9e de main. Que vous soyez dans un petit espace ou que vous disposiez d&rsquo;une pi\u00e8ce enti\u00e8re\u2026","_links":{"self":[{"href":"https:\/\/www.sweeek.fr\/blog\/wp-json\/wp\/v2\/posts\/13132","targetHints":{"allow":["GET"]}}],"collection":[{"href":"https:\/\/www.sweeek.fr\/blog\/wp-json\/wp\/v2\/posts"}],"about":[{"href":"https:\/\/www.sweeek.fr\/blog\/wp-json\/wp\/v2\/types\/post"}],"author":[{"embeddable":true,"href":"https:\/\/www.sweeek.fr\/blog\/wp-json\/wp\/v2\/users\/6"}],"replies":[{"embeddable":true,"href":"https:\/\/www.sweeek.fr\/blog\/wp-json\/wp\/v2\/comments?post=13132"}],"version-history":[{"count":15,"href":"https:\/\/www.sweeek.fr\/blog\/wp-json\/wp\/v2\/posts\/13132\/revisions"}],"predecessor-version":[{"id":20373,"href":"https:\/\/www.sweeek.fr\/blog\/wp-json\/wp\/v2\/posts\/13132\/revisions\/20373"}],"wp:featuredmedia":[{"embeddable":true,"href":"https:\/\/www.sweeek.fr\/blog\/wp-json\/wp\/v2\/media\/19835"}],"wp:attachment":[{"href":"https:\/\/www.sweeek.fr\/blog\/wp-json\/wp\/v2\/media?parent=13132"}],"wp:term":[{"taxonomy":"category","embeddable":true,"href":"https:\/\/www.sweeek.fr\/blog\/wp-json\/wp\/v2\/categories?post=13132"},{"taxonomy":"post_tag","embeddable":true,"href":"https:\/\/www.sweeek.fr\/blog\/wp-json\/wp\/v2\/tags?post=13132"}],"curies":[{"name":"wp","href":"https:\/\/api.w.org\/{rel}","templated":true}]}}