{"id":12710,"date":"2022-11-10T11:42:12","date_gmt":"2022-11-10T10:42:12","guid":{"rendered":"https:\/\/www.sweeek.fr\/blog\/?p=12710"},"modified":"2026-01-14T15:55:52","modified_gmt":"2026-01-14T14:55:52","slug":"5-plantes-qui-vivent-dans-le-noir-ou-presque","status":"publish","type":"post","link":"https:\/\/www.sweeek.fr\/blog\/5-plantes-qui-vivent-dans-le-noir-ou-presque\/","title":{"rendered":"5 plantes qui vivent dans le noir (ou presque) !"},"content":{"rendered":"\n<p class=\"has-text-align-center\">Il fait tout noir chez vous, mais vous adorez la nature et ses plantes ? Ou encore vous habitez au rez-de-chauss\u00e9e et \u00eates oblig\u00e9s de fermer les volets \u00e0 chacune de vos sorties pour ne pas risquer de vous faire casser un carreau ? Pas de panique, on vous a trouv\u00e9 5 plantes qui vivent dans le noir (ou presque)  pour que votre manque de lumi\u00e8re ne vous cause pas du tort. Et oui, \u00e7a existe, les plantes n&rsquo;ont pas toujours besoin de soleil pour \u00eatre belles et en bonne sant\u00e9 ! D\u00e9couvrez de quelles esp\u00e8ces il s\u2019agit dans cet article !<\/p>\n\n\n\n<div style=\"height:100px\" aria-hidden=\"true\" class=\"wp-block-spacer\"><\/div>\n\n\n\n<div class=\"wp-block-media-text alignwide is-stacked-on-mobile\" style=\"grid-template-columns:22% auto\"><figure class=\"wp-block-media-text__media\"><img fetchpriority=\"high\" decoding=\"async\" width=\"400\" height=\"550\" src=\"https:\/\/www.sweeek.fr\/blog\/wp-content\/uploads\/2022\/11\/Sans-titre-2022-11-04T101815.960.png\" alt=\"la calath\u00e9a, plante qui vit dans le noir \" class=\"wp-image-12711 size-full\" srcset=\"https:\/\/www.sweeek.fr\/blog\/wp-content\/uploads\/2022\/11\/Sans-titre-2022-11-04T101815.960.png 400w, https:\/\/www.sweeek.fr\/blog\/wp-content\/uploads\/2022\/11\/Sans-titre-2022-11-04T101815.960-218x300.png 218w\" sizes=\"(max-width: 400px) 100vw, 400px\" \/><\/figure><div class=\"wp-block-media-text__content\">\n<h4 class=\"wp-block-heading\"><strong>Le Calath\u00e9a <\/strong><\/h4>\n\n\n\n<p>Cette jolie plante aux feuilles uniques et ray\u00e9es est la plante id\u00e9ale pour habiller \u00e9l\u00e9gamment votre int\u00e9rieur ! Selon son esp\u00e8ce, cette plante peut avoir des fleurs de diff\u00e9rentes envergures et couleurs (blanc, rose, jaune, violet\u2026)&nbsp; Le Calath\u00e9a est issu d\u2019un climat chaud et humide, le mettre dans votre salle de bain lui fera le plus grand bien ! Et vous savez quoi ?  Les plantes, c&rsquo;est vraiment trop tendance dans une salle d&rsquo;eau ! Alors pourquoi ne pas tenter l&rsquo;exp\u00e9rience en y mettant celle-ci ? Le Calath\u00e9a a besoin de peu de lumi\u00e8re pour se d\u00e9velopper, il pr\u00e9f\u00e8re d&rsquo;ailleurs \u00eatre \u00e0 l&rsquo;ombre plut\u00f4t que de cramer au soleil ! \u00c9vitez aussi de le mettre pr\u00e8s d&rsquo;un radiateur car, il \u00e0 besoin d&rsquo;\u00eatre humide pour se sentir bien. Enfin, arrosez le tous les 2 \u00e0 3 jours et vaporisez r\u00e9guli\u00e8rement ses feuilles avec de l&rsquo;eau claire, et c&rsquo;est tout !<\/p>\n\n\n\n<p>Cr\u00e9dit photo : vertbobo.fr<\/p>\n<\/div><\/div>\n\n\n\n<div style=\"height:100px\" aria-hidden=\"true\" class=\"wp-block-spacer\"><\/div>\n\n\n\n<div style=\"height:50px\" aria-hidden=\"true\" class=\"wp-block-spacer\"><\/div>\n\n\n\n<div class=\"wp-block-media-text alignwide has-media-on-the-right is-stacked-on-mobile\" style=\"grid-template-columns:auto 22%\"><figure class=\"wp-block-media-text__media\"><img decoding=\"async\" width=\"400\" height=\"550\" src=\"https:\/\/www.sweeek.fr\/blog\/wp-content\/uploads\/2022\/11\/Sans-titre-2022-11-07T094531.454.png\" alt=\"Le clivia, plante qui vit dans le noir \" class=\"wp-image-12725 size-full\" srcset=\"https:\/\/www.sweeek.fr\/blog\/wp-content\/uploads\/2022\/11\/Sans-titre-2022-11-07T094531.454.png 400w, https:\/\/www.sweeek.fr\/blog\/wp-content\/uploads\/2022\/11\/Sans-titre-2022-11-07T094531.454-218x300.png 218w\" sizes=\"(max-width: 400px) 100vw, 400px\" \/><\/figure><div class=\"wp-block-media-text__content\">\n<h4 class=\"wp-block-heading\"><strong>Le Clivia <\/strong><\/h4>\n\n\n\n<p>Si vous aimez les fleurs en int\u00e9rieur, alors vous allez craquer pour le Clivia ! Aussi appel\u00e9 Lis de Saint Joseph, le Clivia est une plante qui se pla\u00eet dans un environnement ombrag\u00e9 avec beaucoup d&rsquo;humidit\u00e9. Nous vous conseillons alors de le placer dans un endroit sans lumi\u00e8re directe ou au rebord de votre fen\u00eatre d&rsquo;exposition nord. Avec ses magnifiques feuilles d&rsquo;un vert sombre, cette plante vous offrira des fleurs jaunes, oranges ou encore rouges qui sentent bon et ce m\u00eame en hiver ! C\u00f4t\u00e9 temp\u00e9rature, le Clivia est un peu comme nous, au printemps et en \u00e9t\u00e9 il se pla\u00eet dans une pi\u00e8ce o\u00f9 la temp\u00e9rature est de 15 \u00e0 20 degr\u00e9s, mais en hiver, il pr\u00e9f\u00e8re quand il fait plus froid : 10 degr\u00e9s. Derni\u00e8re petite chose \u00e0 savoir, la s\u00e8ve du clivia est toxique, il faudra donc faire attention \u00e0 ce que vos enfants et animaux ne s&rsquo;en approchent pas, de m\u00eame, nous vous recommandons de mettre des gants lorsque vous la manipulerez.&nbsp;<\/p>\n\n\n\n<p>Cr\u00e9dit photo : www.pinterest.fr<\/p>\n<\/div><\/div>\n\n\n\n<div style=\"height:100px\" aria-hidden=\"true\" class=\"wp-block-spacer\"><\/div>\n\n\n\n<div style=\"height:50px\" aria-hidden=\"true\" class=\"wp-block-spacer\"><\/div>\n\n\n\n<div class=\"wp-block-media-text alignwide is-stacked-on-mobile\" style=\"grid-template-columns:22% auto\"><figure class=\"wp-block-media-text__media\"><img decoding=\"async\" width=\"400\" height=\"550\" src=\"https:\/\/www.sweeek.fr\/blog\/wp-content\/uploads\/2022\/11\/Sans-titre-2022-11-04T103035.516.png\" alt=\"le caladium, plante qui vit dans le noir\" class=\"wp-image-12717 size-full\" srcset=\"https:\/\/www.sweeek.fr\/blog\/wp-content\/uploads\/2022\/11\/Sans-titre-2022-11-04T103035.516.png 400w, https:\/\/www.sweeek.fr\/blog\/wp-content\/uploads\/2022\/11\/Sans-titre-2022-11-04T103035.516-218x300.png 218w\" sizes=\"(max-width: 400px) 100vw, 400px\" \/><\/figure><div class=\"wp-block-media-text__content\">\n<h4 class=\"wp-block-heading\"><strong>Le Caladium <\/strong><\/h4>\n\n\n\n<p>Non mais regardez nous cette beaut\u00e9 ? N&rsquo;est-il pas magnifique ? Le Caladium poss\u00e8de des&nbsp;feuilles d&rsquo;un rose et vert p\u00e2les presque translucides qui lui apportent douceur et \u00e9l\u00e9gance. Ses feuilles n&rsquo;en restent pas moins tr\u00e8s fragiles, c&rsquo;est pourquoi, il faut y faire attention et ne pas exposer votre plante aux rayons du soleil ou pr\u00e8s d&rsquo;une source de chaleur comme un radiateur par exemple. Cette plante s&rsquo;\u00e9panouit dans un endroit humide et plus ou moins ombrag\u00e9. La lumi\u00e8re directe est \u00e0 bannir, car elle viendra br\u00fbler ses feuilles. Il est important de savoir que le caladium aime les temp\u00e9ratures tournant autour de 20 \u00e0 25 degr\u00e9s et que celui-ci est tr\u00e8s frileux, il faudra donc \u00e9viter les courants d&rsquo;air si vous ne voulez pas qu&rsquo;elle d\u00e9p\u00e9risse. Arrosez et vaporisez ses feuilles r\u00e9guli\u00e8rement pour pr\u00e9server son humidit\u00e9 et elle vous dira merci !&nbsp;<\/p>\n\n\n\n<p>Cr\u00e9dit photo : www.aufeminin.com<\/p>\n<\/div><\/div>\n\n\n\n<div style=\"height:100px\" aria-hidden=\"true\" class=\"wp-block-spacer\"><\/div>\n\n\n\n<div style=\"height:50px\" aria-hidden=\"true\" class=\"wp-block-spacer\"><\/div>\n\n\n\n<div class=\"wp-block-media-text alignwide has-media-on-the-right is-stacked-on-mobile\" style=\"grid-template-columns:auto 22%\"><figure class=\"wp-block-media-text__media\"><img loading=\"lazy\" decoding=\"async\" width=\"400\" height=\"550\" src=\"https:\/\/www.sweeek.fr\/blog\/wp-content\/uploads\/2022\/11\/Sans-titre-2022-11-04T102351.535-1.png\" alt=\"le ficus elastica, plante appr\u00e9ci\u00e9e dans nos int\u00e9rieurs \" class=\"wp-image-12716 size-full\" srcset=\"https:\/\/www.sweeek.fr\/blog\/wp-content\/uploads\/2022\/11\/Sans-titre-2022-11-04T102351.535-1.png 400w, https:\/\/www.sweeek.fr\/blog\/wp-content\/uploads\/2022\/11\/Sans-titre-2022-11-04T102351.535-1-218x300.png 218w\" sizes=\"(max-width: 400px) 100vw, 400px\" \/><\/figure><div class=\"wp-block-media-text__content\">\n<h4 class=\"wp-block-heading\"><strong>Le ficus Elastica <\/strong><\/h4>\n\n\n\n<p>Cette jolie plante tout en hauteur est tr\u00e8s appr\u00e9ci\u00e9e dans nos int\u00e9rieurs. Facile d&rsquo;entretien et facile \u00e0 vivre, elle se pla\u00eet autant dans un endroit peu \u00e9clair\u00e9 que dans un endroit tr\u00e8s lumineux. Contrairement aux plantes vu pr\u00e9c\u00e9demment la lumi\u00e8re directe ne lui pose pas de probl\u00e8me. Le ficus Elastica aime les environnements humides et chauds, il faudra donc bien v\u00e9rifier que ses conditions soient toujours respect\u00e9es si vous ne voulez pas le voir mourir. C\u00f4t\u00e9 arrosage, il est important de l&rsquo;arroser 2 \u00e0 3 fois par semaine en \u00e9t\u00e9 et 15 degr\u00e9s suffisent \u00e0 le rendre heureux et \u00e0 le garder en vie. Petite pr\u00e9cision, il faudra que vous attendiez que la terre s\u00e8che entre 2 arrosages. Enfin, petites astuces entre vous et nous : pincez les jeunes pousses si vous souhaitez que sa pousse ne se fasse pas uniquement en hauteur et passer un coup d&rsquo;\u00e9ponge humide lorsque ses feuilles sont poussi\u00e9reuses.<\/p>\n\n\n\n<p>Cr\u00e9dit photo : www.bergamotte.fr<\/p>\n<\/div><\/div>\n\n\n\n<div style=\"height:100px\" aria-hidden=\"true\" class=\"wp-block-spacer\"><\/div>\n\n\n\n<div style=\"height:50px\" aria-hidden=\"true\" class=\"wp-block-spacer\"><\/div>\n\n\n\n<div class=\"wp-block-media-text alignwide is-stacked-on-mobile\" style=\"grid-template-columns:22% auto\"><figure class=\"wp-block-media-text__media\"><img loading=\"lazy\" decoding=\"async\" width=\"400\" height=\"550\" src=\"https:\/\/www.sweeek.fr\/blog\/wp-content\/uploads\/2022\/11\/Sans-titre-2022-11-04T102126.513-1.png\" alt=\"pilea cadieri, plante qui vit dans le noir\" class=\"wp-image-12714 size-full\" srcset=\"https:\/\/www.sweeek.fr\/blog\/wp-content\/uploads\/2022\/11\/Sans-titre-2022-11-04T102126.513-1.png 400w, https:\/\/www.sweeek.fr\/blog\/wp-content\/uploads\/2022\/11\/Sans-titre-2022-11-04T102126.513-1-218x300.png 218w\" sizes=\"(max-width: 400px) 100vw, 400px\" \/><\/figure><div class=\"wp-block-media-text__content\">\n<h4 class=\"wp-block-heading\"><strong>Le Pilea Cadieri <\/strong><\/h4>\n\n\n\n<p>Tr\u00e8s d\u00e9corative, cette plante dispose d&rsquo;un grand charme. Ses feuilles poss\u00e8dent des reflets argent\u00e9s qui lui valent son nom de \u00ab\u00a0plante aluminium\u00a0\u00bb. Le Pilea Cadieri, fleurit en \u00e9t\u00e9 et de petites fleurs blanches viennent s&rsquo;ajouter \u00e0 ses feuilles. Cette plante n&rsquo;aime pas le soleil direct et pr\u00e9f\u00e8re les pi\u00e8ces peu lumineuses et o\u00f9, la temp\u00e9rature ne va pas en dessous de 13 degr\u00e9s. Tr\u00e8s simple d&rsquo;entretien, il ne demande \u00e0 \u00eatre arros\u00e9 que tous les 10 jours en hiver et 2 \u00e0 3 fois par semaine en \u00e9t\u00e9. Le Pilea reste une plante qui a besoin d&rsquo;humidit\u00e9 pour s&rsquo;\u00e9panouir, ainsi, il est important de vaporiser r\u00e9guli\u00e8rement ses feuilles et de l&rsquo;\u00e9loigner de toute source de chaleur. Enfin, pour les personnes allergiques au pollen, cette plante est \u00e0 \u00e9viter, car ses fleurs d\u00e9gagent un nuage de pollen en fleurissant. <\/p>\n\n\n\n<p>Cr\u00e9dit photo : www.hardtofind.com.au<\/p>\n<\/div><\/div>\n\n\n\n<div style=\"height:46px\" aria-hidden=\"true\" class=\"wp-block-spacer\"><\/div>\n\n\n\n<p>Cr\u00e9dit photo de mise en avant : www.notretemps.com<\/p>\n","protected":false},"excerpt":{"rendered":"<p>Il fait tout noir chez vous, mais vous adorez la nature et ses plantes ? Ou encore vous habitez au rez-de-chauss\u00e9e et \u00eates oblig\u00e9s de fermer les volets \u00e0 chacune de vos sorties pour ne pas risquer de vous faire casser un carreau ? Pas de panique, on vous a trouv\u00e9 5 plantes qui vivent [&hellip;]<\/p>\n","protected":false},"author":6,"featured_media":12721,"comment_status":"open","ping_status":"closed","sticky":false,"template":"","format":"standard","meta":{"inline_featured_image":false,"_uag_custom_page_level_css":"","ocean_post_layout":"","ocean_both_sidebars_style":"","ocean_both_sidebars_content_width":0,"ocean_both_sidebars_sidebars_width":0,"ocean_sidebar":"0","ocean_second_sidebar":"0","ocean_disable_margins":"enable","ocean_add_body_class":"","ocean_shortcode_before_top_bar":"","ocean_shortcode_after_top_bar":"","ocean_shortcode_before_header":"","ocean_shortcode_after_header":"","ocean_has_shortcode":"","ocean_shortcode_after_title":"","ocean_shortcode_before_footer_widgets":"","ocean_shortcode_after_footer_widgets":"","ocean_shortcode_before_footer_bottom":"","ocean_shortcode_after_footer_bottom":"","ocean_display_top_bar":"default","ocean_display_header":"default","ocean_header_style":"","ocean_center_header_left_menu":"0","ocean_custom_header_template":"0","ocean_custom_logo":0,"ocean_custom_retina_logo":0,"ocean_custom_logo_max_width":0,"ocean_custom_logo_tablet_max_width":0,"ocean_custom_logo_mobile_max_width":0,"ocean_custom_logo_max_height":0,"ocean_custom_logo_tablet_max_height":0,"ocean_custom_logo_mobile_max_height":0,"ocean_header_custom_menu":"0","ocean_menu_typo_font_family":"0","ocean_menu_typo_font_subset":"","ocean_menu_typo_font_size":0,"ocean_menu_typo_font_size_tablet":0,"ocean_menu_typo_font_size_mobile":0,"ocean_menu_typo_font_size_unit":"px","ocean_menu_typo_font_weight":"","ocean_menu_typo_font_weight_tablet":"","ocean_menu_typo_font_weight_mobile":"","ocean_menu_typo_transform":"","ocean_menu_typo_transform_tablet":"","ocean_menu_typo_transform_mobile":"","ocean_menu_typo_line_height":0,"ocean_menu_typo_line_height_tablet":0,"ocean_menu_typo_line_height_mobile":0,"ocean_menu_typo_line_height_unit":"","ocean_menu_typo_spacing":0,"ocean_menu_typo_spacing_tablet":0,"ocean_menu_typo_spacing_mobile":0,"ocean_menu_typo_spacing_unit":"","ocean_menu_link_color":"","ocean_menu_link_color_hover":"","ocean_menu_link_color_active":"","ocean_menu_link_background":"","ocean_menu_link_hover_background":"","ocean_menu_link_active_background":"","ocean_menu_social_links_bg":"","ocean_menu_social_hover_links_bg":"","ocean_menu_social_links_color":"","ocean_menu_social_hover_links_color":"","ocean_disable_title":"default","ocean_disable_heading":"default","ocean_post_title":"","ocean_post_subheading":"","ocean_post_title_style":"","ocean_post_title_background_color":"","ocean_post_title_background":0,"ocean_post_title_bg_image_position":"","ocean_post_title_bg_image_attachment":"","ocean_post_title_bg_image_repeat":"","ocean_post_title_bg_image_size":"","ocean_post_title_height":0,"ocean_post_title_bg_overlay":0.5,"ocean_post_title_bg_overlay_color":"","ocean_disable_breadcrumbs":"default","ocean_breadcrumbs_color":"","ocean_breadcrumbs_separator_color":"","ocean_breadcrumbs_links_color":"","ocean_breadcrumbs_links_hover_color":"","ocean_display_footer_widgets":"default","ocean_display_footer_bottom":"default","ocean_custom_footer_template":"0","ocean_post_oembed":"","ocean_post_self_hosted_media":"","ocean_post_video_embed":"","ocean_link_format":"","ocean_link_format_target":"self","ocean_quote_format":"","ocean_quote_format_link":"post","ocean_gallery_link_images":"off","ocean_gallery_id":[],"footnotes":""},"categories":[376],"tags":[],"class_list":["post-12710","post","type-post","status-publish","format-standard","has-post-thumbnail","hentry","category-objets-deco","entry","has-media"],"yoast_head":"<!-- This site is optimized with the Yoast SEO plugin v27.5 - https:\/\/yoast.com\/product\/yoast-seo-wordpress\/ -->\n<title>5 plantes qui vivent dans le noir (ou presque) ! &#8211; Les Conseils sweeek<\/title>\n<meta name=\"description\" content=\"Vous n&#039;avez pas assez de luminosit\u00e9 chez vous et vos plantes meurent ? Voici les plantes qui n&#039;ont pas besoin de lumi\u00e8re (ou tr\u00e8s peu).\" \/>\n<meta name=\"robots\" content=\"index, follow, max-snippet:-1, max-image-preview:large, max-video-preview:-1\" \/>\n<link rel=\"canonical\" href=\"https:\/\/www.sweeek.fr\/blog\/5-plantes-qui-vivent-dans-le-noir-ou-presque\/\" \/>\n<meta property=\"og:locale\" content=\"fr_FR\" \/>\n<meta property=\"og:type\" content=\"article\" \/>\n<meta property=\"og:title\" content=\"5 plantes qui vivent dans le noir (ou presque) ! &#8211; Les Conseils sweeek\" \/>\n<meta property=\"og:description\" content=\"Vous n&#039;avez pas assez de luminosit\u00e9 chez vous et vos plantes meurent ? Voici les plantes qui n&#039;ont pas besoin de lumi\u00e8re (ou tr\u00e8s peu).\" \/>\n<meta property=\"og:url\" content=\"https:\/\/www.sweeek.fr\/blog\/5-plantes-qui-vivent-dans-le-noir-ou-presque\/\" \/>\n<meta property=\"og:site_name\" content=\"Les Conseils sweeek\" \/>\n<meta property=\"article:published_time\" content=\"2022-11-10T10:42:12+00:00\" \/>\n<meta property=\"article:modified_time\" content=\"2026-01-14T14:55:52+00:00\" \/>\n<meta property=\"og:image\" content=\"https:\/\/www.sweeek.fr\/blog\/wp-content\/uploads\/2022\/11\/Sans-titre-2022-11-04T141813.774.png\" \/>\n\t<meta property=\"og:image:width\" content=\"1024\" \/>\n\t<meta property=\"og:image:height\" content=\"682\" \/>\n\t<meta property=\"og:image:type\" content=\"image\/png\" \/>\n<meta name=\"author\" content=\"Cl\u00e9mentine Coppenolle\" \/>\n<meta name=\"twitter:card\" content=\"summary_large_image\" \/>\n<meta name=\"twitter:label1\" content=\"\u00c9crit par\" \/>\n\t<meta name=\"twitter:data1\" content=\"Cl\u00e9mentine Coppenolle\" \/>\n\t<meta name=\"twitter:label2\" content=\"Dur\u00e9e de lecture estim\u00e9e\" \/>\n\t<meta name=\"twitter:data2\" content=\"6 minutes\" \/>\n<script type=\"application\/ld+json\" class=\"yoast-schema-graph\">{\"@context\":\"https:\\\/\\\/schema.org\",\"@graph\":[{\"@type\":\"Article\",\"@id\":\"https:\\\/\\\/www.sweeek.fr\\\/blog\\\/5-plantes-qui-vivent-dans-le-noir-ou-presque\\\/#article\",\"isPartOf\":{\"@id\":\"https:\\\/\\\/www.sweeek.fr\\\/blog\\\/5-plantes-qui-vivent-dans-le-noir-ou-presque\\\/\"},\"author\":{\"name\":\"Cl\u00e9mentine Coppenolle\",\"@id\":\"https:\\\/\\\/www.sweeek.fr\\\/blog\\\/#\\\/schema\\\/person\\\/832fe52b7dba48da75fba576c3a147c4\"},\"headline\":\"5 plantes qui vivent dans le noir (ou presque) !\",\"datePublished\":\"2022-11-10T10:42:12+00:00\",\"dateModified\":\"2026-01-14T14:55:52+00:00\",\"mainEntityOfPage\":{\"@id\":\"https:\\\/\\\/www.sweeek.fr\\\/blog\\\/5-plantes-qui-vivent-dans-le-noir-ou-presque\\\/\"},\"wordCount\":958,\"commentCount\":0,\"publisher\":{\"@id\":\"https:\\\/\\\/www.sweeek.fr\\\/blog\\\/#organization\"},\"image\":{\"@id\":\"https:\\\/\\\/www.sweeek.fr\\\/blog\\\/5-plantes-qui-vivent-dans-le-noir-ou-presque\\\/#primaryimage\"},\"thumbnailUrl\":\"https:\\\/\\\/www.sweeek.fr\\\/blog\\\/wp-content\\\/uploads\\\/2022\\\/11\\\/Sans-titre-2022-11-04T141813.774.png\",\"articleSection\":[\"Objets d\u00e9co\"],\"inLanguage\":\"fr-FR\",\"potentialAction\":[{\"@type\":\"CommentAction\",\"name\":\"Comment\",\"target\":[\"https:\\\/\\\/www.sweeek.fr\\\/blog\\\/5-plantes-qui-vivent-dans-le-noir-ou-presque\\\/#respond\"]}]},{\"@type\":\"WebPage\",\"@id\":\"https:\\\/\\\/www.sweeek.fr\\\/blog\\\/5-plantes-qui-vivent-dans-le-noir-ou-presque\\\/\",\"url\":\"https:\\\/\\\/www.sweeek.fr\\\/blog\\\/5-plantes-qui-vivent-dans-le-noir-ou-presque\\\/\",\"name\":\"5 plantes qui vivent dans le noir (ou presque) ! &#8211; Les Conseils sweeek\",\"isPartOf\":{\"@id\":\"https:\\\/\\\/www.sweeek.fr\\\/blog\\\/#website\"},\"primaryImageOfPage\":{\"@id\":\"https:\\\/\\\/www.sweeek.fr\\\/blog\\\/5-plantes-qui-vivent-dans-le-noir-ou-presque\\\/#primaryimage\"},\"image\":{\"@id\":\"https:\\\/\\\/www.sweeek.fr\\\/blog\\\/5-plantes-qui-vivent-dans-le-noir-ou-presque\\\/#primaryimage\"},\"thumbnailUrl\":\"https:\\\/\\\/www.sweeek.fr\\\/blog\\\/wp-content\\\/uploads\\\/2022\\\/11\\\/Sans-titre-2022-11-04T141813.774.png\",\"datePublished\":\"2022-11-10T10:42:12+00:00\",\"dateModified\":\"2026-01-14T14:55:52+00:00\",\"description\":\"Vous n'avez pas assez de luminosit\u00e9 chez vous et vos plantes meurent ? Voici les plantes qui n'ont pas besoin de lumi\u00e8re (ou tr\u00e8s peu).\",\"breadcrumb\":{\"@id\":\"https:\\\/\\\/www.sweeek.fr\\\/blog\\\/5-plantes-qui-vivent-dans-le-noir-ou-presque\\\/#breadcrumb\"},\"inLanguage\":\"fr-FR\",\"potentialAction\":[{\"@type\":\"ReadAction\",\"target\":[\"https:\\\/\\\/www.sweeek.fr\\\/blog\\\/5-plantes-qui-vivent-dans-le-noir-ou-presque\\\/\"]}]},{\"@type\":\"ImageObject\",\"inLanguage\":\"fr-FR\",\"@id\":\"https:\\\/\\\/www.sweeek.fr\\\/blog\\\/5-plantes-qui-vivent-dans-le-noir-ou-presque\\\/#primaryimage\",\"url\":\"https:\\\/\\\/www.sweeek.fr\\\/blog\\\/wp-content\\\/uploads\\\/2022\\\/11\\\/Sans-titre-2022-11-04T141813.774.png\",\"contentUrl\":\"https:\\\/\\\/www.sweeek.fr\\\/blog\\\/wp-content\\\/uploads\\\/2022\\\/11\\\/Sans-titre-2022-11-04T141813.774.png\",\"width\":1024,\"height\":682},{\"@type\":\"BreadcrumbList\",\"@id\":\"https:\\\/\\\/www.sweeek.fr\\\/blog\\\/5-plantes-qui-vivent-dans-le-noir-ou-presque\\\/#breadcrumb\",\"itemListElement\":[{\"@type\":\"ListItem\",\"position\":1,\"name\":\"Accueil\",\"item\":\"https:\\\/\\\/www.sweeek.fr\\\/blog\\\/\"},{\"@type\":\"ListItem\",\"position\":2,\"name\":\"5 plantes qui vivent dans le noir (ou presque) !\"}]},{\"@type\":\"WebSite\",\"@id\":\"https:\\\/\\\/www.sweeek.fr\\\/blog\\\/#website\",\"url\":\"https:\\\/\\\/www.sweeek.fr\\\/blog\\\/\",\"name\":\"Les Conseils sweeek\",\"description\":\"Conseils et inspirations\",\"publisher\":{\"@id\":\"https:\\\/\\\/www.sweeek.fr\\\/blog\\\/#organization\"},\"potentialAction\":[{\"@type\":\"SearchAction\",\"target\":{\"@type\":\"EntryPoint\",\"urlTemplate\":\"https:\\\/\\\/www.sweeek.fr\\\/blog\\\/?s={search_term_string}\"},\"query-input\":{\"@type\":\"PropertyValueSpecification\",\"valueRequired\":true,\"valueName\":\"search_term_string\"}}],\"inLanguage\":\"fr-FR\"},{\"@type\":\"Organization\",\"@id\":\"https:\\\/\\\/www.sweeek.fr\\\/blog\\\/#organization\",\"name\":\"sweeek\",\"url\":\"https:\\\/\\\/www.sweeek.fr\\\/blog\\\/\",\"logo\":{\"@type\":\"ImageObject\",\"inLanguage\":\"fr-FR\",\"@id\":\"https:\\\/\\\/www.sweeek.fr\\\/blog\\\/#\\\/schema\\\/logo\\\/image\\\/\",\"url\":\"https:\\\/\\\/www.sweeek.fr\\\/blog\\\/wp-content\\\/uploads\\\/2023\\\/10\\\/blog-sweeek-logo2.png\",\"contentUrl\":\"https:\\\/\\\/www.sweeek.fr\\\/blog\\\/wp-content\\\/uploads\\\/2023\\\/10\\\/blog-sweeek-logo2.png\",\"width\":328,\"height\":90,\"caption\":\"sweeek\"},\"image\":{\"@id\":\"https:\\\/\\\/www.sweeek.fr\\\/blog\\\/#\\\/schema\\\/logo\\\/image\\\/\"}},{\"@type\":\"Person\",\"@id\":\"https:\\\/\\\/www.sweeek.fr\\\/blog\\\/#\\\/schema\\\/person\\\/832fe52b7dba48da75fba576c3a147c4\",\"name\":\"Cl\u00e9mentine Coppenolle\",\"image\":{\"@type\":\"ImageObject\",\"inLanguage\":\"fr-FR\",\"@id\":\"https:\\\/\\\/secure.gravatar.com\\\/avatar\\\/c8772ad8a971d87ec8b352525ac6e6e209eedd698ad76596a4c1d423060cd5d2?s=96&d=mm&r=g\",\"url\":\"https:\\\/\\\/secure.gravatar.com\\\/avatar\\\/c8772ad8a971d87ec8b352525ac6e6e209eedd698ad76596a4c1d423060cd5d2?s=96&d=mm&r=g\",\"contentUrl\":\"https:\\\/\\\/secure.gravatar.com\\\/avatar\\\/c8772ad8a971d87ec8b352525ac6e6e209eedd698ad76596a4c1d423060cd5d2?s=96&d=mm&r=g\",\"caption\":\"Cl\u00e9mentine Coppenolle\"}}]}<\/script>\n<!-- \/ Yoast SEO plugin. -->","yoast_head_json":{"title":"5 plantes qui vivent dans le noir (ou presque) ! &#8211; Les Conseils sweeek","description":"Vous n'avez pas assez de luminosit\u00e9 chez vous et vos plantes meurent ? Voici les plantes qui n'ont pas besoin de lumi\u00e8re (ou tr\u00e8s peu).","robots":{"index":"index","follow":"follow","max-snippet":"max-snippet:-1","max-image-preview":"max-image-preview:large","max-video-preview":"max-video-preview:-1"},"canonical":"https:\/\/www.sweeek.fr\/blog\/5-plantes-qui-vivent-dans-le-noir-ou-presque\/","og_locale":"fr_FR","og_type":"article","og_title":"5 plantes qui vivent dans le noir (ou presque) ! &#8211; Les Conseils sweeek","og_description":"Vous n'avez pas assez de luminosit\u00e9 chez vous et vos plantes meurent ? Voici les plantes qui n'ont pas besoin de lumi\u00e8re (ou tr\u00e8s peu).","og_url":"https:\/\/www.sweeek.fr\/blog\/5-plantes-qui-vivent-dans-le-noir-ou-presque\/","og_site_name":"Les Conseils sweeek","article_published_time":"2022-11-10T10:42:12+00:00","article_modified_time":"2026-01-14T14:55:52+00:00","og_image":[{"width":1024,"height":682,"url":"https:\/\/www.sweeek.fr\/blog\/wp-content\/uploads\/2022\/11\/Sans-titre-2022-11-04T141813.774.png","type":"image\/png"}],"author":"Cl\u00e9mentine Coppenolle","twitter_card":"summary_large_image","twitter_misc":{"\u00c9crit par":"Cl\u00e9mentine Coppenolle","Dur\u00e9e de lecture estim\u00e9e":"6 minutes"},"schema":{"@context":"https:\/\/schema.org","@graph":[{"@type":"Article","@id":"https:\/\/www.sweeek.fr\/blog\/5-plantes-qui-vivent-dans-le-noir-ou-presque\/#article","isPartOf":{"@id":"https:\/\/www.sweeek.fr\/blog\/5-plantes-qui-vivent-dans-le-noir-ou-presque\/"},"author":{"name":"Cl\u00e9mentine Coppenolle","@id":"https:\/\/www.sweeek.fr\/blog\/#\/schema\/person\/832fe52b7dba48da75fba576c3a147c4"},"headline":"5 plantes qui vivent dans le noir (ou presque) !","datePublished":"2022-11-10T10:42:12+00:00","dateModified":"2026-01-14T14:55:52+00:00","mainEntityOfPage":{"@id":"https:\/\/www.sweeek.fr\/blog\/5-plantes-qui-vivent-dans-le-noir-ou-presque\/"},"wordCount":958,"commentCount":0,"publisher":{"@id":"https:\/\/www.sweeek.fr\/blog\/#organization"},"image":{"@id":"https:\/\/www.sweeek.fr\/blog\/5-plantes-qui-vivent-dans-le-noir-ou-presque\/#primaryimage"},"thumbnailUrl":"https:\/\/www.sweeek.fr\/blog\/wp-content\/uploads\/2022\/11\/Sans-titre-2022-11-04T141813.774.png","articleSection":["Objets d\u00e9co"],"inLanguage":"fr-FR","potentialAction":[{"@type":"CommentAction","name":"Comment","target":["https:\/\/www.sweeek.fr\/blog\/5-plantes-qui-vivent-dans-le-noir-ou-presque\/#respond"]}]},{"@type":"WebPage","@id":"https:\/\/www.sweeek.fr\/blog\/5-plantes-qui-vivent-dans-le-noir-ou-presque\/","url":"https:\/\/www.sweeek.fr\/blog\/5-plantes-qui-vivent-dans-le-noir-ou-presque\/","name":"5 plantes qui vivent dans le noir (ou presque) ! &#8211; Les Conseils sweeek","isPartOf":{"@id":"https:\/\/www.sweeek.fr\/blog\/#website"},"primaryImageOfPage":{"@id":"https:\/\/www.sweeek.fr\/blog\/5-plantes-qui-vivent-dans-le-noir-ou-presque\/#primaryimage"},"image":{"@id":"https:\/\/www.sweeek.fr\/blog\/5-plantes-qui-vivent-dans-le-noir-ou-presque\/#primaryimage"},"thumbnailUrl":"https:\/\/www.sweeek.fr\/blog\/wp-content\/uploads\/2022\/11\/Sans-titre-2022-11-04T141813.774.png","datePublished":"2022-11-10T10:42:12+00:00","dateModified":"2026-01-14T14:55:52+00:00","description":"Vous n'avez pas assez de luminosit\u00e9 chez vous et vos plantes meurent ? Voici les plantes qui n'ont pas besoin de lumi\u00e8re (ou tr\u00e8s peu).","breadcrumb":{"@id":"https:\/\/www.sweeek.fr\/blog\/5-plantes-qui-vivent-dans-le-noir-ou-presque\/#breadcrumb"},"inLanguage":"fr-FR","potentialAction":[{"@type":"ReadAction","target":["https:\/\/www.sweeek.fr\/blog\/5-plantes-qui-vivent-dans-le-noir-ou-presque\/"]}]},{"@type":"ImageObject","inLanguage":"fr-FR","@id":"https:\/\/www.sweeek.fr\/blog\/5-plantes-qui-vivent-dans-le-noir-ou-presque\/#primaryimage","url":"https:\/\/www.sweeek.fr\/blog\/wp-content\/uploads\/2022\/11\/Sans-titre-2022-11-04T141813.774.png","contentUrl":"https:\/\/www.sweeek.fr\/blog\/wp-content\/uploads\/2022\/11\/Sans-titre-2022-11-04T141813.774.png","width":1024,"height":682},{"@type":"BreadcrumbList","@id":"https:\/\/www.sweeek.fr\/blog\/5-plantes-qui-vivent-dans-le-noir-ou-presque\/#breadcrumb","itemListElement":[{"@type":"ListItem","position":1,"name":"Accueil","item":"https:\/\/www.sweeek.fr\/blog\/"},{"@type":"ListItem","position":2,"name":"5 plantes qui vivent dans le noir (ou presque) !"}]},{"@type":"WebSite","@id":"https:\/\/www.sweeek.fr\/blog\/#website","url":"https:\/\/www.sweeek.fr\/blog\/","name":"Les Conseils sweeek","description":"Conseils et inspirations","publisher":{"@id":"https:\/\/www.sweeek.fr\/blog\/#organization"},"potentialAction":[{"@type":"SearchAction","target":{"@type":"EntryPoint","urlTemplate":"https:\/\/www.sweeek.fr\/blog\/?s={search_term_string}"},"query-input":{"@type":"PropertyValueSpecification","valueRequired":true,"valueName":"search_term_string"}}],"inLanguage":"fr-FR"},{"@type":"Organization","@id":"https:\/\/www.sweeek.fr\/blog\/#organization","name":"sweeek","url":"https:\/\/www.sweeek.fr\/blog\/","logo":{"@type":"ImageObject","inLanguage":"fr-FR","@id":"https:\/\/www.sweeek.fr\/blog\/#\/schema\/logo\/image\/","url":"https:\/\/www.sweeek.fr\/blog\/wp-content\/uploads\/2023\/10\/blog-sweeek-logo2.png","contentUrl":"https:\/\/www.sweeek.fr\/blog\/wp-content\/uploads\/2023\/10\/blog-sweeek-logo2.png","width":328,"height":90,"caption":"sweeek"},"image":{"@id":"https:\/\/www.sweeek.fr\/blog\/#\/schema\/logo\/image\/"}},{"@type":"Person","@id":"https:\/\/www.sweeek.fr\/blog\/#\/schema\/person\/832fe52b7dba48da75fba576c3a147c4","name":"Cl\u00e9mentine Coppenolle","image":{"@type":"ImageObject","inLanguage":"fr-FR","@id":"https:\/\/secure.gravatar.com\/avatar\/c8772ad8a971d87ec8b352525ac6e6e209eedd698ad76596a4c1d423060cd5d2?s=96&d=mm&r=g","url":"https:\/\/secure.gravatar.com\/avatar\/c8772ad8a971d87ec8b352525ac6e6e209eedd698ad76596a4c1d423060cd5d2?s=96&d=mm&r=g","contentUrl":"https:\/\/secure.gravatar.com\/avatar\/c8772ad8a971d87ec8b352525ac6e6e209eedd698ad76596a4c1d423060cd5d2?s=96&d=mm&r=g","caption":"Cl\u00e9mentine Coppenolle"}}]}},"uagb_featured_image_src":{"full":["https:\/\/www.sweeek.fr\/blog\/wp-content\/uploads\/2022\/11\/Sans-titre-2022-11-04T141813.774.png",1024,682,false],"thumbnail":["https:\/\/www.sweeek.fr\/blog\/wp-content\/uploads\/2022\/11\/Sans-titre-2022-11-04T141813.774-150x150.png",150,150,true],"medium":["https:\/\/www.sweeek.fr\/blog\/wp-content\/uploads\/2022\/11\/Sans-titre-2022-11-04T141813.774-300x200.png",300,200,true],"medium_large":["https:\/\/www.sweeek.fr\/blog\/wp-content\/uploads\/2022\/11\/Sans-titre-2022-11-04T141813.774-768x512.png",768,512,true],"large":["https:\/\/www.sweeek.fr\/blog\/wp-content\/uploads\/2022\/11\/Sans-titre-2022-11-04T141813.774.png",1024,682,false],"1536x1536":["https:\/\/www.sweeek.fr\/blog\/wp-content\/uploads\/2022\/11\/Sans-titre-2022-11-04T141813.774.png",1024,682,false],"2048x2048":["https:\/\/www.sweeek.fr\/blog\/wp-content\/uploads\/2022\/11\/Sans-titre-2022-11-04T141813.774.png",1024,682,false],"ocean-thumb-m":["https:\/\/www.sweeek.fr\/blog\/wp-content\/uploads\/2022\/11\/Sans-titre-2022-11-04T141813.774-600x600.png",600,600,true],"ocean-thumb-ml":["https:\/\/www.sweeek.fr\/blog\/wp-content\/uploads\/2022\/11\/Sans-titre-2022-11-04T141813.774-800x450.png",800,450,true],"ocean-thumb-l":["https:\/\/www.sweeek.fr\/blog\/wp-content\/uploads\/2022\/11\/Sans-titre-2022-11-04T141813.774.png",1024,682,false]},"uagb_author_info":{"display_name":"Cl\u00e9mentine Coppenolle","author_link":"https:\/\/www.sweeek.fr\/blog"},"uagb_comment_info":0,"uagb_excerpt":"Il fait tout noir chez vous, mais vous adorez la nature et ses plantes ? Ou encore vous habitez au rez-de-chauss\u00e9e et \u00eates oblig\u00e9s de fermer les volets \u00e0 chacune de vos sorties pour ne pas risquer de vous faire casser un carreau ? Pas de panique, on vous a trouv\u00e9 5 plantes qui vivent\u2026","_links":{"self":[{"href":"https:\/\/www.sweeek.fr\/blog\/wp-json\/wp\/v2\/posts\/12710","targetHints":{"allow":["GET"]}}],"collection":[{"href":"https:\/\/www.sweeek.fr\/blog\/wp-json\/wp\/v2\/posts"}],"about":[{"href":"https:\/\/www.sweeek.fr\/blog\/wp-json\/wp\/v2\/types\/post"}],"author":[{"embeddable":true,"href":"https:\/\/www.sweeek.fr\/blog\/wp-json\/wp\/v2\/users\/6"}],"replies":[{"embeddable":true,"href":"https:\/\/www.sweeek.fr\/blog\/wp-json\/wp\/v2\/comments?post=12710"}],"version-history":[{"count":23,"href":"https:\/\/www.sweeek.fr\/blog\/wp-json\/wp\/v2\/posts\/12710\/revisions"}],"predecessor-version":[{"id":19358,"href":"https:\/\/www.sweeek.fr\/blog\/wp-json\/wp\/v2\/posts\/12710\/revisions\/19358"}],"wp:featuredmedia":[{"embeddable":true,"href":"https:\/\/www.sweeek.fr\/blog\/wp-json\/wp\/v2\/media\/12721"}],"wp:attachment":[{"href":"https:\/\/www.sweeek.fr\/blog\/wp-json\/wp\/v2\/media?parent=12710"}],"wp:term":[{"taxonomy":"category","embeddable":true,"href":"https:\/\/www.sweeek.fr\/blog\/wp-json\/wp\/v2\/categories?post=12710"},{"taxonomy":"post_tag","embeddable":true,"href":"https:\/\/www.sweeek.fr\/blog\/wp-json\/wp\/v2\/tags?post=12710"}],"curies":[{"name":"wp","href":"https:\/\/api.w.org\/{rel}","templated":true}]}}