{"id":11901,"date":"2022-08-02T16:24:00","date_gmt":"2022-08-02T14:24:00","guid":{"rendered":"https:\/\/www.sweeek.fr\/blog\/?p=11901"},"modified":"2026-03-16T09:38:22","modified_gmt":"2026-03-16T08:38:22","slug":"comment-choisir-son-salon-de-jardin","status":"publish","type":"post","link":"https:\/\/www.sweeek.fr\/blog\/comment-choisir-son-salon-de-jardin\/","title":{"rendered":"Comment choisir son salon de jardin ?"},"content":{"rendered":"\n<p><\/p>\n\n\n\n<div class=\"wp-block-columns is-layout-flex wp-container-core-columns-is-layout-9d6595d7 wp-block-columns-is-layout-flex\">\n<div class=\"wp-block-column is-layout-flow wp-block-column-is-layout-flow\">\n<p>Envie de d\u00e9tente et d\u2019\u00e9vasion ? Vous vous tournez vers le salon de jardin pour accompagner vos journ\u00e9es ensoleill\u00e9es d\u2019\u00e9t\u00e9 ? Vous souhaitez ajouter une nouvelle d\u00e9coration \u00e0 votre jardin, mais vous ne savez pas par o\u00f9 commencer ?<br><strong>Vous \u00eates au bon endroit, ici, on vous expose les mati\u00e8res des salons de jardin, leurs usages et le nombre de personnes !<\/strong> Choisir son mobilier d\u2019ext\u00e9rieur n\u2019est pas toujours \u00e9vident face au grand nombre de mod\u00e8les disponibles.<\/p>\n\n\n\n<p>Envie de d\u00e9tente et de moments conviviaux dans votre jardin ? Le salon de jardin accompagnera toutes vos journ\u00e9es ensoleill\u00e9es. Ap\u00e9ro entre amis ou d\u00e9tente en famille, il sait vite se rendre indispensable !<br>En plus d\u2019\u00eatre pratique, il agr\u00e9mente votre d\u00e9coration d\u2019ext\u00e9rieur. Install\u00e9 sur une terrasse, dans un jardin ou m\u00eame sur un balcon, il cr\u00e9e un v\u00e9ritable espace de vie en plein air. Comment choisir un salon de jardin ? Quelle mati\u00e8re choisir ? Quels \u00e9l\u00e9ments avez-vous besoin ?<br><strong>D\u00e9couvrez ici toutes les informations \u00e0 conna\u00eetre avant de choisir votre nouveau salon de jardin.<\/strong><\/p>\n<\/div>\n\n\n\n<div class=\"wp-block-column is-layout-flow wp-block-column-is-layout-flow\">\n<figure class=\"wp-block-image size-full\"><img fetchpriority=\"high\" decoding=\"async\" width=\"550\" height=\"550\" src=\"https:\/\/www.sweeek.fr\/blog\/wp-content\/uploads\/2022\/08\/Design-sans-titre-2026-03-09T153756.172.png\" alt=\"\" class=\"wp-image-22659\" srcset=\"https:\/\/www.sweeek.fr\/blog\/wp-content\/uploads\/2022\/08\/Design-sans-titre-2026-03-09T153756.172.png 550w, https:\/\/www.sweeek.fr\/blog\/wp-content\/uploads\/2022\/08\/Design-sans-titre-2026-03-09T153756.172-300x300.png 300w, https:\/\/www.sweeek.fr\/blog\/wp-content\/uploads\/2022\/08\/Design-sans-titre-2026-03-09T153756.172-150x150.png 150w\" sizes=\"(max-width: 550px) 100vw, 550px\" \/><\/figure>\n<\/div>\n<\/div>\n\n\n\n<div style=\"height:50px\" aria-hidden=\"true\" class=\"wp-block-spacer\"><\/div>\n\n\n\n<h2 class=\"wp-block-heading\" id=\"Quelle-matiere-choisir-pour-un-salon-de-jardin-?\" style=\"font-size:26px\"><strong>Quelle mati\u00e8re choisir pour un salon de jardin&nbsp;?<\/strong><\/h2>\n\n\n\n<p><em>La mati\u00e8re ad\u00e9quate sera celle qui sera la plus adapt\u00e9e \u00e0 vos besoins. Parmi les mat\u00e9riaux disponibles pour votre salon de jardin, vous retrouverez la r\u00e9sine, le m\u00e9tal et le bois :<\/em> chaque mat\u00e9riau poss\u00e8de ses propres avantages en mati\u00e8re de r\u00e9sistance, d\u2019entretien et de style.<\/p>\n\n\n\n<div style=\"height:40px\" aria-hidden=\"true\" class=\"wp-block-spacer\"><\/div>\n\n\n\n<h3 class=\"wp-block-heading\"><strong>Salon de jardin en r\u00e9sine&nbsp;<\/strong><\/h3>\n\n\n\n<p><strong>La r\u00e9sine est tr\u00e8s l\u00e9g\u00e8re<\/strong> et est d\u2019entr\u00e9e de gamme et par cons\u00e9quent, <strong>reste \u00e0 un prix abordable<\/strong>. Les tables de ce type de mobilier ext\u00e9rieur ont un plateau en verre teint\u00e9 ou clair. La r\u00e9sine a beaucoup d\u2019avantages, <strong>elle est r\u00e9sistante et facile \u00e0 entretenir.<\/strong><br>C\u2019est aussi une mati\u00e8re souvent choisie pour les terrasses ou les balcons, car elle est simple \u00e0 d\u00e9placer et \u00e0 ranger selon les besoins.<\/p>\n\n\n\n<div style=\"height:20px\" aria-hidden=\"true\" class=\"wp-block-spacer\"><\/div>\n\n\n\n<div class=\"wp-block-columns is-layout-flex wp-container-core-columns-is-layout-9d6595d7 wp-block-columns-is-layout-flex\">\n<div class=\"wp-block-column is-layout-flow wp-block-column-is-layout-flow\">\n<h4 class=\"wp-block-heading\"><strong><em>Salon de jardin en r\u00e9sine tress\u00e9e&nbsp;<\/em><\/strong><\/h4>\n\n\n\n<p>La r\u00e9sine tress\u00e9e est la plus haute de gamme. Cette fabrication apporte une meilleure finition et c\u2019est pour cette raison que son co\u00fbt peut \u00eatre \u00e9lev\u00e9. Un <a href=\"https:\/\/www.sweeek.fr\/mobilier-jardin\/salon-jardin\/filter\/matiere-1-1\/resine\">salon de jardin en r\u00e9sine tress\u00e9e<\/a> r\u00e9siste aux variations de temp\u00e9rature et au mauvais temps, son nettoyage reste toujours tr\u00e8s simple\u00a0: vous avez seulement besoin d\u2019une \u00e9ponge et de produits non abrasifs.\u00a0Son aspect tress\u00e9 rappelle \u00e9galement le rotin naturel et apporte une touche \u00e9l\u00e9gante et chaleureuse \u00e0 votre ext\u00e9rieur.<\/p>\n<\/div>\n\n\n\n<div class=\"wp-block-column is-layout-flow wp-block-column-is-layout-flow\">\n<h4 class=\"wp-block-heading\"><strong><em>Salon de jardin en r\u00e9sine inject\u00e9e (ou plastique)&nbsp;<\/em><\/strong><\/h4>\n\n\n\n<p>La r\u00e9sine inject\u00e9e est une filiale du plastique, dont le co\u00fbt est largement abordable. L\u00e9ger, un <a href=\"https:\/\/www.sweeek.fr\/mobilier-jardin\/salon-jardin\/filter\/matiere-1-1\/resine\/resine-plastique\">salon de jardin en plastique<\/a> est facilement manipulable, pour le ranger afin de le prot\u00e9ger de l\u2019hiver ou pour le changer d\u2019emplacement\u00a0! C\u2019est une solution pratique si vous cherchez un mobilier simple, fonctionnel et facile \u00e0 installer dans votre jardin.<\/p>\n<\/div>\n\n\n\n<div class=\"wp-block-column is-layout-flow wp-block-column-is-layout-flow\">\n<h4 class=\"wp-block-heading\"><strong><em>Salon de jardin en textil\u00e8ne<\/em><\/strong><\/h4>\n\n\n\n<p>Synth\u00e9tique, le textil\u00e8ne r\u00e9siste \u00e0 tous les intemp\u00e9ries, c\u2019est donc un salon de jardin solide\u00a0! Confortable, l\u00e9ger et esth\u00e9tique, un salon de jardin en textil\u00e8ne peut satisfaire tous les go\u00fbts.\u00a0Il est souvent utilis\u00e9 pour les assises, car sa mati\u00e8re souple \u00e9pouse la forme du corps et apporte un bon niveau de confort.<\/p>\n<\/div>\n<\/div>\n\n\n\n<div style=\"height:40px\" aria-hidden=\"true\" class=\"wp-block-spacer\"><\/div>\n\n\n\n<p><\/p>\n\n\n\n<div class=\"wp-block-columns is-layout-flex wp-container-core-columns-is-layout-9d6595d7 wp-block-columns-is-layout-flex\">\n<div class=\"wp-block-column is-layout-flow wp-block-column-is-layout-flow\">\n<figure class=\"wp-block-image size-full\"><img decoding=\"async\" width=\"500\" height=\"500\" src=\"https:\/\/www.sweeek.fr\/blog\/wp-content\/uploads\/2022\/08\/Design-sans-titre-2026-03-09T154104.145.png\" alt=\"\" class=\"wp-image-22660\" srcset=\"https:\/\/www.sweeek.fr\/blog\/wp-content\/uploads\/2022\/08\/Design-sans-titre-2026-03-09T154104.145.png 500w, https:\/\/www.sweeek.fr\/blog\/wp-content\/uploads\/2022\/08\/Design-sans-titre-2026-03-09T154104.145-300x300.png 300w, https:\/\/www.sweeek.fr\/blog\/wp-content\/uploads\/2022\/08\/Design-sans-titre-2026-03-09T154104.145-150x150.png 150w\" sizes=\"(max-width: 500px) 100vw, 500px\" \/><\/figure>\n<\/div>\n\n\n\n<div class=\"wp-block-column is-layout-flow wp-block-column-is-layout-flow\">\n<figure class=\"wp-block-image size-full\"><img decoding=\"async\" width=\"500\" height=\"500\" src=\"https:\/\/www.sweeek.fr\/blog\/wp-content\/uploads\/2022\/08\/Design-sans-titre-2026-03-09T154143.904.png\" alt=\"\" class=\"wp-image-22661\" srcset=\"https:\/\/www.sweeek.fr\/blog\/wp-content\/uploads\/2022\/08\/Design-sans-titre-2026-03-09T154143.904.png 500w, https:\/\/www.sweeek.fr\/blog\/wp-content\/uploads\/2022\/08\/Design-sans-titre-2026-03-09T154143.904-300x300.png 300w, https:\/\/www.sweeek.fr\/blog\/wp-content\/uploads\/2022\/08\/Design-sans-titre-2026-03-09T154143.904-150x150.png 150w\" sizes=\"(max-width: 500px) 100vw, 500px\" \/><\/figure>\n<\/div>\n\n\n\n<div class=\"wp-block-column is-layout-flow wp-block-column-is-layout-flow\">\n<figure class=\"wp-block-image size-full\"><img loading=\"lazy\" decoding=\"async\" width=\"500\" height=\"500\" src=\"https:\/\/www.sweeek.fr\/blog\/wp-content\/uploads\/2022\/08\/Design-sans-titre-2026-03-09T154303.004.png\" alt=\"\" class=\"wp-image-22662\" srcset=\"https:\/\/www.sweeek.fr\/blog\/wp-content\/uploads\/2022\/08\/Design-sans-titre-2026-03-09T154303.004.png 500w, https:\/\/www.sweeek.fr\/blog\/wp-content\/uploads\/2022\/08\/Design-sans-titre-2026-03-09T154303.004-300x300.png 300w, https:\/\/www.sweeek.fr\/blog\/wp-content\/uploads\/2022\/08\/Design-sans-titre-2026-03-09T154303.004-150x150.png 150w\" sizes=\"(max-width: 500px) 100vw, 500px\" \/><\/figure>\n<\/div>\n<\/div>\n\n\n\n<p><\/p>\n\n\n\n<h3 class=\"wp-block-heading\"><strong>Salon de jardin en m\u00e9tal&nbsp;<\/strong><\/h3>\n\n\n\n<p><strong>Le <a href=\"https:\/\/www.sweeek.fr\/blog\/comment-choisir-un-salon-de-jardin-en-metal\/\">m\u00e9tal<\/a> est tr\u00e8s robuste<\/strong> et suivant sa fabrication peut \u00eatre plus ou moins lourd. Il est possible qu\u2019il s\u2019use au fil du temps, mais pas de panique il est possible de le repeindre sans soucis\u00a0! <strong>Contemporains et esth\u00e9tiques<\/strong>, les salons de jardin con\u00e7us en m\u00e9tal peuvent convenir \u00e0 tous les go\u00fbts.\u00a0Ils s\u2019int\u00e8grent particuli\u00e8rement bien dans les ext\u00e9rieurs modernes ou urbains.<\/p>\n\n\n\n<div style=\"height:40px\" aria-hidden=\"true\" class=\"wp-block-spacer\"><\/div>\n\n\n\n<div class=\"wp-block-columns is-layout-flex wp-container-core-columns-is-layout-9d6595d7 wp-block-columns-is-layout-flex\">\n<div class=\"wp-block-column is-layout-flow wp-block-column-is-layout-flow\">\n<h4 class=\"wp-block-heading\"><strong><em>Salon de jardin en aluminium&nbsp;<\/em><\/strong><\/h4>\n\n\n\n<p>L\u00e9ger et pratique, un <a href=\"https:\/\/www.sweeek.fr\/mobilier-jardin\/salon-jardin\/filter\/matiere-1-1\/metal\">salon de jardin en aluminium<\/a> est id\u00e9al pour ceux qui ne veulent pas trop g\u00e9rer l\u2019entretien. C\u2019est souvent celui-ci que l\u2019on retrouve sur les tables de jardin 2 places sur de petits balcons d\u2019appartements, par exemple. Tout simplement, car il r\u00e9siste tr\u00e8s bien \u00e0 la pluie et aux rayons du soleil, au froid et au vent et\u00a0il n\u2019a pas besoin de protection.\u00a0Il est donc parfait pour un usage quotidien.<\/p>\n<\/div>\n\n\n\n<div class=\"wp-block-column is-layout-flow wp-block-column-is-layout-flow\">\n<h4 class=\"wp-block-heading\"><strong><em>Salon de jardin en acier \u00e9poxy&nbsp;<\/em><\/strong><\/h4>\n\n\n\n<p>Celui-ci est moins cher que ceux en fer forg\u00e9 et en aluminium. Plus ou moins fragile, il s\u2019ab\u00eeme facilement, par exemple des traces de rayures peuvent appara\u00eetre et il est possible que le mobilier en acier \u00e9poxy rouille facilement. Son design est moderne et dans l\u2019air du temps, ce qui en fait un choix populaire pour les jardins contemporains.<\/p>\n<\/div>\n<\/div>\n\n\n\n<div class=\"wp-block-columns is-layout-flex wp-container-core-columns-is-layout-9d6595d7 wp-block-columns-is-layout-flex\">\n<div class=\"wp-block-column is-layout-flow wp-block-column-is-layout-flow\">\n<h4 class=\"wp-block-heading\"><strong><em><strong><em>Salon de jardin en acier galvanis\u00e9&nbsp;<\/em><\/strong><\/em><\/strong><\/h4>\n\n\n\n<p>L\u2019allure de l\u2019acier galvanis\u00e9 est aussi moderne, d\u2019aspect brillant il donne l\u2019impression d\u2019\u00eatre neuf m\u00eame apr\u00e8s plusieurs ann\u00e9es. Solide, il convient \u00e0 tous types d\u2019ext\u00e9rieurs, gr\u00e2ce \u00e0 son large choix de coloris et au nombre de places. C\u2019est un bon compromis entre robustesse et esth\u00e9tique.<\/p>\n<\/div>\n\n\n\n<div class=\"wp-block-column is-layout-flow wp-block-column-is-layout-flow\">\n<h4 class=\"wp-block-heading\"><strong><em><strong><em>Salon de jardin en fer forg\u00e9&nbsp;<\/em><\/strong><\/em><\/strong><\/h4>\n\n\n\n<p>Le fer forg\u00e9 est lourd et r\u00e9sistant. Associable avec des petits coussins, il se veut tr\u00e8s esth\u00e9tique et rappelle l\u2019esth\u00e9tisme de l\u2019\u00e9poque romantique anglaise&nbsp;! Il est simple de le nettoyer et r\u00e9siste tr\u00e8s bien aux intemp\u00e9ries, surtout au temps hivernal. Cependant, les mobiliers de jardin con\u00e7us avec ce mat\u00e9riau peuvent \u00eatre vendus \u00e0 un tarif plut\u00f4t \u00e9lev\u00e9.<\/p>\n<\/div>\n<\/div>\n\n\n\n<div style=\"height:30px\" aria-hidden=\"true\" class=\"wp-block-spacer\"><\/div>\n\n\n\n<div class=\"wp-block-columns is-layout-flex wp-container-core-columns-is-layout-9d6595d7 wp-block-columns-is-layout-flex\">\n<div class=\"wp-block-column is-layout-flow wp-block-column-is-layout-flow\">\n<figure class=\"wp-block-image size-full\"><img loading=\"lazy\" decoding=\"async\" width=\"500\" height=\"500\" src=\"https:\/\/www.sweeek.fr\/blog\/wp-content\/uploads\/2022\/08\/Design-sans-titre-2026-03-09T154454.279.png\" alt=\"\" class=\"wp-image-22663\" srcset=\"https:\/\/www.sweeek.fr\/blog\/wp-content\/uploads\/2022\/08\/Design-sans-titre-2026-03-09T154454.279.png 500w, https:\/\/www.sweeek.fr\/blog\/wp-content\/uploads\/2022\/08\/Design-sans-titre-2026-03-09T154454.279-300x300.png 300w, https:\/\/www.sweeek.fr\/blog\/wp-content\/uploads\/2022\/08\/Design-sans-titre-2026-03-09T154454.279-150x150.png 150w\" sizes=\"(max-width: 500px) 100vw, 500px\" \/><\/figure>\n<\/div>\n\n\n\n<div class=\"wp-block-column is-layout-flow wp-block-column-is-layout-flow\">\n<figure class=\"wp-block-image size-full\"><img loading=\"lazy\" decoding=\"async\" width=\"500\" height=\"500\" src=\"https:\/\/www.sweeek.fr\/blog\/wp-content\/uploads\/2022\/08\/Design-sans-titre-2026-03-09T154529.837.png\" alt=\"\" class=\"wp-image-22664\" srcset=\"https:\/\/www.sweeek.fr\/blog\/wp-content\/uploads\/2022\/08\/Design-sans-titre-2026-03-09T154529.837.png 500w, https:\/\/www.sweeek.fr\/blog\/wp-content\/uploads\/2022\/08\/Design-sans-titre-2026-03-09T154529.837-300x300.png 300w, https:\/\/www.sweeek.fr\/blog\/wp-content\/uploads\/2022\/08\/Design-sans-titre-2026-03-09T154529.837-150x150.png 150w\" sizes=\"(max-width: 500px) 100vw, 500px\" \/><\/figure>\n<\/div>\n\n\n\n<div class=\"wp-block-column is-layout-flow wp-block-column-is-layout-flow\">\n<figure class=\"wp-block-image size-full\"><img loading=\"lazy\" decoding=\"async\" width=\"500\" height=\"500\" src=\"https:\/\/www.sweeek.fr\/blog\/wp-content\/uploads\/2022\/08\/Design-sans-titre-2026-03-09T154614.048.png\" alt=\"\" class=\"wp-image-22665\" srcset=\"https:\/\/www.sweeek.fr\/blog\/wp-content\/uploads\/2022\/08\/Design-sans-titre-2026-03-09T154614.048.png 500w, https:\/\/www.sweeek.fr\/blog\/wp-content\/uploads\/2022\/08\/Design-sans-titre-2026-03-09T154614.048-300x300.png 300w, https:\/\/www.sweeek.fr\/blog\/wp-content\/uploads\/2022\/08\/Design-sans-titre-2026-03-09T154614.048-150x150.png 150w\" sizes=\"(max-width: 500px) 100vw, 500px\" \/><\/figure>\n<\/div>\n<\/div>\n\n\n\n<h3 class=\"wp-block-heading\"><strong>Salon de jardin en bois&nbsp;<\/strong><\/h3>\n\n\n\n<p><strong>Un <a href=\"https:\/\/www.sweeek.fr\/mobilier-jardin\/salon-jardin\/filter\/matiere-1-1\/bois-1\">salon de jardin en bois<\/a> rappelle une ambiance tropicale et conviviale<\/strong>, qui s\u2019associe tr\u00e8s bien \u00e0 une maison en brique, par exemple. C\u2019est un mobilier assez lourd de plus, il est possible de le r\u00e9nover s\u2019il commence \u00e0 \u00eatre us\u00e9. Les meubles con\u00e7us avec ce mat\u00e9riau sont de diff\u00e9rentes essences et sont class\u00e9s sur une \u00e9chelle de 1 \u00e0 5, selon la r\u00e9sistance \u00e0 l\u2019humidit\u00e9, \u00e0 la chaleur, au mauvais temps, aux insectes. Le <a href=\"https:\/\/www.sweeek.fr\/blog\/choisir-salon-jardin-bois\/\">bois<\/a> peut se d\u00e9cliner en diff\u00e9rentes cat\u00e9gories&nbsp;:&nbsp;<\/p>\n\n\n\n<div style=\"height:40px\" aria-hidden=\"true\" class=\"wp-block-spacer\"><\/div>\n\n\n\n<div class=\"wp-block-columns is-layout-flex wp-container-core-columns-is-layout-9d6595d7 wp-block-columns-is-layout-flex\">\n<div class=\"wp-block-column is-layout-flow wp-block-column-is-layout-flow\">\n<h4 class=\"wp-block-heading\"><strong><em>Salon de jardin en teck&nbsp;<\/em><\/strong><\/h4>\n\n\n\n<p>Class\u00e9 4 sur 5, le <a href=\"https:\/\/www.sweeek.fr\/mobilier-jardin\/salon-jardin\/filter\/couleur-1-1\/bois-5\/matiere-1-1\/bois-1\">teck<\/a> est r\u00e9sistant \u00e0 plusieurs insectes nuisibles, notamment aux termites et aux champignons. Son bois est exotique et toujours de couleur brun-jaune.\u00a0De plus, il ne rouille pas et il dure dans le temps (s\u2019il est entretenu r\u00e9guli\u00e8rement avec de l\u2019huile). C\u2019est l\u2019un des bois les plus appr\u00e9ci\u00e9s pour le mobilier d\u2019ext\u00e9rieur.<\/p>\n<\/div>\n\n\n\n<div class=\"wp-block-column is-layout-flow wp-block-column-is-layout-flow\">\n<h4 class=\"wp-block-heading\"><strong><em>Salon de jardin en acacia&nbsp;<\/em><\/strong><\/h4>\n\n\n\n<p>Class\u00e9, lui aussi, 4 sur 5. Il est tr\u00e8s similaire au teck de par sa couleur\u00a0! L\u2019acacia r\u00e9siste aux insectes, aux champignons et \u00e0 l\u2019humidit\u00e9, il est imputrescible.\u00a0Il est souvent choisi pour son bon rapport qualit\u00e9-prix.<\/p>\n<\/div>\n<\/div>\n\n\n\n<div class=\"wp-block-columns is-layout-flex wp-container-core-columns-is-layout-9d6595d7 wp-block-columns-is-layout-flex\">\n<div class=\"wp-block-column is-layout-flow wp-block-column-is-layout-flow\">\n<h4 class=\"wp-block-heading\"><strong><em><strong><em>Salon de jardin en robinier&nbsp;<\/em><\/strong><\/em><\/strong><\/h4>\n\n\n\n<p>Class\u00e9 4 sur 5, il ressemble au teck gr\u00e2ce \u00e0 ses avantages, c\u2019est pourquoi il est son alternative surtout au niveau du co\u00fbt qui reste plus abordable et il peut \u00eatre confondu avec l\u2019acacia. Le robinier n\u2019a pas besoin de traitement ce qui fait du robinier un mat\u00e9riau durable et solide.&nbsp;<\/p>\n<\/div>\n\n\n\n<div class=\"wp-block-column is-layout-flow wp-block-column-is-layout-flow\">\n<h4 class=\"wp-block-heading\"><strong><em><strong><em>Salon de jardin en pin&nbsp;<\/em><\/strong><\/em><\/strong><\/h4>\n\n\n\n<p>Class\u00e9 4 sur 4, le pin est impr\u00e9gn\u00e9 d\u2019une tr\u00e8s bonne protection, de plus, le pin est \u00e9conomique. C\u2019est le type de bois le plus r\u00e9pandu, il est donc tr\u00e8s accessible.\u00a0Il permet de profiter d\u2019un salon de jardin en bois \u00e0 un prix plus doux.<\/p>\n<\/div>\n<\/div>\n\n\n\n<div class=\"wp-block-columns is-layout-flex wp-container-core-columns-is-layout-9d6595d7 wp-block-columns-is-layout-flex\">\n<div class=\"wp-block-column is-layout-flow wp-block-column-is-layout-flow\">\n<h4 class=\"wp-block-heading\"><strong><em>Salon de jardin en eucalyptus<\/em><\/strong><\/h4>\n\n\n\n<p>Class\u00e9 2 sur 5, l\u2019eucalyptus n\u2019est pas le plus r\u00e9sistant et c\u2019est pour cela qu\u2019il est \u00e9conomique et abordable. Il peut \u00eatre l\u00e9g\u00e8rement attaqu\u00e9 par des champignons et des insectes, s\u2019il n\u2019est pas trait\u00e9. Il poss\u00e8de un style exotique qui s\u2019accordera tr\u00e8s bien \u00e0 une terrasse boh\u00e8me ou industrielle.&nbsp;<\/p>\n<\/div>\n\n\n\n<div class=\"wp-block-column is-layout-flow wp-block-column-is-layout-flow\">\n<h4 class=\"wp-block-heading\"><strong><em>Salon de jardin en rotin&nbsp;<\/em><\/strong><\/h4>\n\n\n\n<p>L\u00e9ger et solide, il r\u00e9siste tr\u00e8s bien aux possibles attaques ext\u00e9rieures. \u00c0 l&rsquo;origine, le rotin appartient \u00e0 la famille des palmiers, il est donc imputrescible. Tout comme les mobiliers de jardin en teck ou en eucalyptus, un salon de jardin en rotin apporte une touche d\u2019exotisme \u00e0 l\u2019espace ext\u00e9rieur.&nbsp;<\/p>\n<\/div>\n<\/div>\n\n\n\n<div class=\"wp-block-columns is-layout-flex wp-container-core-columns-is-layout-9d6595d7 wp-block-columns-is-layout-flex\">\n<div class=\"wp-block-column is-layout-flow wp-block-column-is-layout-flow\">\n<h4 class=\"wp-block-heading\"><strong><em><strong><em>Salon de jardin en composite&nbsp;<\/em><\/strong><\/em><\/strong><\/h4>\n\n\n\n<p>\u00a0Le composite est de plus en plus pr\u00e9sent depuis plusieurs ann\u00e9es, il m\u00e9lange le plastique et le bois. Il n\u2019a pas besoin d\u2019entretien, seulement d\u2019un nettoyage \u00e0 l\u2019eau\u00a0!\u00a0Ce mat\u00e9riau combine l\u2019aspect naturel du bois avec la facilit\u00e9 d\u2019entretien des mati\u00e8res synth\u00e9tiques.<\/p>\n<\/div>\n<\/div>\n\n\n\n<div style=\"height:40px\" aria-hidden=\"true\" class=\"wp-block-spacer\"><\/div>\n\n\n\n<div class=\"wp-block-columns is-layout-flex wp-container-core-columns-is-layout-9d6595d7 wp-block-columns-is-layout-flex\">\n<div class=\"wp-block-column is-layout-flow wp-block-column-is-layout-flow\">\n<figure class=\"wp-block-image size-full\"><img loading=\"lazy\" decoding=\"async\" width=\"500\" height=\"500\" src=\"https:\/\/www.sweeek.fr\/blog\/wp-content\/uploads\/2022\/08\/Design-sans-titre-2026-03-09T154754.557.png\" alt=\"\" class=\"wp-image-22666\" srcset=\"https:\/\/www.sweeek.fr\/blog\/wp-content\/uploads\/2022\/08\/Design-sans-titre-2026-03-09T154754.557.png 500w, https:\/\/www.sweeek.fr\/blog\/wp-content\/uploads\/2022\/08\/Design-sans-titre-2026-03-09T154754.557-300x300.png 300w, https:\/\/www.sweeek.fr\/blog\/wp-content\/uploads\/2022\/08\/Design-sans-titre-2026-03-09T154754.557-150x150.png 150w\" sizes=\"(max-width: 500px) 100vw, 500px\" \/><\/figure>\n<\/div>\n\n\n\n<div class=\"wp-block-column is-layout-flow wp-block-column-is-layout-flow\">\n<figure class=\"wp-block-image size-full\"><img loading=\"lazy\" decoding=\"async\" width=\"500\" height=\"500\" src=\"https:\/\/www.sweeek.fr\/blog\/wp-content\/uploads\/2022\/08\/Design-sans-titre-2026-03-09T154848.439.png\" alt=\"\" class=\"wp-image-22667\" srcset=\"https:\/\/www.sweeek.fr\/blog\/wp-content\/uploads\/2022\/08\/Design-sans-titre-2026-03-09T154848.439.png 500w, https:\/\/www.sweeek.fr\/blog\/wp-content\/uploads\/2022\/08\/Design-sans-titre-2026-03-09T154848.439-300x300.png 300w, https:\/\/www.sweeek.fr\/blog\/wp-content\/uploads\/2022\/08\/Design-sans-titre-2026-03-09T154848.439-150x150.png 150w\" sizes=\"(max-width: 500px) 100vw, 500px\" \/><\/figure>\n<\/div>\n\n\n\n<div class=\"wp-block-column is-layout-flow wp-block-column-is-layout-flow\">\n<figure class=\"wp-block-image size-full\"><img loading=\"lazy\" decoding=\"async\" width=\"500\" height=\"500\" src=\"https:\/\/www.sweeek.fr\/blog\/wp-content\/uploads\/2022\/08\/Design-sans-titre-2026-03-09T154938.807.png\" alt=\"\" class=\"wp-image-22668\" srcset=\"https:\/\/www.sweeek.fr\/blog\/wp-content\/uploads\/2022\/08\/Design-sans-titre-2026-03-09T154938.807.png 500w, https:\/\/www.sweeek.fr\/blog\/wp-content\/uploads\/2022\/08\/Design-sans-titre-2026-03-09T154938.807-300x300.png 300w, https:\/\/www.sweeek.fr\/blog\/wp-content\/uploads\/2022\/08\/Design-sans-titre-2026-03-09T154938.807-150x150.png 150w\" sizes=\"(max-width: 500px) 100vw, 500px\" \/><\/figure>\n<\/div>\n<\/div>\n\n\n\n<h2 class=\"wp-block-heading\" style=\"font-size:26px\"><strong>Quelle est la meilleure mati\u00e8re pour un salon de jardin ?&nbsp;<\/strong><\/h2>\n\n\n\n<p>La meilleure mati\u00e8re sera celle qui sera la plus adapt\u00e9e \u00e0 vos besoins et vos go\u00fbts. Elle d\u00e9pendra \u00e9galement de votre envie de <a href=\"https:\/\/www.sweeek.fr\/blog\/quelle-couleur-choisir-pour-son-salon-de-jardin\/\">choisir un salon de jardin de couleur<\/a> ou non. Peu importe votre choix, il est important de prendre soin, nettoyer, entretenir et traiter vos meubles qui en ont besoin. Si vous souhaitez avoir un mobilier solide et durable, nous vous conseillons de vous tourner vers l\u2019acier galvanis\u00e9, par exemple.&nbsp;Pour une touche d&rsquo;exotisme, optez pour le bois en choisissant votre essence selon vos besoins. <\/p>\n\n\n\n<div style=\"height:40px\" aria-hidden=\"true\" class=\"wp-block-spacer\"><\/div>\n\n\n\n<h2 class=\"wp-block-heading\" id=\"Choisir-son-salon-de-jardin-en-fonction-de-son-usage\" style=\"font-size:26px\"><strong>Choisir son salon de jardin en fonction de son usage<\/strong><\/h2>\n\n\n\n<div style=\"height:40px\" aria-hidden=\"true\" class=\"wp-block-spacer\"><\/div>\n\n\n\n<div class=\"wp-block-columns is-layout-flex wp-container-core-columns-is-layout-9d6595d7 wp-block-columns-is-layout-flex\">\n<div class=\"wp-block-column is-layout-flow wp-block-column-is-layout-flow\">\n<h3 class=\"wp-block-heading\"><strong><em>Ambiance bistrot&nbsp;<\/em><\/strong><\/h3>\n\n\n\n<p>Pour une ambiance bistrot, il est bien de se tourner vers nos mod\u00e8les de tables\u00a0empilables et\/ou pliables. En aluminium, bois, rond, rectangulaire, couleurs vives ou plus douces, vous avez le choix pour votre <a href=\"https:\/\/www.sweeek.fr\/mobilier-jardin\/table\/filter\/matiere-1-1\/metal\/nombre-de-places-1-1\/2-24\">table bistrot<\/a> ! Vous pouvez \u00e9galement mixer les mat\u00e9riaux et les couleurs, par exemple en mixant des couleurs vives avec des couleurs plus sobres. Cela permet de personnaliser facilement votre espace ext\u00e9rieur et de lui donner du caract\u00e8re.<\/p>\n<\/div>\n\n\n\n<div class=\"wp-block-column is-layout-flow wp-block-column-is-layout-flow\">\n<h3 class=\"wp-block-heading\"><strong><em>Modulable : extensible, pliable&nbsp;<\/em><\/strong><\/h3>\n\n\n\n<p>Parfaits,\u00a0pour ceux qui aiment changer la disposition de leurs mobiliers selon leur espace ou le nombre d\u2019invit\u00e9s par exemple\u00a0! Les tables extensibles sont tr\u00e8s pratiques si des invit\u00e9s arrivent \u00e0 l\u2019improviste. Nos mod\u00e8les pliables seront tr\u00e8s pratiques si vous manquez d\u2019espace et que vous souhaitez retrouver l\u2019espace disponible sur votre terrasse quand vous n\u2019utilisez pas votre salon.\u00a0Ce type de mobilier est \u00e9galement facile \u00e0 ranger pendant l\u2019hiver. Les salons de jardin modulables sont donc une solution id\u00e9ale pour s\u2019adapter \u00e0 toutes les situations, que ce soit pour un repas en petit comit\u00e9 ou une grande tabl\u00e9e.<\/p>\n<\/div>\n\n\n\n<div class=\"wp-block-column is-layout-flow wp-block-column-is-layout-flow\">\n<h3 class=\"wp-block-heading\"><strong><em>Mange-debout&nbsp;<\/em><\/strong><\/h3>\n\n\n\n<p>Le mange-debout va dans la continuit\u00e9 de l\u2019ambiance bistrot. Souvent en acier et pour 2 \u00e0 4 personnes, il est id\u00e9al pour les petites soir\u00e9es improvis\u00e9es entre amies alors, perch\u00e9es sur vos tabourets hauts vous avez totalement l\u2019impression de passer la soir\u00e9e dans un bar de votre ville\u00a0!\u00a0C\u2019est aussi une solution pratique pour les petits espaces, car il prend moins de place qu\u2019une table classique.<\/p>\n<\/div>\n\n\n\n<div class=\"wp-block-column is-layout-flow wp-block-column-is-layout-flow\">\n<h3 class=\"wp-block-heading\"><strong><em>Petits espaces&nbsp;<\/em><\/strong><\/h3>\n\n\n\n<p>M\u00eame les petits espaces ext\u00e9rieurs peuvent \u00eatre am\u00e9nag\u00e9s\u00a0! Petites terrasse\u00a0? Balcon\u00a0? Vous pouvez vous tourner vers un <a href=\"https:\/\/www.sweeek.fr\/mobilier-jardin\/salon-jardin\/filter\/nombre-de-places-1-1\/2-24\/3-35\/4-23\">petit salon de jardin<\/a> deux places, rond ou carr\u00e9.\u00a0Compact et pratique, ce type de mobilier permet de profiter d\u2019un coin d\u00e9tente ext\u00e9rieur m\u00eame lorsque l\u2019espace est limit\u00e9. Il est particuli\u00e8rement adapt\u00e9 aux appartements avec balcon.<\/p>\n<\/div>\n<\/div>\n\n\n\n<div style=\"height:40px\" aria-hidden=\"true\" class=\"wp-block-spacer\"><\/div>\n\n\n\n<h2 class=\"wp-block-heading\" style=\"font-size:26px\"><strong>Choisir son salon de jardin selon le nombre de personnes&nbsp;<\/strong><\/h2>\n\n\n\n<div style=\"height:40px\" aria-hidden=\"true\" class=\"wp-block-spacer\"><\/div>\n\n\n\n<p>Suivant le nombre de personnes pr\u00e9sentes chez vous, de l&rsquo;espace que vous poss\u00e9dez et si vous invitez ou non des personnes \u00e0 votre domicile, ces types de mobiliers ext\u00e9rieurs doivent \u00eatre minutieusement <a href=\"https:\/\/www.sweeek.fr\/blog\/comment-bien-choisir-la-dimension-de-son-salon-de-jardin\/\">choisis en fonction de leurs dimensions<\/a>. C&rsquo;est pourquoi on vous explique les diff\u00e9rents mobiliers ext\u00e9rieurs trouvables en fonction du nombre de personnes, pour vous guider dans votre choix :<\/p>\n\n\n\n<div style=\"height:40px\" aria-hidden=\"true\" class=\"wp-block-spacer\"><\/div>\n\n\n\n<div class=\"wp-block-columns are-vertically-aligned-top is-layout-flex wp-container-core-columns-is-layout-9d6595d7 wp-block-columns-is-layout-flex\">\n<div class=\"wp-block-column is-vertically-aligned-top is-layout-flow wp-block-column-is-layout-flow\">\n<h3 class=\"wp-block-heading\"><strong><em>Salon de jardin 2 personnes&nbsp;<\/em><\/strong><\/h3>\n\n\n\n<figure class=\"wp-block-image size-full\"><img loading=\"lazy\" decoding=\"async\" width=\"500\" height=\"500\" src=\"https:\/\/www.sweeek.fr\/blog\/wp-content\/uploads\/2022\/08\/Design-sans-titre-2026-03-09T155106.958.png\" alt=\"\" class=\"wp-image-22669\" srcset=\"https:\/\/www.sweeek.fr\/blog\/wp-content\/uploads\/2022\/08\/Design-sans-titre-2026-03-09T155106.958.png 500w, https:\/\/www.sweeek.fr\/blog\/wp-content\/uploads\/2022\/08\/Design-sans-titre-2026-03-09T155106.958-300x300.png 300w, https:\/\/www.sweeek.fr\/blog\/wp-content\/uploads\/2022\/08\/Design-sans-titre-2026-03-09T155106.958-150x150.png 150w\" sizes=\"(max-width: 500px) 100vw, 500px\" \/><\/figure>\n\n\n\n<p>Pour les petits espaces, comme les balcons par exemple, le salon de jardin 2 places est id\u00e9al. Si vous vivez seul ou \u00eates en couple et que vous appr\u00e9ciez les petits repas en ext\u00e9rieur, surtout lors de beaux temps, celui-ci saura vous convenir.\u00a0Compact et fonctionnel, il permet de cr\u00e9er un petit coin d\u00e9tente agr\u00e9able sans encombrer l\u2019espace.<\/p>\n<\/div>\n\n\n\n<div class=\"wp-block-column is-vertically-aligned-top is-layout-flow wp-block-column-is-layout-flow\">\n<h3 class=\"wp-block-heading\"><strong><em>Salon de jardin 4 personnes&nbsp;<\/em><\/strong><\/h3>\n\n\n\n<figure class=\"wp-block-image size-full\"><img loading=\"lazy\" decoding=\"async\" width=\"500\" height=\"500\" src=\"https:\/\/www.sweeek.fr\/blog\/wp-content\/uploads\/2022\/08\/Design-sans-titre-2026-03-09T155207.196.png\" alt=\"\" class=\"wp-image-22670\" srcset=\"https:\/\/www.sweeek.fr\/blog\/wp-content\/uploads\/2022\/08\/Design-sans-titre-2026-03-09T155207.196.png 500w, https:\/\/www.sweeek.fr\/blog\/wp-content\/uploads\/2022\/08\/Design-sans-titre-2026-03-09T155207.196-300x300.png 300w, https:\/\/www.sweeek.fr\/blog\/wp-content\/uploads\/2022\/08\/Design-sans-titre-2026-03-09T155207.196-150x150.png 150w\" sizes=\"(max-width: 500px) 100vw, 500px\" \/><\/figure>\n\n\n\n<p>Le <a href=\"https:\/\/www.sweeek.fr\/mobilier-jardin\/salon-jardin\/filter\/nombre-de-places-1-1\/4-23\">salon de jardin 4 places<\/a> est id\u00e9al pour les petites familles qui ne re\u00e7oivent pas de convives, pour les couples qui re\u00e7oivent de temps en temps. Le mieux est de les choisir ronds et pliants afin de faciliter leur rangement et leur d\u00e9placement si n\u00e9cessaire.\u00a0<\/p>\n<\/div>\n\n\n\n<div class=\"wp-block-column is-vertically-aligned-top is-layout-flow wp-block-column-is-layout-flow\">\n<h3 class=\"wp-block-heading\"><strong><em>Salon de jardin 5 places&nbsp;<\/em><\/strong><\/h3>\n\n\n\n<div style=\"height:27px\" aria-hidden=\"true\" class=\"wp-block-spacer\"><\/div>\n\n\n\n<figure class=\"wp-block-image size-full\"><img loading=\"lazy\" decoding=\"async\" width=\"500\" height=\"500\" src=\"https:\/\/www.sweeek.fr\/blog\/wp-content\/uploads\/2022\/08\/Design-sans-titre-2026-03-09T155407.392.png\" alt=\"\" class=\"wp-image-22671\" srcset=\"https:\/\/www.sweeek.fr\/blog\/wp-content\/uploads\/2022\/08\/Design-sans-titre-2026-03-09T155407.392.png 500w, https:\/\/www.sweeek.fr\/blog\/wp-content\/uploads\/2022\/08\/Design-sans-titre-2026-03-09T155407.392-300x300.png 300w, https:\/\/www.sweeek.fr\/blog\/wp-content\/uploads\/2022\/08\/Design-sans-titre-2026-03-09T155407.392-150x150.png 150w\" sizes=\"(max-width: 500px) 100vw, 500px\" \/><\/figure>\n\n\n\n<p>Pour recevoir, le <a href=\"https:\/\/www.sweeek.fr\/mobilier-jardin\/salon-jardin\/filter\/nombre-de-places-1-1\/5-20\">salon de jardin 5 places<\/a> est id\u00e9al, pour les couples ou les petites familles. Il ajoute une place suppl\u00e9mentaire au salon de jardin 4 places et permet d\u2019accueillir plus facilement des invit\u00e9s.\u00a0<\/p>\n<\/div>\n\n\n\n<div class=\"wp-block-column is-vertically-aligned-top is-layout-flow wp-block-column-is-layout-flow\">\n<h3 class=\"wp-block-heading\"><strong><em>Salon de jardin 6 personnes&nbsp;<\/em><\/strong><\/h3>\n\n\n\n<figure class=\"wp-block-image size-full\"><img loading=\"lazy\" decoding=\"async\" width=\"500\" height=\"500\" src=\"https:\/\/www.sweeek.fr\/blog\/wp-content\/uploads\/2022\/08\/RW3005BG.jpg\" alt=\"salon de jardin 6 personnes\" class=\"wp-image-11982\" srcset=\"https:\/\/www.sweeek.fr\/blog\/wp-content\/uploads\/2022\/08\/RW3005BG.jpg 500w, https:\/\/www.sweeek.fr\/blog\/wp-content\/uploads\/2022\/08\/RW3005BG-300x300.jpg 300w, https:\/\/www.sweeek.fr\/blog\/wp-content\/uploads\/2022\/08\/RW3005BG-150x150.jpg 150w\" sizes=\"(max-width: 500px) 100vw, 500px\" \/><\/figure>\n\n\n\n<p>Le salon de jardin 6 personnes peut \u00eatre achet\u00e9 avec une rallonge afin de passer de 4 \u00e0 6 personnes. Elle est bien pratique si vous recevez des invit\u00e9s par exemple ou si vous \u00eates une petite famille.<\/p>\n<\/div>\n\n\n\n<div class=\"wp-block-column is-vertically-aligned-top is-layout-flow wp-block-column-is-layout-flow\">\n<h3 class=\"wp-block-heading\"><strong><em>Salon de jardin de 8 \u00e0 12 personnes&nbsp;<\/em><\/strong><\/h3>\n\n\n\n<figure class=\"wp-block-image size-full\"><img loading=\"lazy\" decoding=\"async\" width=\"500\" height=\"500\" src=\"https:\/\/www.sweeek.fr\/blog\/wp-content\/uploads\/2022\/08\/Design-sans-titre-2026-03-09T155604.764.png\" alt=\"\" class=\"wp-image-22672\" srcset=\"https:\/\/www.sweeek.fr\/blog\/wp-content\/uploads\/2022\/08\/Design-sans-titre-2026-03-09T155604.764.png 500w, https:\/\/www.sweeek.fr\/blog\/wp-content\/uploads\/2022\/08\/Design-sans-titre-2026-03-09T155604.764-300x300.png 300w, https:\/\/www.sweeek.fr\/blog\/wp-content\/uploads\/2022\/08\/Design-sans-titre-2026-03-09T155604.764-150x150.png 150w\" sizes=\"(max-width: 500px) 100vw, 500px\" \/><\/figure>\n\n\n\n<p>Tr\u00e8s souvent avec une rallonge et <a href=\"https:\/\/www.sweeek.fr\/mobilier-jardin\/salon-jardin\/filter\/modulable-attribute\/oui-43\">modulables<\/a> pour les chaises\/ fauteuils afin de le modifier \u00e0 votre convenance par rapport \u00e0 son utilisation. De grande taille et pratique pour recevoir des invit\u00e9s, un salon de jardin 10 places est souvent de forme rectangulaire tout comme un <a href=\"https:\/\/www.sweeek.fr\/mobilier-jardin\/salon-jardin\/filter\/nombre-de-places-1-1\/14-5\">salon de jardin 12 places<\/a>.\u00a0C\u2019est la solution id\u00e9ale pour les grandes familles ou pour organiser des repas d\u2019\u00e9t\u00e9 entre amis.<\/p>\n<\/div>\n<\/div>\n\n\n\n<div style=\"height:40px\" aria-hidden=\"true\" class=\"wp-block-spacer\"><\/div>\n\n\n\n<h2 class=\"wp-block-heading\" style=\"font-size:26px\"><strong>Salon de jardin : comment trouver le mod\u00e8le au meilleur prix ?&nbsp;<\/strong><\/h2>\n\n\n\n<p>Si vous avez un petit budget, il est bien de se tourner vers des \u00e9l\u00e9ments qui valent moins cher que d&rsquo;autres comme le polyrotin, la r\u00e9sine tress\u00e9e ou l&rsquo;acier galvanis\u00e9, ils se nettoient facilement et dures dans le temps s&rsquo;ils sont prot\u00e9g\u00e9s en hiver. L&rsquo;id\u00e9al est de le choisir en 2 ou 4 places. Pourquoi ne pas attendre les soldes d&rsquo;\u00e9t\u00e9 pour trouver de bons mobiliers de jardin au meilleur prix, il n&rsquo;existe pas de petites \u00e9conomies apr\u00e8s tout ! Vous pouvez \u00e9galement vous tourner vers des mobiliers de jardin de secondes mains, les mobiliers ext\u00e9rieurs sont tr\u00e8s souvent revendus en bon \u00e9tat, alors pourquoi ne pas tenter, vous pouvez facilement trouver la combinaison canap\u00e9 et table \u00e0 moindre co\u00fbt et de bonne qualit\u00e9.<\/p>\n\n\n\n<p>N&rsquo;h\u00e9sitez pas \u00e0 consulter des sites de comparateurs, afin de trouver LE meilleur et surtout le meilleur prix !<\/p>\n\n\n\n<h2 class=\"wp-block-heading\" style=\"font-size:26px\"><strong>Tendance : choisir un salon de jardin design&nbsp;<\/strong><\/h2>\n\n\n\n<p>Un <a href=\"https:\/\/www.sweeek.fr\/mobilier-jardin\/salon-jardin\/filter\/matiere-1-1\/metal\/resine\">salon de jardin design<\/a>, c&rsquo;est \u00e9gal au style contemporain et dans l&rsquo;air du temps. Alors, il vaut mieux se tourner vers des \u00e9l\u00e9ments qui sont \u00e0 la mode actuellement ou qui sont intemporels, notamment l&rsquo;aluminium, par exemple, qui est pr\u00e9sent dans les jardins depuis plusieurs ann\u00e9es !<\/p>\n\n\n\n<p>Les salons de jardin effet design se distinguent par le m\u00e9lange de mat\u00e9riaux, par exemple la combinaison r\u00e9sine et acier ou le bois et l&rsquo;aluminium ! Fonctionnel, dur et dans l&rsquo;air du temps, le rotin et la r\u00e9sine tress\u00e9e respectent totalement ce style.<\/p>\n\n\n\n<p>De plus, il se distingue par le tissu des coussins, par exemple. Les mobiliers qui ont une structure noire ou une autre couleur plus sobres, s&rsquo;associent tr\u00e8s bien aux tissus beige, blanc ou taupe, qui respectent totalement ce style ! Le mobilier en bois, comme une table par exemple, s&rsquo;associe tr\u00e8s bien avec des coussins noirs qui apportent un c\u00f4t\u00e9 plus sobre et \u00e9l\u00e9gant, tout en restant fid\u00e8le au style design qui privil\u00e9gie des lignes simples et harmonieuses.<\/p>\n\n\n\n<div style=\"height:58px\" aria-hidden=\"true\" class=\"wp-block-spacer\"><\/div>\n\n\n\n<div class=\"wp-block-buttons is-layout-flex wp-block-buttons-is-layout-flex\"><\/div>\n\n\n\n<div class=\"wp-block-buttons is-content-justification-center is-layout-flex wp-container-core-buttons-is-layout-16018d1d wp-block-buttons-is-layout-flex\">\n<div class=\"wp-block-button is-style-outline is-style-outline--1\"><a class=\"wp-block-button__link has-black-color has-text-color\" href=\"https:\/\/www.sweeek.fr\/mobilier-jardin\/salon-jardin\" style=\"border-radius:0px\">&gt; D\u00c9COUVRIR NOTRE GAMME DE SALONS DE JARDIN<\/a><\/div>\n<\/div>\n","protected":false},"excerpt":{"rendered":"<p>Envie de d\u00e9tente et d\u2019\u00e9vasion ? Vous vous tournez vers le salon de jardin pour accompagner vos journ\u00e9es ensoleill\u00e9es d\u2019\u00e9t\u00e9 ? Vous souhaitez ajouter une nouvelle d\u00e9coration \u00e0 votre jardin, mais vous ne savez pas par o\u00f9 commencer ?Vous \u00eates au bon endroit, ici, on vous expose les mati\u00e8res des salons de jardin, leurs usages [&hellip;]<\/p>\n","protected":false},"author":4,"featured_media":22674,"comment_status":"open","ping_status":"closed","sticky":false,"template":"","format":"standard","meta":{"inline_featured_image":false,"_uag_custom_page_level_css":"","ocean_post_layout":"","ocean_both_sidebars_style":"","ocean_both_sidebars_content_width":0,"ocean_both_sidebars_sidebars_width":0,"ocean_sidebar":"0","ocean_second_sidebar":"0","ocean_disable_margins":"enable","ocean_add_body_class":"","ocean_shortcode_before_top_bar":"","ocean_shortcode_after_top_bar":"","ocean_shortcode_before_header":"","ocean_shortcode_after_header":"","ocean_has_shortcode":"","ocean_shortcode_after_title":"","ocean_shortcode_before_footer_widgets":"","ocean_shortcode_after_footer_widgets":"","ocean_shortcode_before_footer_bottom":"","ocean_shortcode_after_footer_bottom":"","ocean_display_top_bar":"default","ocean_display_header":"default","ocean_header_style":"","ocean_center_header_left_menu":"0","ocean_custom_header_template":"0","ocean_custom_logo":0,"ocean_custom_retina_logo":0,"ocean_custom_logo_max_width":0,"ocean_custom_logo_tablet_max_width":0,"ocean_custom_logo_mobile_max_width":0,"ocean_custom_logo_max_height":0,"ocean_custom_logo_tablet_max_height":0,"ocean_custom_logo_mobile_max_height":0,"ocean_header_custom_menu":"0","ocean_menu_typo_font_family":"0","ocean_menu_typo_font_subset":"","ocean_menu_typo_font_size":0,"ocean_menu_typo_font_size_tablet":0,"ocean_menu_typo_font_size_mobile":0,"ocean_menu_typo_font_size_unit":"px","ocean_menu_typo_font_weight":"","ocean_menu_typo_font_weight_tablet":"","ocean_menu_typo_font_weight_mobile":"","ocean_menu_typo_transform":"","ocean_menu_typo_transform_tablet":"","ocean_menu_typo_transform_mobile":"","ocean_menu_typo_line_height":0,"ocean_menu_typo_line_height_tablet":0,"ocean_menu_typo_line_height_mobile":0,"ocean_menu_typo_line_height_unit":"","ocean_menu_typo_spacing":0,"ocean_menu_typo_spacing_tablet":0,"ocean_menu_typo_spacing_mobile":0,"ocean_menu_typo_spacing_unit":"","ocean_menu_link_color":"","ocean_menu_link_color_hover":"","ocean_menu_link_color_active":"","ocean_menu_link_background":"","ocean_menu_link_hover_background":"","ocean_menu_link_active_background":"","ocean_menu_social_links_bg":"","ocean_menu_social_hover_links_bg":"","ocean_menu_social_links_color":"","ocean_menu_social_hover_links_color":"","ocean_disable_title":"default","ocean_disable_heading":"default","ocean_post_title":"","ocean_post_subheading":"","ocean_post_title_style":"","ocean_post_title_background_color":"","ocean_post_title_background":0,"ocean_post_title_bg_image_position":"","ocean_post_title_bg_image_attachment":"","ocean_post_title_bg_image_repeat":"","ocean_post_title_bg_image_size":"","ocean_post_title_height":0,"ocean_post_title_bg_overlay":0.5,"ocean_post_title_bg_overlay_color":"","ocean_disable_breadcrumbs":"default","ocean_breadcrumbs_color":"","ocean_breadcrumbs_separator_color":"","ocean_breadcrumbs_links_color":"","ocean_breadcrumbs_links_hover_color":"","ocean_display_footer_widgets":"default","ocean_display_footer_bottom":"default","ocean_custom_footer_template":"0","ocean_post_oembed":"","ocean_post_self_hosted_media":"","ocean_post_video_embed":"","ocean_link_format":"","ocean_link_format_target":"self","ocean_quote_format":"","ocean_quote_format_link":"post","ocean_gallery_link_images":"off","ocean_gallery_id":[],"footnotes":""},"categories":[137],"tags":[],"class_list":["post-11901","post","type-post","status-publish","format-standard","has-post-thumbnail","hentry","category-salon-jardin","entry","has-media"],"yoast_head":"<!-- This site is optimized with the Yoast SEO plugin v27.3 - https:\/\/yoast.com\/product\/yoast-seo-wordpress\/ -->\n<title>Comment choisir son salon de jardin ? &#8211; Les Conseils sweeek<\/title>\n<meta name=\"description\" content=\"D\u00e9couvrez les conseils de sweeek pour choisir son salon de jardin. De la mati\u00e8re, au nombre de place, on vous dit tout !\" \/>\n<meta name=\"robots\" content=\"index, follow, max-snippet:-1, max-image-preview:large, max-video-preview:-1\" \/>\n<link rel=\"canonical\" href=\"https:\/\/www.sweeek.fr\/blog\/comment-choisir-son-salon-de-jardin\/\" \/>\n<meta property=\"og:locale\" content=\"fr_FR\" \/>\n<meta property=\"og:type\" content=\"article\" \/>\n<meta property=\"og:title\" content=\"Comment choisir son salon de jardin ? &#8211; Les Conseils sweeek\" \/>\n<meta property=\"og:description\" content=\"D\u00e9couvrez les conseils de sweeek pour choisir son salon de jardin. De la mati\u00e8re, au nombre de place, on vous dit tout !\" \/>\n<meta property=\"og:url\" content=\"https:\/\/www.sweeek.fr\/blog\/comment-choisir-son-salon-de-jardin\/\" \/>\n<meta property=\"og:site_name\" content=\"Les Conseils sweeek\" \/>\n<meta property=\"article:published_time\" content=\"2022-08-02T14:24:00+00:00\" \/>\n<meta property=\"article:modified_time\" content=\"2026-03-16T08:38:22+00:00\" \/>\n<meta property=\"og:image\" content=\"https:\/\/www.sweeek.fr\/blog\/wp-content\/uploads\/2022\/08\/Design-sans-titre-2026-03-09T160338.191.png\" \/>\n\t<meta property=\"og:image:width\" content=\"1024\" \/>\n\t<meta property=\"og:image:height\" content=\"682\" \/>\n\t<meta property=\"og:image:type\" content=\"image\/png\" \/>\n<meta name=\"author\" content=\"Am\u00e9lie Capon\" \/>\n<meta name=\"twitter:card\" content=\"summary_large_image\" \/>\n<meta name=\"twitter:label1\" content=\"\u00c9crit par\" \/>\n\t<meta name=\"twitter:data1\" content=\"Am\u00e9lie Capon\" \/>\n\t<meta name=\"twitter:label2\" content=\"Dur\u00e9e de lecture estim\u00e9e\" \/>\n\t<meta name=\"twitter:data2\" content=\"16 minutes\" \/>\n<script type=\"application\/ld+json\" class=\"yoast-schema-graph\">{\"@context\":\"https:\\\/\\\/schema.org\",\"@graph\":[{\"@type\":\"Article\",\"@id\":\"https:\\\/\\\/www.sweeek.fr\\\/blog\\\/comment-choisir-son-salon-de-jardin\\\/#article\",\"isPartOf\":{\"@id\":\"https:\\\/\\\/www.sweeek.fr\\\/blog\\\/comment-choisir-son-salon-de-jardin\\\/\"},\"author\":{\"name\":\"Am\u00e9lie Capon\",\"@id\":\"https:\\\/\\\/www.sweeek.fr\\\/blog\\\/#\\\/schema\\\/person\\\/e97ba3e4a84bda73fe86070619e7640b\"},\"headline\":\"Comment choisir son salon de jardin ?\",\"datePublished\":\"2022-08-02T14:24:00+00:00\",\"dateModified\":\"2026-03-16T08:38:22+00:00\",\"mainEntityOfPage\":{\"@id\":\"https:\\\/\\\/www.sweeek.fr\\\/blog\\\/comment-choisir-son-salon-de-jardin\\\/\"},\"wordCount\":2637,\"commentCount\":0,\"publisher\":{\"@id\":\"https:\\\/\\\/www.sweeek.fr\\\/blog\\\/#organization\"},\"image\":{\"@id\":\"https:\\\/\\\/www.sweeek.fr\\\/blog\\\/comment-choisir-son-salon-de-jardin\\\/#primaryimage\"},\"thumbnailUrl\":\"https:\\\/\\\/www.sweeek.fr\\\/blog\\\/wp-content\\\/uploads\\\/2022\\\/08\\\/Design-sans-titre-2026-03-09T160338.191.png\",\"articleSection\":[\"Salon de jardin\"],\"inLanguage\":\"fr-FR\",\"potentialAction\":[{\"@type\":\"CommentAction\",\"name\":\"Comment\",\"target\":[\"https:\\\/\\\/www.sweeek.fr\\\/blog\\\/comment-choisir-son-salon-de-jardin\\\/#respond\"]}]},{\"@type\":\"WebPage\",\"@id\":\"https:\\\/\\\/www.sweeek.fr\\\/blog\\\/comment-choisir-son-salon-de-jardin\\\/\",\"url\":\"https:\\\/\\\/www.sweeek.fr\\\/blog\\\/comment-choisir-son-salon-de-jardin\\\/\",\"name\":\"Comment choisir son salon de jardin ? &#8211; Les Conseils sweeek\",\"isPartOf\":{\"@id\":\"https:\\\/\\\/www.sweeek.fr\\\/blog\\\/#website\"},\"primaryImageOfPage\":{\"@id\":\"https:\\\/\\\/www.sweeek.fr\\\/blog\\\/comment-choisir-son-salon-de-jardin\\\/#primaryimage\"},\"image\":{\"@id\":\"https:\\\/\\\/www.sweeek.fr\\\/blog\\\/comment-choisir-son-salon-de-jardin\\\/#primaryimage\"},\"thumbnailUrl\":\"https:\\\/\\\/www.sweeek.fr\\\/blog\\\/wp-content\\\/uploads\\\/2022\\\/08\\\/Design-sans-titre-2026-03-09T160338.191.png\",\"datePublished\":\"2022-08-02T14:24:00+00:00\",\"dateModified\":\"2026-03-16T08:38:22+00:00\",\"description\":\"D\u00e9couvrez les conseils de sweeek pour choisir son salon de jardin. De la mati\u00e8re, au nombre de place, on vous dit tout !\",\"breadcrumb\":{\"@id\":\"https:\\\/\\\/www.sweeek.fr\\\/blog\\\/comment-choisir-son-salon-de-jardin\\\/#breadcrumb\"},\"inLanguage\":\"fr-FR\",\"potentialAction\":[{\"@type\":\"ReadAction\",\"target\":[\"https:\\\/\\\/www.sweeek.fr\\\/blog\\\/comment-choisir-son-salon-de-jardin\\\/\"]}]},{\"@type\":\"ImageObject\",\"inLanguage\":\"fr-FR\",\"@id\":\"https:\\\/\\\/www.sweeek.fr\\\/blog\\\/comment-choisir-son-salon-de-jardin\\\/#primaryimage\",\"url\":\"https:\\\/\\\/www.sweeek.fr\\\/blog\\\/wp-content\\\/uploads\\\/2022\\\/08\\\/Design-sans-titre-2026-03-09T160338.191.png\",\"contentUrl\":\"https:\\\/\\\/www.sweeek.fr\\\/blog\\\/wp-content\\\/uploads\\\/2022\\\/08\\\/Design-sans-titre-2026-03-09T160338.191.png\",\"width\":1024,\"height\":682},{\"@type\":\"BreadcrumbList\",\"@id\":\"https:\\\/\\\/www.sweeek.fr\\\/blog\\\/comment-choisir-son-salon-de-jardin\\\/#breadcrumb\",\"itemListElement\":[{\"@type\":\"ListItem\",\"position\":1,\"name\":\"Accueil\",\"item\":\"https:\\\/\\\/www.sweeek.fr\\\/blog\\\/\"},{\"@type\":\"ListItem\",\"position\":2,\"name\":\"Comment choisir son salon de jardin ?\"}]},{\"@type\":\"WebSite\",\"@id\":\"https:\\\/\\\/www.sweeek.fr\\\/blog\\\/#website\",\"url\":\"https:\\\/\\\/www.sweeek.fr\\\/blog\\\/\",\"name\":\"Les Conseils sweeek\",\"description\":\"Conseils et inspirations\",\"publisher\":{\"@id\":\"https:\\\/\\\/www.sweeek.fr\\\/blog\\\/#organization\"},\"potentialAction\":[{\"@type\":\"SearchAction\",\"target\":{\"@type\":\"EntryPoint\",\"urlTemplate\":\"https:\\\/\\\/www.sweeek.fr\\\/blog\\\/?s={search_term_string}\"},\"query-input\":{\"@type\":\"PropertyValueSpecification\",\"valueRequired\":true,\"valueName\":\"search_term_string\"}}],\"inLanguage\":\"fr-FR\"},{\"@type\":\"Organization\",\"@id\":\"https:\\\/\\\/www.sweeek.fr\\\/blog\\\/#organization\",\"name\":\"sweeek\",\"url\":\"https:\\\/\\\/www.sweeek.fr\\\/blog\\\/\",\"logo\":{\"@type\":\"ImageObject\",\"inLanguage\":\"fr-FR\",\"@id\":\"https:\\\/\\\/www.sweeek.fr\\\/blog\\\/#\\\/schema\\\/logo\\\/image\\\/\",\"url\":\"https:\\\/\\\/www.sweeek.fr\\\/blog\\\/wp-content\\\/uploads\\\/2023\\\/10\\\/blog-sweeek-logo2.png\",\"contentUrl\":\"https:\\\/\\\/www.sweeek.fr\\\/blog\\\/wp-content\\\/uploads\\\/2023\\\/10\\\/blog-sweeek-logo2.png\",\"width\":328,\"height\":90,\"caption\":\"sweeek\"},\"image\":{\"@id\":\"https:\\\/\\\/www.sweeek.fr\\\/blog\\\/#\\\/schema\\\/logo\\\/image\\\/\"}},{\"@type\":\"Person\",\"@id\":\"https:\\\/\\\/www.sweeek.fr\\\/blog\\\/#\\\/schema\\\/person\\\/e97ba3e4a84bda73fe86070619e7640b\",\"name\":\"Am\u00e9lie Capon\",\"image\":{\"@type\":\"ImageObject\",\"inLanguage\":\"fr-FR\",\"@id\":\"https:\\\/\\\/secure.gravatar.com\\\/avatar\\\/042e4b25b2641d47117ebfaf786a00f66fd827d54a130982af74eb1f062ce832?s=96&d=mm&r=g\",\"url\":\"https:\\\/\\\/secure.gravatar.com\\\/avatar\\\/042e4b25b2641d47117ebfaf786a00f66fd827d54a130982af74eb1f062ce832?s=96&d=mm&r=g\",\"contentUrl\":\"https:\\\/\\\/secure.gravatar.com\\\/avatar\\\/042e4b25b2641d47117ebfaf786a00f66fd827d54a130982af74eb1f062ce832?s=96&d=mm&r=g\",\"caption\":\"Am\u00e9lie Capon\"}}]}<\/script>\n<!-- \/ Yoast SEO plugin. -->","yoast_head_json":{"title":"Comment choisir son salon de jardin ? &#8211; Les Conseils sweeek","description":"D\u00e9couvrez les conseils de sweeek pour choisir son salon de jardin. De la mati\u00e8re, au nombre de place, on vous dit tout !","robots":{"index":"index","follow":"follow","max-snippet":"max-snippet:-1","max-image-preview":"max-image-preview:large","max-video-preview":"max-video-preview:-1"},"canonical":"https:\/\/www.sweeek.fr\/blog\/comment-choisir-son-salon-de-jardin\/","og_locale":"fr_FR","og_type":"article","og_title":"Comment choisir son salon de jardin ? &#8211; Les Conseils sweeek","og_description":"D\u00e9couvrez les conseils de sweeek pour choisir son salon de jardin. De la mati\u00e8re, au nombre de place, on vous dit tout !","og_url":"https:\/\/www.sweeek.fr\/blog\/comment-choisir-son-salon-de-jardin\/","og_site_name":"Les Conseils sweeek","article_published_time":"2022-08-02T14:24:00+00:00","article_modified_time":"2026-03-16T08:38:22+00:00","og_image":[{"width":1024,"height":682,"url":"https:\/\/www.sweeek.fr\/blog\/wp-content\/uploads\/2022\/08\/Design-sans-titre-2026-03-09T160338.191.png","type":"image\/png"}],"author":"Am\u00e9lie Capon","twitter_card":"summary_large_image","twitter_misc":{"\u00c9crit par":"Am\u00e9lie Capon","Dur\u00e9e de lecture estim\u00e9e":"16 minutes"},"schema":{"@context":"https:\/\/schema.org","@graph":[{"@type":"Article","@id":"https:\/\/www.sweeek.fr\/blog\/comment-choisir-son-salon-de-jardin\/#article","isPartOf":{"@id":"https:\/\/www.sweeek.fr\/blog\/comment-choisir-son-salon-de-jardin\/"},"author":{"name":"Am\u00e9lie Capon","@id":"https:\/\/www.sweeek.fr\/blog\/#\/schema\/person\/e97ba3e4a84bda73fe86070619e7640b"},"headline":"Comment choisir son salon de jardin ?","datePublished":"2022-08-02T14:24:00+00:00","dateModified":"2026-03-16T08:38:22+00:00","mainEntityOfPage":{"@id":"https:\/\/www.sweeek.fr\/blog\/comment-choisir-son-salon-de-jardin\/"},"wordCount":2637,"commentCount":0,"publisher":{"@id":"https:\/\/www.sweeek.fr\/blog\/#organization"},"image":{"@id":"https:\/\/www.sweeek.fr\/blog\/comment-choisir-son-salon-de-jardin\/#primaryimage"},"thumbnailUrl":"https:\/\/www.sweeek.fr\/blog\/wp-content\/uploads\/2022\/08\/Design-sans-titre-2026-03-09T160338.191.png","articleSection":["Salon de jardin"],"inLanguage":"fr-FR","potentialAction":[{"@type":"CommentAction","name":"Comment","target":["https:\/\/www.sweeek.fr\/blog\/comment-choisir-son-salon-de-jardin\/#respond"]}]},{"@type":"WebPage","@id":"https:\/\/www.sweeek.fr\/blog\/comment-choisir-son-salon-de-jardin\/","url":"https:\/\/www.sweeek.fr\/blog\/comment-choisir-son-salon-de-jardin\/","name":"Comment choisir son salon de jardin ? &#8211; Les Conseils sweeek","isPartOf":{"@id":"https:\/\/www.sweeek.fr\/blog\/#website"},"primaryImageOfPage":{"@id":"https:\/\/www.sweeek.fr\/blog\/comment-choisir-son-salon-de-jardin\/#primaryimage"},"image":{"@id":"https:\/\/www.sweeek.fr\/blog\/comment-choisir-son-salon-de-jardin\/#primaryimage"},"thumbnailUrl":"https:\/\/www.sweeek.fr\/blog\/wp-content\/uploads\/2022\/08\/Design-sans-titre-2026-03-09T160338.191.png","datePublished":"2022-08-02T14:24:00+00:00","dateModified":"2026-03-16T08:38:22+00:00","description":"D\u00e9couvrez les conseils de sweeek pour choisir son salon de jardin. De la mati\u00e8re, au nombre de place, on vous dit tout !","breadcrumb":{"@id":"https:\/\/www.sweeek.fr\/blog\/comment-choisir-son-salon-de-jardin\/#breadcrumb"},"inLanguage":"fr-FR","potentialAction":[{"@type":"ReadAction","target":["https:\/\/www.sweeek.fr\/blog\/comment-choisir-son-salon-de-jardin\/"]}]},{"@type":"ImageObject","inLanguage":"fr-FR","@id":"https:\/\/www.sweeek.fr\/blog\/comment-choisir-son-salon-de-jardin\/#primaryimage","url":"https:\/\/www.sweeek.fr\/blog\/wp-content\/uploads\/2022\/08\/Design-sans-titre-2026-03-09T160338.191.png","contentUrl":"https:\/\/www.sweeek.fr\/blog\/wp-content\/uploads\/2022\/08\/Design-sans-titre-2026-03-09T160338.191.png","width":1024,"height":682},{"@type":"BreadcrumbList","@id":"https:\/\/www.sweeek.fr\/blog\/comment-choisir-son-salon-de-jardin\/#breadcrumb","itemListElement":[{"@type":"ListItem","position":1,"name":"Accueil","item":"https:\/\/www.sweeek.fr\/blog\/"},{"@type":"ListItem","position":2,"name":"Comment choisir son salon de jardin ?"}]},{"@type":"WebSite","@id":"https:\/\/www.sweeek.fr\/blog\/#website","url":"https:\/\/www.sweeek.fr\/blog\/","name":"Les Conseils sweeek","description":"Conseils et inspirations","publisher":{"@id":"https:\/\/www.sweeek.fr\/blog\/#organization"},"potentialAction":[{"@type":"SearchAction","target":{"@type":"EntryPoint","urlTemplate":"https:\/\/www.sweeek.fr\/blog\/?s={search_term_string}"},"query-input":{"@type":"PropertyValueSpecification","valueRequired":true,"valueName":"search_term_string"}}],"inLanguage":"fr-FR"},{"@type":"Organization","@id":"https:\/\/www.sweeek.fr\/blog\/#organization","name":"sweeek","url":"https:\/\/www.sweeek.fr\/blog\/","logo":{"@type":"ImageObject","inLanguage":"fr-FR","@id":"https:\/\/www.sweeek.fr\/blog\/#\/schema\/logo\/image\/","url":"https:\/\/www.sweeek.fr\/blog\/wp-content\/uploads\/2023\/10\/blog-sweeek-logo2.png","contentUrl":"https:\/\/www.sweeek.fr\/blog\/wp-content\/uploads\/2023\/10\/blog-sweeek-logo2.png","width":328,"height":90,"caption":"sweeek"},"image":{"@id":"https:\/\/www.sweeek.fr\/blog\/#\/schema\/logo\/image\/"}},{"@type":"Person","@id":"https:\/\/www.sweeek.fr\/blog\/#\/schema\/person\/e97ba3e4a84bda73fe86070619e7640b","name":"Am\u00e9lie Capon","image":{"@type":"ImageObject","inLanguage":"fr-FR","@id":"https:\/\/secure.gravatar.com\/avatar\/042e4b25b2641d47117ebfaf786a00f66fd827d54a130982af74eb1f062ce832?s=96&d=mm&r=g","url":"https:\/\/secure.gravatar.com\/avatar\/042e4b25b2641d47117ebfaf786a00f66fd827d54a130982af74eb1f062ce832?s=96&d=mm&r=g","contentUrl":"https:\/\/secure.gravatar.com\/avatar\/042e4b25b2641d47117ebfaf786a00f66fd827d54a130982af74eb1f062ce832?s=96&d=mm&r=g","caption":"Am\u00e9lie Capon"}}]}},"uagb_featured_image_src":{"full":["https:\/\/www.sweeek.fr\/blog\/wp-content\/uploads\/2022\/08\/Design-sans-titre-2026-03-09T160338.191.png",1024,682,false],"thumbnail":["https:\/\/www.sweeek.fr\/blog\/wp-content\/uploads\/2022\/08\/Design-sans-titre-2026-03-09T160338.191-150x150.png",150,150,true],"medium":["https:\/\/www.sweeek.fr\/blog\/wp-content\/uploads\/2022\/08\/Design-sans-titre-2026-03-09T160338.191-300x200.png",300,200,true],"medium_large":["https:\/\/www.sweeek.fr\/blog\/wp-content\/uploads\/2022\/08\/Design-sans-titre-2026-03-09T160338.191-768x512.png",768,512,true],"large":["https:\/\/www.sweeek.fr\/blog\/wp-content\/uploads\/2022\/08\/Design-sans-titre-2026-03-09T160338.191.png",1024,682,false],"1536x1536":["https:\/\/www.sweeek.fr\/blog\/wp-content\/uploads\/2022\/08\/Design-sans-titre-2026-03-09T160338.191.png",1024,682,false],"2048x2048":["https:\/\/www.sweeek.fr\/blog\/wp-content\/uploads\/2022\/08\/Design-sans-titre-2026-03-09T160338.191.png",1024,682,false],"ocean-thumb-m":["https:\/\/www.sweeek.fr\/blog\/wp-content\/uploads\/2022\/08\/Design-sans-titre-2026-03-09T160338.191-600x600.png",600,600,true],"ocean-thumb-ml":["https:\/\/www.sweeek.fr\/blog\/wp-content\/uploads\/2022\/08\/Design-sans-titre-2026-03-09T160338.191-800x450.png",800,450,true],"ocean-thumb-l":["https:\/\/www.sweeek.fr\/blog\/wp-content\/uploads\/2022\/08\/Design-sans-titre-2026-03-09T160338.191.png",1024,682,false]},"uagb_author_info":{"display_name":"Am\u00e9lie Capon","author_link":"https:\/\/www.sweeek.fr\/blog"},"uagb_comment_info":536,"uagb_excerpt":"Envie de d\u00e9tente et d\u2019\u00e9vasion ? Vous vous tournez vers le salon de jardin pour accompagner vos journ\u00e9es ensoleill\u00e9es d\u2019\u00e9t\u00e9 ? Vous souhaitez ajouter une nouvelle d\u00e9coration \u00e0 votre jardin, mais vous ne savez pas par o\u00f9 commencer ?Vous \u00eates au bon endroit, ici, on vous expose les mati\u00e8res des salons de jardin, leurs usages\u2026","_links":{"self":[{"href":"https:\/\/www.sweeek.fr\/blog\/wp-json\/wp\/v2\/posts\/11901","targetHints":{"allow":["GET"]}}],"collection":[{"href":"https:\/\/www.sweeek.fr\/blog\/wp-json\/wp\/v2\/posts"}],"about":[{"href":"https:\/\/www.sweeek.fr\/blog\/wp-json\/wp\/v2\/types\/post"}],"author":[{"embeddable":true,"href":"https:\/\/www.sweeek.fr\/blog\/wp-json\/wp\/v2\/users\/4"}],"replies":[{"embeddable":true,"href":"https:\/\/www.sweeek.fr\/blog\/wp-json\/wp\/v2\/comments?post=11901"}],"version-history":[{"count":99,"href":"https:\/\/www.sweeek.fr\/blog\/wp-json\/wp\/v2\/posts\/11901\/revisions"}],"predecessor-version":[{"id":22679,"href":"https:\/\/www.sweeek.fr\/blog\/wp-json\/wp\/v2\/posts\/11901\/revisions\/22679"}],"wp:featuredmedia":[{"embeddable":true,"href":"https:\/\/www.sweeek.fr\/blog\/wp-json\/wp\/v2\/media\/22674"}],"wp:attachment":[{"href":"https:\/\/www.sweeek.fr\/blog\/wp-json\/wp\/v2\/media?parent=11901"}],"wp:term":[{"taxonomy":"category","embeddable":true,"href":"https:\/\/www.sweeek.fr\/blog\/wp-json\/wp\/v2\/categories?post=11901"},{"taxonomy":"post_tag","embeddable":true,"href":"https:\/\/www.sweeek.fr\/blog\/wp-json\/wp\/v2\/tags?post=11901"}],"curies":[{"name":"wp","href":"https:\/\/api.w.org\/{rel}","templated":true}]}}