{"id":11861,"date":"2022-08-02T09:57:24","date_gmt":"2022-08-02T07:57:24","guid":{"rendered":"https:\/\/www.sweeek.fr\/blog\/?p=11861"},"modified":"2024-12-20T11:57:01","modified_gmt":"2024-12-20T10:57:01","slug":"quelle-couleur-choisir-pour-son-salon-de-jardin","status":"publish","type":"post","link":"https:\/\/www.sweeek.fr\/blog\/quelle-couleur-choisir-pour-son-salon-de-jardin\/","title":{"rendered":"Quelle couleur choisir pour son salon de jardin&nbsp;?"},"content":{"rendered":"<div class=\"wp-block-image\">\n<figure class=\"aligncenter size-large\"><img fetchpriority=\"high\" decoding=\"async\" width=\"1024\" height=\"519\" src=\"https:\/\/www.sweeek.fr\/blog\/wp-content\/uploads\/2022\/08\/AC0012WHGY-ambiance-1024x519.jpg\" alt=\"salon de jardin \" class=\"wp-image-11889\" srcset=\"https:\/\/www.sweeek.fr\/blog\/wp-content\/uploads\/2022\/08\/AC0012WHGY-ambiance-1024x519.jpg 1024w, https:\/\/www.sweeek.fr\/blog\/wp-content\/uploads\/2022\/08\/AC0012WHGY-ambiance-300x152.jpg 300w, https:\/\/www.sweeek.fr\/blog\/wp-content\/uploads\/2022\/08\/AC0012WHGY-ambiance-768x389.jpg 768w, https:\/\/www.sweeek.fr\/blog\/wp-content\/uploads\/2022\/08\/AC0012WHGY-ambiance.jpg 1432w\" sizes=\"(max-width: 1024px) 100vw, 1024px\" \/><\/figure>\n<\/div>\n\n\n<hr class=\"wp-block-separator has-alpha-channel-opacity is-style-default\"\/>\n\n\n\n<p>Vous souhaitez investir dans un salon de jardin mais vous ne savez pas quelle couleur choisir&nbsp;? Blanc, jaune, gris, vert\u2026. Il existe de nombreux coloris et ce n\u2019est pas toujours facile de <a href=\"https:\/\/www.sweeek.fr\/blog\/comment-choisir-son-salon-de-jardin\/\">faire son choix<\/a>&nbsp;! Des couleurs sobres pour les d\u00e9corations minimalistes aux couleurs plus vives pour des ext\u00e9rieurs vitamin\u00e9s, nous avons cr\u00e9\u00e9 pour vous une liste de teintes pour votre salon de jardin. D\u00e9couvrez notre guide pour vous aider \u00e0 choisir la couleur de votre salon de jardin.&nbsp;<\/p>\n\n\n\n<hr class=\"wp-block-separator has-alpha-channel-opacity\"\/>\n\n\n\n<div class=\"wp-block-columns is-layout-flex wp-container-core-columns-is-layout-9d6595d7 wp-block-columns-is-layout-flex\">\n<div class=\"wp-block-column is-layout-flow wp-block-column-is-layout-flow\" style=\"flex-basis:66.66%\">\n<h2 class=\"wp-block-heading\"><strong>Des couleurs sobres et tendances pour votre salon de jardin&nbsp;<\/strong><\/h2>\n\n\n\n<p><em>Les salons de jardin sobres sont id\u00e9als et conviennent parfaitement \u00e0 tous types d\u2019ext\u00e9rieurs.&nbsp;<\/em><\/p>\n\n\n\n<h3 class=\"wp-block-heading\"><strong><em>Le salon de jardin gris<\/em><\/strong><\/h3>\n\n\n\n<p>Le gris pour un salon de jardin est ind\u00e9modable.&nbsp; C\u2019est une couleur&nbsp;neutre et design qui s\u2019adapte \u00e0 tous les ext\u00e9rieurs, que ce soit dans un jardin ou dans une v\u00e9randa, le <a href=\"https:\/\/www.sweeek.fr\/mobilier-jardin\/salon-jardin\/filter\/couleur-1-1\/gris-6\">salon de jardin gris<\/a> \u00e0 tout pour lui&nbsp;! Sa neutralit\u00e9 permet au salon de jardin de s\u2019accorder avec le d\u00e9cor naturel ext\u00e9rieur.<\/p>\n\n\n\n<h3 class=\"wp-block-heading\"><strong><em>Le salon de jardin blanc&nbsp;<\/em><\/strong><\/h3>\n\n\n\n<p>Le <a href=\"https:\/\/www.sweeek.fr\/mobilier-jardin\/salon-jardin\/filter\/couleur-1-1\/blanc-1\">salon de jardin blanc<\/a> donne un aspect chic aux espaces ext\u00e9rieurs ! La couleur blanche s\u2019associe parfaitement \u00e0 une terrasse, elle est intemporelle et offre du cachet \u00e0 un jardin. Tr\u00e8s souvent en aluminium ou en inox, le mobilier blanc apporte une touche lumineuse et il est facile d\u2019organiser votre d\u00e9coration autour de cette couleur.<\/p>\n\n\n\n<h3 class=\"wp-block-heading\"><strong><em>Le salon de jardin noir&nbsp;<\/em><\/strong><\/h3>\n\n\n\n<p>Chic et sobre, le noir&nbsp;offre une touche de raffinement \u00e0 un espace vert. <a href=\"https:\/\/www.sweeek.fr\/mobilier-jardin\/salon-jardin\/filter\/couleur-1-1\/noir-1\">Un salon de jardin noir<\/a> est id\u00e9al pour les personnes souhaitant un espace ext\u00e9rieur \u00e9pur\u00e9 et il est facilement associable avec d\u2019autres couleurs m\u00eame les plus claires&nbsp;!&nbsp;On le trouve souvent en r\u00e9sine tress\u00e9e ou en aluminium, mati\u00e8res qui restent \u00e0 des prix abordables et c\u2019est une teinte qui s\u2019accorde tr\u00e8s bien notamment \u00e0 l\u2019esth\u00e9tique d\u2019une maison en brique.&nbsp; De plus, cette couleur est facile \u00e0 entretenir.&nbsp;<\/p>\n<\/div>\n\n\n\n<div class=\"wp-block-column is-vertically-aligned-center is-layout-flow wp-block-column-is-layout-flow\" style=\"flex-basis:33.33%\">\n<figure class=\"wp-block-image size-full\"><img decoding=\"async\" width=\"455\" height=\"592\" src=\"https:\/\/www.sweeek.fr\/blog\/wp-content\/uploads\/2022\/08\/Nouveau-projet-2022-08-02T094817.632.jpg\" alt=\"salon de jardin resine tressee\" class=\"wp-image-11868\" srcset=\"https:\/\/www.sweeek.fr\/blog\/wp-content\/uploads\/2022\/08\/Nouveau-projet-2022-08-02T094817.632.jpg 455w, https:\/\/www.sweeek.fr\/blog\/wp-content\/uploads\/2022\/08\/Nouveau-projet-2022-08-02T094817.632-231x300.jpg 231w\" sizes=\"(max-width: 455px) 100vw, 455px\" \/><\/figure>\n<\/div>\n<\/div>\n\n\n\n<h2 class=\"wp-block-heading\"><strong>Des couleurs neutres et douces pour vous apaiser&nbsp;<\/strong><\/h2>\n\n\n\n<p><em>Les salons de jardin c\u2019est un endroit dans lequel on aime s\u2019y sentir bien et \u00e0 l\u2019aise. Il existe des couleurs douces et agr\u00e9ables qui permettent de se relaxer sous le soleil, tout en ayant une terrasse bien d\u00e9cor\u00e9e.&nbsp;<\/em><\/p>\n\n\n\n<h3 class=\"wp-block-heading\"><strong><em>La couleur bois&nbsp;<\/em><\/strong><\/h3>\n\n\n\n<p>Le <a href=\"https:\/\/www.sweeek.fr\/mobilier-jardin\/salon-jardin\/filter\/matiere-1-1\/bois-1\">salon de jardin en bois<\/a> est le plus naturel, authentique et \u00e9pur\u00e9. Il trouvera sa place sur les ext\u00e9rieurs boh\u00e8mes, contemporains ou industriels. En vieillissant, le bois prend une couleur gris\u00e9e, si vous n\u2019aimez pas cet effet gris, nous vous conseillons d\u2019entretenir votre bois au moins une fois par an avec une lasure.&nbsp;<\/p>\n\n\n\n<h3 class=\"wp-block-heading\"><strong><em>Le salon de jardin vert<\/em><\/strong><\/h3>\n\n\n\n<p>Le salon de jardin vert est l\u2019un des plus originaux. C\u2019est une couleur qui se veut apaisante parce qu\u2019elle inspire \u00e0 la s\u00e9r\u00e9nit\u00e9. Il est possible d\u2019avoir du vert sous plusieurs d\u00e9clinaisons, du vert pastel, du vert vif ou du vert fonc\u00e9\u2026 des coloris pour tous les go\u00fbts.&nbsp;<\/p>\n\n\n\n<h3 class=\"wp-block-heading\"><strong><em>Le salon de jardin marron<\/em><\/strong><\/h3>\n\n\n\n<p>Le <a href=\"https:\/\/www.sweeek.fr\/mobilier-jardin\/salon-jardin\/filter\/couleur-1-1\/marron-6\">salon de jardin marron<\/a> se rapproche du <a href=\"https:\/\/www.sweeek.fr\/mobilier-jardin\/salon-jardin\/filter\/couleur-1-1\/beige-1\">beige<\/a>. Sobre et naturel, il est id\u00e9al pour ceux qui appr\u00e9cient les ext\u00e9rieurs au style champ\u00eatre. On trouve notamment de nombreux salons de couleur marron en r\u00e9sine tress\u00e9e.&nbsp;<\/p>\n\n\n\n<div class=\"wp-block-columns is-layout-flex wp-container-core-columns-is-layout-9d6595d7 wp-block-columns-is-layout-flex\">\n<div class=\"wp-block-column is-vertically-aligned-center is-layout-flow wp-block-column-is-layout-flow\" style=\"flex-basis:33.33%\">\n<figure class=\"wp-block-image size-full\"><img decoding=\"async\" width=\"455\" height=\"592\" src=\"https:\/\/www.sweeek.fr\/blog\/wp-content\/uploads\/2022\/08\/Nouveau-projet-2022-08-02T095327.358.jpg\" alt=\"salon de jardin bois \" class=\"wp-image-11871\" srcset=\"https:\/\/www.sweeek.fr\/blog\/wp-content\/uploads\/2022\/08\/Nouveau-projet-2022-08-02T095327.358.jpg 455w, https:\/\/www.sweeek.fr\/blog\/wp-content\/uploads\/2022\/08\/Nouveau-projet-2022-08-02T095327.358-231x300.jpg 231w\" sizes=\"(max-width: 455px) 100vw, 455px\" \/><\/figure>\n<\/div>\n\n\n\n<div class=\"wp-block-column is-layout-flow wp-block-column-is-layout-flow\" style=\"flex-basis:66.66%\">\n<h2 class=\"wp-block-heading\"><strong>Osez les couleurs vives pour \u00e9gayer le jardin&nbsp;<\/strong><\/h2>\n\n\n\n<p><em>Soif d\u2019originalit\u00e9 et d\u2019authenticit\u00e9&nbsp;? Les salons de jardins existent dans diverses couleurs, les teintes vives sont id\u00e9ales pour apporter gaiet\u00e9 et vitalit\u00e9 \u00e0 un jardin.&nbsp;<\/em><\/p>\n\n\n\n<h3 class=\"wp-block-heading\"><strong><em>Le jaune&nbsp;<\/em><\/strong><\/h3>\n\n\n\n<p>Le salon de jardin de couleur jaune offre du dynamisme. Comme le vert, le jaune peut varier entre le jaune pastel, le jaune vif et le jaune moutarde. Le salon de jardin jaune apporte de la gaiet\u00e9 \u00e0 votre d\u00e9coration. Id\u00e9al pour un ext\u00e9rieur ensoleill\u00e9 !&nbsp;<\/p>\n\n\n\n<h3 class=\"wp-block-heading\"><strong><em>L\u2019orange<\/em><\/strong><\/h3>\n\n\n\n<p>Tout comme le salon de jardin jaune, le salon de jardin orange apporte, lui aussi, sa touche de vitamine. Il est id\u00e9al pour ceux qui appr\u00e9cient la couleur, l\u2019orange apporte une touche de vitalit\u00e9 \u00e0 tout espace ext\u00e9rieur&nbsp;!<\/p>\n\n\n\n<h3 class=\"wp-block-heading\"><strong><em>Le rouge&nbsp;<\/em><\/strong><\/h3>\n\n\n\n<p>Le salon de jardin rouge est p\u00e9tillant. On aper\u00e7oit souvent le rouge sur les salons de jardin en m\u00e9tal et en r\u00e9sine ou m\u00eame sur les tables de jardin. C\u2019est une teinte id\u00e9ale pour rajouter une l\u00e9g\u00e8re touche color\u00e9e \u00e0 une terrasse am\u00e9nag\u00e9e avec des couleurs sobres.&nbsp;<\/p>\n\n\n\n<h3 class=\"wp-block-heading\"><strong><em>Le bleu<\/em><\/strong><\/h3>\n\n\n\n<p>Le salon de jardin bleu a un look apaisant et il fait beaucoup penser aux mobiliers ext\u00e9rieurs que l\u2019on peut trouver en bord de mer durant l\u2019\u00e9t\u00e9. Tendance marine, bleu \u00e9lectrique plus moderne, ou bleu clair, laissez-vous tenter par le salon de jardin bleu.<\/p>\n<\/div>\n<\/div>\n\n\n\n<h3 class=\"wp-block-heading\"><strong>Mix de couleurs<\/strong><\/h3>\n\n\n\n<p>Vous avez envie d\u2019originalit\u00e9 et de couleurs dans votre jardin ? Optez pour le mix de couleurs ! Le bois peut \u00eatre associ\u00e9 \u00e0 de l\u2019aluminium et \u00e0 des coussins couleur rouge par exemple. N&rsquo;h\u00e9sitez pas \u00e0 renouveler les housses de vos coussins ann\u00e9es apr\u00e8s ann\u00e9e avec des coloris diff\u00e9rents pour ne pas vous lasser de votre salon de jardin.&nbsp;<\/p>\n\n\n\n<div class=\"wp-block-group alignwide has-white-color has-text-color has-background\" style=\"background-color:#f2f2f2\"><div class=\"wp-block-group__inner-container is-layout-flow wp-block-group-is-layout-flow\">\n<h2 class=\"alignfull has-text-align-center has-black-color has-text-color wp-block-heading\" style=\"font-size:30px;font-style:normal;font-weight:400\">La s\u00e9lection de sweeek<\/h2>\n\n\n\n<div style=\"height:21px\" aria-hidden=\"true\" class=\"wp-block-spacer\"><\/div>\n\n\n\n<div class=\"wp-block-columns is-layout-flex wp-container-core-columns-is-layout-9d6595d7 wp-block-columns-is-layout-flex\">\n<div class=\"wp-block-column is-layout-flow wp-block-column-is-layout-flow\"><div class=\"wp-block-image\">\n<figure class=\"aligncenter size-full\"><a href=\"https:\/\/www.sweeek.fr\/product\/salon-de-jardin-en-bois-5-places-mendoza-coussins-gris-canape-fauteuils-et-table-basse-en-eucalyptus-salon-de-jardin-bas\" target=\"_blank\" rel=\"noreferrer noopener\"><img loading=\"lazy\" decoding=\"async\" width=\"500\" height=\"500\" src=\"https:\/\/www.sweeek.fr\/blog\/wp-content\/uploads\/2022\/06\/ACH3005GY.jpg\" alt=\"Salon de jardin en bois 5 places en acacia - Mendoza\" class=\"wp-image-10722\" srcset=\"https:\/\/www.sweeek.fr\/blog\/wp-content\/uploads\/2022\/06\/ACH3005GY.jpg 500w, https:\/\/www.sweeek.fr\/blog\/wp-content\/uploads\/2022\/06\/ACH3005GY-300x300.jpg 300w, https:\/\/www.sweeek.fr\/blog\/wp-content\/uploads\/2022\/06\/ACH3005GY-150x150.jpg 150w\" sizes=\"(max-width: 500px) 100vw, 500px\" \/><\/a><\/figure>\n<\/div>\n\n\n<h3 class=\"has-text-align-center has-black-color has-text-color wp-block-heading\" style=\"font-style:normal;font-weight:400\">Salon de jardin en bois 5 places en acacia &#8211; Mendoza<\/h3>\n\n\n\n<div style=\"height:15px\" aria-hidden=\"true\" class=\"wp-block-spacer\"><\/div>\n<\/div>\n\n\n\n<div class=\"wp-block-column is-layout-flow wp-block-column-is-layout-flow\"><div class=\"wp-block-image\">\n<figure class=\"aligncenter size-large\"><a href=\"https:\/\/www.sweeek.fr\/product\/salon-de-jardin-en-bois-4-places-ushuaia-coussins-beiges-canape-fauteuils-et-table-basse-en-acacia-design\" target=\"_blank\" rel=\"noopener\"><img loading=\"lazy\" decoding=\"async\" width=\"1024\" height=\"1024\" src=\"https:\/\/www.sweeek.fr\/blog\/wp-content\/uploads\/2022\/08\/Design-sans-titre-46-1024x1024.jpg\" alt=\"salon de jardin bois blanchi 4 places \" class=\"wp-image-19440\" srcset=\"https:\/\/www.sweeek.fr\/blog\/wp-content\/uploads\/2022\/08\/Design-sans-titre-46.jpg 1024w, https:\/\/www.sweeek.fr\/blog\/wp-content\/uploads\/2022\/08\/Design-sans-titre-46-300x300.jpg 300w, https:\/\/www.sweeek.fr\/blog\/wp-content\/uploads\/2022\/08\/Design-sans-titre-46-150x150.jpg 150w, https:\/\/www.sweeek.fr\/blog\/wp-content\/uploads\/2022\/08\/Design-sans-titre-46-768x768.jpg 768w, https:\/\/www.sweeek.fr\/blog\/wp-content\/uploads\/2022\/08\/Design-sans-titre-46-600x600.jpg 600w\" sizes=\"(max-width: 1024px) 100vw, 1024px\" \/><\/a><\/figure>\n<\/div>\n\n\n<h3 class=\"has-text-align-center wp-block-heading\" style=\"font-style:normal;font-weight:400\">Salon de jardin bois blanchi 4 places &#8211; Ushuaia<\/h3>\n\n\n\n<div style=\"height:15px\" aria-hidden=\"true\" class=\"wp-block-spacer\"><\/div>\n<\/div>\n\n\n\n<div class=\"wp-block-column is-layout-flow wp-block-column-is-layout-flow\"><div class=\"wp-block-image\">\n<figure class=\"aligncenter size-full\"><a href=\"https:\/\/www.sweeek.fr\/product\/salon-de-jardin-en-bois-4-places-ushuaia-coussins-vert-de-gris-canape-fauteuils-et-table-basse-en-acacia-design\" target=\"_blank\" rel=\"noreferrer noopener\"><img loading=\"lazy\" decoding=\"async\" width=\"500\" height=\"500\" src=\"https:\/\/www.sweeek.fr\/blog\/wp-content\/uploads\/2022\/08\/Nouveau-projet-2022-08-02T101830.566.jpg\" alt=\"Salon de jardin en bois 4 places - Ushuaia\" class=\"wp-image-11885\" srcset=\"https:\/\/www.sweeek.fr\/blog\/wp-content\/uploads\/2022\/08\/Nouveau-projet-2022-08-02T101830.566.jpg 500w, https:\/\/www.sweeek.fr\/blog\/wp-content\/uploads\/2022\/08\/Nouveau-projet-2022-08-02T101830.566-300x300.jpg 300w, https:\/\/www.sweeek.fr\/blog\/wp-content\/uploads\/2022\/08\/Nouveau-projet-2022-08-02T101830.566-150x150.jpg 150w\" sizes=\"(max-width: 500px) 100vw, 500px\" \/><\/a><\/figure>\n<\/div>\n\n\n<h3 class=\"has-text-align-center has-black-color has-text-color wp-block-heading\" style=\"font-style:normal;font-weight:400\">Salon de jardin en bois 4 places &#8211; Ushuaia<\/h3>\n\n\n\n<div style=\"height:15px\" aria-hidden=\"true\" class=\"wp-block-spacer\"><\/div>\n<\/div>\n<\/div>\n<\/div><\/div>\n","protected":false},"excerpt":{"rendered":"<p>Vous souhaitez investir dans un salon de jardin mais vous ne savez pas quelle couleur choisir&nbsp;? Blanc, jaune, gris, vert\u2026. Il existe de nombreux coloris et ce n\u2019est pas toujours facile de faire son choix&nbsp;! Des couleurs sobres pour les d\u00e9corations minimalistes aux couleurs plus vives pour des ext\u00e9rieurs vitamin\u00e9s, nous avons cr\u00e9\u00e9 pour vous [&hellip;]<\/p>\n","protected":false},"author":4,"featured_media":18375,"comment_status":"open","ping_status":"closed","sticky":false,"template":"","format":"standard","meta":{"inline_featured_image":false,"_uag_custom_page_level_css":"","ocean_post_layout":"","ocean_both_sidebars_style":"","ocean_both_sidebars_content_width":0,"ocean_both_sidebars_sidebars_width":0,"ocean_sidebar":"0","ocean_second_sidebar":"0","ocean_disable_margins":"enable","ocean_add_body_class":"","ocean_shortcode_before_top_bar":"","ocean_shortcode_after_top_bar":"","ocean_shortcode_before_header":"","ocean_shortcode_after_header":"","ocean_has_shortcode":"","ocean_shortcode_after_title":"","ocean_shortcode_before_footer_widgets":"","ocean_shortcode_after_footer_widgets":"","ocean_shortcode_before_footer_bottom":"","ocean_shortcode_after_footer_bottom":"","ocean_display_top_bar":"default","ocean_display_header":"default","ocean_header_style":"","ocean_center_header_left_menu":"0","ocean_custom_header_template":"0","ocean_custom_logo":0,"ocean_custom_retina_logo":0,"ocean_custom_logo_max_width":0,"ocean_custom_logo_tablet_max_width":0,"ocean_custom_logo_mobile_max_width":0,"ocean_custom_logo_max_height":0,"ocean_custom_logo_tablet_max_height":0,"ocean_custom_logo_mobile_max_height":0,"ocean_header_custom_menu":"0","ocean_menu_typo_font_family":"0","ocean_menu_typo_font_subset":"","ocean_menu_typo_font_size":0,"ocean_menu_typo_font_size_tablet":0,"ocean_menu_typo_font_size_mobile":0,"ocean_menu_typo_font_size_unit":"px","ocean_menu_typo_font_weight":"","ocean_menu_typo_font_weight_tablet":"","ocean_menu_typo_font_weight_mobile":"","ocean_menu_typo_transform":"","ocean_menu_typo_transform_tablet":"","ocean_menu_typo_transform_mobile":"","ocean_menu_typo_line_height":0,"ocean_menu_typo_line_height_tablet":0,"ocean_menu_typo_line_height_mobile":0,"ocean_menu_typo_line_height_unit":"","ocean_menu_typo_spacing":0,"ocean_menu_typo_spacing_tablet":0,"ocean_menu_typo_spacing_mobile":0,"ocean_menu_typo_spacing_unit":"","ocean_menu_link_color":"","ocean_menu_link_color_hover":"","ocean_menu_link_color_active":"","ocean_menu_link_background":"","ocean_menu_link_hover_background":"","ocean_menu_link_active_background":"","ocean_menu_social_links_bg":"","ocean_menu_social_hover_links_bg":"","ocean_menu_social_links_color":"","ocean_menu_social_hover_links_color":"","ocean_disable_title":"default","ocean_disable_heading":"default","ocean_post_title":"","ocean_post_subheading":"","ocean_post_title_style":"","ocean_post_title_background_color":"","ocean_post_title_background":0,"ocean_post_title_bg_image_position":"","ocean_post_title_bg_image_attachment":"","ocean_post_title_bg_image_repeat":"","ocean_post_title_bg_image_size":"","ocean_post_title_height":0,"ocean_post_title_bg_overlay":0.5,"ocean_post_title_bg_overlay_color":"","ocean_disable_breadcrumbs":"default","ocean_breadcrumbs_color":"","ocean_breadcrumbs_separator_color":"","ocean_breadcrumbs_links_color":"","ocean_breadcrumbs_links_hover_color":"","ocean_display_footer_widgets":"default","ocean_display_footer_bottom":"default","ocean_custom_footer_template":"0","ocean_post_oembed":"","ocean_post_self_hosted_media":"","ocean_post_video_embed":"","ocean_link_format":"","ocean_link_format_target":"self","ocean_quote_format":"","ocean_quote_format_link":"post","ocean_gallery_link_images":"off","ocean_gallery_id":[],"footnotes":""},"categories":[137],"tags":[],"class_list":["post-11861","post","type-post","status-publish","format-standard","has-post-thumbnail","hentry","category-salon-jardin","entry","has-media"],"yoast_head":"<!-- This site is optimized with the Yoast SEO plugin v27.3 - https:\/\/yoast.com\/product\/yoast-seo-wordpress\/ -->\n<title>Quelle couleur choisir pour son salon de jardin&nbsp;? &#8211; Les Conseils sweeek<\/title>\n<meta name=\"description\" content=\"D\u00e9couvrez les conseils de sweeek pour choisir la couleur de votre salon de jardin. Couleurs neutres ou vives, on vous dit tout !\" \/>\n<meta name=\"robots\" content=\"index, follow, max-snippet:-1, max-image-preview:large, max-video-preview:-1\" \/>\n<link rel=\"canonical\" href=\"https:\/\/www.sweeek.fr\/blog\/quelle-couleur-choisir-pour-son-salon-de-jardin\/\" \/>\n<meta property=\"og:locale\" content=\"fr_FR\" \/>\n<meta property=\"og:type\" content=\"article\" \/>\n<meta property=\"og:title\" content=\"Quelle couleur choisir pour son salon de jardin&nbsp;? &#8211; Les Conseils sweeek\" \/>\n<meta property=\"og:description\" content=\"D\u00e9couvrez les conseils de sweeek pour choisir la couleur de votre salon de jardin. Couleurs neutres ou vives, on vous dit tout !\" \/>\n<meta property=\"og:url\" content=\"https:\/\/www.sweeek.fr\/blog\/quelle-couleur-choisir-pour-son-salon-de-jardin\/\" \/>\n<meta property=\"og:site_name\" content=\"Les Conseils sweeek\" \/>\n<meta property=\"article:published_time\" content=\"2022-08-02T07:57:24+00:00\" \/>\n<meta property=\"article:modified_time\" content=\"2024-12-20T10:57:01+00:00\" \/>\n<meta property=\"og:image\" content=\"https:\/\/www.sweeek.fr\/blog\/wp-content\/uploads\/2022\/08\/couleur-salon-jardin.jpg\" \/>\n\t<meta property=\"og:image:width\" content=\"1024\" \/>\n\t<meta property=\"og:image:height\" content=\"682\" \/>\n\t<meta property=\"og:image:type\" content=\"image\/jpeg\" \/>\n<meta name=\"author\" content=\"Am\u00e9lie Capon\" \/>\n<meta name=\"twitter:card\" content=\"summary_large_image\" \/>\n<meta name=\"twitter:label1\" content=\"\u00c9crit par\" \/>\n\t<meta name=\"twitter:data1\" content=\"Am\u00e9lie Capon\" \/>\n\t<meta name=\"twitter:label2\" content=\"Dur\u00e9e de lecture estim\u00e9e\" \/>\n\t<meta name=\"twitter:data2\" content=\"6 minutes\" \/>\n<script type=\"application\/ld+json\" class=\"yoast-schema-graph\">{\"@context\":\"https:\\\/\\\/schema.org\",\"@graph\":[{\"@type\":\"Article\",\"@id\":\"https:\\\/\\\/www.sweeek.fr\\\/blog\\\/quelle-couleur-choisir-pour-son-salon-de-jardin\\\/#article\",\"isPartOf\":{\"@id\":\"https:\\\/\\\/www.sweeek.fr\\\/blog\\\/quelle-couleur-choisir-pour-son-salon-de-jardin\\\/\"},\"author\":{\"name\":\"Am\u00e9lie Capon\",\"@id\":\"https:\\\/\\\/www.sweeek.fr\\\/blog\\\/#\\\/schema\\\/person\\\/e97ba3e4a84bda73fe86070619e7640b\"},\"headline\":\"Quelle couleur choisir pour son salon de jardin&nbsp;?\",\"datePublished\":\"2022-08-02T07:57:24+00:00\",\"dateModified\":\"2024-12-20T10:57:01+00:00\",\"mainEntityOfPage\":{\"@id\":\"https:\\\/\\\/www.sweeek.fr\\\/blog\\\/quelle-couleur-choisir-pour-son-salon-de-jardin\\\/\"},\"wordCount\":924,\"commentCount\":0,\"publisher\":{\"@id\":\"https:\\\/\\\/www.sweeek.fr\\\/blog\\\/#organization\"},\"image\":{\"@id\":\"https:\\\/\\\/www.sweeek.fr\\\/blog\\\/quelle-couleur-choisir-pour-son-salon-de-jardin\\\/#primaryimage\"},\"thumbnailUrl\":\"https:\\\/\\\/www.sweeek.fr\\\/blog\\\/wp-content\\\/uploads\\\/2022\\\/08\\\/couleur-salon-jardin.jpg\",\"articleSection\":[\"Salon de jardin\"],\"inLanguage\":\"fr-FR\",\"potentialAction\":[{\"@type\":\"CommentAction\",\"name\":\"Comment\",\"target\":[\"https:\\\/\\\/www.sweeek.fr\\\/blog\\\/quelle-couleur-choisir-pour-son-salon-de-jardin\\\/#respond\"]}]},{\"@type\":\"WebPage\",\"@id\":\"https:\\\/\\\/www.sweeek.fr\\\/blog\\\/quelle-couleur-choisir-pour-son-salon-de-jardin\\\/\",\"url\":\"https:\\\/\\\/www.sweeek.fr\\\/blog\\\/quelle-couleur-choisir-pour-son-salon-de-jardin\\\/\",\"name\":\"Quelle couleur choisir pour son salon de jardin&nbsp;? &#8211; Les Conseils sweeek\",\"isPartOf\":{\"@id\":\"https:\\\/\\\/www.sweeek.fr\\\/blog\\\/#website\"},\"primaryImageOfPage\":{\"@id\":\"https:\\\/\\\/www.sweeek.fr\\\/blog\\\/quelle-couleur-choisir-pour-son-salon-de-jardin\\\/#primaryimage\"},\"image\":{\"@id\":\"https:\\\/\\\/www.sweeek.fr\\\/blog\\\/quelle-couleur-choisir-pour-son-salon-de-jardin\\\/#primaryimage\"},\"thumbnailUrl\":\"https:\\\/\\\/www.sweeek.fr\\\/blog\\\/wp-content\\\/uploads\\\/2022\\\/08\\\/couleur-salon-jardin.jpg\",\"datePublished\":\"2022-08-02T07:57:24+00:00\",\"dateModified\":\"2024-12-20T10:57:01+00:00\",\"description\":\"D\u00e9couvrez les conseils de sweeek pour choisir la couleur de votre salon de jardin. Couleurs neutres ou vives, on vous dit tout !\",\"breadcrumb\":{\"@id\":\"https:\\\/\\\/www.sweeek.fr\\\/blog\\\/quelle-couleur-choisir-pour-son-salon-de-jardin\\\/#breadcrumb\"},\"inLanguage\":\"fr-FR\",\"potentialAction\":[{\"@type\":\"ReadAction\",\"target\":[\"https:\\\/\\\/www.sweeek.fr\\\/blog\\\/quelle-couleur-choisir-pour-son-salon-de-jardin\\\/\"]}]},{\"@type\":\"ImageObject\",\"inLanguage\":\"fr-FR\",\"@id\":\"https:\\\/\\\/www.sweeek.fr\\\/blog\\\/quelle-couleur-choisir-pour-son-salon-de-jardin\\\/#primaryimage\",\"url\":\"https:\\\/\\\/www.sweeek.fr\\\/blog\\\/wp-content\\\/uploads\\\/2022\\\/08\\\/couleur-salon-jardin.jpg\",\"contentUrl\":\"https:\\\/\\\/www.sweeek.fr\\\/blog\\\/wp-content\\\/uploads\\\/2022\\\/08\\\/couleur-salon-jardin.jpg\",\"width\":1024,\"height\":682,\"caption\":\"salon de jardin gris\"},{\"@type\":\"BreadcrumbList\",\"@id\":\"https:\\\/\\\/www.sweeek.fr\\\/blog\\\/quelle-couleur-choisir-pour-son-salon-de-jardin\\\/#breadcrumb\",\"itemListElement\":[{\"@type\":\"ListItem\",\"position\":1,\"name\":\"Accueil\",\"item\":\"https:\\\/\\\/www.sweeek.fr\\\/blog\\\/\"},{\"@type\":\"ListItem\",\"position\":2,\"name\":\"Quelle couleur choisir pour son salon de jardin&nbsp;?\"}]},{\"@type\":\"WebSite\",\"@id\":\"https:\\\/\\\/www.sweeek.fr\\\/blog\\\/#website\",\"url\":\"https:\\\/\\\/www.sweeek.fr\\\/blog\\\/\",\"name\":\"Les Conseils sweeek\",\"description\":\"Conseils et inspirations\",\"publisher\":{\"@id\":\"https:\\\/\\\/www.sweeek.fr\\\/blog\\\/#organization\"},\"potentialAction\":[{\"@type\":\"SearchAction\",\"target\":{\"@type\":\"EntryPoint\",\"urlTemplate\":\"https:\\\/\\\/www.sweeek.fr\\\/blog\\\/?s={search_term_string}\"},\"query-input\":{\"@type\":\"PropertyValueSpecification\",\"valueRequired\":true,\"valueName\":\"search_term_string\"}}],\"inLanguage\":\"fr-FR\"},{\"@type\":\"Organization\",\"@id\":\"https:\\\/\\\/www.sweeek.fr\\\/blog\\\/#organization\",\"name\":\"sweeek\",\"url\":\"https:\\\/\\\/www.sweeek.fr\\\/blog\\\/\",\"logo\":{\"@type\":\"ImageObject\",\"inLanguage\":\"fr-FR\",\"@id\":\"https:\\\/\\\/www.sweeek.fr\\\/blog\\\/#\\\/schema\\\/logo\\\/image\\\/\",\"url\":\"https:\\\/\\\/www.sweeek.fr\\\/blog\\\/wp-content\\\/uploads\\\/2023\\\/10\\\/blog-sweeek-logo2.png\",\"contentUrl\":\"https:\\\/\\\/www.sweeek.fr\\\/blog\\\/wp-content\\\/uploads\\\/2023\\\/10\\\/blog-sweeek-logo2.png\",\"width\":328,\"height\":90,\"caption\":\"sweeek\"},\"image\":{\"@id\":\"https:\\\/\\\/www.sweeek.fr\\\/blog\\\/#\\\/schema\\\/logo\\\/image\\\/\"}},{\"@type\":\"Person\",\"@id\":\"https:\\\/\\\/www.sweeek.fr\\\/blog\\\/#\\\/schema\\\/person\\\/e97ba3e4a84bda73fe86070619e7640b\",\"name\":\"Am\u00e9lie Capon\",\"image\":{\"@type\":\"ImageObject\",\"inLanguage\":\"fr-FR\",\"@id\":\"https:\\\/\\\/secure.gravatar.com\\\/avatar\\\/042e4b25b2641d47117ebfaf786a00f66fd827d54a130982af74eb1f062ce832?s=96&d=mm&r=g\",\"url\":\"https:\\\/\\\/secure.gravatar.com\\\/avatar\\\/042e4b25b2641d47117ebfaf786a00f66fd827d54a130982af74eb1f062ce832?s=96&d=mm&r=g\",\"contentUrl\":\"https:\\\/\\\/secure.gravatar.com\\\/avatar\\\/042e4b25b2641d47117ebfaf786a00f66fd827d54a130982af74eb1f062ce832?s=96&d=mm&r=g\",\"caption\":\"Am\u00e9lie Capon\"}}]}<\/script>\n<!-- \/ Yoast SEO plugin. -->","yoast_head_json":{"title":"Quelle couleur choisir pour son salon de jardin&nbsp;? &#8211; Les Conseils sweeek","description":"D\u00e9couvrez les conseils de sweeek pour choisir la couleur de votre salon de jardin. Couleurs neutres ou vives, on vous dit tout !","robots":{"index":"index","follow":"follow","max-snippet":"max-snippet:-1","max-image-preview":"max-image-preview:large","max-video-preview":"max-video-preview:-1"},"canonical":"https:\/\/www.sweeek.fr\/blog\/quelle-couleur-choisir-pour-son-salon-de-jardin\/","og_locale":"fr_FR","og_type":"article","og_title":"Quelle couleur choisir pour son salon de jardin&nbsp;? &#8211; Les Conseils sweeek","og_description":"D\u00e9couvrez les conseils de sweeek pour choisir la couleur de votre salon de jardin. Couleurs neutres ou vives, on vous dit tout !","og_url":"https:\/\/www.sweeek.fr\/blog\/quelle-couleur-choisir-pour-son-salon-de-jardin\/","og_site_name":"Les Conseils sweeek","article_published_time":"2022-08-02T07:57:24+00:00","article_modified_time":"2024-12-20T10:57:01+00:00","og_image":[{"width":1024,"height":682,"url":"https:\/\/www.sweeek.fr\/blog\/wp-content\/uploads\/2022\/08\/couleur-salon-jardin.jpg","type":"image\/jpeg"}],"author":"Am\u00e9lie Capon","twitter_card":"summary_large_image","twitter_misc":{"\u00c9crit par":"Am\u00e9lie Capon","Dur\u00e9e de lecture estim\u00e9e":"6 minutes"},"schema":{"@context":"https:\/\/schema.org","@graph":[{"@type":"Article","@id":"https:\/\/www.sweeek.fr\/blog\/quelle-couleur-choisir-pour-son-salon-de-jardin\/#article","isPartOf":{"@id":"https:\/\/www.sweeek.fr\/blog\/quelle-couleur-choisir-pour-son-salon-de-jardin\/"},"author":{"name":"Am\u00e9lie Capon","@id":"https:\/\/www.sweeek.fr\/blog\/#\/schema\/person\/e97ba3e4a84bda73fe86070619e7640b"},"headline":"Quelle couleur choisir pour son salon de jardin&nbsp;?","datePublished":"2022-08-02T07:57:24+00:00","dateModified":"2024-12-20T10:57:01+00:00","mainEntityOfPage":{"@id":"https:\/\/www.sweeek.fr\/blog\/quelle-couleur-choisir-pour-son-salon-de-jardin\/"},"wordCount":924,"commentCount":0,"publisher":{"@id":"https:\/\/www.sweeek.fr\/blog\/#organization"},"image":{"@id":"https:\/\/www.sweeek.fr\/blog\/quelle-couleur-choisir-pour-son-salon-de-jardin\/#primaryimage"},"thumbnailUrl":"https:\/\/www.sweeek.fr\/blog\/wp-content\/uploads\/2022\/08\/couleur-salon-jardin.jpg","articleSection":["Salon de jardin"],"inLanguage":"fr-FR","potentialAction":[{"@type":"CommentAction","name":"Comment","target":["https:\/\/www.sweeek.fr\/blog\/quelle-couleur-choisir-pour-son-salon-de-jardin\/#respond"]}]},{"@type":"WebPage","@id":"https:\/\/www.sweeek.fr\/blog\/quelle-couleur-choisir-pour-son-salon-de-jardin\/","url":"https:\/\/www.sweeek.fr\/blog\/quelle-couleur-choisir-pour-son-salon-de-jardin\/","name":"Quelle couleur choisir pour son salon de jardin&nbsp;? &#8211; Les Conseils sweeek","isPartOf":{"@id":"https:\/\/www.sweeek.fr\/blog\/#website"},"primaryImageOfPage":{"@id":"https:\/\/www.sweeek.fr\/blog\/quelle-couleur-choisir-pour-son-salon-de-jardin\/#primaryimage"},"image":{"@id":"https:\/\/www.sweeek.fr\/blog\/quelle-couleur-choisir-pour-son-salon-de-jardin\/#primaryimage"},"thumbnailUrl":"https:\/\/www.sweeek.fr\/blog\/wp-content\/uploads\/2022\/08\/couleur-salon-jardin.jpg","datePublished":"2022-08-02T07:57:24+00:00","dateModified":"2024-12-20T10:57:01+00:00","description":"D\u00e9couvrez les conseils de sweeek pour choisir la couleur de votre salon de jardin. Couleurs neutres ou vives, on vous dit tout !","breadcrumb":{"@id":"https:\/\/www.sweeek.fr\/blog\/quelle-couleur-choisir-pour-son-salon-de-jardin\/#breadcrumb"},"inLanguage":"fr-FR","potentialAction":[{"@type":"ReadAction","target":["https:\/\/www.sweeek.fr\/blog\/quelle-couleur-choisir-pour-son-salon-de-jardin\/"]}]},{"@type":"ImageObject","inLanguage":"fr-FR","@id":"https:\/\/www.sweeek.fr\/blog\/quelle-couleur-choisir-pour-son-salon-de-jardin\/#primaryimage","url":"https:\/\/www.sweeek.fr\/blog\/wp-content\/uploads\/2022\/08\/couleur-salon-jardin.jpg","contentUrl":"https:\/\/www.sweeek.fr\/blog\/wp-content\/uploads\/2022\/08\/couleur-salon-jardin.jpg","width":1024,"height":682,"caption":"salon de jardin gris"},{"@type":"BreadcrumbList","@id":"https:\/\/www.sweeek.fr\/blog\/quelle-couleur-choisir-pour-son-salon-de-jardin\/#breadcrumb","itemListElement":[{"@type":"ListItem","position":1,"name":"Accueil","item":"https:\/\/www.sweeek.fr\/blog\/"},{"@type":"ListItem","position":2,"name":"Quelle couleur choisir pour son salon de jardin&nbsp;?"}]},{"@type":"WebSite","@id":"https:\/\/www.sweeek.fr\/blog\/#website","url":"https:\/\/www.sweeek.fr\/blog\/","name":"Les Conseils sweeek","description":"Conseils et inspirations","publisher":{"@id":"https:\/\/www.sweeek.fr\/blog\/#organization"},"potentialAction":[{"@type":"SearchAction","target":{"@type":"EntryPoint","urlTemplate":"https:\/\/www.sweeek.fr\/blog\/?s={search_term_string}"},"query-input":{"@type":"PropertyValueSpecification","valueRequired":true,"valueName":"search_term_string"}}],"inLanguage":"fr-FR"},{"@type":"Organization","@id":"https:\/\/www.sweeek.fr\/blog\/#organization","name":"sweeek","url":"https:\/\/www.sweeek.fr\/blog\/","logo":{"@type":"ImageObject","inLanguage":"fr-FR","@id":"https:\/\/www.sweeek.fr\/blog\/#\/schema\/logo\/image\/","url":"https:\/\/www.sweeek.fr\/blog\/wp-content\/uploads\/2023\/10\/blog-sweeek-logo2.png","contentUrl":"https:\/\/www.sweeek.fr\/blog\/wp-content\/uploads\/2023\/10\/blog-sweeek-logo2.png","width":328,"height":90,"caption":"sweeek"},"image":{"@id":"https:\/\/www.sweeek.fr\/blog\/#\/schema\/logo\/image\/"}},{"@type":"Person","@id":"https:\/\/www.sweeek.fr\/blog\/#\/schema\/person\/e97ba3e4a84bda73fe86070619e7640b","name":"Am\u00e9lie Capon","image":{"@type":"ImageObject","inLanguage":"fr-FR","@id":"https:\/\/secure.gravatar.com\/avatar\/042e4b25b2641d47117ebfaf786a00f66fd827d54a130982af74eb1f062ce832?s=96&d=mm&r=g","url":"https:\/\/secure.gravatar.com\/avatar\/042e4b25b2641d47117ebfaf786a00f66fd827d54a130982af74eb1f062ce832?s=96&d=mm&r=g","contentUrl":"https:\/\/secure.gravatar.com\/avatar\/042e4b25b2641d47117ebfaf786a00f66fd827d54a130982af74eb1f062ce832?s=96&d=mm&r=g","caption":"Am\u00e9lie Capon"}}]}},"uagb_featured_image_src":{"full":["https:\/\/www.sweeek.fr\/blog\/wp-content\/uploads\/2022\/08\/couleur-salon-jardin.jpg",1024,682,false],"thumbnail":["https:\/\/www.sweeek.fr\/blog\/wp-content\/uploads\/2022\/08\/couleur-salon-jardin-150x150.jpg",150,150,true],"medium":["https:\/\/www.sweeek.fr\/blog\/wp-content\/uploads\/2022\/08\/couleur-salon-jardin-300x200.jpg",300,200,true],"medium_large":["https:\/\/www.sweeek.fr\/blog\/wp-content\/uploads\/2022\/08\/couleur-salon-jardin-768x512.jpg",768,512,true],"large":["https:\/\/www.sweeek.fr\/blog\/wp-content\/uploads\/2022\/08\/couleur-salon-jardin.jpg",1024,682,false],"1536x1536":["https:\/\/www.sweeek.fr\/blog\/wp-content\/uploads\/2022\/08\/couleur-salon-jardin.jpg",1024,682,false],"2048x2048":["https:\/\/www.sweeek.fr\/blog\/wp-content\/uploads\/2022\/08\/couleur-salon-jardin.jpg",1024,682,false],"ocean-thumb-m":["https:\/\/www.sweeek.fr\/blog\/wp-content\/uploads\/2022\/08\/couleur-salon-jardin-600x600.jpg",600,600,true],"ocean-thumb-ml":["https:\/\/www.sweeek.fr\/blog\/wp-content\/uploads\/2022\/08\/couleur-salon-jardin-800x450.jpg",800,450,true],"ocean-thumb-l":["https:\/\/www.sweeek.fr\/blog\/wp-content\/uploads\/2022\/08\/couleur-salon-jardin.jpg",1024,682,false]},"uagb_author_info":{"display_name":"Am\u00e9lie Capon","author_link":"https:\/\/www.sweeek.fr\/blog"},"uagb_comment_info":0,"uagb_excerpt":"Vous souhaitez investir dans un salon de jardin mais vous ne savez pas quelle couleur choisir&nbsp;? Blanc, jaune, gris, vert\u2026. Il existe de nombreux coloris et ce n\u2019est pas toujours facile de faire son choix&nbsp;! Des couleurs sobres pour les d\u00e9corations minimalistes aux couleurs plus vives pour des ext\u00e9rieurs vitamin\u00e9s, nous avons cr\u00e9\u00e9 pour vous\u2026","_links":{"self":[{"href":"https:\/\/www.sweeek.fr\/blog\/wp-json\/wp\/v2\/posts\/11861","targetHints":{"allow":["GET"]}}],"collection":[{"href":"https:\/\/www.sweeek.fr\/blog\/wp-json\/wp\/v2\/posts"}],"about":[{"href":"https:\/\/www.sweeek.fr\/blog\/wp-json\/wp\/v2\/types\/post"}],"author":[{"embeddable":true,"href":"https:\/\/www.sweeek.fr\/blog\/wp-json\/wp\/v2\/users\/4"}],"replies":[{"embeddable":true,"href":"https:\/\/www.sweeek.fr\/blog\/wp-json\/wp\/v2\/comments?post=11861"}],"version-history":[{"count":26,"href":"https:\/\/www.sweeek.fr\/blog\/wp-json\/wp\/v2\/posts\/11861\/revisions"}],"predecessor-version":[{"id":21277,"href":"https:\/\/www.sweeek.fr\/blog\/wp-json\/wp\/v2\/posts\/11861\/revisions\/21277"}],"wp:featuredmedia":[{"embeddable":true,"href":"https:\/\/www.sweeek.fr\/blog\/wp-json\/wp\/v2\/media\/18375"}],"wp:attachment":[{"href":"https:\/\/www.sweeek.fr\/blog\/wp-json\/wp\/v2\/media?parent=11861"}],"wp:term":[{"taxonomy":"category","embeddable":true,"href":"https:\/\/www.sweeek.fr\/blog\/wp-json\/wp\/v2\/categories?post=11861"},{"taxonomy":"post_tag","embeddable":true,"href":"https:\/\/www.sweeek.fr\/blog\/wp-json\/wp\/v2\/tags?post=11861"}],"curies":[{"name":"wp","href":"https:\/\/api.w.org\/{rel}","templated":true}]}}